{"id":13396,"date":"2024-11-06T13:41:53","date_gmt":"2024-11-06T10:41:53","guid":{"rendered":"https:\/\/denizcankizil.tr\/uncategorized-tr\/izmir-atasini-anacak\/"},"modified":"2024-11-06T13:41:53","modified_gmt":"2024-11-06T10:41:53","slug":"izmir-atasini-anacak","status":"publish","type":"post","link":"http:\/\/denizcankizil.tr\/en\/haberler\/gundem\/izmir-atasini-anacak\/","title":{"rendered":"\u0130zmir Ata\u2019s\u0131n\u0131 anacak"},"content":{"rendered":"<p>Ulu \u00d6nder Gazi Mustafa Kemal Atat\u00fcrk\u2019\u00fcn ebediyete intikal etti\u011fi 10 Kas\u0131m\u2019da, 350 metrelik Atat\u00fcrk posteri ile\u00a0 \u201cAta\u2019ya Sayg\u0131 Y\u00fcr\u00fcy\u00fc\u015f\u00fc\u201d d\u00fczenlenecek. \u0130zmir B\u00fcy\u00fck\u015fehir Belediyesi Ahmed Adnan Saygun Sanat Merkezi (AASSM) ise \u201cSensin Atat\u00fcrk!\u201d adl\u0131 senfonik melodram\u0131 \u0130zmirliler ile bulu\u015fturacak.<\/p>\n<p>\u200bUlu \u00d6nder Gazi Mustafa Kemal Atat\u00fcrk\u2019\u00fcn ebediyete intikal etti\u011fi 10 Kas\u0131m\u2019da, 350 metrelik Atat\u00fcrk posteri ile\u00a0 \u201cAta\u2019ya Sayg\u0131 Y\u00fcr\u00fcy\u00fc\u015f\u00fc\u201d d\u00fczenlenecek. \u0130zmir B\u00fcy\u00fck\u015fehir Belediyesi Ahmed Adnan Saygun Sanat Merkezi (AASSM) ise \u201cSensin Atat\u00fcrk!\u201d adl\u0131 senfonik melodram\u0131 \u0130zmirliler ile bulu\u015fturacak.\u00a0<\/p>\n<p>\u200bHaberin Al\u0131nt\u0131land\u0131\u011f\u0131 Kaynak: www.iskenderun.org<\/p>","protected":false},"excerpt":{"rendered":"<p>Ulu \u00d6nder Gazi Mustafa Kemal Atat\u00fcrk\u2019\u00fcn ebediyete intikal etti\u011fi 10 Kas\u0131m\u2019da, 350 metrelik Atat\u00fcrk posteri ile\u00a0 \u201cAta\u2019ya Sayg\u0131 Y\u00fcr\u00fcy\u00fc\u015f\u00fc\u201d d\u00fczenlenecek. \u0130zmir B\u00fcy\u00fck\u015fehir Belediyesi Ahmed Adnan Saygun Sanat Merkezi (AASSM) ise \u201cSensin Atat\u00fcrk!\u201d adl\u0131 senfonik melodram\u0131 \u0130zmirliler ile bulu\u015fturacak. \u200bUlu \u00d6nder Gazi Mustafa Kemal Atat\u00fcrk\u2019\u00fcn ebediyete intikal etti\u011fi 10 Kas\u0131m\u2019da, 350 metrelik Atat\u00fcrk posteri ile\u00a0 \u201cAta\u2019ya Sayg\u0131 Y\u00fcr\u00fcy\u00fc\u015f\u00fc\u201d d\u00fczenlenecek. \u0130zmir B\u00fcy\u00fck\u015fehir Belediyesi Ahmed Adnan Saygun Sanat Merkezi (AASSM) ise \u201cSensin Atat\u00fcrk!\u201d adl\u0131 senfonik melodram\u0131 \u0130zmirliler ile bulu\u015fturacak.\u00a0 \u200bHaberin Al\u0131nt\u0131land\u0131\u011f\u0131 Kaynak: www.iskenderun.org<\/p>","protected":false},"author":0,"featured_media":0,"comment_status":"open","ping_status":"open","sticky":false,"template":"","format":"standard","meta":{"_acf_changed":false,"footnotes":""},"categories":[24,535],"tags":[],"class_list":["post-13396","post","type-post","status-publish","format-standard","has-post-thumbnail","hentry","category-gundem","category-uncategorized-tr"],"acf":[],"yoast_head":"<!-- This site is optimized with the Yoast SEO Premium plugin v26.6 (Yoast SEO v27.1.1) - https:\/\/yoast.com\/product\/yoast-seo-premium-wordpress\/ -->\n<title>\u0130zmir Ata\u2019s\u0131n\u0131 anacak - Av. Deniz Can K\u0131z\u0131l<\/title>\n<meta name=\"robots\" content=\"index, follow, max-snippet:-1, max-image-preview:large, max-video-preview:-1\" \/>\n<link rel=\"canonical\" href=\"http:\/\/denizcankizil.tr\/en\/haberler\/gundem\/izmir-atasini-anacak\/\" \/>\n<meta property=\"og:locale\" content=\"en_GB\" \/>\n<meta property=\"og:type\" content=\"article\" \/>\n<meta property=\"og:title\" content=\"\u0130zmir Ata\u2019s\u0131n\u0131 anacak\" \/>\n<meta property=\"og:description\" content=\"Ulu \u00d6nder Gazi Mustafa Kemal Atat\u00fcrk\u2019\u00fcn ebediyete intikal etti\u011fi 10 Kas\u0131m\u2019da, 350 metrelik Atat\u00fcrk posteri ile\u00a0 \u201cAta\u2019ya Sayg\u0131 Y\u00fcr\u00fcy\u00fc\u015f\u00fc\u201d d\u00fczenlenecek. \u0130zmir B\u00fcy\u00fck\u015fehir Belediyesi Ahmed Adnan Saygun Sanat Merkezi (AASSM) ise \u201cSensin Atat\u00fcrk!\u201d adl\u0131 senfonik melodram\u0131 \u0130zmirliler ile bulu\u015fturacak. \u200bUlu \u00d6nder Gazi Mustafa Kemal Atat\u00fcrk\u2019\u00fcn ebediyete intikal etti\u011fi 10 Kas\u0131m\u2019da, 350 metrelik Atat\u00fcrk posteri ile\u00a0 \u201cAta\u2019ya Sayg\u0131 Y\u00fcr\u00fcy\u00fc\u015f\u00fc\u201d d\u00fczenlenecek. \u0130zmir B\u00fcy\u00fck\u015fehir Belediyesi Ahmed Adnan Saygun Sanat Merkezi (AASSM) ise \u201cSensin Atat\u00fcrk!\u201d adl\u0131 senfonik melodram\u0131 \u0130zmirliler ile bulu\u015fturacak.\u00a0 \u200bHaberin Al\u0131nt\u0131land\u0131\u011f\u0131 Kaynak: www.iskenderun.org\" \/>\n<meta property=\"og:url\" content=\"http:\/\/denizcankizil.tr\/en\/haberler\/gundem\/izmir-atasini-anacak\/\" \/>\n<meta property=\"og:site_name\" content=\"Av. Deniz Can K\u0131z\u0131l\" \/>\n<meta property=\"article:published_time\" content=\"2024-11-06T10:41:53+00:00\" \/>\n<meta name=\"twitter:card\" content=\"summary_large_image\" \/>\n<meta name=\"twitter:label1\" content=\"Estimated reading time\" \/>\n\t<meta name=\"twitter:data1\" content=\"1 minute\" \/>\n<script type=\"application\/ld+json\" class=\"yoast-schema-graph\">{\"@context\":\"https:\/\/schema.org\",\"@graph\":[{\"@type\":\"Article\",\"@id\":\"http:\/\/denizcankizil.tr\/ru\/haberler\/gundem\/izmir-atasini-anacak\/#article\",\"isPartOf\":{\"@id\":\"http:\/\/denizcankizil.tr\/ru\/haberler\/gundem\/izmir-atasini-anacak\/\"},\"author\":{\"name\":\"\",\"@id\":\"\"},\"headline\":\"\u0130zmir Ata\u2019s\u0131n\u0131 anacak\",\"datePublished\":\"2024-11-06T10:41:53+00:00\",\"mainEntityOfPage\":{\"@id\":\"http:\/\/denizcankizil.tr\/ru\/haberler\/gundem\/izmir-atasini-anacak\/\"},\"wordCount\":115,\"commentCount\":0,\"publisher\":{\"@id\":\"https:\/\/denizcankizil.tr\/de\/#organization\"},\"articleSection\":[\"G\u00fcndem\",\"Uncategorized\"],\"inLanguage\":\"en-GB\",\"potentialAction\":[{\"@type\":\"CommentAction\",\"name\":\"Comment\",\"target\":[\"http:\/\/denizcankizil.tr\/ru\/haberler\/gundem\/izmir-atasini-anacak\/#respond\"]}]},{\"@type\":\"WebPage\",\"@id\":\"http:\/\/denizcankizil.tr\/ru\/haberler\/gundem\/izmir-atasini-anacak\/\",\"url\":\"http:\/\/denizcankizil.tr\/ru\/haberler\/gundem\/izmir-atasini-anacak\/\",\"name\":\"\u0130zmir Ata\u2019s\u0131n\u0131 anacak - Av. Deniz Can K\u0131z\u0131l\",\"isPartOf\":{\"@id\":\"https:\/\/denizcankizil.tr\/de\/#website\"},\"datePublished\":\"2024-11-06T10:41:53+00:00\",\"breadcrumb\":{\"@id\":\"http:\/\/denizcankizil.tr\/ru\/haberler\/gundem\/izmir-atasini-anacak\/#breadcrumb\"},\"inLanguage\":\"en-GB\",\"potentialAction\":[{\"@type\":\"ReadAction\",\"target\":[\"http:\/\/denizcankizil.tr\/ru\/haberler\/gundem\/izmir-atasini-anacak\/\"]}]},{\"@type\":\"BreadcrumbList\",\"@id\":\"http:\/\/denizcankizil.tr\/ru\/haberler\/gundem\/izmir-atasini-anacak\/#breadcrumb\",\"itemListElement\":[{\"@type\":\"ListItem\",\"position\":1,\"name\":\"Home\",\"item\":\"https:\/\/denizcankizil.tr\/de\/\"},{\"@type\":\"ListItem\",\"position\":2,\"name\":\"\u0130zmir Ata\u2019s\u0131n\u0131 anacak\"}]},{\"@type\":\"WebSite\",\"@id\":\"https:\/\/denizcankizil.tr\/de\/#website\",\"url\":\"https:\/\/denizcankizil.tr\/de\/\",\"name\":\"Av. Deniz Can K\u0131z\u0131l\",\"description\":\"Avukat Deniz Can K\u0131z\u0131l Antalya Barosu\",\"publisher\":{\"@id\":\"https:\/\/denizcankizil.tr\/de\/#organization\"},\"potentialAction\":[{\"@type\":\"SearchAction\",\"target\":{\"@type\":\"EntryPoint\",\"urlTemplate\":\"https:\/\/denizcankizil.tr\/de\/?s={search_term_string}\"},\"query-input\":{\"@type\":\"PropertyValueSpecification\",\"valueRequired\":true,\"valueName\":\"search_term_string\"}}],\"inLanguage\":\"en-GB\"},{\"@type\":\"Organization\",\"@id\":\"https:\/\/denizcankizil.tr\/de\/#organization\",\"name\":\"Av. Deniz Can K\u0131z\u0131l\",\"url\":\"https:\/\/denizcankizil.tr\/de\/\",\"logo\":{\"@type\":\"ImageObject\",\"inLanguage\":\"en-GB\",\"@id\":\"https:\/\/denizcankizil.tr\/de\/#\/schema\/logo\/image\/\",\"url\":\"http:\/\/denizcankizil.tr\/wp-content\/uploads\/2024\/10\/siyah-logo-svg.svg\",\"contentUrl\":\"http:\/\/denizcankizil.tr\/wp-content\/uploads\/2024\/10\/siyah-logo-svg.svg\",\"width\":1080,\"height\":1080,\"caption\":\"Av. Deniz Can K\u0131z\u0131l\"},\"image\":{\"@id\":\"https:\/\/denizcankizil.tr\/de\/#\/schema\/logo\/image\/\"}}]}<\/script>\n<!-- \/ Yoast SEO Premium plugin. -->","yoast_head_json":{"title":"\u0130zmir Ata\u2019s\u0131n\u0131 anacak - Av. Deniz Can K\u0131z\u0131l","robots":{"index":"index","follow":"follow","max-snippet":"max-snippet:-1","max-image-preview":"max-image-preview:large","max-video-preview":"max-video-preview:-1"},"canonical":"http:\/\/denizcankizil.tr\/en\/haberler\/gundem\/izmir-atasini-anacak\/","og_locale":"en_GB","og_type":"article","og_title":"\u0130zmir Ata\u2019s\u0131n\u0131 anacak","og_description":"Ulu \u00d6nder Gazi Mustafa Kemal Atat\u00fcrk\u2019\u00fcn ebediyete intikal etti\u011fi 10 Kas\u0131m\u2019da, 350 metrelik Atat\u00fcrk posteri ile\u00a0 \u201cAta\u2019ya Sayg\u0131 Y\u00fcr\u00fcy\u00fc\u015f\u00fc\u201d d\u00fczenlenecek. \u0130zmir B\u00fcy\u00fck\u015fehir Belediyesi Ahmed Adnan Saygun Sanat Merkezi (AASSM) ise \u201cSensin Atat\u00fcrk!\u201d adl\u0131 senfonik melodram\u0131 \u0130zmirliler ile bulu\u015fturacak. \u200bUlu \u00d6nder Gazi Mustafa Kemal Atat\u00fcrk\u2019\u00fcn ebediyete intikal etti\u011fi 10 Kas\u0131m\u2019da, 350 metrelik Atat\u00fcrk posteri ile\u00a0 \u201cAta\u2019ya Sayg\u0131 Y\u00fcr\u00fcy\u00fc\u015f\u00fc\u201d d\u00fczenlenecek. \u0130zmir B\u00fcy\u00fck\u015fehir Belediyesi Ahmed Adnan Saygun Sanat Merkezi (AASSM) ise \u201cSensin Atat\u00fcrk!\u201d adl\u0131 senfonik melodram\u0131 \u0130zmirliler ile bulu\u015fturacak.\u00a0 \u200bHaberin Al\u0131nt\u0131land\u0131\u011f\u0131 Kaynak: www.iskenderun.org","og_url":"http:\/\/denizcankizil.tr\/en\/haberler\/gundem\/izmir-atasini-anacak\/","og_site_name":"Av. Deniz Can K\u0131z\u0131l","article_published_time":"2024-11-06T10:41:53+00:00","twitter_card":"summary_large_image","twitter_misc":{"Estimated reading time":"1 minute"},"schema":{"@context":"https:\/\/schema.org","@graph":[{"@type":"Article","@id":"http:\/\/denizcankizil.tr\/ru\/haberler\/gundem\/izmir-atasini-anacak\/#article","isPartOf":{"@id":"http:\/\/denizcankizil.tr\/ru\/haberler\/gundem\/izmir-atasini-anacak\/"},"author":{"name":"","@id":""},"headline":"\u0130zmir Ata\u2019s\u0131n\u0131 anacak","datePublished":"2024-11-06T10:41:53+00:00","mainEntityOfPage":{"@id":"http:\/\/denizcankizil.tr\/ru\/haberler\/gundem\/izmir-atasini-anacak\/"},"wordCount":115,"commentCount":0,"publisher":{"@id":"https:\/\/denizcankizil.tr\/de\/#organization"},"articleSection":["G\u00fcndem","Uncategorized"],"inLanguage":"en-GB","potentialAction":[{"@type":"CommentAction","name":"Comment","target":["http:\/\/denizcankizil.tr\/ru\/haberler\/gundem\/izmir-atasini-anacak\/#respond"]}]},{"@type":"WebPage","@id":"http:\/\/denizcankizil.tr\/ru\/haberler\/gundem\/izmir-atasini-anacak\/","url":"http:\/\/denizcankizil.tr\/ru\/haberler\/gundem\/izmir-atasini-anacak\/","name":"\u0130zmir Ata\u2019s\u0131n\u0131 anacak - Av. Deniz Can K\u0131z\u0131l","isPartOf":{"@id":"https:\/\/denizcankizil.tr\/de\/#website"},"datePublished":"2024-11-06T10:41:53+00:00","breadcrumb":{"@id":"http:\/\/denizcankizil.tr\/ru\/haberler\/gundem\/izmir-atasini-anacak\/#breadcrumb"},"inLanguage":"en-GB","potentialAction":[{"@type":"ReadAction","target":["http:\/\/denizcankizil.tr\/ru\/haberler\/gundem\/izmir-atasini-anacak\/"]}]},{"@type":"BreadcrumbList","@id":"http:\/\/denizcankizil.tr\/ru\/haberler\/gundem\/izmir-atasini-anacak\/#breadcrumb","itemListElement":[{"@type":"ListItem","position":1,"name":"Home","item":"https:\/\/denizcankizil.tr\/de\/"},{"@type":"ListItem","position":2,"name":"\u0130zmir Ata\u2019s\u0131n\u0131 anacak"}]},{"@type":"WebSite","@id":"https:\/\/denizcankizil.tr\/de\/#website","url":"https:\/\/denizcankizil.tr\/de\/","name":"Av. Deniz Can K\u0131z\u0131l","description":"Avukat Deniz Can K\u0131z\u0131l Antalya Barosu","publisher":{"@id":"https:\/\/denizcankizil.tr\/de\/#organization"},"potentialAction":[{"@type":"SearchAction","target":{"@type":"EntryPoint","urlTemplate":"https:\/\/denizcankizil.tr\/de\/?s={search_term_string}"},"query-input":{"@type":"PropertyValueSpecification","valueRequired":true,"valueName":"search_term_string"}}],"inLanguage":"en-GB"},{"@type":"Organization","@id":"https:\/\/denizcankizil.tr\/de\/#organization","name":"Av. Deniz Can K\u0131z\u0131l","url":"https:\/\/denizcankizil.tr\/de\/","logo":{"@type":"ImageObject","inLanguage":"en-GB","@id":"https:\/\/denizcankizil.tr\/de\/#\/schema\/logo\/image\/","url":"http:\/\/denizcankizil.tr\/wp-content\/uploads\/2024\/10\/siyah-logo-svg.svg","contentUrl":"http:\/\/denizcankizil.tr\/wp-content\/uploads\/2024\/10\/siyah-logo-svg.svg","width":1080,"height":1080,"caption":"Av. Deniz Can K\u0131z\u0131l"},"image":{"@id":"https:\/\/denizcankizil.tr\/de\/#\/schema\/logo\/image\/"}}]}},"_links":{"self":[{"href":"http:\/\/denizcankizil.tr\/en\/wp-json\/wp\/v2\/posts\/13396","targetHints":{"allow":["GET"]}}],"collection":[{"href":"http:\/\/denizcankizil.tr\/en\/wp-json\/wp\/v2\/posts"}],"about":[{"href":"http:\/\/denizcankizil.tr\/en\/wp-json\/wp\/v2\/types\/post"}],"replies":[{"embeddable":true,"href":"http:\/\/denizcankizil.tr\/en\/wp-json\/wp\/v2\/comments?post=13396"}],"version-history":[{"count":0,"href":"http:\/\/denizcankizil.tr\/en\/wp-json\/wp\/v2\/posts\/13396\/revisions"}],"wp:attachment":[{"href":"http:\/\/denizcankizil.tr\/en\/wp-json\/wp\/v2\/media?parent=13396"}],"wp:term":[{"taxonomy":"category","embeddable":true,"href":"http:\/\/denizcankizil.tr\/en\/wp-json\/wp\/v2\/categories?post=13396"},{"taxonomy":"post_tag","embeddable":true,"href":"http:\/\/denizcankizil.tr\/en\/wp-json\/wp\/v2\/tags?post=13396"}],"curies":[{"name":"wp","href":"https:\/\/api.w.org\/{rel}","templated":true}]}}