{"id":133657,"date":"2025-07-02T16:41:16","date_gmt":"2025-07-02T13:41:16","guid":{"rendered":"https:\/\/denizcankizil.tr\/uncategorized-tr\/bitti-bitiyor-denilen-antalya-konya-hizli-tren-hatti-icin-yeni-tarih-2030\/"},"modified":"2025-07-02T16:41:16","modified_gmt":"2025-07-02T13:41:16","slug":"bitti-bitiyor-denilen-antalya-konya-hizli-tren-hatti-icin-yeni-tarih-2030","status":"publish","type":"post","link":"http:\/\/denizcankizil.tr\/en\/haberler\/gundem\/bitti-bitiyor-denilen-antalya-konya-hizli-tren-hatti-icin-yeni-tarih-2030\/","title":{"rendered":"\u2018Bitti, bitiyor\u2019 denilen Antalya\u2013Konya H\u0131zl\u0131 Tren Hatt\u0131 i\u00e7in yeni tarih: 2030!"},"content":{"rendered":"<p>T\u00fcrkiye\u2019nin turizm ve tar\u0131m ba\u015fkentlerinden Antalya ile Anadolu\u2019nun k\u00fclt\u00fcrel merkezlerinden Konya aras\u0131nda beklenen Y\u00fcksek H\u0131zl\u0131 Tren (YHT) Projesi&#8217;nde \u00f6nemli bir geli\u015fme ya\u015fand\u0131. Cumhurba\u015fkan\u0131 Recep Tayyip Erdo\u011fan\u2019\u0131n a\u00e7\u0131klamalar\u0131na g\u00f6re, bu yeni Y\u00fcksek H\u0131z Tren (YHT) Hatt\u0131 sayesinde iki \u015fehir aras\u0131ndaki seyahat s\u00fcresi sadece 1 saat 15 dakikaya inecek. Bu proje, b\u00f6lgede ya\u015fayan yakla\u015f\u0131k 5 milyon vatanda\u015fa m\u00fcjdeli haber niteli\u011fi ta\u015f\u0131rken, &#8220;T\u00fcrkiye\u2019nin ula\u015f\u0131m vizyonunun \u00f6nemli bir ad\u0131m\u0131&#8221; olarak tan\u0131mlan\u0131yor.<\/p>\n<p>D\u00d6N\u00dc\u015e\u00dcM BEKLEN\u0130YOR<\/p>\n<p>Yap\u0131lan planlamalara g\u00f6re, Konya-Antalya H\u0131zl\u0131 Tren Hatt\u0131&#8217;n\u0131n 2030 y\u0131l\u0131na kadar tamamlanmas\u0131 hedefleniyor. Bu tarihten itibaren b\u00f6lge halk\u0131 ve turistler, iki \u015fehir aras\u0131nda \u00e7ok daha h\u0131zl\u0131 ve konforlu bir ula\u015f\u0131m imkan\u0131na kavu\u015facak. Projenin hayata ge\u00e7mesiyle birlikte, \u015fehirleraras\u0131 ula\u015f\u0131mda \u00f6nemli bir d\u00f6n\u00fc\u015f\u00fcm ya\u015fanmas\u0131 bekleniyor. H\u0131zl\u0131 tren hatt\u0131n\u0131n, sadece ula\u015f\u0131m\u0131 kolayla\u015ft\u0131rmakla kalmayacak, ayn\u0131 zamanda b\u00f6lge ekonomisine de \u00f6nemli bir canl\u0131l\u0131k getirmesi \u00f6ng\u00f6r\u00fcl\u00fcyor.<\/p>\n<p>VATANDA\u015eTA G\u00dcVEN YOK!<\/p>\n<p>Turizm ve ekonomi ba\u015fta olmak \u00fczere bir\u00e7ok alanda etki yaratmas\u0131 beklenen \u00e7al\u0131\u015fma bir\u00e7ok kesim taraf\u0131ndan takdirle kar\u015f\u0131lan\u0131rken belirli kesimler taraf\u0131ndan ele\u015ftiri konusu olmay\u0131 s\u00fcrd\u00fcr\u00fcyor. Antalya, Isparta ve Burdur gibi \u015fehirlerin i\u00e7 turizmde daha etkin bir rol oynamas\u0131 ve mevsim d\u0131\u015f\u0131nda da turist \u00e7ekerek y\u0131l boyu bir cazibe merkezi haline gelmesi beklenen projenin uzun y\u0131llar rafta kalmas\u0131 vatanda\u015flar\u0131n g\u00fcven aral\u0131\u011f\u0131nda ciddi puan d\u00fc\u015f\u00fc\u015flerine neden oldu.<\/p>\n<p>23 YILLIK HASRET B\u0130T\u0130YOR MU?<\/p>\n<p>Turistlerin b\u00f6lgeye daha kolay eri\u015fimini sa\u011flayarak turizm gelirlerini art\u0131racak h\u0131zl\u0131 ve konforlu ula\u015f\u0131m vaadinin AK Parti&#8217;nin iktidara geldi\u011fi 2002 y\u0131l\u0131ndan bu yana hayat ge\u00e7irilmemesi, &#8220;H\u0131zl\u0131 tren \u00e7al\u0131\u015fmalar\u0131, belirli aral\u0131klarla g\u00fcndem oluyor. Ancak \u00e7al\u0131\u015fmalara hen\u00fcz start verilmiyor. \u00d6zledi\u011fimiz hizmeti alaca\u011f\u0131m\u0131z g\u00fcnler yak\u0131n m\u0131?&#8221; sorusunu da beraberinde getiriyor.<\/p>\n<p>\u00c7ALI\u015eMALAR NEDEN BA\u015eLAMIYOR?<\/p>\n<p>Tar\u0131m, sanayi ve ticaret gibi sekt\u00f6rlerde nakliye s\u00fcrelerinin k\u0131salmas\u0131yla ekonomik faaliyetlerin h\u0131zlanmas\u0131n\u0131 \u00f6ng\u00f6ren projenin, mal ve hizmet ta\u015f\u0131mac\u0131l\u0131\u011f\u0131ndaki verimlilik art\u0131\u015f\u0131ndan b\u00f6lgesel kalk\u0131nmada ivmeye kadar \u00e7ok say\u0131da kazan\u0131m\u0131 bar\u0131nd\u0131rd\u0131\u011f\u0131 halde \u00e7al\u0131\u015fmalar\u0131n hangi kalemlere tak\u0131ld\u0131\u011f\u0131 merak konusu oldu.<\/p>\n<p>HAYAL GER\u00c7E\u011eE D\u00d6N\u00dc\u015eECEK M\u0130?<\/p>\n<p>Konya\u2019dan ba\u015flayarak Kayseri\u2019ye kadar uzanan geni\u015f bir co\u011frafyay\u0131 birbirine ba\u011flayacak projeye ili\u015fkin yetkililerden gelecek a\u00e7\u0131klamalar\u0131n g\u00fcncel faaliyetleri i\u00e7ermesi bekleniyor. Kayseri-Antalya aras\u0131 seyahat s\u00fcresini 2 saat 45 dakikaya d\u00fc\u015f\u00fcrecek YHT Projesi&#8217;nin, bir hayal unsuru olmaktan \u00e7\u0131k\u0131p Orta Anadolu ile Akdeniz b\u00f6lgesi aras\u0131ndaki entegrasyonu daha da g\u00fc\u00e7lendirmesi hedefleniyor.<\/p>\n<p>\u200bAK Parti&#8217;nin iktidara geldi\u011fi 2002 y\u0131l\u0131ndan bu yana her se\u00e7im d\u00f6neminde s\u00f6z verdi\u011fi Konya-Antalya Y\u00fcksek H\u0131zl\u0131 Tren (YHT) Projesi i\u00e7in yine bir tarih verildi. Cumhurba\u015fkan\u0131 Recep Tayyip Erdo\u011fan\u2019\u0131n a\u00e7\u0131klamalar\u0131na g\u00f6re, Konya-Antalya H\u0131zl\u0131 Tren Hatt\u0131&#8217;n\u0131n 2030 y\u0131l\u0131na kadar tamamlanmas\u0131 hedefleniyor.\u00a0<\/p>\n<p>\u200bHaberin Al\u0131nt\u0131land\u0131\u011f\u0131 Kaynak: www.antalyakorfez.com<\/p>","protected":false},"excerpt":{"rendered":"<p>T\u00fcrkiye\u2019nin turizm ve tar\u0131m ba\u015fkentlerinden Antalya ile Anadolu\u2019nun k\u00fclt\u00fcrel merkezlerinden Konya aras\u0131nda beklenen Y\u00fcksek H\u0131zl\u0131 Tren (YHT) Projesi&#8217;nde \u00f6nemli bir geli\u015fme ya\u015fand\u0131. Cumhurba\u015fkan\u0131 Recep Tayyip Erdo\u011fan\u2019\u0131n a\u00e7\u0131klamalar\u0131na g\u00f6re, bu yeni Y\u00fcksek H\u0131z Tren (YHT) Hatt\u0131 sayesinde iki \u015fehir aras\u0131ndaki seyahat s\u00fcresi sadece 1 saat 15 dakikaya inecek. Bu proje, b\u00f6lgede ya\u015fayan yakla\u015f\u0131k 5 milyon vatanda\u015fa m\u00fcjdeli haber niteli\u011fi ta\u015f\u0131rken, &#8220;T\u00fcrkiye\u2019nin ula\u015f\u0131m vizyonunun \u00f6nemli bir ad\u0131m\u0131&#8221; olarak tan\u0131mlan\u0131yor. D\u00d6N\u00dc\u015e\u00dcM BEKLEN\u0130YOR Yap\u0131lan planlamalara g\u00f6re, Konya-Antalya H\u0131zl\u0131 Tren Hatt\u0131&#8217;n\u0131n 2030 y\u0131l\u0131na kadar tamamlanmas\u0131 hedefleniyor. Bu tarihten itibaren b\u00f6lge halk\u0131 ve turistler, iki \u015fehir aras\u0131nda \u00e7ok daha h\u0131zl\u0131 ve konforlu bir ula\u015f\u0131m imkan\u0131na kavu\u015facak. Projenin hayata ge\u00e7mesiyle birlikte, \u015fehirleraras\u0131 ula\u015f\u0131mda \u00f6nemli bir d\u00f6n\u00fc\u015f\u00fcm ya\u015fanmas\u0131 bekleniyor. H\u0131zl\u0131 tren hatt\u0131n\u0131n, sadece ula\u015f\u0131m\u0131 kolayla\u015ft\u0131rmakla kalmayacak, ayn\u0131 zamanda b\u00f6lge ekonomisine de \u00f6nemli bir canl\u0131l\u0131k getirmesi \u00f6ng\u00f6r\u00fcl\u00fcyor. VATANDA\u015eTA G\u00dcVEN YOK! Turizm ve ekonomi ba\u015fta olmak \u00fczere bir\u00e7ok alanda etki yaratmas\u0131 beklenen \u00e7al\u0131\u015fma bir\u00e7ok kesim taraf\u0131ndan takdirle kar\u015f\u0131lan\u0131rken belirli kesimler taraf\u0131ndan ele\u015ftiri konusu olmay\u0131 s\u00fcrd\u00fcr\u00fcyor. Antalya, Isparta ve Burdur gibi \u015fehirlerin i\u00e7 turizmde daha etkin bir rol oynamas\u0131 ve mevsim d\u0131\u015f\u0131nda da turist \u00e7ekerek y\u0131l boyu bir cazibe merkezi haline gelmesi beklenen projenin uzun y\u0131llar rafta kalmas\u0131 vatanda\u015flar\u0131n g\u00fcven aral\u0131\u011f\u0131nda ciddi puan d\u00fc\u015f\u00fc\u015flerine neden oldu. 23 YILLIK HASRET B\u0130T\u0130YOR MU? &hellip;<\/p>","protected":false},"author":5,"featured_media":0,"comment_status":"","ping_status":"open","sticky":false,"template":"","format":"standard","meta":{"_acf_changed":false,"footnotes":""},"categories":[24],"tags":[],"class_list":["post-133657","post","type-post","status-publish","format-standard","has-post-thumbnail","hentry","category-gundem"],"acf":[],"yoast_head":"<!-- This site is optimized with the Yoast SEO Premium plugin v26.6 (Yoast SEO v27.1.1) - https:\/\/yoast.com\/product\/yoast-seo-premium-wordpress\/ -->\n<title>\u2018Bitti, bitiyor\u2019 denilen Antalya\u2013Konya H\u0131zl\u0131 Tren Hatt\u0131 i\u00e7in yeni tarih: 2030! - Av. Deniz Can K\u0131z\u0131l<\/title>\n<meta name=\"robots\" content=\"index, follow, max-snippet:-1, max-image-preview:large, max-video-preview:-1\" \/>\n<link rel=\"canonical\" href=\"https:\/\/denizcankizil.tr\/en\/haberler\/gundem\/bitti-bitiyor-denilen-antalya-konya-hizli-tren-hatti-icin-yeni-tarih-2030\/\" \/>\n<meta property=\"og:locale\" content=\"en_GB\" \/>\n<meta property=\"og:type\" content=\"article\" \/>\n<meta property=\"og:title\" content=\"\u2018Bitti, bitiyor\u2019 denilen Antalya\u2013Konya H\u0131zl\u0131 Tren Hatt\u0131 i\u00e7in yeni tarih: 2030!\" \/>\n<meta property=\"og:description\" content=\"T\u00fcrkiye\u2019nin turizm ve tar\u0131m ba\u015fkentlerinden Antalya ile Anadolu\u2019nun k\u00fclt\u00fcrel merkezlerinden Konya aras\u0131nda beklenen Y\u00fcksek H\u0131zl\u0131 Tren (YHT) Projesi&#8217;nde \u00f6nemli bir geli\u015fme ya\u015fand\u0131. Cumhurba\u015fkan\u0131 Recep Tayyip Erdo\u011fan\u2019\u0131n a\u00e7\u0131klamalar\u0131na g\u00f6re, bu yeni Y\u00fcksek H\u0131z Tren (YHT) Hatt\u0131 sayesinde iki \u015fehir aras\u0131ndaki seyahat s\u00fcresi sadece 1 saat 15 dakikaya inecek. Bu proje, b\u00f6lgede ya\u015fayan yakla\u015f\u0131k 5 milyon vatanda\u015fa m\u00fcjdeli haber niteli\u011fi ta\u015f\u0131rken, &#8220;T\u00fcrkiye\u2019nin ula\u015f\u0131m vizyonunun \u00f6nemli bir ad\u0131m\u0131&#8221; olarak tan\u0131mlan\u0131yor. D\u00d6N\u00dc\u015e\u00dcM BEKLEN\u0130YOR Yap\u0131lan planlamalara g\u00f6re, Konya-Antalya H\u0131zl\u0131 Tren Hatt\u0131&#8217;n\u0131n 2030 y\u0131l\u0131na kadar tamamlanmas\u0131 hedefleniyor. Bu tarihten itibaren b\u00f6lge halk\u0131 ve turistler, iki \u015fehir aras\u0131nda \u00e7ok daha h\u0131zl\u0131 ve konforlu bir ula\u015f\u0131m imkan\u0131na kavu\u015facak. Projenin hayata ge\u00e7mesiyle birlikte, \u015fehirleraras\u0131 ula\u015f\u0131mda \u00f6nemli bir d\u00f6n\u00fc\u015f\u00fcm ya\u015fanmas\u0131 bekleniyor. H\u0131zl\u0131 tren hatt\u0131n\u0131n, sadece ula\u015f\u0131m\u0131 kolayla\u015ft\u0131rmakla kalmayacak, ayn\u0131 zamanda b\u00f6lge ekonomisine de \u00f6nemli bir canl\u0131l\u0131k getirmesi \u00f6ng\u00f6r\u00fcl\u00fcyor. VATANDA\u015eTA G\u00dcVEN YOK! Turizm ve ekonomi ba\u015fta olmak \u00fczere bir\u00e7ok alanda etki yaratmas\u0131 beklenen \u00e7al\u0131\u015fma bir\u00e7ok kesim taraf\u0131ndan takdirle kar\u015f\u0131lan\u0131rken belirli kesimler taraf\u0131ndan ele\u015ftiri konusu olmay\u0131 s\u00fcrd\u00fcr\u00fcyor. Antalya, Isparta ve Burdur gibi \u015fehirlerin i\u00e7 turizmde daha etkin bir rol oynamas\u0131 ve mevsim d\u0131\u015f\u0131nda da turist \u00e7ekerek y\u0131l boyu bir cazibe merkezi haline gelmesi beklenen projenin uzun y\u0131llar rafta kalmas\u0131 vatanda\u015flar\u0131n g\u00fcven aral\u0131\u011f\u0131nda ciddi puan d\u00fc\u015f\u00fc\u015flerine neden oldu. 23 YILLIK HASRET B\u0130T\u0130YOR MU? &hellip;\" \/>\n<meta property=\"og:url\" content=\"https:\/\/denizcankizil.tr\/en\/haberler\/gundem\/bitti-bitiyor-denilen-antalya-konya-hizli-tren-hatti-icin-yeni-tarih-2030\/\" \/>\n<meta property=\"og:site_name\" content=\"Av. Deniz Can K\u0131z\u0131l\" \/>\n<meta property=\"article:published_time\" content=\"2025-07-02T13:41:16+00:00\" \/>\n<meta name=\"author\" content=\"Antalya K\u00f6rfez\" \/>\n<meta name=\"twitter:card\" content=\"summary_large_image\" \/>\n<meta name=\"twitter:label1\" content=\"Written by\" \/>\n\t<meta name=\"twitter:data1\" content=\"Antalya K\u00f6rfez\" \/>\n\t<meta name=\"twitter:label2\" content=\"Estimated reading time\" \/>\n\t<meta name=\"twitter:data2\" content=\"3 minutes\" \/>\n<script type=\"application\/ld+json\" class=\"yoast-schema-graph\">{\"@context\":\"https:\/\/schema.org\",\"@graph\":[{\"@type\":\"Article\",\"@id\":\"https:\/\/denizcankizil.tr\/de\/haberler\/gundem\/bitti-bitiyor-denilen-antalya-konya-hizli-tren-hatti-icin-yeni-tarih-2030\/#article\",\"isPartOf\":{\"@id\":\"https:\/\/denizcankizil.tr\/de\/haberler\/gundem\/bitti-bitiyor-denilen-antalya-konya-hizli-tren-hatti-icin-yeni-tarih-2030\/\"},\"author\":{\"name\":\"Antalya K\u00f6rfez\",\"@id\":\"https:\/\/denizcankizil.tr\/#\/schema\/person\/e1eb71bb4dd684d46563f0af307e1234\"},\"headline\":\"\u2018Bitti, bitiyor\u2019 denilen Antalya\u2013Konya H\u0131zl\u0131 Tren Hatt\u0131 i\u00e7in yeni tarih: 2030!\",\"datePublished\":\"2025-07-02T13:41:16+00:00\",\"mainEntityOfPage\":{\"@id\":\"https:\/\/denizcankizil.tr\/de\/haberler\/gundem\/bitti-bitiyor-denilen-antalya-konya-hizli-tren-hatti-icin-yeni-tarih-2030\/\"},\"wordCount\":566,\"publisher\":{\"@id\":\"https:\/\/denizcankizil.tr\/#organization\"},\"articleSection\":[\"G\u00fcndem\"],\"inLanguage\":\"en-GB\"},{\"@type\":\"WebPage\",\"@id\":\"https:\/\/denizcankizil.tr\/de\/haberler\/gundem\/bitti-bitiyor-denilen-antalya-konya-hizli-tren-hatti-icin-yeni-tarih-2030\/\",\"url\":\"https:\/\/denizcankizil.tr\/de\/haberler\/gundem\/bitti-bitiyor-denilen-antalya-konya-hizli-tren-hatti-icin-yeni-tarih-2030\/\",\"name\":\"\u2018Bitti, bitiyor\u2019 denilen Antalya\u2013Konya H\u0131zl\u0131 Tren Hatt\u0131 i\u00e7in yeni tarih: 2030! - Av. Deniz Can K\u0131z\u0131l\",\"isPartOf\":{\"@id\":\"https:\/\/denizcankizil.tr\/#website\"},\"datePublished\":\"2025-07-02T13:41:16+00:00\",\"breadcrumb\":{\"@id\":\"https:\/\/denizcankizil.tr\/de\/haberler\/gundem\/bitti-bitiyor-denilen-antalya-konya-hizli-tren-hatti-icin-yeni-tarih-2030\/#breadcrumb\"},\"inLanguage\":\"en-GB\",\"potentialAction\":[{\"@type\":\"ReadAction\",\"target\":[\"https:\/\/denizcankizil.tr\/de\/haberler\/gundem\/bitti-bitiyor-denilen-antalya-konya-hizli-tren-hatti-icin-yeni-tarih-2030\/\"]}]},{\"@type\":\"BreadcrumbList\",\"@id\":\"https:\/\/denizcankizil.tr\/de\/haberler\/gundem\/bitti-bitiyor-denilen-antalya-konya-hizli-tren-hatti-icin-yeni-tarih-2030\/#breadcrumb\",\"itemListElement\":[{\"@type\":\"ListItem\",\"position\":1,\"name\":\"Home\",\"item\":\"https:\/\/denizcankizil.tr\/de\/\"},{\"@type\":\"ListItem\",\"position\":2,\"name\":\"\u2018Bitti, bitiyor\u2019 denilen Antalya\u2013Konya H\u0131zl\u0131 Tren Hatt\u0131 i\u00e7in yeni tarih: 2030!\"}]},{\"@type\":\"WebSite\",\"@id\":\"https:\/\/denizcankizil.tr\/#website\",\"url\":\"https:\/\/denizcankizil.tr\/\",\"name\":\"Av. Deniz Can K\u0131z\u0131l\",\"description\":\"Avukat Deniz Can K\u0131z\u0131l Antalya Barosu\",\"publisher\":{\"@id\":\"https:\/\/denizcankizil.tr\/#organization\"},\"potentialAction\":[{\"@type\":\"SearchAction\",\"target\":{\"@type\":\"EntryPoint\",\"urlTemplate\":\"https:\/\/denizcankizil.tr\/?s={search_term_string}\"},\"query-input\":{\"@type\":\"PropertyValueSpecification\",\"valueRequired\":true,\"valueName\":\"search_term_string\"}}],\"inLanguage\":\"en-GB\"},{\"@type\":\"Organization\",\"@id\":\"https:\/\/denizcankizil.tr\/#organization\",\"name\":\"Av. Deniz Can K\u0131z\u0131l\",\"url\":\"https:\/\/denizcankizil.tr\/\",\"logo\":{\"@type\":\"ImageObject\",\"inLanguage\":\"en-GB\",\"@id\":\"https:\/\/denizcankizil.tr\/#\/schema\/logo\/image\/\",\"url\":\"http:\/\/denizcankizil.tr\/wp-content\/uploads\/2024\/10\/siyah-logo-svg.svg\",\"contentUrl\":\"http:\/\/denizcankizil.tr\/wp-content\/uploads\/2024\/10\/siyah-logo-svg.svg\",\"width\":1080,\"height\":1080,\"caption\":\"Av. Deniz Can K\u0131z\u0131l\"},\"image\":{\"@id\":\"https:\/\/denizcankizil.tr\/#\/schema\/logo\/image\/\"}},{\"@type\":\"Person\",\"@id\":\"https:\/\/denizcankizil.tr\/#\/schema\/person\/e1eb71bb4dd684d46563f0af307e1234\",\"name\":\"Antalya K\u00f6rfez\",\"image\":{\"@type\":\"ImageObject\",\"inLanguage\":\"en-GB\",\"@id\":\"https:\/\/denizcankizil.tr\/#\/schema\/person\/image\/\",\"url\":\"https:\/\/secure.gravatar.com\/avatar\/42b01982558a48a0b501fdcab6a408d3717ea5919095ee2e67b0e521799c5905?s=96&d=mm&r=g\",\"contentUrl\":\"https:\/\/secure.gravatar.com\/avatar\/42b01982558a48a0b501fdcab6a408d3717ea5919095ee2e67b0e521799c5905?s=96&d=mm&r=g\",\"caption\":\"Antalya K\u00f6rfez\"},\"sameAs\":[\"http:\/\/www.antalyakorfez.com\"],\"url\":\"https:\/\/www.antalyakorfez.com\/bitti-bitiyor-denilen-antalya-konya-hizli-tren-hatti-icin-yeni-tarih-2030\"}]}<\/script>\n<!-- \/ Yoast SEO Premium plugin. -->","yoast_head_json":{"title":"\u2018Bitti, bitiyor\u2019 denilen Antalya\u2013Konya H\u0131zl\u0131 Tren Hatt\u0131 i\u00e7in yeni tarih: 2030! - Av. Deniz Can K\u0131z\u0131l","robots":{"index":"index","follow":"follow","max-snippet":"max-snippet:-1","max-image-preview":"max-image-preview:large","max-video-preview":"max-video-preview:-1"},"canonical":"https:\/\/denizcankizil.tr\/en\/haberler\/gundem\/bitti-bitiyor-denilen-antalya-konya-hizli-tren-hatti-icin-yeni-tarih-2030\/","og_locale":"en_GB","og_type":"article","og_title":"\u2018Bitti, bitiyor\u2019 denilen Antalya\u2013Konya H\u0131zl\u0131 Tren Hatt\u0131 i\u00e7in yeni tarih: 2030!","og_description":"T\u00fcrkiye\u2019nin turizm ve tar\u0131m ba\u015fkentlerinden Antalya ile Anadolu\u2019nun k\u00fclt\u00fcrel merkezlerinden Konya aras\u0131nda beklenen Y\u00fcksek H\u0131zl\u0131 Tren (YHT) Projesi&#8217;nde \u00f6nemli bir geli\u015fme ya\u015fand\u0131. Cumhurba\u015fkan\u0131 Recep Tayyip Erdo\u011fan\u2019\u0131n a\u00e7\u0131klamalar\u0131na g\u00f6re, bu yeni Y\u00fcksek H\u0131z Tren (YHT) Hatt\u0131 sayesinde iki \u015fehir aras\u0131ndaki seyahat s\u00fcresi sadece 1 saat 15 dakikaya inecek. Bu proje, b\u00f6lgede ya\u015fayan yakla\u015f\u0131k 5 milyon vatanda\u015fa m\u00fcjdeli haber niteli\u011fi ta\u015f\u0131rken, &#8220;T\u00fcrkiye\u2019nin ula\u015f\u0131m vizyonunun \u00f6nemli bir ad\u0131m\u0131&#8221; olarak tan\u0131mlan\u0131yor. D\u00d6N\u00dc\u015e\u00dcM BEKLEN\u0130YOR Yap\u0131lan planlamalara g\u00f6re, Konya-Antalya H\u0131zl\u0131 Tren Hatt\u0131&#8217;n\u0131n 2030 y\u0131l\u0131na kadar tamamlanmas\u0131 hedefleniyor. Bu tarihten itibaren b\u00f6lge halk\u0131 ve turistler, iki \u015fehir aras\u0131nda \u00e7ok daha h\u0131zl\u0131 ve konforlu bir ula\u015f\u0131m imkan\u0131na kavu\u015facak. Projenin hayata ge\u00e7mesiyle birlikte, \u015fehirleraras\u0131 ula\u015f\u0131mda \u00f6nemli bir d\u00f6n\u00fc\u015f\u00fcm ya\u015fanmas\u0131 bekleniyor. H\u0131zl\u0131 tren hatt\u0131n\u0131n, sadece ula\u015f\u0131m\u0131 kolayla\u015ft\u0131rmakla kalmayacak, ayn\u0131 zamanda b\u00f6lge ekonomisine de \u00f6nemli bir canl\u0131l\u0131k getirmesi \u00f6ng\u00f6r\u00fcl\u00fcyor. VATANDA\u015eTA G\u00dcVEN YOK! Turizm ve ekonomi ba\u015fta olmak \u00fczere bir\u00e7ok alanda etki yaratmas\u0131 beklenen \u00e7al\u0131\u015fma bir\u00e7ok kesim taraf\u0131ndan takdirle kar\u015f\u0131lan\u0131rken belirli kesimler taraf\u0131ndan ele\u015ftiri konusu olmay\u0131 s\u00fcrd\u00fcr\u00fcyor. Antalya, Isparta ve Burdur gibi \u015fehirlerin i\u00e7 turizmde daha etkin bir rol oynamas\u0131 ve mevsim d\u0131\u015f\u0131nda da turist \u00e7ekerek y\u0131l boyu bir cazibe merkezi haline gelmesi beklenen projenin uzun y\u0131llar rafta kalmas\u0131 vatanda\u015flar\u0131n g\u00fcven aral\u0131\u011f\u0131nda ciddi puan d\u00fc\u015f\u00fc\u015flerine neden oldu. 23 YILLIK HASRET B\u0130T\u0130YOR MU? &hellip;","og_url":"https:\/\/denizcankizil.tr\/en\/haberler\/gundem\/bitti-bitiyor-denilen-antalya-konya-hizli-tren-hatti-icin-yeni-tarih-2030\/","og_site_name":"Av. Deniz Can K\u0131z\u0131l","article_published_time":"2025-07-02T13:41:16+00:00","author":"Antalya K\u00f6rfez","twitter_card":"summary_large_image","twitter_misc":{"Written by":"Antalya K\u00f6rfez","Estimated reading time":"3 minutes"},"schema":{"@context":"https:\/\/schema.org","@graph":[{"@type":"Article","@id":"https:\/\/denizcankizil.tr\/de\/haberler\/gundem\/bitti-bitiyor-denilen-antalya-konya-hizli-tren-hatti-icin-yeni-tarih-2030\/#article","isPartOf":{"@id":"https:\/\/denizcankizil.tr\/de\/haberler\/gundem\/bitti-bitiyor-denilen-antalya-konya-hizli-tren-hatti-icin-yeni-tarih-2030\/"},"author":{"name":"Antalya K\u00f6rfez","@id":"https:\/\/denizcankizil.tr\/#\/schema\/person\/e1eb71bb4dd684d46563f0af307e1234"},"headline":"\u2018Bitti, bitiyor\u2019 denilen Antalya\u2013Konya H\u0131zl\u0131 Tren Hatt\u0131 i\u00e7in yeni tarih: 2030!","datePublished":"2025-07-02T13:41:16+00:00","mainEntityOfPage":{"@id":"https:\/\/denizcankizil.tr\/de\/haberler\/gundem\/bitti-bitiyor-denilen-antalya-konya-hizli-tren-hatti-icin-yeni-tarih-2030\/"},"wordCount":566,"publisher":{"@id":"https:\/\/denizcankizil.tr\/#organization"},"articleSection":["G\u00fcndem"],"inLanguage":"en-GB"},{"@type":"WebPage","@id":"https:\/\/denizcankizil.tr\/de\/haberler\/gundem\/bitti-bitiyor-denilen-antalya-konya-hizli-tren-hatti-icin-yeni-tarih-2030\/","url":"https:\/\/denizcankizil.tr\/de\/haberler\/gundem\/bitti-bitiyor-denilen-antalya-konya-hizli-tren-hatti-icin-yeni-tarih-2030\/","name":"\u2018Bitti, bitiyor\u2019 denilen Antalya\u2013Konya H\u0131zl\u0131 Tren Hatt\u0131 i\u00e7in yeni tarih: 2030! - Av. Deniz Can K\u0131z\u0131l","isPartOf":{"@id":"https:\/\/denizcankizil.tr\/#website"},"datePublished":"2025-07-02T13:41:16+00:00","breadcrumb":{"@id":"https:\/\/denizcankizil.tr\/de\/haberler\/gundem\/bitti-bitiyor-denilen-antalya-konya-hizli-tren-hatti-icin-yeni-tarih-2030\/#breadcrumb"},"inLanguage":"en-GB","potentialAction":[{"@type":"ReadAction","target":["https:\/\/denizcankizil.tr\/de\/haberler\/gundem\/bitti-bitiyor-denilen-antalya-konya-hizli-tren-hatti-icin-yeni-tarih-2030\/"]}]},{"@type":"BreadcrumbList","@id":"https:\/\/denizcankizil.tr\/de\/haberler\/gundem\/bitti-bitiyor-denilen-antalya-konya-hizli-tren-hatti-icin-yeni-tarih-2030\/#breadcrumb","itemListElement":[{"@type":"ListItem","position":1,"name":"Home","item":"https:\/\/denizcankizil.tr\/de\/"},{"@type":"ListItem","position":2,"name":"\u2018Bitti, bitiyor\u2019 denilen Antalya\u2013Konya H\u0131zl\u0131 Tren Hatt\u0131 i\u00e7in yeni tarih: 2030!"}]},{"@type":"WebSite","@id":"https:\/\/denizcankizil.tr\/#website","url":"https:\/\/denizcankizil.tr\/","name":"Av. Deniz Can K\u0131z\u0131l","description":"Avukat Deniz Can K\u0131z\u0131l Antalya Barosu","publisher":{"@id":"https:\/\/denizcankizil.tr\/#organization"},"potentialAction":[{"@type":"SearchAction","target":{"@type":"EntryPoint","urlTemplate":"https:\/\/denizcankizil.tr\/?s={search_term_string}"},"query-input":{"@type":"PropertyValueSpecification","valueRequired":true,"valueName":"search_term_string"}}],"inLanguage":"en-GB"},{"@type":"Organization","@id":"https:\/\/denizcankizil.tr\/#organization","name":"Av. Deniz Can K\u0131z\u0131l","url":"https:\/\/denizcankizil.tr\/","logo":{"@type":"ImageObject","inLanguage":"en-GB","@id":"https:\/\/denizcankizil.tr\/#\/schema\/logo\/image\/","url":"http:\/\/denizcankizil.tr\/wp-content\/uploads\/2024\/10\/siyah-logo-svg.svg","contentUrl":"http:\/\/denizcankizil.tr\/wp-content\/uploads\/2024\/10\/siyah-logo-svg.svg","width":1080,"height":1080,"caption":"Av. Deniz Can K\u0131z\u0131l"},"image":{"@id":"https:\/\/denizcankizil.tr\/#\/schema\/logo\/image\/"}},{"@type":"Person","@id":"https:\/\/denizcankizil.tr\/#\/schema\/person\/e1eb71bb4dd684d46563f0af307e1234","name":"Antalya K\u00f6rfez","image":{"@type":"ImageObject","inLanguage":"en-GB","@id":"https:\/\/denizcankizil.tr\/#\/schema\/person\/image\/","url":"https:\/\/secure.gravatar.com\/avatar\/42b01982558a48a0b501fdcab6a408d3717ea5919095ee2e67b0e521799c5905?s=96&d=mm&r=g","contentUrl":"https:\/\/secure.gravatar.com\/avatar\/42b01982558a48a0b501fdcab6a408d3717ea5919095ee2e67b0e521799c5905?s=96&d=mm&r=g","caption":"Antalya K\u00f6rfez"},"sameAs":["http:\/\/www.antalyakorfez.com"],"url":"https:\/\/www.antalyakorfez.com\/bitti-bitiyor-denilen-antalya-konya-hizli-tren-hatti-icin-yeni-tarih-2030"}]}},"_links":{"self":[{"href":"http:\/\/denizcankizil.tr\/en\/wp-json\/wp\/v2\/posts\/133657","targetHints":{"allow":["GET"]}}],"collection":[{"href":"http:\/\/denizcankizil.tr\/en\/wp-json\/wp\/v2\/posts"}],"about":[{"href":"http:\/\/denizcankizil.tr\/en\/wp-json\/wp\/v2\/types\/post"}],"author":[{"embeddable":true,"href":"http:\/\/denizcankizil.tr\/en\/wp-json\/wp\/v2\/users\/5"}],"replies":[{"embeddable":true,"href":"http:\/\/denizcankizil.tr\/en\/wp-json\/wp\/v2\/comments?post=133657"}],"version-history":[{"count":0,"href":"http:\/\/denizcankizil.tr\/en\/wp-json\/wp\/v2\/posts\/133657\/revisions"}],"wp:attachment":[{"href":"http:\/\/denizcankizil.tr\/en\/wp-json\/wp\/v2\/media?parent=133657"}],"wp:term":[{"taxonomy":"category","embeddable":true,"href":"http:\/\/denizcankizil.tr\/en\/wp-json\/wp\/v2\/categories?post=133657"},{"taxonomy":"post_tag","embeddable":true,"href":"http:\/\/denizcankizil.tr\/en\/wp-json\/wp\/v2\/tags?post=133657"}],"curies":[{"name":"wp","href":"https:\/\/api.w.org\/{rel}","templated":true}]}}