{"id":132479,"date":"2025-07-01T14:41:52","date_gmt":"2025-07-01T11:41:52","guid":{"rendered":"https:\/\/denizcankizil.tr\/uncategorized-tr\/bursada-iki-deprem-2-uzmanin-aciklamasi-kafa-karistirdi\/"},"modified":"2025-07-01T14:41:52","modified_gmt":"2025-07-01T11:41:52","slug":"bursada-iki-deprem-2-uzmanin-aciklamasi-kafa-karistirdi","status":"publish","type":"post","link":"http:\/\/denizcankizil.tr\/en\/haberler\/gundem\/bursada-iki-deprem-2-uzmanin-aciklamasi-kafa-karistirdi\/","title":{"rendered":"Bursa\u2019da iki deprem! 2 uzman\u0131n a\u00e7\u0131klamas\u0131 kafa kar\u0131\u015ft\u0131rd\u0131"},"content":{"rendered":"<p>Afet ve Acil Durum Y\u00f6netimi Ba\u015fkanl\u0131\u011f\u0131 (AFAD), 1 Temmuz 2025 Sal\u0131 g\u00fcn\u00fc (bug\u00fcn) saat 11.40 sular\u0131nda Bursa\u2019n\u0131n Gemlik il\u00e7esinde meydana gelen 3.9 \u015fiddetindeki depremi duyurdu. Depremin derinli\u011fi 9,82 kilometre olarak \u00f6l\u00e7\u00fcl\u00fcrken, depremden dolay\u0131 can veya mal kayb\u0131 bildirilmedi. Bursa&#8217;da ikinci deprem ise saat: 12.57&#8217;de ve 4.2 b\u00fcy\u00fckl\u00fc\u011f\u00fcnde ger\u00e7ekle\u015fti. Ya\u015fanan iki depremin ard\u0131ndan Deprem Bilimci Naci G\u00f6r\u00fcr, sosyal medya \u00fczerinden depremle ilgili payla\u015f\u0131m yapt\u0131.<\/p>\n<p>G\u00d6R\u00dcR\u2019DEN DEPREM A\u00c7IKLAMASI<\/p>\n<p>Deprem Bilimci Naci G\u00f6r\u00fcr, sosyal medya \u00fczerinden yapt\u0131\u011f\u0131 a\u00e7\u0131klamada, Marmara\u2019da, bulunan Kuzey Anadolu Fay (KAF) hatt\u0131nda deprem beklendi\u011fini a\u00e7\u0131klad\u0131. G\u00f6r\u00fcr, yakla\u015fan tehlikeye dikkat \u00e7ekerek, \u201c\u015eahinyurdu-Gemlik\/Bursa\u2019da 4,0 deprem oldu. KAF\u0131n G\u00fcney kolu \u00fczerinde. Marmara\u2019da, KAF\u2019\u0131n kuzey kolunda deprem bekliyoruz ama buras\u0131 da \u00f6nemli. Enerjiyi ge\u00e7 biriktiriyor ama tehlikeli. Y\u00f6neticiler dikkatli olmal\u0131 ve buray\u0131 deprem diren\u00e7li hale getirmeli. Halk talep etmeli\u201d dedi.<\/p>\n<p>\u015eahinyurdu-Gemlik\/Bursa\u2019da 4,0 deprem oldu. KAF\u0131n G\u00fcney kolu \u00fczerinde. Marmara\u2019da, KAF\u2019\u0131n kuzey kolunda deprem bekliyoruz ama buras\u0131 da \u00f6nemli. Enerjiyi ge\u00e7 birktiryor ama tehlikeli. Y\u00f6neticiler dikkatli olmal\u0131 ve buray\u0131 deprem diren\u00e7li hale getirmelidir. Halk talep etmeli. pic.twitter.com\/jMgFhw67UI<br \/>\n\u2014 Prof. Dr. Naci G\u00f6r\u00fcr (@nacigorur) July 1, 2025<\/p>\n<p>DEPREM UZMANLARI KARARSIZ<\/p>\n<p>Bir di\u011fer deprem uzman\u0131 olan \u00d6vg\u00fcn Ahmet Ercan da Bursa\u2019da ya\u015fanan depreme ili\u015fkin kritik a\u00e7\u0131klamalarda bulundu. Ercan ise yay\u0131nlad\u0131\u011f\u0131 mesaj\u0131nda Naci G\u00f6r\u00fcr\u2019\u00fcn belirtti\u011fi b\u00f6lgede b\u00fcy\u00fck bir y\u0131k\u0131c\u0131 bir deprem beklenmedi\u011fini ve sak\u0131ncal\u0131 bir durum olmad\u0131\u011f\u0131n\u0131 ifade ederek, \u201cBug\u00fcn olan depremde Gemlik kolu \u00fczerinde ger\u00e7ekle\u015fmi\u015f en k\u00fc\u00e7\u00fck depremdir. \u00c7ok ola\u011fan bir depremdir. Bunun ard\u0131ndan daha b\u00fcy\u00fck bir deprem gelecek korkusunu yaymamak gerekiyor \u00e7\u00fcnk\u00fc o konuda herhangi bir bilimsel veri \u015fu anda yok. ileride Gemlik K\u00f6rfezi\u2019ne bekleyen pek do\u011fal olarak bir y\u0131k\u0131c\u0131 bir deprem vard\u0131r ama bunun b\u00fcy\u00fckl\u00fc\u011f\u00fc de M\u015f6,2- 6.4\u2019\u00fc ge\u00e7mez. Dolay\u0131s\u0131yla \u015fu anda sak\u0131ncal\u0131 bir durum g\u00f6r\u00fclm\u00fcyor\u201d diye konu\u015ftu.<\/p>\n<p>GEML\u0130K M4,0 DEPREM<\/p>\n<p>Bug\u00fcn Bursa Gemlik\u2018te 5 km derinlikte d\u00f6rt M4,0 b\u00fcy\u00fckl\u00fc\u011f\u00fcnde bir deprem olmu\u015ftur. Bu depremin oldu\u011fu k\u0131r\u0131k Kuzey Anadolu K\u0131r\u0131\u011f\u0131\u2019n\u0131n ikinci kolu ortadaki ikinci koludur. Deprem Gemlik \u0130znik kolu \u00fczerinde olu\u015fmu\u015ftur. Marmara\u2019da KAK\u2019\u0131n 3 kolu vard\u0131r. Kuzey\u2026 pic.twitter.com\/0X2sBHKYqr<br \/>\n\u2014 Prof. Dr. \u00d6vg\u00fcn Ahmet Ercan (@ovgunaercan) July 1, 2025<\/p>\n<p>\u200bAFAD, bug\u00fcn \u00f6\u011fle saatlerinde Bursa\u2019n\u0131n Gemlik il\u00e7esinde meydana gelen 3.9 ve 4.2 \u015fiddetindeki depremi duyurdu. Ya\u015fanan depremlerin ard\u0131ndan Deprem Bilimci Naci G\u00f6r\u00fcr, b\u00f6lgede b\u00fcy\u00fck bir deprem bekledi\u011fin belirtirken bir di\u011fer deprem bilinci \u00d6vg\u00fcn Ahmet Ercan ise sak\u0131ncal\u0131 bir durum olmad\u0131\u011f\u0131n\u0131 s\u00f6yledi.\u00a0<\/p>\n<p>\u200bHaberin Al\u0131nt\u0131land\u0131\u011f\u0131 Kaynak: www.antalyakorfez.com<\/p>","protected":false},"excerpt":{"rendered":"<p>Afet ve Acil Durum Y\u00f6netimi Ba\u015fkanl\u0131\u011f\u0131 (AFAD), 1 Temmuz 2025 Sal\u0131 g\u00fcn\u00fc (bug\u00fcn) saat 11.40 sular\u0131nda Bursa\u2019n\u0131n Gemlik il\u00e7esinde meydana gelen 3.9 \u015fiddetindeki depremi duyurdu. Depremin derinli\u011fi 9,82 kilometre olarak \u00f6l\u00e7\u00fcl\u00fcrken, depremden dolay\u0131 can veya mal kayb\u0131 bildirilmedi. Bursa&#8217;da ikinci deprem ise saat: 12.57&#8217;de ve 4.2 b\u00fcy\u00fckl\u00fc\u011f\u00fcnde ger\u00e7ekle\u015fti. Ya\u015fanan iki depremin ard\u0131ndan Deprem Bilimci Naci G\u00f6r\u00fcr, sosyal medya \u00fczerinden depremle ilgili payla\u015f\u0131m yapt\u0131. G\u00d6R\u00dcR\u2019DEN DEPREM A\u00c7IKLAMASI Deprem Bilimci Naci G\u00f6r\u00fcr, sosyal medya \u00fczerinden yapt\u0131\u011f\u0131 a\u00e7\u0131klamada, Marmara\u2019da, bulunan Kuzey Anadolu Fay (KAF) hatt\u0131nda deprem beklendi\u011fini a\u00e7\u0131klad\u0131. G\u00f6r\u00fcr, yakla\u015fan tehlikeye dikkat \u00e7ekerek, \u201c\u015eahinyurdu-Gemlik\/Bursa\u2019da 4,0 deprem oldu. KAF\u0131n G\u00fcney kolu \u00fczerinde. Marmara\u2019da, KAF\u2019\u0131n kuzey kolunda deprem bekliyoruz ama buras\u0131 da \u00f6nemli. Enerjiyi ge\u00e7 biriktiriyor ama tehlikeli. Y\u00f6neticiler dikkatli olmal\u0131 ve buray\u0131 deprem diren\u00e7li hale getirmeli. Halk talep etmeli\u201d dedi. \u015eahinyurdu-Gemlik\/Bursa\u2019da 4,0 deprem oldu. KAF\u0131n G\u00fcney kolu \u00fczerinde. Marmara\u2019da, KAF\u2019\u0131n kuzey kolunda deprem bekliyoruz ama buras\u0131 da \u00f6nemli. Enerjiyi ge\u00e7 birktiryor ama tehlikeli. Y\u00f6neticiler dikkatli olmal\u0131 ve buray\u0131 deprem diren\u00e7li hale getirmelidir. Halk talep etmeli. pic.twitter.com\/jMgFhw67UI \u2014 Prof. Dr. Naci G\u00f6r\u00fcr (@nacigorur) July 1, 2025 DEPREM UZMANLARI KARARSIZ Bir di\u011fer deprem uzman\u0131 olan \u00d6vg\u00fcn Ahmet Ercan da Bursa\u2019da ya\u015fanan depreme ili\u015fkin kritik a\u00e7\u0131klamalarda bulundu. Ercan ise yay\u0131nlad\u0131\u011f\u0131 mesaj\u0131nda Naci G\u00f6r\u00fcr\u2019\u00fcn belirtti\u011fi b\u00f6lgede b\u00fcy\u00fck bir &hellip;<\/p>","protected":false},"author":5,"featured_media":0,"comment_status":"","ping_status":"open","sticky":false,"template":"","format":"standard","meta":{"_acf_changed":false,"footnotes":""},"categories":[24],"tags":[],"class_list":["post-132479","post","type-post","status-publish","format-standard","has-post-thumbnail","hentry","category-gundem"],"acf":[],"yoast_head":"<!-- This site is optimized with the Yoast SEO Premium plugin v26.6 (Yoast SEO v27.1.1) - https:\/\/yoast.com\/product\/yoast-seo-premium-wordpress\/ -->\n<title>Bursa\u2019da iki deprem! 2 uzman\u0131n a\u00e7\u0131klamas\u0131 kafa kar\u0131\u015ft\u0131rd\u0131 - Av. Deniz Can K\u0131z\u0131l<\/title>\n<meta name=\"robots\" content=\"index, follow, max-snippet:-1, max-image-preview:large, max-video-preview:-1\" \/>\n<link rel=\"canonical\" href=\"http:\/\/denizcankizil.tr\/en\/haberler\/gundem\/bursada-iki-deprem-2-uzmanin-aciklamasi-kafa-karistirdi\/\" \/>\n<meta property=\"og:locale\" content=\"en_GB\" \/>\n<meta property=\"og:type\" content=\"article\" \/>\n<meta property=\"og:title\" content=\"Bursa\u2019da iki deprem! 2 uzman\u0131n a\u00e7\u0131klamas\u0131 kafa kar\u0131\u015ft\u0131rd\u0131\" \/>\n<meta property=\"og:description\" content=\"Afet ve Acil Durum Y\u00f6netimi Ba\u015fkanl\u0131\u011f\u0131 (AFAD), 1 Temmuz 2025 Sal\u0131 g\u00fcn\u00fc (bug\u00fcn) saat 11.40 sular\u0131nda Bursa\u2019n\u0131n Gemlik il\u00e7esinde meydana gelen 3.9 \u015fiddetindeki depremi duyurdu. Depremin derinli\u011fi 9,82 kilometre olarak \u00f6l\u00e7\u00fcl\u00fcrken, depremden dolay\u0131 can veya mal kayb\u0131 bildirilmedi. Bursa&#8217;da ikinci deprem ise saat: 12.57&#8217;de ve 4.2 b\u00fcy\u00fckl\u00fc\u011f\u00fcnde ger\u00e7ekle\u015fti. Ya\u015fanan iki depremin ard\u0131ndan Deprem Bilimci Naci G\u00f6r\u00fcr, sosyal medya \u00fczerinden depremle ilgili payla\u015f\u0131m yapt\u0131. G\u00d6R\u00dcR\u2019DEN DEPREM A\u00c7IKLAMASI Deprem Bilimci Naci G\u00f6r\u00fcr, sosyal medya \u00fczerinden yapt\u0131\u011f\u0131 a\u00e7\u0131klamada, Marmara\u2019da, bulunan Kuzey Anadolu Fay (KAF) hatt\u0131nda deprem beklendi\u011fini a\u00e7\u0131klad\u0131. G\u00f6r\u00fcr, yakla\u015fan tehlikeye dikkat \u00e7ekerek, \u201c\u015eahinyurdu-Gemlik\/Bursa\u2019da 4,0 deprem oldu. KAF\u0131n G\u00fcney kolu \u00fczerinde. Marmara\u2019da, KAF\u2019\u0131n kuzey kolunda deprem bekliyoruz ama buras\u0131 da \u00f6nemli. Enerjiyi ge\u00e7 biriktiriyor ama tehlikeli. Y\u00f6neticiler dikkatli olmal\u0131 ve buray\u0131 deprem diren\u00e7li hale getirmeli. Halk talep etmeli\u201d dedi. \u015eahinyurdu-Gemlik\/Bursa\u2019da 4,0 deprem oldu. KAF\u0131n G\u00fcney kolu \u00fczerinde. Marmara\u2019da, KAF\u2019\u0131n kuzey kolunda deprem bekliyoruz ama buras\u0131 da \u00f6nemli. Enerjiyi ge\u00e7 birktiryor ama tehlikeli. Y\u00f6neticiler dikkatli olmal\u0131 ve buray\u0131 deprem diren\u00e7li hale getirmelidir. Halk talep etmeli. pic.twitter.com\/jMgFhw67UI \u2014 Prof. Dr. Naci G\u00f6r\u00fcr (@nacigorur) July 1, 2025 DEPREM UZMANLARI KARARSIZ Bir di\u011fer deprem uzman\u0131 olan \u00d6vg\u00fcn Ahmet Ercan da Bursa\u2019da ya\u015fanan depreme ili\u015fkin kritik a\u00e7\u0131klamalarda bulundu. Ercan ise yay\u0131nlad\u0131\u011f\u0131 mesaj\u0131nda Naci G\u00f6r\u00fcr\u2019\u00fcn belirtti\u011fi b\u00f6lgede b\u00fcy\u00fck bir &hellip;\" \/>\n<meta property=\"og:url\" content=\"http:\/\/denizcankizil.tr\/en\/haberler\/gundem\/bursada-iki-deprem-2-uzmanin-aciklamasi-kafa-karistirdi\/\" \/>\n<meta property=\"og:site_name\" content=\"Av. Deniz Can K\u0131z\u0131l\" \/>\n<meta property=\"article:published_time\" content=\"2025-07-01T11:41:52+00:00\" \/>\n<meta name=\"author\" content=\"Antalya K\u00f6rfez\" \/>\n<meta name=\"twitter:card\" content=\"summary_large_image\" \/>\n<meta name=\"twitter:label1\" content=\"Written by\" \/>\n\t<meta name=\"twitter:data1\" content=\"Antalya K\u00f6rfez\" \/>\n\t<meta name=\"twitter:label2\" content=\"Estimated reading time\" \/>\n\t<meta name=\"twitter:data2\" content=\"2 minutes\" \/>\n<script type=\"application\/ld+json\" class=\"yoast-schema-graph\">{\"@context\":\"https:\/\/schema.org\",\"@graph\":[{\"@type\":\"Article\",\"@id\":\"http:\/\/denizcankizil.tr\/en\/haberler\/gundem\/bursada-iki-deprem-2-uzmanin-aciklamasi-kafa-karistirdi\/#article\",\"isPartOf\":{\"@id\":\"http:\/\/denizcankizil.tr\/en\/haberler\/gundem\/bursada-iki-deprem-2-uzmanin-aciklamasi-kafa-karistirdi\/\"},\"author\":{\"name\":\"Antalya K\u00f6rfez\",\"@id\":\"https:\/\/denizcankizil.tr\/#\/schema\/person\/e1eb71bb4dd684d46563f0af307e1234\"},\"headline\":\"Bursa\u2019da iki deprem! 2 uzman\u0131n a\u00e7\u0131klamas\u0131 kafa kar\u0131\u015ft\u0131rd\u0131\",\"datePublished\":\"2025-07-01T11:41:52+00:00\",\"mainEntityOfPage\":{\"@id\":\"http:\/\/denizcankizil.tr\/en\/haberler\/gundem\/bursada-iki-deprem-2-uzmanin-aciklamasi-kafa-karistirdi\/\"},\"wordCount\":509,\"publisher\":{\"@id\":\"https:\/\/denizcankizil.tr\/#organization\"},\"articleSection\":[\"G\u00fcndem\"],\"inLanguage\":\"en-GB\"},{\"@type\":\"WebPage\",\"@id\":\"http:\/\/denizcankizil.tr\/en\/haberler\/gundem\/bursada-iki-deprem-2-uzmanin-aciklamasi-kafa-karistirdi\/\",\"url\":\"http:\/\/denizcankizil.tr\/en\/haberler\/gundem\/bursada-iki-deprem-2-uzmanin-aciklamasi-kafa-karistirdi\/\",\"name\":\"Bursa\u2019da iki deprem! 2 uzman\u0131n a\u00e7\u0131klamas\u0131 kafa kar\u0131\u015ft\u0131rd\u0131 - Av. Deniz Can K\u0131z\u0131l\",\"isPartOf\":{\"@id\":\"https:\/\/denizcankizil.tr\/#website\"},\"datePublished\":\"2025-07-01T11:41:52+00:00\",\"breadcrumb\":{\"@id\":\"http:\/\/denizcankizil.tr\/en\/haberler\/gundem\/bursada-iki-deprem-2-uzmanin-aciklamasi-kafa-karistirdi\/#breadcrumb\"},\"inLanguage\":\"en-GB\",\"potentialAction\":[{\"@type\":\"ReadAction\",\"target\":[\"http:\/\/denizcankizil.tr\/en\/haberler\/gundem\/bursada-iki-deprem-2-uzmanin-aciklamasi-kafa-karistirdi\/\"]}]},{\"@type\":\"BreadcrumbList\",\"@id\":\"http:\/\/denizcankizil.tr\/en\/haberler\/gundem\/bursada-iki-deprem-2-uzmanin-aciklamasi-kafa-karistirdi\/#breadcrumb\",\"itemListElement\":[{\"@type\":\"ListItem\",\"position\":1,\"name\":\"Home\",\"item\":\"https:\/\/denizcankizil.tr\/de\/\"},{\"@type\":\"ListItem\",\"position\":2,\"name\":\"Bursa\u2019da iki deprem! 2 uzman\u0131n a\u00e7\u0131klamas\u0131 kafa kar\u0131\u015ft\u0131rd\u0131\"}]},{\"@type\":\"WebSite\",\"@id\":\"https:\/\/denizcankizil.tr\/#website\",\"url\":\"https:\/\/denizcankizil.tr\/\",\"name\":\"Av. Deniz Can K\u0131z\u0131l\",\"description\":\"Avukat Deniz Can K\u0131z\u0131l Antalya Barosu\",\"publisher\":{\"@id\":\"https:\/\/denizcankizil.tr\/#organization\"},\"potentialAction\":[{\"@type\":\"SearchAction\",\"target\":{\"@type\":\"EntryPoint\",\"urlTemplate\":\"https:\/\/denizcankizil.tr\/?s={search_term_string}\"},\"query-input\":{\"@type\":\"PropertyValueSpecification\",\"valueRequired\":true,\"valueName\":\"search_term_string\"}}],\"inLanguage\":\"en-GB\"},{\"@type\":\"Organization\",\"@id\":\"https:\/\/denizcankizil.tr\/#organization\",\"name\":\"Av. Deniz Can K\u0131z\u0131l\",\"url\":\"https:\/\/denizcankizil.tr\/\",\"logo\":{\"@type\":\"ImageObject\",\"inLanguage\":\"en-GB\",\"@id\":\"https:\/\/denizcankizil.tr\/#\/schema\/logo\/image\/\",\"url\":\"http:\/\/denizcankizil.tr\/wp-content\/uploads\/2024\/10\/siyah-logo-svg.svg\",\"contentUrl\":\"http:\/\/denizcankizil.tr\/wp-content\/uploads\/2024\/10\/siyah-logo-svg.svg\",\"width\":1080,\"height\":1080,\"caption\":\"Av. Deniz Can K\u0131z\u0131l\"},\"image\":{\"@id\":\"https:\/\/denizcankizil.tr\/#\/schema\/logo\/image\/\"}},{\"@type\":\"Person\",\"@id\":\"https:\/\/denizcankizil.tr\/#\/schema\/person\/e1eb71bb4dd684d46563f0af307e1234\",\"name\":\"Antalya K\u00f6rfez\",\"image\":{\"@type\":\"ImageObject\",\"inLanguage\":\"en-GB\",\"@id\":\"https:\/\/denizcankizil.tr\/#\/schema\/person\/image\/\",\"url\":\"https:\/\/secure.gravatar.com\/avatar\/42b01982558a48a0b501fdcab6a408d3717ea5919095ee2e67b0e521799c5905?s=96&d=mm&r=g\",\"contentUrl\":\"https:\/\/secure.gravatar.com\/avatar\/42b01982558a48a0b501fdcab6a408d3717ea5919095ee2e67b0e521799c5905?s=96&d=mm&r=g\",\"caption\":\"Antalya K\u00f6rfez\"},\"sameAs\":[\"http:\/\/www.antalyakorfez.com\"],\"url\":\"https:\/\/www.antalyakorfez.com\/bursada-iki-deprem-2-uzmanin-aciklamasi-kafa-karistirdi\"}]}<\/script>\n<!-- \/ Yoast SEO Premium plugin. -->","yoast_head_json":{"title":"Bursa\u2019da iki deprem! 2 uzman\u0131n a\u00e7\u0131klamas\u0131 kafa kar\u0131\u015ft\u0131rd\u0131 - Av. Deniz Can K\u0131z\u0131l","robots":{"index":"index","follow":"follow","max-snippet":"max-snippet:-1","max-image-preview":"max-image-preview:large","max-video-preview":"max-video-preview:-1"},"canonical":"http:\/\/denizcankizil.tr\/en\/haberler\/gundem\/bursada-iki-deprem-2-uzmanin-aciklamasi-kafa-karistirdi\/","og_locale":"en_GB","og_type":"article","og_title":"Bursa\u2019da iki deprem! 2 uzman\u0131n a\u00e7\u0131klamas\u0131 kafa kar\u0131\u015ft\u0131rd\u0131","og_description":"Afet ve Acil Durum Y\u00f6netimi Ba\u015fkanl\u0131\u011f\u0131 (AFAD), 1 Temmuz 2025 Sal\u0131 g\u00fcn\u00fc (bug\u00fcn) saat 11.40 sular\u0131nda Bursa\u2019n\u0131n Gemlik il\u00e7esinde meydana gelen 3.9 \u015fiddetindeki depremi duyurdu. Depremin derinli\u011fi 9,82 kilometre olarak \u00f6l\u00e7\u00fcl\u00fcrken, depremden dolay\u0131 can veya mal kayb\u0131 bildirilmedi. Bursa&#8217;da ikinci deprem ise saat: 12.57&#8217;de ve 4.2 b\u00fcy\u00fckl\u00fc\u011f\u00fcnde ger\u00e7ekle\u015fti. Ya\u015fanan iki depremin ard\u0131ndan Deprem Bilimci Naci G\u00f6r\u00fcr, sosyal medya \u00fczerinden depremle ilgili payla\u015f\u0131m yapt\u0131. G\u00d6R\u00dcR\u2019DEN DEPREM A\u00c7IKLAMASI Deprem Bilimci Naci G\u00f6r\u00fcr, sosyal medya \u00fczerinden yapt\u0131\u011f\u0131 a\u00e7\u0131klamada, Marmara\u2019da, bulunan Kuzey Anadolu Fay (KAF) hatt\u0131nda deprem beklendi\u011fini a\u00e7\u0131klad\u0131. G\u00f6r\u00fcr, yakla\u015fan tehlikeye dikkat \u00e7ekerek, \u201c\u015eahinyurdu-Gemlik\/Bursa\u2019da 4,0 deprem oldu. KAF\u0131n G\u00fcney kolu \u00fczerinde. Marmara\u2019da, KAF\u2019\u0131n kuzey kolunda deprem bekliyoruz ama buras\u0131 da \u00f6nemli. Enerjiyi ge\u00e7 biriktiriyor ama tehlikeli. Y\u00f6neticiler dikkatli olmal\u0131 ve buray\u0131 deprem diren\u00e7li hale getirmeli. Halk talep etmeli\u201d dedi. \u015eahinyurdu-Gemlik\/Bursa\u2019da 4,0 deprem oldu. KAF\u0131n G\u00fcney kolu \u00fczerinde. Marmara\u2019da, KAF\u2019\u0131n kuzey kolunda deprem bekliyoruz ama buras\u0131 da \u00f6nemli. Enerjiyi ge\u00e7 birktiryor ama tehlikeli. Y\u00f6neticiler dikkatli olmal\u0131 ve buray\u0131 deprem diren\u00e7li hale getirmelidir. Halk talep etmeli. pic.twitter.com\/jMgFhw67UI \u2014 Prof. Dr. Naci G\u00f6r\u00fcr (@nacigorur) July 1, 2025 DEPREM UZMANLARI KARARSIZ Bir di\u011fer deprem uzman\u0131 olan \u00d6vg\u00fcn Ahmet Ercan da Bursa\u2019da ya\u015fanan depreme ili\u015fkin kritik a\u00e7\u0131klamalarda bulundu. Ercan ise yay\u0131nlad\u0131\u011f\u0131 mesaj\u0131nda Naci G\u00f6r\u00fcr\u2019\u00fcn belirtti\u011fi b\u00f6lgede b\u00fcy\u00fck bir &hellip;","og_url":"http:\/\/denizcankizil.tr\/en\/haberler\/gundem\/bursada-iki-deprem-2-uzmanin-aciklamasi-kafa-karistirdi\/","og_site_name":"Av. Deniz Can K\u0131z\u0131l","article_published_time":"2025-07-01T11:41:52+00:00","author":"Antalya K\u00f6rfez","twitter_card":"summary_large_image","twitter_misc":{"Written by":"Antalya K\u00f6rfez","Estimated reading time":"2 minutes"},"schema":{"@context":"https:\/\/schema.org","@graph":[{"@type":"Article","@id":"http:\/\/denizcankizil.tr\/en\/haberler\/gundem\/bursada-iki-deprem-2-uzmanin-aciklamasi-kafa-karistirdi\/#article","isPartOf":{"@id":"http:\/\/denizcankizil.tr\/en\/haberler\/gundem\/bursada-iki-deprem-2-uzmanin-aciklamasi-kafa-karistirdi\/"},"author":{"name":"Antalya K\u00f6rfez","@id":"https:\/\/denizcankizil.tr\/#\/schema\/person\/e1eb71bb4dd684d46563f0af307e1234"},"headline":"Bursa\u2019da iki deprem! 2 uzman\u0131n a\u00e7\u0131klamas\u0131 kafa kar\u0131\u015ft\u0131rd\u0131","datePublished":"2025-07-01T11:41:52+00:00","mainEntityOfPage":{"@id":"http:\/\/denizcankizil.tr\/en\/haberler\/gundem\/bursada-iki-deprem-2-uzmanin-aciklamasi-kafa-karistirdi\/"},"wordCount":509,"publisher":{"@id":"https:\/\/denizcankizil.tr\/#organization"},"articleSection":["G\u00fcndem"],"inLanguage":"en-GB"},{"@type":"WebPage","@id":"http:\/\/denizcankizil.tr\/en\/haberler\/gundem\/bursada-iki-deprem-2-uzmanin-aciklamasi-kafa-karistirdi\/","url":"http:\/\/denizcankizil.tr\/en\/haberler\/gundem\/bursada-iki-deprem-2-uzmanin-aciklamasi-kafa-karistirdi\/","name":"Bursa\u2019da iki deprem! 2 uzman\u0131n a\u00e7\u0131klamas\u0131 kafa kar\u0131\u015ft\u0131rd\u0131 - Av. Deniz Can K\u0131z\u0131l","isPartOf":{"@id":"https:\/\/denizcankizil.tr\/#website"},"datePublished":"2025-07-01T11:41:52+00:00","breadcrumb":{"@id":"http:\/\/denizcankizil.tr\/en\/haberler\/gundem\/bursada-iki-deprem-2-uzmanin-aciklamasi-kafa-karistirdi\/#breadcrumb"},"inLanguage":"en-GB","potentialAction":[{"@type":"ReadAction","target":["http:\/\/denizcankizil.tr\/en\/haberler\/gundem\/bursada-iki-deprem-2-uzmanin-aciklamasi-kafa-karistirdi\/"]}]},{"@type":"BreadcrumbList","@id":"http:\/\/denizcankizil.tr\/en\/haberler\/gundem\/bursada-iki-deprem-2-uzmanin-aciklamasi-kafa-karistirdi\/#breadcrumb","itemListElement":[{"@type":"ListItem","position":1,"name":"Home","item":"https:\/\/denizcankizil.tr\/de\/"},{"@type":"ListItem","position":2,"name":"Bursa\u2019da iki deprem! 2 uzman\u0131n a\u00e7\u0131klamas\u0131 kafa kar\u0131\u015ft\u0131rd\u0131"}]},{"@type":"WebSite","@id":"https:\/\/denizcankizil.tr\/#website","url":"https:\/\/denizcankizil.tr\/","name":"Av. Deniz Can K\u0131z\u0131l","description":"Avukat Deniz Can K\u0131z\u0131l Antalya Barosu","publisher":{"@id":"https:\/\/denizcankizil.tr\/#organization"},"potentialAction":[{"@type":"SearchAction","target":{"@type":"EntryPoint","urlTemplate":"https:\/\/denizcankizil.tr\/?s={search_term_string}"},"query-input":{"@type":"PropertyValueSpecification","valueRequired":true,"valueName":"search_term_string"}}],"inLanguage":"en-GB"},{"@type":"Organization","@id":"https:\/\/denizcankizil.tr\/#organization","name":"Av. Deniz Can K\u0131z\u0131l","url":"https:\/\/denizcankizil.tr\/","logo":{"@type":"ImageObject","inLanguage":"en-GB","@id":"https:\/\/denizcankizil.tr\/#\/schema\/logo\/image\/","url":"http:\/\/denizcankizil.tr\/wp-content\/uploads\/2024\/10\/siyah-logo-svg.svg","contentUrl":"http:\/\/denizcankizil.tr\/wp-content\/uploads\/2024\/10\/siyah-logo-svg.svg","width":1080,"height":1080,"caption":"Av. Deniz Can K\u0131z\u0131l"},"image":{"@id":"https:\/\/denizcankizil.tr\/#\/schema\/logo\/image\/"}},{"@type":"Person","@id":"https:\/\/denizcankizil.tr\/#\/schema\/person\/e1eb71bb4dd684d46563f0af307e1234","name":"Antalya K\u00f6rfez","image":{"@type":"ImageObject","inLanguage":"en-GB","@id":"https:\/\/denizcankizil.tr\/#\/schema\/person\/image\/","url":"https:\/\/secure.gravatar.com\/avatar\/42b01982558a48a0b501fdcab6a408d3717ea5919095ee2e67b0e521799c5905?s=96&d=mm&r=g","contentUrl":"https:\/\/secure.gravatar.com\/avatar\/42b01982558a48a0b501fdcab6a408d3717ea5919095ee2e67b0e521799c5905?s=96&d=mm&r=g","caption":"Antalya K\u00f6rfez"},"sameAs":["http:\/\/www.antalyakorfez.com"],"url":"https:\/\/www.antalyakorfez.com\/bursada-iki-deprem-2-uzmanin-aciklamasi-kafa-karistirdi"}]}},"_links":{"self":[{"href":"http:\/\/denizcankizil.tr\/en\/wp-json\/wp\/v2\/posts\/132479","targetHints":{"allow":["GET"]}}],"collection":[{"href":"http:\/\/denizcankizil.tr\/en\/wp-json\/wp\/v2\/posts"}],"about":[{"href":"http:\/\/denizcankizil.tr\/en\/wp-json\/wp\/v2\/types\/post"}],"author":[{"embeddable":true,"href":"http:\/\/denizcankizil.tr\/en\/wp-json\/wp\/v2\/users\/5"}],"replies":[{"embeddable":true,"href":"http:\/\/denizcankizil.tr\/en\/wp-json\/wp\/v2\/comments?post=132479"}],"version-history":[{"count":0,"href":"http:\/\/denizcankizil.tr\/en\/wp-json\/wp\/v2\/posts\/132479\/revisions"}],"wp:attachment":[{"href":"http:\/\/denizcankizil.tr\/en\/wp-json\/wp\/v2\/media?parent=132479"}],"wp:term":[{"taxonomy":"category","embeddable":true,"href":"http:\/\/denizcankizil.tr\/en\/wp-json\/wp\/v2\/categories?post=132479"},{"taxonomy":"post_tag","embeddable":true,"href":"http:\/\/denizcankizil.tr\/en\/wp-json\/wp\/v2\/tags?post=132479"}],"curies":[{"name":"wp","href":"https:\/\/api.w.org\/{rel}","templated":true}]}}