{"id":132323,"date":"2025-07-01T11:41:30","date_gmt":"2025-07-01T08:41:30","guid":{"rendered":"https:\/\/denizcankizil.tr\/uncategorized-tr\/antalyada-1-kisi-oturdugu-bankta-olu-bulundu\/"},"modified":"2025-07-01T11:41:30","modified_gmt":"2025-07-01T08:41:30","slug":"antalyada-1-kisi-oturdugu-bankta-olu-bulundu","status":"publish","type":"post","link":"http:\/\/denizcankizil.tr\/en\/haberler\/antalya\/antalyada-1-kisi-oturdugu-bankta-olu-bulundu\/","title":{"rendered":"Antalya&#8217;da 1 Ki\u015fi Oturdu\u011fu Bankta \u00d6l\u00fc  Bulundu!"},"content":{"rendered":"<p>Antalya&#8217;da 1 ki\u015fi park i\u00e7erisinde oturdu\u011fu bankta \u00f6l\u00fc bulundu.<br \/>\nOlay, saat 09.00 s\u0131ralar\u0131nda Yenig\u00fcn Mahallesi Yunus Emre Caddesi&#8217;nde bulunan Yenig\u00fcn Park\u0131 i\u00e7erisinde meydana geldi. Edinilen bilgiye g\u00f6re, sabah saatlerinde park i\u00e7erisindeki bankta 1 ki\u015finin hareketsiz \u015fekilde yatt\u0131\u011f\u0131n\u0131 g\u00f6ren vatanda\u015flar, durumu 112 Acil \u00e7a\u011fr\u0131 Merkezi&#8217;ne bildirdi.<\/p>\n<p>\u0130hbar \u00fczerine verilen adrese gelen sa\u011fl\u0131k ekipleri yapt\u0131klar\u0131 kontrollerde \u015fahs\u0131n hayat\u0131n\u0131 kaybetti\u011fini belirledi. Bunun \u00fczerine b\u00f6lgeye Antalya Emniyet M\u00fcd\u00fcrl\u00fc\u011f\u00fc Asayi\u015f \u015eube M\u00fcd\u00fcrl\u00fc\u011f\u00fc Cinayet B\u00fcro Amirli\u011fi ve Olay Yeri \u0130nceleme ekibi sevk edildi. Ekiplerin yapt\u0131\u011f\u0131 incelemede \u015fahs\u0131n Murat Sertta\u015f (48) oldu\u011funu belirledi. Evsiz oldu\u011fu d\u00fc\u015f\u00fcn\u00fclen Sertta\u015f&#8217;\u0131n cans\u0131z bedeni savc\u0131l\u0131k ve ekiplerin incelemesinin ard\u0131ndan kesin \u00f6l\u00fcm nedeninin belirlenmesi i\u00e7in Antalya Adli T\u0131p Kurumu morguna kald\u0131r\u0131ld\u0131.<\/p>\n<p>Kaynak: www.kanalv.com.tr Haber Sitesinden Al\u0131nm\u0131\u015ft\u0131r.<\/p>","protected":false},"excerpt":{"rendered":"<p>Antalya&#8217;da 1 ki\u015fi park i\u00e7erisinde oturdu\u011fu bankta \u00f6l\u00fc bulundu. Olay, saat 09.00 s\u0131ralar\u0131nda Yenig\u00fcn Mahallesi Yunus Emre Caddesi&#8217;nde bulunan Yenig\u00fcn Park\u0131 i\u00e7erisinde meydana geldi. Edinilen bilgiye g\u00f6re, sabah saatlerinde park i\u00e7erisindeki bankta 1 ki\u015finin hareketsiz \u015fekilde yatt\u0131\u011f\u0131n\u0131 g\u00f6ren vatanda\u015flar, durumu 112 Acil \u00e7a\u011fr\u0131 Merkezi&#8217;ne bildirdi. \u0130hbar \u00fczerine verilen adrese gelen sa\u011fl\u0131k ekipleri yapt\u0131klar\u0131 kontrollerde \u015fahs\u0131n hayat\u0131n\u0131 kaybetti\u011fini belirledi. Bunun \u00fczerine b\u00f6lgeye Antalya Emniyet M\u00fcd\u00fcrl\u00fc\u011f\u00fc Asayi\u015f \u015eube M\u00fcd\u00fcrl\u00fc\u011f\u00fc Cinayet B\u00fcro Amirli\u011fi ve Olay Yeri \u0130nceleme ekibi sevk edildi. Ekiplerin yapt\u0131\u011f\u0131 incelemede \u015fahs\u0131n Murat Sertta\u015f (48) oldu\u011funu belirledi. Evsiz oldu\u011fu d\u00fc\u015f\u00fcn\u00fclen Sertta\u015f&#8217;\u0131n cans\u0131z bedeni savc\u0131l\u0131k ve ekiplerin incelemesinin ard\u0131ndan kesin \u00f6l\u00fcm nedeninin belirlenmesi i\u00e7in Antalya Adli T\u0131p Kurumu morguna kald\u0131r\u0131ld\u0131. Kaynak: www.kanalv.com.tr Haber Sitesinden Al\u0131nm\u0131\u015ft\u0131r.<\/p>","protected":false},"author":4,"featured_media":132324,"comment_status":"","ping_status":"open","sticky":false,"template":"","format":"standard","meta":{"_acf_changed":false,"footnotes":""},"categories":[26],"tags":[],"class_list":["post-132323","post","type-post","status-publish","format-standard","has-post-thumbnail","hentry","category-antalya"],"acf":[],"yoast_head":"<!-- This site is optimized with the Yoast SEO Premium plugin v26.6 (Yoast SEO v27.1.1) - https:\/\/yoast.com\/product\/yoast-seo-premium-wordpress\/ -->\n<title>Antalya&#039;da 1 Ki\u015fi Oturdu\u011fu Bankta \u00d6l\u00fc Bulundu! - Av. Deniz Can K\u0131z\u0131l<\/title>\n<meta name=\"robots\" content=\"index, follow, max-snippet:-1, max-image-preview:large, max-video-preview:-1\" \/>\n<link rel=\"canonical\" href=\"http:\/\/denizcankizil.tr\/en\/haberler\/antalya\/antalyada-1-kisi-oturdugu-bankta-olu-bulundu\/\" \/>\n<meta property=\"og:locale\" content=\"en_GB\" \/>\n<meta property=\"og:type\" content=\"article\" \/>\n<meta property=\"og:title\" content=\"Antalya&#039;da 1 Ki\u015fi Oturdu\u011fu Bankta \u00d6l\u00fc Bulundu!\" \/>\n<meta property=\"og:description\" content=\"Antalya&#8217;da 1 ki\u015fi park i\u00e7erisinde oturdu\u011fu bankta \u00f6l\u00fc bulundu. Olay, saat 09.00 s\u0131ralar\u0131nda Yenig\u00fcn Mahallesi Yunus Emre Caddesi&#8217;nde bulunan Yenig\u00fcn Park\u0131 i\u00e7erisinde meydana geldi. Edinilen bilgiye g\u00f6re, sabah saatlerinde park i\u00e7erisindeki bankta 1 ki\u015finin hareketsiz \u015fekilde yatt\u0131\u011f\u0131n\u0131 g\u00f6ren vatanda\u015flar, durumu 112 Acil \u00e7a\u011fr\u0131 Merkezi&#8217;ne bildirdi. \u0130hbar \u00fczerine verilen adrese gelen sa\u011fl\u0131k ekipleri yapt\u0131klar\u0131 kontrollerde \u015fahs\u0131n hayat\u0131n\u0131 kaybetti\u011fini belirledi. Bunun \u00fczerine b\u00f6lgeye Antalya Emniyet M\u00fcd\u00fcrl\u00fc\u011f\u00fc Asayi\u015f \u015eube M\u00fcd\u00fcrl\u00fc\u011f\u00fc Cinayet B\u00fcro Amirli\u011fi ve Olay Yeri \u0130nceleme ekibi sevk edildi. Ekiplerin yapt\u0131\u011f\u0131 incelemede \u015fahs\u0131n Murat Sertta\u015f (48) oldu\u011funu belirledi. Evsiz oldu\u011fu d\u00fc\u015f\u00fcn\u00fclen Sertta\u015f&#8217;\u0131n cans\u0131z bedeni savc\u0131l\u0131k ve ekiplerin incelemesinin ard\u0131ndan kesin \u00f6l\u00fcm nedeninin belirlenmesi i\u00e7in Antalya Adli T\u0131p Kurumu morguna kald\u0131r\u0131ld\u0131. Kaynak: www.kanalv.com.tr Haber Sitesinden Al\u0131nm\u0131\u015ft\u0131r.\" \/>\n<meta property=\"og:url\" content=\"http:\/\/denizcankizil.tr\/en\/haberler\/antalya\/antalyada-1-kisi-oturdugu-bankta-olu-bulundu\/\" \/>\n<meta property=\"og:site_name\" content=\"Av. Deniz Can K\u0131z\u0131l\" \/>\n<meta property=\"article:published_time\" content=\"2025-07-01T08:41:30+00:00\" \/>\n<meta property=\"og:image\" content=\"http:\/\/denizcankizil.tr\/wp-content\/uploads\/2025\/07\/a-w487823-01-7aX4QZ.jpg\" \/>\n\t<meta property=\"og:image:width\" content=\"1280\" \/>\n\t<meta property=\"og:image:height\" content=\"720\" \/>\n\t<meta property=\"og:image:type\" content=\"image\/jpeg\" \/>\n<meta name=\"author\" content=\"Av. Deniz Can K\u0131z\u0131l\" \/>\n<meta name=\"twitter:card\" content=\"summary_large_image\" \/>\n<meta name=\"twitter:label1\" content=\"Written by\" \/>\n\t<meta name=\"twitter:data1\" content=\"Av. Deniz Can K\u0131z\u0131l\" \/>\n\t<meta name=\"twitter:label2\" content=\"Estimated reading time\" \/>\n\t<meta name=\"twitter:data2\" content=\"1 minute\" \/>\n<script type=\"application\/ld+json\" class=\"yoast-schema-graph\">{\"@context\":\"https:\/\/schema.org\",\"@graph\":[{\"@type\":\"Article\",\"@id\":\"http:\/\/denizcankizil.tr\/en\/haberler\/antalya\/antalyada-1-kisi-oturdugu-bankta-olu-bulundu\/#article\",\"isPartOf\":{\"@id\":\"http:\/\/denizcankizil.tr\/en\/haberler\/antalya\/antalyada-1-kisi-oturdugu-bankta-olu-bulundu\/\"},\"author\":{\"name\":\"Av. Deniz Can K\u0131z\u0131l\",\"@id\":\"https:\/\/denizcankizil.tr\/de\/#\/schema\/person\/5dc1b22991bd7ac833867c10afc9b0ff\"},\"headline\":\"Antalya&#8217;da 1 Ki\u015fi Oturdu\u011fu Bankta \u00d6l\u00fc Bulundu!\",\"datePublished\":\"2025-07-01T08:41:30+00:00\",\"mainEntityOfPage\":{\"@id\":\"http:\/\/denizcankizil.tr\/en\/haberler\/antalya\/antalyada-1-kisi-oturdugu-bankta-olu-bulundu\/\"},\"wordCount\":169,\"publisher\":{\"@id\":\"https:\/\/denizcankizil.tr\/de\/#organization\"},\"image\":{\"@id\":\"http:\/\/denizcankizil.tr\/en\/haberler\/antalya\/antalyada-1-kisi-oturdugu-bankta-olu-bulundu\/#primaryimage\"},\"thumbnailUrl\":\"http:\/\/denizcankizil.tr\/wp-content\/uploads\/2025\/07\/a-w487823-01-7aX4QZ.jpg\",\"articleSection\":[\"Antalya\"],\"inLanguage\":\"en-GB\"},{\"@type\":\"WebPage\",\"@id\":\"http:\/\/denizcankizil.tr\/en\/haberler\/antalya\/antalyada-1-kisi-oturdugu-bankta-olu-bulundu\/\",\"url\":\"http:\/\/denizcankizil.tr\/en\/haberler\/antalya\/antalyada-1-kisi-oturdugu-bankta-olu-bulundu\/\",\"name\":\"Antalya'da 1 Ki\u015fi Oturdu\u011fu Bankta \u00d6l\u00fc Bulundu! - Av. Deniz Can K\u0131z\u0131l\",\"isPartOf\":{\"@id\":\"https:\/\/denizcankizil.tr\/de\/#website\"},\"primaryImageOfPage\":{\"@id\":\"http:\/\/denizcankizil.tr\/en\/haberler\/antalya\/antalyada-1-kisi-oturdugu-bankta-olu-bulundu\/#primaryimage\"},\"image\":{\"@id\":\"http:\/\/denizcankizil.tr\/en\/haberler\/antalya\/antalyada-1-kisi-oturdugu-bankta-olu-bulundu\/#primaryimage\"},\"thumbnailUrl\":\"http:\/\/denizcankizil.tr\/wp-content\/uploads\/2025\/07\/a-w487823-01-7aX4QZ.jpg\",\"datePublished\":\"2025-07-01T08:41:30+00:00\",\"breadcrumb\":{\"@id\":\"http:\/\/denizcankizil.tr\/en\/haberler\/antalya\/antalyada-1-kisi-oturdugu-bankta-olu-bulundu\/#breadcrumb\"},\"inLanguage\":\"en-GB\",\"potentialAction\":[{\"@type\":\"ReadAction\",\"target\":[\"http:\/\/denizcankizil.tr\/en\/haberler\/antalya\/antalyada-1-kisi-oturdugu-bankta-olu-bulundu\/\"]}]},{\"@type\":\"ImageObject\",\"inLanguage\":\"en-GB\",\"@id\":\"http:\/\/denizcankizil.tr\/en\/haberler\/antalya\/antalyada-1-kisi-oturdugu-bankta-olu-bulundu\/#primaryimage\",\"url\":\"http:\/\/denizcankizil.tr\/wp-content\/uploads\/2025\/07\/a-w487823-01-7aX4QZ.jpg\",\"contentUrl\":\"http:\/\/denizcankizil.tr\/wp-content\/uploads\/2025\/07\/a-w487823-01-7aX4QZ.jpg\",\"width\":1280,\"height\":720},{\"@type\":\"BreadcrumbList\",\"@id\":\"http:\/\/denizcankizil.tr\/en\/haberler\/antalya\/antalyada-1-kisi-oturdugu-bankta-olu-bulundu\/#breadcrumb\",\"itemListElement\":[{\"@type\":\"ListItem\",\"position\":1,\"name\":\"Home\",\"item\":\"https:\/\/denizcankizil.tr\/de\/\"},{\"@type\":\"ListItem\",\"position\":2,\"name\":\"Antalya&#8217;da 1 Ki\u015fi Oturdu\u011fu Bankta \u00d6l\u00fc Bulundu!\"}]},{\"@type\":\"WebSite\",\"@id\":\"https:\/\/denizcankizil.tr\/de\/#website\",\"url\":\"https:\/\/denizcankizil.tr\/de\/\",\"name\":\"Av. Deniz Can K\u0131z\u0131l\",\"description\":\"Avukat Deniz Can K\u0131z\u0131l Antalya Barosu\",\"publisher\":{\"@id\":\"https:\/\/denizcankizil.tr\/de\/#organization\"},\"potentialAction\":[{\"@type\":\"SearchAction\",\"target\":{\"@type\":\"EntryPoint\",\"urlTemplate\":\"https:\/\/denizcankizil.tr\/de\/?s={search_term_string}\"},\"query-input\":{\"@type\":\"PropertyValueSpecification\",\"valueRequired\":true,\"valueName\":\"search_term_string\"}}],\"inLanguage\":\"en-GB\"},{\"@type\":\"Organization\",\"@id\":\"https:\/\/denizcankizil.tr\/de\/#organization\",\"name\":\"Av. Deniz Can K\u0131z\u0131l\",\"url\":\"https:\/\/denizcankizil.tr\/de\/\",\"logo\":{\"@type\":\"ImageObject\",\"inLanguage\":\"en-GB\",\"@id\":\"https:\/\/denizcankizil.tr\/de\/#\/schema\/logo\/image\/\",\"url\":\"http:\/\/denizcankizil.tr\/wp-content\/uploads\/2024\/10\/siyah-logo-svg.svg\",\"contentUrl\":\"http:\/\/denizcankizil.tr\/wp-content\/uploads\/2024\/10\/siyah-logo-svg.svg\",\"width\":1080,\"height\":1080,\"caption\":\"Av. Deniz Can K\u0131z\u0131l\"},\"image\":{\"@id\":\"https:\/\/denizcankizil.tr\/de\/#\/schema\/logo\/image\/\"}},{\"@type\":\"Person\",\"@id\":\"https:\/\/denizcankizil.tr\/de\/#\/schema\/person\/5dc1b22991bd7ac833867c10afc9b0ff\",\"name\":\"Av. Deniz Can K\u0131z\u0131l\",\"image\":{\"@type\":\"ImageObject\",\"inLanguage\":\"en-GB\",\"@id\":\"https:\/\/denizcankizil.tr\/de\/#\/schema\/person\/image\/\",\"url\":\"https:\/\/secure.gravatar.com\/avatar\/a0b128fb9855c79efc976d5640eedb31dc35ec297594d6016d2cf7c60e975bb6?s=96&d=mm&r=g\",\"contentUrl\":\"https:\/\/secure.gravatar.com\/avatar\/a0b128fb9855c79efc976d5640eedb31dc35ec297594d6016d2cf7c60e975bb6?s=96&d=mm&r=g\",\"caption\":\"Av. Deniz Can K\u0131z\u0131l\"},\"sameAs\":[\"http:\/\/www.denizcankizil.tr\"],\"url\":\"http:\/\/denizcankizil.tr\/en\/author\/denizcankizil\/\"}]}<\/script>\n<!-- \/ Yoast SEO Premium plugin. -->","yoast_head_json":{"title":"Antalya'da 1 Ki\u015fi Oturdu\u011fu Bankta \u00d6l\u00fc Bulundu! - Av. Deniz Can K\u0131z\u0131l","robots":{"index":"index","follow":"follow","max-snippet":"max-snippet:-1","max-image-preview":"max-image-preview:large","max-video-preview":"max-video-preview:-1"},"canonical":"http:\/\/denizcankizil.tr\/en\/haberler\/antalya\/antalyada-1-kisi-oturdugu-bankta-olu-bulundu\/","og_locale":"en_GB","og_type":"article","og_title":"Antalya'da 1 Ki\u015fi Oturdu\u011fu Bankta \u00d6l\u00fc Bulundu!","og_description":"Antalya&#8217;da 1 ki\u015fi park i\u00e7erisinde oturdu\u011fu bankta \u00f6l\u00fc bulundu. Olay, saat 09.00 s\u0131ralar\u0131nda Yenig\u00fcn Mahallesi Yunus Emre Caddesi&#8217;nde bulunan Yenig\u00fcn Park\u0131 i\u00e7erisinde meydana geldi. Edinilen bilgiye g\u00f6re, sabah saatlerinde park i\u00e7erisindeki bankta 1 ki\u015finin hareketsiz \u015fekilde yatt\u0131\u011f\u0131n\u0131 g\u00f6ren vatanda\u015flar, durumu 112 Acil \u00e7a\u011fr\u0131 Merkezi&#8217;ne bildirdi. \u0130hbar \u00fczerine verilen adrese gelen sa\u011fl\u0131k ekipleri yapt\u0131klar\u0131 kontrollerde \u015fahs\u0131n hayat\u0131n\u0131 kaybetti\u011fini belirledi. Bunun \u00fczerine b\u00f6lgeye Antalya Emniyet M\u00fcd\u00fcrl\u00fc\u011f\u00fc Asayi\u015f \u015eube M\u00fcd\u00fcrl\u00fc\u011f\u00fc Cinayet B\u00fcro Amirli\u011fi ve Olay Yeri \u0130nceleme ekibi sevk edildi. Ekiplerin yapt\u0131\u011f\u0131 incelemede \u015fahs\u0131n Murat Sertta\u015f (48) oldu\u011funu belirledi. Evsiz oldu\u011fu d\u00fc\u015f\u00fcn\u00fclen Sertta\u015f&#8217;\u0131n cans\u0131z bedeni savc\u0131l\u0131k ve ekiplerin incelemesinin ard\u0131ndan kesin \u00f6l\u00fcm nedeninin belirlenmesi i\u00e7in Antalya Adli T\u0131p Kurumu morguna kald\u0131r\u0131ld\u0131. Kaynak: www.kanalv.com.tr Haber Sitesinden Al\u0131nm\u0131\u015ft\u0131r.","og_url":"http:\/\/denizcankizil.tr\/en\/haberler\/antalya\/antalyada-1-kisi-oturdugu-bankta-olu-bulundu\/","og_site_name":"Av. Deniz Can K\u0131z\u0131l","article_published_time":"2025-07-01T08:41:30+00:00","og_image":[{"width":1280,"height":720,"url":"http:\/\/denizcankizil.tr\/wp-content\/uploads\/2025\/07\/a-w487823-01-7aX4QZ.jpg","type":"image\/jpeg"}],"author":"Av. Deniz Can K\u0131z\u0131l","twitter_card":"summary_large_image","twitter_misc":{"Written by":"Av. Deniz Can K\u0131z\u0131l","Estimated reading time":"1 minute"},"schema":{"@context":"https:\/\/schema.org","@graph":[{"@type":"Article","@id":"http:\/\/denizcankizil.tr\/en\/haberler\/antalya\/antalyada-1-kisi-oturdugu-bankta-olu-bulundu\/#article","isPartOf":{"@id":"http:\/\/denizcankizil.tr\/en\/haberler\/antalya\/antalyada-1-kisi-oturdugu-bankta-olu-bulundu\/"},"author":{"name":"Av. Deniz Can K\u0131z\u0131l","@id":"https:\/\/denizcankizil.tr\/de\/#\/schema\/person\/5dc1b22991bd7ac833867c10afc9b0ff"},"headline":"Antalya&#8217;da 1 Ki\u015fi Oturdu\u011fu Bankta \u00d6l\u00fc Bulundu!","datePublished":"2025-07-01T08:41:30+00:00","mainEntityOfPage":{"@id":"http:\/\/denizcankizil.tr\/en\/haberler\/antalya\/antalyada-1-kisi-oturdugu-bankta-olu-bulundu\/"},"wordCount":169,"publisher":{"@id":"https:\/\/denizcankizil.tr\/de\/#organization"},"image":{"@id":"http:\/\/denizcankizil.tr\/en\/haberler\/antalya\/antalyada-1-kisi-oturdugu-bankta-olu-bulundu\/#primaryimage"},"thumbnailUrl":"http:\/\/denizcankizil.tr\/wp-content\/uploads\/2025\/07\/a-w487823-01-7aX4QZ.jpg","articleSection":["Antalya"],"inLanguage":"en-GB"},{"@type":"WebPage","@id":"http:\/\/denizcankizil.tr\/en\/haberler\/antalya\/antalyada-1-kisi-oturdugu-bankta-olu-bulundu\/","url":"http:\/\/denizcankizil.tr\/en\/haberler\/antalya\/antalyada-1-kisi-oturdugu-bankta-olu-bulundu\/","name":"Antalya'da 1 Ki\u015fi Oturdu\u011fu Bankta \u00d6l\u00fc Bulundu! - Av. Deniz Can K\u0131z\u0131l","isPartOf":{"@id":"https:\/\/denizcankizil.tr\/de\/#website"},"primaryImageOfPage":{"@id":"http:\/\/denizcankizil.tr\/en\/haberler\/antalya\/antalyada-1-kisi-oturdugu-bankta-olu-bulundu\/#primaryimage"},"image":{"@id":"http:\/\/denizcankizil.tr\/en\/haberler\/antalya\/antalyada-1-kisi-oturdugu-bankta-olu-bulundu\/#primaryimage"},"thumbnailUrl":"http:\/\/denizcankizil.tr\/wp-content\/uploads\/2025\/07\/a-w487823-01-7aX4QZ.jpg","datePublished":"2025-07-01T08:41:30+00:00","breadcrumb":{"@id":"http:\/\/denizcankizil.tr\/en\/haberler\/antalya\/antalyada-1-kisi-oturdugu-bankta-olu-bulundu\/#breadcrumb"},"inLanguage":"en-GB","potentialAction":[{"@type":"ReadAction","target":["http:\/\/denizcankizil.tr\/en\/haberler\/antalya\/antalyada-1-kisi-oturdugu-bankta-olu-bulundu\/"]}]},{"@type":"ImageObject","inLanguage":"en-GB","@id":"http:\/\/denizcankizil.tr\/en\/haberler\/antalya\/antalyada-1-kisi-oturdugu-bankta-olu-bulundu\/#primaryimage","url":"http:\/\/denizcankizil.tr\/wp-content\/uploads\/2025\/07\/a-w487823-01-7aX4QZ.jpg","contentUrl":"http:\/\/denizcankizil.tr\/wp-content\/uploads\/2025\/07\/a-w487823-01-7aX4QZ.jpg","width":1280,"height":720},{"@type":"BreadcrumbList","@id":"http:\/\/denizcankizil.tr\/en\/haberler\/antalya\/antalyada-1-kisi-oturdugu-bankta-olu-bulundu\/#breadcrumb","itemListElement":[{"@type":"ListItem","position":1,"name":"Home","item":"https:\/\/denizcankizil.tr\/de\/"},{"@type":"ListItem","position":2,"name":"Antalya&#8217;da 1 Ki\u015fi Oturdu\u011fu Bankta \u00d6l\u00fc Bulundu!"}]},{"@type":"WebSite","@id":"https:\/\/denizcankizil.tr\/de\/#website","url":"https:\/\/denizcankizil.tr\/de\/","name":"Av. Deniz Can K\u0131z\u0131l","description":"Avukat Deniz Can K\u0131z\u0131l Antalya Barosu","publisher":{"@id":"https:\/\/denizcankizil.tr\/de\/#organization"},"potentialAction":[{"@type":"SearchAction","target":{"@type":"EntryPoint","urlTemplate":"https:\/\/denizcankizil.tr\/de\/?s={search_term_string}"},"query-input":{"@type":"PropertyValueSpecification","valueRequired":true,"valueName":"search_term_string"}}],"inLanguage":"en-GB"},{"@type":"Organization","@id":"https:\/\/denizcankizil.tr\/de\/#organization","name":"Av. Deniz Can K\u0131z\u0131l","url":"https:\/\/denizcankizil.tr\/de\/","logo":{"@type":"ImageObject","inLanguage":"en-GB","@id":"https:\/\/denizcankizil.tr\/de\/#\/schema\/logo\/image\/","url":"http:\/\/denizcankizil.tr\/wp-content\/uploads\/2024\/10\/siyah-logo-svg.svg","contentUrl":"http:\/\/denizcankizil.tr\/wp-content\/uploads\/2024\/10\/siyah-logo-svg.svg","width":1080,"height":1080,"caption":"Av. Deniz Can K\u0131z\u0131l"},"image":{"@id":"https:\/\/denizcankizil.tr\/de\/#\/schema\/logo\/image\/"}},{"@type":"Person","@id":"https:\/\/denizcankizil.tr\/de\/#\/schema\/person\/5dc1b22991bd7ac833867c10afc9b0ff","name":"Av. Deniz Can K\u0131z\u0131l","image":{"@type":"ImageObject","inLanguage":"en-GB","@id":"https:\/\/denizcankizil.tr\/de\/#\/schema\/person\/image\/","url":"https:\/\/secure.gravatar.com\/avatar\/a0b128fb9855c79efc976d5640eedb31dc35ec297594d6016d2cf7c60e975bb6?s=96&d=mm&r=g","contentUrl":"https:\/\/secure.gravatar.com\/avatar\/a0b128fb9855c79efc976d5640eedb31dc35ec297594d6016d2cf7c60e975bb6?s=96&d=mm&r=g","caption":"Av. Deniz Can K\u0131z\u0131l"},"sameAs":["http:\/\/www.denizcankizil.tr"],"url":"http:\/\/denizcankizil.tr\/en\/author\/denizcankizil\/"}]}},"_links":{"self":[{"href":"http:\/\/denizcankizil.tr\/en\/wp-json\/wp\/v2\/posts\/132323","targetHints":{"allow":["GET"]}}],"collection":[{"href":"http:\/\/denizcankizil.tr\/en\/wp-json\/wp\/v2\/posts"}],"about":[{"href":"http:\/\/denizcankizil.tr\/en\/wp-json\/wp\/v2\/types\/post"}],"author":[{"embeddable":true,"href":"http:\/\/denizcankizil.tr\/en\/wp-json\/wp\/v2\/users\/4"}],"replies":[{"embeddable":true,"href":"http:\/\/denizcankizil.tr\/en\/wp-json\/wp\/v2\/comments?post=132323"}],"version-history":[{"count":0,"href":"http:\/\/denizcankizil.tr\/en\/wp-json\/wp\/v2\/posts\/132323\/revisions"}],"wp:featuredmedia":[{"embeddable":true,"href":"http:\/\/denizcankizil.tr\/en\/wp-json\/wp\/v2\/media\/132324"}],"wp:attachment":[{"href":"http:\/\/denizcankizil.tr\/en\/wp-json\/wp\/v2\/media?parent=132323"}],"wp:term":[{"taxonomy":"category","embeddable":true,"href":"http:\/\/denizcankizil.tr\/en\/wp-json\/wp\/v2\/categories?post=132323"},{"taxonomy":"post_tag","embeddable":true,"href":"http:\/\/denizcankizil.tr\/en\/wp-json\/wp\/v2\/tags?post=132323"}],"curies":[{"name":"wp","href":"https:\/\/api.w.org\/{rel}","templated":true}]}}