{"id":132273,"date":"2025-07-01T09:42:37","date_gmt":"2025-07-01T06:42:37","guid":{"rendered":"https:\/\/denizcankizil.tr\/uncategorized-tr\/kose-greve-destek-verdi\/"},"modified":"2025-07-01T09:42:37","modified_gmt":"2025-07-01T06:42:37","slug":"kose-greve-destek-verdi","status":"publish","type":"post","link":"http:\/\/denizcankizil.tr\/en\/haberler\/gundem\/kose-greve-destek-verdi\/","title":{"rendered":"K\u00f6se Greve Destek Verdi"},"content":{"rendered":"<p>\u015eube ba\u015fkan\u0131 Mehmet G\u00fcng\u00f6r ziyarete ili\u015fkin yapt\u0131\u011f\u0131 a\u00e7\u0131klamalarda bulundu.<\/p>\n<p>Bug\u00fcn, emek ve al\u0131n teriyle \u00f6rd\u00fc\u011f\u00fcm\u00fcz direni\u015fin 377. g\u00fcn\u00fcnde m\u00fccadelemize moral ve g\u00fc\u00e7 veren anlaml\u0131 bir ziyareti geride b\u0131rakt\u0131k.<\/p>\n<p>\u00a0Ankara B\u00f6lge Ba\u015fkan\u0131m\u0131z Cemalettin K\u00f6se, Yolbulan\u2019daki kararl\u0131 direni\u015fimizi yerinde g\u00f6rmek, i\u015f\u00e7i karde\u015flerimizin yan\u0131nda oldu\u011funu g\u00f6stermek i\u00e7in direni\u015f alan\u0131n\u0131 ziyaret etti.<\/p>\n<p>Emek\u00e7ilerin kararl\u0131 duru\u015funa ve hakl\u0131 m\u00fccadelesine duydu\u011fu sayg\u0131y\u0131 dile getiren Ba\u015fkan\u0131m\u0131z, bu onurlu y\u00fcr\u00fcy\u00fc\u015fte sonuna kadar yan\u0131m\u0131zda oldu\u011funu belirtti.<\/p>\n<p>Bu ziyaret, direni\u015f alan\u0131nda umutlar\u0131 peki\u015ftirdi, birlik duygusunu g\u00fc\u00e7lendirdi dedi.<\/p>\n<p>\u00a0G\u00fcng\u00f6r; \u201cBizi yaln\u0131z b\u0131rakmayan, deste\u011fiyle m\u00fccadelemizi b\u00fcy\u00fcten Ankara B\u00f6lge Ba\u015fkan\u0131m\u0131z Say\u0131n Cemalettin K\u00f6se\u2019ye ve y\u00f6netimine Yolbulan emek\u00e7ileri ad\u0131na en i\u00e7ten te\u015fekk\u00fcrlerimi sunuyorum.<\/p>\n<p>Bu dayan\u0131\u015fma, bu birlik olduk\u00e7a ne bask\u0131lar ne oyunlar bizi y\u0131ld\u0131ramaz. \u00c7\u00fcnk\u00fc biz hakl\u0131y\u0131z ve mutlaka kazanaca\u011f\u0131z.\u201d dedi.<\/p>\n<p>\u200bYolbulan fabrikas\u0131ndaki emek ve al\u0131nteri m\u00fccadelesine \u00d6z\u00e7elik \u0130\u015f Ankara b\u00f6lge ba\u015fkan\u0131ndan destek geldi.\u00a0<\/p>\n<p>\u200bHaberin Al\u0131nt\u0131land\u0131\u011f\u0131 Kaynak: www.iskenderun.org<\/p>","protected":false},"excerpt":{"rendered":"<p>\u015eube ba\u015fkan\u0131 Mehmet G\u00fcng\u00f6r ziyarete ili\u015fkin yapt\u0131\u011f\u0131 a\u00e7\u0131klamalarda bulundu. Bug\u00fcn, emek ve al\u0131n teriyle \u00f6rd\u00fc\u011f\u00fcm\u00fcz direni\u015fin 377. g\u00fcn\u00fcnde m\u00fccadelemize moral ve g\u00fc\u00e7 veren anlaml\u0131 bir ziyareti geride b\u0131rakt\u0131k. \u00a0Ankara B\u00f6lge Ba\u015fkan\u0131m\u0131z Cemalettin K\u00f6se, Yolbulan\u2019daki kararl\u0131 direni\u015fimizi yerinde g\u00f6rmek, i\u015f\u00e7i karde\u015flerimizin yan\u0131nda oldu\u011funu g\u00f6stermek i\u00e7in direni\u015f alan\u0131n\u0131 ziyaret etti. Emek\u00e7ilerin kararl\u0131 duru\u015funa ve hakl\u0131 m\u00fccadelesine duydu\u011fu sayg\u0131y\u0131 dile getiren Ba\u015fkan\u0131m\u0131z, bu onurlu y\u00fcr\u00fcy\u00fc\u015fte sonuna kadar yan\u0131m\u0131zda oldu\u011funu belirtti. Bu ziyaret, direni\u015f alan\u0131nda umutlar\u0131 peki\u015ftirdi, birlik duygusunu g\u00fc\u00e7lendirdi dedi. \u00a0G\u00fcng\u00f6r; \u201cBizi yaln\u0131z b\u0131rakmayan, deste\u011fiyle m\u00fccadelemizi b\u00fcy\u00fcten Ankara B\u00f6lge Ba\u015fkan\u0131m\u0131z Say\u0131n Cemalettin K\u00f6se\u2019ye ve y\u00f6netimine Yolbulan emek\u00e7ileri ad\u0131na en i\u00e7ten te\u015fekk\u00fcrlerimi sunuyorum. Bu dayan\u0131\u015fma, bu birlik olduk\u00e7a ne bask\u0131lar ne oyunlar bizi y\u0131ld\u0131ramaz. \u00c7\u00fcnk\u00fc biz hakl\u0131y\u0131z ve mutlaka kazanaca\u011f\u0131z.\u201d dedi. \u200bYolbulan fabrikas\u0131ndaki emek ve al\u0131nteri m\u00fccadelesine \u00d6z\u00e7elik \u0130\u015f Ankara b\u00f6lge ba\u015fkan\u0131ndan destek geldi.\u00a0 \u200bHaberin Al\u0131nt\u0131land\u0131\u011f\u0131 Kaynak: www.iskenderun.org<\/p>","protected":false},"author":1,"featured_media":0,"comment_status":"","ping_status":"open","sticky":false,"template":"","format":"standard","meta":{"_acf_changed":false,"footnotes":""},"categories":[24],"tags":[],"class_list":["post-132273","post","type-post","status-publish","format-standard","has-post-thumbnail","hentry","category-gundem"],"acf":[],"yoast_head":"<!-- This site is optimized with the Yoast SEO Premium plugin v26.6 (Yoast SEO v27.1.1) - https:\/\/yoast.com\/product\/yoast-seo-premium-wordpress\/ -->\n<title>K\u00f6se Greve Destek Verdi - Av. Deniz Can K\u0131z\u0131l<\/title>\n<meta name=\"robots\" content=\"index, follow, max-snippet:-1, max-image-preview:large, max-video-preview:-1\" \/>\n<link rel=\"canonical\" href=\"http:\/\/denizcankizil.tr\/en\/haberler\/gundem\/kose-greve-destek-verdi\/\" \/>\n<meta property=\"og:locale\" content=\"en_GB\" \/>\n<meta property=\"og:type\" content=\"article\" \/>\n<meta property=\"og:title\" content=\"K\u00f6se Greve Destek Verdi\" \/>\n<meta property=\"og:description\" content=\"\u015eube ba\u015fkan\u0131 Mehmet G\u00fcng\u00f6r ziyarete ili\u015fkin yapt\u0131\u011f\u0131 a\u00e7\u0131klamalarda bulundu. Bug\u00fcn, emek ve al\u0131n teriyle \u00f6rd\u00fc\u011f\u00fcm\u00fcz direni\u015fin 377. g\u00fcn\u00fcnde m\u00fccadelemize moral ve g\u00fc\u00e7 veren anlaml\u0131 bir ziyareti geride b\u0131rakt\u0131k. \u00a0Ankara B\u00f6lge Ba\u015fkan\u0131m\u0131z Cemalettin K\u00f6se, Yolbulan\u2019daki kararl\u0131 direni\u015fimizi yerinde g\u00f6rmek, i\u015f\u00e7i karde\u015flerimizin yan\u0131nda oldu\u011funu g\u00f6stermek i\u00e7in direni\u015f alan\u0131n\u0131 ziyaret etti. Emek\u00e7ilerin kararl\u0131 duru\u015funa ve hakl\u0131 m\u00fccadelesine duydu\u011fu sayg\u0131y\u0131 dile getiren Ba\u015fkan\u0131m\u0131z, bu onurlu y\u00fcr\u00fcy\u00fc\u015fte sonuna kadar yan\u0131m\u0131zda oldu\u011funu belirtti. Bu ziyaret, direni\u015f alan\u0131nda umutlar\u0131 peki\u015ftirdi, birlik duygusunu g\u00fc\u00e7lendirdi dedi. \u00a0G\u00fcng\u00f6r; \u201cBizi yaln\u0131z b\u0131rakmayan, deste\u011fiyle m\u00fccadelemizi b\u00fcy\u00fcten Ankara B\u00f6lge Ba\u015fkan\u0131m\u0131z Say\u0131n Cemalettin K\u00f6se\u2019ye ve y\u00f6netimine Yolbulan emek\u00e7ileri ad\u0131na en i\u00e7ten te\u015fekk\u00fcrlerimi sunuyorum. Bu dayan\u0131\u015fma, bu birlik olduk\u00e7a ne bask\u0131lar ne oyunlar bizi y\u0131ld\u0131ramaz. \u00c7\u00fcnk\u00fc biz hakl\u0131y\u0131z ve mutlaka kazanaca\u011f\u0131z.\u201d dedi. \u200bYolbulan fabrikas\u0131ndaki emek ve al\u0131nteri m\u00fccadelesine \u00d6z\u00e7elik \u0130\u015f Ankara b\u00f6lge ba\u015fkan\u0131ndan destek geldi.\u00a0 \u200bHaberin Al\u0131nt\u0131land\u0131\u011f\u0131 Kaynak: www.iskenderun.org\" \/>\n<meta property=\"og:url\" content=\"http:\/\/denizcankizil.tr\/en\/haberler\/gundem\/kose-greve-destek-verdi\/\" \/>\n<meta property=\"og:site_name\" content=\"Av. Deniz Can K\u0131z\u0131l\" \/>\n<meta property=\"article:published_time\" content=\"2025-07-01T06:42:37+00:00\" \/>\n<meta name=\"author\" content=\"admin\" \/>\n<meta name=\"twitter:card\" content=\"summary_large_image\" \/>\n<meta name=\"twitter:label1\" content=\"Written by\" \/>\n\t<meta name=\"twitter:data1\" content=\"admin\" \/>\n\t<meta name=\"twitter:label2\" content=\"Estimated reading time\" \/>\n\t<meta name=\"twitter:data2\" content=\"1 minute\" \/>\n<script type=\"application\/ld+json\" class=\"yoast-schema-graph\">{\"@context\":\"https:\/\/schema.org\",\"@graph\":[{\"@type\":\"Article\",\"@id\":\"http:\/\/denizcankizil.tr\/en\/haberler\/gundem\/kose-greve-destek-verdi\/#article\",\"isPartOf\":{\"@id\":\"http:\/\/denizcankizil.tr\/en\/haberler\/gundem\/kose-greve-destek-verdi\/\"},\"author\":{\"name\":\"admin\",\"@id\":\"https:\/\/denizcankizil.tr\/#\/schema\/person\/be3c05fe6a12686905512445d8185489\"},\"headline\":\"K\u00f6se Greve Destek Verdi\",\"datePublished\":\"2025-07-01T06:42:37+00:00\",\"mainEntityOfPage\":{\"@id\":\"http:\/\/denizcankizil.tr\/en\/haberler\/gundem\/kose-greve-destek-verdi\/\"},\"wordCount\":224,\"publisher\":{\"@id\":\"https:\/\/denizcankizil.tr\/#organization\"},\"articleSection\":[\"G\u00fcndem\"],\"inLanguage\":\"en-GB\"},{\"@type\":\"WebPage\",\"@id\":\"http:\/\/denizcankizil.tr\/en\/haberler\/gundem\/kose-greve-destek-verdi\/\",\"url\":\"http:\/\/denizcankizil.tr\/en\/haberler\/gundem\/kose-greve-destek-verdi\/\",\"name\":\"K\u00f6se Greve Destek Verdi - Av. Deniz Can K\u0131z\u0131l\",\"isPartOf\":{\"@id\":\"https:\/\/denizcankizil.tr\/#website\"},\"datePublished\":\"2025-07-01T06:42:37+00:00\",\"breadcrumb\":{\"@id\":\"http:\/\/denizcankizil.tr\/en\/haberler\/gundem\/kose-greve-destek-verdi\/#breadcrumb\"},\"inLanguage\":\"en-GB\",\"potentialAction\":[{\"@type\":\"ReadAction\",\"target\":[\"http:\/\/denizcankizil.tr\/en\/haberler\/gundem\/kose-greve-destek-verdi\/\"]}]},{\"@type\":\"BreadcrumbList\",\"@id\":\"http:\/\/denizcankizil.tr\/en\/haberler\/gundem\/kose-greve-destek-verdi\/#breadcrumb\",\"itemListElement\":[{\"@type\":\"ListItem\",\"position\":1,\"name\":\"Home\",\"item\":\"https:\/\/denizcankizil.tr\/de\/\"},{\"@type\":\"ListItem\",\"position\":2,\"name\":\"K\u00f6se Greve Destek Verdi\"}]},{\"@type\":\"WebSite\",\"@id\":\"https:\/\/denizcankizil.tr\/#website\",\"url\":\"https:\/\/denizcankizil.tr\/\",\"name\":\"Av. Deniz Can K\u0131z\u0131l\",\"description\":\"Avukat Deniz Can K\u0131z\u0131l Antalya Barosu\",\"publisher\":{\"@id\":\"https:\/\/denizcankizil.tr\/#organization\"},\"potentialAction\":[{\"@type\":\"SearchAction\",\"target\":{\"@type\":\"EntryPoint\",\"urlTemplate\":\"https:\/\/denizcankizil.tr\/?s={search_term_string}\"},\"query-input\":{\"@type\":\"PropertyValueSpecification\",\"valueRequired\":true,\"valueName\":\"search_term_string\"}}],\"inLanguage\":\"en-GB\"},{\"@type\":\"Organization\",\"@id\":\"https:\/\/denizcankizil.tr\/#organization\",\"name\":\"Av. Deniz Can K\u0131z\u0131l\",\"url\":\"https:\/\/denizcankizil.tr\/\",\"logo\":{\"@type\":\"ImageObject\",\"inLanguage\":\"en-GB\",\"@id\":\"https:\/\/denizcankizil.tr\/#\/schema\/logo\/image\/\",\"url\":\"http:\/\/denizcankizil.tr\/wp-content\/uploads\/2024\/10\/siyah-logo-svg.svg\",\"contentUrl\":\"http:\/\/denizcankizil.tr\/wp-content\/uploads\/2024\/10\/siyah-logo-svg.svg\",\"width\":1080,\"height\":1080,\"caption\":\"Av. Deniz Can K\u0131z\u0131l\"},\"image\":{\"@id\":\"https:\/\/denizcankizil.tr\/#\/schema\/logo\/image\/\"}},{\"@type\":\"Person\",\"@id\":\"https:\/\/denizcankizil.tr\/#\/schema\/person\/be3c05fe6a12686905512445d8185489\",\"name\":\"admin\",\"image\":{\"@type\":\"ImageObject\",\"inLanguage\":\"en-GB\",\"@id\":\"https:\/\/denizcankizil.tr\/#\/schema\/person\/image\/\",\"url\":\"https:\/\/secure.gravatar.com\/avatar\/c1fce94c830dc79107e174f890d7210541c4a63e8e5d816341794a2151c9d58c?s=96&d=mm&r=g\",\"contentUrl\":\"https:\/\/secure.gravatar.com\/avatar\/c1fce94c830dc79107e174f890d7210541c4a63e8e5d816341794a2151c9d58c?s=96&d=mm&r=g\",\"caption\":\"admin\"},\"sameAs\":[\"http:\/\/denizcankizil.tr\"],\"url\":\"https:\/\/www.iskenderun.org\/kose-greve-destek-verdi\"}]}<\/script>\n<!-- \/ Yoast SEO Premium plugin. -->","yoast_head_json":{"title":"K\u00f6se Greve Destek Verdi - Av. Deniz Can K\u0131z\u0131l","robots":{"index":"index","follow":"follow","max-snippet":"max-snippet:-1","max-image-preview":"max-image-preview:large","max-video-preview":"max-video-preview:-1"},"canonical":"http:\/\/denizcankizil.tr\/en\/haberler\/gundem\/kose-greve-destek-verdi\/","og_locale":"en_GB","og_type":"article","og_title":"K\u00f6se Greve Destek Verdi","og_description":"\u015eube ba\u015fkan\u0131 Mehmet G\u00fcng\u00f6r ziyarete ili\u015fkin yapt\u0131\u011f\u0131 a\u00e7\u0131klamalarda bulundu. Bug\u00fcn, emek ve al\u0131n teriyle \u00f6rd\u00fc\u011f\u00fcm\u00fcz direni\u015fin 377. g\u00fcn\u00fcnde m\u00fccadelemize moral ve g\u00fc\u00e7 veren anlaml\u0131 bir ziyareti geride b\u0131rakt\u0131k. \u00a0Ankara B\u00f6lge Ba\u015fkan\u0131m\u0131z Cemalettin K\u00f6se, Yolbulan\u2019daki kararl\u0131 direni\u015fimizi yerinde g\u00f6rmek, i\u015f\u00e7i karde\u015flerimizin yan\u0131nda oldu\u011funu g\u00f6stermek i\u00e7in direni\u015f alan\u0131n\u0131 ziyaret etti. Emek\u00e7ilerin kararl\u0131 duru\u015funa ve hakl\u0131 m\u00fccadelesine duydu\u011fu sayg\u0131y\u0131 dile getiren Ba\u015fkan\u0131m\u0131z, bu onurlu y\u00fcr\u00fcy\u00fc\u015fte sonuna kadar yan\u0131m\u0131zda oldu\u011funu belirtti. Bu ziyaret, direni\u015f alan\u0131nda umutlar\u0131 peki\u015ftirdi, birlik duygusunu g\u00fc\u00e7lendirdi dedi. \u00a0G\u00fcng\u00f6r; \u201cBizi yaln\u0131z b\u0131rakmayan, deste\u011fiyle m\u00fccadelemizi b\u00fcy\u00fcten Ankara B\u00f6lge Ba\u015fkan\u0131m\u0131z Say\u0131n Cemalettin K\u00f6se\u2019ye ve y\u00f6netimine Yolbulan emek\u00e7ileri ad\u0131na en i\u00e7ten te\u015fekk\u00fcrlerimi sunuyorum. Bu dayan\u0131\u015fma, bu birlik olduk\u00e7a ne bask\u0131lar ne oyunlar bizi y\u0131ld\u0131ramaz. \u00c7\u00fcnk\u00fc biz hakl\u0131y\u0131z ve mutlaka kazanaca\u011f\u0131z.\u201d dedi. \u200bYolbulan fabrikas\u0131ndaki emek ve al\u0131nteri m\u00fccadelesine \u00d6z\u00e7elik \u0130\u015f Ankara b\u00f6lge ba\u015fkan\u0131ndan destek geldi.\u00a0 \u200bHaberin Al\u0131nt\u0131land\u0131\u011f\u0131 Kaynak: www.iskenderun.org","og_url":"http:\/\/denizcankizil.tr\/en\/haberler\/gundem\/kose-greve-destek-verdi\/","og_site_name":"Av. Deniz Can K\u0131z\u0131l","article_published_time":"2025-07-01T06:42:37+00:00","author":"admin","twitter_card":"summary_large_image","twitter_misc":{"Written by":"admin","Estimated reading time":"1 minute"},"schema":{"@context":"https:\/\/schema.org","@graph":[{"@type":"Article","@id":"http:\/\/denizcankizil.tr\/en\/haberler\/gundem\/kose-greve-destek-verdi\/#article","isPartOf":{"@id":"http:\/\/denizcankizil.tr\/en\/haberler\/gundem\/kose-greve-destek-verdi\/"},"author":{"name":"admin","@id":"https:\/\/denizcankizil.tr\/#\/schema\/person\/be3c05fe6a12686905512445d8185489"},"headline":"K\u00f6se Greve Destek Verdi","datePublished":"2025-07-01T06:42:37+00:00","mainEntityOfPage":{"@id":"http:\/\/denizcankizil.tr\/en\/haberler\/gundem\/kose-greve-destek-verdi\/"},"wordCount":224,"publisher":{"@id":"https:\/\/denizcankizil.tr\/#organization"},"articleSection":["G\u00fcndem"],"inLanguage":"en-GB"},{"@type":"WebPage","@id":"http:\/\/denizcankizil.tr\/en\/haberler\/gundem\/kose-greve-destek-verdi\/","url":"http:\/\/denizcankizil.tr\/en\/haberler\/gundem\/kose-greve-destek-verdi\/","name":"K\u00f6se Greve Destek Verdi - Av. Deniz Can K\u0131z\u0131l","isPartOf":{"@id":"https:\/\/denizcankizil.tr\/#website"},"datePublished":"2025-07-01T06:42:37+00:00","breadcrumb":{"@id":"http:\/\/denizcankizil.tr\/en\/haberler\/gundem\/kose-greve-destek-verdi\/#breadcrumb"},"inLanguage":"en-GB","potentialAction":[{"@type":"ReadAction","target":["http:\/\/denizcankizil.tr\/en\/haberler\/gundem\/kose-greve-destek-verdi\/"]}]},{"@type":"BreadcrumbList","@id":"http:\/\/denizcankizil.tr\/en\/haberler\/gundem\/kose-greve-destek-verdi\/#breadcrumb","itemListElement":[{"@type":"ListItem","position":1,"name":"Home","item":"https:\/\/denizcankizil.tr\/de\/"},{"@type":"ListItem","position":2,"name":"K\u00f6se Greve Destek Verdi"}]},{"@type":"WebSite","@id":"https:\/\/denizcankizil.tr\/#website","url":"https:\/\/denizcankizil.tr\/","name":"Av. Deniz Can K\u0131z\u0131l","description":"Avukat Deniz Can K\u0131z\u0131l Antalya Barosu","publisher":{"@id":"https:\/\/denizcankizil.tr\/#organization"},"potentialAction":[{"@type":"SearchAction","target":{"@type":"EntryPoint","urlTemplate":"https:\/\/denizcankizil.tr\/?s={search_term_string}"},"query-input":{"@type":"PropertyValueSpecification","valueRequired":true,"valueName":"search_term_string"}}],"inLanguage":"en-GB"},{"@type":"Organization","@id":"https:\/\/denizcankizil.tr\/#organization","name":"Av. Deniz Can K\u0131z\u0131l","url":"https:\/\/denizcankizil.tr\/","logo":{"@type":"ImageObject","inLanguage":"en-GB","@id":"https:\/\/denizcankizil.tr\/#\/schema\/logo\/image\/","url":"http:\/\/denizcankizil.tr\/wp-content\/uploads\/2024\/10\/siyah-logo-svg.svg","contentUrl":"http:\/\/denizcankizil.tr\/wp-content\/uploads\/2024\/10\/siyah-logo-svg.svg","width":1080,"height":1080,"caption":"Av. Deniz Can K\u0131z\u0131l"},"image":{"@id":"https:\/\/denizcankizil.tr\/#\/schema\/logo\/image\/"}},{"@type":"Person","@id":"https:\/\/denizcankizil.tr\/#\/schema\/person\/be3c05fe6a12686905512445d8185489","name":"admin","image":{"@type":"ImageObject","inLanguage":"en-GB","@id":"https:\/\/denizcankizil.tr\/#\/schema\/person\/image\/","url":"https:\/\/secure.gravatar.com\/avatar\/c1fce94c830dc79107e174f890d7210541c4a63e8e5d816341794a2151c9d58c?s=96&d=mm&r=g","contentUrl":"https:\/\/secure.gravatar.com\/avatar\/c1fce94c830dc79107e174f890d7210541c4a63e8e5d816341794a2151c9d58c?s=96&d=mm&r=g","caption":"admin"},"sameAs":["http:\/\/denizcankizil.tr"],"url":"https:\/\/www.iskenderun.org\/kose-greve-destek-verdi"}]}},"_links":{"self":[{"href":"http:\/\/denizcankizil.tr\/en\/wp-json\/wp\/v2\/posts\/132273","targetHints":{"allow":["GET"]}}],"collection":[{"href":"http:\/\/denizcankizil.tr\/en\/wp-json\/wp\/v2\/posts"}],"about":[{"href":"http:\/\/denizcankizil.tr\/en\/wp-json\/wp\/v2\/types\/post"}],"author":[{"embeddable":true,"href":"http:\/\/denizcankizil.tr\/en\/wp-json\/wp\/v2\/users\/1"}],"replies":[{"embeddable":true,"href":"http:\/\/denizcankizil.tr\/en\/wp-json\/wp\/v2\/comments?post=132273"}],"version-history":[{"count":0,"href":"http:\/\/denizcankizil.tr\/en\/wp-json\/wp\/v2\/posts\/132273\/revisions"}],"wp:attachment":[{"href":"http:\/\/denizcankizil.tr\/en\/wp-json\/wp\/v2\/media?parent=132273"}],"wp:term":[{"taxonomy":"category","embeddable":true,"href":"http:\/\/denizcankizil.tr\/en\/wp-json\/wp\/v2\/categories?post=132273"},{"taxonomy":"post_tag","embeddable":true,"href":"http:\/\/denizcankizil.tr\/en\/wp-json\/wp\/v2\/tags?post=132273"}],"curies":[{"name":"wp","href":"https:\/\/api.w.org\/{rel}","templated":true}]}}