{"id":131622,"date":"2025-06-30T18:42:31","date_gmt":"2025-06-30T15:42:31","guid":{"rendered":"https:\/\/denizcankizil.tr\/uncategorized-tr\/tusas-iskenderunlu-sanayicilerle-bulustu\/"},"modified":"2025-06-30T18:42:31","modified_gmt":"2025-06-30T15:42:31","slug":"tusas-iskenderunlu-sanayicilerle-bulustu","status":"publish","type":"post","link":"http:\/\/denizcankizil.tr\/en\/haberler\/gundem\/tusas-iskenderunlu-sanayicilerle-bulustu\/","title":{"rendered":"TUSA\u015e, \u0130skenderunlu Sanayicilerle Bulu\u015ftu"},"content":{"rendered":"<p>Toplant\u0131ya \u0130TSO Ba\u015fkan\u0131 Levent Hakk\u0131 Y\u0131lmaz, TUSA\u015e yetkilileri, sanayiciler ve KOB\u0130 temsilcileri kat\u0131ld\u0131. Toplant\u0131n\u0131n a\u00e7\u0131l\u0131\u015f konu\u015fmas\u0131n\u0131 yapan \u0130TSO Ba\u015fkan\u0131 Levent Hakk\u0131 Y\u0131lmaz, TUSA\u015e\u2019\u0131n T\u00fcrkiye&#8217;nin savunma ve havac\u0131l\u0131k sanayisindeki d\u0131\u015fa ba\u011f\u0131ml\u0131l\u0131\u011f\u0131n\u0131 azaltmak amac\u0131yla kuruldu\u011funu belirterek, \u201cY\u00f6netim kurulumuzla birlikte k\u0131sa s\u00fcre \u00f6nce TUSA\u015e tesislerine bir ziyaret ger\u00e7ekle\u015ftirdik. Bu ziyaretlerde yerli \u00fcretim, b\u00f6lgesel KOB\u0130 entegrasyonu ve \u00fcniversite-sanayi i\u015f birli\u011fi gibi \u00f6nemli ba\u015fl\u0131klarda fikir al\u0131\u015fveri\u015finde bulunduk. \u00d6zellikle Milli Muharip U\u00e7ak KAAN, ANKA ve AKSUNGUR \u0130HA&#8217;lar\u0131 ile ATAK ve G\u00d6KBEY helikopterlerinin \u00fcretim alanlar\u0131n\u0131 yerinde g\u00f6rme f\u0131rsat\u0131m\u0131z oldu\u201d diye konu\u015ftu.<\/p>\n<p>TUSA\u015e Ziyaretlerinin ard\u0131ndan \u00e7e\u015fitli proje \u00f6nerilerinin g\u00fcndeme geldi\u011fini ifade eden \u0130TSO Ba\u015fkan\u0131 Y\u0131lmaz, T\u00dcB\u0130TAK destekli AR-GE i\u015f birlikleri, staj ve uygulamal\u0131 e\u011fitim imkanlar\u0131, montaj ve test gibi s\u00fcre\u00e7lerde \u00f6\u011frencilere deneyim kazand\u0131racak programlar\u0131n geli\u015ftirilmesi gibi ad\u0131mlar\u0131n at\u0131laca\u011f\u0131n\u0131 s\u00f6yledi.<\/p>\n<p>Ayr\u0131ca \u0130skenderun\u2019daki sanayi kurulu\u015flar\u0131n\u0131n TUSA\u015e\u2019\u0131n tedarik zincirine dahil edilmesiyle hem b\u00f6lgeye teknoloji transferi sa\u011flanaca\u011f\u0131 hem de \u00fcretim kapasitesinin art\u0131r\u0131laca\u011f\u0131 vurgulayarak \u201cBu i\u015f birli\u011finin hem yerel sanayiye hem de \u00fclke savunma sanayiine \u00f6nemli katk\u0131lar sunaca\u011f\u0131na inan\u0131yoruz. \u0130skenderunlu firmalar\u0131n TUSA\u015e projelerinde yer alabilmesi i\u00e7in gerekli t\u00fcm deste\u011fi verece\u011fiz\u201d dedi. \u00a0<\/p>\n<p>\u00a0<\/p>\n<p>TUSA\u015e: \u201cEKOS\u0130STEM\u0130 B\u00dcY\u00dcT\u00dcYORUZ\u201d<\/p>\n<p>Toplant\u0131da bir sunum yaparak \u015firketin faaliyetleri hakk\u0131nda bilgi veren TUSA\u015e Sanayi Geli\u015ftirme M\u00fchendisi Ahmet Furkan \u00d6ney, TUSA\u015e\u2019\u0131n 1973 y\u0131l\u0131nda kuruldu\u011funu, 1984\u2019te F-16 \u00fcretimiyle ABD ortakl\u0131\u011f\u0131yla faaliyetlerini s\u00fcrd\u00fcrd\u00fc\u011f\u00fcn\u00fc, 2005 y\u0131l\u0131nda tamamen T\u00fcrk sermayesine ge\u00e7ti\u011fini hat\u0131rlatt\u0131.<\/p>\n<p>Bug\u00fcn 4 milyon metrekare a\u00e7\u0131k, 720 bin metrekare kapal\u0131 alana sahip olan tesislerinde \u00fcretim yapan TUSA\u015e\u2019\u0131n, 2024 itibar\u0131yla %35 ihracat oran\u0131yla yakla\u015f\u0131k %16 oran\u0131nda konsolide b\u00fcy\u00fcme sa\u011flad\u0131\u011f\u0131n\u0131 belirten \u00d6ney, personel say\u0131s\u0131n\u0131n da son 8 y\u0131lda %196 artarak 15 bin 622\u2019ye ula\u015ft\u0131\u011f\u0131n\u0131 aktard\u0131.<\/p>\n<p>TUSA\u015e\u2019\u0131n \u00f6zg\u00fcn projelerinden H\u00dcRKU\u015e, H\u00dcRJET, Milli Muharip U\u00e7ak KAAN, G\u00d6KBEY, ATAK helikopterleri ve ANKA, AKSUNGUR insans\u0131z hava ara\u00e7lar\u0131 hakk\u0131nda detayl\u0131 bilgiler veren \u00d6ney \u201cKAAN u\u00e7a\u011f\u0131nda prototip faz\u0131 tamamland\u0131. 2035 y\u0131l\u0131na kadar 48 adetlik \u00fcretim hedefiyle \u00e7al\u0131\u015fmalar\u0131m\u0131z s\u00fcr\u00fcyor. Ayn\u0131 \u015fekilde ANKA 3\u2019\u00fcn de prototipi haz\u0131rland\u0131, seri \u00fcretim s\u00fcrecine ge\u00e7ilecek. Uzay alan\u0131ndaki faaliyetlerimiz de s\u00fcr\u00fcyor. Haberle\u015fme alan\u0131nda T\u00fcrksat uydular\u0131, ke\u015fif ve g\u00f6zlem taraf\u0131nda ise G\u00f6kt\u00fcrk uydular\u0131n\u0131 \u00fcretiyoruz. \u0130skenderun\u2019un bu alanda potansiyel ta\u015f\u0131d\u0131\u011f\u0131n\u0131 d\u00fc\u015f\u00fcn\u00fcyoruz. Yard\u0131mc\u0131 sanayi kapsam\u0131nda b\u00f6lgedeki firmalar\u0131n tala\u015fl\u0131 imalat, sac-metal, kompozit, montaj, kablaj ve tak\u0131m imalat\u0131 gibi alanlarda s\u00fcrece dahil olmalar\u0131n\u0131 istiyoruz\u201d \u015feklinde konu\u015ftu.<\/p>\n<p>SANAY\u0130C\u0130LERE \u00c7A\u011eRI: <\/p>\n<p>\u201cTUSA\u015e EKOS\u0130STEM\u0130NE KATILIN\u201d<\/p>\n<p>Toplant\u0131 sonunda, \u0130skenderun\u2019un savunma ve havac\u0131l\u0131k sanayi ekosistemine entegre olmas\u0131n\u0131n b\u00f6lge ekonomisi a\u00e7\u0131s\u0131ndan b\u00fcy\u00fck bir f\u0131rsat oldu\u011funa dikkat \u00e7ekildi. TUSA\u015e yetkilileri, i\u015f birli\u011fine a\u00e7\u0131k olduklar\u0131n\u0131 belirterek, sanayicileri gerekli teknik yeterlilikleri sa\u011flamalar\u0131 halinde \u00fcretim s\u00fcre\u00e7lerine dahil edebileceklerini ifade etti.<\/p>\n<p>\u200bT\u00fcrk Havac\u0131l\u0131k ve Uzay Sanayii A.\u015e. (TUSA\u015e), \u0130skenderun Ticaret ve Sanayi Odas\u0131\u2019nda d\u00fczenlenen tan\u0131t\u0131m toplant\u0131s\u0131yla \u0130skenderunlu sanayicilerle bir araya geldi.\u00a0<\/p>\n<p>\u200bHaberin Al\u0131nt\u0131land\u0131\u011f\u0131 Kaynak: www.iskenderun.org<\/p>","protected":false},"excerpt":{"rendered":"<p>Toplant\u0131ya \u0130TSO Ba\u015fkan\u0131 Levent Hakk\u0131 Y\u0131lmaz, TUSA\u015e yetkilileri, sanayiciler ve KOB\u0130 temsilcileri kat\u0131ld\u0131. Toplant\u0131n\u0131n a\u00e7\u0131l\u0131\u015f konu\u015fmas\u0131n\u0131 yapan \u0130TSO Ba\u015fkan\u0131 Levent Hakk\u0131 Y\u0131lmaz, TUSA\u015e\u2019\u0131n T\u00fcrkiye&#8217;nin savunma ve havac\u0131l\u0131k sanayisindeki d\u0131\u015fa ba\u011f\u0131ml\u0131l\u0131\u011f\u0131n\u0131 azaltmak amac\u0131yla kuruldu\u011funu belirterek, \u201cY\u00f6netim kurulumuzla birlikte k\u0131sa s\u00fcre \u00f6nce TUSA\u015e tesislerine bir ziyaret ger\u00e7ekle\u015ftirdik. Bu ziyaretlerde yerli \u00fcretim, b\u00f6lgesel KOB\u0130 entegrasyonu ve \u00fcniversite-sanayi i\u015f birli\u011fi gibi \u00f6nemli ba\u015fl\u0131klarda fikir al\u0131\u015fveri\u015finde bulunduk. \u00d6zellikle Milli Muharip U\u00e7ak KAAN, ANKA ve AKSUNGUR \u0130HA&#8217;lar\u0131 ile ATAK ve G\u00d6KBEY helikopterlerinin \u00fcretim alanlar\u0131n\u0131 yerinde g\u00f6rme f\u0131rsat\u0131m\u0131z oldu\u201d diye konu\u015ftu. TUSA\u015e Ziyaretlerinin ard\u0131ndan \u00e7e\u015fitli proje \u00f6nerilerinin g\u00fcndeme geldi\u011fini ifade eden \u0130TSO Ba\u015fkan\u0131 Y\u0131lmaz, T\u00dcB\u0130TAK destekli AR-GE i\u015f birlikleri, staj ve uygulamal\u0131 e\u011fitim imkanlar\u0131, montaj ve test gibi s\u00fcre\u00e7lerde \u00f6\u011frencilere deneyim kazand\u0131racak programlar\u0131n geli\u015ftirilmesi gibi ad\u0131mlar\u0131n at\u0131laca\u011f\u0131n\u0131 s\u00f6yledi. Ayr\u0131ca \u0130skenderun\u2019daki sanayi kurulu\u015flar\u0131n\u0131n TUSA\u015e\u2019\u0131n tedarik zincirine dahil edilmesiyle hem b\u00f6lgeye teknoloji transferi sa\u011flanaca\u011f\u0131 hem de \u00fcretim kapasitesinin art\u0131r\u0131laca\u011f\u0131 vurgulayarak \u201cBu i\u015f birli\u011finin hem yerel sanayiye hem de \u00fclke savunma sanayiine \u00f6nemli katk\u0131lar sunaca\u011f\u0131na inan\u0131yoruz. \u0130skenderunlu firmalar\u0131n TUSA\u015e projelerinde yer alabilmesi i\u00e7in gerekli t\u00fcm deste\u011fi verece\u011fiz\u201d dedi. \u00a0 \u00a0 TUSA\u015e: \u201cEKOS\u0130STEM\u0130 B\u00dcY\u00dcT\u00dcYORUZ\u201d Toplant\u0131da bir sunum yaparak \u015firketin faaliyetleri hakk\u0131nda bilgi veren TUSA\u015e Sanayi Geli\u015ftirme M\u00fchendisi Ahmet Furkan \u00d6ney, TUSA\u015e\u2019\u0131n 1973 y\u0131l\u0131nda kuruldu\u011funu, 1984\u2019te F-16 \u00fcretimiyle ABD ortakl\u0131\u011f\u0131yla faaliyetlerini s\u00fcrd\u00fcrd\u00fc\u011f\u00fcn\u00fc, &hellip;<\/p>","protected":false},"author":1,"featured_media":0,"comment_status":"","ping_status":"open","sticky":false,"template":"","format":"standard","meta":{"_acf_changed":false,"footnotes":""},"categories":[24],"tags":[],"class_list":["post-131622","post","type-post","status-publish","format-standard","has-post-thumbnail","hentry","category-gundem"],"acf":[],"yoast_head":"<!-- This site is optimized with the Yoast SEO Premium plugin v26.6 (Yoast SEO v27.1.1) - https:\/\/yoast.com\/product\/yoast-seo-premium-wordpress\/ -->\n<title>TUSA\u015e, \u0130skenderunlu Sanayicilerle Bulu\u015ftu - Av. Deniz Can K\u0131z\u0131l<\/title>\n<meta name=\"robots\" content=\"index, follow, max-snippet:-1, max-image-preview:large, max-video-preview:-1\" \/>\n<link rel=\"canonical\" href=\"http:\/\/denizcankizil.tr\/en\/haberler\/gundem\/tusas-iskenderunlu-sanayicilerle-bulustu\/\" \/>\n<meta property=\"og:locale\" content=\"en_GB\" \/>\n<meta property=\"og:type\" content=\"article\" \/>\n<meta property=\"og:title\" content=\"TUSA\u015e, \u0130skenderunlu Sanayicilerle Bulu\u015ftu\" \/>\n<meta property=\"og:description\" content=\"Toplant\u0131ya \u0130TSO Ba\u015fkan\u0131 Levent Hakk\u0131 Y\u0131lmaz, TUSA\u015e yetkilileri, sanayiciler ve KOB\u0130 temsilcileri kat\u0131ld\u0131. Toplant\u0131n\u0131n a\u00e7\u0131l\u0131\u015f konu\u015fmas\u0131n\u0131 yapan \u0130TSO Ba\u015fkan\u0131 Levent Hakk\u0131 Y\u0131lmaz, TUSA\u015e\u2019\u0131n T\u00fcrkiye&#8217;nin savunma ve havac\u0131l\u0131k sanayisindeki d\u0131\u015fa ba\u011f\u0131ml\u0131l\u0131\u011f\u0131n\u0131 azaltmak amac\u0131yla kuruldu\u011funu belirterek, \u201cY\u00f6netim kurulumuzla birlikte k\u0131sa s\u00fcre \u00f6nce TUSA\u015e tesislerine bir ziyaret ger\u00e7ekle\u015ftirdik. Bu ziyaretlerde yerli \u00fcretim, b\u00f6lgesel KOB\u0130 entegrasyonu ve \u00fcniversite-sanayi i\u015f birli\u011fi gibi \u00f6nemli ba\u015fl\u0131klarda fikir al\u0131\u015fveri\u015finde bulunduk. \u00d6zellikle Milli Muharip U\u00e7ak KAAN, ANKA ve AKSUNGUR \u0130HA&#8217;lar\u0131 ile ATAK ve G\u00d6KBEY helikopterlerinin \u00fcretim alanlar\u0131n\u0131 yerinde g\u00f6rme f\u0131rsat\u0131m\u0131z oldu\u201d diye konu\u015ftu. TUSA\u015e Ziyaretlerinin ard\u0131ndan \u00e7e\u015fitli proje \u00f6nerilerinin g\u00fcndeme geldi\u011fini ifade eden \u0130TSO Ba\u015fkan\u0131 Y\u0131lmaz, T\u00dcB\u0130TAK destekli AR-GE i\u015f birlikleri, staj ve uygulamal\u0131 e\u011fitim imkanlar\u0131, montaj ve test gibi s\u00fcre\u00e7lerde \u00f6\u011frencilere deneyim kazand\u0131racak programlar\u0131n geli\u015ftirilmesi gibi ad\u0131mlar\u0131n at\u0131laca\u011f\u0131n\u0131 s\u00f6yledi. Ayr\u0131ca \u0130skenderun\u2019daki sanayi kurulu\u015flar\u0131n\u0131n TUSA\u015e\u2019\u0131n tedarik zincirine dahil edilmesiyle hem b\u00f6lgeye teknoloji transferi sa\u011flanaca\u011f\u0131 hem de \u00fcretim kapasitesinin art\u0131r\u0131laca\u011f\u0131 vurgulayarak \u201cBu i\u015f birli\u011finin hem yerel sanayiye hem de \u00fclke savunma sanayiine \u00f6nemli katk\u0131lar sunaca\u011f\u0131na inan\u0131yoruz. \u0130skenderunlu firmalar\u0131n TUSA\u015e projelerinde yer alabilmesi i\u00e7in gerekli t\u00fcm deste\u011fi verece\u011fiz\u201d dedi. \u00a0 \u00a0 TUSA\u015e: \u201cEKOS\u0130STEM\u0130 B\u00dcY\u00dcT\u00dcYORUZ\u201d Toplant\u0131da bir sunum yaparak \u015firketin faaliyetleri hakk\u0131nda bilgi veren TUSA\u015e Sanayi Geli\u015ftirme M\u00fchendisi Ahmet Furkan \u00d6ney, TUSA\u015e\u2019\u0131n 1973 y\u0131l\u0131nda kuruldu\u011funu, 1984\u2019te F-16 \u00fcretimiyle ABD ortakl\u0131\u011f\u0131yla faaliyetlerini s\u00fcrd\u00fcrd\u00fc\u011f\u00fcn\u00fc, &hellip;\" \/>\n<meta property=\"og:url\" content=\"http:\/\/denizcankizil.tr\/en\/haberler\/gundem\/tusas-iskenderunlu-sanayicilerle-bulustu\/\" \/>\n<meta property=\"og:site_name\" content=\"Av. Deniz Can K\u0131z\u0131l\" \/>\n<meta property=\"article:published_time\" content=\"2025-06-30T15:42:31+00:00\" \/>\n<meta name=\"author\" content=\"admin\" \/>\n<meta name=\"twitter:card\" content=\"summary_large_image\" \/>\n<meta name=\"twitter:label1\" content=\"Written by\" \/>\n\t<meta name=\"twitter:data1\" content=\"admin\" \/>\n\t<meta name=\"twitter:label2\" content=\"Estimated reading time\" \/>\n\t<meta name=\"twitter:data2\" content=\"3 minutes\" \/>\n<script type=\"application\/ld+json\" class=\"yoast-schema-graph\">{\"@context\":\"https:\/\/schema.org\",\"@graph\":[{\"@type\":\"Article\",\"@id\":\"http:\/\/denizcankizil.tr\/en\/haberler\/gundem\/tusas-iskenderunlu-sanayicilerle-bulustu\/#article\",\"isPartOf\":{\"@id\":\"http:\/\/denizcankizil.tr\/en\/haberler\/gundem\/tusas-iskenderunlu-sanayicilerle-bulustu\/\"},\"author\":{\"name\":\"admin\",\"@id\":\"https:\/\/denizcankizil.tr\/#\/schema\/person\/be3c05fe6a12686905512445d8185489\"},\"headline\":\"TUSA\u015e, \u0130skenderunlu Sanayicilerle Bulu\u015ftu\",\"datePublished\":\"2025-06-30T15:42:31+00:00\",\"mainEntityOfPage\":{\"@id\":\"http:\/\/denizcankizil.tr\/en\/haberler\/gundem\/tusas-iskenderunlu-sanayicilerle-bulustu\/\"},\"wordCount\":602,\"publisher\":{\"@id\":\"https:\/\/denizcankizil.tr\/#organization\"},\"articleSection\":[\"G\u00fcndem\"],\"inLanguage\":\"en-GB\"},{\"@type\":\"WebPage\",\"@id\":\"http:\/\/denizcankizil.tr\/en\/haberler\/gundem\/tusas-iskenderunlu-sanayicilerle-bulustu\/\",\"url\":\"http:\/\/denizcankizil.tr\/en\/haberler\/gundem\/tusas-iskenderunlu-sanayicilerle-bulustu\/\",\"name\":\"TUSA\u015e, \u0130skenderunlu Sanayicilerle Bulu\u015ftu - Av. Deniz Can K\u0131z\u0131l\",\"isPartOf\":{\"@id\":\"https:\/\/denizcankizil.tr\/#website\"},\"datePublished\":\"2025-06-30T15:42:31+00:00\",\"breadcrumb\":{\"@id\":\"http:\/\/denizcankizil.tr\/en\/haberler\/gundem\/tusas-iskenderunlu-sanayicilerle-bulustu\/#breadcrumb\"},\"inLanguage\":\"en-GB\",\"potentialAction\":[{\"@type\":\"ReadAction\",\"target\":[\"http:\/\/denizcankizil.tr\/en\/haberler\/gundem\/tusas-iskenderunlu-sanayicilerle-bulustu\/\"]}]},{\"@type\":\"BreadcrumbList\",\"@id\":\"http:\/\/denizcankizil.tr\/en\/haberler\/gundem\/tusas-iskenderunlu-sanayicilerle-bulustu\/#breadcrumb\",\"itemListElement\":[{\"@type\":\"ListItem\",\"position\":1,\"name\":\"Home\",\"item\":\"https:\/\/denizcankizil.tr\/de\/\"},{\"@type\":\"ListItem\",\"position\":2,\"name\":\"TUSA\u015e, \u0130skenderunlu Sanayicilerle Bulu\u015ftu\"}]},{\"@type\":\"WebSite\",\"@id\":\"https:\/\/denizcankizil.tr\/#website\",\"url\":\"https:\/\/denizcankizil.tr\/\",\"name\":\"Av. Deniz Can K\u0131z\u0131l\",\"description\":\"Avukat Deniz Can K\u0131z\u0131l Antalya Barosu\",\"publisher\":{\"@id\":\"https:\/\/denizcankizil.tr\/#organization\"},\"potentialAction\":[{\"@type\":\"SearchAction\",\"target\":{\"@type\":\"EntryPoint\",\"urlTemplate\":\"https:\/\/denizcankizil.tr\/?s={search_term_string}\"},\"query-input\":{\"@type\":\"PropertyValueSpecification\",\"valueRequired\":true,\"valueName\":\"search_term_string\"}}],\"inLanguage\":\"en-GB\"},{\"@type\":\"Organization\",\"@id\":\"https:\/\/denizcankizil.tr\/#organization\",\"name\":\"Av. Deniz Can K\u0131z\u0131l\",\"url\":\"https:\/\/denizcankizil.tr\/\",\"logo\":{\"@type\":\"ImageObject\",\"inLanguage\":\"en-GB\",\"@id\":\"https:\/\/denizcankizil.tr\/#\/schema\/logo\/image\/\",\"url\":\"http:\/\/denizcankizil.tr\/wp-content\/uploads\/2024\/10\/siyah-logo-svg.svg\",\"contentUrl\":\"http:\/\/denizcankizil.tr\/wp-content\/uploads\/2024\/10\/siyah-logo-svg.svg\",\"width\":1080,\"height\":1080,\"caption\":\"Av. Deniz Can K\u0131z\u0131l\"},\"image\":{\"@id\":\"https:\/\/denizcankizil.tr\/#\/schema\/logo\/image\/\"}},{\"@type\":\"Person\",\"@id\":\"https:\/\/denizcankizil.tr\/#\/schema\/person\/be3c05fe6a12686905512445d8185489\",\"name\":\"admin\",\"image\":{\"@type\":\"ImageObject\",\"inLanguage\":\"en-GB\",\"@id\":\"https:\/\/denizcankizil.tr\/#\/schema\/person\/image\/\",\"url\":\"https:\/\/secure.gravatar.com\/avatar\/c1fce94c830dc79107e174f890d7210541c4a63e8e5d816341794a2151c9d58c?s=96&d=mm&r=g\",\"contentUrl\":\"https:\/\/secure.gravatar.com\/avatar\/c1fce94c830dc79107e174f890d7210541c4a63e8e5d816341794a2151c9d58c?s=96&d=mm&r=g\",\"caption\":\"admin\"},\"sameAs\":[\"http:\/\/denizcankizil.tr\"],\"url\":\"https:\/\/www.iskenderun.org\/tusas-iskenderunlu-sanayicilerle-bulustu\"}]}<\/script>\n<!-- \/ Yoast SEO Premium plugin. -->","yoast_head_json":{"title":"TUSA\u015e, \u0130skenderunlu Sanayicilerle Bulu\u015ftu - Av. Deniz Can K\u0131z\u0131l","robots":{"index":"index","follow":"follow","max-snippet":"max-snippet:-1","max-image-preview":"max-image-preview:large","max-video-preview":"max-video-preview:-1"},"canonical":"http:\/\/denizcankizil.tr\/en\/haberler\/gundem\/tusas-iskenderunlu-sanayicilerle-bulustu\/","og_locale":"en_GB","og_type":"article","og_title":"TUSA\u015e, \u0130skenderunlu Sanayicilerle Bulu\u015ftu","og_description":"Toplant\u0131ya \u0130TSO Ba\u015fkan\u0131 Levent Hakk\u0131 Y\u0131lmaz, TUSA\u015e yetkilileri, sanayiciler ve KOB\u0130 temsilcileri kat\u0131ld\u0131. Toplant\u0131n\u0131n a\u00e7\u0131l\u0131\u015f konu\u015fmas\u0131n\u0131 yapan \u0130TSO Ba\u015fkan\u0131 Levent Hakk\u0131 Y\u0131lmaz, TUSA\u015e\u2019\u0131n T\u00fcrkiye&#8217;nin savunma ve havac\u0131l\u0131k sanayisindeki d\u0131\u015fa ba\u011f\u0131ml\u0131l\u0131\u011f\u0131n\u0131 azaltmak amac\u0131yla kuruldu\u011funu belirterek, \u201cY\u00f6netim kurulumuzla birlikte k\u0131sa s\u00fcre \u00f6nce TUSA\u015e tesislerine bir ziyaret ger\u00e7ekle\u015ftirdik. Bu ziyaretlerde yerli \u00fcretim, b\u00f6lgesel KOB\u0130 entegrasyonu ve \u00fcniversite-sanayi i\u015f birli\u011fi gibi \u00f6nemli ba\u015fl\u0131klarda fikir al\u0131\u015fveri\u015finde bulunduk. \u00d6zellikle Milli Muharip U\u00e7ak KAAN, ANKA ve AKSUNGUR \u0130HA&#8217;lar\u0131 ile ATAK ve G\u00d6KBEY helikopterlerinin \u00fcretim alanlar\u0131n\u0131 yerinde g\u00f6rme f\u0131rsat\u0131m\u0131z oldu\u201d diye konu\u015ftu. TUSA\u015e Ziyaretlerinin ard\u0131ndan \u00e7e\u015fitli proje \u00f6nerilerinin g\u00fcndeme geldi\u011fini ifade eden \u0130TSO Ba\u015fkan\u0131 Y\u0131lmaz, T\u00dcB\u0130TAK destekli AR-GE i\u015f birlikleri, staj ve uygulamal\u0131 e\u011fitim imkanlar\u0131, montaj ve test gibi s\u00fcre\u00e7lerde \u00f6\u011frencilere deneyim kazand\u0131racak programlar\u0131n geli\u015ftirilmesi gibi ad\u0131mlar\u0131n at\u0131laca\u011f\u0131n\u0131 s\u00f6yledi. Ayr\u0131ca \u0130skenderun\u2019daki sanayi kurulu\u015flar\u0131n\u0131n TUSA\u015e\u2019\u0131n tedarik zincirine dahil edilmesiyle hem b\u00f6lgeye teknoloji transferi sa\u011flanaca\u011f\u0131 hem de \u00fcretim kapasitesinin art\u0131r\u0131laca\u011f\u0131 vurgulayarak \u201cBu i\u015f birli\u011finin hem yerel sanayiye hem de \u00fclke savunma sanayiine \u00f6nemli katk\u0131lar sunaca\u011f\u0131na inan\u0131yoruz. \u0130skenderunlu firmalar\u0131n TUSA\u015e projelerinde yer alabilmesi i\u00e7in gerekli t\u00fcm deste\u011fi verece\u011fiz\u201d dedi. \u00a0 \u00a0 TUSA\u015e: \u201cEKOS\u0130STEM\u0130 B\u00dcY\u00dcT\u00dcYORUZ\u201d Toplant\u0131da bir sunum yaparak \u015firketin faaliyetleri hakk\u0131nda bilgi veren TUSA\u015e Sanayi Geli\u015ftirme M\u00fchendisi Ahmet Furkan \u00d6ney, TUSA\u015e\u2019\u0131n 1973 y\u0131l\u0131nda kuruldu\u011funu, 1984\u2019te F-16 \u00fcretimiyle ABD ortakl\u0131\u011f\u0131yla faaliyetlerini s\u00fcrd\u00fcrd\u00fc\u011f\u00fcn\u00fc, &hellip;","og_url":"http:\/\/denizcankizil.tr\/en\/haberler\/gundem\/tusas-iskenderunlu-sanayicilerle-bulustu\/","og_site_name":"Av. Deniz Can K\u0131z\u0131l","article_published_time":"2025-06-30T15:42:31+00:00","author":"admin","twitter_card":"summary_large_image","twitter_misc":{"Written by":"admin","Estimated reading time":"3 minutes"},"schema":{"@context":"https:\/\/schema.org","@graph":[{"@type":"Article","@id":"http:\/\/denizcankizil.tr\/en\/haberler\/gundem\/tusas-iskenderunlu-sanayicilerle-bulustu\/#article","isPartOf":{"@id":"http:\/\/denizcankizil.tr\/en\/haberler\/gundem\/tusas-iskenderunlu-sanayicilerle-bulustu\/"},"author":{"name":"admin","@id":"https:\/\/denizcankizil.tr\/#\/schema\/person\/be3c05fe6a12686905512445d8185489"},"headline":"TUSA\u015e, \u0130skenderunlu Sanayicilerle Bulu\u015ftu","datePublished":"2025-06-30T15:42:31+00:00","mainEntityOfPage":{"@id":"http:\/\/denizcankizil.tr\/en\/haberler\/gundem\/tusas-iskenderunlu-sanayicilerle-bulustu\/"},"wordCount":602,"publisher":{"@id":"https:\/\/denizcankizil.tr\/#organization"},"articleSection":["G\u00fcndem"],"inLanguage":"en-GB"},{"@type":"WebPage","@id":"http:\/\/denizcankizil.tr\/en\/haberler\/gundem\/tusas-iskenderunlu-sanayicilerle-bulustu\/","url":"http:\/\/denizcankizil.tr\/en\/haberler\/gundem\/tusas-iskenderunlu-sanayicilerle-bulustu\/","name":"TUSA\u015e, \u0130skenderunlu Sanayicilerle Bulu\u015ftu - Av. Deniz Can K\u0131z\u0131l","isPartOf":{"@id":"https:\/\/denizcankizil.tr\/#website"},"datePublished":"2025-06-30T15:42:31+00:00","breadcrumb":{"@id":"http:\/\/denizcankizil.tr\/en\/haberler\/gundem\/tusas-iskenderunlu-sanayicilerle-bulustu\/#breadcrumb"},"inLanguage":"en-GB","potentialAction":[{"@type":"ReadAction","target":["http:\/\/denizcankizil.tr\/en\/haberler\/gundem\/tusas-iskenderunlu-sanayicilerle-bulustu\/"]}]},{"@type":"BreadcrumbList","@id":"http:\/\/denizcankizil.tr\/en\/haberler\/gundem\/tusas-iskenderunlu-sanayicilerle-bulustu\/#breadcrumb","itemListElement":[{"@type":"ListItem","position":1,"name":"Home","item":"https:\/\/denizcankizil.tr\/de\/"},{"@type":"ListItem","position":2,"name":"TUSA\u015e, \u0130skenderunlu Sanayicilerle Bulu\u015ftu"}]},{"@type":"WebSite","@id":"https:\/\/denizcankizil.tr\/#website","url":"https:\/\/denizcankizil.tr\/","name":"Av. Deniz Can K\u0131z\u0131l","description":"Avukat Deniz Can K\u0131z\u0131l Antalya Barosu","publisher":{"@id":"https:\/\/denizcankizil.tr\/#organization"},"potentialAction":[{"@type":"SearchAction","target":{"@type":"EntryPoint","urlTemplate":"https:\/\/denizcankizil.tr\/?s={search_term_string}"},"query-input":{"@type":"PropertyValueSpecification","valueRequired":true,"valueName":"search_term_string"}}],"inLanguage":"en-GB"},{"@type":"Organization","@id":"https:\/\/denizcankizil.tr\/#organization","name":"Av. Deniz Can K\u0131z\u0131l","url":"https:\/\/denizcankizil.tr\/","logo":{"@type":"ImageObject","inLanguage":"en-GB","@id":"https:\/\/denizcankizil.tr\/#\/schema\/logo\/image\/","url":"http:\/\/denizcankizil.tr\/wp-content\/uploads\/2024\/10\/siyah-logo-svg.svg","contentUrl":"http:\/\/denizcankizil.tr\/wp-content\/uploads\/2024\/10\/siyah-logo-svg.svg","width":1080,"height":1080,"caption":"Av. Deniz Can K\u0131z\u0131l"},"image":{"@id":"https:\/\/denizcankizil.tr\/#\/schema\/logo\/image\/"}},{"@type":"Person","@id":"https:\/\/denizcankizil.tr\/#\/schema\/person\/be3c05fe6a12686905512445d8185489","name":"admin","image":{"@type":"ImageObject","inLanguage":"en-GB","@id":"https:\/\/denizcankizil.tr\/#\/schema\/person\/image\/","url":"https:\/\/secure.gravatar.com\/avatar\/c1fce94c830dc79107e174f890d7210541c4a63e8e5d816341794a2151c9d58c?s=96&d=mm&r=g","contentUrl":"https:\/\/secure.gravatar.com\/avatar\/c1fce94c830dc79107e174f890d7210541c4a63e8e5d816341794a2151c9d58c?s=96&d=mm&r=g","caption":"admin"},"sameAs":["http:\/\/denizcankizil.tr"],"url":"https:\/\/www.iskenderun.org\/tusas-iskenderunlu-sanayicilerle-bulustu"}]}},"_links":{"self":[{"href":"http:\/\/denizcankizil.tr\/en\/wp-json\/wp\/v2\/posts\/131622","targetHints":{"allow":["GET"]}}],"collection":[{"href":"http:\/\/denizcankizil.tr\/en\/wp-json\/wp\/v2\/posts"}],"about":[{"href":"http:\/\/denizcankizil.tr\/en\/wp-json\/wp\/v2\/types\/post"}],"author":[{"embeddable":true,"href":"http:\/\/denizcankizil.tr\/en\/wp-json\/wp\/v2\/users\/1"}],"replies":[{"embeddable":true,"href":"http:\/\/denizcankizil.tr\/en\/wp-json\/wp\/v2\/comments?post=131622"}],"version-history":[{"count":0,"href":"http:\/\/denizcankizil.tr\/en\/wp-json\/wp\/v2\/posts\/131622\/revisions"}],"wp:attachment":[{"href":"http:\/\/denizcankizil.tr\/en\/wp-json\/wp\/v2\/media?parent=131622"}],"wp:term":[{"taxonomy":"category","embeddable":true,"href":"http:\/\/denizcankizil.tr\/en\/wp-json\/wp\/v2\/categories?post=131622"},{"taxonomy":"post_tag","embeddable":true,"href":"http:\/\/denizcankizil.tr\/en\/wp-json\/wp\/v2\/tags?post=131622"}],"curies":[{"name":"wp","href":"https:\/\/api.w.org\/{rel}","templated":true}]}}