{"id":131480,"date":"2025-06-30T16:41:20","date_gmt":"2025-06-30T13:41:20","guid":{"rendered":"https:\/\/denizcankizil.tr\/uncategorized-tr\/antalyanin-ilk-kent-lokantasi-kapilarini-vatandaslara-acti\/"},"modified":"2025-06-30T16:41:20","modified_gmt":"2025-06-30T13:41:20","slug":"antalyanin-ilk-kent-lokantasi-kapilarini-vatandaslara-acti","status":"publish","type":"post","link":"http:\/\/denizcankizil.tr\/en\/haberler\/gundem\/antalyanin-ilk-kent-lokantasi-kapilarini-vatandaslara-acti\/","title":{"rendered":"Antalya\u2019n\u0131n ilk Kent Lokantas\u0131 kap\u0131lar\u0131n\u0131 vatanda\u015flara a\u00e7t\u0131"},"content":{"rendered":"<p>Antalya B\u00fcy\u00fck\u015fehir Belediyesi, halk\u0131n uygun fiyatl\u0131 ve kaliteli yeme\u011fe ula\u015fabilmesi amac\u0131yla Kepez il\u00e7esine ba\u011fl\u0131 5 Temmuz Kurtulu\u015f Caddesi Sur Yap\u0131 100. Y\u0131l Park\u0131 i\u00e7erisinde yap\u0131m\u0131n\u0131 tamamlad\u0131\u011f\u0131 Kent Lokantas\u0131, hizmet vermeye ba\u015flad\u0131. Kent Lokantas\u0131\u2019n\u0131n ilk g\u00fcnk\u00fc men\u00fcs\u00fcnde \u2018\u00c7orba, orman kebab\u0131, pilav ve cac\u0131k\u2019 yer ald\u0131. B\u00fcy\u00fck\u015fehir Belediyesi\u2019nin dar gelirli vatanda\u015flar, \u00f6\u011frenciler ve emekliler ba\u015fta olmak \u00fczere t\u00fcm vatanda\u015flara hizmet verecek Kent Lokantas\u0131\u2019n\u0131 Antalya B\u00fcy\u00fck\u015fehir Belediyesi i\u015ftiraklerinden EKDA\u011e A.\u015e. taraf\u0131ndan i\u015fletilecek. Hafta i\u00e7i be\u015f g\u00fcn hizmet verecek Antalya B\u00fcy\u00fck\u015fehir Belediyesi Kent Lokantas\u0131\u2019nda 4 \u00e7e\u015fit s\u0131cak yemek 90 TL\u2019den sat\u0131\u015fa sunuluyor.<\/p>\n<p>4 \u00c7E\u015e\u0130T YEMEK 90 TL<\/p>\n<p>Kent Lokantas\u0131\u2019n\u0131n ilk g\u00fcn\u00fcnde vatanda\u015flar yo\u011fun ilgi g\u00f6sterirken, Kent Lokantas\u0131 b\u00fcy\u00fck be\u011feni toplad\u0131. Kent lokantas\u0131n\u0131n misafirlerinden Nevin G\u00fcler, \u201cBizim gibi emekliler i\u00e7in fiyatlar da \u00e7ok uygun. Buradan yeme\u011fimizi yiyece\u011fiz art\u0131k. Evime de yak\u0131n. Mutluyum. Muhittin Ba\u015fkan\u2019a Kent Lokantas\u0131 i\u00e7in te\u015fekk\u00fcr ederiz\u201d dedi. Orhan Ercan isimli vatanda\u015f ise \u201cSosyal belediyecili\u011fin en g\u00fczel \u00f6rneklerinden birini burada g\u00f6steriyor belediyemiz. \u0130nsanlar\u0131n g\u0131daya sa\u011fl\u0131kl\u0131 \u015fekilde ula\u015famad\u0131\u011f\u0131 bu d\u00f6nemde b\u00f6yle bir hizmetin ba\u015flamas\u0131 halk\u0131m\u0131z i\u00e7in \u00e7ok g\u00fczel bir \u015fey\u201d diye konu\u015ftu.<\/p>\n<p>KENT LOKANTALARI DAHA DA YAYGINLA\u015eACAK<\/p>\n<p>Antalya B\u00fcy\u00fck\u015fehir Belediyesi EKDA\u011e A.\u015e. Genel M\u00fcd\u00fcr\u00fc Ahmet Ayd\u0131n, Kent Lokantas\u0131\u2019n\u0131 Antalya\u2019da yayg\u0131nla\u015ft\u0131racaklar\u0131n\u0131 belirterek, \u201cVatanda\u015flar\u0131m\u0131z ekonomik olarak zor g\u00fcnler ge\u00e7iriyor. Emekliler, \u00f6\u011frenciler, dar gelirli vatanda\u015flar\u0131m\u0131z zor durumda. Bir nebze de olsun vatanda\u015fa dokunmak, onlar\u0131 rahatlatmak ad\u0131na Kent Lokantam\u0131z hizmet vermeye ba\u015flad\u0131. Hem ekonomik hem sa\u011fl\u0131kl\u0131 4 \u00e7e\u015fit yemek sunuyoruz. Hafta i\u00e7i her g\u00fcn saat 12.00\u2019de yemek servisimiz ba\u015flayacak. Antalya\u2019da ya\u015fayan b\u00fct\u00fcn vatanda\u015flar\u0131m\u0131z\u0131 bekliyoruz\u201d dedi.<\/p>\n<p>\u200bAntalya B\u00fcy\u00fck\u015fehir Belediyesi, vatanda\u015flar\u0131n 4 \u00e7e\u015fit s\u0131cak yeme\u011fi 90 TL \u00f6deyerek yiyebilece\u011fi Kent Lokantas\u0131\u2019n\u0131 Kepez\u2019de hizmet a\u00e7t\u0131. Lokantan\u0131n  ilk g\u00fcnk\u00fc men\u00fcs\u00fcnde \u2018\u00e7orba, orman kebab\u0131, pilav ve cac\u0131k\u2019 yer ald\u0131.\u00a0<\/p>\n<p>\u200bHaberin Al\u0131nt\u0131land\u0131\u011f\u0131 Kaynak: www.antalyakorfez.com<\/p>","protected":false},"excerpt":{"rendered":"<p>Antalya B\u00fcy\u00fck\u015fehir Belediyesi, halk\u0131n uygun fiyatl\u0131 ve kaliteli yeme\u011fe ula\u015fabilmesi amac\u0131yla Kepez il\u00e7esine ba\u011fl\u0131 5 Temmuz Kurtulu\u015f Caddesi Sur Yap\u0131 100. Y\u0131l Park\u0131 i\u00e7erisinde yap\u0131m\u0131n\u0131 tamamlad\u0131\u011f\u0131 Kent Lokantas\u0131, hizmet vermeye ba\u015flad\u0131. Kent Lokantas\u0131\u2019n\u0131n ilk g\u00fcnk\u00fc men\u00fcs\u00fcnde \u2018\u00c7orba, orman kebab\u0131, pilav ve cac\u0131k\u2019 yer ald\u0131. B\u00fcy\u00fck\u015fehir Belediyesi\u2019nin dar gelirli vatanda\u015flar, \u00f6\u011frenciler ve emekliler ba\u015fta olmak \u00fczere t\u00fcm vatanda\u015flara hizmet verecek Kent Lokantas\u0131\u2019n\u0131 Antalya B\u00fcy\u00fck\u015fehir Belediyesi i\u015ftiraklerinden EKDA\u011e A.\u015e. taraf\u0131ndan i\u015fletilecek. Hafta i\u00e7i be\u015f g\u00fcn hizmet verecek Antalya B\u00fcy\u00fck\u015fehir Belediyesi Kent Lokantas\u0131\u2019nda 4 \u00e7e\u015fit s\u0131cak yemek 90 TL\u2019den sat\u0131\u015fa sunuluyor. 4 \u00c7E\u015e\u0130T YEMEK 90 TL Kent Lokantas\u0131\u2019n\u0131n ilk g\u00fcn\u00fcnde vatanda\u015flar yo\u011fun ilgi g\u00f6sterirken, Kent Lokantas\u0131 b\u00fcy\u00fck be\u011feni toplad\u0131. Kent lokantas\u0131n\u0131n misafirlerinden Nevin G\u00fcler, \u201cBizim gibi emekliler i\u00e7in fiyatlar da \u00e7ok uygun. Buradan yeme\u011fimizi yiyece\u011fiz art\u0131k. Evime de yak\u0131n. Mutluyum. Muhittin Ba\u015fkan\u2019a Kent Lokantas\u0131 i\u00e7in te\u015fekk\u00fcr ederiz\u201d dedi. Orhan Ercan isimli vatanda\u015f ise \u201cSosyal belediyecili\u011fin en g\u00fczel \u00f6rneklerinden birini burada g\u00f6steriyor belediyemiz. \u0130nsanlar\u0131n g\u0131daya sa\u011fl\u0131kl\u0131 \u015fekilde ula\u015famad\u0131\u011f\u0131 bu d\u00f6nemde b\u00f6yle bir hizmetin ba\u015flamas\u0131 halk\u0131m\u0131z i\u00e7in \u00e7ok g\u00fczel bir \u015fey\u201d diye konu\u015ftu. KENT LOKANTALARI DAHA DA YAYGINLA\u015eACAK Antalya B\u00fcy\u00fck\u015fehir Belediyesi EKDA\u011e A.\u015e. Genel M\u00fcd\u00fcr\u00fc Ahmet Ayd\u0131n, Kent Lokantas\u0131\u2019n\u0131 Antalya\u2019da yayg\u0131nla\u015ft\u0131racaklar\u0131n\u0131 belirterek, \u201cVatanda\u015flar\u0131m\u0131z ekonomik olarak zor g\u00fcnler ge\u00e7iriyor. Emekliler, \u00f6\u011frenciler, dar gelirli vatanda\u015flar\u0131m\u0131z zor durumda. &hellip;<\/p>","protected":false},"author":5,"featured_media":0,"comment_status":"","ping_status":"open","sticky":false,"template":"","format":"standard","meta":{"_acf_changed":false,"footnotes":""},"categories":[24],"tags":[],"class_list":["post-131480","post","type-post","status-publish","format-standard","has-post-thumbnail","hentry","category-gundem"],"acf":[],"yoast_head":"<!-- This site is optimized with the Yoast SEO Premium plugin v26.6 (Yoast SEO v27.1.1) - https:\/\/yoast.com\/product\/yoast-seo-premium-wordpress\/ -->\n<title>Antalya\u2019n\u0131n ilk Kent Lokantas\u0131 kap\u0131lar\u0131n\u0131 vatanda\u015flara a\u00e7t\u0131 - Av. Deniz Can K\u0131z\u0131l<\/title>\n<meta name=\"robots\" content=\"index, follow, max-snippet:-1, max-image-preview:large, max-video-preview:-1\" \/>\n<link rel=\"canonical\" href=\"http:\/\/denizcankizil.tr\/en\/haberler\/gundem\/antalyanin-ilk-kent-lokantasi-kapilarini-vatandaslara-acti\/\" \/>\n<meta property=\"og:locale\" content=\"en_GB\" \/>\n<meta property=\"og:type\" content=\"article\" \/>\n<meta property=\"og:title\" content=\"Antalya\u2019n\u0131n ilk Kent Lokantas\u0131 kap\u0131lar\u0131n\u0131 vatanda\u015flara a\u00e7t\u0131\" \/>\n<meta property=\"og:description\" content=\"Antalya B\u00fcy\u00fck\u015fehir Belediyesi, halk\u0131n uygun fiyatl\u0131 ve kaliteli yeme\u011fe ula\u015fabilmesi amac\u0131yla Kepez il\u00e7esine ba\u011fl\u0131 5 Temmuz Kurtulu\u015f Caddesi Sur Yap\u0131 100. Y\u0131l Park\u0131 i\u00e7erisinde yap\u0131m\u0131n\u0131 tamamlad\u0131\u011f\u0131 Kent Lokantas\u0131, hizmet vermeye ba\u015flad\u0131. Kent Lokantas\u0131\u2019n\u0131n ilk g\u00fcnk\u00fc men\u00fcs\u00fcnde \u2018\u00c7orba, orman kebab\u0131, pilav ve cac\u0131k\u2019 yer ald\u0131. B\u00fcy\u00fck\u015fehir Belediyesi\u2019nin dar gelirli vatanda\u015flar, \u00f6\u011frenciler ve emekliler ba\u015fta olmak \u00fczere t\u00fcm vatanda\u015flara hizmet verecek Kent Lokantas\u0131\u2019n\u0131 Antalya B\u00fcy\u00fck\u015fehir Belediyesi i\u015ftiraklerinden EKDA\u011e A.\u015e. taraf\u0131ndan i\u015fletilecek. Hafta i\u00e7i be\u015f g\u00fcn hizmet verecek Antalya B\u00fcy\u00fck\u015fehir Belediyesi Kent Lokantas\u0131\u2019nda 4 \u00e7e\u015fit s\u0131cak yemek 90 TL\u2019den sat\u0131\u015fa sunuluyor. 4 \u00c7E\u015e\u0130T YEMEK 90 TL Kent Lokantas\u0131\u2019n\u0131n ilk g\u00fcn\u00fcnde vatanda\u015flar yo\u011fun ilgi g\u00f6sterirken, Kent Lokantas\u0131 b\u00fcy\u00fck be\u011feni toplad\u0131. Kent lokantas\u0131n\u0131n misafirlerinden Nevin G\u00fcler, \u201cBizim gibi emekliler i\u00e7in fiyatlar da \u00e7ok uygun. Buradan yeme\u011fimizi yiyece\u011fiz art\u0131k. Evime de yak\u0131n. Mutluyum. Muhittin Ba\u015fkan\u2019a Kent Lokantas\u0131 i\u00e7in te\u015fekk\u00fcr ederiz\u201d dedi. Orhan Ercan isimli vatanda\u015f ise \u201cSosyal belediyecili\u011fin en g\u00fczel \u00f6rneklerinden birini burada g\u00f6steriyor belediyemiz. \u0130nsanlar\u0131n g\u0131daya sa\u011fl\u0131kl\u0131 \u015fekilde ula\u015famad\u0131\u011f\u0131 bu d\u00f6nemde b\u00f6yle bir hizmetin ba\u015flamas\u0131 halk\u0131m\u0131z i\u00e7in \u00e7ok g\u00fczel bir \u015fey\u201d diye konu\u015ftu. KENT LOKANTALARI DAHA DA YAYGINLA\u015eACAK Antalya B\u00fcy\u00fck\u015fehir Belediyesi EKDA\u011e A.\u015e. Genel M\u00fcd\u00fcr\u00fc Ahmet Ayd\u0131n, Kent Lokantas\u0131\u2019n\u0131 Antalya\u2019da yayg\u0131nla\u015ft\u0131racaklar\u0131n\u0131 belirterek, \u201cVatanda\u015flar\u0131m\u0131z ekonomik olarak zor g\u00fcnler ge\u00e7iriyor. Emekliler, \u00f6\u011frenciler, dar gelirli vatanda\u015flar\u0131m\u0131z zor durumda. &hellip;\" \/>\n<meta property=\"og:url\" content=\"http:\/\/denizcankizil.tr\/en\/haberler\/gundem\/antalyanin-ilk-kent-lokantasi-kapilarini-vatandaslara-acti\/\" \/>\n<meta property=\"og:site_name\" content=\"Av. Deniz Can K\u0131z\u0131l\" \/>\n<meta property=\"article:published_time\" content=\"2025-06-30T13:41:20+00:00\" \/>\n<meta name=\"author\" content=\"Antalya K\u00f6rfez\" \/>\n<meta name=\"twitter:card\" content=\"summary_large_image\" \/>\n<meta name=\"twitter:label1\" content=\"Written by\" \/>\n\t<meta name=\"twitter:data1\" content=\"Antalya K\u00f6rfez\" \/>\n\t<meta name=\"twitter:label2\" content=\"Estimated reading time\" \/>\n\t<meta name=\"twitter:data2\" content=\"2 minutes\" \/>\n<script type=\"application\/ld+json\" class=\"yoast-schema-graph\">{\"@context\":\"https:\/\/schema.org\",\"@graph\":[{\"@type\":\"Article\",\"@id\":\"http:\/\/denizcankizil.tr\/en\/haberler\/gundem\/antalyanin-ilk-kent-lokantasi-kapilarini-vatandaslara-acti\/#article\",\"isPartOf\":{\"@id\":\"http:\/\/denizcankizil.tr\/en\/haberler\/gundem\/antalyanin-ilk-kent-lokantasi-kapilarini-vatandaslara-acti\/\"},\"author\":{\"name\":\"Antalya K\u00f6rfez\",\"@id\":\"https:\/\/denizcankizil.tr\/#\/schema\/person\/e1eb71bb4dd684d46563f0af307e1234\"},\"headline\":\"Antalya\u2019n\u0131n ilk Kent Lokantas\u0131 kap\u0131lar\u0131n\u0131 vatanda\u015flara a\u00e7t\u0131\",\"datePublished\":\"2025-06-30T13:41:20+00:00\",\"mainEntityOfPage\":{\"@id\":\"http:\/\/denizcankizil.tr\/en\/haberler\/gundem\/antalyanin-ilk-kent-lokantasi-kapilarini-vatandaslara-acti\/\"},\"wordCount\":418,\"publisher\":{\"@id\":\"https:\/\/denizcankizil.tr\/#organization\"},\"articleSection\":[\"G\u00fcndem\"],\"inLanguage\":\"en-GB\"},{\"@type\":\"WebPage\",\"@id\":\"http:\/\/denizcankizil.tr\/en\/haberler\/gundem\/antalyanin-ilk-kent-lokantasi-kapilarini-vatandaslara-acti\/\",\"url\":\"http:\/\/denizcankizil.tr\/en\/haberler\/gundem\/antalyanin-ilk-kent-lokantasi-kapilarini-vatandaslara-acti\/\",\"name\":\"Antalya\u2019n\u0131n ilk Kent Lokantas\u0131 kap\u0131lar\u0131n\u0131 vatanda\u015flara a\u00e7t\u0131 - Av. Deniz Can K\u0131z\u0131l\",\"isPartOf\":{\"@id\":\"https:\/\/denizcankizil.tr\/#website\"},\"datePublished\":\"2025-06-30T13:41:20+00:00\",\"breadcrumb\":{\"@id\":\"http:\/\/denizcankizil.tr\/en\/haberler\/gundem\/antalyanin-ilk-kent-lokantasi-kapilarini-vatandaslara-acti\/#breadcrumb\"},\"inLanguage\":\"en-GB\",\"potentialAction\":[{\"@type\":\"ReadAction\",\"target\":[\"http:\/\/denizcankizil.tr\/en\/haberler\/gundem\/antalyanin-ilk-kent-lokantasi-kapilarini-vatandaslara-acti\/\"]}]},{\"@type\":\"BreadcrumbList\",\"@id\":\"http:\/\/denizcankizil.tr\/en\/haberler\/gundem\/antalyanin-ilk-kent-lokantasi-kapilarini-vatandaslara-acti\/#breadcrumb\",\"itemListElement\":[{\"@type\":\"ListItem\",\"position\":1,\"name\":\"Home\",\"item\":\"https:\/\/denizcankizil.tr\/de\/\"},{\"@type\":\"ListItem\",\"position\":2,\"name\":\"Antalya\u2019n\u0131n ilk Kent Lokantas\u0131 kap\u0131lar\u0131n\u0131 vatanda\u015flara a\u00e7t\u0131\"}]},{\"@type\":\"WebSite\",\"@id\":\"https:\/\/denizcankizil.tr\/#website\",\"url\":\"https:\/\/denizcankizil.tr\/\",\"name\":\"Av. Deniz Can K\u0131z\u0131l\",\"description\":\"Avukat Deniz Can K\u0131z\u0131l Antalya Barosu\",\"publisher\":{\"@id\":\"https:\/\/denizcankizil.tr\/#organization\"},\"potentialAction\":[{\"@type\":\"SearchAction\",\"target\":{\"@type\":\"EntryPoint\",\"urlTemplate\":\"https:\/\/denizcankizil.tr\/?s={search_term_string}\"},\"query-input\":{\"@type\":\"PropertyValueSpecification\",\"valueRequired\":true,\"valueName\":\"search_term_string\"}}],\"inLanguage\":\"en-GB\"},{\"@type\":\"Organization\",\"@id\":\"https:\/\/denizcankizil.tr\/#organization\",\"name\":\"Av. Deniz Can K\u0131z\u0131l\",\"url\":\"https:\/\/denizcankizil.tr\/\",\"logo\":{\"@type\":\"ImageObject\",\"inLanguage\":\"en-GB\",\"@id\":\"https:\/\/denizcankizil.tr\/#\/schema\/logo\/image\/\",\"url\":\"http:\/\/denizcankizil.tr\/wp-content\/uploads\/2024\/10\/siyah-logo-svg.svg\",\"contentUrl\":\"http:\/\/denizcankizil.tr\/wp-content\/uploads\/2024\/10\/siyah-logo-svg.svg\",\"width\":1080,\"height\":1080,\"caption\":\"Av. Deniz Can K\u0131z\u0131l\"},\"image\":{\"@id\":\"https:\/\/denizcankizil.tr\/#\/schema\/logo\/image\/\"}},{\"@type\":\"Person\",\"@id\":\"https:\/\/denizcankizil.tr\/#\/schema\/person\/e1eb71bb4dd684d46563f0af307e1234\",\"name\":\"Antalya K\u00f6rfez\",\"image\":{\"@type\":\"ImageObject\",\"inLanguage\":\"en-GB\",\"@id\":\"https:\/\/denizcankizil.tr\/#\/schema\/person\/image\/\",\"url\":\"https:\/\/secure.gravatar.com\/avatar\/42b01982558a48a0b501fdcab6a408d3717ea5919095ee2e67b0e521799c5905?s=96&d=mm&r=g\",\"contentUrl\":\"https:\/\/secure.gravatar.com\/avatar\/42b01982558a48a0b501fdcab6a408d3717ea5919095ee2e67b0e521799c5905?s=96&d=mm&r=g\",\"caption\":\"Antalya K\u00f6rfez\"},\"sameAs\":[\"http:\/\/www.antalyakorfez.com\"],\"url\":\"https:\/\/www.antalyakorfez.com\/antalyanin-ilk-kent-lokantasi-kapilarini-vatandaslara-acti\"}]}<\/script>\n<!-- \/ Yoast SEO Premium plugin. -->","yoast_head_json":{"title":"Antalya\u2019n\u0131n ilk Kent Lokantas\u0131 kap\u0131lar\u0131n\u0131 vatanda\u015flara a\u00e7t\u0131 - Av. Deniz Can K\u0131z\u0131l","robots":{"index":"index","follow":"follow","max-snippet":"max-snippet:-1","max-image-preview":"max-image-preview:large","max-video-preview":"max-video-preview:-1"},"canonical":"http:\/\/denizcankizil.tr\/en\/haberler\/gundem\/antalyanin-ilk-kent-lokantasi-kapilarini-vatandaslara-acti\/","og_locale":"en_GB","og_type":"article","og_title":"Antalya\u2019n\u0131n ilk Kent Lokantas\u0131 kap\u0131lar\u0131n\u0131 vatanda\u015flara a\u00e7t\u0131","og_description":"Antalya B\u00fcy\u00fck\u015fehir Belediyesi, halk\u0131n uygun fiyatl\u0131 ve kaliteli yeme\u011fe ula\u015fabilmesi amac\u0131yla Kepez il\u00e7esine ba\u011fl\u0131 5 Temmuz Kurtulu\u015f Caddesi Sur Yap\u0131 100. Y\u0131l Park\u0131 i\u00e7erisinde yap\u0131m\u0131n\u0131 tamamlad\u0131\u011f\u0131 Kent Lokantas\u0131, hizmet vermeye ba\u015flad\u0131. Kent Lokantas\u0131\u2019n\u0131n ilk g\u00fcnk\u00fc men\u00fcs\u00fcnde \u2018\u00c7orba, orman kebab\u0131, pilav ve cac\u0131k\u2019 yer ald\u0131. B\u00fcy\u00fck\u015fehir Belediyesi\u2019nin dar gelirli vatanda\u015flar, \u00f6\u011frenciler ve emekliler ba\u015fta olmak \u00fczere t\u00fcm vatanda\u015flara hizmet verecek Kent Lokantas\u0131\u2019n\u0131 Antalya B\u00fcy\u00fck\u015fehir Belediyesi i\u015ftiraklerinden EKDA\u011e A.\u015e. taraf\u0131ndan i\u015fletilecek. Hafta i\u00e7i be\u015f g\u00fcn hizmet verecek Antalya B\u00fcy\u00fck\u015fehir Belediyesi Kent Lokantas\u0131\u2019nda 4 \u00e7e\u015fit s\u0131cak yemek 90 TL\u2019den sat\u0131\u015fa sunuluyor. 4 \u00c7E\u015e\u0130T YEMEK 90 TL Kent Lokantas\u0131\u2019n\u0131n ilk g\u00fcn\u00fcnde vatanda\u015flar yo\u011fun ilgi g\u00f6sterirken, Kent Lokantas\u0131 b\u00fcy\u00fck be\u011feni toplad\u0131. Kent lokantas\u0131n\u0131n misafirlerinden Nevin G\u00fcler, \u201cBizim gibi emekliler i\u00e7in fiyatlar da \u00e7ok uygun. Buradan yeme\u011fimizi yiyece\u011fiz art\u0131k. Evime de yak\u0131n. Mutluyum. Muhittin Ba\u015fkan\u2019a Kent Lokantas\u0131 i\u00e7in te\u015fekk\u00fcr ederiz\u201d dedi. Orhan Ercan isimli vatanda\u015f ise \u201cSosyal belediyecili\u011fin en g\u00fczel \u00f6rneklerinden birini burada g\u00f6steriyor belediyemiz. \u0130nsanlar\u0131n g\u0131daya sa\u011fl\u0131kl\u0131 \u015fekilde ula\u015famad\u0131\u011f\u0131 bu d\u00f6nemde b\u00f6yle bir hizmetin ba\u015flamas\u0131 halk\u0131m\u0131z i\u00e7in \u00e7ok g\u00fczel bir \u015fey\u201d diye konu\u015ftu. KENT LOKANTALARI DAHA DA YAYGINLA\u015eACAK Antalya B\u00fcy\u00fck\u015fehir Belediyesi EKDA\u011e A.\u015e. Genel M\u00fcd\u00fcr\u00fc Ahmet Ayd\u0131n, Kent Lokantas\u0131\u2019n\u0131 Antalya\u2019da yayg\u0131nla\u015ft\u0131racaklar\u0131n\u0131 belirterek, \u201cVatanda\u015flar\u0131m\u0131z ekonomik olarak zor g\u00fcnler ge\u00e7iriyor. Emekliler, \u00f6\u011frenciler, dar gelirli vatanda\u015flar\u0131m\u0131z zor durumda. &hellip;","og_url":"http:\/\/denizcankizil.tr\/en\/haberler\/gundem\/antalyanin-ilk-kent-lokantasi-kapilarini-vatandaslara-acti\/","og_site_name":"Av. Deniz Can K\u0131z\u0131l","article_published_time":"2025-06-30T13:41:20+00:00","author":"Antalya K\u00f6rfez","twitter_card":"summary_large_image","twitter_misc":{"Written by":"Antalya K\u00f6rfez","Estimated reading time":"2 minutes"},"schema":{"@context":"https:\/\/schema.org","@graph":[{"@type":"Article","@id":"http:\/\/denizcankizil.tr\/en\/haberler\/gundem\/antalyanin-ilk-kent-lokantasi-kapilarini-vatandaslara-acti\/#article","isPartOf":{"@id":"http:\/\/denizcankizil.tr\/en\/haberler\/gundem\/antalyanin-ilk-kent-lokantasi-kapilarini-vatandaslara-acti\/"},"author":{"name":"Antalya K\u00f6rfez","@id":"https:\/\/denizcankizil.tr\/#\/schema\/person\/e1eb71bb4dd684d46563f0af307e1234"},"headline":"Antalya\u2019n\u0131n ilk Kent Lokantas\u0131 kap\u0131lar\u0131n\u0131 vatanda\u015flara a\u00e7t\u0131","datePublished":"2025-06-30T13:41:20+00:00","mainEntityOfPage":{"@id":"http:\/\/denizcankizil.tr\/en\/haberler\/gundem\/antalyanin-ilk-kent-lokantasi-kapilarini-vatandaslara-acti\/"},"wordCount":418,"publisher":{"@id":"https:\/\/denizcankizil.tr\/#organization"},"articleSection":["G\u00fcndem"],"inLanguage":"en-GB"},{"@type":"WebPage","@id":"http:\/\/denizcankizil.tr\/en\/haberler\/gundem\/antalyanin-ilk-kent-lokantasi-kapilarini-vatandaslara-acti\/","url":"http:\/\/denizcankizil.tr\/en\/haberler\/gundem\/antalyanin-ilk-kent-lokantasi-kapilarini-vatandaslara-acti\/","name":"Antalya\u2019n\u0131n ilk Kent Lokantas\u0131 kap\u0131lar\u0131n\u0131 vatanda\u015flara a\u00e7t\u0131 - Av. Deniz Can K\u0131z\u0131l","isPartOf":{"@id":"https:\/\/denizcankizil.tr\/#website"},"datePublished":"2025-06-30T13:41:20+00:00","breadcrumb":{"@id":"http:\/\/denizcankizil.tr\/en\/haberler\/gundem\/antalyanin-ilk-kent-lokantasi-kapilarini-vatandaslara-acti\/#breadcrumb"},"inLanguage":"en-GB","potentialAction":[{"@type":"ReadAction","target":["http:\/\/denizcankizil.tr\/en\/haberler\/gundem\/antalyanin-ilk-kent-lokantasi-kapilarini-vatandaslara-acti\/"]}]},{"@type":"BreadcrumbList","@id":"http:\/\/denizcankizil.tr\/en\/haberler\/gundem\/antalyanin-ilk-kent-lokantasi-kapilarini-vatandaslara-acti\/#breadcrumb","itemListElement":[{"@type":"ListItem","position":1,"name":"Home","item":"https:\/\/denizcankizil.tr\/de\/"},{"@type":"ListItem","position":2,"name":"Antalya\u2019n\u0131n ilk Kent Lokantas\u0131 kap\u0131lar\u0131n\u0131 vatanda\u015flara a\u00e7t\u0131"}]},{"@type":"WebSite","@id":"https:\/\/denizcankizil.tr\/#website","url":"https:\/\/denizcankizil.tr\/","name":"Av. Deniz Can K\u0131z\u0131l","description":"Avukat Deniz Can K\u0131z\u0131l Antalya Barosu","publisher":{"@id":"https:\/\/denizcankizil.tr\/#organization"},"potentialAction":[{"@type":"SearchAction","target":{"@type":"EntryPoint","urlTemplate":"https:\/\/denizcankizil.tr\/?s={search_term_string}"},"query-input":{"@type":"PropertyValueSpecification","valueRequired":true,"valueName":"search_term_string"}}],"inLanguage":"en-GB"},{"@type":"Organization","@id":"https:\/\/denizcankizil.tr\/#organization","name":"Av. Deniz Can K\u0131z\u0131l","url":"https:\/\/denizcankizil.tr\/","logo":{"@type":"ImageObject","inLanguage":"en-GB","@id":"https:\/\/denizcankizil.tr\/#\/schema\/logo\/image\/","url":"http:\/\/denizcankizil.tr\/wp-content\/uploads\/2024\/10\/siyah-logo-svg.svg","contentUrl":"http:\/\/denizcankizil.tr\/wp-content\/uploads\/2024\/10\/siyah-logo-svg.svg","width":1080,"height":1080,"caption":"Av. Deniz Can K\u0131z\u0131l"},"image":{"@id":"https:\/\/denizcankizil.tr\/#\/schema\/logo\/image\/"}},{"@type":"Person","@id":"https:\/\/denizcankizil.tr\/#\/schema\/person\/e1eb71bb4dd684d46563f0af307e1234","name":"Antalya K\u00f6rfez","image":{"@type":"ImageObject","inLanguage":"en-GB","@id":"https:\/\/denizcankizil.tr\/#\/schema\/person\/image\/","url":"https:\/\/secure.gravatar.com\/avatar\/42b01982558a48a0b501fdcab6a408d3717ea5919095ee2e67b0e521799c5905?s=96&d=mm&r=g","contentUrl":"https:\/\/secure.gravatar.com\/avatar\/42b01982558a48a0b501fdcab6a408d3717ea5919095ee2e67b0e521799c5905?s=96&d=mm&r=g","caption":"Antalya K\u00f6rfez"},"sameAs":["http:\/\/www.antalyakorfez.com"],"url":"https:\/\/www.antalyakorfez.com\/antalyanin-ilk-kent-lokantasi-kapilarini-vatandaslara-acti"}]}},"_links":{"self":[{"href":"http:\/\/denizcankizil.tr\/en\/wp-json\/wp\/v2\/posts\/131480","targetHints":{"allow":["GET"]}}],"collection":[{"href":"http:\/\/denizcankizil.tr\/en\/wp-json\/wp\/v2\/posts"}],"about":[{"href":"http:\/\/denizcankizil.tr\/en\/wp-json\/wp\/v2\/types\/post"}],"author":[{"embeddable":true,"href":"http:\/\/denizcankizil.tr\/en\/wp-json\/wp\/v2\/users\/5"}],"replies":[{"embeddable":true,"href":"http:\/\/denizcankizil.tr\/en\/wp-json\/wp\/v2\/comments?post=131480"}],"version-history":[{"count":0,"href":"http:\/\/denizcankizil.tr\/en\/wp-json\/wp\/v2\/posts\/131480\/revisions"}],"wp:attachment":[{"href":"http:\/\/denizcankizil.tr\/en\/wp-json\/wp\/v2\/media?parent=131480"}],"wp:term":[{"taxonomy":"category","embeddable":true,"href":"http:\/\/denizcankizil.tr\/en\/wp-json\/wp\/v2\/categories?post=131480"},{"taxonomy":"post_tag","embeddable":true,"href":"http:\/\/denizcankizil.tr\/en\/wp-json\/wp\/v2\/tags?post=131480"}],"curies":[{"name":"wp","href":"https:\/\/api.w.org\/{rel}","templated":true}]}}