{"id":12957,"date":"2024-11-05T14:41:30","date_gmt":"2024-11-05T11:41:30","guid":{"rendered":"https:\/\/denizcankizil.tr\/uncategorized-tr\/konak-belediye-meclisinden-kayyum-tepkisi\/"},"modified":"2024-11-05T14:41:30","modified_gmt":"2024-11-05T11:41:30","slug":"konak-belediye-meclisinden-kayyum-tepkisi","status":"publish","type":"post","link":"http:\/\/denizcankizil.tr\/en\/haberler\/gundem\/konak-belediye-meclisinden-kayyum-tepkisi\/","title":{"rendered":"Konak Belediye Meclisi\u2019nden kayyum tepkisi"},"content":{"rendered":"<p>Konak Belediye Ba\u015fkan\u0131 Nil\u00fcfer \u00c7\u0131narl\u0131 Mutlu ve Konak Belediyesi\u2019nin CHP\u2019li meclis \u00fcyeleri Esenyurt Belediye Ba\u015fkan\u0131 Ahmet \u00d6zer\u2019in ard\u0131ndan \u00fc\u00e7 \u015fehirde daha belediye ba\u015fkanlar\u0131n\u0131n g\u00f6revden al\u0131narak yerlerine kayyum atanmas\u0131na tepkilerini siyah giyerek g\u00f6sterdi.<\/p>\n<p>\u200bKonak Belediye Ba\u015fkan\u0131 Nil\u00fcfer \u00c7\u0131narl\u0131 Mutlu ve Konak Belediyesi\u2019nin CHP\u2019li meclis \u00fcyeleri Esenyurt Belediye Ba\u015fkan\u0131 Ahmet \u00d6zer\u2019in ard\u0131ndan \u00fc\u00e7 \u015fehirde daha belediye ba\u015fkanlar\u0131n\u0131n g\u00f6revden al\u0131narak yerlerine kayyum atanmas\u0131na tepkilerini siyah giyerek g\u00f6sterdi.\u00a0<\/p>\n<p>\u200bHaberin Al\u0131nt\u0131land\u0131\u011f\u0131 Kaynak: www.iskenderun.org<\/p>","protected":false},"excerpt":{"rendered":"<p>Konak Belediye Ba\u015fkan\u0131 Nil\u00fcfer \u00c7\u0131narl\u0131 Mutlu ve Konak Belediyesi\u2019nin CHP\u2019li meclis \u00fcyeleri Esenyurt Belediye Ba\u015fkan\u0131 Ahmet \u00d6zer\u2019in ard\u0131ndan \u00fc\u00e7 \u015fehirde daha belediye ba\u015fkanlar\u0131n\u0131n g\u00f6revden al\u0131narak yerlerine kayyum atanmas\u0131na tepkilerini siyah giyerek g\u00f6sterdi. \u200bKonak Belediye Ba\u015fkan\u0131 Nil\u00fcfer \u00c7\u0131narl\u0131 Mutlu ve Konak Belediyesi\u2019nin CHP\u2019li meclis \u00fcyeleri Esenyurt Belediye Ba\u015fkan\u0131 Ahmet \u00d6zer\u2019in ard\u0131ndan \u00fc\u00e7 \u015fehirde daha belediye ba\u015fkanlar\u0131n\u0131n g\u00f6revden al\u0131narak yerlerine kayyum atanmas\u0131na tepkilerini siyah giyerek g\u00f6sterdi.\u00a0 \u200bHaberin Al\u0131nt\u0131land\u0131\u011f\u0131 Kaynak: www.iskenderun.org<\/p>","protected":false},"author":0,"featured_media":0,"comment_status":"open","ping_status":"open","sticky":false,"template":"","format":"standard","meta":{"_acf_changed":false,"footnotes":""},"categories":[24,535],"tags":[],"class_list":["post-12957","post","type-post","status-publish","format-standard","has-post-thumbnail","hentry","category-gundem","category-uncategorized-tr"],"acf":[],"yoast_head":"<!-- This site is optimized with the Yoast SEO Premium plugin v26.6 (Yoast SEO v27.1.1) - https:\/\/yoast.com\/product\/yoast-seo-premium-wordpress\/ -->\n<title>Konak Belediye Meclisi\u2019nden kayyum tepkisi - Av. Deniz Can K\u0131z\u0131l<\/title>\n<meta name=\"robots\" content=\"index, follow, max-snippet:-1, max-image-preview:large, max-video-preview:-1\" \/>\n<link rel=\"canonical\" href=\"https:\/\/denizcankizil.tr\/en\/haberler\/gundem\/konak-belediye-meclisinden-kayyum-tepkisi\/\" \/>\n<meta property=\"og:locale\" content=\"en_GB\" \/>\n<meta property=\"og:type\" content=\"article\" \/>\n<meta property=\"og:title\" content=\"Konak Belediye Meclisi\u2019nden kayyum tepkisi\" \/>\n<meta property=\"og:description\" content=\"Konak Belediye Ba\u015fkan\u0131 Nil\u00fcfer \u00c7\u0131narl\u0131 Mutlu ve Konak Belediyesi\u2019nin CHP\u2019li meclis \u00fcyeleri Esenyurt Belediye Ba\u015fkan\u0131 Ahmet \u00d6zer\u2019in ard\u0131ndan \u00fc\u00e7 \u015fehirde daha belediye ba\u015fkanlar\u0131n\u0131n g\u00f6revden al\u0131narak yerlerine kayyum atanmas\u0131na tepkilerini siyah giyerek g\u00f6sterdi. \u200bKonak Belediye Ba\u015fkan\u0131 Nil\u00fcfer \u00c7\u0131narl\u0131 Mutlu ve Konak Belediyesi\u2019nin CHP\u2019li meclis \u00fcyeleri Esenyurt Belediye Ba\u015fkan\u0131 Ahmet \u00d6zer\u2019in ard\u0131ndan \u00fc\u00e7 \u015fehirde daha belediye ba\u015fkanlar\u0131n\u0131n g\u00f6revden al\u0131narak yerlerine kayyum atanmas\u0131na tepkilerini siyah giyerek g\u00f6sterdi.\u00a0 \u200bHaberin Al\u0131nt\u0131land\u0131\u011f\u0131 Kaynak: www.iskenderun.org\" \/>\n<meta property=\"og:url\" content=\"https:\/\/denizcankizil.tr\/en\/haberler\/gundem\/konak-belediye-meclisinden-kayyum-tepkisi\/\" \/>\n<meta property=\"og:site_name\" content=\"Av. Deniz Can K\u0131z\u0131l\" \/>\n<meta property=\"article:published_time\" content=\"2024-11-05T11:41:30+00:00\" \/>\n<meta name=\"twitter:card\" content=\"summary_large_image\" \/>\n<script type=\"application\/ld+json\" class=\"yoast-schema-graph\">{\"@context\":\"https:\/\/schema.org\",\"@graph\":[{\"@type\":\"Article\",\"@id\":\"https:\/\/denizcankizil.tr\/ru\/haberler\/gundem\/konak-belediye-meclisinden-kayyum-tepkisi\/#article\",\"isPartOf\":{\"@id\":\"https:\/\/denizcankizil.tr\/ru\/haberler\/gundem\/konak-belediye-meclisinden-kayyum-tepkisi\/\"},\"author\":{\"name\":\"\",\"@id\":\"\"},\"headline\":\"Konak Belediye Meclisi\u2019nden kayyum tepkisi\",\"datePublished\":\"2024-11-05T11:41:30+00:00\",\"mainEntityOfPage\":{\"@id\":\"https:\/\/denizcankizil.tr\/ru\/haberler\/gundem\/konak-belediye-meclisinden-kayyum-tepkisi\/\"},\"wordCount\":104,\"commentCount\":0,\"publisher\":{\"@id\":\"https:\/\/denizcankizil.tr\/de\/#organization\"},\"articleSection\":[\"G\u00fcndem\",\"Uncategorized\"],\"inLanguage\":\"en-GB\",\"potentialAction\":[{\"@type\":\"CommentAction\",\"name\":\"Comment\",\"target\":[\"https:\/\/denizcankizil.tr\/ru\/haberler\/gundem\/konak-belediye-meclisinden-kayyum-tepkisi\/#respond\"]}]},{\"@type\":\"WebPage\",\"@id\":\"https:\/\/denizcankizil.tr\/ru\/haberler\/gundem\/konak-belediye-meclisinden-kayyum-tepkisi\/\",\"url\":\"https:\/\/denizcankizil.tr\/ru\/haberler\/gundem\/konak-belediye-meclisinden-kayyum-tepkisi\/\",\"name\":\"Konak Belediye Meclisi\u2019nden kayyum tepkisi - Av. Deniz Can K\u0131z\u0131l\",\"isPartOf\":{\"@id\":\"https:\/\/denizcankizil.tr\/de\/#website\"},\"datePublished\":\"2024-11-05T11:41:30+00:00\",\"breadcrumb\":{\"@id\":\"https:\/\/denizcankizil.tr\/ru\/haberler\/gundem\/konak-belediye-meclisinden-kayyum-tepkisi\/#breadcrumb\"},\"inLanguage\":\"en-GB\",\"potentialAction\":[{\"@type\":\"ReadAction\",\"target\":[\"https:\/\/denizcankizil.tr\/ru\/haberler\/gundem\/konak-belediye-meclisinden-kayyum-tepkisi\/\"]}]},{\"@type\":\"BreadcrumbList\",\"@id\":\"https:\/\/denizcankizil.tr\/ru\/haberler\/gundem\/konak-belediye-meclisinden-kayyum-tepkisi\/#breadcrumb\",\"itemListElement\":[{\"@type\":\"ListItem\",\"position\":1,\"name\":\"Home\",\"item\":\"https:\/\/denizcankizil.tr\/de\/\"},{\"@type\":\"ListItem\",\"position\":2,\"name\":\"Konak Belediye Meclisi\u2019nden kayyum tepkisi\"}]},{\"@type\":\"WebSite\",\"@id\":\"https:\/\/denizcankizil.tr\/de\/#website\",\"url\":\"https:\/\/denizcankizil.tr\/de\/\",\"name\":\"Av. Deniz Can K\u0131z\u0131l\",\"description\":\"Avukat Deniz Can K\u0131z\u0131l Antalya Barosu\",\"publisher\":{\"@id\":\"https:\/\/denizcankizil.tr\/de\/#organization\"},\"potentialAction\":[{\"@type\":\"SearchAction\",\"target\":{\"@type\":\"EntryPoint\",\"urlTemplate\":\"https:\/\/denizcankizil.tr\/de\/?s={search_term_string}\"},\"query-input\":{\"@type\":\"PropertyValueSpecification\",\"valueRequired\":true,\"valueName\":\"search_term_string\"}}],\"inLanguage\":\"en-GB\"},{\"@type\":\"Organization\",\"@id\":\"https:\/\/denizcankizil.tr\/de\/#organization\",\"name\":\"Av. Deniz Can K\u0131z\u0131l\",\"url\":\"https:\/\/denizcankizil.tr\/de\/\",\"logo\":{\"@type\":\"ImageObject\",\"inLanguage\":\"en-GB\",\"@id\":\"https:\/\/denizcankizil.tr\/de\/#\/schema\/logo\/image\/\",\"url\":\"http:\/\/denizcankizil.tr\/wp-content\/uploads\/2024\/10\/siyah-logo-svg.svg\",\"contentUrl\":\"http:\/\/denizcankizil.tr\/wp-content\/uploads\/2024\/10\/siyah-logo-svg.svg\",\"width\":1080,\"height\":1080,\"caption\":\"Av. Deniz Can K\u0131z\u0131l\"},\"image\":{\"@id\":\"https:\/\/denizcankizil.tr\/de\/#\/schema\/logo\/image\/\"}}]}<\/script>\n<!-- \/ Yoast SEO Premium plugin. -->","yoast_head_json":{"title":"Konak Belediye Meclisi\u2019nden kayyum tepkisi - Av. Deniz Can K\u0131z\u0131l","robots":{"index":"index","follow":"follow","max-snippet":"max-snippet:-1","max-image-preview":"max-image-preview:large","max-video-preview":"max-video-preview:-1"},"canonical":"https:\/\/denizcankizil.tr\/en\/haberler\/gundem\/konak-belediye-meclisinden-kayyum-tepkisi\/","og_locale":"en_GB","og_type":"article","og_title":"Konak Belediye Meclisi\u2019nden kayyum tepkisi","og_description":"Konak Belediye Ba\u015fkan\u0131 Nil\u00fcfer \u00c7\u0131narl\u0131 Mutlu ve Konak Belediyesi\u2019nin CHP\u2019li meclis \u00fcyeleri Esenyurt Belediye Ba\u015fkan\u0131 Ahmet \u00d6zer\u2019in ard\u0131ndan \u00fc\u00e7 \u015fehirde daha belediye ba\u015fkanlar\u0131n\u0131n g\u00f6revden al\u0131narak yerlerine kayyum atanmas\u0131na tepkilerini siyah giyerek g\u00f6sterdi. \u200bKonak Belediye Ba\u015fkan\u0131 Nil\u00fcfer \u00c7\u0131narl\u0131 Mutlu ve Konak Belediyesi\u2019nin CHP\u2019li meclis \u00fcyeleri Esenyurt Belediye Ba\u015fkan\u0131 Ahmet \u00d6zer\u2019in ard\u0131ndan \u00fc\u00e7 \u015fehirde daha belediye ba\u015fkanlar\u0131n\u0131n g\u00f6revden al\u0131narak yerlerine kayyum atanmas\u0131na tepkilerini siyah giyerek g\u00f6sterdi.\u00a0 \u200bHaberin Al\u0131nt\u0131land\u0131\u011f\u0131 Kaynak: www.iskenderun.org","og_url":"https:\/\/denizcankizil.tr\/en\/haberler\/gundem\/konak-belediye-meclisinden-kayyum-tepkisi\/","og_site_name":"Av. Deniz Can K\u0131z\u0131l","article_published_time":"2024-11-05T11:41:30+00:00","twitter_card":"summary_large_image","schema":{"@context":"https:\/\/schema.org","@graph":[{"@type":"Article","@id":"https:\/\/denizcankizil.tr\/ru\/haberler\/gundem\/konak-belediye-meclisinden-kayyum-tepkisi\/#article","isPartOf":{"@id":"https:\/\/denizcankizil.tr\/ru\/haberler\/gundem\/konak-belediye-meclisinden-kayyum-tepkisi\/"},"author":{"name":"","@id":""},"headline":"Konak Belediye Meclisi\u2019nden kayyum tepkisi","datePublished":"2024-11-05T11:41:30+00:00","mainEntityOfPage":{"@id":"https:\/\/denizcankizil.tr\/ru\/haberler\/gundem\/konak-belediye-meclisinden-kayyum-tepkisi\/"},"wordCount":104,"commentCount":0,"publisher":{"@id":"https:\/\/denizcankizil.tr\/de\/#organization"},"articleSection":["G\u00fcndem","Uncategorized"],"inLanguage":"en-GB","potentialAction":[{"@type":"CommentAction","name":"Comment","target":["https:\/\/denizcankizil.tr\/ru\/haberler\/gundem\/konak-belediye-meclisinden-kayyum-tepkisi\/#respond"]}]},{"@type":"WebPage","@id":"https:\/\/denizcankizil.tr\/ru\/haberler\/gundem\/konak-belediye-meclisinden-kayyum-tepkisi\/","url":"https:\/\/denizcankizil.tr\/ru\/haberler\/gundem\/konak-belediye-meclisinden-kayyum-tepkisi\/","name":"Konak Belediye Meclisi\u2019nden kayyum tepkisi - Av. Deniz Can K\u0131z\u0131l","isPartOf":{"@id":"https:\/\/denizcankizil.tr\/de\/#website"},"datePublished":"2024-11-05T11:41:30+00:00","breadcrumb":{"@id":"https:\/\/denizcankizil.tr\/ru\/haberler\/gundem\/konak-belediye-meclisinden-kayyum-tepkisi\/#breadcrumb"},"inLanguage":"en-GB","potentialAction":[{"@type":"ReadAction","target":["https:\/\/denizcankizil.tr\/ru\/haberler\/gundem\/konak-belediye-meclisinden-kayyum-tepkisi\/"]}]},{"@type":"BreadcrumbList","@id":"https:\/\/denizcankizil.tr\/ru\/haberler\/gundem\/konak-belediye-meclisinden-kayyum-tepkisi\/#breadcrumb","itemListElement":[{"@type":"ListItem","position":1,"name":"Home","item":"https:\/\/denizcankizil.tr\/de\/"},{"@type":"ListItem","position":2,"name":"Konak Belediye Meclisi\u2019nden kayyum tepkisi"}]},{"@type":"WebSite","@id":"https:\/\/denizcankizil.tr\/de\/#website","url":"https:\/\/denizcankizil.tr\/de\/","name":"Av. Deniz Can K\u0131z\u0131l","description":"Avukat Deniz Can K\u0131z\u0131l Antalya Barosu","publisher":{"@id":"https:\/\/denizcankizil.tr\/de\/#organization"},"potentialAction":[{"@type":"SearchAction","target":{"@type":"EntryPoint","urlTemplate":"https:\/\/denizcankizil.tr\/de\/?s={search_term_string}"},"query-input":{"@type":"PropertyValueSpecification","valueRequired":true,"valueName":"search_term_string"}}],"inLanguage":"en-GB"},{"@type":"Organization","@id":"https:\/\/denizcankizil.tr\/de\/#organization","name":"Av. Deniz Can K\u0131z\u0131l","url":"https:\/\/denizcankizil.tr\/de\/","logo":{"@type":"ImageObject","inLanguage":"en-GB","@id":"https:\/\/denizcankizil.tr\/de\/#\/schema\/logo\/image\/","url":"http:\/\/denizcankizil.tr\/wp-content\/uploads\/2024\/10\/siyah-logo-svg.svg","contentUrl":"http:\/\/denizcankizil.tr\/wp-content\/uploads\/2024\/10\/siyah-logo-svg.svg","width":1080,"height":1080,"caption":"Av. Deniz Can K\u0131z\u0131l"},"image":{"@id":"https:\/\/denizcankizil.tr\/de\/#\/schema\/logo\/image\/"}}]}},"_links":{"self":[{"href":"http:\/\/denizcankizil.tr\/en\/wp-json\/wp\/v2\/posts\/12957","targetHints":{"allow":["GET"]}}],"collection":[{"href":"http:\/\/denizcankizil.tr\/en\/wp-json\/wp\/v2\/posts"}],"about":[{"href":"http:\/\/denizcankizil.tr\/en\/wp-json\/wp\/v2\/types\/post"}],"replies":[{"embeddable":true,"href":"http:\/\/denizcankizil.tr\/en\/wp-json\/wp\/v2\/comments?post=12957"}],"version-history":[{"count":0,"href":"http:\/\/denizcankizil.tr\/en\/wp-json\/wp\/v2\/posts\/12957\/revisions"}],"wp:attachment":[{"href":"http:\/\/denizcankizil.tr\/en\/wp-json\/wp\/v2\/media?parent=12957"}],"wp:term":[{"taxonomy":"category","embeddable":true,"href":"http:\/\/denizcankizil.tr\/en\/wp-json\/wp\/v2\/categories?post=12957"},{"taxonomy":"post_tag","embeddable":true,"href":"http:\/\/denizcankizil.tr\/en\/wp-json\/wp\/v2\/tags?post=12957"}],"curies":[{"name":"wp","href":"https:\/\/api.w.org\/{rel}","templated":true}]}}