{"id":126006,"date":"2025-06-25T10:41:15","date_gmt":"2025-06-25T07:41:15","guid":{"rendered":"https:\/\/denizcankizil.tr\/uncategorized-tr\/futbol-kamplarinin-2-yeni-gozdesi\/"},"modified":"2025-06-25T10:41:15","modified_gmt":"2025-06-25T07:41:15","slug":"futbol-kamplarinin-2-yeni-gozdesi","status":"publish","type":"post","link":"http:\/\/denizcankizil.tr\/en\/haberler\/antalya\/futbol-kamplarinin-2-yeni-gozdesi\/","title":{"rendered":"Futbol kamplar\u0131n\u0131n 2 yeni g\u00f6zdesi"},"content":{"rendered":"<p>D\u00fcnyada milyonlarca severin ilgiyle takip etti\u011fi futbol organizasyonlar\u0131nda tak\u0131mlar\u0131n haz\u0131rlanmas\u0131 hayati \u00f6nem ta\u015f\u0131yor. Tak\u0131mlar sezon \u00f6ncesinde uygun hava s\u0131cakl\u0131\u011f\u0131n\u0131n yan\u0131 s\u0131ra \u00e7al\u0131\u015fmalar\u0131n\u0131n daha iyi \u015fartlarda olmas\u0131 i\u00e7in konfor ve iyi sahalar\u0131n olmas\u0131n\u0131 tercih ediyor. Yaz aylar\u0131nda futbolcular\u0131n s\u0131caktan bunalmamas\u0131 i\u00e7in genellikle y\u00fcksek rak\u0131mda bulunan tesisleri se\u00e7en tak\u0131mlar\u0131n son zamanlardaki g\u00f6zde yerleri, Burdur ve Isparta oldu.<\/p>\n<p>BURDUR VE ISPARTA&#8217;DA TES\u0130SLER DOLU<\/p>\n<p>Son 5 y\u0131lda yap\u0131lan yat\u0131r\u0131mlarla bir\u00e7ok S\u00fcper Lig, Avrupa, Asya ve Arabistan temsilcilerine ev sahipli\u011fi yapan Burdur ve Isparta&#8217;da tesislerin tamamen dolmas\u0131 dikkati \u00e7ekti. Burdur Mehmet Akif Ersoy \u00dcniversitesi i\u00e7erisinde yer alan tesislerde 18 bin metrekarelik a\u00e7\u0131k spor alan\u0131nda FIFA standartlar\u0131nda 3 do\u011fal \u00e7im antrenman sahas\u0131, FIFA standartlar\u0131nda, ulusal ve uluslararas\u0131 ma\u00e7 yap\u0131labilecek standartlara sahip \u0131\u015f\u0131kland\u0131rmal\u0131 do\u011fal \u00e7im zemin son teknoloji stadyum yer al\u0131yor. Isparta&#8217;ya ba\u011fl\u0131 Davraz da 4 futbol sahas\u0131yla gelen tak\u0131mlar\u0131n\u0131 a\u011f\u0131rl\u0131yor.<\/p>\n<p>Y\u00dcKSEK RAKIM, UYGUN \u0130KL\u0130M, GEL\u0130\u015eEN ALTYAPI<\/p>\n<p>Eski Futbol Turizmi Birli\u011fi Ba\u015fkan\u0131 Recep \u015eamil Ya\u015facan, Isparta ve Burdur&#8217;un yaz sezonunda futbol kamp\u0131 yapmak isteyen yerli ve yabanc\u0131 kul\u00fcpler i\u00e7in y\u00fcksek rak\u0131m, uygun iklim ve geli\u015fen altyap\u0131s\u0131yla \u00f6nemli bir alternatif haline geldi\u011fini s\u00f6yledi. Ya\u015facan, Antalya Havaliman\u0131 ba\u011flant\u0131s\u0131yla kolay ula\u015f\u0131m sa\u011flanan b\u00f6lgede do\u011fru yat\u0131r\u0131mlar ve planlamayla k\u0131sa s\u00fcrede Avrupa&#8217;daki kamp destinasyonlar\u0131yla rekabet edebilecek seviyeye gelinebilece\u011fini vurgulad\u0131.<\/p>\n<p>AVRUPA&#8217;YA ALTERNAT\u0130F DEST\u0130NASYON<\/p>\n<p>Recep \u015eamil Ya\u015facan, T\u00fcrkiye&#8217;nin yaln\u0131zca k\u0131\u015f kamp d\u00f6neminde de\u011fil, yaz d\u00f6neminde de ciddi bir potansiyele sahip oldu\u011funu belirtti. T\u00fcrkiye&#8217;de kamp yapan kul\u00fcplerin oran\u0131n\u0131n di\u011fer \u00fclkelerin toplam\u0131ndan daha fazla oldu\u011funu ifade eden Ya\u015facan, yaz d\u00f6neminde Slovenya, H\u0131rvatistan, Almanya ve Hollanda gibi \u00fclkelerle rekabet edilebilece\u011fini s\u00f6yledi. Recep \u015eamil Ya\u015facan, &#8220;Isparta ve Burdur gibi b\u00f6lgelerimiz y\u00fcksek rak\u0131m avantaj\u0131yla bu yar\u0131\u015fta \u00f6ne \u00e7\u0131kabilir. Antalya Havaliman\u0131 sayesinde ula\u015f\u0131m da olduk\u00e7a kolay. Son 4- 5 y\u0131ld\u0131r b\u00f6lgede kamp yapan Arap, Afrikal\u0131 ve Uzak Do\u011fulu kul\u00fcplerin say\u0131s\u0131 art\u0131yor. Organizasyon iyi yap\u0131l\u0131rsa, Isparta ve Burdur yaz kamplar\u0131nda Avrupa&#8217;n\u0131n en g\u00fc\u00e7l\u00fc alternatiflerinden biri haline gelir&#8221; diye konu\u015ftu.<\/p>\n<p>&#8216;YETERL\u0130 OTEL KAPAS\u0130TES\u0130 MEVCUT&#8217;<\/p>\n<p>B\u00f6lgedeki altyap\u0131ya dair bilgi veren Ya\u015facan, &#8220;\u015eu anda Burdur ve Isparta&#8217;da 15&#8217;e yak\u0131n standart futbol sahas\u0131 var. Tak\u0131mlar i\u00e7in yeterli otel kapasitesi mevcut. Gelen tak\u0131mlar buradan \u00e7ok memnun ayr\u0131l\u0131yor. Bu memnuniyet turizmin s\u00fcrd\u00fcr\u00fclebilirli\u011fi a\u00e7\u0131s\u0131ndan \u00e7ok k\u0131ymetli&#8221; dedi.<\/p>\n<p>HEDEF 50 M\u0130LYON AVROLUK C\u0130RO<\/p>\n<p>Recep \u015eamil Ya\u015facan, b\u00f6lgenin sadece futbol i\u00e7in de\u011fil, basketbol, voleybol ve bisiklet gibi bran\u015flar i\u00e7in de cazip oldu\u011funu vurgulad\u0131. &#8220;Bug\u00fcn 2 milyon avroluk bir kamp gelirinden bahsediyoruz. Ancak gerekli yat\u0131r\u0131mlar yap\u0131l\u0131r, altyap\u0131 g\u00fc\u00e7lendirilirse bu rakam k\u0131sa s\u00fcrede 50 milyon avroya ula\u015fabilir. Buras\u0131 y\u00fcksek rak\u0131m\u0131 ve do\u011fal ortam\u0131yla sporcular i\u00e7in ideal bir merkez&#8221; diye konu\u015ftu.<\/p>\n<p>Kaynak: www.kanalv.com.tr Haber Sitesinden Al\u0131nm\u0131\u015ft\u0131r.<\/p>","protected":false},"excerpt":{"rendered":"<p>D\u00fcnyada milyonlarca severin ilgiyle takip etti\u011fi futbol organizasyonlar\u0131nda tak\u0131mlar\u0131n haz\u0131rlanmas\u0131 hayati \u00f6nem ta\u015f\u0131yor. Tak\u0131mlar sezon \u00f6ncesinde uygun hava s\u0131cakl\u0131\u011f\u0131n\u0131n yan\u0131 s\u0131ra \u00e7al\u0131\u015fmalar\u0131n\u0131n daha iyi \u015fartlarda olmas\u0131 i\u00e7in konfor ve iyi sahalar\u0131n olmas\u0131n\u0131 tercih ediyor. Yaz aylar\u0131nda futbolcular\u0131n s\u0131caktan bunalmamas\u0131 i\u00e7in genellikle y\u00fcksek rak\u0131mda bulunan tesisleri se\u00e7en tak\u0131mlar\u0131n son zamanlardaki g\u00f6zde yerleri, Burdur ve Isparta oldu. BURDUR VE ISPARTA&#8217;DA TES\u0130SLER DOLU Son 5 y\u0131lda yap\u0131lan yat\u0131r\u0131mlarla bir\u00e7ok S\u00fcper Lig, Avrupa, Asya ve Arabistan temsilcilerine ev sahipli\u011fi yapan Burdur ve Isparta&#8217;da tesislerin tamamen dolmas\u0131 dikkati \u00e7ekti. Burdur Mehmet Akif Ersoy \u00dcniversitesi i\u00e7erisinde yer alan tesislerde 18 bin metrekarelik a\u00e7\u0131k spor alan\u0131nda FIFA standartlar\u0131nda 3 do\u011fal \u00e7im antrenman sahas\u0131, FIFA standartlar\u0131nda, ulusal ve uluslararas\u0131 ma\u00e7 yap\u0131labilecek standartlara sahip \u0131\u015f\u0131kland\u0131rmal\u0131 do\u011fal \u00e7im zemin son teknoloji stadyum yer al\u0131yor. Isparta&#8217;ya ba\u011fl\u0131 Davraz da 4 futbol sahas\u0131yla gelen tak\u0131mlar\u0131n\u0131 a\u011f\u0131rl\u0131yor. Y\u00dcKSEK RAKIM, UYGUN \u0130KL\u0130M, GEL\u0130\u015eEN ALTYAPI Eski Futbol Turizmi Birli\u011fi Ba\u015fkan\u0131 Recep \u015eamil Ya\u015facan, Isparta ve Burdur&#8217;un yaz sezonunda futbol kamp\u0131 yapmak isteyen yerli ve yabanc\u0131 kul\u00fcpler i\u00e7in y\u00fcksek rak\u0131m, uygun iklim ve geli\u015fen altyap\u0131s\u0131yla \u00f6nemli bir alternatif haline geldi\u011fini s\u00f6yledi. Ya\u015facan, Antalya Havaliman\u0131 ba\u011flant\u0131s\u0131yla kolay ula\u015f\u0131m sa\u011flanan b\u00f6lgede do\u011fru yat\u0131r\u0131mlar ve planlamayla k\u0131sa s\u00fcrede Avrupa&#8217;daki kamp destinasyonlar\u0131yla rekabet edebilecek seviyeye gelinebilece\u011fini vurgulad\u0131. AVRUPA&#8217;YA ALTERNAT\u0130F DEST\u0130NASYON &hellip;<\/p>","protected":false},"author":4,"featured_media":0,"comment_status":"","ping_status":"open","sticky":false,"template":"","format":"standard","meta":{"_acf_changed":false,"footnotes":""},"categories":[26],"tags":[],"class_list":["post-126006","post","type-post","status-publish","format-standard","hentry","category-antalya"],"acf":[],"yoast_head":"<!-- This site is optimized with the Yoast SEO Premium plugin v26.6 (Yoast SEO v27.1.1) - https:\/\/yoast.com\/product\/yoast-seo-premium-wordpress\/ -->\n<title>Futbol kamplar\u0131n\u0131n 2 yeni g\u00f6zdesi - Av. Deniz Can K\u0131z\u0131l<\/title>\n<meta name=\"robots\" content=\"index, follow, max-snippet:-1, max-image-preview:large, max-video-preview:-1\" \/>\n<link rel=\"canonical\" href=\"http:\/\/denizcankizil.tr\/en\/haberler\/antalya\/futbol-kamplarinin-2-yeni-gozdesi\/\" \/>\n<meta property=\"og:locale\" content=\"en_GB\" \/>\n<meta property=\"og:type\" content=\"article\" \/>\n<meta property=\"og:title\" content=\"Futbol kamplar\u0131n\u0131n 2 yeni g\u00f6zdesi\" \/>\n<meta property=\"og:description\" content=\"D\u00fcnyada milyonlarca severin ilgiyle takip etti\u011fi futbol organizasyonlar\u0131nda tak\u0131mlar\u0131n haz\u0131rlanmas\u0131 hayati \u00f6nem ta\u015f\u0131yor. Tak\u0131mlar sezon \u00f6ncesinde uygun hava s\u0131cakl\u0131\u011f\u0131n\u0131n yan\u0131 s\u0131ra \u00e7al\u0131\u015fmalar\u0131n\u0131n daha iyi \u015fartlarda olmas\u0131 i\u00e7in konfor ve iyi sahalar\u0131n olmas\u0131n\u0131 tercih ediyor. Yaz aylar\u0131nda futbolcular\u0131n s\u0131caktan bunalmamas\u0131 i\u00e7in genellikle y\u00fcksek rak\u0131mda bulunan tesisleri se\u00e7en tak\u0131mlar\u0131n son zamanlardaki g\u00f6zde yerleri, Burdur ve Isparta oldu. BURDUR VE ISPARTA&#8217;DA TES\u0130SLER DOLU Son 5 y\u0131lda yap\u0131lan yat\u0131r\u0131mlarla bir\u00e7ok S\u00fcper Lig, Avrupa, Asya ve Arabistan temsilcilerine ev sahipli\u011fi yapan Burdur ve Isparta&#8217;da tesislerin tamamen dolmas\u0131 dikkati \u00e7ekti. Burdur Mehmet Akif Ersoy \u00dcniversitesi i\u00e7erisinde yer alan tesislerde 18 bin metrekarelik a\u00e7\u0131k spor alan\u0131nda FIFA standartlar\u0131nda 3 do\u011fal \u00e7im antrenman sahas\u0131, FIFA standartlar\u0131nda, ulusal ve uluslararas\u0131 ma\u00e7 yap\u0131labilecek standartlara sahip \u0131\u015f\u0131kland\u0131rmal\u0131 do\u011fal \u00e7im zemin son teknoloji stadyum yer al\u0131yor. Isparta&#8217;ya ba\u011fl\u0131 Davraz da 4 futbol sahas\u0131yla gelen tak\u0131mlar\u0131n\u0131 a\u011f\u0131rl\u0131yor. Y\u00dcKSEK RAKIM, UYGUN \u0130KL\u0130M, GEL\u0130\u015eEN ALTYAPI Eski Futbol Turizmi Birli\u011fi Ba\u015fkan\u0131 Recep \u015eamil Ya\u015facan, Isparta ve Burdur&#8217;un yaz sezonunda futbol kamp\u0131 yapmak isteyen yerli ve yabanc\u0131 kul\u00fcpler i\u00e7in y\u00fcksek rak\u0131m, uygun iklim ve geli\u015fen altyap\u0131s\u0131yla \u00f6nemli bir alternatif haline geldi\u011fini s\u00f6yledi. Ya\u015facan, Antalya Havaliman\u0131 ba\u011flant\u0131s\u0131yla kolay ula\u015f\u0131m sa\u011flanan b\u00f6lgede do\u011fru yat\u0131r\u0131mlar ve planlamayla k\u0131sa s\u00fcrede Avrupa&#8217;daki kamp destinasyonlar\u0131yla rekabet edebilecek seviyeye gelinebilece\u011fini vurgulad\u0131. AVRUPA&#8217;YA ALTERNAT\u0130F DEST\u0130NASYON &hellip;\" \/>\n<meta property=\"og:url\" content=\"http:\/\/denizcankizil.tr\/en\/haberler\/antalya\/futbol-kamplarinin-2-yeni-gozdesi\/\" \/>\n<meta property=\"og:site_name\" content=\"Av. Deniz Can K\u0131z\u0131l\" \/>\n<meta property=\"article:published_time\" content=\"2025-06-25T07:41:15+00:00\" \/>\n<meta name=\"author\" content=\"Av. Deniz Can K\u0131z\u0131l\" \/>\n<meta name=\"twitter:card\" content=\"summary_large_image\" \/>\n<meta name=\"twitter:label1\" content=\"Written by\" \/>\n\t<meta name=\"twitter:data1\" content=\"Av. Deniz Can K\u0131z\u0131l\" \/>\n\t<meta name=\"twitter:label2\" content=\"Estimated reading time\" \/>\n\t<meta name=\"twitter:data2\" content=\"3 minutes\" \/>\n<script type=\"application\/ld+json\" class=\"yoast-schema-graph\">{\"@context\":\"https:\/\/schema.org\",\"@graph\":[{\"@type\":\"Article\",\"@id\":\"http:\/\/denizcankizil.tr\/en\/haberler\/antalya\/futbol-kamplarinin-2-yeni-gozdesi\/#article\",\"isPartOf\":{\"@id\":\"http:\/\/denizcankizil.tr\/en\/haberler\/antalya\/futbol-kamplarinin-2-yeni-gozdesi\/\"},\"author\":{\"name\":\"Av. Deniz Can K\u0131z\u0131l\",\"@id\":\"https:\/\/denizcankizil.tr\/de\/#\/schema\/person\/5dc1b22991bd7ac833867c10afc9b0ff\"},\"headline\":\"Futbol kamplar\u0131n\u0131n 2 yeni g\u00f6zdesi\",\"datePublished\":\"2025-06-25T07:41:15+00:00\",\"mainEntityOfPage\":{\"@id\":\"http:\/\/denizcankizil.tr\/en\/haberler\/antalya\/futbol-kamplarinin-2-yeni-gozdesi\/\"},\"wordCount\":582,\"publisher\":{\"@id\":\"https:\/\/denizcankizil.tr\/de\/#organization\"},\"articleSection\":[\"Antalya\"],\"inLanguage\":\"en-GB\"},{\"@type\":\"WebPage\",\"@id\":\"http:\/\/denizcankizil.tr\/en\/haberler\/antalya\/futbol-kamplarinin-2-yeni-gozdesi\/\",\"url\":\"http:\/\/denizcankizil.tr\/en\/haberler\/antalya\/futbol-kamplarinin-2-yeni-gozdesi\/\",\"name\":\"Futbol kamplar\u0131n\u0131n 2 yeni g\u00f6zdesi - Av. Deniz Can K\u0131z\u0131l\",\"isPartOf\":{\"@id\":\"https:\/\/denizcankizil.tr\/de\/#website\"},\"datePublished\":\"2025-06-25T07:41:15+00:00\",\"breadcrumb\":{\"@id\":\"http:\/\/denizcankizil.tr\/en\/haberler\/antalya\/futbol-kamplarinin-2-yeni-gozdesi\/#breadcrumb\"},\"inLanguage\":\"en-GB\",\"potentialAction\":[{\"@type\":\"ReadAction\",\"target\":[\"http:\/\/denizcankizil.tr\/en\/haberler\/antalya\/futbol-kamplarinin-2-yeni-gozdesi\/\"]}]},{\"@type\":\"BreadcrumbList\",\"@id\":\"http:\/\/denizcankizil.tr\/en\/haberler\/antalya\/futbol-kamplarinin-2-yeni-gozdesi\/#breadcrumb\",\"itemListElement\":[{\"@type\":\"ListItem\",\"position\":1,\"name\":\"Home\",\"item\":\"https:\/\/denizcankizil.tr\/de\/\"},{\"@type\":\"ListItem\",\"position\":2,\"name\":\"Futbol kamplar\u0131n\u0131n 2 yeni g\u00f6zdesi\"}]},{\"@type\":\"WebSite\",\"@id\":\"https:\/\/denizcankizil.tr\/de\/#website\",\"url\":\"https:\/\/denizcankizil.tr\/de\/\",\"name\":\"Av. Deniz Can K\u0131z\u0131l\",\"description\":\"Avukat Deniz Can K\u0131z\u0131l Antalya Barosu\",\"publisher\":{\"@id\":\"https:\/\/denizcankizil.tr\/de\/#organization\"},\"potentialAction\":[{\"@type\":\"SearchAction\",\"target\":{\"@type\":\"EntryPoint\",\"urlTemplate\":\"https:\/\/denizcankizil.tr\/de\/?s={search_term_string}\"},\"query-input\":{\"@type\":\"PropertyValueSpecification\",\"valueRequired\":true,\"valueName\":\"search_term_string\"}}],\"inLanguage\":\"en-GB\"},{\"@type\":\"Organization\",\"@id\":\"https:\/\/denizcankizil.tr\/de\/#organization\",\"name\":\"Av. Deniz Can K\u0131z\u0131l\",\"url\":\"https:\/\/denizcankizil.tr\/de\/\",\"logo\":{\"@type\":\"ImageObject\",\"inLanguage\":\"en-GB\",\"@id\":\"https:\/\/denizcankizil.tr\/de\/#\/schema\/logo\/image\/\",\"url\":\"http:\/\/denizcankizil.tr\/wp-content\/uploads\/2024\/10\/siyah-logo-svg.svg\",\"contentUrl\":\"http:\/\/denizcankizil.tr\/wp-content\/uploads\/2024\/10\/siyah-logo-svg.svg\",\"width\":1080,\"height\":1080,\"caption\":\"Av. Deniz Can K\u0131z\u0131l\"},\"image\":{\"@id\":\"https:\/\/denizcankizil.tr\/de\/#\/schema\/logo\/image\/\"}},{\"@type\":\"Person\",\"@id\":\"https:\/\/denizcankizil.tr\/de\/#\/schema\/person\/5dc1b22991bd7ac833867c10afc9b0ff\",\"name\":\"Av. Deniz Can K\u0131z\u0131l\",\"image\":{\"@type\":\"ImageObject\",\"inLanguage\":\"en-GB\",\"@id\":\"https:\/\/denizcankizil.tr\/de\/#\/schema\/person\/image\/\",\"url\":\"https:\/\/secure.gravatar.com\/avatar\/a0b128fb9855c79efc976d5640eedb31dc35ec297594d6016d2cf7c60e975bb6?s=96&d=mm&r=g\",\"contentUrl\":\"https:\/\/secure.gravatar.com\/avatar\/a0b128fb9855c79efc976d5640eedb31dc35ec297594d6016d2cf7c60e975bb6?s=96&d=mm&r=g\",\"caption\":\"Av. Deniz Can K\u0131z\u0131l\"},\"sameAs\":[\"http:\/\/www.denizcankizil.tr\"],\"url\":\"http:\/\/denizcankizil.tr\/en\/author\/denizcankizil\/\"}]}<\/script>\n<!-- \/ Yoast SEO Premium plugin. -->","yoast_head_json":{"title":"Futbol kamplar\u0131n\u0131n 2 yeni g\u00f6zdesi - Av. Deniz Can K\u0131z\u0131l","robots":{"index":"index","follow":"follow","max-snippet":"max-snippet:-1","max-image-preview":"max-image-preview:large","max-video-preview":"max-video-preview:-1"},"canonical":"http:\/\/denizcankizil.tr\/en\/haberler\/antalya\/futbol-kamplarinin-2-yeni-gozdesi\/","og_locale":"en_GB","og_type":"article","og_title":"Futbol kamplar\u0131n\u0131n 2 yeni g\u00f6zdesi","og_description":"D\u00fcnyada milyonlarca severin ilgiyle takip etti\u011fi futbol organizasyonlar\u0131nda tak\u0131mlar\u0131n haz\u0131rlanmas\u0131 hayati \u00f6nem ta\u015f\u0131yor. Tak\u0131mlar sezon \u00f6ncesinde uygun hava s\u0131cakl\u0131\u011f\u0131n\u0131n yan\u0131 s\u0131ra \u00e7al\u0131\u015fmalar\u0131n\u0131n daha iyi \u015fartlarda olmas\u0131 i\u00e7in konfor ve iyi sahalar\u0131n olmas\u0131n\u0131 tercih ediyor. Yaz aylar\u0131nda futbolcular\u0131n s\u0131caktan bunalmamas\u0131 i\u00e7in genellikle y\u00fcksek rak\u0131mda bulunan tesisleri se\u00e7en tak\u0131mlar\u0131n son zamanlardaki g\u00f6zde yerleri, Burdur ve Isparta oldu. BURDUR VE ISPARTA&#8217;DA TES\u0130SLER DOLU Son 5 y\u0131lda yap\u0131lan yat\u0131r\u0131mlarla bir\u00e7ok S\u00fcper Lig, Avrupa, Asya ve Arabistan temsilcilerine ev sahipli\u011fi yapan Burdur ve Isparta&#8217;da tesislerin tamamen dolmas\u0131 dikkati \u00e7ekti. Burdur Mehmet Akif Ersoy \u00dcniversitesi i\u00e7erisinde yer alan tesislerde 18 bin metrekarelik a\u00e7\u0131k spor alan\u0131nda FIFA standartlar\u0131nda 3 do\u011fal \u00e7im antrenman sahas\u0131, FIFA standartlar\u0131nda, ulusal ve uluslararas\u0131 ma\u00e7 yap\u0131labilecek standartlara sahip \u0131\u015f\u0131kland\u0131rmal\u0131 do\u011fal \u00e7im zemin son teknoloji stadyum yer al\u0131yor. Isparta&#8217;ya ba\u011fl\u0131 Davraz da 4 futbol sahas\u0131yla gelen tak\u0131mlar\u0131n\u0131 a\u011f\u0131rl\u0131yor. Y\u00dcKSEK RAKIM, UYGUN \u0130KL\u0130M, GEL\u0130\u015eEN ALTYAPI Eski Futbol Turizmi Birli\u011fi Ba\u015fkan\u0131 Recep \u015eamil Ya\u015facan, Isparta ve Burdur&#8217;un yaz sezonunda futbol kamp\u0131 yapmak isteyen yerli ve yabanc\u0131 kul\u00fcpler i\u00e7in y\u00fcksek rak\u0131m, uygun iklim ve geli\u015fen altyap\u0131s\u0131yla \u00f6nemli bir alternatif haline geldi\u011fini s\u00f6yledi. Ya\u015facan, Antalya Havaliman\u0131 ba\u011flant\u0131s\u0131yla kolay ula\u015f\u0131m sa\u011flanan b\u00f6lgede do\u011fru yat\u0131r\u0131mlar ve planlamayla k\u0131sa s\u00fcrede Avrupa&#8217;daki kamp destinasyonlar\u0131yla rekabet edebilecek seviyeye gelinebilece\u011fini vurgulad\u0131. AVRUPA&#8217;YA ALTERNAT\u0130F DEST\u0130NASYON &hellip;","og_url":"http:\/\/denizcankizil.tr\/en\/haberler\/antalya\/futbol-kamplarinin-2-yeni-gozdesi\/","og_site_name":"Av. Deniz Can K\u0131z\u0131l","article_published_time":"2025-06-25T07:41:15+00:00","author":"Av. Deniz Can K\u0131z\u0131l","twitter_card":"summary_large_image","twitter_misc":{"Written by":"Av. Deniz Can K\u0131z\u0131l","Estimated reading time":"3 minutes"},"schema":{"@context":"https:\/\/schema.org","@graph":[{"@type":"Article","@id":"http:\/\/denizcankizil.tr\/en\/haberler\/antalya\/futbol-kamplarinin-2-yeni-gozdesi\/#article","isPartOf":{"@id":"http:\/\/denizcankizil.tr\/en\/haberler\/antalya\/futbol-kamplarinin-2-yeni-gozdesi\/"},"author":{"name":"Av. Deniz Can K\u0131z\u0131l","@id":"https:\/\/denizcankizil.tr\/de\/#\/schema\/person\/5dc1b22991bd7ac833867c10afc9b0ff"},"headline":"Futbol kamplar\u0131n\u0131n 2 yeni g\u00f6zdesi","datePublished":"2025-06-25T07:41:15+00:00","mainEntityOfPage":{"@id":"http:\/\/denizcankizil.tr\/en\/haberler\/antalya\/futbol-kamplarinin-2-yeni-gozdesi\/"},"wordCount":582,"publisher":{"@id":"https:\/\/denizcankizil.tr\/de\/#organization"},"articleSection":["Antalya"],"inLanguage":"en-GB"},{"@type":"WebPage","@id":"http:\/\/denizcankizil.tr\/en\/haberler\/antalya\/futbol-kamplarinin-2-yeni-gozdesi\/","url":"http:\/\/denizcankizil.tr\/en\/haberler\/antalya\/futbol-kamplarinin-2-yeni-gozdesi\/","name":"Futbol kamplar\u0131n\u0131n 2 yeni g\u00f6zdesi - Av. Deniz Can K\u0131z\u0131l","isPartOf":{"@id":"https:\/\/denizcankizil.tr\/de\/#website"},"datePublished":"2025-06-25T07:41:15+00:00","breadcrumb":{"@id":"http:\/\/denizcankizil.tr\/en\/haberler\/antalya\/futbol-kamplarinin-2-yeni-gozdesi\/#breadcrumb"},"inLanguage":"en-GB","potentialAction":[{"@type":"ReadAction","target":["http:\/\/denizcankizil.tr\/en\/haberler\/antalya\/futbol-kamplarinin-2-yeni-gozdesi\/"]}]},{"@type":"BreadcrumbList","@id":"http:\/\/denizcankizil.tr\/en\/haberler\/antalya\/futbol-kamplarinin-2-yeni-gozdesi\/#breadcrumb","itemListElement":[{"@type":"ListItem","position":1,"name":"Home","item":"https:\/\/denizcankizil.tr\/de\/"},{"@type":"ListItem","position":2,"name":"Futbol kamplar\u0131n\u0131n 2 yeni g\u00f6zdesi"}]},{"@type":"WebSite","@id":"https:\/\/denizcankizil.tr\/de\/#website","url":"https:\/\/denizcankizil.tr\/de\/","name":"Av. Deniz Can K\u0131z\u0131l","description":"Avukat Deniz Can K\u0131z\u0131l Antalya Barosu","publisher":{"@id":"https:\/\/denizcankizil.tr\/de\/#organization"},"potentialAction":[{"@type":"SearchAction","target":{"@type":"EntryPoint","urlTemplate":"https:\/\/denizcankizil.tr\/de\/?s={search_term_string}"},"query-input":{"@type":"PropertyValueSpecification","valueRequired":true,"valueName":"search_term_string"}}],"inLanguage":"en-GB"},{"@type":"Organization","@id":"https:\/\/denizcankizil.tr\/de\/#organization","name":"Av. Deniz Can K\u0131z\u0131l","url":"https:\/\/denizcankizil.tr\/de\/","logo":{"@type":"ImageObject","inLanguage":"en-GB","@id":"https:\/\/denizcankizil.tr\/de\/#\/schema\/logo\/image\/","url":"http:\/\/denizcankizil.tr\/wp-content\/uploads\/2024\/10\/siyah-logo-svg.svg","contentUrl":"http:\/\/denizcankizil.tr\/wp-content\/uploads\/2024\/10\/siyah-logo-svg.svg","width":1080,"height":1080,"caption":"Av. Deniz Can K\u0131z\u0131l"},"image":{"@id":"https:\/\/denizcankizil.tr\/de\/#\/schema\/logo\/image\/"}},{"@type":"Person","@id":"https:\/\/denizcankizil.tr\/de\/#\/schema\/person\/5dc1b22991bd7ac833867c10afc9b0ff","name":"Av. Deniz Can K\u0131z\u0131l","image":{"@type":"ImageObject","inLanguage":"en-GB","@id":"https:\/\/denizcankizil.tr\/de\/#\/schema\/person\/image\/","url":"https:\/\/secure.gravatar.com\/avatar\/a0b128fb9855c79efc976d5640eedb31dc35ec297594d6016d2cf7c60e975bb6?s=96&d=mm&r=g","contentUrl":"https:\/\/secure.gravatar.com\/avatar\/a0b128fb9855c79efc976d5640eedb31dc35ec297594d6016d2cf7c60e975bb6?s=96&d=mm&r=g","caption":"Av. Deniz Can K\u0131z\u0131l"},"sameAs":["http:\/\/www.denizcankizil.tr"],"url":"http:\/\/denizcankizil.tr\/en\/author\/denizcankizil\/"}]}},"_links":{"self":[{"href":"http:\/\/denizcankizil.tr\/en\/wp-json\/wp\/v2\/posts\/126006","targetHints":{"allow":["GET"]}}],"collection":[{"href":"http:\/\/denizcankizil.tr\/en\/wp-json\/wp\/v2\/posts"}],"about":[{"href":"http:\/\/denizcankizil.tr\/en\/wp-json\/wp\/v2\/types\/post"}],"author":[{"embeddable":true,"href":"http:\/\/denizcankizil.tr\/en\/wp-json\/wp\/v2\/users\/4"}],"replies":[{"embeddable":true,"href":"http:\/\/denizcankizil.tr\/en\/wp-json\/wp\/v2\/comments?post=126006"}],"version-history":[{"count":0,"href":"http:\/\/denizcankizil.tr\/en\/wp-json\/wp\/v2\/posts\/126006\/revisions"}],"wp:attachment":[{"href":"http:\/\/denizcankizil.tr\/en\/wp-json\/wp\/v2\/media?parent=126006"}],"wp:term":[{"taxonomy":"category","embeddable":true,"href":"http:\/\/denizcankizil.tr\/en\/wp-json\/wp\/v2\/categories?post=126006"},{"taxonomy":"post_tag","embeddable":true,"href":"http:\/\/denizcankizil.tr\/en\/wp-json\/wp\/v2\/tags?post=126006"}],"curies":[{"name":"wp","href":"https:\/\/api.w.org\/{rel}","templated":true}]}}