{"id":125249,"date":"2025-06-24T15:59:04","date_gmt":"2025-06-24T12:59:04","guid":{"rendered":"https:\/\/denizcankizil.tr\/uncategorized-tr\/sosyal-medyada-alisveris-tuketici-haklari-ve-koruma\/"},"modified":"2025-06-24T15:59:04","modified_gmt":"2025-06-24T12:59:04","slug":"sosyal-medyada-alisveris-tuketici-haklari-ve-koruma","status":"publish","type":"post","link":"http:\/\/denizcankizil.tr\/en\/koseyazilari\/degerlendirme\/sosyal-medyada-alisveris-tuketici-haklari-ve-koruma\/","title":{"rendered":"Sosyal Medyada Al\u0131\u015fveri\u015f: T\u00fcketici Haklar\u0131 ve Koruma"},"content":{"rendered":"<p> Sosyal medya, g\u00fcn\u00fcm\u00fczde bireylerin ileti\u015fim kurma \u2064bi\u00e7imlerini k\u00f6kl\u00fc bir \u015fekilde de\u011fi\u015ftirdi\u011fi\u2064 gibi, al\u0131\u015fveri\u015f al\u0131\u015fkanl\u0131klar\u0131n\u0131\u2063 da derinden etkilemi\u015ftir. Geleneksel ticaretin yerini giderek daha \u2063fazla sosyal medya\u200c platformlar\u0131 \u00fczerinden ger\u00e7ekle\u015ftirilen al\u0131\u015fveri\u015fler almaktad\u0131r. Bu \u200cdurum, t\u00fcketicilerin al\u0131\u015fveri\u015f \u2062deneyimlerini zenginle\u015ftirirken, ayn\u0131 \u2063zamanda yeni haklar ve \u2063korunma mekanizmalar\u0131 gerektiren bir \u2064dizi \u2062sorunu da\u200d beraberinde getirmektedir.\u2063 Sosyal medya \u00fczerinden yap\u0131lan al\u0131\u015fveri\u015flerde, t\u00fcketici haklar\u0131n\u0131n ihlali, doland\u0131r\u0131c\u0131l\u0131k ve yan\u0131lt\u0131c\u0131 reklamlar gibi riskler, bireylerin ekonomik g\u00fcvenli\u011fini tehdit eden unsurlar aras\u0131nda yer almaktad\u0131r. Bu makalede, sosyal medya \u2062platformlar\u0131 \u00fczerinden ger\u00e7ekle\u015ftirilen al\u0131\u015fveri\u015flerde t\u00fcketici haklar\u0131n\u0131n\u200d korunmas\u0131, mevcut\u2062 yasal d\u00fczenlemeler ve t\u00fcketicilerin bu s\u00fcre\u00e7te kar\u015f\u0131la\u015fabilecekleri olas\u0131 sorunlar ele al\u0131nacakt\u0131r.Amac\u0131m\u0131z, sosyal medya al\u0131\u015fveri\u015finin \u2064dinamiklerini\u200d anlamak\u2063 ve t\u00fcketicilerin haklar\u0131n\u0131 \u200bkoruma yollar\u0131n\u0131 ortaya koymakt\u0131r.<br \/><img decoding=\"async\" class=\"kimage_class lazyload\" data-src=\"https:\/\/denizcankizil.tr\/wp-content\/uploads\/2024\/10\/bJieI-253D.jpg\" alt=\"sosyal\u2063 medyada \u2064Al\u0131\u015fveri\u015fin Y\u00fckseli\u015fi ve T\u00fcketici Davran\u0131\u015flar\u0131\" src=\"data:image\/svg+xml;base64,PHN2ZyB3aWR0aD0iMSIgaGVpZ2h0PSIxIiB4bWxucz0iaHR0cDovL3d3dy53My5vcmcvMjAwMC9zdmciPjwvc3ZnPg==\"><\/p>\n<h2 id=\"sosyal-medyada-alisverisin-yukselisi-ve-tuketici-davranislari\">Sosyal Medyada Al\u0131\u015fveri\u015fin\u200d Y\u00fckseli\u015fi ve T\u00fcketici Davran\u0131\u015flar\u0131<\/h2>\n<p><strong>sosyal medya platformlar\u0131, son \u2062y\u0131llarda al\u0131\u015fveri\u015f deneyiminde \u00f6nemli bir de\u011fi\u015fim yaratm\u0131\u015ft\u0131r.<\/strong> T\u00fcketiciler, bu platformlar arac\u0131l\u0131\u011f\u0131yla\u200c \u00fcr\u00fcnleri ke\u015ffetmekte, de\u011ferlendirmekte ve sat\u0131n almaktad\u0131r.\u200c Sosyal medyan\u0131n \u2062sa\u011flad\u0131\u011f\u0131 etkile\u015fimli ortam, markalar \u200bile \u200dt\u00fcketiciler aras\u0131nda do\u011frudan bir\u200d ileti\u015fim \u2063kanal\u0131 olu\u015fturmakta ve bu durum, al\u0131\u015fveri\u015f al\u0131\u015fkanl\u0131klar\u0131n\u0131 k\u00f6kl\u00fc bir \u015fekilde etkilemektedir.<\/p>\n<p><strong>T\u00fcketici\u200d davran\u0131\u015flar\u0131 a\u00e7\u0131s\u0131ndan sosyal medya al\u0131\u015fveri\u015finin etkileri olduk\u00e7a belirgindir:<\/strong><\/p>\n<ul>\n<li><strong>G\u00f6rsellik ve Etkile\u015fim:<\/strong> \u00dcr\u00fcnlerin\u2062 g\u00f6rsel olarak sunulmas\u0131,t\u00fcketicilerin \u200csat\u0131n alma kararlar\u0131n\u0131 h\u0131zland\u0131rmaktad\u0131r.<\/li>\n<li><strong>Yorum ve De\u011ferlendirmeler:<\/strong> Di\u011fer kullan\u0131c\u0131lar\u0131n deneyimleri,potansiyel \u2063al\u0131c\u0131lar \u00fczerinde \u00f6nemli bir etki yaratmaktad\u0131r.<\/li>\n<li><strong>Kampanya ve \u0130ndirimler:<\/strong> Sosyal medya \u00fczerinden sunulan \u00f6zel kampanyalar, \u2063t\u00fcketicilerin ilgisini\u200b \u00e7ekmekte\u200d ve al\u0131\u015fveri\u015f yapma\u2064 iste\u011fini\u2062 art\u0131rmaktad\u0131r.<\/li>\n<\/ul>\n<p><strong>bununla birlikte, sosyal medya al\u0131\u015fveri\u015finin beraberinde \u200cgetirdi\u011fi baz\u0131 riskler de bulunmaktad\u0131r.<\/strong> T\u00fcketicilerin haklar\u0131n\u0131 korumak \u200bamac\u0131yla,\u2063 sosyal medya \u2063\u00fczerinden yap\u0131lan \u200bal\u0131\u015fveri\u015flerde dikkat edilmesi gereken hususlar mevcuttur. T\u00fcketicilerin, sat\u0131n ald\u0131klar\u0131 \u00fcr\u00fcnlerin kalitesi, iade s\u00fcre\u00e7leri ve sat\u0131c\u0131lar\u0131n \u200dg\u00fcvenilirli\u011fi gibi konularda bilgi sahibi \u200colmalar\u0131 b\u00fcy\u00fck \u00f6nem\u200d ta\u015f\u0131maktad\u0131r. Bu ba\u011flamda, sosyal medya al\u0131\u015fveri\u015finde\u200b t\u00fcketici haklar\u0131n\u0131n korunmas\u0131, \u2062hem bireysel hem de\u2063 toplumsal bir sorumluluktur.<\/p>\n<p><img decoding=\"async\" class=\"kimage_class lazyload\" data-src=\"https:\/\/denizcankizil.tr\/wp-content\/uploads\/2024\/10\/YhAY-253D.jpg\" alt=\"Sosyal Medya Platformlar\u0131nda Al\u0131\u015fveri\u015fin Hukuki \u00c7er\u00e7evesi\" src=\"data:image\/svg+xml;base64,PHN2ZyB3aWR0aD0iMSIgaGVpZ2h0PSIxIiB4bWxucz0iaHR0cDovL3d3dy53My5vcmcvMjAwMC9zdmciPjwvc3ZnPg==\"><\/p>\n<h2 id=\"sosyal-medya-platformlarinda-alisverisin-hukuki-cercevesi\">Sosyal Medya Platformlar\u0131nda Al\u0131\u015fveri\u015fin \u2062hukuki \u00c7er\u00e7evesi<\/h2>\n<p>Sosyal medya platformlar\u0131, g\u00fcn\u00fcm\u00fczde al\u0131\u015fveri\u015fin \u00f6nemli bir par\u00e7as\u0131 haline gelmi\u015ftir. Bu platformlar \u00fczerinden\u200d ger\u00e7ekle\u015ftirilen ticari i\u015flemler, hem t\u00fcketiciler \u200dhem de sat\u0131c\u0131lar a\u00e7\u0131s\u0131ndan\u200b \u00e7e\u015fitli hukuki sorumluluklar\u0131 beraberinde getirmektedir. T\u00fcketici haklar\u0131n\u0131n korunmas\u0131, sosyal medya\u200d \u00fczerinden \u200cyap\u0131lan\u2063 al\u0131\u015fveri\u015flerde de \u2063ge\u00e7erlidir ve bu \u200dba\u011flamda\u2062 baz\u0131 temel ilkeler \u00f6ne \u2063\u00e7\u0131kmaktad\u0131r.<\/p>\n<p><strong>T\u00fcketici Haklar\u0131<\/strong><\/p>\n<ul>\n<li>T\u00fcketicilerin,\u2064 sat\u0131n ald\u0131klar\u0131 \u00fcr\u00fcn\u200d veya hizmetin kalitesine dair beklentileri bulunmaktad\u0131r.<\/li>\n<li>Al\u0131\u015fveri\u015f s\u0131ras\u0131nda yan\u0131lt\u0131c\u0131 bilgiler \u200bverilmesi \u200ddurumunda, \u2063t\u00fcketicilerin haklar\u0131 \u200cihlal\u2064 edilmi\u015f olur.<\/li>\n<li>T\u00fcketicilerin,sat\u0131n ald\u0131klar\u0131\u2063 \u00fcr\u00fcnleri iade etme hakk\u0131,<a href=\"https:\/\/denizcankizil.tr\/en\/seo\/instagram-unluleri-ile-normal-unluler-arasindaki-fark-nedir-bunlarin-avukatlari-unlulerin-hangi-davalarina-bakar-antalyada-bu-davalar-hangi-il-ve-ilcelerdeki-hangi-mahkemelerde-gorulur\/\" title=\"\u0130nstagram \u00dcnl\u00fcleri ile Normal \u00dcnl\u00fcler Aras\u0131ndaki Fark Nedir? Bunlar\u0131n Avukatlar\u0131, \u00fcnl\u00fclerin hangi davalar\u0131na bakar? Antalya&#039;da bu davalar hangi il ve il\u00e7elerdeki hangi mahkemelerde g\u00f6r\u00fcl\u00fcr?\">sosyal medya platformlar\u0131<\/a>nda da ge\u00e7erlidir.<\/li>\n<\/ul>\n<p>Sosyal medya \u00fczerinden yap\u0131lan \u2063al\u0131\u015fveri\u015flerde, sat\u0131c\u0131lar\u0131n da belirli y\u00fck\u00fcml\u00fcl\u00fckleri bulunmaktad\u0131r. \u2063Bu y\u00fck\u00fcml\u00fcl\u00fckler aras\u0131nda,\u2062 \u00fcr\u00fcnlerin do\u011fru bir \u2064\u015fekilde tan\u0131t\u0131lmas\u0131 ve t\u00fcketicilere gerekli bilgilendirmelerin yap\u0131lmas\u0131 yer\u200d almaktad\u0131r. Ayr\u0131ca, sosyal medya platformlar\u0131, kullan\u0131c\u0131lar\u0131n g\u00fcvenli\u011fini sa\u011flamak \u2064amac\u0131yla\u2062 \u00e7e\u015fitli \u00f6nlemler almakta ve bu\u2063 konuda hukuki d\u00fczenlemelere uymak zorundad\u0131r.<\/p>\n<p>Sonu\u00e7 olarak, sosyal medya \u200dplatformlar\u0131nda al\u0131\u015fveri\u015f \u2063yaparken, hem t\u00fcketicilerin hem de\u2062 sat\u0131c\u0131lar\u0131n hak ve y\u00fck\u00fcml\u00fcl\u00fcklerini bilmesi b\u00fcy\u00fck \u00f6nem ta\u015f\u0131maktad\u0131r. Bu \u2063ba\u011flamda, hukuki \u00e7er\u00e7evenin anla\u015f\u0131lmas\u0131, olas\u0131 uyu\u015fmazl\u0131klar\u0131n \u2064\u00f6nlenmesi a\u00e7\u0131s\u0131ndan\u2064 kritik bir rol oynamaktad\u0131r.<\/p>\n<p><img decoding=\"async\" class=\"kimage_class lazyload\" data-src=\"https:\/\/denizcankizil.tr\/wp-content\/uploads\/2024\/10\/x504-1.jpg\" alt=\"T\u00fcketici Haklar\u0131 ve Sosyal Medya:\u2062 Mevzuat\u0131n Kapsam\u0131\" src=\"data:image\/svg+xml;base64,PHN2ZyB3aWR0aD0iMSIgaGVpZ2h0PSIxIiB4bWxucz0iaHR0cDovL3d3dy53My5vcmcvMjAwMC9zdmciPjwvc3ZnPg==\"><\/p>\n<h2 id=\"tuketici-haklari-ve-sosyal-medya-mevzuatin-kapsami\">T\u00fcketici Haklar\u0131 ve Sosyal Medya: \u200cMevzuat\u0131n Kapsam\u0131<\/h2>\n<section>\n<p>Sosyal medya\u2064 platformlar\u0131,\u2064 g\u00fcn\u00fcm\u00fczde t\u00fcketicilerin al\u0131\u015fveri\u015f\u2064 yapma\u2062 bi\u00e7imlerini k\u00f6kl\u00fc bir \u015fekilde de\u011fi\u015ftirmi\u015ftir. Bu \u2062durum, t\u00fcketici haklar\u0131n\u0131n korunmas\u0131 a\u00e7\u0131s\u0131ndan \u00f6nemli bir\u2063 mevzuat \u200dgereksinimini ortaya \u00e7\u0131karmaktad\u0131r. T\u00fcrkiye&#8217;de,\u2062 t\u00fcketicilerin sosyal medya \u00fczerinden ger\u00e7ekle\u015ftirdikleri al\u0131\u015fveri\u015flerde kar\u015f\u0131la\u015fabilecekleri sorunlar ve haklar\u0131, 6502 say\u0131l\u0131 T\u00fcketici Koruma Kanunu \u00e7er\u00e7evesinde d\u00fczenlenmi\u015ftir.<\/p>\n<p>Bu mevzuat, t\u00fcketicilere a\u015fa\u011f\u0131daki\u200d haklar\u0131\u2062 tan\u0131maktad\u0131r:<\/p>\n<ul>\n<li><strong>Bilgilendirilme Hakk\u0131:<\/strong> T\u00fcketiciler, sat\u0131n alacaklar\u0131 \u00fcr\u00fcn\u200d veya hizmet hakk\u0131nda do\u011fru ve eksiksiz bilgiye \u200cula\u015fma hakk\u0131na sahiptir.<\/li>\n<li><strong>\u0130ade Hakk\u0131:<\/strong> T\u00fcketiciler, belirli \u200cko\u015fullar alt\u0131nda ald\u0131klar\u0131 \u00fcr\u00fcnleri iade etme hakk\u0131na sahiptir.<\/li>\n<li><strong>Garanti\u2064 Hakk\u0131:<\/strong> T\u00fcketiciler,\u200b sat\u0131n ald\u0131klar\u0131 \u00fcr\u00fcnlerin \u200cbelirli\u200b bir s\u00fcre boyunca garanti kapsam\u0131nda olmas\u0131n\u0131\u200b talep edebilirler.<\/li>\n<li><strong>\u015eikayet Hakk\u0131:<\/strong> T\u00fcketiciler, kar\u015f\u0131la\u015ft\u0131klar\u0131\u2062 sorunlar\u0131 \u200bilgili\u2063 mercilere iletme hakk\u0131na sahiptir.<\/li>\n<\/ul>\n<p>Sosyal medya \u00fczerinden yap\u0131lan al\u0131\u015fveri\u015flerde,\u200c bu haklar\u0131n korunmas\u0131 i\u00e7in t\u00fcketicilerin dikkatli olmalar\u0131 ve al\u0131\u015fveri\u015f yapt\u0131klar\u0131 platformlar\u0131n g\u00fcvenilirli\u011fini sorgulamalar\u0131 \u200c\u00f6nemlidir.\u2062 Ayr\u0131ca, sosyal medya \u00fczerinden sunulan kampanya ve indirimlerin yan\u0131lt\u0131c\u0131 olabilece\u011fi g\u00f6z \u00f6n\u00fcnde bulundurulmal\u0131d\u0131r. T\u00fcketicilerin, haklar\u0131n\u0131 bilmesi ve gerekti\u011finde yasal \u2064yollara ba\u015fvurmas\u0131,\u200d sosyal medya al\u0131\u015fveri\u015flerinde daha g\u00fcvenli bir deneyim ya\u015famalar\u0131n\u0131 \u200dsa\u011flayacakt\u0131r.<\/p>\n<\/section>\n<p><img decoding=\"async\" class=\"kimage_class lazyload\" data-src=\"https:\/\/denizcankizil.tr\/wp-content\/uploads\/2024\/10\/t-bild.jpg\" alt=\"sosyal \u2064Medyada\u2062 Al\u0131\u015fveri\u015fte Kar\u015f\u0131la\u015f\u0131lan Sorunlar ve \u00c7\u00f6z\u00fcm \u00d6nerileri\" src=\"data:image\/svg+xml;base64,PHN2ZyB3aWR0aD0iMSIgaGVpZ2h0PSIxIiB4bWxucz0iaHR0cDovL3d3dy53My5vcmcvMjAwMC9zdmciPjwvc3ZnPg==\"><\/p>\n<h2 id=\"sosyal-medyada-alisveriste-karsilasilan-sorunlar-ve-cozum-onerileri\">sosyal\u200d Medyada\u200c Al\u0131\u015fveri\u015fte Kar\u015f\u0131la\u015f\u0131lan Sorunlar ve \u00c7\u00f6z\u00fcm \u00d6nerileri<\/h2>\n<section>\n<p>Sosyal medya platformlar\u0131, g\u00fcn\u00fcm\u00fczde al\u0131\u015fveri\u015f\u2063 yapman\u0131n pop\u00fcler bir yolu haline gelmi\u015ftir. Ancak, bu alanda \u200dt\u00fcketicilerin kar\u015f\u0131la\u015ft\u0131\u011f\u0131 baz\u0131 sorunlar \u200dbulunmaktad\u0131r. Bu sorunlar, hem al\u0131\u015fveri\u015f deneyimini olumsuz etkileyebilir hem de\u2064 t\u00fcketici \u200chaklar\u0131n\u0131n ihlaline yol a\u00e7abilir. A\u015fa\u011f\u0131da,sosyal medyada al\u0131\u015fveri\u015fte s\u0131k\u00e7a kar\u015f\u0131la\u015f\u0131lan sorunlar ve bu sorunlara y\u00f6nelik \u00e7\u00f6z\u00fcm \u200d\u00f6nerileri sunulmaktad\u0131r.<\/p>\n<ul>\n<li><strong>Yan\u0131lt\u0131c\u0131 Reklamlar:<\/strong> Sosyal medya\u2063 \u00fczerinden\u200d yap\u0131lan al\u0131\u015fveri\u015flerde,\u2062 \u00fcr\u00fcnlerin ger\u00e7ek\u2063 \u00f6zellikleri ile tan\u0131t\u0131m\u0131ndaki \u2062bilgiler aras\u0131nda tutars\u0131zl\u0131klar g\u00f6r\u00fclebilir. Bu durum,\u200b t\u00fcketicilerin\u200d yan\u0131lt\u0131lmas\u0131na neden olmaktad\u0131r.\u00c7\u00f6z\u00fcm olarak, t\u00fcketicilerin al\u0131\u015fveri\u015f yapmadan \u00f6nce \u00fcr\u00fcn incelemelerini ve kullan\u0131c\u0131 yorumlar\u0131n\u0131 dikkate \u200dalmas\u0131 \u00f6nerilmektedir.<\/li>\n<li><strong>G\u00fcvenilir olmayan\u2062 Sat\u0131c\u0131lar:<\/strong> \u200b Sosyal medya platformlar\u0131nda\u2062 bir\u00e7ok sat\u0131c\u0131 bulunmaktad\u0131r,\u2064 ancak bunlar\u0131n hepsi g\u00fcvenilir de\u011fildir. \u200bT\u00fcketicilerin doland\u0131r\u0131c\u0131l\u0131\u011fa maruz\u200c kalmamas\u0131 \u200di\u00e7in, sat\u0131c\u0131lar\u0131n ge\u00e7mi\u015fteki m\u00fc\u015fteri geri bildirimlerini incelemesi ve m\u00fcmk\u00fcnse tan\u0131nm\u0131\u015f\u2062 markalardan al\u0131\u015fveri\u015f yapmas\u0131 \u00f6nemlidir.<\/li>\n<li><strong>\u0130ade ve De\u011fi\u015fim S\u00fcre\u00e7leri:<\/strong> Sosyal \u200dmedya \u00fczerinden yap\u0131lan al\u0131\u015fveri\u015flerde, iade \u2063ve de\u011fi\u015fim s\u00fcre\u00e7leri genellikle karma\u015f\u0131k ve belirsiz olabilmektedir. T\u00fcketicilerin, al\u0131\u015fveri\u015f yapmadan \u00f6nce \u200dsat\u0131c\u0131n\u0131n iade politikalar\u0131n\u0131 dikkatlice okumalar\u0131 ve bu s\u00fcre\u00e7lerin nas\u0131l i\u015fledi\u011fini anlamalar\u0131 gerekmektedir.<\/li>\n<li><strong>\u00d6deme G\u00fcvenli\u011fi:<\/strong> Sosyal medya \u00fczerinden \u200cyap\u0131lan \u00f6demelerde\u2064 g\u00fcvenlik endi\u015feleri s\u0131kl\u0131kla \u2063g\u00fcndeme gelmektedir. T\u00fcketicilerin, g\u00fcvenli \u00f6deme y\u00f6ntemlerini tercih etmeleri ve\u2062 ki\u015fisel bilgilerini korumak i\u00e7in \u200dgerekli \u00f6nlemleri almalar\u0131 \u00f6nerilmektedir.<\/li>\n<\/ul>\n<p>Sonu\u00e7 olarak, sosyal medyada al\u0131\u015fveri\u015f yaparken dikkatli olmak ve \u2064t\u00fcketici haklar\u0131n\u0131 \u200dbilmek, olas\u0131 sorunlar\u0131n \u00f6n\u00fcne ge\u00e7mek i\u00e7in b\u00fcy\u00fck \u00f6nem \u2062ta\u015f\u0131maktad\u0131r. T\u00fcketicilerin,kar\u015f\u0131la\u015ft\u0131klar\u0131 sorunlar\u0131 \u00e7\u00f6zmek i\u00e7in \u2064yukar\u0131da belirtilen \u00f6nerileri dikkate almas\u0131,daha g\u00fcvenli bir al\u0131\u015fveri\u015f deneyimi sa\u011flayacakt\u0131r.<\/p>\n<\/section>\n<p><img decoding=\"async\" class=\"kimage_class lazyload\" data-src=\"https:\/\/denizcankizil.tr\/wp-content\/uploads\/2024\/10\/2JauI-253D.jpg\" alt=\"T\u00fcketici Koruma Mekanizmalar\u0131 ve Sosyal Medya \u200bUygulamalar\u0131\" src=\"data:image\/svg+xml;base64,PHN2ZyB3aWR0aD0iMSIgaGVpZ2h0PSIxIiB4bWxucz0iaHR0cDovL3d3dy53My5vcmcvMjAwMC9zdmciPjwvc3ZnPg==\"><\/p>\n<h2 id=\"tuketici-koruma-mekanizmalari-ve-sosyal-medya-uygulamalari\">T\u00fcketici\u200c Koruma Mekanizmalar\u0131 ve Sosyal \u200dmedya Uygulamalar\u0131<\/h2>\n<section>\n<p>Sosyal medya platformlar\u0131,g\u00fcn\u00fcm\u00fczde al\u0131\u015fveri\u015f yapma\u200c bi\u00e7imlerini k\u00f6kl\u00fc bir \u015fekilde de\u011fi\u015ftirmi\u015ftir. T\u00fcketiciler, bu platformlar arac\u0131l\u0131\u011f\u0131yla \u00fcr\u00fcn ve hizmetlere \u2063kolayca\u200d eri\u015fim sa\u011flayabilmekte, ancak bu durum baz\u0131 \u2064riskleri de beraberinde getirmektedir. T\u00fcketici haklar\u0131n\u0131n korunmas\u0131, sosyal medya uygulamalar\u0131nda \u2063da b\u00fcy\u00fck bir \u00f6nem ta\u015f\u0131maktad\u0131r. Bu \u2062ba\u011flamda,t\u00fcketicilerin \u200dhaklar\u0131n\u0131 bilmesi ve bu haklar\u0131 koruma mekanizmalar\u0131n\u0131 kullanabilmesi gerekmektedir.<\/p>\n<p>T\u00fcketici koruma mekanizmalar\u0131, sosyal medya al\u0131\u015fveri\u015flerinde kar\u015f\u0131la\u015f\u0131labilecek \u200bolumsuz\u200c durumlara kar\u015f\u0131 \u200c\u00f6nemli\u200d bir g\u00fcvence sunmaktad\u0131r. Bu mekanizmalar aras\u0131nda \u015funlar yer almaktad\u0131r:<\/p>\n<ul>\n<li><strong>T\u00fcketici\u200c Haklar\u0131 Kanunu:<\/strong> T\u00fcketicilerin sat\u0131n ald\u0131klar\u0131 \u00fcr\u00fcn \u2063ve hizmetlerle ilgili haklar\u0131n\u0131 belirleyen temel yasad\u0131r.<\/li>\n<li><strong>\u015eikayet Mekanizmalar\u0131:<\/strong> Sosyal medya platformlar\u0131,\u200c kullan\u0131c\u0131lar\u0131n \u200ckar\u015f\u0131la\u015ft\u0131klar\u0131\u200c sorunlar\u0131 bildirebilecekleri \u015fikayet sistemleri sunmaktad\u0131r.<\/li>\n<li><strong>\u0130ade ve De\u011fi\u015fim \u200bPolitikalar\u0131:<\/strong> \u2063 Al\u0131nan\u200d \u00fcr\u00fcnlerin iade veya de\u011fi\u015fim s\u00fcre\u00e7leri, t\u00fcketicilerin haklar\u0131n\u0131 koruma a\u00e7\u0131s\u0131ndan kritik \u00f6neme sahiptir.<\/li>\n<\/ul>\n<p>ayr\u0131ca, sosyal \u200bmedya \u00fczerinden yap\u0131lan al\u0131\u015fveri\u015flerde doland\u0131r\u0131c\u0131l\u0131k gibi olumsuz durumlarla kar\u015f\u0131la\u015fmamak i\u00e7in dikkatli olunmas\u0131 gerekmektedir. T\u00fcketicilerin, al\u0131\u015fveri\u015f yapmadan \u00f6nce sat\u0131c\u0131lar\u0131n g\u00fcvenilirli\u011fini ara\u015ft\u0131rmalar\u0131\u200b ve m\u00fcmk\u00fcnse kullan\u0131c\u0131 yorumlar\u0131n\u0131 incelemeleri \u00f6nerilmektedir. <a href=\"https:\/\/denizcankizil.tr\/en\/koseyazilari\/degerlendirme\/tuzel-kisilik-nedir-turk-ceza-kanununa-gore-tuzel-kisiler-hakkinda-guvenlik-tedbirleri-ve-uygulamalari\/\" title=\"What is a Legal Entity? According to the Turkish Penal Code; Security Measures and Practices for Legal Entities?\">bu t\u00fcr \u00f6nlemler<\/a>,\u200d sosyal medya \u2063al\u0131\u015fveri\u015flerinde daha \u2062g\u00fcvenli bir deneyim sa\u011flamak ad\u0131na \u00f6nemlidir.<\/p>\n<\/section>\n<h2 id=\"sosyal-medyada-alisveriste-bilincli-tuketici-olmanin-onemi\">Sosyal Medyada Al\u0131\u015fveri\u015fte Bilin\u00e7li T\u00fcketici Olman\u0131n \u00d6nemi<\/h2>\n<p><strong>Sosyal medya platformlar\u0131, g\u00fcn\u00fcm\u00fczde \u200dal\u0131\u015fveri\u015f\u2062 yapman\u0131n \u00f6nemli bir par\u00e7as\u0131 haline gelmi\u015ftir. Ancak, bu ortamda al\u0131\u015fveri\u015f \u200byaparken \u200bbilin\u00e7li t\u00fcketici olman\u0131n \u00f6nemi b\u00fcy\u00fckt\u00fcr. Bilin\u00e7li \u2063t\u00fcketicilik, yaln\u0131zca \u2064\u00fcr\u00fcn veya \u200chizmetin \u200dkalitesini de\u011ferlendirmekle kalmaz, ayn\u0131 zamanda \u2063t\u00fcketici haklar\u0131n\u0131n da\u200d fark\u0131nda olmay\u0131 gerektirir.<\/strong><\/p>\n<p><strong>Bilin\u00e7li bir t\u00fcketici \u200colman\u0131n \u200dbaz\u0131 temel unsurlar\u0131 \u015funlard\u0131r:<\/strong><\/p>\n<ul>\n<li><strong>\u00dcr\u00fcn Ara\u015ft\u0131rmas\u0131:<\/strong> \u200d Sosyal\u200c medya \u00fczerinden sat\u0131n al\u0131nacak \u00fcr\u00fcnlerin detayl\u0131 bir\u200c \u015fekilde ara\u015ft\u0131r\u0131lmas\u0131, kullan\u0131c\u0131 yorumlar\u0131n\u0131n\u200b incelenmesi ve fiyat kar\u015f\u0131la\u015ft\u0131rmalar\u0131n\u0131n yap\u0131lmas\u0131 \u00f6nemlidir.<\/li>\n<li><strong>T\u00fcketici Haklar\u0131\u2062 Bilinci:<\/strong> T\u00fcketicilerin, sat\u0131n ald\u0131klar\u0131 \u00fcr\u00fcnlerle ilgili haklar\u0131n\u0131 bilmesi, olas\u0131 sorunlar kar\u015f\u0131s\u0131nda daha etkili bir \u015fekilde\u2062 hareket etmelerini sa\u011flar.<\/li>\n<li><strong>G\u00fcvenilir Sat\u0131c\u0131 Se\u00e7imi:<\/strong> Sosyal \u200cmedya \u00fczerinden al\u0131\u015fveri\u015f yaparken, g\u00fcvenilir\u2062 ve bilinen \u2064sat\u0131c\u0131lar\u0131n tercih edilmesi, doland\u0131r\u0131c\u0131l\u0131k riskini azalt\u0131r.<\/li>\n<li><strong>\u0130ade ve De\u011fi\u015fim politikalar\u0131:<\/strong> Sat\u0131n al\u0131nan \u00fcr\u00fcnlerin iade ve de\u011fi\u015fim ko\u015fullar\u0131n\u0131n iyi \u2063anla\u015f\u0131lmas\u0131,\u2062 olumsuz durumlarla \u200dkar\u015f\u0131la\u015fma ihtimalini en aza indirir.<\/li>\n<\/ul>\n<p><strong>Sosyal medyada al\u0131\u015fveri\u015f yaparken \u2062bilin\u00e7li olmak, sadece bireysel \u200b\u00e7\u0131karlar\u0131 korumakla kalmaz, ayn\u0131 zamanda genel t\u00fcketici bilincinin artmas\u0131na da \u200dkatk\u0131da bulunur. Bu nedenle, al\u0131\u015fveri\u015f \u2062yaparken \u200ddikkatli ve bilin\u00e7li\u200b davranmak, hem ki\u015fisel\u2064 haklar\u0131n korunmas\u0131 hem de daha \u200dsa\u011fl\u0131kl\u0131 bir ticaret ortam\u0131n\u0131n olu\u015fmas\u0131 a\u00e7\u0131s\u0131ndan b\u00fcy\u00fck \u00f6nem ta\u015f\u0131maktad\u0131r.<\/strong><\/p>\n<p>Sonu\u00e7 olarak, sosyal medya platformlar\u0131 \u00fczerinden ger\u00e7ekle\u015ftirilen al\u0131\u015fveri\u015fler,\u2063 g\u00fcn\u00fcm\u00fcz t\u00fcketim al\u0131\u015fkanl\u0131klar\u0131n\u0131n \u00f6nemli bir par\u00e7as\u0131\u2062 haline gelmi\u015ftir. Ancak, bu yeni ticaret bi\u00e7imi, beraberinde \u00e7e\u015fitli t\u00fcketici haklar\u0131 ihlalleri ve koruma gereksinimlerini de getirmektedir. T\u00fcketicilerin, sosyal medya \u00fczerinden al\u0131\u015fveri\u015f yaparken sahip olduklar\u0131 haklar\u0131 bilmesi ve bu haklar\u0131 koruma yollar\u0131n\u0131 \u00f6\u011frenmesi, g\u00fcvenli bir al\u0131\u015fveri\u015f\u2064 deneyimi i\u00e7in elzemdir. <\/p>\n<p>Bu ba\u011flamda, T\u00fcrkiye&#8217;deki yasal \u200cd\u00fczenlemeler \u200bve \u2062t\u00fcketici koruma mekanizmalar\u0131, sosyal medya al\u0131\u015fveri\u015flerinde kar\u015f\u0131la\u015f\u0131labilecek sorunlar\u0131n \u00e7\u00f6z\u00fcm\u00fcnde kritik bir rol\u200d oynamaktad\u0131r. T\u00fcketicilerin, \u2064haklar\u0131n\u0131 savunma konusunda bilin\u00e7lenmesi ve gerekti\u011finde yasal yollara ba\u015fvurmas\u0131, \u2062sosyal medya al\u0131\u015fveri\u015flerinin daha g\u00fcvenilir bir hale\u2063 gelmesine katk\u0131\u200b sa\u011flayacakt\u0131r. Sonu\u00e7 olarak,\u200c sosyal medya al\u0131\u015fveri\u015flerinde t\u00fcketici haklar\u0131n\u0131n\u200c korunmas\u0131, hem bireysel hem de toplumsal d\u00fczeyde \u00f6nemli\u200c bir meseledir\u2063 ve bu konuda daha fazla fark\u0131ndal\u0131k yarat\u0131lmas\u0131 gerekmektedir. <\/p>","protected":false},"excerpt":{"rendered":"<p>Sosyal medyada al\u0131\u015fveri\u015f, t\u00fcketicilerin haklar\u0131n\u0131 ve korunmas\u0131n\u0131 \u00f6nemli \u00f6l\u00e7\u00fcde etkilemektedir. Bu platformlarda yap\u0131lan i\u015flemlerde, t\u00fcketicilerin bilgi edinme, se\u00e7im yapma ve cayma haklar\u0131 gibi yasal haklar\u0131 bulunmaktad\u0131r. T\u00fcketici koruma mevzuat\u0131, bu haklar\u0131n g\u00fcvence alt\u0131na al\u0131nmas\u0131n\u0131 sa\u011flamaktad\u0131r.<\/p>","protected":false},"author":4,"featured_media":0,"comment_status":"open","ping_status":"open","sticky":false,"template":"","format":"standard","meta":{"_acf_changed":false,"footnotes":""},"categories":[22],"tags":[],"class_list":["post-125249","post","type-post","status-publish","format-standard","hentry","category-degerlendirme"],"acf":[],"yoast_head":"<!-- This site is optimized with the Yoast SEO Premium plugin v26.6 (Yoast SEO v27.1.1) - https:\/\/yoast.com\/product\/yoast-seo-premium-wordpress\/ -->\n<title>Sosyal Medyada Al\u0131\u015fveri\u015f: T\u00fcketici Haklar\u0131 ve Koruma - Av. Deniz Can K\u0131z\u0131l<\/title>\n<meta name=\"robots\" content=\"index, follow, max-snippet:-1, max-image-preview:large, max-video-preview:-1\" \/>\n<link rel=\"canonical\" href=\"http:\/\/denizcankizil.tr\/en\/koseyazilari\/degerlendirme\/sosyal-medyada-alisveris-tuketici-haklari-ve-koruma\/\" \/>\n<meta property=\"og:locale\" content=\"en_GB\" \/>\n<meta property=\"og:type\" content=\"article\" \/>\n<meta property=\"og:title\" content=\"Sosyal Medyada Al\u0131\u015fveri\u015f: T\u00fcketici Haklar\u0131 ve Koruma\" \/>\n<meta property=\"og:description\" content=\"Sosyal medyada al\u0131\u015fveri\u015f, t\u00fcketicilerin haklar\u0131n\u0131 ve korunmas\u0131n\u0131 \u00f6nemli \u00f6l\u00e7\u00fcde etkilemektedir. Bu platformlarda yap\u0131lan i\u015flemlerde, t\u00fcketicilerin bilgi edinme, se\u00e7im yapma ve cayma haklar\u0131 gibi yasal haklar\u0131 bulunmaktad\u0131r. T\u00fcketici koruma mevzuat\u0131, bu haklar\u0131n g\u00fcvence alt\u0131na al\u0131nmas\u0131n\u0131 sa\u011flamaktad\u0131r.\" \/>\n<meta property=\"og:url\" content=\"http:\/\/denizcankizil.tr\/en\/koseyazilari\/degerlendirme\/sosyal-medyada-alisveris-tuketici-haklari-ve-koruma\/\" \/>\n<meta property=\"og:site_name\" content=\"Av. Deniz Can K\u0131z\u0131l\" \/>\n<meta property=\"article:published_time\" content=\"2025-06-24T12:59:04+00:00\" \/>\n<meta property=\"og:image\" content=\"https:\/\/denizcankizil.tr\/wp-content\/uploads\/2024\/10\/bJieI-253D.jpg\" \/>\n<meta name=\"author\" content=\"Av. Deniz Can K\u0131z\u0131l\" \/>\n<meta name=\"twitter:card\" content=\"summary_large_image\" \/>\n<meta name=\"twitter:label1\" content=\"Written by\" \/>\n\t<meta name=\"twitter:data1\" content=\"Av. Deniz Can K\u0131z\u0131l\" \/>\n\t<meta name=\"twitter:label2\" content=\"Estimated reading time\" \/>\n\t<meta name=\"twitter:data2\" content=\"10 minutes\" \/>\n<script type=\"application\/ld+json\" class=\"yoast-schema-graph\">{\"@context\":\"https:\/\/schema.org\",\"@graph\":[{\"@type\":\"Article\",\"@id\":\"http:\/\/denizcankizil.tr\/en\/koseyazilari\/degerlendirme\/sosyal-medyada-alisveris-tuketici-haklari-ve-koruma\/#article\",\"isPartOf\":{\"@id\":\"http:\/\/denizcankizil.tr\/en\/koseyazilari\/degerlendirme\/sosyal-medyada-alisveris-tuketici-haklari-ve-koruma\/\"},\"author\":{\"name\":\"Av. Deniz Can K\u0131z\u0131l\",\"@id\":\"https:\/\/denizcankizil.tr\/de\/#\/schema\/person\/5dc1b22991bd7ac833867c10afc9b0ff\"},\"headline\":\"Sosyal Medyada Al\u0131\u015fveri\u015f: T\u00fcketici Haklar\u0131 ve Koruma\",\"datePublished\":\"2025-06-24T12:59:04+00:00\",\"mainEntityOfPage\":{\"@id\":\"http:\/\/denizcankizil.tr\/en\/koseyazilari\/degerlendirme\/sosyal-medyada-alisveris-tuketici-haklari-ve-koruma\/\"},\"wordCount\":2014,\"commentCount\":0,\"publisher\":{\"@id\":\"https:\/\/denizcankizil.tr\/de\/#organization\"},\"image\":{\"@id\":\"http:\/\/denizcankizil.tr\/en\/koseyazilari\/degerlendirme\/sosyal-medyada-alisveris-tuketici-haklari-ve-koruma\/#primaryimage\"},\"thumbnailUrl\":\"https:\/\/denizcankizil.tr\/wp-content\/uploads\/2024\/10\/bJieI-253D.jpg\",\"articleSection\":[\"De\u011ferlendirme\"],\"inLanguage\":\"en-GB\",\"potentialAction\":[{\"@type\":\"CommentAction\",\"name\":\"Comment\",\"target\":[\"http:\/\/denizcankizil.tr\/en\/koseyazilari\/degerlendirme\/sosyal-medyada-alisveris-tuketici-haklari-ve-koruma\/#respond\"]}]},{\"@type\":\"WebPage\",\"@id\":\"http:\/\/denizcankizil.tr\/en\/koseyazilari\/degerlendirme\/sosyal-medyada-alisveris-tuketici-haklari-ve-koruma\/\",\"url\":\"http:\/\/denizcankizil.tr\/en\/koseyazilari\/degerlendirme\/sosyal-medyada-alisveris-tuketici-haklari-ve-koruma\/\",\"name\":\"Sosyal Medyada Al\u0131\u015fveri\u015f: T\u00fcketici Haklar\u0131 ve Koruma - Av. Deniz Can K\u0131z\u0131l\",\"isPartOf\":{\"@id\":\"https:\/\/denizcankizil.tr\/de\/#website\"},\"primaryImageOfPage\":{\"@id\":\"http:\/\/denizcankizil.tr\/en\/koseyazilari\/degerlendirme\/sosyal-medyada-alisveris-tuketici-haklari-ve-koruma\/#primaryimage\"},\"image\":{\"@id\":\"http:\/\/denizcankizil.tr\/en\/koseyazilari\/degerlendirme\/sosyal-medyada-alisveris-tuketici-haklari-ve-koruma\/#primaryimage\"},\"thumbnailUrl\":\"https:\/\/denizcankizil.tr\/wp-content\/uploads\/2024\/10\/bJieI-253D.jpg\",\"datePublished\":\"2025-06-24T12:59:04+00:00\",\"breadcrumb\":{\"@id\":\"http:\/\/denizcankizil.tr\/en\/koseyazilari\/degerlendirme\/sosyal-medyada-alisveris-tuketici-haklari-ve-koruma\/#breadcrumb\"},\"inLanguage\":\"en-GB\",\"potentialAction\":[{\"@type\":\"ReadAction\",\"target\":[\"http:\/\/denizcankizil.tr\/en\/koseyazilari\/degerlendirme\/sosyal-medyada-alisveris-tuketici-haklari-ve-koruma\/\"]}]},{\"@type\":\"ImageObject\",\"inLanguage\":\"en-GB\",\"@id\":\"http:\/\/denizcankizil.tr\/en\/koseyazilari\/degerlendirme\/sosyal-medyada-alisveris-tuketici-haklari-ve-koruma\/#primaryimage\",\"url\":\"https:\/\/denizcankizil.tr\/wp-content\/uploads\/2024\/10\/bJieI-253D.jpg\",\"contentUrl\":\"https:\/\/denizcankizil.tr\/wp-content\/uploads\/2024\/10\/bJieI-253D.jpg\"},{\"@type\":\"BreadcrumbList\",\"@id\":\"http:\/\/denizcankizil.tr\/en\/koseyazilari\/degerlendirme\/sosyal-medyada-alisveris-tuketici-haklari-ve-koruma\/#breadcrumb\",\"itemListElement\":[{\"@type\":\"ListItem\",\"position\":1,\"name\":\"Home\",\"item\":\"https:\/\/denizcankizil.tr\/de\/\"},{\"@type\":\"ListItem\",\"position\":2,\"name\":\"Sosyal Medyada Al\u0131\u015fveri\u015f: T\u00fcketici Haklar\u0131 ve Koruma\"}]},{\"@type\":\"WebSite\",\"@id\":\"https:\/\/denizcankizil.tr\/de\/#website\",\"url\":\"https:\/\/denizcankizil.tr\/de\/\",\"name\":\"Av. Deniz Can K\u0131z\u0131l\",\"description\":\"Avukat Deniz Can K\u0131z\u0131l Antalya Barosu\",\"publisher\":{\"@id\":\"https:\/\/denizcankizil.tr\/de\/#organization\"},\"potentialAction\":[{\"@type\":\"SearchAction\",\"target\":{\"@type\":\"EntryPoint\",\"urlTemplate\":\"https:\/\/denizcankizil.tr\/de\/?s={search_term_string}\"},\"query-input\":{\"@type\":\"PropertyValueSpecification\",\"valueRequired\":true,\"valueName\":\"search_term_string\"}}],\"inLanguage\":\"en-GB\"},{\"@type\":\"Organization\",\"@id\":\"https:\/\/denizcankizil.tr\/de\/#organization\",\"name\":\"Av. Deniz Can K\u0131z\u0131l\",\"url\":\"https:\/\/denizcankizil.tr\/de\/\",\"logo\":{\"@type\":\"ImageObject\",\"inLanguage\":\"en-GB\",\"@id\":\"https:\/\/denizcankizil.tr\/de\/#\/schema\/logo\/image\/\",\"url\":\"http:\/\/denizcankizil.tr\/wp-content\/uploads\/2024\/10\/siyah-logo-svg.svg\",\"contentUrl\":\"http:\/\/denizcankizil.tr\/wp-content\/uploads\/2024\/10\/siyah-logo-svg.svg\",\"width\":1080,\"height\":1080,\"caption\":\"Av. Deniz Can K\u0131z\u0131l\"},\"image\":{\"@id\":\"https:\/\/denizcankizil.tr\/de\/#\/schema\/logo\/image\/\"}},{\"@type\":\"Person\",\"@id\":\"https:\/\/denizcankizil.tr\/de\/#\/schema\/person\/5dc1b22991bd7ac833867c10afc9b0ff\",\"name\":\"Av. Deniz Can K\u0131z\u0131l\",\"image\":{\"@type\":\"ImageObject\",\"inLanguage\":\"en-GB\",\"@id\":\"https:\/\/denizcankizil.tr\/de\/#\/schema\/person\/image\/\",\"url\":\"https:\/\/secure.gravatar.com\/avatar\/a0b128fb9855c79efc976d5640eedb31dc35ec297594d6016d2cf7c60e975bb6?s=96&d=mm&r=g\",\"contentUrl\":\"https:\/\/secure.gravatar.com\/avatar\/a0b128fb9855c79efc976d5640eedb31dc35ec297594d6016d2cf7c60e975bb6?s=96&d=mm&r=g\",\"caption\":\"Av. Deniz Can K\u0131z\u0131l\"},\"sameAs\":[\"http:\/\/www.denizcankizil.tr\"],\"url\":\"http:\/\/denizcankizil.tr\/en\/author\/denizcankizil\/\"}]}<\/script>\n<!-- \/ Yoast SEO Premium plugin. -->","yoast_head_json":{"title":"Sosyal Medyada Al\u0131\u015fveri\u015f: T\u00fcketici Haklar\u0131 ve Koruma - Av. Deniz Can K\u0131z\u0131l","robots":{"index":"index","follow":"follow","max-snippet":"max-snippet:-1","max-image-preview":"max-image-preview:large","max-video-preview":"max-video-preview:-1"},"canonical":"http:\/\/denizcankizil.tr\/en\/koseyazilari\/degerlendirme\/sosyal-medyada-alisveris-tuketici-haklari-ve-koruma\/","og_locale":"en_GB","og_type":"article","og_title":"Sosyal Medyada Al\u0131\u015fveri\u015f: T\u00fcketici Haklar\u0131 ve Koruma","og_description":"Sosyal medyada al\u0131\u015fveri\u015f, t\u00fcketicilerin haklar\u0131n\u0131 ve korunmas\u0131n\u0131 \u00f6nemli \u00f6l\u00e7\u00fcde etkilemektedir. Bu platformlarda yap\u0131lan i\u015flemlerde, t\u00fcketicilerin bilgi edinme, se\u00e7im yapma ve cayma haklar\u0131 gibi yasal haklar\u0131 bulunmaktad\u0131r. T\u00fcketici koruma mevzuat\u0131, bu haklar\u0131n g\u00fcvence alt\u0131na al\u0131nmas\u0131n\u0131 sa\u011flamaktad\u0131r.","og_url":"http:\/\/denizcankizil.tr\/en\/koseyazilari\/degerlendirme\/sosyal-medyada-alisveris-tuketici-haklari-ve-koruma\/","og_site_name":"Av. Deniz Can K\u0131z\u0131l","article_published_time":"2025-06-24T12:59:04+00:00","og_image":[{"url":"https:\/\/denizcankizil.tr\/wp-content\/uploads\/2024\/10\/bJieI-253D.jpg","type":"","width":"","height":""}],"author":"Av. Deniz Can K\u0131z\u0131l","twitter_card":"summary_large_image","twitter_misc":{"Written by":"Av. Deniz Can K\u0131z\u0131l","Estimated reading time":"10 minutes"},"schema":{"@context":"https:\/\/schema.org","@graph":[{"@type":"Article","@id":"http:\/\/denizcankizil.tr\/en\/koseyazilari\/degerlendirme\/sosyal-medyada-alisveris-tuketici-haklari-ve-koruma\/#article","isPartOf":{"@id":"http:\/\/denizcankizil.tr\/en\/koseyazilari\/degerlendirme\/sosyal-medyada-alisveris-tuketici-haklari-ve-koruma\/"},"author":{"name":"Av. Deniz Can K\u0131z\u0131l","@id":"https:\/\/denizcankizil.tr\/de\/#\/schema\/person\/5dc1b22991bd7ac833867c10afc9b0ff"},"headline":"Sosyal Medyada Al\u0131\u015fveri\u015f: T\u00fcketici Haklar\u0131 ve Koruma","datePublished":"2025-06-24T12:59:04+00:00","mainEntityOfPage":{"@id":"http:\/\/denizcankizil.tr\/en\/koseyazilari\/degerlendirme\/sosyal-medyada-alisveris-tuketici-haklari-ve-koruma\/"},"wordCount":2014,"commentCount":0,"publisher":{"@id":"https:\/\/denizcankizil.tr\/de\/#organization"},"image":{"@id":"http:\/\/denizcankizil.tr\/en\/koseyazilari\/degerlendirme\/sosyal-medyada-alisveris-tuketici-haklari-ve-koruma\/#primaryimage"},"thumbnailUrl":"https:\/\/denizcankizil.tr\/wp-content\/uploads\/2024\/10\/bJieI-253D.jpg","articleSection":["De\u011ferlendirme"],"inLanguage":"en-GB","potentialAction":[{"@type":"CommentAction","name":"Comment","target":["http:\/\/denizcankizil.tr\/en\/koseyazilari\/degerlendirme\/sosyal-medyada-alisveris-tuketici-haklari-ve-koruma\/#respond"]}]},{"@type":"WebPage","@id":"http:\/\/denizcankizil.tr\/en\/koseyazilari\/degerlendirme\/sosyal-medyada-alisveris-tuketici-haklari-ve-koruma\/","url":"http:\/\/denizcankizil.tr\/en\/koseyazilari\/degerlendirme\/sosyal-medyada-alisveris-tuketici-haklari-ve-koruma\/","name":"Sosyal Medyada Al\u0131\u015fveri\u015f: T\u00fcketici Haklar\u0131 ve Koruma - Av. Deniz Can K\u0131z\u0131l","isPartOf":{"@id":"https:\/\/denizcankizil.tr\/de\/#website"},"primaryImageOfPage":{"@id":"http:\/\/denizcankizil.tr\/en\/koseyazilari\/degerlendirme\/sosyal-medyada-alisveris-tuketici-haklari-ve-koruma\/#primaryimage"},"image":{"@id":"http:\/\/denizcankizil.tr\/en\/koseyazilari\/degerlendirme\/sosyal-medyada-alisveris-tuketici-haklari-ve-koruma\/#primaryimage"},"thumbnailUrl":"https:\/\/denizcankizil.tr\/wp-content\/uploads\/2024\/10\/bJieI-253D.jpg","datePublished":"2025-06-24T12:59:04+00:00","breadcrumb":{"@id":"http:\/\/denizcankizil.tr\/en\/koseyazilari\/degerlendirme\/sosyal-medyada-alisveris-tuketici-haklari-ve-koruma\/#breadcrumb"},"inLanguage":"en-GB","potentialAction":[{"@type":"ReadAction","target":["http:\/\/denizcankizil.tr\/en\/koseyazilari\/degerlendirme\/sosyal-medyada-alisveris-tuketici-haklari-ve-koruma\/"]}]},{"@type":"ImageObject","inLanguage":"en-GB","@id":"http:\/\/denizcankizil.tr\/en\/koseyazilari\/degerlendirme\/sosyal-medyada-alisveris-tuketici-haklari-ve-koruma\/#primaryimage","url":"https:\/\/denizcankizil.tr\/wp-content\/uploads\/2024\/10\/bJieI-253D.jpg","contentUrl":"https:\/\/denizcankizil.tr\/wp-content\/uploads\/2024\/10\/bJieI-253D.jpg"},{"@type":"BreadcrumbList","@id":"http:\/\/denizcankizil.tr\/en\/koseyazilari\/degerlendirme\/sosyal-medyada-alisveris-tuketici-haklari-ve-koruma\/#breadcrumb","itemListElement":[{"@type":"ListItem","position":1,"name":"Home","item":"https:\/\/denizcankizil.tr\/de\/"},{"@type":"ListItem","position":2,"name":"Sosyal Medyada Al\u0131\u015fveri\u015f: T\u00fcketici Haklar\u0131 ve Koruma"}]},{"@type":"WebSite","@id":"https:\/\/denizcankizil.tr\/de\/#website","url":"https:\/\/denizcankizil.tr\/de\/","name":"Av. Deniz Can K\u0131z\u0131l","description":"Avukat Deniz Can K\u0131z\u0131l Antalya Barosu","publisher":{"@id":"https:\/\/denizcankizil.tr\/de\/#organization"},"potentialAction":[{"@type":"SearchAction","target":{"@type":"EntryPoint","urlTemplate":"https:\/\/denizcankizil.tr\/de\/?s={search_term_string}"},"query-input":{"@type":"PropertyValueSpecification","valueRequired":true,"valueName":"search_term_string"}}],"inLanguage":"en-GB"},{"@type":"Organization","@id":"https:\/\/denizcankizil.tr\/de\/#organization","name":"Av. Deniz Can K\u0131z\u0131l","url":"https:\/\/denizcankizil.tr\/de\/","logo":{"@type":"ImageObject","inLanguage":"en-GB","@id":"https:\/\/denizcankizil.tr\/de\/#\/schema\/logo\/image\/","url":"http:\/\/denizcankizil.tr\/wp-content\/uploads\/2024\/10\/siyah-logo-svg.svg","contentUrl":"http:\/\/denizcankizil.tr\/wp-content\/uploads\/2024\/10\/siyah-logo-svg.svg","width":1080,"height":1080,"caption":"Av. Deniz Can K\u0131z\u0131l"},"image":{"@id":"https:\/\/denizcankizil.tr\/de\/#\/schema\/logo\/image\/"}},{"@type":"Person","@id":"https:\/\/denizcankizil.tr\/de\/#\/schema\/person\/5dc1b22991bd7ac833867c10afc9b0ff","name":"Av. Deniz Can K\u0131z\u0131l","image":{"@type":"ImageObject","inLanguage":"en-GB","@id":"https:\/\/denizcankizil.tr\/de\/#\/schema\/person\/image\/","url":"https:\/\/secure.gravatar.com\/avatar\/a0b128fb9855c79efc976d5640eedb31dc35ec297594d6016d2cf7c60e975bb6?s=96&d=mm&r=g","contentUrl":"https:\/\/secure.gravatar.com\/avatar\/a0b128fb9855c79efc976d5640eedb31dc35ec297594d6016d2cf7c60e975bb6?s=96&d=mm&r=g","caption":"Av. Deniz Can K\u0131z\u0131l"},"sameAs":["http:\/\/www.denizcankizil.tr"],"url":"http:\/\/denizcankizil.tr\/en\/author\/denizcankizil\/"}]}},"_links":{"self":[{"href":"http:\/\/denizcankizil.tr\/en\/wp-json\/wp\/v2\/posts\/125249","targetHints":{"allow":["GET"]}}],"collection":[{"href":"http:\/\/denizcankizil.tr\/en\/wp-json\/wp\/v2\/posts"}],"about":[{"href":"http:\/\/denizcankizil.tr\/en\/wp-json\/wp\/v2\/types\/post"}],"author":[{"embeddable":true,"href":"http:\/\/denizcankizil.tr\/en\/wp-json\/wp\/v2\/users\/4"}],"replies":[{"embeddable":true,"href":"http:\/\/denizcankizil.tr\/en\/wp-json\/wp\/v2\/comments?post=125249"}],"version-history":[{"count":0,"href":"http:\/\/denizcankizil.tr\/en\/wp-json\/wp\/v2\/posts\/125249\/revisions"}],"wp:attachment":[{"href":"http:\/\/denizcankizil.tr\/en\/wp-json\/wp\/v2\/media?parent=125249"}],"wp:term":[{"taxonomy":"category","embeddable":true,"href":"http:\/\/denizcankizil.tr\/en\/wp-json\/wp\/v2\/categories?post=125249"},{"taxonomy":"post_tag","embeddable":true,"href":"http:\/\/denizcankizil.tr\/en\/wp-json\/wp\/v2\/tags?post=125249"}],"curies":[{"name":"wp","href":"https:\/\/api.w.org\/{rel}","templated":true}]}}