{"id":12472,"date":"2024-11-04T10:41:25","date_gmt":"2024-11-04T07:41:25","guid":{"rendered":"https:\/\/denizcankizil.tr\/uncategorized-tr\/bilim-konyada-gelecegin-bilim-ve-teknoloji-liderleri-yetisiyor\/"},"modified":"2024-11-04T10:41:25","modified_gmt":"2024-11-04T07:41:25","slug":"bilim-konyada-gelecegin-bilim-ve-teknoloji-liderleri-yetisiyor","status":"publish","type":"post","link":"http:\/\/denizcankizil.tr\/en\/haberler\/gundem\/bilim-konyada-gelecegin-bilim-ve-teknoloji-liderleri-yetisiyor\/","title":{"rendered":"Bilim Konya\u2019da Gelece\u011fin Bilim ve Teknoloji Liderleri Yeti\u015fiyor"},"content":{"rendered":"<p>Konya B\u00fcy\u00fck\u015fehir Belediyesi ve T3 Vakf\u0131 i\u015f birli\u011fiyle faaliyetlerini s\u00fcrd\u00fcren Bilim Konya\u2019da Uzun D\u00f6nemli Teknoloji E\u011fitimlerinde s\u0131nav heyecan\u0131 ya\u015fand\u0131. E-s\u0131nav\u0131 ba\u015far\u0131yla tamamlayan ortaokul ve lise \u00f6\u011frencileri, Bilim Konya\u2019da e\u011fitim hakk\u0131 elde edebilmek i\u00e7in 2. A\u015fama olan uygulama s\u0131nav\u0131na kat\u0131ld\u0131. Konya B\u00fcy\u00fck\u015fehir Belediye Ba\u015fkan\u0131 U\u011fur \u0130brahim Altay, s\u0131nava kat\u0131larak proje \u00fcreten \u00f6\u011frencileri tebrik ederek ba\u015far\u0131lar diledi.<\/p>\n<p>\u200bKonya B\u00fcy\u00fck\u015fehir Belediyesi ve T3 Vakf\u0131 i\u015f birli\u011fiyle faaliyetlerini s\u00fcrd\u00fcren Bilim Konya\u2019da Uzun D\u00f6nemli Teknoloji E\u011fitimlerinde s\u0131nav heyecan\u0131 ya\u015fand\u0131. E-s\u0131nav\u0131 ba\u015far\u0131yla tamamlayan ortaokul ve lise \u00f6\u011frencileri, Bilim Konya\u2019da e\u011fitim hakk\u0131 elde edebilmek i\u00e7in 2. A\u015fama olan uygulama s\u0131nav\u0131na kat\u0131ld\u0131. Konya B\u00fcy\u00fck\u015fehir Belediye Ba\u015fkan\u0131 U\u011fur \u0130brahim Altay, s\u0131nava kat\u0131larak proje \u00fcreten \u00f6\u011frencileri tebrik ederek ba\u015far\u0131lar diledi.\u00a0<\/p>\n<p>\u200bHaberin Al\u0131nt\u0131land\u0131\u011f\u0131 Kaynak: www.iskenderun.org<\/p>","protected":false},"excerpt":{"rendered":"<p>Konya B\u00fcy\u00fck\u015fehir Belediyesi ve T3 Vakf\u0131 i\u015f birli\u011fiyle faaliyetlerini s\u00fcrd\u00fcren Bilim Konya\u2019da Uzun D\u00f6nemli Teknoloji E\u011fitimlerinde s\u0131nav heyecan\u0131 ya\u015fand\u0131. E-s\u0131nav\u0131 ba\u015far\u0131yla tamamlayan ortaokul ve lise \u00f6\u011frencileri, Bilim Konya\u2019da e\u011fitim hakk\u0131 elde edebilmek i\u00e7in 2. A\u015fama olan uygulama s\u0131nav\u0131na kat\u0131ld\u0131. Konya B\u00fcy\u00fck\u015fehir Belediye Ba\u015fkan\u0131 U\u011fur \u0130brahim Altay, s\u0131nava kat\u0131larak proje \u00fcreten \u00f6\u011frencileri tebrik ederek ba\u015far\u0131lar diledi. \u200bKonya B\u00fcy\u00fck\u015fehir Belediyesi ve T3 Vakf\u0131 i\u015f birli\u011fiyle faaliyetlerini s\u00fcrd\u00fcren Bilim Konya\u2019da Uzun D\u00f6nemli Teknoloji E\u011fitimlerinde s\u0131nav heyecan\u0131 ya\u015fand\u0131. E-s\u0131nav\u0131 ba\u015far\u0131yla tamamlayan ortaokul ve lise \u00f6\u011frencileri, Bilim Konya\u2019da e\u011fitim hakk\u0131 elde edebilmek i\u00e7in 2. A\u015fama olan uygulama s\u0131nav\u0131na kat\u0131ld\u0131. Konya B\u00fcy\u00fck\u015fehir Belediye Ba\u015fkan\u0131 U\u011fur \u0130brahim Altay, s\u0131nava kat\u0131larak proje \u00fcreten \u00f6\u011frencileri tebrik ederek ba\u015far\u0131lar diledi.\u00a0 \u200bHaberin Al\u0131nt\u0131land\u0131\u011f\u0131 Kaynak: www.iskenderun.org<\/p>","protected":false},"author":0,"featured_media":0,"comment_status":"open","ping_status":"open","sticky":false,"template":"","format":"standard","meta":{"_acf_changed":false,"footnotes":""},"categories":[24,535],"tags":[],"class_list":["post-12472","post","type-post","status-publish","format-standard","has-post-thumbnail","hentry","category-gundem","category-uncategorized-tr"],"acf":[],"yoast_head":"<!-- This site is optimized with the Yoast SEO Premium plugin v26.6 (Yoast SEO v27.1.1) - https:\/\/yoast.com\/product\/yoast-seo-premium-wordpress\/ -->\n<title>Bilim Konya\u2019da Gelece\u011fin Bilim ve Teknoloji Liderleri Yeti\u015fiyor - Av. Deniz Can K\u0131z\u0131l<\/title>\n<meta name=\"robots\" content=\"index, follow, max-snippet:-1, max-image-preview:large, max-video-preview:-1\" \/>\n<link rel=\"canonical\" href=\"http:\/\/denizcankizil.tr\/en\/haberler\/gundem\/bilim-konyada-gelecegin-bilim-ve-teknoloji-liderleri-yetisiyor\/\" \/>\n<meta property=\"og:locale\" content=\"en_GB\" \/>\n<meta property=\"og:type\" content=\"article\" \/>\n<meta property=\"og:title\" content=\"Bilim Konya\u2019da Gelece\u011fin Bilim ve Teknoloji Liderleri Yeti\u015fiyor\" \/>\n<meta property=\"og:description\" content=\"Konya B\u00fcy\u00fck\u015fehir Belediyesi ve T3 Vakf\u0131 i\u015f birli\u011fiyle faaliyetlerini s\u00fcrd\u00fcren Bilim Konya\u2019da Uzun D\u00f6nemli Teknoloji E\u011fitimlerinde s\u0131nav heyecan\u0131 ya\u015fand\u0131. E-s\u0131nav\u0131 ba\u015far\u0131yla tamamlayan ortaokul ve lise \u00f6\u011frencileri, Bilim Konya\u2019da e\u011fitim hakk\u0131 elde edebilmek i\u00e7in 2. A\u015fama olan uygulama s\u0131nav\u0131na kat\u0131ld\u0131. Konya B\u00fcy\u00fck\u015fehir Belediye Ba\u015fkan\u0131 U\u011fur \u0130brahim Altay, s\u0131nava kat\u0131larak proje \u00fcreten \u00f6\u011frencileri tebrik ederek ba\u015far\u0131lar diledi. \u200bKonya B\u00fcy\u00fck\u015fehir Belediyesi ve T3 Vakf\u0131 i\u015f birli\u011fiyle faaliyetlerini s\u00fcrd\u00fcren Bilim Konya\u2019da Uzun D\u00f6nemli Teknoloji E\u011fitimlerinde s\u0131nav heyecan\u0131 ya\u015fand\u0131. E-s\u0131nav\u0131 ba\u015far\u0131yla tamamlayan ortaokul ve lise \u00f6\u011frencileri, Bilim Konya\u2019da e\u011fitim hakk\u0131 elde edebilmek i\u00e7in 2. A\u015fama olan uygulama s\u0131nav\u0131na kat\u0131ld\u0131. Konya B\u00fcy\u00fck\u015fehir Belediye Ba\u015fkan\u0131 U\u011fur \u0130brahim Altay, s\u0131nava kat\u0131larak proje \u00fcreten \u00f6\u011frencileri tebrik ederek ba\u015far\u0131lar diledi.\u00a0 \u200bHaberin Al\u0131nt\u0131land\u0131\u011f\u0131 Kaynak: www.iskenderun.org\" \/>\n<meta property=\"og:url\" content=\"http:\/\/denizcankizil.tr\/en\/haberler\/gundem\/bilim-konyada-gelecegin-bilim-ve-teknoloji-liderleri-yetisiyor\/\" \/>\n<meta property=\"og:site_name\" content=\"Av. Deniz Can K\u0131z\u0131l\" \/>\n<meta property=\"article:published_time\" content=\"2024-11-04T07:41:25+00:00\" \/>\n<meta name=\"twitter:card\" content=\"summary_large_image\" \/>\n<meta name=\"twitter:label1\" content=\"Estimated reading time\" \/>\n\t<meta name=\"twitter:data1\" content=\"1 minute\" \/>\n<script type=\"application\/ld+json\" class=\"yoast-schema-graph\">{\"@context\":\"https:\/\/schema.org\",\"@graph\":[{\"@type\":\"Article\",\"@id\":\"http:\/\/denizcankizil.tr\/ru\/haberler\/gundem\/bilim-konyada-gelecegin-bilim-ve-teknoloji-liderleri-yetisiyor\/#article\",\"isPartOf\":{\"@id\":\"http:\/\/denizcankizil.tr\/ru\/haberler\/gundem\/bilim-konyada-gelecegin-bilim-ve-teknoloji-liderleri-yetisiyor\/\"},\"author\":{\"name\":\"\",\"@id\":\"\"},\"headline\":\"Bilim Konya\u2019da Gelece\u011fin Bilim ve Teknoloji Liderleri Yeti\u015fiyor\",\"datePublished\":\"2024-11-04T07:41:25+00:00\",\"mainEntityOfPage\":{\"@id\":\"http:\/\/denizcankizil.tr\/ru\/haberler\/gundem\/bilim-konyada-gelecegin-bilim-ve-teknoloji-liderleri-yetisiyor\/\"},\"wordCount\":187,\"commentCount\":0,\"publisher\":{\"@id\":\"https:\/\/denizcankizil.tr\/de\/#organization\"},\"articleSection\":[\"G\u00fcndem\",\"Uncategorized\"],\"inLanguage\":\"en-GB\",\"potentialAction\":[{\"@type\":\"CommentAction\",\"name\":\"Comment\",\"target\":[\"http:\/\/denizcankizil.tr\/ru\/haberler\/gundem\/bilim-konyada-gelecegin-bilim-ve-teknoloji-liderleri-yetisiyor\/#respond\"]}]},{\"@type\":\"WebPage\",\"@id\":\"http:\/\/denizcankizil.tr\/ru\/haberler\/gundem\/bilim-konyada-gelecegin-bilim-ve-teknoloji-liderleri-yetisiyor\/\",\"url\":\"http:\/\/denizcankizil.tr\/ru\/haberler\/gundem\/bilim-konyada-gelecegin-bilim-ve-teknoloji-liderleri-yetisiyor\/\",\"name\":\"Bilim Konya\u2019da Gelece\u011fin Bilim ve Teknoloji Liderleri Yeti\u015fiyor - Av. Deniz Can K\u0131z\u0131l\",\"isPartOf\":{\"@id\":\"https:\/\/denizcankizil.tr\/de\/#website\"},\"datePublished\":\"2024-11-04T07:41:25+00:00\",\"breadcrumb\":{\"@id\":\"http:\/\/denizcankizil.tr\/ru\/haberler\/gundem\/bilim-konyada-gelecegin-bilim-ve-teknoloji-liderleri-yetisiyor\/#breadcrumb\"},\"inLanguage\":\"en-GB\",\"potentialAction\":[{\"@type\":\"ReadAction\",\"target\":[\"http:\/\/denizcankizil.tr\/ru\/haberler\/gundem\/bilim-konyada-gelecegin-bilim-ve-teknoloji-liderleri-yetisiyor\/\"]}]},{\"@type\":\"BreadcrumbList\",\"@id\":\"http:\/\/denizcankizil.tr\/ru\/haberler\/gundem\/bilim-konyada-gelecegin-bilim-ve-teknoloji-liderleri-yetisiyor\/#breadcrumb\",\"itemListElement\":[{\"@type\":\"ListItem\",\"position\":1,\"name\":\"Home\",\"item\":\"https:\/\/denizcankizil.tr\/de\/\"},{\"@type\":\"ListItem\",\"position\":2,\"name\":\"Bilim Konya\u2019da Gelece\u011fin Bilim ve Teknoloji Liderleri Yeti\u015fiyor\"}]},{\"@type\":\"WebSite\",\"@id\":\"https:\/\/denizcankizil.tr\/de\/#website\",\"url\":\"https:\/\/denizcankizil.tr\/de\/\",\"name\":\"Av. Deniz Can K\u0131z\u0131l\",\"description\":\"Avukat Deniz Can K\u0131z\u0131l Antalya Barosu\",\"publisher\":{\"@id\":\"https:\/\/denizcankizil.tr\/de\/#organization\"},\"potentialAction\":[{\"@type\":\"SearchAction\",\"target\":{\"@type\":\"EntryPoint\",\"urlTemplate\":\"https:\/\/denizcankizil.tr\/de\/?s={search_term_string}\"},\"query-input\":{\"@type\":\"PropertyValueSpecification\",\"valueRequired\":true,\"valueName\":\"search_term_string\"}}],\"inLanguage\":\"en-GB\"},{\"@type\":\"Organization\",\"@id\":\"https:\/\/denizcankizil.tr\/de\/#organization\",\"name\":\"Av. Deniz Can K\u0131z\u0131l\",\"url\":\"https:\/\/denizcankizil.tr\/de\/\",\"logo\":{\"@type\":\"ImageObject\",\"inLanguage\":\"en-GB\",\"@id\":\"https:\/\/denizcankizil.tr\/de\/#\/schema\/logo\/image\/\",\"url\":\"http:\/\/denizcankizil.tr\/wp-content\/uploads\/2024\/10\/siyah-logo-svg.svg\",\"contentUrl\":\"http:\/\/denizcankizil.tr\/wp-content\/uploads\/2024\/10\/siyah-logo-svg.svg\",\"width\":1080,\"height\":1080,\"caption\":\"Av. Deniz Can K\u0131z\u0131l\"},\"image\":{\"@id\":\"https:\/\/denizcankizil.tr\/de\/#\/schema\/logo\/image\/\"}}]}<\/script>\n<!-- \/ Yoast SEO Premium plugin. -->","yoast_head_json":{"title":"Bilim Konya\u2019da Gelece\u011fin Bilim ve Teknoloji Liderleri Yeti\u015fiyor - Av. Deniz Can K\u0131z\u0131l","robots":{"index":"index","follow":"follow","max-snippet":"max-snippet:-1","max-image-preview":"max-image-preview:large","max-video-preview":"max-video-preview:-1"},"canonical":"http:\/\/denizcankizil.tr\/en\/haberler\/gundem\/bilim-konyada-gelecegin-bilim-ve-teknoloji-liderleri-yetisiyor\/","og_locale":"en_GB","og_type":"article","og_title":"Bilim Konya\u2019da Gelece\u011fin Bilim ve Teknoloji Liderleri Yeti\u015fiyor","og_description":"Konya B\u00fcy\u00fck\u015fehir Belediyesi ve T3 Vakf\u0131 i\u015f birli\u011fiyle faaliyetlerini s\u00fcrd\u00fcren Bilim Konya\u2019da Uzun D\u00f6nemli Teknoloji E\u011fitimlerinde s\u0131nav heyecan\u0131 ya\u015fand\u0131. E-s\u0131nav\u0131 ba\u015far\u0131yla tamamlayan ortaokul ve lise \u00f6\u011frencileri, Bilim Konya\u2019da e\u011fitim hakk\u0131 elde edebilmek i\u00e7in 2. A\u015fama olan uygulama s\u0131nav\u0131na kat\u0131ld\u0131. Konya B\u00fcy\u00fck\u015fehir Belediye Ba\u015fkan\u0131 U\u011fur \u0130brahim Altay, s\u0131nava kat\u0131larak proje \u00fcreten \u00f6\u011frencileri tebrik ederek ba\u015far\u0131lar diledi. \u200bKonya B\u00fcy\u00fck\u015fehir Belediyesi ve T3 Vakf\u0131 i\u015f birli\u011fiyle faaliyetlerini s\u00fcrd\u00fcren Bilim Konya\u2019da Uzun D\u00f6nemli Teknoloji E\u011fitimlerinde s\u0131nav heyecan\u0131 ya\u015fand\u0131. E-s\u0131nav\u0131 ba\u015far\u0131yla tamamlayan ortaokul ve lise \u00f6\u011frencileri, Bilim Konya\u2019da e\u011fitim hakk\u0131 elde edebilmek i\u00e7in 2. A\u015fama olan uygulama s\u0131nav\u0131na kat\u0131ld\u0131. Konya B\u00fcy\u00fck\u015fehir Belediye Ba\u015fkan\u0131 U\u011fur \u0130brahim Altay, s\u0131nava kat\u0131larak proje \u00fcreten \u00f6\u011frencileri tebrik ederek ba\u015far\u0131lar diledi.\u00a0 \u200bHaberin Al\u0131nt\u0131land\u0131\u011f\u0131 Kaynak: www.iskenderun.org","og_url":"http:\/\/denizcankizil.tr\/en\/haberler\/gundem\/bilim-konyada-gelecegin-bilim-ve-teknoloji-liderleri-yetisiyor\/","og_site_name":"Av. Deniz Can K\u0131z\u0131l","article_published_time":"2024-11-04T07:41:25+00:00","twitter_card":"summary_large_image","twitter_misc":{"Estimated reading time":"1 minute"},"schema":{"@context":"https:\/\/schema.org","@graph":[{"@type":"Article","@id":"http:\/\/denizcankizil.tr\/ru\/haberler\/gundem\/bilim-konyada-gelecegin-bilim-ve-teknoloji-liderleri-yetisiyor\/#article","isPartOf":{"@id":"http:\/\/denizcankizil.tr\/ru\/haberler\/gundem\/bilim-konyada-gelecegin-bilim-ve-teknoloji-liderleri-yetisiyor\/"},"author":{"name":"","@id":""},"headline":"Bilim Konya\u2019da Gelece\u011fin Bilim ve Teknoloji Liderleri Yeti\u015fiyor","datePublished":"2024-11-04T07:41:25+00:00","mainEntityOfPage":{"@id":"http:\/\/denizcankizil.tr\/ru\/haberler\/gundem\/bilim-konyada-gelecegin-bilim-ve-teknoloji-liderleri-yetisiyor\/"},"wordCount":187,"commentCount":0,"publisher":{"@id":"https:\/\/denizcankizil.tr\/de\/#organization"},"articleSection":["G\u00fcndem","Uncategorized"],"inLanguage":"en-GB","potentialAction":[{"@type":"CommentAction","name":"Comment","target":["http:\/\/denizcankizil.tr\/ru\/haberler\/gundem\/bilim-konyada-gelecegin-bilim-ve-teknoloji-liderleri-yetisiyor\/#respond"]}]},{"@type":"WebPage","@id":"http:\/\/denizcankizil.tr\/ru\/haberler\/gundem\/bilim-konyada-gelecegin-bilim-ve-teknoloji-liderleri-yetisiyor\/","url":"http:\/\/denizcankizil.tr\/ru\/haberler\/gundem\/bilim-konyada-gelecegin-bilim-ve-teknoloji-liderleri-yetisiyor\/","name":"Bilim Konya\u2019da Gelece\u011fin Bilim ve Teknoloji Liderleri Yeti\u015fiyor - Av. Deniz Can K\u0131z\u0131l","isPartOf":{"@id":"https:\/\/denizcankizil.tr\/de\/#website"},"datePublished":"2024-11-04T07:41:25+00:00","breadcrumb":{"@id":"http:\/\/denizcankizil.tr\/ru\/haberler\/gundem\/bilim-konyada-gelecegin-bilim-ve-teknoloji-liderleri-yetisiyor\/#breadcrumb"},"inLanguage":"en-GB","potentialAction":[{"@type":"ReadAction","target":["http:\/\/denizcankizil.tr\/ru\/haberler\/gundem\/bilim-konyada-gelecegin-bilim-ve-teknoloji-liderleri-yetisiyor\/"]}]},{"@type":"BreadcrumbList","@id":"http:\/\/denizcankizil.tr\/ru\/haberler\/gundem\/bilim-konyada-gelecegin-bilim-ve-teknoloji-liderleri-yetisiyor\/#breadcrumb","itemListElement":[{"@type":"ListItem","position":1,"name":"Home","item":"https:\/\/denizcankizil.tr\/de\/"},{"@type":"ListItem","position":2,"name":"Bilim Konya\u2019da Gelece\u011fin Bilim ve Teknoloji Liderleri Yeti\u015fiyor"}]},{"@type":"WebSite","@id":"https:\/\/denizcankizil.tr\/de\/#website","url":"https:\/\/denizcankizil.tr\/de\/","name":"Av. Deniz Can K\u0131z\u0131l","description":"Avukat Deniz Can K\u0131z\u0131l Antalya Barosu","publisher":{"@id":"https:\/\/denizcankizil.tr\/de\/#organization"},"potentialAction":[{"@type":"SearchAction","target":{"@type":"EntryPoint","urlTemplate":"https:\/\/denizcankizil.tr\/de\/?s={search_term_string}"},"query-input":{"@type":"PropertyValueSpecification","valueRequired":true,"valueName":"search_term_string"}}],"inLanguage":"en-GB"},{"@type":"Organization","@id":"https:\/\/denizcankizil.tr\/de\/#organization","name":"Av. Deniz Can K\u0131z\u0131l","url":"https:\/\/denizcankizil.tr\/de\/","logo":{"@type":"ImageObject","inLanguage":"en-GB","@id":"https:\/\/denizcankizil.tr\/de\/#\/schema\/logo\/image\/","url":"http:\/\/denizcankizil.tr\/wp-content\/uploads\/2024\/10\/siyah-logo-svg.svg","contentUrl":"http:\/\/denizcankizil.tr\/wp-content\/uploads\/2024\/10\/siyah-logo-svg.svg","width":1080,"height":1080,"caption":"Av. Deniz Can K\u0131z\u0131l"},"image":{"@id":"https:\/\/denizcankizil.tr\/de\/#\/schema\/logo\/image\/"}}]}},"_links":{"self":[{"href":"http:\/\/denizcankizil.tr\/en\/wp-json\/wp\/v2\/posts\/12472","targetHints":{"allow":["GET"]}}],"collection":[{"href":"http:\/\/denizcankizil.tr\/en\/wp-json\/wp\/v2\/posts"}],"about":[{"href":"http:\/\/denizcankizil.tr\/en\/wp-json\/wp\/v2\/types\/post"}],"replies":[{"embeddable":true,"href":"http:\/\/denizcankizil.tr\/en\/wp-json\/wp\/v2\/comments?post=12472"}],"version-history":[{"count":0,"href":"http:\/\/denizcankizil.tr\/en\/wp-json\/wp\/v2\/posts\/12472\/revisions"}],"wp:attachment":[{"href":"http:\/\/denizcankizil.tr\/en\/wp-json\/wp\/v2\/media?parent=12472"}],"wp:term":[{"taxonomy":"category","embeddable":true,"href":"http:\/\/denizcankizil.tr\/en\/wp-json\/wp\/v2\/categories?post=12472"},{"taxonomy":"post_tag","embeddable":true,"href":"http:\/\/denizcankizil.tr\/en\/wp-json\/wp\/v2\/tags?post=12472"}],"curies":[{"name":"wp","href":"https:\/\/api.w.org\/{rel}","templated":true}]}}