{"id":123326,"date":"2025-06-22T17:41:19","date_gmt":"2025-06-22T14:41:19","guid":{"rendered":"https:\/\/denizcankizil.tr\/uncategorized-tr\/muglada-boga-eglencesi-faciasi\/"},"modified":"2025-06-22T17:41:19","modified_gmt":"2025-06-22T14:41:19","slug":"muglada-boga-eglencesi-faciasi","status":"publish","type":"post","link":"http:\/\/denizcankizil.tr\/en\/haberler\/gundem\/muglada-boga-eglencesi-faciasi\/","title":{"rendered":"Mu\u011fla&#8217;da bo\u011fa e\u011flencesi facias\u0131!"},"content":{"rendered":"<p>Mu\u011fla&#8217;n\u0131n Mente\u015fe il\u00e7esi Do\u011fank\u00f6y Mahallesi\u2019nde, 1&#8217;inci Do\u011fank\u00f6y Bo\u011fa G\u00fcre\u015fi \u00f6ncesi d\u00fczenlenen e\u011flencede meydana gelen olayda, Halil Yetimo\u011flu para atmak isterken bo\u011fan\u0131n sald\u0131r\u0131s\u0131na u\u011frad\u0131. Bo\u011fa, kendisine yakla\u015fan Halil Yetimo\u011flu&#8217;nu boynuz darbesiyle havaya f\u0131rlatt\u0131. Savrulan Yetimo\u011flu, yere d\u00fc\u015ft\u00fc.<\/p>\n<p>TABURCU ED\u0130LD\u0130 <\/p>\n<p>\u0130hbar \u00fczerine b\u00f6lgeye sa\u011fl\u0131k ekipleri sevk edildi. \u0130lk m\u00fcdahalesi yap\u0131lan Halil Yetimo\u011flu, ambulansla hastaneye kald\u0131r\u0131ld\u0131. Tedavisinin ard\u0131ndan taburcu edilen Yetimo\u011flu\u2019nun sa\u011fl\u0131k durumunun iyi oldu\u011fu \u00f6\u011frenildi.<\/p>\n<p>\u200bMente\u015fe&#8217;de bo\u011fa g\u00fcre\u015fi \u00f6ncesi d\u00fczenlenen e\u011flencede Halil Yetimo\u011flu, bo\u011faya para atmak isterken boynuz darbesiyle havaya f\u0131rlat\u0131ld\u0131.\u00a0<\/p>\n<p>\u200bHaberin Al\u0131nt\u0131land\u0131\u011f\u0131 Kaynak: www.antalyakorfez.com<\/p>","protected":false},"excerpt":{"rendered":"<p>Mu\u011fla&#8217;n\u0131n Mente\u015fe il\u00e7esi Do\u011fank\u00f6y Mahallesi\u2019nde, 1&#8217;inci Do\u011fank\u00f6y Bo\u011fa G\u00fcre\u015fi \u00f6ncesi d\u00fczenlenen e\u011flencede meydana gelen olayda, Halil Yetimo\u011flu para atmak isterken bo\u011fan\u0131n sald\u0131r\u0131s\u0131na u\u011frad\u0131. Bo\u011fa, kendisine yakla\u015fan Halil Yetimo\u011flu&#8217;nu boynuz darbesiyle havaya f\u0131rlatt\u0131. Savrulan Yetimo\u011flu, yere d\u00fc\u015ft\u00fc. TABURCU ED\u0130LD\u0130 \u0130hbar \u00fczerine b\u00f6lgeye sa\u011fl\u0131k ekipleri sevk edildi. \u0130lk m\u00fcdahalesi yap\u0131lan Halil Yetimo\u011flu, ambulansla hastaneye kald\u0131r\u0131ld\u0131. Tedavisinin ard\u0131ndan taburcu edilen Yetimo\u011flu\u2019nun sa\u011fl\u0131k durumunun iyi oldu\u011fu \u00f6\u011frenildi. \u200bMente\u015fe&#8217;de bo\u011fa g\u00fcre\u015fi \u00f6ncesi d\u00fczenlenen e\u011flencede Halil Yetimo\u011flu, bo\u011faya para atmak isterken boynuz darbesiyle havaya f\u0131rlat\u0131ld\u0131.\u00a0 \u200bHaberin Al\u0131nt\u0131land\u0131\u011f\u0131 Kaynak: www.antalyakorfez.com<\/p>","protected":false},"author":5,"featured_media":0,"comment_status":"","ping_status":"open","sticky":false,"template":"","format":"standard","meta":{"_acf_changed":false,"footnotes":""},"categories":[24],"tags":[],"class_list":["post-123326","post","type-post","status-publish","format-standard","has-post-thumbnail","hentry","category-gundem"],"acf":[],"yoast_head":"<!-- This site is optimized with the Yoast SEO Premium plugin v26.6 (Yoast SEO v27.1.1) - https:\/\/yoast.com\/product\/yoast-seo-premium-wordpress\/ -->\n<title>Mu\u011fla&#039;da bo\u011fa e\u011flencesi facias\u0131! - Av. Deniz Can K\u0131z\u0131l<\/title>\n<meta name=\"robots\" content=\"index, follow, max-snippet:-1, max-image-preview:large, max-video-preview:-1\" \/>\n<link rel=\"canonical\" href=\"https:\/\/denizcankizil.tr\/en\/haberler\/gundem\/muglada-boga-eglencesi-faciasi\/\" \/>\n<meta property=\"og:locale\" content=\"en_GB\" \/>\n<meta property=\"og:type\" content=\"article\" \/>\n<meta property=\"og:title\" content=\"Mu\u011fla&#039;da bo\u011fa e\u011flencesi facias\u0131!\" \/>\n<meta property=\"og:description\" content=\"Mu\u011fla&#8217;n\u0131n Mente\u015fe il\u00e7esi Do\u011fank\u00f6y Mahallesi\u2019nde, 1&#8217;inci Do\u011fank\u00f6y Bo\u011fa G\u00fcre\u015fi \u00f6ncesi d\u00fczenlenen e\u011flencede meydana gelen olayda, Halil Yetimo\u011flu para atmak isterken bo\u011fan\u0131n sald\u0131r\u0131s\u0131na u\u011frad\u0131. Bo\u011fa, kendisine yakla\u015fan Halil Yetimo\u011flu&#8217;nu boynuz darbesiyle havaya f\u0131rlatt\u0131. Savrulan Yetimo\u011flu, yere d\u00fc\u015ft\u00fc. TABURCU ED\u0130LD\u0130 \u0130hbar \u00fczerine b\u00f6lgeye sa\u011fl\u0131k ekipleri sevk edildi. \u0130lk m\u00fcdahalesi yap\u0131lan Halil Yetimo\u011flu, ambulansla hastaneye kald\u0131r\u0131ld\u0131. Tedavisinin ard\u0131ndan taburcu edilen Yetimo\u011flu\u2019nun sa\u011fl\u0131k durumunun iyi oldu\u011fu \u00f6\u011frenildi. \u200bMente\u015fe&#8217;de bo\u011fa g\u00fcre\u015fi \u00f6ncesi d\u00fczenlenen e\u011flencede Halil Yetimo\u011flu, bo\u011faya para atmak isterken boynuz darbesiyle havaya f\u0131rlat\u0131ld\u0131.\u00a0 \u200bHaberin Al\u0131nt\u0131land\u0131\u011f\u0131 Kaynak: www.antalyakorfez.com\" \/>\n<meta property=\"og:url\" content=\"https:\/\/denizcankizil.tr\/en\/haberler\/gundem\/muglada-boga-eglencesi-faciasi\/\" \/>\n<meta property=\"og:site_name\" content=\"Av. Deniz Can K\u0131z\u0131l\" \/>\n<meta property=\"article:published_time\" content=\"2025-06-22T14:41:19+00:00\" \/>\n<meta name=\"author\" content=\"Antalya K\u00f6rfez\" \/>\n<meta name=\"twitter:card\" content=\"summary_large_image\" \/>\n<meta name=\"twitter:label1\" content=\"Written by\" \/>\n\t<meta name=\"twitter:data1\" content=\"Antalya K\u00f6rfez\" \/>\n\t<meta name=\"twitter:label2\" content=\"Estimated reading time\" \/>\n\t<meta name=\"twitter:data2\" content=\"1 minute\" \/>\n<script type=\"application\/ld+json\" class=\"yoast-schema-graph\">{\"@context\":\"https:\/\/schema.org\",\"@graph\":[{\"@type\":\"Article\",\"@id\":\"https:\/\/denizcankizil.tr\/uk\/haberler\/gundem\/muglada-boga-eglencesi-faciasi\/#article\",\"isPartOf\":{\"@id\":\"https:\/\/denizcankizil.tr\/uk\/haberler\/gundem\/muglada-boga-eglencesi-faciasi\/\"},\"author\":{\"name\":\"Antalya K\u00f6rfez\",\"@id\":\"https:\/\/denizcankizil.tr\/de\/#\/schema\/person\/e1eb71bb4dd684d46563f0af307e1234\"},\"headline\":\"Mu\u011fla&#8217;da bo\u011fa e\u011flencesi facias\u0131!\",\"datePublished\":\"2025-06-22T14:41:19+00:00\",\"mainEntityOfPage\":{\"@id\":\"https:\/\/denizcankizil.tr\/uk\/haberler\/gundem\/muglada-boga-eglencesi-faciasi\/\"},\"wordCount\":150,\"publisher\":{\"@id\":\"https:\/\/denizcankizil.tr\/de\/#organization\"},\"articleSection\":[\"G\u00fcndem\"],\"inLanguage\":\"en-GB\"},{\"@type\":\"WebPage\",\"@id\":\"https:\/\/denizcankizil.tr\/uk\/haberler\/gundem\/muglada-boga-eglencesi-faciasi\/\",\"url\":\"https:\/\/denizcankizil.tr\/uk\/haberler\/gundem\/muglada-boga-eglencesi-faciasi\/\",\"name\":\"Mu\u011fla'da bo\u011fa e\u011flencesi facias\u0131! - Av. Deniz Can K\u0131z\u0131l\",\"isPartOf\":{\"@id\":\"https:\/\/denizcankizil.tr\/de\/#website\"},\"datePublished\":\"2025-06-22T14:41:19+00:00\",\"breadcrumb\":{\"@id\":\"https:\/\/denizcankizil.tr\/uk\/haberler\/gundem\/muglada-boga-eglencesi-faciasi\/#breadcrumb\"},\"inLanguage\":\"en-GB\",\"potentialAction\":[{\"@type\":\"ReadAction\",\"target\":[\"https:\/\/denizcankizil.tr\/uk\/haberler\/gundem\/muglada-boga-eglencesi-faciasi\/\"]}]},{\"@type\":\"BreadcrumbList\",\"@id\":\"https:\/\/denizcankizil.tr\/uk\/haberler\/gundem\/muglada-boga-eglencesi-faciasi\/#breadcrumb\",\"itemListElement\":[{\"@type\":\"ListItem\",\"position\":1,\"name\":\"Home\",\"item\":\"https:\/\/denizcankizil.tr\/de\/\"},{\"@type\":\"ListItem\",\"position\":2,\"name\":\"Mu\u011fla&#8217;da bo\u011fa e\u011flencesi facias\u0131!\"}]},{\"@type\":\"WebSite\",\"@id\":\"https:\/\/denizcankizil.tr\/de\/#website\",\"url\":\"https:\/\/denizcankizil.tr\/de\/\",\"name\":\"Av. Deniz Can K\u0131z\u0131l\",\"description\":\"Avukat Deniz Can K\u0131z\u0131l Antalya Barosu\",\"publisher\":{\"@id\":\"https:\/\/denizcankizil.tr\/de\/#organization\"},\"potentialAction\":[{\"@type\":\"SearchAction\",\"target\":{\"@type\":\"EntryPoint\",\"urlTemplate\":\"https:\/\/denizcankizil.tr\/de\/?s={search_term_string}\"},\"query-input\":{\"@type\":\"PropertyValueSpecification\",\"valueRequired\":true,\"valueName\":\"search_term_string\"}}],\"inLanguage\":\"en-GB\"},{\"@type\":\"Organization\",\"@id\":\"https:\/\/denizcankizil.tr\/de\/#organization\",\"name\":\"Av. Deniz Can K\u0131z\u0131l\",\"url\":\"https:\/\/denizcankizil.tr\/de\/\",\"logo\":{\"@type\":\"ImageObject\",\"inLanguage\":\"en-GB\",\"@id\":\"https:\/\/denizcankizil.tr\/de\/#\/schema\/logo\/image\/\",\"url\":\"http:\/\/denizcankizil.tr\/wp-content\/uploads\/2024\/10\/siyah-logo-svg.svg\",\"contentUrl\":\"http:\/\/denizcankizil.tr\/wp-content\/uploads\/2024\/10\/siyah-logo-svg.svg\",\"width\":1080,\"height\":1080,\"caption\":\"Av. Deniz Can K\u0131z\u0131l\"},\"image\":{\"@id\":\"https:\/\/denizcankizil.tr\/de\/#\/schema\/logo\/image\/\"}},{\"@type\":\"Person\",\"@id\":\"https:\/\/denizcankizil.tr\/de\/#\/schema\/person\/e1eb71bb4dd684d46563f0af307e1234\",\"name\":\"Antalya K\u00f6rfez\",\"image\":{\"@type\":\"ImageObject\",\"inLanguage\":\"en-GB\",\"@id\":\"https:\/\/denizcankizil.tr\/de\/#\/schema\/person\/image\/\",\"url\":\"https:\/\/secure.gravatar.com\/avatar\/42b01982558a48a0b501fdcab6a408d3717ea5919095ee2e67b0e521799c5905?s=96&d=mm&r=g\",\"contentUrl\":\"https:\/\/secure.gravatar.com\/avatar\/42b01982558a48a0b501fdcab6a408d3717ea5919095ee2e67b0e521799c5905?s=96&d=mm&r=g\",\"caption\":\"Antalya K\u00f6rfez\"},\"sameAs\":[\"http:\/\/www.antalyakorfez.com\"],\"url\":\"https:\/\/www.antalyakorfez.com\/muglada-boga-eglencesi-faciasi\"}]}<\/script>\n<!-- \/ Yoast SEO Premium plugin. -->","yoast_head_json":{"title":"Mu\u011fla'da bo\u011fa e\u011flencesi facias\u0131! - Av. Deniz Can K\u0131z\u0131l","robots":{"index":"index","follow":"follow","max-snippet":"max-snippet:-1","max-image-preview":"max-image-preview:large","max-video-preview":"max-video-preview:-1"},"canonical":"https:\/\/denizcankizil.tr\/en\/haberler\/gundem\/muglada-boga-eglencesi-faciasi\/","og_locale":"en_GB","og_type":"article","og_title":"Mu\u011fla'da bo\u011fa e\u011flencesi facias\u0131!","og_description":"Mu\u011fla&#8217;n\u0131n Mente\u015fe il\u00e7esi Do\u011fank\u00f6y Mahallesi\u2019nde, 1&#8217;inci Do\u011fank\u00f6y Bo\u011fa G\u00fcre\u015fi \u00f6ncesi d\u00fczenlenen e\u011flencede meydana gelen olayda, Halil Yetimo\u011flu para atmak isterken bo\u011fan\u0131n sald\u0131r\u0131s\u0131na u\u011frad\u0131. Bo\u011fa, kendisine yakla\u015fan Halil Yetimo\u011flu&#8217;nu boynuz darbesiyle havaya f\u0131rlatt\u0131. Savrulan Yetimo\u011flu, yere d\u00fc\u015ft\u00fc. TABURCU ED\u0130LD\u0130 \u0130hbar \u00fczerine b\u00f6lgeye sa\u011fl\u0131k ekipleri sevk edildi. \u0130lk m\u00fcdahalesi yap\u0131lan Halil Yetimo\u011flu, ambulansla hastaneye kald\u0131r\u0131ld\u0131. Tedavisinin ard\u0131ndan taburcu edilen Yetimo\u011flu\u2019nun sa\u011fl\u0131k durumunun iyi oldu\u011fu \u00f6\u011frenildi. \u200bMente\u015fe&#8217;de bo\u011fa g\u00fcre\u015fi \u00f6ncesi d\u00fczenlenen e\u011flencede Halil Yetimo\u011flu, bo\u011faya para atmak isterken boynuz darbesiyle havaya f\u0131rlat\u0131ld\u0131.\u00a0 \u200bHaberin Al\u0131nt\u0131land\u0131\u011f\u0131 Kaynak: www.antalyakorfez.com","og_url":"https:\/\/denizcankizil.tr\/en\/haberler\/gundem\/muglada-boga-eglencesi-faciasi\/","og_site_name":"Av. Deniz Can K\u0131z\u0131l","article_published_time":"2025-06-22T14:41:19+00:00","author":"Antalya K\u00f6rfez","twitter_card":"summary_large_image","twitter_misc":{"Written by":"Antalya K\u00f6rfez","Estimated reading time":"1 minute"},"schema":{"@context":"https:\/\/schema.org","@graph":[{"@type":"Article","@id":"https:\/\/denizcankizil.tr\/uk\/haberler\/gundem\/muglada-boga-eglencesi-faciasi\/#article","isPartOf":{"@id":"https:\/\/denizcankizil.tr\/uk\/haberler\/gundem\/muglada-boga-eglencesi-faciasi\/"},"author":{"name":"Antalya K\u00f6rfez","@id":"https:\/\/denizcankizil.tr\/de\/#\/schema\/person\/e1eb71bb4dd684d46563f0af307e1234"},"headline":"Mu\u011fla&#8217;da bo\u011fa e\u011flencesi facias\u0131!","datePublished":"2025-06-22T14:41:19+00:00","mainEntityOfPage":{"@id":"https:\/\/denizcankizil.tr\/uk\/haberler\/gundem\/muglada-boga-eglencesi-faciasi\/"},"wordCount":150,"publisher":{"@id":"https:\/\/denizcankizil.tr\/de\/#organization"},"articleSection":["G\u00fcndem"],"inLanguage":"en-GB"},{"@type":"WebPage","@id":"https:\/\/denizcankizil.tr\/uk\/haberler\/gundem\/muglada-boga-eglencesi-faciasi\/","url":"https:\/\/denizcankizil.tr\/uk\/haberler\/gundem\/muglada-boga-eglencesi-faciasi\/","name":"Mu\u011fla'da bo\u011fa e\u011flencesi facias\u0131! - Av. Deniz Can K\u0131z\u0131l","isPartOf":{"@id":"https:\/\/denizcankizil.tr\/de\/#website"},"datePublished":"2025-06-22T14:41:19+00:00","breadcrumb":{"@id":"https:\/\/denizcankizil.tr\/uk\/haberler\/gundem\/muglada-boga-eglencesi-faciasi\/#breadcrumb"},"inLanguage":"en-GB","potentialAction":[{"@type":"ReadAction","target":["https:\/\/denizcankizil.tr\/uk\/haberler\/gundem\/muglada-boga-eglencesi-faciasi\/"]}]},{"@type":"BreadcrumbList","@id":"https:\/\/denizcankizil.tr\/uk\/haberler\/gundem\/muglada-boga-eglencesi-faciasi\/#breadcrumb","itemListElement":[{"@type":"ListItem","position":1,"name":"Home","item":"https:\/\/denizcankizil.tr\/de\/"},{"@type":"ListItem","position":2,"name":"Mu\u011fla&#8217;da bo\u011fa e\u011flencesi facias\u0131!"}]},{"@type":"WebSite","@id":"https:\/\/denizcankizil.tr\/de\/#website","url":"https:\/\/denizcankizil.tr\/de\/","name":"Av. Deniz Can K\u0131z\u0131l","description":"Avukat Deniz Can K\u0131z\u0131l Antalya Barosu","publisher":{"@id":"https:\/\/denizcankizil.tr\/de\/#organization"},"potentialAction":[{"@type":"SearchAction","target":{"@type":"EntryPoint","urlTemplate":"https:\/\/denizcankizil.tr\/de\/?s={search_term_string}"},"query-input":{"@type":"PropertyValueSpecification","valueRequired":true,"valueName":"search_term_string"}}],"inLanguage":"en-GB"},{"@type":"Organization","@id":"https:\/\/denizcankizil.tr\/de\/#organization","name":"Av. Deniz Can K\u0131z\u0131l","url":"https:\/\/denizcankizil.tr\/de\/","logo":{"@type":"ImageObject","inLanguage":"en-GB","@id":"https:\/\/denizcankizil.tr\/de\/#\/schema\/logo\/image\/","url":"http:\/\/denizcankizil.tr\/wp-content\/uploads\/2024\/10\/siyah-logo-svg.svg","contentUrl":"http:\/\/denizcankizil.tr\/wp-content\/uploads\/2024\/10\/siyah-logo-svg.svg","width":1080,"height":1080,"caption":"Av. Deniz Can K\u0131z\u0131l"},"image":{"@id":"https:\/\/denizcankizil.tr\/de\/#\/schema\/logo\/image\/"}},{"@type":"Person","@id":"https:\/\/denizcankizil.tr\/de\/#\/schema\/person\/e1eb71bb4dd684d46563f0af307e1234","name":"Antalya K\u00f6rfez","image":{"@type":"ImageObject","inLanguage":"en-GB","@id":"https:\/\/denizcankizil.tr\/de\/#\/schema\/person\/image\/","url":"https:\/\/secure.gravatar.com\/avatar\/42b01982558a48a0b501fdcab6a408d3717ea5919095ee2e67b0e521799c5905?s=96&d=mm&r=g","contentUrl":"https:\/\/secure.gravatar.com\/avatar\/42b01982558a48a0b501fdcab6a408d3717ea5919095ee2e67b0e521799c5905?s=96&d=mm&r=g","caption":"Antalya K\u00f6rfez"},"sameAs":["http:\/\/www.antalyakorfez.com"],"url":"https:\/\/www.antalyakorfez.com\/muglada-boga-eglencesi-faciasi"}]}},"_links":{"self":[{"href":"http:\/\/denizcankizil.tr\/en\/wp-json\/wp\/v2\/posts\/123326","targetHints":{"allow":["GET"]}}],"collection":[{"href":"http:\/\/denizcankizil.tr\/en\/wp-json\/wp\/v2\/posts"}],"about":[{"href":"http:\/\/denizcankizil.tr\/en\/wp-json\/wp\/v2\/types\/post"}],"author":[{"embeddable":true,"href":"http:\/\/denizcankizil.tr\/en\/wp-json\/wp\/v2\/users\/5"}],"replies":[{"embeddable":true,"href":"http:\/\/denizcankizil.tr\/en\/wp-json\/wp\/v2\/comments?post=123326"}],"version-history":[{"count":0,"href":"http:\/\/denizcankizil.tr\/en\/wp-json\/wp\/v2\/posts\/123326\/revisions"}],"wp:attachment":[{"href":"http:\/\/denizcankizil.tr\/en\/wp-json\/wp\/v2\/media?parent=123326"}],"wp:term":[{"taxonomy":"category","embeddable":true,"href":"http:\/\/denizcankizil.tr\/en\/wp-json\/wp\/v2\/categories?post=123326"},{"taxonomy":"post_tag","embeddable":true,"href":"http:\/\/denizcankizil.tr\/en\/wp-json\/wp\/v2\/tags?post=123326"}],"curies":[{"name":"wp","href":"https:\/\/api.w.org\/{rel}","templated":true}]}}