{"id":12283,"date":"2024-11-03T21:41:41","date_gmt":"2024-11-03T18:41:41","guid":{"rendered":"https:\/\/denizcankizil.tr\/uncategorized-tr\/corumda-dogal-gaz-patlamasi-olu-ve-yaralilar-var\/"},"modified":"2024-11-03T21:41:41","modified_gmt":"2024-11-03T18:41:41","slug":"corumda-dogal-gaz-patlamasi-olu-ve-yaralilar-var","status":"publish","type":"post","link":"http:\/\/denizcankizil.tr\/en\/haberler\/gundem\/corumda-dogal-gaz-patlamasi-olu-ve-yaralilar-var\/","title":{"rendered":"\u00c7orum&#8217;da do\u011fal gaz patlamas\u0131! \u00d6l\u00fc ve yaral\u0131lar var!"},"content":{"rendered":"<p>\u00c7orum\u2019da meydana gelen patlama sonras\u0131 b\u00f6lgeye \u00e7ok say\u0131da ekip sevk edildi. Patlamada ilk belirlemelere g\u00f6re 1 ki\u015fi \u00f6ld\u00fc, 16 ki\u015fi yaraland\u0131.\u00c7ORUM (\u0130GFA) &#8211; \u00c7orum merkezinde Yaz\u0131 \u00c7ar\u015f\u0131&#8217;daki bir binada patlama meydana geldi. \u015eiddetli patlamada binan\u0131n 2 ve 3. katlar\u0131 b\u00fcy\u00fck hasar ald\u0131.<br \/>\nPatlaman\u0131n sebebi ara\u015ft\u0131r\u0131l\u0131yor.<br \/>\n\u00c7orum&#8217;dan ATV B\u00f6lge M\u00fcd\u00fcr\u00fc Mehmet Ge\u00e7gel&#8217;in sosyal medya hesab\u0131ndan payla\u015ft\u0131\u011f\u0131 habere g\u00f6re, \u00c7orum&#8217;daki patlaman\u0131n do\u011fal gaz kaynakl\u0131 oldu\u011fu de\u011ferlendiriliyor.<\/p>\n<p>https:\/\/twitter.com\/mehmetgecgell\/status\/1853046144273613076<\/p>\n<p>\u200b\u00c7orum\u2019da meydana gelen patlama sonras\u0131 b\u00f6lgeye \u00e7ok say\u0131da ekip sevk edildi  Patlamada ilk belirlemelere g\u00f6re 1 ki\u015fi \u00f6ld\u00fc, 16 ki\u015fi yaraland\u0131\u00a0<\/p>\n<p>\u200bHaberin Al\u0131nt\u0131land\u0131\u011f\u0131 Kaynak: www.iskenderun.org<\/p>","protected":false},"excerpt":{"rendered":"<p>\u00c7orum\u2019da meydana gelen patlama sonras\u0131 b\u00f6lgeye \u00e7ok say\u0131da ekip sevk edildi. Patlamada ilk belirlemelere g\u00f6re 1 ki\u015fi \u00f6ld\u00fc, 16 ki\u015fi yaraland\u0131.\u00c7ORUM (\u0130GFA) &#8211; \u00c7orum merkezinde Yaz\u0131 \u00c7ar\u015f\u0131&#8217;daki bir binada patlama meydana geldi. \u015eiddetli patlamada binan\u0131n 2 ve 3. katlar\u0131 b\u00fcy\u00fck hasar ald\u0131. Patlaman\u0131n sebebi ara\u015ft\u0131r\u0131l\u0131yor. \u00c7orum&#8217;dan ATV B\u00f6lge M\u00fcd\u00fcr\u00fc Mehmet Ge\u00e7gel&#8217;in sosyal medya hesab\u0131ndan payla\u015ft\u0131\u011f\u0131 habere g\u00f6re, \u00c7orum&#8217;daki patlaman\u0131n do\u011fal gaz kaynakl\u0131 oldu\u011fu de\u011ferlendiriliyor. https:\/\/twitter.com\/mehmetgecgell\/status\/1853046144273613076 \u200b\u00c7orum\u2019da meydana gelen patlama sonras\u0131 b\u00f6lgeye \u00e7ok say\u0131da ekip sevk edildi Patlamada ilk belirlemelere g\u00f6re 1 ki\u015fi \u00f6ld\u00fc, 16 ki\u015fi yaraland\u0131\u00a0 \u200bHaberin Al\u0131nt\u0131land\u0131\u011f\u0131 Kaynak: www.iskenderun.org<\/p>","protected":false},"author":0,"featured_media":0,"comment_status":"open","ping_status":"open","sticky":false,"template":"","format":"standard","meta":{"_acf_changed":false,"footnotes":""},"categories":[24,535],"tags":[],"class_list":["post-12283","post","type-post","status-publish","format-standard","has-post-thumbnail","hentry","category-gundem","category-uncategorized-tr"],"acf":[],"yoast_head":"<!-- This site is optimized with the Yoast SEO Premium plugin v26.6 (Yoast SEO v27.1.1) - https:\/\/yoast.com\/product\/yoast-seo-premium-wordpress\/ -->\n<title>\u00c7orum&#039;da do\u011fal gaz patlamas\u0131! \u00d6l\u00fc ve yaral\u0131lar var! - Av. Deniz Can K\u0131z\u0131l<\/title>\n<meta name=\"robots\" content=\"index, follow, max-snippet:-1, max-image-preview:large, max-video-preview:-1\" \/>\n<link rel=\"canonical\" href=\"http:\/\/denizcankizil.tr\/en\/haberler\/gundem\/corumda-dogal-gaz-patlamasi-olu-ve-yaralilar-var\/\" \/>\n<meta property=\"og:locale\" content=\"en_GB\" \/>\n<meta property=\"og:type\" content=\"article\" \/>\n<meta property=\"og:title\" content=\"\u00c7orum&#039;da do\u011fal gaz patlamas\u0131! \u00d6l\u00fc ve yaral\u0131lar var!\" \/>\n<meta property=\"og:description\" content=\"\u00c7orum\u2019da meydana gelen patlama sonras\u0131 b\u00f6lgeye \u00e7ok say\u0131da ekip sevk edildi. Patlamada ilk belirlemelere g\u00f6re 1 ki\u015fi \u00f6ld\u00fc, 16 ki\u015fi yaraland\u0131.\u00c7ORUM (\u0130GFA) &#8211; \u00c7orum merkezinde Yaz\u0131 \u00c7ar\u015f\u0131&#8217;daki bir binada patlama meydana geldi. \u015eiddetli patlamada binan\u0131n 2 ve 3. katlar\u0131 b\u00fcy\u00fck hasar ald\u0131. Patlaman\u0131n sebebi ara\u015ft\u0131r\u0131l\u0131yor. \u00c7orum&#8217;dan ATV B\u00f6lge M\u00fcd\u00fcr\u00fc Mehmet Ge\u00e7gel&#8217;in sosyal medya hesab\u0131ndan payla\u015ft\u0131\u011f\u0131 habere g\u00f6re, \u00c7orum&#8217;daki patlaman\u0131n do\u011fal gaz kaynakl\u0131 oldu\u011fu de\u011ferlendiriliyor. https:\/\/twitter.com\/mehmetgecgell\/status\/1853046144273613076 \u200b\u00c7orum\u2019da meydana gelen patlama sonras\u0131 b\u00f6lgeye \u00e7ok say\u0131da ekip sevk edildi Patlamada ilk belirlemelere g\u00f6re 1 ki\u015fi \u00f6ld\u00fc, 16 ki\u015fi yaraland\u0131\u00a0 \u200bHaberin Al\u0131nt\u0131land\u0131\u011f\u0131 Kaynak: www.iskenderun.org\" \/>\n<meta property=\"og:url\" content=\"http:\/\/denizcankizil.tr\/en\/haberler\/gundem\/corumda-dogal-gaz-patlamasi-olu-ve-yaralilar-var\/\" \/>\n<meta property=\"og:site_name\" content=\"Av. Deniz Can K\u0131z\u0131l\" \/>\n<meta property=\"article:published_time\" content=\"2024-11-03T18:41:41+00:00\" \/>\n<meta name=\"twitter:card\" content=\"summary_large_image\" \/>\n<meta name=\"twitter:label1\" content=\"Estimated reading time\" \/>\n\t<meta name=\"twitter:data1\" content=\"1 minute\" \/>\n<script type=\"application\/ld+json\" class=\"yoast-schema-graph\">{\"@context\":\"https:\/\/schema.org\",\"@graph\":[{\"@type\":\"Article\",\"@id\":\"http:\/\/denizcankizil.tr\/ru\/haberler\/gundem\/corumda-dogal-gaz-patlamasi-olu-ve-yaralilar-var\/#article\",\"isPartOf\":{\"@id\":\"http:\/\/denizcankizil.tr\/ru\/haberler\/gundem\/corumda-dogal-gaz-patlamasi-olu-ve-yaralilar-var\/\"},\"author\":{\"name\":\"\",\"@id\":\"\"},\"headline\":\"\u00c7orum&#8217;da do\u011fal gaz patlamas\u0131! \u00d6l\u00fc ve yaral\u0131lar var!\",\"datePublished\":\"2024-11-03T18:41:41+00:00\",\"mainEntityOfPage\":{\"@id\":\"http:\/\/denizcankizil.tr\/ru\/haberler\/gundem\/corumda-dogal-gaz-patlamasi-olu-ve-yaralilar-var\/\"},\"wordCount\":139,\"commentCount\":0,\"publisher\":{\"@id\":\"https:\/\/denizcankizil.tr\/de\/#organization\"},\"articleSection\":[\"G\u00fcndem\",\"Uncategorized\"],\"inLanguage\":\"en-GB\",\"potentialAction\":[{\"@type\":\"CommentAction\",\"name\":\"Comment\",\"target\":[\"http:\/\/denizcankizil.tr\/ru\/haberler\/gundem\/corumda-dogal-gaz-patlamasi-olu-ve-yaralilar-var\/#respond\"]}]},{\"@type\":\"WebPage\",\"@id\":\"http:\/\/denizcankizil.tr\/ru\/haberler\/gundem\/corumda-dogal-gaz-patlamasi-olu-ve-yaralilar-var\/\",\"url\":\"http:\/\/denizcankizil.tr\/ru\/haberler\/gundem\/corumda-dogal-gaz-patlamasi-olu-ve-yaralilar-var\/\",\"name\":\"\u00c7orum'da do\u011fal gaz patlamas\u0131! \u00d6l\u00fc ve yaral\u0131lar var! - Av. Deniz Can K\u0131z\u0131l\",\"isPartOf\":{\"@id\":\"https:\/\/denizcankizil.tr\/de\/#website\"},\"datePublished\":\"2024-11-03T18:41:41+00:00\",\"breadcrumb\":{\"@id\":\"http:\/\/denizcankizil.tr\/ru\/haberler\/gundem\/corumda-dogal-gaz-patlamasi-olu-ve-yaralilar-var\/#breadcrumb\"},\"inLanguage\":\"en-GB\",\"potentialAction\":[{\"@type\":\"ReadAction\",\"target\":[\"http:\/\/denizcankizil.tr\/ru\/haberler\/gundem\/corumda-dogal-gaz-patlamasi-olu-ve-yaralilar-var\/\"]}]},{\"@type\":\"BreadcrumbList\",\"@id\":\"http:\/\/denizcankizil.tr\/ru\/haberler\/gundem\/corumda-dogal-gaz-patlamasi-olu-ve-yaralilar-var\/#breadcrumb\",\"itemListElement\":[{\"@type\":\"ListItem\",\"position\":1,\"name\":\"Home\",\"item\":\"https:\/\/denizcankizil.tr\/de\/\"},{\"@type\":\"ListItem\",\"position\":2,\"name\":\"\u00c7orum&#8217;da do\u011fal gaz patlamas\u0131! \u00d6l\u00fc ve yaral\u0131lar var!\"}]},{\"@type\":\"WebSite\",\"@id\":\"https:\/\/denizcankizil.tr\/de\/#website\",\"url\":\"https:\/\/denizcankizil.tr\/de\/\",\"name\":\"Av. Deniz Can K\u0131z\u0131l\",\"description\":\"Avukat Deniz Can K\u0131z\u0131l Antalya Barosu\",\"publisher\":{\"@id\":\"https:\/\/denizcankizil.tr\/de\/#organization\"},\"potentialAction\":[{\"@type\":\"SearchAction\",\"target\":{\"@type\":\"EntryPoint\",\"urlTemplate\":\"https:\/\/denizcankizil.tr\/de\/?s={search_term_string}\"},\"query-input\":{\"@type\":\"PropertyValueSpecification\",\"valueRequired\":true,\"valueName\":\"search_term_string\"}}],\"inLanguage\":\"en-GB\"},{\"@type\":\"Organization\",\"@id\":\"https:\/\/denizcankizil.tr\/de\/#organization\",\"name\":\"Av. Deniz Can K\u0131z\u0131l\",\"url\":\"https:\/\/denizcankizil.tr\/de\/\",\"logo\":{\"@type\":\"ImageObject\",\"inLanguage\":\"en-GB\",\"@id\":\"https:\/\/denizcankizil.tr\/de\/#\/schema\/logo\/image\/\",\"url\":\"http:\/\/denizcankizil.tr\/wp-content\/uploads\/2024\/10\/siyah-logo-svg.svg\",\"contentUrl\":\"http:\/\/denizcankizil.tr\/wp-content\/uploads\/2024\/10\/siyah-logo-svg.svg\",\"width\":1080,\"height\":1080,\"caption\":\"Av. Deniz Can K\u0131z\u0131l\"},\"image\":{\"@id\":\"https:\/\/denizcankizil.tr\/de\/#\/schema\/logo\/image\/\"}}]}<\/script>\n<!-- \/ Yoast SEO Premium plugin. -->","yoast_head_json":{"title":"\u00c7orum'da do\u011fal gaz patlamas\u0131! \u00d6l\u00fc ve yaral\u0131lar var! - Av. Deniz Can K\u0131z\u0131l","robots":{"index":"index","follow":"follow","max-snippet":"max-snippet:-1","max-image-preview":"max-image-preview:large","max-video-preview":"max-video-preview:-1"},"canonical":"http:\/\/denizcankizil.tr\/en\/haberler\/gundem\/corumda-dogal-gaz-patlamasi-olu-ve-yaralilar-var\/","og_locale":"en_GB","og_type":"article","og_title":"\u00c7orum'da do\u011fal gaz patlamas\u0131! \u00d6l\u00fc ve yaral\u0131lar var!","og_description":"\u00c7orum\u2019da meydana gelen patlama sonras\u0131 b\u00f6lgeye \u00e7ok say\u0131da ekip sevk edildi. Patlamada ilk belirlemelere g\u00f6re 1 ki\u015fi \u00f6ld\u00fc, 16 ki\u015fi yaraland\u0131.\u00c7ORUM (\u0130GFA) &#8211; \u00c7orum merkezinde Yaz\u0131 \u00c7ar\u015f\u0131&#8217;daki bir binada patlama meydana geldi. \u015eiddetli patlamada binan\u0131n 2 ve 3. katlar\u0131 b\u00fcy\u00fck hasar ald\u0131. Patlaman\u0131n sebebi ara\u015ft\u0131r\u0131l\u0131yor. \u00c7orum&#8217;dan ATV B\u00f6lge M\u00fcd\u00fcr\u00fc Mehmet Ge\u00e7gel&#8217;in sosyal medya hesab\u0131ndan payla\u015ft\u0131\u011f\u0131 habere g\u00f6re, \u00c7orum&#8217;daki patlaman\u0131n do\u011fal gaz kaynakl\u0131 oldu\u011fu de\u011ferlendiriliyor. https:\/\/twitter.com\/mehmetgecgell\/status\/1853046144273613076 \u200b\u00c7orum\u2019da meydana gelen patlama sonras\u0131 b\u00f6lgeye \u00e7ok say\u0131da ekip sevk edildi Patlamada ilk belirlemelere g\u00f6re 1 ki\u015fi \u00f6ld\u00fc, 16 ki\u015fi yaraland\u0131\u00a0 \u200bHaberin Al\u0131nt\u0131land\u0131\u011f\u0131 Kaynak: www.iskenderun.org","og_url":"http:\/\/denizcankizil.tr\/en\/haberler\/gundem\/corumda-dogal-gaz-patlamasi-olu-ve-yaralilar-var\/","og_site_name":"Av. Deniz Can K\u0131z\u0131l","article_published_time":"2024-11-03T18:41:41+00:00","twitter_card":"summary_large_image","twitter_misc":{"Estimated reading time":"1 minute"},"schema":{"@context":"https:\/\/schema.org","@graph":[{"@type":"Article","@id":"http:\/\/denizcankizil.tr\/ru\/haberler\/gundem\/corumda-dogal-gaz-patlamasi-olu-ve-yaralilar-var\/#article","isPartOf":{"@id":"http:\/\/denizcankizil.tr\/ru\/haberler\/gundem\/corumda-dogal-gaz-patlamasi-olu-ve-yaralilar-var\/"},"author":{"name":"","@id":""},"headline":"\u00c7orum&#8217;da do\u011fal gaz patlamas\u0131! \u00d6l\u00fc ve yaral\u0131lar var!","datePublished":"2024-11-03T18:41:41+00:00","mainEntityOfPage":{"@id":"http:\/\/denizcankizil.tr\/ru\/haberler\/gundem\/corumda-dogal-gaz-patlamasi-olu-ve-yaralilar-var\/"},"wordCount":139,"commentCount":0,"publisher":{"@id":"https:\/\/denizcankizil.tr\/de\/#organization"},"articleSection":["G\u00fcndem","Uncategorized"],"inLanguage":"en-GB","potentialAction":[{"@type":"CommentAction","name":"Comment","target":["http:\/\/denizcankizil.tr\/ru\/haberler\/gundem\/corumda-dogal-gaz-patlamasi-olu-ve-yaralilar-var\/#respond"]}]},{"@type":"WebPage","@id":"http:\/\/denizcankizil.tr\/ru\/haberler\/gundem\/corumda-dogal-gaz-patlamasi-olu-ve-yaralilar-var\/","url":"http:\/\/denizcankizil.tr\/ru\/haberler\/gundem\/corumda-dogal-gaz-patlamasi-olu-ve-yaralilar-var\/","name":"\u00c7orum'da do\u011fal gaz patlamas\u0131! \u00d6l\u00fc ve yaral\u0131lar var! - Av. Deniz Can K\u0131z\u0131l","isPartOf":{"@id":"https:\/\/denizcankizil.tr\/de\/#website"},"datePublished":"2024-11-03T18:41:41+00:00","breadcrumb":{"@id":"http:\/\/denizcankizil.tr\/ru\/haberler\/gundem\/corumda-dogal-gaz-patlamasi-olu-ve-yaralilar-var\/#breadcrumb"},"inLanguage":"en-GB","potentialAction":[{"@type":"ReadAction","target":["http:\/\/denizcankizil.tr\/ru\/haberler\/gundem\/corumda-dogal-gaz-patlamasi-olu-ve-yaralilar-var\/"]}]},{"@type":"BreadcrumbList","@id":"http:\/\/denizcankizil.tr\/ru\/haberler\/gundem\/corumda-dogal-gaz-patlamasi-olu-ve-yaralilar-var\/#breadcrumb","itemListElement":[{"@type":"ListItem","position":1,"name":"Home","item":"https:\/\/denizcankizil.tr\/de\/"},{"@type":"ListItem","position":2,"name":"\u00c7orum&#8217;da do\u011fal gaz patlamas\u0131! \u00d6l\u00fc ve yaral\u0131lar var!"}]},{"@type":"WebSite","@id":"https:\/\/denizcankizil.tr\/de\/#website","url":"https:\/\/denizcankizil.tr\/de\/","name":"Av. Deniz Can K\u0131z\u0131l","description":"Avukat Deniz Can K\u0131z\u0131l Antalya Barosu","publisher":{"@id":"https:\/\/denizcankizil.tr\/de\/#organization"},"potentialAction":[{"@type":"SearchAction","target":{"@type":"EntryPoint","urlTemplate":"https:\/\/denizcankizil.tr\/de\/?s={search_term_string}"},"query-input":{"@type":"PropertyValueSpecification","valueRequired":true,"valueName":"search_term_string"}}],"inLanguage":"en-GB"},{"@type":"Organization","@id":"https:\/\/denizcankizil.tr\/de\/#organization","name":"Av. Deniz Can K\u0131z\u0131l","url":"https:\/\/denizcankizil.tr\/de\/","logo":{"@type":"ImageObject","inLanguage":"en-GB","@id":"https:\/\/denizcankizil.tr\/de\/#\/schema\/logo\/image\/","url":"http:\/\/denizcankizil.tr\/wp-content\/uploads\/2024\/10\/siyah-logo-svg.svg","contentUrl":"http:\/\/denizcankizil.tr\/wp-content\/uploads\/2024\/10\/siyah-logo-svg.svg","width":1080,"height":1080,"caption":"Av. Deniz Can K\u0131z\u0131l"},"image":{"@id":"https:\/\/denizcankizil.tr\/de\/#\/schema\/logo\/image\/"}}]}},"_links":{"self":[{"href":"http:\/\/denizcankizil.tr\/en\/wp-json\/wp\/v2\/posts\/12283","targetHints":{"allow":["GET"]}}],"collection":[{"href":"http:\/\/denizcankizil.tr\/en\/wp-json\/wp\/v2\/posts"}],"about":[{"href":"http:\/\/denizcankizil.tr\/en\/wp-json\/wp\/v2\/types\/post"}],"replies":[{"embeddable":true,"href":"http:\/\/denizcankizil.tr\/en\/wp-json\/wp\/v2\/comments?post=12283"}],"version-history":[{"count":0,"href":"http:\/\/denizcankizil.tr\/en\/wp-json\/wp\/v2\/posts\/12283\/revisions"}],"wp:attachment":[{"href":"http:\/\/denizcankizil.tr\/en\/wp-json\/wp\/v2\/media?parent=12283"}],"wp:term":[{"taxonomy":"category","embeddable":true,"href":"http:\/\/denizcankizil.tr\/en\/wp-json\/wp\/v2\/categories?post=12283"},{"taxonomy":"post_tag","embeddable":true,"href":"http:\/\/denizcankizil.tr\/en\/wp-json\/wp\/v2\/tags?post=12283"}],"curies":[{"name":"wp","href":"https:\/\/api.w.org\/{rel}","templated":true}]}}