{"id":122082,"date":"2025-06-21T10:42:41","date_gmt":"2025-06-21T07:42:41","guid":{"rendered":"https:\/\/denizcankizil.tr\/uncategorized-tr\/baskan-buyukakindan-yksye-girecek-ogrencilere-basari-mesaji\/"},"modified":"2025-06-21T10:42:41","modified_gmt":"2025-06-21T07:42:41","slug":"baskan-buyukakindan-yksye-girecek-ogrencilere-basari-mesaji","status":"publish","type":"post","link":"http:\/\/denizcankizil.tr\/en\/haberler\/gundem\/baskan-buyukakindan-yksye-girecek-ogrencilere-basari-mesaji\/","title":{"rendered":"Ba\u015fkan B\u00fcy\u00fckak\u0131n&#8217;dan YKS&#8217;ye girecek \u00f6\u011frencilere ba\u015far\u0131 mesaj\u0131"},"content":{"rendered":"<p>Kocaeli B\u00fcy\u00fck\u015fehir Belediye Ba\u015fkan\u0131 Do\u00e7.Dr.Tahir B\u00fcy\u00fckak\u0131n, hafta sonu ger\u00e7ekle\u015ftirilecek Y\u00fcksek\u00f6\u011fretim Kurumlar\u0131 S\u0131nav\u0131 (YKS) nedeniyle bir mesaj yay\u0131mlayarak s\u0131nava girecek t\u00fcm \u00f6\u011frencilere ba\u015far\u0131lar diledi.<\/p>\n<p>\u200bKocaeli B\u00fcy\u00fck\u015fehir Belediye Ba\u015fkan\u0131 Do\u00e7.Dr.Tahir B\u00fcy\u00fckak\u0131n, hafta sonu ger\u00e7ekle\u015ftirilecek Y\u00fcksek\u00f6\u011fretim Kurumlar\u0131 S\u0131nav\u0131 (YKS) nedeniyle bir mesaj yay\u0131mlayarak s\u0131nava girecek t\u00fcm \u00f6\u011frencilere ba\u015far\u0131lar diledi.\u00a0<\/p>\n<p>\u200bHaberin Al\u0131nt\u0131land\u0131\u011f\u0131 Kaynak: www.iskenderun.org<\/p>","protected":false},"excerpt":{"rendered":"<p>Kocaeli B\u00fcy\u00fck\u015fehir Belediye Ba\u015fkan\u0131 Do\u00e7.Dr.Tahir B\u00fcy\u00fckak\u0131n, hafta sonu ger\u00e7ekle\u015ftirilecek Y\u00fcksek\u00f6\u011fretim Kurumlar\u0131 S\u0131nav\u0131 (YKS) nedeniyle bir mesaj yay\u0131mlayarak s\u0131nava girecek t\u00fcm \u00f6\u011frencilere ba\u015far\u0131lar diledi. \u200bKocaeli B\u00fcy\u00fck\u015fehir Belediye Ba\u015fkan\u0131 Do\u00e7.Dr.Tahir B\u00fcy\u00fckak\u0131n, hafta sonu ger\u00e7ekle\u015ftirilecek Y\u00fcksek\u00f6\u011fretim Kurumlar\u0131 S\u0131nav\u0131 (YKS) nedeniyle bir mesaj yay\u0131mlayarak s\u0131nava girecek t\u00fcm \u00f6\u011frencilere ba\u015far\u0131lar diledi.\u00a0 \u200bHaberin Al\u0131nt\u0131land\u0131\u011f\u0131 Kaynak: www.iskenderun.org<\/p>","protected":false},"author":1,"featured_media":0,"comment_status":"","ping_status":"open","sticky":false,"template":"","format":"standard","meta":{"_acf_changed":false,"footnotes":""},"categories":[24],"tags":[],"class_list":["post-122082","post","type-post","status-publish","format-standard","has-post-thumbnail","hentry","category-gundem"],"acf":[],"yoast_head":"<!-- This site is optimized with the Yoast SEO Premium plugin v26.6 (Yoast SEO v27.1.1) - https:\/\/yoast.com\/product\/yoast-seo-premium-wordpress\/ -->\n<title>Ba\u015fkan B\u00fcy\u00fckak\u0131n&#039;dan YKS&#039;ye girecek \u00f6\u011frencilere ba\u015far\u0131 mesaj\u0131 - Av. Deniz Can K\u0131z\u0131l<\/title>\n<meta name=\"robots\" content=\"index, follow, max-snippet:-1, max-image-preview:large, max-video-preview:-1\" \/>\n<link rel=\"canonical\" href=\"https:\/\/denizcankizil.tr\/en\/haberler\/gundem\/baskan-buyukakindan-yksye-girecek-ogrencilere-basari-mesaji\/\" \/>\n<meta property=\"og:locale\" content=\"en_GB\" \/>\n<meta property=\"og:type\" content=\"article\" \/>\n<meta property=\"og:title\" content=\"Ba\u015fkan B\u00fcy\u00fckak\u0131n&#039;dan YKS&#039;ye girecek \u00f6\u011frencilere ba\u015far\u0131 mesaj\u0131\" \/>\n<meta property=\"og:description\" content=\"Kocaeli B\u00fcy\u00fck\u015fehir Belediye Ba\u015fkan\u0131 Do\u00e7.Dr.Tahir B\u00fcy\u00fckak\u0131n, hafta sonu ger\u00e7ekle\u015ftirilecek Y\u00fcksek\u00f6\u011fretim Kurumlar\u0131 S\u0131nav\u0131 (YKS) nedeniyle bir mesaj yay\u0131mlayarak s\u0131nava girecek t\u00fcm \u00f6\u011frencilere ba\u015far\u0131lar diledi. \u200bKocaeli B\u00fcy\u00fck\u015fehir Belediye Ba\u015fkan\u0131 Do\u00e7.Dr.Tahir B\u00fcy\u00fckak\u0131n, hafta sonu ger\u00e7ekle\u015ftirilecek Y\u00fcksek\u00f6\u011fretim Kurumlar\u0131 S\u0131nav\u0131 (YKS) nedeniyle bir mesaj yay\u0131mlayarak s\u0131nava girecek t\u00fcm \u00f6\u011frencilere ba\u015far\u0131lar diledi.\u00a0 \u200bHaberin Al\u0131nt\u0131land\u0131\u011f\u0131 Kaynak: www.iskenderun.org\" \/>\n<meta property=\"og:url\" content=\"https:\/\/denizcankizil.tr\/en\/haberler\/gundem\/baskan-buyukakindan-yksye-girecek-ogrencilere-basari-mesaji\/\" \/>\n<meta property=\"og:site_name\" content=\"Av. Deniz Can K\u0131z\u0131l\" \/>\n<meta property=\"article:published_time\" content=\"2025-06-21T07:42:41+00:00\" \/>\n<meta name=\"author\" content=\"admin\" \/>\n<meta name=\"twitter:card\" content=\"summary_large_image\" \/>\n<meta name=\"twitter:label1\" content=\"Written by\" \/>\n\t<meta name=\"twitter:data1\" content=\"admin\" \/>\n<script type=\"application\/ld+json\" class=\"yoast-schema-graph\">{\"@context\":\"https:\/\/schema.org\",\"@graph\":[{\"@type\":\"Article\",\"@id\":\"https:\/\/denizcankizil.tr\/de\/haberler\/gundem\/baskan-buyukakindan-yksye-girecek-ogrencilere-basari-mesaji\/#article\",\"isPartOf\":{\"@id\":\"https:\/\/denizcankizil.tr\/de\/haberler\/gundem\/baskan-buyukakindan-yksye-girecek-ogrencilere-basari-mesaji\/\"},\"author\":{\"name\":\"admin\",\"@id\":\"https:\/\/denizcankizil.tr\/de\/#\/schema\/person\/be3c05fe6a12686905512445d8185489\"},\"headline\":\"Ba\u015fkan B\u00fcy\u00fckak\u0131n&#8217;dan YKS&#8217;ye girecek \u00f6\u011frencilere ba\u015far\u0131 mesaj\u0131\",\"datePublished\":\"2025-06-21T07:42:41+00:00\",\"mainEntityOfPage\":{\"@id\":\"https:\/\/denizcankizil.tr\/de\/haberler\/gundem\/baskan-buyukakindan-yksye-girecek-ogrencilere-basari-mesaji\/\"},\"wordCount\":106,\"publisher\":{\"@id\":\"https:\/\/denizcankizil.tr\/de\/#organization\"},\"articleSection\":[\"G\u00fcndem\"],\"inLanguage\":\"en-GB\"},{\"@type\":\"WebPage\",\"@id\":\"https:\/\/denizcankizil.tr\/de\/haberler\/gundem\/baskan-buyukakindan-yksye-girecek-ogrencilere-basari-mesaji\/\",\"url\":\"https:\/\/denizcankizil.tr\/de\/haberler\/gundem\/baskan-buyukakindan-yksye-girecek-ogrencilere-basari-mesaji\/\",\"name\":\"Ba\u015fkan B\u00fcy\u00fckak\u0131n'dan YKS'ye girecek \u00f6\u011frencilere ba\u015far\u0131 mesaj\u0131 - Av. Deniz Can K\u0131z\u0131l\",\"isPartOf\":{\"@id\":\"https:\/\/denizcankizil.tr\/de\/#website\"},\"datePublished\":\"2025-06-21T07:42:41+00:00\",\"breadcrumb\":{\"@id\":\"https:\/\/denizcankizil.tr\/de\/haberler\/gundem\/baskan-buyukakindan-yksye-girecek-ogrencilere-basari-mesaji\/#breadcrumb\"},\"inLanguage\":\"en-GB\",\"potentialAction\":[{\"@type\":\"ReadAction\",\"target\":[\"https:\/\/denizcankizil.tr\/de\/haberler\/gundem\/baskan-buyukakindan-yksye-girecek-ogrencilere-basari-mesaji\/\"]}]},{\"@type\":\"BreadcrumbList\",\"@id\":\"https:\/\/denizcankizil.tr\/de\/haberler\/gundem\/baskan-buyukakindan-yksye-girecek-ogrencilere-basari-mesaji\/#breadcrumb\",\"itemListElement\":[{\"@type\":\"ListItem\",\"position\":1,\"name\":\"Home\",\"item\":\"https:\/\/denizcankizil.tr\/de\/\"},{\"@type\":\"ListItem\",\"position\":2,\"name\":\"Ba\u015fkan B\u00fcy\u00fckak\u0131n&#8217;dan YKS&#8217;ye girecek \u00f6\u011frencilere ba\u015far\u0131 mesaj\u0131\"}]},{\"@type\":\"WebSite\",\"@id\":\"https:\/\/denizcankizil.tr\/de\/#website\",\"url\":\"https:\/\/denizcankizil.tr\/de\/\",\"name\":\"Av. Deniz Can K\u0131z\u0131l\",\"description\":\"Avukat Deniz Can K\u0131z\u0131l Antalya Barosu\",\"publisher\":{\"@id\":\"https:\/\/denizcankizil.tr\/de\/#organization\"},\"potentialAction\":[{\"@type\":\"SearchAction\",\"target\":{\"@type\":\"EntryPoint\",\"urlTemplate\":\"https:\/\/denizcankizil.tr\/de\/?s={search_term_string}\"},\"query-input\":{\"@type\":\"PropertyValueSpecification\",\"valueRequired\":true,\"valueName\":\"search_term_string\"}}],\"inLanguage\":\"en-GB\"},{\"@type\":\"Organization\",\"@id\":\"https:\/\/denizcankizil.tr\/de\/#organization\",\"name\":\"Av. Deniz Can K\u0131z\u0131l\",\"url\":\"https:\/\/denizcankizil.tr\/de\/\",\"logo\":{\"@type\":\"ImageObject\",\"inLanguage\":\"en-GB\",\"@id\":\"https:\/\/denizcankizil.tr\/de\/#\/schema\/logo\/image\/\",\"url\":\"http:\/\/denizcankizil.tr\/wp-content\/uploads\/2024\/10\/siyah-logo-svg.svg\",\"contentUrl\":\"http:\/\/denizcankizil.tr\/wp-content\/uploads\/2024\/10\/siyah-logo-svg.svg\",\"width\":1080,\"height\":1080,\"caption\":\"Av. Deniz Can K\u0131z\u0131l\"},\"image\":{\"@id\":\"https:\/\/denizcankizil.tr\/de\/#\/schema\/logo\/image\/\"}},{\"@type\":\"Person\",\"@id\":\"https:\/\/denizcankizil.tr\/de\/#\/schema\/person\/be3c05fe6a12686905512445d8185489\",\"name\":\"admin\",\"image\":{\"@type\":\"ImageObject\",\"inLanguage\":\"en-GB\",\"@id\":\"https:\/\/denizcankizil.tr\/de\/#\/schema\/person\/image\/\",\"url\":\"https:\/\/secure.gravatar.com\/avatar\/c1fce94c830dc79107e174f890d7210541c4a63e8e5d816341794a2151c9d58c?s=96&d=mm&r=g\",\"contentUrl\":\"https:\/\/secure.gravatar.com\/avatar\/c1fce94c830dc79107e174f890d7210541c4a63e8e5d816341794a2151c9d58c?s=96&d=mm&r=g\",\"caption\":\"admin\"},\"sameAs\":[\"http:\/\/denizcankizil.tr\"],\"url\":\"https:\/\/www.iskenderun.org\/baskan-buyukakindan-yksye-girecek-ogrencilere-basari-mesaji\"}]}<\/script>\n<!-- \/ Yoast SEO Premium plugin. -->","yoast_head_json":{"title":"Ba\u015fkan B\u00fcy\u00fckak\u0131n'dan YKS'ye girecek \u00f6\u011frencilere ba\u015far\u0131 mesaj\u0131 - Av. Deniz Can K\u0131z\u0131l","robots":{"index":"index","follow":"follow","max-snippet":"max-snippet:-1","max-image-preview":"max-image-preview:large","max-video-preview":"max-video-preview:-1"},"canonical":"https:\/\/denizcankizil.tr\/en\/haberler\/gundem\/baskan-buyukakindan-yksye-girecek-ogrencilere-basari-mesaji\/","og_locale":"en_GB","og_type":"article","og_title":"Ba\u015fkan B\u00fcy\u00fckak\u0131n'dan YKS'ye girecek \u00f6\u011frencilere ba\u015far\u0131 mesaj\u0131","og_description":"Kocaeli B\u00fcy\u00fck\u015fehir Belediye Ba\u015fkan\u0131 Do\u00e7.Dr.Tahir B\u00fcy\u00fckak\u0131n, hafta sonu ger\u00e7ekle\u015ftirilecek Y\u00fcksek\u00f6\u011fretim Kurumlar\u0131 S\u0131nav\u0131 (YKS) nedeniyle bir mesaj yay\u0131mlayarak s\u0131nava girecek t\u00fcm \u00f6\u011frencilere ba\u015far\u0131lar diledi. \u200bKocaeli B\u00fcy\u00fck\u015fehir Belediye Ba\u015fkan\u0131 Do\u00e7.Dr.Tahir B\u00fcy\u00fckak\u0131n, hafta sonu ger\u00e7ekle\u015ftirilecek Y\u00fcksek\u00f6\u011fretim Kurumlar\u0131 S\u0131nav\u0131 (YKS) nedeniyle bir mesaj yay\u0131mlayarak s\u0131nava girecek t\u00fcm \u00f6\u011frencilere ba\u015far\u0131lar diledi.\u00a0 \u200bHaberin Al\u0131nt\u0131land\u0131\u011f\u0131 Kaynak: www.iskenderun.org","og_url":"https:\/\/denizcankizil.tr\/en\/haberler\/gundem\/baskan-buyukakindan-yksye-girecek-ogrencilere-basari-mesaji\/","og_site_name":"Av. Deniz Can K\u0131z\u0131l","article_published_time":"2025-06-21T07:42:41+00:00","author":"admin","twitter_card":"summary_large_image","twitter_misc":{"Written by":"admin"},"schema":{"@context":"https:\/\/schema.org","@graph":[{"@type":"Article","@id":"https:\/\/denizcankizil.tr\/de\/haberler\/gundem\/baskan-buyukakindan-yksye-girecek-ogrencilere-basari-mesaji\/#article","isPartOf":{"@id":"https:\/\/denizcankizil.tr\/de\/haberler\/gundem\/baskan-buyukakindan-yksye-girecek-ogrencilere-basari-mesaji\/"},"author":{"name":"admin","@id":"https:\/\/denizcankizil.tr\/de\/#\/schema\/person\/be3c05fe6a12686905512445d8185489"},"headline":"Ba\u015fkan B\u00fcy\u00fckak\u0131n&#8217;dan YKS&#8217;ye girecek \u00f6\u011frencilere ba\u015far\u0131 mesaj\u0131","datePublished":"2025-06-21T07:42:41+00:00","mainEntityOfPage":{"@id":"https:\/\/denizcankizil.tr\/de\/haberler\/gundem\/baskan-buyukakindan-yksye-girecek-ogrencilere-basari-mesaji\/"},"wordCount":106,"publisher":{"@id":"https:\/\/denizcankizil.tr\/de\/#organization"},"articleSection":["G\u00fcndem"],"inLanguage":"en-GB"},{"@type":"WebPage","@id":"https:\/\/denizcankizil.tr\/de\/haberler\/gundem\/baskan-buyukakindan-yksye-girecek-ogrencilere-basari-mesaji\/","url":"https:\/\/denizcankizil.tr\/de\/haberler\/gundem\/baskan-buyukakindan-yksye-girecek-ogrencilere-basari-mesaji\/","name":"Ba\u015fkan B\u00fcy\u00fckak\u0131n'dan YKS'ye girecek \u00f6\u011frencilere ba\u015far\u0131 mesaj\u0131 - Av. Deniz Can K\u0131z\u0131l","isPartOf":{"@id":"https:\/\/denizcankizil.tr\/de\/#website"},"datePublished":"2025-06-21T07:42:41+00:00","breadcrumb":{"@id":"https:\/\/denizcankizil.tr\/de\/haberler\/gundem\/baskan-buyukakindan-yksye-girecek-ogrencilere-basari-mesaji\/#breadcrumb"},"inLanguage":"en-GB","potentialAction":[{"@type":"ReadAction","target":["https:\/\/denizcankizil.tr\/de\/haberler\/gundem\/baskan-buyukakindan-yksye-girecek-ogrencilere-basari-mesaji\/"]}]},{"@type":"BreadcrumbList","@id":"https:\/\/denizcankizil.tr\/de\/haberler\/gundem\/baskan-buyukakindan-yksye-girecek-ogrencilere-basari-mesaji\/#breadcrumb","itemListElement":[{"@type":"ListItem","position":1,"name":"Home","item":"https:\/\/denizcankizil.tr\/de\/"},{"@type":"ListItem","position":2,"name":"Ba\u015fkan B\u00fcy\u00fckak\u0131n&#8217;dan YKS&#8217;ye girecek \u00f6\u011frencilere ba\u015far\u0131 mesaj\u0131"}]},{"@type":"WebSite","@id":"https:\/\/denizcankizil.tr\/de\/#website","url":"https:\/\/denizcankizil.tr\/de\/","name":"Av. Deniz Can K\u0131z\u0131l","description":"Avukat Deniz Can K\u0131z\u0131l Antalya Barosu","publisher":{"@id":"https:\/\/denizcankizil.tr\/de\/#organization"},"potentialAction":[{"@type":"SearchAction","target":{"@type":"EntryPoint","urlTemplate":"https:\/\/denizcankizil.tr\/de\/?s={search_term_string}"},"query-input":{"@type":"PropertyValueSpecification","valueRequired":true,"valueName":"search_term_string"}}],"inLanguage":"en-GB"},{"@type":"Organization","@id":"https:\/\/denizcankizil.tr\/de\/#organization","name":"Av. Deniz Can K\u0131z\u0131l","url":"https:\/\/denizcankizil.tr\/de\/","logo":{"@type":"ImageObject","inLanguage":"en-GB","@id":"https:\/\/denizcankizil.tr\/de\/#\/schema\/logo\/image\/","url":"http:\/\/denizcankizil.tr\/wp-content\/uploads\/2024\/10\/siyah-logo-svg.svg","contentUrl":"http:\/\/denizcankizil.tr\/wp-content\/uploads\/2024\/10\/siyah-logo-svg.svg","width":1080,"height":1080,"caption":"Av. Deniz Can K\u0131z\u0131l"},"image":{"@id":"https:\/\/denizcankizil.tr\/de\/#\/schema\/logo\/image\/"}},{"@type":"Person","@id":"https:\/\/denizcankizil.tr\/de\/#\/schema\/person\/be3c05fe6a12686905512445d8185489","name":"admin","image":{"@type":"ImageObject","inLanguage":"en-GB","@id":"https:\/\/denizcankizil.tr\/de\/#\/schema\/person\/image\/","url":"https:\/\/secure.gravatar.com\/avatar\/c1fce94c830dc79107e174f890d7210541c4a63e8e5d816341794a2151c9d58c?s=96&d=mm&r=g","contentUrl":"https:\/\/secure.gravatar.com\/avatar\/c1fce94c830dc79107e174f890d7210541c4a63e8e5d816341794a2151c9d58c?s=96&d=mm&r=g","caption":"admin"},"sameAs":["http:\/\/denizcankizil.tr"],"url":"https:\/\/www.iskenderun.org\/baskan-buyukakindan-yksye-girecek-ogrencilere-basari-mesaji"}]}},"_links":{"self":[{"href":"http:\/\/denizcankizil.tr\/en\/wp-json\/wp\/v2\/posts\/122082","targetHints":{"allow":["GET"]}}],"collection":[{"href":"http:\/\/denizcankizil.tr\/en\/wp-json\/wp\/v2\/posts"}],"about":[{"href":"http:\/\/denizcankizil.tr\/en\/wp-json\/wp\/v2\/types\/post"}],"author":[{"embeddable":true,"href":"http:\/\/denizcankizil.tr\/en\/wp-json\/wp\/v2\/users\/1"}],"replies":[{"embeddable":true,"href":"http:\/\/denizcankizil.tr\/en\/wp-json\/wp\/v2\/comments?post=122082"}],"version-history":[{"count":0,"href":"http:\/\/denizcankizil.tr\/en\/wp-json\/wp\/v2\/posts\/122082\/revisions"}],"wp:attachment":[{"href":"http:\/\/denizcankizil.tr\/en\/wp-json\/wp\/v2\/media?parent=122082"}],"wp:term":[{"taxonomy":"category","embeddable":true,"href":"http:\/\/denizcankizil.tr\/en\/wp-json\/wp\/v2\/categories?post=122082"},{"taxonomy":"post_tag","embeddable":true,"href":"http:\/\/denizcankizil.tr\/en\/wp-json\/wp\/v2\/tags?post=122082"}],"curies":[{"name":"wp","href":"https:\/\/api.w.org\/{rel}","templated":true}]}}