{"id":121206,"date":"2025-06-20T12:42:32","date_gmt":"2025-06-20T09:42:32","guid":{"rendered":"https:\/\/denizcankizil.tr\/uncategorized-tr\/muglanin-mavi-koylari-8-atik-alim-teknesiyle-korunuyor\/"},"modified":"2025-06-20T12:42:32","modified_gmt":"2025-06-20T09:42:32","slug":"muglanin-mavi-koylari-8-atik-alim-teknesiyle-korunuyor","status":"publish","type":"post","link":"http:\/\/denizcankizil.tr\/en\/haberler\/gundem\/muglanin-mavi-koylari-8-atik-alim-teknesiyle-korunuyor\/","title":{"rendered":"Mu\u011fla\u2019n\u0131n mavi koylar\u0131 8 at\u0131k al\u0131m teknesiyle korunuyor"},"content":{"rendered":"<p>Mu\u011fla B\u00fcy\u00fck\u015fehir Belediyesi, 8 at\u0131k al\u0131m teknesiyle G\u00f6kova K\u00f6rfezi, G\u00f6cek ve Dalaman koylar\u0131nda teknelerden at\u0131k toplayarak denizleri temiz tutuyor.MU\u011eLA (\u0130GFA) &#8211; Mu\u011fla B\u00fcy\u00fck\u015fehir Belediyesi, T\u00fcrkiye\u2019nin en uzun k\u0131y\u0131 \u015feridine sahip ilinde denizlerin korunmas\u0131 i\u00e7in \u00e7al\u0131\u015fmalar\u0131n\u0131 s\u00fcrd\u00fcr\u00fcyor. G\u00f6kova K\u00f6rfezi ile G\u00f6cek-Dalaman koylar\u0131nda 8 at\u0131k al\u0131m teknesiyle teknelerden at\u0131k ya\u011f, sintine, pis su ve kat\u0131 at\u0131k toplayarak \u00e7evre kirlili\u011fini \u00f6nl\u00fcyor.<br \/>\nKaptan Ender H\u00fcrriyeto\u011flu, \u201c\u00c7\u00f6plerimizin toplanmas\u0131 hem bizim i\u00e7in kolayl\u0131k hem de denizlerin korunmas\u0131 i\u00e7in \u00e7ok de\u011ferli. Belediye ekipleri her zaman yan\u0131m\u0131zda\u201d dedi. Yat i\u015fletmecisi Barhan Kaptan ise, \u201cB\u00fcy\u00fck\u015fehir, denizlerimizi koruyor ve turizme destek oluyor. Bu hizmetten \u00e7ok memnunuz\u201d \u015feklinde konu\u015ftu.<\/p>\n<p>13 B\u0130N TEKNEYE H\u0130ZMET, TONLARCA ATIK TOPLANDI<br \/>\n\u00c7evre M\u00fchendisi \u0130kbal \u00d6ren, \u201c2025 yaz sezonuna haz\u0131r\u0131z. Ge\u00e7ti\u011fimiz y\u0131l 13 bine yak\u0131n tekneye hizmet verdik, 7 bin 500 ton pis su, 14 ton sintine, 6 ton at\u0131k ya\u011f ve 650 ton kat\u0131 at\u0131\u011f\u0131 toplad\u0131k. Mavi denizlerimizi korumak i\u00e7in \u00f6zveriyle \u00e7al\u0131\u015f\u0131yoruz\u201d dedi.<\/p>\n<p>BA\u015eKAN ARAS: \u201cGELECEK NES\u0130LLERE TEM\u0130Z DEN\u0130ZLER BIRAKACA\u011eIZ\u201d<br \/>\nMu\u011fla B\u00fcy\u00fck\u015fehir Belediye Ba\u015fkan\u0131 Ahmet Aras, \u201cMu\u011fla\u2019n\u0131n e\u015fsiz koylar\u0131n\u0131 korumak i\u00e7in \u00e7evre dostu ve s\u00fcrd\u00fcr\u00fclebilir projelerle \u00e7al\u0131\u015f\u0131yoruz. 8 at\u0131k al\u0131m teknemizle deniz kirlili\u011fini \u00f6nl\u00fcyoruz. Bu g\u00fczellikleri gelecek nesillere aktarmak g\u00f6revimiz\u201d dedi.<\/p>\n<p>\u200bMu\u011fla B\u00fcy\u00fck\u015fehir Belediyesi, 8 at\u0131k al\u0131m teknesiyle G\u00f6kova K\u00f6rfezi, G\u00f6cek ve Dalaman koylar\u0131nda teknelerden at\u0131k toplayarak denizleri temiz tutuyor.MU\u011eLA (\u0130GFA) &#8211; Mu\u011fla B\u00fcy\u00fck\u015fehir Belediyesi, T\u00fcrkiye\u2019nin en uzun k\u0131y\u0131 \u015feridine sahip ilinde denizlerin korunmas\u0131 i\u00e7in \u00e7al\u0131\u015fmalar\u0131n\u0131 s\u00fcrd\u00fcr\u00fcyor. G\u00f6kova K\u00f6rfezi ile G\u00f6cek-Dalaman koylar\u0131nda 8 at\u0131k al\u0131m teknesiyle teknelerden at\u0131k ya\u011f, sintine, pis su ve kat\u0131 at\u0131k toplayarak \u00e7evre kirlili\u011fini \u00f6nl\u00fcyor.<br \/>\nKaptan Ender H\u00fcrriyeto\u011flu, \u201c\u00c7\u00f6plerimizin toplanmas\u0131 hem bizim i\u00e7in kolayl\u0131k hem de denizlerin korunmas\u0131 i\u00e7in \u00e7ok de\u011ferli. Belediye ekipleri her zaman yan\u0131m\u0131zda\u201d dedi. Yat i\u015fletmecisi Barhan Kaptan ise, \u201cB\u00fcy\u00fck\u015fehir, denizlerimizi koruyor ve turizme destek oluyor. Bu hizmetten \u00e7ok memnunuz\u201d \u015feklinde konu\u015ftu.<\/p>\n<p>13 B\u0130N TEKNEYE H\u0130ZMET, TONLARCA ATIK TOPLANDI<br \/>\n\u00c7evre M\u00fchendisi \u0130kbal \u00d6ren, \u201c2025 yaz sezonuna haz\u0131r\u0131z. Ge\u00e7ti\u011fimiz y\u0131l 13 bine yak\u0131n tekneye hizmet verdik, 7 bin 500 ton pis su, 14 ton sintine, 6 ton at\u0131k ya\u011f ve 650 ton kat\u0131 at\u0131\u011f\u0131 toplad\u0131k. Mavi denizlerimizi korumak i\u00e7in \u00f6zveriyle \u00e7al\u0131\u015f\u0131yoruz\u201d dedi.<\/p>\n<p>BA\u015eKAN ARAS: \u201cGELECEK NES\u0130LLERE TEM\u0130Z DEN\u0130ZLER BIRAKACA\u011eIZ\u201d<br \/>\nMu\u011fla B\u00fcy\u00fck\u015fehir Belediye Ba\u015fkan\u0131 Ahmet Aras, \u201cMu\u011fla\u2019n\u0131n e\u015fsiz koylar\u0131n\u0131 korumak i\u00e7in \u00e7evre dostu ve s\u00fcrd\u00fcr\u00fclebilir projelerle \u00e7al\u0131\u015f\u0131yoruz. 8 at\u0131k al\u0131m teknemizle deniz kirlili\u011fini \u00f6nl\u00fcyoruz. Bu g\u00fczellikleri gelecek nesillere aktarmak g\u00f6revimiz\u201d dedi.\u00a0<\/p>\n<p>\u200bHaberin Al\u0131nt\u0131land\u0131\u011f\u0131 Kaynak: www.iskenderun.org<\/p>","protected":false},"excerpt":{"rendered":"<p>Mu\u011fla B\u00fcy\u00fck\u015fehir Belediyesi, 8 at\u0131k al\u0131m teknesiyle G\u00f6kova K\u00f6rfezi, G\u00f6cek ve Dalaman koylar\u0131nda teknelerden at\u0131k toplayarak denizleri temiz tutuyor.MU\u011eLA (\u0130GFA) &#8211; Mu\u011fla B\u00fcy\u00fck\u015fehir Belediyesi, T\u00fcrkiye\u2019nin en uzun k\u0131y\u0131 \u015feridine sahip ilinde denizlerin korunmas\u0131 i\u00e7in \u00e7al\u0131\u015fmalar\u0131n\u0131 s\u00fcrd\u00fcr\u00fcyor. G\u00f6kova K\u00f6rfezi ile G\u00f6cek-Dalaman koylar\u0131nda 8 at\u0131k al\u0131m teknesiyle teknelerden at\u0131k ya\u011f, sintine, pis su ve kat\u0131 at\u0131k toplayarak \u00e7evre kirlili\u011fini \u00f6nl\u00fcyor. Kaptan Ender H\u00fcrriyeto\u011flu, \u201c\u00c7\u00f6plerimizin toplanmas\u0131 hem bizim i\u00e7in kolayl\u0131k hem de denizlerin korunmas\u0131 i\u00e7in \u00e7ok de\u011ferli. Belediye ekipleri her zaman yan\u0131m\u0131zda\u201d dedi. Yat i\u015fletmecisi Barhan Kaptan ise, \u201cB\u00fcy\u00fck\u015fehir, denizlerimizi koruyor ve turizme destek oluyor. Bu hizmetten \u00e7ok memnunuz\u201d \u015feklinde konu\u015ftu. 13 B\u0130N TEKNEYE H\u0130ZMET, TONLARCA ATIK TOPLANDI \u00c7evre M\u00fchendisi \u0130kbal \u00d6ren, \u201c2025 yaz sezonuna haz\u0131r\u0131z. Ge\u00e7ti\u011fimiz y\u0131l 13 bine yak\u0131n tekneye hizmet verdik, 7 bin 500 ton pis su, 14 ton sintine, 6 ton at\u0131k ya\u011f ve 650 ton kat\u0131 at\u0131\u011f\u0131 toplad\u0131k. Mavi denizlerimizi korumak i\u00e7in \u00f6zveriyle \u00e7al\u0131\u015f\u0131yoruz\u201d dedi. BA\u015eKAN ARAS: \u201cGELECEK NES\u0130LLERE TEM\u0130Z DEN\u0130ZLER BIRAKACA\u011eIZ\u201d Mu\u011fla B\u00fcy\u00fck\u015fehir Belediye Ba\u015fkan\u0131 Ahmet Aras, \u201cMu\u011fla\u2019n\u0131n e\u015fsiz koylar\u0131n\u0131 korumak i\u00e7in \u00e7evre dostu ve s\u00fcrd\u00fcr\u00fclebilir projelerle \u00e7al\u0131\u015f\u0131yoruz. 8 at\u0131k al\u0131m teknemizle deniz kirlili\u011fini \u00f6nl\u00fcyoruz. Bu g\u00fczellikleri gelecek nesillere aktarmak g\u00f6revimiz\u201d dedi. \u200bMu\u011fla B\u00fcy\u00fck\u015fehir Belediyesi, 8 at\u0131k al\u0131m teknesiyle G\u00f6kova K\u00f6rfezi, G\u00f6cek ve Dalaman koylar\u0131nda teknelerden at\u0131k &hellip;<\/p>","protected":false},"author":1,"featured_media":0,"comment_status":"","ping_status":"open","sticky":false,"template":"","format":"standard","meta":{"_acf_changed":false,"footnotes":""},"categories":[24],"tags":[],"class_list":["post-121206","post","type-post","status-publish","format-standard","has-post-thumbnail","hentry","category-gundem"],"acf":[],"yoast_head":"<!-- This site is optimized with the Yoast SEO Premium plugin v26.6 (Yoast SEO v27.1.1) - https:\/\/yoast.com\/product\/yoast-seo-premium-wordpress\/ -->\n<title>Mu\u011fla\u2019n\u0131n mavi koylar\u0131 8 at\u0131k al\u0131m teknesiyle korunuyor - Av. Deniz Can K\u0131z\u0131l<\/title>\n<meta name=\"robots\" content=\"index, follow, max-snippet:-1, max-image-preview:large, max-video-preview:-1\" \/>\n<link rel=\"canonical\" href=\"http:\/\/denizcankizil.tr\/en\/haberler\/gundem\/muglanin-mavi-koylari-8-atik-alim-teknesiyle-korunuyor\/\" \/>\n<meta property=\"og:locale\" content=\"en_GB\" \/>\n<meta property=\"og:type\" content=\"article\" \/>\n<meta property=\"og:title\" content=\"Mu\u011fla\u2019n\u0131n mavi koylar\u0131 8 at\u0131k al\u0131m teknesiyle korunuyor\" \/>\n<meta property=\"og:description\" content=\"Mu\u011fla B\u00fcy\u00fck\u015fehir Belediyesi, 8 at\u0131k al\u0131m teknesiyle G\u00f6kova K\u00f6rfezi, G\u00f6cek ve Dalaman koylar\u0131nda teknelerden at\u0131k toplayarak denizleri temiz tutuyor.MU\u011eLA (\u0130GFA) &#8211; Mu\u011fla B\u00fcy\u00fck\u015fehir Belediyesi, T\u00fcrkiye\u2019nin en uzun k\u0131y\u0131 \u015feridine sahip ilinde denizlerin korunmas\u0131 i\u00e7in \u00e7al\u0131\u015fmalar\u0131n\u0131 s\u00fcrd\u00fcr\u00fcyor. G\u00f6kova K\u00f6rfezi ile G\u00f6cek-Dalaman koylar\u0131nda 8 at\u0131k al\u0131m teknesiyle teknelerden at\u0131k ya\u011f, sintine, pis su ve kat\u0131 at\u0131k toplayarak \u00e7evre kirlili\u011fini \u00f6nl\u00fcyor. Kaptan Ender H\u00fcrriyeto\u011flu, \u201c\u00c7\u00f6plerimizin toplanmas\u0131 hem bizim i\u00e7in kolayl\u0131k hem de denizlerin korunmas\u0131 i\u00e7in \u00e7ok de\u011ferli. Belediye ekipleri her zaman yan\u0131m\u0131zda\u201d dedi. Yat i\u015fletmecisi Barhan Kaptan ise, \u201cB\u00fcy\u00fck\u015fehir, denizlerimizi koruyor ve turizme destek oluyor. Bu hizmetten \u00e7ok memnunuz\u201d \u015feklinde konu\u015ftu. 13 B\u0130N TEKNEYE H\u0130ZMET, TONLARCA ATIK TOPLANDI \u00c7evre M\u00fchendisi \u0130kbal \u00d6ren, \u201c2025 yaz sezonuna haz\u0131r\u0131z. Ge\u00e7ti\u011fimiz y\u0131l 13 bine yak\u0131n tekneye hizmet verdik, 7 bin 500 ton pis su, 14 ton sintine, 6 ton at\u0131k ya\u011f ve 650 ton kat\u0131 at\u0131\u011f\u0131 toplad\u0131k. Mavi denizlerimizi korumak i\u00e7in \u00f6zveriyle \u00e7al\u0131\u015f\u0131yoruz\u201d dedi. BA\u015eKAN ARAS: \u201cGELECEK NES\u0130LLERE TEM\u0130Z DEN\u0130ZLER BIRAKACA\u011eIZ\u201d Mu\u011fla B\u00fcy\u00fck\u015fehir Belediye Ba\u015fkan\u0131 Ahmet Aras, \u201cMu\u011fla\u2019n\u0131n e\u015fsiz koylar\u0131n\u0131 korumak i\u00e7in \u00e7evre dostu ve s\u00fcrd\u00fcr\u00fclebilir projelerle \u00e7al\u0131\u015f\u0131yoruz. 8 at\u0131k al\u0131m teknemizle deniz kirlili\u011fini \u00f6nl\u00fcyoruz. Bu g\u00fczellikleri gelecek nesillere aktarmak g\u00f6revimiz\u201d dedi. \u200bMu\u011fla B\u00fcy\u00fck\u015fehir Belediyesi, 8 at\u0131k al\u0131m teknesiyle G\u00f6kova K\u00f6rfezi, G\u00f6cek ve Dalaman koylar\u0131nda teknelerden at\u0131k &hellip;\" \/>\n<meta property=\"og:url\" content=\"http:\/\/denizcankizil.tr\/en\/haberler\/gundem\/muglanin-mavi-koylari-8-atik-alim-teknesiyle-korunuyor\/\" \/>\n<meta property=\"og:site_name\" content=\"Av. Deniz Can K\u0131z\u0131l\" \/>\n<meta property=\"article:published_time\" content=\"2025-06-20T09:42:32+00:00\" \/>\n<meta name=\"author\" content=\"admin\" \/>\n<meta name=\"twitter:card\" content=\"summary_large_image\" \/>\n<meta name=\"twitter:label1\" content=\"Written by\" \/>\n\t<meta name=\"twitter:data1\" content=\"admin\" \/>\n\t<meta name=\"twitter:label2\" content=\"Estimated reading time\" \/>\n\t<meta name=\"twitter:data2\" content=\"3 minutes\" \/>\n<script type=\"application\/ld+json\" class=\"yoast-schema-graph\">{\"@context\":\"https:\/\/schema.org\",\"@graph\":[{\"@type\":\"Article\",\"@id\":\"http:\/\/denizcankizil.tr\/en\/haberler\/gundem\/muglanin-mavi-koylari-8-atik-alim-teknesiyle-korunuyor\/#article\",\"isPartOf\":{\"@id\":\"http:\/\/denizcankizil.tr\/en\/haberler\/gundem\/muglanin-mavi-koylari-8-atik-alim-teknesiyle-korunuyor\/\"},\"author\":{\"name\":\"admin\",\"@id\":\"https:\/\/denizcankizil.tr\/de\/#\/schema\/person\/be3c05fe6a12686905512445d8185489\"},\"headline\":\"Mu\u011fla\u2019n\u0131n mavi koylar\u0131 8 at\u0131k al\u0131m teknesiyle korunuyor\",\"datePublished\":\"2025-06-20T09:42:32+00:00\",\"mainEntityOfPage\":{\"@id\":\"http:\/\/denizcankizil.tr\/en\/haberler\/gundem\/muglanin-mavi-koylari-8-atik-alim-teknesiyle-korunuyor\/\"},\"wordCount\":544,\"publisher\":{\"@id\":\"https:\/\/denizcankizil.tr\/de\/#organization\"},\"articleSection\":[\"G\u00fcndem\"],\"inLanguage\":\"en-GB\"},{\"@type\":\"WebPage\",\"@id\":\"http:\/\/denizcankizil.tr\/en\/haberler\/gundem\/muglanin-mavi-koylari-8-atik-alim-teknesiyle-korunuyor\/\",\"url\":\"http:\/\/denizcankizil.tr\/en\/haberler\/gundem\/muglanin-mavi-koylari-8-atik-alim-teknesiyle-korunuyor\/\",\"name\":\"Mu\u011fla\u2019n\u0131n mavi koylar\u0131 8 at\u0131k al\u0131m teknesiyle korunuyor - Av. Deniz Can K\u0131z\u0131l\",\"isPartOf\":{\"@id\":\"https:\/\/denizcankizil.tr\/de\/#website\"},\"datePublished\":\"2025-06-20T09:42:32+00:00\",\"breadcrumb\":{\"@id\":\"http:\/\/denizcankizil.tr\/en\/haberler\/gundem\/muglanin-mavi-koylari-8-atik-alim-teknesiyle-korunuyor\/#breadcrumb\"},\"inLanguage\":\"en-GB\",\"potentialAction\":[{\"@type\":\"ReadAction\",\"target\":[\"http:\/\/denizcankizil.tr\/en\/haberler\/gundem\/muglanin-mavi-koylari-8-atik-alim-teknesiyle-korunuyor\/\"]}]},{\"@type\":\"BreadcrumbList\",\"@id\":\"http:\/\/denizcankizil.tr\/en\/haberler\/gundem\/muglanin-mavi-koylari-8-atik-alim-teknesiyle-korunuyor\/#breadcrumb\",\"itemListElement\":[{\"@type\":\"ListItem\",\"position\":1,\"name\":\"Home\",\"item\":\"https:\/\/denizcankizil.tr\/de\/\"},{\"@type\":\"ListItem\",\"position\":2,\"name\":\"Mu\u011fla\u2019n\u0131n mavi koylar\u0131 8 at\u0131k al\u0131m teknesiyle korunuyor\"}]},{\"@type\":\"WebSite\",\"@id\":\"https:\/\/denizcankizil.tr\/de\/#website\",\"url\":\"https:\/\/denizcankizil.tr\/de\/\",\"name\":\"Av. Deniz Can K\u0131z\u0131l\",\"description\":\"Avukat Deniz Can K\u0131z\u0131l Antalya Barosu\",\"publisher\":{\"@id\":\"https:\/\/denizcankizil.tr\/de\/#organization\"},\"potentialAction\":[{\"@type\":\"SearchAction\",\"target\":{\"@type\":\"EntryPoint\",\"urlTemplate\":\"https:\/\/denizcankizil.tr\/de\/?s={search_term_string}\"},\"query-input\":{\"@type\":\"PropertyValueSpecification\",\"valueRequired\":true,\"valueName\":\"search_term_string\"}}],\"inLanguage\":\"en-GB\"},{\"@type\":\"Organization\",\"@id\":\"https:\/\/denizcankizil.tr\/de\/#organization\",\"name\":\"Av. Deniz Can K\u0131z\u0131l\",\"url\":\"https:\/\/denizcankizil.tr\/de\/\",\"logo\":{\"@type\":\"ImageObject\",\"inLanguage\":\"en-GB\",\"@id\":\"https:\/\/denizcankizil.tr\/de\/#\/schema\/logo\/image\/\",\"url\":\"http:\/\/denizcankizil.tr\/wp-content\/uploads\/2024\/10\/siyah-logo-svg.svg\",\"contentUrl\":\"http:\/\/denizcankizil.tr\/wp-content\/uploads\/2024\/10\/siyah-logo-svg.svg\",\"width\":1080,\"height\":1080,\"caption\":\"Av. Deniz Can K\u0131z\u0131l\"},\"image\":{\"@id\":\"https:\/\/denizcankizil.tr\/de\/#\/schema\/logo\/image\/\"}},{\"@type\":\"Person\",\"@id\":\"https:\/\/denizcankizil.tr\/de\/#\/schema\/person\/be3c05fe6a12686905512445d8185489\",\"name\":\"admin\",\"image\":{\"@type\":\"ImageObject\",\"inLanguage\":\"en-GB\",\"@id\":\"https:\/\/denizcankizil.tr\/de\/#\/schema\/person\/image\/\",\"url\":\"https:\/\/secure.gravatar.com\/avatar\/c1fce94c830dc79107e174f890d7210541c4a63e8e5d816341794a2151c9d58c?s=96&d=mm&r=g\",\"contentUrl\":\"https:\/\/secure.gravatar.com\/avatar\/c1fce94c830dc79107e174f890d7210541c4a63e8e5d816341794a2151c9d58c?s=96&d=mm&r=g\",\"caption\":\"admin\"},\"sameAs\":[\"http:\/\/denizcankizil.tr\"],\"url\":\"https:\/\/www.iskenderun.org\/muglanin-mavi-koylari-8-atik-alim-teknesiyle-korunuyor\"}]}<\/script>\n<!-- \/ Yoast SEO Premium plugin. -->","yoast_head_json":{"title":"Mu\u011fla\u2019n\u0131n mavi koylar\u0131 8 at\u0131k al\u0131m teknesiyle korunuyor - Av. Deniz Can K\u0131z\u0131l","robots":{"index":"index","follow":"follow","max-snippet":"max-snippet:-1","max-image-preview":"max-image-preview:large","max-video-preview":"max-video-preview:-1"},"canonical":"http:\/\/denizcankizil.tr\/en\/haberler\/gundem\/muglanin-mavi-koylari-8-atik-alim-teknesiyle-korunuyor\/","og_locale":"en_GB","og_type":"article","og_title":"Mu\u011fla\u2019n\u0131n mavi koylar\u0131 8 at\u0131k al\u0131m teknesiyle korunuyor","og_description":"Mu\u011fla B\u00fcy\u00fck\u015fehir Belediyesi, 8 at\u0131k al\u0131m teknesiyle G\u00f6kova K\u00f6rfezi, G\u00f6cek ve Dalaman koylar\u0131nda teknelerden at\u0131k toplayarak denizleri temiz tutuyor.MU\u011eLA (\u0130GFA) &#8211; Mu\u011fla B\u00fcy\u00fck\u015fehir Belediyesi, T\u00fcrkiye\u2019nin en uzun k\u0131y\u0131 \u015feridine sahip ilinde denizlerin korunmas\u0131 i\u00e7in \u00e7al\u0131\u015fmalar\u0131n\u0131 s\u00fcrd\u00fcr\u00fcyor. G\u00f6kova K\u00f6rfezi ile G\u00f6cek-Dalaman koylar\u0131nda 8 at\u0131k al\u0131m teknesiyle teknelerden at\u0131k ya\u011f, sintine, pis su ve kat\u0131 at\u0131k toplayarak \u00e7evre kirlili\u011fini \u00f6nl\u00fcyor. Kaptan Ender H\u00fcrriyeto\u011flu, \u201c\u00c7\u00f6plerimizin toplanmas\u0131 hem bizim i\u00e7in kolayl\u0131k hem de denizlerin korunmas\u0131 i\u00e7in \u00e7ok de\u011ferli. Belediye ekipleri her zaman yan\u0131m\u0131zda\u201d dedi. Yat i\u015fletmecisi Barhan Kaptan ise, \u201cB\u00fcy\u00fck\u015fehir, denizlerimizi koruyor ve turizme destek oluyor. Bu hizmetten \u00e7ok memnunuz\u201d \u015feklinde konu\u015ftu. 13 B\u0130N TEKNEYE H\u0130ZMET, TONLARCA ATIK TOPLANDI \u00c7evre M\u00fchendisi \u0130kbal \u00d6ren, \u201c2025 yaz sezonuna haz\u0131r\u0131z. Ge\u00e7ti\u011fimiz y\u0131l 13 bine yak\u0131n tekneye hizmet verdik, 7 bin 500 ton pis su, 14 ton sintine, 6 ton at\u0131k ya\u011f ve 650 ton kat\u0131 at\u0131\u011f\u0131 toplad\u0131k. Mavi denizlerimizi korumak i\u00e7in \u00f6zveriyle \u00e7al\u0131\u015f\u0131yoruz\u201d dedi. BA\u015eKAN ARAS: \u201cGELECEK NES\u0130LLERE TEM\u0130Z DEN\u0130ZLER BIRAKACA\u011eIZ\u201d Mu\u011fla B\u00fcy\u00fck\u015fehir Belediye Ba\u015fkan\u0131 Ahmet Aras, \u201cMu\u011fla\u2019n\u0131n e\u015fsiz koylar\u0131n\u0131 korumak i\u00e7in \u00e7evre dostu ve s\u00fcrd\u00fcr\u00fclebilir projelerle \u00e7al\u0131\u015f\u0131yoruz. 8 at\u0131k al\u0131m teknemizle deniz kirlili\u011fini \u00f6nl\u00fcyoruz. Bu g\u00fczellikleri gelecek nesillere aktarmak g\u00f6revimiz\u201d dedi. \u200bMu\u011fla B\u00fcy\u00fck\u015fehir Belediyesi, 8 at\u0131k al\u0131m teknesiyle G\u00f6kova K\u00f6rfezi, G\u00f6cek ve Dalaman koylar\u0131nda teknelerden at\u0131k &hellip;","og_url":"http:\/\/denizcankizil.tr\/en\/haberler\/gundem\/muglanin-mavi-koylari-8-atik-alim-teknesiyle-korunuyor\/","og_site_name":"Av. Deniz Can K\u0131z\u0131l","article_published_time":"2025-06-20T09:42:32+00:00","author":"admin","twitter_card":"summary_large_image","twitter_misc":{"Written by":"admin","Estimated reading time":"3 minutes"},"schema":{"@context":"https:\/\/schema.org","@graph":[{"@type":"Article","@id":"http:\/\/denizcankizil.tr\/en\/haberler\/gundem\/muglanin-mavi-koylari-8-atik-alim-teknesiyle-korunuyor\/#article","isPartOf":{"@id":"http:\/\/denizcankizil.tr\/en\/haberler\/gundem\/muglanin-mavi-koylari-8-atik-alim-teknesiyle-korunuyor\/"},"author":{"name":"admin","@id":"https:\/\/denizcankizil.tr\/de\/#\/schema\/person\/be3c05fe6a12686905512445d8185489"},"headline":"Mu\u011fla\u2019n\u0131n mavi koylar\u0131 8 at\u0131k al\u0131m teknesiyle korunuyor","datePublished":"2025-06-20T09:42:32+00:00","mainEntityOfPage":{"@id":"http:\/\/denizcankizil.tr\/en\/haberler\/gundem\/muglanin-mavi-koylari-8-atik-alim-teknesiyle-korunuyor\/"},"wordCount":544,"publisher":{"@id":"https:\/\/denizcankizil.tr\/de\/#organization"},"articleSection":["G\u00fcndem"],"inLanguage":"en-GB"},{"@type":"WebPage","@id":"http:\/\/denizcankizil.tr\/en\/haberler\/gundem\/muglanin-mavi-koylari-8-atik-alim-teknesiyle-korunuyor\/","url":"http:\/\/denizcankizil.tr\/en\/haberler\/gundem\/muglanin-mavi-koylari-8-atik-alim-teknesiyle-korunuyor\/","name":"Mu\u011fla\u2019n\u0131n mavi koylar\u0131 8 at\u0131k al\u0131m teknesiyle korunuyor - Av. Deniz Can K\u0131z\u0131l","isPartOf":{"@id":"https:\/\/denizcankizil.tr\/de\/#website"},"datePublished":"2025-06-20T09:42:32+00:00","breadcrumb":{"@id":"http:\/\/denizcankizil.tr\/en\/haberler\/gundem\/muglanin-mavi-koylari-8-atik-alim-teknesiyle-korunuyor\/#breadcrumb"},"inLanguage":"en-GB","potentialAction":[{"@type":"ReadAction","target":["http:\/\/denizcankizil.tr\/en\/haberler\/gundem\/muglanin-mavi-koylari-8-atik-alim-teknesiyle-korunuyor\/"]}]},{"@type":"BreadcrumbList","@id":"http:\/\/denizcankizil.tr\/en\/haberler\/gundem\/muglanin-mavi-koylari-8-atik-alim-teknesiyle-korunuyor\/#breadcrumb","itemListElement":[{"@type":"ListItem","position":1,"name":"Home","item":"https:\/\/denizcankizil.tr\/de\/"},{"@type":"ListItem","position":2,"name":"Mu\u011fla\u2019n\u0131n mavi koylar\u0131 8 at\u0131k al\u0131m teknesiyle korunuyor"}]},{"@type":"WebSite","@id":"https:\/\/denizcankizil.tr\/de\/#website","url":"https:\/\/denizcankizil.tr\/de\/","name":"Av. Deniz Can K\u0131z\u0131l","description":"Avukat Deniz Can K\u0131z\u0131l Antalya Barosu","publisher":{"@id":"https:\/\/denizcankizil.tr\/de\/#organization"},"potentialAction":[{"@type":"SearchAction","target":{"@type":"EntryPoint","urlTemplate":"https:\/\/denizcankizil.tr\/de\/?s={search_term_string}"},"query-input":{"@type":"PropertyValueSpecification","valueRequired":true,"valueName":"search_term_string"}}],"inLanguage":"en-GB"},{"@type":"Organization","@id":"https:\/\/denizcankizil.tr\/de\/#organization","name":"Av. Deniz Can K\u0131z\u0131l","url":"https:\/\/denizcankizil.tr\/de\/","logo":{"@type":"ImageObject","inLanguage":"en-GB","@id":"https:\/\/denizcankizil.tr\/de\/#\/schema\/logo\/image\/","url":"http:\/\/denizcankizil.tr\/wp-content\/uploads\/2024\/10\/siyah-logo-svg.svg","contentUrl":"http:\/\/denizcankizil.tr\/wp-content\/uploads\/2024\/10\/siyah-logo-svg.svg","width":1080,"height":1080,"caption":"Av. Deniz Can K\u0131z\u0131l"},"image":{"@id":"https:\/\/denizcankizil.tr\/de\/#\/schema\/logo\/image\/"}},{"@type":"Person","@id":"https:\/\/denizcankizil.tr\/de\/#\/schema\/person\/be3c05fe6a12686905512445d8185489","name":"admin","image":{"@type":"ImageObject","inLanguage":"en-GB","@id":"https:\/\/denizcankizil.tr\/de\/#\/schema\/person\/image\/","url":"https:\/\/secure.gravatar.com\/avatar\/c1fce94c830dc79107e174f890d7210541c4a63e8e5d816341794a2151c9d58c?s=96&d=mm&r=g","contentUrl":"https:\/\/secure.gravatar.com\/avatar\/c1fce94c830dc79107e174f890d7210541c4a63e8e5d816341794a2151c9d58c?s=96&d=mm&r=g","caption":"admin"},"sameAs":["http:\/\/denizcankizil.tr"],"url":"https:\/\/www.iskenderun.org\/muglanin-mavi-koylari-8-atik-alim-teknesiyle-korunuyor"}]}},"_links":{"self":[{"href":"http:\/\/denizcankizil.tr\/en\/wp-json\/wp\/v2\/posts\/121206","targetHints":{"allow":["GET"]}}],"collection":[{"href":"http:\/\/denizcankizil.tr\/en\/wp-json\/wp\/v2\/posts"}],"about":[{"href":"http:\/\/denizcankizil.tr\/en\/wp-json\/wp\/v2\/types\/post"}],"author":[{"embeddable":true,"href":"http:\/\/denizcankizil.tr\/en\/wp-json\/wp\/v2\/users\/1"}],"replies":[{"embeddable":true,"href":"http:\/\/denizcankizil.tr\/en\/wp-json\/wp\/v2\/comments?post=121206"}],"version-history":[{"count":0,"href":"http:\/\/denizcankizil.tr\/en\/wp-json\/wp\/v2\/posts\/121206\/revisions"}],"wp:attachment":[{"href":"http:\/\/denizcankizil.tr\/en\/wp-json\/wp\/v2\/media?parent=121206"}],"wp:term":[{"taxonomy":"category","embeddable":true,"href":"http:\/\/denizcankizil.tr\/en\/wp-json\/wp\/v2\/categories?post=121206"},{"taxonomy":"post_tag","embeddable":true,"href":"http:\/\/denizcankizil.tr\/en\/wp-json\/wp\/v2\/tags?post=121206"}],"curies":[{"name":"wp","href":"https:\/\/api.w.org\/{rel}","templated":true}]}}