{"id":120092,"date":"2025-06-19T09:42:21","date_gmt":"2025-06-19T06:42:21","guid":{"rendered":"https:\/\/denizcankizil.tr\/uncategorized-tr\/meteorolojiden-bugun-uyari-yok-ruzgar-hafif\/"},"modified":"2025-06-19T09:42:21","modified_gmt":"2025-06-19T06:42:21","slug":"meteorolojiden-bugun-uyari-yok-ruzgar-hafif","status":"publish","type":"post","link":"http:\/\/denizcankizil.tr\/en\/haberler\/gundem\/meteorolojiden-bugun-uyari-yok-ruzgar-hafif\/","title":{"rendered":"Meteoroloji&#8217;den bug\u00fcn uyar\u0131 yok! R\u00fczgar hafif&#8230;"},"content":{"rendered":"<p>Meteoroloji Genel M\u00fcd\u00fcrl\u00fc\u011f\u00fc&#8217;n\u00fcn raporuna g\u00f6re, kuzeydo\u011fu b\u00f6lgeler par\u00e7al\u0131 bulutlu, Trabzon ve Rize&#8217;de yerel ya\u011f\u0131\u015f bekleniyor. Di\u011fer yerler az bulutlu ve a\u00e7\u0131k. Hava s\u0131cakl\u0131klar\u0131 mevsim normallerinin \u00fcst\u00fcnde, kuzeyden esen r\u00fczgar hafif.ANKARA (\u0130GFA) &#8211; Meteoroloji Genel M\u00fcd\u00fcrl\u00fc\u011f\u00fc 19 Haziran Per\u015fembe g\u00fcn\u00fcne ili\u015fkin hava tahmin raporunu yay\u0131mlad\u0131. Buna g\u00f6re \u00fclkemizin kuzeydo\u011fu kesimlerinin par\u00e7al\u0131, yer yer \u00e7ok bulutlu; Trabzon ve Rize\u2019nin i\u00e7 kesimlerinin yerel olmak \u00fczere sa\u011fanak ya\u011f\u0131\u015fl\u0131, di\u011fer yerlerin az bulutlu ve a\u00e7\u0131k ge\u00e7ece\u011fi tahmin edildi.<\/p>\n<p>Hava s\u0131cakl\u0131\u011f\u0131n\u0131n, yurt genelinde mevsim normallerinin \u00fcst\u00fcnde seyretmesi beklenirken, r\u00fczgar\u0131n ise genellikle kuzey y\u00f6nlerden hafif, ara s\u0131ra orta kuvvette esece\u011fi tahmin edildi.<br \/>\nMeteoroloji g\u00fcnl\u00fck hava tahmin raporunda bug\u00fcne ili\u015fkin herhangi bir uyar\u0131da bulunmad\u0131.<\/p>\n<p>\u200bMeteoroloji Genel M\u00fcd\u00fcrl\u00fc\u011f\u00fc&#8217;n\u00fcn raporuna g\u00f6re, kuzeydo\u011fu b\u00f6lgeler par\u00e7al\u0131 bulutlu, Trabzon ve Rize&#8217;de yerel ya\u011f\u0131\u015f bekleniyor. Di\u011fer yerler az bulutlu ve a\u00e7\u0131k. Hava s\u0131cakl\u0131klar\u0131 mevsim normallerinin \u00fcst\u00fcnde, kuzeyden esen r\u00fczgar hafif.ANKARA (\u0130GFA) &#8211; Meteoroloji Genel M\u00fcd\u00fcrl\u00fc\u011f\u00fc 19 Haziran Per\u015fembe g\u00fcn\u00fcne ili\u015fkin hava tahmin raporunu yay\u0131mlad\u0131. Buna g\u00f6re \u00fclkemizin kuzeydo\u011fu kesimlerinin par\u00e7al\u0131, yer yer \u00e7ok bulutlu; Trabzon ve Rize\u2019nin i\u00e7 kesimlerinin yerel olmak \u00fczere sa\u011fanak ya\u011f\u0131\u015fl\u0131, di\u011fer yerlerin az bulutlu ve a\u00e7\u0131k ge\u00e7ece\u011fi tahmin edildi.<\/p>\n<p>Hava s\u0131cakl\u0131\u011f\u0131n\u0131n, yurt genelinde mevsim normallerinin \u00fcst\u00fcnde seyretmesi beklenirken, r\u00fczgar\u0131n ise genellikle kuzey y\u00f6nlerden hafif, ara s\u0131ra orta kuvvette esece\u011fi tahmin edildi.<br \/>\nMeteoroloji g\u00fcnl\u00fck hava tahmin raporunda bug\u00fcne ili\u015fkin herhangi bir uyar\u0131da bulunmad\u0131.\u00a0<\/p>\n<p>\u200bHaberin Al\u0131nt\u0131land\u0131\u011f\u0131 Kaynak: www.iskenderun.org<\/p>","protected":false},"excerpt":{"rendered":"<p>Meteoroloji Genel M\u00fcd\u00fcrl\u00fc\u011f\u00fc&#8217;n\u00fcn raporuna g\u00f6re, kuzeydo\u011fu b\u00f6lgeler par\u00e7al\u0131 bulutlu, Trabzon ve Rize&#8217;de yerel ya\u011f\u0131\u015f bekleniyor. Di\u011fer yerler az bulutlu ve a\u00e7\u0131k. Hava s\u0131cakl\u0131klar\u0131 mevsim normallerinin \u00fcst\u00fcnde, kuzeyden esen r\u00fczgar hafif.ANKARA (\u0130GFA) &#8211; Meteoroloji Genel M\u00fcd\u00fcrl\u00fc\u011f\u00fc 19 Haziran Per\u015fembe g\u00fcn\u00fcne ili\u015fkin hava tahmin raporunu yay\u0131mlad\u0131. Buna g\u00f6re \u00fclkemizin kuzeydo\u011fu kesimlerinin par\u00e7al\u0131, yer yer \u00e7ok bulutlu; Trabzon ve Rize\u2019nin i\u00e7 kesimlerinin yerel olmak \u00fczere sa\u011fanak ya\u011f\u0131\u015fl\u0131, di\u011fer yerlerin az bulutlu ve a\u00e7\u0131k ge\u00e7ece\u011fi tahmin edildi. Hava s\u0131cakl\u0131\u011f\u0131n\u0131n, yurt genelinde mevsim normallerinin \u00fcst\u00fcnde seyretmesi beklenirken, r\u00fczgar\u0131n ise genellikle kuzey y\u00f6nlerden hafif, ara s\u0131ra orta kuvvette esece\u011fi tahmin edildi. Meteoroloji g\u00fcnl\u00fck hava tahmin raporunda bug\u00fcne ili\u015fkin herhangi bir uyar\u0131da bulunmad\u0131. \u200bMeteoroloji Genel M\u00fcd\u00fcrl\u00fc\u011f\u00fc&#8217;n\u00fcn raporuna g\u00f6re, kuzeydo\u011fu b\u00f6lgeler par\u00e7al\u0131 bulutlu, Trabzon ve Rize&#8217;de yerel ya\u011f\u0131\u015f bekleniyor. Di\u011fer yerler az bulutlu ve a\u00e7\u0131k. Hava s\u0131cakl\u0131klar\u0131 mevsim normallerinin \u00fcst\u00fcnde, kuzeyden esen r\u00fczgar hafif.ANKARA (\u0130GFA) &#8211; Meteoroloji Genel M\u00fcd\u00fcrl\u00fc\u011f\u00fc 19 Haziran Per\u015fembe g\u00fcn\u00fcne ili\u015fkin hava tahmin raporunu yay\u0131mlad\u0131. Buna g\u00f6re \u00fclkemizin kuzeydo\u011fu kesimlerinin par\u00e7al\u0131, yer yer \u00e7ok bulutlu; Trabzon ve Rize\u2019nin i\u00e7 kesimlerinin yerel olmak \u00fczere sa\u011fanak ya\u011f\u0131\u015fl\u0131, di\u011fer yerlerin az bulutlu ve a\u00e7\u0131k ge\u00e7ece\u011fi tahmin edildi. Hava s\u0131cakl\u0131\u011f\u0131n\u0131n, yurt genelinde mevsim normallerinin \u00fcst\u00fcnde seyretmesi beklenirken, r\u00fczgar\u0131n ise genellikle kuzey y\u00f6nlerden hafif, ara s\u0131ra orta kuvvette esece\u011fi tahmin &hellip;<\/p>","protected":false},"author":1,"featured_media":0,"comment_status":"","ping_status":"open","sticky":false,"template":"","format":"standard","meta":{"_acf_changed":false,"footnotes":""},"categories":[24],"tags":[],"class_list":["post-120092","post","type-post","status-publish","format-standard","has-post-thumbnail","hentry","category-gundem"],"acf":[],"yoast_head":"<!-- This site is optimized with the Yoast SEO Premium plugin v26.6 (Yoast SEO v27.1.1) - https:\/\/yoast.com\/product\/yoast-seo-premium-wordpress\/ -->\n<title>Meteoroloji&#039;den bug\u00fcn uyar\u0131 yok! R\u00fczgar hafif... - Av. Deniz Can K\u0131z\u0131l<\/title>\n<meta name=\"robots\" content=\"index, follow, max-snippet:-1, max-image-preview:large, max-video-preview:-1\" \/>\n<link rel=\"canonical\" href=\"https:\/\/denizcankizil.tr\/en\/haberler\/gundem\/meteorolojiden-bugun-uyari-yok-ruzgar-hafif\/\" \/>\n<meta property=\"og:locale\" content=\"en_GB\" \/>\n<meta property=\"og:type\" content=\"article\" \/>\n<meta property=\"og:title\" content=\"Meteoroloji&#039;den bug\u00fcn uyar\u0131 yok! R\u00fczgar hafif...\" \/>\n<meta property=\"og:description\" content=\"Meteoroloji Genel M\u00fcd\u00fcrl\u00fc\u011f\u00fc&#8217;n\u00fcn raporuna g\u00f6re, kuzeydo\u011fu b\u00f6lgeler par\u00e7al\u0131 bulutlu, Trabzon ve Rize&#8217;de yerel ya\u011f\u0131\u015f bekleniyor. Di\u011fer yerler az bulutlu ve a\u00e7\u0131k. Hava s\u0131cakl\u0131klar\u0131 mevsim normallerinin \u00fcst\u00fcnde, kuzeyden esen r\u00fczgar hafif.ANKARA (\u0130GFA) &#8211; Meteoroloji Genel M\u00fcd\u00fcrl\u00fc\u011f\u00fc 19 Haziran Per\u015fembe g\u00fcn\u00fcne ili\u015fkin hava tahmin raporunu yay\u0131mlad\u0131. Buna g\u00f6re \u00fclkemizin kuzeydo\u011fu kesimlerinin par\u00e7al\u0131, yer yer \u00e7ok bulutlu; Trabzon ve Rize\u2019nin i\u00e7 kesimlerinin yerel olmak \u00fczere sa\u011fanak ya\u011f\u0131\u015fl\u0131, di\u011fer yerlerin az bulutlu ve a\u00e7\u0131k ge\u00e7ece\u011fi tahmin edildi. Hava s\u0131cakl\u0131\u011f\u0131n\u0131n, yurt genelinde mevsim normallerinin \u00fcst\u00fcnde seyretmesi beklenirken, r\u00fczgar\u0131n ise genellikle kuzey y\u00f6nlerden hafif, ara s\u0131ra orta kuvvette esece\u011fi tahmin edildi. Meteoroloji g\u00fcnl\u00fck hava tahmin raporunda bug\u00fcne ili\u015fkin herhangi bir uyar\u0131da bulunmad\u0131. \u200bMeteoroloji Genel M\u00fcd\u00fcrl\u00fc\u011f\u00fc&#8217;n\u00fcn raporuna g\u00f6re, kuzeydo\u011fu b\u00f6lgeler par\u00e7al\u0131 bulutlu, Trabzon ve Rize&#8217;de yerel ya\u011f\u0131\u015f bekleniyor. Di\u011fer yerler az bulutlu ve a\u00e7\u0131k. Hava s\u0131cakl\u0131klar\u0131 mevsim normallerinin \u00fcst\u00fcnde, kuzeyden esen r\u00fczgar hafif.ANKARA (\u0130GFA) &#8211; Meteoroloji Genel M\u00fcd\u00fcrl\u00fc\u011f\u00fc 19 Haziran Per\u015fembe g\u00fcn\u00fcne ili\u015fkin hava tahmin raporunu yay\u0131mlad\u0131. Buna g\u00f6re \u00fclkemizin kuzeydo\u011fu kesimlerinin par\u00e7al\u0131, yer yer \u00e7ok bulutlu; Trabzon ve Rize\u2019nin i\u00e7 kesimlerinin yerel olmak \u00fczere sa\u011fanak ya\u011f\u0131\u015fl\u0131, di\u011fer yerlerin az bulutlu ve a\u00e7\u0131k ge\u00e7ece\u011fi tahmin edildi. Hava s\u0131cakl\u0131\u011f\u0131n\u0131n, yurt genelinde mevsim normallerinin \u00fcst\u00fcnde seyretmesi beklenirken, r\u00fczgar\u0131n ise genellikle kuzey y\u00f6nlerden hafif, ara s\u0131ra orta kuvvette esece\u011fi tahmin &hellip;\" \/>\n<meta property=\"og:url\" content=\"https:\/\/denizcankizil.tr\/en\/haberler\/gundem\/meteorolojiden-bugun-uyari-yok-ruzgar-hafif\/\" \/>\n<meta property=\"og:site_name\" content=\"Av. Deniz Can K\u0131z\u0131l\" \/>\n<meta property=\"article:published_time\" content=\"2025-06-19T06:42:21+00:00\" \/>\n<meta name=\"author\" content=\"admin\" \/>\n<meta name=\"twitter:card\" content=\"summary_large_image\" \/>\n<meta name=\"twitter:label1\" content=\"Written by\" \/>\n\t<meta name=\"twitter:data1\" content=\"admin\" \/>\n\t<meta name=\"twitter:label2\" content=\"Estimated reading time\" \/>\n\t<meta name=\"twitter:data2\" content=\"2 minutes\" \/>\n<script type=\"application\/ld+json\" class=\"yoast-schema-graph\">{\"@context\":\"https:\/\/schema.org\",\"@graph\":[{\"@type\":\"Article\",\"@id\":\"https:\/\/denizcankizil.tr\/de\/haberler\/gundem\/meteorolojiden-bugun-uyari-yok-ruzgar-hafif\/#article\",\"isPartOf\":{\"@id\":\"https:\/\/denizcankizil.tr\/de\/haberler\/gundem\/meteorolojiden-bugun-uyari-yok-ruzgar-hafif\/\"},\"author\":{\"name\":\"admin\",\"@id\":\"https:\/\/denizcankizil.tr\/de\/#\/schema\/person\/be3c05fe6a12686905512445d8185489\"},\"headline\":\"Meteoroloji&#8217;den bug\u00fcn uyar\u0131 yok! R\u00fczgar hafif&#8230;\",\"datePublished\":\"2025-06-19T06:42:21+00:00\",\"mainEntityOfPage\":{\"@id\":\"https:\/\/denizcankizil.tr\/de\/haberler\/gundem\/meteorolojiden-bugun-uyari-yok-ruzgar-hafif\/\"},\"wordCount\":321,\"publisher\":{\"@id\":\"https:\/\/denizcankizil.tr\/de\/#organization\"},\"articleSection\":[\"G\u00fcndem\"],\"inLanguage\":\"en-GB\"},{\"@type\":\"WebPage\",\"@id\":\"https:\/\/denizcankizil.tr\/de\/haberler\/gundem\/meteorolojiden-bugun-uyari-yok-ruzgar-hafif\/\",\"url\":\"https:\/\/denizcankizil.tr\/de\/haberler\/gundem\/meteorolojiden-bugun-uyari-yok-ruzgar-hafif\/\",\"name\":\"Meteoroloji'den bug\u00fcn uyar\u0131 yok! R\u00fczgar hafif... - Av. Deniz Can K\u0131z\u0131l\",\"isPartOf\":{\"@id\":\"https:\/\/denizcankizil.tr\/de\/#website\"},\"datePublished\":\"2025-06-19T06:42:21+00:00\",\"breadcrumb\":{\"@id\":\"https:\/\/denizcankizil.tr\/de\/haberler\/gundem\/meteorolojiden-bugun-uyari-yok-ruzgar-hafif\/#breadcrumb\"},\"inLanguage\":\"en-GB\",\"potentialAction\":[{\"@type\":\"ReadAction\",\"target\":[\"https:\/\/denizcankizil.tr\/de\/haberler\/gundem\/meteorolojiden-bugun-uyari-yok-ruzgar-hafif\/\"]}]},{\"@type\":\"BreadcrumbList\",\"@id\":\"https:\/\/denizcankizil.tr\/de\/haberler\/gundem\/meteorolojiden-bugun-uyari-yok-ruzgar-hafif\/#breadcrumb\",\"itemListElement\":[{\"@type\":\"ListItem\",\"position\":1,\"name\":\"Home\",\"item\":\"https:\/\/denizcankizil.tr\/de\/\"},{\"@type\":\"ListItem\",\"position\":2,\"name\":\"Meteoroloji&#8217;den bug\u00fcn uyar\u0131 yok! R\u00fczgar hafif&#8230;\"}]},{\"@type\":\"WebSite\",\"@id\":\"https:\/\/denizcankizil.tr\/de\/#website\",\"url\":\"https:\/\/denizcankizil.tr\/de\/\",\"name\":\"Av. Deniz Can K\u0131z\u0131l\",\"description\":\"Avukat Deniz Can K\u0131z\u0131l Antalya Barosu\",\"publisher\":{\"@id\":\"https:\/\/denizcankizil.tr\/de\/#organization\"},\"potentialAction\":[{\"@type\":\"SearchAction\",\"target\":{\"@type\":\"EntryPoint\",\"urlTemplate\":\"https:\/\/denizcankizil.tr\/de\/?s={search_term_string}\"},\"query-input\":{\"@type\":\"PropertyValueSpecification\",\"valueRequired\":true,\"valueName\":\"search_term_string\"}}],\"inLanguage\":\"en-GB\"},{\"@type\":\"Organization\",\"@id\":\"https:\/\/denizcankizil.tr\/de\/#organization\",\"name\":\"Av. Deniz Can K\u0131z\u0131l\",\"url\":\"https:\/\/denizcankizil.tr\/de\/\",\"logo\":{\"@type\":\"ImageObject\",\"inLanguage\":\"en-GB\",\"@id\":\"https:\/\/denizcankizil.tr\/de\/#\/schema\/logo\/image\/\",\"url\":\"http:\/\/denizcankizil.tr\/wp-content\/uploads\/2024\/10\/siyah-logo-svg.svg\",\"contentUrl\":\"http:\/\/denizcankizil.tr\/wp-content\/uploads\/2024\/10\/siyah-logo-svg.svg\",\"width\":1080,\"height\":1080,\"caption\":\"Av. Deniz Can K\u0131z\u0131l\"},\"image\":{\"@id\":\"https:\/\/denizcankizil.tr\/de\/#\/schema\/logo\/image\/\"}},{\"@type\":\"Person\",\"@id\":\"https:\/\/denizcankizil.tr\/de\/#\/schema\/person\/be3c05fe6a12686905512445d8185489\",\"name\":\"admin\",\"image\":{\"@type\":\"ImageObject\",\"inLanguage\":\"en-GB\",\"@id\":\"https:\/\/denizcankizil.tr\/de\/#\/schema\/person\/image\/\",\"url\":\"https:\/\/secure.gravatar.com\/avatar\/c1fce94c830dc79107e174f890d7210541c4a63e8e5d816341794a2151c9d58c?s=96&d=mm&r=g\",\"contentUrl\":\"https:\/\/secure.gravatar.com\/avatar\/c1fce94c830dc79107e174f890d7210541c4a63e8e5d816341794a2151c9d58c?s=96&d=mm&r=g\",\"caption\":\"admin\"},\"sameAs\":[\"http:\/\/denizcankizil.tr\"],\"url\":\"https:\/\/www.iskenderun.org\/meteorolojiden-bugun-uyari-yok-ruzgar-hafif\"}]}<\/script>\n<!-- \/ Yoast SEO Premium plugin. -->","yoast_head_json":{"title":"Meteoroloji'den bug\u00fcn uyar\u0131 yok! R\u00fczgar hafif... - Av. Deniz Can K\u0131z\u0131l","robots":{"index":"index","follow":"follow","max-snippet":"max-snippet:-1","max-image-preview":"max-image-preview:large","max-video-preview":"max-video-preview:-1"},"canonical":"https:\/\/denizcankizil.tr\/en\/haberler\/gundem\/meteorolojiden-bugun-uyari-yok-ruzgar-hafif\/","og_locale":"en_GB","og_type":"article","og_title":"Meteoroloji'den bug\u00fcn uyar\u0131 yok! R\u00fczgar hafif...","og_description":"Meteoroloji Genel M\u00fcd\u00fcrl\u00fc\u011f\u00fc&#8217;n\u00fcn raporuna g\u00f6re, kuzeydo\u011fu b\u00f6lgeler par\u00e7al\u0131 bulutlu, Trabzon ve Rize&#8217;de yerel ya\u011f\u0131\u015f bekleniyor. Di\u011fer yerler az bulutlu ve a\u00e7\u0131k. Hava s\u0131cakl\u0131klar\u0131 mevsim normallerinin \u00fcst\u00fcnde, kuzeyden esen r\u00fczgar hafif.ANKARA (\u0130GFA) &#8211; Meteoroloji Genel M\u00fcd\u00fcrl\u00fc\u011f\u00fc 19 Haziran Per\u015fembe g\u00fcn\u00fcne ili\u015fkin hava tahmin raporunu yay\u0131mlad\u0131. Buna g\u00f6re \u00fclkemizin kuzeydo\u011fu kesimlerinin par\u00e7al\u0131, yer yer \u00e7ok bulutlu; Trabzon ve Rize\u2019nin i\u00e7 kesimlerinin yerel olmak \u00fczere sa\u011fanak ya\u011f\u0131\u015fl\u0131, di\u011fer yerlerin az bulutlu ve a\u00e7\u0131k ge\u00e7ece\u011fi tahmin edildi. Hava s\u0131cakl\u0131\u011f\u0131n\u0131n, yurt genelinde mevsim normallerinin \u00fcst\u00fcnde seyretmesi beklenirken, r\u00fczgar\u0131n ise genellikle kuzey y\u00f6nlerden hafif, ara s\u0131ra orta kuvvette esece\u011fi tahmin edildi. Meteoroloji g\u00fcnl\u00fck hava tahmin raporunda bug\u00fcne ili\u015fkin herhangi bir uyar\u0131da bulunmad\u0131. \u200bMeteoroloji Genel M\u00fcd\u00fcrl\u00fc\u011f\u00fc&#8217;n\u00fcn raporuna g\u00f6re, kuzeydo\u011fu b\u00f6lgeler par\u00e7al\u0131 bulutlu, Trabzon ve Rize&#8217;de yerel ya\u011f\u0131\u015f bekleniyor. Di\u011fer yerler az bulutlu ve a\u00e7\u0131k. Hava s\u0131cakl\u0131klar\u0131 mevsim normallerinin \u00fcst\u00fcnde, kuzeyden esen r\u00fczgar hafif.ANKARA (\u0130GFA) &#8211; Meteoroloji Genel M\u00fcd\u00fcrl\u00fc\u011f\u00fc 19 Haziran Per\u015fembe g\u00fcn\u00fcne ili\u015fkin hava tahmin raporunu yay\u0131mlad\u0131. Buna g\u00f6re \u00fclkemizin kuzeydo\u011fu kesimlerinin par\u00e7al\u0131, yer yer \u00e7ok bulutlu; Trabzon ve Rize\u2019nin i\u00e7 kesimlerinin yerel olmak \u00fczere sa\u011fanak ya\u011f\u0131\u015fl\u0131, di\u011fer yerlerin az bulutlu ve a\u00e7\u0131k ge\u00e7ece\u011fi tahmin edildi. Hava s\u0131cakl\u0131\u011f\u0131n\u0131n, yurt genelinde mevsim normallerinin \u00fcst\u00fcnde seyretmesi beklenirken, r\u00fczgar\u0131n ise genellikle kuzey y\u00f6nlerden hafif, ara s\u0131ra orta kuvvette esece\u011fi tahmin &hellip;","og_url":"https:\/\/denizcankizil.tr\/en\/haberler\/gundem\/meteorolojiden-bugun-uyari-yok-ruzgar-hafif\/","og_site_name":"Av. Deniz Can K\u0131z\u0131l","article_published_time":"2025-06-19T06:42:21+00:00","author":"admin","twitter_card":"summary_large_image","twitter_misc":{"Written by":"admin","Estimated reading time":"2 minutes"},"schema":{"@context":"https:\/\/schema.org","@graph":[{"@type":"Article","@id":"https:\/\/denizcankizil.tr\/de\/haberler\/gundem\/meteorolojiden-bugun-uyari-yok-ruzgar-hafif\/#article","isPartOf":{"@id":"https:\/\/denizcankizil.tr\/de\/haberler\/gundem\/meteorolojiden-bugun-uyari-yok-ruzgar-hafif\/"},"author":{"name":"admin","@id":"https:\/\/denizcankizil.tr\/de\/#\/schema\/person\/be3c05fe6a12686905512445d8185489"},"headline":"Meteoroloji&#8217;den bug\u00fcn uyar\u0131 yok! R\u00fczgar hafif&#8230;","datePublished":"2025-06-19T06:42:21+00:00","mainEntityOfPage":{"@id":"https:\/\/denizcankizil.tr\/de\/haberler\/gundem\/meteorolojiden-bugun-uyari-yok-ruzgar-hafif\/"},"wordCount":321,"publisher":{"@id":"https:\/\/denizcankizil.tr\/de\/#organization"},"articleSection":["G\u00fcndem"],"inLanguage":"en-GB"},{"@type":"WebPage","@id":"https:\/\/denizcankizil.tr\/de\/haberler\/gundem\/meteorolojiden-bugun-uyari-yok-ruzgar-hafif\/","url":"https:\/\/denizcankizil.tr\/de\/haberler\/gundem\/meteorolojiden-bugun-uyari-yok-ruzgar-hafif\/","name":"Meteoroloji'den bug\u00fcn uyar\u0131 yok! R\u00fczgar hafif... - Av. Deniz Can K\u0131z\u0131l","isPartOf":{"@id":"https:\/\/denizcankizil.tr\/de\/#website"},"datePublished":"2025-06-19T06:42:21+00:00","breadcrumb":{"@id":"https:\/\/denizcankizil.tr\/de\/haberler\/gundem\/meteorolojiden-bugun-uyari-yok-ruzgar-hafif\/#breadcrumb"},"inLanguage":"en-GB","potentialAction":[{"@type":"ReadAction","target":["https:\/\/denizcankizil.tr\/de\/haberler\/gundem\/meteorolojiden-bugun-uyari-yok-ruzgar-hafif\/"]}]},{"@type":"BreadcrumbList","@id":"https:\/\/denizcankizil.tr\/de\/haberler\/gundem\/meteorolojiden-bugun-uyari-yok-ruzgar-hafif\/#breadcrumb","itemListElement":[{"@type":"ListItem","position":1,"name":"Home","item":"https:\/\/denizcankizil.tr\/de\/"},{"@type":"ListItem","position":2,"name":"Meteoroloji&#8217;den bug\u00fcn uyar\u0131 yok! R\u00fczgar hafif&#8230;"}]},{"@type":"WebSite","@id":"https:\/\/denizcankizil.tr\/de\/#website","url":"https:\/\/denizcankizil.tr\/de\/","name":"Av. Deniz Can K\u0131z\u0131l","description":"Avukat Deniz Can K\u0131z\u0131l Antalya Barosu","publisher":{"@id":"https:\/\/denizcankizil.tr\/de\/#organization"},"potentialAction":[{"@type":"SearchAction","target":{"@type":"EntryPoint","urlTemplate":"https:\/\/denizcankizil.tr\/de\/?s={search_term_string}"},"query-input":{"@type":"PropertyValueSpecification","valueRequired":true,"valueName":"search_term_string"}}],"inLanguage":"en-GB"},{"@type":"Organization","@id":"https:\/\/denizcankizil.tr\/de\/#organization","name":"Av. Deniz Can K\u0131z\u0131l","url":"https:\/\/denizcankizil.tr\/de\/","logo":{"@type":"ImageObject","inLanguage":"en-GB","@id":"https:\/\/denizcankizil.tr\/de\/#\/schema\/logo\/image\/","url":"http:\/\/denizcankizil.tr\/wp-content\/uploads\/2024\/10\/siyah-logo-svg.svg","contentUrl":"http:\/\/denizcankizil.tr\/wp-content\/uploads\/2024\/10\/siyah-logo-svg.svg","width":1080,"height":1080,"caption":"Av. Deniz Can K\u0131z\u0131l"},"image":{"@id":"https:\/\/denizcankizil.tr\/de\/#\/schema\/logo\/image\/"}},{"@type":"Person","@id":"https:\/\/denizcankizil.tr\/de\/#\/schema\/person\/be3c05fe6a12686905512445d8185489","name":"admin","image":{"@type":"ImageObject","inLanguage":"en-GB","@id":"https:\/\/denizcankizil.tr\/de\/#\/schema\/person\/image\/","url":"https:\/\/secure.gravatar.com\/avatar\/c1fce94c830dc79107e174f890d7210541c4a63e8e5d816341794a2151c9d58c?s=96&d=mm&r=g","contentUrl":"https:\/\/secure.gravatar.com\/avatar\/c1fce94c830dc79107e174f890d7210541c4a63e8e5d816341794a2151c9d58c?s=96&d=mm&r=g","caption":"admin"},"sameAs":["http:\/\/denizcankizil.tr"],"url":"https:\/\/www.iskenderun.org\/meteorolojiden-bugun-uyari-yok-ruzgar-hafif"}]}},"_links":{"self":[{"href":"http:\/\/denizcankizil.tr\/en\/wp-json\/wp\/v2\/posts\/120092","targetHints":{"allow":["GET"]}}],"collection":[{"href":"http:\/\/denizcankizil.tr\/en\/wp-json\/wp\/v2\/posts"}],"about":[{"href":"http:\/\/denizcankizil.tr\/en\/wp-json\/wp\/v2\/types\/post"}],"author":[{"embeddable":true,"href":"http:\/\/denizcankizil.tr\/en\/wp-json\/wp\/v2\/users\/1"}],"replies":[{"embeddable":true,"href":"http:\/\/denizcankizil.tr\/en\/wp-json\/wp\/v2\/comments?post=120092"}],"version-history":[{"count":0,"href":"http:\/\/denizcankizil.tr\/en\/wp-json\/wp\/v2\/posts\/120092\/revisions"}],"wp:attachment":[{"href":"http:\/\/denizcankizil.tr\/en\/wp-json\/wp\/v2\/media?parent=120092"}],"wp:term":[{"taxonomy":"category","embeddable":true,"href":"http:\/\/denizcankizil.tr\/en\/wp-json\/wp\/v2\/categories?post=120092"},{"taxonomy":"post_tag","embeddable":true,"href":"http:\/\/denizcankizil.tr\/en\/wp-json\/wp\/v2\/tags?post=120092"}],"curies":[{"name":"wp","href":"https:\/\/api.w.org\/{rel}","templated":true}]}}