{"id":115061,"date":"2025-06-13T15:41:27","date_gmt":"2025-06-13T12:41:27","guid":{"rendered":"https:\/\/denizcankizil.tr\/uncategorized-tr\/muratpasa-belediyesi-ferdi-zeyrek-icin-helva-dagitti\/"},"modified":"2025-06-13T15:41:27","modified_gmt":"2025-06-13T12:41:27","slug":"muratpasa-belediyesi-ferdi-zeyrek-icin-helva-dagitti","status":"publish","type":"post","link":"http:\/\/denizcankizil.tr\/en\/haberler\/gundem\/muratpasa-belediyesi-ferdi-zeyrek-icin-helva-dagitti\/","title":{"rendered":"Muratpa\u015fa Belediyesi, Ferdi Zeyrek i\u00e7in helva da\u011f\u0131tt\u0131"},"content":{"rendered":"<p>Antalya Muratpa\u015fa Belediyesi, ge\u00e7irdi\u011fi elim bir kaza sonucu ya\u015fam\u0131n\u0131 yitiren Manisa B\u00fcy\u00fck\u015fehir Belediye Ba\u015fkan\u0131 Ferdi Zeyrek\u2019i dualarla and\u0131. 6 Haziran\u2019da evinde meydana gelen elektrik \u00e7arpmas\u0131 sonucu kald\u0131r\u0131ld\u0131\u011f\u0131 hastanede hayat\u0131n\u0131 kaybeden Zeyrek\u2019in ruhu i\u00e7in Muratpa\u015fa Belediyesi taraf\u0131ndan cami \u00e7\u0131k\u0131\u015f\u0131nda vatanda\u015flara helva da\u011f\u0131t\u0131ld\u0131. Helvalar, belediyenin a\u015fevi taraf\u0131ndan haz\u0131rland\u0131.<\/p>\n<p>MURATPA\u015eA&#8217;DA B\u0130R PARKDA BA\u015eKAN ZEYREK&#8217;\u0130N ADI YA\u015eAYACAK <\/p>\n<p>Muratpa\u015fa Belediye Ba\u015fkan\u0131 \u00dcmit Uysal, gen\u00e7 ya\u015fta ya\u015fam\u0131n\u0131 yitiren Ferdi Zeyrek\u2019in halkla i\u00e7 i\u00e7e, samimi ve \u00e7al\u0131\u015fkan bir belediye ba\u015fkan\u0131 oldu\u011funu vurgulayarak, \u201cFerdi Zeyrek\u2019i sayg\u0131, sevgi ve rahmetle an\u0131yoruz. An\u0131s\u0131n\u0131 Muratpa\u015fa\u2019m\u0131zda ya\u015fataca\u011f\u0131z\u201d dedi. Zeyrek\u2019in ad\u0131n\u0131n Muratpa\u015fa\u2019da bir parka verilmesi \u00f6nerisi, Temmuz ay\u0131 Belediye Meclisi g\u00fcndemine ta\u015f\u0131nacak.<\/p>\n<p>\u200bMuratpa\u015fa Belediyesi, ge\u00e7ti\u011fimiz g\u00fcnlerde elim bir kaza sonucu hayat\u0131n\u0131 kaybeden Manisa B\u00fcy\u00fck\u015fehir Belediye Ba\u015fkan\u0131 Ferdi Zeyrek i\u00e7in tarihi Muratpa\u015fa Camii&#8217;nde Cuma namaz\u0131 \u00e7\u0131k\u0131\u015f\u0131 helva ikram\u0131nda bulundu.\u00a0Muratpa\u015fa Belediye Ba\u015fkan\u0131 \u00dcmit Uysal, Temmuz ay\u0131 Belediye Meclisi&#8217;nde Ferdi Zeyrek&#8217;in ad\u0131n\u0131n Muratpa\u015fa&#8217;da bir parka verilmesi i\u00e7in de \u00f6neri sunaca\u011f\u0131n\u0131 duyurdu.\u00a0<\/p>\n<p>\u200bHaberin Al\u0131nt\u0131land\u0131\u011f\u0131 Kaynak: www.antalyakorfez.com<\/p>","protected":false},"excerpt":{"rendered":"<p>Antalya Muratpa\u015fa Belediyesi, ge\u00e7irdi\u011fi elim bir kaza sonucu ya\u015fam\u0131n\u0131 yitiren Manisa B\u00fcy\u00fck\u015fehir Belediye Ba\u015fkan\u0131 Ferdi Zeyrek\u2019i dualarla and\u0131. 6 Haziran\u2019da evinde meydana gelen elektrik \u00e7arpmas\u0131 sonucu kald\u0131r\u0131ld\u0131\u011f\u0131 hastanede hayat\u0131n\u0131 kaybeden Zeyrek\u2019in ruhu i\u00e7in Muratpa\u015fa Belediyesi taraf\u0131ndan cami \u00e7\u0131k\u0131\u015f\u0131nda vatanda\u015flara helva da\u011f\u0131t\u0131ld\u0131. Helvalar, belediyenin a\u015fevi taraf\u0131ndan haz\u0131rland\u0131. MURATPA\u015eA&#8217;DA B\u0130R PARKDA BA\u015eKAN ZEYREK&#8217;\u0130N ADI YA\u015eAYACAK Muratpa\u015fa Belediye Ba\u015fkan\u0131 \u00dcmit Uysal, gen\u00e7 ya\u015fta ya\u015fam\u0131n\u0131 yitiren Ferdi Zeyrek\u2019in halkla i\u00e7 i\u00e7e, samimi ve \u00e7al\u0131\u015fkan bir belediye ba\u015fkan\u0131 oldu\u011funu vurgulayarak, \u201cFerdi Zeyrek\u2019i sayg\u0131, sevgi ve rahmetle an\u0131yoruz. An\u0131s\u0131n\u0131 Muratpa\u015fa\u2019m\u0131zda ya\u015fataca\u011f\u0131z\u201d dedi. Zeyrek\u2019in ad\u0131n\u0131n Muratpa\u015fa\u2019da bir parka verilmesi \u00f6nerisi, Temmuz ay\u0131 Belediye Meclisi g\u00fcndemine ta\u015f\u0131nacak. \u200bMuratpa\u015fa Belediyesi, ge\u00e7ti\u011fimiz g\u00fcnlerde elim bir kaza sonucu hayat\u0131n\u0131 kaybeden Manisa B\u00fcy\u00fck\u015fehir Belediye Ba\u015fkan\u0131 Ferdi Zeyrek i\u00e7in tarihi Muratpa\u015fa Camii&#8217;nde Cuma namaz\u0131 \u00e7\u0131k\u0131\u015f\u0131 helva ikram\u0131nda bulundu.\u00a0Muratpa\u015fa Belediye Ba\u015fkan\u0131 \u00dcmit Uysal, Temmuz ay\u0131 Belediye Meclisi&#8217;nde Ferdi Zeyrek&#8217;in ad\u0131n\u0131n Muratpa\u015fa&#8217;da bir parka verilmesi i\u00e7in de \u00f6neri sunaca\u011f\u0131n\u0131 duyurdu.\u00a0 \u200bHaberin Al\u0131nt\u0131land\u0131\u011f\u0131 Kaynak: www.antalyakorfez.com<\/p>","protected":false},"author":5,"featured_media":0,"comment_status":"","ping_status":"open","sticky":false,"template":"","format":"standard","meta":{"_acf_changed":false,"footnotes":""},"categories":[24],"tags":[],"class_list":["post-115061","post","type-post","status-publish","format-standard","has-post-thumbnail","hentry","category-gundem"],"acf":[],"yoast_head":"<!-- This site is optimized with the Yoast SEO Premium plugin v26.6 (Yoast SEO v27.1.1) - https:\/\/yoast.com\/product\/yoast-seo-premium-wordpress\/ -->\n<title>Muratpa\u015fa Belediyesi, Ferdi Zeyrek i\u00e7in helva da\u011f\u0131tt\u0131 - Av. Deniz Can K\u0131z\u0131l<\/title>\n<meta name=\"robots\" content=\"index, follow, max-snippet:-1, max-image-preview:large, max-video-preview:-1\" \/>\n<link rel=\"canonical\" href=\"http:\/\/denizcankizil.tr\/en\/haberler\/gundem\/muratpasa-belediyesi-ferdi-zeyrek-icin-helva-dagitti\/\" \/>\n<meta property=\"og:locale\" content=\"en_GB\" \/>\n<meta property=\"og:type\" content=\"article\" \/>\n<meta property=\"og:title\" content=\"Muratpa\u015fa Belediyesi, Ferdi Zeyrek i\u00e7in helva da\u011f\u0131tt\u0131\" \/>\n<meta property=\"og:description\" content=\"Antalya Muratpa\u015fa Belediyesi, ge\u00e7irdi\u011fi elim bir kaza sonucu ya\u015fam\u0131n\u0131 yitiren Manisa B\u00fcy\u00fck\u015fehir Belediye Ba\u015fkan\u0131 Ferdi Zeyrek\u2019i dualarla and\u0131. 6 Haziran\u2019da evinde meydana gelen elektrik \u00e7arpmas\u0131 sonucu kald\u0131r\u0131ld\u0131\u011f\u0131 hastanede hayat\u0131n\u0131 kaybeden Zeyrek\u2019in ruhu i\u00e7in Muratpa\u015fa Belediyesi taraf\u0131ndan cami \u00e7\u0131k\u0131\u015f\u0131nda vatanda\u015flara helva da\u011f\u0131t\u0131ld\u0131. Helvalar, belediyenin a\u015fevi taraf\u0131ndan haz\u0131rland\u0131. MURATPA\u015eA&#8217;DA B\u0130R PARKDA BA\u015eKAN ZEYREK&#8217;\u0130N ADI YA\u015eAYACAK Muratpa\u015fa Belediye Ba\u015fkan\u0131 \u00dcmit Uysal, gen\u00e7 ya\u015fta ya\u015fam\u0131n\u0131 yitiren Ferdi Zeyrek\u2019in halkla i\u00e7 i\u00e7e, samimi ve \u00e7al\u0131\u015fkan bir belediye ba\u015fkan\u0131 oldu\u011funu vurgulayarak, \u201cFerdi Zeyrek\u2019i sayg\u0131, sevgi ve rahmetle an\u0131yoruz. An\u0131s\u0131n\u0131 Muratpa\u015fa\u2019m\u0131zda ya\u015fataca\u011f\u0131z\u201d dedi. Zeyrek\u2019in ad\u0131n\u0131n Muratpa\u015fa\u2019da bir parka verilmesi \u00f6nerisi, Temmuz ay\u0131 Belediye Meclisi g\u00fcndemine ta\u015f\u0131nacak. \u200bMuratpa\u015fa Belediyesi, ge\u00e7ti\u011fimiz g\u00fcnlerde elim bir kaza sonucu hayat\u0131n\u0131 kaybeden Manisa B\u00fcy\u00fck\u015fehir Belediye Ba\u015fkan\u0131 Ferdi Zeyrek i\u00e7in tarihi Muratpa\u015fa Camii&#8217;nde Cuma namaz\u0131 \u00e7\u0131k\u0131\u015f\u0131 helva ikram\u0131nda bulundu.\u00a0Muratpa\u015fa Belediye Ba\u015fkan\u0131 \u00dcmit Uysal, Temmuz ay\u0131 Belediye Meclisi&#8217;nde Ferdi Zeyrek&#8217;in ad\u0131n\u0131n Muratpa\u015fa&#8217;da bir parka verilmesi i\u00e7in de \u00f6neri sunaca\u011f\u0131n\u0131 duyurdu.\u00a0 \u200bHaberin Al\u0131nt\u0131land\u0131\u011f\u0131 Kaynak: www.antalyakorfez.com\" \/>\n<meta property=\"og:url\" content=\"http:\/\/denizcankizil.tr\/en\/haberler\/gundem\/muratpasa-belediyesi-ferdi-zeyrek-icin-helva-dagitti\/\" \/>\n<meta property=\"og:site_name\" content=\"Av. Deniz Can K\u0131z\u0131l\" \/>\n<meta property=\"article:published_time\" content=\"2025-06-13T12:41:27+00:00\" \/>\n<meta name=\"author\" content=\"Antalya K\u00f6rfez\" \/>\n<meta name=\"twitter:card\" content=\"summary_large_image\" \/>\n<meta name=\"twitter:label1\" content=\"Written by\" \/>\n\t<meta name=\"twitter:data1\" content=\"Antalya K\u00f6rfez\" \/>\n\t<meta name=\"twitter:label2\" content=\"Estimated reading time\" \/>\n\t<meta name=\"twitter:data2\" content=\"1 minute\" \/>\n<script type=\"application\/ld+json\" class=\"yoast-schema-graph\">{\"@context\":\"https:\/\/schema.org\",\"@graph\":[{\"@type\":\"Article\",\"@id\":\"http:\/\/denizcankizil.tr\/en\/haberler\/gundem\/muratpasa-belediyesi-ferdi-zeyrek-icin-helva-dagitti\/#article\",\"isPartOf\":{\"@id\":\"http:\/\/denizcankizil.tr\/en\/haberler\/gundem\/muratpasa-belediyesi-ferdi-zeyrek-icin-helva-dagitti\/\"},\"author\":{\"name\":\"Antalya K\u00f6rfez\",\"@id\":\"https:\/\/denizcankizil.tr\/#\/schema\/person\/e1eb71bb4dd684d46563f0af307e1234\"},\"headline\":\"Muratpa\u015fa Belediyesi, Ferdi Zeyrek i\u00e7in helva da\u011f\u0131tt\u0131\",\"datePublished\":\"2025-06-13T12:41:27+00:00\",\"mainEntityOfPage\":{\"@id\":\"http:\/\/denizcankizil.tr\/en\/haberler\/gundem\/muratpasa-belediyesi-ferdi-zeyrek-icin-helva-dagitti\/\"},\"wordCount\":243,\"publisher\":{\"@id\":\"https:\/\/denizcankizil.tr\/#organization\"},\"articleSection\":[\"G\u00fcndem\"],\"inLanguage\":\"en-GB\"},{\"@type\":\"WebPage\",\"@id\":\"http:\/\/denizcankizil.tr\/en\/haberler\/gundem\/muratpasa-belediyesi-ferdi-zeyrek-icin-helva-dagitti\/\",\"url\":\"http:\/\/denizcankizil.tr\/en\/haberler\/gundem\/muratpasa-belediyesi-ferdi-zeyrek-icin-helva-dagitti\/\",\"name\":\"Muratpa\u015fa Belediyesi, Ferdi Zeyrek i\u00e7in helva da\u011f\u0131tt\u0131 - Av. Deniz Can K\u0131z\u0131l\",\"isPartOf\":{\"@id\":\"https:\/\/denizcankizil.tr\/#website\"},\"datePublished\":\"2025-06-13T12:41:27+00:00\",\"breadcrumb\":{\"@id\":\"http:\/\/denizcankizil.tr\/en\/haberler\/gundem\/muratpasa-belediyesi-ferdi-zeyrek-icin-helva-dagitti\/#breadcrumb\"},\"inLanguage\":\"en-GB\",\"potentialAction\":[{\"@type\":\"ReadAction\",\"target\":[\"http:\/\/denizcankizil.tr\/en\/haberler\/gundem\/muratpasa-belediyesi-ferdi-zeyrek-icin-helva-dagitti\/\"]}]},{\"@type\":\"BreadcrumbList\",\"@id\":\"http:\/\/denizcankizil.tr\/en\/haberler\/gundem\/muratpasa-belediyesi-ferdi-zeyrek-icin-helva-dagitti\/#breadcrumb\",\"itemListElement\":[{\"@type\":\"ListItem\",\"position\":1,\"name\":\"Home\",\"item\":\"https:\/\/denizcankizil.tr\/de\/\"},{\"@type\":\"ListItem\",\"position\":2,\"name\":\"Muratpa\u015fa Belediyesi, Ferdi Zeyrek i\u00e7in helva da\u011f\u0131tt\u0131\"}]},{\"@type\":\"WebSite\",\"@id\":\"https:\/\/denizcankizil.tr\/#website\",\"url\":\"https:\/\/denizcankizil.tr\/\",\"name\":\"Av. Deniz Can K\u0131z\u0131l\",\"description\":\"Avukat Deniz Can K\u0131z\u0131l Antalya Barosu\",\"publisher\":{\"@id\":\"https:\/\/denizcankizil.tr\/#organization\"},\"potentialAction\":[{\"@type\":\"SearchAction\",\"target\":{\"@type\":\"EntryPoint\",\"urlTemplate\":\"https:\/\/denizcankizil.tr\/?s={search_term_string}\"},\"query-input\":{\"@type\":\"PropertyValueSpecification\",\"valueRequired\":true,\"valueName\":\"search_term_string\"}}],\"inLanguage\":\"en-GB\"},{\"@type\":\"Organization\",\"@id\":\"https:\/\/denizcankizil.tr\/#organization\",\"name\":\"Av. Deniz Can K\u0131z\u0131l\",\"url\":\"https:\/\/denizcankizil.tr\/\",\"logo\":{\"@type\":\"ImageObject\",\"inLanguage\":\"en-GB\",\"@id\":\"https:\/\/denizcankizil.tr\/#\/schema\/logo\/image\/\",\"url\":\"http:\/\/denizcankizil.tr\/wp-content\/uploads\/2024\/10\/siyah-logo-svg.svg\",\"contentUrl\":\"http:\/\/denizcankizil.tr\/wp-content\/uploads\/2024\/10\/siyah-logo-svg.svg\",\"width\":1080,\"height\":1080,\"caption\":\"Av. Deniz Can K\u0131z\u0131l\"},\"image\":{\"@id\":\"https:\/\/denizcankizil.tr\/#\/schema\/logo\/image\/\"}},{\"@type\":\"Person\",\"@id\":\"https:\/\/denizcankizil.tr\/#\/schema\/person\/e1eb71bb4dd684d46563f0af307e1234\",\"name\":\"Antalya K\u00f6rfez\",\"image\":{\"@type\":\"ImageObject\",\"inLanguage\":\"en-GB\",\"@id\":\"https:\/\/denizcankizil.tr\/#\/schema\/person\/image\/\",\"url\":\"https:\/\/secure.gravatar.com\/avatar\/42b01982558a48a0b501fdcab6a408d3717ea5919095ee2e67b0e521799c5905?s=96&d=mm&r=g\",\"contentUrl\":\"https:\/\/secure.gravatar.com\/avatar\/42b01982558a48a0b501fdcab6a408d3717ea5919095ee2e67b0e521799c5905?s=96&d=mm&r=g\",\"caption\":\"Antalya K\u00f6rfez\"},\"sameAs\":[\"http:\/\/www.antalyakorfez.com\"],\"url\":\"https:\/\/www.antalyakorfez.com\/muratpasa-belediyesi-ferdi-zeyrek-icin-helva-dagitti\"}]}<\/script>\n<!-- \/ Yoast SEO Premium plugin. -->","yoast_head_json":{"title":"Muratpa\u015fa Belediyesi, Ferdi Zeyrek i\u00e7in helva da\u011f\u0131tt\u0131 - Av. Deniz Can K\u0131z\u0131l","robots":{"index":"index","follow":"follow","max-snippet":"max-snippet:-1","max-image-preview":"max-image-preview:large","max-video-preview":"max-video-preview:-1"},"canonical":"http:\/\/denizcankizil.tr\/en\/haberler\/gundem\/muratpasa-belediyesi-ferdi-zeyrek-icin-helva-dagitti\/","og_locale":"en_GB","og_type":"article","og_title":"Muratpa\u015fa Belediyesi, Ferdi Zeyrek i\u00e7in helva da\u011f\u0131tt\u0131","og_description":"Antalya Muratpa\u015fa Belediyesi, ge\u00e7irdi\u011fi elim bir kaza sonucu ya\u015fam\u0131n\u0131 yitiren Manisa B\u00fcy\u00fck\u015fehir Belediye Ba\u015fkan\u0131 Ferdi Zeyrek\u2019i dualarla and\u0131. 6 Haziran\u2019da evinde meydana gelen elektrik \u00e7arpmas\u0131 sonucu kald\u0131r\u0131ld\u0131\u011f\u0131 hastanede hayat\u0131n\u0131 kaybeden Zeyrek\u2019in ruhu i\u00e7in Muratpa\u015fa Belediyesi taraf\u0131ndan cami \u00e7\u0131k\u0131\u015f\u0131nda vatanda\u015flara helva da\u011f\u0131t\u0131ld\u0131. Helvalar, belediyenin a\u015fevi taraf\u0131ndan haz\u0131rland\u0131. MURATPA\u015eA&#8217;DA B\u0130R PARKDA BA\u015eKAN ZEYREK&#8217;\u0130N ADI YA\u015eAYACAK Muratpa\u015fa Belediye Ba\u015fkan\u0131 \u00dcmit Uysal, gen\u00e7 ya\u015fta ya\u015fam\u0131n\u0131 yitiren Ferdi Zeyrek\u2019in halkla i\u00e7 i\u00e7e, samimi ve \u00e7al\u0131\u015fkan bir belediye ba\u015fkan\u0131 oldu\u011funu vurgulayarak, \u201cFerdi Zeyrek\u2019i sayg\u0131, sevgi ve rahmetle an\u0131yoruz. An\u0131s\u0131n\u0131 Muratpa\u015fa\u2019m\u0131zda ya\u015fataca\u011f\u0131z\u201d dedi. Zeyrek\u2019in ad\u0131n\u0131n Muratpa\u015fa\u2019da bir parka verilmesi \u00f6nerisi, Temmuz ay\u0131 Belediye Meclisi g\u00fcndemine ta\u015f\u0131nacak. \u200bMuratpa\u015fa Belediyesi, ge\u00e7ti\u011fimiz g\u00fcnlerde elim bir kaza sonucu hayat\u0131n\u0131 kaybeden Manisa B\u00fcy\u00fck\u015fehir Belediye Ba\u015fkan\u0131 Ferdi Zeyrek i\u00e7in tarihi Muratpa\u015fa Camii&#8217;nde Cuma namaz\u0131 \u00e7\u0131k\u0131\u015f\u0131 helva ikram\u0131nda bulundu.\u00a0Muratpa\u015fa Belediye Ba\u015fkan\u0131 \u00dcmit Uysal, Temmuz ay\u0131 Belediye Meclisi&#8217;nde Ferdi Zeyrek&#8217;in ad\u0131n\u0131n Muratpa\u015fa&#8217;da bir parka verilmesi i\u00e7in de \u00f6neri sunaca\u011f\u0131n\u0131 duyurdu.\u00a0 \u200bHaberin Al\u0131nt\u0131land\u0131\u011f\u0131 Kaynak: www.antalyakorfez.com","og_url":"http:\/\/denizcankizil.tr\/en\/haberler\/gundem\/muratpasa-belediyesi-ferdi-zeyrek-icin-helva-dagitti\/","og_site_name":"Av. Deniz Can K\u0131z\u0131l","article_published_time":"2025-06-13T12:41:27+00:00","author":"Antalya K\u00f6rfez","twitter_card":"summary_large_image","twitter_misc":{"Written by":"Antalya K\u00f6rfez","Estimated reading time":"1 minute"},"schema":{"@context":"https:\/\/schema.org","@graph":[{"@type":"Article","@id":"http:\/\/denizcankizil.tr\/en\/haberler\/gundem\/muratpasa-belediyesi-ferdi-zeyrek-icin-helva-dagitti\/#article","isPartOf":{"@id":"http:\/\/denizcankizil.tr\/en\/haberler\/gundem\/muratpasa-belediyesi-ferdi-zeyrek-icin-helva-dagitti\/"},"author":{"name":"Antalya K\u00f6rfez","@id":"https:\/\/denizcankizil.tr\/#\/schema\/person\/e1eb71bb4dd684d46563f0af307e1234"},"headline":"Muratpa\u015fa Belediyesi, Ferdi Zeyrek i\u00e7in helva da\u011f\u0131tt\u0131","datePublished":"2025-06-13T12:41:27+00:00","mainEntityOfPage":{"@id":"http:\/\/denizcankizil.tr\/en\/haberler\/gundem\/muratpasa-belediyesi-ferdi-zeyrek-icin-helva-dagitti\/"},"wordCount":243,"publisher":{"@id":"https:\/\/denizcankizil.tr\/#organization"},"articleSection":["G\u00fcndem"],"inLanguage":"en-GB"},{"@type":"WebPage","@id":"http:\/\/denizcankizil.tr\/en\/haberler\/gundem\/muratpasa-belediyesi-ferdi-zeyrek-icin-helva-dagitti\/","url":"http:\/\/denizcankizil.tr\/en\/haberler\/gundem\/muratpasa-belediyesi-ferdi-zeyrek-icin-helva-dagitti\/","name":"Muratpa\u015fa Belediyesi, Ferdi Zeyrek i\u00e7in helva da\u011f\u0131tt\u0131 - Av. Deniz Can K\u0131z\u0131l","isPartOf":{"@id":"https:\/\/denizcankizil.tr\/#website"},"datePublished":"2025-06-13T12:41:27+00:00","breadcrumb":{"@id":"http:\/\/denizcankizil.tr\/en\/haberler\/gundem\/muratpasa-belediyesi-ferdi-zeyrek-icin-helva-dagitti\/#breadcrumb"},"inLanguage":"en-GB","potentialAction":[{"@type":"ReadAction","target":["http:\/\/denizcankizil.tr\/en\/haberler\/gundem\/muratpasa-belediyesi-ferdi-zeyrek-icin-helva-dagitti\/"]}]},{"@type":"BreadcrumbList","@id":"http:\/\/denizcankizil.tr\/en\/haberler\/gundem\/muratpasa-belediyesi-ferdi-zeyrek-icin-helva-dagitti\/#breadcrumb","itemListElement":[{"@type":"ListItem","position":1,"name":"Home","item":"https:\/\/denizcankizil.tr\/de\/"},{"@type":"ListItem","position":2,"name":"Muratpa\u015fa Belediyesi, Ferdi Zeyrek i\u00e7in helva da\u011f\u0131tt\u0131"}]},{"@type":"WebSite","@id":"https:\/\/denizcankizil.tr\/#website","url":"https:\/\/denizcankizil.tr\/","name":"Av. Deniz Can K\u0131z\u0131l","description":"Avukat Deniz Can K\u0131z\u0131l Antalya Barosu","publisher":{"@id":"https:\/\/denizcankizil.tr\/#organization"},"potentialAction":[{"@type":"SearchAction","target":{"@type":"EntryPoint","urlTemplate":"https:\/\/denizcankizil.tr\/?s={search_term_string}"},"query-input":{"@type":"PropertyValueSpecification","valueRequired":true,"valueName":"search_term_string"}}],"inLanguage":"en-GB"},{"@type":"Organization","@id":"https:\/\/denizcankizil.tr\/#organization","name":"Av. Deniz Can K\u0131z\u0131l","url":"https:\/\/denizcankizil.tr\/","logo":{"@type":"ImageObject","inLanguage":"en-GB","@id":"https:\/\/denizcankizil.tr\/#\/schema\/logo\/image\/","url":"http:\/\/denizcankizil.tr\/wp-content\/uploads\/2024\/10\/siyah-logo-svg.svg","contentUrl":"http:\/\/denizcankizil.tr\/wp-content\/uploads\/2024\/10\/siyah-logo-svg.svg","width":1080,"height":1080,"caption":"Av. Deniz Can K\u0131z\u0131l"},"image":{"@id":"https:\/\/denizcankizil.tr\/#\/schema\/logo\/image\/"}},{"@type":"Person","@id":"https:\/\/denizcankizil.tr\/#\/schema\/person\/e1eb71bb4dd684d46563f0af307e1234","name":"Antalya K\u00f6rfez","image":{"@type":"ImageObject","inLanguage":"en-GB","@id":"https:\/\/denizcankizil.tr\/#\/schema\/person\/image\/","url":"https:\/\/secure.gravatar.com\/avatar\/42b01982558a48a0b501fdcab6a408d3717ea5919095ee2e67b0e521799c5905?s=96&d=mm&r=g","contentUrl":"https:\/\/secure.gravatar.com\/avatar\/42b01982558a48a0b501fdcab6a408d3717ea5919095ee2e67b0e521799c5905?s=96&d=mm&r=g","caption":"Antalya K\u00f6rfez"},"sameAs":["http:\/\/www.antalyakorfez.com"],"url":"https:\/\/www.antalyakorfez.com\/muratpasa-belediyesi-ferdi-zeyrek-icin-helva-dagitti"}]}},"_links":{"self":[{"href":"http:\/\/denizcankizil.tr\/en\/wp-json\/wp\/v2\/posts\/115061","targetHints":{"allow":["GET"]}}],"collection":[{"href":"http:\/\/denizcankizil.tr\/en\/wp-json\/wp\/v2\/posts"}],"about":[{"href":"http:\/\/denizcankizil.tr\/en\/wp-json\/wp\/v2\/types\/post"}],"author":[{"embeddable":true,"href":"http:\/\/denizcankizil.tr\/en\/wp-json\/wp\/v2\/users\/5"}],"replies":[{"embeddable":true,"href":"http:\/\/denizcankizil.tr\/en\/wp-json\/wp\/v2\/comments?post=115061"}],"version-history":[{"count":0,"href":"http:\/\/denizcankizil.tr\/en\/wp-json\/wp\/v2\/posts\/115061\/revisions"}],"wp:attachment":[{"href":"http:\/\/denizcankizil.tr\/en\/wp-json\/wp\/v2\/media?parent=115061"}],"wp:term":[{"taxonomy":"category","embeddable":true,"href":"http:\/\/denizcankizil.tr\/en\/wp-json\/wp\/v2\/categories?post=115061"},{"taxonomy":"post_tag","embeddable":true,"href":"http:\/\/denizcankizil.tr\/en\/wp-json\/wp\/v2\/tags?post=115061"}],"curies":[{"name":"wp","href":"https:\/\/api.w.org\/{rel}","templated":true}]}}