{"id":114918,"date":"2025-06-13T10:42:18","date_gmt":"2025-06-13T07:42:18","guid":{"rendered":"https:\/\/denizcankizil.tr\/uncategorized-tr\/meteoroloji-uyardi-saganak-yagis-ve-toz-tasinimina-dikkat\/"},"modified":"2025-06-13T10:42:18","modified_gmt":"2025-06-13T07:42:18","slug":"meteoroloji-uyardi-saganak-yagis-ve-toz-tasinimina-dikkat","status":"publish","type":"post","link":"http:\/\/denizcankizil.tr\/en\/haberler\/gundem\/meteoroloji-uyardi-saganak-yagis-ve-toz-tasinimina-dikkat\/","title":{"rendered":"Meteoroloji uyard\u0131! Sa\u011fanak ya\u011f\u0131\u015f ve toz ta\u015f\u0131n\u0131m\u0131na dikkat!"},"content":{"rendered":"<p>Meteoroloji Genel M\u00fcd\u00fcrl\u00fc\u011f\u00fc taraf\u0131ndan yap\u0131lan tahminlere g\u00f6re yurdun kuzey, i\u00e7 ve do\u011fu kesimlerinin par\u00e7al\u0131, yer yer \u00e7ok bulutlu bir hava hakim olacak.ANKARA (\u0130GFA) &#8211; Meteoroloji Genel M\u00fcd\u00fcrl\u00fc\u011f\u00fc, 13 Haziran Cuma g\u00fcn\u00fcne ili\u015fkin hava tahmin raporunu yay\u0131mlad\u0131.<br \/>\nYurdun baz\u0131 b\u00f6lgelerinde yerel sa\u011fanak ve g\u00f6k g\u00fcr\u00fclt\u00fcl\u00fc sa\u011fanak ya\u011f\u0131\u015f bekleniyor.<\/p>\n<p>Bat\u0131 Akdeniz\u2019in i\u00e7 kesimleri, Do\u011fu Akdeniz\u2019in Toroslar mevkii, Orta Karadeniz k\u0131y\u0131lar\u0131, Do\u011fu Karadeniz, Do\u011fu Anadolu\u2019nun kuzey ve do\u011fusu, Kastamonu, \u00c7orum, Yozgat ve Konya \u00e7evreleri ile Kahramanmara\u015f&#8217;\u0131n bat\u0131 kesimlerinin yerel olmak \u00fczere sa\u011fanak ve g\u00f6k g\u00fcr\u00fclt\u00fcl\u00fc sa\u011fanak ya\u011f\u0131\u015fl\u0131, di\u011fer yerlerin az bulutlu ve a\u00e7\u0131k ge\u00e7ece\u011fi tahmin ediliyor. Do\u011fu Anadolu\u2019nun g\u00fcneydo\u011fusu ile G\u00fcneydo\u011fu Anadolu\u2019nun do\u011fusunda toz ta\u015f\u0131n\u0131m\u0131 bekleniyor.<\/p>\n<p>Hava s\u0131cakl\u0131\u011f\u0131n\u0131n, yurt genelinde mevsim normallerinin \u00fczerinde seyretmeye devam etmesi bekleniyor. R\u00fczgar\u0131n genellikle kuzey y\u00f6nlerden, hafif, ara s\u0131ra orta kuvvette esmesi bekleniyor.<\/p>\n<p>TOZ TA\u015eINIMI UYARISI:<br \/>\nDo\u011fu Anadolu\u2019nun g\u00fcneydo\u011fusu ile G\u00fcneydo\u011fu Anadolu\u2019nun do\u011fusunda toz ta\u015f\u0131n\u0131m\u0131 beklendi\u011finden ya\u015fanabilecek olumsuzluklara kar\u015f\u0131 dikkatli ve tedbirli olunmas\u0131 gerekmektedir.<\/p>\n<p>\u200bMeteoroloji Genel M\u00fcd\u00fcrl\u00fc\u011f\u00fc taraf\u0131ndan yap\u0131lan tahminlere g\u00f6re yurdun kuzey, i\u00e7 ve do\u011fu kesimlerinin par\u00e7al\u0131, yer yer \u00e7ok bulutlu bir hava hakim olacak.ANKARA (\u0130GFA) &#8211; Meteoroloji Genel M\u00fcd\u00fcrl\u00fc\u011f\u00fc, 13 Haziran Cuma g\u00fcn\u00fcne ili\u015fkin hava tahmin raporunu yay\u0131mlad\u0131.<br \/>\nYurdun baz\u0131 b\u00f6lgelerinde yerel sa\u011fanak ve g\u00f6k g\u00fcr\u00fclt\u00fcl\u00fc sa\u011fanak ya\u011f\u0131\u015f bekleniyor.<\/p>\n<p>Bat\u0131 Akdeniz\u2019in i\u00e7 kesimleri, Do\u011fu Akdeniz\u2019in Toroslar mevkii, Orta Karadeniz k\u0131y\u0131lar\u0131, Do\u011fu Karadeniz, Do\u011fu Anadolu\u2019nun kuzey ve do\u011fusu, Kastamonu, \u00c7orum, Yozgat ve Konya \u00e7evreleri ile Kahramanmara\u015f&#8217;\u0131n bat\u0131 kesimlerinin yerel olmak \u00fczere sa\u011fanak ve g\u00f6k g\u00fcr\u00fclt\u00fcl\u00fc sa\u011fanak ya\u011f\u0131\u015fl\u0131, di\u011fer yerlerin az bulutlu ve a\u00e7\u0131k ge\u00e7ece\u011fi tahmin ediliyor. Do\u011fu Anadolu\u2019nun g\u00fcneydo\u011fusu ile G\u00fcneydo\u011fu Anadolu\u2019nun do\u011fusunda toz ta\u015f\u0131n\u0131m\u0131 bekleniyor.<\/p>\n<p>Hava s\u0131cakl\u0131\u011f\u0131n\u0131n, yurt genelinde mevsim normallerinin \u00fczerinde seyretmeye devam etmesi bekleniyor. R\u00fczgar\u0131n genellikle kuzey y\u00f6nlerden, hafif, ara s\u0131ra orta kuvvette esmesi bekleniyor.<\/p>\n<p>TOZ TA\u015eINIMI UYARISI:<br \/>\nDo\u011fu Anadolu\u2019nun g\u00fcneydo\u011fusu ile G\u00fcneydo\u011fu Anadolu\u2019nun do\u011fusunda toz ta\u015f\u0131n\u0131m\u0131 beklendi\u011finden ya\u015fanabilecek olumsuzluklara kar\u015f\u0131 dikkatli ve tedbirli olunmas\u0131 gerekmektedir.\u00a0<\/p>\n<p>\u200bHaberin Al\u0131nt\u0131land\u0131\u011f\u0131 Kaynak: www.iskenderun.org<\/p>","protected":false},"excerpt":{"rendered":"<p>Meteoroloji Genel M\u00fcd\u00fcrl\u00fc\u011f\u00fc taraf\u0131ndan yap\u0131lan tahminlere g\u00f6re yurdun kuzey, i\u00e7 ve do\u011fu kesimlerinin par\u00e7al\u0131, yer yer \u00e7ok bulutlu bir hava hakim olacak.ANKARA (\u0130GFA) &#8211; Meteoroloji Genel M\u00fcd\u00fcrl\u00fc\u011f\u00fc, 13 Haziran Cuma g\u00fcn\u00fcne ili\u015fkin hava tahmin raporunu yay\u0131mlad\u0131. Yurdun baz\u0131 b\u00f6lgelerinde yerel sa\u011fanak ve g\u00f6k g\u00fcr\u00fclt\u00fcl\u00fc sa\u011fanak ya\u011f\u0131\u015f bekleniyor. Bat\u0131 Akdeniz\u2019in i\u00e7 kesimleri, Do\u011fu Akdeniz\u2019in Toroslar mevkii, Orta Karadeniz k\u0131y\u0131lar\u0131, Do\u011fu Karadeniz, Do\u011fu Anadolu\u2019nun kuzey ve do\u011fusu, Kastamonu, \u00c7orum, Yozgat ve Konya \u00e7evreleri ile Kahramanmara\u015f&#8217;\u0131n bat\u0131 kesimlerinin yerel olmak \u00fczere sa\u011fanak ve g\u00f6k g\u00fcr\u00fclt\u00fcl\u00fc sa\u011fanak ya\u011f\u0131\u015fl\u0131, di\u011fer yerlerin az bulutlu ve a\u00e7\u0131k ge\u00e7ece\u011fi tahmin ediliyor. Do\u011fu Anadolu\u2019nun g\u00fcneydo\u011fusu ile G\u00fcneydo\u011fu Anadolu\u2019nun do\u011fusunda toz ta\u015f\u0131n\u0131m\u0131 bekleniyor. Hava s\u0131cakl\u0131\u011f\u0131n\u0131n, yurt genelinde mevsim normallerinin \u00fczerinde seyretmeye devam etmesi bekleniyor. R\u00fczgar\u0131n genellikle kuzey y\u00f6nlerden, hafif, ara s\u0131ra orta kuvvette esmesi bekleniyor. TOZ TA\u015eINIMI UYARISI: Do\u011fu Anadolu\u2019nun g\u00fcneydo\u011fusu ile G\u00fcneydo\u011fu Anadolu\u2019nun do\u011fusunda toz ta\u015f\u0131n\u0131m\u0131 beklendi\u011finden ya\u015fanabilecek olumsuzluklara kar\u015f\u0131 dikkatli ve tedbirli olunmas\u0131 gerekmektedir. \u200bMeteoroloji Genel M\u00fcd\u00fcrl\u00fc\u011f\u00fc taraf\u0131ndan yap\u0131lan tahminlere g\u00f6re yurdun kuzey, i\u00e7 ve do\u011fu kesimlerinin par\u00e7al\u0131, yer yer \u00e7ok bulutlu bir hava hakim olacak.ANKARA (\u0130GFA) &#8211; Meteoroloji Genel M\u00fcd\u00fcrl\u00fc\u011f\u00fc, 13 Haziran Cuma g\u00fcn\u00fcne ili\u015fkin hava tahmin raporunu yay\u0131mlad\u0131. Yurdun baz\u0131 b\u00f6lgelerinde yerel sa\u011fanak ve g\u00f6k g\u00fcr\u00fclt\u00fcl\u00fc sa\u011fanak ya\u011f\u0131\u015f bekleniyor. Bat\u0131 Akdeniz\u2019in i\u00e7 kesimleri, Do\u011fu Akdeniz\u2019in Toroslar &hellip;<\/p>","protected":false},"author":1,"featured_media":0,"comment_status":"","ping_status":"open","sticky":false,"template":"","format":"standard","meta":{"_acf_changed":false,"footnotes":""},"categories":[24],"tags":[],"class_list":["post-114918","post","type-post","status-publish","format-standard","has-post-thumbnail","hentry","category-gundem"],"acf":[],"yoast_head":"<!-- This site is optimized with the Yoast SEO Premium plugin v26.6 (Yoast SEO v27.1.1) - https:\/\/yoast.com\/product\/yoast-seo-premium-wordpress\/ -->\n<title>Meteoroloji uyard\u0131! Sa\u011fanak ya\u011f\u0131\u015f ve toz ta\u015f\u0131n\u0131m\u0131na dikkat! - Av. Deniz Can K\u0131z\u0131l<\/title>\n<meta name=\"robots\" content=\"index, follow, max-snippet:-1, max-image-preview:large, max-video-preview:-1\" \/>\n<link rel=\"canonical\" href=\"https:\/\/denizcankizil.tr\/en\/haberler\/gundem\/meteoroloji-uyardi-saganak-yagis-ve-toz-tasinimina-dikkat\/\" \/>\n<meta property=\"og:locale\" content=\"en_GB\" \/>\n<meta property=\"og:type\" content=\"article\" \/>\n<meta property=\"og:title\" content=\"Meteoroloji uyard\u0131! Sa\u011fanak ya\u011f\u0131\u015f ve toz ta\u015f\u0131n\u0131m\u0131na dikkat!\" \/>\n<meta property=\"og:description\" content=\"Meteoroloji Genel M\u00fcd\u00fcrl\u00fc\u011f\u00fc taraf\u0131ndan yap\u0131lan tahminlere g\u00f6re yurdun kuzey, i\u00e7 ve do\u011fu kesimlerinin par\u00e7al\u0131, yer yer \u00e7ok bulutlu bir hava hakim olacak.ANKARA (\u0130GFA) &#8211; Meteoroloji Genel M\u00fcd\u00fcrl\u00fc\u011f\u00fc, 13 Haziran Cuma g\u00fcn\u00fcne ili\u015fkin hava tahmin raporunu yay\u0131mlad\u0131. Yurdun baz\u0131 b\u00f6lgelerinde yerel sa\u011fanak ve g\u00f6k g\u00fcr\u00fclt\u00fcl\u00fc sa\u011fanak ya\u011f\u0131\u015f bekleniyor. Bat\u0131 Akdeniz\u2019in i\u00e7 kesimleri, Do\u011fu Akdeniz\u2019in Toroslar mevkii, Orta Karadeniz k\u0131y\u0131lar\u0131, Do\u011fu Karadeniz, Do\u011fu Anadolu\u2019nun kuzey ve do\u011fusu, Kastamonu, \u00c7orum, Yozgat ve Konya \u00e7evreleri ile Kahramanmara\u015f&#8217;\u0131n bat\u0131 kesimlerinin yerel olmak \u00fczere sa\u011fanak ve g\u00f6k g\u00fcr\u00fclt\u00fcl\u00fc sa\u011fanak ya\u011f\u0131\u015fl\u0131, di\u011fer yerlerin az bulutlu ve a\u00e7\u0131k ge\u00e7ece\u011fi tahmin ediliyor. Do\u011fu Anadolu\u2019nun g\u00fcneydo\u011fusu ile G\u00fcneydo\u011fu Anadolu\u2019nun do\u011fusunda toz ta\u015f\u0131n\u0131m\u0131 bekleniyor. Hava s\u0131cakl\u0131\u011f\u0131n\u0131n, yurt genelinde mevsim normallerinin \u00fczerinde seyretmeye devam etmesi bekleniyor. R\u00fczgar\u0131n genellikle kuzey y\u00f6nlerden, hafif, ara s\u0131ra orta kuvvette esmesi bekleniyor. TOZ TA\u015eINIMI UYARISI: Do\u011fu Anadolu\u2019nun g\u00fcneydo\u011fusu ile G\u00fcneydo\u011fu Anadolu\u2019nun do\u011fusunda toz ta\u015f\u0131n\u0131m\u0131 beklendi\u011finden ya\u015fanabilecek olumsuzluklara kar\u015f\u0131 dikkatli ve tedbirli olunmas\u0131 gerekmektedir. \u200bMeteoroloji Genel M\u00fcd\u00fcrl\u00fc\u011f\u00fc taraf\u0131ndan yap\u0131lan tahminlere g\u00f6re yurdun kuzey, i\u00e7 ve do\u011fu kesimlerinin par\u00e7al\u0131, yer yer \u00e7ok bulutlu bir hava hakim olacak.ANKARA (\u0130GFA) &#8211; Meteoroloji Genel M\u00fcd\u00fcrl\u00fc\u011f\u00fc, 13 Haziran Cuma g\u00fcn\u00fcne ili\u015fkin hava tahmin raporunu yay\u0131mlad\u0131. Yurdun baz\u0131 b\u00f6lgelerinde yerel sa\u011fanak ve g\u00f6k g\u00fcr\u00fclt\u00fcl\u00fc sa\u011fanak ya\u011f\u0131\u015f bekleniyor. Bat\u0131 Akdeniz\u2019in i\u00e7 kesimleri, Do\u011fu Akdeniz\u2019in Toroslar &hellip;\" \/>\n<meta property=\"og:url\" content=\"https:\/\/denizcankizil.tr\/en\/haberler\/gundem\/meteoroloji-uyardi-saganak-yagis-ve-toz-tasinimina-dikkat\/\" \/>\n<meta property=\"og:site_name\" content=\"Av. Deniz Can K\u0131z\u0131l\" \/>\n<meta property=\"article:published_time\" content=\"2025-06-13T07:42:18+00:00\" \/>\n<meta name=\"author\" content=\"admin\" \/>\n<meta name=\"twitter:card\" content=\"summary_large_image\" \/>\n<meta name=\"twitter:label1\" content=\"Written by\" \/>\n\t<meta name=\"twitter:data1\" content=\"admin\" \/>\n\t<meta name=\"twitter:label2\" content=\"Estimated reading time\" \/>\n\t<meta name=\"twitter:data2\" content=\"2 minutes\" \/>\n<script type=\"application\/ld+json\" class=\"yoast-schema-graph\">{\"@context\":\"https:\/\/schema.org\",\"@graph\":[{\"@type\":\"Article\",\"@id\":\"https:\/\/denizcankizil.tr\/ru\/haberler\/gundem\/meteoroloji-uyardi-saganak-yagis-ve-toz-tasinimina-dikkat\/#article\",\"isPartOf\":{\"@id\":\"https:\/\/denizcankizil.tr\/ru\/haberler\/gundem\/meteoroloji-uyardi-saganak-yagis-ve-toz-tasinimina-dikkat\/\"},\"author\":{\"name\":\"admin\",\"@id\":\"https:\/\/denizcankizil.tr\/#\/schema\/person\/be3c05fe6a12686905512445d8185489\"},\"headline\":\"Meteoroloji uyard\u0131! Sa\u011fanak ya\u011f\u0131\u015f ve toz ta\u015f\u0131n\u0131m\u0131na dikkat!\",\"datePublished\":\"2025-06-13T07:42:18+00:00\",\"mainEntityOfPage\":{\"@id\":\"https:\/\/denizcankizil.tr\/ru\/haberler\/gundem\/meteoroloji-uyardi-saganak-yagis-ve-toz-tasinimina-dikkat\/\"},\"wordCount\":454,\"publisher\":{\"@id\":\"https:\/\/denizcankizil.tr\/#organization\"},\"articleSection\":[\"G\u00fcndem\"],\"inLanguage\":\"en-GB\"},{\"@type\":\"WebPage\",\"@id\":\"https:\/\/denizcankizil.tr\/ru\/haberler\/gundem\/meteoroloji-uyardi-saganak-yagis-ve-toz-tasinimina-dikkat\/\",\"url\":\"https:\/\/denizcankizil.tr\/ru\/haberler\/gundem\/meteoroloji-uyardi-saganak-yagis-ve-toz-tasinimina-dikkat\/\",\"name\":\"Meteoroloji uyard\u0131! Sa\u011fanak ya\u011f\u0131\u015f ve toz ta\u015f\u0131n\u0131m\u0131na dikkat! - Av. Deniz Can K\u0131z\u0131l\",\"isPartOf\":{\"@id\":\"https:\/\/denizcankizil.tr\/#website\"},\"datePublished\":\"2025-06-13T07:42:18+00:00\",\"breadcrumb\":{\"@id\":\"https:\/\/denizcankizil.tr\/ru\/haberler\/gundem\/meteoroloji-uyardi-saganak-yagis-ve-toz-tasinimina-dikkat\/#breadcrumb\"},\"inLanguage\":\"en-GB\",\"potentialAction\":[{\"@type\":\"ReadAction\",\"target\":[\"https:\/\/denizcankizil.tr\/ru\/haberler\/gundem\/meteoroloji-uyardi-saganak-yagis-ve-toz-tasinimina-dikkat\/\"]}]},{\"@type\":\"BreadcrumbList\",\"@id\":\"https:\/\/denizcankizil.tr\/ru\/haberler\/gundem\/meteoroloji-uyardi-saganak-yagis-ve-toz-tasinimina-dikkat\/#breadcrumb\",\"itemListElement\":[{\"@type\":\"ListItem\",\"position\":1,\"name\":\"Home\",\"item\":\"https:\/\/denizcankizil.tr\/de\/\"},{\"@type\":\"ListItem\",\"position\":2,\"name\":\"Meteoroloji uyard\u0131! Sa\u011fanak ya\u011f\u0131\u015f ve toz ta\u015f\u0131n\u0131m\u0131na dikkat!\"}]},{\"@type\":\"WebSite\",\"@id\":\"https:\/\/denizcankizil.tr\/#website\",\"url\":\"https:\/\/denizcankizil.tr\/\",\"name\":\"Av. Deniz Can K\u0131z\u0131l\",\"description\":\"Avukat Deniz Can K\u0131z\u0131l Antalya Barosu\",\"publisher\":{\"@id\":\"https:\/\/denizcankizil.tr\/#organization\"},\"potentialAction\":[{\"@type\":\"SearchAction\",\"target\":{\"@type\":\"EntryPoint\",\"urlTemplate\":\"https:\/\/denizcankizil.tr\/?s={search_term_string}\"},\"query-input\":{\"@type\":\"PropertyValueSpecification\",\"valueRequired\":true,\"valueName\":\"search_term_string\"}}],\"inLanguage\":\"en-GB\"},{\"@type\":\"Organization\",\"@id\":\"https:\/\/denizcankizil.tr\/#organization\",\"name\":\"Av. Deniz Can K\u0131z\u0131l\",\"url\":\"https:\/\/denizcankizil.tr\/\",\"logo\":{\"@type\":\"ImageObject\",\"inLanguage\":\"en-GB\",\"@id\":\"https:\/\/denizcankizil.tr\/#\/schema\/logo\/image\/\",\"url\":\"http:\/\/denizcankizil.tr\/wp-content\/uploads\/2024\/10\/siyah-logo-svg.svg\",\"contentUrl\":\"http:\/\/denizcankizil.tr\/wp-content\/uploads\/2024\/10\/siyah-logo-svg.svg\",\"width\":1080,\"height\":1080,\"caption\":\"Av. Deniz Can K\u0131z\u0131l\"},\"image\":{\"@id\":\"https:\/\/denizcankizil.tr\/#\/schema\/logo\/image\/\"}},{\"@type\":\"Person\",\"@id\":\"https:\/\/denizcankizil.tr\/#\/schema\/person\/be3c05fe6a12686905512445d8185489\",\"name\":\"admin\",\"image\":{\"@type\":\"ImageObject\",\"inLanguage\":\"en-GB\",\"@id\":\"https:\/\/denizcankizil.tr\/#\/schema\/person\/image\/\",\"url\":\"https:\/\/secure.gravatar.com\/avatar\/c1fce94c830dc79107e174f890d7210541c4a63e8e5d816341794a2151c9d58c?s=96&d=mm&r=g\",\"contentUrl\":\"https:\/\/secure.gravatar.com\/avatar\/c1fce94c830dc79107e174f890d7210541c4a63e8e5d816341794a2151c9d58c?s=96&d=mm&r=g\",\"caption\":\"admin\"},\"sameAs\":[\"http:\/\/denizcankizil.tr\"],\"url\":\"https:\/\/www.iskenderun.org\/meteoroloji-uyardi-saganak-yagis-ve-toz-tasinimina-dikkat\"}]}<\/script>\n<!-- \/ Yoast SEO Premium plugin. -->","yoast_head_json":{"title":"Meteoroloji uyard\u0131! Sa\u011fanak ya\u011f\u0131\u015f ve toz ta\u015f\u0131n\u0131m\u0131na dikkat! - Av. Deniz Can K\u0131z\u0131l","robots":{"index":"index","follow":"follow","max-snippet":"max-snippet:-1","max-image-preview":"max-image-preview:large","max-video-preview":"max-video-preview:-1"},"canonical":"https:\/\/denizcankizil.tr\/en\/haberler\/gundem\/meteoroloji-uyardi-saganak-yagis-ve-toz-tasinimina-dikkat\/","og_locale":"en_GB","og_type":"article","og_title":"Meteoroloji uyard\u0131! Sa\u011fanak ya\u011f\u0131\u015f ve toz ta\u015f\u0131n\u0131m\u0131na dikkat!","og_description":"Meteoroloji Genel M\u00fcd\u00fcrl\u00fc\u011f\u00fc taraf\u0131ndan yap\u0131lan tahminlere g\u00f6re yurdun kuzey, i\u00e7 ve do\u011fu kesimlerinin par\u00e7al\u0131, yer yer \u00e7ok bulutlu bir hava hakim olacak.ANKARA (\u0130GFA) &#8211; Meteoroloji Genel M\u00fcd\u00fcrl\u00fc\u011f\u00fc, 13 Haziran Cuma g\u00fcn\u00fcne ili\u015fkin hava tahmin raporunu yay\u0131mlad\u0131. Yurdun baz\u0131 b\u00f6lgelerinde yerel sa\u011fanak ve g\u00f6k g\u00fcr\u00fclt\u00fcl\u00fc sa\u011fanak ya\u011f\u0131\u015f bekleniyor. Bat\u0131 Akdeniz\u2019in i\u00e7 kesimleri, Do\u011fu Akdeniz\u2019in Toroslar mevkii, Orta Karadeniz k\u0131y\u0131lar\u0131, Do\u011fu Karadeniz, Do\u011fu Anadolu\u2019nun kuzey ve do\u011fusu, Kastamonu, \u00c7orum, Yozgat ve Konya \u00e7evreleri ile Kahramanmara\u015f&#8217;\u0131n bat\u0131 kesimlerinin yerel olmak \u00fczere sa\u011fanak ve g\u00f6k g\u00fcr\u00fclt\u00fcl\u00fc sa\u011fanak ya\u011f\u0131\u015fl\u0131, di\u011fer yerlerin az bulutlu ve a\u00e7\u0131k ge\u00e7ece\u011fi tahmin ediliyor. Do\u011fu Anadolu\u2019nun g\u00fcneydo\u011fusu ile G\u00fcneydo\u011fu Anadolu\u2019nun do\u011fusunda toz ta\u015f\u0131n\u0131m\u0131 bekleniyor. Hava s\u0131cakl\u0131\u011f\u0131n\u0131n, yurt genelinde mevsim normallerinin \u00fczerinde seyretmeye devam etmesi bekleniyor. R\u00fczgar\u0131n genellikle kuzey y\u00f6nlerden, hafif, ara s\u0131ra orta kuvvette esmesi bekleniyor. TOZ TA\u015eINIMI UYARISI: Do\u011fu Anadolu\u2019nun g\u00fcneydo\u011fusu ile G\u00fcneydo\u011fu Anadolu\u2019nun do\u011fusunda toz ta\u015f\u0131n\u0131m\u0131 beklendi\u011finden ya\u015fanabilecek olumsuzluklara kar\u015f\u0131 dikkatli ve tedbirli olunmas\u0131 gerekmektedir. \u200bMeteoroloji Genel M\u00fcd\u00fcrl\u00fc\u011f\u00fc taraf\u0131ndan yap\u0131lan tahminlere g\u00f6re yurdun kuzey, i\u00e7 ve do\u011fu kesimlerinin par\u00e7al\u0131, yer yer \u00e7ok bulutlu bir hava hakim olacak.ANKARA (\u0130GFA) &#8211; Meteoroloji Genel M\u00fcd\u00fcrl\u00fc\u011f\u00fc, 13 Haziran Cuma g\u00fcn\u00fcne ili\u015fkin hava tahmin raporunu yay\u0131mlad\u0131. Yurdun baz\u0131 b\u00f6lgelerinde yerel sa\u011fanak ve g\u00f6k g\u00fcr\u00fclt\u00fcl\u00fc sa\u011fanak ya\u011f\u0131\u015f bekleniyor. Bat\u0131 Akdeniz\u2019in i\u00e7 kesimleri, Do\u011fu Akdeniz\u2019in Toroslar &hellip;","og_url":"https:\/\/denizcankizil.tr\/en\/haberler\/gundem\/meteoroloji-uyardi-saganak-yagis-ve-toz-tasinimina-dikkat\/","og_site_name":"Av. Deniz Can K\u0131z\u0131l","article_published_time":"2025-06-13T07:42:18+00:00","author":"admin","twitter_card":"summary_large_image","twitter_misc":{"Written by":"admin","Estimated reading time":"2 minutes"},"schema":{"@context":"https:\/\/schema.org","@graph":[{"@type":"Article","@id":"https:\/\/denizcankizil.tr\/ru\/haberler\/gundem\/meteoroloji-uyardi-saganak-yagis-ve-toz-tasinimina-dikkat\/#article","isPartOf":{"@id":"https:\/\/denizcankizil.tr\/ru\/haberler\/gundem\/meteoroloji-uyardi-saganak-yagis-ve-toz-tasinimina-dikkat\/"},"author":{"name":"admin","@id":"https:\/\/denizcankizil.tr\/#\/schema\/person\/be3c05fe6a12686905512445d8185489"},"headline":"Meteoroloji uyard\u0131! Sa\u011fanak ya\u011f\u0131\u015f ve toz ta\u015f\u0131n\u0131m\u0131na dikkat!","datePublished":"2025-06-13T07:42:18+00:00","mainEntityOfPage":{"@id":"https:\/\/denizcankizil.tr\/ru\/haberler\/gundem\/meteoroloji-uyardi-saganak-yagis-ve-toz-tasinimina-dikkat\/"},"wordCount":454,"publisher":{"@id":"https:\/\/denizcankizil.tr\/#organization"},"articleSection":["G\u00fcndem"],"inLanguage":"en-GB"},{"@type":"WebPage","@id":"https:\/\/denizcankizil.tr\/ru\/haberler\/gundem\/meteoroloji-uyardi-saganak-yagis-ve-toz-tasinimina-dikkat\/","url":"https:\/\/denizcankizil.tr\/ru\/haberler\/gundem\/meteoroloji-uyardi-saganak-yagis-ve-toz-tasinimina-dikkat\/","name":"Meteoroloji uyard\u0131! Sa\u011fanak ya\u011f\u0131\u015f ve toz ta\u015f\u0131n\u0131m\u0131na dikkat! - Av. Deniz Can K\u0131z\u0131l","isPartOf":{"@id":"https:\/\/denizcankizil.tr\/#website"},"datePublished":"2025-06-13T07:42:18+00:00","breadcrumb":{"@id":"https:\/\/denizcankizil.tr\/ru\/haberler\/gundem\/meteoroloji-uyardi-saganak-yagis-ve-toz-tasinimina-dikkat\/#breadcrumb"},"inLanguage":"en-GB","potentialAction":[{"@type":"ReadAction","target":["https:\/\/denizcankizil.tr\/ru\/haberler\/gundem\/meteoroloji-uyardi-saganak-yagis-ve-toz-tasinimina-dikkat\/"]}]},{"@type":"BreadcrumbList","@id":"https:\/\/denizcankizil.tr\/ru\/haberler\/gundem\/meteoroloji-uyardi-saganak-yagis-ve-toz-tasinimina-dikkat\/#breadcrumb","itemListElement":[{"@type":"ListItem","position":1,"name":"Home","item":"https:\/\/denizcankizil.tr\/de\/"},{"@type":"ListItem","position":2,"name":"Meteoroloji uyard\u0131! Sa\u011fanak ya\u011f\u0131\u015f ve toz ta\u015f\u0131n\u0131m\u0131na dikkat!"}]},{"@type":"WebSite","@id":"https:\/\/denizcankizil.tr\/#website","url":"https:\/\/denizcankizil.tr\/","name":"Av. Deniz Can K\u0131z\u0131l","description":"Avukat Deniz Can K\u0131z\u0131l Antalya Barosu","publisher":{"@id":"https:\/\/denizcankizil.tr\/#organization"},"potentialAction":[{"@type":"SearchAction","target":{"@type":"EntryPoint","urlTemplate":"https:\/\/denizcankizil.tr\/?s={search_term_string}"},"query-input":{"@type":"PropertyValueSpecification","valueRequired":true,"valueName":"search_term_string"}}],"inLanguage":"en-GB"},{"@type":"Organization","@id":"https:\/\/denizcankizil.tr\/#organization","name":"Av. Deniz Can K\u0131z\u0131l","url":"https:\/\/denizcankizil.tr\/","logo":{"@type":"ImageObject","inLanguage":"en-GB","@id":"https:\/\/denizcankizil.tr\/#\/schema\/logo\/image\/","url":"http:\/\/denizcankizil.tr\/wp-content\/uploads\/2024\/10\/siyah-logo-svg.svg","contentUrl":"http:\/\/denizcankizil.tr\/wp-content\/uploads\/2024\/10\/siyah-logo-svg.svg","width":1080,"height":1080,"caption":"Av. Deniz Can K\u0131z\u0131l"},"image":{"@id":"https:\/\/denizcankizil.tr\/#\/schema\/logo\/image\/"}},{"@type":"Person","@id":"https:\/\/denizcankizil.tr\/#\/schema\/person\/be3c05fe6a12686905512445d8185489","name":"admin","image":{"@type":"ImageObject","inLanguage":"en-GB","@id":"https:\/\/denizcankizil.tr\/#\/schema\/person\/image\/","url":"https:\/\/secure.gravatar.com\/avatar\/c1fce94c830dc79107e174f890d7210541c4a63e8e5d816341794a2151c9d58c?s=96&d=mm&r=g","contentUrl":"https:\/\/secure.gravatar.com\/avatar\/c1fce94c830dc79107e174f890d7210541c4a63e8e5d816341794a2151c9d58c?s=96&d=mm&r=g","caption":"admin"},"sameAs":["http:\/\/denizcankizil.tr"],"url":"https:\/\/www.iskenderun.org\/meteoroloji-uyardi-saganak-yagis-ve-toz-tasinimina-dikkat"}]}},"_links":{"self":[{"href":"http:\/\/denizcankizil.tr\/en\/wp-json\/wp\/v2\/posts\/114918","targetHints":{"allow":["GET"]}}],"collection":[{"href":"http:\/\/denizcankizil.tr\/en\/wp-json\/wp\/v2\/posts"}],"about":[{"href":"http:\/\/denizcankizil.tr\/en\/wp-json\/wp\/v2\/types\/post"}],"author":[{"embeddable":true,"href":"http:\/\/denizcankizil.tr\/en\/wp-json\/wp\/v2\/users\/1"}],"replies":[{"embeddable":true,"href":"http:\/\/denizcankizil.tr\/en\/wp-json\/wp\/v2\/comments?post=114918"}],"version-history":[{"count":0,"href":"http:\/\/denizcankizil.tr\/en\/wp-json\/wp\/v2\/posts\/114918\/revisions"}],"wp:attachment":[{"href":"http:\/\/denizcankizil.tr\/en\/wp-json\/wp\/v2\/media?parent=114918"}],"wp:term":[{"taxonomy":"category","embeddable":true,"href":"http:\/\/denizcankizil.tr\/en\/wp-json\/wp\/v2\/categories?post=114918"},{"taxonomy":"post_tag","embeddable":true,"href":"http:\/\/denizcankizil.tr\/en\/wp-json\/wp\/v2\/tags?post=114918"}],"curies":[{"name":"wp","href":"https:\/\/api.w.org\/{rel}","templated":true}]}}