{"id":113890,"date":"2025-06-11T21:42:19","date_gmt":"2025-06-11T18:42:19","guid":{"rendered":"https:\/\/denizcankizil.tr\/uncategorized-tr\/bursadan-baslayan-orman-benim-turkiyeye-yayiliyor\/"},"modified":"2025-06-11T21:42:19","modified_gmt":"2025-06-11T18:42:19","slug":"bursadan-baslayan-orman-benim-turkiyeye-yayiliyor","status":"publish","type":"post","link":"http:\/\/denizcankizil.tr\/en\/haberler\/gundem\/bursadan-baslayan-orman-benim-turkiyeye-yayiliyor\/","title":{"rendered":"Bursa\u2019dan ba\u015flayan \u201cOrman Benim\u201d T\u00fcrkiye\u2019ye yay\u0131l\u0131yor"},"content":{"rendered":"<p>Bursa\u2019da orman yang\u0131nlar\u0131n\u0131n \u00f6nlenmesine y\u00f6nelik fark\u0131ndal\u0131k olu\u015fturmak amac\u0131yla hayata ge\u00e7irilen \u201cOrman Benim\u201d Orman G\u00f6n\u00fcll\u00fcleri E\u011fitimi Program\u0131, Merinos Atat\u00fcrk Kongre ve K\u00fclt\u00fcr Merkezi Orhangazi Salonunda d\u00fczenlenen t\u00f6renle ba\u015flad\u0131.BURSA (\u0130GFA) &#8211; T\u00f6rene Bursa Vali Yard\u0131mc\u0131lar\u0131 Kadir Sertel Otcu ve Hulusi Do\u011fan, \u0130l Mill\u00ee E\u011fitim M\u00fcd\u00fcr\u00fc Dr. Ahmet Alireiso\u011flu, Bursa Orman B\u00f6lge M\u00fcd\u00fcr\u00fc Erdal \u015eahan ile birlikte \u00e7ok say\u0131da e\u011fitimci ve protokol \u00fcyesi kat\u0131ld\u0131.<br \/>\nProgram, \u0130l Mill\u00ee E\u011fitim M\u00fcd\u00fcrl\u00fc\u011f\u00fc \u0130\u015fyeri Sa\u011fl\u0131k ve G\u00fcvenlik Birimi koordinasyonunda, Orman Genel M\u00fcd\u00fcrl\u00fc\u011f\u00fcn\u00fcn ana payda\u015fl\u0131\u011f\u0131nda y\u00fcr\u00fct\u00fcl\u00fcyor. Proje, orman yang\u0131nlar\u0131n\u0131n insan kaynakl\u0131 sebeplerine dikkat \u00e7ekerek, \u00f6zellikle \u00e7ocuklar ve aileleri ba\u015fta olmak \u00fczere toplumun t\u00fcm kesimlerinde \u00e7evre bilinci olu\u015fturmay\u0131 ama\u00e7l\u0131yor.<br \/>\nE\u011e\u0130T\u0130C\u0130LER\u0130N E\u011e\u0130T\u0130M\u0130YLE BA\u015eLIYOR<br \/>\n\u201cOrman Benim\u201d projesinin ilk a\u015famas\u0131 olan \u201cE\u011fiticilerin E\u011fitimi\u201d, 11 Haziran\u2019da Merinos AKKM\u2019de ba\u015flad\u0131. Merkez il\u00e7elerdeki okullardan se\u00e7ilen g\u00f6n\u00fcll\u00fc \u00f6\u011fretmenler, Orman B\u00f6lge M\u00fcd\u00fcrl\u00fc\u011f\u00fc taraf\u0131ndan verilen e\u011fitimlere kat\u0131ld\u0131. Bu \u00f6\u011fretmenler, yang\u0131nlar\u0131n \u00f6nlenmesi ve do\u011fa bilincinin geli\u015ftirilmesi konusunda bilgi ve becerilerle donat\u0131ld\u0131.<br \/>\n12-13 Haziran tarihlerinde \u00f6\u011fretmenler, kendi okullar\u0131nda bu bilgileri meslekta\u015flar\u0131na aktaracak. Ard\u0131ndan, 16 Haziran\u2019da Bursa\u2019daki t\u00fcm okullarda ilk ders saatinde \u201cOrman Benim\u201d temas\u0131 i\u015flenecek. \u00d6\u011frencilere ormanlar\u0131n korunmas\u0131, yang\u0131nlar\u0131n \u00f6nlenmesi ve \u00e7evre bilinci konular\u0131nda bilgi verilecek.<\/p>\n<p>TOPLUMUN T\u00dcM KES\u0130MLER\u0130N\u0130 KAPSAYAN GEN\u0130\u015e B\u0130R HAREKET<br \/>\nProje yaln\u0131zca \u00f6\u011fretmen ve \u00f6\u011frencilerle s\u0131n\u0131rl\u0131 de\u011fil. Aileler, yerel y\u00f6netimler ve sivil toplum da bu kampanyaya d\u00e2hil edilerek, orman bilincinin t\u00fcm topluma yay\u0131lmas\u0131 hedefleniyor. Yakla\u015f\u0131k 750 bin \u00f6\u011frenciyi kapsayan e\u011fitim program\u0131, \u00e7evreye duyarl\u0131 bir ku\u015fak yeti\u015ftirme konusunda b\u00fcy\u00fck \u00f6nem ta\u015f\u0131yor.<br \/>\nVAL\u0130 YARDIMCISI DO\u011eAN: \u201cBU SADECE E\u011e\u0130T\u0130M DE\u011e\u0130L, AYNI ZAMANDA VATAN G\u00d6REV\u0130D\u0130R\u201d<br \/>\nBursa Vali Yard\u0131mc\u0131s\u0131 Hulusi Do\u011fan, t\u00f6rende yapt\u0131\u011f\u0131 konu\u015fmada, \u00e7evre bilinci e\u011fitimlerinin \u00f6nemine dikkat \u00e7ekerek, \u00f6\u011fretmenlerin g\u00f6n\u00fcll\u00fcl\u00fck esas\u0131yla b\u00f6yle bir \u00e7al\u0131\u015fmada yer almalar\u0131n\u0131n b\u00fcy\u00fck anlam ta\u015f\u0131d\u0131\u011f\u0131n\u0131 belirtti. Do\u011fan, \u201cBilgi olmadan ilgi olmaz. Bu e\u011fitimler sayesinde \u00e7ocuklar\u0131m\u0131z ormana, do\u011faya, \u00e7evreye duyarl\u0131 bireyler olarak yeti\u015fecek. Bu, sadece bir e\u011fitim faaliyeti de\u011fil, ayn\u0131 zamanda vatan\u0131n\u0131 sevmek ve ona sahip \u00e7\u0131kmakt\u0131r,\u201d dedi.<\/p>\n<p>AL\u0130RE\u0130SO\u011eLU: \u201cORMANI KORUMAK VATANSEVERL\u0130\u011e\u0130N B\u0130R G\u00d6STERGES\u0130D\u0130R\u201d<br \/>\n\u0130l Mill\u00ee E\u011fitim M\u00fcd\u00fcr\u00fc Dr. Ahmet Alireiso\u011flu, projenin ikinci kez uygulan\u0131yor olmas\u0131ndan duydu\u011fu memnuniyeti dile getirerek, \u00f6\u011fretmenlerin \u00e7evre bilincini s\u0131n\u0131flara ta\u015f\u0131mas\u0131n\u0131n b\u00fcy\u00fck fark yarataca\u011f\u0131n\u0131 vurgulad\u0131. Alireiso\u011flu, \u201c\u00d6\u011frencimizin, ailesine \u2018\u00c7\u00f6p\u00fc toplayal\u0131m, ate\u015f b\u0131rakmayal\u0131m\u2019 demesi, bizim bu projeyle ula\u015fmak istedi\u011fimiz bilin\u00e7 d\u00fczeyidir,\u201d \u015feklinde konu\u015ftu.<br \/>\n\u015eAHAN: \u201cBU B\u0130R BURSA MODEL\u0130 HAL\u0130NE GELD\u0130\u201d<br \/>\nBursa Orman B\u00f6lge M\u00fcd\u00fcr\u00fc Erdal \u015eahan ise yapt\u0131\u011f\u0131 konu\u015fmada, projenin ge\u00e7en y\u0131l ba\u015flat\u0131ld\u0131\u011f\u0131n\u0131 ve \u015fimdi t\u00fcm T\u00fcrkiye&#8217;ye \u00f6rnek oldu\u011funu belirterek, \u201cBu modeli art\u0131k \u2018Bursa Modeli\u2019 olarak adland\u0131r\u0131yoruz. T\u00fcm iller bu \u00e7al\u0131\u015fmay\u0131 \u00f6rnek al\u0131yor. Ormanlar\u0131 korumak yaln\u0131zca Orman Genel M\u00fcd\u00fcrl\u00fc\u011f\u00fcn\u00fcn de\u011fil, hepimizin g\u00f6revidir,\u201d ifadelerini kulland\u0131.<br \/>\n\u201cOrman Benim\u201d projesi, Bursa\u2019dan ba\u015flayarak T\u00fcrkiye genelinde yayg\u0131nla\u015ft\u0131r\u0131lmas\u0131 planlanan \u00f6rnek bir \u00e7evre e\u011fitimi hareketi h\u00e2line geldi. G\u00f6n\u00fcll\u00fc \u00f6\u011fretmenlerin katk\u0131s\u0131yla ba\u015flayan bu seferberlik, \u00f6\u011frenciler arac\u0131l\u0131\u011f\u0131yla toplumun t\u00fcm kesimlerine yay\u0131lacak. Proje ile hem do\u011fa korunacak hem de gelecek nesillere \u00e7evreye duyarl\u0131 bir ya\u015fam bilinci kazand\u0131r\u0131lm\u0131\u015f olacak.<br \/>\n\u201cOrman Benim\u201d diyerek do\u011faya sahip \u00e7\u0131kal\u0131m!<\/p>\n<p>\u200bBursa\u2019da orman yang\u0131nlar\u0131n\u0131n \u00f6nlenmesine y\u00f6nelik fark\u0131ndal\u0131k olu\u015fturmak amac\u0131yla hayata ge\u00e7irilen \u201cOrman Benim\u201d Orman G\u00f6n\u00fcll\u00fcleri E\u011fitimi Program\u0131, Merinos Atat\u00fcrk Kongre ve K\u00fclt\u00fcr Merkezi Orhangazi Salonunda d\u00fczenlenen t\u00f6renle ba\u015flad\u0131.BURSA (\u0130GFA) &#8211; T\u00f6rene Bursa Vali Yard\u0131mc\u0131lar\u0131 Kadir Sertel Otcu ve Hulusi Do\u011fan, \u0130l Mill\u00ee E\u011fitim M\u00fcd\u00fcr\u00fc Dr. Ahmet Alireiso\u011flu, Bursa Orman B\u00f6lge M\u00fcd\u00fcr\u00fc Erdal \u015eahan ile birlikte \u00e7ok say\u0131da e\u011fitimci ve protokol \u00fcyesi kat\u0131ld\u0131.<br \/>\nProgram, \u0130l Mill\u00ee E\u011fitim M\u00fcd\u00fcrl\u00fc\u011f\u00fc \u0130\u015fyeri Sa\u011fl\u0131k ve G\u00fcvenlik Birimi koordinasyonunda, Orman Genel M\u00fcd\u00fcrl\u00fc\u011f\u00fcn\u00fcn ana payda\u015fl\u0131\u011f\u0131nda y\u00fcr\u00fct\u00fcl\u00fcyor. Proje, orman yang\u0131nlar\u0131n\u0131n insan kaynakl\u0131 sebeplerine dikkat \u00e7ekerek, \u00f6zellikle \u00e7ocuklar ve aileleri ba\u015fta olmak \u00fczere toplumun t\u00fcm kesimlerinde \u00e7evre bilinci olu\u015fturmay\u0131 ama\u00e7l\u0131yor.<br \/>\nE\u011e\u0130T\u0130C\u0130LER\u0130N E\u011e\u0130T\u0130M\u0130YLE BA\u015eLIYOR<br \/>\n\u201cOrman Benim\u201d projesinin ilk a\u015famas\u0131 olan \u201cE\u011fiticilerin E\u011fitimi\u201d, 11 Haziran\u2019da Merinos AKKM\u2019de ba\u015flad\u0131. Merkez il\u00e7elerdeki okullardan se\u00e7ilen g\u00f6n\u00fcll\u00fc \u00f6\u011fretmenler, Orman B\u00f6lge M\u00fcd\u00fcrl\u00fc\u011f\u00fc taraf\u0131ndan verilen e\u011fitimlere kat\u0131ld\u0131. Bu \u00f6\u011fretmenler, yang\u0131nlar\u0131n \u00f6nlenmesi ve do\u011fa bilincinin geli\u015ftirilmesi konusunda bilgi ve becerilerle donat\u0131ld\u0131.<br \/>\n12-13 Haziran tarihlerinde \u00f6\u011fretmenler, kendi okullar\u0131nda bu bilgileri meslekta\u015flar\u0131na aktaracak. Ard\u0131ndan, 16 Haziran\u2019da Bursa\u2019daki t\u00fcm okullarda ilk ders saatinde \u201cOrman Benim\u201d temas\u0131 i\u015flenecek. \u00d6\u011frencilere ormanlar\u0131n korunmas\u0131, yang\u0131nlar\u0131n \u00f6nlenmesi ve \u00e7evre bilinci konular\u0131nda bilgi verilecek.<\/p>\n<p>TOPLUMUN T\u00dcM KES\u0130MLER\u0130N\u0130 KAPSAYAN GEN\u0130\u015e B\u0130R HAREKET<br \/>\nProje yaln\u0131zca \u00f6\u011fretmen ve \u00f6\u011frencilerle s\u0131n\u0131rl\u0131 de\u011fil. Aileler, yerel y\u00f6netimler ve sivil toplum da bu kampanyaya d\u00e2hil edilerek, orman bilincinin t\u00fcm topluma yay\u0131lmas\u0131 hedefleniyor. Yakla\u015f\u0131k 750 bin \u00f6\u011frenciyi kapsayan e\u011fitim program\u0131, \u00e7evreye duyarl\u0131 bir ku\u015fak yeti\u015ftirme konusunda b\u00fcy\u00fck \u00f6nem ta\u015f\u0131yor.<br \/>\nVAL\u0130 YARDIMCISI DO\u011eAN: \u201cBU SADECE E\u011e\u0130T\u0130M DE\u011e\u0130L, AYNI ZAMANDA VATAN G\u00d6REV\u0130D\u0130R\u201d<br \/>\nBursa Vali Yard\u0131mc\u0131s\u0131 Hulusi Do\u011fan, t\u00f6rende yapt\u0131\u011f\u0131 konu\u015fmada, \u00e7evre bilinci e\u011fitimlerinin \u00f6nemine dikkat \u00e7ekerek, \u00f6\u011fretmenlerin g\u00f6n\u00fcll\u00fcl\u00fck esas\u0131yla b\u00f6yle bir \u00e7al\u0131\u015fmada yer almalar\u0131n\u0131n b\u00fcy\u00fck anlam ta\u015f\u0131d\u0131\u011f\u0131n\u0131 belirtti. Do\u011fan, \u201cBilgi olmadan ilgi olmaz. Bu e\u011fitimler sayesinde \u00e7ocuklar\u0131m\u0131z ormana, do\u011faya, \u00e7evreye duyarl\u0131 bireyler olarak yeti\u015fecek. Bu, sadece bir e\u011fitim faaliyeti de\u011fil, ayn\u0131 zamanda vatan\u0131n\u0131 sevmek ve ona sahip \u00e7\u0131kmakt\u0131r,\u201d dedi.<\/p>\n<p>AL\u0130RE\u0130SO\u011eLU: \u201cORMANI KORUMAK VATANSEVERL\u0130\u011e\u0130N B\u0130R G\u00d6STERGES\u0130D\u0130R\u201d<br \/>\n\u0130l Mill\u00ee E\u011fitim M\u00fcd\u00fcr\u00fc Dr. Ahmet Alireiso\u011flu, projenin ikinci kez uygulan\u0131yor olmas\u0131ndan duydu\u011fu memnuniyeti dile getirerek, \u00f6\u011fretmenlerin \u00e7evre bilincini s\u0131n\u0131flara ta\u015f\u0131mas\u0131n\u0131n b\u00fcy\u00fck fark yarataca\u011f\u0131n\u0131 vurgulad\u0131. Alireiso\u011flu, \u201c\u00d6\u011frencimizin, ailesine \u2018\u00c7\u00f6p\u00fc toplayal\u0131m, ate\u015f b\u0131rakmayal\u0131m\u2019 demesi, bizim bu projeyle ula\u015fmak istedi\u011fimiz bilin\u00e7 d\u00fczeyidir,\u201d \u015feklinde konu\u015ftu.<br \/>\n\u015eAHAN: \u201cBU B\u0130R BURSA MODEL\u0130 HAL\u0130NE GELD\u0130\u201d<br \/>\nBursa Orman B\u00f6lge M\u00fcd\u00fcr\u00fc Erdal \u015eahan ise yapt\u0131\u011f\u0131 konu\u015fmada, projenin ge\u00e7en y\u0131l ba\u015flat\u0131ld\u0131\u011f\u0131n\u0131 ve \u015fimdi t\u00fcm T\u00fcrkiye&#8217;ye \u00f6rnek oldu\u011funu belirterek, \u201cBu modeli art\u0131k \u2018Bursa Modeli\u2019 olarak adland\u0131r\u0131yoruz. T\u00fcm iller bu \u00e7al\u0131\u015fmay\u0131 \u00f6rnek al\u0131yor. Ormanlar\u0131 korumak yaln\u0131zca Orman Genel M\u00fcd\u00fcrl\u00fc\u011f\u00fcn\u00fcn de\u011fil, hepimizin g\u00f6revidir,\u201d ifadelerini kulland\u0131.<br \/>\n\u201cOrman Benim\u201d projesi, Bursa\u2019dan ba\u015flayarak T\u00fcrkiye genelinde yayg\u0131nla\u015ft\u0131r\u0131lmas\u0131 planlanan \u00f6rnek bir \u00e7evre e\u011fitimi hareketi h\u00e2line geldi. G\u00f6n\u00fcll\u00fc \u00f6\u011fretmenlerin katk\u0131s\u0131yla ba\u015flayan bu seferberlik, \u00f6\u011frenciler arac\u0131l\u0131\u011f\u0131yla toplumun t\u00fcm kesimlerine yay\u0131lacak. Proje ile hem do\u011fa korunacak hem de gelecek nesillere \u00e7evreye duyarl\u0131 bir ya\u015fam bilinci kazand\u0131r\u0131lm\u0131\u015f olacak.<br \/>\n\u201cOrman Benim\u201d diyerek do\u011faya sahip \u00e7\u0131kal\u0131m!\u00a0<\/p>\n<p>\u200bHaberin Al\u0131nt\u0131land\u0131\u011f\u0131 Kaynak: www.iskenderun.org<\/p>","protected":false},"excerpt":{"rendered":"<p>Bursa\u2019da orman yang\u0131nlar\u0131n\u0131n \u00f6nlenmesine y\u00f6nelik fark\u0131ndal\u0131k olu\u015fturmak amac\u0131yla hayata ge\u00e7irilen \u201cOrman Benim\u201d Orman G\u00f6n\u00fcll\u00fcleri E\u011fitimi Program\u0131, Merinos Atat\u00fcrk Kongre ve K\u00fclt\u00fcr Merkezi Orhangazi Salonunda d\u00fczenlenen t\u00f6renle ba\u015flad\u0131.BURSA (\u0130GFA) &#8211; T\u00f6rene Bursa Vali Yard\u0131mc\u0131lar\u0131 Kadir Sertel Otcu ve Hulusi Do\u011fan, \u0130l Mill\u00ee E\u011fitim M\u00fcd\u00fcr\u00fc Dr. Ahmet Alireiso\u011flu, Bursa Orman B\u00f6lge M\u00fcd\u00fcr\u00fc Erdal \u015eahan ile birlikte \u00e7ok say\u0131da e\u011fitimci ve protokol \u00fcyesi kat\u0131ld\u0131. Program, \u0130l Mill\u00ee E\u011fitim M\u00fcd\u00fcrl\u00fc\u011f\u00fc \u0130\u015fyeri Sa\u011fl\u0131k ve G\u00fcvenlik Birimi koordinasyonunda, Orman Genel M\u00fcd\u00fcrl\u00fc\u011f\u00fcn\u00fcn ana payda\u015fl\u0131\u011f\u0131nda y\u00fcr\u00fct\u00fcl\u00fcyor. Proje, orman yang\u0131nlar\u0131n\u0131n insan kaynakl\u0131 sebeplerine dikkat \u00e7ekerek, \u00f6zellikle \u00e7ocuklar ve aileleri ba\u015fta olmak \u00fczere toplumun t\u00fcm kesimlerinde \u00e7evre bilinci olu\u015fturmay\u0131 ama\u00e7l\u0131yor. E\u011e\u0130T\u0130C\u0130LER\u0130N E\u011e\u0130T\u0130M\u0130YLE BA\u015eLIYOR \u201cOrman Benim\u201d projesinin ilk a\u015famas\u0131 olan \u201cE\u011fiticilerin E\u011fitimi\u201d, 11 Haziran\u2019da Merinos AKKM\u2019de ba\u015flad\u0131. Merkez il\u00e7elerdeki okullardan se\u00e7ilen g\u00f6n\u00fcll\u00fc \u00f6\u011fretmenler, Orman B\u00f6lge M\u00fcd\u00fcrl\u00fc\u011f\u00fc taraf\u0131ndan verilen e\u011fitimlere kat\u0131ld\u0131. Bu \u00f6\u011fretmenler, yang\u0131nlar\u0131n \u00f6nlenmesi ve do\u011fa bilincinin geli\u015ftirilmesi konusunda bilgi ve becerilerle donat\u0131ld\u0131. 12-13 Haziran tarihlerinde \u00f6\u011fretmenler, kendi okullar\u0131nda bu bilgileri meslekta\u015flar\u0131na aktaracak. Ard\u0131ndan, 16 Haziran\u2019da Bursa\u2019daki t\u00fcm okullarda ilk ders saatinde \u201cOrman Benim\u201d temas\u0131 i\u015flenecek. \u00d6\u011frencilere ormanlar\u0131n korunmas\u0131, yang\u0131nlar\u0131n \u00f6nlenmesi ve \u00e7evre bilinci konular\u0131nda bilgi verilecek. TOPLUMUN T\u00dcM KES\u0130MLER\u0130N\u0130 KAPSAYAN GEN\u0130\u015e B\u0130R HAREKET Proje yaln\u0131zca \u00f6\u011fretmen ve \u00f6\u011frencilerle s\u0131n\u0131rl\u0131 de\u011fil. Aileler, yerel y\u00f6netimler ve sivil toplum da bu kampanyaya d\u00e2hil &hellip;<\/p>","protected":false},"author":1,"featured_media":0,"comment_status":"","ping_status":"open","sticky":false,"template":"","format":"standard","meta":{"_acf_changed":false,"footnotes":""},"categories":[24],"tags":[],"class_list":["post-113890","post","type-post","status-publish","format-standard","has-post-thumbnail","hentry","category-gundem"],"acf":[],"yoast_head":"<!-- This site is optimized with the Yoast SEO Premium plugin v26.6 (Yoast SEO v27.1.1) - https:\/\/yoast.com\/product\/yoast-seo-premium-wordpress\/ -->\n<title>Bursa\u2019dan ba\u015flayan \u201cOrman Benim\u201d T\u00fcrkiye\u2019ye yay\u0131l\u0131yor - Av. Deniz Can K\u0131z\u0131l<\/title>\n<meta name=\"robots\" content=\"index, follow, max-snippet:-1, max-image-preview:large, max-video-preview:-1\" \/>\n<link rel=\"canonical\" href=\"http:\/\/denizcankizil.tr\/en\/haberler\/gundem\/bursadan-baslayan-orman-benim-turkiyeye-yayiliyor\/\" \/>\n<meta property=\"og:locale\" content=\"en_GB\" \/>\n<meta property=\"og:type\" content=\"article\" \/>\n<meta property=\"og:title\" content=\"Bursa\u2019dan ba\u015flayan \u201cOrman Benim\u201d T\u00fcrkiye\u2019ye yay\u0131l\u0131yor\" \/>\n<meta property=\"og:description\" content=\"Bursa\u2019da orman yang\u0131nlar\u0131n\u0131n \u00f6nlenmesine y\u00f6nelik fark\u0131ndal\u0131k olu\u015fturmak amac\u0131yla hayata ge\u00e7irilen \u201cOrman Benim\u201d Orman G\u00f6n\u00fcll\u00fcleri E\u011fitimi Program\u0131, Merinos Atat\u00fcrk Kongre ve K\u00fclt\u00fcr Merkezi Orhangazi Salonunda d\u00fczenlenen t\u00f6renle ba\u015flad\u0131.BURSA (\u0130GFA) &#8211; T\u00f6rene Bursa Vali Yard\u0131mc\u0131lar\u0131 Kadir Sertel Otcu ve Hulusi Do\u011fan, \u0130l Mill\u00ee E\u011fitim M\u00fcd\u00fcr\u00fc Dr. Ahmet Alireiso\u011flu, Bursa Orman B\u00f6lge M\u00fcd\u00fcr\u00fc Erdal \u015eahan ile birlikte \u00e7ok say\u0131da e\u011fitimci ve protokol \u00fcyesi kat\u0131ld\u0131. Program, \u0130l Mill\u00ee E\u011fitim M\u00fcd\u00fcrl\u00fc\u011f\u00fc \u0130\u015fyeri Sa\u011fl\u0131k ve G\u00fcvenlik Birimi koordinasyonunda, Orman Genel M\u00fcd\u00fcrl\u00fc\u011f\u00fcn\u00fcn ana payda\u015fl\u0131\u011f\u0131nda y\u00fcr\u00fct\u00fcl\u00fcyor. Proje, orman yang\u0131nlar\u0131n\u0131n insan kaynakl\u0131 sebeplerine dikkat \u00e7ekerek, \u00f6zellikle \u00e7ocuklar ve aileleri ba\u015fta olmak \u00fczere toplumun t\u00fcm kesimlerinde \u00e7evre bilinci olu\u015fturmay\u0131 ama\u00e7l\u0131yor. E\u011e\u0130T\u0130C\u0130LER\u0130N E\u011e\u0130T\u0130M\u0130YLE BA\u015eLIYOR \u201cOrman Benim\u201d projesinin ilk a\u015famas\u0131 olan \u201cE\u011fiticilerin E\u011fitimi\u201d, 11 Haziran\u2019da Merinos AKKM\u2019de ba\u015flad\u0131. Merkez il\u00e7elerdeki okullardan se\u00e7ilen g\u00f6n\u00fcll\u00fc \u00f6\u011fretmenler, Orman B\u00f6lge M\u00fcd\u00fcrl\u00fc\u011f\u00fc taraf\u0131ndan verilen e\u011fitimlere kat\u0131ld\u0131. Bu \u00f6\u011fretmenler, yang\u0131nlar\u0131n \u00f6nlenmesi ve do\u011fa bilincinin geli\u015ftirilmesi konusunda bilgi ve becerilerle donat\u0131ld\u0131. 12-13 Haziran tarihlerinde \u00f6\u011fretmenler, kendi okullar\u0131nda bu bilgileri meslekta\u015flar\u0131na aktaracak. Ard\u0131ndan, 16 Haziran\u2019da Bursa\u2019daki t\u00fcm okullarda ilk ders saatinde \u201cOrman Benim\u201d temas\u0131 i\u015flenecek. \u00d6\u011frencilere ormanlar\u0131n korunmas\u0131, yang\u0131nlar\u0131n \u00f6nlenmesi ve \u00e7evre bilinci konular\u0131nda bilgi verilecek. TOPLUMUN T\u00dcM KES\u0130MLER\u0130N\u0130 KAPSAYAN GEN\u0130\u015e B\u0130R HAREKET Proje yaln\u0131zca \u00f6\u011fretmen ve \u00f6\u011frencilerle s\u0131n\u0131rl\u0131 de\u011fil. Aileler, yerel y\u00f6netimler ve sivil toplum da bu kampanyaya d\u00e2hil &hellip;\" \/>\n<meta property=\"og:url\" content=\"http:\/\/denizcankizil.tr\/en\/haberler\/gundem\/bursadan-baslayan-orman-benim-turkiyeye-yayiliyor\/\" \/>\n<meta property=\"og:site_name\" content=\"Av. Deniz Can K\u0131z\u0131l\" \/>\n<meta property=\"article:published_time\" content=\"2025-06-11T18:42:19+00:00\" \/>\n<meta name=\"author\" content=\"admin\" \/>\n<meta name=\"twitter:card\" content=\"summary_large_image\" \/>\n<meta name=\"twitter:label1\" content=\"Written by\" \/>\n\t<meta name=\"twitter:data1\" content=\"admin\" \/>\n\t<meta name=\"twitter:label2\" content=\"Estimated reading time\" \/>\n\t<meta name=\"twitter:data2\" content=\"7 minutes\" \/>\n<script type=\"application\/ld+json\" class=\"yoast-schema-graph\">{\"@context\":\"https:\/\/schema.org\",\"@graph\":[{\"@type\":\"Article\",\"@id\":\"http:\/\/denizcankizil.tr\/en\/haberler\/gundem\/bursadan-baslayan-orman-benim-turkiyeye-yayiliyor\/#article\",\"isPartOf\":{\"@id\":\"http:\/\/denizcankizil.tr\/en\/haberler\/gundem\/bursadan-baslayan-orman-benim-turkiyeye-yayiliyor\/\"},\"author\":{\"name\":\"admin\",\"@id\":\"https:\/\/denizcankizil.tr\/#\/schema\/person\/be3c05fe6a12686905512445d8185489\"},\"headline\":\"Bursa\u2019dan ba\u015flayan \u201cOrman Benim\u201d T\u00fcrkiye\u2019ye yay\u0131l\u0131yor\",\"datePublished\":\"2025-06-11T18:42:19+00:00\",\"mainEntityOfPage\":{\"@id\":\"http:\/\/denizcankizil.tr\/en\/haberler\/gundem\/bursadan-baslayan-orman-benim-turkiyeye-yayiliyor\/\"},\"wordCount\":1370,\"publisher\":{\"@id\":\"https:\/\/denizcankizil.tr\/#organization\"},\"articleSection\":[\"G\u00fcndem\"],\"inLanguage\":\"en-GB\"},{\"@type\":\"WebPage\",\"@id\":\"http:\/\/denizcankizil.tr\/en\/haberler\/gundem\/bursadan-baslayan-orman-benim-turkiyeye-yayiliyor\/\",\"url\":\"http:\/\/denizcankizil.tr\/en\/haberler\/gundem\/bursadan-baslayan-orman-benim-turkiyeye-yayiliyor\/\",\"name\":\"Bursa\u2019dan ba\u015flayan \u201cOrman Benim\u201d T\u00fcrkiye\u2019ye yay\u0131l\u0131yor - Av. Deniz Can K\u0131z\u0131l\",\"isPartOf\":{\"@id\":\"https:\/\/denizcankizil.tr\/#website\"},\"datePublished\":\"2025-06-11T18:42:19+00:00\",\"breadcrumb\":{\"@id\":\"http:\/\/denizcankizil.tr\/en\/haberler\/gundem\/bursadan-baslayan-orman-benim-turkiyeye-yayiliyor\/#breadcrumb\"},\"inLanguage\":\"en-GB\",\"potentialAction\":[{\"@type\":\"ReadAction\",\"target\":[\"http:\/\/denizcankizil.tr\/en\/haberler\/gundem\/bursadan-baslayan-orman-benim-turkiyeye-yayiliyor\/\"]}]},{\"@type\":\"BreadcrumbList\",\"@id\":\"http:\/\/denizcankizil.tr\/en\/haberler\/gundem\/bursadan-baslayan-orman-benim-turkiyeye-yayiliyor\/#breadcrumb\",\"itemListElement\":[{\"@type\":\"ListItem\",\"position\":1,\"name\":\"Home\",\"item\":\"https:\/\/denizcankizil.tr\/de\/\"},{\"@type\":\"ListItem\",\"position\":2,\"name\":\"Bursa\u2019dan ba\u015flayan \u201cOrman Benim\u201d T\u00fcrkiye\u2019ye yay\u0131l\u0131yor\"}]},{\"@type\":\"WebSite\",\"@id\":\"https:\/\/denizcankizil.tr\/#website\",\"url\":\"https:\/\/denizcankizil.tr\/\",\"name\":\"Av. Deniz Can K\u0131z\u0131l\",\"description\":\"Avukat Deniz Can K\u0131z\u0131l Antalya Barosu\",\"publisher\":{\"@id\":\"https:\/\/denizcankizil.tr\/#organization\"},\"potentialAction\":[{\"@type\":\"SearchAction\",\"target\":{\"@type\":\"EntryPoint\",\"urlTemplate\":\"https:\/\/denizcankizil.tr\/?s={search_term_string}\"},\"query-input\":{\"@type\":\"PropertyValueSpecification\",\"valueRequired\":true,\"valueName\":\"search_term_string\"}}],\"inLanguage\":\"en-GB\"},{\"@type\":\"Organization\",\"@id\":\"https:\/\/denizcankizil.tr\/#organization\",\"name\":\"Av. Deniz Can K\u0131z\u0131l\",\"url\":\"https:\/\/denizcankizil.tr\/\",\"logo\":{\"@type\":\"ImageObject\",\"inLanguage\":\"en-GB\",\"@id\":\"https:\/\/denizcankizil.tr\/#\/schema\/logo\/image\/\",\"url\":\"http:\/\/denizcankizil.tr\/wp-content\/uploads\/2024\/10\/siyah-logo-svg.svg\",\"contentUrl\":\"http:\/\/denizcankizil.tr\/wp-content\/uploads\/2024\/10\/siyah-logo-svg.svg\",\"width\":1080,\"height\":1080,\"caption\":\"Av. Deniz Can K\u0131z\u0131l\"},\"image\":{\"@id\":\"https:\/\/denizcankizil.tr\/#\/schema\/logo\/image\/\"}},{\"@type\":\"Person\",\"@id\":\"https:\/\/denizcankizil.tr\/#\/schema\/person\/be3c05fe6a12686905512445d8185489\",\"name\":\"admin\",\"image\":{\"@type\":\"ImageObject\",\"inLanguage\":\"en-GB\",\"@id\":\"https:\/\/denizcankizil.tr\/#\/schema\/person\/image\/\",\"url\":\"https:\/\/secure.gravatar.com\/avatar\/c1fce94c830dc79107e174f890d7210541c4a63e8e5d816341794a2151c9d58c?s=96&d=mm&r=g\",\"contentUrl\":\"https:\/\/secure.gravatar.com\/avatar\/c1fce94c830dc79107e174f890d7210541c4a63e8e5d816341794a2151c9d58c?s=96&d=mm&r=g\",\"caption\":\"admin\"},\"sameAs\":[\"http:\/\/denizcankizil.tr\"],\"url\":\"https:\/\/www.iskenderun.org\/bursadan-baslayan-orman-benim-turkiyeye-yayiliyor\"}]}<\/script>\n<!-- \/ Yoast SEO Premium plugin. -->","yoast_head_json":{"title":"Bursa\u2019dan ba\u015flayan \u201cOrman Benim\u201d T\u00fcrkiye\u2019ye yay\u0131l\u0131yor - Av. Deniz Can K\u0131z\u0131l","robots":{"index":"index","follow":"follow","max-snippet":"max-snippet:-1","max-image-preview":"max-image-preview:large","max-video-preview":"max-video-preview:-1"},"canonical":"http:\/\/denizcankizil.tr\/en\/haberler\/gundem\/bursadan-baslayan-orman-benim-turkiyeye-yayiliyor\/","og_locale":"en_GB","og_type":"article","og_title":"Bursa\u2019dan ba\u015flayan \u201cOrman Benim\u201d T\u00fcrkiye\u2019ye yay\u0131l\u0131yor","og_description":"Bursa\u2019da orman yang\u0131nlar\u0131n\u0131n \u00f6nlenmesine y\u00f6nelik fark\u0131ndal\u0131k olu\u015fturmak amac\u0131yla hayata ge\u00e7irilen \u201cOrman Benim\u201d Orman G\u00f6n\u00fcll\u00fcleri E\u011fitimi Program\u0131, Merinos Atat\u00fcrk Kongre ve K\u00fclt\u00fcr Merkezi Orhangazi Salonunda d\u00fczenlenen t\u00f6renle ba\u015flad\u0131.BURSA (\u0130GFA) &#8211; T\u00f6rene Bursa Vali Yard\u0131mc\u0131lar\u0131 Kadir Sertel Otcu ve Hulusi Do\u011fan, \u0130l Mill\u00ee E\u011fitim M\u00fcd\u00fcr\u00fc Dr. Ahmet Alireiso\u011flu, Bursa Orman B\u00f6lge M\u00fcd\u00fcr\u00fc Erdal \u015eahan ile birlikte \u00e7ok say\u0131da e\u011fitimci ve protokol \u00fcyesi kat\u0131ld\u0131. Program, \u0130l Mill\u00ee E\u011fitim M\u00fcd\u00fcrl\u00fc\u011f\u00fc \u0130\u015fyeri Sa\u011fl\u0131k ve G\u00fcvenlik Birimi koordinasyonunda, Orman Genel M\u00fcd\u00fcrl\u00fc\u011f\u00fcn\u00fcn ana payda\u015fl\u0131\u011f\u0131nda y\u00fcr\u00fct\u00fcl\u00fcyor. Proje, orman yang\u0131nlar\u0131n\u0131n insan kaynakl\u0131 sebeplerine dikkat \u00e7ekerek, \u00f6zellikle \u00e7ocuklar ve aileleri ba\u015fta olmak \u00fczere toplumun t\u00fcm kesimlerinde \u00e7evre bilinci olu\u015fturmay\u0131 ama\u00e7l\u0131yor. E\u011e\u0130T\u0130C\u0130LER\u0130N E\u011e\u0130T\u0130M\u0130YLE BA\u015eLIYOR \u201cOrman Benim\u201d projesinin ilk a\u015famas\u0131 olan \u201cE\u011fiticilerin E\u011fitimi\u201d, 11 Haziran\u2019da Merinos AKKM\u2019de ba\u015flad\u0131. Merkez il\u00e7elerdeki okullardan se\u00e7ilen g\u00f6n\u00fcll\u00fc \u00f6\u011fretmenler, Orman B\u00f6lge M\u00fcd\u00fcrl\u00fc\u011f\u00fc taraf\u0131ndan verilen e\u011fitimlere kat\u0131ld\u0131. Bu \u00f6\u011fretmenler, yang\u0131nlar\u0131n \u00f6nlenmesi ve do\u011fa bilincinin geli\u015ftirilmesi konusunda bilgi ve becerilerle donat\u0131ld\u0131. 12-13 Haziran tarihlerinde \u00f6\u011fretmenler, kendi okullar\u0131nda bu bilgileri meslekta\u015flar\u0131na aktaracak. Ard\u0131ndan, 16 Haziran\u2019da Bursa\u2019daki t\u00fcm okullarda ilk ders saatinde \u201cOrman Benim\u201d temas\u0131 i\u015flenecek. \u00d6\u011frencilere ormanlar\u0131n korunmas\u0131, yang\u0131nlar\u0131n \u00f6nlenmesi ve \u00e7evre bilinci konular\u0131nda bilgi verilecek. TOPLUMUN T\u00dcM KES\u0130MLER\u0130N\u0130 KAPSAYAN GEN\u0130\u015e B\u0130R HAREKET Proje yaln\u0131zca \u00f6\u011fretmen ve \u00f6\u011frencilerle s\u0131n\u0131rl\u0131 de\u011fil. Aileler, yerel y\u00f6netimler ve sivil toplum da bu kampanyaya d\u00e2hil &hellip;","og_url":"http:\/\/denizcankizil.tr\/en\/haberler\/gundem\/bursadan-baslayan-orman-benim-turkiyeye-yayiliyor\/","og_site_name":"Av. Deniz Can K\u0131z\u0131l","article_published_time":"2025-06-11T18:42:19+00:00","author":"admin","twitter_card":"summary_large_image","twitter_misc":{"Written by":"admin","Estimated reading time":"7 minutes"},"schema":{"@context":"https:\/\/schema.org","@graph":[{"@type":"Article","@id":"http:\/\/denizcankizil.tr\/en\/haberler\/gundem\/bursadan-baslayan-orman-benim-turkiyeye-yayiliyor\/#article","isPartOf":{"@id":"http:\/\/denizcankizil.tr\/en\/haberler\/gundem\/bursadan-baslayan-orman-benim-turkiyeye-yayiliyor\/"},"author":{"name":"admin","@id":"https:\/\/denizcankizil.tr\/#\/schema\/person\/be3c05fe6a12686905512445d8185489"},"headline":"Bursa\u2019dan ba\u015flayan \u201cOrman Benim\u201d T\u00fcrkiye\u2019ye yay\u0131l\u0131yor","datePublished":"2025-06-11T18:42:19+00:00","mainEntityOfPage":{"@id":"http:\/\/denizcankizil.tr\/en\/haberler\/gundem\/bursadan-baslayan-orman-benim-turkiyeye-yayiliyor\/"},"wordCount":1370,"publisher":{"@id":"https:\/\/denizcankizil.tr\/#organization"},"articleSection":["G\u00fcndem"],"inLanguage":"en-GB"},{"@type":"WebPage","@id":"http:\/\/denizcankizil.tr\/en\/haberler\/gundem\/bursadan-baslayan-orman-benim-turkiyeye-yayiliyor\/","url":"http:\/\/denizcankizil.tr\/en\/haberler\/gundem\/bursadan-baslayan-orman-benim-turkiyeye-yayiliyor\/","name":"Bursa\u2019dan ba\u015flayan \u201cOrman Benim\u201d T\u00fcrkiye\u2019ye yay\u0131l\u0131yor - Av. Deniz Can K\u0131z\u0131l","isPartOf":{"@id":"https:\/\/denizcankizil.tr\/#website"},"datePublished":"2025-06-11T18:42:19+00:00","breadcrumb":{"@id":"http:\/\/denizcankizil.tr\/en\/haberler\/gundem\/bursadan-baslayan-orman-benim-turkiyeye-yayiliyor\/#breadcrumb"},"inLanguage":"en-GB","potentialAction":[{"@type":"ReadAction","target":["http:\/\/denizcankizil.tr\/en\/haberler\/gundem\/bursadan-baslayan-orman-benim-turkiyeye-yayiliyor\/"]}]},{"@type":"BreadcrumbList","@id":"http:\/\/denizcankizil.tr\/en\/haberler\/gundem\/bursadan-baslayan-orman-benim-turkiyeye-yayiliyor\/#breadcrumb","itemListElement":[{"@type":"ListItem","position":1,"name":"Home","item":"https:\/\/denizcankizil.tr\/de\/"},{"@type":"ListItem","position":2,"name":"Bursa\u2019dan ba\u015flayan \u201cOrman Benim\u201d T\u00fcrkiye\u2019ye yay\u0131l\u0131yor"}]},{"@type":"WebSite","@id":"https:\/\/denizcankizil.tr\/#website","url":"https:\/\/denizcankizil.tr\/","name":"Av. Deniz Can K\u0131z\u0131l","description":"Avukat Deniz Can K\u0131z\u0131l Antalya Barosu","publisher":{"@id":"https:\/\/denizcankizil.tr\/#organization"},"potentialAction":[{"@type":"SearchAction","target":{"@type":"EntryPoint","urlTemplate":"https:\/\/denizcankizil.tr\/?s={search_term_string}"},"query-input":{"@type":"PropertyValueSpecification","valueRequired":true,"valueName":"search_term_string"}}],"inLanguage":"en-GB"},{"@type":"Organization","@id":"https:\/\/denizcankizil.tr\/#organization","name":"Av. Deniz Can K\u0131z\u0131l","url":"https:\/\/denizcankizil.tr\/","logo":{"@type":"ImageObject","inLanguage":"en-GB","@id":"https:\/\/denizcankizil.tr\/#\/schema\/logo\/image\/","url":"http:\/\/denizcankizil.tr\/wp-content\/uploads\/2024\/10\/siyah-logo-svg.svg","contentUrl":"http:\/\/denizcankizil.tr\/wp-content\/uploads\/2024\/10\/siyah-logo-svg.svg","width":1080,"height":1080,"caption":"Av. Deniz Can K\u0131z\u0131l"},"image":{"@id":"https:\/\/denizcankizil.tr\/#\/schema\/logo\/image\/"}},{"@type":"Person","@id":"https:\/\/denizcankizil.tr\/#\/schema\/person\/be3c05fe6a12686905512445d8185489","name":"admin","image":{"@type":"ImageObject","inLanguage":"en-GB","@id":"https:\/\/denizcankizil.tr\/#\/schema\/person\/image\/","url":"https:\/\/secure.gravatar.com\/avatar\/c1fce94c830dc79107e174f890d7210541c4a63e8e5d816341794a2151c9d58c?s=96&d=mm&r=g","contentUrl":"https:\/\/secure.gravatar.com\/avatar\/c1fce94c830dc79107e174f890d7210541c4a63e8e5d816341794a2151c9d58c?s=96&d=mm&r=g","caption":"admin"},"sameAs":["http:\/\/denizcankizil.tr"],"url":"https:\/\/www.iskenderun.org\/bursadan-baslayan-orman-benim-turkiyeye-yayiliyor"}]}},"_links":{"self":[{"href":"http:\/\/denizcankizil.tr\/en\/wp-json\/wp\/v2\/posts\/113890","targetHints":{"allow":["GET"]}}],"collection":[{"href":"http:\/\/denizcankizil.tr\/en\/wp-json\/wp\/v2\/posts"}],"about":[{"href":"http:\/\/denizcankizil.tr\/en\/wp-json\/wp\/v2\/types\/post"}],"author":[{"embeddable":true,"href":"http:\/\/denizcankizil.tr\/en\/wp-json\/wp\/v2\/users\/1"}],"replies":[{"embeddable":true,"href":"http:\/\/denizcankizil.tr\/en\/wp-json\/wp\/v2\/comments?post=113890"}],"version-history":[{"count":0,"href":"http:\/\/denizcankizil.tr\/en\/wp-json\/wp\/v2\/posts\/113890\/revisions"}],"wp:attachment":[{"href":"http:\/\/denizcankizil.tr\/en\/wp-json\/wp\/v2\/media?parent=113890"}],"wp:term":[{"taxonomy":"category","embeddable":true,"href":"http:\/\/denizcankizil.tr\/en\/wp-json\/wp\/v2\/categories?post=113890"},{"taxonomy":"post_tag","embeddable":true,"href":"http:\/\/denizcankizil.tr\/en\/wp-json\/wp\/v2\/tags?post=113890"}],"curies":[{"name":"wp","href":"https:\/\/api.w.org\/{rel}","templated":true}]}}