{"id":113311,"date":"2025-06-11T10:41:14","date_gmt":"2025-06-11T07:41:14","guid":{"rendered":"https:\/\/denizcankizil.tr\/uncategorized-tr\/zayiflamak-icin-ictigi-bitki-caylari-karacigerini-bitirdi\/"},"modified":"2025-06-11T10:41:14","modified_gmt":"2025-06-11T07:41:14","slug":"zayiflamak-icin-ictigi-bitki-caylari-karacigerini-bitirdi","status":"publish","type":"post","link":"http:\/\/denizcankizil.tr\/en\/haberler\/antalya\/zayiflamak-icin-ictigi-bitki-caylari-karacigerini-bitirdi\/","title":{"rendered":"Zay\u0131flamak i\u00e7in i\u00e7ti\u011fi bitki \u00e7aylar\u0131 karaci\u011ferini bitirdi"},"content":{"rendered":"<p>Aksaray&#8217;da ya\u015fayan B\u00fc\u015fra K., zay\u0131flamak i\u00e7in po\u015fetli bitki \u00e7ay\u0131 t\u00fcr\u00fc \u00fcr\u00fcnleri s\u0131kl\u0131kla kulland\u0131. G\u00fcnl\u00fck t\u00fcketimi zaman zaman 4 fincana kadar \u00e7\u0131kan gen\u00e7 kad\u0131n, ayn\u0131 d\u00f6nemde a\u011fr\u0131 kesici ila\u00e7lar da kullan\u0131nca v\u00fccudunda \u00e7e\u015fitli belirtiler ortaya \u00e7\u0131kt\u0131. B\u00fc\u015fra K.\u2019nin ellerinde k\u0131rm\u0131z\u0131 benekler olu\u015ftu, eklem a\u011fr\u0131lar\u0131 artt\u0131 ve bilin\u00e7 bulan\u0131kl\u0131\u011f\u0131 geli\u015fti. Aksaray&#8217;da yap\u0131lan ilk m\u00fcdahalenin ard\u0131ndan durumu a\u011f\u0131rla\u015fan B\u00fc\u015fra K., karaci\u011fer komas\u0131 \u00f6n tan\u0131s\u0131yla Antalya E\u011fitim ve Ara\u015ft\u0131rma Hastanesi Organ Nakli Merkezi&#8217;ne sevk edildi. Burada yap\u0131lan de\u011ferlendirmede karaci\u011fer enzimlerinin \u00e7ok y\u00fcksek olmad\u0131\u011f\u0131 ancak sar\u0131l\u0131k de\u011ferlerinin ciddi \u015fekilde artt\u0131\u011f\u0131 tespit edildi. Canl\u0131 verici bulunamamas\u0131 \u00fczerine B\u00fc\u015fra K., ulusal acil organ bekleme listesine al\u0131nd\u0131. Yakla\u015f\u0131k 24 saat i\u00e7inde uygun don\u00f6r bulundu ve karaci\u011fer nakli yap\u0131ld\u0131. Operasyon sonras\u0131 yo\u011fun bak\u0131mda tedavi g\u00f6ren B\u00fc\u015fra K.&#8217;nin karaci\u011fer fonksiyonlar\u0131 normale d\u00f6nd\u00fc. Ameliyat\u0131n 3&#8217;\u00fcnc\u00fc haftas\u0131nda taburcu a\u015famas\u0131na gelindi.<\/p>\n<p>&#8216;BAZEN G\u00dcNDE 4 KEZ \u0130\u00c7T\u0130\u011e\u0130M OLUYORDU&#8217;<\/p>\n<p>Bilin\u00e7siz t\u00fcketimin kendisini bu duruma getirdi\u011fini s\u00f6yleyen B\u00fc\u015fra K., &#8220;Ye\u015fil \u00e7ayla \u0131hlamur kullan\u0131yordum. Hasta oldu\u011fumda \u0131hlamur i\u00e7erdim, \u015fi\u015fkinlik hissetti\u011fimde ise ye\u015fil \u00e7ay\u0131 tercih ederdim. Zay\u0131flamak i\u00e7in po\u015fet \u00e7aylar\u0131 kullan\u0131yordum. Bazen bir fincan, bazen g\u00fcnde 4 kez i\u00e7ti\u011fim oluyordu. Genellikle haz\u0131r, marketten ald\u0131\u011f\u0131m \u00e7aylar\u0131 tercih ediyordum. \u0130nsanlar hala bu \u00fcr\u00fcnleri kullan\u0131yor ama ben \u00e7ok k\u00f6t\u00fc bir sonu\u00e7la kar\u015f\u0131la\u015ft\u0131m. Art\u0131k kimseye tavsiye etmiyorum. Doktor tavsiyesi olmadan asla kullan\u0131lmamal\u0131&#8221; dedi.<\/p>\n<p>&#8216;V\u00dcCUDUMA \u0130Y\u0130 GELD\u0130\u011e\u0130N\u0130 D\u00dc\u015e\u00dcND\u00dcM AMA SONU\u00c7 \u00c7OK K\u00d6T\u00dc OLDU&#8217;<\/p>\n<p>Sosyal medya ve \u00e7evresindeki \u00f6nerilerle bitki \u00e7aylar\u0131na y\u00f6neldi\u011fini ifade eden B\u00fc\u015fra K., &#8220;Baz\u0131 diyetisyenleri takip ediyordum, onlar da bu \u00e7aylar\u0131 \u00f6\u011f\u00fcnlere ekliyordu. O d\u00f6nem v\u00fccuduma iyi geldi\u011fini d\u00fc\u015f\u00fcnd\u00fcm ama sonu\u00e7 \u00e7ok k\u00f6t\u00fc oldu. Karaci\u011ferim zarar g\u00f6rd\u00fc. Ayr\u0131ca a\u011fr\u0131 kesici de kullan\u0131yordum. Ellerde k\u0131rm\u0131z\u0131 benekler \u00e7\u0131kmaya ba\u015flad\u0131, eklem a\u011fr\u0131lar\u0131m artt\u0131 ve her \u015fey kontrolden \u00e7\u0131kt\u0131&#8221; diye konu\u015ftu.<\/p>\n<p>&#8216;MASUM G\u0130B\u0130 G\u00d6R\u00dcNEN \u00c7AYLAR, KARAC\u0130\u011eER NAKL\u0130NE NEDEN OLDU&#8217;<\/p>\n<p>Hastan\u0131n durumu hakk\u0131nda bilgi veren Antalya E\u011fitim ve Ara\u015ft\u0131rma Hastanesi Organ Nakli Merkezi M\u00fcd\u00fcr\u00fc Prof. Dr. Arif Aslaner, &#8220;Hastam\u0131z karaci\u011fer komas\u0131 tablosuyla ba\u015fvurdu. Karaci\u011fer enzimleri \u00e7ok y\u00fcksek de\u011fildi ama sar\u0131l\u0131k de\u011ferleri \u00e7ok y\u00fcksekti. Hemen de\u011ferlendirme yap\u0131p, uygun canl\u0131 verici arad\u0131k. Bulamay\u0131nca hastay\u0131 ulusal acil listeye ald\u0131k. 24 saat i\u00e7inde uygun don\u00f6r bulundu ve nakli ger\u00e7ekle\u015ftirdik. Hastam\u0131z 2-3 g\u00fcn yo\u011fun bak\u0131mda kald\u0131. Enzimler normale d\u00f6nd\u00fc ve karaci\u011feri sa\u011fl\u0131kl\u0131 \u015fekilde \u00e7al\u0131\u015fmaya ba\u015flad\u0131. \u015eu anda ameliyat sonras\u0131 3&#8217;\u00fcnc\u00fc haftaday\u0131z ve taburculuk a\u015famas\u0131na geldik&#8221; dedi.<\/p>\n<p>&#8216;B\u0130TK\u0130SEL \u00dcR\u00dcNLER\u0130 B\u0130L\u0130N\u00c7S\u0130ZCE KULLANMAYIN&#8217;<\/p>\n<p>Prof. Dr. Arif Aslaner, vakadan \u00e7\u0131kar\u0131lmas\u0131 gereken \u00f6nemli dersler oldu\u011funu belirterek, &#8220;Hasta, biraz kilolu oldu\u011fu i\u00e7in ya da sosyal medyada takip etti\u011fi diyetisyenlerin \u00f6nerileriyle \u00e7e\u015fitli bitkisel \u00e7ay ve takviyeler kullanm\u0131\u015f. Masum gibi g\u00f6r\u00fcnen bu \u00fcr\u00fcnler, karaci\u011ferine ciddi zarar vermi\u015f. Bu t\u00fcr \u00fcr\u00fcnleri kullanmadan \u00f6nce mutlaka bir uzmana dan\u0131\u015f\u0131lmal\u0131. Sosyal medya \u00fczerinden yay\u0131lan bitki \u00e7aylar\u0131 ve zay\u0131flama \u00fcr\u00fcnleri ciddi sa\u011fl\u0131k sorunlar\u0131na yol a\u00e7abiliyor. Amac\u0131m\u0131z, sosyal fark\u0131ndal\u0131k olu\u015fturmak. \u0130nsanlar bu \u00fcr\u00fcnleri kullanmadan \u00f6nce iki kez d\u00fc\u015f\u00fcnmeli&#8221; diye konu\u015ftu.<\/p>\n<p>Kaynak: www.kanalv.com.tr Haber Sitesinden Al\u0131nm\u0131\u015ft\u0131r.<\/p>","protected":false},"excerpt":{"rendered":"<p>Aksaray&#8217;da ya\u015fayan B\u00fc\u015fra K., zay\u0131flamak i\u00e7in po\u015fetli bitki \u00e7ay\u0131 t\u00fcr\u00fc \u00fcr\u00fcnleri s\u0131kl\u0131kla kulland\u0131. G\u00fcnl\u00fck t\u00fcketimi zaman zaman 4 fincana kadar \u00e7\u0131kan gen\u00e7 kad\u0131n, ayn\u0131 d\u00f6nemde a\u011fr\u0131 kesici ila\u00e7lar da kullan\u0131nca v\u00fccudunda \u00e7e\u015fitli belirtiler ortaya \u00e7\u0131kt\u0131. B\u00fc\u015fra K.\u2019nin ellerinde k\u0131rm\u0131z\u0131 benekler olu\u015ftu, eklem a\u011fr\u0131lar\u0131 artt\u0131 ve bilin\u00e7 bulan\u0131kl\u0131\u011f\u0131 geli\u015fti. Aksaray&#8217;da yap\u0131lan ilk m\u00fcdahalenin ard\u0131ndan durumu a\u011f\u0131rla\u015fan B\u00fc\u015fra K., karaci\u011fer komas\u0131 \u00f6n tan\u0131s\u0131yla Antalya E\u011fitim ve Ara\u015ft\u0131rma Hastanesi Organ Nakli Merkezi&#8217;ne sevk edildi. Burada yap\u0131lan de\u011ferlendirmede karaci\u011fer enzimlerinin \u00e7ok y\u00fcksek olmad\u0131\u011f\u0131 ancak sar\u0131l\u0131k de\u011ferlerinin ciddi \u015fekilde artt\u0131\u011f\u0131 tespit edildi. Canl\u0131 verici bulunamamas\u0131 \u00fczerine B\u00fc\u015fra K., ulusal acil organ bekleme listesine al\u0131nd\u0131. Yakla\u015f\u0131k 24 saat i\u00e7inde uygun don\u00f6r bulundu ve karaci\u011fer nakli yap\u0131ld\u0131. Operasyon sonras\u0131 yo\u011fun bak\u0131mda tedavi g\u00f6ren B\u00fc\u015fra K.&#8217;nin karaci\u011fer fonksiyonlar\u0131 normale d\u00f6nd\u00fc. Ameliyat\u0131n 3&#8217;\u00fcnc\u00fc haftas\u0131nda taburcu a\u015famas\u0131na gelindi. &#8216;BAZEN G\u00dcNDE 4 KEZ \u0130\u00c7T\u0130\u011e\u0130M OLUYORDU&#8217; Bilin\u00e7siz t\u00fcketimin kendisini bu duruma getirdi\u011fini s\u00f6yleyen B\u00fc\u015fra K., &#8220;Ye\u015fil \u00e7ayla \u0131hlamur kullan\u0131yordum. Hasta oldu\u011fumda \u0131hlamur i\u00e7erdim, \u015fi\u015fkinlik hissetti\u011fimde ise ye\u015fil \u00e7ay\u0131 tercih ederdim. Zay\u0131flamak i\u00e7in po\u015fet \u00e7aylar\u0131 kullan\u0131yordum. Bazen bir fincan, bazen g\u00fcnde 4 kez i\u00e7ti\u011fim oluyordu. Genellikle haz\u0131r, marketten ald\u0131\u011f\u0131m \u00e7aylar\u0131 tercih ediyordum. \u0130nsanlar hala bu \u00fcr\u00fcnleri kullan\u0131yor ama ben \u00e7ok k\u00f6t\u00fc bir sonu\u00e7la kar\u015f\u0131la\u015ft\u0131m. Art\u0131k kimseye tavsiye etmiyorum. Doktor tavsiyesi olmadan asla kullan\u0131lmamal\u0131&#8221; &hellip;<\/p>","protected":false},"author":4,"featured_media":113312,"comment_status":"","ping_status":"open","sticky":false,"template":"","format":"standard","meta":{"_acf_changed":false,"footnotes":""},"categories":[26],"tags":[],"class_list":["post-113311","post","type-post","status-publish","format-standard","has-post-thumbnail","hentry","category-antalya"],"acf":[],"yoast_head":"<!-- This site is optimized with the Yoast SEO Premium plugin v26.6 (Yoast SEO v27.1.1) - https:\/\/yoast.com\/product\/yoast-seo-premium-wordpress\/ -->\n<title>Zay\u0131flamak i\u00e7in i\u00e7ti\u011fi bitki \u00e7aylar\u0131 karaci\u011ferini bitirdi - Av. Deniz Can K\u0131z\u0131l<\/title>\n<meta name=\"robots\" content=\"index, follow, max-snippet:-1, max-image-preview:large, max-video-preview:-1\" \/>\n<link rel=\"canonical\" href=\"https:\/\/denizcankizil.tr\/en\/haberler\/antalya\/zayiflamak-icin-ictigi-bitki-caylari-karacigerini-bitirdi\/\" \/>\n<meta property=\"og:locale\" content=\"en_GB\" \/>\n<meta property=\"og:type\" content=\"article\" \/>\n<meta property=\"og:title\" content=\"Zay\u0131flamak i\u00e7in i\u00e7ti\u011fi bitki \u00e7aylar\u0131 karaci\u011ferini bitirdi\" \/>\n<meta property=\"og:description\" content=\"Aksaray&#8217;da ya\u015fayan B\u00fc\u015fra K., zay\u0131flamak i\u00e7in po\u015fetli bitki \u00e7ay\u0131 t\u00fcr\u00fc \u00fcr\u00fcnleri s\u0131kl\u0131kla kulland\u0131. G\u00fcnl\u00fck t\u00fcketimi zaman zaman 4 fincana kadar \u00e7\u0131kan gen\u00e7 kad\u0131n, ayn\u0131 d\u00f6nemde a\u011fr\u0131 kesici ila\u00e7lar da kullan\u0131nca v\u00fccudunda \u00e7e\u015fitli belirtiler ortaya \u00e7\u0131kt\u0131. B\u00fc\u015fra K.\u2019nin ellerinde k\u0131rm\u0131z\u0131 benekler olu\u015ftu, eklem a\u011fr\u0131lar\u0131 artt\u0131 ve bilin\u00e7 bulan\u0131kl\u0131\u011f\u0131 geli\u015fti. Aksaray&#8217;da yap\u0131lan ilk m\u00fcdahalenin ard\u0131ndan durumu a\u011f\u0131rla\u015fan B\u00fc\u015fra K., karaci\u011fer komas\u0131 \u00f6n tan\u0131s\u0131yla Antalya E\u011fitim ve Ara\u015ft\u0131rma Hastanesi Organ Nakli Merkezi&#8217;ne sevk edildi. Burada yap\u0131lan de\u011ferlendirmede karaci\u011fer enzimlerinin \u00e7ok y\u00fcksek olmad\u0131\u011f\u0131 ancak sar\u0131l\u0131k de\u011ferlerinin ciddi \u015fekilde artt\u0131\u011f\u0131 tespit edildi. Canl\u0131 verici bulunamamas\u0131 \u00fczerine B\u00fc\u015fra K., ulusal acil organ bekleme listesine al\u0131nd\u0131. Yakla\u015f\u0131k 24 saat i\u00e7inde uygun don\u00f6r bulundu ve karaci\u011fer nakli yap\u0131ld\u0131. Operasyon sonras\u0131 yo\u011fun bak\u0131mda tedavi g\u00f6ren B\u00fc\u015fra K.&#8217;nin karaci\u011fer fonksiyonlar\u0131 normale d\u00f6nd\u00fc. Ameliyat\u0131n 3&#8217;\u00fcnc\u00fc haftas\u0131nda taburcu a\u015famas\u0131na gelindi. &#8216;BAZEN G\u00dcNDE 4 KEZ \u0130\u00c7T\u0130\u011e\u0130M OLUYORDU&#8217; Bilin\u00e7siz t\u00fcketimin kendisini bu duruma getirdi\u011fini s\u00f6yleyen B\u00fc\u015fra K., &#8220;Ye\u015fil \u00e7ayla \u0131hlamur kullan\u0131yordum. Hasta oldu\u011fumda \u0131hlamur i\u00e7erdim, \u015fi\u015fkinlik hissetti\u011fimde ise ye\u015fil \u00e7ay\u0131 tercih ederdim. Zay\u0131flamak i\u00e7in po\u015fet \u00e7aylar\u0131 kullan\u0131yordum. Bazen bir fincan, bazen g\u00fcnde 4 kez i\u00e7ti\u011fim oluyordu. Genellikle haz\u0131r, marketten ald\u0131\u011f\u0131m \u00e7aylar\u0131 tercih ediyordum. \u0130nsanlar hala bu \u00fcr\u00fcnleri kullan\u0131yor ama ben \u00e7ok k\u00f6t\u00fc bir sonu\u00e7la kar\u015f\u0131la\u015ft\u0131m. Art\u0131k kimseye tavsiye etmiyorum. Doktor tavsiyesi olmadan asla kullan\u0131lmamal\u0131&#8221; &hellip;\" \/>\n<meta property=\"og:url\" content=\"https:\/\/denizcankizil.tr\/en\/haberler\/antalya\/zayiflamak-icin-ictigi-bitki-caylari-karacigerini-bitirdi\/\" \/>\n<meta property=\"og:site_name\" content=\"Av. Deniz Can K\u0131z\u0131l\" \/>\n<meta property=\"article:published_time\" content=\"2025-06-11T07:41:14+00:00\" \/>\n<meta property=\"og:image\" content=\"https:\/\/denizcankizil.tr\/wp-content\/uploads\/2025\/06\/6801-01-jgG8EW.jpg\" \/>\n\t<meta property=\"og:image:width\" content=\"1280\" \/>\n\t<meta property=\"og:image:height\" content=\"720\" \/>\n\t<meta property=\"og:image:type\" content=\"image\/jpeg\" \/>\n<meta name=\"author\" content=\"Av. Deniz Can K\u0131z\u0131l\" \/>\n<meta name=\"twitter:card\" content=\"summary_large_image\" \/>\n<meta name=\"twitter:label1\" content=\"Written by\" \/>\n\t<meta name=\"twitter:data1\" content=\"Av. Deniz Can K\u0131z\u0131l\" \/>\n\t<meta name=\"twitter:label2\" content=\"Estimated reading time\" \/>\n\t<meta name=\"twitter:data2\" content=\"3 minutes\" \/>\n<script type=\"application\/ld+json\" class=\"yoast-schema-graph\">{\"@context\":\"https:\/\/schema.org\",\"@graph\":[{\"@type\":\"Article\",\"@id\":\"https:\/\/denizcankizil.tr\/ru\/haberler\/antalya\/zayiflamak-icin-ictigi-bitki-caylari-karacigerini-bitirdi\/#article\",\"isPartOf\":{\"@id\":\"https:\/\/denizcankizil.tr\/ru\/haberler\/antalya\/zayiflamak-icin-ictigi-bitki-caylari-karacigerini-bitirdi\/\"},\"author\":{\"name\":\"Av. Deniz Can K\u0131z\u0131l\",\"@id\":\"https:\/\/denizcankizil.tr\/de\/#\/schema\/person\/5dc1b22991bd7ac833867c10afc9b0ff\"},\"headline\":\"Zay\u0131flamak i\u00e7in i\u00e7ti\u011fi bitki \u00e7aylar\u0131 karaci\u011ferini bitirdi\",\"datePublished\":\"2025-06-11T07:41:14+00:00\",\"mainEntityOfPage\":{\"@id\":\"https:\/\/denizcankizil.tr\/ru\/haberler\/antalya\/zayiflamak-icin-ictigi-bitki-caylari-karacigerini-bitirdi\/\"},\"wordCount\":659,\"publisher\":{\"@id\":\"https:\/\/denizcankizil.tr\/de\/#organization\"},\"image\":{\"@id\":\"https:\/\/denizcankizil.tr\/ru\/haberler\/antalya\/zayiflamak-icin-ictigi-bitki-caylari-karacigerini-bitirdi\/#primaryimage\"},\"thumbnailUrl\":\"http:\/\/denizcankizil.tr\/wp-content\/uploads\/2025\/06\/6801-01-jgG8EW.jpg\",\"articleSection\":[\"Antalya\"],\"inLanguage\":\"en-GB\"},{\"@type\":\"WebPage\",\"@id\":\"https:\/\/denizcankizil.tr\/ru\/haberler\/antalya\/zayiflamak-icin-ictigi-bitki-caylari-karacigerini-bitirdi\/\",\"url\":\"https:\/\/denizcankizil.tr\/ru\/haberler\/antalya\/zayiflamak-icin-ictigi-bitki-caylari-karacigerini-bitirdi\/\",\"name\":\"Zay\u0131flamak i\u00e7in i\u00e7ti\u011fi bitki \u00e7aylar\u0131 karaci\u011ferini bitirdi - Av. Deniz Can K\u0131z\u0131l\",\"isPartOf\":{\"@id\":\"https:\/\/denizcankizil.tr\/de\/#website\"},\"primaryImageOfPage\":{\"@id\":\"https:\/\/denizcankizil.tr\/ru\/haberler\/antalya\/zayiflamak-icin-ictigi-bitki-caylari-karacigerini-bitirdi\/#primaryimage\"},\"image\":{\"@id\":\"https:\/\/denizcankizil.tr\/ru\/haberler\/antalya\/zayiflamak-icin-ictigi-bitki-caylari-karacigerini-bitirdi\/#primaryimage\"},\"thumbnailUrl\":\"http:\/\/denizcankizil.tr\/wp-content\/uploads\/2025\/06\/6801-01-jgG8EW.jpg\",\"datePublished\":\"2025-06-11T07:41:14+00:00\",\"breadcrumb\":{\"@id\":\"https:\/\/denizcankizil.tr\/ru\/haberler\/antalya\/zayiflamak-icin-ictigi-bitki-caylari-karacigerini-bitirdi\/#breadcrumb\"},\"inLanguage\":\"en-GB\",\"potentialAction\":[{\"@type\":\"ReadAction\",\"target\":[\"https:\/\/denizcankizil.tr\/ru\/haberler\/antalya\/zayiflamak-icin-ictigi-bitki-caylari-karacigerini-bitirdi\/\"]}]},{\"@type\":\"ImageObject\",\"inLanguage\":\"en-GB\",\"@id\":\"https:\/\/denizcankizil.tr\/ru\/haberler\/antalya\/zayiflamak-icin-ictigi-bitki-caylari-karacigerini-bitirdi\/#primaryimage\",\"url\":\"http:\/\/denizcankizil.tr\/wp-content\/uploads\/2025\/06\/6801-01-jgG8EW.jpg\",\"contentUrl\":\"http:\/\/denizcankizil.tr\/wp-content\/uploads\/2025\/06\/6801-01-jgG8EW.jpg\",\"width\":1280,\"height\":720},{\"@type\":\"BreadcrumbList\",\"@id\":\"https:\/\/denizcankizil.tr\/ru\/haberler\/antalya\/zayiflamak-icin-ictigi-bitki-caylari-karacigerini-bitirdi\/#breadcrumb\",\"itemListElement\":[{\"@type\":\"ListItem\",\"position\":1,\"name\":\"Home\",\"item\":\"https:\/\/denizcankizil.tr\/de\/\"},{\"@type\":\"ListItem\",\"position\":2,\"name\":\"Zay\u0131flamak i\u00e7in i\u00e7ti\u011fi bitki \u00e7aylar\u0131 karaci\u011ferini bitirdi\"}]},{\"@type\":\"WebSite\",\"@id\":\"https:\/\/denizcankizil.tr\/de\/#website\",\"url\":\"https:\/\/denizcankizil.tr\/de\/\",\"name\":\"Av. Deniz Can K\u0131z\u0131l\",\"description\":\"Avukat Deniz Can K\u0131z\u0131l Antalya Barosu\",\"publisher\":{\"@id\":\"https:\/\/denizcankizil.tr\/de\/#organization\"},\"potentialAction\":[{\"@type\":\"SearchAction\",\"target\":{\"@type\":\"EntryPoint\",\"urlTemplate\":\"https:\/\/denizcankizil.tr\/de\/?s={search_term_string}\"},\"query-input\":{\"@type\":\"PropertyValueSpecification\",\"valueRequired\":true,\"valueName\":\"search_term_string\"}}],\"inLanguage\":\"en-GB\"},{\"@type\":\"Organization\",\"@id\":\"https:\/\/denizcankizil.tr\/de\/#organization\",\"name\":\"Av. Deniz Can K\u0131z\u0131l\",\"url\":\"https:\/\/denizcankizil.tr\/de\/\",\"logo\":{\"@type\":\"ImageObject\",\"inLanguage\":\"en-GB\",\"@id\":\"https:\/\/denizcankizil.tr\/de\/#\/schema\/logo\/image\/\",\"url\":\"http:\/\/denizcankizil.tr\/wp-content\/uploads\/2024\/10\/siyah-logo-svg.svg\",\"contentUrl\":\"http:\/\/denizcankizil.tr\/wp-content\/uploads\/2024\/10\/siyah-logo-svg.svg\",\"width\":1080,\"height\":1080,\"caption\":\"Av. Deniz Can K\u0131z\u0131l\"},\"image\":{\"@id\":\"https:\/\/denizcankizil.tr\/de\/#\/schema\/logo\/image\/\"}},{\"@type\":\"Person\",\"@id\":\"https:\/\/denizcankizil.tr\/de\/#\/schema\/person\/5dc1b22991bd7ac833867c10afc9b0ff\",\"name\":\"Av. Deniz Can K\u0131z\u0131l\",\"image\":{\"@type\":\"ImageObject\",\"inLanguage\":\"en-GB\",\"@id\":\"https:\/\/denizcankizil.tr\/de\/#\/schema\/person\/image\/\",\"url\":\"https:\/\/secure.gravatar.com\/avatar\/a0b128fb9855c79efc976d5640eedb31dc35ec297594d6016d2cf7c60e975bb6?s=96&d=mm&r=g\",\"contentUrl\":\"https:\/\/secure.gravatar.com\/avatar\/a0b128fb9855c79efc976d5640eedb31dc35ec297594d6016d2cf7c60e975bb6?s=96&d=mm&r=g\",\"caption\":\"Av. Deniz Can K\u0131z\u0131l\"},\"sameAs\":[\"http:\/\/www.denizcankizil.tr\"],\"url\":\"http:\/\/denizcankizil.tr\/en\/author\/denizcankizil\/\"}]}<\/script>\n<!-- \/ Yoast SEO Premium plugin. -->","yoast_head_json":{"title":"Zay\u0131flamak i\u00e7in i\u00e7ti\u011fi bitki \u00e7aylar\u0131 karaci\u011ferini bitirdi - Av. Deniz Can K\u0131z\u0131l","robots":{"index":"index","follow":"follow","max-snippet":"max-snippet:-1","max-image-preview":"max-image-preview:large","max-video-preview":"max-video-preview:-1"},"canonical":"https:\/\/denizcankizil.tr\/en\/haberler\/antalya\/zayiflamak-icin-ictigi-bitki-caylari-karacigerini-bitirdi\/","og_locale":"en_GB","og_type":"article","og_title":"Zay\u0131flamak i\u00e7in i\u00e7ti\u011fi bitki \u00e7aylar\u0131 karaci\u011ferini bitirdi","og_description":"Aksaray&#8217;da ya\u015fayan B\u00fc\u015fra K., zay\u0131flamak i\u00e7in po\u015fetli bitki \u00e7ay\u0131 t\u00fcr\u00fc \u00fcr\u00fcnleri s\u0131kl\u0131kla kulland\u0131. G\u00fcnl\u00fck t\u00fcketimi zaman zaman 4 fincana kadar \u00e7\u0131kan gen\u00e7 kad\u0131n, ayn\u0131 d\u00f6nemde a\u011fr\u0131 kesici ila\u00e7lar da kullan\u0131nca v\u00fccudunda \u00e7e\u015fitli belirtiler ortaya \u00e7\u0131kt\u0131. B\u00fc\u015fra K.\u2019nin ellerinde k\u0131rm\u0131z\u0131 benekler olu\u015ftu, eklem a\u011fr\u0131lar\u0131 artt\u0131 ve bilin\u00e7 bulan\u0131kl\u0131\u011f\u0131 geli\u015fti. Aksaray&#8217;da yap\u0131lan ilk m\u00fcdahalenin ard\u0131ndan durumu a\u011f\u0131rla\u015fan B\u00fc\u015fra K., karaci\u011fer komas\u0131 \u00f6n tan\u0131s\u0131yla Antalya E\u011fitim ve Ara\u015ft\u0131rma Hastanesi Organ Nakli Merkezi&#8217;ne sevk edildi. Burada yap\u0131lan de\u011ferlendirmede karaci\u011fer enzimlerinin \u00e7ok y\u00fcksek olmad\u0131\u011f\u0131 ancak sar\u0131l\u0131k de\u011ferlerinin ciddi \u015fekilde artt\u0131\u011f\u0131 tespit edildi. Canl\u0131 verici bulunamamas\u0131 \u00fczerine B\u00fc\u015fra K., ulusal acil organ bekleme listesine al\u0131nd\u0131. Yakla\u015f\u0131k 24 saat i\u00e7inde uygun don\u00f6r bulundu ve karaci\u011fer nakli yap\u0131ld\u0131. Operasyon sonras\u0131 yo\u011fun bak\u0131mda tedavi g\u00f6ren B\u00fc\u015fra K.&#8217;nin karaci\u011fer fonksiyonlar\u0131 normale d\u00f6nd\u00fc. Ameliyat\u0131n 3&#8217;\u00fcnc\u00fc haftas\u0131nda taburcu a\u015famas\u0131na gelindi. &#8216;BAZEN G\u00dcNDE 4 KEZ \u0130\u00c7T\u0130\u011e\u0130M OLUYORDU&#8217; Bilin\u00e7siz t\u00fcketimin kendisini bu duruma getirdi\u011fini s\u00f6yleyen B\u00fc\u015fra K., &#8220;Ye\u015fil \u00e7ayla \u0131hlamur kullan\u0131yordum. Hasta oldu\u011fumda \u0131hlamur i\u00e7erdim, \u015fi\u015fkinlik hissetti\u011fimde ise ye\u015fil \u00e7ay\u0131 tercih ederdim. Zay\u0131flamak i\u00e7in po\u015fet \u00e7aylar\u0131 kullan\u0131yordum. Bazen bir fincan, bazen g\u00fcnde 4 kez i\u00e7ti\u011fim oluyordu. Genellikle haz\u0131r, marketten ald\u0131\u011f\u0131m \u00e7aylar\u0131 tercih ediyordum. \u0130nsanlar hala bu \u00fcr\u00fcnleri kullan\u0131yor ama ben \u00e7ok k\u00f6t\u00fc bir sonu\u00e7la kar\u015f\u0131la\u015ft\u0131m. Art\u0131k kimseye tavsiye etmiyorum. Doktor tavsiyesi olmadan asla kullan\u0131lmamal\u0131&#8221; &hellip;","og_url":"https:\/\/denizcankizil.tr\/en\/haberler\/antalya\/zayiflamak-icin-ictigi-bitki-caylari-karacigerini-bitirdi\/","og_site_name":"Av. Deniz Can K\u0131z\u0131l","article_published_time":"2025-06-11T07:41:14+00:00","og_image":[{"width":1280,"height":720,"url":"https:\/\/denizcankizil.tr\/wp-content\/uploads\/2025\/06\/6801-01-jgG8EW.jpg","type":"image\/jpeg"}],"author":"Av. Deniz Can K\u0131z\u0131l","twitter_card":"summary_large_image","twitter_misc":{"Written by":"Av. Deniz Can K\u0131z\u0131l","Estimated reading time":"3 minutes"},"schema":{"@context":"https:\/\/schema.org","@graph":[{"@type":"Article","@id":"https:\/\/denizcankizil.tr\/ru\/haberler\/antalya\/zayiflamak-icin-ictigi-bitki-caylari-karacigerini-bitirdi\/#article","isPartOf":{"@id":"https:\/\/denizcankizil.tr\/ru\/haberler\/antalya\/zayiflamak-icin-ictigi-bitki-caylari-karacigerini-bitirdi\/"},"author":{"name":"Av. Deniz Can K\u0131z\u0131l","@id":"https:\/\/denizcankizil.tr\/de\/#\/schema\/person\/5dc1b22991bd7ac833867c10afc9b0ff"},"headline":"Zay\u0131flamak i\u00e7in i\u00e7ti\u011fi bitki \u00e7aylar\u0131 karaci\u011ferini bitirdi","datePublished":"2025-06-11T07:41:14+00:00","mainEntityOfPage":{"@id":"https:\/\/denizcankizil.tr\/ru\/haberler\/antalya\/zayiflamak-icin-ictigi-bitki-caylari-karacigerini-bitirdi\/"},"wordCount":659,"publisher":{"@id":"https:\/\/denizcankizil.tr\/de\/#organization"},"image":{"@id":"https:\/\/denizcankizil.tr\/ru\/haberler\/antalya\/zayiflamak-icin-ictigi-bitki-caylari-karacigerini-bitirdi\/#primaryimage"},"thumbnailUrl":"http:\/\/denizcankizil.tr\/wp-content\/uploads\/2025\/06\/6801-01-jgG8EW.jpg","articleSection":["Antalya"],"inLanguage":"en-GB"},{"@type":"WebPage","@id":"https:\/\/denizcankizil.tr\/ru\/haberler\/antalya\/zayiflamak-icin-ictigi-bitki-caylari-karacigerini-bitirdi\/","url":"https:\/\/denizcankizil.tr\/ru\/haberler\/antalya\/zayiflamak-icin-ictigi-bitki-caylari-karacigerini-bitirdi\/","name":"Zay\u0131flamak i\u00e7in i\u00e7ti\u011fi bitki \u00e7aylar\u0131 karaci\u011ferini bitirdi - Av. Deniz Can K\u0131z\u0131l","isPartOf":{"@id":"https:\/\/denizcankizil.tr\/de\/#website"},"primaryImageOfPage":{"@id":"https:\/\/denizcankizil.tr\/ru\/haberler\/antalya\/zayiflamak-icin-ictigi-bitki-caylari-karacigerini-bitirdi\/#primaryimage"},"image":{"@id":"https:\/\/denizcankizil.tr\/ru\/haberler\/antalya\/zayiflamak-icin-ictigi-bitki-caylari-karacigerini-bitirdi\/#primaryimage"},"thumbnailUrl":"http:\/\/denizcankizil.tr\/wp-content\/uploads\/2025\/06\/6801-01-jgG8EW.jpg","datePublished":"2025-06-11T07:41:14+00:00","breadcrumb":{"@id":"https:\/\/denizcankizil.tr\/ru\/haberler\/antalya\/zayiflamak-icin-ictigi-bitki-caylari-karacigerini-bitirdi\/#breadcrumb"},"inLanguage":"en-GB","potentialAction":[{"@type":"ReadAction","target":["https:\/\/denizcankizil.tr\/ru\/haberler\/antalya\/zayiflamak-icin-ictigi-bitki-caylari-karacigerini-bitirdi\/"]}]},{"@type":"ImageObject","inLanguage":"en-GB","@id":"https:\/\/denizcankizil.tr\/ru\/haberler\/antalya\/zayiflamak-icin-ictigi-bitki-caylari-karacigerini-bitirdi\/#primaryimage","url":"http:\/\/denizcankizil.tr\/wp-content\/uploads\/2025\/06\/6801-01-jgG8EW.jpg","contentUrl":"http:\/\/denizcankizil.tr\/wp-content\/uploads\/2025\/06\/6801-01-jgG8EW.jpg","width":1280,"height":720},{"@type":"BreadcrumbList","@id":"https:\/\/denizcankizil.tr\/ru\/haberler\/antalya\/zayiflamak-icin-ictigi-bitki-caylari-karacigerini-bitirdi\/#breadcrumb","itemListElement":[{"@type":"ListItem","position":1,"name":"Home","item":"https:\/\/denizcankizil.tr\/de\/"},{"@type":"ListItem","position":2,"name":"Zay\u0131flamak i\u00e7in i\u00e7ti\u011fi bitki \u00e7aylar\u0131 karaci\u011ferini bitirdi"}]},{"@type":"WebSite","@id":"https:\/\/denizcankizil.tr\/de\/#website","url":"https:\/\/denizcankizil.tr\/de\/","name":"Av. Deniz Can K\u0131z\u0131l","description":"Avukat Deniz Can K\u0131z\u0131l Antalya Barosu","publisher":{"@id":"https:\/\/denizcankizil.tr\/de\/#organization"},"potentialAction":[{"@type":"SearchAction","target":{"@type":"EntryPoint","urlTemplate":"https:\/\/denizcankizil.tr\/de\/?s={search_term_string}"},"query-input":{"@type":"PropertyValueSpecification","valueRequired":true,"valueName":"search_term_string"}}],"inLanguage":"en-GB"},{"@type":"Organization","@id":"https:\/\/denizcankizil.tr\/de\/#organization","name":"Av. Deniz Can K\u0131z\u0131l","url":"https:\/\/denizcankizil.tr\/de\/","logo":{"@type":"ImageObject","inLanguage":"en-GB","@id":"https:\/\/denizcankizil.tr\/de\/#\/schema\/logo\/image\/","url":"http:\/\/denizcankizil.tr\/wp-content\/uploads\/2024\/10\/siyah-logo-svg.svg","contentUrl":"http:\/\/denizcankizil.tr\/wp-content\/uploads\/2024\/10\/siyah-logo-svg.svg","width":1080,"height":1080,"caption":"Av. Deniz Can K\u0131z\u0131l"},"image":{"@id":"https:\/\/denizcankizil.tr\/de\/#\/schema\/logo\/image\/"}},{"@type":"Person","@id":"https:\/\/denizcankizil.tr\/de\/#\/schema\/person\/5dc1b22991bd7ac833867c10afc9b0ff","name":"Av. Deniz Can K\u0131z\u0131l","image":{"@type":"ImageObject","inLanguage":"en-GB","@id":"https:\/\/denizcankizil.tr\/de\/#\/schema\/person\/image\/","url":"https:\/\/secure.gravatar.com\/avatar\/a0b128fb9855c79efc976d5640eedb31dc35ec297594d6016d2cf7c60e975bb6?s=96&d=mm&r=g","contentUrl":"https:\/\/secure.gravatar.com\/avatar\/a0b128fb9855c79efc976d5640eedb31dc35ec297594d6016d2cf7c60e975bb6?s=96&d=mm&r=g","caption":"Av. Deniz Can K\u0131z\u0131l"},"sameAs":["http:\/\/www.denizcankizil.tr"],"url":"http:\/\/denizcankizil.tr\/en\/author\/denizcankizil\/"}]}},"_links":{"self":[{"href":"http:\/\/denizcankizil.tr\/en\/wp-json\/wp\/v2\/posts\/113311","targetHints":{"allow":["GET"]}}],"collection":[{"href":"http:\/\/denizcankizil.tr\/en\/wp-json\/wp\/v2\/posts"}],"about":[{"href":"http:\/\/denizcankizil.tr\/en\/wp-json\/wp\/v2\/types\/post"}],"author":[{"embeddable":true,"href":"http:\/\/denizcankizil.tr\/en\/wp-json\/wp\/v2\/users\/4"}],"replies":[{"embeddable":true,"href":"http:\/\/denizcankizil.tr\/en\/wp-json\/wp\/v2\/comments?post=113311"}],"version-history":[{"count":0,"href":"http:\/\/denizcankizil.tr\/en\/wp-json\/wp\/v2\/posts\/113311\/revisions"}],"wp:featuredmedia":[{"embeddable":true,"href":"http:\/\/denizcankizil.tr\/en\/wp-json\/wp\/v2\/media\/113312"}],"wp:attachment":[{"href":"http:\/\/denizcankizil.tr\/en\/wp-json\/wp\/v2\/media?parent=113311"}],"wp:term":[{"taxonomy":"category","embeddable":true,"href":"http:\/\/denizcankizil.tr\/en\/wp-json\/wp\/v2\/categories?post=113311"},{"taxonomy":"post_tag","embeddable":true,"href":"http:\/\/denizcankizil.tr\/en\/wp-json\/wp\/v2\/tags?post=113311"}],"curies":[{"name":"wp","href":"https:\/\/api.w.org\/{rel}","templated":true}]}}