{"id":109499,"date":"2025-06-07T14:41:15","date_gmt":"2025-06-07T11:41:15","guid":{"rendered":"https:\/\/denizcankizil.tr\/uncategorized-tr\/kirmiziya-boyayin-da-bilelim\/"},"modified":"2025-06-07T14:41:15","modified_gmt":"2025-06-07T11:41:15","slug":"kirmiziya-boyayin-da-bilelim","status":"publish","type":"post","link":"http:\/\/denizcankizil.tr\/en\/haberler\/gundem\/kirmiziya-boyayin-da-bilelim\/","title":{"rendered":"K\u0131rm\u0131z\u0131ya boyay\u0131n da bilelim"},"content":{"rendered":"<p>Bug\u00fcn, Kurban Bayram\u0131\u2019n\u0131n ikinci g\u00fcn\u00fc. Bu vesile ile herkesin bayram\u0131n\u0131 evvelemirde bir kutlayal\u0131m. Eskilerin deyimi ile, \u00fczerimize farz olan Tanr\u0131 selam\u0131n\u0131 iletirken, b\u00fcy\u00fcklerin ellerinden k\u00fc\u00e7\u00fcklerinde g\u00f6zlerinden \u00f6pmeyi de eksik etmeyelim.<\/p>\n<p>Bayram nedeni ile insanlar birbiri ile ileti\u015fime ge\u00e7meyi, e\u011fer m\u00fcmk\u00fcnse de yan yana gelmeyi tercih ederler, ki sosyalle\u015fmenin en \u00f6nemli ara\u00e7lar\u0131ndan birisidir bayram.<\/p>\n<p>Bu yan yana gelme durumu da insanlar\u0131n ula\u015f\u0131m ihtiyac\u0131n\u0131 a\u00e7\u0131\u011fa \u00e7\u0131kar\u0131r.<\/p>\n<p>Bayram ya da ba\u015fka nedenlerle ula\u015f\u0131m, en temel insan haklar\u0131ndan birisi olarak tan\u0131mlan\u0131r ve bunun sa\u011flanmas\u0131 g\u00f6revi, normalde, devlete verilir. Sonu\u00e7ta devlet bir organizasyon kurumudur ve ula\u015f\u0131m da bu organizasyonlar\u0131n ba\u015f\u0131nda gelir.<\/p>\n<p>\u015eehir i\u00e7inde de bu g\u00f6rev, devlet yap\u0131lanmas\u0131n\u0131n bir par\u00e7as\u0131 olan belediyelere verilmi\u015ftir. Belediyeler, \u015fehir i\u00e7i ula\u015f\u0131m\u0131 sa\u011flamakla m\u00fckelleftir.<\/p>\n<p>Gel g\u00f6r ki, Turgut \u00d6zal\u2019\u0131n \u2018\u00f6zelle\u015ftirme\u2019 \u00e7\u0131lg\u0131nl\u0131\u011f\u0131 \u00f6nce belediyelerden ba\u015flam\u0131\u015f, bunda da ilk s\u0131rada ula\u015f\u0131m yer alm\u0131\u015ft\u0131r. Bu politikan\u0131n sonucunda da hayat\u0131m\u0131za \u2018\u00f6zel halk otob\u00fcs\u00fc\u2019 denen ucube sistem girmi\u015ftir. Antalya\u2019da da bu sistemi ba\u015flatan, ne yaz\u0131k ki, Hasan Suba\u015f\u0131 olmu\u015ftur.<\/p>\n<p>\u00d6zel halk otob\u00fcslerinde, ad\u0131 \u00fczerinde \u2018\u00f6zel\u2019 olunca, \u00f6ncelik kamu yarar\u0131 de\u011fil, otob\u00fcs sahiplerinin k\u00e2r\u0131 olmas\u0131 kadar do\u011fal bir \u015fey yoktur. Belediyeler de ula\u015f\u0131m\u0131 \u00f6zelle\u015ftirerek bir y\u00fck\u00fc s\u0131rtlar\u0131ndan atm\u0131\u015f ama ayn\u0131 y\u00fck\u00fc halk\u0131n s\u0131rt\u0131na y\u00fcklemi\u015ftir.<\/p>\n<p>Antalya\u2019ya gelecek olursak, bundan \u00fc\u00e7 y\u0131l \u00f6nce B\u00fcy\u00fck\u015fehir Belediye Ba\u015fkan\u0131 Muhittin B\u00f6cek, aslolan\u0131n ula\u015f\u0131m\u0131n belediye ara\u00e7lar\u0131 taraf\u0131ndan sa\u011flanmas\u0131 gerekti\u011fini, bu nedenle de b\u00fct\u00fcn otob\u00fcslerin, \u00f6zel de\u011fil de belediye arac\u0131 olmas\u0131 gerekti\u011fini ifade ederek \u00f6zel halk otob\u00fcslerini kald\u0131rman\u0131n kendisinin de hedefi oldu\u011funu ifade etmi\u015fti.<\/p>\n<p>Bug\u00fcne kadar bu hedefine b\u0131rak\u0131n ula\u015fmay\u0131, yan\u0131na bile yakla\u015fabilmi\u015f de\u011fil. Antalya\u2019da toplu ta\u015f\u0131man\u0131n yakla\u015f\u0131k \u00fc\u00e7te biri belediye otob\u00fcsleri ile sa\u011flan\u0131rken, geri kalan\u0131n\u0131 yine \u00f6zel halk otob\u00fcsleri sa\u011fl\u0131yor. Bu da \u00f6zel halk otob\u00fcs\u00fc sahipleri ve oda ba\u015fkan\u0131 Yasin Aslan\u2019a rant sa\u011flamaktan ba\u015fka bir i\u015fe yaram\u0131yor.<\/p>\n<p>Bunun politik bir tercih oldu\u011funu buraya bir not edelim.<\/p>\n<p>Haz\u0131r, bayram g\u00fcnlerindeyiz. Antalya B\u00fcy\u00fck\u015fehir Belediyesi, bayram s\u00fcresince Antalya\u2019da ula\u015f\u0131m\u0131n \u00fccretsiz oldu\u011funu g\u00fcnlerce duyurdu. Bence pop\u00fclist ama bug\u00fcnlerde halk\u0131n gelir durumunu g\u00f6z \u00f6n\u00fcne ald\u0131\u011f\u0131m\u0131zda mant\u0131kl\u0131 bir uygulama. <\/p>\n<p>Ama hangi ula\u015f\u0131m ara\u00e7lar\u0131 \u00fccretsiz?<\/p>\n<p>Belediye otob\u00fcsleri ve tramvay. <\/p>\n<p>Yani belediyenin uhdesinde olanlar. <\/p>\n<p>Di\u011ferleri?<\/p>\n<p>Onlarda yine kart basma ve \u00fccret alma devam. <\/p>\n<p>Yani, tramvay\u0131 da katarsak, Antalya ula\u015f\u0131m\u0131n\u0131 sa\u011flayan ara\u00e7lar\u0131n yar\u0131dan fazlas\u0131 yine \u00fccretli. <\/p>\n<p>Olmas\u0131 gereken ne?<\/p>\n<p>Ba\u015fta Yasin Aslan olmak \u00fczere otob\u00fcs sahipleri, \u015fof\u00f6rlerinin \u00fccretini \u00f6deyerek bayramlarda kamu yarar\u0131 ad\u0131na k\u00e2rlar\u0131ndan vazge\u00e7ecek ve onlar da \u00fccretsiz yapacaklar. Sonu\u00e7ta Antalya halk\u0131n\u0131n s\u0131rt\u0131ndan kar etmeyi biliyorlarsa, bunu \u00fcle\u015fmeyi de \u00f6\u011frenecek ve y\u0131lda en fazla on g\u00fcn olan bayramlarda \u00fccretsiz yapacaklar.<\/p>\n<p>Yaparlar m\u0131?<\/p>\n<p>Tabi ki yapmazlar.<\/p>\n<p>G\u00fcnde 15-16 saat \u00e7al\u0131\u015ft\u0131rarak \u00fczerine aband\u0131klar\u0131 \u015fof\u00f6rleri de dahil, halk\u0131n s\u0131rt\u0131ndan ya\u015famaya devam ederler.<\/p>\n<p>Buna B\u00fcy\u00fck\u015fehir Belediyesi bir yapt\u0131r\u0131m getirir mi?<\/p>\n<p>Getiremez.<\/p>\n<p>\u00d6zel halk otob\u00fcsleri, \u0130stanbul \u00f6rne\u011finde g\u00f6rd\u00fc\u011f\u00fcm\u00fcz gibi, bir g\u00fcn \u201c\u00e7al\u0131\u015fm\u0131yoruz\u201d deseler Antalya ya\u015fam\u0131 fel\u00e7 olur.<\/p>\n<p>Belediye ile \u00f6zel halk otob\u00fcsleri, \u201cal g\u00fcl\u00fcm, ver g\u00fcl\u00fcm\u201d ya\u015famaya devam ederler.<\/p>\n<p>Bayram demi\u015fken, B\u00fcy\u00fck\u015fehir Belediyesine bir \u00f6neri getirelim.<\/p>\n<p>Bari, belediyeye ait otob\u00fcslerin tamam\u0131n\u0131 k\u0131rm\u0131z\u0131ya boyay\u0131n da, insanlar da binerken bilsinler, belediye otob\u00fcs\u00fc m\u00fc, halk otob\u00fcs\u00fc m\u00fc?<\/p>\n<p>Bayramlarda, neye kart basacaklar, neye basmayacaklar rahat rahat ayr\u0131m\u0131na vars\u0131n ve kimse plaka siyah m\u0131yd\u0131, beyaz m\u0131yd\u0131 derdine d\u00fc\u015fmesin. <\/p>\n<p>Kafa kar\u0131\u015f\u0131kl\u0131\u011f\u0131 ortadan kals\u0131n.<\/p>\n<p>\u200bBug\u00fcn, Kurban Bayram\u0131\u2019n\u0131n ikinci g\u00fcn\u00fc. Bu vesile ile herkesin bayram\u0131n\u0131 evvelemirde bir kutlayal\u0131m. Eskilerin deyimi ile, \u00fczerimize farz olan Tanr\u0131 selam\u0131n\u0131 iletirken, b\u00fcy\u00fcklerin ellerinden k\u00fc\u00e7\u00fcklerinde g\u00f6zlerinden \u00f6pmeyi de eksik etmeyelim.<\/p>\n<p>Bayram nedeni ile insanlar birbiri ile ileti\u015fime ge\u00e7meyi, e\u011fer m\u00fcmk\u00fcnse de yan yana gelmeyi tercih ederler, ki sosyalle\u015fmenin en \u00f6nemli ara\u00e7lar\u0131ndan birisidir bayram.<\/p>\n<p>Bu yan yana gelme durumu da insanlar\u0131n ula\u015f\u0131m ihtiyac\u0131n\u0131 a\u00e7\u0131\u011fa \u00e7\u0131kar\u0131r.<\/p>\n<p>Bayram ya da ba\u015fka nedenlerle ula\u015f\u0131m, en temel insan haklar\u0131ndan birisi olarak tan\u0131mlan\u0131r ve bunun sa\u011flanmas\u0131 g\u00f6revi, normalde, devlete verilir. Sonu\u00e7ta devlet bir organizasyon kurumudur ve ula\u015f\u0131m da bu organizasyonlar\u0131n ba\u015f\u0131nda gelir.<\/p>\n<p>\u015eehir i\u00e7inde de bu g\u00f6rev, devlet yap\u0131lanmas\u0131n\u0131n bir par\u00e7as\u0131 olan belediyelere verilmi\u015ftir. Belediyeler, \u015fehir i\u00e7i ula\u015f\u0131m\u0131 sa\u011flamakla m\u00fckelleftir.<\/p>\n<p>Gel g\u00f6r ki, Turgut \u00d6zal\u2019\u0131n \u2018\u00f6zelle\u015ftirme\u2019 \u00e7\u0131lg\u0131nl\u0131\u011f\u0131 \u00f6nce belediyelerden ba\u015flam\u0131\u015f, bunda da ilk s\u0131rada ula\u015f\u0131m yer alm\u0131\u015ft\u0131r. Bu politikan\u0131n sonucunda da hayat\u0131m\u0131za \u2018\u00f6zel halk otob\u00fcs\u00fc\u2019 denen ucube sistem girmi\u015ftir. Antalya\u2019da da bu sistemi ba\u015flatan, ne yaz\u0131k ki, Hasan Suba\u015f\u0131 olmu\u015ftur.<\/p>\n<p>\u00d6zel halk otob\u00fcslerinde, ad\u0131 \u00fczerinde \u2018\u00f6zel\u2019 olunca, \u00f6ncelik kamu yarar\u0131 de\u011fil, otob\u00fcs sahiplerinin k\u00e2r\u0131 olmas\u0131 kadar do\u011fal bir \u015fey yoktur. Belediyeler de ula\u015f\u0131m\u0131 \u00f6zelle\u015ftirerek bir y\u00fck\u00fc s\u0131rtlar\u0131ndan atm\u0131\u015f ama ayn\u0131 y\u00fck\u00fc halk\u0131n s\u0131rt\u0131na y\u00fcklemi\u015ftir.<\/p>\n<p>Antalya\u2019ya gelecek olursak, bundan \u00fc\u00e7 y\u0131l \u00f6nce B\u00fcy\u00fck\u015fehir Belediye Ba\u015fkan\u0131 Muhittin B\u00f6cek, aslolan\u0131n ula\u015f\u0131m\u0131n belediye ara\u00e7lar\u0131 taraf\u0131ndan sa\u011flanmas\u0131 gerekti\u011fini, bu nedenle de b\u00fct\u00fcn otob\u00fcslerin, \u00f6zel de\u011fil de belediye arac\u0131 olmas\u0131 gerekti\u011fini ifade ederek \u00f6zel halk otob\u00fcslerini kald\u0131rman\u0131n kendisinin de hedefi oldu\u011funu ifade etmi\u015fti.<\/p>\n<p>Bug\u00fcne kadar bu hedefine b\u0131rak\u0131n ula\u015fmay\u0131, yan\u0131na bile yakla\u015fabilmi\u015f de\u011fil. Antalya\u2019da toplu ta\u015f\u0131man\u0131n yakla\u015f\u0131k \u00fc\u00e7te biri belediye otob\u00fcsleri ile sa\u011flan\u0131rken, geri kalan\u0131n\u0131 yine \u00f6zel halk otob\u00fcsleri sa\u011fl\u0131yor. Bu da \u00f6zel halk otob\u00fcs\u00fc sahipleri ve oda ba\u015fkan\u0131 Yasin Aslan\u2019a rant sa\u011flamaktan ba\u015fka bir i\u015fe yaram\u0131yor.<\/p>\n<p>Bunun politik bir tercih oldu\u011funu buraya bir not edelim.<\/p>\n<p>Haz\u0131r, bayram g\u00fcnlerindeyiz. Antalya B\u00fcy\u00fck\u015fehir Belediyesi, bayram s\u00fcresince Antalya\u2019da ula\u015f\u0131m\u0131n \u00fccretsiz oldu\u011funu g\u00fcnlerce duyurdu. Bence pop\u00fclist ama bug\u00fcnlerde halk\u0131n gelir durumunu g\u00f6z \u00f6n\u00fcne ald\u0131\u011f\u0131m\u0131zda mant\u0131kl\u0131 bir uygulama. <\/p>\n<p>Ama hangi ula\u015f\u0131m ara\u00e7lar\u0131 \u00fccretsiz?<\/p>\n<p>Belediye otob\u00fcsleri ve tramvay. <\/p>\n<p>Yani belediyenin uhdesinde olanlar. <\/p>\n<p>Di\u011ferleri?<\/p>\n<p>Onlarda yine kart basma ve \u00fccret alma devam. <\/p>\n<p>Yani, tramvay\u0131 da katarsak, Antalya ula\u015f\u0131m\u0131n\u0131 sa\u011flayan ara\u00e7lar\u0131n yar\u0131dan fazlas\u0131 yine \u00fccretli. <\/p>\n<p>Olmas\u0131 gereken ne?<\/p>\n<p>Ba\u015fta Yasin Aslan olmak \u00fczere otob\u00fcs sahipleri, \u015fof\u00f6rlerinin \u00fccretini \u00f6deyerek bayramlarda kamu yarar\u0131 ad\u0131na k\u00e2rlar\u0131ndan vazge\u00e7ecek ve onlar da \u00fccretsiz yapacaklar. Sonu\u00e7ta Antalya halk\u0131n\u0131n s\u0131rt\u0131ndan kar etmeyi biliyorlarsa, bunu \u00fcle\u015fmeyi de \u00f6\u011frenecek ve y\u0131lda en fazla on g\u00fcn olan bayramlarda \u00fccretsiz yapacaklar.<\/p>\n<p>Yaparlar m\u0131?<\/p>\n<p>Tabi ki yapmazlar.<\/p>\n<p>G\u00fcnde 15-16 saat \u00e7al\u0131\u015ft\u0131rarak \u00fczerine aband\u0131klar\u0131 \u015fof\u00f6rleri de dahil, halk\u0131n s\u0131rt\u0131ndan ya\u015famaya devam ederler.<\/p>\n<p>Buna B\u00fcy\u00fck\u015fehir Belediyesi bir yapt\u0131r\u0131m getirir mi?<\/p>\n<p>Getiremez.<\/p>\n<p>\u00d6zel halk otob\u00fcsleri, \u0130stanbul \u00f6rne\u011finde g\u00f6rd\u00fc\u011f\u00fcm\u00fcz gibi, bir g\u00fcn \u201c\u00e7al\u0131\u015fm\u0131yoruz\u201d deseler Antalya ya\u015fam\u0131 fel\u00e7 olur.<\/p>\n<p>Belediye ile \u00f6zel halk otob\u00fcsleri, \u201cal g\u00fcl\u00fcm, ver g\u00fcl\u00fcm\u201d ya\u015famaya devam ederler.<\/p>\n<p>Bayram demi\u015fken, B\u00fcy\u00fck\u015fehir Belediyesine bir \u00f6neri getirelim.<\/p>\n<p>Bari, belediyeye ait otob\u00fcslerin tamam\u0131n\u0131 k\u0131rm\u0131z\u0131ya boyay\u0131n da, insanlar da binerken bilsinler, belediye otob\u00fcs\u00fc m\u00fc, halk otob\u00fcs\u00fc m\u00fc?<\/p>\n<p>Bayramlarda, neye kart basacaklar, neye basmayacaklar rahat rahat ayr\u0131m\u0131na vars\u0131n ve kimse plaka siyah m\u0131yd\u0131, beyaz m\u0131yd\u0131 derdine d\u00fc\u015fmesin. <\/p>\n<p>Kafa kar\u0131\u015f\u0131kl\u0131\u011f\u0131 ortadan kals\u0131n.\u00a0<\/p>\n<p>\u200bHaberin Al\u0131nt\u0131land\u0131\u011f\u0131 Kaynak: www.antalyakorfez.com<\/p>","protected":false},"excerpt":{"rendered":"<p>Bug\u00fcn, Kurban Bayram\u0131\u2019n\u0131n ikinci g\u00fcn\u00fc. Bu vesile ile herkesin bayram\u0131n\u0131 evvelemirde bir kutlayal\u0131m. Eskilerin deyimi ile, \u00fczerimize farz olan Tanr\u0131 selam\u0131n\u0131 iletirken, b\u00fcy\u00fcklerin ellerinden k\u00fc\u00e7\u00fcklerinde g\u00f6zlerinden \u00f6pmeyi de eksik etmeyelim. Bayram nedeni ile insanlar birbiri ile ileti\u015fime ge\u00e7meyi, e\u011fer m\u00fcmk\u00fcnse de yan yana gelmeyi tercih ederler, ki sosyalle\u015fmenin en \u00f6nemli ara\u00e7lar\u0131ndan birisidir bayram. Bu yan yana gelme durumu da insanlar\u0131n ula\u015f\u0131m ihtiyac\u0131n\u0131 a\u00e7\u0131\u011fa \u00e7\u0131kar\u0131r. Bayram ya da ba\u015fka nedenlerle ula\u015f\u0131m, en temel insan haklar\u0131ndan birisi olarak tan\u0131mlan\u0131r ve bunun sa\u011flanmas\u0131 g\u00f6revi, normalde, devlete verilir. Sonu\u00e7ta devlet bir organizasyon kurumudur ve ula\u015f\u0131m da bu organizasyonlar\u0131n ba\u015f\u0131nda gelir. \u015eehir i\u00e7inde de bu g\u00f6rev, devlet yap\u0131lanmas\u0131n\u0131n bir par\u00e7as\u0131 olan belediyelere verilmi\u015ftir. Belediyeler, \u015fehir i\u00e7i ula\u015f\u0131m\u0131 sa\u011flamakla m\u00fckelleftir. Gel g\u00f6r ki, Turgut \u00d6zal\u2019\u0131n \u2018\u00f6zelle\u015ftirme\u2019 \u00e7\u0131lg\u0131nl\u0131\u011f\u0131 \u00f6nce belediyelerden ba\u015flam\u0131\u015f, bunda da ilk s\u0131rada ula\u015f\u0131m yer alm\u0131\u015ft\u0131r. Bu politikan\u0131n sonucunda da hayat\u0131m\u0131za \u2018\u00f6zel halk otob\u00fcs\u00fc\u2019 denen ucube sistem girmi\u015ftir. Antalya\u2019da da bu sistemi ba\u015flatan, ne yaz\u0131k ki, Hasan Suba\u015f\u0131 olmu\u015ftur. \u00d6zel halk otob\u00fcslerinde, ad\u0131 \u00fczerinde \u2018\u00f6zel\u2019 olunca, \u00f6ncelik kamu yarar\u0131 de\u011fil, otob\u00fcs sahiplerinin k\u00e2r\u0131 olmas\u0131 kadar do\u011fal bir \u015fey yoktur. Belediyeler de ula\u015f\u0131m\u0131 \u00f6zelle\u015ftirerek bir y\u00fck\u00fc s\u0131rtlar\u0131ndan atm\u0131\u015f ama ayn\u0131 y\u00fck\u00fc halk\u0131n s\u0131rt\u0131na y\u00fcklemi\u015ftir. Antalya\u2019ya gelecek olursak, bundan \u00fc\u00e7 y\u0131l \u00f6nce B\u00fcy\u00fck\u015fehir Belediye Ba\u015fkan\u0131 Muhittin B\u00f6cek, &hellip;<\/p>","protected":false},"author":5,"featured_media":0,"comment_status":"","ping_status":"open","sticky":false,"template":"","format":"standard","meta":{"_acf_changed":false,"footnotes":""},"categories":[24],"tags":[],"class_list":["post-109499","post","type-post","status-publish","format-standard","has-post-thumbnail","hentry","category-gundem"],"acf":[],"yoast_head":"<!-- This site is optimized with the Yoast SEO Premium plugin v26.6 (Yoast SEO v27.1.1) - https:\/\/yoast.com\/product\/yoast-seo-premium-wordpress\/ -->\n<title>K\u0131rm\u0131z\u0131ya boyay\u0131n da bilelim - Av. Deniz Can K\u0131z\u0131l<\/title>\n<meta name=\"robots\" content=\"index, follow, max-snippet:-1, max-image-preview:large, max-video-preview:-1\" \/>\n<link rel=\"canonical\" href=\"http:\/\/denizcankizil.tr\/en\/haberler\/gundem\/kirmiziya-boyayin-da-bilelim\/\" \/>\n<meta property=\"og:locale\" content=\"en_GB\" \/>\n<meta property=\"og:type\" content=\"article\" \/>\n<meta property=\"og:title\" content=\"K\u0131rm\u0131z\u0131ya boyay\u0131n da bilelim\" \/>\n<meta property=\"og:description\" content=\"Bug\u00fcn, Kurban Bayram\u0131\u2019n\u0131n ikinci g\u00fcn\u00fc. Bu vesile ile herkesin bayram\u0131n\u0131 evvelemirde bir kutlayal\u0131m. Eskilerin deyimi ile, \u00fczerimize farz olan Tanr\u0131 selam\u0131n\u0131 iletirken, b\u00fcy\u00fcklerin ellerinden k\u00fc\u00e7\u00fcklerinde g\u00f6zlerinden \u00f6pmeyi de eksik etmeyelim. Bayram nedeni ile insanlar birbiri ile ileti\u015fime ge\u00e7meyi, e\u011fer m\u00fcmk\u00fcnse de yan yana gelmeyi tercih ederler, ki sosyalle\u015fmenin en \u00f6nemli ara\u00e7lar\u0131ndan birisidir bayram. Bu yan yana gelme durumu da insanlar\u0131n ula\u015f\u0131m ihtiyac\u0131n\u0131 a\u00e7\u0131\u011fa \u00e7\u0131kar\u0131r. Bayram ya da ba\u015fka nedenlerle ula\u015f\u0131m, en temel insan haklar\u0131ndan birisi olarak tan\u0131mlan\u0131r ve bunun sa\u011flanmas\u0131 g\u00f6revi, normalde, devlete verilir. Sonu\u00e7ta devlet bir organizasyon kurumudur ve ula\u015f\u0131m da bu organizasyonlar\u0131n ba\u015f\u0131nda gelir. \u015eehir i\u00e7inde de bu g\u00f6rev, devlet yap\u0131lanmas\u0131n\u0131n bir par\u00e7as\u0131 olan belediyelere verilmi\u015ftir. Belediyeler, \u015fehir i\u00e7i ula\u015f\u0131m\u0131 sa\u011flamakla m\u00fckelleftir. Gel g\u00f6r ki, Turgut \u00d6zal\u2019\u0131n \u2018\u00f6zelle\u015ftirme\u2019 \u00e7\u0131lg\u0131nl\u0131\u011f\u0131 \u00f6nce belediyelerden ba\u015flam\u0131\u015f, bunda da ilk s\u0131rada ula\u015f\u0131m yer alm\u0131\u015ft\u0131r. Bu politikan\u0131n sonucunda da hayat\u0131m\u0131za \u2018\u00f6zel halk otob\u00fcs\u00fc\u2019 denen ucube sistem girmi\u015ftir. Antalya\u2019da da bu sistemi ba\u015flatan, ne yaz\u0131k ki, Hasan Suba\u015f\u0131 olmu\u015ftur. \u00d6zel halk otob\u00fcslerinde, ad\u0131 \u00fczerinde \u2018\u00f6zel\u2019 olunca, \u00f6ncelik kamu yarar\u0131 de\u011fil, otob\u00fcs sahiplerinin k\u00e2r\u0131 olmas\u0131 kadar do\u011fal bir \u015fey yoktur. Belediyeler de ula\u015f\u0131m\u0131 \u00f6zelle\u015ftirerek bir y\u00fck\u00fc s\u0131rtlar\u0131ndan atm\u0131\u015f ama ayn\u0131 y\u00fck\u00fc halk\u0131n s\u0131rt\u0131na y\u00fcklemi\u015ftir. Antalya\u2019ya gelecek olursak, bundan \u00fc\u00e7 y\u0131l \u00f6nce B\u00fcy\u00fck\u015fehir Belediye Ba\u015fkan\u0131 Muhittin B\u00f6cek, &hellip;\" \/>\n<meta property=\"og:url\" content=\"http:\/\/denizcankizil.tr\/en\/haberler\/gundem\/kirmiziya-boyayin-da-bilelim\/\" \/>\n<meta property=\"og:site_name\" content=\"Av. Deniz Can K\u0131z\u0131l\" \/>\n<meta property=\"article:published_time\" content=\"2025-06-07T11:41:15+00:00\" \/>\n<meta name=\"author\" content=\"Antalya K\u00f6rfez\" \/>\n<meta name=\"twitter:card\" content=\"summary_large_image\" \/>\n<meta name=\"twitter:label1\" content=\"Written by\" \/>\n\t<meta name=\"twitter:data1\" content=\"Antalya K\u00f6rfez\" \/>\n\t<meta name=\"twitter:label2\" content=\"Estimated reading time\" \/>\n\t<meta name=\"twitter:data2\" content=\"7 minutes\" \/>\n<script type=\"application\/ld+json\" class=\"yoast-schema-graph\">{\"@context\":\"https:\/\/schema.org\",\"@graph\":[{\"@type\":\"Article\",\"@id\":\"http:\/\/denizcankizil.tr\/uk\/haberler\/gundem\/kirmiziya-boyayin-da-bilelim\/#article\",\"isPartOf\":{\"@id\":\"http:\/\/denizcankizil.tr\/uk\/haberler\/gundem\/kirmiziya-boyayin-da-bilelim\/\"},\"author\":{\"name\":\"Antalya K\u00f6rfez\",\"@id\":\"https:\/\/denizcankizil.tr\/#\/schema\/person\/e1eb71bb4dd684d46563f0af307e1234\"},\"headline\":\"K\u0131rm\u0131z\u0131ya boyay\u0131n da bilelim\",\"datePublished\":\"2025-06-07T11:41:15+00:00\",\"mainEntityOfPage\":{\"@id\":\"http:\/\/denizcankizil.tr\/uk\/haberler\/gundem\/kirmiziya-boyayin-da-bilelim\/\"},\"wordCount\":1444,\"publisher\":{\"@id\":\"https:\/\/denizcankizil.tr\/#organization\"},\"articleSection\":[\"G\u00fcndem\"],\"inLanguage\":\"en-GB\"},{\"@type\":\"WebPage\",\"@id\":\"http:\/\/denizcankizil.tr\/uk\/haberler\/gundem\/kirmiziya-boyayin-da-bilelim\/\",\"url\":\"http:\/\/denizcankizil.tr\/uk\/haberler\/gundem\/kirmiziya-boyayin-da-bilelim\/\",\"name\":\"K\u0131rm\u0131z\u0131ya boyay\u0131n da bilelim - Av. Deniz Can K\u0131z\u0131l\",\"isPartOf\":{\"@id\":\"https:\/\/denizcankizil.tr\/#website\"},\"datePublished\":\"2025-06-07T11:41:15+00:00\",\"breadcrumb\":{\"@id\":\"http:\/\/denizcankizil.tr\/uk\/haberler\/gundem\/kirmiziya-boyayin-da-bilelim\/#breadcrumb\"},\"inLanguage\":\"en-GB\",\"potentialAction\":[{\"@type\":\"ReadAction\",\"target\":[\"http:\/\/denizcankizil.tr\/uk\/haberler\/gundem\/kirmiziya-boyayin-da-bilelim\/\"]}]},{\"@type\":\"BreadcrumbList\",\"@id\":\"http:\/\/denizcankizil.tr\/uk\/haberler\/gundem\/kirmiziya-boyayin-da-bilelim\/#breadcrumb\",\"itemListElement\":[{\"@type\":\"ListItem\",\"position\":1,\"name\":\"Home\",\"item\":\"https:\/\/denizcankizil.tr\/de\/\"},{\"@type\":\"ListItem\",\"position\":2,\"name\":\"K\u0131rm\u0131z\u0131ya boyay\u0131n da bilelim\"}]},{\"@type\":\"WebSite\",\"@id\":\"https:\/\/denizcankizil.tr\/#website\",\"url\":\"https:\/\/denizcankizil.tr\/\",\"name\":\"Av. Deniz Can K\u0131z\u0131l\",\"description\":\"Avukat Deniz Can K\u0131z\u0131l Antalya Barosu\",\"publisher\":{\"@id\":\"https:\/\/denizcankizil.tr\/#organization\"},\"potentialAction\":[{\"@type\":\"SearchAction\",\"target\":{\"@type\":\"EntryPoint\",\"urlTemplate\":\"https:\/\/denizcankizil.tr\/?s={search_term_string}\"},\"query-input\":{\"@type\":\"PropertyValueSpecification\",\"valueRequired\":true,\"valueName\":\"search_term_string\"}}],\"inLanguage\":\"en-GB\"},{\"@type\":\"Organization\",\"@id\":\"https:\/\/denizcankizil.tr\/#organization\",\"name\":\"Av. Deniz Can K\u0131z\u0131l\",\"url\":\"https:\/\/denizcankizil.tr\/\",\"logo\":{\"@type\":\"ImageObject\",\"inLanguage\":\"en-GB\",\"@id\":\"https:\/\/denizcankizil.tr\/#\/schema\/logo\/image\/\",\"url\":\"http:\/\/denizcankizil.tr\/wp-content\/uploads\/2024\/10\/siyah-logo-svg.svg\",\"contentUrl\":\"http:\/\/denizcankizil.tr\/wp-content\/uploads\/2024\/10\/siyah-logo-svg.svg\",\"width\":1080,\"height\":1080,\"caption\":\"Av. Deniz Can K\u0131z\u0131l\"},\"image\":{\"@id\":\"https:\/\/denizcankizil.tr\/#\/schema\/logo\/image\/\"}},{\"@type\":\"Person\",\"@id\":\"https:\/\/denizcankizil.tr\/#\/schema\/person\/e1eb71bb4dd684d46563f0af307e1234\",\"name\":\"Antalya K\u00f6rfez\",\"image\":{\"@type\":\"ImageObject\",\"inLanguage\":\"en-GB\",\"@id\":\"https:\/\/denizcankizil.tr\/#\/schema\/person\/image\/\",\"url\":\"https:\/\/secure.gravatar.com\/avatar\/42b01982558a48a0b501fdcab6a408d3717ea5919095ee2e67b0e521799c5905?s=96&d=mm&r=g\",\"contentUrl\":\"https:\/\/secure.gravatar.com\/avatar\/42b01982558a48a0b501fdcab6a408d3717ea5919095ee2e67b0e521799c5905?s=96&d=mm&r=g\",\"caption\":\"Antalya K\u00f6rfez\"},\"sameAs\":[\"http:\/\/www.antalyakorfez.com\"],\"url\":\"https:\/\/www.antalyakorfez.com\/kirmiziya-boyayin-da-bilelim\"}]}<\/script>\n<!-- \/ Yoast SEO Premium plugin. -->","yoast_head_json":{"title":"K\u0131rm\u0131z\u0131ya boyay\u0131n da bilelim - Av. Deniz Can K\u0131z\u0131l","robots":{"index":"index","follow":"follow","max-snippet":"max-snippet:-1","max-image-preview":"max-image-preview:large","max-video-preview":"max-video-preview:-1"},"canonical":"http:\/\/denizcankizil.tr\/en\/haberler\/gundem\/kirmiziya-boyayin-da-bilelim\/","og_locale":"en_GB","og_type":"article","og_title":"K\u0131rm\u0131z\u0131ya boyay\u0131n da bilelim","og_description":"Bug\u00fcn, Kurban Bayram\u0131\u2019n\u0131n ikinci g\u00fcn\u00fc. Bu vesile ile herkesin bayram\u0131n\u0131 evvelemirde bir kutlayal\u0131m. Eskilerin deyimi ile, \u00fczerimize farz olan Tanr\u0131 selam\u0131n\u0131 iletirken, b\u00fcy\u00fcklerin ellerinden k\u00fc\u00e7\u00fcklerinde g\u00f6zlerinden \u00f6pmeyi de eksik etmeyelim. Bayram nedeni ile insanlar birbiri ile ileti\u015fime ge\u00e7meyi, e\u011fer m\u00fcmk\u00fcnse de yan yana gelmeyi tercih ederler, ki sosyalle\u015fmenin en \u00f6nemli ara\u00e7lar\u0131ndan birisidir bayram. Bu yan yana gelme durumu da insanlar\u0131n ula\u015f\u0131m ihtiyac\u0131n\u0131 a\u00e7\u0131\u011fa \u00e7\u0131kar\u0131r. Bayram ya da ba\u015fka nedenlerle ula\u015f\u0131m, en temel insan haklar\u0131ndan birisi olarak tan\u0131mlan\u0131r ve bunun sa\u011flanmas\u0131 g\u00f6revi, normalde, devlete verilir. Sonu\u00e7ta devlet bir organizasyon kurumudur ve ula\u015f\u0131m da bu organizasyonlar\u0131n ba\u015f\u0131nda gelir. \u015eehir i\u00e7inde de bu g\u00f6rev, devlet yap\u0131lanmas\u0131n\u0131n bir par\u00e7as\u0131 olan belediyelere verilmi\u015ftir. Belediyeler, \u015fehir i\u00e7i ula\u015f\u0131m\u0131 sa\u011flamakla m\u00fckelleftir. Gel g\u00f6r ki, Turgut \u00d6zal\u2019\u0131n \u2018\u00f6zelle\u015ftirme\u2019 \u00e7\u0131lg\u0131nl\u0131\u011f\u0131 \u00f6nce belediyelerden ba\u015flam\u0131\u015f, bunda da ilk s\u0131rada ula\u015f\u0131m yer alm\u0131\u015ft\u0131r. Bu politikan\u0131n sonucunda da hayat\u0131m\u0131za \u2018\u00f6zel halk otob\u00fcs\u00fc\u2019 denen ucube sistem girmi\u015ftir. Antalya\u2019da da bu sistemi ba\u015flatan, ne yaz\u0131k ki, Hasan Suba\u015f\u0131 olmu\u015ftur. \u00d6zel halk otob\u00fcslerinde, ad\u0131 \u00fczerinde \u2018\u00f6zel\u2019 olunca, \u00f6ncelik kamu yarar\u0131 de\u011fil, otob\u00fcs sahiplerinin k\u00e2r\u0131 olmas\u0131 kadar do\u011fal bir \u015fey yoktur. Belediyeler de ula\u015f\u0131m\u0131 \u00f6zelle\u015ftirerek bir y\u00fck\u00fc s\u0131rtlar\u0131ndan atm\u0131\u015f ama ayn\u0131 y\u00fck\u00fc halk\u0131n s\u0131rt\u0131na y\u00fcklemi\u015ftir. Antalya\u2019ya gelecek olursak, bundan \u00fc\u00e7 y\u0131l \u00f6nce B\u00fcy\u00fck\u015fehir Belediye Ba\u015fkan\u0131 Muhittin B\u00f6cek, &hellip;","og_url":"http:\/\/denizcankizil.tr\/en\/haberler\/gundem\/kirmiziya-boyayin-da-bilelim\/","og_site_name":"Av. Deniz Can K\u0131z\u0131l","article_published_time":"2025-06-07T11:41:15+00:00","author":"Antalya K\u00f6rfez","twitter_card":"summary_large_image","twitter_misc":{"Written by":"Antalya K\u00f6rfez","Estimated reading time":"7 minutes"},"schema":{"@context":"https:\/\/schema.org","@graph":[{"@type":"Article","@id":"http:\/\/denizcankizil.tr\/uk\/haberler\/gundem\/kirmiziya-boyayin-da-bilelim\/#article","isPartOf":{"@id":"http:\/\/denizcankizil.tr\/uk\/haberler\/gundem\/kirmiziya-boyayin-da-bilelim\/"},"author":{"name":"Antalya K\u00f6rfez","@id":"https:\/\/denizcankizil.tr\/#\/schema\/person\/e1eb71bb4dd684d46563f0af307e1234"},"headline":"K\u0131rm\u0131z\u0131ya boyay\u0131n da bilelim","datePublished":"2025-06-07T11:41:15+00:00","mainEntityOfPage":{"@id":"http:\/\/denizcankizil.tr\/uk\/haberler\/gundem\/kirmiziya-boyayin-da-bilelim\/"},"wordCount":1444,"publisher":{"@id":"https:\/\/denizcankizil.tr\/#organization"},"articleSection":["G\u00fcndem"],"inLanguage":"en-GB"},{"@type":"WebPage","@id":"http:\/\/denizcankizil.tr\/uk\/haberler\/gundem\/kirmiziya-boyayin-da-bilelim\/","url":"http:\/\/denizcankizil.tr\/uk\/haberler\/gundem\/kirmiziya-boyayin-da-bilelim\/","name":"K\u0131rm\u0131z\u0131ya boyay\u0131n da bilelim - Av. Deniz Can K\u0131z\u0131l","isPartOf":{"@id":"https:\/\/denizcankizil.tr\/#website"},"datePublished":"2025-06-07T11:41:15+00:00","breadcrumb":{"@id":"http:\/\/denizcankizil.tr\/uk\/haberler\/gundem\/kirmiziya-boyayin-da-bilelim\/#breadcrumb"},"inLanguage":"en-GB","potentialAction":[{"@type":"ReadAction","target":["http:\/\/denizcankizil.tr\/uk\/haberler\/gundem\/kirmiziya-boyayin-da-bilelim\/"]}]},{"@type":"BreadcrumbList","@id":"http:\/\/denizcankizil.tr\/uk\/haberler\/gundem\/kirmiziya-boyayin-da-bilelim\/#breadcrumb","itemListElement":[{"@type":"ListItem","position":1,"name":"Home","item":"https:\/\/denizcankizil.tr\/de\/"},{"@type":"ListItem","position":2,"name":"K\u0131rm\u0131z\u0131ya boyay\u0131n da bilelim"}]},{"@type":"WebSite","@id":"https:\/\/denizcankizil.tr\/#website","url":"https:\/\/denizcankizil.tr\/","name":"Av. Deniz Can K\u0131z\u0131l","description":"Avukat Deniz Can K\u0131z\u0131l Antalya Barosu","publisher":{"@id":"https:\/\/denizcankizil.tr\/#organization"},"potentialAction":[{"@type":"SearchAction","target":{"@type":"EntryPoint","urlTemplate":"https:\/\/denizcankizil.tr\/?s={search_term_string}"},"query-input":{"@type":"PropertyValueSpecification","valueRequired":true,"valueName":"search_term_string"}}],"inLanguage":"en-GB"},{"@type":"Organization","@id":"https:\/\/denizcankizil.tr\/#organization","name":"Av. Deniz Can K\u0131z\u0131l","url":"https:\/\/denizcankizil.tr\/","logo":{"@type":"ImageObject","inLanguage":"en-GB","@id":"https:\/\/denizcankizil.tr\/#\/schema\/logo\/image\/","url":"http:\/\/denizcankizil.tr\/wp-content\/uploads\/2024\/10\/siyah-logo-svg.svg","contentUrl":"http:\/\/denizcankizil.tr\/wp-content\/uploads\/2024\/10\/siyah-logo-svg.svg","width":1080,"height":1080,"caption":"Av. Deniz Can K\u0131z\u0131l"},"image":{"@id":"https:\/\/denizcankizil.tr\/#\/schema\/logo\/image\/"}},{"@type":"Person","@id":"https:\/\/denizcankizil.tr\/#\/schema\/person\/e1eb71bb4dd684d46563f0af307e1234","name":"Antalya K\u00f6rfez","image":{"@type":"ImageObject","inLanguage":"en-GB","@id":"https:\/\/denizcankizil.tr\/#\/schema\/person\/image\/","url":"https:\/\/secure.gravatar.com\/avatar\/42b01982558a48a0b501fdcab6a408d3717ea5919095ee2e67b0e521799c5905?s=96&d=mm&r=g","contentUrl":"https:\/\/secure.gravatar.com\/avatar\/42b01982558a48a0b501fdcab6a408d3717ea5919095ee2e67b0e521799c5905?s=96&d=mm&r=g","caption":"Antalya K\u00f6rfez"},"sameAs":["http:\/\/www.antalyakorfez.com"],"url":"https:\/\/www.antalyakorfez.com\/kirmiziya-boyayin-da-bilelim"}]}},"_links":{"self":[{"href":"http:\/\/denizcankizil.tr\/en\/wp-json\/wp\/v2\/posts\/109499","targetHints":{"allow":["GET"]}}],"collection":[{"href":"http:\/\/denizcankizil.tr\/en\/wp-json\/wp\/v2\/posts"}],"about":[{"href":"http:\/\/denizcankizil.tr\/en\/wp-json\/wp\/v2\/types\/post"}],"author":[{"embeddable":true,"href":"http:\/\/denizcankizil.tr\/en\/wp-json\/wp\/v2\/users\/5"}],"replies":[{"embeddable":true,"href":"http:\/\/denizcankizil.tr\/en\/wp-json\/wp\/v2\/comments?post=109499"}],"version-history":[{"count":0,"href":"http:\/\/denizcankizil.tr\/en\/wp-json\/wp\/v2\/posts\/109499\/revisions"}],"wp:attachment":[{"href":"http:\/\/denizcankizil.tr\/en\/wp-json\/wp\/v2\/media?parent=109499"}],"wp:term":[{"taxonomy":"category","embeddable":true,"href":"http:\/\/denizcankizil.tr\/en\/wp-json\/wp\/v2\/categories?post=109499"},{"taxonomy":"post_tag","embeddable":true,"href":"http:\/\/denizcankizil.tr\/en\/wp-json\/wp\/v2\/tags?post=109499"}],"curies":[{"name":"wp","href":"https:\/\/api.w.org\/{rel}","templated":true}]}}