{"id":109406,"date":"2025-06-07T12:41:16","date_gmt":"2025-06-07T09:41:16","guid":{"rendered":"https:\/\/denizcankizil.tr\/uncategorized-tr\/genc-iklim-liderlerinden-kiyilar-icin-hareket\/"},"modified":"2025-06-07T12:41:16","modified_gmt":"2025-06-07T09:41:16","slug":"genc-iklim-liderlerinden-kiyilar-icin-hareket","status":"publish","type":"post","link":"http:\/\/denizcankizil.tr\/en\/haberler\/antalya\/genc-iklim-liderlerinden-kiyilar-icin-hareket\/","title":{"rendered":"Gen\u00e7 \u0130klim Liderleri\u2019nden k\u0131y\u0131lar i\u00e7in hareket"},"content":{"rendered":"<p>Gen\u00e7lerin \u00e7evre sorunlar\u0131 konusundaki fark\u0131ndal\u0131\u011f\u0131n\u0131 art\u0131rmak ve yerel d\u00fczeyde \u00e7evresel koruma \u00e7al\u0131\u015fmalar\u0131na kat\u0131l\u0131mlar\u0131n\u0131 te\u015fvik etmek amac\u0131yla bu y\u0131l T\u00fcrkiye\u2019nin 81 ilinde D\u00fcnya \u00c7evre G\u00fcn\u00fc etkinlikleri d\u00fczenlendi. Programa Antalya Orkidelerini ve Biyolojik \u00c7e\u015fitlili\u011fi Koruma Derne\u011fi (ANTOK), \u00c7evre Ekonomi ve Toplum Ara\u015ft\u0131rmalar\u0131 Derne\u011fi (\u00c7ETADER) ve Muratpa\u015fa Belediyesi\u2019nin proje orta\u011f\u0131 oldu\u011fu Gen\u00e7 \u0130klim Liderleri de kat\u0131ld\u0131.<br \/>\nGer\u00e7ekle\u015fen programda k\u0131y\u0131 ekosistemlerinin korunmas\u0131, denizlerde plastik kirlili\u011fi ve istilac\u0131 t\u00fcrlerin etkileri gibi konulara odaklan\u0131ld\u0131.<\/p>\n<p>Program\u0131n Karatay Medresesi\u2019nin toplant\u0131 salonunda d\u00fczenlenen ilk b\u00f6l\u00fcm\u00fcnde, hassas k\u0131y\u0131 alanlar\u0131n\u0131n \u00f6nemi, istilac\u0131 t\u00fcrlerin deniz ekosistemine etkileri ve plastik at\u0131klar\u0131n deniz ya\u015fam\u0131na verdi\u011fi zararlar hakk\u0131nda kapsaml\u0131 bir e\u011fitim verildi. Kat\u0131l\u0131mc\u0131lar, konunun bilimsel y\u00f6nleriyle birlikte al\u0131nabilecek \u00f6nlemler hakk\u0131nda da bilgilendirildi.<br \/>\nAntalya Gen\u00e7 \u0130klim Liderleri, etkinli\u011fin ikinci b\u00f6l\u00fcm\u00fcnde ise Antalya Deniz Liman\u0131 \u015eube M\u00fcd\u00fcrl\u00fc\u011f\u00fc\u2019n\u00fc ziyaret etti. Gezide, ekosistem temelli k\u0131y\u0131 koruma yakla\u015f\u0131mlar\u0131 ve y\u00fcr\u00fct\u00fclen \u00e7al\u0131\u015fmalar hakk\u0131nda bilgiler payla\u015f\u0131ld\u0131. Ayr\u0131ca, yerelde uygulanan ba\u015far\u0131l\u0131 \u00f6rnekler de Gen\u00e7 \u0130klim Liderlerine aktar\u0131ld\u0131.<br \/>\nMuratpa\u015fa Belediyesi\u2019nin de i\u015fbirli\u011fi i\u00e7inde oldu\u011fu AG\u0130P projesi kapsam\u0131nda do\u011fal t\u00fcrlerin korunmas\u0131, gen\u00e7 ku\u015faklar\u0131n \u00e7evre bilincinin g\u00fc\u00e7lendirilmesi ve s\u00fcrd\u00fcr\u00fclebilir \u00e7evre politikalar\u0131n\u0131n desteklenmesi amac\u0131yla e\u011fitimler, at\u00f6lyeler ve saha etkinlikleri y\u0131l boyunca devam edecek.<\/p>\n<p>Kaynak: www.kanalv.com.tr Haber Sitesinden Al\u0131nm\u0131\u015ft\u0131r.<\/p>","protected":false},"excerpt":{"rendered":"<p>Gen\u00e7lerin \u00e7evre sorunlar\u0131 konusundaki fark\u0131ndal\u0131\u011f\u0131n\u0131 art\u0131rmak ve yerel d\u00fczeyde \u00e7evresel koruma \u00e7al\u0131\u015fmalar\u0131na kat\u0131l\u0131mlar\u0131n\u0131 te\u015fvik etmek amac\u0131yla bu y\u0131l T\u00fcrkiye\u2019nin 81 ilinde D\u00fcnya \u00c7evre G\u00fcn\u00fc etkinlikleri d\u00fczenlendi. Programa Antalya Orkidelerini ve Biyolojik \u00c7e\u015fitlili\u011fi Koruma Derne\u011fi (ANTOK), \u00c7evre Ekonomi ve Toplum Ara\u015ft\u0131rmalar\u0131 Derne\u011fi (\u00c7ETADER) ve Muratpa\u015fa Belediyesi\u2019nin proje orta\u011f\u0131 oldu\u011fu Gen\u00e7 \u0130klim Liderleri de kat\u0131ld\u0131. Ger\u00e7ekle\u015fen programda k\u0131y\u0131 ekosistemlerinin korunmas\u0131, denizlerde plastik kirlili\u011fi ve istilac\u0131 t\u00fcrlerin etkileri gibi konulara odaklan\u0131ld\u0131. Program\u0131n Karatay Medresesi\u2019nin toplant\u0131 salonunda d\u00fczenlenen ilk b\u00f6l\u00fcm\u00fcnde, hassas k\u0131y\u0131 alanlar\u0131n\u0131n \u00f6nemi, istilac\u0131 t\u00fcrlerin deniz ekosistemine etkileri ve plastik at\u0131klar\u0131n deniz ya\u015fam\u0131na verdi\u011fi zararlar hakk\u0131nda kapsaml\u0131 bir e\u011fitim verildi. Kat\u0131l\u0131mc\u0131lar, konunun bilimsel y\u00f6nleriyle birlikte al\u0131nabilecek \u00f6nlemler hakk\u0131nda da bilgilendirildi. Antalya Gen\u00e7 \u0130klim Liderleri, etkinli\u011fin ikinci b\u00f6l\u00fcm\u00fcnde ise Antalya Deniz Liman\u0131 \u015eube M\u00fcd\u00fcrl\u00fc\u011f\u00fc\u2019n\u00fc ziyaret etti. Gezide, ekosistem temelli k\u0131y\u0131 koruma yakla\u015f\u0131mlar\u0131 ve y\u00fcr\u00fct\u00fclen \u00e7al\u0131\u015fmalar hakk\u0131nda bilgiler payla\u015f\u0131ld\u0131. Ayr\u0131ca, yerelde uygulanan ba\u015far\u0131l\u0131 \u00f6rnekler de Gen\u00e7 \u0130klim Liderlerine aktar\u0131ld\u0131. Muratpa\u015fa Belediyesi\u2019nin de i\u015fbirli\u011fi i\u00e7inde oldu\u011fu AG\u0130P projesi kapsam\u0131nda do\u011fal t\u00fcrlerin korunmas\u0131, gen\u00e7 ku\u015faklar\u0131n \u00e7evre bilincinin g\u00fc\u00e7lendirilmesi ve s\u00fcrd\u00fcr\u00fclebilir \u00e7evre politikalar\u0131n\u0131n desteklenmesi amac\u0131yla e\u011fitimler, at\u00f6lyeler ve saha etkinlikleri y\u0131l boyunca devam edecek. Kaynak: www.kanalv.com.tr Haber Sitesinden Al\u0131nm\u0131\u015ft\u0131r.<\/p>","protected":false},"author":4,"featured_media":0,"comment_status":"","ping_status":"open","sticky":false,"template":"","format":"standard","meta":{"_acf_changed":false,"footnotes":""},"categories":[26],"tags":[],"class_list":["post-109406","post","type-post","status-publish","format-standard","hentry","category-antalya"],"acf":[],"yoast_head":"<!-- This site is optimized with the Yoast SEO Premium plugin v26.6 (Yoast SEO v27.1.1) - https:\/\/yoast.com\/product\/yoast-seo-premium-wordpress\/ -->\n<title>Gen\u00e7 \u0130klim Liderleri\u2019nden k\u0131y\u0131lar i\u00e7in hareket - Av. Deniz Can K\u0131z\u0131l<\/title>\n<meta name=\"robots\" content=\"index, follow, max-snippet:-1, max-image-preview:large, max-video-preview:-1\" \/>\n<link rel=\"canonical\" href=\"https:\/\/denizcankizil.tr\/en\/haberler\/antalya\/genc-iklim-liderlerinden-kiyilar-icin-hareket\/\" \/>\n<meta property=\"og:locale\" content=\"en_GB\" \/>\n<meta property=\"og:type\" content=\"article\" \/>\n<meta property=\"og:title\" content=\"Gen\u00e7 \u0130klim Liderleri\u2019nden k\u0131y\u0131lar i\u00e7in hareket\" \/>\n<meta property=\"og:description\" content=\"Gen\u00e7lerin \u00e7evre sorunlar\u0131 konusundaki fark\u0131ndal\u0131\u011f\u0131n\u0131 art\u0131rmak ve yerel d\u00fczeyde \u00e7evresel koruma \u00e7al\u0131\u015fmalar\u0131na kat\u0131l\u0131mlar\u0131n\u0131 te\u015fvik etmek amac\u0131yla bu y\u0131l T\u00fcrkiye\u2019nin 81 ilinde D\u00fcnya \u00c7evre G\u00fcn\u00fc etkinlikleri d\u00fczenlendi. Programa Antalya Orkidelerini ve Biyolojik \u00c7e\u015fitlili\u011fi Koruma Derne\u011fi (ANTOK), \u00c7evre Ekonomi ve Toplum Ara\u015ft\u0131rmalar\u0131 Derne\u011fi (\u00c7ETADER) ve Muratpa\u015fa Belediyesi\u2019nin proje orta\u011f\u0131 oldu\u011fu Gen\u00e7 \u0130klim Liderleri de kat\u0131ld\u0131. Ger\u00e7ekle\u015fen programda k\u0131y\u0131 ekosistemlerinin korunmas\u0131, denizlerde plastik kirlili\u011fi ve istilac\u0131 t\u00fcrlerin etkileri gibi konulara odaklan\u0131ld\u0131. Program\u0131n Karatay Medresesi\u2019nin toplant\u0131 salonunda d\u00fczenlenen ilk b\u00f6l\u00fcm\u00fcnde, hassas k\u0131y\u0131 alanlar\u0131n\u0131n \u00f6nemi, istilac\u0131 t\u00fcrlerin deniz ekosistemine etkileri ve plastik at\u0131klar\u0131n deniz ya\u015fam\u0131na verdi\u011fi zararlar hakk\u0131nda kapsaml\u0131 bir e\u011fitim verildi. Kat\u0131l\u0131mc\u0131lar, konunun bilimsel y\u00f6nleriyle birlikte al\u0131nabilecek \u00f6nlemler hakk\u0131nda da bilgilendirildi. Antalya Gen\u00e7 \u0130klim Liderleri, etkinli\u011fin ikinci b\u00f6l\u00fcm\u00fcnde ise Antalya Deniz Liman\u0131 \u015eube M\u00fcd\u00fcrl\u00fc\u011f\u00fc\u2019n\u00fc ziyaret etti. Gezide, ekosistem temelli k\u0131y\u0131 koruma yakla\u015f\u0131mlar\u0131 ve y\u00fcr\u00fct\u00fclen \u00e7al\u0131\u015fmalar hakk\u0131nda bilgiler payla\u015f\u0131ld\u0131. Ayr\u0131ca, yerelde uygulanan ba\u015far\u0131l\u0131 \u00f6rnekler de Gen\u00e7 \u0130klim Liderlerine aktar\u0131ld\u0131. Muratpa\u015fa Belediyesi\u2019nin de i\u015fbirli\u011fi i\u00e7inde oldu\u011fu AG\u0130P projesi kapsam\u0131nda do\u011fal t\u00fcrlerin korunmas\u0131, gen\u00e7 ku\u015faklar\u0131n \u00e7evre bilincinin g\u00fc\u00e7lendirilmesi ve s\u00fcrd\u00fcr\u00fclebilir \u00e7evre politikalar\u0131n\u0131n desteklenmesi amac\u0131yla e\u011fitimler, at\u00f6lyeler ve saha etkinlikleri y\u0131l boyunca devam edecek. Kaynak: www.kanalv.com.tr Haber Sitesinden Al\u0131nm\u0131\u015ft\u0131r.\" \/>\n<meta property=\"og:url\" content=\"https:\/\/denizcankizil.tr\/en\/haberler\/antalya\/genc-iklim-liderlerinden-kiyilar-icin-hareket\/\" \/>\n<meta property=\"og:site_name\" content=\"Av. Deniz Can K\u0131z\u0131l\" \/>\n<meta property=\"article:published_time\" content=\"2025-06-07T09:41:16+00:00\" \/>\n<meta name=\"author\" content=\"Av. Deniz Can K\u0131z\u0131l\" \/>\n<meta name=\"twitter:card\" content=\"summary_large_image\" \/>\n<meta name=\"twitter:label1\" content=\"Written by\" \/>\n\t<meta name=\"twitter:data1\" content=\"Av. Deniz Can K\u0131z\u0131l\" \/>\n\t<meta name=\"twitter:label2\" content=\"Estimated reading time\" \/>\n\t<meta name=\"twitter:data2\" content=\"1 minute\" \/>\n<script type=\"application\/ld+json\" class=\"yoast-schema-graph\">{\"@context\":\"https:\/\/schema.org\",\"@graph\":[{\"@type\":\"Article\",\"@id\":\"https:\/\/denizcankizil.tr\/de\/haberler\/antalya\/genc-iklim-liderlerinden-kiyilar-icin-hareket\/#article\",\"isPartOf\":{\"@id\":\"https:\/\/denizcankizil.tr\/de\/haberler\/antalya\/genc-iklim-liderlerinden-kiyilar-icin-hareket\/\"},\"author\":{\"name\":\"Av. Deniz Can K\u0131z\u0131l\",\"@id\":\"https:\/\/denizcankizil.tr\/de\/#\/schema\/person\/5dc1b22991bd7ac833867c10afc9b0ff\"},\"headline\":\"Gen\u00e7 \u0130klim Liderleri\u2019nden k\u0131y\u0131lar i\u00e7in hareket\",\"datePublished\":\"2025-06-07T09:41:16+00:00\",\"mainEntityOfPage\":{\"@id\":\"https:\/\/denizcankizil.tr\/de\/haberler\/antalya\/genc-iklim-liderlerinden-kiyilar-icin-hareket\/\"},\"wordCount\":294,\"publisher\":{\"@id\":\"https:\/\/denizcankizil.tr\/de\/#organization\"},\"articleSection\":[\"Antalya\"],\"inLanguage\":\"en-GB\"},{\"@type\":\"WebPage\",\"@id\":\"https:\/\/denizcankizil.tr\/de\/haberler\/antalya\/genc-iklim-liderlerinden-kiyilar-icin-hareket\/\",\"url\":\"https:\/\/denizcankizil.tr\/de\/haberler\/antalya\/genc-iklim-liderlerinden-kiyilar-icin-hareket\/\",\"name\":\"Gen\u00e7 \u0130klim Liderleri\u2019nden k\u0131y\u0131lar i\u00e7in hareket - Av. Deniz Can K\u0131z\u0131l\",\"isPartOf\":{\"@id\":\"https:\/\/denizcankizil.tr\/de\/#website\"},\"datePublished\":\"2025-06-07T09:41:16+00:00\",\"breadcrumb\":{\"@id\":\"https:\/\/denizcankizil.tr\/de\/haberler\/antalya\/genc-iklim-liderlerinden-kiyilar-icin-hareket\/#breadcrumb\"},\"inLanguage\":\"en-GB\",\"potentialAction\":[{\"@type\":\"ReadAction\",\"target\":[\"https:\/\/denizcankizil.tr\/de\/haberler\/antalya\/genc-iklim-liderlerinden-kiyilar-icin-hareket\/\"]}]},{\"@type\":\"BreadcrumbList\",\"@id\":\"https:\/\/denizcankizil.tr\/de\/haberler\/antalya\/genc-iklim-liderlerinden-kiyilar-icin-hareket\/#breadcrumb\",\"itemListElement\":[{\"@type\":\"ListItem\",\"position\":1,\"name\":\"Home\",\"item\":\"https:\/\/denizcankizil.tr\/de\/\"},{\"@type\":\"ListItem\",\"position\":2,\"name\":\"Gen\u00e7 \u0130klim Liderleri\u2019nden k\u0131y\u0131lar i\u00e7in hareket\"}]},{\"@type\":\"WebSite\",\"@id\":\"https:\/\/denizcankizil.tr\/de\/#website\",\"url\":\"https:\/\/denizcankizil.tr\/de\/\",\"name\":\"Av. Deniz Can K\u0131z\u0131l\",\"description\":\"Avukat Deniz Can K\u0131z\u0131l Antalya Barosu\",\"publisher\":{\"@id\":\"https:\/\/denizcankizil.tr\/de\/#organization\"},\"potentialAction\":[{\"@type\":\"SearchAction\",\"target\":{\"@type\":\"EntryPoint\",\"urlTemplate\":\"https:\/\/denizcankizil.tr\/de\/?s={search_term_string}\"},\"query-input\":{\"@type\":\"PropertyValueSpecification\",\"valueRequired\":true,\"valueName\":\"search_term_string\"}}],\"inLanguage\":\"en-GB\"},{\"@type\":\"Organization\",\"@id\":\"https:\/\/denizcankizil.tr\/de\/#organization\",\"name\":\"Av. Deniz Can K\u0131z\u0131l\",\"url\":\"https:\/\/denizcankizil.tr\/de\/\",\"logo\":{\"@type\":\"ImageObject\",\"inLanguage\":\"en-GB\",\"@id\":\"https:\/\/denizcankizil.tr\/de\/#\/schema\/logo\/image\/\",\"url\":\"http:\/\/denizcankizil.tr\/wp-content\/uploads\/2024\/10\/siyah-logo-svg.svg\",\"contentUrl\":\"http:\/\/denizcankizil.tr\/wp-content\/uploads\/2024\/10\/siyah-logo-svg.svg\",\"width\":1080,\"height\":1080,\"caption\":\"Av. Deniz Can K\u0131z\u0131l\"},\"image\":{\"@id\":\"https:\/\/denizcankizil.tr\/de\/#\/schema\/logo\/image\/\"}},{\"@type\":\"Person\",\"@id\":\"https:\/\/denizcankizil.tr\/de\/#\/schema\/person\/5dc1b22991bd7ac833867c10afc9b0ff\",\"name\":\"Av. Deniz Can K\u0131z\u0131l\",\"image\":{\"@type\":\"ImageObject\",\"inLanguage\":\"en-GB\",\"@id\":\"https:\/\/denizcankizil.tr\/de\/#\/schema\/person\/image\/\",\"url\":\"https:\/\/secure.gravatar.com\/avatar\/a0b128fb9855c79efc976d5640eedb31dc35ec297594d6016d2cf7c60e975bb6?s=96&d=mm&r=g\",\"contentUrl\":\"https:\/\/secure.gravatar.com\/avatar\/a0b128fb9855c79efc976d5640eedb31dc35ec297594d6016d2cf7c60e975bb6?s=96&d=mm&r=g\",\"caption\":\"Av. Deniz Can K\u0131z\u0131l\"},\"sameAs\":[\"http:\/\/www.denizcankizil.tr\"],\"url\":\"http:\/\/denizcankizil.tr\/en\/author\/denizcankizil\/\"}]}<\/script>\n<!-- \/ Yoast SEO Premium plugin. -->","yoast_head_json":{"title":"Gen\u00e7 \u0130klim Liderleri\u2019nden k\u0131y\u0131lar i\u00e7in hareket - Av. Deniz Can K\u0131z\u0131l","robots":{"index":"index","follow":"follow","max-snippet":"max-snippet:-1","max-image-preview":"max-image-preview:large","max-video-preview":"max-video-preview:-1"},"canonical":"https:\/\/denizcankizil.tr\/en\/haberler\/antalya\/genc-iklim-liderlerinden-kiyilar-icin-hareket\/","og_locale":"en_GB","og_type":"article","og_title":"Gen\u00e7 \u0130klim Liderleri\u2019nden k\u0131y\u0131lar i\u00e7in hareket","og_description":"Gen\u00e7lerin \u00e7evre sorunlar\u0131 konusundaki fark\u0131ndal\u0131\u011f\u0131n\u0131 art\u0131rmak ve yerel d\u00fczeyde \u00e7evresel koruma \u00e7al\u0131\u015fmalar\u0131na kat\u0131l\u0131mlar\u0131n\u0131 te\u015fvik etmek amac\u0131yla bu y\u0131l T\u00fcrkiye\u2019nin 81 ilinde D\u00fcnya \u00c7evre G\u00fcn\u00fc etkinlikleri d\u00fczenlendi. Programa Antalya Orkidelerini ve Biyolojik \u00c7e\u015fitlili\u011fi Koruma Derne\u011fi (ANTOK), \u00c7evre Ekonomi ve Toplum Ara\u015ft\u0131rmalar\u0131 Derne\u011fi (\u00c7ETADER) ve Muratpa\u015fa Belediyesi\u2019nin proje orta\u011f\u0131 oldu\u011fu Gen\u00e7 \u0130klim Liderleri de kat\u0131ld\u0131. Ger\u00e7ekle\u015fen programda k\u0131y\u0131 ekosistemlerinin korunmas\u0131, denizlerde plastik kirlili\u011fi ve istilac\u0131 t\u00fcrlerin etkileri gibi konulara odaklan\u0131ld\u0131. Program\u0131n Karatay Medresesi\u2019nin toplant\u0131 salonunda d\u00fczenlenen ilk b\u00f6l\u00fcm\u00fcnde, hassas k\u0131y\u0131 alanlar\u0131n\u0131n \u00f6nemi, istilac\u0131 t\u00fcrlerin deniz ekosistemine etkileri ve plastik at\u0131klar\u0131n deniz ya\u015fam\u0131na verdi\u011fi zararlar hakk\u0131nda kapsaml\u0131 bir e\u011fitim verildi. Kat\u0131l\u0131mc\u0131lar, konunun bilimsel y\u00f6nleriyle birlikte al\u0131nabilecek \u00f6nlemler hakk\u0131nda da bilgilendirildi. Antalya Gen\u00e7 \u0130klim Liderleri, etkinli\u011fin ikinci b\u00f6l\u00fcm\u00fcnde ise Antalya Deniz Liman\u0131 \u015eube M\u00fcd\u00fcrl\u00fc\u011f\u00fc\u2019n\u00fc ziyaret etti. Gezide, ekosistem temelli k\u0131y\u0131 koruma yakla\u015f\u0131mlar\u0131 ve y\u00fcr\u00fct\u00fclen \u00e7al\u0131\u015fmalar hakk\u0131nda bilgiler payla\u015f\u0131ld\u0131. Ayr\u0131ca, yerelde uygulanan ba\u015far\u0131l\u0131 \u00f6rnekler de Gen\u00e7 \u0130klim Liderlerine aktar\u0131ld\u0131. Muratpa\u015fa Belediyesi\u2019nin de i\u015fbirli\u011fi i\u00e7inde oldu\u011fu AG\u0130P projesi kapsam\u0131nda do\u011fal t\u00fcrlerin korunmas\u0131, gen\u00e7 ku\u015faklar\u0131n \u00e7evre bilincinin g\u00fc\u00e7lendirilmesi ve s\u00fcrd\u00fcr\u00fclebilir \u00e7evre politikalar\u0131n\u0131n desteklenmesi amac\u0131yla e\u011fitimler, at\u00f6lyeler ve saha etkinlikleri y\u0131l boyunca devam edecek. Kaynak: www.kanalv.com.tr Haber Sitesinden Al\u0131nm\u0131\u015ft\u0131r.","og_url":"https:\/\/denizcankizil.tr\/en\/haberler\/antalya\/genc-iklim-liderlerinden-kiyilar-icin-hareket\/","og_site_name":"Av. Deniz Can K\u0131z\u0131l","article_published_time":"2025-06-07T09:41:16+00:00","author":"Av. Deniz Can K\u0131z\u0131l","twitter_card":"summary_large_image","twitter_misc":{"Written by":"Av. Deniz Can K\u0131z\u0131l","Estimated reading time":"1 minute"},"schema":{"@context":"https:\/\/schema.org","@graph":[{"@type":"Article","@id":"https:\/\/denizcankizil.tr\/de\/haberler\/antalya\/genc-iklim-liderlerinden-kiyilar-icin-hareket\/#article","isPartOf":{"@id":"https:\/\/denizcankizil.tr\/de\/haberler\/antalya\/genc-iklim-liderlerinden-kiyilar-icin-hareket\/"},"author":{"name":"Av. Deniz Can K\u0131z\u0131l","@id":"https:\/\/denizcankizil.tr\/de\/#\/schema\/person\/5dc1b22991bd7ac833867c10afc9b0ff"},"headline":"Gen\u00e7 \u0130klim Liderleri\u2019nden k\u0131y\u0131lar i\u00e7in hareket","datePublished":"2025-06-07T09:41:16+00:00","mainEntityOfPage":{"@id":"https:\/\/denizcankizil.tr\/de\/haberler\/antalya\/genc-iklim-liderlerinden-kiyilar-icin-hareket\/"},"wordCount":294,"publisher":{"@id":"https:\/\/denizcankizil.tr\/de\/#organization"},"articleSection":["Antalya"],"inLanguage":"en-GB"},{"@type":"WebPage","@id":"https:\/\/denizcankizil.tr\/de\/haberler\/antalya\/genc-iklim-liderlerinden-kiyilar-icin-hareket\/","url":"https:\/\/denizcankizil.tr\/de\/haberler\/antalya\/genc-iklim-liderlerinden-kiyilar-icin-hareket\/","name":"Gen\u00e7 \u0130klim Liderleri\u2019nden k\u0131y\u0131lar i\u00e7in hareket - Av. Deniz Can K\u0131z\u0131l","isPartOf":{"@id":"https:\/\/denizcankizil.tr\/de\/#website"},"datePublished":"2025-06-07T09:41:16+00:00","breadcrumb":{"@id":"https:\/\/denizcankizil.tr\/de\/haberler\/antalya\/genc-iklim-liderlerinden-kiyilar-icin-hareket\/#breadcrumb"},"inLanguage":"en-GB","potentialAction":[{"@type":"ReadAction","target":["https:\/\/denizcankizil.tr\/de\/haberler\/antalya\/genc-iklim-liderlerinden-kiyilar-icin-hareket\/"]}]},{"@type":"BreadcrumbList","@id":"https:\/\/denizcankizil.tr\/de\/haberler\/antalya\/genc-iklim-liderlerinden-kiyilar-icin-hareket\/#breadcrumb","itemListElement":[{"@type":"ListItem","position":1,"name":"Home","item":"https:\/\/denizcankizil.tr\/de\/"},{"@type":"ListItem","position":2,"name":"Gen\u00e7 \u0130klim Liderleri\u2019nden k\u0131y\u0131lar i\u00e7in hareket"}]},{"@type":"WebSite","@id":"https:\/\/denizcankizil.tr\/de\/#website","url":"https:\/\/denizcankizil.tr\/de\/","name":"Av. Deniz Can K\u0131z\u0131l","description":"Avukat Deniz Can K\u0131z\u0131l Antalya Barosu","publisher":{"@id":"https:\/\/denizcankizil.tr\/de\/#organization"},"potentialAction":[{"@type":"SearchAction","target":{"@type":"EntryPoint","urlTemplate":"https:\/\/denizcankizil.tr\/de\/?s={search_term_string}"},"query-input":{"@type":"PropertyValueSpecification","valueRequired":true,"valueName":"search_term_string"}}],"inLanguage":"en-GB"},{"@type":"Organization","@id":"https:\/\/denizcankizil.tr\/de\/#organization","name":"Av. Deniz Can K\u0131z\u0131l","url":"https:\/\/denizcankizil.tr\/de\/","logo":{"@type":"ImageObject","inLanguage":"en-GB","@id":"https:\/\/denizcankizil.tr\/de\/#\/schema\/logo\/image\/","url":"http:\/\/denizcankizil.tr\/wp-content\/uploads\/2024\/10\/siyah-logo-svg.svg","contentUrl":"http:\/\/denizcankizil.tr\/wp-content\/uploads\/2024\/10\/siyah-logo-svg.svg","width":1080,"height":1080,"caption":"Av. Deniz Can K\u0131z\u0131l"},"image":{"@id":"https:\/\/denizcankizil.tr\/de\/#\/schema\/logo\/image\/"}},{"@type":"Person","@id":"https:\/\/denizcankizil.tr\/de\/#\/schema\/person\/5dc1b22991bd7ac833867c10afc9b0ff","name":"Av. Deniz Can K\u0131z\u0131l","image":{"@type":"ImageObject","inLanguage":"en-GB","@id":"https:\/\/denizcankizil.tr\/de\/#\/schema\/person\/image\/","url":"https:\/\/secure.gravatar.com\/avatar\/a0b128fb9855c79efc976d5640eedb31dc35ec297594d6016d2cf7c60e975bb6?s=96&d=mm&r=g","contentUrl":"https:\/\/secure.gravatar.com\/avatar\/a0b128fb9855c79efc976d5640eedb31dc35ec297594d6016d2cf7c60e975bb6?s=96&d=mm&r=g","caption":"Av. Deniz Can K\u0131z\u0131l"},"sameAs":["http:\/\/www.denizcankizil.tr"],"url":"http:\/\/denizcankizil.tr\/en\/author\/denizcankizil\/"}]}},"_links":{"self":[{"href":"http:\/\/denizcankizil.tr\/en\/wp-json\/wp\/v2\/posts\/109406","targetHints":{"allow":["GET"]}}],"collection":[{"href":"http:\/\/denizcankizil.tr\/en\/wp-json\/wp\/v2\/posts"}],"about":[{"href":"http:\/\/denizcankizil.tr\/en\/wp-json\/wp\/v2\/types\/post"}],"author":[{"embeddable":true,"href":"http:\/\/denizcankizil.tr\/en\/wp-json\/wp\/v2\/users\/4"}],"replies":[{"embeddable":true,"href":"http:\/\/denizcankizil.tr\/en\/wp-json\/wp\/v2\/comments?post=109406"}],"version-history":[{"count":0,"href":"http:\/\/denizcankizil.tr\/en\/wp-json\/wp\/v2\/posts\/109406\/revisions"}],"wp:attachment":[{"href":"http:\/\/denizcankizil.tr\/en\/wp-json\/wp\/v2\/media?parent=109406"}],"wp:term":[{"taxonomy":"category","embeddable":true,"href":"http:\/\/denizcankizil.tr\/en\/wp-json\/wp\/v2\/categories?post=109406"},{"taxonomy":"post_tag","embeddable":true,"href":"http:\/\/denizcankizil.tr\/en\/wp-json\/wp\/v2\/tags?post=109406"}],"curies":[{"name":"wp","href":"https:\/\/api.w.org\/{rel}","templated":true}]}}