{"id":105962,"date":"2025-06-04T08:42:45","date_gmt":"2025-06-04T05:42:45","guid":{"rendered":"https:\/\/denizcankizil.tr\/uncategorized-tr\/avrupada-turk-gururu-arzu-kaldi-avrupanin-en-iyi-influenceri-secildi\/"},"modified":"2025-06-04T08:42:45","modified_gmt":"2025-06-04T05:42:45","slug":"avrupada-turk-gururu-arzu-kaldi-avrupanin-en-iyi-influenceri-secildi","status":"publish","type":"post","link":"http:\/\/denizcankizil.tr\/en\/haberler\/gundem\/avrupada-turk-gururu-arzu-kaldi-avrupanin-en-iyi-influenceri-secildi\/","title":{"rendered":"Avrupa\u2019da T\u00fcrk Gururu: Arzu Kald\u0131, \u201cAvrupa\u2019n\u0131n En \u0130yi Influencer\u2019\u0131\u201d Se\u00e7ildi!"},"content":{"rendered":"<p>Sosyal medyan\u0131n parlayan y\u0131ld\u0131zlar\u0131ndan Arzu Kald\u0131, g\u00fczellik, m\u00fczik ve toplumsal duyarl\u0131l\u0131\u011f\u0131 bir araya getirdi\u011fi etkileyici yolculu\u011fuyla Avrupa\u2019n\u0131n en prestijli \u00f6d\u00fcllerinden birine lay\u0131k g\u00f6r\u00fcld\u00fc.<\/p>\n<p>\u200bSosyal medyan\u0131n parlayan y\u0131ld\u0131zlar\u0131ndan Arzu Kald\u0131, g\u00fczellik, m\u00fczik ve toplumsal duyarl\u0131l\u0131\u011f\u0131 bir araya getirdi\u011fi etkileyici yolculu\u011fuyla Avrupa\u2019n\u0131n en prestijli \u00f6d\u00fcllerinden birine lay\u0131k g\u00f6r\u00fcld\u00fc.\u00a0<\/p>\n<p>\u200bHaberin Al\u0131nt\u0131land\u0131\u011f\u0131 Kaynak: www.iskenderun.org<\/p>","protected":false},"excerpt":{"rendered":"<p>Sosyal medyan\u0131n parlayan y\u0131ld\u0131zlar\u0131ndan Arzu Kald\u0131, g\u00fczellik, m\u00fczik ve toplumsal duyarl\u0131l\u0131\u011f\u0131 bir araya getirdi\u011fi etkileyici yolculu\u011fuyla Avrupa\u2019n\u0131n en prestijli \u00f6d\u00fcllerinden birine lay\u0131k g\u00f6r\u00fcld\u00fc. \u200bSosyal medyan\u0131n parlayan y\u0131ld\u0131zlar\u0131ndan Arzu Kald\u0131, g\u00fczellik, m\u00fczik ve toplumsal duyarl\u0131l\u0131\u011f\u0131 bir araya getirdi\u011fi etkileyici yolculu\u011fuyla Avrupa\u2019n\u0131n en prestijli \u00f6d\u00fcllerinden birine lay\u0131k g\u00f6r\u00fcld\u00fc.\u00a0 \u200bHaberin Al\u0131nt\u0131land\u0131\u011f\u0131 Kaynak: www.iskenderun.org<\/p>","protected":false},"author":1,"featured_media":0,"comment_status":"","ping_status":"open","sticky":false,"template":"","format":"standard","meta":{"_acf_changed":false,"footnotes":""},"categories":[24],"tags":[],"class_list":["post-105962","post","type-post","status-publish","format-standard","has-post-thumbnail","hentry","category-gundem"],"acf":[],"yoast_head":"<!-- This site is optimized with the Yoast SEO Premium plugin v26.6 (Yoast SEO v27.1.1) - https:\/\/yoast.com\/product\/yoast-seo-premium-wordpress\/ -->\n<title>Avrupa\u2019da T\u00fcrk Gururu: Arzu Kald\u0131, \u201cAvrupa\u2019n\u0131n En \u0130yi Influencer\u2019\u0131\u201d Se\u00e7ildi! - Av. Deniz Can K\u0131z\u0131l<\/title>\n<meta name=\"robots\" content=\"index, follow, max-snippet:-1, max-image-preview:large, max-video-preview:-1\" \/>\n<link rel=\"canonical\" href=\"https:\/\/denizcankizil.tr\/en\/haberler\/gundem\/avrupada-turk-gururu-arzu-kaldi-avrupanin-en-iyi-influenceri-secildi\/\" \/>\n<meta property=\"og:locale\" content=\"en_GB\" \/>\n<meta property=\"og:type\" content=\"article\" \/>\n<meta property=\"og:title\" content=\"Avrupa\u2019da T\u00fcrk Gururu: Arzu Kald\u0131, \u201cAvrupa\u2019n\u0131n En \u0130yi Influencer\u2019\u0131\u201d Se\u00e7ildi!\" \/>\n<meta property=\"og:description\" content=\"Sosyal medyan\u0131n parlayan y\u0131ld\u0131zlar\u0131ndan Arzu Kald\u0131, g\u00fczellik, m\u00fczik ve toplumsal duyarl\u0131l\u0131\u011f\u0131 bir araya getirdi\u011fi etkileyici yolculu\u011fuyla Avrupa\u2019n\u0131n en prestijli \u00f6d\u00fcllerinden birine lay\u0131k g\u00f6r\u00fcld\u00fc. \u200bSosyal medyan\u0131n parlayan y\u0131ld\u0131zlar\u0131ndan Arzu Kald\u0131, g\u00fczellik, m\u00fczik ve toplumsal duyarl\u0131l\u0131\u011f\u0131 bir araya getirdi\u011fi etkileyici yolculu\u011fuyla Avrupa\u2019n\u0131n en prestijli \u00f6d\u00fcllerinden birine lay\u0131k g\u00f6r\u00fcld\u00fc.\u00a0 \u200bHaberin Al\u0131nt\u0131land\u0131\u011f\u0131 Kaynak: www.iskenderun.org\" \/>\n<meta property=\"og:url\" content=\"https:\/\/denizcankizil.tr\/en\/haberler\/gundem\/avrupada-turk-gururu-arzu-kaldi-avrupanin-en-iyi-influenceri-secildi\/\" \/>\n<meta property=\"og:site_name\" content=\"Av. Deniz Can K\u0131z\u0131l\" \/>\n<meta property=\"article:published_time\" content=\"2025-06-04T05:42:45+00:00\" \/>\n<meta name=\"author\" content=\"admin\" \/>\n<meta name=\"twitter:card\" content=\"summary_large_image\" \/>\n<meta name=\"twitter:label1\" content=\"Written by\" \/>\n\t<meta name=\"twitter:data1\" content=\"admin\" \/>\n<script type=\"application\/ld+json\" class=\"yoast-schema-graph\">{\"@context\":\"https:\/\/schema.org\",\"@graph\":[{\"@type\":\"Article\",\"@id\":\"https:\/\/denizcankizil.tr\/de\/haberler\/gundem\/avrupada-turk-gururu-arzu-kaldi-avrupanin-en-iyi-influenceri-secildi\/#article\",\"isPartOf\":{\"@id\":\"https:\/\/denizcankizil.tr\/de\/haberler\/gundem\/avrupada-turk-gururu-arzu-kaldi-avrupanin-en-iyi-influenceri-secildi\/\"},\"author\":{\"name\":\"admin\",\"@id\":\"https:\/\/denizcankizil.tr\/de\/#\/schema\/person\/be3c05fe6a12686905512445d8185489\"},\"headline\":\"Avrupa\u2019da T\u00fcrk Gururu: Arzu Kald\u0131, \u201cAvrupa\u2019n\u0131n En \u0130yi Influencer\u2019\u0131\u201d Se\u00e7ildi!\",\"datePublished\":\"2025-06-04T05:42:45+00:00\",\"mainEntityOfPage\":{\"@id\":\"https:\/\/denizcankizil.tr\/de\/haberler\/gundem\/avrupada-turk-gururu-arzu-kaldi-avrupanin-en-iyi-influenceri-secildi\/\"},\"wordCount\":99,\"publisher\":{\"@id\":\"https:\/\/denizcankizil.tr\/de\/#organization\"},\"articleSection\":[\"G\u00fcndem\"],\"inLanguage\":\"en-GB\"},{\"@type\":\"WebPage\",\"@id\":\"https:\/\/denizcankizil.tr\/de\/haberler\/gundem\/avrupada-turk-gururu-arzu-kaldi-avrupanin-en-iyi-influenceri-secildi\/\",\"url\":\"https:\/\/denizcankizil.tr\/de\/haberler\/gundem\/avrupada-turk-gururu-arzu-kaldi-avrupanin-en-iyi-influenceri-secildi\/\",\"name\":\"Avrupa\u2019da T\u00fcrk Gururu: Arzu Kald\u0131, \u201cAvrupa\u2019n\u0131n En \u0130yi Influencer\u2019\u0131\u201d Se\u00e7ildi! - Av. Deniz Can K\u0131z\u0131l\",\"isPartOf\":{\"@id\":\"https:\/\/denizcankizil.tr\/de\/#website\"},\"datePublished\":\"2025-06-04T05:42:45+00:00\",\"breadcrumb\":{\"@id\":\"https:\/\/denizcankizil.tr\/de\/haberler\/gundem\/avrupada-turk-gururu-arzu-kaldi-avrupanin-en-iyi-influenceri-secildi\/#breadcrumb\"},\"inLanguage\":\"en-GB\",\"potentialAction\":[{\"@type\":\"ReadAction\",\"target\":[\"https:\/\/denizcankizil.tr\/de\/haberler\/gundem\/avrupada-turk-gururu-arzu-kaldi-avrupanin-en-iyi-influenceri-secildi\/\"]}]},{\"@type\":\"BreadcrumbList\",\"@id\":\"https:\/\/denizcankizil.tr\/de\/haberler\/gundem\/avrupada-turk-gururu-arzu-kaldi-avrupanin-en-iyi-influenceri-secildi\/#breadcrumb\",\"itemListElement\":[{\"@type\":\"ListItem\",\"position\":1,\"name\":\"Home\",\"item\":\"https:\/\/denizcankizil.tr\/de\/\"},{\"@type\":\"ListItem\",\"position\":2,\"name\":\"Avrupa\u2019da T\u00fcrk Gururu: Arzu Kald\u0131, \u201cAvrupa\u2019n\u0131n En \u0130yi Influencer\u2019\u0131\u201d Se\u00e7ildi!\"}]},{\"@type\":\"WebSite\",\"@id\":\"https:\/\/denizcankizil.tr\/de\/#website\",\"url\":\"https:\/\/denizcankizil.tr\/de\/\",\"name\":\"Av. Deniz Can K\u0131z\u0131l\",\"description\":\"Avukat Deniz Can K\u0131z\u0131l Antalya Barosu\",\"publisher\":{\"@id\":\"https:\/\/denizcankizil.tr\/de\/#organization\"},\"potentialAction\":[{\"@type\":\"SearchAction\",\"target\":{\"@type\":\"EntryPoint\",\"urlTemplate\":\"https:\/\/denizcankizil.tr\/de\/?s={search_term_string}\"},\"query-input\":{\"@type\":\"PropertyValueSpecification\",\"valueRequired\":true,\"valueName\":\"search_term_string\"}}],\"inLanguage\":\"en-GB\"},{\"@type\":\"Organization\",\"@id\":\"https:\/\/denizcankizil.tr\/de\/#organization\",\"name\":\"Av. Deniz Can K\u0131z\u0131l\",\"url\":\"https:\/\/denizcankizil.tr\/de\/\",\"logo\":{\"@type\":\"ImageObject\",\"inLanguage\":\"en-GB\",\"@id\":\"https:\/\/denizcankizil.tr\/de\/#\/schema\/logo\/image\/\",\"url\":\"http:\/\/denizcankizil.tr\/wp-content\/uploads\/2024\/10\/siyah-logo-svg.svg\",\"contentUrl\":\"http:\/\/denizcankizil.tr\/wp-content\/uploads\/2024\/10\/siyah-logo-svg.svg\",\"width\":1080,\"height\":1080,\"caption\":\"Av. Deniz Can K\u0131z\u0131l\"},\"image\":{\"@id\":\"https:\/\/denizcankizil.tr\/de\/#\/schema\/logo\/image\/\"}},{\"@type\":\"Person\",\"@id\":\"https:\/\/denizcankizil.tr\/de\/#\/schema\/person\/be3c05fe6a12686905512445d8185489\",\"name\":\"admin\",\"image\":{\"@type\":\"ImageObject\",\"inLanguage\":\"en-GB\",\"@id\":\"https:\/\/denizcankizil.tr\/de\/#\/schema\/person\/image\/\",\"url\":\"https:\/\/secure.gravatar.com\/avatar\/c1fce94c830dc79107e174f890d7210541c4a63e8e5d816341794a2151c9d58c?s=96&d=mm&r=g\",\"contentUrl\":\"https:\/\/secure.gravatar.com\/avatar\/c1fce94c830dc79107e174f890d7210541c4a63e8e5d816341794a2151c9d58c?s=96&d=mm&r=g\",\"caption\":\"admin\"},\"sameAs\":[\"http:\/\/denizcankizil.tr\"],\"url\":\"https:\/\/www.iskenderun.org\/avrupada-turk-gururu-arzu-kaldi-avrupanin-en-iyi-influenceri-secildi\"}]}<\/script>\n<!-- \/ Yoast SEO Premium plugin. -->","yoast_head_json":{"title":"Avrupa\u2019da T\u00fcrk Gururu: Arzu Kald\u0131, \u201cAvrupa\u2019n\u0131n En \u0130yi Influencer\u2019\u0131\u201d Se\u00e7ildi! - Av. Deniz Can K\u0131z\u0131l","robots":{"index":"index","follow":"follow","max-snippet":"max-snippet:-1","max-image-preview":"max-image-preview:large","max-video-preview":"max-video-preview:-1"},"canonical":"https:\/\/denizcankizil.tr\/en\/haberler\/gundem\/avrupada-turk-gururu-arzu-kaldi-avrupanin-en-iyi-influenceri-secildi\/","og_locale":"en_GB","og_type":"article","og_title":"Avrupa\u2019da T\u00fcrk Gururu: Arzu Kald\u0131, \u201cAvrupa\u2019n\u0131n En \u0130yi Influencer\u2019\u0131\u201d Se\u00e7ildi!","og_description":"Sosyal medyan\u0131n parlayan y\u0131ld\u0131zlar\u0131ndan Arzu Kald\u0131, g\u00fczellik, m\u00fczik ve toplumsal duyarl\u0131l\u0131\u011f\u0131 bir araya getirdi\u011fi etkileyici yolculu\u011fuyla Avrupa\u2019n\u0131n en prestijli \u00f6d\u00fcllerinden birine lay\u0131k g\u00f6r\u00fcld\u00fc. \u200bSosyal medyan\u0131n parlayan y\u0131ld\u0131zlar\u0131ndan Arzu Kald\u0131, g\u00fczellik, m\u00fczik ve toplumsal duyarl\u0131l\u0131\u011f\u0131 bir araya getirdi\u011fi etkileyici yolculu\u011fuyla Avrupa\u2019n\u0131n en prestijli \u00f6d\u00fcllerinden birine lay\u0131k g\u00f6r\u00fcld\u00fc.\u00a0 \u200bHaberin Al\u0131nt\u0131land\u0131\u011f\u0131 Kaynak: www.iskenderun.org","og_url":"https:\/\/denizcankizil.tr\/en\/haberler\/gundem\/avrupada-turk-gururu-arzu-kaldi-avrupanin-en-iyi-influenceri-secildi\/","og_site_name":"Av. Deniz Can K\u0131z\u0131l","article_published_time":"2025-06-04T05:42:45+00:00","author":"admin","twitter_card":"summary_large_image","twitter_misc":{"Written by":"admin"},"schema":{"@context":"https:\/\/schema.org","@graph":[{"@type":"Article","@id":"https:\/\/denizcankizil.tr\/de\/haberler\/gundem\/avrupada-turk-gururu-arzu-kaldi-avrupanin-en-iyi-influenceri-secildi\/#article","isPartOf":{"@id":"https:\/\/denizcankizil.tr\/de\/haberler\/gundem\/avrupada-turk-gururu-arzu-kaldi-avrupanin-en-iyi-influenceri-secildi\/"},"author":{"name":"admin","@id":"https:\/\/denizcankizil.tr\/de\/#\/schema\/person\/be3c05fe6a12686905512445d8185489"},"headline":"Avrupa\u2019da T\u00fcrk Gururu: Arzu Kald\u0131, \u201cAvrupa\u2019n\u0131n En \u0130yi Influencer\u2019\u0131\u201d Se\u00e7ildi!","datePublished":"2025-06-04T05:42:45+00:00","mainEntityOfPage":{"@id":"https:\/\/denizcankizil.tr\/de\/haberler\/gundem\/avrupada-turk-gururu-arzu-kaldi-avrupanin-en-iyi-influenceri-secildi\/"},"wordCount":99,"publisher":{"@id":"https:\/\/denizcankizil.tr\/de\/#organization"},"articleSection":["G\u00fcndem"],"inLanguage":"en-GB"},{"@type":"WebPage","@id":"https:\/\/denizcankizil.tr\/de\/haberler\/gundem\/avrupada-turk-gururu-arzu-kaldi-avrupanin-en-iyi-influenceri-secildi\/","url":"https:\/\/denizcankizil.tr\/de\/haberler\/gundem\/avrupada-turk-gururu-arzu-kaldi-avrupanin-en-iyi-influenceri-secildi\/","name":"Avrupa\u2019da T\u00fcrk Gururu: Arzu Kald\u0131, \u201cAvrupa\u2019n\u0131n En \u0130yi Influencer\u2019\u0131\u201d Se\u00e7ildi! - Av. Deniz Can K\u0131z\u0131l","isPartOf":{"@id":"https:\/\/denizcankizil.tr\/de\/#website"},"datePublished":"2025-06-04T05:42:45+00:00","breadcrumb":{"@id":"https:\/\/denizcankizil.tr\/de\/haberler\/gundem\/avrupada-turk-gururu-arzu-kaldi-avrupanin-en-iyi-influenceri-secildi\/#breadcrumb"},"inLanguage":"en-GB","potentialAction":[{"@type":"ReadAction","target":["https:\/\/denizcankizil.tr\/de\/haberler\/gundem\/avrupada-turk-gururu-arzu-kaldi-avrupanin-en-iyi-influenceri-secildi\/"]}]},{"@type":"BreadcrumbList","@id":"https:\/\/denizcankizil.tr\/de\/haberler\/gundem\/avrupada-turk-gururu-arzu-kaldi-avrupanin-en-iyi-influenceri-secildi\/#breadcrumb","itemListElement":[{"@type":"ListItem","position":1,"name":"Home","item":"https:\/\/denizcankizil.tr\/de\/"},{"@type":"ListItem","position":2,"name":"Avrupa\u2019da T\u00fcrk Gururu: Arzu Kald\u0131, \u201cAvrupa\u2019n\u0131n En \u0130yi Influencer\u2019\u0131\u201d Se\u00e7ildi!"}]},{"@type":"WebSite","@id":"https:\/\/denizcankizil.tr\/de\/#website","url":"https:\/\/denizcankizil.tr\/de\/","name":"Av. Deniz Can K\u0131z\u0131l","description":"Avukat Deniz Can K\u0131z\u0131l Antalya Barosu","publisher":{"@id":"https:\/\/denizcankizil.tr\/de\/#organization"},"potentialAction":[{"@type":"SearchAction","target":{"@type":"EntryPoint","urlTemplate":"https:\/\/denizcankizil.tr\/de\/?s={search_term_string}"},"query-input":{"@type":"PropertyValueSpecification","valueRequired":true,"valueName":"search_term_string"}}],"inLanguage":"en-GB"},{"@type":"Organization","@id":"https:\/\/denizcankizil.tr\/de\/#organization","name":"Av. Deniz Can K\u0131z\u0131l","url":"https:\/\/denizcankizil.tr\/de\/","logo":{"@type":"ImageObject","inLanguage":"en-GB","@id":"https:\/\/denizcankizil.tr\/de\/#\/schema\/logo\/image\/","url":"http:\/\/denizcankizil.tr\/wp-content\/uploads\/2024\/10\/siyah-logo-svg.svg","contentUrl":"http:\/\/denizcankizil.tr\/wp-content\/uploads\/2024\/10\/siyah-logo-svg.svg","width":1080,"height":1080,"caption":"Av. Deniz Can K\u0131z\u0131l"},"image":{"@id":"https:\/\/denizcankizil.tr\/de\/#\/schema\/logo\/image\/"}},{"@type":"Person","@id":"https:\/\/denizcankizil.tr\/de\/#\/schema\/person\/be3c05fe6a12686905512445d8185489","name":"admin","image":{"@type":"ImageObject","inLanguage":"en-GB","@id":"https:\/\/denizcankizil.tr\/de\/#\/schema\/person\/image\/","url":"https:\/\/secure.gravatar.com\/avatar\/c1fce94c830dc79107e174f890d7210541c4a63e8e5d816341794a2151c9d58c?s=96&d=mm&r=g","contentUrl":"https:\/\/secure.gravatar.com\/avatar\/c1fce94c830dc79107e174f890d7210541c4a63e8e5d816341794a2151c9d58c?s=96&d=mm&r=g","caption":"admin"},"sameAs":["http:\/\/denizcankizil.tr"],"url":"https:\/\/www.iskenderun.org\/avrupada-turk-gururu-arzu-kaldi-avrupanin-en-iyi-influenceri-secildi"}]}},"_links":{"self":[{"href":"http:\/\/denizcankizil.tr\/en\/wp-json\/wp\/v2\/posts\/105962","targetHints":{"allow":["GET"]}}],"collection":[{"href":"http:\/\/denizcankizil.tr\/en\/wp-json\/wp\/v2\/posts"}],"about":[{"href":"http:\/\/denizcankizil.tr\/en\/wp-json\/wp\/v2\/types\/post"}],"author":[{"embeddable":true,"href":"http:\/\/denizcankizil.tr\/en\/wp-json\/wp\/v2\/users\/1"}],"replies":[{"embeddable":true,"href":"http:\/\/denizcankizil.tr\/en\/wp-json\/wp\/v2\/comments?post=105962"}],"version-history":[{"count":0,"href":"http:\/\/denizcankizil.tr\/en\/wp-json\/wp\/v2\/posts\/105962\/revisions"}],"wp:attachment":[{"href":"http:\/\/denizcankizil.tr\/en\/wp-json\/wp\/v2\/media?parent=105962"}],"wp:term":[{"taxonomy":"category","embeddable":true,"href":"http:\/\/denizcankizil.tr\/en\/wp-json\/wp\/v2\/categories?post=105962"},{"taxonomy":"post_tag","embeddable":true,"href":"http:\/\/denizcankizil.tr\/en\/wp-json\/wp\/v2\/tags?post=105962"}],"curies":[{"name":"wp","href":"https:\/\/api.w.org\/{rel}","templated":true}]}}