{"id":10354,"date":"2024-10-30T15:41:42","date_gmt":"2024-10-30T12:41:42","guid":{"rendered":"https:\/\/denizcankizil.tr\/uncategorized-tr\/bursa-tek-yurek-cumhuriyete-sahip-cikti\/"},"modified":"2024-10-30T15:41:42","modified_gmt":"2024-10-30T12:41:42","slug":"bursa-tek-yurek-cumhuriyete-sahip-cikti","status":"publish","type":"post","link":"http:\/\/denizcankizil.tr\/en\/haberler\/gundem\/bursa-tek-yurek-cumhuriyete-sahip-cikti\/","title":{"rendered":"Bursa tek y\u00fcrek Cumhuriyet&#8217;e sahip \u00e7\u0131kt\u0131"},"content":{"rendered":"<p>Cumhuriyet\u2019in ilan\u0131n\u0131n 101. y\u0131l\u0131n\u0131 b\u00fct\u00fcn Bursa birlikte Nil\u00fcfer\u2019de kutlad\u0131. Bursa B\u00fcy\u00fck\u015fehir Belediyesi ve Nil\u00fcfer Belediyesi\u2019nin, bu y\u0131l bir ilki ger\u00e7ekle\u015ftirerek birlikte d\u00fczenledi\u011fi \u201cCumhuriyet Y\u00fcr\u00fcy\u00fc\u015f\u00fc\u201d, y\u00fcz binleri FSM\u2019de bulu\u015fturdu.BURSA (\u0130GFA) &#8211;\u00a0Bursa, \u015fimdiye kadar d\u00fczenlenen en g\u00f6rkemli Cumhuriyet Bayram\u0131 kutlamas\u0131na sahne oldu.<br \/>\nY\u00fcz binlerce Bursal\u0131, Nil\u00fcfer\u2019de her y\u0131l d\u00fczenlenen Cumhuriyet Y\u00fcr\u00fcy\u00fc\u015f\u00fc\u2019ne kat\u0131larak Cumhuriyet\u2019e nas\u0131l sahip \u00e7\u0131kt\u0131\u011f\u0131n\u0131 g\u00f6sterdi.<br \/>\nBursa B\u00fcy\u00fck\u015fehir Belediyesi ve Nil\u00fcfer Belediyesi\u2019nin bu y\u0131l bir ilki ger\u00e7ekle\u015ftirerek birlikte d\u00fczenledi\u011fi \u201cCumhuriyet Y\u00fcr\u00fcy\u00fc\u015f\u00fc\u201d \u00a0muhte\u015fem g\u00f6r\u00fcnt\u00fclere sahne oldu. FSM Bulvar\u0131\u2019n\u0131 ba\u015ftan sona dolduran Cumhuriyet sevdal\u0131lar\u0131, ellerinde Atat\u00fcrk ve T\u00fcrk bayraklar\u0131 ile alan\u0131 doldurdu. Y\u00fcz binlerce Bursal\u0131, mar\u015flarla, \u015fark\u0131larla y\u00fcr\u00fcyerek Cumhuriyet i\u00e7in kenetlendi. Ba\u015flang\u0131\u00e7 noktas\u0131, Fatih Sultan Mehmet Bulvar\u0131\u2019ndaki Ac\u0131badem Kav\u015fa\u011f\u0131 olan y\u00fcr\u00fcy\u00fc\u015f, Bursa B\u00fcy\u00fck\u015fehir Belediye Ba\u015fkan\u0131 Mustafa Bozbey ve e\u015fi Seden Bozbey ile Nil\u00fcfer Belediye Ba\u015fkan\u0131 \u015eadi \u00d6zdemir ve e\u015fi Nuray \u00d6zdemir\u2019in alana gelmesiyle ba\u015flad\u0131.<\/p>\n<p>Ba\u015fkan Mustafa Bozbey ve Ba\u015fkan \u015eadi \u00d6zdemir, y\u00fcr\u00fcy\u00fc\u015f \u00f6ncesi ortak a\u00e7\u0131klama yaparak Cumhuriyetin 101. y\u0131l\u0131nda Bursa B\u00fcy\u00fck\u015fehir Belediyesi ve Nil\u00fcfer Belediyesi\u2019nin birlikte d\u00fczenledi\u011fi y\u00fcr\u00fcy\u00fc\u015f\u00fcn, birlikteli\u011fin en g\u00fczel \u00f6rne\u011fini ya\u015fatt\u0131\u011f\u0131n\u0131 belirttiler. Bu \u00fclkenin her zorlu\u011fu birlikte a\u015faca\u011f\u0131na vurgu yapan Ba\u015fkan Mustafa Bozbey ve Ba\u015fkan \u015eadi \u00d6zdemir, Nil\u00fcfer ile \u00f6zde\u015fle\u015fen Cumhuriyet y\u00fcr\u00fcy\u00fc\u015f\u00fcne bu y\u0131l daha da b\u00fcy\u00fck ilgi g\u00f6sterilmesinin, halk\u0131n Cumhuriyeti her zamankinden \u00e7ok sahiplendi\u011fini de ortaya koydu\u011funu ifade ettiler. Gelene\u011fi salonlarda de\u011fil, alanlarda s\u00fcrd\u00fcrerek T\u00fcrkiye \u00f6rnek olduklar\u0131n\u0131 belirten Ba\u015fkan Bozbey ve Ba\u015fkan \u00d6zdemir, Cumhuriyet\u2019e art\u0131k 86 milyon insan\u0131n sahip \u00e7\u0131kt\u0131\u011f\u0131n\u0131 d\u00fcnyaya g\u00f6stererek kutlamalar\u0131n d\u00fczenlendi\u011fini dile getirdiler.<br \/>\n\u0130ki ba\u015fkan\u0131n a\u00e7\u0131klamalar\u0131n\u0131n ard\u0131ndan co\u015fkulu y\u00fcr\u00fcy\u00fc\u015f ba\u015flad\u0131. Y\u00fcr\u00fcy\u00fc\u015fe, Ba\u015fkan Mustafa Bozbey ve e\u015fi Seden Bozbey ile Ba\u015fkan \u015eadi \u00d6zdemir ve e\u015fi Nuray \u00d6zdemir\u2019in yan\u0131 s\u0131ra CHP \u0130l Ba\u015fkan\u0131 Nihat Ye\u015filta\u015f, CHP Bursa Milletvekilleri Nurhayat Altaca Kay\u0131\u015fo\u011flu, Hasan \u00d6zt\u00fcrk, Kay\u0131han Pala ve Orhan Sar\u0131bal, Osmangazi Belediye Ba\u015fkan\u0131 Erkan Ayd\u0131n, \u0130stanbul Planlama Ajans\u0131 (\u0130PA) Ba\u015fkan\u0131 Bu\u011fra G\u00f6k\u00e7e, CHP il\u00e7e Ba\u015fkanlar\u0131, belediye meclis \u00fcyeleri, belediye b\u00fcrokratlar\u0131, STK temsilcileri ve toplumun t\u00fcm kesimleri kat\u0131ld\u0131. Her ya\u015ftan yurtta\u015f\u0131n ellerinde bayraklarla yer ald\u0131\u011f\u0131 y\u00fcr\u00fcy\u00fc\u015fte bulvar adeta insan seline d\u00f6n\u00fc\u015ft\u00fc. Ola\u011fan\u00fcst\u00fc ilgi nedeniyle adeta ad\u0131m ad\u0131m ilerleyen y\u00fcr\u00fcy\u00fc\u015f, vatanda\u015flar\u0131n omuz omuza s\u00f6yledikleri \u2018Ya\u015fas\u0131n Cumhuriyet\u2019 sloganlar\u0131 ve mar\u015flar\u0131yla renklendi.<\/p>\n<p>HASTANE ALANI DOLDU TA\u015eTI<br \/>\nKutlamalar\u0131n ikinci adresi, y\u00fcr\u00fcy\u00fc\u015f\u00fcn sona erdi\u011fi Hastane Alan\u0131\u2019yd\u0131. Hastane Alan\u0131\u2019ndaki kutlamalar, B\u00fcy\u00fck\u015fehir Belediye Ba\u015fkan\u0131 Mustafa Bozbey ve Nil\u00fcfer Belediye Ba\u015fkan\u0131 \u015eadi \u00d6zdemir\u2019in halk\u0131 selamlamas\u0131yla ba\u015flad\u0131. Ceyhun Fersoy\u2019un sundu\u011fu kutlama program\u0131nda, alan\u0131 ve yollar\u0131 dolduran y\u00fcz binlerce ki\u015fi, sayg\u0131 duru\u015funda bulundu ard\u0131ndan da ayn\u0131 anda \u0130stiklal Mar\u015f\u0131\u2019n\u0131 okudu. Co\u015fku selinin ya\u015fand\u0131\u011f\u0131 kutlamada Nil\u00fcfer Belediye Ba\u015fkan\u0131 \u015eadi \u00d6zdemir sahneye e\u015fi Nuray \u00d6zdemir ile \u00e7\u0131karak Cumhuriyet Bayram\u0131 konu\u015fmas\u0131n\u0131 yapt\u0131.\u00a0<br \/>\nE\u015fi Seden Bozbey ile birlikte sahneye \u00e7\u0131kan Bursa B\u00fcy\u00fck\u015fehir Belediye Ba\u015fkan\u0131 Mustafa Bozbey de alan\u0131 dolduran vatanda\u015flar\u0131n Cumhuriyet Bayram\u0131\u2019n\u0131 kutlad\u0131. 29 Ekim Cumhuriyet Bayram\u0131\u2019nda Bursa\u2019da unutulmaz bir g\u00fcn ya\u015fand\u0131\u011f\u0131n\u0131 vurgulayan Ba\u015fkan Bozbey, Cumhuriyet\u2019in ilan\u0131n\u0131n 101. y\u0131l\u0131n\u0131 kutlaman\u0131n onuru ve heyecan\u0131n\u0131 ya\u015fad\u0131klar\u0131n\u0131 ifade etti. B\u00fct\u00fcn T\u00fcrkiye olarak Cumhuriyete sahip \u00e7\u0131kma s\u00f6z\u00fc verdiklerini ifade eden Ba\u015fkan Mustafa Bozbey,\u00a0\u201cCumhuriyet, bu topraklarda \u00f6zg\u00fcrl\u00fc\u011f\u00fcn en b\u00fcy\u00fck de\u011fer oldu\u011funu, birlikten do\u011fan g\u00fcc\u00fcn ve karde\u015flikten y\u00fckselen sesin her t\u00fcrl\u00fc engeli a\u015fabilece\u011fini kan\u0131tlayan b\u00fcy\u00fck bir eserdir. Cumhuriyet zaferlerin yaln\u0131zca cephelerde de\u011fil, zihinlerde ve kalplerde kazan\u0131ld\u0131\u011f\u0131n\u0131 \u00f6\u011fretti bize. \u015eunu herkes bilmelidir ki Anayasam\u0131z\u0131n ilk d\u00f6rt maddesi, Cumhuriyetimizin temelidir. \u0130lk d\u00f6rt madde de\u011fi\u015ftirilemez, de\u011fi\u015ftirilmesi dahi teklif edilemez. Meclis k\u00fcrs\u00fcs\u00fcn\u00fcn sahibi de bellidir. O k\u00fcrs\u00fcn\u00fcn sahibi Atat\u00fcrk\u2019t\u00fcr, millettir\u201d ifadelerini kulland\u0131.<br \/>\nBa\u015fkan Bozbey konu\u015fmas\u0131n\u0131 \u015f\u00f6yle noktalad\u0131:<br \/>\n\u201cNe mutlu ki 101 y\u0131l sonra bug\u00fcn yine t\u00fcm k\u00fcrs\u00fclerde, t\u00fcm sokaklarda, t\u00fcm meydanlarda yank\u0131lan\u0131yor sesimiz. \u0130\u015fte bu k\u00fcrs\u00fcde sesiniz olarak, Cumhuriyetimizin 101. y\u0131l\u0131n\u0131 bir kez daha kutluyor, Ulu \u00d6nderimiz Mustafa Kemal Atat\u00fcrk&#8217;e ve t\u00fcm kahramanlar\u0131m\u0131za \u015f\u00fckranlar\u0131m\u0131z\u0131 sunuyorum. Cumhuriyeti ya\u015fatmak ve onu her yeni g\u00fcnde yeniden \u00f6\u011frenmek i\u00e7in kararl\u0131y\u0131z. Sevgili Atam, emanetini ya\u015fatacak evlatlar\u0131n olarak bir kez daha hayk\u0131r\u0131yoruz ki, ba\u015far\u0131y\u0131 senden \u00f6\u011frendik, \u00f6zg\u00fcrl\u00fc\u011f\u00fc senden \u00f6\u011frendik, zaferi senden \u00f6\u011frendik, m\u00fccadeleyi senden \u00f6\u011frendik, ba\u011f\u0131ms\u0131zl\u0131\u011f\u0131 senden \u00f6\u011frendik, g\u00fcl\u00fcmsemeyi en \u00e7ok da g\u00fcl\u00fcmsetmeyi senden \u00f6\u011frendik. Onun i\u00e7indir ki \u00e7ok ya\u015fa Cumhuriyet\u201d.<\/p>\n<p>CANDAN ER\u00c7ET\u0130N \u0130LE CUMHUR\u0130YET CO\u015eKUSU<br \/>\nBursa B\u00fcy\u00fck\u015fehir Belediyesi ve Nil\u00fcfer Belediyesi\u2019nin birlikte d\u00fczenledi\u011fi Cumhuriyet Bayram\u0131 kutlamalar\u0131n\u0131n finalinde, sevilen sanat\u00e7\u0131 Candan Er\u00e7etin sahne ald\u0131. \u00dcnl\u00fc sanat\u00e7\u0131 sahneye \u00e7\u0131kt\u0131\u011f\u0131nda, alan\u0131 dolduran y\u00fcz binlerce ki\u015fide co\u015fku doru\u011fa \u00e7\u0131kt\u0131. Candan Er\u00e7etin\u2019in muhte\u015fem sahne performans\u0131, bayram co\u015fkusu ya\u015fayanlara keyifli anlar ya\u015fatt\u0131.<br \/>\nBursal\u0131lar\u0131n bir\u00e7ok par\u00e7as\u0131na e\u015flik etti\u011fi Candan Er\u00e7etin\u2019e, gecenin sonunda Bursa B\u00fcy\u00fck\u015fehir Belediye Ba\u015fkan\u0131 Mustafa Bozbey ve Nil\u00fcfer Belediye Ba\u015fkan\u0131 \u015eadi \u00d6zdemir, \u00e7i\u00e7ek vererek te\u015fekk\u00fcr etti.<\/p>\n<p>\u200bCumhuriyet\u2019in ilan\u0131n\u0131n 101  y\u0131l\u0131n\u0131 b\u00fct\u00fcn Bursa birlikte Nil\u00fcfer\u2019de kutlad\u0131  Bursa B\u00fcy\u00fck\u015fehir Belediyesi ve Nil\u00fcfer Belediyesi\u2019nin, bu y\u0131l bir ilki ger\u00e7ekle\u015ftirerek birlikte d\u00fczenledi\u011fi \u201cCumhuriyet Y\u00fcr\u00fcy\u00fc\u015f\u00fc\u201d, y\u00fcz binleri FSM\u2019de bulu\u015fturdu\u00a0<\/p>\n<p>\u200bHaberin Al\u0131nt\u0131land\u0131\u011f\u0131 Kaynak: www.iskenderun.org<\/p>","protected":false},"excerpt":{"rendered":"<p>Cumhuriyet\u2019in ilan\u0131n\u0131n 101. y\u0131l\u0131n\u0131 b\u00fct\u00fcn Bursa birlikte Nil\u00fcfer\u2019de kutlad\u0131. Bursa B\u00fcy\u00fck\u015fehir Belediyesi ve Nil\u00fcfer Belediyesi\u2019nin, bu y\u0131l bir ilki ger\u00e7ekle\u015ftirerek birlikte d\u00fczenledi\u011fi \u201cCumhuriyet Y\u00fcr\u00fcy\u00fc\u015f\u00fc\u201d, y\u00fcz binleri FSM\u2019de bulu\u015fturdu.BURSA (\u0130GFA) &#8211;\u00a0Bursa, \u015fimdiye kadar d\u00fczenlenen en g\u00f6rkemli Cumhuriyet Bayram\u0131 kutlamas\u0131na sahne oldu. Y\u00fcz binlerce Bursal\u0131, Nil\u00fcfer\u2019de her y\u0131l d\u00fczenlenen Cumhuriyet Y\u00fcr\u00fcy\u00fc\u015f\u00fc\u2019ne kat\u0131larak Cumhuriyet\u2019e nas\u0131l sahip \u00e7\u0131kt\u0131\u011f\u0131n\u0131 g\u00f6sterdi. Bursa B\u00fcy\u00fck\u015fehir Belediyesi ve Nil\u00fcfer Belediyesi\u2019nin bu y\u0131l bir ilki ger\u00e7ekle\u015ftirerek birlikte d\u00fczenledi\u011fi \u201cCumhuriyet Y\u00fcr\u00fcy\u00fc\u015f\u00fc\u201d \u00a0muhte\u015fem g\u00f6r\u00fcnt\u00fclere sahne oldu. FSM Bulvar\u0131\u2019n\u0131 ba\u015ftan sona dolduran Cumhuriyet sevdal\u0131lar\u0131, ellerinde Atat\u00fcrk ve T\u00fcrk bayraklar\u0131 ile alan\u0131 doldurdu. Y\u00fcz binlerce Bursal\u0131, mar\u015flarla, \u015fark\u0131larla y\u00fcr\u00fcyerek Cumhuriyet i\u00e7in kenetlendi. Ba\u015flang\u0131\u00e7 noktas\u0131, Fatih Sultan Mehmet Bulvar\u0131\u2019ndaki Ac\u0131badem Kav\u015fa\u011f\u0131 olan y\u00fcr\u00fcy\u00fc\u015f, Bursa B\u00fcy\u00fck\u015fehir Belediye Ba\u015fkan\u0131 Mustafa Bozbey ve e\u015fi Seden Bozbey ile Nil\u00fcfer Belediye Ba\u015fkan\u0131 \u015eadi \u00d6zdemir ve e\u015fi Nuray \u00d6zdemir\u2019in alana gelmesiyle ba\u015flad\u0131. Ba\u015fkan Mustafa Bozbey ve Ba\u015fkan \u015eadi \u00d6zdemir, y\u00fcr\u00fcy\u00fc\u015f \u00f6ncesi ortak a\u00e7\u0131klama yaparak Cumhuriyetin 101. y\u0131l\u0131nda Bursa B\u00fcy\u00fck\u015fehir Belediyesi ve Nil\u00fcfer Belediyesi\u2019nin birlikte d\u00fczenledi\u011fi y\u00fcr\u00fcy\u00fc\u015f\u00fcn, birlikteli\u011fin en g\u00fczel \u00f6rne\u011fini ya\u015fatt\u0131\u011f\u0131n\u0131 belirttiler. Bu \u00fclkenin her zorlu\u011fu birlikte a\u015faca\u011f\u0131na vurgu yapan Ba\u015fkan Mustafa Bozbey ve Ba\u015fkan \u015eadi \u00d6zdemir, Nil\u00fcfer ile \u00f6zde\u015fle\u015fen Cumhuriyet y\u00fcr\u00fcy\u00fc\u015f\u00fcne bu y\u0131l daha da b\u00fcy\u00fck ilgi g\u00f6sterilmesinin, halk\u0131n Cumhuriyeti her zamankinden \u00e7ok sahiplendi\u011fini de ortaya koydu\u011funu ifade ettiler. Gelene\u011fi &hellip;<\/p>","protected":false},"author":0,"featured_media":0,"comment_status":"open","ping_status":"open","sticky":false,"template":"","format":"standard","meta":{"_acf_changed":false,"footnotes":""},"categories":[24,535],"tags":[],"class_list":["post-10354","post","type-post","status-publish","format-standard","has-post-thumbnail","hentry","category-gundem","category-uncategorized-tr"],"acf":[],"yoast_head":"<!-- This site is optimized with the Yoast SEO Premium plugin v26.6 (Yoast SEO v27.1.1) - https:\/\/yoast.com\/product\/yoast-seo-premium-wordpress\/ -->\n<title>Bursa tek y\u00fcrek Cumhuriyet&#039;e sahip \u00e7\u0131kt\u0131 - Av. Deniz Can K\u0131z\u0131l<\/title>\n<meta name=\"robots\" content=\"index, follow, max-snippet:-1, max-image-preview:large, max-video-preview:-1\" \/>\n<link rel=\"canonical\" href=\"http:\/\/denizcankizil.tr\/en\/haberler\/gundem\/bursa-tek-yurek-cumhuriyete-sahip-cikti\/\" \/>\n<meta property=\"og:locale\" content=\"en_GB\" \/>\n<meta property=\"og:type\" content=\"article\" \/>\n<meta property=\"og:title\" content=\"Bursa tek y\u00fcrek Cumhuriyet&#039;e sahip \u00e7\u0131kt\u0131\" \/>\n<meta property=\"og:description\" content=\"Cumhuriyet\u2019in ilan\u0131n\u0131n 101. y\u0131l\u0131n\u0131 b\u00fct\u00fcn Bursa birlikte Nil\u00fcfer\u2019de kutlad\u0131. Bursa B\u00fcy\u00fck\u015fehir Belediyesi ve Nil\u00fcfer Belediyesi\u2019nin, bu y\u0131l bir ilki ger\u00e7ekle\u015ftirerek birlikte d\u00fczenledi\u011fi \u201cCumhuriyet Y\u00fcr\u00fcy\u00fc\u015f\u00fc\u201d, y\u00fcz binleri FSM\u2019de bulu\u015fturdu.BURSA (\u0130GFA) &#8211;\u00a0Bursa, \u015fimdiye kadar d\u00fczenlenen en g\u00f6rkemli Cumhuriyet Bayram\u0131 kutlamas\u0131na sahne oldu. Y\u00fcz binlerce Bursal\u0131, Nil\u00fcfer\u2019de her y\u0131l d\u00fczenlenen Cumhuriyet Y\u00fcr\u00fcy\u00fc\u015f\u00fc\u2019ne kat\u0131larak Cumhuriyet\u2019e nas\u0131l sahip \u00e7\u0131kt\u0131\u011f\u0131n\u0131 g\u00f6sterdi. Bursa B\u00fcy\u00fck\u015fehir Belediyesi ve Nil\u00fcfer Belediyesi\u2019nin bu y\u0131l bir ilki ger\u00e7ekle\u015ftirerek birlikte d\u00fczenledi\u011fi \u201cCumhuriyet Y\u00fcr\u00fcy\u00fc\u015f\u00fc\u201d \u00a0muhte\u015fem g\u00f6r\u00fcnt\u00fclere sahne oldu. FSM Bulvar\u0131\u2019n\u0131 ba\u015ftan sona dolduran Cumhuriyet sevdal\u0131lar\u0131, ellerinde Atat\u00fcrk ve T\u00fcrk bayraklar\u0131 ile alan\u0131 doldurdu. Y\u00fcz binlerce Bursal\u0131, mar\u015flarla, \u015fark\u0131larla y\u00fcr\u00fcyerek Cumhuriyet i\u00e7in kenetlendi. Ba\u015flang\u0131\u00e7 noktas\u0131, Fatih Sultan Mehmet Bulvar\u0131\u2019ndaki Ac\u0131badem Kav\u015fa\u011f\u0131 olan y\u00fcr\u00fcy\u00fc\u015f, Bursa B\u00fcy\u00fck\u015fehir Belediye Ba\u015fkan\u0131 Mustafa Bozbey ve e\u015fi Seden Bozbey ile Nil\u00fcfer Belediye Ba\u015fkan\u0131 \u015eadi \u00d6zdemir ve e\u015fi Nuray \u00d6zdemir\u2019in alana gelmesiyle ba\u015flad\u0131. Ba\u015fkan Mustafa Bozbey ve Ba\u015fkan \u015eadi \u00d6zdemir, y\u00fcr\u00fcy\u00fc\u015f \u00f6ncesi ortak a\u00e7\u0131klama yaparak Cumhuriyetin 101. y\u0131l\u0131nda Bursa B\u00fcy\u00fck\u015fehir Belediyesi ve Nil\u00fcfer Belediyesi\u2019nin birlikte d\u00fczenledi\u011fi y\u00fcr\u00fcy\u00fc\u015f\u00fcn, birlikteli\u011fin en g\u00fczel \u00f6rne\u011fini ya\u015fatt\u0131\u011f\u0131n\u0131 belirttiler. Bu \u00fclkenin her zorlu\u011fu birlikte a\u015faca\u011f\u0131na vurgu yapan Ba\u015fkan Mustafa Bozbey ve Ba\u015fkan \u015eadi \u00d6zdemir, Nil\u00fcfer ile \u00f6zde\u015fle\u015fen Cumhuriyet y\u00fcr\u00fcy\u00fc\u015f\u00fcne bu y\u0131l daha da b\u00fcy\u00fck ilgi g\u00f6sterilmesinin, halk\u0131n Cumhuriyeti her zamankinden \u00e7ok sahiplendi\u011fini de ortaya koydu\u011funu ifade ettiler. Gelene\u011fi &hellip;\" \/>\n<meta property=\"og:url\" content=\"http:\/\/denizcankizil.tr\/en\/haberler\/gundem\/bursa-tek-yurek-cumhuriyete-sahip-cikti\/\" \/>\n<meta property=\"og:site_name\" content=\"Av. Deniz Can K\u0131z\u0131l\" \/>\n<meta property=\"article:published_time\" content=\"2024-10-30T12:41:42+00:00\" \/>\n<meta name=\"twitter:card\" content=\"summary_large_image\" \/>\n<meta name=\"twitter:label1\" content=\"Estimated reading time\" \/>\n\t<meta name=\"twitter:data1\" content=\"6 minutes\" \/>\n<script type=\"application\/ld+json\" class=\"yoast-schema-graph\">{\"@context\":\"https:\/\/schema.org\",\"@graph\":[{\"@type\":\"Article\",\"@id\":\"http:\/\/denizcankizil.tr\/en\/haberler\/gundem\/bursa-tek-yurek-cumhuriyete-sahip-cikti\/#article\",\"isPartOf\":{\"@id\":\"http:\/\/denizcankizil.tr\/en\/haberler\/gundem\/bursa-tek-yurek-cumhuriyete-sahip-cikti\/\"},\"author\":{\"name\":\"\",\"@id\":\"\"},\"headline\":\"Bursa tek y\u00fcrek Cumhuriyet&#8217;e sahip \u00e7\u0131kt\u0131\",\"datePublished\":\"2024-10-30T12:41:42+00:00\",\"mainEntityOfPage\":{\"@id\":\"http:\/\/denizcankizil.tr\/en\/haberler\/gundem\/bursa-tek-yurek-cumhuriyete-sahip-cikti\/\"},\"wordCount\":1127,\"commentCount\":0,\"publisher\":{\"@id\":\"https:\/\/denizcankizil.tr\/de\/#organization\"},\"articleSection\":[\"G\u00fcndem\",\"Uncategorized\"],\"inLanguage\":\"en-GB\",\"potentialAction\":[{\"@type\":\"CommentAction\",\"name\":\"Comment\",\"target\":[\"http:\/\/denizcankizil.tr\/en\/haberler\/gundem\/bursa-tek-yurek-cumhuriyete-sahip-cikti\/#respond\"]}]},{\"@type\":\"WebPage\",\"@id\":\"http:\/\/denizcankizil.tr\/en\/haberler\/gundem\/bursa-tek-yurek-cumhuriyete-sahip-cikti\/\",\"url\":\"http:\/\/denizcankizil.tr\/en\/haberler\/gundem\/bursa-tek-yurek-cumhuriyete-sahip-cikti\/\",\"name\":\"Bursa tek y\u00fcrek Cumhuriyet'e sahip \u00e7\u0131kt\u0131 - Av. Deniz Can K\u0131z\u0131l\",\"isPartOf\":{\"@id\":\"https:\/\/denizcankizil.tr\/de\/#website\"},\"datePublished\":\"2024-10-30T12:41:42+00:00\",\"breadcrumb\":{\"@id\":\"http:\/\/denizcankizil.tr\/en\/haberler\/gundem\/bursa-tek-yurek-cumhuriyete-sahip-cikti\/#breadcrumb\"},\"inLanguage\":\"en-GB\",\"potentialAction\":[{\"@type\":\"ReadAction\",\"target\":[\"http:\/\/denizcankizil.tr\/en\/haberler\/gundem\/bursa-tek-yurek-cumhuriyete-sahip-cikti\/\"]}]},{\"@type\":\"BreadcrumbList\",\"@id\":\"http:\/\/denizcankizil.tr\/en\/haberler\/gundem\/bursa-tek-yurek-cumhuriyete-sahip-cikti\/#breadcrumb\",\"itemListElement\":[{\"@type\":\"ListItem\",\"position\":1,\"name\":\"Home\",\"item\":\"https:\/\/denizcankizil.tr\/de\/\"},{\"@type\":\"ListItem\",\"position\":2,\"name\":\"Bursa tek y\u00fcrek Cumhuriyet&#8217;e sahip \u00e7\u0131kt\u0131\"}]},{\"@type\":\"WebSite\",\"@id\":\"https:\/\/denizcankizil.tr\/de\/#website\",\"url\":\"https:\/\/denizcankizil.tr\/de\/\",\"name\":\"Av. Deniz Can K\u0131z\u0131l\",\"description\":\"Avukat Deniz Can K\u0131z\u0131l Antalya Barosu\",\"publisher\":{\"@id\":\"https:\/\/denizcankizil.tr\/de\/#organization\"},\"potentialAction\":[{\"@type\":\"SearchAction\",\"target\":{\"@type\":\"EntryPoint\",\"urlTemplate\":\"https:\/\/denizcankizil.tr\/de\/?s={search_term_string}\"},\"query-input\":{\"@type\":\"PropertyValueSpecification\",\"valueRequired\":true,\"valueName\":\"search_term_string\"}}],\"inLanguage\":\"en-GB\"},{\"@type\":\"Organization\",\"@id\":\"https:\/\/denizcankizil.tr\/de\/#organization\",\"name\":\"Av. Deniz Can K\u0131z\u0131l\",\"url\":\"https:\/\/denizcankizil.tr\/de\/\",\"logo\":{\"@type\":\"ImageObject\",\"inLanguage\":\"en-GB\",\"@id\":\"https:\/\/denizcankizil.tr\/de\/#\/schema\/logo\/image\/\",\"url\":\"http:\/\/denizcankizil.tr\/wp-content\/uploads\/2024\/10\/siyah-logo-svg.svg\",\"contentUrl\":\"http:\/\/denizcankizil.tr\/wp-content\/uploads\/2024\/10\/siyah-logo-svg.svg\",\"width\":1080,\"height\":1080,\"caption\":\"Av. Deniz Can K\u0131z\u0131l\"},\"image\":{\"@id\":\"https:\/\/denizcankizil.tr\/de\/#\/schema\/logo\/image\/\"}}]}<\/script>\n<!-- \/ Yoast SEO Premium plugin. -->","yoast_head_json":{"title":"Bursa tek y\u00fcrek Cumhuriyet'e sahip \u00e7\u0131kt\u0131 - Av. Deniz Can K\u0131z\u0131l","robots":{"index":"index","follow":"follow","max-snippet":"max-snippet:-1","max-image-preview":"max-image-preview:large","max-video-preview":"max-video-preview:-1"},"canonical":"http:\/\/denizcankizil.tr\/en\/haberler\/gundem\/bursa-tek-yurek-cumhuriyete-sahip-cikti\/","og_locale":"en_GB","og_type":"article","og_title":"Bursa tek y\u00fcrek Cumhuriyet'e sahip \u00e7\u0131kt\u0131","og_description":"Cumhuriyet\u2019in ilan\u0131n\u0131n 101. y\u0131l\u0131n\u0131 b\u00fct\u00fcn Bursa birlikte Nil\u00fcfer\u2019de kutlad\u0131. Bursa B\u00fcy\u00fck\u015fehir Belediyesi ve Nil\u00fcfer Belediyesi\u2019nin, bu y\u0131l bir ilki ger\u00e7ekle\u015ftirerek birlikte d\u00fczenledi\u011fi \u201cCumhuriyet Y\u00fcr\u00fcy\u00fc\u015f\u00fc\u201d, y\u00fcz binleri FSM\u2019de bulu\u015fturdu.BURSA (\u0130GFA) &#8211;\u00a0Bursa, \u015fimdiye kadar d\u00fczenlenen en g\u00f6rkemli Cumhuriyet Bayram\u0131 kutlamas\u0131na sahne oldu. Y\u00fcz binlerce Bursal\u0131, Nil\u00fcfer\u2019de her y\u0131l d\u00fczenlenen Cumhuriyet Y\u00fcr\u00fcy\u00fc\u015f\u00fc\u2019ne kat\u0131larak Cumhuriyet\u2019e nas\u0131l sahip \u00e7\u0131kt\u0131\u011f\u0131n\u0131 g\u00f6sterdi. Bursa B\u00fcy\u00fck\u015fehir Belediyesi ve Nil\u00fcfer Belediyesi\u2019nin bu y\u0131l bir ilki ger\u00e7ekle\u015ftirerek birlikte d\u00fczenledi\u011fi \u201cCumhuriyet Y\u00fcr\u00fcy\u00fc\u015f\u00fc\u201d \u00a0muhte\u015fem g\u00f6r\u00fcnt\u00fclere sahne oldu. FSM Bulvar\u0131\u2019n\u0131 ba\u015ftan sona dolduran Cumhuriyet sevdal\u0131lar\u0131, ellerinde Atat\u00fcrk ve T\u00fcrk bayraklar\u0131 ile alan\u0131 doldurdu. Y\u00fcz binlerce Bursal\u0131, mar\u015flarla, \u015fark\u0131larla y\u00fcr\u00fcyerek Cumhuriyet i\u00e7in kenetlendi. Ba\u015flang\u0131\u00e7 noktas\u0131, Fatih Sultan Mehmet Bulvar\u0131\u2019ndaki Ac\u0131badem Kav\u015fa\u011f\u0131 olan y\u00fcr\u00fcy\u00fc\u015f, Bursa B\u00fcy\u00fck\u015fehir Belediye Ba\u015fkan\u0131 Mustafa Bozbey ve e\u015fi Seden Bozbey ile Nil\u00fcfer Belediye Ba\u015fkan\u0131 \u015eadi \u00d6zdemir ve e\u015fi Nuray \u00d6zdemir\u2019in alana gelmesiyle ba\u015flad\u0131. Ba\u015fkan Mustafa Bozbey ve Ba\u015fkan \u015eadi \u00d6zdemir, y\u00fcr\u00fcy\u00fc\u015f \u00f6ncesi ortak a\u00e7\u0131klama yaparak Cumhuriyetin 101. y\u0131l\u0131nda Bursa B\u00fcy\u00fck\u015fehir Belediyesi ve Nil\u00fcfer Belediyesi\u2019nin birlikte d\u00fczenledi\u011fi y\u00fcr\u00fcy\u00fc\u015f\u00fcn, birlikteli\u011fin en g\u00fczel \u00f6rne\u011fini ya\u015fatt\u0131\u011f\u0131n\u0131 belirttiler. Bu \u00fclkenin her zorlu\u011fu birlikte a\u015faca\u011f\u0131na vurgu yapan Ba\u015fkan Mustafa Bozbey ve Ba\u015fkan \u015eadi \u00d6zdemir, Nil\u00fcfer ile \u00f6zde\u015fle\u015fen Cumhuriyet y\u00fcr\u00fcy\u00fc\u015f\u00fcne bu y\u0131l daha da b\u00fcy\u00fck ilgi g\u00f6sterilmesinin, halk\u0131n Cumhuriyeti her zamankinden \u00e7ok sahiplendi\u011fini de ortaya koydu\u011funu ifade ettiler. Gelene\u011fi &hellip;","og_url":"http:\/\/denizcankizil.tr\/en\/haberler\/gundem\/bursa-tek-yurek-cumhuriyete-sahip-cikti\/","og_site_name":"Av. Deniz Can K\u0131z\u0131l","article_published_time":"2024-10-30T12:41:42+00:00","twitter_card":"summary_large_image","twitter_misc":{"Estimated reading time":"6 minutes"},"schema":{"@context":"https:\/\/schema.org","@graph":[{"@type":"Article","@id":"http:\/\/denizcankizil.tr\/en\/haberler\/gundem\/bursa-tek-yurek-cumhuriyete-sahip-cikti\/#article","isPartOf":{"@id":"http:\/\/denizcankizil.tr\/en\/haberler\/gundem\/bursa-tek-yurek-cumhuriyete-sahip-cikti\/"},"author":{"name":"","@id":""},"headline":"Bursa tek y\u00fcrek Cumhuriyet&#8217;e sahip \u00e7\u0131kt\u0131","datePublished":"2024-10-30T12:41:42+00:00","mainEntityOfPage":{"@id":"http:\/\/denizcankizil.tr\/en\/haberler\/gundem\/bursa-tek-yurek-cumhuriyete-sahip-cikti\/"},"wordCount":1127,"commentCount":0,"publisher":{"@id":"https:\/\/denizcankizil.tr\/de\/#organization"},"articleSection":["G\u00fcndem","Uncategorized"],"inLanguage":"en-GB","potentialAction":[{"@type":"CommentAction","name":"Comment","target":["http:\/\/denizcankizil.tr\/en\/haberler\/gundem\/bursa-tek-yurek-cumhuriyete-sahip-cikti\/#respond"]}]},{"@type":"WebPage","@id":"http:\/\/denizcankizil.tr\/en\/haberler\/gundem\/bursa-tek-yurek-cumhuriyete-sahip-cikti\/","url":"http:\/\/denizcankizil.tr\/en\/haberler\/gundem\/bursa-tek-yurek-cumhuriyete-sahip-cikti\/","name":"Bursa tek y\u00fcrek Cumhuriyet'e sahip \u00e7\u0131kt\u0131 - Av. Deniz Can K\u0131z\u0131l","isPartOf":{"@id":"https:\/\/denizcankizil.tr\/de\/#website"},"datePublished":"2024-10-30T12:41:42+00:00","breadcrumb":{"@id":"http:\/\/denizcankizil.tr\/en\/haberler\/gundem\/bursa-tek-yurek-cumhuriyete-sahip-cikti\/#breadcrumb"},"inLanguage":"en-GB","potentialAction":[{"@type":"ReadAction","target":["http:\/\/denizcankizil.tr\/en\/haberler\/gundem\/bursa-tek-yurek-cumhuriyete-sahip-cikti\/"]}]},{"@type":"BreadcrumbList","@id":"http:\/\/denizcankizil.tr\/en\/haberler\/gundem\/bursa-tek-yurek-cumhuriyete-sahip-cikti\/#breadcrumb","itemListElement":[{"@type":"ListItem","position":1,"name":"Home","item":"https:\/\/denizcankizil.tr\/de\/"},{"@type":"ListItem","position":2,"name":"Bursa tek y\u00fcrek Cumhuriyet&#8217;e sahip \u00e7\u0131kt\u0131"}]},{"@type":"WebSite","@id":"https:\/\/denizcankizil.tr\/de\/#website","url":"https:\/\/denizcankizil.tr\/de\/","name":"Av. Deniz Can K\u0131z\u0131l","description":"Avukat Deniz Can K\u0131z\u0131l Antalya Barosu","publisher":{"@id":"https:\/\/denizcankizil.tr\/de\/#organization"},"potentialAction":[{"@type":"SearchAction","target":{"@type":"EntryPoint","urlTemplate":"https:\/\/denizcankizil.tr\/de\/?s={search_term_string}"},"query-input":{"@type":"PropertyValueSpecification","valueRequired":true,"valueName":"search_term_string"}}],"inLanguage":"en-GB"},{"@type":"Organization","@id":"https:\/\/denizcankizil.tr\/de\/#organization","name":"Av. Deniz Can K\u0131z\u0131l","url":"https:\/\/denizcankizil.tr\/de\/","logo":{"@type":"ImageObject","inLanguage":"en-GB","@id":"https:\/\/denizcankizil.tr\/de\/#\/schema\/logo\/image\/","url":"http:\/\/denizcankizil.tr\/wp-content\/uploads\/2024\/10\/siyah-logo-svg.svg","contentUrl":"http:\/\/denizcankizil.tr\/wp-content\/uploads\/2024\/10\/siyah-logo-svg.svg","width":1080,"height":1080,"caption":"Av. Deniz Can K\u0131z\u0131l"},"image":{"@id":"https:\/\/denizcankizil.tr\/de\/#\/schema\/logo\/image\/"}}]}},"_links":{"self":[{"href":"http:\/\/denizcankizil.tr\/en\/wp-json\/wp\/v2\/posts\/10354","targetHints":{"allow":["GET"]}}],"collection":[{"href":"http:\/\/denizcankizil.tr\/en\/wp-json\/wp\/v2\/posts"}],"about":[{"href":"http:\/\/denizcankizil.tr\/en\/wp-json\/wp\/v2\/types\/post"}],"replies":[{"embeddable":true,"href":"http:\/\/denizcankizil.tr\/en\/wp-json\/wp\/v2\/comments?post=10354"}],"version-history":[{"count":0,"href":"http:\/\/denizcankizil.tr\/en\/wp-json\/wp\/v2\/posts\/10354\/revisions"}],"wp:attachment":[{"href":"http:\/\/denizcankizil.tr\/en\/wp-json\/wp\/v2\/media?parent=10354"}],"wp:term":[{"taxonomy":"category","embeddable":true,"href":"http:\/\/denizcankizil.tr\/en\/wp-json\/wp\/v2\/categories?post=10354"},{"taxonomy":"post_tag","embeddable":true,"href":"http:\/\/denizcankizil.tr\/en\/wp-json\/wp\/v2\/tags?post=10354"}],"curies":[{"name":"wp","href":"https:\/\/api.w.org\/{rel}","templated":true}]}}