{"id":103505,"date":"2025-06-01T14:41:16","date_gmt":"2025-06-01T11:41:16","guid":{"rendered":"https:\/\/denizcankizil.tr\/uncategorized-tr\/kepez-halk-market-aciliyor\/"},"modified":"2025-06-01T14:41:16","modified_gmt":"2025-06-01T11:41:16","slug":"kepez-halk-market-aciliyor","status":"publish","type":"post","link":"http:\/\/denizcankizil.tr\/en\/haberler\/antalya\/kepez-halk-market-aciliyor\/","title":{"rendered":"Kepez Halk Market a\u00e7\u0131l\u0131yor"},"content":{"rendered":"<p>Kepez Belediyesi, sosyal belediyecilik anlay\u0131\u015f\u0131yla ortaya koydu\u011fu &#8220;Halk Market&#8221; projesinde sona yakla\u015ft\u0131. \u0130lk Halk Market, Varsak Kar\u015f\u0131yaka Mahallesi\u2019nde 150 metrekarelik alanda hizmete girecek. \u0130\u00e7 market raflar\u0131, dolaplar ve montaj \u00e7al\u0131\u015fmalar\u0131 tamamlanan markette yakla\u015f\u0131k 500 farkl\u0131 \u00fcr\u00fcn \u00e7e\u015fidi uygun fiyatlarla sat\u0131\u015fa sunulacak. \u00d6zellikle dar gelirli vatanda\u015flar\u0131n ve emeklilerin temel g\u0131da \u00fcr\u00fcnlerine uygun fiyatlarla ula\u015fmas\u0131n\u0131 sa\u011flayacak.<\/p>\n<p>&#8220;Uygun fiyatlarla al\u0131\u015fveri\u015f imkan\u0131 sunacak&#8221;<br \/>\nKepez Belediye Ba\u015fkan\u0131 Mesut Kocag\u00f6z, &#8220;Vatanda\u015flar\u0131m\u0131z i\u00e7in \u00e7ok \u00f6nemsedi\u011fimiz Halk Market\u2019in ilkini Varsak\u2019ta a\u00e7\u0131yoruz. Burada hem dar gelirli vatanda\u015flar\u0131m\u0131z hem de emeklilerimiz uygun fiyatlarla al\u0131\u015fveri\u015f yapabilecek. Emeklilerimize \u00f6zel bir \u2018Emekli Kart\u2019 verece\u011fiz; bu kartla al\u0131\u015fveri\u015f yapt\u0131klar\u0131nda indirimler kasada otomatik olarak uygulanacak. Ayn\u0131 zamanda ihtiya\u00e7 sahibi vatanda\u015flar\u0131m\u0131za da kart verece\u011fiz. Onlar da kimseye muhta\u00e7 olmadan istedikleri gibi al\u0131\u015fveri\u015flerini yapabilecekler. Sa\u011f elin verdi\u011fini sol el g\u00f6rmeyecek&#8221; dedi.<\/p>\n<p>Kaynak: www.kanalv.com.tr Haber Sitesinden Al\u0131nm\u0131\u015ft\u0131r.<\/p>","protected":false},"excerpt":{"rendered":"<p>Kepez Belediyesi, sosyal belediyecilik anlay\u0131\u015f\u0131yla ortaya koydu\u011fu &#8220;Halk Market&#8221; projesinde sona yakla\u015ft\u0131. \u0130lk Halk Market, Varsak Kar\u015f\u0131yaka Mahallesi\u2019nde 150 metrekarelik alanda hizmete girecek. \u0130\u00e7 market raflar\u0131, dolaplar ve montaj \u00e7al\u0131\u015fmalar\u0131 tamamlanan markette yakla\u015f\u0131k 500 farkl\u0131 \u00fcr\u00fcn \u00e7e\u015fidi uygun fiyatlarla sat\u0131\u015fa sunulacak. \u00d6zellikle dar gelirli vatanda\u015flar\u0131n ve emeklilerin temel g\u0131da \u00fcr\u00fcnlerine uygun fiyatlarla ula\u015fmas\u0131n\u0131 sa\u011flayacak. &#8220;Uygun fiyatlarla al\u0131\u015fveri\u015f imkan\u0131 sunacak&#8221; Kepez Belediye Ba\u015fkan\u0131 Mesut Kocag\u00f6z, &#8220;Vatanda\u015flar\u0131m\u0131z i\u00e7in \u00e7ok \u00f6nemsedi\u011fimiz Halk Market\u2019in ilkini Varsak\u2019ta a\u00e7\u0131yoruz. Burada hem dar gelirli vatanda\u015flar\u0131m\u0131z hem de emeklilerimiz uygun fiyatlarla al\u0131\u015fveri\u015f yapabilecek. Emeklilerimize \u00f6zel bir \u2018Emekli Kart\u2019 verece\u011fiz; bu kartla al\u0131\u015fveri\u015f yapt\u0131klar\u0131nda indirimler kasada otomatik olarak uygulanacak. Ayn\u0131 zamanda ihtiya\u00e7 sahibi vatanda\u015flar\u0131m\u0131za da kart verece\u011fiz. Onlar da kimseye muhta\u00e7 olmadan istedikleri gibi al\u0131\u015fveri\u015flerini yapabilecekler. Sa\u011f elin verdi\u011fini sol el g\u00f6rmeyecek&#8221; dedi. Kaynak: www.kanalv.com.tr Haber Sitesinden Al\u0131nm\u0131\u015ft\u0131r.<\/p>","protected":false},"author":4,"featured_media":0,"comment_status":"","ping_status":"open","sticky":false,"template":"","format":"standard","meta":{"_acf_changed":false,"footnotes":""},"categories":[26],"tags":[],"class_list":["post-103505","post","type-post","status-publish","format-standard","hentry","category-antalya"],"acf":[],"yoast_head":"<!-- This site is optimized with the Yoast SEO Premium plugin v26.6 (Yoast SEO v27.1.1) - https:\/\/yoast.com\/product\/yoast-seo-premium-wordpress\/ -->\n<title>Kepez Halk Market a\u00e7\u0131l\u0131yor - Av. Deniz Can K\u0131z\u0131l<\/title>\n<meta name=\"robots\" content=\"index, follow, max-snippet:-1, max-image-preview:large, max-video-preview:-1\" \/>\n<link rel=\"canonical\" href=\"http:\/\/denizcankizil.tr\/en\/haberler\/antalya\/kepez-halk-market-aciliyor\/\" \/>\n<meta property=\"og:locale\" content=\"en_GB\" \/>\n<meta property=\"og:type\" content=\"article\" \/>\n<meta property=\"og:title\" content=\"Kepez Halk Market a\u00e7\u0131l\u0131yor\" \/>\n<meta property=\"og:description\" content=\"Kepez Belediyesi, sosyal belediyecilik anlay\u0131\u015f\u0131yla ortaya koydu\u011fu &#8220;Halk Market&#8221; projesinde sona yakla\u015ft\u0131. \u0130lk Halk Market, Varsak Kar\u015f\u0131yaka Mahallesi\u2019nde 150 metrekarelik alanda hizmete girecek. \u0130\u00e7 market raflar\u0131, dolaplar ve montaj \u00e7al\u0131\u015fmalar\u0131 tamamlanan markette yakla\u015f\u0131k 500 farkl\u0131 \u00fcr\u00fcn \u00e7e\u015fidi uygun fiyatlarla sat\u0131\u015fa sunulacak. \u00d6zellikle dar gelirli vatanda\u015flar\u0131n ve emeklilerin temel g\u0131da \u00fcr\u00fcnlerine uygun fiyatlarla ula\u015fmas\u0131n\u0131 sa\u011flayacak. &#8220;Uygun fiyatlarla al\u0131\u015fveri\u015f imkan\u0131 sunacak&#8221; Kepez Belediye Ba\u015fkan\u0131 Mesut Kocag\u00f6z, &#8220;Vatanda\u015flar\u0131m\u0131z i\u00e7in \u00e7ok \u00f6nemsedi\u011fimiz Halk Market\u2019in ilkini Varsak\u2019ta a\u00e7\u0131yoruz. Burada hem dar gelirli vatanda\u015flar\u0131m\u0131z hem de emeklilerimiz uygun fiyatlarla al\u0131\u015fveri\u015f yapabilecek. Emeklilerimize \u00f6zel bir \u2018Emekli Kart\u2019 verece\u011fiz; bu kartla al\u0131\u015fveri\u015f yapt\u0131klar\u0131nda indirimler kasada otomatik olarak uygulanacak. Ayn\u0131 zamanda ihtiya\u00e7 sahibi vatanda\u015flar\u0131m\u0131za da kart verece\u011fiz. Onlar da kimseye muhta\u00e7 olmadan istedikleri gibi al\u0131\u015fveri\u015flerini yapabilecekler. Sa\u011f elin verdi\u011fini sol el g\u00f6rmeyecek&#8221; dedi. Kaynak: www.kanalv.com.tr Haber Sitesinden Al\u0131nm\u0131\u015ft\u0131r.\" \/>\n<meta property=\"og:url\" content=\"http:\/\/denizcankizil.tr\/en\/haberler\/antalya\/kepez-halk-market-aciliyor\/\" \/>\n<meta property=\"og:site_name\" content=\"Av. Deniz Can K\u0131z\u0131l\" \/>\n<meta property=\"article:published_time\" content=\"2025-06-01T11:41:16+00:00\" \/>\n<meta name=\"author\" content=\"Av. Deniz Can K\u0131z\u0131l\" \/>\n<meta name=\"twitter:card\" content=\"summary_large_image\" \/>\n<meta name=\"twitter:label1\" content=\"Written by\" \/>\n\t<meta name=\"twitter:data1\" content=\"Av. Deniz Can K\u0131z\u0131l\" \/>\n\t<meta name=\"twitter:label2\" content=\"Estimated reading time\" \/>\n\t<meta name=\"twitter:data2\" content=\"1 minute\" \/>\n<script type=\"application\/ld+json\" class=\"yoast-schema-graph\">{\"@context\":\"https:\/\/schema.org\",\"@graph\":[{\"@type\":\"Article\",\"@id\":\"http:\/\/denizcankizil.tr\/en\/haberler\/antalya\/kepez-halk-market-aciliyor\/#article\",\"isPartOf\":{\"@id\":\"http:\/\/denizcankizil.tr\/en\/haberler\/antalya\/kepez-halk-market-aciliyor\/\"},\"author\":{\"name\":\"Av. Deniz Can K\u0131z\u0131l\",\"@id\":\"https:\/\/denizcankizil.tr\/de\/#\/schema\/person\/5dc1b22991bd7ac833867c10afc9b0ff\"},\"headline\":\"Kepez Halk Market a\u00e7\u0131l\u0131yor\",\"datePublished\":\"2025-06-01T11:41:16+00:00\",\"mainEntityOfPage\":{\"@id\":\"http:\/\/denizcankizil.tr\/en\/haberler\/antalya\/kepez-halk-market-aciliyor\/\"},\"wordCount\":182,\"publisher\":{\"@id\":\"https:\/\/denizcankizil.tr\/de\/#organization\"},\"articleSection\":[\"Antalya\"],\"inLanguage\":\"en-GB\"},{\"@type\":\"WebPage\",\"@id\":\"http:\/\/denizcankizil.tr\/en\/haberler\/antalya\/kepez-halk-market-aciliyor\/\",\"url\":\"http:\/\/denizcankizil.tr\/en\/haberler\/antalya\/kepez-halk-market-aciliyor\/\",\"name\":\"Kepez Halk Market a\u00e7\u0131l\u0131yor - Av. Deniz Can K\u0131z\u0131l\",\"isPartOf\":{\"@id\":\"https:\/\/denizcankizil.tr\/de\/#website\"},\"datePublished\":\"2025-06-01T11:41:16+00:00\",\"breadcrumb\":{\"@id\":\"http:\/\/denizcankizil.tr\/en\/haberler\/antalya\/kepez-halk-market-aciliyor\/#breadcrumb\"},\"inLanguage\":\"en-GB\",\"potentialAction\":[{\"@type\":\"ReadAction\",\"target\":[\"http:\/\/denizcankizil.tr\/en\/haberler\/antalya\/kepez-halk-market-aciliyor\/\"]}]},{\"@type\":\"BreadcrumbList\",\"@id\":\"http:\/\/denizcankizil.tr\/en\/haberler\/antalya\/kepez-halk-market-aciliyor\/#breadcrumb\",\"itemListElement\":[{\"@type\":\"ListItem\",\"position\":1,\"name\":\"Home\",\"item\":\"https:\/\/denizcankizil.tr\/de\/\"},{\"@type\":\"ListItem\",\"position\":2,\"name\":\"Kepez Halk Market a\u00e7\u0131l\u0131yor\"}]},{\"@type\":\"WebSite\",\"@id\":\"https:\/\/denizcankizil.tr\/de\/#website\",\"url\":\"https:\/\/denizcankizil.tr\/de\/\",\"name\":\"Av. Deniz Can K\u0131z\u0131l\",\"description\":\"Avukat Deniz Can K\u0131z\u0131l Antalya Barosu\",\"publisher\":{\"@id\":\"https:\/\/denizcankizil.tr\/de\/#organization\"},\"potentialAction\":[{\"@type\":\"SearchAction\",\"target\":{\"@type\":\"EntryPoint\",\"urlTemplate\":\"https:\/\/denizcankizil.tr\/de\/?s={search_term_string}\"},\"query-input\":{\"@type\":\"PropertyValueSpecification\",\"valueRequired\":true,\"valueName\":\"search_term_string\"}}],\"inLanguage\":\"en-GB\"},{\"@type\":\"Organization\",\"@id\":\"https:\/\/denizcankizil.tr\/de\/#organization\",\"name\":\"Av. Deniz Can K\u0131z\u0131l\",\"url\":\"https:\/\/denizcankizil.tr\/de\/\",\"logo\":{\"@type\":\"ImageObject\",\"inLanguage\":\"en-GB\",\"@id\":\"https:\/\/denizcankizil.tr\/de\/#\/schema\/logo\/image\/\",\"url\":\"http:\/\/denizcankizil.tr\/wp-content\/uploads\/2024\/10\/siyah-logo-svg.svg\",\"contentUrl\":\"http:\/\/denizcankizil.tr\/wp-content\/uploads\/2024\/10\/siyah-logo-svg.svg\",\"width\":1080,\"height\":1080,\"caption\":\"Av. Deniz Can K\u0131z\u0131l\"},\"image\":{\"@id\":\"https:\/\/denizcankizil.tr\/de\/#\/schema\/logo\/image\/\"}},{\"@type\":\"Person\",\"@id\":\"https:\/\/denizcankizil.tr\/de\/#\/schema\/person\/5dc1b22991bd7ac833867c10afc9b0ff\",\"name\":\"Av. Deniz Can K\u0131z\u0131l\",\"image\":{\"@type\":\"ImageObject\",\"inLanguage\":\"en-GB\",\"@id\":\"https:\/\/denizcankizil.tr\/de\/#\/schema\/person\/image\/\",\"url\":\"https:\/\/secure.gravatar.com\/avatar\/a0b128fb9855c79efc976d5640eedb31dc35ec297594d6016d2cf7c60e975bb6?s=96&d=mm&r=g\",\"contentUrl\":\"https:\/\/secure.gravatar.com\/avatar\/a0b128fb9855c79efc976d5640eedb31dc35ec297594d6016d2cf7c60e975bb6?s=96&d=mm&r=g\",\"caption\":\"Av. Deniz Can K\u0131z\u0131l\"},\"sameAs\":[\"http:\/\/www.denizcankizil.tr\"],\"url\":\"http:\/\/denizcankizil.tr\/en\/author\/denizcankizil\/\"}]}<\/script>\n<!-- \/ Yoast SEO Premium plugin. -->","yoast_head_json":{"title":"Kepez Halk Market a\u00e7\u0131l\u0131yor - Av. Deniz Can K\u0131z\u0131l","robots":{"index":"index","follow":"follow","max-snippet":"max-snippet:-1","max-image-preview":"max-image-preview:large","max-video-preview":"max-video-preview:-1"},"canonical":"http:\/\/denizcankizil.tr\/en\/haberler\/antalya\/kepez-halk-market-aciliyor\/","og_locale":"en_GB","og_type":"article","og_title":"Kepez Halk Market a\u00e7\u0131l\u0131yor","og_description":"Kepez Belediyesi, sosyal belediyecilik anlay\u0131\u015f\u0131yla ortaya koydu\u011fu &#8220;Halk Market&#8221; projesinde sona yakla\u015ft\u0131. \u0130lk Halk Market, Varsak Kar\u015f\u0131yaka Mahallesi\u2019nde 150 metrekarelik alanda hizmete girecek. \u0130\u00e7 market raflar\u0131, dolaplar ve montaj \u00e7al\u0131\u015fmalar\u0131 tamamlanan markette yakla\u015f\u0131k 500 farkl\u0131 \u00fcr\u00fcn \u00e7e\u015fidi uygun fiyatlarla sat\u0131\u015fa sunulacak. \u00d6zellikle dar gelirli vatanda\u015flar\u0131n ve emeklilerin temel g\u0131da \u00fcr\u00fcnlerine uygun fiyatlarla ula\u015fmas\u0131n\u0131 sa\u011flayacak. &#8220;Uygun fiyatlarla al\u0131\u015fveri\u015f imkan\u0131 sunacak&#8221; Kepez Belediye Ba\u015fkan\u0131 Mesut Kocag\u00f6z, &#8220;Vatanda\u015flar\u0131m\u0131z i\u00e7in \u00e7ok \u00f6nemsedi\u011fimiz Halk Market\u2019in ilkini Varsak\u2019ta a\u00e7\u0131yoruz. Burada hem dar gelirli vatanda\u015flar\u0131m\u0131z hem de emeklilerimiz uygun fiyatlarla al\u0131\u015fveri\u015f yapabilecek. Emeklilerimize \u00f6zel bir \u2018Emekli Kart\u2019 verece\u011fiz; bu kartla al\u0131\u015fveri\u015f yapt\u0131klar\u0131nda indirimler kasada otomatik olarak uygulanacak. Ayn\u0131 zamanda ihtiya\u00e7 sahibi vatanda\u015flar\u0131m\u0131za da kart verece\u011fiz. Onlar da kimseye muhta\u00e7 olmadan istedikleri gibi al\u0131\u015fveri\u015flerini yapabilecekler. Sa\u011f elin verdi\u011fini sol el g\u00f6rmeyecek&#8221; dedi. Kaynak: www.kanalv.com.tr Haber Sitesinden Al\u0131nm\u0131\u015ft\u0131r.","og_url":"http:\/\/denizcankizil.tr\/en\/haberler\/antalya\/kepez-halk-market-aciliyor\/","og_site_name":"Av. Deniz Can K\u0131z\u0131l","article_published_time":"2025-06-01T11:41:16+00:00","author":"Av. Deniz Can K\u0131z\u0131l","twitter_card":"summary_large_image","twitter_misc":{"Written by":"Av. Deniz Can K\u0131z\u0131l","Estimated reading time":"1 minute"},"schema":{"@context":"https:\/\/schema.org","@graph":[{"@type":"Article","@id":"http:\/\/denizcankizil.tr\/en\/haberler\/antalya\/kepez-halk-market-aciliyor\/#article","isPartOf":{"@id":"http:\/\/denizcankizil.tr\/en\/haberler\/antalya\/kepez-halk-market-aciliyor\/"},"author":{"name":"Av. Deniz Can K\u0131z\u0131l","@id":"https:\/\/denizcankizil.tr\/de\/#\/schema\/person\/5dc1b22991bd7ac833867c10afc9b0ff"},"headline":"Kepez Halk Market a\u00e7\u0131l\u0131yor","datePublished":"2025-06-01T11:41:16+00:00","mainEntityOfPage":{"@id":"http:\/\/denizcankizil.tr\/en\/haberler\/antalya\/kepez-halk-market-aciliyor\/"},"wordCount":182,"publisher":{"@id":"https:\/\/denizcankizil.tr\/de\/#organization"},"articleSection":["Antalya"],"inLanguage":"en-GB"},{"@type":"WebPage","@id":"http:\/\/denizcankizil.tr\/en\/haberler\/antalya\/kepez-halk-market-aciliyor\/","url":"http:\/\/denizcankizil.tr\/en\/haberler\/antalya\/kepez-halk-market-aciliyor\/","name":"Kepez Halk Market a\u00e7\u0131l\u0131yor - Av. Deniz Can K\u0131z\u0131l","isPartOf":{"@id":"https:\/\/denizcankizil.tr\/de\/#website"},"datePublished":"2025-06-01T11:41:16+00:00","breadcrumb":{"@id":"http:\/\/denizcankizil.tr\/en\/haberler\/antalya\/kepez-halk-market-aciliyor\/#breadcrumb"},"inLanguage":"en-GB","potentialAction":[{"@type":"ReadAction","target":["http:\/\/denizcankizil.tr\/en\/haberler\/antalya\/kepez-halk-market-aciliyor\/"]}]},{"@type":"BreadcrumbList","@id":"http:\/\/denizcankizil.tr\/en\/haberler\/antalya\/kepez-halk-market-aciliyor\/#breadcrumb","itemListElement":[{"@type":"ListItem","position":1,"name":"Home","item":"https:\/\/denizcankizil.tr\/de\/"},{"@type":"ListItem","position":2,"name":"Kepez Halk Market a\u00e7\u0131l\u0131yor"}]},{"@type":"WebSite","@id":"https:\/\/denizcankizil.tr\/de\/#website","url":"https:\/\/denizcankizil.tr\/de\/","name":"Av. Deniz Can K\u0131z\u0131l","description":"Avukat Deniz Can K\u0131z\u0131l Antalya Barosu","publisher":{"@id":"https:\/\/denizcankizil.tr\/de\/#organization"},"potentialAction":[{"@type":"SearchAction","target":{"@type":"EntryPoint","urlTemplate":"https:\/\/denizcankizil.tr\/de\/?s={search_term_string}"},"query-input":{"@type":"PropertyValueSpecification","valueRequired":true,"valueName":"search_term_string"}}],"inLanguage":"en-GB"},{"@type":"Organization","@id":"https:\/\/denizcankizil.tr\/de\/#organization","name":"Av. Deniz Can K\u0131z\u0131l","url":"https:\/\/denizcankizil.tr\/de\/","logo":{"@type":"ImageObject","inLanguage":"en-GB","@id":"https:\/\/denizcankizil.tr\/de\/#\/schema\/logo\/image\/","url":"http:\/\/denizcankizil.tr\/wp-content\/uploads\/2024\/10\/siyah-logo-svg.svg","contentUrl":"http:\/\/denizcankizil.tr\/wp-content\/uploads\/2024\/10\/siyah-logo-svg.svg","width":1080,"height":1080,"caption":"Av. Deniz Can K\u0131z\u0131l"},"image":{"@id":"https:\/\/denizcankizil.tr\/de\/#\/schema\/logo\/image\/"}},{"@type":"Person","@id":"https:\/\/denizcankizil.tr\/de\/#\/schema\/person\/5dc1b22991bd7ac833867c10afc9b0ff","name":"Av. Deniz Can K\u0131z\u0131l","image":{"@type":"ImageObject","inLanguage":"en-GB","@id":"https:\/\/denizcankizil.tr\/de\/#\/schema\/person\/image\/","url":"https:\/\/secure.gravatar.com\/avatar\/a0b128fb9855c79efc976d5640eedb31dc35ec297594d6016d2cf7c60e975bb6?s=96&d=mm&r=g","contentUrl":"https:\/\/secure.gravatar.com\/avatar\/a0b128fb9855c79efc976d5640eedb31dc35ec297594d6016d2cf7c60e975bb6?s=96&d=mm&r=g","caption":"Av. Deniz Can K\u0131z\u0131l"},"sameAs":["http:\/\/www.denizcankizil.tr"],"url":"http:\/\/denizcankizil.tr\/en\/author\/denizcankizil\/"}]}},"_links":{"self":[{"href":"http:\/\/denizcankizil.tr\/en\/wp-json\/wp\/v2\/posts\/103505","targetHints":{"allow":["GET"]}}],"collection":[{"href":"http:\/\/denizcankizil.tr\/en\/wp-json\/wp\/v2\/posts"}],"about":[{"href":"http:\/\/denizcankizil.tr\/en\/wp-json\/wp\/v2\/types\/post"}],"author":[{"embeddable":true,"href":"http:\/\/denizcankizil.tr\/en\/wp-json\/wp\/v2\/users\/4"}],"replies":[{"embeddable":true,"href":"http:\/\/denizcankizil.tr\/en\/wp-json\/wp\/v2\/comments?post=103505"}],"version-history":[{"count":0,"href":"http:\/\/denizcankizil.tr\/en\/wp-json\/wp\/v2\/posts\/103505\/revisions"}],"wp:attachment":[{"href":"http:\/\/denizcankizil.tr\/en\/wp-json\/wp\/v2\/media?parent=103505"}],"wp:term":[{"taxonomy":"category","embeddable":true,"href":"http:\/\/denizcankizil.tr\/en\/wp-json\/wp\/v2\/categories?post=103505"},{"taxonomy":"post_tag","embeddable":true,"href":"http:\/\/denizcankizil.tr\/en\/wp-json\/wp\/v2\/tags?post=103505"}],"curies":[{"name":"wp","href":"https:\/\/api.w.org\/{rel}","templated":true}]}}