{"id":10312,"date":"2024-10-30T14:28:27","date_gmt":"2024-10-30T11:28:27","guid":{"rendered":"https:\/\/denizcankizil.tr\/uncategorized-tr\/aym-2019-31440-karari-hukuki-degerlendirme-ve-etkileri\/"},"modified":"2024-10-30T14:28:27","modified_gmt":"2024-10-30T11:28:27","slug":"aym-2019-31440-karari-hukuki-degerlendirme-ve-etkileri","status":"publish","type":"post","link":"http:\/\/denizcankizil.tr\/en\/seo\/aym-2019-31440-karari-hukuki-degerlendirme-ve-etkileri\/","title":{"rendered":"AYM 2019\/31440 Karar\u0131: Hukuki De\u011ferlendirme ve Etkileri"},"content":{"rendered":"<p> <strong>AYM 2019\/31440 Karar\u0131: Hukuki De\u011ferlendirme ve Etkileri<\/strong><\/p>\n<p>Anayasa Mahkemesi, \u2064T\u00fcrkiye&#8217;deki hukukun \u00fcst\u00fcnl\u00fc\u011f\u00fc ve \u2062temel haklar\u0131n korunmas\u0131 a\u00e7\u0131s\u0131ndan kritik bir role sahiptir. Bu ba\u011flamda, Anayasa Mahkemesi&#8217;nin 2019 y\u0131l\u0131nda verdi\u011fi 31440 numaral\u0131 karar, yaln\u0131zca dava konusu olan olay a\u00e7\u0131s\u0131ndan \u200bde\u011fil, ayn\u0131 zamanda daha geni\u015f bir hukuki \u00e7er\u00e7evede de \u00f6nemli sonu\u00e7lar do\u011furan bir i\u00e7tihat olarak \u00f6ne \u00e7\u0131kmaktad\u0131r.\u2063 S\u00f6z konusu karar, \u2062bireysel ba\u015fvuru sisteminin \u2062i\u015fleyi\u015fine, temel hak ve \u00f6zg\u00fcrl\u00fcklerin korunmas\u0131na dair yeni\u2064 bir perspektif sunmakta ve mahkeme kararlar\u0131n\u0131n uygulama \u200calan\u0131na\u200d dair ciddi tart\u0131\u015fmalara zemin haz\u0131rlamaktad\u0131r. Bu makalede, AYM 2019\/31440 karar\u0131n\u0131n\u2062 hukuki temelleri, mahkemenin reasoning (gerek\u00e7elendirme) s\u00fcre\u00e7leri ve karar\u0131n sosyal \u2064ve hukuki etkileri\u200b kapsaml\u0131 bir \u015fekilde \u2062de\u011ferlendirilecektir. Bu \u00e7er\u00e7evede, \u2062karar\u0131n hem mevcut hukuki normlara \u200colan katk\u0131lar\u0131 hem de uygulamada yaratabilece\u011fi de\u011fi\u015fimlerin analizi, \u00e7al\u0131\u015fmam\u0131z\u0131n ana oda\u011f\u0131n\u0131 olu\u015fturacakt\u0131r. Anayasa Mahkemesi&#8217;nin \u200di\u015flevselli\u011fi \u200dve ba\u011f\u0131ms\u0131zl\u0131\u011f\u0131 a\u00e7\u0131s\u0131ndan ta\u015f\u0131d\u0131\u011f\u0131 anlam, evrensel\u2063 hukuk normlar\u0131yla uyumu ve toplumsal de\u011ferler \u00fczerindeki etkisi, bu \u00e7al\u0131\u015fman\u0131n \u00f6nemini art\u0131rmaktad\u0131r.<br \/><img decoding=\"async\" class=\"kimage_class lazyload\" data-src=\"https:\/\/denizcankizil.tr\/wp-content\/uploads\/2024\/10\/3tcAw-253D.jpg\" alt=\"AYM 2019\/31440 Karar\u0131:\u200d Anayasa Mahkemesinin Kapsaml\u0131 De\u011ferlendirmesi\" src=\"data:image\/svg+xml;base64,PHN2ZyB3aWR0aD0iMSIgaGVpZ2h0PSIxIiB4bWxucz0iaHR0cDovL3d3dy53My5vcmcvMjAwMC9zdmciPjwvc3ZnPg==\"><\/p>\n<h2 id=\"aym-2019-31440-karari-anayasa-mahkemesinin-kapsamli-degerlendirmesi\">AYM 2019\/31440 Karar\u0131: Anayasa\u200b Mahkemesinin Kapsaml\u0131 De\u011ferlendirmesi<\/h2>\n<section>\n<p>AYM 2019\/31440 karar\u0131nda\u2062 Anayasa Mahkemesi, bireysel ba\u015fvuru konusu olan maddelerin \u200banayasaya uygunlu\u011funu kapsaml\u0131 bir de\u011ferlendirmeye\u2064 tabi \u2062tutmu\u015ftur. Bu\u2062 karar, hem hukukun \u00fcst\u00fcnl\u00fc\u011f\u00fc \u200bilkesinin hem de bireylerin temel haklar\u0131n\u0131n\u2063 korunmas\u0131na y\u00f6nelik \u00f6nemli bir \u200dad\u0131m olarak \u00f6ne \u00e7\u0131kmaktad\u0131r. Mahkeme, ilgili kanunlar\u0131n ve uygulamalar\u0131n, Anayasa&#8217;n\u0131n belirledi\u011fi temel \u2062haklar ile nas\u0131l \u200cbir uyum i\u00e7erisinde oldu\u011funu sorgulam\u0131\u015f ve her bir ba\u015fvuru\u2062 i\u00e7in \u200bdetayl\u0131 bir inceleme s\u00fcrecini\u200c y\u00fcr\u00fctm\u00fc\u015ft\u00fcr.<\/p>\n<p>Kararda Anayasa Mahkemesi, <strong>temel haklar\u0131n k\u0131s\u0131tlanmas\u0131<\/strong> ile ilgili kriterleri ele alarak \u015fu noktalar\u0131 vurgulam\u0131\u015ft\u0131r:<\/p>\n<ul>\n<li>Hakk\u0131n k\u0131s\u0131tlanmas\u0131n\u0131n kanuni \u2064bir\u200d dayana\u011f\u0131 olmal\u0131d\u0131r.<\/li>\n<li>Yap\u0131lan k\u0131s\u0131tlamalar\u0131n &#8220;demokratik toplum&#8221; gerekliliklerine \u2062uygun\u2063 olmas\u0131 gerekir.<\/li>\n<li>K\u0131s\u0131tlamalar, \u200cama\u00e7lar\u0131na ula\u015fma \u200ca\u00e7\u0131s\u0131ndan etkili ve orant\u0131l\u0131\u200c olmal\u0131d\u0131r.<\/li>\n<\/ul>\n<p>Sonu\u00e7 olarak, AYM 2019\/31440 karar\u0131, vatanda\u015flar\u0131n temel \u200chaklar\u0131n\u0131 koruma konusunda Anayasa Mahkemesi&#8217;nin rol\u00fcn\u00fcn \u00f6nemini bir kez daha g\u00f6zler \u00f6n\u00fcne sermektedir. Karar, \u00f6zellikle <strong>hukukun\u200b \u00fcst\u00fcnl\u00fc\u011f\u00fc ve\u200c insan haklar\u0131<\/strong> m\u00fccadelesinde bir mihenk ta\u015f\u0131 olarak de\u011ferlendirilmektedir.\u200d Bu \u200cba\u011flamda, ilgili karar\u0131n toplumsal \u2062hayata ve hukukun i\u015fleyi\u015fine yans\u0131malar\u0131 \u00fczerine\u200b yap\u0131lacak analizler, ilerleyen d\u00f6nemlerde kamuoyunun dikkatinde\u200c olacakt\u0131r.<\/p>\n<\/section>\n<p><img decoding=\"async\" class=\"kimage_class lazyload\" data-src=\"https:\/\/denizcankizil.tr\/wp-content\/uploads\/2024\/10\/3982-antalyadaki-fikri-ve-sinai-haklar-avukatlarinin-yetki-alanlari.jpg\" alt=\"Hukuki Etkiler: AYM 2019\/31440 Karar\u0131n\u0131n Uygulama Pratikleri \u00dczerindeki \u2063Yans\u0131malar\u0131\" src=\"data:image\/svg+xml;base64,PHN2ZyB3aWR0aD0iMSIgaGVpZ2h0PSIxIiB4bWxucz0iaHR0cDovL3d3dy53My5vcmcvMjAwMC9zdmciPjwvc3ZnPg==\"><\/p>\n<h2 id=\"hukuki-etkiler-aym-2019-31440-kararinin-uygulama-pratikleri-uzerindeki-yansimalari\">Hukuki Etkiler:\u200b AYM 2019\/31440 Karar\u0131n\u0131n Uygulama Pratikleri \u00dczerindeki\u2062 Yans\u0131malar\u0131<\/h2>\n<section>\n<p>AYM 2019\/31440 karar\u0131n\u0131n hukuki etkileri, T\u00fcrk hukuk sisteminde\u200b \u00f6nemli bir d\u00f6n\u00fcm noktas\u0131n\u0131 temsil etmektedir. Bu karar, Anayasa Mahkemesi taraf\u0131ndan yap\u0131lan \u2063denetimlerin dengeleyici\u200d bir i\u015flev g\u00f6rd\u00fc\u011f\u00fcn\u00fc\u200b ortaya koymu\u015ftur. \u00d6zellikle, bireysel ba\u015fvurular\u0131n kabul edilmesiyle ilgili s\u00fcre\u00e7lerde uygulama prati\u011fi \u00fczerinde belirgin\u200d de\u011fi\u015fikliklere yol a\u00e7maktad\u0131r. Bu karar\u0131n, mahkemelerin yarg\u0131lama s\u00fcre\u00e7lerinde adil yarg\u0131lanma\u2064 hakk\u0131n\u0131n korunmas\u0131na\u2064 y\u00f6nelik katk\u0131lar\u0131 g\u00f6zlemlenmektedir.<\/p>\n<p>Karar\u0131n \u200bard\u0131ndan mahkemelerin, bireylerin\u200c haklar\u0131n\u0131 ihlal eden\u200b durumlarla kar\u015f\u0131la\u015ft\u0131klar\u0131nda, AYM\u2019nin i\u00e7tihatlar\u0131n\u0131 \u200bdaha s\u0131k dikkate almaya ba\u015flad\u0131klar\u0131 g\u00f6r\u00fclmektedir. Bunun\u200d yan\u0131nda, hukukun \u00fcst\u00fcnl\u00fc\u011f\u00fc\u2062 ilkesinin g\u00fc\u00e7lenmesi, kamuoyunda da yarg\u0131ya \u200bolan g\u00fcvenin artmas\u0131n\u0131 sa\u011flam\u0131\u015ft\u0131r. Uygulama prati\u011finde somut \u00f6rnekler \u00fczerinden ilerleyerek, s\u00f6z konusu karara ba\u011fl\u0131 olarak \u015fu etkiler ya\u015fanm\u0131\u015ft\u0131r:<\/p>\n<ul>\n<li><strong>Bireysel ba\u015fvurularda art\u0131\u015f:<\/strong> \u200d Karar, bireylerin hak arama \u00f6zg\u00fcrl\u00fc\u011f\u00fcn\u00fc te\u015fvik etmi\u015ftir.<\/li>\n<li><strong>\u00d6zg\u00fcrl\u00fcklerin korunmas\u0131:<\/strong> Mahkemelerin, temel hak ve \u00f6zg\u00fcrl\u00fckleri koruma konusunda daha hassas davranmaya ba\u015flamas\u0131.<\/li>\n<li><strong>\u0130\u00e7tihatlar\u0131n zenginle\u015fmesi:<\/strong> AYM kararlar\u0131n\u0131n yerel\u2062 mahkemelerce daha fazla referans \u200cal\u0131nmas\u0131.<\/li>\n<\/ul>\n<p>Bununla\u2063 birlikte, AYM 2019\/31440 karar\u0131n\u0131n uygulama prati\u011fine olan yans\u0131malar\u0131, \u200dhukuki belirsizliklerin azalt\u0131lmas\u0131 anlam\u0131nda fayda sa\u011flamaktad\u0131r. Mahkemelerin karar\u2062 alma \u200ds\u00fcre\u00e7lerinde AYM\u2019nin g\u00f6r\u00fc\u015flerinin\u200d etkili hale gelmesi, hukukun uygulay\u0131c\u0131lar\u0131 olan avukatlar ve yarg\u0131 g\u00f6revlileri i\u00e7in de rehber\u200c niteli\u011fi ta\u015f\u0131maktad\u0131r. Uygulamada kar\u015f\u0131la\u015f\u0131lan sorunlar\u0131 azaltarak, adaletin daha h\u0131zl\u0131 ve etkili bir \u015fekilde tecelli etmesine olanak tan\u0131maktad\u0131r.<\/p>\n<\/section>\n<p><img decoding=\"async\" class=\"kimage_class lazyload\" data-src=\"https:\/\/denizcankizil.tr\/wp-content\/uploads\/2024\/10\/4382-antalyada-ticaret-hukuku-avukatlarinin-yetki-alanlari.jpg\" alt=\"Karar\u0131n \u0130hlal Tespitleri \u200bve Anayasa \u0130hlalleri \u00dczerindeki Etkileri\" src=\"data:image\/svg+xml;base64,PHN2ZyB3aWR0aD0iMSIgaGVpZ2h0PSIxIiB4bWxucz0iaHR0cDovL3d3dy53My5vcmcvMjAwMC9zdmciPjwvc3ZnPg==\"><\/p>\n<h2 id=\"kararin-ihlal-tespitleri-ve-anayasa-ihlalleri-uzerindeki-etkileri\">Karar\u0131n \u0130hlal Tespitleri ve Anayasa \u2064\u0130hlalleri \u00dczerindeki \u2062Etkileri<\/h2>\n<p>AYM 2019\/31440 say\u0131l\u0131 karar, hukukun \u00fcst\u00fcnl\u00fc\u011f\u00fc ilkesinin ve anayasal haklar\u0131n korunmas\u0131n\u0131n \u00f6nemini bir kez daha g\u00f6zler \u00f6n\u00fcne sermektedir. Kapsaml\u0131 bir inceleme sonucunda, Anayasa Mahkemesi, son \u2062y\u0131llarda s\u0131k\u00e7a\u200b kar\u015f\u0131la\u015f\u0131lan ihlal tespitlerini de\u011ferlendirirken, bu \u200dihlallerin bireylerin temel haklar\u0131 \u2063\u00fczerindeki etkilerini derinlemesine analiz etmi\u015ftir.\u2063 Bu karar, sadece mevcut ihlallerin tespitinin \u00f6tesine ge\u00e7erek, hukukun\u200d i\u015fleyi\u015fi\u2063 ve yarg\u0131 ba\u011f\u0131ms\u0131zl\u0131\u011f\u0131 a\u00e7\u0131s\u0131ndan\u2062 da \u2063kritik bir d\u00f6neme\u00e7 te\u015fkil etmektedir.<\/p>\n<p>Kararda yer alan <strong>ihlal tespitleri<\/strong>, \u00f6zellikle a\u015fa\u011f\u0131daki alanlarda odaklanm\u0131\u015ft\u0131r:<\/p>\n<ul>\n<li>\u00d6zg\u00fcrl\u00fck ve g\u00fcvenlik hakk\u0131n\u0131n ihlali<\/li>\n<li>Adil \u2063yarg\u0131lama hakk\u0131na y\u00f6nelik \u200btehditler<\/li>\n<li>\u0130fade\u200c \u00f6zg\u00fcrl\u00fc\u011f\u00fc k\u0131s\u0131tlamalar\u0131<\/li>\n<\/ul>\n<p>\u0130hlal kararlar\u0131, Anayasa\u2019n\u0131n \u00f6ng\u00f6rd\u00fc\u011f\u00fc haklar\u0131n\u200c ihlal edilmesi\u2062 durumunda, Anayasa Mahkemesi\u2019nin itibar\u0131n\u0131 art\u0131rmakta ve\u2063 bireylerin adalet aray\u0131\u015flar\u0131n\u0131n \u00f6nemini peki\u015ftirmektedir. Bu\u200d durum, ayn\u0131 zamanda T\u00fcrkiye\u2019deki hukuki s\u00fcre\u00e7lerin \u2064geli\u015fimi a\u00e7\u0131s\u0131ndan \u200cda \u00f6nemli bir g\u00f6stergedir.<\/p>\n<p>\u00d6zellikle bu \u2062karar\u0131n,\u2063 Anayasa ihlalleri \u00fczerindeki etkisi g\u00f6z ard\u0131 \u200bedilemez. AYM, ihlal tespitleri ile birlikte, yerel mahkemelerin alacaklar\u0131 kararlarda\u2063 nas\u0131l bir yakla\u015f\u0131m sergilemesi gerekti\u011fine dair \u00f6nemli birer rehberlik sunmaktad\u0131r. Ayr\u0131ca, bu kararlar\u0131n yayg\u0131nla\u015fmas\u0131, gelecekte ya\u015fanabilecek ihlallerin \u00f6nlenmesi ve\u200c bireylerin haklar\u0131n\u0131n \u200ckorunmas\u0131 amac\u0131yla \u00f6nemli bir mekanizma i\u015flevi g\u00f6recektir. A\u015fa\u011f\u0131daki tablo, AYM \u2063kararlar\u0131n\u0131n \u2063\u00f6nemli\u2062 etkilerini\u200c somut\u200b hale getirmektedir:<\/p>\n<table class=\"wp-block-table\">\n<thead>\n<tr>\n<th>Etkiler<\/th>\n<th>Explanation<\/th>\n<\/tr>\n<\/thead>\n<tbody>\n<tr>\n<td>Bireysel ba\u015fvurular\u0131n artmas\u0131<\/td>\n<td>Anayasa Mahkemesi&#8217;ne olan g\u00fcvenin artmas\u0131yla, bireyler hak\u200c ihlalleri \u200ci\u00e7in ba\u015fvuruda daha istekli hale gelmi\u015ftir.<\/td>\n<\/tr>\n<tr>\n<td>Yarg\u0131\u200b ba\u011f\u0131ms\u0131zl\u0131\u011f\u0131<\/td>\n<td>Yarg\u0131n\u0131n\u2062 tarafs\u0131zl\u0131\u011f\u0131na duyulan inan\u00e7 peki\u015fmi\u015f, hukukun \u00fcst\u00fcnl\u00fc\u011f\u00fc sa\u011flanm\u0131\u015ft\u0131r.<\/td>\n<\/tr>\n<tr>\n<td>Hukuki \u00f6nlemlerin g\u00fc\u00e7lendirilmesi<\/td>\n<td>\u0130hlal tespitleri sonucunda, yasalar\u0131n g\u00f6zden\u2064 ge\u00e7irilmesi ve \u200bgerekti\u011finde reform yap\u0131lmas\u0131 talep edilmi\u015ftir.<\/td>\n<\/tr>\n<\/tbody>\n<\/table>\n<p><img decoding=\"async\" class=\"kimage_class lazyload\" data-src=\"https:\/\/denizcankizil.tr\/wp-content\/uploads\/2024\/10\/2B6So-253D.jpg\" alt=\"Gelecek \u0130\u00e7in \u00d6neriler: AYM Kararlar\u0131n\u0131n \u2062Uygulamalar\u0131nda Dikkat Edilmesi Gereken Hususlar\" src=\"data:image\/svg+xml;base64,PHN2ZyB3aWR0aD0iMSIgaGVpZ2h0PSIxIiB4bWxucz0iaHR0cDovL3d3dy53My5vcmcvMjAwMC9zdmciPjwvc3ZnPg==\"><\/p>\n<h2 id=\"gelecek-icin-oneriler-aym-kararlarinin-uygulamalarinda-dikkat-edilmesi-gereken-hususlar\">Gelecek \u0130\u00e7in\u200b \u00d6neriler: AYM\u200d Kararlar\u0131n\u0131n Uygulamalar\u0131nda Dikkat Edilmesi Gereken \u200cHususlar<\/h2>\n<section>\n<p>        AYM\u2019nin 2019\/31440 say\u0131l\u0131 karar\u0131, temel hak\u200b ve \u00f6zg\u00fcrl\u00fcklerin korunmas\u0131 a\u00e7\u0131s\u0131ndan \u00f6nemli bir d\u00f6n\u00fcm noktas\u0131d\u0131r. \u2062Bu karar\u0131n uygulanmas\u0131nda dikkate al\u0131nmas\u0131 gereken hususlar,\u2064 yaln\u0131zca hukuk sistemimizin i\u015fleyi\u015fi i\u00e7in de\u011fil, ayn\u0131 zamanda \u200ctoplumsal \u200dbar\u0131\u015f ve adaletin tesis edilmesi i\u00e7in de\u200b b\u00fcy\u00fck\u2064 bir \u00f6neme sahiptir. <strong>Uygulamalar\u0131n etkinli\u011fi<\/strong> i\u00e7in, \u200b\u00f6zg\u00fcrl\u00fck\u00e7\u00fc bir\u2062 perspektiften hareket etmek gerekmektedir.\n    <\/p>\n<p>        \u200d      \u0130lk olarak, <strong>yarg\u0131 ba\u011f\u0131ms\u0131zl\u0131\u011f\u0131<\/strong> ve \u2062tarafs\u0131zl\u0131\u011f\u0131na dair kurallar\u0131n s\u0131k\u0131\u2063 bir \u015fekilde uygulanmas\u0131 elzemdir.\u2063 AYM kararlar\u0131n\u0131n icras\u0131, yarg\u0131 organlar\u0131 taraf\u0131ndan titizlikle yerine\u2062 getirilmelidir. Bu ba\u011flamda, AYM kararlar\u0131n\u0131n belirli bir \u00e7er\u00e7eve i\u00e7inde ele al\u0131nmas\u0131 ve kar\u015f\u0131la\u015f\u0131lan sorunlar\u0131n \u00e7\u00f6z\u00fcm\u00fc i\u00e7in \u00e7ok boyutlu\u200b bir \u2064yakla\u015f\u0131m geli\u015ftirilmesi gereklidir. Bu t\u00fcr hukuki \u2062\u00e7er\u00e7eveler, sistemin i\u015fleyi\u015fini olumlu y\u00f6nde etkileyecektir.\n    <\/p>\n<p>        \u2062    Son \u2063olarak, <strong>kamunun bilin\u00e7lendirilmesi<\/strong> ve bilgilendirilmesi i\u00e7in \u00e7e\u015fitli projeler \u200chayata ge\u00e7irilmelidir. E\u011fitim programlar\u0131, seminerler ve bilgilendirici materyaller arac\u0131l\u0131\u011f\u0131yla AYM \u2064kararlar\u0131n\u0131n anlam\u0131 ve \u00f6nemi hakk\u0131nda topluma rehberlik edilmesi sa\u011flanabilir. Bu t\u00fcr giri\u015fimler, hukukun \u200b\u00fcst\u00fcnl\u00fc\u011f\u00fcn\u00fcn ve \u200ctemel \u200chaklar\u0131n korunmas\u0131n\u0131 destekleyecek bir\u2063 anlay\u0131\u015f geli\u015ftirecek, dolay\u0131s\u0131yla toplumun her kesimi taraf\u0131ndan benimsenmesine zemin haz\u0131rlayacakt\u0131r.<br \/>\n  \u200c \u2062\n    <\/p>\n<\/section>\n<p>Sonu\u00e7 olarak, AYM \u200c2019\/31440 Karar\u0131, T\u00fcrkiye&#8217;deki\u2062 hukuk sisteminde \u00f6nemli bir d\u00f6n\u00fcm noktas\u0131 niteli\u011fi ta\u015f\u0131maktad\u0131r. \u200cAnayasa \u2062Mahkemesi&#8217;nin bu karar\u0131, bireysel \u200chaklar\u0131n korunmas\u0131 ve hukukun \u00fcst\u00fcnl\u00fc\u011f\u00fc ilkelerinin\u200d g\u00fc\u00e7lendirilmesi a\u00e7\u0131s\u0131ndan belirleyici bir rol oynamaktad\u0131r. Karar\u0131n, yarg\u0131 organlar\u0131n\u0131n uygulama prati\u011fi \u00fczerindeki etkileri ile birlikte, toplumsal ve hukuki \u2062anlay\u0131\u015fa sa\u011flayaca\u011f\u0131\u2064 katk\u0131lar g\u00f6z \u00f6n\u00fcne al\u0131nd\u0131\u011f\u0131nda, bu durum, sadece hukuk\u00e7ular i\u00e7in de\u011fil, \u200bayn\u0131 zamanda geni\u015f bir kitle i\u00e7in de dikkate de\u011fer sonu\u00e7lar do\u011furacakt\u0131r. Gelecek d\u00f6nemde, AYM&#8217;nin benzer kararlar\u0131n\u0131n takip edilmesi\u200b ve bunlar\u0131n nas\u0131l bir etki yarataca\u011f\u0131 \u00fczerinde durulmas\u0131, hukuk sistemimizin geli\u015fimi a\u00e7\u0131s\u0131ndan elzemdir. Bu sebeple, bu karar\u0131n detayl\u0131 bir \u2062\u015fekilde analiz edilmesi, \u2064hukuk\u200b \u00e7evreleri i\u00e7in \u00f6nemli bir sorumluluk olarak kar\u015f\u0131m\u0131za \u00e7\u0131kmaktad\u0131r. Hukuki g\u00fcvenli\u011fin sa\u011flanmas\u0131 ve birey haklar\u0131n\u0131n teminat alt\u0131na al\u0131nmas\u0131 ad\u0131na, AYM&#8217;nin kararlar\u0131n\u0131n takip edilmesi ve <a href=\"https:\/\/denizcankizil.tr\/en\/hukukihaber\/aymnin-2020-6821-basvuru-numarali-karari\/\" title=\"AYM&#039;nin 2020\/6821 ba\u015fvuru numaral\u0131 karar\u0131\">bu \u00e7er\u00e7evede<\/a> y\u00fcr\u00fct\u00fclecek akademik \u00e7al\u0131\u015fmalar, hukuk sisteminin \u200bdinamikleri i\u00e7erisinde kritik\u2062 bir\u2063 yer tutacakt\u0131r. <\/p>","protected":false},"excerpt":{"rendered":"<p>AYM 2019\/31440 Karar\u0131, bireysel ba\u015fvuru s\u00fcre\u00e7lerindeki hukuki standartlar\u0131n belirlenmesi a\u00e7\u0131s\u0131ndan kritik bir \u00f6neme sahiptir. Bu karar, mahkeme uygulamalar\u0131nda yeni bir d\u00f6nem ba\u015flatarak, bireylerin hak arama imk\u00e2nlar\u0131n\u0131 g\u00fc\u00e7lendirici bir etki do\u011furmu\u015ftur.<\/p>","protected":false},"author":1,"featured_media":10313,"comment_status":"open","ping_status":"open","sticky":false,"template":"","format":"standard","meta":{"_acf_changed":false,"footnotes":""},"categories":[28],"tags":[],"class_list":["post-10312","post","type-post","status-publish","format-standard","has-post-thumbnail","hentry","category-seo"],"acf":[],"yoast_head":"<!-- This site is optimized with the Yoast SEO Premium plugin v26.6 (Yoast SEO v27.1.1) - https:\/\/yoast.com\/product\/yoast-seo-premium-wordpress\/ -->\n<title>AYM 2019\/31440 Karar\u0131: Hukuki De\u011ferlendirme ve Etkileri - Av. Deniz Can K\u0131z\u0131l<\/title>\n<meta name=\"robots\" content=\"index, follow, max-snippet:-1, max-image-preview:large, max-video-preview:-1\" \/>\n<link rel=\"canonical\" href=\"http:\/\/denizcankizil.tr\/en\/seo\/aym-2019-31440-karari-hukuki-degerlendirme-ve-etkileri\/\" \/>\n<meta property=\"og:locale\" content=\"en_GB\" \/>\n<meta property=\"og:type\" content=\"article\" \/>\n<meta property=\"og:title\" content=\"AYM 2019\/31440 Karar\u0131: Hukuki De\u011ferlendirme ve Etkileri\" \/>\n<meta property=\"og:description\" content=\"AYM 2019\/31440 Karar\u0131, bireysel ba\u015fvuru s\u00fcre\u00e7lerindeki hukuki standartlar\u0131n belirlenmesi a\u00e7\u0131s\u0131ndan kritik bir \u00f6neme sahiptir. Bu karar, mahkeme uygulamalar\u0131nda yeni bir d\u00f6nem ba\u015flatarak, bireylerin hak arama imk\u00e2nlar\u0131n\u0131 g\u00fc\u00e7lendirici bir etki do\u011furmu\u015ftur.\" \/>\n<meta property=\"og:url\" content=\"http:\/\/denizcankizil.tr\/en\/seo\/aym-2019-31440-karari-hukuki-degerlendirme-ve-etkileri\/\" \/>\n<meta property=\"og:site_name\" content=\"Av. Deniz Can K\u0131z\u0131l\" \/>\n<meta property=\"article:published_time\" content=\"2024-10-30T11:28:27+00:00\" \/>\n<meta property=\"og:image\" content=\"http:\/\/denizcankizil.tr\/wp-content\/uploads\/2024\/10\/10312-aym-2019-31440-karari-hukuki-degerlendirme-ve-etkileri.jpg\" \/>\n\t<meta property=\"og:image:width\" content=\"800\" \/>\n\t<meta property=\"og:image:height\" content=\"800\" \/>\n\t<meta property=\"og:image:type\" content=\"image\/jpeg\" \/>\n<meta name=\"author\" content=\"admin\" \/>\n<meta name=\"twitter:card\" content=\"summary_large_image\" \/>\n<meta name=\"twitter:label1\" content=\"Written by\" \/>\n\t<meta name=\"twitter:data1\" content=\"admin\" \/>\n\t<meta name=\"twitter:label2\" content=\"Estimated reading time\" \/>\n\t<meta name=\"twitter:data2\" content=\"7 minutes\" \/>\n<script type=\"application\/ld+json\" class=\"yoast-schema-graph\">{\"@context\":\"https:\/\/schema.org\",\"@graph\":[{\"@type\":\"Article\",\"@id\":\"http:\/\/denizcankizil.tr\/en\/seo\/aym-2019-31440-karari-hukuki-degerlendirme-ve-etkileri\/#article\",\"isPartOf\":{\"@id\":\"http:\/\/denizcankizil.tr\/en\/seo\/aym-2019-31440-karari-hukuki-degerlendirme-ve-etkileri\/\"},\"author\":{\"name\":\"admin\",\"@id\":\"https:\/\/denizcankizil.tr\/#\/schema\/person\/be3c05fe6a12686905512445d8185489\"},\"headline\":\"AYM 2019\/31440 Karar\u0131: Hukuki De\u011ferlendirme ve Etkileri\",\"datePublished\":\"2024-10-30T11:28:27+00:00\",\"mainEntityOfPage\":{\"@id\":\"http:\/\/denizcankizil.tr\/en\/seo\/aym-2019-31440-karari-hukuki-degerlendirme-ve-etkileri\/\"},\"wordCount\":1492,\"commentCount\":0,\"publisher\":{\"@id\":\"https:\/\/denizcankizil.tr\/#organization\"},\"image\":{\"@id\":\"http:\/\/denizcankizil.tr\/en\/seo\/aym-2019-31440-karari-hukuki-degerlendirme-ve-etkileri\/#primaryimage\"},\"thumbnailUrl\":\"http:\/\/denizcankizil.tr\/wp-content\/uploads\/2024\/10\/10312-aym-2019-31440-karari-hukuki-degerlendirme-ve-etkileri.jpg\",\"articleSection\":[\"Seo\"],\"inLanguage\":\"en-GB\",\"potentialAction\":[{\"@type\":\"CommentAction\",\"name\":\"Comment\",\"target\":[\"http:\/\/denizcankizil.tr\/en\/seo\/aym-2019-31440-karari-hukuki-degerlendirme-ve-etkileri\/#respond\"]}]},{\"@type\":\"WebPage\",\"@id\":\"http:\/\/denizcankizil.tr\/en\/seo\/aym-2019-31440-karari-hukuki-degerlendirme-ve-etkileri\/\",\"url\":\"http:\/\/denizcankizil.tr\/en\/seo\/aym-2019-31440-karari-hukuki-degerlendirme-ve-etkileri\/\",\"name\":\"AYM 2019\/31440 Karar\u0131: Hukuki De\u011ferlendirme ve Etkileri - Av. Deniz Can K\u0131z\u0131l\",\"isPartOf\":{\"@id\":\"https:\/\/denizcankizil.tr\/#website\"},\"primaryImageOfPage\":{\"@id\":\"http:\/\/denizcankizil.tr\/en\/seo\/aym-2019-31440-karari-hukuki-degerlendirme-ve-etkileri\/#primaryimage\"},\"image\":{\"@id\":\"http:\/\/denizcankizil.tr\/en\/seo\/aym-2019-31440-karari-hukuki-degerlendirme-ve-etkileri\/#primaryimage\"},\"thumbnailUrl\":\"http:\/\/denizcankizil.tr\/wp-content\/uploads\/2024\/10\/10312-aym-2019-31440-karari-hukuki-degerlendirme-ve-etkileri.jpg\",\"datePublished\":\"2024-10-30T11:28:27+00:00\",\"breadcrumb\":{\"@id\":\"http:\/\/denizcankizil.tr\/en\/seo\/aym-2019-31440-karari-hukuki-degerlendirme-ve-etkileri\/#breadcrumb\"},\"inLanguage\":\"en-GB\",\"potentialAction\":[{\"@type\":\"ReadAction\",\"target\":[\"http:\/\/denizcankizil.tr\/en\/seo\/aym-2019-31440-karari-hukuki-degerlendirme-ve-etkileri\/\"]}]},{\"@type\":\"ImageObject\",\"inLanguage\":\"en-GB\",\"@id\":\"http:\/\/denizcankizil.tr\/en\/seo\/aym-2019-31440-karari-hukuki-degerlendirme-ve-etkileri\/#primaryimage\",\"url\":\"http:\/\/denizcankizil.tr\/wp-content\/uploads\/2024\/10\/10312-aym-2019-31440-karari-hukuki-degerlendirme-ve-etkileri.jpg\",\"contentUrl\":\"http:\/\/denizcankizil.tr\/wp-content\/uploads\/2024\/10\/10312-aym-2019-31440-karari-hukuki-degerlendirme-ve-etkileri.jpg\",\"width\":800,\"height\":800,\"caption\":\"AYM 2019\/31440 Karar\u0131: Hukuki De\u011ferlendirme ve Etkileri\"},{\"@type\":\"BreadcrumbList\",\"@id\":\"http:\/\/denizcankizil.tr\/en\/seo\/aym-2019-31440-karari-hukuki-degerlendirme-ve-etkileri\/#breadcrumb\",\"itemListElement\":[{\"@type\":\"ListItem\",\"position\":1,\"name\":\"Home\",\"item\":\"https:\/\/denizcankizil.tr\/uk\/\"},{\"@type\":\"ListItem\",\"position\":2,\"name\":\"AYM 2019\/31440 Karar\u0131: Hukuki De\u011ferlendirme ve Etkileri\"}]},{\"@type\":\"WebSite\",\"@id\":\"https:\/\/denizcankizil.tr\/#website\",\"url\":\"https:\/\/denizcankizil.tr\/\",\"name\":\"Av. Deniz Can K\u0131z\u0131l\",\"description\":\"Avukat Deniz Can K\u0131z\u0131l Antalya Barosu\",\"publisher\":{\"@id\":\"https:\/\/denizcankizil.tr\/#organization\"},\"potentialAction\":[{\"@type\":\"SearchAction\",\"target\":{\"@type\":\"EntryPoint\",\"urlTemplate\":\"https:\/\/denizcankizil.tr\/?s={search_term_string}\"},\"query-input\":{\"@type\":\"PropertyValueSpecification\",\"valueRequired\":true,\"valueName\":\"search_term_string\"}}],\"inLanguage\":\"en-GB\"},{\"@type\":\"Organization\",\"@id\":\"https:\/\/denizcankizil.tr\/#organization\",\"name\":\"Av. Deniz Can K\u0131z\u0131l\",\"url\":\"https:\/\/denizcankizil.tr\/\",\"logo\":{\"@type\":\"ImageObject\",\"inLanguage\":\"en-GB\",\"@id\":\"https:\/\/denizcankizil.tr\/#\/schema\/logo\/image\/\",\"url\":\"http:\/\/denizcankizil.tr\/wp-content\/uploads\/2024\/10\/siyah-logo-svg.svg\",\"contentUrl\":\"http:\/\/denizcankizil.tr\/wp-content\/uploads\/2024\/10\/siyah-logo-svg.svg\",\"width\":1080,\"height\":1080,\"caption\":\"Av. Deniz Can K\u0131z\u0131l\"},\"image\":{\"@id\":\"https:\/\/denizcankizil.tr\/#\/schema\/logo\/image\/\"}},{\"@type\":\"Person\",\"@id\":\"https:\/\/denizcankizil.tr\/#\/schema\/person\/be3c05fe6a12686905512445d8185489\",\"name\":\"admin\",\"image\":{\"@type\":\"ImageObject\",\"inLanguage\":\"en-GB\",\"@id\":\"https:\/\/denizcankizil.tr\/#\/schema\/person\/image\/\",\"url\":\"https:\/\/secure.gravatar.com\/avatar\/c1fce94c830dc79107e174f890d7210541c4a63e8e5d816341794a2151c9d58c?s=96&d=mm&r=g\",\"contentUrl\":\"https:\/\/secure.gravatar.com\/avatar\/c1fce94c830dc79107e174f890d7210541c4a63e8e5d816341794a2151c9d58c?s=96&d=mm&r=g\",\"caption\":\"admin\"},\"sameAs\":[\"http:\/\/denizcankizil.tr\"],\"url\":\"http:\/\/denizcankizil.tr\/en\/author\/admin\/\"}]}<\/script>\n<!-- \/ Yoast SEO Premium plugin. -->","yoast_head_json":{"title":"AYM 2019\/31440 Karar\u0131: Hukuki De\u011ferlendirme ve Etkileri - Av. Deniz Can K\u0131z\u0131l","robots":{"index":"index","follow":"follow","max-snippet":"max-snippet:-1","max-image-preview":"max-image-preview:large","max-video-preview":"max-video-preview:-1"},"canonical":"http:\/\/denizcankizil.tr\/en\/seo\/aym-2019-31440-karari-hukuki-degerlendirme-ve-etkileri\/","og_locale":"en_GB","og_type":"article","og_title":"AYM 2019\/31440 Karar\u0131: Hukuki De\u011ferlendirme ve Etkileri","og_description":"AYM 2019\/31440 Karar\u0131, bireysel ba\u015fvuru s\u00fcre\u00e7lerindeki hukuki standartlar\u0131n belirlenmesi a\u00e7\u0131s\u0131ndan kritik bir \u00f6neme sahiptir. Bu karar, mahkeme uygulamalar\u0131nda yeni bir d\u00f6nem ba\u015flatarak, bireylerin hak arama imk\u00e2nlar\u0131n\u0131 g\u00fc\u00e7lendirici bir etki do\u011furmu\u015ftur.","og_url":"http:\/\/denizcankizil.tr\/en\/seo\/aym-2019-31440-karari-hukuki-degerlendirme-ve-etkileri\/","og_site_name":"Av. Deniz Can K\u0131z\u0131l","article_published_time":"2024-10-30T11:28:27+00:00","og_image":[{"width":800,"height":800,"url":"http:\/\/denizcankizil.tr\/wp-content\/uploads\/2024\/10\/10312-aym-2019-31440-karari-hukuki-degerlendirme-ve-etkileri.jpg","type":"image\/jpeg"}],"author":"admin","twitter_card":"summary_large_image","twitter_misc":{"Written by":"admin","Estimated reading time":"7 minutes"},"schema":{"@context":"https:\/\/schema.org","@graph":[{"@type":"Article","@id":"http:\/\/denizcankizil.tr\/en\/seo\/aym-2019-31440-karari-hukuki-degerlendirme-ve-etkileri\/#article","isPartOf":{"@id":"http:\/\/denizcankizil.tr\/en\/seo\/aym-2019-31440-karari-hukuki-degerlendirme-ve-etkileri\/"},"author":{"name":"admin","@id":"https:\/\/denizcankizil.tr\/#\/schema\/person\/be3c05fe6a12686905512445d8185489"},"headline":"AYM 2019\/31440 Karar\u0131: Hukuki De\u011ferlendirme ve Etkileri","datePublished":"2024-10-30T11:28:27+00:00","mainEntityOfPage":{"@id":"http:\/\/denizcankizil.tr\/en\/seo\/aym-2019-31440-karari-hukuki-degerlendirme-ve-etkileri\/"},"wordCount":1492,"commentCount":0,"publisher":{"@id":"https:\/\/denizcankizil.tr\/#organization"},"image":{"@id":"http:\/\/denizcankizil.tr\/en\/seo\/aym-2019-31440-karari-hukuki-degerlendirme-ve-etkileri\/#primaryimage"},"thumbnailUrl":"http:\/\/denizcankizil.tr\/wp-content\/uploads\/2024\/10\/10312-aym-2019-31440-karari-hukuki-degerlendirme-ve-etkileri.jpg","articleSection":["Seo"],"inLanguage":"en-GB","potentialAction":[{"@type":"CommentAction","name":"Comment","target":["http:\/\/denizcankizil.tr\/en\/seo\/aym-2019-31440-karari-hukuki-degerlendirme-ve-etkileri\/#respond"]}]},{"@type":"WebPage","@id":"http:\/\/denizcankizil.tr\/en\/seo\/aym-2019-31440-karari-hukuki-degerlendirme-ve-etkileri\/","url":"http:\/\/denizcankizil.tr\/en\/seo\/aym-2019-31440-karari-hukuki-degerlendirme-ve-etkileri\/","name":"AYM 2019\/31440 Karar\u0131: Hukuki De\u011ferlendirme ve Etkileri - Av. Deniz Can K\u0131z\u0131l","isPartOf":{"@id":"https:\/\/denizcankizil.tr\/#website"},"primaryImageOfPage":{"@id":"http:\/\/denizcankizil.tr\/en\/seo\/aym-2019-31440-karari-hukuki-degerlendirme-ve-etkileri\/#primaryimage"},"image":{"@id":"http:\/\/denizcankizil.tr\/en\/seo\/aym-2019-31440-karari-hukuki-degerlendirme-ve-etkileri\/#primaryimage"},"thumbnailUrl":"http:\/\/denizcankizil.tr\/wp-content\/uploads\/2024\/10\/10312-aym-2019-31440-karari-hukuki-degerlendirme-ve-etkileri.jpg","datePublished":"2024-10-30T11:28:27+00:00","breadcrumb":{"@id":"http:\/\/denizcankizil.tr\/en\/seo\/aym-2019-31440-karari-hukuki-degerlendirme-ve-etkileri\/#breadcrumb"},"inLanguage":"en-GB","potentialAction":[{"@type":"ReadAction","target":["http:\/\/denizcankizil.tr\/en\/seo\/aym-2019-31440-karari-hukuki-degerlendirme-ve-etkileri\/"]}]},{"@type":"ImageObject","inLanguage":"en-GB","@id":"http:\/\/denizcankizil.tr\/en\/seo\/aym-2019-31440-karari-hukuki-degerlendirme-ve-etkileri\/#primaryimage","url":"http:\/\/denizcankizil.tr\/wp-content\/uploads\/2024\/10\/10312-aym-2019-31440-karari-hukuki-degerlendirme-ve-etkileri.jpg","contentUrl":"http:\/\/denizcankizil.tr\/wp-content\/uploads\/2024\/10\/10312-aym-2019-31440-karari-hukuki-degerlendirme-ve-etkileri.jpg","width":800,"height":800,"caption":"AYM 2019\/31440 Karar\u0131: Hukuki De\u011ferlendirme ve Etkileri"},{"@type":"BreadcrumbList","@id":"http:\/\/denizcankizil.tr\/en\/seo\/aym-2019-31440-karari-hukuki-degerlendirme-ve-etkileri\/#breadcrumb","itemListElement":[{"@type":"ListItem","position":1,"name":"Home","item":"https:\/\/denizcankizil.tr\/uk\/"},{"@type":"ListItem","position":2,"name":"AYM 2019\/31440 Karar\u0131: Hukuki De\u011ferlendirme ve Etkileri"}]},{"@type":"WebSite","@id":"https:\/\/denizcankizil.tr\/#website","url":"https:\/\/denizcankizil.tr\/","name":"Av. Deniz Can K\u0131z\u0131l","description":"Avukat Deniz Can K\u0131z\u0131l Antalya Barosu","publisher":{"@id":"https:\/\/denizcankizil.tr\/#organization"},"potentialAction":[{"@type":"SearchAction","target":{"@type":"EntryPoint","urlTemplate":"https:\/\/denizcankizil.tr\/?s={search_term_string}"},"query-input":{"@type":"PropertyValueSpecification","valueRequired":true,"valueName":"search_term_string"}}],"inLanguage":"en-GB"},{"@type":"Organization","@id":"https:\/\/denizcankizil.tr\/#organization","name":"Av. Deniz Can K\u0131z\u0131l","url":"https:\/\/denizcankizil.tr\/","logo":{"@type":"ImageObject","inLanguage":"en-GB","@id":"https:\/\/denizcankizil.tr\/#\/schema\/logo\/image\/","url":"http:\/\/denizcankizil.tr\/wp-content\/uploads\/2024\/10\/siyah-logo-svg.svg","contentUrl":"http:\/\/denizcankizil.tr\/wp-content\/uploads\/2024\/10\/siyah-logo-svg.svg","width":1080,"height":1080,"caption":"Av. Deniz Can K\u0131z\u0131l"},"image":{"@id":"https:\/\/denizcankizil.tr\/#\/schema\/logo\/image\/"}},{"@type":"Person","@id":"https:\/\/denizcankizil.tr\/#\/schema\/person\/be3c05fe6a12686905512445d8185489","name":"admin","image":{"@type":"ImageObject","inLanguage":"en-GB","@id":"https:\/\/denizcankizil.tr\/#\/schema\/person\/image\/","url":"https:\/\/secure.gravatar.com\/avatar\/c1fce94c830dc79107e174f890d7210541c4a63e8e5d816341794a2151c9d58c?s=96&d=mm&r=g","contentUrl":"https:\/\/secure.gravatar.com\/avatar\/c1fce94c830dc79107e174f890d7210541c4a63e8e5d816341794a2151c9d58c?s=96&d=mm&r=g","caption":"admin"},"sameAs":["http:\/\/denizcankizil.tr"],"url":"http:\/\/denizcankizil.tr\/en\/author\/admin\/"}]}},"_links":{"self":[{"href":"http:\/\/denizcankizil.tr\/en\/wp-json\/wp\/v2\/posts\/10312","targetHints":{"allow":["GET"]}}],"collection":[{"href":"http:\/\/denizcankizil.tr\/en\/wp-json\/wp\/v2\/posts"}],"about":[{"href":"http:\/\/denizcankizil.tr\/en\/wp-json\/wp\/v2\/types\/post"}],"author":[{"embeddable":true,"href":"http:\/\/denizcankizil.tr\/en\/wp-json\/wp\/v2\/users\/1"}],"replies":[{"embeddable":true,"href":"http:\/\/denizcankizil.tr\/en\/wp-json\/wp\/v2\/comments?post=10312"}],"version-history":[{"count":0,"href":"http:\/\/denizcankizil.tr\/en\/wp-json\/wp\/v2\/posts\/10312\/revisions"}],"wp:featuredmedia":[{"embeddable":true,"href":"http:\/\/denizcankizil.tr\/en\/wp-json\/wp\/v2\/media\/10313"}],"wp:attachment":[{"href":"http:\/\/denizcankizil.tr\/en\/wp-json\/wp\/v2\/media?parent=10312"}],"wp:term":[{"taxonomy":"category","embeddable":true,"href":"http:\/\/denizcankizil.tr\/en\/wp-json\/wp\/v2\/categories?post=10312"},{"taxonomy":"post_tag","embeddable":true,"href":"http:\/\/denizcankizil.tr\/en\/wp-json\/wp\/v2\/tags?post=10312"}],"curies":[{"name":"wp","href":"https:\/\/api.w.org\/{rel}","templated":true}]}}