{"id":10068,"date":"2024-10-29T20:43:02","date_gmt":"2024-10-29T17:43:02","guid":{"rendered":"https:\/\/denizcankizil.tr\/uncategorized-tr\/101-yilinda-iskenderunlu-atanin-manevi-huzurunda\/"},"modified":"2024-10-29T20:43:02","modified_gmt":"2024-10-29T17:43:02","slug":"101-yilinda-iskenderunlu-atanin-manevi-huzurunda","status":"publish","type":"post","link":"http:\/\/denizcankizil.tr\/en\/haberler\/gundem\/101-yilinda-iskenderunlu-atanin-manevi-huzurunda\/","title":{"rendered":"101. Y\u0131l\u0131nda \u0130skenderunlu atan\u0131n manevi huzurunda\u2026"},"content":{"rendered":"<p>\u0130skenderun Atat\u00fcrk an\u0131t alan\u0131nda yap\u0131lan \u00e7elenk sunma program\u0131na Hatay Vali Yard\u0131mc\u0131s\u0131 ve \u0130skenderun Kaymakam Vekili Do\u011fukan M\u0131zrak, CHP Hatay Milletvekili Nermin Y\u0131ld\u0131r\u0131m Kara, \u0130skenderun Garnizon Komutan\u0131 Tu\u011fgeneral B\u00fclent Tarhan, Belediye Ba\u015fkan\u0131 Mehmet D\u00f6nmez, resmi kurum amirleri, siyasi parti temsilcileri, sivil toplum kurulu\u015flar\u0131 temsilcileri, askeri erkan ve \u00e7ok say\u0131da vatanda\u015f kat\u0131ld\u0131.<\/p>\n<p>T\u00f6ren, Kaymakaml\u0131k Garnizon ve Belediye Ba\u015fkanl\u0131\u011f\u0131 \u00e7elenklerin Atan\u0131n manevi huzuruna sunumu ile ba\u015flad\u0131. Ard\u0131ndan, sayg\u0131 duru\u015fu ve \u0130stiklal Mar\u015f\u0131&#8217;m\u0131z\u0131n okunmas\u0131yla program sona erdi.<\/p>\n<p>\u200bT\u00fcrkiye Cumhuriyeti\u2019nin kurulu\u015funun 101. Y\u0131l\u0131 kutlama etkinlikleri kapsam\u0131nda, d\u00fczenlenen \u00e7elenk t\u00f6renine her kesimden temsilcilerin yo\u011fun ilgi g\u00f6sterdi\u011fi \u0130skenderunlu Atan\u0131n manevi huzurunda sayg\u0131 ve minnetini sundu.\u00a0<\/p>\n<p>\u200bHaberin Al\u0131nt\u0131land\u0131\u011f\u0131 Kaynak: www.iskenderun.org<\/p>","protected":false},"excerpt":{"rendered":"<p>\u0130skenderun Atat\u00fcrk an\u0131t alan\u0131nda yap\u0131lan \u00e7elenk sunma program\u0131na Hatay Vali Yard\u0131mc\u0131s\u0131 ve \u0130skenderun Kaymakam Vekili Do\u011fukan M\u0131zrak, CHP Hatay Milletvekili Nermin Y\u0131ld\u0131r\u0131m Kara, \u0130skenderun Garnizon Komutan\u0131 Tu\u011fgeneral B\u00fclent Tarhan, Belediye Ba\u015fkan\u0131 Mehmet D\u00f6nmez, resmi kurum amirleri, siyasi parti temsilcileri, sivil toplum kurulu\u015flar\u0131 temsilcileri, askeri erkan ve \u00e7ok say\u0131da vatanda\u015f kat\u0131ld\u0131. T\u00f6ren, Kaymakaml\u0131k Garnizon ve Belediye Ba\u015fkanl\u0131\u011f\u0131 \u00e7elenklerin Atan\u0131n manevi huzuruna sunumu ile ba\u015flad\u0131. Ard\u0131ndan, sayg\u0131 duru\u015fu ve \u0130stiklal Mar\u015f\u0131&#8217;m\u0131z\u0131n okunmas\u0131yla program sona erdi. \u200bT\u00fcrkiye Cumhuriyeti\u2019nin kurulu\u015funun 101. Y\u0131l\u0131 kutlama etkinlikleri kapsam\u0131nda, d\u00fczenlenen \u00e7elenk t\u00f6renine her kesimden temsilcilerin yo\u011fun ilgi g\u00f6sterdi\u011fi \u0130skenderunlu Atan\u0131n manevi huzurunda sayg\u0131 ve minnetini sundu.\u00a0 \u200bHaberin Al\u0131nt\u0131land\u0131\u011f\u0131 Kaynak: www.iskenderun.org<\/p>","protected":false},"author":0,"featured_media":0,"comment_status":"open","ping_status":"open","sticky":false,"template":"","format":"standard","meta":{"_acf_changed":false,"footnotes":""},"categories":[24,535],"tags":[],"class_list":["post-10068","post","type-post","status-publish","format-standard","has-post-thumbnail","hentry","category-gundem","category-uncategorized-tr"],"acf":[],"yoast_head":"<!-- This site is optimized with the Yoast SEO Premium plugin v26.6 (Yoast SEO v27.1.1) - https:\/\/yoast.com\/product\/yoast-seo-premium-wordpress\/ -->\n<title>101. Y\u0131l\u0131nda \u0130skenderunlu atan\u0131n manevi huzurunda\u2026 - Av. Deniz Can K\u0131z\u0131l<\/title>\n<meta name=\"robots\" content=\"index, follow, max-snippet:-1, max-image-preview:large, max-video-preview:-1\" \/>\n<link rel=\"canonical\" href=\"http:\/\/denizcankizil.tr\/en\/haberler\/gundem\/101-yilinda-iskenderunlu-atanin-manevi-huzurunda\/\" \/>\n<meta property=\"og:locale\" content=\"en_GB\" \/>\n<meta property=\"og:type\" content=\"article\" \/>\n<meta property=\"og:title\" content=\"101. Y\u0131l\u0131nda \u0130skenderunlu atan\u0131n manevi huzurunda\u2026\" \/>\n<meta property=\"og:description\" content=\"\u0130skenderun Atat\u00fcrk an\u0131t alan\u0131nda yap\u0131lan \u00e7elenk sunma program\u0131na Hatay Vali Yard\u0131mc\u0131s\u0131 ve \u0130skenderun Kaymakam Vekili Do\u011fukan M\u0131zrak, CHP Hatay Milletvekili Nermin Y\u0131ld\u0131r\u0131m Kara, \u0130skenderun Garnizon Komutan\u0131 Tu\u011fgeneral B\u00fclent Tarhan, Belediye Ba\u015fkan\u0131 Mehmet D\u00f6nmez, resmi kurum amirleri, siyasi parti temsilcileri, sivil toplum kurulu\u015flar\u0131 temsilcileri, askeri erkan ve \u00e7ok say\u0131da vatanda\u015f kat\u0131ld\u0131. T\u00f6ren, Kaymakaml\u0131k Garnizon ve Belediye Ba\u015fkanl\u0131\u011f\u0131 \u00e7elenklerin Atan\u0131n manevi huzuruna sunumu ile ba\u015flad\u0131. Ard\u0131ndan, sayg\u0131 duru\u015fu ve \u0130stiklal Mar\u015f\u0131&#8217;m\u0131z\u0131n okunmas\u0131yla program sona erdi. \u200bT\u00fcrkiye Cumhuriyeti\u2019nin kurulu\u015funun 101. Y\u0131l\u0131 kutlama etkinlikleri kapsam\u0131nda, d\u00fczenlenen \u00e7elenk t\u00f6renine her kesimden temsilcilerin yo\u011fun ilgi g\u00f6sterdi\u011fi \u0130skenderunlu Atan\u0131n manevi huzurunda sayg\u0131 ve minnetini sundu.\u00a0 \u200bHaberin Al\u0131nt\u0131land\u0131\u011f\u0131 Kaynak: www.iskenderun.org\" \/>\n<meta property=\"og:url\" content=\"http:\/\/denizcankizil.tr\/en\/haberler\/gundem\/101-yilinda-iskenderunlu-atanin-manevi-huzurunda\/\" \/>\n<meta property=\"og:site_name\" content=\"Av. Deniz Can K\u0131z\u0131l\" \/>\n<meta property=\"article:published_time\" content=\"2024-10-29T17:43:02+00:00\" \/>\n<meta name=\"twitter:card\" content=\"summary_large_image\" \/>\n<meta name=\"twitter:label1\" content=\"Estimated reading time\" \/>\n\t<meta name=\"twitter:data1\" content=\"1 minute\" \/>\n<script type=\"application\/ld+json\" class=\"yoast-schema-graph\">{\"@context\":\"https:\/\/schema.org\",\"@graph\":[{\"@type\":\"Article\",\"@id\":\"http:\/\/denizcankizil.tr\/en\/haberler\/gundem\/101-yilinda-iskenderunlu-atanin-manevi-huzurunda\/#article\",\"isPartOf\":{\"@id\":\"http:\/\/denizcankizil.tr\/en\/haberler\/gundem\/101-yilinda-iskenderunlu-atanin-manevi-huzurunda\/\"},\"author\":{\"name\":\"\",\"@id\":\"\"},\"headline\":\"101. Y\u0131l\u0131nda \u0130skenderunlu atan\u0131n manevi huzurunda\u2026\",\"datePublished\":\"2024-10-29T17:43:02+00:00\",\"mainEntityOfPage\":{\"@id\":\"http:\/\/denizcankizil.tr\/en\/haberler\/gundem\/101-yilinda-iskenderunlu-atanin-manevi-huzurunda\/\"},\"wordCount\":154,\"commentCount\":0,\"publisher\":{\"@id\":\"https:\/\/denizcankizil.tr\/de\/#organization\"},\"articleSection\":[\"G\u00fcndem\",\"Uncategorized\"],\"inLanguage\":\"en-GB\",\"potentialAction\":[{\"@type\":\"CommentAction\",\"name\":\"Comment\",\"target\":[\"http:\/\/denizcankizil.tr\/en\/haberler\/gundem\/101-yilinda-iskenderunlu-atanin-manevi-huzurunda\/#respond\"]}]},{\"@type\":\"WebPage\",\"@id\":\"http:\/\/denizcankizil.tr\/en\/haberler\/gundem\/101-yilinda-iskenderunlu-atanin-manevi-huzurunda\/\",\"url\":\"http:\/\/denizcankizil.tr\/en\/haberler\/gundem\/101-yilinda-iskenderunlu-atanin-manevi-huzurunda\/\",\"name\":\"101. Y\u0131l\u0131nda \u0130skenderunlu atan\u0131n manevi huzurunda\u2026 - Av. Deniz Can K\u0131z\u0131l\",\"isPartOf\":{\"@id\":\"https:\/\/denizcankizil.tr\/de\/#website\"},\"datePublished\":\"2024-10-29T17:43:02+00:00\",\"breadcrumb\":{\"@id\":\"http:\/\/denizcankizil.tr\/en\/haberler\/gundem\/101-yilinda-iskenderunlu-atanin-manevi-huzurunda\/#breadcrumb\"},\"inLanguage\":\"en-GB\",\"potentialAction\":[{\"@type\":\"ReadAction\",\"target\":[\"http:\/\/denizcankizil.tr\/en\/haberler\/gundem\/101-yilinda-iskenderunlu-atanin-manevi-huzurunda\/\"]}]},{\"@type\":\"BreadcrumbList\",\"@id\":\"http:\/\/denizcankizil.tr\/en\/haberler\/gundem\/101-yilinda-iskenderunlu-atanin-manevi-huzurunda\/#breadcrumb\",\"itemListElement\":[{\"@type\":\"ListItem\",\"position\":1,\"name\":\"Home\",\"item\":\"https:\/\/denizcankizil.tr\/de\/\"},{\"@type\":\"ListItem\",\"position\":2,\"name\":\"101. Y\u0131l\u0131nda \u0130skenderunlu atan\u0131n manevi huzurunda\u2026\"}]},{\"@type\":\"WebSite\",\"@id\":\"https:\/\/denizcankizil.tr\/de\/#website\",\"url\":\"https:\/\/denizcankizil.tr\/de\/\",\"name\":\"Av. Deniz Can K\u0131z\u0131l\",\"description\":\"Avukat Deniz Can K\u0131z\u0131l Antalya Barosu\",\"publisher\":{\"@id\":\"https:\/\/denizcankizil.tr\/de\/#organization\"},\"potentialAction\":[{\"@type\":\"SearchAction\",\"target\":{\"@type\":\"EntryPoint\",\"urlTemplate\":\"https:\/\/denizcankizil.tr\/de\/?s={search_term_string}\"},\"query-input\":{\"@type\":\"PropertyValueSpecification\",\"valueRequired\":true,\"valueName\":\"search_term_string\"}}],\"inLanguage\":\"en-GB\"},{\"@type\":\"Organization\",\"@id\":\"https:\/\/denizcankizil.tr\/de\/#organization\",\"name\":\"Av. Deniz Can K\u0131z\u0131l\",\"url\":\"https:\/\/denizcankizil.tr\/de\/\",\"logo\":{\"@type\":\"ImageObject\",\"inLanguage\":\"en-GB\",\"@id\":\"https:\/\/denizcankizil.tr\/de\/#\/schema\/logo\/image\/\",\"url\":\"http:\/\/denizcankizil.tr\/wp-content\/uploads\/2024\/10\/siyah-logo-svg.svg\",\"contentUrl\":\"http:\/\/denizcankizil.tr\/wp-content\/uploads\/2024\/10\/siyah-logo-svg.svg\",\"width\":1080,\"height\":1080,\"caption\":\"Av. Deniz Can K\u0131z\u0131l\"},\"image\":{\"@id\":\"https:\/\/denizcankizil.tr\/de\/#\/schema\/logo\/image\/\"}}]}<\/script>\n<!-- \/ Yoast SEO Premium plugin. -->","yoast_head_json":{"title":"101. Y\u0131l\u0131nda \u0130skenderunlu atan\u0131n manevi huzurunda\u2026 - Av. Deniz Can K\u0131z\u0131l","robots":{"index":"index","follow":"follow","max-snippet":"max-snippet:-1","max-image-preview":"max-image-preview:large","max-video-preview":"max-video-preview:-1"},"canonical":"http:\/\/denizcankizil.tr\/en\/haberler\/gundem\/101-yilinda-iskenderunlu-atanin-manevi-huzurunda\/","og_locale":"en_GB","og_type":"article","og_title":"101. Y\u0131l\u0131nda \u0130skenderunlu atan\u0131n manevi huzurunda\u2026","og_description":"\u0130skenderun Atat\u00fcrk an\u0131t alan\u0131nda yap\u0131lan \u00e7elenk sunma program\u0131na Hatay Vali Yard\u0131mc\u0131s\u0131 ve \u0130skenderun Kaymakam Vekili Do\u011fukan M\u0131zrak, CHP Hatay Milletvekili Nermin Y\u0131ld\u0131r\u0131m Kara, \u0130skenderun Garnizon Komutan\u0131 Tu\u011fgeneral B\u00fclent Tarhan, Belediye Ba\u015fkan\u0131 Mehmet D\u00f6nmez, resmi kurum amirleri, siyasi parti temsilcileri, sivil toplum kurulu\u015flar\u0131 temsilcileri, askeri erkan ve \u00e7ok say\u0131da vatanda\u015f kat\u0131ld\u0131. T\u00f6ren, Kaymakaml\u0131k Garnizon ve Belediye Ba\u015fkanl\u0131\u011f\u0131 \u00e7elenklerin Atan\u0131n manevi huzuruna sunumu ile ba\u015flad\u0131. Ard\u0131ndan, sayg\u0131 duru\u015fu ve \u0130stiklal Mar\u015f\u0131&#8217;m\u0131z\u0131n okunmas\u0131yla program sona erdi. \u200bT\u00fcrkiye Cumhuriyeti\u2019nin kurulu\u015funun 101. Y\u0131l\u0131 kutlama etkinlikleri kapsam\u0131nda, d\u00fczenlenen \u00e7elenk t\u00f6renine her kesimden temsilcilerin yo\u011fun ilgi g\u00f6sterdi\u011fi \u0130skenderunlu Atan\u0131n manevi huzurunda sayg\u0131 ve minnetini sundu.\u00a0 \u200bHaberin Al\u0131nt\u0131land\u0131\u011f\u0131 Kaynak: www.iskenderun.org","og_url":"http:\/\/denizcankizil.tr\/en\/haberler\/gundem\/101-yilinda-iskenderunlu-atanin-manevi-huzurunda\/","og_site_name":"Av. Deniz Can K\u0131z\u0131l","article_published_time":"2024-10-29T17:43:02+00:00","twitter_card":"summary_large_image","twitter_misc":{"Estimated reading time":"1 minute"},"schema":{"@context":"https:\/\/schema.org","@graph":[{"@type":"Article","@id":"http:\/\/denizcankizil.tr\/en\/haberler\/gundem\/101-yilinda-iskenderunlu-atanin-manevi-huzurunda\/#article","isPartOf":{"@id":"http:\/\/denizcankizil.tr\/en\/haberler\/gundem\/101-yilinda-iskenderunlu-atanin-manevi-huzurunda\/"},"author":{"name":"","@id":""},"headline":"101. Y\u0131l\u0131nda \u0130skenderunlu atan\u0131n manevi huzurunda\u2026","datePublished":"2024-10-29T17:43:02+00:00","mainEntityOfPage":{"@id":"http:\/\/denizcankizil.tr\/en\/haberler\/gundem\/101-yilinda-iskenderunlu-atanin-manevi-huzurunda\/"},"wordCount":154,"commentCount":0,"publisher":{"@id":"https:\/\/denizcankizil.tr\/de\/#organization"},"articleSection":["G\u00fcndem","Uncategorized"],"inLanguage":"en-GB","potentialAction":[{"@type":"CommentAction","name":"Comment","target":["http:\/\/denizcankizil.tr\/en\/haberler\/gundem\/101-yilinda-iskenderunlu-atanin-manevi-huzurunda\/#respond"]}]},{"@type":"WebPage","@id":"http:\/\/denizcankizil.tr\/en\/haberler\/gundem\/101-yilinda-iskenderunlu-atanin-manevi-huzurunda\/","url":"http:\/\/denizcankizil.tr\/en\/haberler\/gundem\/101-yilinda-iskenderunlu-atanin-manevi-huzurunda\/","name":"101. Y\u0131l\u0131nda \u0130skenderunlu atan\u0131n manevi huzurunda\u2026 - Av. Deniz Can K\u0131z\u0131l","isPartOf":{"@id":"https:\/\/denizcankizil.tr\/de\/#website"},"datePublished":"2024-10-29T17:43:02+00:00","breadcrumb":{"@id":"http:\/\/denizcankizil.tr\/en\/haberler\/gundem\/101-yilinda-iskenderunlu-atanin-manevi-huzurunda\/#breadcrumb"},"inLanguage":"en-GB","potentialAction":[{"@type":"ReadAction","target":["http:\/\/denizcankizil.tr\/en\/haberler\/gundem\/101-yilinda-iskenderunlu-atanin-manevi-huzurunda\/"]}]},{"@type":"BreadcrumbList","@id":"http:\/\/denizcankizil.tr\/en\/haberler\/gundem\/101-yilinda-iskenderunlu-atanin-manevi-huzurunda\/#breadcrumb","itemListElement":[{"@type":"ListItem","position":1,"name":"Home","item":"https:\/\/denizcankizil.tr\/de\/"},{"@type":"ListItem","position":2,"name":"101. Y\u0131l\u0131nda \u0130skenderunlu atan\u0131n manevi huzurunda\u2026"}]},{"@type":"WebSite","@id":"https:\/\/denizcankizil.tr\/de\/#website","url":"https:\/\/denizcankizil.tr\/de\/","name":"Av. Deniz Can K\u0131z\u0131l","description":"Avukat Deniz Can K\u0131z\u0131l Antalya Barosu","publisher":{"@id":"https:\/\/denizcankizil.tr\/de\/#organization"},"potentialAction":[{"@type":"SearchAction","target":{"@type":"EntryPoint","urlTemplate":"https:\/\/denizcankizil.tr\/de\/?s={search_term_string}"},"query-input":{"@type":"PropertyValueSpecification","valueRequired":true,"valueName":"search_term_string"}}],"inLanguage":"en-GB"},{"@type":"Organization","@id":"https:\/\/denizcankizil.tr\/de\/#organization","name":"Av. Deniz Can K\u0131z\u0131l","url":"https:\/\/denizcankizil.tr\/de\/","logo":{"@type":"ImageObject","inLanguage":"en-GB","@id":"https:\/\/denizcankizil.tr\/de\/#\/schema\/logo\/image\/","url":"http:\/\/denizcankizil.tr\/wp-content\/uploads\/2024\/10\/siyah-logo-svg.svg","contentUrl":"http:\/\/denizcankizil.tr\/wp-content\/uploads\/2024\/10\/siyah-logo-svg.svg","width":1080,"height":1080,"caption":"Av. Deniz Can K\u0131z\u0131l"},"image":{"@id":"https:\/\/denizcankizil.tr\/de\/#\/schema\/logo\/image\/"}}]}},"_links":{"self":[{"href":"http:\/\/denizcankizil.tr\/en\/wp-json\/wp\/v2\/posts\/10068","targetHints":{"allow":["GET"]}}],"collection":[{"href":"http:\/\/denizcankizil.tr\/en\/wp-json\/wp\/v2\/posts"}],"about":[{"href":"http:\/\/denizcankizil.tr\/en\/wp-json\/wp\/v2\/types\/post"}],"replies":[{"embeddable":true,"href":"http:\/\/denizcankizil.tr\/en\/wp-json\/wp\/v2\/comments?post=10068"}],"version-history":[{"count":0,"href":"http:\/\/denizcankizil.tr\/en\/wp-json\/wp\/v2\/posts\/10068\/revisions"}],"wp:attachment":[{"href":"http:\/\/denizcankizil.tr\/en\/wp-json\/wp\/v2\/media?parent=10068"}],"wp:term":[{"taxonomy":"category","embeddable":true,"href":"http:\/\/denizcankizil.tr\/en\/wp-json\/wp\/v2\/categories?post=10068"},{"taxonomy":"post_tag","embeddable":true,"href":"http:\/\/denizcankizil.tr\/en\/wp-json\/wp\/v2\/tags?post=10068"}],"curies":[{"name":"wp","href":"https:\/\/api.w.org\/{rel}","templated":true}]}}