{"id":99903,"date":"2025-05-28T23:37:40","date_gmt":"2025-05-28T20:37:40","guid":{"rendered":"https:\/\/denizcankizil.tr\/uncategorized-tr\/trafikte-yapay-zeka-donemi-radarlar-her-yere-geliyor-cakara-rekor-ceza\/"},"modified":"2025-05-28T23:37:40","modified_gmt":"2025-05-28T20:37:40","slug":"trafikte-yapay-zeka-donemi-radarlar-her-yere-geliyor-cakara-rekor-ceza","status":"publish","type":"post","link":"http:\/\/denizcankizil.tr\/de\/haberler\/gundem\/trafikte-yapay-zeka-donemi-radarlar-her-yere-geliyor-cakara-rekor-ceza\/","title":{"rendered":"Trafikte yapay zeka d\u00f6nemi: Radarlar her yere geliyor, \u00e7akara rekor ceza!"},"content":{"rendered":"<p>\u0130\u00e7i\u015fleri Bakanl\u0131\u011f\u0131, trafik g\u00fcvenli\u011fini art\u0131rmak amac\u0131yla Karayollar\u0131 Trafik Kanunu&#8217;nda k\u00f6kl\u00fc de\u011fi\u015fikliklere haz\u0131rlan\u0131yor. Yeni d\u00fczenlemeyle birlikte, yapay zeka destekli mobil radar cihazlar\u0131 kazalar\u0131n yo\u011fun oldu\u011fu t\u00fcm b\u00f6lgelere yerle\u015ftirilecek. H\u0131z, emniyet kemeri ve k\u0131rm\u0131z\u0131 \u0131\u015f\u0131k ihlalleri bu cihazlarla an\u0131nda tespit edilerek e-Devlet sistemine aktar\u0131lacak. \u00d6te yandan, yasa d\u0131\u015f\u0131 \u00e7akar kullan\u0131m\u0131na y\u00f6nelik cezalar da a\u011f\u0131rla\u015ft\u0131r\u0131ld\u0131. Art\u0131k \u00e7akar kullananlara 138 bin TL para cezas\u0131 verilecek, ehliyetlerine 30 g\u00fcn el konulacak ve ara\u00e7lar trafikten men edilecek.<\/p>\n<p>CEZALAR ARTIYOR UYGULAMALAR DE\u011e\u0130\u015e\u0130YOR<\/p>\n<p>\u0130\u00e7i\u015fleri Bakan\u0131 Ali Yerlikaya, trafikte g\u00fcvenli\u011fi art\u0131rmak i\u00e7in kapsaml\u0131 bir eylem plan\u0131 y\u00fcr\u00fctt\u00fcklerini a\u00e7\u0131klad\u0131. Yerlikaya, T\u00fcrkiye&#8217;nin 2030 y\u0131l\u0131na kadar trafik kazalar\u0131na ba\u011fl\u0131 can kay\u0131plar\u0131n\u0131 y\u00fczde 50 azaltmay\u0131, 2050 y\u0131l\u0131nda ise s\u0131f\u0131rlamay\u0131 hedefledi\u011fini vurgulad\u0131. Bu hedef do\u011frultusunda denetimlerin art\u0131r\u0131ld\u0131\u011f\u0131n\u0131, cezalarda ise cayd\u0131r\u0131c\u0131l\u0131k ilkesine \u00f6ncelik verildi\u011fini belirtti.<\/p>\n<p>YAPAY ZEKA DESTEKL\u0130 MOB\u0130L RADAR GEL\u0130YOR<\/p>\n<p>Bakan Yerlikaya, Radarsan taraf\u0131ndan geli\u015ftirilen yapay zeka destekli mobil radar cihazlar\u0131n\u0131n en \u00e7ok kaza ya\u015fanan noktalara yerle\u015ftirildi\u011fini duyurdu. Radarlar\u0131n okul ve hastane \u00f6nleri ba\u015fta olmak \u00fczere riskli b\u00f6lgelere konulaca\u011f\u0131 ifade edildi. Radarlar\u0131n sadece h\u0131z ihlali de\u011fil, ayn\u0131 zamanda emniyet kemeri tak\u0131lmamas\u0131 gibi kurallar\u0131 da denetleyece\u011fini, ceza bildirimlerinin ise dakikalar i\u00e7inde e-Devlet sistemine d\u00fc\u015fece\u011fini a\u00e7\u0131klad\u0131.<\/p>\n<p>TUZAK DE\u011e\u0130L, CAYDIRICILIK<\/p>\n<p>Vatanda\u015fa &#8220;Tuzak kurulmad\u0131\u011f\u0131n\u0131&#8221; vurgulayan Yerlikaya, radarlar\u0131n yerlerinin nokta at\u0131\u015f\u0131yla payla\u015f\u0131lmayaca\u011f\u0131n\u0131 ancak uygulama \u00fczerinden b\u00f6lgesel bilgi verilece\u011fini belirtti. &#8220;Amac\u0131m\u0131z ceza yazmak de\u011fil, dikkat \u00e7ekmek&#8221; diyen Yerlikaya, vatanda\u015flar\u0131n s\u00fcr\u00fc\u015f al\u0131\u015fkanl\u0131klar\u0131n\u0131 d\u00fczeltmeye odakland\u0131klar\u0131n\u0131 ifade etti.<\/p>\n<p>YAKA KAMERALARI 42 B\u0130NE \u00c7IKTI <\/p>\n<p>Trafik denetiminde g\u00f6revli emniyet ve jandarma personelinin kulland\u0131\u011f\u0131 yaka kameras\u0131 say\u0131s\u0131n\u0131n 42 bine ula\u015ft\u0131\u011f\u0131n\u0131 belirten Yerlikaya, bu kameralar\u0131n ASELSAN taraf\u0131ndan \u00fcretildi\u011fini ve anl\u0131k denetimlerin merkezden izlenebildi\u011fini s\u00f6yledi.<\/p>\n<p>YASA DI\u015eI \u00c7AKAR KULLANIMI A\u011eIR CEZA<\/p>\n<p>Toplumda b\u00fcy\u00fck rahats\u0131zl\u0131k yaratan yasa d\u0131\u015f\u0131 \u00e7akar kullan\u0131m\u0131 konusunda da ad\u0131mlar at\u0131ld\u0131\u011f\u0131n\u0131 belirten Bakan, bu ihlale 138 bin TL para cezas\u0131 verilece\u011fini, s\u00fcr\u00fcc\u00fc belgelerine 30 g\u00fcn el konulaca\u011f\u0131n\u0131 ve arac\u0131n 30 g\u00fcn trafikten men edilece\u011fini a\u00e7\u0131klad\u0131. Yerlikaya, &#8220;Kamu ya da \u00f6zel ara\u00e7 fark etmez, yasa d\u0131\u015f\u0131 \u00e7akar kullanan kimse kendini g\u00fcvende sanmas\u0131n&#8221; dedi.<\/p>\n<p>\u200bTrafikte h\u0131z ihlalleri yapay zeka destekli radarlarla tespit edilecek. Yasa d\u0131\u015f\u0131 \u00e7akar kullananlara ise 138 bin TL ceza uygulanacak, ehliyet ve ara\u00e7 ge\u00e7ici olarak trafikten men edilecek.\u00a0<\/p>\n<p>\u200bHaberin Al\u0131nt\u0131land\u0131\u011f\u0131 Kaynak: www.antalyakorfez.com<\/p>","protected":false},"excerpt":{"rendered":"<p>\u0130\u00e7i\u015fleri Bakanl\u0131\u011f\u0131, trafik g\u00fcvenli\u011fini art\u0131rmak amac\u0131yla Karayollar\u0131 Trafik Kanunu&#8217;nda k\u00f6kl\u00fc de\u011fi\u015fikliklere haz\u0131rlan\u0131yor. Yeni d\u00fczenlemeyle birlikte, yapay zeka destekli mobil radar cihazlar\u0131 kazalar\u0131n yo\u011fun oldu\u011fu t\u00fcm b\u00f6lgelere yerle\u015ftirilecek. H\u0131z, emniyet kemeri ve k\u0131rm\u0131z\u0131 \u0131\u015f\u0131k ihlalleri bu cihazlarla an\u0131nda tespit edilerek e-Devlet sistemine aktar\u0131lacak. \u00d6te yandan, yasa d\u0131\u015f\u0131 \u00e7akar kullan\u0131m\u0131na y\u00f6nelik cezalar da a\u011f\u0131rla\u015ft\u0131r\u0131ld\u0131. Art\u0131k \u00e7akar kullananlara 138 bin TL para cezas\u0131 verilecek, ehliyetlerine 30 g\u00fcn el konulacak ve ara\u00e7lar trafikten men edilecek. CEZALAR ARTIYOR UYGULAMALAR DE\u011e\u0130\u015e\u0130YOR \u0130\u00e7i\u015fleri Bakan\u0131 Ali Yerlikaya, trafikte g\u00fcvenli\u011fi art\u0131rmak i\u00e7in kapsaml\u0131 bir eylem plan\u0131 y\u00fcr\u00fctt\u00fcklerini a\u00e7\u0131klad\u0131. Yerlikaya, T\u00fcrkiye&#8217;nin 2030 y\u0131l\u0131na kadar trafik kazalar\u0131na ba\u011fl\u0131 can kay\u0131plar\u0131n\u0131 y\u00fczde 50 azaltmay\u0131, 2050 y\u0131l\u0131nda ise s\u0131f\u0131rlamay\u0131 hedefledi\u011fini vurgulad\u0131. Bu hedef do\u011frultusunda denetimlerin art\u0131r\u0131ld\u0131\u011f\u0131n\u0131, cezalarda ise cayd\u0131r\u0131c\u0131l\u0131k ilkesine \u00f6ncelik verildi\u011fini belirtti. YAPAY ZEKA DESTEKL\u0130 MOB\u0130L RADAR GEL\u0130YOR Bakan Yerlikaya, Radarsan taraf\u0131ndan geli\u015ftirilen yapay zeka destekli mobil radar cihazlar\u0131n\u0131n en \u00e7ok kaza ya\u015fanan noktalara yerle\u015ftirildi\u011fini duyurdu. Radarlar\u0131n okul ve hastane \u00f6nleri ba\u015fta olmak \u00fczere riskli b\u00f6lgelere konulaca\u011f\u0131 ifade edildi. Radarlar\u0131n sadece h\u0131z ihlali de\u011fil, ayn\u0131 zamanda emniyet kemeri tak\u0131lmamas\u0131 gibi kurallar\u0131 da denetleyece\u011fini, ceza bildirimlerinin ise dakikalar i\u00e7inde e-Devlet sistemine d\u00fc\u015fece\u011fini a\u00e7\u0131klad\u0131. TUZAK DE\u011e\u0130L, CAYDIRICILIK Vatanda\u015fa &#8220;Tuzak kurulmad\u0131\u011f\u0131n\u0131&#8221; vurgulayan Yerlikaya, radarlar\u0131n yerlerinin nokta at\u0131\u015f\u0131yla payla\u015f\u0131lmayaca\u011f\u0131n\u0131 ancak uygulama \u00fczerinden b\u00f6lgesel bilgi verilece\u011fini belirtti. &hellip;<\/p>","protected":false},"author":5,"featured_media":0,"comment_status":"","ping_status":"open","sticky":false,"template":"","format":"standard","meta":{"_acf_changed":false,"footnotes":""},"categories":[24],"tags":[],"class_list":["post-99903","post","type-post","status-publish","format-standard","has-post-thumbnail","hentry","category-gundem"],"acf":[],"yoast_head":"<!-- This site is optimized with the Yoast SEO Premium plugin v26.6 (Yoast SEO v27.1.1) - https:\/\/yoast.com\/product\/yoast-seo-premium-wordpress\/ -->\n<title>Trafikte yapay zeka d\u00f6nemi: Radarlar her yere geliyor, \u00e7akara rekor ceza! - Av. Deniz Can K\u0131z\u0131l<\/title>\n<meta name=\"robots\" content=\"index, follow, max-snippet:-1, max-image-preview:large, max-video-preview:-1\" \/>\n<link rel=\"canonical\" href=\"http:\/\/denizcankizil.tr\/de\/haberler\/gundem\/trafikte-yapay-zeka-donemi-radarlar-her-yere-geliyor-cakara-rekor-ceza\/\" \/>\n<meta property=\"og:locale\" content=\"de_DE\" \/>\n<meta property=\"og:type\" content=\"article\" \/>\n<meta property=\"og:title\" content=\"Trafikte yapay zeka d\u00f6nemi: Radarlar her yere geliyor, \u00e7akara rekor ceza!\" \/>\n<meta property=\"og:description\" content=\"\u0130\u00e7i\u015fleri Bakanl\u0131\u011f\u0131, trafik g\u00fcvenli\u011fini art\u0131rmak amac\u0131yla Karayollar\u0131 Trafik Kanunu&#8217;nda k\u00f6kl\u00fc de\u011fi\u015fikliklere haz\u0131rlan\u0131yor. Yeni d\u00fczenlemeyle birlikte, yapay zeka destekli mobil radar cihazlar\u0131 kazalar\u0131n yo\u011fun oldu\u011fu t\u00fcm b\u00f6lgelere yerle\u015ftirilecek. H\u0131z, emniyet kemeri ve k\u0131rm\u0131z\u0131 \u0131\u015f\u0131k ihlalleri bu cihazlarla an\u0131nda tespit edilerek e-Devlet sistemine aktar\u0131lacak. \u00d6te yandan, yasa d\u0131\u015f\u0131 \u00e7akar kullan\u0131m\u0131na y\u00f6nelik cezalar da a\u011f\u0131rla\u015ft\u0131r\u0131ld\u0131. Art\u0131k \u00e7akar kullananlara 138 bin TL para cezas\u0131 verilecek, ehliyetlerine 30 g\u00fcn el konulacak ve ara\u00e7lar trafikten men edilecek. CEZALAR ARTIYOR UYGULAMALAR DE\u011e\u0130\u015e\u0130YOR \u0130\u00e7i\u015fleri Bakan\u0131 Ali Yerlikaya, trafikte g\u00fcvenli\u011fi art\u0131rmak i\u00e7in kapsaml\u0131 bir eylem plan\u0131 y\u00fcr\u00fctt\u00fcklerini a\u00e7\u0131klad\u0131. Yerlikaya, T\u00fcrkiye&#8217;nin 2030 y\u0131l\u0131na kadar trafik kazalar\u0131na ba\u011fl\u0131 can kay\u0131plar\u0131n\u0131 y\u00fczde 50 azaltmay\u0131, 2050 y\u0131l\u0131nda ise s\u0131f\u0131rlamay\u0131 hedefledi\u011fini vurgulad\u0131. Bu hedef do\u011frultusunda denetimlerin art\u0131r\u0131ld\u0131\u011f\u0131n\u0131, cezalarda ise cayd\u0131r\u0131c\u0131l\u0131k ilkesine \u00f6ncelik verildi\u011fini belirtti. YAPAY ZEKA DESTEKL\u0130 MOB\u0130L RADAR GEL\u0130YOR Bakan Yerlikaya, Radarsan taraf\u0131ndan geli\u015ftirilen yapay zeka destekli mobil radar cihazlar\u0131n\u0131n en \u00e7ok kaza ya\u015fanan noktalara yerle\u015ftirildi\u011fini duyurdu. Radarlar\u0131n okul ve hastane \u00f6nleri ba\u015fta olmak \u00fczere riskli b\u00f6lgelere konulaca\u011f\u0131 ifade edildi. Radarlar\u0131n sadece h\u0131z ihlali de\u011fil, ayn\u0131 zamanda emniyet kemeri tak\u0131lmamas\u0131 gibi kurallar\u0131 da denetleyece\u011fini, ceza bildirimlerinin ise dakikalar i\u00e7inde e-Devlet sistemine d\u00fc\u015fece\u011fini a\u00e7\u0131klad\u0131. TUZAK DE\u011e\u0130L, CAYDIRICILIK Vatanda\u015fa &#8220;Tuzak kurulmad\u0131\u011f\u0131n\u0131&#8221; vurgulayan Yerlikaya, radarlar\u0131n yerlerinin nokta at\u0131\u015f\u0131yla payla\u015f\u0131lmayaca\u011f\u0131n\u0131 ancak uygulama \u00fczerinden b\u00f6lgesel bilgi verilece\u011fini belirtti. &hellip;\" \/>\n<meta property=\"og:url\" content=\"http:\/\/denizcankizil.tr\/de\/haberler\/gundem\/trafikte-yapay-zeka-donemi-radarlar-her-yere-geliyor-cakara-rekor-ceza\/\" \/>\n<meta property=\"og:site_name\" content=\"Av. Deniz Can K\u0131z\u0131l\" \/>\n<meta property=\"article:published_time\" content=\"2025-05-28T20:37:40+00:00\" \/>\n<meta name=\"author\" content=\"Antalya K\u00f6rfez\" \/>\n<meta name=\"twitter:card\" content=\"summary_large_image\" \/>\n<meta name=\"twitter:label1\" content=\"Verfasst von\" \/>\n\t<meta name=\"twitter:data1\" content=\"Antalya K\u00f6rfez\" \/>\n\t<meta name=\"twitter:label2\" content=\"Gesch\u00e4tzte Lesezeit\" \/>\n\t<meta name=\"twitter:data2\" content=\"2\u00a0Minuten\" \/>\n<script type=\"application\/ld+json\" class=\"yoast-schema-graph\">{\"@context\":\"https:\/\/schema.org\",\"@graph\":[{\"@type\":\"Article\",\"@id\":\"http:\/\/denizcankizil.tr\/de\/haberler\/gundem\/trafikte-yapay-zeka-donemi-radarlar-her-yere-geliyor-cakara-rekor-ceza\/#article\",\"isPartOf\":{\"@id\":\"http:\/\/denizcankizil.tr\/de\/haberler\/gundem\/trafikte-yapay-zeka-donemi-radarlar-her-yere-geliyor-cakara-rekor-ceza\/\"},\"author\":{\"name\":\"Antalya K\u00f6rfez\",\"@id\":\"https:\/\/denizcankizil.tr\/de\/#\/schema\/person\/e1eb71bb4dd684d46563f0af307e1234\"},\"headline\":\"Trafikte yapay zeka d\u00f6nemi: Radarlar her yere geliyor, \u00e7akara rekor ceza!\",\"datePublished\":\"2025-05-28T20:37:40+00:00\",\"mainEntityOfPage\":{\"@id\":\"http:\/\/denizcankizil.tr\/de\/haberler\/gundem\/trafikte-yapay-zeka-donemi-radarlar-her-yere-geliyor-cakara-rekor-ceza\/\"},\"wordCount\":486,\"publisher\":{\"@id\":\"https:\/\/denizcankizil.tr\/de\/#organization\"},\"articleSection\":[\"G\u00fcndem\"],\"inLanguage\":\"de\"},{\"@type\":\"WebPage\",\"@id\":\"http:\/\/denizcankizil.tr\/de\/haberler\/gundem\/trafikte-yapay-zeka-donemi-radarlar-her-yere-geliyor-cakara-rekor-ceza\/\",\"url\":\"http:\/\/denizcankizil.tr\/de\/haberler\/gundem\/trafikte-yapay-zeka-donemi-radarlar-her-yere-geliyor-cakara-rekor-ceza\/\",\"name\":\"Trafikte yapay zeka d\u00f6nemi: Radarlar her yere geliyor, \u00e7akara rekor ceza! - Av. Deniz Can K\u0131z\u0131l\",\"isPartOf\":{\"@id\":\"https:\/\/denizcankizil.tr\/de\/#website\"},\"datePublished\":\"2025-05-28T20:37:40+00:00\",\"breadcrumb\":{\"@id\":\"http:\/\/denizcankizil.tr\/de\/haberler\/gundem\/trafikte-yapay-zeka-donemi-radarlar-her-yere-geliyor-cakara-rekor-ceza\/#breadcrumb\"},\"inLanguage\":\"de\",\"potentialAction\":[{\"@type\":\"ReadAction\",\"target\":[\"http:\/\/denizcankizil.tr\/de\/haberler\/gundem\/trafikte-yapay-zeka-donemi-radarlar-her-yere-geliyor-cakara-rekor-ceza\/\"]}]},{\"@type\":\"BreadcrumbList\",\"@id\":\"http:\/\/denizcankizil.tr\/de\/haberler\/gundem\/trafikte-yapay-zeka-donemi-radarlar-her-yere-geliyor-cakara-rekor-ceza\/#breadcrumb\",\"itemListElement\":[{\"@type\":\"ListItem\",\"position\":1,\"name\":\"Home\",\"item\":\"https:\/\/denizcankizil.tr\/de\/\"},{\"@type\":\"ListItem\",\"position\":2,\"name\":\"Trafikte yapay zeka d\u00f6nemi: Radarlar her yere geliyor, \u00e7akara rekor ceza!\"}]},{\"@type\":\"WebSite\",\"@id\":\"https:\/\/denizcankizil.tr\/de\/#website\",\"url\":\"https:\/\/denizcankizil.tr\/de\/\",\"name\":\"Av. Deniz Can K\u0131z\u0131l\",\"description\":\"Avukat Deniz Can K\u0131z\u0131l Antalya Barosu\",\"publisher\":{\"@id\":\"https:\/\/denizcankizil.tr\/de\/#organization\"},\"potentialAction\":[{\"@type\":\"SearchAction\",\"target\":{\"@type\":\"EntryPoint\",\"urlTemplate\":\"https:\/\/denizcankizil.tr\/de\/?s={search_term_string}\"},\"query-input\":{\"@type\":\"PropertyValueSpecification\",\"valueRequired\":true,\"valueName\":\"search_term_string\"}}],\"inLanguage\":\"de\"},{\"@type\":\"Organization\",\"@id\":\"https:\/\/denizcankizil.tr\/de\/#organization\",\"name\":\"Av. Deniz Can K\u0131z\u0131l\",\"url\":\"https:\/\/denizcankizil.tr\/de\/\",\"logo\":{\"@type\":\"ImageObject\",\"inLanguage\":\"de\",\"@id\":\"https:\/\/denizcankizil.tr\/de\/#\/schema\/logo\/image\/\",\"url\":\"http:\/\/denizcankizil.tr\/wp-content\/uploads\/2024\/10\/siyah-logo-svg.svg\",\"contentUrl\":\"http:\/\/denizcankizil.tr\/wp-content\/uploads\/2024\/10\/siyah-logo-svg.svg\",\"width\":1080,\"height\":1080,\"caption\":\"Av. Deniz Can K\u0131z\u0131l\"},\"image\":{\"@id\":\"https:\/\/denizcankizil.tr\/de\/#\/schema\/logo\/image\/\"}},{\"@type\":\"Person\",\"@id\":\"https:\/\/denizcankizil.tr\/de\/#\/schema\/person\/e1eb71bb4dd684d46563f0af307e1234\",\"name\":\"Antalya K\u00f6rfez\",\"image\":{\"@type\":\"ImageObject\",\"inLanguage\":\"de\",\"@id\":\"https:\/\/denizcankizil.tr\/de\/#\/schema\/person\/image\/\",\"url\":\"https:\/\/secure.gravatar.com\/avatar\/42b01982558a48a0b501fdcab6a408d3717ea5919095ee2e67b0e521799c5905?s=96&d=mm&r=g\",\"contentUrl\":\"https:\/\/secure.gravatar.com\/avatar\/42b01982558a48a0b501fdcab6a408d3717ea5919095ee2e67b0e521799c5905?s=96&d=mm&r=g\",\"caption\":\"Antalya K\u00f6rfez\"},\"sameAs\":[\"http:\/\/www.antalyakorfez.com\"],\"url\":\"https:\/\/www.antalyakorfez.com\/trafikte-yapay-zeka-donemi-radarlar-her-yere-geliyor-cakara-rekor-ceza\"}]}<\/script>\n<!-- \/ Yoast SEO Premium plugin. -->","yoast_head_json":{"title":"Trafikte yapay zeka d\u00f6nemi: Radarlar her yere geliyor, \u00e7akara rekor ceza! - Av. Deniz Can K\u0131z\u0131l","robots":{"index":"index","follow":"follow","max-snippet":"max-snippet:-1","max-image-preview":"max-image-preview:large","max-video-preview":"max-video-preview:-1"},"canonical":"http:\/\/denizcankizil.tr\/de\/haberler\/gundem\/trafikte-yapay-zeka-donemi-radarlar-her-yere-geliyor-cakara-rekor-ceza\/","og_locale":"de_DE","og_type":"article","og_title":"Trafikte yapay zeka d\u00f6nemi: Radarlar her yere geliyor, \u00e7akara rekor ceza!","og_description":"\u0130\u00e7i\u015fleri Bakanl\u0131\u011f\u0131, trafik g\u00fcvenli\u011fini art\u0131rmak amac\u0131yla Karayollar\u0131 Trafik Kanunu&#8217;nda k\u00f6kl\u00fc de\u011fi\u015fikliklere haz\u0131rlan\u0131yor. Yeni d\u00fczenlemeyle birlikte, yapay zeka destekli mobil radar cihazlar\u0131 kazalar\u0131n yo\u011fun oldu\u011fu t\u00fcm b\u00f6lgelere yerle\u015ftirilecek. H\u0131z, emniyet kemeri ve k\u0131rm\u0131z\u0131 \u0131\u015f\u0131k ihlalleri bu cihazlarla an\u0131nda tespit edilerek e-Devlet sistemine aktar\u0131lacak. \u00d6te yandan, yasa d\u0131\u015f\u0131 \u00e7akar kullan\u0131m\u0131na y\u00f6nelik cezalar da a\u011f\u0131rla\u015ft\u0131r\u0131ld\u0131. Art\u0131k \u00e7akar kullananlara 138 bin TL para cezas\u0131 verilecek, ehliyetlerine 30 g\u00fcn el konulacak ve ara\u00e7lar trafikten men edilecek. CEZALAR ARTIYOR UYGULAMALAR DE\u011e\u0130\u015e\u0130YOR \u0130\u00e7i\u015fleri Bakan\u0131 Ali Yerlikaya, trafikte g\u00fcvenli\u011fi art\u0131rmak i\u00e7in kapsaml\u0131 bir eylem plan\u0131 y\u00fcr\u00fctt\u00fcklerini a\u00e7\u0131klad\u0131. Yerlikaya, T\u00fcrkiye&#8217;nin 2030 y\u0131l\u0131na kadar trafik kazalar\u0131na ba\u011fl\u0131 can kay\u0131plar\u0131n\u0131 y\u00fczde 50 azaltmay\u0131, 2050 y\u0131l\u0131nda ise s\u0131f\u0131rlamay\u0131 hedefledi\u011fini vurgulad\u0131. Bu hedef do\u011frultusunda denetimlerin art\u0131r\u0131ld\u0131\u011f\u0131n\u0131, cezalarda ise cayd\u0131r\u0131c\u0131l\u0131k ilkesine \u00f6ncelik verildi\u011fini belirtti. YAPAY ZEKA DESTEKL\u0130 MOB\u0130L RADAR GEL\u0130YOR Bakan Yerlikaya, Radarsan taraf\u0131ndan geli\u015ftirilen yapay zeka destekli mobil radar cihazlar\u0131n\u0131n en \u00e7ok kaza ya\u015fanan noktalara yerle\u015ftirildi\u011fini duyurdu. Radarlar\u0131n okul ve hastane \u00f6nleri ba\u015fta olmak \u00fczere riskli b\u00f6lgelere konulaca\u011f\u0131 ifade edildi. Radarlar\u0131n sadece h\u0131z ihlali de\u011fil, ayn\u0131 zamanda emniyet kemeri tak\u0131lmamas\u0131 gibi kurallar\u0131 da denetleyece\u011fini, ceza bildirimlerinin ise dakikalar i\u00e7inde e-Devlet sistemine d\u00fc\u015fece\u011fini a\u00e7\u0131klad\u0131. TUZAK DE\u011e\u0130L, CAYDIRICILIK Vatanda\u015fa &#8220;Tuzak kurulmad\u0131\u011f\u0131n\u0131&#8221; vurgulayan Yerlikaya, radarlar\u0131n yerlerinin nokta at\u0131\u015f\u0131yla payla\u015f\u0131lmayaca\u011f\u0131n\u0131 ancak uygulama \u00fczerinden b\u00f6lgesel bilgi verilece\u011fini belirtti. &hellip;","og_url":"http:\/\/denizcankizil.tr\/de\/haberler\/gundem\/trafikte-yapay-zeka-donemi-radarlar-her-yere-geliyor-cakara-rekor-ceza\/","og_site_name":"Av. Deniz Can K\u0131z\u0131l","article_published_time":"2025-05-28T20:37:40+00:00","author":"Antalya K\u00f6rfez","twitter_card":"summary_large_image","twitter_misc":{"Verfasst von":"Antalya K\u00f6rfez","Gesch\u00e4tzte Lesezeit":"2\u00a0Minuten"},"schema":{"@context":"https:\/\/schema.org","@graph":[{"@type":"Article","@id":"http:\/\/denizcankizil.tr\/de\/haberler\/gundem\/trafikte-yapay-zeka-donemi-radarlar-her-yere-geliyor-cakara-rekor-ceza\/#article","isPartOf":{"@id":"http:\/\/denizcankizil.tr\/de\/haberler\/gundem\/trafikte-yapay-zeka-donemi-radarlar-her-yere-geliyor-cakara-rekor-ceza\/"},"author":{"name":"Antalya K\u00f6rfez","@id":"https:\/\/denizcankizil.tr\/de\/#\/schema\/person\/e1eb71bb4dd684d46563f0af307e1234"},"headline":"Trafikte yapay zeka d\u00f6nemi: Radarlar her yere geliyor, \u00e7akara rekor ceza!","datePublished":"2025-05-28T20:37:40+00:00","mainEntityOfPage":{"@id":"http:\/\/denizcankizil.tr\/de\/haberler\/gundem\/trafikte-yapay-zeka-donemi-radarlar-her-yere-geliyor-cakara-rekor-ceza\/"},"wordCount":486,"publisher":{"@id":"https:\/\/denizcankizil.tr\/de\/#organization"},"articleSection":["G\u00fcndem"],"inLanguage":"de"},{"@type":"WebPage","@id":"http:\/\/denizcankizil.tr\/de\/haberler\/gundem\/trafikte-yapay-zeka-donemi-radarlar-her-yere-geliyor-cakara-rekor-ceza\/","url":"http:\/\/denizcankizil.tr\/de\/haberler\/gundem\/trafikte-yapay-zeka-donemi-radarlar-her-yere-geliyor-cakara-rekor-ceza\/","name":"Trafikte yapay zeka d\u00f6nemi: Radarlar her yere geliyor, \u00e7akara rekor ceza! - Av. Deniz Can K\u0131z\u0131l","isPartOf":{"@id":"https:\/\/denizcankizil.tr\/de\/#website"},"datePublished":"2025-05-28T20:37:40+00:00","breadcrumb":{"@id":"http:\/\/denizcankizil.tr\/de\/haberler\/gundem\/trafikte-yapay-zeka-donemi-radarlar-her-yere-geliyor-cakara-rekor-ceza\/#breadcrumb"},"inLanguage":"de","potentialAction":[{"@type":"ReadAction","target":["http:\/\/denizcankizil.tr\/de\/haberler\/gundem\/trafikte-yapay-zeka-donemi-radarlar-her-yere-geliyor-cakara-rekor-ceza\/"]}]},{"@type":"BreadcrumbList","@id":"http:\/\/denizcankizil.tr\/de\/haberler\/gundem\/trafikte-yapay-zeka-donemi-radarlar-her-yere-geliyor-cakara-rekor-ceza\/#breadcrumb","itemListElement":[{"@type":"ListItem","position":1,"name":"Home","item":"https:\/\/denizcankizil.tr\/de\/"},{"@type":"ListItem","position":2,"name":"Trafikte yapay zeka d\u00f6nemi: Radarlar her yere geliyor, \u00e7akara rekor ceza!"}]},{"@type":"WebSite","@id":"https:\/\/denizcankizil.tr\/de\/#website","url":"https:\/\/denizcankizil.tr\/de\/","name":"Av. Deniz Can K\u0131z\u0131l","description":"Avukat Deniz Can K\u0131z\u0131l Antalya Barosu","publisher":{"@id":"https:\/\/denizcankizil.tr\/de\/#organization"},"potentialAction":[{"@type":"SearchAction","target":{"@type":"EntryPoint","urlTemplate":"https:\/\/denizcankizil.tr\/de\/?s={search_term_string}"},"query-input":{"@type":"PropertyValueSpecification","valueRequired":true,"valueName":"search_term_string"}}],"inLanguage":"de"},{"@type":"Organization","@id":"https:\/\/denizcankizil.tr\/de\/#organization","name":"Av. Deniz Can K\u0131z\u0131l","url":"https:\/\/denizcankizil.tr\/de\/","logo":{"@type":"ImageObject","inLanguage":"de","@id":"https:\/\/denizcankizil.tr\/de\/#\/schema\/logo\/image\/","url":"http:\/\/denizcankizil.tr\/wp-content\/uploads\/2024\/10\/siyah-logo-svg.svg","contentUrl":"http:\/\/denizcankizil.tr\/wp-content\/uploads\/2024\/10\/siyah-logo-svg.svg","width":1080,"height":1080,"caption":"Av. Deniz Can K\u0131z\u0131l"},"image":{"@id":"https:\/\/denizcankizil.tr\/de\/#\/schema\/logo\/image\/"}},{"@type":"Person","@id":"https:\/\/denizcankizil.tr\/de\/#\/schema\/person\/e1eb71bb4dd684d46563f0af307e1234","name":"Antalya K\u00f6rfez","image":{"@type":"ImageObject","inLanguage":"de","@id":"https:\/\/denizcankizil.tr\/de\/#\/schema\/person\/image\/","url":"https:\/\/secure.gravatar.com\/avatar\/42b01982558a48a0b501fdcab6a408d3717ea5919095ee2e67b0e521799c5905?s=96&d=mm&r=g","contentUrl":"https:\/\/secure.gravatar.com\/avatar\/42b01982558a48a0b501fdcab6a408d3717ea5919095ee2e67b0e521799c5905?s=96&d=mm&r=g","caption":"Antalya K\u00f6rfez"},"sameAs":["http:\/\/www.antalyakorfez.com"],"url":"https:\/\/www.antalyakorfez.com\/trafikte-yapay-zeka-donemi-radarlar-her-yere-geliyor-cakara-rekor-ceza"}]}},"_links":{"self":[{"href":"http:\/\/denizcankizil.tr\/de\/wp-json\/wp\/v2\/posts\/99903","targetHints":{"allow":["GET"]}}],"collection":[{"href":"http:\/\/denizcankizil.tr\/de\/wp-json\/wp\/v2\/posts"}],"about":[{"href":"http:\/\/denizcankizil.tr\/de\/wp-json\/wp\/v2\/types\/post"}],"author":[{"embeddable":true,"href":"http:\/\/denizcankizil.tr\/de\/wp-json\/wp\/v2\/users\/5"}],"replies":[{"embeddable":true,"href":"http:\/\/denizcankizil.tr\/de\/wp-json\/wp\/v2\/comments?post=99903"}],"version-history":[{"count":0,"href":"http:\/\/denizcankizil.tr\/de\/wp-json\/wp\/v2\/posts\/99903\/revisions"}],"wp:attachment":[{"href":"http:\/\/denizcankizil.tr\/de\/wp-json\/wp\/v2\/media?parent=99903"}],"wp:term":[{"taxonomy":"category","embeddable":true,"href":"http:\/\/denizcankizil.tr\/de\/wp-json\/wp\/v2\/categories?post=99903"},{"taxonomy":"post_tag","embeddable":true,"href":"http:\/\/denizcankizil.tr\/de\/wp-json\/wp\/v2\/tags?post=99903"}],"curies":[{"name":"wp","href":"https:\/\/api.w.org\/{rel}","templated":true}]}}