{"id":99376,"date":"2025-05-28T10:42:49","date_gmt":"2025-05-28T07:42:49","guid":{"rendered":"https:\/\/denizcankizil.tr\/uncategorized-tr\/tas-kirma-tesisi-genc-muhendisleri-agirladi\/"},"modified":"2025-05-28T10:42:49","modified_gmt":"2025-05-28T07:42:49","slug":"tas-kirma-tesisi-genc-muhendisleri-agirladi","status":"publish","type":"post","link":"http:\/\/denizcankizil.tr\/de\/haberler\/gundem\/tas-kirma-tesisi-genc-muhendisleri-agirladi\/","title":{"rendered":"Ta\u015f K\u0131rma Tesisi gen\u00e7 m\u00fchendisleri a\u011f\u0131rlad\u0131"},"content":{"rendered":"<p>B\u00fcy\u00fck\u015fehir Belediyesi taraf\u0131ndan K\u00f6rfez K\u0131y\u0131rl\u0131\u2019da kurulan ve b\u00f6lgenin en modern ta\u015f k\u0131rma ve eleme tesisi olma \u00f6zelli\u011fi ta\u015f\u0131yan Ta\u015f K\u0131rma ve Eleme Tesisi, \u0130n\u015faat M\u00fchendisleri Odas\u0131 (\u0130MO) Kocaeli \u015eubesi\u2019ne ba\u011fl\u0131 Gen\u00e7-\u0130MO \u00fcyelerinin teknik gezisine ev sahipli\u011fi yapt\u0131.<\/p>\n<p>\u200bB\u00fcy\u00fck\u015fehir Belediyesi taraf\u0131ndan K\u00f6rfez K\u0131y\u0131rl\u0131\u2019da kurulan ve b\u00f6lgenin en modern ta\u015f k\u0131rma ve eleme tesisi olma \u00f6zelli\u011fi ta\u015f\u0131yan Ta\u015f K\u0131rma ve Eleme Tesisi, \u0130n\u015faat M\u00fchendisleri Odas\u0131 (\u0130MO) Kocaeli \u015eubesi\u2019ne ba\u011fl\u0131 Gen\u00e7-\u0130MO \u00fcyelerinin teknik gezisine ev sahipli\u011fi yapt\u0131.\u00a0<\/p>\n<p>\u200bHaberin Al\u0131nt\u0131land\u0131\u011f\u0131 Kaynak: www.iskenderun.org<\/p>","protected":false},"excerpt":{"rendered":"<p>B\u00fcy\u00fck\u015fehir Belediyesi taraf\u0131ndan K\u00f6rfez K\u0131y\u0131rl\u0131\u2019da kurulan ve b\u00f6lgenin en modern ta\u015f k\u0131rma ve eleme tesisi olma \u00f6zelli\u011fi ta\u015f\u0131yan Ta\u015f K\u0131rma ve Eleme Tesisi, \u0130n\u015faat M\u00fchendisleri Odas\u0131 (\u0130MO) Kocaeli \u015eubesi\u2019ne ba\u011fl\u0131 Gen\u00e7-\u0130MO \u00fcyelerinin teknik gezisine ev sahipli\u011fi yapt\u0131. \u200bB\u00fcy\u00fck\u015fehir Belediyesi taraf\u0131ndan K\u00f6rfez K\u0131y\u0131rl\u0131\u2019da kurulan ve b\u00f6lgenin en modern ta\u015f k\u0131rma ve eleme tesisi olma \u00f6zelli\u011fi ta\u015f\u0131yan Ta\u015f K\u0131rma ve Eleme Tesisi, \u0130n\u015faat M\u00fchendisleri Odas\u0131 (\u0130MO) Kocaeli \u015eubesi\u2019ne ba\u011fl\u0131 Gen\u00e7-\u0130MO \u00fcyelerinin teknik gezisine ev sahipli\u011fi yapt\u0131.\u00a0 \u200bHaberin Al\u0131nt\u0131land\u0131\u011f\u0131 Kaynak: www.iskenderun.org<\/p>","protected":false},"author":1,"featured_media":0,"comment_status":"","ping_status":"open","sticky":false,"template":"","format":"standard","meta":{"_acf_changed":false,"footnotes":""},"categories":[24],"tags":[],"class_list":["post-99376","post","type-post","status-publish","format-standard","has-post-thumbnail","hentry","category-gundem"],"acf":[],"yoast_head":"<!-- This site is optimized with the Yoast SEO Premium plugin v26.6 (Yoast SEO v27.1.1) - https:\/\/yoast.com\/product\/yoast-seo-premium-wordpress\/ -->\n<title>Ta\u015f K\u0131rma Tesisi gen\u00e7 m\u00fchendisleri a\u011f\u0131rlad\u0131 - Av. Deniz Can K\u0131z\u0131l<\/title>\n<meta name=\"robots\" content=\"index, follow, max-snippet:-1, max-image-preview:large, max-video-preview:-1\" \/>\n<link rel=\"canonical\" href=\"http:\/\/denizcankizil.tr\/de\/haberler\/gundem\/tas-kirma-tesisi-genc-muhendisleri-agirladi\/\" \/>\n<meta property=\"og:locale\" content=\"de_DE\" \/>\n<meta property=\"og:type\" content=\"article\" \/>\n<meta property=\"og:title\" content=\"Ta\u015f K\u0131rma Tesisi gen\u00e7 m\u00fchendisleri a\u011f\u0131rlad\u0131\" \/>\n<meta property=\"og:description\" content=\"B\u00fcy\u00fck\u015fehir Belediyesi taraf\u0131ndan K\u00f6rfez K\u0131y\u0131rl\u0131\u2019da kurulan ve b\u00f6lgenin en modern ta\u015f k\u0131rma ve eleme tesisi olma \u00f6zelli\u011fi ta\u015f\u0131yan Ta\u015f K\u0131rma ve Eleme Tesisi, \u0130n\u015faat M\u00fchendisleri Odas\u0131 (\u0130MO) Kocaeli \u015eubesi\u2019ne ba\u011fl\u0131 Gen\u00e7-\u0130MO \u00fcyelerinin teknik gezisine ev sahipli\u011fi yapt\u0131. \u200bB\u00fcy\u00fck\u015fehir Belediyesi taraf\u0131ndan K\u00f6rfez K\u0131y\u0131rl\u0131\u2019da kurulan ve b\u00f6lgenin en modern ta\u015f k\u0131rma ve eleme tesisi olma \u00f6zelli\u011fi ta\u015f\u0131yan Ta\u015f K\u0131rma ve Eleme Tesisi, \u0130n\u015faat M\u00fchendisleri Odas\u0131 (\u0130MO) Kocaeli \u015eubesi\u2019ne ba\u011fl\u0131 Gen\u00e7-\u0130MO \u00fcyelerinin teknik gezisine ev sahipli\u011fi yapt\u0131.\u00a0 \u200bHaberin Al\u0131nt\u0131land\u0131\u011f\u0131 Kaynak: www.iskenderun.org\" \/>\n<meta property=\"og:url\" content=\"http:\/\/denizcankizil.tr\/de\/haberler\/gundem\/tas-kirma-tesisi-genc-muhendisleri-agirladi\/\" \/>\n<meta property=\"og:site_name\" content=\"Av. Deniz Can K\u0131z\u0131l\" \/>\n<meta property=\"article:published_time\" content=\"2025-05-28T07:42:49+00:00\" \/>\n<meta name=\"author\" content=\"admin\" \/>\n<meta name=\"twitter:card\" content=\"summary_large_image\" \/>\n<meta name=\"twitter:label1\" content=\"Verfasst von\" \/>\n\t<meta name=\"twitter:data1\" content=\"admin\" \/>\n\t<meta name=\"twitter:label2\" content=\"Gesch\u00e4tzte Lesezeit\" \/>\n\t<meta name=\"twitter:data2\" content=\"1\u00a0Minute\" \/>\n<script type=\"application\/ld+json\" class=\"yoast-schema-graph\">{\"@context\":\"https:\/\/schema.org\",\"@graph\":[{\"@type\":\"Article\",\"@id\":\"http:\/\/denizcankizil.tr\/de\/haberler\/gundem\/tas-kirma-tesisi-genc-muhendisleri-agirladi\/#article\",\"isPartOf\":{\"@id\":\"http:\/\/denizcankizil.tr\/de\/haberler\/gundem\/tas-kirma-tesisi-genc-muhendisleri-agirladi\/\"},\"author\":{\"name\":\"admin\",\"@id\":\"https:\/\/denizcankizil.tr\/#\/schema\/person\/be3c05fe6a12686905512445d8185489\"},\"headline\":\"Ta\u015f K\u0131rma Tesisi gen\u00e7 m\u00fchendisleri a\u011f\u0131rlad\u0131\",\"datePublished\":\"2025-05-28T07:42:49+00:00\",\"mainEntityOfPage\":{\"@id\":\"http:\/\/denizcankizil.tr\/de\/haberler\/gundem\/tas-kirma-tesisi-genc-muhendisleri-agirladi\/\"},\"wordCount\":131,\"publisher\":{\"@id\":\"https:\/\/denizcankizil.tr\/#organization\"},\"articleSection\":[\"G\u00fcndem\"],\"inLanguage\":\"de\"},{\"@type\":\"WebPage\",\"@id\":\"http:\/\/denizcankizil.tr\/de\/haberler\/gundem\/tas-kirma-tesisi-genc-muhendisleri-agirladi\/\",\"url\":\"http:\/\/denizcankizil.tr\/de\/haberler\/gundem\/tas-kirma-tesisi-genc-muhendisleri-agirladi\/\",\"name\":\"Ta\u015f K\u0131rma Tesisi gen\u00e7 m\u00fchendisleri a\u011f\u0131rlad\u0131 - Av. Deniz Can K\u0131z\u0131l\",\"isPartOf\":{\"@id\":\"https:\/\/denizcankizil.tr\/#website\"},\"datePublished\":\"2025-05-28T07:42:49+00:00\",\"breadcrumb\":{\"@id\":\"http:\/\/denizcankizil.tr\/de\/haberler\/gundem\/tas-kirma-tesisi-genc-muhendisleri-agirladi\/#breadcrumb\"},\"inLanguage\":\"de\",\"potentialAction\":[{\"@type\":\"ReadAction\",\"target\":[\"http:\/\/denizcankizil.tr\/de\/haberler\/gundem\/tas-kirma-tesisi-genc-muhendisleri-agirladi\/\"]}]},{\"@type\":\"BreadcrumbList\",\"@id\":\"http:\/\/denizcankizil.tr\/de\/haberler\/gundem\/tas-kirma-tesisi-genc-muhendisleri-agirladi\/#breadcrumb\",\"itemListElement\":[{\"@type\":\"ListItem\",\"position\":1,\"name\":\"Home\",\"item\":\"https:\/\/denizcankizil.tr\/uk\/\"},{\"@type\":\"ListItem\",\"position\":2,\"name\":\"Ta\u015f K\u0131rma Tesisi gen\u00e7 m\u00fchendisleri a\u011f\u0131rlad\u0131\"}]},{\"@type\":\"WebSite\",\"@id\":\"https:\/\/denizcankizil.tr\/#website\",\"url\":\"https:\/\/denizcankizil.tr\/\",\"name\":\"Av. Deniz Can K\u0131z\u0131l\",\"description\":\"Avukat Deniz Can K\u0131z\u0131l Antalya Barosu\",\"publisher\":{\"@id\":\"https:\/\/denizcankizil.tr\/#organization\"},\"potentialAction\":[{\"@type\":\"SearchAction\",\"target\":{\"@type\":\"EntryPoint\",\"urlTemplate\":\"https:\/\/denizcankizil.tr\/?s={search_term_string}\"},\"query-input\":{\"@type\":\"PropertyValueSpecification\",\"valueRequired\":true,\"valueName\":\"search_term_string\"}}],\"inLanguage\":\"de\"},{\"@type\":\"Organization\",\"@id\":\"https:\/\/denizcankizil.tr\/#organization\",\"name\":\"Av. Deniz Can K\u0131z\u0131l\",\"url\":\"https:\/\/denizcankizil.tr\/\",\"logo\":{\"@type\":\"ImageObject\",\"inLanguage\":\"de\",\"@id\":\"https:\/\/denizcankizil.tr\/#\/schema\/logo\/image\/\",\"url\":\"http:\/\/denizcankizil.tr\/wp-content\/uploads\/2024\/10\/siyah-logo-svg.svg\",\"contentUrl\":\"http:\/\/denizcankizil.tr\/wp-content\/uploads\/2024\/10\/siyah-logo-svg.svg\",\"width\":1080,\"height\":1080,\"caption\":\"Av. Deniz Can K\u0131z\u0131l\"},\"image\":{\"@id\":\"https:\/\/denizcankizil.tr\/#\/schema\/logo\/image\/\"}},{\"@type\":\"Person\",\"@id\":\"https:\/\/denizcankizil.tr\/#\/schema\/person\/be3c05fe6a12686905512445d8185489\",\"name\":\"admin\",\"image\":{\"@type\":\"ImageObject\",\"inLanguage\":\"de\",\"@id\":\"https:\/\/denizcankizil.tr\/#\/schema\/person\/image\/\",\"url\":\"https:\/\/secure.gravatar.com\/avatar\/c1fce94c830dc79107e174f890d7210541c4a63e8e5d816341794a2151c9d58c?s=96&d=mm&r=g\",\"contentUrl\":\"https:\/\/secure.gravatar.com\/avatar\/c1fce94c830dc79107e174f890d7210541c4a63e8e5d816341794a2151c9d58c?s=96&d=mm&r=g\",\"caption\":\"admin\"},\"sameAs\":[\"http:\/\/denizcankizil.tr\"],\"url\":\"https:\/\/www.iskenderun.org\/tas-kirma-tesisi-genc-muhendisleri-agirladi\"}]}<\/script>\n<!-- \/ Yoast SEO Premium plugin. -->","yoast_head_json":{"title":"Ta\u015f K\u0131rma Tesisi gen\u00e7 m\u00fchendisleri a\u011f\u0131rlad\u0131 - Av. Deniz Can K\u0131z\u0131l","robots":{"index":"index","follow":"follow","max-snippet":"max-snippet:-1","max-image-preview":"max-image-preview:large","max-video-preview":"max-video-preview:-1"},"canonical":"http:\/\/denizcankizil.tr\/de\/haberler\/gundem\/tas-kirma-tesisi-genc-muhendisleri-agirladi\/","og_locale":"de_DE","og_type":"article","og_title":"Ta\u015f K\u0131rma Tesisi gen\u00e7 m\u00fchendisleri a\u011f\u0131rlad\u0131","og_description":"B\u00fcy\u00fck\u015fehir Belediyesi taraf\u0131ndan K\u00f6rfez K\u0131y\u0131rl\u0131\u2019da kurulan ve b\u00f6lgenin en modern ta\u015f k\u0131rma ve eleme tesisi olma \u00f6zelli\u011fi ta\u015f\u0131yan Ta\u015f K\u0131rma ve Eleme Tesisi, \u0130n\u015faat M\u00fchendisleri Odas\u0131 (\u0130MO) Kocaeli \u015eubesi\u2019ne ba\u011fl\u0131 Gen\u00e7-\u0130MO \u00fcyelerinin teknik gezisine ev sahipli\u011fi yapt\u0131. \u200bB\u00fcy\u00fck\u015fehir Belediyesi taraf\u0131ndan K\u00f6rfez K\u0131y\u0131rl\u0131\u2019da kurulan ve b\u00f6lgenin en modern ta\u015f k\u0131rma ve eleme tesisi olma \u00f6zelli\u011fi ta\u015f\u0131yan Ta\u015f K\u0131rma ve Eleme Tesisi, \u0130n\u015faat M\u00fchendisleri Odas\u0131 (\u0130MO) Kocaeli \u015eubesi\u2019ne ba\u011fl\u0131 Gen\u00e7-\u0130MO \u00fcyelerinin teknik gezisine ev sahipli\u011fi yapt\u0131.\u00a0 \u200bHaberin Al\u0131nt\u0131land\u0131\u011f\u0131 Kaynak: www.iskenderun.org","og_url":"http:\/\/denizcankizil.tr\/de\/haberler\/gundem\/tas-kirma-tesisi-genc-muhendisleri-agirladi\/","og_site_name":"Av. Deniz Can K\u0131z\u0131l","article_published_time":"2025-05-28T07:42:49+00:00","author":"admin","twitter_card":"summary_large_image","twitter_misc":{"Verfasst von":"admin","Gesch\u00e4tzte Lesezeit":"1\u00a0Minute"},"schema":{"@context":"https:\/\/schema.org","@graph":[{"@type":"Article","@id":"http:\/\/denizcankizil.tr\/de\/haberler\/gundem\/tas-kirma-tesisi-genc-muhendisleri-agirladi\/#article","isPartOf":{"@id":"http:\/\/denizcankizil.tr\/de\/haberler\/gundem\/tas-kirma-tesisi-genc-muhendisleri-agirladi\/"},"author":{"name":"admin","@id":"https:\/\/denizcankizil.tr\/#\/schema\/person\/be3c05fe6a12686905512445d8185489"},"headline":"Ta\u015f K\u0131rma Tesisi gen\u00e7 m\u00fchendisleri a\u011f\u0131rlad\u0131","datePublished":"2025-05-28T07:42:49+00:00","mainEntityOfPage":{"@id":"http:\/\/denizcankizil.tr\/de\/haberler\/gundem\/tas-kirma-tesisi-genc-muhendisleri-agirladi\/"},"wordCount":131,"publisher":{"@id":"https:\/\/denizcankizil.tr\/#organization"},"articleSection":["G\u00fcndem"],"inLanguage":"de"},{"@type":"WebPage","@id":"http:\/\/denizcankizil.tr\/de\/haberler\/gundem\/tas-kirma-tesisi-genc-muhendisleri-agirladi\/","url":"http:\/\/denizcankizil.tr\/de\/haberler\/gundem\/tas-kirma-tesisi-genc-muhendisleri-agirladi\/","name":"Ta\u015f K\u0131rma Tesisi gen\u00e7 m\u00fchendisleri a\u011f\u0131rlad\u0131 - Av. Deniz Can K\u0131z\u0131l","isPartOf":{"@id":"https:\/\/denizcankizil.tr\/#website"},"datePublished":"2025-05-28T07:42:49+00:00","breadcrumb":{"@id":"http:\/\/denizcankizil.tr\/de\/haberler\/gundem\/tas-kirma-tesisi-genc-muhendisleri-agirladi\/#breadcrumb"},"inLanguage":"de","potentialAction":[{"@type":"ReadAction","target":["http:\/\/denizcankizil.tr\/de\/haberler\/gundem\/tas-kirma-tesisi-genc-muhendisleri-agirladi\/"]}]},{"@type":"BreadcrumbList","@id":"http:\/\/denizcankizil.tr\/de\/haberler\/gundem\/tas-kirma-tesisi-genc-muhendisleri-agirladi\/#breadcrumb","itemListElement":[{"@type":"ListItem","position":1,"name":"Home","item":"https:\/\/denizcankizil.tr\/uk\/"},{"@type":"ListItem","position":2,"name":"Ta\u015f K\u0131rma Tesisi gen\u00e7 m\u00fchendisleri a\u011f\u0131rlad\u0131"}]},{"@type":"WebSite","@id":"https:\/\/denizcankizil.tr\/#website","url":"https:\/\/denizcankizil.tr\/","name":"Av. Deniz Can K\u0131z\u0131l","description":"Avukat Deniz Can K\u0131z\u0131l Antalya Barosu","publisher":{"@id":"https:\/\/denizcankizil.tr\/#organization"},"potentialAction":[{"@type":"SearchAction","target":{"@type":"EntryPoint","urlTemplate":"https:\/\/denizcankizil.tr\/?s={search_term_string}"},"query-input":{"@type":"PropertyValueSpecification","valueRequired":true,"valueName":"search_term_string"}}],"inLanguage":"de"},{"@type":"Organization","@id":"https:\/\/denizcankizil.tr\/#organization","name":"Av. Deniz Can K\u0131z\u0131l","url":"https:\/\/denizcankizil.tr\/","logo":{"@type":"ImageObject","inLanguage":"de","@id":"https:\/\/denizcankizil.tr\/#\/schema\/logo\/image\/","url":"http:\/\/denizcankizil.tr\/wp-content\/uploads\/2024\/10\/siyah-logo-svg.svg","contentUrl":"http:\/\/denizcankizil.tr\/wp-content\/uploads\/2024\/10\/siyah-logo-svg.svg","width":1080,"height":1080,"caption":"Av. Deniz Can K\u0131z\u0131l"},"image":{"@id":"https:\/\/denizcankizil.tr\/#\/schema\/logo\/image\/"}},{"@type":"Person","@id":"https:\/\/denizcankizil.tr\/#\/schema\/person\/be3c05fe6a12686905512445d8185489","name":"Administrator","image":{"@type":"ImageObject","inLanguage":"de","@id":"https:\/\/denizcankizil.tr\/#\/schema\/person\/image\/","url":"https:\/\/secure.gravatar.com\/avatar\/c1fce94c830dc79107e174f890d7210541c4a63e8e5d816341794a2151c9d58c?s=96&d=mm&r=g","contentUrl":"https:\/\/secure.gravatar.com\/avatar\/c1fce94c830dc79107e174f890d7210541c4a63e8e5d816341794a2151c9d58c?s=96&d=mm&r=g","caption":"admin"},"sameAs":["http:\/\/denizcankizil.tr"],"url":"https:\/\/www.iskenderun.org\/tas-kirma-tesisi-genc-muhendisleri-agirladi"}]}},"_links":{"self":[{"href":"http:\/\/denizcankizil.tr\/de\/wp-json\/wp\/v2\/posts\/99376","targetHints":{"allow":["GET"]}}],"collection":[{"href":"http:\/\/denizcankizil.tr\/de\/wp-json\/wp\/v2\/posts"}],"about":[{"href":"http:\/\/denizcankizil.tr\/de\/wp-json\/wp\/v2\/types\/post"}],"author":[{"embeddable":true,"href":"http:\/\/denizcankizil.tr\/de\/wp-json\/wp\/v2\/users\/1"}],"replies":[{"embeddable":true,"href":"http:\/\/denizcankizil.tr\/de\/wp-json\/wp\/v2\/comments?post=99376"}],"version-history":[{"count":0,"href":"http:\/\/denizcankizil.tr\/de\/wp-json\/wp\/v2\/posts\/99376\/revisions"}],"wp:attachment":[{"href":"http:\/\/denizcankizil.tr\/de\/wp-json\/wp\/v2\/media?parent=99376"}],"wp:term":[{"taxonomy":"category","embeddable":true,"href":"http:\/\/denizcankizil.tr\/de\/wp-json\/wp\/v2\/categories?post=99376"},{"taxonomy":"post_tag","embeddable":true,"href":"http:\/\/denizcankizil.tr\/de\/wp-json\/wp\/v2\/tags?post=99376"}],"curies":[{"name":"wp","href":"https:\/\/api.w.org\/{rel}","templated":true}]}}