{"id":98608,"date":"2025-05-27T17:43:05","date_gmt":"2025-05-27T14:43:05","guid":{"rendered":"https:\/\/denizcankizil.tr\/uncategorized-tr\/baskan-bozbeyden-ulasim-mujdeleri-cali-demirtasa-rayli-sistem-hazirligi\/"},"modified":"2025-05-27T17:43:05","modified_gmt":"2025-05-27T14:43:05","slug":"baskan-bozbeyden-ulasim-mujdeleri-cali-demirtasa-rayli-sistem-hazirligi","status":"publish","type":"post","link":"http:\/\/denizcankizil.tr\/de\/haberler\/gundem\/baskan-bozbeyden-ulasim-mujdeleri-cali-demirtasa-rayli-sistem-hazirligi\/","title":{"rendered":"Ba\u015fkan Bozbey\u2019den ula\u015f\u0131m m\u00fcjdeleri&#8230; \u00c7al\u0131-Demirta\u015f&#8217;a rayl\u0131 sistem haz\u0131rl\u0131\u011f\u0131"},"content":{"rendered":"<p>Bursa B\u00fcy\u00fck\u015fehir Belediye Ba\u015fkan\u0131 Mustafa Bozbey, \u00c7al\u0131-Demirta\u015f rayl\u0131 sistem hatt\u0131 \u00e7al\u0131\u015fmalar\u0131n\u0131n ba\u015flayaca\u011f\u0131n\u0131 duyurdu. Tarihi Belediye Binas\u0131 i\u00e7in Vak\u0131flar\u2019\u0131n 1,4 milyon TL kira talebine tepki g\u00f6sterdi.BURSA (\u0130GFA) &#8211; Bursa B\u00fcy\u00fck\u015fehir Belediye Ba\u015fkan\u0131 Mustafa Bozbey, May\u0131s Ay\u0131 De\u011ferlendirme Toplant\u0131s\u0131\u2019nda ula\u015f\u0131m yat\u0131r\u0131mlar\u0131, yeni projeler ve Tarihi Belediye Binas\u0131\u2019yla ilgili \u00f6nemli a\u00e7\u0131klamalarda bulundu. Toplant\u0131ya CHP Bursa \u0130l Ba\u015fkan\u0131 Nihat Ye\u015filta\u015f, b\u00fcrokratlar ve bas\u0131n mensuplar\u0131 kat\u0131ld\u0131.<br \/>\nBursa\u2019n\u0131n planlama hatalar\u0131 nedeniyle ula\u015f\u0131m sorunlar\u0131 ya\u015fad\u0131\u011f\u0131n\u0131, kenti yayarak bu sorunlar\u0131 \u00e7\u00f6zeceklerini belirten Ba\u015fkan Bozbey, 2024-2025\u2019te 17 il\u00e7ede 2 milyar TL\u2019lik yat\u0131r\u0131mla 136 bin ton asfalt, 147 bin metrekare tretuvar \u00e7al\u0131\u015fmas\u0131 yap\u0131ld\u0131\u011f\u0131n\u0131, 530 bin ton s\u0131cak asfalt serimi planland\u0131\u011f\u0131n\u0131 s\u00f6yledi.<\/p>\n<p>YEN\u0130 ULA\u015eIM PROJELER\u0130&#8230;<br \/>\n\u00c7al\u0131-Demirta\u015f rayl\u0131 sistem hatt\u0131 i\u00e7in \u00e7al\u0131\u015fmalara ba\u015flanaca\u011f\u0131n\u0131 duyuran Ba\u015fkan Bozbey, 22 kilometrelik, 16 istasyonlu metro projesinin 700 bin ki\u015fiye hizmet verece\u011fini a\u00e7\u0131klad\u0131. T5 tramvay hatt\u0131 (10 km, 9 istasyon) ve Bursaray entegrasyon projeleri de g\u00fcndemde oldu\u011funu belirterek, Mudanya metrob\u00fcs hatt\u0131 ile Ge\u00e7it-Bademli Nil\u00fcfer \u00c7ay\u0131 K\u00f6pr\u00fcs\u00fc gibi projeler i\u00e7in ihale haz\u0131rl\u0131klar\u0131 tamamland\u0131\u011f\u0131n\u0131 duyurdu.<br \/>\nBa\u015fkan Bozbey, ak\u0131ll\u0131 kav\u015faklarla y\u00fczde 28 bekleme s\u00fcresi azald\u0131\u011fn\u0131 ve bu sayede 6 bin litre yak\u0131t tasarrufu sa\u011fland\u0131\u011f\u0131n\u0131 kaydetti.<br \/>\nSon bir y\u0131lda otob\u00fcs ve rayl\u0131 sistemle 354 milyon yolcu ta\u015f\u0131nd\u0131\u011f\u0131n\u0131 belirten BURULA\u015e ile ilgili istatistiki bilgiler de payla\u015ft\u0131.<br \/>\nBurula\u015f&#8217;\u0131n i\u015fletimindeki Bursa Deniz Otob\u00fcsleri BUDO ile denizyolundan 898 bin, BBBUS karayolundan 1,8 milyon yolcu ta\u015f\u0131nd\u0131\u011f\u0131n\u0131 ve 69 milyon \u00fccretsiz yolculuk sa\u011fland\u0131\u011f\u0131n\u0131 kaydeden B\u00fcy\u00fck\u015fehir Belediye Ba\u015fkan\u0131 Mustafa Bozbey, &#8220;Otob\u00fcs filosunun ya\u015f\u0131 10,4\u2019ten 7\u2019ye d\u00fc\u015f\u00fcr\u00fclmesi i\u00e7in 40 ara\u00e7 yenilendi. Anne Kart ve Engelsiz Bursa uygulamalar\u0131 hayata ge\u00e7ti. BURULA\u015e, g\u00fcne\u015f enerjisiyle y\u00fczde 2,5 enerji \u00fcretiyor, S\u00f6\u011f\u00fct\u2019te 5 MW\u2019l\u0131k santral planlan\u0131yor&#8221; dedi.<\/p>\n<p>&#8220;TAR\u0130H\u0130 B\u0130NALAR 3,3 M\u0130LYON BURSALI&#8217;NINDIR&#8221;<br \/>\nBa\u015fkan Bozbey, Vak\u0131flar Genel M\u00fcd\u00fcrl\u00fc\u011f\u00fc\u2019n\u00fcn Tarihi Belediye Binas\u0131 i\u00e7in y\u0131ll\u0131k 1,4 milyon TL kira talep etti\u011fini, Mahfel ve \u015eehir K\u00fct\u00fcphanesi gibi belediye m\u00fclklerine el konuldu\u011funu a\u00e7\u0131klad\u0131.<br \/>\nBunlardan en \u00e7arp\u0131c\u0131s\u0131, Bursa Tarihi Belediye Binas\u0131 oldu\u011funu ifade eden Bozbey, &#8220;1880\u2019lerde yap\u0131lan bina, 1928\u2019de belediye ad\u0131na tescillenmi\u015ftir. Vak\u0131flar, bu bina i\u00e7in y\u0131ll\u0131k 1 milyon 440 bin TL kira istemektedir. Vak\u0131flar B\u00f6lge M\u00fcd\u00fcr\u00fc\u2019n\u00fc arayarak konu\u015ftum. 350 bin lira olan kiray\u0131 200 bine d\u00fc\u015f\u00fcrd\u00fcklerini s\u00f6yledi ve \u20183 g\u00fcn i\u00e7erisinde \u00f6dersiniz. \u00d6demezseniz gider oraya otururum. O binaya ta\u015f\u0131n\u0131r\u0131m&#8217; dedi. B\u00f6yle bir \u015feyi Bursal\u0131lar\u0131n ad\u0131na kabul etmem m\u00fcmk\u00fcn de\u011fil. O bina 3.3 milyon Bursal\u0131n\u0131n binas\u0131d\u0131r. Vak\u0131flar B\u00f6lge M\u00fcd\u00fcrl\u00fc\u011f\u00fc\u2019n\u00fcn binas\u0131 de\u011fildir. Mahfel de elimizden al\u0131nm\u0131\u015ft\u0131r. \u015eehir K\u00fct\u00fcphanesi i\u00e7in y\u0131ll\u0131k 120 bin lira kira istenmektedir. Mahkeme Hamam\u0131, Tahsilat ve Eski Lojman, Hakk\u0131 Pa\u015fa Kona\u011f\u0131, H\u00fcsn\u00fc Z\u00fcber Evi, \u0130ncirli Hamam\u0131, Beyaz\u0131t Pa\u015fa Medresesi, Umur Bey Hamam\u0131, Mudanya Tahir A\u011fa Hamam\u0131, H\u00fcnkar K\u00f6\u015fk\u00fc civar\u0131ndaki arsa, Darphane K\u00fclt\u00fcr Merkezi gibi bir\u00e7ok ta\u015f\u0131nmaz benzer gerek\u00e7elerle elimizden al\u0131nm\u0131\u015ft\u0131r. Bu yap\u0131larda vakfa ait herhangi bir mimari ya da tarihi eser bulunmamaktad\u0131r ve \u00e7o\u011fu tamamen belediye yat\u0131r\u0131m\u0131yla ihya edilmi\u015ftir. Bu ta\u015f\u0131nmazlar, halk\u0131n ortak de\u011feridir&#8221; diye konu\u015ftu.<br \/>\nS\u00f6z konusu binalar\u0131n 3,3 milyon Bursal\u0131\u2019n\u0131n oldu\u011funu ifade eden Bozbey, adaletsiz uygulamay\u0131 kabul etmediklerini belirterek, hukuki m\u00fccadelenin s\u00fcrece\u011fini kaydetti.<br \/>\nAyr\u0131ca BUSK\u0130\u2019nin borcunun 17,8 milyar TL\u2019ye ula\u015ft\u0131\u011f\u0131n\u0131 toplam borcun 33,2 milyar TL oldu\u011funu ifade eden Ba\u015fkan Bozbey, mali disiplinle bor\u00e7lar\u0131 azaltt\u0131klar\u0131n\u0131, ancak vergi gelirlerinde d\u00fc\u015f\u00fc\u015f oldu\u011funu s\u00f6yledi. Ba\u015fkan Bozbey, \u201cBursa bu bor\u00e7lar\u0131n alt\u0131ndan kalkar\u201d dedi.<br \/>\nBursal\u0131lar\u0131n yakla\u015fan Kurban Bayram\u0131\u2019n\u0131 da kutlayan Bozbey, trafik ve hijyen kurallar\u0131na y\u00f6nelik de \u00e7a\u011fr\u0131larda bulundu.<\/p>\n<p>\u200bBursa B\u00fcy\u00fck\u015fehir Belediye Ba\u015fkan\u0131 Mustafa Bozbey, \u00c7al\u0131-Demirta\u015f rayl\u0131 sistem hatt\u0131 \u00e7al\u0131\u015fmalar\u0131n\u0131n ba\u015flayaca\u011f\u0131n\u0131 duyurdu. Tarihi Belediye Binas\u0131 i\u00e7in Vak\u0131flar\u2019\u0131n 1,4 milyon TL kira talebine tepki g\u00f6sterdi.BURSA (\u0130GFA) &#8211; Bursa B\u00fcy\u00fck\u015fehir Belediye Ba\u015fkan\u0131 Mustafa Bozbey, May\u0131s Ay\u0131 De\u011ferlendirme Toplant\u0131s\u0131\u2019nda ula\u015f\u0131m yat\u0131r\u0131mlar\u0131, yeni projeler ve Tarihi Belediye Binas\u0131\u2019yla ilgili \u00f6nemli a\u00e7\u0131klamalarda bulundu. Toplant\u0131ya CHP Bursa \u0130l Ba\u015fkan\u0131 Nihat Ye\u015filta\u015f, b\u00fcrokratlar ve bas\u0131n mensuplar\u0131 kat\u0131ld\u0131.<br \/>\nBursa\u2019n\u0131n planlama hatalar\u0131 nedeniyle ula\u015f\u0131m sorunlar\u0131 ya\u015fad\u0131\u011f\u0131n\u0131, kenti yayarak bu sorunlar\u0131 \u00e7\u00f6zeceklerini belirten Ba\u015fkan Bozbey, 2024-2025\u2019te 17 il\u00e7ede 2 milyar TL\u2019lik yat\u0131r\u0131mla 136 bin ton asfalt, 147 bin metrekare tretuvar \u00e7al\u0131\u015fmas\u0131 yap\u0131ld\u0131\u011f\u0131n\u0131, 530 bin ton s\u0131cak asfalt serimi planland\u0131\u011f\u0131n\u0131 s\u00f6yledi.<\/p>\n<p>YEN\u0130 ULA\u015eIM PROJELER\u0130&#8230;<br \/>\n\u00c7al\u0131-Demirta\u015f rayl\u0131 sistem hatt\u0131 i\u00e7in \u00e7al\u0131\u015fmalara ba\u015flanaca\u011f\u0131n\u0131 duyuran Ba\u015fkan Bozbey, 22 kilometrelik, 16 istasyonlu metro projesinin 700 bin ki\u015fiye hizmet verece\u011fini a\u00e7\u0131klad\u0131. T5 tramvay hatt\u0131 (10 km, 9 istasyon) ve Bursaray entegrasyon projeleri de g\u00fcndemde oldu\u011funu belirterek, Mudanya metrob\u00fcs hatt\u0131 ile Ge\u00e7it-Bademli Nil\u00fcfer \u00c7ay\u0131 K\u00f6pr\u00fcs\u00fc gibi projeler i\u00e7in ihale haz\u0131rl\u0131klar\u0131 tamamland\u0131\u011f\u0131n\u0131 duyurdu.<br \/>\nBa\u015fkan Bozbey, ak\u0131ll\u0131 kav\u015faklarla y\u00fczde 28 bekleme s\u00fcresi azald\u0131\u011fn\u0131 ve bu sayede 6 bin litre yak\u0131t tasarrufu sa\u011fland\u0131\u011f\u0131n\u0131 kaydetti.<br \/>\nSon bir y\u0131lda otob\u00fcs ve rayl\u0131 sistemle 354 milyon yolcu ta\u015f\u0131nd\u0131\u011f\u0131n\u0131 belirten BURULA\u015e ile ilgili istatistiki bilgiler de payla\u015ft\u0131.<br \/>\nBurula\u015f&#8217;\u0131n i\u015fletimindeki Bursa Deniz Otob\u00fcsleri BUDO ile denizyolundan 898 bin, BBBUS karayolundan 1,8 milyon yolcu ta\u015f\u0131nd\u0131\u011f\u0131n\u0131 ve 69 milyon \u00fccretsiz yolculuk sa\u011fland\u0131\u011f\u0131n\u0131 kaydeden B\u00fcy\u00fck\u015fehir Belediye Ba\u015fkan\u0131 Mustafa Bozbey, &#8220;Otob\u00fcs filosunun ya\u015f\u0131 10,4\u2019ten 7\u2019ye d\u00fc\u015f\u00fcr\u00fclmesi i\u00e7in 40 ara\u00e7 yenilendi. Anne Kart ve Engelsiz Bursa uygulamalar\u0131 hayata ge\u00e7ti. BURULA\u015e, g\u00fcne\u015f enerjisiyle y\u00fczde 2,5 enerji \u00fcretiyor, S\u00f6\u011f\u00fct\u2019te 5 MW\u2019l\u0131k santral planlan\u0131yor&#8221; dedi.<\/p>\n<p>&#8220;TAR\u0130H\u0130 B\u0130NALAR 3,3 M\u0130LYON BURSALI&#8217;NINDIR&#8221;<br \/>\nBa\u015fkan Bozbey, Vak\u0131flar Genel M\u00fcd\u00fcrl\u00fc\u011f\u00fc\u2019n\u00fcn Tarihi Belediye Binas\u0131 i\u00e7in y\u0131ll\u0131k 1,4 milyon TL kira talep etti\u011fini, Mahfel ve \u015eehir K\u00fct\u00fcphanesi gibi belediye m\u00fclklerine el konuldu\u011funu a\u00e7\u0131klad\u0131.<br \/>\nBunlardan en \u00e7arp\u0131c\u0131s\u0131, Bursa Tarihi Belediye Binas\u0131 oldu\u011funu ifade eden Bozbey, &#8220;1880\u2019lerde yap\u0131lan bina, 1928\u2019de belediye ad\u0131na tescillenmi\u015ftir. Vak\u0131flar, bu bina i\u00e7in y\u0131ll\u0131k 1 milyon 440 bin TL kira istemektedir. Vak\u0131flar B\u00f6lge M\u00fcd\u00fcr\u00fc\u2019n\u00fc arayarak konu\u015ftum. 350 bin lira olan kiray\u0131 200 bine d\u00fc\u015f\u00fcrd\u00fcklerini s\u00f6yledi ve \u20183 g\u00fcn i\u00e7erisinde \u00f6dersiniz. \u00d6demezseniz gider oraya otururum. O binaya ta\u015f\u0131n\u0131r\u0131m&#8217; dedi. B\u00f6yle bir \u015feyi Bursal\u0131lar\u0131n ad\u0131na kabul etmem m\u00fcmk\u00fcn de\u011fil. O bina 3.3 milyon Bursal\u0131n\u0131n binas\u0131d\u0131r. Vak\u0131flar B\u00f6lge M\u00fcd\u00fcrl\u00fc\u011f\u00fc\u2019n\u00fcn binas\u0131 de\u011fildir. Mahfel de elimizden al\u0131nm\u0131\u015ft\u0131r. \u015eehir K\u00fct\u00fcphanesi i\u00e7in y\u0131ll\u0131k 120 bin lira kira istenmektedir. Mahkeme Hamam\u0131, Tahsilat ve Eski Lojman, Hakk\u0131 Pa\u015fa Kona\u011f\u0131, H\u00fcsn\u00fc Z\u00fcber Evi, \u0130ncirli Hamam\u0131, Beyaz\u0131t Pa\u015fa Medresesi, Umur Bey Hamam\u0131, Mudanya Tahir A\u011fa Hamam\u0131, H\u00fcnkar K\u00f6\u015fk\u00fc civar\u0131ndaki arsa, Darphane K\u00fclt\u00fcr Merkezi gibi bir\u00e7ok ta\u015f\u0131nmaz benzer gerek\u00e7elerle elimizden al\u0131nm\u0131\u015ft\u0131r. Bu yap\u0131larda vakfa ait herhangi bir mimari ya da tarihi eser bulunmamaktad\u0131r ve \u00e7o\u011fu tamamen belediye yat\u0131r\u0131m\u0131yla ihya edilmi\u015ftir. Bu ta\u015f\u0131nmazlar, halk\u0131n ortak de\u011feridir&#8221; diye konu\u015ftu.<br \/>\nS\u00f6z konusu binalar\u0131n 3,3 milyon Bursal\u0131\u2019n\u0131n oldu\u011funu ifade eden Bozbey, adaletsiz uygulamay\u0131 kabul etmediklerini belirterek, hukuki m\u00fccadelenin s\u00fcrece\u011fini kaydetti.<br \/>\nAyr\u0131ca BUSK\u0130\u2019nin borcunun 17,8 milyar TL\u2019ye ula\u015ft\u0131\u011f\u0131n\u0131 toplam borcun 33,2 milyar TL oldu\u011funu ifade eden Ba\u015fkan Bozbey, mali disiplinle bor\u00e7lar\u0131 azaltt\u0131klar\u0131n\u0131, ancak vergi gelirlerinde d\u00fc\u015f\u00fc\u015f oldu\u011funu s\u00f6yledi. Ba\u015fkan Bozbey, \u201cBursa bu bor\u00e7lar\u0131n alt\u0131ndan kalkar\u201d dedi.<br \/>\nBursal\u0131lar\u0131n yakla\u015fan Kurban Bayram\u0131\u2019n\u0131 da kutlayan Bozbey, trafik ve hijyen kurallar\u0131na y\u00f6nelik de \u00e7a\u011fr\u0131larda bulundu.\u00a0<\/p>\n<p>\u200bHaberin Al\u0131nt\u0131land\u0131\u011f\u0131 Kaynak: www.iskenderun.org<\/p>","protected":false},"excerpt":{"rendered":"<p>Bursa B\u00fcy\u00fck\u015fehir Belediye Ba\u015fkan\u0131 Mustafa Bozbey, \u00c7al\u0131-Demirta\u015f rayl\u0131 sistem hatt\u0131 \u00e7al\u0131\u015fmalar\u0131n\u0131n ba\u015flayaca\u011f\u0131n\u0131 duyurdu. Tarihi Belediye Binas\u0131 i\u00e7in Vak\u0131flar\u2019\u0131n 1,4 milyon TL kira talebine tepki g\u00f6sterdi.BURSA (\u0130GFA) &#8211; Bursa B\u00fcy\u00fck\u015fehir Belediye Ba\u015fkan\u0131 Mustafa Bozbey, May\u0131s Ay\u0131 De\u011ferlendirme Toplant\u0131s\u0131\u2019nda ula\u015f\u0131m yat\u0131r\u0131mlar\u0131, yeni projeler ve Tarihi Belediye Binas\u0131\u2019yla ilgili \u00f6nemli a\u00e7\u0131klamalarda bulundu. Toplant\u0131ya CHP Bursa \u0130l Ba\u015fkan\u0131 Nihat Ye\u015filta\u015f, b\u00fcrokratlar ve bas\u0131n mensuplar\u0131 kat\u0131ld\u0131. Bursa\u2019n\u0131n planlama hatalar\u0131 nedeniyle ula\u015f\u0131m sorunlar\u0131 ya\u015fad\u0131\u011f\u0131n\u0131, kenti yayarak bu sorunlar\u0131 \u00e7\u00f6zeceklerini belirten Ba\u015fkan Bozbey, 2024-2025\u2019te 17 il\u00e7ede 2 milyar TL\u2019lik yat\u0131r\u0131mla 136 bin ton asfalt, 147 bin metrekare tretuvar \u00e7al\u0131\u015fmas\u0131 yap\u0131ld\u0131\u011f\u0131n\u0131, 530 bin ton s\u0131cak asfalt serimi planland\u0131\u011f\u0131n\u0131 s\u00f6yledi. YEN\u0130 ULA\u015eIM PROJELER\u0130&#8230; \u00c7al\u0131-Demirta\u015f rayl\u0131 sistem hatt\u0131 i\u00e7in \u00e7al\u0131\u015fmalara ba\u015flanaca\u011f\u0131n\u0131 duyuran Ba\u015fkan Bozbey, 22 kilometrelik, 16 istasyonlu metro projesinin 700 bin ki\u015fiye hizmet verece\u011fini a\u00e7\u0131klad\u0131. T5 tramvay hatt\u0131 (10 km, 9 istasyon) ve Bursaray entegrasyon projeleri de g\u00fcndemde oldu\u011funu belirterek, Mudanya metrob\u00fcs hatt\u0131 ile Ge\u00e7it-Bademli Nil\u00fcfer \u00c7ay\u0131 K\u00f6pr\u00fcs\u00fc gibi projeler i\u00e7in ihale haz\u0131rl\u0131klar\u0131 tamamland\u0131\u011f\u0131n\u0131 duyurdu. Ba\u015fkan Bozbey, ak\u0131ll\u0131 kav\u015faklarla y\u00fczde 28 bekleme s\u00fcresi azald\u0131\u011fn\u0131 ve bu sayede 6 bin litre yak\u0131t tasarrufu sa\u011fland\u0131\u011f\u0131n\u0131 kaydetti. Son bir y\u0131lda otob\u00fcs ve rayl\u0131 sistemle 354 milyon yolcu ta\u015f\u0131nd\u0131\u011f\u0131n\u0131 belirten BURULA\u015e ile ilgili istatistiki bilgiler de payla\u015ft\u0131. Burula\u015f&#8217;\u0131n i\u015fletimindeki Bursa Deniz Otob\u00fcsleri BUDO &hellip;<\/p>","protected":false},"author":1,"featured_media":0,"comment_status":"","ping_status":"open","sticky":false,"template":"","format":"standard","meta":{"_acf_changed":false,"footnotes":""},"categories":[24],"tags":[],"class_list":["post-98608","post","type-post","status-publish","format-standard","has-post-thumbnail","hentry","category-gundem"],"acf":[],"yoast_head":"<!-- This site is optimized with the Yoast SEO Premium plugin v26.6 (Yoast SEO v27.1.1) - https:\/\/yoast.com\/product\/yoast-seo-premium-wordpress\/ -->\n<title>Ba\u015fkan Bozbey\u2019den ula\u015f\u0131m m\u00fcjdeleri... \u00c7al\u0131-Demirta\u015f&#039;a rayl\u0131 sistem haz\u0131rl\u0131\u011f\u0131 - Av. Deniz Can K\u0131z\u0131l<\/title>\n<meta name=\"robots\" content=\"index, follow, max-snippet:-1, max-image-preview:large, max-video-preview:-1\" \/>\n<link rel=\"canonical\" href=\"https:\/\/denizcankizil.tr\/de\/haberler\/gundem\/baskan-bozbeyden-ulasim-mujdeleri-cali-demirtasa-rayli-sistem-hazirligi\/\" \/>\n<meta property=\"og:locale\" content=\"de_DE\" \/>\n<meta property=\"og:type\" content=\"article\" \/>\n<meta property=\"og:title\" content=\"Ba\u015fkan Bozbey\u2019den ula\u015f\u0131m m\u00fcjdeleri... \u00c7al\u0131-Demirta\u015f&#039;a rayl\u0131 sistem haz\u0131rl\u0131\u011f\u0131\" \/>\n<meta property=\"og:description\" content=\"Bursa B\u00fcy\u00fck\u015fehir Belediye Ba\u015fkan\u0131 Mustafa Bozbey, \u00c7al\u0131-Demirta\u015f rayl\u0131 sistem hatt\u0131 \u00e7al\u0131\u015fmalar\u0131n\u0131n ba\u015flayaca\u011f\u0131n\u0131 duyurdu. Tarihi Belediye Binas\u0131 i\u00e7in Vak\u0131flar\u2019\u0131n 1,4 milyon TL kira talebine tepki g\u00f6sterdi.BURSA (\u0130GFA) &#8211; Bursa B\u00fcy\u00fck\u015fehir Belediye Ba\u015fkan\u0131 Mustafa Bozbey, May\u0131s Ay\u0131 De\u011ferlendirme Toplant\u0131s\u0131\u2019nda ula\u015f\u0131m yat\u0131r\u0131mlar\u0131, yeni projeler ve Tarihi Belediye Binas\u0131\u2019yla ilgili \u00f6nemli a\u00e7\u0131klamalarda bulundu. Toplant\u0131ya CHP Bursa \u0130l Ba\u015fkan\u0131 Nihat Ye\u015filta\u015f, b\u00fcrokratlar ve bas\u0131n mensuplar\u0131 kat\u0131ld\u0131. Bursa\u2019n\u0131n planlama hatalar\u0131 nedeniyle ula\u015f\u0131m sorunlar\u0131 ya\u015fad\u0131\u011f\u0131n\u0131, kenti yayarak bu sorunlar\u0131 \u00e7\u00f6zeceklerini belirten Ba\u015fkan Bozbey, 2024-2025\u2019te 17 il\u00e7ede 2 milyar TL\u2019lik yat\u0131r\u0131mla 136 bin ton asfalt, 147 bin metrekare tretuvar \u00e7al\u0131\u015fmas\u0131 yap\u0131ld\u0131\u011f\u0131n\u0131, 530 bin ton s\u0131cak asfalt serimi planland\u0131\u011f\u0131n\u0131 s\u00f6yledi. YEN\u0130 ULA\u015eIM PROJELER\u0130&#8230; \u00c7al\u0131-Demirta\u015f rayl\u0131 sistem hatt\u0131 i\u00e7in \u00e7al\u0131\u015fmalara ba\u015flanaca\u011f\u0131n\u0131 duyuran Ba\u015fkan Bozbey, 22 kilometrelik, 16 istasyonlu metro projesinin 700 bin ki\u015fiye hizmet verece\u011fini a\u00e7\u0131klad\u0131. T5 tramvay hatt\u0131 (10 km, 9 istasyon) ve Bursaray entegrasyon projeleri de g\u00fcndemde oldu\u011funu belirterek, Mudanya metrob\u00fcs hatt\u0131 ile Ge\u00e7it-Bademli Nil\u00fcfer \u00c7ay\u0131 K\u00f6pr\u00fcs\u00fc gibi projeler i\u00e7in ihale haz\u0131rl\u0131klar\u0131 tamamland\u0131\u011f\u0131n\u0131 duyurdu. Ba\u015fkan Bozbey, ak\u0131ll\u0131 kav\u015faklarla y\u00fczde 28 bekleme s\u00fcresi azald\u0131\u011fn\u0131 ve bu sayede 6 bin litre yak\u0131t tasarrufu sa\u011fland\u0131\u011f\u0131n\u0131 kaydetti. Son bir y\u0131lda otob\u00fcs ve rayl\u0131 sistemle 354 milyon yolcu ta\u015f\u0131nd\u0131\u011f\u0131n\u0131 belirten BURULA\u015e ile ilgili istatistiki bilgiler de payla\u015ft\u0131. Burula\u015f&#8217;\u0131n i\u015fletimindeki Bursa Deniz Otob\u00fcsleri BUDO &hellip;\" \/>\n<meta property=\"og:url\" content=\"https:\/\/denizcankizil.tr\/de\/haberler\/gundem\/baskan-bozbeyden-ulasim-mujdeleri-cali-demirtasa-rayli-sistem-hazirligi\/\" \/>\n<meta property=\"og:site_name\" content=\"Av. Deniz Can K\u0131z\u0131l\" \/>\n<meta property=\"article:published_time\" content=\"2025-05-27T14:43:05+00:00\" \/>\n<meta name=\"author\" content=\"admin\" \/>\n<meta name=\"twitter:card\" content=\"summary_large_image\" \/>\n<meta name=\"twitter:label1\" content=\"Verfasst von\" \/>\n\t<meta name=\"twitter:data1\" content=\"admin\" \/>\n\t<meta name=\"twitter:label2\" content=\"Gesch\u00e4tzte Lesezeit\" \/>\n\t<meta name=\"twitter:data2\" content=\"7\u00a0Minuten\" \/>\n<script type=\"application\/ld+json\" class=\"yoast-schema-graph\">{\"@context\":\"https:\/\/schema.org\",\"@graph\":[{\"@type\":\"Article\",\"@id\":\"https:\/\/denizcankizil.tr\/ru\/haberler\/gundem\/baskan-bozbeyden-ulasim-mujdeleri-cali-demirtasa-rayli-sistem-hazirligi\/#article\",\"isPartOf\":{\"@id\":\"https:\/\/denizcankizil.tr\/ru\/haberler\/gundem\/baskan-bozbeyden-ulasim-mujdeleri-cali-demirtasa-rayli-sistem-hazirligi\/\"},\"author\":{\"name\":\"admin\",\"@id\":\"https:\/\/denizcankizil.tr\/de\/#\/schema\/person\/be3c05fe6a12686905512445d8185489\"},\"headline\":\"Ba\u015fkan Bozbey\u2019den ula\u015f\u0131m m\u00fcjdeleri&#8230; \u00c7al\u0131-Demirta\u015f&#8217;a rayl\u0131 sistem haz\u0131rl\u0131\u011f\u0131\",\"datePublished\":\"2025-05-27T14:43:05+00:00\",\"mainEntityOfPage\":{\"@id\":\"https:\/\/denizcankizil.tr\/ru\/haberler\/gundem\/baskan-bozbeyden-ulasim-mujdeleri-cali-demirtasa-rayli-sistem-hazirligi\/\"},\"wordCount\":1449,\"publisher\":{\"@id\":\"https:\/\/denizcankizil.tr\/de\/#organization\"},\"articleSection\":[\"G\u00fcndem\"],\"inLanguage\":\"de\"},{\"@type\":\"WebPage\",\"@id\":\"https:\/\/denizcankizil.tr\/ru\/haberler\/gundem\/baskan-bozbeyden-ulasim-mujdeleri-cali-demirtasa-rayli-sistem-hazirligi\/\",\"url\":\"https:\/\/denizcankizil.tr\/ru\/haberler\/gundem\/baskan-bozbeyden-ulasim-mujdeleri-cali-demirtasa-rayli-sistem-hazirligi\/\",\"name\":\"Ba\u015fkan Bozbey\u2019den ula\u015f\u0131m m\u00fcjdeleri... \u00c7al\u0131-Demirta\u015f'a rayl\u0131 sistem haz\u0131rl\u0131\u011f\u0131 - Av. Deniz Can K\u0131z\u0131l\",\"isPartOf\":{\"@id\":\"https:\/\/denizcankizil.tr\/de\/#website\"},\"datePublished\":\"2025-05-27T14:43:05+00:00\",\"breadcrumb\":{\"@id\":\"https:\/\/denizcankizil.tr\/ru\/haberler\/gundem\/baskan-bozbeyden-ulasim-mujdeleri-cali-demirtasa-rayli-sistem-hazirligi\/#breadcrumb\"},\"inLanguage\":\"de\",\"potentialAction\":[{\"@type\":\"ReadAction\",\"target\":[\"https:\/\/denizcankizil.tr\/ru\/haberler\/gundem\/baskan-bozbeyden-ulasim-mujdeleri-cali-demirtasa-rayli-sistem-hazirligi\/\"]}]},{\"@type\":\"BreadcrumbList\",\"@id\":\"https:\/\/denizcankizil.tr\/ru\/haberler\/gundem\/baskan-bozbeyden-ulasim-mujdeleri-cali-demirtasa-rayli-sistem-hazirligi\/#breadcrumb\",\"itemListElement\":[{\"@type\":\"ListItem\",\"position\":1,\"name\":\"Home\",\"item\":\"https:\/\/denizcankizil.tr\/de\/\"},{\"@type\":\"ListItem\",\"position\":2,\"name\":\"Ba\u015fkan Bozbey\u2019den ula\u015f\u0131m m\u00fcjdeleri&#8230; \u00c7al\u0131-Demirta\u015f&#8217;a rayl\u0131 sistem haz\u0131rl\u0131\u011f\u0131\"}]},{\"@type\":\"WebSite\",\"@id\":\"https:\/\/denizcankizil.tr\/de\/#website\",\"url\":\"https:\/\/denizcankizil.tr\/de\/\",\"name\":\"Av. Deniz Can K\u0131z\u0131l\",\"description\":\"Avukat Deniz Can K\u0131z\u0131l Antalya Barosu\",\"publisher\":{\"@id\":\"https:\/\/denizcankizil.tr\/de\/#organization\"},\"potentialAction\":[{\"@type\":\"SearchAction\",\"target\":{\"@type\":\"EntryPoint\",\"urlTemplate\":\"https:\/\/denizcankizil.tr\/de\/?s={search_term_string}\"},\"query-input\":{\"@type\":\"PropertyValueSpecification\",\"valueRequired\":true,\"valueName\":\"search_term_string\"}}],\"inLanguage\":\"de\"},{\"@type\":\"Organization\",\"@id\":\"https:\/\/denizcankizil.tr\/de\/#organization\",\"name\":\"Av. Deniz Can K\u0131z\u0131l\",\"url\":\"https:\/\/denizcankizil.tr\/de\/\",\"logo\":{\"@type\":\"ImageObject\",\"inLanguage\":\"de\",\"@id\":\"https:\/\/denizcankizil.tr\/de\/#\/schema\/logo\/image\/\",\"url\":\"http:\/\/denizcankizil.tr\/wp-content\/uploads\/2024\/10\/siyah-logo-svg.svg\",\"contentUrl\":\"http:\/\/denizcankizil.tr\/wp-content\/uploads\/2024\/10\/siyah-logo-svg.svg\",\"width\":1080,\"height\":1080,\"caption\":\"Av. Deniz Can K\u0131z\u0131l\"},\"image\":{\"@id\":\"https:\/\/denizcankizil.tr\/de\/#\/schema\/logo\/image\/\"}},{\"@type\":\"Person\",\"@id\":\"https:\/\/denizcankizil.tr\/de\/#\/schema\/person\/be3c05fe6a12686905512445d8185489\",\"name\":\"admin\",\"image\":{\"@type\":\"ImageObject\",\"inLanguage\":\"de\",\"@id\":\"https:\/\/denizcankizil.tr\/de\/#\/schema\/person\/image\/\",\"url\":\"https:\/\/secure.gravatar.com\/avatar\/c1fce94c830dc79107e174f890d7210541c4a63e8e5d816341794a2151c9d58c?s=96&d=mm&r=g\",\"contentUrl\":\"https:\/\/secure.gravatar.com\/avatar\/c1fce94c830dc79107e174f890d7210541c4a63e8e5d816341794a2151c9d58c?s=96&d=mm&r=g\",\"caption\":\"admin\"},\"sameAs\":[\"http:\/\/denizcankizil.tr\"],\"url\":\"https:\/\/www.iskenderun.org\/baskan-bozbeyden-ulasim-mujdeleri-cali-demirtasa-rayli-sistem-hazirligi\"}]}<\/script>\n<!-- \/ Yoast SEO Premium plugin. -->","yoast_head_json":{"title":"Ba\u015fkan Bozbey\u2019den ula\u015f\u0131m m\u00fcjdeleri... \u00c7al\u0131-Demirta\u015f'a rayl\u0131 sistem haz\u0131rl\u0131\u011f\u0131 - Av. Deniz Can K\u0131z\u0131l","robots":{"index":"index","follow":"follow","max-snippet":"max-snippet:-1","max-image-preview":"max-image-preview:large","max-video-preview":"max-video-preview:-1"},"canonical":"https:\/\/denizcankizil.tr\/de\/haberler\/gundem\/baskan-bozbeyden-ulasim-mujdeleri-cali-demirtasa-rayli-sistem-hazirligi\/","og_locale":"de_DE","og_type":"article","og_title":"Ba\u015fkan Bozbey\u2019den ula\u015f\u0131m m\u00fcjdeleri... \u00c7al\u0131-Demirta\u015f'a rayl\u0131 sistem haz\u0131rl\u0131\u011f\u0131","og_description":"Bursa B\u00fcy\u00fck\u015fehir Belediye Ba\u015fkan\u0131 Mustafa Bozbey, \u00c7al\u0131-Demirta\u015f rayl\u0131 sistem hatt\u0131 \u00e7al\u0131\u015fmalar\u0131n\u0131n ba\u015flayaca\u011f\u0131n\u0131 duyurdu. Tarihi Belediye Binas\u0131 i\u00e7in Vak\u0131flar\u2019\u0131n 1,4 milyon TL kira talebine tepki g\u00f6sterdi.BURSA (\u0130GFA) &#8211; Bursa B\u00fcy\u00fck\u015fehir Belediye Ba\u015fkan\u0131 Mustafa Bozbey, May\u0131s Ay\u0131 De\u011ferlendirme Toplant\u0131s\u0131\u2019nda ula\u015f\u0131m yat\u0131r\u0131mlar\u0131, yeni projeler ve Tarihi Belediye Binas\u0131\u2019yla ilgili \u00f6nemli a\u00e7\u0131klamalarda bulundu. Toplant\u0131ya CHP Bursa \u0130l Ba\u015fkan\u0131 Nihat Ye\u015filta\u015f, b\u00fcrokratlar ve bas\u0131n mensuplar\u0131 kat\u0131ld\u0131. Bursa\u2019n\u0131n planlama hatalar\u0131 nedeniyle ula\u015f\u0131m sorunlar\u0131 ya\u015fad\u0131\u011f\u0131n\u0131, kenti yayarak bu sorunlar\u0131 \u00e7\u00f6zeceklerini belirten Ba\u015fkan Bozbey, 2024-2025\u2019te 17 il\u00e7ede 2 milyar TL\u2019lik yat\u0131r\u0131mla 136 bin ton asfalt, 147 bin metrekare tretuvar \u00e7al\u0131\u015fmas\u0131 yap\u0131ld\u0131\u011f\u0131n\u0131, 530 bin ton s\u0131cak asfalt serimi planland\u0131\u011f\u0131n\u0131 s\u00f6yledi. YEN\u0130 ULA\u015eIM PROJELER\u0130&#8230; \u00c7al\u0131-Demirta\u015f rayl\u0131 sistem hatt\u0131 i\u00e7in \u00e7al\u0131\u015fmalara ba\u015flanaca\u011f\u0131n\u0131 duyuran Ba\u015fkan Bozbey, 22 kilometrelik, 16 istasyonlu metro projesinin 700 bin ki\u015fiye hizmet verece\u011fini a\u00e7\u0131klad\u0131. T5 tramvay hatt\u0131 (10 km, 9 istasyon) ve Bursaray entegrasyon projeleri de g\u00fcndemde oldu\u011funu belirterek, Mudanya metrob\u00fcs hatt\u0131 ile Ge\u00e7it-Bademli Nil\u00fcfer \u00c7ay\u0131 K\u00f6pr\u00fcs\u00fc gibi projeler i\u00e7in ihale haz\u0131rl\u0131klar\u0131 tamamland\u0131\u011f\u0131n\u0131 duyurdu. Ba\u015fkan Bozbey, ak\u0131ll\u0131 kav\u015faklarla y\u00fczde 28 bekleme s\u00fcresi azald\u0131\u011fn\u0131 ve bu sayede 6 bin litre yak\u0131t tasarrufu sa\u011fland\u0131\u011f\u0131n\u0131 kaydetti. Son bir y\u0131lda otob\u00fcs ve rayl\u0131 sistemle 354 milyon yolcu ta\u015f\u0131nd\u0131\u011f\u0131n\u0131 belirten BURULA\u015e ile ilgili istatistiki bilgiler de payla\u015ft\u0131. Burula\u015f&#8217;\u0131n i\u015fletimindeki Bursa Deniz Otob\u00fcsleri BUDO &hellip;","og_url":"https:\/\/denizcankizil.tr\/de\/haberler\/gundem\/baskan-bozbeyden-ulasim-mujdeleri-cali-demirtasa-rayli-sistem-hazirligi\/","og_site_name":"Av. Deniz Can K\u0131z\u0131l","article_published_time":"2025-05-27T14:43:05+00:00","author":"admin","twitter_card":"summary_large_image","twitter_misc":{"Verfasst von":"admin","Gesch\u00e4tzte Lesezeit":"7\u00a0Minuten"},"schema":{"@context":"https:\/\/schema.org","@graph":[{"@type":"Article","@id":"https:\/\/denizcankizil.tr\/ru\/haberler\/gundem\/baskan-bozbeyden-ulasim-mujdeleri-cali-demirtasa-rayli-sistem-hazirligi\/#article","isPartOf":{"@id":"https:\/\/denizcankizil.tr\/ru\/haberler\/gundem\/baskan-bozbeyden-ulasim-mujdeleri-cali-demirtasa-rayli-sistem-hazirligi\/"},"author":{"name":"admin","@id":"https:\/\/denizcankizil.tr\/de\/#\/schema\/person\/be3c05fe6a12686905512445d8185489"},"headline":"Ba\u015fkan Bozbey\u2019den ula\u015f\u0131m m\u00fcjdeleri&#8230; \u00c7al\u0131-Demirta\u015f&#8217;a rayl\u0131 sistem haz\u0131rl\u0131\u011f\u0131","datePublished":"2025-05-27T14:43:05+00:00","mainEntityOfPage":{"@id":"https:\/\/denizcankizil.tr\/ru\/haberler\/gundem\/baskan-bozbeyden-ulasim-mujdeleri-cali-demirtasa-rayli-sistem-hazirligi\/"},"wordCount":1449,"publisher":{"@id":"https:\/\/denizcankizil.tr\/de\/#organization"},"articleSection":["G\u00fcndem"],"inLanguage":"de"},{"@type":"WebPage","@id":"https:\/\/denizcankizil.tr\/ru\/haberler\/gundem\/baskan-bozbeyden-ulasim-mujdeleri-cali-demirtasa-rayli-sistem-hazirligi\/","url":"https:\/\/denizcankizil.tr\/ru\/haberler\/gundem\/baskan-bozbeyden-ulasim-mujdeleri-cali-demirtasa-rayli-sistem-hazirligi\/","name":"Ba\u015fkan Bozbey\u2019den ula\u015f\u0131m m\u00fcjdeleri... \u00c7al\u0131-Demirta\u015f'a rayl\u0131 sistem haz\u0131rl\u0131\u011f\u0131 - Av. Deniz Can K\u0131z\u0131l","isPartOf":{"@id":"https:\/\/denizcankizil.tr\/de\/#website"},"datePublished":"2025-05-27T14:43:05+00:00","breadcrumb":{"@id":"https:\/\/denizcankizil.tr\/ru\/haberler\/gundem\/baskan-bozbeyden-ulasim-mujdeleri-cali-demirtasa-rayli-sistem-hazirligi\/#breadcrumb"},"inLanguage":"de","potentialAction":[{"@type":"ReadAction","target":["https:\/\/denizcankizil.tr\/ru\/haberler\/gundem\/baskan-bozbeyden-ulasim-mujdeleri-cali-demirtasa-rayli-sistem-hazirligi\/"]}]},{"@type":"BreadcrumbList","@id":"https:\/\/denizcankizil.tr\/ru\/haberler\/gundem\/baskan-bozbeyden-ulasim-mujdeleri-cali-demirtasa-rayli-sistem-hazirligi\/#breadcrumb","itemListElement":[{"@type":"ListItem","position":1,"name":"Home","item":"https:\/\/denizcankizil.tr\/de\/"},{"@type":"ListItem","position":2,"name":"Ba\u015fkan Bozbey\u2019den ula\u015f\u0131m m\u00fcjdeleri&#8230; \u00c7al\u0131-Demirta\u015f&#8217;a rayl\u0131 sistem haz\u0131rl\u0131\u011f\u0131"}]},{"@type":"WebSite","@id":"https:\/\/denizcankizil.tr\/de\/#website","url":"https:\/\/denizcankizil.tr\/de\/","name":"Av. Deniz Can K\u0131z\u0131l","description":"Avukat Deniz Can K\u0131z\u0131l Antalya Barosu","publisher":{"@id":"https:\/\/denizcankizil.tr\/de\/#organization"},"potentialAction":[{"@type":"SearchAction","target":{"@type":"EntryPoint","urlTemplate":"https:\/\/denizcankizil.tr\/de\/?s={search_term_string}"},"query-input":{"@type":"PropertyValueSpecification","valueRequired":true,"valueName":"search_term_string"}}],"inLanguage":"de"},{"@type":"Organization","@id":"https:\/\/denizcankizil.tr\/de\/#organization","name":"Av. Deniz Can K\u0131z\u0131l","url":"https:\/\/denizcankizil.tr\/de\/","logo":{"@type":"ImageObject","inLanguage":"de","@id":"https:\/\/denizcankizil.tr\/de\/#\/schema\/logo\/image\/","url":"http:\/\/denizcankizil.tr\/wp-content\/uploads\/2024\/10\/siyah-logo-svg.svg","contentUrl":"http:\/\/denizcankizil.tr\/wp-content\/uploads\/2024\/10\/siyah-logo-svg.svg","width":1080,"height":1080,"caption":"Av. Deniz Can K\u0131z\u0131l"},"image":{"@id":"https:\/\/denizcankizil.tr\/de\/#\/schema\/logo\/image\/"}},{"@type":"Person","@id":"https:\/\/denizcankizil.tr\/de\/#\/schema\/person\/be3c05fe6a12686905512445d8185489","name":"Administrator","image":{"@type":"ImageObject","inLanguage":"de","@id":"https:\/\/denizcankizil.tr\/de\/#\/schema\/person\/image\/","url":"https:\/\/secure.gravatar.com\/avatar\/c1fce94c830dc79107e174f890d7210541c4a63e8e5d816341794a2151c9d58c?s=96&d=mm&r=g","contentUrl":"https:\/\/secure.gravatar.com\/avatar\/c1fce94c830dc79107e174f890d7210541c4a63e8e5d816341794a2151c9d58c?s=96&d=mm&r=g","caption":"admin"},"sameAs":["http:\/\/denizcankizil.tr"],"url":"https:\/\/www.iskenderun.org\/baskan-bozbeyden-ulasim-mujdeleri-cali-demirtasa-rayli-sistem-hazirligi"}]}},"_links":{"self":[{"href":"http:\/\/denizcankizil.tr\/de\/wp-json\/wp\/v2\/posts\/98608","targetHints":{"allow":["GET"]}}],"collection":[{"href":"http:\/\/denizcankizil.tr\/de\/wp-json\/wp\/v2\/posts"}],"about":[{"href":"http:\/\/denizcankizil.tr\/de\/wp-json\/wp\/v2\/types\/post"}],"author":[{"embeddable":true,"href":"http:\/\/denizcankizil.tr\/de\/wp-json\/wp\/v2\/users\/1"}],"replies":[{"embeddable":true,"href":"http:\/\/denizcankizil.tr\/de\/wp-json\/wp\/v2\/comments?post=98608"}],"version-history":[{"count":0,"href":"http:\/\/denizcankizil.tr\/de\/wp-json\/wp\/v2\/posts\/98608\/revisions"}],"wp:attachment":[{"href":"http:\/\/denizcankizil.tr\/de\/wp-json\/wp\/v2\/media?parent=98608"}],"wp:term":[{"taxonomy":"category","embeddable":true,"href":"http:\/\/denizcankizil.tr\/de\/wp-json\/wp\/v2\/categories?post=98608"},{"taxonomy":"post_tag","embeddable":true,"href":"http:\/\/denizcankizil.tr\/de\/wp-json\/wp\/v2\/tags?post=98608"}],"curies":[{"name":"wp","href":"https:\/\/api.w.org\/{rel}","templated":true}]}}