{"id":98561,"date":"2025-05-27T17:41:32","date_gmt":"2025-05-27T14:41:32","guid":{"rendered":"https:\/\/denizcankizil.tr\/uncategorized-tr\/alanya-kadinlarin-yaninda\/"},"modified":"2025-05-27T17:41:32","modified_gmt":"2025-05-27T14:41:32","slug":"alanya-kadinlarin-yaninda","status":"publish","type":"post","link":"http:\/\/denizcankizil.tr\/de\/haberler\/antalya\/alanya-kadinlarin-yaninda\/","title":{"rendered":"Alanya kad\u0131nlar\u0131n yan\u0131nda"},"content":{"rendered":"<p>Dan\u0131\u015fan kad\u0131nlar ve g\u00f6revlilerin evlerinde yapt\u0131klar\u0131 \u00fcr\u00fcnlerle haz\u0131rlanan kahvalt\u0131, Alanya Belediye Ba\u015fkan\u0131 Osman Tar\u0131k \u00d6z\u00e7elik&#8217;in be\u011fenisini toplad\u0131. \u0130mece k\u00fclt\u00fcr\u00fcn\u00fc hayat\u0131n her yerinde yayg\u0131nla\u015ft\u0131rmay\u0131 hedeflediklerini belirten Ba\u015fkan \u00d6z\u00e7elik, t\u00fcm kat\u0131l\u0131mc\u0131lara te\u015fekk\u00fcr etti. Programda kad\u0131n meclis \u00fcyeleri Halime Dim Ceylan ve Ufuk Aras Solmaz da yer ald\u0131. Programa kat\u0131lan ve kona\u011f\u0131n kullan\u0131m hakk\u0131n\u0131 Alanya Belediyesi&#8217;ne veren hay\u0131rsever Sevim Yavuz ve ailesine Ba\u015fkan Osman Tar\u0131k \u00d6z\u00e7elik taraf\u0131ndan te\u015fekk\u00fcr plaketi verildi.<\/p>\n<p>Merkezde kad\u0131nlara psikolojik ve hukuki dan\u0131\u015fmanl\u0131k, aile dan\u0131\u015fmanl\u0131\u011f\u0131 ve diyetisyen deste\u011fi<br \/>\nMerkez b\u00fcnyesinde psikolojik dan\u0131\u015fmanl\u0131k, hukuki dan\u0131\u015fmanl\u0131k, aile dan\u0131\u015fmanl\u0131\u011f\u0131 ve diyetisyen deste\u011fi gibi alanlarda hizmet veriliyor. Kad\u0131nlar\u0131n sosyal hayata daha g\u00fc\u00e7l\u00fc kat\u0131l\u0131m\u0131n\u0131 sa\u011flamak, ya\u015fad\u0131klar\u0131 sorunlarla ba\u015f etmelerini kolayla\u015ft\u0131rmak ve kamu kurumlar\u0131yla ba\u011f kurmalar\u0131na yard\u0131mc\u0131 olmak, merkezin temel hedefleri aras\u0131nda yer al\u0131yor.<br \/>\nKad\u0131n Politikalar\u0131 ve Aile Destek Merkezi&#8217;nin en \u00f6nemli misyonlar\u0131ndan birini \u015fiddetle m\u00fccadele olu\u015fturuyor. \u015eiddete u\u011frayan ya da risk alt\u0131nda olan kad\u0131nlara psikolojik destek sa\u011flan\u0131rken, hukuki haklar\u0131 konusunda da bilgilendirme yap\u0131l\u0131yor. Merkez, ilgili kurumlara y\u00f6nlendirme konusunda da aktif rol al\u0131yor. Aile Dan\u0131\u015fmanl\u0131\u011f\u0131 hizmeti kapsam\u0131nda bireysel ve grup \u00e7al\u0131\u015fmalar\u0131 y\u00fcr\u00fct\u00fcl\u00fcrken, ayr\u0131ca evlilik kurumunun \u00f6nemi, sa\u011fl\u0131kl\u0131 ileti\u015fim, artan bo\u015fanma oranlar\u0131 gibi konularda dan\u0131\u015fmanl\u0131k verilerek aile yap\u0131s\u0131n\u0131n g\u00fc\u00e7lenmesi hedefleniyor.<\/p>\n<p>Merkezde g\u00f6rev yapan diyetisyen taraf\u0131ndan sa\u011fl\u0131kl\u0131 beslenme al\u0131\u015fkanl\u0131klar\u0131 kazand\u0131r\u0131lmas\u0131na y\u00f6nelik dan\u0131\u015fmanl\u0131k hizmeti veriliyor. Kad\u0131nlar\u0131n kendi bedenlerini tan\u0131mas\u0131, dengeli beslenme ve \u00f6zel sa\u011fl\u0131k durumlar\u0131na uygun diyet planlar\u0131 olu\u015fturulmas\u0131 s\u00f6z konusu bu hizmet kapsam\u0131nda sunuluyor.<br \/>\nMerkezde kad\u0131nlara y\u00f6nelik ileti\u015fim, kayg\u0131 y\u00f6netimi, istismar\u0131 \u00f6nleme, \u00f6fke kontrol\u00fc, sa\u011fl\u0131kl\u0131 ya\u015fam gibi konularda seminerler de d\u00fczenleniyor. Ayn\u0131 zamanda belediye personeline &#8220;Kad\u0131na Y\u00f6nelik \u015eiddete Hay\u0131r&#8221; ve &#8220;Sa\u011fl\u0131kl\u0131 Beslenme&#8221; temal\u0131 e\u011fitimler veriliyor.<\/p>\n<p>Kad\u0131n kad\u0131na s\u00f6yle\u015filer s\u00fcr\u00fcyor<br \/>\nMerkez taraf\u0131ndan ba\u015flat\u0131lan &#8220;Kad\u0131n Kad\u0131na S\u00f6yle\u015fi&#8221; etkinlikleri kapsam\u0131nda psikolog, diyetisyen, aile dan\u0131\u015fman\u0131 ve doktor e\u015fli\u011finde k\u0131rsal mahallelerdeki kad\u0131nlarla bir araya geliniyor. S\u00f6yle\u015filerde ilk yard\u0131m, sa\u011fl\u0131kl\u0131 beslenme, kad\u0131n\u0131n toplumdaki yeri ve anne-\u00e7ocuk ili\u015fkisi gibi konular ele al\u0131n\u0131yor. Alanya Belediyesi Kad\u0131n Politikalar\u0131 ve Aile Destek Merkezi, kad\u0131nlar\u0131n her alanda daha g\u00fc\u00e7l\u00fc bireyler olarak ya\u015famlar\u0131n\u0131 s\u00fcrd\u00fcrmeleri ad\u0131na \u00e7al\u0131\u015fmalar\u0131na devam ediyor.<\/p>\n<p>Kaynak: www.kanalv.com.tr Haber Sitesinden Al\u0131nm\u0131\u015ft\u0131r.<\/p>","protected":false},"excerpt":{"rendered":"<p>Dan\u0131\u015fan kad\u0131nlar ve g\u00f6revlilerin evlerinde yapt\u0131klar\u0131 \u00fcr\u00fcnlerle haz\u0131rlanan kahvalt\u0131, Alanya Belediye Ba\u015fkan\u0131 Osman Tar\u0131k \u00d6z\u00e7elik&#8217;in be\u011fenisini toplad\u0131. \u0130mece k\u00fclt\u00fcr\u00fcn\u00fc hayat\u0131n her yerinde yayg\u0131nla\u015ft\u0131rmay\u0131 hedeflediklerini belirten Ba\u015fkan \u00d6z\u00e7elik, t\u00fcm kat\u0131l\u0131mc\u0131lara te\u015fekk\u00fcr etti. Programda kad\u0131n meclis \u00fcyeleri Halime Dim Ceylan ve Ufuk Aras Solmaz da yer ald\u0131. Programa kat\u0131lan ve kona\u011f\u0131n kullan\u0131m hakk\u0131n\u0131 Alanya Belediyesi&#8217;ne veren hay\u0131rsever Sevim Yavuz ve ailesine Ba\u015fkan Osman Tar\u0131k \u00d6z\u00e7elik taraf\u0131ndan te\u015fekk\u00fcr plaketi verildi. Merkezde kad\u0131nlara psikolojik ve hukuki dan\u0131\u015fmanl\u0131k, aile dan\u0131\u015fmanl\u0131\u011f\u0131 ve diyetisyen deste\u011fi Merkez b\u00fcnyesinde psikolojik dan\u0131\u015fmanl\u0131k, hukuki dan\u0131\u015fmanl\u0131k, aile dan\u0131\u015fmanl\u0131\u011f\u0131 ve diyetisyen deste\u011fi gibi alanlarda hizmet veriliyor. Kad\u0131nlar\u0131n sosyal hayata daha g\u00fc\u00e7l\u00fc kat\u0131l\u0131m\u0131n\u0131 sa\u011flamak, ya\u015fad\u0131klar\u0131 sorunlarla ba\u015f etmelerini kolayla\u015ft\u0131rmak ve kamu kurumlar\u0131yla ba\u011f kurmalar\u0131na yard\u0131mc\u0131 olmak, merkezin temel hedefleri aras\u0131nda yer al\u0131yor. Kad\u0131n Politikalar\u0131 ve Aile Destek Merkezi&#8217;nin en \u00f6nemli misyonlar\u0131ndan birini \u015fiddetle m\u00fccadele olu\u015fturuyor. \u015eiddete u\u011frayan ya da risk alt\u0131nda olan kad\u0131nlara psikolojik destek sa\u011flan\u0131rken, hukuki haklar\u0131 konusunda da bilgilendirme yap\u0131l\u0131yor. Merkez, ilgili kurumlara y\u00f6nlendirme konusunda da aktif rol al\u0131yor. Aile Dan\u0131\u015fmanl\u0131\u011f\u0131 hizmeti kapsam\u0131nda bireysel ve grup \u00e7al\u0131\u015fmalar\u0131 y\u00fcr\u00fct\u00fcl\u00fcrken, ayr\u0131ca evlilik kurumunun \u00f6nemi, sa\u011fl\u0131kl\u0131 ileti\u015fim, artan bo\u015fanma oranlar\u0131 gibi konularda dan\u0131\u015fmanl\u0131k verilerek aile yap\u0131s\u0131n\u0131n g\u00fc\u00e7lenmesi hedefleniyor. Merkezde g\u00f6rev yapan diyetisyen taraf\u0131ndan sa\u011fl\u0131kl\u0131 beslenme al\u0131\u015fkanl\u0131klar\u0131 kazand\u0131r\u0131lmas\u0131na y\u00f6nelik dan\u0131\u015fmanl\u0131k hizmeti veriliyor. Kad\u0131nlar\u0131n kendi bedenlerini tan\u0131mas\u0131, &hellip;<\/p>","protected":false},"author":4,"featured_media":98562,"comment_status":"","ping_status":"open","sticky":false,"template":"","format":"standard","meta":{"_acf_changed":false,"footnotes":""},"categories":[26],"tags":[],"class_list":["post-98561","post","type-post","status-publish","format-standard","has-post-thumbnail","hentry","category-antalya"],"acf":[],"yoast_head":"<!-- This site is optimized with the Yoast SEO Premium plugin v26.6 (Yoast SEO v27.1.1) - https:\/\/yoast.com\/product\/yoast-seo-premium-wordpress\/ -->\n<title>Alanya kad\u0131nlar\u0131n yan\u0131nda - Av. Deniz Can K\u0131z\u0131l<\/title>\n<meta name=\"robots\" content=\"index, follow, max-snippet:-1, max-image-preview:large, max-video-preview:-1\" \/>\n<link rel=\"canonical\" href=\"http:\/\/denizcankizil.tr\/de\/haberler\/antalya\/alanya-kadinlarin-yaninda\/\" \/>\n<meta property=\"og:locale\" content=\"de_DE\" \/>\n<meta property=\"og:type\" content=\"article\" \/>\n<meta property=\"og:title\" content=\"Alanya kad\u0131nlar\u0131n yan\u0131nda\" \/>\n<meta property=\"og:description\" content=\"Dan\u0131\u015fan kad\u0131nlar ve g\u00f6revlilerin evlerinde yapt\u0131klar\u0131 \u00fcr\u00fcnlerle haz\u0131rlanan kahvalt\u0131, Alanya Belediye Ba\u015fkan\u0131 Osman Tar\u0131k \u00d6z\u00e7elik&#8217;in be\u011fenisini toplad\u0131. \u0130mece k\u00fclt\u00fcr\u00fcn\u00fc hayat\u0131n her yerinde yayg\u0131nla\u015ft\u0131rmay\u0131 hedeflediklerini belirten Ba\u015fkan \u00d6z\u00e7elik, t\u00fcm kat\u0131l\u0131mc\u0131lara te\u015fekk\u00fcr etti. Programda kad\u0131n meclis \u00fcyeleri Halime Dim Ceylan ve Ufuk Aras Solmaz da yer ald\u0131. Programa kat\u0131lan ve kona\u011f\u0131n kullan\u0131m hakk\u0131n\u0131 Alanya Belediyesi&#8217;ne veren hay\u0131rsever Sevim Yavuz ve ailesine Ba\u015fkan Osman Tar\u0131k \u00d6z\u00e7elik taraf\u0131ndan te\u015fekk\u00fcr plaketi verildi. Merkezde kad\u0131nlara psikolojik ve hukuki dan\u0131\u015fmanl\u0131k, aile dan\u0131\u015fmanl\u0131\u011f\u0131 ve diyetisyen deste\u011fi Merkez b\u00fcnyesinde psikolojik dan\u0131\u015fmanl\u0131k, hukuki dan\u0131\u015fmanl\u0131k, aile dan\u0131\u015fmanl\u0131\u011f\u0131 ve diyetisyen deste\u011fi gibi alanlarda hizmet veriliyor. Kad\u0131nlar\u0131n sosyal hayata daha g\u00fc\u00e7l\u00fc kat\u0131l\u0131m\u0131n\u0131 sa\u011flamak, ya\u015fad\u0131klar\u0131 sorunlarla ba\u015f etmelerini kolayla\u015ft\u0131rmak ve kamu kurumlar\u0131yla ba\u011f kurmalar\u0131na yard\u0131mc\u0131 olmak, merkezin temel hedefleri aras\u0131nda yer al\u0131yor. Kad\u0131n Politikalar\u0131 ve Aile Destek Merkezi&#8217;nin en \u00f6nemli misyonlar\u0131ndan birini \u015fiddetle m\u00fccadele olu\u015fturuyor. \u015eiddete u\u011frayan ya da risk alt\u0131nda olan kad\u0131nlara psikolojik destek sa\u011flan\u0131rken, hukuki haklar\u0131 konusunda da bilgilendirme yap\u0131l\u0131yor. Merkez, ilgili kurumlara y\u00f6nlendirme konusunda da aktif rol al\u0131yor. Aile Dan\u0131\u015fmanl\u0131\u011f\u0131 hizmeti kapsam\u0131nda bireysel ve grup \u00e7al\u0131\u015fmalar\u0131 y\u00fcr\u00fct\u00fcl\u00fcrken, ayr\u0131ca evlilik kurumunun \u00f6nemi, sa\u011fl\u0131kl\u0131 ileti\u015fim, artan bo\u015fanma oranlar\u0131 gibi konularda dan\u0131\u015fmanl\u0131k verilerek aile yap\u0131s\u0131n\u0131n g\u00fc\u00e7lenmesi hedefleniyor. Merkezde g\u00f6rev yapan diyetisyen taraf\u0131ndan sa\u011fl\u0131kl\u0131 beslenme al\u0131\u015fkanl\u0131klar\u0131 kazand\u0131r\u0131lmas\u0131na y\u00f6nelik dan\u0131\u015fmanl\u0131k hizmeti veriliyor. Kad\u0131nlar\u0131n kendi bedenlerini tan\u0131mas\u0131, &hellip;\" \/>\n<meta property=\"og:url\" content=\"http:\/\/denizcankizil.tr\/de\/haberler\/antalya\/alanya-kadinlarin-yaninda\/\" \/>\n<meta property=\"og:site_name\" content=\"Av. Deniz Can K\u0131z\u0131l\" \/>\n<meta property=\"article:published_time\" content=\"2025-05-27T14:41:32+00:00\" \/>\n<meta property=\"og:image\" content=\"http:\/\/denizcankizil.tr\/wp-content\/uploads\/2025\/05\/6572-01-zqBSR3.jpg\" \/>\n\t<meta property=\"og:image:width\" content=\"1280\" \/>\n\t<meta property=\"og:image:height\" content=\"720\" \/>\n\t<meta property=\"og:image:type\" content=\"image\/jpeg\" \/>\n<meta name=\"author\" content=\"Av. Deniz Can K\u0131z\u0131l\" \/>\n<meta name=\"twitter:card\" content=\"summary_large_image\" \/>\n<meta name=\"twitter:label1\" content=\"Verfasst von\" \/>\n\t<meta name=\"twitter:data1\" content=\"Av. Deniz Can K\u0131z\u0131l\" \/>\n\t<meta name=\"twitter:label2\" content=\"Gesch\u00e4tzte Lesezeit\" \/>\n\t<meta name=\"twitter:data2\" content=\"2\u00a0Minuten\" \/>\n<script type=\"application\/ld+json\" class=\"yoast-schema-graph\">{\"@context\":\"https:\/\/schema.org\",\"@graph\":[{\"@type\":\"Article\",\"@id\":\"http:\/\/denizcankizil.tr\/de\/haberler\/antalya\/alanya-kadinlarin-yaninda\/#article\",\"isPartOf\":{\"@id\":\"http:\/\/denizcankizil.tr\/de\/haberler\/antalya\/alanya-kadinlarin-yaninda\/\"},\"author\":{\"name\":\"Av. Deniz Can K\u0131z\u0131l\",\"@id\":\"https:\/\/denizcankizil.tr\/de\/#\/schema\/person\/5dc1b22991bd7ac833867c10afc9b0ff\"},\"headline\":\"Alanya kad\u0131nlar\u0131n yan\u0131nda\",\"datePublished\":\"2025-05-27T14:41:32+00:00\",\"mainEntityOfPage\":{\"@id\":\"http:\/\/denizcankizil.tr\/de\/haberler\/antalya\/alanya-kadinlarin-yaninda\/\"},\"wordCount\":500,\"publisher\":{\"@id\":\"https:\/\/denizcankizil.tr\/de\/#organization\"},\"image\":{\"@id\":\"http:\/\/denizcankizil.tr\/de\/haberler\/antalya\/alanya-kadinlarin-yaninda\/#primaryimage\"},\"thumbnailUrl\":\"http:\/\/denizcankizil.tr\/wp-content\/uploads\/2025\/05\/6572-01-zqBSR3.jpg\",\"articleSection\":[\"Antalya\"],\"inLanguage\":\"de\"},{\"@type\":\"WebPage\",\"@id\":\"http:\/\/denizcankizil.tr\/de\/haberler\/antalya\/alanya-kadinlarin-yaninda\/\",\"url\":\"http:\/\/denizcankizil.tr\/de\/haberler\/antalya\/alanya-kadinlarin-yaninda\/\",\"name\":\"Alanya kad\u0131nlar\u0131n yan\u0131nda - Av. Deniz Can K\u0131z\u0131l\",\"isPartOf\":{\"@id\":\"https:\/\/denizcankizil.tr\/de\/#website\"},\"primaryImageOfPage\":{\"@id\":\"http:\/\/denizcankizil.tr\/de\/haberler\/antalya\/alanya-kadinlarin-yaninda\/#primaryimage\"},\"image\":{\"@id\":\"http:\/\/denizcankizil.tr\/de\/haberler\/antalya\/alanya-kadinlarin-yaninda\/#primaryimage\"},\"thumbnailUrl\":\"http:\/\/denizcankizil.tr\/wp-content\/uploads\/2025\/05\/6572-01-zqBSR3.jpg\",\"datePublished\":\"2025-05-27T14:41:32+00:00\",\"breadcrumb\":{\"@id\":\"http:\/\/denizcankizil.tr\/de\/haberler\/antalya\/alanya-kadinlarin-yaninda\/#breadcrumb\"},\"inLanguage\":\"de\",\"potentialAction\":[{\"@type\":\"ReadAction\",\"target\":[\"http:\/\/denizcankizil.tr\/de\/haberler\/antalya\/alanya-kadinlarin-yaninda\/\"]}]},{\"@type\":\"ImageObject\",\"inLanguage\":\"de\",\"@id\":\"http:\/\/denizcankizil.tr\/de\/haberler\/antalya\/alanya-kadinlarin-yaninda\/#primaryimage\",\"url\":\"http:\/\/denizcankizil.tr\/wp-content\/uploads\/2025\/05\/6572-01-zqBSR3.jpg\",\"contentUrl\":\"http:\/\/denizcankizil.tr\/wp-content\/uploads\/2025\/05\/6572-01-zqBSR3.jpg\",\"width\":1280,\"height\":720},{\"@type\":\"BreadcrumbList\",\"@id\":\"http:\/\/denizcankizil.tr\/de\/haberler\/antalya\/alanya-kadinlarin-yaninda\/#breadcrumb\",\"itemListElement\":[{\"@type\":\"ListItem\",\"position\":1,\"name\":\"Home\",\"item\":\"https:\/\/denizcankizil.tr\/de\/\"},{\"@type\":\"ListItem\",\"position\":2,\"name\":\"Alanya kad\u0131nlar\u0131n yan\u0131nda\"}]},{\"@type\":\"WebSite\",\"@id\":\"https:\/\/denizcankizil.tr\/de\/#website\",\"url\":\"https:\/\/denizcankizil.tr\/de\/\",\"name\":\"Av. Deniz Can K\u0131z\u0131l\",\"description\":\"Avukat Deniz Can K\u0131z\u0131l Antalya Barosu\",\"publisher\":{\"@id\":\"https:\/\/denizcankizil.tr\/de\/#organization\"},\"potentialAction\":[{\"@type\":\"SearchAction\",\"target\":{\"@type\":\"EntryPoint\",\"urlTemplate\":\"https:\/\/denizcankizil.tr\/de\/?s={search_term_string}\"},\"query-input\":{\"@type\":\"PropertyValueSpecification\",\"valueRequired\":true,\"valueName\":\"search_term_string\"}}],\"inLanguage\":\"de\"},{\"@type\":\"Organization\",\"@id\":\"https:\/\/denizcankizil.tr\/de\/#organization\",\"name\":\"Av. Deniz Can K\u0131z\u0131l\",\"url\":\"https:\/\/denizcankizil.tr\/de\/\",\"logo\":{\"@type\":\"ImageObject\",\"inLanguage\":\"de\",\"@id\":\"https:\/\/denizcankizil.tr\/de\/#\/schema\/logo\/image\/\",\"url\":\"http:\/\/denizcankizil.tr\/wp-content\/uploads\/2024\/10\/siyah-logo-svg.svg\",\"contentUrl\":\"http:\/\/denizcankizil.tr\/wp-content\/uploads\/2024\/10\/siyah-logo-svg.svg\",\"width\":1080,\"height\":1080,\"caption\":\"Av. Deniz Can K\u0131z\u0131l\"},\"image\":{\"@id\":\"https:\/\/denizcankizil.tr\/de\/#\/schema\/logo\/image\/\"}},{\"@type\":\"Person\",\"@id\":\"https:\/\/denizcankizil.tr\/de\/#\/schema\/person\/5dc1b22991bd7ac833867c10afc9b0ff\",\"name\":\"Av. Deniz Can K\u0131z\u0131l\",\"image\":{\"@type\":\"ImageObject\",\"inLanguage\":\"de\",\"@id\":\"https:\/\/denizcankizil.tr\/de\/#\/schema\/person\/image\/\",\"url\":\"https:\/\/secure.gravatar.com\/avatar\/a0b128fb9855c79efc976d5640eedb31dc35ec297594d6016d2cf7c60e975bb6?s=96&d=mm&r=g\",\"contentUrl\":\"https:\/\/secure.gravatar.com\/avatar\/a0b128fb9855c79efc976d5640eedb31dc35ec297594d6016d2cf7c60e975bb6?s=96&d=mm&r=g\",\"caption\":\"Av. Deniz Can K\u0131z\u0131l\"},\"sameAs\":[\"http:\/\/www.denizcankizil.tr\"],\"url\":\"http:\/\/denizcankizil.tr\/de\/author\/denizcankizil\/\"}]}<\/script>\n<!-- \/ Yoast SEO Premium plugin. -->","yoast_head_json":{"title":"Alanya kad\u0131nlar\u0131n yan\u0131nda - Av. Deniz Can K\u0131z\u0131l","robots":{"index":"index","follow":"follow","max-snippet":"max-snippet:-1","max-image-preview":"max-image-preview:large","max-video-preview":"max-video-preview:-1"},"canonical":"http:\/\/denizcankizil.tr\/de\/haberler\/antalya\/alanya-kadinlarin-yaninda\/","og_locale":"de_DE","og_type":"article","og_title":"Alanya kad\u0131nlar\u0131n yan\u0131nda","og_description":"Dan\u0131\u015fan kad\u0131nlar ve g\u00f6revlilerin evlerinde yapt\u0131klar\u0131 \u00fcr\u00fcnlerle haz\u0131rlanan kahvalt\u0131, Alanya Belediye Ba\u015fkan\u0131 Osman Tar\u0131k \u00d6z\u00e7elik&#8217;in be\u011fenisini toplad\u0131. \u0130mece k\u00fclt\u00fcr\u00fcn\u00fc hayat\u0131n her yerinde yayg\u0131nla\u015ft\u0131rmay\u0131 hedeflediklerini belirten Ba\u015fkan \u00d6z\u00e7elik, t\u00fcm kat\u0131l\u0131mc\u0131lara te\u015fekk\u00fcr etti. Programda kad\u0131n meclis \u00fcyeleri Halime Dim Ceylan ve Ufuk Aras Solmaz da yer ald\u0131. Programa kat\u0131lan ve kona\u011f\u0131n kullan\u0131m hakk\u0131n\u0131 Alanya Belediyesi&#8217;ne veren hay\u0131rsever Sevim Yavuz ve ailesine Ba\u015fkan Osman Tar\u0131k \u00d6z\u00e7elik taraf\u0131ndan te\u015fekk\u00fcr plaketi verildi. Merkezde kad\u0131nlara psikolojik ve hukuki dan\u0131\u015fmanl\u0131k, aile dan\u0131\u015fmanl\u0131\u011f\u0131 ve diyetisyen deste\u011fi Merkez b\u00fcnyesinde psikolojik dan\u0131\u015fmanl\u0131k, hukuki dan\u0131\u015fmanl\u0131k, aile dan\u0131\u015fmanl\u0131\u011f\u0131 ve diyetisyen deste\u011fi gibi alanlarda hizmet veriliyor. Kad\u0131nlar\u0131n sosyal hayata daha g\u00fc\u00e7l\u00fc kat\u0131l\u0131m\u0131n\u0131 sa\u011flamak, ya\u015fad\u0131klar\u0131 sorunlarla ba\u015f etmelerini kolayla\u015ft\u0131rmak ve kamu kurumlar\u0131yla ba\u011f kurmalar\u0131na yard\u0131mc\u0131 olmak, merkezin temel hedefleri aras\u0131nda yer al\u0131yor. Kad\u0131n Politikalar\u0131 ve Aile Destek Merkezi&#8217;nin en \u00f6nemli misyonlar\u0131ndan birini \u015fiddetle m\u00fccadele olu\u015fturuyor. \u015eiddete u\u011frayan ya da risk alt\u0131nda olan kad\u0131nlara psikolojik destek sa\u011flan\u0131rken, hukuki haklar\u0131 konusunda da bilgilendirme yap\u0131l\u0131yor. Merkez, ilgili kurumlara y\u00f6nlendirme konusunda da aktif rol al\u0131yor. Aile Dan\u0131\u015fmanl\u0131\u011f\u0131 hizmeti kapsam\u0131nda bireysel ve grup \u00e7al\u0131\u015fmalar\u0131 y\u00fcr\u00fct\u00fcl\u00fcrken, ayr\u0131ca evlilik kurumunun \u00f6nemi, sa\u011fl\u0131kl\u0131 ileti\u015fim, artan bo\u015fanma oranlar\u0131 gibi konularda dan\u0131\u015fmanl\u0131k verilerek aile yap\u0131s\u0131n\u0131n g\u00fc\u00e7lenmesi hedefleniyor. Merkezde g\u00f6rev yapan diyetisyen taraf\u0131ndan sa\u011fl\u0131kl\u0131 beslenme al\u0131\u015fkanl\u0131klar\u0131 kazand\u0131r\u0131lmas\u0131na y\u00f6nelik dan\u0131\u015fmanl\u0131k hizmeti veriliyor. Kad\u0131nlar\u0131n kendi bedenlerini tan\u0131mas\u0131, &hellip;","og_url":"http:\/\/denizcankizil.tr\/de\/haberler\/antalya\/alanya-kadinlarin-yaninda\/","og_site_name":"Av. Deniz Can K\u0131z\u0131l","article_published_time":"2025-05-27T14:41:32+00:00","og_image":[{"width":1280,"height":720,"url":"http:\/\/denizcankizil.tr\/wp-content\/uploads\/2025\/05\/6572-01-zqBSR3.jpg","type":"image\/jpeg"}],"author":"Av. Deniz Can K\u0131z\u0131l","twitter_card":"summary_large_image","twitter_misc":{"Verfasst von":"Av. Deniz Can K\u0131z\u0131l","Gesch\u00e4tzte Lesezeit":"2\u00a0Minuten"},"schema":{"@context":"https:\/\/schema.org","@graph":[{"@type":"Article","@id":"http:\/\/denizcankizil.tr\/de\/haberler\/antalya\/alanya-kadinlarin-yaninda\/#article","isPartOf":{"@id":"http:\/\/denizcankizil.tr\/de\/haberler\/antalya\/alanya-kadinlarin-yaninda\/"},"author":{"name":"Av. Deniz Can K\u0131z\u0131l","@id":"https:\/\/denizcankizil.tr\/de\/#\/schema\/person\/5dc1b22991bd7ac833867c10afc9b0ff"},"headline":"Alanya kad\u0131nlar\u0131n yan\u0131nda","datePublished":"2025-05-27T14:41:32+00:00","mainEntityOfPage":{"@id":"http:\/\/denizcankizil.tr\/de\/haberler\/antalya\/alanya-kadinlarin-yaninda\/"},"wordCount":500,"publisher":{"@id":"https:\/\/denizcankizil.tr\/de\/#organization"},"image":{"@id":"http:\/\/denizcankizil.tr\/de\/haberler\/antalya\/alanya-kadinlarin-yaninda\/#primaryimage"},"thumbnailUrl":"http:\/\/denizcankizil.tr\/wp-content\/uploads\/2025\/05\/6572-01-zqBSR3.jpg","articleSection":["Antalya"],"inLanguage":"de"},{"@type":"WebPage","@id":"http:\/\/denizcankizil.tr\/de\/haberler\/antalya\/alanya-kadinlarin-yaninda\/","url":"http:\/\/denizcankizil.tr\/de\/haberler\/antalya\/alanya-kadinlarin-yaninda\/","name":"Alanya kad\u0131nlar\u0131n yan\u0131nda - Av. Deniz Can K\u0131z\u0131l","isPartOf":{"@id":"https:\/\/denizcankizil.tr\/de\/#website"},"primaryImageOfPage":{"@id":"http:\/\/denizcankizil.tr\/de\/haberler\/antalya\/alanya-kadinlarin-yaninda\/#primaryimage"},"image":{"@id":"http:\/\/denizcankizil.tr\/de\/haberler\/antalya\/alanya-kadinlarin-yaninda\/#primaryimage"},"thumbnailUrl":"http:\/\/denizcankizil.tr\/wp-content\/uploads\/2025\/05\/6572-01-zqBSR3.jpg","datePublished":"2025-05-27T14:41:32+00:00","breadcrumb":{"@id":"http:\/\/denizcankizil.tr\/de\/haberler\/antalya\/alanya-kadinlarin-yaninda\/#breadcrumb"},"inLanguage":"de","potentialAction":[{"@type":"ReadAction","target":["http:\/\/denizcankizil.tr\/de\/haberler\/antalya\/alanya-kadinlarin-yaninda\/"]}]},{"@type":"ImageObject","inLanguage":"de","@id":"http:\/\/denizcankizil.tr\/de\/haberler\/antalya\/alanya-kadinlarin-yaninda\/#primaryimage","url":"http:\/\/denizcankizil.tr\/wp-content\/uploads\/2025\/05\/6572-01-zqBSR3.jpg","contentUrl":"http:\/\/denizcankizil.tr\/wp-content\/uploads\/2025\/05\/6572-01-zqBSR3.jpg","width":1280,"height":720},{"@type":"BreadcrumbList","@id":"http:\/\/denizcankizil.tr\/de\/haberler\/antalya\/alanya-kadinlarin-yaninda\/#breadcrumb","itemListElement":[{"@type":"ListItem","position":1,"name":"Home","item":"https:\/\/denizcankizil.tr\/de\/"},{"@type":"ListItem","position":2,"name":"Alanya kad\u0131nlar\u0131n yan\u0131nda"}]},{"@type":"WebSite","@id":"https:\/\/denizcankizil.tr\/de\/#website","url":"https:\/\/denizcankizil.tr\/de\/","name":"Av. Deniz Can K\u0131z\u0131l","description":"Avukat Deniz Can K\u0131z\u0131l Antalya Barosu","publisher":{"@id":"https:\/\/denizcankizil.tr\/de\/#organization"},"potentialAction":[{"@type":"SearchAction","target":{"@type":"EntryPoint","urlTemplate":"https:\/\/denizcankizil.tr\/de\/?s={search_term_string}"},"query-input":{"@type":"PropertyValueSpecification","valueRequired":true,"valueName":"search_term_string"}}],"inLanguage":"de"},{"@type":"Organization","@id":"https:\/\/denizcankizil.tr\/de\/#organization","name":"Av. Deniz Can K\u0131z\u0131l","url":"https:\/\/denizcankizil.tr\/de\/","logo":{"@type":"ImageObject","inLanguage":"de","@id":"https:\/\/denizcankizil.tr\/de\/#\/schema\/logo\/image\/","url":"http:\/\/denizcankizil.tr\/wp-content\/uploads\/2024\/10\/siyah-logo-svg.svg","contentUrl":"http:\/\/denizcankizil.tr\/wp-content\/uploads\/2024\/10\/siyah-logo-svg.svg","width":1080,"height":1080,"caption":"Av. Deniz Can K\u0131z\u0131l"},"image":{"@id":"https:\/\/denizcankizil.tr\/de\/#\/schema\/logo\/image\/"}},{"@type":"Person","@id":"https:\/\/denizcankizil.tr\/de\/#\/schema\/person\/5dc1b22991bd7ac833867c10afc9b0ff","name":"Av. Deniz Can K\u0131z\u0131l","image":{"@type":"ImageObject","inLanguage":"de","@id":"https:\/\/denizcankizil.tr\/de\/#\/schema\/person\/image\/","url":"https:\/\/secure.gravatar.com\/avatar\/a0b128fb9855c79efc976d5640eedb31dc35ec297594d6016d2cf7c60e975bb6?s=96&d=mm&r=g","contentUrl":"https:\/\/secure.gravatar.com\/avatar\/a0b128fb9855c79efc976d5640eedb31dc35ec297594d6016d2cf7c60e975bb6?s=96&d=mm&r=g","caption":"Av. Deniz Can K\u0131z\u0131l"},"sameAs":["http:\/\/www.denizcankizil.tr"],"url":"http:\/\/denizcankizil.tr\/de\/author\/denizcankizil\/"}]}},"_links":{"self":[{"href":"http:\/\/denizcankizil.tr\/de\/wp-json\/wp\/v2\/posts\/98561","targetHints":{"allow":["GET"]}}],"collection":[{"href":"http:\/\/denizcankizil.tr\/de\/wp-json\/wp\/v2\/posts"}],"about":[{"href":"http:\/\/denizcankizil.tr\/de\/wp-json\/wp\/v2\/types\/post"}],"author":[{"embeddable":true,"href":"http:\/\/denizcankizil.tr\/de\/wp-json\/wp\/v2\/users\/4"}],"replies":[{"embeddable":true,"href":"http:\/\/denizcankizil.tr\/de\/wp-json\/wp\/v2\/comments?post=98561"}],"version-history":[{"count":0,"href":"http:\/\/denizcankizil.tr\/de\/wp-json\/wp\/v2\/posts\/98561\/revisions"}],"wp:featuredmedia":[{"embeddable":true,"href":"http:\/\/denizcankizil.tr\/de\/wp-json\/wp\/v2\/media\/98562"}],"wp:attachment":[{"href":"http:\/\/denizcankizil.tr\/de\/wp-json\/wp\/v2\/media?parent=98561"}],"wp:term":[{"taxonomy":"category","embeddable":true,"href":"http:\/\/denizcankizil.tr\/de\/wp-json\/wp\/v2\/categories?post=98561"},{"taxonomy":"post_tag","embeddable":true,"href":"http:\/\/denizcankizil.tr\/de\/wp-json\/wp\/v2\/tags?post=98561"}],"curies":[{"name":"wp","href":"https:\/\/api.w.org\/{rel}","templated":true}]}}