{"id":98094,"date":"2025-05-27T07:41:21","date_gmt":"2025-05-27T04:41:21","guid":{"rendered":"https:\/\/denizcankizil.tr\/uncategorized-tr\/antalyada-nostalji-tramvayi-yeniden-gundemde-hat-uzatilacak-mi\/"},"modified":"2025-05-27T07:41:21","modified_gmt":"2025-05-27T04:41:21","slug":"antalyada-nostalji-tramvayi-yeniden-gundemde-hat-uzatilacak-mi","status":"publish","type":"post","link":"http:\/\/denizcankizil.tr\/de\/haberler\/gundem\/antalyada-nostalji-tramvayi-yeniden-gundemde-hat-uzatilacak-mi\/","title":{"rendered":"Antalya\u2019da Nostalji Tramvay\u0131 yeniden g\u00fcndemde: Hat uzat\u0131lacak m\u0131?"},"content":{"rendered":"<p>Antalya\u2019da 2024 y\u0131l\u0131na ait toplu ta\u015f\u0131ma verileri a\u00e7\u0131kland\u0131. \u015eehir i\u00e7i rayl\u0131 ula\u015f\u0131m\u0131n ana omurgas\u0131n\u0131 olu\u015fturan Antray, y\u0131l boyunca 31 milyon 397 bin 892 bini\u015f ile rekor seviyelere ula\u015f\u0131rken, kent merkezinden ge\u00e7en nostaljik tramvay hatt\u0131na yaln\u0131zca 1 milyon 135 bin 960 bini\u015f yap\u0131ld\u0131. Bu veriler, nostaljik tramvay\u0131n kullan\u0131m oran\u0131 ve i\u015flevselli\u011fi \u00fczerine yeniden d\u00fc\u015f\u00fcn\u00fclmesi gerekti\u011fini g\u00fcndeme ta\u015f\u0131d\u0131.<\/p>\n<p>Kent belle\u011finde \u00f6nemli bir yere sahip olan, estetik ve tarihi g\u00f6r\u00fcn\u00fcm\u00fcyle \u00f6ne \u00e7\u0131ksa da g\u00fcn\u00fcm\u00fcz ula\u015f\u0131m ihtiya\u00e7lar\u0131na yeterince yan\u0131t verememesi nedeniyle ele\u015ftirilen nostalji tramvay\u0131, \u00f6zellikle turistik sezon d\u0131\u015f\u0131nda kullan\u0131m\u0131n\u0131n olduk\u00e7a d\u00fc\u015f\u00fck seviyede kalmas\u0131 nedeniyle farkl\u0131 projelere de zemin haz\u0131rlad\u0131. Hatt\u0131n daha verimli bir yap\u0131ya d\u00f6n\u00fc\u015ft\u00fcr\u00fclmesi gereklili\u011fi bir kez daha ortaya koyulurken en \u00e7arp\u0131c\u0131 \u00f6neri, T\u00fcrk M\u00fchendis ve Mimar Odalar\u0131 Birli\u011fi (TMMOB) \u015eehir Planc\u0131lar\u0131 Odas\u0131 Antalya \u015eube Ba\u015fkan\u0131 Funda Y\u00f6r\u00fck&#8217;ten geldi.<\/p>\n<p>\u015eEH\u0130R PLANCILARINDAN UZATMA VE G\u00dcZERGAH DE\u011e\u0130\u015e\u0130KL\u0130\u011e\u0130 \u00d6NER\u0130S\u0130 <\/p>\n<p>Konuya ili\u015fkin a\u00e7\u0131klamalarda bulunan Ba\u015fkan Y\u00f6r\u00fck, nostalji tramvay\u0131 hatt\u0131n\u0131n ta\u015f\u0131nabilirlik ve kullan\u0131labilirlik a\u00e7\u0131s\u0131ndan yeniden de\u011ferlendirilmesi gerekti\u011fini belirtti. Y\u00f6r\u00fck, \u201cNostaljik tramvay\u0131n yerine, daha toplu ta\u015f\u0131maya uygun bir g\u00fczerg\u00e2h getirilmesi ve hatt\u0131n uzat\u0131lmas\u0131 ile \u00f6nemli avantajlar elde edilece\u011fini d\u00fc\u015f\u00fcn\u00fcyorum. Bu sayede hem mevcut hatt\u0131n etkinli\u011fi artar hem de toplu ta\u015f\u0131ma sistemine entegre bir yap\u0131ya kavu\u015fulur\u201d dedi. Y\u00f6r\u00fck, \u00f6nerilen g\u00fczerg\u00e2h de\u011fi\u015fikli\u011finin sadece nostaljik bir sembol\u00fcn korunmas\u0131 a\u00e7\u0131s\u0131ndan de\u011fil, ula\u015f\u0131m planlamas\u0131n\u0131n etkinli\u011fi a\u00e7\u0131s\u0131ndan da b\u00fcy\u00fck \u00f6nem ta\u015f\u0131d\u0131\u011f\u0131n\u0131 belirtti.<\/p>\n<p>KONYAALTI SAH\u0130L\u0130 VE ATAT\u00dcRK CADDES\u0130 G\u00dcZERTGAHLARI \u00d6NE \u00c7IKIYOR <\/p>\n<p>Ba\u015fkan Y\u00f6r\u00fck, nostalji tramvay\u0131n\u0131n \u00f6zellikle Atat\u00fcrk Caddesi ve Atat\u00fcrk Park\u0131 g\u00fczerg\u00e2h\u0131 \u00fczerinden Konyaalt\u0131 sahiline kadar uzat\u0131lmas\u0131n\u0131n ula\u015f\u0131m a\u00e7\u0131s\u0131ndan daha i\u015flevsel bir se\u00e7enek sunabilece\u011fi ifade etti. Y\u00f6r\u00fck, yaz aylar\u0131nda yo\u011fun ziyaret\u00e7i \u00e7eken Konyaalt\u0131 sahilinde, toplu ta\u015f\u0131ma ihtiyac\u0131n\u0131n artt\u0131\u011f\u0131na dikkat \u00e7ekti. Nostaljik tramvay\u0131n bu b\u00f6lgeye uzat\u0131lmas\u0131 halinde hem yerel halk\u0131n hem de turistlerin daha kolay eri\u015fim sa\u011flayabilece\u011fini, bu sayede hatt\u0131n yolcu say\u0131s\u0131n\u0131n ciddi oranda artabilece\u011fini \u00f6ng\u00f6ren Y\u00f6r\u00fck, &#8220;Deniz odakl\u0131 bir ula\u015f\u0131m aks\u0131 olu\u015fturmak, tramvay\u0131n cazibesini art\u0131racakt\u0131r. Bu t\u00fcr bir hat, hem g\u00f6rsel hem de i\u015flevsel a\u00e7\u0131dan Antalya\u2019ya de\u011fer katar\u201d a\u00e7\u0131klamas\u0131nda bulundu.<\/p>\n<p>F\u0130Z\u0130B\u0130L\u0130TE VE ALTYAPI \u00c7ALI\u015eMALARI G\u00dcNDEMDE <\/p>\n<p>Uzatma \u00f6nerilerinin hayata ge\u00e7irilebilmesi i\u00e7in ilk etapta detayl\u0131 fizibilite ve altyap\u0131 analizlerinin yap\u0131lmas\u0131 gerekiyor. G\u00fczerg\u00e2h\u0131n yol durumu, yayala\u015ft\u0131rma potansiyeli, \u00e7evre d\u00fczenlemeleri, mevcut trafik yap\u0131s\u0131 ve maliyet analizi gibi bir\u00e7ok teknik ba\u015fl\u0131\u011f\u0131n detayl\u0131 bi\u00e7imde incelenmesi planlan\u0131yor. Uzmanlar, fizibilite s\u00fcrecinin ard\u0131ndan ula\u015f\u0131m master plan\u0131na entegre edilmesiyle birlikte Nostaljik Tramvay hatt\u0131n\u0131n yeniden yap\u0131land\u0131r\u0131labilece\u011fini ifade ediyor. Yap\u0131lacak teknik analizlerin ard\u0131ndan belediye ve ilgili kurumlar\u0131n nihai karar\u0131 vermesi bekleniyor.<\/p>\n<p>GE\u00c7M\u0130\u015e PROJELERDE G\u00dcNDEME GELM\u0130\u015eT\u0130 <\/p>\n<p>Nostalji Tramvay\u0131&#8217;n\u0131n Konyaalt\u0131 y\u00f6n\u00fcne uzat\u0131lmas\u0131 \u00f6nerisi, daha \u00f6nce farkl\u0131 d\u00f6nemlerde haz\u0131rlanan Konyaalt\u0131 sahil projelerinde de g\u00fcndeme gelmi\u015fti. Ancak o d\u00f6nem \u00f6neriler hayata ge\u00e7irilmemi\u015fti. Son y\u0131llarda artan trafik yo\u011funlu\u011fu ve toplu ta\u015f\u0131mada ya\u015fanan t\u0131kanmalar, bu t\u00fcr alternatif ula\u015f\u0131m sistemlerinin yeniden yararlanmas\u0131 gerekti\u011fini g\u00f6zler \u00f6n\u00fcne serdi.<\/p>\n<p>G\u00d6ZLER YEREL Y\u00d6NET\u0130MLERDE <\/p>\n<p>T\u00fcm bu geli\u015fmelerin ard\u0131ndan g\u00f6zler Antalya B\u00fcy\u00fck\u015fehir Belediyesi ve Ula\u015f\u0131m Planlama Dairesi\u2019ne \u00e7evrildi. \u015eehir planc\u0131lar\u0131, toplu ta\u015f\u0131may\u0131 g\u00fc\u00e7lendirecek ve ayn\u0131 zamanda kentin kimli\u011fini koruyacak bu t\u00fcr projelerin desteklenmesi gerekti\u011fini vurgularken, nostaljik tramvay\u0131n gelece\u011fiyle ilgili al\u0131nacak kararlar\u0131n kent ula\u015f\u0131m\u0131n\u0131n gelece\u011fini \u015fekillendirece\u011fi belirtildi.<\/p>\n<p>\u200b2024\u2019te Antray&#8217;a 31 milyon 397 bin 892 bini\u015f yap\u0131l\u0131rken, nostaljik tramvaya bini\u015f say\u0131s\u0131 1 milyon 135 bin 960 olarak belirlendi. S\u0131n\u0131rl\u0131 kalan rakamlar\u0131 de\u011ferlendiren Antalya \u015eehir Planc\u0131lar\u0131 Odas\u0131 Ba\u015fkan\u0131 Funda Y\u00f6r\u00fck, nostalji tramvay hatt\u0131n\u0131n daha i\u015flevsel hale getirilmesi ve Konyaalt\u0131 y\u00f6n\u00fcne uzat\u0131lmas\u0131 i\u00e7in fizibilite \u00e7al\u0131\u015fmalar\u0131n\u0131n ba\u015flat\u0131lmas\u0131 gerekti\u011fini s\u00f6yledi.\u00a0<\/p>\n<p>\u200bHaberin Al\u0131nt\u0131land\u0131\u011f\u0131 Kaynak: www.antalyakorfez.com<\/p>","protected":false},"excerpt":{"rendered":"<p>Antalya\u2019da 2024 y\u0131l\u0131na ait toplu ta\u015f\u0131ma verileri a\u00e7\u0131kland\u0131. \u015eehir i\u00e7i rayl\u0131 ula\u015f\u0131m\u0131n ana omurgas\u0131n\u0131 olu\u015fturan Antray, y\u0131l boyunca 31 milyon 397 bin 892 bini\u015f ile rekor seviyelere ula\u015f\u0131rken, kent merkezinden ge\u00e7en nostaljik tramvay hatt\u0131na yaln\u0131zca 1 milyon 135 bin 960 bini\u015f yap\u0131ld\u0131. Bu veriler, nostaljik tramvay\u0131n kullan\u0131m oran\u0131 ve i\u015flevselli\u011fi \u00fczerine yeniden d\u00fc\u015f\u00fcn\u00fclmesi gerekti\u011fini g\u00fcndeme ta\u015f\u0131d\u0131. Kent belle\u011finde \u00f6nemli bir yere sahip olan, estetik ve tarihi g\u00f6r\u00fcn\u00fcm\u00fcyle \u00f6ne \u00e7\u0131ksa da g\u00fcn\u00fcm\u00fcz ula\u015f\u0131m ihtiya\u00e7lar\u0131na yeterince yan\u0131t verememesi nedeniyle ele\u015ftirilen nostalji tramvay\u0131, \u00f6zellikle turistik sezon d\u0131\u015f\u0131nda kullan\u0131m\u0131n\u0131n olduk\u00e7a d\u00fc\u015f\u00fck seviyede kalmas\u0131 nedeniyle farkl\u0131 projelere de zemin haz\u0131rlad\u0131. Hatt\u0131n daha verimli bir yap\u0131ya d\u00f6n\u00fc\u015ft\u00fcr\u00fclmesi gereklili\u011fi bir kez daha ortaya koyulurken en \u00e7arp\u0131c\u0131 \u00f6neri, T\u00fcrk M\u00fchendis ve Mimar Odalar\u0131 Birli\u011fi (TMMOB) \u015eehir Planc\u0131lar\u0131 Odas\u0131 Antalya \u015eube Ba\u015fkan\u0131 Funda Y\u00f6r\u00fck&#8217;ten geldi. \u015eEH\u0130R PLANCILARINDAN UZATMA VE G\u00dcZERGAH DE\u011e\u0130\u015e\u0130KL\u0130\u011e\u0130 \u00d6NER\u0130S\u0130 Konuya ili\u015fkin a\u00e7\u0131klamalarda bulunan Ba\u015fkan Y\u00f6r\u00fck, nostalji tramvay\u0131 hatt\u0131n\u0131n ta\u015f\u0131nabilirlik ve kullan\u0131labilirlik a\u00e7\u0131s\u0131ndan yeniden de\u011ferlendirilmesi gerekti\u011fini belirtti. Y\u00f6r\u00fck, \u201cNostaljik tramvay\u0131n yerine, daha toplu ta\u015f\u0131maya uygun bir g\u00fczerg\u00e2h getirilmesi ve hatt\u0131n uzat\u0131lmas\u0131 ile \u00f6nemli avantajlar elde edilece\u011fini d\u00fc\u015f\u00fcn\u00fcyorum. Bu sayede hem mevcut hatt\u0131n etkinli\u011fi artar hem de toplu ta\u015f\u0131ma sistemine entegre bir yap\u0131ya kavu\u015fulur\u201d dedi. Y\u00f6r\u00fck, \u00f6nerilen g\u00fczerg\u00e2h de\u011fi\u015fikli\u011finin sadece nostaljik bir sembol\u00fcn korunmas\u0131 a\u00e7\u0131s\u0131ndan de\u011fil, ula\u015f\u0131m planlamas\u0131n\u0131n &hellip;<\/p>","protected":false},"author":5,"featured_media":0,"comment_status":"","ping_status":"open","sticky":false,"template":"","format":"standard","meta":{"_acf_changed":false,"footnotes":""},"categories":[24],"tags":[],"class_list":["post-98094","post","type-post","status-publish","format-standard","has-post-thumbnail","hentry","category-gundem"],"acf":[],"yoast_head":"<!-- This site is optimized with the Yoast SEO Premium plugin v26.6 (Yoast SEO v27.1.1) - https:\/\/yoast.com\/product\/yoast-seo-premium-wordpress\/ -->\n<title>Antalya\u2019da Nostalji Tramvay\u0131 yeniden g\u00fcndemde: Hat uzat\u0131lacak m\u0131? - Av. Deniz Can K\u0131z\u0131l<\/title>\n<meta name=\"robots\" content=\"index, follow, max-snippet:-1, max-image-preview:large, max-video-preview:-1\" \/>\n<link rel=\"canonical\" href=\"http:\/\/denizcankizil.tr\/de\/haberler\/gundem\/antalyada-nostalji-tramvayi-yeniden-gundemde-hat-uzatilacak-mi\/\" \/>\n<meta property=\"og:locale\" content=\"de_DE\" \/>\n<meta property=\"og:type\" content=\"article\" \/>\n<meta property=\"og:title\" content=\"Antalya\u2019da Nostalji Tramvay\u0131 yeniden g\u00fcndemde: Hat uzat\u0131lacak m\u0131?\" \/>\n<meta property=\"og:description\" content=\"Antalya\u2019da 2024 y\u0131l\u0131na ait toplu ta\u015f\u0131ma verileri a\u00e7\u0131kland\u0131. \u015eehir i\u00e7i rayl\u0131 ula\u015f\u0131m\u0131n ana omurgas\u0131n\u0131 olu\u015fturan Antray, y\u0131l boyunca 31 milyon 397 bin 892 bini\u015f ile rekor seviyelere ula\u015f\u0131rken, kent merkezinden ge\u00e7en nostaljik tramvay hatt\u0131na yaln\u0131zca 1 milyon 135 bin 960 bini\u015f yap\u0131ld\u0131. Bu veriler, nostaljik tramvay\u0131n kullan\u0131m oran\u0131 ve i\u015flevselli\u011fi \u00fczerine yeniden d\u00fc\u015f\u00fcn\u00fclmesi gerekti\u011fini g\u00fcndeme ta\u015f\u0131d\u0131. Kent belle\u011finde \u00f6nemli bir yere sahip olan, estetik ve tarihi g\u00f6r\u00fcn\u00fcm\u00fcyle \u00f6ne \u00e7\u0131ksa da g\u00fcn\u00fcm\u00fcz ula\u015f\u0131m ihtiya\u00e7lar\u0131na yeterince yan\u0131t verememesi nedeniyle ele\u015ftirilen nostalji tramvay\u0131, \u00f6zellikle turistik sezon d\u0131\u015f\u0131nda kullan\u0131m\u0131n\u0131n olduk\u00e7a d\u00fc\u015f\u00fck seviyede kalmas\u0131 nedeniyle farkl\u0131 projelere de zemin haz\u0131rlad\u0131. Hatt\u0131n daha verimli bir yap\u0131ya d\u00f6n\u00fc\u015ft\u00fcr\u00fclmesi gereklili\u011fi bir kez daha ortaya koyulurken en \u00e7arp\u0131c\u0131 \u00f6neri, T\u00fcrk M\u00fchendis ve Mimar Odalar\u0131 Birli\u011fi (TMMOB) \u015eehir Planc\u0131lar\u0131 Odas\u0131 Antalya \u015eube Ba\u015fkan\u0131 Funda Y\u00f6r\u00fck&#8217;ten geldi. \u015eEH\u0130R PLANCILARINDAN UZATMA VE G\u00dcZERGAH DE\u011e\u0130\u015e\u0130KL\u0130\u011e\u0130 \u00d6NER\u0130S\u0130 Konuya ili\u015fkin a\u00e7\u0131klamalarda bulunan Ba\u015fkan Y\u00f6r\u00fck, nostalji tramvay\u0131 hatt\u0131n\u0131n ta\u015f\u0131nabilirlik ve kullan\u0131labilirlik a\u00e7\u0131s\u0131ndan yeniden de\u011ferlendirilmesi gerekti\u011fini belirtti. Y\u00f6r\u00fck, \u201cNostaljik tramvay\u0131n yerine, daha toplu ta\u015f\u0131maya uygun bir g\u00fczerg\u00e2h getirilmesi ve hatt\u0131n uzat\u0131lmas\u0131 ile \u00f6nemli avantajlar elde edilece\u011fini d\u00fc\u015f\u00fcn\u00fcyorum. Bu sayede hem mevcut hatt\u0131n etkinli\u011fi artar hem de toplu ta\u015f\u0131ma sistemine entegre bir yap\u0131ya kavu\u015fulur\u201d dedi. Y\u00f6r\u00fck, \u00f6nerilen g\u00fczerg\u00e2h de\u011fi\u015fikli\u011finin sadece nostaljik bir sembol\u00fcn korunmas\u0131 a\u00e7\u0131s\u0131ndan de\u011fil, ula\u015f\u0131m planlamas\u0131n\u0131n &hellip;\" \/>\n<meta property=\"og:url\" content=\"http:\/\/denizcankizil.tr\/de\/haberler\/gundem\/antalyada-nostalji-tramvayi-yeniden-gundemde-hat-uzatilacak-mi\/\" \/>\n<meta property=\"og:site_name\" content=\"Av. Deniz Can K\u0131z\u0131l\" \/>\n<meta property=\"article:published_time\" content=\"2025-05-27T04:41:21+00:00\" \/>\n<meta name=\"author\" content=\"Antalya K\u00f6rfez\" \/>\n<meta name=\"twitter:card\" content=\"summary_large_image\" \/>\n<meta name=\"twitter:label1\" content=\"Verfasst von\" \/>\n\t<meta name=\"twitter:data1\" content=\"Antalya K\u00f6rfez\" \/>\n\t<meta name=\"twitter:label2\" content=\"Gesch\u00e4tzte Lesezeit\" \/>\n\t<meta name=\"twitter:data2\" content=\"4\u00a0Minuten\" \/>\n<script type=\"application\/ld+json\" class=\"yoast-schema-graph\">{\"@context\":\"https:\/\/schema.org\",\"@graph\":[{\"@type\":\"Article\",\"@id\":\"http:\/\/denizcankizil.tr\/de\/haberler\/gundem\/antalyada-nostalji-tramvayi-yeniden-gundemde-hat-uzatilacak-mi\/#article\",\"isPartOf\":{\"@id\":\"http:\/\/denizcankizil.tr\/de\/haberler\/gundem\/antalyada-nostalji-tramvayi-yeniden-gundemde-hat-uzatilacak-mi\/\"},\"author\":{\"name\":\"Antalya K\u00f6rfez\",\"@id\":\"https:\/\/denizcankizil.tr\/#\/schema\/person\/e1eb71bb4dd684d46563f0af307e1234\"},\"headline\":\"Antalya\u2019da Nostalji Tramvay\u0131 yeniden g\u00fcndemde: Hat uzat\u0131lacak m\u0131?\",\"datePublished\":\"2025-05-27T04:41:21+00:00\",\"mainEntityOfPage\":{\"@id\":\"http:\/\/denizcankizil.tr\/de\/haberler\/gundem\/antalyada-nostalji-tramvayi-yeniden-gundemde-hat-uzatilacak-mi\/\"},\"wordCount\":804,\"publisher\":{\"@id\":\"https:\/\/denizcankizil.tr\/#organization\"},\"articleSection\":[\"G\u00fcndem\"],\"inLanguage\":\"de\"},{\"@type\":\"WebPage\",\"@id\":\"http:\/\/denizcankizil.tr\/de\/haberler\/gundem\/antalyada-nostalji-tramvayi-yeniden-gundemde-hat-uzatilacak-mi\/\",\"url\":\"http:\/\/denizcankizil.tr\/de\/haberler\/gundem\/antalyada-nostalji-tramvayi-yeniden-gundemde-hat-uzatilacak-mi\/\",\"name\":\"Antalya\u2019da Nostalji Tramvay\u0131 yeniden g\u00fcndemde: Hat uzat\u0131lacak m\u0131? - Av. Deniz Can K\u0131z\u0131l\",\"isPartOf\":{\"@id\":\"https:\/\/denizcankizil.tr\/#website\"},\"datePublished\":\"2025-05-27T04:41:21+00:00\",\"breadcrumb\":{\"@id\":\"http:\/\/denizcankizil.tr\/de\/haberler\/gundem\/antalyada-nostalji-tramvayi-yeniden-gundemde-hat-uzatilacak-mi\/#breadcrumb\"},\"inLanguage\":\"de\",\"potentialAction\":[{\"@type\":\"ReadAction\",\"target\":[\"http:\/\/denizcankizil.tr\/de\/haberler\/gundem\/antalyada-nostalji-tramvayi-yeniden-gundemde-hat-uzatilacak-mi\/\"]}]},{\"@type\":\"BreadcrumbList\",\"@id\":\"http:\/\/denizcankizil.tr\/de\/haberler\/gundem\/antalyada-nostalji-tramvayi-yeniden-gundemde-hat-uzatilacak-mi\/#breadcrumb\",\"itemListElement\":[{\"@type\":\"ListItem\",\"position\":1,\"name\":\"Home\",\"item\":\"https:\/\/denizcankizil.tr\/de\/\"},{\"@type\":\"ListItem\",\"position\":2,\"name\":\"Antalya\u2019da Nostalji Tramvay\u0131 yeniden g\u00fcndemde: Hat uzat\u0131lacak m\u0131?\"}]},{\"@type\":\"WebSite\",\"@id\":\"https:\/\/denizcankizil.tr\/#website\",\"url\":\"https:\/\/denizcankizil.tr\/\",\"name\":\"Av. Deniz Can K\u0131z\u0131l\",\"description\":\"Avukat Deniz Can K\u0131z\u0131l Antalya Barosu\",\"publisher\":{\"@id\":\"https:\/\/denizcankizil.tr\/#organization\"},\"potentialAction\":[{\"@type\":\"SearchAction\",\"target\":{\"@type\":\"EntryPoint\",\"urlTemplate\":\"https:\/\/denizcankizil.tr\/?s={search_term_string}\"},\"query-input\":{\"@type\":\"PropertyValueSpecification\",\"valueRequired\":true,\"valueName\":\"search_term_string\"}}],\"inLanguage\":\"de\"},{\"@type\":\"Organization\",\"@id\":\"https:\/\/denizcankizil.tr\/#organization\",\"name\":\"Av. Deniz Can K\u0131z\u0131l\",\"url\":\"https:\/\/denizcankizil.tr\/\",\"logo\":{\"@type\":\"ImageObject\",\"inLanguage\":\"de\",\"@id\":\"https:\/\/denizcankizil.tr\/#\/schema\/logo\/image\/\",\"url\":\"http:\/\/denizcankizil.tr\/wp-content\/uploads\/2024\/10\/siyah-logo-svg.svg\",\"contentUrl\":\"http:\/\/denizcankizil.tr\/wp-content\/uploads\/2024\/10\/siyah-logo-svg.svg\",\"width\":1080,\"height\":1080,\"caption\":\"Av. Deniz Can K\u0131z\u0131l\"},\"image\":{\"@id\":\"https:\/\/denizcankizil.tr\/#\/schema\/logo\/image\/\"}},{\"@type\":\"Person\",\"@id\":\"https:\/\/denizcankizil.tr\/#\/schema\/person\/e1eb71bb4dd684d46563f0af307e1234\",\"name\":\"Antalya K\u00f6rfez\",\"image\":{\"@type\":\"ImageObject\",\"inLanguage\":\"de\",\"@id\":\"https:\/\/denizcankizil.tr\/#\/schema\/person\/image\/\",\"url\":\"https:\/\/secure.gravatar.com\/avatar\/42b01982558a48a0b501fdcab6a408d3717ea5919095ee2e67b0e521799c5905?s=96&d=mm&r=g\",\"contentUrl\":\"https:\/\/secure.gravatar.com\/avatar\/42b01982558a48a0b501fdcab6a408d3717ea5919095ee2e67b0e521799c5905?s=96&d=mm&r=g\",\"caption\":\"Antalya K\u00f6rfez\"},\"sameAs\":[\"http:\/\/www.antalyakorfez.com\"],\"url\":\"https:\/\/www.antalyakorfez.com\/antalyada-nostalji-tramvayi-yeniden-gundemde-hat-uzatilacak-mi\"}]}<\/script>\n<!-- \/ Yoast SEO Premium plugin. -->","yoast_head_json":{"title":"Antalya\u2019da Nostalji Tramvay\u0131 yeniden g\u00fcndemde: Hat uzat\u0131lacak m\u0131? - Av. Deniz Can K\u0131z\u0131l","robots":{"index":"index","follow":"follow","max-snippet":"max-snippet:-1","max-image-preview":"max-image-preview:large","max-video-preview":"max-video-preview:-1"},"canonical":"http:\/\/denizcankizil.tr\/de\/haberler\/gundem\/antalyada-nostalji-tramvayi-yeniden-gundemde-hat-uzatilacak-mi\/","og_locale":"de_DE","og_type":"article","og_title":"Antalya\u2019da Nostalji Tramvay\u0131 yeniden g\u00fcndemde: Hat uzat\u0131lacak m\u0131?","og_description":"Antalya\u2019da 2024 y\u0131l\u0131na ait toplu ta\u015f\u0131ma verileri a\u00e7\u0131kland\u0131. \u015eehir i\u00e7i rayl\u0131 ula\u015f\u0131m\u0131n ana omurgas\u0131n\u0131 olu\u015fturan Antray, y\u0131l boyunca 31 milyon 397 bin 892 bini\u015f ile rekor seviyelere ula\u015f\u0131rken, kent merkezinden ge\u00e7en nostaljik tramvay hatt\u0131na yaln\u0131zca 1 milyon 135 bin 960 bini\u015f yap\u0131ld\u0131. Bu veriler, nostaljik tramvay\u0131n kullan\u0131m oran\u0131 ve i\u015flevselli\u011fi \u00fczerine yeniden d\u00fc\u015f\u00fcn\u00fclmesi gerekti\u011fini g\u00fcndeme ta\u015f\u0131d\u0131. Kent belle\u011finde \u00f6nemli bir yere sahip olan, estetik ve tarihi g\u00f6r\u00fcn\u00fcm\u00fcyle \u00f6ne \u00e7\u0131ksa da g\u00fcn\u00fcm\u00fcz ula\u015f\u0131m ihtiya\u00e7lar\u0131na yeterince yan\u0131t verememesi nedeniyle ele\u015ftirilen nostalji tramvay\u0131, \u00f6zellikle turistik sezon d\u0131\u015f\u0131nda kullan\u0131m\u0131n\u0131n olduk\u00e7a d\u00fc\u015f\u00fck seviyede kalmas\u0131 nedeniyle farkl\u0131 projelere de zemin haz\u0131rlad\u0131. Hatt\u0131n daha verimli bir yap\u0131ya d\u00f6n\u00fc\u015ft\u00fcr\u00fclmesi gereklili\u011fi bir kez daha ortaya koyulurken en \u00e7arp\u0131c\u0131 \u00f6neri, T\u00fcrk M\u00fchendis ve Mimar Odalar\u0131 Birli\u011fi (TMMOB) \u015eehir Planc\u0131lar\u0131 Odas\u0131 Antalya \u015eube Ba\u015fkan\u0131 Funda Y\u00f6r\u00fck&#8217;ten geldi. \u015eEH\u0130R PLANCILARINDAN UZATMA VE G\u00dcZERGAH DE\u011e\u0130\u015e\u0130KL\u0130\u011e\u0130 \u00d6NER\u0130S\u0130 Konuya ili\u015fkin a\u00e7\u0131klamalarda bulunan Ba\u015fkan Y\u00f6r\u00fck, nostalji tramvay\u0131 hatt\u0131n\u0131n ta\u015f\u0131nabilirlik ve kullan\u0131labilirlik a\u00e7\u0131s\u0131ndan yeniden de\u011ferlendirilmesi gerekti\u011fini belirtti. Y\u00f6r\u00fck, \u201cNostaljik tramvay\u0131n yerine, daha toplu ta\u015f\u0131maya uygun bir g\u00fczerg\u00e2h getirilmesi ve hatt\u0131n uzat\u0131lmas\u0131 ile \u00f6nemli avantajlar elde edilece\u011fini d\u00fc\u015f\u00fcn\u00fcyorum. Bu sayede hem mevcut hatt\u0131n etkinli\u011fi artar hem de toplu ta\u015f\u0131ma sistemine entegre bir yap\u0131ya kavu\u015fulur\u201d dedi. Y\u00f6r\u00fck, \u00f6nerilen g\u00fczerg\u00e2h de\u011fi\u015fikli\u011finin sadece nostaljik bir sembol\u00fcn korunmas\u0131 a\u00e7\u0131s\u0131ndan de\u011fil, ula\u015f\u0131m planlamas\u0131n\u0131n &hellip;","og_url":"http:\/\/denizcankizil.tr\/de\/haberler\/gundem\/antalyada-nostalji-tramvayi-yeniden-gundemde-hat-uzatilacak-mi\/","og_site_name":"Av. Deniz Can K\u0131z\u0131l","article_published_time":"2025-05-27T04:41:21+00:00","author":"Antalya K\u00f6rfez","twitter_card":"summary_large_image","twitter_misc":{"Verfasst von":"Antalya K\u00f6rfez","Gesch\u00e4tzte Lesezeit":"4\u00a0Minuten"},"schema":{"@context":"https:\/\/schema.org","@graph":[{"@type":"Article","@id":"http:\/\/denizcankizil.tr\/de\/haberler\/gundem\/antalyada-nostalji-tramvayi-yeniden-gundemde-hat-uzatilacak-mi\/#article","isPartOf":{"@id":"http:\/\/denizcankizil.tr\/de\/haberler\/gundem\/antalyada-nostalji-tramvayi-yeniden-gundemde-hat-uzatilacak-mi\/"},"author":{"name":"Antalya K\u00f6rfez","@id":"https:\/\/denizcankizil.tr\/#\/schema\/person\/e1eb71bb4dd684d46563f0af307e1234"},"headline":"Antalya\u2019da Nostalji Tramvay\u0131 yeniden g\u00fcndemde: Hat uzat\u0131lacak m\u0131?","datePublished":"2025-05-27T04:41:21+00:00","mainEntityOfPage":{"@id":"http:\/\/denizcankizil.tr\/de\/haberler\/gundem\/antalyada-nostalji-tramvayi-yeniden-gundemde-hat-uzatilacak-mi\/"},"wordCount":804,"publisher":{"@id":"https:\/\/denizcankizil.tr\/#organization"},"articleSection":["G\u00fcndem"],"inLanguage":"de"},{"@type":"WebPage","@id":"http:\/\/denizcankizil.tr\/de\/haberler\/gundem\/antalyada-nostalji-tramvayi-yeniden-gundemde-hat-uzatilacak-mi\/","url":"http:\/\/denizcankizil.tr\/de\/haberler\/gundem\/antalyada-nostalji-tramvayi-yeniden-gundemde-hat-uzatilacak-mi\/","name":"Antalya\u2019da Nostalji Tramvay\u0131 yeniden g\u00fcndemde: Hat uzat\u0131lacak m\u0131? - Av. Deniz Can K\u0131z\u0131l","isPartOf":{"@id":"https:\/\/denizcankizil.tr\/#website"},"datePublished":"2025-05-27T04:41:21+00:00","breadcrumb":{"@id":"http:\/\/denizcankizil.tr\/de\/haberler\/gundem\/antalyada-nostalji-tramvayi-yeniden-gundemde-hat-uzatilacak-mi\/#breadcrumb"},"inLanguage":"de","potentialAction":[{"@type":"ReadAction","target":["http:\/\/denizcankizil.tr\/de\/haberler\/gundem\/antalyada-nostalji-tramvayi-yeniden-gundemde-hat-uzatilacak-mi\/"]}]},{"@type":"BreadcrumbList","@id":"http:\/\/denizcankizil.tr\/de\/haberler\/gundem\/antalyada-nostalji-tramvayi-yeniden-gundemde-hat-uzatilacak-mi\/#breadcrumb","itemListElement":[{"@type":"ListItem","position":1,"name":"Home","item":"https:\/\/denizcankizil.tr\/de\/"},{"@type":"ListItem","position":2,"name":"Antalya\u2019da Nostalji Tramvay\u0131 yeniden g\u00fcndemde: Hat uzat\u0131lacak m\u0131?"}]},{"@type":"WebSite","@id":"https:\/\/denizcankizil.tr\/#website","url":"https:\/\/denizcankizil.tr\/","name":"Av. Deniz Can K\u0131z\u0131l","description":"Avukat Deniz Can K\u0131z\u0131l Antalya Barosu","publisher":{"@id":"https:\/\/denizcankizil.tr\/#organization"},"potentialAction":[{"@type":"SearchAction","target":{"@type":"EntryPoint","urlTemplate":"https:\/\/denizcankizil.tr\/?s={search_term_string}"},"query-input":{"@type":"PropertyValueSpecification","valueRequired":true,"valueName":"search_term_string"}}],"inLanguage":"de"},{"@type":"Organization","@id":"https:\/\/denizcankizil.tr\/#organization","name":"Av. Deniz Can K\u0131z\u0131l","url":"https:\/\/denizcankizil.tr\/","logo":{"@type":"ImageObject","inLanguage":"de","@id":"https:\/\/denizcankizil.tr\/#\/schema\/logo\/image\/","url":"http:\/\/denizcankizil.tr\/wp-content\/uploads\/2024\/10\/siyah-logo-svg.svg","contentUrl":"http:\/\/denizcankizil.tr\/wp-content\/uploads\/2024\/10\/siyah-logo-svg.svg","width":1080,"height":1080,"caption":"Av. Deniz Can K\u0131z\u0131l"},"image":{"@id":"https:\/\/denizcankizil.tr\/#\/schema\/logo\/image\/"}},{"@type":"Person","@id":"https:\/\/denizcankizil.tr\/#\/schema\/person\/e1eb71bb4dd684d46563f0af307e1234","name":"Antalya K\u00f6rfez","image":{"@type":"ImageObject","inLanguage":"de","@id":"https:\/\/denizcankizil.tr\/#\/schema\/person\/image\/","url":"https:\/\/secure.gravatar.com\/avatar\/42b01982558a48a0b501fdcab6a408d3717ea5919095ee2e67b0e521799c5905?s=96&d=mm&r=g","contentUrl":"https:\/\/secure.gravatar.com\/avatar\/42b01982558a48a0b501fdcab6a408d3717ea5919095ee2e67b0e521799c5905?s=96&d=mm&r=g","caption":"Antalya K\u00f6rfez"},"sameAs":["http:\/\/www.antalyakorfez.com"],"url":"https:\/\/www.antalyakorfez.com\/antalyada-nostalji-tramvayi-yeniden-gundemde-hat-uzatilacak-mi"}]}},"_links":{"self":[{"href":"http:\/\/denizcankizil.tr\/de\/wp-json\/wp\/v2\/posts\/98094","targetHints":{"allow":["GET"]}}],"collection":[{"href":"http:\/\/denizcankizil.tr\/de\/wp-json\/wp\/v2\/posts"}],"about":[{"href":"http:\/\/denizcankizil.tr\/de\/wp-json\/wp\/v2\/types\/post"}],"author":[{"embeddable":true,"href":"http:\/\/denizcankizil.tr\/de\/wp-json\/wp\/v2\/users\/5"}],"replies":[{"embeddable":true,"href":"http:\/\/denizcankizil.tr\/de\/wp-json\/wp\/v2\/comments?post=98094"}],"version-history":[{"count":0,"href":"http:\/\/denizcankizil.tr\/de\/wp-json\/wp\/v2\/posts\/98094\/revisions"}],"wp:attachment":[{"href":"http:\/\/denizcankizil.tr\/de\/wp-json\/wp\/v2\/media?parent=98094"}],"wp:term":[{"taxonomy":"category","embeddable":true,"href":"http:\/\/denizcankizil.tr\/de\/wp-json\/wp\/v2\/categories?post=98094"},{"taxonomy":"post_tag","embeddable":true,"href":"http:\/\/denizcankizil.tr\/de\/wp-json\/wp\/v2\/tags?post=98094"}],"curies":[{"name":"wp","href":"https:\/\/api.w.org\/{rel}","templated":true}]}}