{"id":97258,"date":"2025-05-26T13:41:15","date_gmt":"2025-05-26T10:41:15","guid":{"rendered":"https:\/\/denizcankizil.tr\/uncategorized-tr\/15-katli-binada-cikan-yanginda-can-pazari\/"},"modified":"2025-05-26T13:41:15","modified_gmt":"2025-05-26T10:41:15","slug":"15-katli-binada-cikan-yanginda-can-pazari","status":"publish","type":"post","link":"http:\/\/denizcankizil.tr\/de\/haberler\/antalya\/15-katli-binada-cikan-yanginda-can-pazari\/","title":{"rendered":"15 katl\u0131 binada \u00e7\u0131kan yang\u0131nda can pazar\u0131"},"content":{"rendered":"<p>Antalya&#8217;da 15 katl\u0131 apartman\u0131n 3. kat\u0131nda meydana gelen yang\u0131nda korku ve panik dolu anlar ya\u015fand\u0131. Olay, saat 10.30 s\u0131ralar\u0131nda Kepez il\u00e7esi Yenido\u011fan Mahallesi&#8217;nde 3109 Sokak \u00fczerinde bulunan 15 katl\u0131 bir apartman\u0131n 3&#8217;\u00fcnc\u00fc kat\u0131nda meydana geldi. Edinilen bilgiye g\u00f6re, 3. katta bulunan dairenin mutfak k\u0131sm\u0131nda hen\u00fcz bilinmeyen bir nedenle yang\u0131n \u00e7\u0131kt\u0131. K\u0131sa s\u00fcrede b\u00fcy\u00fcyen alevler daireyi sararken s\u0131cakl\u0131k nedeniyle dairenin camlar\u0131n\u0131 patlatarak binan\u0131n d\u0131\u015f\u0131na kadar ula\u015ft\u0131. Bu s\u0131rada yang\u0131n\u0131n \u00e7\u0131kt\u0131\u011f\u0131 evde ya\u015fayanlar alevlere m\u00fcdahale etmeye \u00e7al\u0131\u015ft\u0131.<\/p>\n<p>Siyah dumanlar g\u00f6ky\u00fcz\u00fcn\u00fc kaplad\u0131<br \/>\nG\u00f6ky\u00fcz\u00fcn\u00fc siyah dumanlar\u0131n kaplad\u0131\u011f\u0131 yang\u0131n\u0131 g\u00f6ren vatanda\u015flar 112 Acil \u00c7a\u011fr\u0131 Merkezi&#8217;ne bilgi verirken ihbarla olay yerine \u00e7ok say\u0131da itfaiye, ambulans ve polis ekibi sevk edildi. \u00dcst katlarda ki bir daireye e\u015fya ta\u015f\u0131mak \u00fczere adreste bulunan asans\u00f6rl\u00fc nakliye arac\u0131 sahibi, mahsur kalanlar\u0131 kurtarmaya \u00e7al\u0131\u015ft\u0131. K\u0131sa s\u00fcrede verilen adrese gelen itfaiye ekipleri yang\u0131na h\u0131zla m\u00fcdahale ederek mahsur kalanlar\u0131 kurtarmak i\u00e7in \u00e7al\u0131\u015fma ba\u015flatt\u0131. Yang\u0131n\u0131n ba\u015flad\u0131\u011f\u0131 evin \u00fcst kat\u0131ndaki balkonda mahsur kalan 2 kad\u0131n sepet yard\u0131m\u0131yla a\u015fa\u011f\u0131ya indirildi.<\/p>\n<p>Arkada\u015f\u0131n\u0131 g\u00fc\u00e7l\u00fckle balkona \u00e7\u0131kard\u0131<br \/>\nYang\u0131n\u0131n ya\u015fand\u0131\u011f\u0131 evde dumandan etkilenen Hamza Ate\u015f ve Hasan Salk\u0131m&#8217;\u0131 kurtarmak i\u00e7in \u00e7al\u0131\u015fma ba\u015flat\u0131ld\u0131. Dumandan etkilenen bayg\u0131n haldeki Hasan Salk\u0131m 112 Acil Sa\u011fl\u0131k ekibinin balkonda yapt\u0131\u011f\u0131 ilk m\u00fcdahalenin ard\u0131ndan sepete ba\u011flanan sedye ile a\u015fa\u011f\u0131ya indirildi. Kendisini balkona \u00e7\u0131karan arkada\u015f\u0131 Hamza Ate\u015f ile birlikte ikili ambulansla hastaneye g\u00f6t\u00fcr\u00fcld\u00fc. \u00c7evredekilerin b\u00fcy\u00fck panikle izledi\u011fi ve binada oturan yak\u0131nlar\u0131na ula\u015fmaya \u00e7al\u0131\u015ft\u0131\u011f\u0131 yang\u0131n k\u0131sa s\u00fcrede s\u00f6nd\u00fcr\u00fcld\u00fc.<\/p>\n<p>Kedisi ile balkonda mahsur kald\u0131<br \/>\nYang\u0131n\u0131n \u00e7\u0131kt\u0131\u011f\u0131 ev ve \u00fcst katlarda maddi hasar meydana gelirken, alevler ve duman nedeniyle mahsur kalan 6 ki\u015fi itfaiye ekipleri taraf\u0131ndan kurtar\u0131ld\u0131. \u0130tfaiye ekibi ve asans\u00f6rl\u00fc vin\u00e7 ile kurtar\u0131lan 6 ki\u015fiden dumandan etkilenen 4&#8217;\u00fc ambulansla hastaneye g\u00f6t\u00fcr\u00fcld\u00fc. \u0130tfaiye ekipleri taraf\u0131ndan balkondan kedisi ile birlikte kurtar\u0131lan Serpil P\u0131narg\u00f6z\u00fc, &#8220;Hi\u00e7 haberimiz olmad\u0131. Biz evde 4 ki\u015fiydik 2&#8217;si hala evde ama \u015fu an yang\u0131n bitti. Evde e\u015fim ile k\u0131z\u0131m var orada bekliyorlar. Simsiyah oldu evin i\u00e7in. Hemen \u00fcst kat\u0131nda oldu\u011fumuz i\u00e7in oldu\u011fu gibi bize geldi. Kedim herkesten \u00e7ok korktu&#8221; dedi.<\/p>\n<p>Asans\u00f6rl\u00fc vin\u00e7 ile mahsur kalanlar\u0131 kurtard\u0131<br \/>\nYang\u0131n\u0131n meydana geldi\u011fi apartmana y\u00fck ta\u015f\u0131mak i\u00e7in gelen ve mahsur kalanlar\u0131 kurtarmak i\u00e7in b\u00fcy\u00fck \u00e7aba harcayan Ahmet Karakoyun ise &#8220;15&#8217;nci kata malzeme ta\u015f\u0131mak i\u00e7in buraya geldik. Kap\u0131c\u0131 yang\u0131n\u0131 haber verdi. 2 ki\u015fi vard\u0131 yukar\u0131da onlar\u0131 kurtarabilmek i\u00e7in hemen asans\u00f6r\u00fc kurduk. Birisi arkada\u015f\u0131n\u0131 d\u0131\u015far\u0131 \u00e7\u0131kartt\u0131 ama kendisi kald\u0131. Sonra zaten hemen itfaiye geldi. Asans\u00f6rle yard\u0131mc\u0131 olmaya \u00e7al\u0131\u015ft\u0131k baz\u0131 itfaiye erlerini yukar\u0131 \u00e7\u0131kartt\u0131k. Birisi kap\u0131y\u0131 k\u0131rarak evdeki ki\u015fiyi kurtard\u0131&#8221; diye konu\u015ftu. Mustafa Keser&#8217;de, &#8220;Biz burada malzeme ta\u015f\u0131yorduk. Yard\u0131m\u0131m\u0131z olur diye hemen asans\u00f6r\u00fc kald\u0131rd\u0131k. Kom\u015fular\u0131n haberi olmad\u0131 ilk ba\u015fta. Kap\u0131c\u0131 herkese haber verdi&#8221; ifadelerini kulland\u0131.<\/p>\n<p>Kaynak: www.kanalv.com.tr Haber Sitesinden Al\u0131nm\u0131\u015ft\u0131r.<\/p>","protected":false},"excerpt":{"rendered":"<p>Antalya&#8217;da 15 katl\u0131 apartman\u0131n 3. kat\u0131nda meydana gelen yang\u0131nda korku ve panik dolu anlar ya\u015fand\u0131. Olay, saat 10.30 s\u0131ralar\u0131nda Kepez il\u00e7esi Yenido\u011fan Mahallesi&#8217;nde 3109 Sokak \u00fczerinde bulunan 15 katl\u0131 bir apartman\u0131n 3&#8217;\u00fcnc\u00fc kat\u0131nda meydana geldi. Edinilen bilgiye g\u00f6re, 3. katta bulunan dairenin mutfak k\u0131sm\u0131nda hen\u00fcz bilinmeyen bir nedenle yang\u0131n \u00e7\u0131kt\u0131. K\u0131sa s\u00fcrede b\u00fcy\u00fcyen alevler daireyi sararken s\u0131cakl\u0131k nedeniyle dairenin camlar\u0131n\u0131 patlatarak binan\u0131n d\u0131\u015f\u0131na kadar ula\u015ft\u0131. Bu s\u0131rada yang\u0131n\u0131n \u00e7\u0131kt\u0131\u011f\u0131 evde ya\u015fayanlar alevlere m\u00fcdahale etmeye \u00e7al\u0131\u015ft\u0131. Siyah dumanlar g\u00f6ky\u00fcz\u00fcn\u00fc kaplad\u0131 G\u00f6ky\u00fcz\u00fcn\u00fc siyah dumanlar\u0131n kaplad\u0131\u011f\u0131 yang\u0131n\u0131 g\u00f6ren vatanda\u015flar 112 Acil \u00c7a\u011fr\u0131 Merkezi&#8217;ne bilgi verirken ihbarla olay yerine \u00e7ok say\u0131da itfaiye, ambulans ve polis ekibi sevk edildi. \u00dcst katlarda ki bir daireye e\u015fya ta\u015f\u0131mak \u00fczere adreste bulunan asans\u00f6rl\u00fc nakliye arac\u0131 sahibi, mahsur kalanlar\u0131 kurtarmaya \u00e7al\u0131\u015ft\u0131. K\u0131sa s\u00fcrede verilen adrese gelen itfaiye ekipleri yang\u0131na h\u0131zla m\u00fcdahale ederek mahsur kalanlar\u0131 kurtarmak i\u00e7in \u00e7al\u0131\u015fma ba\u015flatt\u0131. Yang\u0131n\u0131n ba\u015flad\u0131\u011f\u0131 evin \u00fcst kat\u0131ndaki balkonda mahsur kalan 2 kad\u0131n sepet yard\u0131m\u0131yla a\u015fa\u011f\u0131ya indirildi. Arkada\u015f\u0131n\u0131 g\u00fc\u00e7l\u00fckle balkona \u00e7\u0131kard\u0131 Yang\u0131n\u0131n ya\u015fand\u0131\u011f\u0131 evde dumandan etkilenen Hamza Ate\u015f ve Hasan Salk\u0131m&#8217;\u0131 kurtarmak i\u00e7in \u00e7al\u0131\u015fma ba\u015flat\u0131ld\u0131. Dumandan etkilenen bayg\u0131n haldeki Hasan Salk\u0131m 112 Acil Sa\u011fl\u0131k ekibinin balkonda yapt\u0131\u011f\u0131 ilk m\u00fcdahalenin ard\u0131ndan sepete ba\u011flanan sedye ile a\u015fa\u011f\u0131ya indirildi. Kendisini balkona \u00e7\u0131karan arkada\u015f\u0131 Hamza Ate\u015f ile birlikte &hellip;<\/p>","protected":false},"author":4,"featured_media":0,"comment_status":"","ping_status":"open","sticky":false,"template":"","format":"standard","meta":{"_acf_changed":false,"footnotes":""},"categories":[26],"tags":[],"class_list":["post-97258","post","type-post","status-publish","format-standard","hentry","category-antalya"],"acf":[],"yoast_head":"<!-- This site is optimized with the Yoast SEO Premium plugin v26.6 (Yoast SEO v27.1.1) - https:\/\/yoast.com\/product\/yoast-seo-premium-wordpress\/ -->\n<title>15 katl\u0131 binada \u00e7\u0131kan yang\u0131nda can pazar\u0131 - Av. Deniz Can K\u0131z\u0131l<\/title>\n<meta name=\"robots\" content=\"index, follow, max-snippet:-1, max-image-preview:large, max-video-preview:-1\" \/>\n<link rel=\"canonical\" href=\"https:\/\/denizcankizil.tr\/de\/haberler\/antalya\/15-katli-binada-cikan-yanginda-can-pazari\/\" \/>\n<meta property=\"og:locale\" content=\"de_DE\" \/>\n<meta property=\"og:type\" content=\"article\" \/>\n<meta property=\"og:title\" content=\"15 katl\u0131 binada \u00e7\u0131kan yang\u0131nda can pazar\u0131\" \/>\n<meta property=\"og:description\" content=\"Antalya&#8217;da 15 katl\u0131 apartman\u0131n 3. kat\u0131nda meydana gelen yang\u0131nda korku ve panik dolu anlar ya\u015fand\u0131. Olay, saat 10.30 s\u0131ralar\u0131nda Kepez il\u00e7esi Yenido\u011fan Mahallesi&#8217;nde 3109 Sokak \u00fczerinde bulunan 15 katl\u0131 bir apartman\u0131n 3&#8217;\u00fcnc\u00fc kat\u0131nda meydana geldi. Edinilen bilgiye g\u00f6re, 3. katta bulunan dairenin mutfak k\u0131sm\u0131nda hen\u00fcz bilinmeyen bir nedenle yang\u0131n \u00e7\u0131kt\u0131. K\u0131sa s\u00fcrede b\u00fcy\u00fcyen alevler daireyi sararken s\u0131cakl\u0131k nedeniyle dairenin camlar\u0131n\u0131 patlatarak binan\u0131n d\u0131\u015f\u0131na kadar ula\u015ft\u0131. Bu s\u0131rada yang\u0131n\u0131n \u00e7\u0131kt\u0131\u011f\u0131 evde ya\u015fayanlar alevlere m\u00fcdahale etmeye \u00e7al\u0131\u015ft\u0131. Siyah dumanlar g\u00f6ky\u00fcz\u00fcn\u00fc kaplad\u0131 G\u00f6ky\u00fcz\u00fcn\u00fc siyah dumanlar\u0131n kaplad\u0131\u011f\u0131 yang\u0131n\u0131 g\u00f6ren vatanda\u015flar 112 Acil \u00c7a\u011fr\u0131 Merkezi&#8217;ne bilgi verirken ihbarla olay yerine \u00e7ok say\u0131da itfaiye, ambulans ve polis ekibi sevk edildi. \u00dcst katlarda ki bir daireye e\u015fya ta\u015f\u0131mak \u00fczere adreste bulunan asans\u00f6rl\u00fc nakliye arac\u0131 sahibi, mahsur kalanlar\u0131 kurtarmaya \u00e7al\u0131\u015ft\u0131. K\u0131sa s\u00fcrede verilen adrese gelen itfaiye ekipleri yang\u0131na h\u0131zla m\u00fcdahale ederek mahsur kalanlar\u0131 kurtarmak i\u00e7in \u00e7al\u0131\u015fma ba\u015flatt\u0131. Yang\u0131n\u0131n ba\u015flad\u0131\u011f\u0131 evin \u00fcst kat\u0131ndaki balkonda mahsur kalan 2 kad\u0131n sepet yard\u0131m\u0131yla a\u015fa\u011f\u0131ya indirildi. Arkada\u015f\u0131n\u0131 g\u00fc\u00e7l\u00fckle balkona \u00e7\u0131kard\u0131 Yang\u0131n\u0131n ya\u015fand\u0131\u011f\u0131 evde dumandan etkilenen Hamza Ate\u015f ve Hasan Salk\u0131m&#8217;\u0131 kurtarmak i\u00e7in \u00e7al\u0131\u015fma ba\u015flat\u0131ld\u0131. Dumandan etkilenen bayg\u0131n haldeki Hasan Salk\u0131m 112 Acil Sa\u011fl\u0131k ekibinin balkonda yapt\u0131\u011f\u0131 ilk m\u00fcdahalenin ard\u0131ndan sepete ba\u011flanan sedye ile a\u015fa\u011f\u0131ya indirildi. Kendisini balkona \u00e7\u0131karan arkada\u015f\u0131 Hamza Ate\u015f ile birlikte &hellip;\" \/>\n<meta property=\"og:url\" content=\"https:\/\/denizcankizil.tr\/de\/haberler\/antalya\/15-katli-binada-cikan-yanginda-can-pazari\/\" \/>\n<meta property=\"og:site_name\" content=\"Av. Deniz Can K\u0131z\u0131l\" \/>\n<meta property=\"article:published_time\" content=\"2025-05-26T10:41:15+00:00\" \/>\n<meta name=\"author\" content=\"Av. Deniz Can K\u0131z\u0131l\" \/>\n<meta name=\"twitter:card\" content=\"summary_large_image\" \/>\n<meta name=\"twitter:label1\" content=\"Verfasst von\" \/>\n\t<meta name=\"twitter:data1\" content=\"Av. Deniz Can K\u0131z\u0131l\" \/>\n\t<meta name=\"twitter:label2\" content=\"Gesch\u00e4tzte Lesezeit\" \/>\n\t<meta name=\"twitter:data2\" content=\"3\u00a0Minuten\" \/>\n<script type=\"application\/ld+json\" class=\"yoast-schema-graph\">{\"@context\":\"https:\/\/schema.org\",\"@graph\":[{\"@type\":\"Article\",\"@id\":\"https:\/\/denizcankizil.tr\/uk\/haberler\/antalya\/15-katli-binada-cikan-yanginda-can-pazari\/#article\",\"isPartOf\":{\"@id\":\"https:\/\/denizcankizil.tr\/uk\/haberler\/antalya\/15-katli-binada-cikan-yanginda-can-pazari\/\"},\"author\":{\"name\":\"Av. Deniz Can K\u0131z\u0131l\",\"@id\":\"https:\/\/denizcankizil.tr\/de\/#\/schema\/person\/5dc1b22991bd7ac833867c10afc9b0ff\"},\"headline\":\"15 katl\u0131 binada \u00e7\u0131kan yang\u0131nda can pazar\u0131\",\"datePublished\":\"2025-05-26T10:41:15+00:00\",\"mainEntityOfPage\":{\"@id\":\"https:\/\/denizcankizil.tr\/uk\/haberler\/antalya\/15-katli-binada-cikan-yanginda-can-pazari\/\"},\"wordCount\":581,\"publisher\":{\"@id\":\"https:\/\/denizcankizil.tr\/de\/#organization\"},\"articleSection\":[\"Antalya\"],\"inLanguage\":\"de\"},{\"@type\":\"WebPage\",\"@id\":\"https:\/\/denizcankizil.tr\/uk\/haberler\/antalya\/15-katli-binada-cikan-yanginda-can-pazari\/\",\"url\":\"https:\/\/denizcankizil.tr\/uk\/haberler\/antalya\/15-katli-binada-cikan-yanginda-can-pazari\/\",\"name\":\"15 katl\u0131 binada \u00e7\u0131kan yang\u0131nda can pazar\u0131 - Av. Deniz Can K\u0131z\u0131l\",\"isPartOf\":{\"@id\":\"https:\/\/denizcankizil.tr\/de\/#website\"},\"datePublished\":\"2025-05-26T10:41:15+00:00\",\"breadcrumb\":{\"@id\":\"https:\/\/denizcankizil.tr\/uk\/haberler\/antalya\/15-katli-binada-cikan-yanginda-can-pazari\/#breadcrumb\"},\"inLanguage\":\"de\",\"potentialAction\":[{\"@type\":\"ReadAction\",\"target\":[\"https:\/\/denizcankizil.tr\/uk\/haberler\/antalya\/15-katli-binada-cikan-yanginda-can-pazari\/\"]}]},{\"@type\":\"BreadcrumbList\",\"@id\":\"https:\/\/denizcankizil.tr\/uk\/haberler\/antalya\/15-katli-binada-cikan-yanginda-can-pazari\/#breadcrumb\",\"itemListElement\":[{\"@type\":\"ListItem\",\"position\":1,\"name\":\"Home\",\"item\":\"https:\/\/denizcankizil.tr\/de\/\"},{\"@type\":\"ListItem\",\"position\":2,\"name\":\"15 katl\u0131 binada \u00e7\u0131kan yang\u0131nda can pazar\u0131\"}]},{\"@type\":\"WebSite\",\"@id\":\"https:\/\/denizcankizil.tr\/de\/#website\",\"url\":\"https:\/\/denizcankizil.tr\/de\/\",\"name\":\"Av. Deniz Can K\u0131z\u0131l\",\"description\":\"Avukat Deniz Can K\u0131z\u0131l Antalya Barosu\",\"publisher\":{\"@id\":\"https:\/\/denizcankizil.tr\/de\/#organization\"},\"potentialAction\":[{\"@type\":\"SearchAction\",\"target\":{\"@type\":\"EntryPoint\",\"urlTemplate\":\"https:\/\/denizcankizil.tr\/de\/?s={search_term_string}\"},\"query-input\":{\"@type\":\"PropertyValueSpecification\",\"valueRequired\":true,\"valueName\":\"search_term_string\"}}],\"inLanguage\":\"de\"},{\"@type\":\"Organization\",\"@id\":\"https:\/\/denizcankizil.tr\/de\/#organization\",\"name\":\"Av. Deniz Can K\u0131z\u0131l\",\"url\":\"https:\/\/denizcankizil.tr\/de\/\",\"logo\":{\"@type\":\"ImageObject\",\"inLanguage\":\"de\",\"@id\":\"https:\/\/denizcankizil.tr\/de\/#\/schema\/logo\/image\/\",\"url\":\"http:\/\/denizcankizil.tr\/wp-content\/uploads\/2024\/10\/siyah-logo-svg.svg\",\"contentUrl\":\"http:\/\/denizcankizil.tr\/wp-content\/uploads\/2024\/10\/siyah-logo-svg.svg\",\"width\":1080,\"height\":1080,\"caption\":\"Av. Deniz Can K\u0131z\u0131l\"},\"image\":{\"@id\":\"https:\/\/denizcankizil.tr\/de\/#\/schema\/logo\/image\/\"}},{\"@type\":\"Person\",\"@id\":\"https:\/\/denizcankizil.tr\/de\/#\/schema\/person\/5dc1b22991bd7ac833867c10afc9b0ff\",\"name\":\"Av. Deniz Can K\u0131z\u0131l\",\"image\":{\"@type\":\"ImageObject\",\"inLanguage\":\"de\",\"@id\":\"https:\/\/denizcankizil.tr\/de\/#\/schema\/person\/image\/\",\"url\":\"https:\/\/secure.gravatar.com\/avatar\/a0b128fb9855c79efc976d5640eedb31dc35ec297594d6016d2cf7c60e975bb6?s=96&d=mm&r=g\",\"contentUrl\":\"https:\/\/secure.gravatar.com\/avatar\/a0b128fb9855c79efc976d5640eedb31dc35ec297594d6016d2cf7c60e975bb6?s=96&d=mm&r=g\",\"caption\":\"Av. Deniz Can K\u0131z\u0131l\"},\"sameAs\":[\"http:\/\/www.denizcankizil.tr\"],\"url\":\"http:\/\/denizcankizil.tr\/de\/author\/denizcankizil\/\"}]}<\/script>\n<!-- \/ Yoast SEO Premium plugin. -->","yoast_head_json":{"title":"15 katl\u0131 binada \u00e7\u0131kan yang\u0131nda can pazar\u0131 - Av. Deniz Can K\u0131z\u0131l","robots":{"index":"index","follow":"follow","max-snippet":"max-snippet:-1","max-image-preview":"max-image-preview:large","max-video-preview":"max-video-preview:-1"},"canonical":"https:\/\/denizcankizil.tr\/de\/haberler\/antalya\/15-katli-binada-cikan-yanginda-can-pazari\/","og_locale":"de_DE","og_type":"article","og_title":"15 katl\u0131 binada \u00e7\u0131kan yang\u0131nda can pazar\u0131","og_description":"Antalya&#8217;da 15 katl\u0131 apartman\u0131n 3. kat\u0131nda meydana gelen yang\u0131nda korku ve panik dolu anlar ya\u015fand\u0131. Olay, saat 10.30 s\u0131ralar\u0131nda Kepez il\u00e7esi Yenido\u011fan Mahallesi&#8217;nde 3109 Sokak \u00fczerinde bulunan 15 katl\u0131 bir apartman\u0131n 3&#8217;\u00fcnc\u00fc kat\u0131nda meydana geldi. Edinilen bilgiye g\u00f6re, 3. katta bulunan dairenin mutfak k\u0131sm\u0131nda hen\u00fcz bilinmeyen bir nedenle yang\u0131n \u00e7\u0131kt\u0131. K\u0131sa s\u00fcrede b\u00fcy\u00fcyen alevler daireyi sararken s\u0131cakl\u0131k nedeniyle dairenin camlar\u0131n\u0131 patlatarak binan\u0131n d\u0131\u015f\u0131na kadar ula\u015ft\u0131. Bu s\u0131rada yang\u0131n\u0131n \u00e7\u0131kt\u0131\u011f\u0131 evde ya\u015fayanlar alevlere m\u00fcdahale etmeye \u00e7al\u0131\u015ft\u0131. Siyah dumanlar g\u00f6ky\u00fcz\u00fcn\u00fc kaplad\u0131 G\u00f6ky\u00fcz\u00fcn\u00fc siyah dumanlar\u0131n kaplad\u0131\u011f\u0131 yang\u0131n\u0131 g\u00f6ren vatanda\u015flar 112 Acil \u00c7a\u011fr\u0131 Merkezi&#8217;ne bilgi verirken ihbarla olay yerine \u00e7ok say\u0131da itfaiye, ambulans ve polis ekibi sevk edildi. \u00dcst katlarda ki bir daireye e\u015fya ta\u015f\u0131mak \u00fczere adreste bulunan asans\u00f6rl\u00fc nakliye arac\u0131 sahibi, mahsur kalanlar\u0131 kurtarmaya \u00e7al\u0131\u015ft\u0131. K\u0131sa s\u00fcrede verilen adrese gelen itfaiye ekipleri yang\u0131na h\u0131zla m\u00fcdahale ederek mahsur kalanlar\u0131 kurtarmak i\u00e7in \u00e7al\u0131\u015fma ba\u015flatt\u0131. Yang\u0131n\u0131n ba\u015flad\u0131\u011f\u0131 evin \u00fcst kat\u0131ndaki balkonda mahsur kalan 2 kad\u0131n sepet yard\u0131m\u0131yla a\u015fa\u011f\u0131ya indirildi. Arkada\u015f\u0131n\u0131 g\u00fc\u00e7l\u00fckle balkona \u00e7\u0131kard\u0131 Yang\u0131n\u0131n ya\u015fand\u0131\u011f\u0131 evde dumandan etkilenen Hamza Ate\u015f ve Hasan Salk\u0131m&#8217;\u0131 kurtarmak i\u00e7in \u00e7al\u0131\u015fma ba\u015flat\u0131ld\u0131. Dumandan etkilenen bayg\u0131n haldeki Hasan Salk\u0131m 112 Acil Sa\u011fl\u0131k ekibinin balkonda yapt\u0131\u011f\u0131 ilk m\u00fcdahalenin ard\u0131ndan sepete ba\u011flanan sedye ile a\u015fa\u011f\u0131ya indirildi. Kendisini balkona \u00e7\u0131karan arkada\u015f\u0131 Hamza Ate\u015f ile birlikte &hellip;","og_url":"https:\/\/denizcankizil.tr\/de\/haberler\/antalya\/15-katli-binada-cikan-yanginda-can-pazari\/","og_site_name":"Av. Deniz Can K\u0131z\u0131l","article_published_time":"2025-05-26T10:41:15+00:00","author":"Av. Deniz Can K\u0131z\u0131l","twitter_card":"summary_large_image","twitter_misc":{"Verfasst von":"Av. Deniz Can K\u0131z\u0131l","Gesch\u00e4tzte Lesezeit":"3\u00a0Minuten"},"schema":{"@context":"https:\/\/schema.org","@graph":[{"@type":"Article","@id":"https:\/\/denizcankizil.tr\/uk\/haberler\/antalya\/15-katli-binada-cikan-yanginda-can-pazari\/#article","isPartOf":{"@id":"https:\/\/denizcankizil.tr\/uk\/haberler\/antalya\/15-katli-binada-cikan-yanginda-can-pazari\/"},"author":{"name":"Av. Deniz Can K\u0131z\u0131l","@id":"https:\/\/denizcankizil.tr\/de\/#\/schema\/person\/5dc1b22991bd7ac833867c10afc9b0ff"},"headline":"15 katl\u0131 binada \u00e7\u0131kan yang\u0131nda can pazar\u0131","datePublished":"2025-05-26T10:41:15+00:00","mainEntityOfPage":{"@id":"https:\/\/denizcankizil.tr\/uk\/haberler\/antalya\/15-katli-binada-cikan-yanginda-can-pazari\/"},"wordCount":581,"publisher":{"@id":"https:\/\/denizcankizil.tr\/de\/#organization"},"articleSection":["Antalya"],"inLanguage":"de"},{"@type":"WebPage","@id":"https:\/\/denizcankizil.tr\/uk\/haberler\/antalya\/15-katli-binada-cikan-yanginda-can-pazari\/","url":"https:\/\/denizcankizil.tr\/uk\/haberler\/antalya\/15-katli-binada-cikan-yanginda-can-pazari\/","name":"15 katl\u0131 binada \u00e7\u0131kan yang\u0131nda can pazar\u0131 - Av. Deniz Can K\u0131z\u0131l","isPartOf":{"@id":"https:\/\/denizcankizil.tr\/de\/#website"},"datePublished":"2025-05-26T10:41:15+00:00","breadcrumb":{"@id":"https:\/\/denizcankizil.tr\/uk\/haberler\/antalya\/15-katli-binada-cikan-yanginda-can-pazari\/#breadcrumb"},"inLanguage":"de","potentialAction":[{"@type":"ReadAction","target":["https:\/\/denizcankizil.tr\/uk\/haberler\/antalya\/15-katli-binada-cikan-yanginda-can-pazari\/"]}]},{"@type":"BreadcrumbList","@id":"https:\/\/denizcankizil.tr\/uk\/haberler\/antalya\/15-katli-binada-cikan-yanginda-can-pazari\/#breadcrumb","itemListElement":[{"@type":"ListItem","position":1,"name":"Home","item":"https:\/\/denizcankizil.tr\/de\/"},{"@type":"ListItem","position":2,"name":"15 katl\u0131 binada \u00e7\u0131kan yang\u0131nda can pazar\u0131"}]},{"@type":"WebSite","@id":"https:\/\/denizcankizil.tr\/de\/#website","url":"https:\/\/denizcankizil.tr\/de\/","name":"Av. Deniz Can K\u0131z\u0131l","description":"Avukat Deniz Can K\u0131z\u0131l Antalya Barosu","publisher":{"@id":"https:\/\/denizcankizil.tr\/de\/#organization"},"potentialAction":[{"@type":"SearchAction","target":{"@type":"EntryPoint","urlTemplate":"https:\/\/denizcankizil.tr\/de\/?s={search_term_string}"},"query-input":{"@type":"PropertyValueSpecification","valueRequired":true,"valueName":"search_term_string"}}],"inLanguage":"de"},{"@type":"Organization","@id":"https:\/\/denizcankizil.tr\/de\/#organization","name":"Av. Deniz Can K\u0131z\u0131l","url":"https:\/\/denizcankizil.tr\/de\/","logo":{"@type":"ImageObject","inLanguage":"de","@id":"https:\/\/denizcankizil.tr\/de\/#\/schema\/logo\/image\/","url":"http:\/\/denizcankizil.tr\/wp-content\/uploads\/2024\/10\/siyah-logo-svg.svg","contentUrl":"http:\/\/denizcankizil.tr\/wp-content\/uploads\/2024\/10\/siyah-logo-svg.svg","width":1080,"height":1080,"caption":"Av. Deniz Can K\u0131z\u0131l"},"image":{"@id":"https:\/\/denizcankizil.tr\/de\/#\/schema\/logo\/image\/"}},{"@type":"Person","@id":"https:\/\/denizcankizil.tr\/de\/#\/schema\/person\/5dc1b22991bd7ac833867c10afc9b0ff","name":"Av. Deniz Can K\u0131z\u0131l","image":{"@type":"ImageObject","inLanguage":"de","@id":"https:\/\/denizcankizil.tr\/de\/#\/schema\/person\/image\/","url":"https:\/\/secure.gravatar.com\/avatar\/a0b128fb9855c79efc976d5640eedb31dc35ec297594d6016d2cf7c60e975bb6?s=96&d=mm&r=g","contentUrl":"https:\/\/secure.gravatar.com\/avatar\/a0b128fb9855c79efc976d5640eedb31dc35ec297594d6016d2cf7c60e975bb6?s=96&d=mm&r=g","caption":"Av. Deniz Can K\u0131z\u0131l"},"sameAs":["http:\/\/www.denizcankizil.tr"],"url":"http:\/\/denizcankizil.tr\/de\/author\/denizcankizil\/"}]}},"_links":{"self":[{"href":"http:\/\/denizcankizil.tr\/de\/wp-json\/wp\/v2\/posts\/97258","targetHints":{"allow":["GET"]}}],"collection":[{"href":"http:\/\/denizcankizil.tr\/de\/wp-json\/wp\/v2\/posts"}],"about":[{"href":"http:\/\/denizcankizil.tr\/de\/wp-json\/wp\/v2\/types\/post"}],"author":[{"embeddable":true,"href":"http:\/\/denizcankizil.tr\/de\/wp-json\/wp\/v2\/users\/4"}],"replies":[{"embeddable":true,"href":"http:\/\/denizcankizil.tr\/de\/wp-json\/wp\/v2\/comments?post=97258"}],"version-history":[{"count":0,"href":"http:\/\/denizcankizil.tr\/de\/wp-json\/wp\/v2\/posts\/97258\/revisions"}],"wp:attachment":[{"href":"http:\/\/denizcankizil.tr\/de\/wp-json\/wp\/v2\/media?parent=97258"}],"wp:term":[{"taxonomy":"category","embeddable":true,"href":"http:\/\/denizcankizil.tr\/de\/wp-json\/wp\/v2\/categories?post=97258"},{"taxonomy":"post_tag","embeddable":true,"href":"http:\/\/denizcankizil.tr\/de\/wp-json\/wp\/v2\/tags?post=97258"}],"curies":[{"name":"wp","href":"https:\/\/api.w.org\/{rel}","templated":true}]}}