{"id":97117,"date":"2025-05-22T12:47:00","date_gmt":"2025-05-22T09:47:00","guid":{"rendered":"https:\/\/denizcankizil.tr\/uncategorized-tr\/ataturkcu-dusunceye-hizmet-odulu-bu-yil-umudun-sembolu-haluk-leventin\/"},"modified":"2025-05-22T12:47:00","modified_gmt":"2025-05-22T09:47:00","slug":"ataturkcu-dusunceye-hizmet-odulu-bu-yil-umudun-sembolu-haluk-leventin","status":"publish","type":"post","link":"http:\/\/denizcankizil.tr\/de\/hukukihaber\/ataturkcu-dusunceye-hizmet-odulu-bu-yil-umudun-sembolu-haluk-leventin\/","title":{"rendered":"Atat\u00fcrk\u00e7\u00fc d\u00fc\u015f\u00fcnceye hizmet \u00f6d\u00fcl\u00fc bu y\u0131l umudun sembol\u00fc Haluk Levent\u2019in"},"content":{"rendered":"<p>\u0130lki 1996-1997 y\u0131l\u0131 i\u00e7in \u00c7YDD ba\u015fkan\u0131 Prof. Dr T\u00fcrkan Saylana verilen &#8220;Atat\u00fcrk\u00e7\u00fc D\u00fc\u015f\u00fcnceye Hizmet \u00d6d\u00fcl\u00fc&#8221; bu y\u0131l K\u00fclt\u00fcr \u00dcniversitesinde 19 May\u0131s 2025 Gen\u00e7lik ve Spor Bayram\u0131nda yap\u0131lan bir t\u00f6renle \u0130stanbul incirli Lions Kul\u00fcb\u00fc taraf\u0131ndan &#8220;Atat\u00fcrk\u00e7\u00fc D\u00fc\u015f\u00fcnceyi ya\u015fayan ve ya\u015fatan bir hizmet g\u00f6n\u00fcll\u00fcs\u00fc, sanat\u00e7\u0131 kimli\u011fi ve s\u00f6ylemleri ile Atat\u00fcrk&#8217;\u00fc her f\u0131rsatta anarak g\u00fcndem olan&#8221; Haluk Levent&#8217;e verildi.<\/p>\n<p>Kul\u00fcb\u00fcn \u201cAtat\u00fcrk\u00e7\u00fc D\u00fc\u015f\u00fcnceye Hizmet \u00d6d\u00fcl\u00fc\u201d verilmesindeki temel amac\u0131; T\u00fcrkiye Cumhuriyeti kurucusu Mustafa Kemal Atat\u00fcrk\u2019\u00fcn, \u00fclkemizin \u00e7a\u011fda\u015f uygarl\u0131k seviyesine ula\u015fmas\u0131n\u0131 hedefleyen ve g\u00fcn\u00fcm\u00fczde \u201cdemokratik, laik ve sosyal hukuk hukuk devleti\u201d olarak \u015fekillenmi\u015f cumhuriyetimizin bu nitelikleri ile korunmas\u0131 ve ya\u015fat\u0131lmas\u0131nda, \u00f6zellikle laiklik ilkesinin kararl\u0131 savunulmas\u0131 ve t\u00fcm ulusumuza mal edilmesi i\u00e7in etkin kat\u0131l\u0131m\u0131 ve hizmeti \u00f6zendirmek, desteklemek ve b\u00fcy\u00fck Atat\u00fcrk\u2019e minnet borcumuzu ifade etmektir olarak a\u00e7\u0131klanmaktad\u0131r.<\/p>\n<p>T\u00fcm depremlerde ve zor zamanlar\u0131nda halk\u0131n yard\u0131m\u0131na ko\u015fan, halk\u0131yla dayan\u0131\u015fma i\u00e7inde olan Haluk Levent bu \u00f6d\u00fcl t\u00f6reninde birka\u00e7 bestesiyle ilgili a\u00e7\u0131klama da yapt\u0131.<\/p>\n<p>Haluk Levent kendisini en \u00e7ok etkileyen \u015fark\u0131lar\u0131ndan birinin \u201cElfida \u015fark\u0131s\u0131\u201d oldu\u011funu s\u00f6yledi ve bu \u015fark\u0131n\u0131n \u00f6yk\u00fcs\u00fcn\u00fc \u015f\u00f6yle \u00f6zetledi:<\/p>\n<p>Beyzenur ad\u0131ndaki 4 ya\u015flar\u0131ndaki k\u00fc\u00e7\u00fck k\u0131z\u0131n amans\u0131z bir hastal\u0131\u011f\u0131 vard\u0131 ve  onun ya\u015fam sava\u015f\u0131na destek olmak i\u00e7in incirli semtinde bir ev kiralay\u0131p emek\u00e7i olan aileye de yard\u0131mc\u0131 olmak istedim.<\/p>\n<p>F\u0131rsat bulduk\u00e7a Cerrahpa\u015fa T\u0131p Fak\u00fcltesine gidiyor, doktorlarla g\u00f6r\u00fc\u015f\u00fcyordum<\/p>\n<p>Bir g\u00fcn yine gitti\u011fimde doktoru ile g\u00f6r\u00fc\u015ft\u00fcm. Doktor bana \u201cbu k\u0131z\u0131 g\u00f6zden \u00e7\u0131kar\u0131n\u201d dedi. Konu\u015fmam\u0131z\u0131 yan\u0131mda bulunan arkada\u015f\u0131m Emrah Aydo\u011fdu\u2019da duydu. Emrah bana; \u201cG\u00f6zden \u00e7\u0131kart\u0131lman\u0131n anlam\u0131 Osmanl\u0131ca\u2019da Elfida.\u201d dedi.<\/p>\n<p>G\u00f6zya\u015flar\u0131m\u0131z\u0131 tutamad\u0131k.<\/p>\n<p>Sonra \u015fark\u0131y\u0131 yazd\u0131m. Olay\u0131 benimle birlikte ya\u015fayan m\u00fczisyen arkada\u015f\u0131m Emrah\u2019ta yard\u0131mc\u0131 oldu.<\/p>\n<p>K\u00fc\u00e7\u00fck Beyzanur\u2019u \u00e7ok seviyordum. \u015eark\u0131y\u0131 Beyzanura da okuyordum fakat Beyzanur, Elfida\u2019n\u0131n kendisi oldu\u011funu bilmiyordu.<\/p>\n<p>O d\u00f6nem benim i\u00e7in \u00e7ok sorunluydu ve \u015firketlerim iflas etmi\u015f, batm\u0131\u015ft\u0131. \u015eark\u0131n\u0131n s\u00f6zlerindeki:<\/p>\n<p>\u201cOmzumda iz b\u0131rakma,<\/p>\n<p>y\u00fck\u00fcm d\u00fcnyaya yak\u0131n.\u201d<\/p>\n<p>\u015funu ifade etmek i\u00e7indi: Ya zaten d\u00fcnya kadar batm\u0131\u015f\u0131m, s\u0131k\u0131nt\u0131l\u0131y\u0131m. Beyzanur\u2019cu\u011fum, ne olur bari sen gitme demek i\u00e7indi.<\/p>\n<p>Beyzanur\u2019un hep ya\u011fmurlu g\u00f6zleri vard\u0131. Hayata tutunmaya \u00e7al\u0131\u015fan\u2026<\/p>\n<p>O d\u00f6nemde hastane personeline Bak\u0131rk\u00f6y\u2019de bir konser verdim.<\/p>\n<p>Beyzanur\u2019a iyi baks\u0131nlar diye onlar\u0131n gecesine kat\u0131ld\u0131m.<\/p>\n<p>O gece evden ba\u015fka bir yere kald\u0131r\u0131lan Beyzanur\u2019u kaybettik.<\/p>\n<p>Beyzanur\u2019u kaybetmemizden sonra anne ve babas\u0131na k\u0131z\u0131m\u0131z\u0131 kaybettik ama l\u00fctfen bir \u00e7ocuk daha yap\u0131n dedim. \u00dcz\u00fcld\u00fcler. Aradan bir y\u0131l ge\u00e7ti ve beni arad\u0131lar.<\/p>\n<p>Haluk Abi, bir \u00e7ocu\u011fumuz oluyor diye haber verdiler ve ben de onlara ad\u0131n\u0131 Elfida koyun dedim. \u015eu anda o Elfida okuyor ve ablas\u0131n\u0131n ismini ta\u015f\u0131yor.<\/p>\n<p>Unutamad\u0131\u011f\u0131m olaylardan biri de Bosna ve Kosova&#8217;da verdi\u011fim bir konserdi.<\/p>\n<p>S\u0131rplar\u0131n sald\u0131r\u0131s\u0131na u\u011frayan Arnavut T\u00fcrklerinin sorunlar\u0131na kar\u015f\u0131 \u00e7ok duyarl\u0131yd\u0131m ve  ka\u00e7ak yollardan oraya gitmi\u015ftim. Almanya ve benzeri yerlerde verdi\u011fim konserlerde dinleyiciler de T\u00fcrk oldu\u011fu i\u00e7in ortak bir dilimiz vard\u0131. Bosna ve Kosova da ise b\u00f6yle bir ortak dilimiz yoktu. Hen\u00fcz Akdeniz Ak\u015famlar\u0131 \u015fark\u0131s\u0131n\u0131n alb\u00fcm\u00fcn\u00fc yapmam\u0131\u015ft\u0131m. Ancak oralarda radyocu Ali adl\u0131 biri benim \u015fark\u0131lar\u0131m\u0131 tan\u0131tm\u0131\u015f. Sonrada Kral Tv yay\u0131nlar\u0131 ile tan\u0131nm\u0131\u015f\u0131m. Konser y\u00fczbin ki\u015filik  stadyumdayd\u0131, \u00e7imlerin \u00fczerinde gaziler vard\u0131. \u201cAkdeniz Ak\u015famlar\u0131\u201d \u015fark\u0131s\u0131n\u0131 okuyacakt\u0131m. Ben Akdeniz deyince salondaki t\u00fcm dinleyiciler Ak\u015famlar\u0131 diye \u015fark\u0131y\u0131 s\u00fcrd\u00fcrd\u00fcler&#8230;Hayretler i\u00e7inde kald\u0131m. T\u00fcylerim diken diken oldu. Orkestrayla bak\u0131\u015ft\u0131k. Me\u011ferse beni ulusal kahraman yapm\u0131\u015flar benim haberim yok&#8230; Her sanat\u00e7\u0131 bu olay\u0131 ya\u015famal\u0131. Sanki T\u00fcrkiye\u2019yi, T\u00fcrkleri buraya ta\u015f\u0131m\u0131\u015flard\u0131.<\/p>\n<p>Haluk levent bu s\u00f6yle\u015fisinde kendisine rol model olan kahraman\u0131n babas\u0131 de\u011fil, kuzeni oldu\u011funu da belirti.<\/p>\n<p>30 Eyl\u00fcl 2019 g\u00fcnl\u00fc gazete duvarda \u201cTuba \u00dcnsal ve \u00e7ocuk haklar\u0131\u201d adl\u0131 yaz\u0131mda konu edindi\u011fim benim de ilgilendi\u011fim bir kad\u0131n cinayeti vard\u0131. Duru\u015fmalar\u0131na dinleyici olarak T\u00fcketici Konfederasyoncu Ba\u015fkan\u0131 say\u0131n Ayd\u0131n A\u011fao\u011flu ile kat\u0131lm\u0131\u015ft\u0131k.<\/p>\n<p>Tuba adl\u0131 kad\u0131n k\u00fc\u00e7\u00fck \u00e7ocu\u011fu ile evdeyken  arkada\u015f\u0131 ile gelen katil, arkada\u015f\u0131na \u00e7ocu\u011fu parka \u00e7\u0131kar diyor. Almira adl\u0131 4-5 ya\u015flar\u0131ndaki \u00e7ocuk parka \u00e7\u0131kar\u0131l\u0131yor ve katil \u00e7ocu\u011fun annesini tabanca ile yaral\u0131yor, kad\u0131n birka\u00e7 g\u00fcn sonra \u00f6l\u00fcyor.<\/p>\n<p>Yetim kalan Almira\u2019n\u0131n e\u011fitimi i\u00e7in Ayd\u0131n A\u011fao\u011flu beyle bir okula g\u00f6r\u00fc\u015fmeye gittik. Haluk Levent-Ahbap temsilcisi olarak gen\u00e7 bir hukuk\u00e7uda bizim yan\u0131m\u0131zdayd\u0131. \u00d6zetle Haluk levent-Ahbap yaln\u0131z deprem, yang\u0131n gibi felaketlerde de\u011fil kad\u0131n cinayetlerinde de gereken \u00f6zveriyi g\u00f6steriyor \u00e7ocuklar\u0131 kucakl\u0131yordu. Bu an\u0131m\u0131 t\u00f6rende zaman yoklu\u011fundan payla\u015famad\u0131m.<\/p>\n<p>Zaten Ahbap derne\u011fi de sosyal dayan\u0131\u015fmay\u0131, yard\u0131mla\u015fmay\u0131, payla\u015fmay\u0131 temel alan bir sivil toplum kurulu\u015fuydu.<\/p>\n<p>Ayn\u0131 zamanda \u00e7evre sorunlar\u0131na kar\u015f\u0131 duyarl\u0131l\u0131\u011f\u0131yla \u00f6n plana \u00e7\u0131kan sanat\u00e7\u0131, hemen hemen her alb\u00fcm\u00fcnde \u00e7evre bilincini a\u015f\u0131lama yolunda \u015fark\u0131lara yer verdi. T\u00fcrkiye&#8217;nin de\u011fi\u015fik b\u00f6lgelerinde \u00e7evreye zarar verdi\u011fi s\u00f6ylenen projeler aleyhine davalar a\u00e7t\u0131 ve a\u00e7\u0131lan davalara m\u00fcdahil oldu.<\/p>\n<p>T\u00fcrkiye&#8217;de en \u00e7ok konser veren sanat\u00e7\u0131lar\u0131n ba\u015f\u0131nda gelen Haluk Levent, bu konserlerin \u00e7ok \u00f6nemli bir k\u0131sm\u0131ndan para almam\u0131\u015f, konserin gelirini ihtiyac\u0131 olan hastalara vakfetmi\u015ftir. &#8220;Yard\u0131msever Rock\u2019\u00e7\u0131&#8221; tan\u0131m\u0131n\u0131n yak\u0131\u015ft\u0131r\u0131lmas\u0131 bu sebeptendir.<\/p>\n<p>Haluk Levent, 2023 y\u0131l\u0131nda Time Dergisinin D\u00fcnyan\u0131n En Etkili 100 Ki\u015fisi listesinde yer ald\u0131. Elif \u015eafak&#8217;\u0131n kaleme ald\u0131\u011f\u0131 bir yaz\u0131da &#8220;E\u011fer &#8216;ses yok&#8217; ifadesi umutsuzlu\u011fun sembol\u00fcyse, Haluk Levent de umudun sembol\u00fcd\u00fcr&#8221; ifadelerine yer verilmi\u015fti.<\/p>\n<p>Atat\u00fcrk\u00e7\u00fc D\u00fc\u015f\u00fcnceye Hizmet etmek, Atat\u00fcrk\u00e7\u00fc D\u00fc\u015f\u00fcnceyi yol g\u00f6sterici olarak olarak kabul etmek bizi \u00e7a\u011fda\u015f ufuklara ta\u015f\u0131yacakt\u0131r.<\/p>\n<p>\u200b\u0130lki 1996-1997 y\u0131l\u0131 i\u00e7in \u00c7YDD ba\u015fkan\u0131 Prof. Dr T\u00fcrkan Saylana verilen &#8220;Atat\u00fcrk\u00e7\u00fc D\u00fc\u015f\u00fcnceye Hizmet \u00d6d\u00fcl\u00fc&#8221; bu y\u0131l K\u00fclt\u00fcr \u00dcniversitesinde 19 May\u0131s 2025 Gen\u00e7lik ve Spor Bayram\u0131nda yap\u0131lan bir t\u00f6renle \u0130stanbul incirli Lions Kul\u00fcb\u00fc taraf\u0131ndan &#8220;Atat\u00fcrk\u00e7\u00fc D\u00fc\u015f\u00fcnceyi ya\u015fayan ve ya\u015fatan bir hizmet g\u00f6n\u00fcll\u00fcs\u00fc, sanat\u00e7\u0131 kimli\u011fi ve s\u00f6ylemleri ile Atat\u00fcrk&#8217;\u00fc her f\u0131rsatta anarak g\u00fcndem olan&#8221; Haluk Levent&#8217;e verildi.<\/p>\n<p>Kul\u00fcb\u00fcn \u201cAtat\u00fcrk\u00e7\u00fc D\u00fc\u015f\u00fcnceye Hizmet \u00d6d\u00fcl\u00fc\u201d verilmesindeki temel amac\u0131; T\u00fcrkiye Cumhuriyeti kurucusu Mustafa Kemal Atat\u00fcrk\u2019\u00fcn, \u00fclkemizin \u00e7a\u011fda\u015f uygarl\u0131k seviyesine ula\u015fmas\u0131n\u0131 hedefleyen ve g\u00fcn\u00fcm\u00fczde \u201cdemokratik, laik ve sosyal hukuk hukuk devleti\u201d olarak \u015fekillenmi\u015f cumhuriyetimizin bu nitelikleri ile korunmas\u0131 ve ya\u015fat\u0131lmas\u0131nda, \u00f6zellikle laiklik ilkesinin kararl\u0131 savunulmas\u0131 ve t\u00fcm ulusumuza mal edilmesi i\u00e7in etkin kat\u0131l\u0131m\u0131 ve hizmeti \u00f6zendirmek, desteklemek ve b\u00fcy\u00fck Atat\u00fcrk\u2019e minnet borcumuzu ifade etmektir olarak a\u00e7\u0131klanmaktad\u0131r.<\/p>\n<p>T\u00fcm depremlerde ve zor zamanlar\u0131nda halk\u0131n yard\u0131m\u0131na ko\u015fan, halk\u0131yla dayan\u0131\u015fma i\u00e7inde olan Haluk Levent bu \u00f6d\u00fcl t\u00f6reninde birka\u00e7 bestesiyle ilgili a\u00e7\u0131klama da yapt\u0131.<\/p>\n<p>Haluk Levent kendisini en \u00e7ok etkileyen \u015fark\u0131lar\u0131ndan birinin \u201cElfida \u015fark\u0131s\u0131\u201d oldu\u011funu s\u00f6yledi ve bu \u015fark\u0131n\u0131n \u00f6yk\u00fcs\u00fcn\u00fc \u015f\u00f6yle \u00f6zetledi:<\/p>\n<p>Beyzenur ad\u0131ndaki 4 ya\u015flar\u0131ndaki k\u00fc\u00e7\u00fck k\u0131z\u0131n amans\u0131z bir hastal\u0131\u011f\u0131 vard\u0131 ve  onun ya\u015fam sava\u015f\u0131na destek olmak i\u00e7in incirli semtinde bir ev kiralay\u0131p emek\u00e7i olan aileye de yard\u0131mc\u0131 olmak istedim.<\/p>\n<p>F\u0131rsat bulduk\u00e7a Cerrahpa\u015fa T\u0131p Fak\u00fcltesine gidiyor, doktorlarla g\u00f6r\u00fc\u015f\u00fcyordum<\/p>\n<p>Bir g\u00fcn yine gitti\u011fimde doktoru ile g\u00f6r\u00fc\u015ft\u00fcm. Doktor bana \u201cbu k\u0131z\u0131 g\u00f6zden \u00e7\u0131kar\u0131n\u201d dedi. Konu\u015fmam\u0131z\u0131 yan\u0131mda bulunan arkada\u015f\u0131m Emrah Aydo\u011fdu\u2019da duydu. Emrah bana; \u201cG\u00f6zden \u00e7\u0131kart\u0131lman\u0131n anlam\u0131 Osmanl\u0131ca\u2019da Elfida.\u201d dedi.<\/p>\n<p>G\u00f6zya\u015flar\u0131m\u0131z\u0131 tutamad\u0131k.<\/p>\n<p>Sonra \u015fark\u0131y\u0131 yazd\u0131m. Olay\u0131 benimle birlikte ya\u015fayan m\u00fczisyen arkada\u015f\u0131m Emrah\u2019ta yard\u0131mc\u0131 oldu.<\/p>\n<p>K\u00fc\u00e7\u00fck Beyzanur\u2019u \u00e7ok seviyordum. \u015eark\u0131y\u0131 Beyzanura da okuyordum fakat Beyzanur, Elfida\u2019n\u0131n kendisi oldu\u011funu bilmiyordu.<\/p>\n<p>O d\u00f6nem benim i\u00e7in \u00e7ok sorunluydu ve \u015firketlerim iflas etmi\u015f, batm\u0131\u015ft\u0131. \u015eark\u0131n\u0131n s\u00f6zlerindeki:<\/p>\n<p>\u201cOmzumda iz b\u0131rakma,<\/p>\n<p>y\u00fck\u00fcm d\u00fcnyaya yak\u0131n.\u201d<\/p>\n<p>\u015funu ifade etmek i\u00e7indi: Ya zaten d\u00fcnya kadar batm\u0131\u015f\u0131m, s\u0131k\u0131nt\u0131l\u0131y\u0131m. Beyzanur\u2019cu\u011fum, ne olur bari sen gitme demek i\u00e7indi.<\/p>\n<p>Beyzanur\u2019un hep ya\u011fmurlu g\u00f6zleri vard\u0131. Hayata tutunmaya \u00e7al\u0131\u015fan\u2026<\/p>\n<p>O d\u00f6nemde hastane personeline Bak\u0131rk\u00f6y\u2019de bir konser verdim.<\/p>\n<p>Beyzanur\u2019a iyi baks\u0131nlar diye onlar\u0131n gecesine kat\u0131ld\u0131m.<\/p>\n<p>O gece evden ba\u015fka bir yere kald\u0131r\u0131lan Beyzanur\u2019u kaybettik.<\/p>\n<p>Beyzanur\u2019u kaybetmemizden sonra anne ve babas\u0131na k\u0131z\u0131m\u0131z\u0131 kaybettik ama l\u00fctfen bir \u00e7ocuk daha yap\u0131n dedim. \u00dcz\u00fcld\u00fcler. Aradan bir y\u0131l ge\u00e7ti ve beni arad\u0131lar.<\/p>\n<p>Haluk Abi, bir \u00e7ocu\u011fumuz oluyor diye haber verdiler ve ben de onlara ad\u0131n\u0131 Elfida koyun dedim. \u015eu anda o Elfida okuyor ve ablas\u0131n\u0131n ismini ta\u015f\u0131yor.<\/p>\n<p>Unutamad\u0131\u011f\u0131m olaylardan biri de Bosna ve Kosova&#8217;da verdi\u011fim bir konserdi.<\/p>\n<p>S\u0131rplar\u0131n sald\u0131r\u0131s\u0131na u\u011frayan Arnavut T\u00fcrklerinin sorunlar\u0131na kar\u015f\u0131 \u00e7ok duyarl\u0131yd\u0131m ve  ka\u00e7ak yollardan oraya gitmi\u015ftim. Almanya ve benzeri yerlerde verdi\u011fim konserlerde dinleyiciler de T\u00fcrk oldu\u011fu i\u00e7in ortak bir dilimiz vard\u0131. Bosna ve Kosova da ise b\u00f6yle bir ortak dilimiz yoktu. Hen\u00fcz Akdeniz Ak\u015famlar\u0131 \u015fark\u0131s\u0131n\u0131n alb\u00fcm\u00fcn\u00fc yapmam\u0131\u015ft\u0131m. Ancak oralarda radyocu Ali adl\u0131 biri benim \u015fark\u0131lar\u0131m\u0131 tan\u0131tm\u0131\u015f. Sonrada Kral Tv yay\u0131nlar\u0131 ile tan\u0131nm\u0131\u015f\u0131m. Konser y\u00fczbin ki\u015filik  stadyumdayd\u0131, \u00e7imlerin \u00fczerinde gaziler vard\u0131. \u201cAkdeniz Ak\u015famlar\u0131\u201d \u015fark\u0131s\u0131n\u0131 okuyacakt\u0131m. Ben Akdeniz deyince salondaki t\u00fcm dinleyiciler Ak\u015famlar\u0131 diye \u015fark\u0131y\u0131 s\u00fcrd\u00fcrd\u00fcler&#8230;Hayretler i\u00e7inde kald\u0131m. T\u00fcylerim diken diken oldu. Orkestrayla bak\u0131\u015ft\u0131k. Me\u011ferse beni ulusal kahraman yapm\u0131\u015flar benim haberim yok&#8230; Her sanat\u00e7\u0131 bu olay\u0131 ya\u015famal\u0131. Sanki T\u00fcrkiye\u2019yi, T\u00fcrkleri buraya ta\u015f\u0131m\u0131\u015flard\u0131.<\/p>\n<p>Haluk levent bu s\u00f6yle\u015fisinde kendisine rol model olan kahraman\u0131n babas\u0131 de\u011fil, kuzeni oldu\u011funu da belirti.<\/p>\n<p>30 Eyl\u00fcl 2019 g\u00fcnl\u00fc gazete duvarda \u201cTuba \u00dcnsal ve \u00e7ocuk haklar\u0131\u201d adl\u0131 yaz\u0131mda konu edindi\u011fim benim de ilgilendi\u011fim bir kad\u0131n cinayeti vard\u0131. Duru\u015fmalar\u0131na dinleyici olarak T\u00fcketici Konfederasyoncu Ba\u015fkan\u0131 say\u0131n Ayd\u0131n A\u011fao\u011flu ile kat\u0131lm\u0131\u015ft\u0131k.<\/p>\n<p>Tuba adl\u0131 kad\u0131n k\u00fc\u00e7\u00fck \u00e7ocu\u011fu ile evdeyken  arkada\u015f\u0131 ile gelen katil, arkada\u015f\u0131na \u00e7ocu\u011fu parka \u00e7\u0131kar diyor. Almira adl\u0131 4-5 ya\u015flar\u0131ndaki \u00e7ocuk parka \u00e7\u0131kar\u0131l\u0131yor ve katil \u00e7ocu\u011fun annesini tabanca ile yaral\u0131yor, kad\u0131n birka\u00e7 g\u00fcn sonra \u00f6l\u00fcyor.<\/p>\n<p>Yetim kalan Almira\u2019n\u0131n e\u011fitimi i\u00e7in Ayd\u0131n A\u011fao\u011flu beyle bir okula g\u00f6r\u00fc\u015fmeye gittik. Haluk Levent-Ahbap temsilcisi olarak gen\u00e7 bir hukuk\u00e7uda bizim yan\u0131m\u0131zdayd\u0131. \u00d6zetle Haluk levent-Ahbap yaln\u0131z deprem, yang\u0131n gibi felaketlerde de\u011fil kad\u0131n cinayetlerinde de gereken \u00f6zveriyi g\u00f6steriyor \u00e7ocuklar\u0131 kucakl\u0131yordu. Bu an\u0131m\u0131 t\u00f6rende zaman yoklu\u011fundan payla\u015famad\u0131m.<\/p>\n<p>Zaten Ahbap derne\u011fi de sosyal dayan\u0131\u015fmay\u0131, yard\u0131mla\u015fmay\u0131, payla\u015fmay\u0131 temel alan bir sivil toplum kurulu\u015fuydu.<\/p>\n<p>Ayn\u0131 zamanda \u00e7evre sorunlar\u0131na kar\u015f\u0131 duyarl\u0131l\u0131\u011f\u0131yla \u00f6n plana \u00e7\u0131kan sanat\u00e7\u0131, hemen hemen her alb\u00fcm\u00fcnde \u00e7evre bilincini a\u015f\u0131lama yolunda \u015fark\u0131lara yer verdi. T\u00fcrkiye&#8217;nin de\u011fi\u015fik b\u00f6lgelerinde \u00e7evreye zarar verdi\u011fi s\u00f6ylenen projeler aleyhine davalar a\u00e7t\u0131 ve a\u00e7\u0131lan davalara m\u00fcdahil oldu.<\/p>\n<p>T\u00fcrkiye&#8217;de en \u00e7ok konser veren sanat\u00e7\u0131lar\u0131n ba\u015f\u0131nda gelen Haluk Levent, bu konserlerin \u00e7ok \u00f6nemli bir k\u0131sm\u0131ndan para almam\u0131\u015f, konserin gelirini ihtiyac\u0131 olan hastalara vakfetmi\u015ftir. &#8220;Yard\u0131msever Rock\u2019\u00e7\u0131&#8221; tan\u0131m\u0131n\u0131n yak\u0131\u015ft\u0131r\u0131lmas\u0131 bu sebeptendir.<\/p>\n<p>Haluk Levent, 2023 y\u0131l\u0131nda Time Dergisinin D\u00fcnyan\u0131n En Etkili 100 Ki\u015fisi listesinde yer ald\u0131. Elif \u015eafak&#8217;\u0131n kaleme ald\u0131\u011f\u0131 bir yaz\u0131da &#8220;E\u011fer &#8216;ses yok&#8217; ifadesi umutsuzlu\u011fun sembol\u00fcyse, Haluk Levent de umudun sembol\u00fcd\u00fcr&#8221; ifadelerine yer verilmi\u015fti.<\/p>\n<p>Atat\u00fcrk\u00e7\u00fc D\u00fc\u015f\u00fcnceye Hizmet etmek, Atat\u00fcrk\u00e7\u00fc D\u00fc\u015f\u00fcnceyi yol g\u00f6sterici olarak olarak kabul etmek bizi \u00e7a\u011fda\u015f ufuklara ta\u015f\u0131yacakt\u0131r.\u00a0Hukuki Haber<\/p>\n<p>Haberin Al\u0131nt\u0131land\u0131\u011f\u0131 Kaynak: www.hukukihaber.net<\/p>","protected":false},"excerpt":{"rendered":"<p>\u0130lki 1996-1997 y\u0131l\u0131 i\u00e7in \u00c7YDD ba\u015fkan\u0131 Prof. Dr T\u00fcrkan Saylana verilen &#8220;Atat\u00fcrk\u00e7\u00fc D\u00fc\u015f\u00fcnceye Hizmet \u00d6d\u00fcl\u00fc&#8221; bu y\u0131l K\u00fclt\u00fcr \u00dcniversitesinde 19 May\u0131s 2025 Gen\u00e7lik ve Spor Bayram\u0131nda yap\u0131lan bir t\u00f6renle \u0130stanbul incirli Lions Kul\u00fcb\u00fc taraf\u0131ndan &#8220;Atat\u00fcrk\u00e7\u00fc D\u00fc\u015f\u00fcnceyi ya\u015fayan ve ya\u015fatan bir hizmet g\u00f6n\u00fcll\u00fcs\u00fc, sanat\u00e7\u0131 kimli\u011fi ve s\u00f6ylemleri ile Atat\u00fcrk&#8217;\u00fc her f\u0131rsatta anarak g\u00fcndem olan&#8221; Haluk Levent&#8217;e verildi. Kul\u00fcb\u00fcn \u201cAtat\u00fcrk\u00e7\u00fc D\u00fc\u015f\u00fcnceye Hizmet \u00d6d\u00fcl\u00fc\u201d verilmesindeki temel amac\u0131; T\u00fcrkiye Cumhuriyeti kurucusu Mustafa Kemal Atat\u00fcrk\u2019\u00fcn, \u00fclkemizin \u00e7a\u011fda\u015f uygarl\u0131k seviyesine ula\u015fmas\u0131n\u0131 hedefleyen ve g\u00fcn\u00fcm\u00fczde \u201cdemokratik, laik ve sosyal hukuk hukuk devleti\u201d olarak \u015fekillenmi\u015f cumhuriyetimizin bu nitelikleri ile korunmas\u0131 ve ya\u015fat\u0131lmas\u0131nda, \u00f6zellikle laiklik ilkesinin kararl\u0131 savunulmas\u0131 ve t\u00fcm ulusumuza mal edilmesi i\u00e7in etkin kat\u0131l\u0131m\u0131 ve hizmeti \u00f6zendirmek, desteklemek ve b\u00fcy\u00fck Atat\u00fcrk\u2019e minnet borcumuzu ifade etmektir olarak a\u00e7\u0131klanmaktad\u0131r. T\u00fcm depremlerde ve zor zamanlar\u0131nda halk\u0131n yard\u0131m\u0131na ko\u015fan, halk\u0131yla dayan\u0131\u015fma i\u00e7inde olan Haluk Levent bu \u00f6d\u00fcl t\u00f6reninde birka\u00e7 bestesiyle ilgili a\u00e7\u0131klama da yapt\u0131. Haluk Levent kendisini en \u00e7ok etkileyen \u015fark\u0131lar\u0131ndan birinin \u201cElfida \u015fark\u0131s\u0131\u201d oldu\u011funu s\u00f6yledi ve bu \u015fark\u0131n\u0131n \u00f6yk\u00fcs\u00fcn\u00fc \u015f\u00f6yle \u00f6zetledi: Beyzenur ad\u0131ndaki 4 ya\u015flar\u0131ndaki k\u00fc\u00e7\u00fck k\u0131z\u0131n amans\u0131z bir hastal\u0131\u011f\u0131 vard\u0131 ve onun ya\u015fam sava\u015f\u0131na destek olmak i\u00e7in incirli semtinde bir ev kiralay\u0131p emek\u00e7i olan aileye de yard\u0131mc\u0131 olmak istedim. F\u0131rsat bulduk\u00e7a Cerrahpa\u015fa T\u0131p Fak\u00fcltesine gidiyor, doktorlarla g\u00f6r\u00fc\u015f\u00fcyordum Bir g\u00fcn &hellip;<\/p>","protected":false},"author":3,"featured_media":0,"comment_status":"","ping_status":"open","sticky":false,"template":"","format":"standard","meta":{"_acf_changed":false,"footnotes":""},"categories":[27],"tags":[],"class_list":["post-97117","post","type-post","status-publish","format-standard","has-post-thumbnail","hentry","category-hukukihaber"],"acf":[],"yoast_head":"<!-- This site is optimized with the Yoast SEO Premium plugin v26.6 (Yoast SEO v27.1.1) - https:\/\/yoast.com\/product\/yoast-seo-premium-wordpress\/ -->\n<title>Atat\u00fcrk\u00e7\u00fc d\u00fc\u015f\u00fcnceye hizmet \u00f6d\u00fcl\u00fc bu y\u0131l umudun sembol\u00fc Haluk Levent\u2019in - Av. Deniz Can K\u0131z\u0131l<\/title>\n<meta name=\"robots\" content=\"index, follow, max-snippet:-1, max-image-preview:large, max-video-preview:-1\" \/>\n<link rel=\"canonical\" href=\"http:\/\/denizcankizil.tr\/de\/hukukihaber\/ataturkcu-dusunceye-hizmet-odulu-bu-yil-umudun-sembolu-haluk-leventin\/\" \/>\n<meta property=\"og:locale\" content=\"de_DE\" \/>\n<meta property=\"og:type\" content=\"article\" \/>\n<meta property=\"og:title\" content=\"Atat\u00fcrk\u00e7\u00fc d\u00fc\u015f\u00fcnceye hizmet \u00f6d\u00fcl\u00fc bu y\u0131l umudun sembol\u00fc Haluk Levent\u2019in\" \/>\n<meta property=\"og:description\" content=\"\u0130lki 1996-1997 y\u0131l\u0131 i\u00e7in \u00c7YDD ba\u015fkan\u0131 Prof. Dr T\u00fcrkan Saylana verilen &#8220;Atat\u00fcrk\u00e7\u00fc D\u00fc\u015f\u00fcnceye Hizmet \u00d6d\u00fcl\u00fc&#8221; bu y\u0131l K\u00fclt\u00fcr \u00dcniversitesinde 19 May\u0131s 2025 Gen\u00e7lik ve Spor Bayram\u0131nda yap\u0131lan bir t\u00f6renle \u0130stanbul incirli Lions Kul\u00fcb\u00fc taraf\u0131ndan &#8220;Atat\u00fcrk\u00e7\u00fc D\u00fc\u015f\u00fcnceyi ya\u015fayan ve ya\u015fatan bir hizmet g\u00f6n\u00fcll\u00fcs\u00fc, sanat\u00e7\u0131 kimli\u011fi ve s\u00f6ylemleri ile Atat\u00fcrk&#8217;\u00fc her f\u0131rsatta anarak g\u00fcndem olan&#8221; Haluk Levent&#8217;e verildi. Kul\u00fcb\u00fcn \u201cAtat\u00fcrk\u00e7\u00fc D\u00fc\u015f\u00fcnceye Hizmet \u00d6d\u00fcl\u00fc\u201d verilmesindeki temel amac\u0131; T\u00fcrkiye Cumhuriyeti kurucusu Mustafa Kemal Atat\u00fcrk\u2019\u00fcn, \u00fclkemizin \u00e7a\u011fda\u015f uygarl\u0131k seviyesine ula\u015fmas\u0131n\u0131 hedefleyen ve g\u00fcn\u00fcm\u00fczde \u201cdemokratik, laik ve sosyal hukuk hukuk devleti\u201d olarak \u015fekillenmi\u015f cumhuriyetimizin bu nitelikleri ile korunmas\u0131 ve ya\u015fat\u0131lmas\u0131nda, \u00f6zellikle laiklik ilkesinin kararl\u0131 savunulmas\u0131 ve t\u00fcm ulusumuza mal edilmesi i\u00e7in etkin kat\u0131l\u0131m\u0131 ve hizmeti \u00f6zendirmek, desteklemek ve b\u00fcy\u00fck Atat\u00fcrk\u2019e minnet borcumuzu ifade etmektir olarak a\u00e7\u0131klanmaktad\u0131r. T\u00fcm depremlerde ve zor zamanlar\u0131nda halk\u0131n yard\u0131m\u0131na ko\u015fan, halk\u0131yla dayan\u0131\u015fma i\u00e7inde olan Haluk Levent bu \u00f6d\u00fcl t\u00f6reninde birka\u00e7 bestesiyle ilgili a\u00e7\u0131klama da yapt\u0131. Haluk Levent kendisini en \u00e7ok etkileyen \u015fark\u0131lar\u0131ndan birinin \u201cElfida \u015fark\u0131s\u0131\u201d oldu\u011funu s\u00f6yledi ve bu \u015fark\u0131n\u0131n \u00f6yk\u00fcs\u00fcn\u00fc \u015f\u00f6yle \u00f6zetledi: Beyzenur ad\u0131ndaki 4 ya\u015flar\u0131ndaki k\u00fc\u00e7\u00fck k\u0131z\u0131n amans\u0131z bir hastal\u0131\u011f\u0131 vard\u0131 ve onun ya\u015fam sava\u015f\u0131na destek olmak i\u00e7in incirli semtinde bir ev kiralay\u0131p emek\u00e7i olan aileye de yard\u0131mc\u0131 olmak istedim. F\u0131rsat bulduk\u00e7a Cerrahpa\u015fa T\u0131p Fak\u00fcltesine gidiyor, doktorlarla g\u00f6r\u00fc\u015f\u00fcyordum Bir g\u00fcn &hellip;\" \/>\n<meta property=\"og:url\" content=\"http:\/\/denizcankizil.tr\/de\/hukukihaber\/ataturkcu-dusunceye-hizmet-odulu-bu-yil-umudun-sembolu-haluk-leventin\/\" \/>\n<meta property=\"og:site_name\" content=\"Av. Deniz Can K\u0131z\u0131l\" \/>\n<meta property=\"article:published_time\" content=\"2025-05-22T09:47:00+00:00\" \/>\n<meta name=\"author\" content=\"Hukuki Haber.net\" \/>\n<meta name=\"twitter:card\" content=\"summary_large_image\" \/>\n<meta name=\"twitter:label1\" content=\"Verfasst von\" \/>\n\t<meta name=\"twitter:data1\" content=\"Hukuki Haber.net\" \/>\n\t<meta name=\"twitter:label2\" content=\"Gesch\u00e4tzte Lesezeit\" \/>\n\t<meta name=\"twitter:data2\" content=\"11\u00a0Minuten\" \/>\n<script type=\"application\/ld+json\" class=\"yoast-schema-graph\">{\"@context\":\"https:\/\/schema.org\",\"@graph\":[{\"@type\":\"Article\",\"@id\":\"http:\/\/denizcankizil.tr\/de\/hukukihaber\/ataturkcu-dusunceye-hizmet-odulu-bu-yil-umudun-sembolu-haluk-leventin\/#article\",\"isPartOf\":{\"@id\":\"http:\/\/denizcankizil.tr\/de\/hukukihaber\/ataturkcu-dusunceye-hizmet-odulu-bu-yil-umudun-sembolu-haluk-leventin\/\"},\"author\":{\"name\":\"Hukuki Haber.net\",\"@id\":\"https:\/\/denizcankizil.tr\/de\/#\/schema\/person\/001a271de994a0aa3f90eea084424822\"},\"headline\":\"Atat\u00fcrk\u00e7\u00fc d\u00fc\u015f\u00fcnceye hizmet \u00f6d\u00fcl\u00fc bu y\u0131l umudun sembol\u00fc Haluk Levent\u2019in\",\"datePublished\":\"2025-05-22T09:47:00+00:00\",\"mainEntityOfPage\":{\"@id\":\"http:\/\/denizcankizil.tr\/de\/hukukihaber\/ataturkcu-dusunceye-hizmet-odulu-bu-yil-umudun-sembolu-haluk-leventin\/\"},\"wordCount\":2249,\"publisher\":{\"@id\":\"https:\/\/denizcankizil.tr\/de\/#organization\"},\"articleSection\":[\"Hukuki Haberler\"],\"inLanguage\":\"de\"},{\"@type\":\"WebPage\",\"@id\":\"http:\/\/denizcankizil.tr\/de\/hukukihaber\/ataturkcu-dusunceye-hizmet-odulu-bu-yil-umudun-sembolu-haluk-leventin\/\",\"url\":\"http:\/\/denizcankizil.tr\/de\/hukukihaber\/ataturkcu-dusunceye-hizmet-odulu-bu-yil-umudun-sembolu-haluk-leventin\/\",\"name\":\"Atat\u00fcrk\u00e7\u00fc d\u00fc\u015f\u00fcnceye hizmet \u00f6d\u00fcl\u00fc bu y\u0131l umudun sembol\u00fc Haluk Levent\u2019in - Av. Deniz Can K\u0131z\u0131l\",\"isPartOf\":{\"@id\":\"https:\/\/denizcankizil.tr\/de\/#website\"},\"datePublished\":\"2025-05-22T09:47:00+00:00\",\"breadcrumb\":{\"@id\":\"http:\/\/denizcankizil.tr\/de\/hukukihaber\/ataturkcu-dusunceye-hizmet-odulu-bu-yil-umudun-sembolu-haluk-leventin\/#breadcrumb\"},\"inLanguage\":\"de\",\"potentialAction\":[{\"@type\":\"ReadAction\",\"target\":[\"http:\/\/denizcankizil.tr\/de\/hukukihaber\/ataturkcu-dusunceye-hizmet-odulu-bu-yil-umudun-sembolu-haluk-leventin\/\"]}]},{\"@type\":\"BreadcrumbList\",\"@id\":\"http:\/\/denizcankizil.tr\/de\/hukukihaber\/ataturkcu-dusunceye-hizmet-odulu-bu-yil-umudun-sembolu-haluk-leventin\/#breadcrumb\",\"itemListElement\":[{\"@type\":\"ListItem\",\"position\":1,\"name\":\"Home\",\"item\":\"https:\/\/denizcankizil.tr\/de\/\"},{\"@type\":\"ListItem\",\"position\":2,\"name\":\"Atat\u00fcrk\u00e7\u00fc d\u00fc\u015f\u00fcnceye hizmet \u00f6d\u00fcl\u00fc bu y\u0131l umudun sembol\u00fc Haluk Levent\u2019in\"}]},{\"@type\":\"WebSite\",\"@id\":\"https:\/\/denizcankizil.tr\/de\/#website\",\"url\":\"https:\/\/denizcankizil.tr\/de\/\",\"name\":\"Av. Deniz Can K\u0131z\u0131l\",\"description\":\"Avukat Deniz Can K\u0131z\u0131l Antalya Barosu\",\"publisher\":{\"@id\":\"https:\/\/denizcankizil.tr\/de\/#organization\"},\"potentialAction\":[{\"@type\":\"SearchAction\",\"target\":{\"@type\":\"EntryPoint\",\"urlTemplate\":\"https:\/\/denizcankizil.tr\/de\/?s={search_term_string}\"},\"query-input\":{\"@type\":\"PropertyValueSpecification\",\"valueRequired\":true,\"valueName\":\"search_term_string\"}}],\"inLanguage\":\"de\"},{\"@type\":\"Organization\",\"@id\":\"https:\/\/denizcankizil.tr\/de\/#organization\",\"name\":\"Av. Deniz Can K\u0131z\u0131l\",\"url\":\"https:\/\/denizcankizil.tr\/de\/\",\"logo\":{\"@type\":\"ImageObject\",\"inLanguage\":\"de\",\"@id\":\"https:\/\/denizcankizil.tr\/de\/#\/schema\/logo\/image\/\",\"url\":\"http:\/\/denizcankizil.tr\/wp-content\/uploads\/2024\/10\/siyah-logo-svg.svg\",\"contentUrl\":\"http:\/\/denizcankizil.tr\/wp-content\/uploads\/2024\/10\/siyah-logo-svg.svg\",\"width\":1080,\"height\":1080,\"caption\":\"Av. Deniz Can K\u0131z\u0131l\"},\"image\":{\"@id\":\"https:\/\/denizcankizil.tr\/de\/#\/schema\/logo\/image\/\"}},{\"@type\":\"Person\",\"@id\":\"https:\/\/denizcankizil.tr\/de\/#\/schema\/person\/001a271de994a0aa3f90eea084424822\",\"name\":\"Hukuki Haber.net\",\"image\":{\"@type\":\"ImageObject\",\"inLanguage\":\"de\",\"@id\":\"https:\/\/denizcankizil.tr\/de\/#\/schema\/person\/image\/\",\"url\":\"https:\/\/secure.gravatar.com\/avatar\/57d8a49151495586611a149d29fc42865b951dc053a84709a3172ccb5abf3118?s=96&d=mm&r=g\",\"contentUrl\":\"https:\/\/secure.gravatar.com\/avatar\/57d8a49151495586611a149d29fc42865b951dc053a84709a3172ccb5abf3118?s=96&d=mm&r=g\",\"caption\":\"Hukuki Haber.net\"},\"sameAs\":[\"http:\/\/www.hukukihaber.net\"],\"url\":\"https:\/\/www.hukukihaber.net\/ataturkcu-dusunceye-hizmet-odulu-bu-yil-umudun-sembolu-haluk-leventin\"}]}<\/script>\n<!-- \/ Yoast SEO Premium plugin. -->","yoast_head_json":{"title":"Atat\u00fcrk\u00e7\u00fc d\u00fc\u015f\u00fcnceye hizmet \u00f6d\u00fcl\u00fc bu y\u0131l umudun sembol\u00fc Haluk Levent\u2019in - Av. Deniz Can K\u0131z\u0131l","robots":{"index":"index","follow":"follow","max-snippet":"max-snippet:-1","max-image-preview":"max-image-preview:large","max-video-preview":"max-video-preview:-1"},"canonical":"http:\/\/denizcankizil.tr\/de\/hukukihaber\/ataturkcu-dusunceye-hizmet-odulu-bu-yil-umudun-sembolu-haluk-leventin\/","og_locale":"de_DE","og_type":"article","og_title":"Atat\u00fcrk\u00e7\u00fc d\u00fc\u015f\u00fcnceye hizmet \u00f6d\u00fcl\u00fc bu y\u0131l umudun sembol\u00fc Haluk Levent\u2019in","og_description":"\u0130lki 1996-1997 y\u0131l\u0131 i\u00e7in \u00c7YDD ba\u015fkan\u0131 Prof. Dr T\u00fcrkan Saylana verilen &#8220;Atat\u00fcrk\u00e7\u00fc D\u00fc\u015f\u00fcnceye Hizmet \u00d6d\u00fcl\u00fc&#8221; bu y\u0131l K\u00fclt\u00fcr \u00dcniversitesinde 19 May\u0131s 2025 Gen\u00e7lik ve Spor Bayram\u0131nda yap\u0131lan bir t\u00f6renle \u0130stanbul incirli Lions Kul\u00fcb\u00fc taraf\u0131ndan &#8220;Atat\u00fcrk\u00e7\u00fc D\u00fc\u015f\u00fcnceyi ya\u015fayan ve ya\u015fatan bir hizmet g\u00f6n\u00fcll\u00fcs\u00fc, sanat\u00e7\u0131 kimli\u011fi ve s\u00f6ylemleri ile Atat\u00fcrk&#8217;\u00fc her f\u0131rsatta anarak g\u00fcndem olan&#8221; Haluk Levent&#8217;e verildi. Kul\u00fcb\u00fcn \u201cAtat\u00fcrk\u00e7\u00fc D\u00fc\u015f\u00fcnceye Hizmet \u00d6d\u00fcl\u00fc\u201d verilmesindeki temel amac\u0131; T\u00fcrkiye Cumhuriyeti kurucusu Mustafa Kemal Atat\u00fcrk\u2019\u00fcn, \u00fclkemizin \u00e7a\u011fda\u015f uygarl\u0131k seviyesine ula\u015fmas\u0131n\u0131 hedefleyen ve g\u00fcn\u00fcm\u00fczde \u201cdemokratik, laik ve sosyal hukuk hukuk devleti\u201d olarak \u015fekillenmi\u015f cumhuriyetimizin bu nitelikleri ile korunmas\u0131 ve ya\u015fat\u0131lmas\u0131nda, \u00f6zellikle laiklik ilkesinin kararl\u0131 savunulmas\u0131 ve t\u00fcm ulusumuza mal edilmesi i\u00e7in etkin kat\u0131l\u0131m\u0131 ve hizmeti \u00f6zendirmek, desteklemek ve b\u00fcy\u00fck Atat\u00fcrk\u2019e minnet borcumuzu ifade etmektir olarak a\u00e7\u0131klanmaktad\u0131r. T\u00fcm depremlerde ve zor zamanlar\u0131nda halk\u0131n yard\u0131m\u0131na ko\u015fan, halk\u0131yla dayan\u0131\u015fma i\u00e7inde olan Haluk Levent bu \u00f6d\u00fcl t\u00f6reninde birka\u00e7 bestesiyle ilgili a\u00e7\u0131klama da yapt\u0131. Haluk Levent kendisini en \u00e7ok etkileyen \u015fark\u0131lar\u0131ndan birinin \u201cElfida \u015fark\u0131s\u0131\u201d oldu\u011funu s\u00f6yledi ve bu \u015fark\u0131n\u0131n \u00f6yk\u00fcs\u00fcn\u00fc \u015f\u00f6yle \u00f6zetledi: Beyzenur ad\u0131ndaki 4 ya\u015flar\u0131ndaki k\u00fc\u00e7\u00fck k\u0131z\u0131n amans\u0131z bir hastal\u0131\u011f\u0131 vard\u0131 ve onun ya\u015fam sava\u015f\u0131na destek olmak i\u00e7in incirli semtinde bir ev kiralay\u0131p emek\u00e7i olan aileye de yard\u0131mc\u0131 olmak istedim. F\u0131rsat bulduk\u00e7a Cerrahpa\u015fa T\u0131p Fak\u00fcltesine gidiyor, doktorlarla g\u00f6r\u00fc\u015f\u00fcyordum Bir g\u00fcn &hellip;","og_url":"http:\/\/denizcankizil.tr\/de\/hukukihaber\/ataturkcu-dusunceye-hizmet-odulu-bu-yil-umudun-sembolu-haluk-leventin\/","og_site_name":"Av. Deniz Can K\u0131z\u0131l","article_published_time":"2025-05-22T09:47:00+00:00","author":"Hukuki Haber.net","twitter_card":"summary_large_image","twitter_misc":{"Verfasst von":"Hukuki Haber.net","Gesch\u00e4tzte Lesezeit":"11\u00a0Minuten"},"schema":{"@context":"https:\/\/schema.org","@graph":[{"@type":"Article","@id":"http:\/\/denizcankizil.tr\/de\/hukukihaber\/ataturkcu-dusunceye-hizmet-odulu-bu-yil-umudun-sembolu-haluk-leventin\/#article","isPartOf":{"@id":"http:\/\/denizcankizil.tr\/de\/hukukihaber\/ataturkcu-dusunceye-hizmet-odulu-bu-yil-umudun-sembolu-haluk-leventin\/"},"author":{"name":"Hukuki Haber.net","@id":"https:\/\/denizcankizil.tr\/de\/#\/schema\/person\/001a271de994a0aa3f90eea084424822"},"headline":"Atat\u00fcrk\u00e7\u00fc d\u00fc\u015f\u00fcnceye hizmet \u00f6d\u00fcl\u00fc bu y\u0131l umudun sembol\u00fc Haluk Levent\u2019in","datePublished":"2025-05-22T09:47:00+00:00","mainEntityOfPage":{"@id":"http:\/\/denizcankizil.tr\/de\/hukukihaber\/ataturkcu-dusunceye-hizmet-odulu-bu-yil-umudun-sembolu-haluk-leventin\/"},"wordCount":2249,"publisher":{"@id":"https:\/\/denizcankizil.tr\/de\/#organization"},"articleSection":["Hukuki Haberler"],"inLanguage":"de"},{"@type":"WebPage","@id":"http:\/\/denizcankizil.tr\/de\/hukukihaber\/ataturkcu-dusunceye-hizmet-odulu-bu-yil-umudun-sembolu-haluk-leventin\/","url":"http:\/\/denizcankizil.tr\/de\/hukukihaber\/ataturkcu-dusunceye-hizmet-odulu-bu-yil-umudun-sembolu-haluk-leventin\/","name":"Atat\u00fcrk\u00e7\u00fc d\u00fc\u015f\u00fcnceye hizmet \u00f6d\u00fcl\u00fc bu y\u0131l umudun sembol\u00fc Haluk Levent\u2019in - Av. Deniz Can K\u0131z\u0131l","isPartOf":{"@id":"https:\/\/denizcankizil.tr\/de\/#website"},"datePublished":"2025-05-22T09:47:00+00:00","breadcrumb":{"@id":"http:\/\/denizcankizil.tr\/de\/hukukihaber\/ataturkcu-dusunceye-hizmet-odulu-bu-yil-umudun-sembolu-haluk-leventin\/#breadcrumb"},"inLanguage":"de","potentialAction":[{"@type":"ReadAction","target":["http:\/\/denizcankizil.tr\/de\/hukukihaber\/ataturkcu-dusunceye-hizmet-odulu-bu-yil-umudun-sembolu-haluk-leventin\/"]}]},{"@type":"BreadcrumbList","@id":"http:\/\/denizcankizil.tr\/de\/hukukihaber\/ataturkcu-dusunceye-hizmet-odulu-bu-yil-umudun-sembolu-haluk-leventin\/#breadcrumb","itemListElement":[{"@type":"ListItem","position":1,"name":"Home","item":"https:\/\/denizcankizil.tr\/de\/"},{"@type":"ListItem","position":2,"name":"Atat\u00fcrk\u00e7\u00fc d\u00fc\u015f\u00fcnceye hizmet \u00f6d\u00fcl\u00fc bu y\u0131l umudun sembol\u00fc Haluk Levent\u2019in"}]},{"@type":"WebSite","@id":"https:\/\/denizcankizil.tr\/de\/#website","url":"https:\/\/denizcankizil.tr\/de\/","name":"Av. Deniz Can K\u0131z\u0131l","description":"Avukat Deniz Can K\u0131z\u0131l Antalya Barosu","publisher":{"@id":"https:\/\/denizcankizil.tr\/de\/#organization"},"potentialAction":[{"@type":"SearchAction","target":{"@type":"EntryPoint","urlTemplate":"https:\/\/denizcankizil.tr\/de\/?s={search_term_string}"},"query-input":{"@type":"PropertyValueSpecification","valueRequired":true,"valueName":"search_term_string"}}],"inLanguage":"de"},{"@type":"Organization","@id":"https:\/\/denizcankizil.tr\/de\/#organization","name":"Av. Deniz Can K\u0131z\u0131l","url":"https:\/\/denizcankizil.tr\/de\/","logo":{"@type":"ImageObject","inLanguage":"de","@id":"https:\/\/denizcankizil.tr\/de\/#\/schema\/logo\/image\/","url":"http:\/\/denizcankizil.tr\/wp-content\/uploads\/2024\/10\/siyah-logo-svg.svg","contentUrl":"http:\/\/denizcankizil.tr\/wp-content\/uploads\/2024\/10\/siyah-logo-svg.svg","width":1080,"height":1080,"caption":"Av. Deniz Can K\u0131z\u0131l"},"image":{"@id":"https:\/\/denizcankizil.tr\/de\/#\/schema\/logo\/image\/"}},{"@type":"Person","@id":"https:\/\/denizcankizil.tr\/de\/#\/schema\/person\/001a271de994a0aa3f90eea084424822","name":"Hukuki Haber.net","image":{"@type":"ImageObject","inLanguage":"de","@id":"https:\/\/denizcankizil.tr\/de\/#\/schema\/person\/image\/","url":"https:\/\/secure.gravatar.com\/avatar\/57d8a49151495586611a149d29fc42865b951dc053a84709a3172ccb5abf3118?s=96&d=mm&r=g","contentUrl":"https:\/\/secure.gravatar.com\/avatar\/57d8a49151495586611a149d29fc42865b951dc053a84709a3172ccb5abf3118?s=96&d=mm&r=g","caption":"Hukuki Haber.net"},"sameAs":["http:\/\/www.hukukihaber.net"],"url":"https:\/\/www.hukukihaber.net\/ataturkcu-dusunceye-hizmet-odulu-bu-yil-umudun-sembolu-haluk-leventin"}]}},"_links":{"self":[{"href":"http:\/\/denizcankizil.tr\/de\/wp-json\/wp\/v2\/posts\/97117","targetHints":{"allow":["GET"]}}],"collection":[{"href":"http:\/\/denizcankizil.tr\/de\/wp-json\/wp\/v2\/posts"}],"about":[{"href":"http:\/\/denizcankizil.tr\/de\/wp-json\/wp\/v2\/types\/post"}],"author":[{"embeddable":true,"href":"http:\/\/denizcankizil.tr\/de\/wp-json\/wp\/v2\/users\/3"}],"replies":[{"embeddable":true,"href":"http:\/\/denizcankizil.tr\/de\/wp-json\/wp\/v2\/comments?post=97117"}],"version-history":[{"count":0,"href":"http:\/\/denizcankizil.tr\/de\/wp-json\/wp\/v2\/posts\/97117\/revisions"}],"wp:attachment":[{"href":"http:\/\/denizcankizil.tr\/de\/wp-json\/wp\/v2\/media?parent=97117"}],"wp:term":[{"taxonomy":"category","embeddable":true,"href":"http:\/\/denizcankizil.tr\/de\/wp-json\/wp\/v2\/categories?post=97117"},{"taxonomy":"post_tag","embeddable":true,"href":"http:\/\/denizcankizil.tr\/de\/wp-json\/wp\/v2\/tags?post=97117"}],"curies":[{"name":"wp","href":"https:\/\/api.w.org\/{rel}","templated":true}]}}