{"id":97100,"date":"2025-05-26T10:41:19","date_gmt":"2025-05-26T07:41:19","guid":{"rendered":"https:\/\/denizcankizil.tr\/uncategorized-tr\/anayasa-degisikligi-mi-rejim-muhendisligi-mi\/"},"modified":"2025-05-26T10:41:19","modified_gmt":"2025-05-26T07:41:19","slug":"anayasa-degisikligi-mi-rejim-muhendisligi-mi","status":"publish","type":"post","link":"http:\/\/denizcankizil.tr\/de\/haberler\/gundem\/anayasa-degisikligi-mi-rejim-muhendisligi-mi\/","title":{"rendered":"Anayasa De\u011fi\u015fikli\u011fi mi, Rejim M\u00fchendisli\u011fi mi?\u201d"},"content":{"rendered":"<p>T\u00fcrkiye, uzun y\u0131llard\u0131r \u201cyeni anayasa\u201d s\u00f6ylemiyle uyand\u0131 her sabaha. 1982 Anayasas\u0131\u2019n\u0131n darbe g\u00f6lgesinde yaz\u0131ld\u0131\u011f\u0131, \u00e7a\u011f\u0131n gereklerine cevap veremedi\u011fi ve sivil bir anayasan\u0131n zorunlulu\u011fu konusunda neredeyse toplumun t\u00fcm kesimleri hemfikir. Ancak mesele bir anayasa metni yazmaktan \u00e7ok daha \u00f6te: Bu bir rejim tart\u0131\u015fmas\u0131d\u0131r. Bir toplum m\u00fchendisli\u011fi de\u011fil, rejim m\u00fchendisli\u011fidir art\u0131k konu\u015fulan.<\/p>\n<p>Cumhurba\u015fkan\u0131 Recep Tayyip Erdo\u011fan\u2019\u0131n \u00f6nc\u00fcl\u00fck etti\u011fi yeni anayasa s\u00f6ylemi, her ne kadar sivil anayasa vaadiyle pazarlansa da uygulamada bu giri\u015fim, \u201cdaha fazla iktidar yo\u011funla\u015ft\u0131rmas\u0131\u201d riskini beraberinde getiriyor. Meclis zay\u0131flat\u0131lm\u0131\u015fken, denge-denetleme mekanizmalar\u0131 neredeyse i\u015flevsiz h\u00e2le gelmi\u015fken yeni bir anayasa s\u00fcrecinin tek sesli ilerlemesi, bu \u00fclkeye hukuk de\u011fil, tahakk\u00fcm getirir.<\/p>\n<p>Toplumsal mutabakat yok. Muhalefet masada de\u011fil. Sivil toplum s\u00fcrece dahil edilmiyor. Oysa anayasa, herkesin s\u00f6z hakk\u0131 oldu\u011fu bir masan\u0131n \u00fcr\u00fcn\u00fcd\u00fcr. E\u011fer bu masa tek bir g\u00f6r\u00fc\u015f\u00fcn iradesiyle kuruluyorsa, o metin anayasa de\u011fil, bir grubun manifestosudur.<\/p>\n<p>Bir di\u011fer \u00f6nemli kayg\u0131 ise temel haklar alan\u0131nda ya\u015fan\u0131yor. Laiklik ilkesi, kad\u0131n haklar\u0131, ifade \u00f6zg\u00fcrl\u00fc\u011f\u00fc gibi k\u0131rm\u0131z\u0131 \u00e7izgiler konusunda yap\u0131lan belirsiz a\u00e7\u0131klamalar, anayasal g\u00fcvencelerin ortadan kalkabilece\u011fine dair ciddi endi\u015felere yol a\u00e7\u0131yor. T\u00fcrkiye\u2019nin temel kazan\u0131mlar\u0131 budanarak de\u011fil, korunarak gelece\u011fe ta\u015f\u0131nabilir.<\/p>\n<p>Yeni bir anayasa m\u00fcmk\u00fcnd\u00fcr, ama bu; yaln\u0131zca iktidar\u0131n de\u011fil, toplumun tamam\u0131n\u0131n anayasas\u0131 olursa bir anlam ta\u015f\u0131r. Aksi h\u00e2lde bu \u00e7aba, sadece bir anayasa de\u011fi\u015fikli\u011fi de\u011fil, bir \u201crejim tescili\u201d olur.<\/p>\n<p>Bug\u00fcn yap\u0131lmas\u0131 gereken \u015fey yeni bir anayasa de\u011fil, eski demokrasiyi onarmakt\u0131r.<\/p>\n<p>\u200bT\u00fcrkiye, uzun y\u0131llard\u0131r \u201cyeni anayasa\u201d s\u00f6ylemiyle uyand\u0131 her sabaha. 1982 Anayasas\u0131\u2019n\u0131n darbe g\u00f6lgesinde yaz\u0131ld\u0131\u011f\u0131, \u00e7a\u011f\u0131n gereklerine cevap veremedi\u011fi ve sivil bir anayasan\u0131n zorunlulu\u011fu konusunda neredeyse toplumun t\u00fcm kesimleri hemfikir. Ancak mesele bir anayasa metni yazmaktan \u00e7ok daha \u00f6te: Bu bir rejim tart\u0131\u015fmas\u0131d\u0131r. Bir toplum m\u00fchendisli\u011fi de\u011fil, rejim m\u00fchendisli\u011fidir art\u0131k konu\u015fulan.<\/p>\n<p>Cumhurba\u015fkan\u0131 Recep Tayyip Erdo\u011fan\u2019\u0131n \u00f6nc\u00fcl\u00fck etti\u011fi yeni anayasa s\u00f6ylemi, her ne kadar sivil anayasa vaadiyle pazarlansa da uygulamada bu giri\u015fim, \u201cdaha fazla iktidar yo\u011funla\u015ft\u0131rmas\u0131\u201d riskini beraberinde getiriyor. Meclis zay\u0131flat\u0131lm\u0131\u015fken, denge-denetleme mekanizmalar\u0131 neredeyse i\u015flevsiz h\u00e2le gelmi\u015fken yeni bir anayasa s\u00fcrecinin tek sesli ilerlemesi, bu \u00fclkeye hukuk de\u011fil, tahakk\u00fcm getirir.<\/p>\n<p>Toplumsal mutabakat yok. Muhalefet masada de\u011fil. Sivil toplum s\u00fcrece dahil edilmiyor. Oysa anayasa, herkesin s\u00f6z hakk\u0131 oldu\u011fu bir masan\u0131n \u00fcr\u00fcn\u00fcd\u00fcr. E\u011fer bu masa tek bir g\u00f6r\u00fc\u015f\u00fcn iradesiyle kuruluyorsa, o metin anayasa de\u011fil, bir grubun manifestosudur.<\/p>\n<p>Bir di\u011fer \u00f6nemli kayg\u0131 ise temel haklar alan\u0131nda ya\u015fan\u0131yor. Laiklik ilkesi, kad\u0131n haklar\u0131, ifade \u00f6zg\u00fcrl\u00fc\u011f\u00fc gibi k\u0131rm\u0131z\u0131 \u00e7izgiler konusunda yap\u0131lan belirsiz a\u00e7\u0131klamalar, anayasal g\u00fcvencelerin ortadan kalkabilece\u011fine dair ciddi endi\u015felere yol a\u00e7\u0131yor. T\u00fcrkiye\u2019nin temel kazan\u0131mlar\u0131 budanarak de\u011fil, korunarak gelece\u011fe ta\u015f\u0131nabilir.<\/p>\n<p>Yeni bir anayasa m\u00fcmk\u00fcnd\u00fcr, ama bu; yaln\u0131zca iktidar\u0131n de\u011fil, toplumun tamam\u0131n\u0131n anayasas\u0131 olursa bir anlam ta\u015f\u0131r. Aksi h\u00e2lde bu \u00e7aba, sadece bir anayasa de\u011fi\u015fikli\u011fi de\u011fil, bir \u201crejim tescili\u201d olur.<\/p>\n<p>Bug\u00fcn yap\u0131lmas\u0131 gereken \u015fey yeni bir anayasa de\u011fil, eski demokrasiyi onarmakt\u0131r.\u00a0<\/p>\n<p>\u200bHaberin Al\u0131nt\u0131land\u0131\u011f\u0131 Kaynak: www.antalyakorfez.com<\/p>","protected":false},"excerpt":{"rendered":"<p>T\u00fcrkiye, uzun y\u0131llard\u0131r \u201cyeni anayasa\u201d s\u00f6ylemiyle uyand\u0131 her sabaha. 1982 Anayasas\u0131\u2019n\u0131n darbe g\u00f6lgesinde yaz\u0131ld\u0131\u011f\u0131, \u00e7a\u011f\u0131n gereklerine cevap veremedi\u011fi ve sivil bir anayasan\u0131n zorunlulu\u011fu konusunda neredeyse toplumun t\u00fcm kesimleri hemfikir. Ancak mesele bir anayasa metni yazmaktan \u00e7ok daha \u00f6te: Bu bir rejim tart\u0131\u015fmas\u0131d\u0131r. Bir toplum m\u00fchendisli\u011fi de\u011fil, rejim m\u00fchendisli\u011fidir art\u0131k konu\u015fulan. Cumhurba\u015fkan\u0131 Recep Tayyip Erdo\u011fan\u2019\u0131n \u00f6nc\u00fcl\u00fck etti\u011fi yeni anayasa s\u00f6ylemi, her ne kadar sivil anayasa vaadiyle pazarlansa da uygulamada bu giri\u015fim, \u201cdaha fazla iktidar yo\u011funla\u015ft\u0131rmas\u0131\u201d riskini beraberinde getiriyor. Meclis zay\u0131flat\u0131lm\u0131\u015fken, denge-denetleme mekanizmalar\u0131 neredeyse i\u015flevsiz h\u00e2le gelmi\u015fken yeni bir anayasa s\u00fcrecinin tek sesli ilerlemesi, bu \u00fclkeye hukuk de\u011fil, tahakk\u00fcm getirir. Toplumsal mutabakat yok. Muhalefet masada de\u011fil. Sivil toplum s\u00fcrece dahil edilmiyor. Oysa anayasa, herkesin s\u00f6z hakk\u0131 oldu\u011fu bir masan\u0131n \u00fcr\u00fcn\u00fcd\u00fcr. E\u011fer bu masa tek bir g\u00f6r\u00fc\u015f\u00fcn iradesiyle kuruluyorsa, o metin anayasa de\u011fil, bir grubun manifestosudur. Bir di\u011fer \u00f6nemli kayg\u0131 ise temel haklar alan\u0131nda ya\u015fan\u0131yor. Laiklik ilkesi, kad\u0131n haklar\u0131, ifade \u00f6zg\u00fcrl\u00fc\u011f\u00fc gibi k\u0131rm\u0131z\u0131 \u00e7izgiler konusunda yap\u0131lan belirsiz a\u00e7\u0131klamalar, anayasal g\u00fcvencelerin ortadan kalkabilece\u011fine dair ciddi endi\u015felere yol a\u00e7\u0131yor. T\u00fcrkiye\u2019nin temel kazan\u0131mlar\u0131 budanarak de\u011fil, korunarak gelece\u011fe ta\u015f\u0131nabilir. Yeni bir anayasa m\u00fcmk\u00fcnd\u00fcr, ama bu; yaln\u0131zca iktidar\u0131n de\u011fil, toplumun tamam\u0131n\u0131n anayasas\u0131 olursa bir anlam ta\u015f\u0131r. Aksi h\u00e2lde bu \u00e7aba, sadece bir anayasa de\u011fi\u015fikli\u011fi de\u011fil, bir \u201crejim tescili\u201d &hellip;<\/p>","protected":false},"author":5,"featured_media":0,"comment_status":"","ping_status":"open","sticky":false,"template":"","format":"standard","meta":{"_acf_changed":false,"footnotes":""},"categories":[24],"tags":[],"class_list":["post-97100","post","type-post","status-publish","format-standard","has-post-thumbnail","hentry","category-gundem"],"acf":[],"yoast_head":"<!-- This site is optimized with the Yoast SEO Premium plugin v26.6 (Yoast SEO v27.1.1) - https:\/\/yoast.com\/product\/yoast-seo-premium-wordpress\/ -->\n<title>Anayasa De\u011fi\u015fikli\u011fi mi, Rejim M\u00fchendisli\u011fi mi?\u201d - Av. Deniz Can K\u0131z\u0131l<\/title>\n<meta name=\"robots\" content=\"index, follow, max-snippet:-1, max-image-preview:large, max-video-preview:-1\" \/>\n<link rel=\"canonical\" href=\"https:\/\/denizcankizil.tr\/de\/haberler\/gundem\/anayasa-degisikligi-mi-rejim-muhendisligi-mi\/\" \/>\n<meta property=\"og:locale\" content=\"de_DE\" \/>\n<meta property=\"og:type\" content=\"article\" \/>\n<meta property=\"og:title\" content=\"Anayasa De\u011fi\u015fikli\u011fi mi, Rejim M\u00fchendisli\u011fi mi?\u201d\" \/>\n<meta property=\"og:description\" content=\"T\u00fcrkiye, uzun y\u0131llard\u0131r \u201cyeni anayasa\u201d s\u00f6ylemiyle uyand\u0131 her sabaha. 1982 Anayasas\u0131\u2019n\u0131n darbe g\u00f6lgesinde yaz\u0131ld\u0131\u011f\u0131, \u00e7a\u011f\u0131n gereklerine cevap veremedi\u011fi ve sivil bir anayasan\u0131n zorunlulu\u011fu konusunda neredeyse toplumun t\u00fcm kesimleri hemfikir. Ancak mesele bir anayasa metni yazmaktan \u00e7ok daha \u00f6te: Bu bir rejim tart\u0131\u015fmas\u0131d\u0131r. Bir toplum m\u00fchendisli\u011fi de\u011fil, rejim m\u00fchendisli\u011fidir art\u0131k konu\u015fulan. Cumhurba\u015fkan\u0131 Recep Tayyip Erdo\u011fan\u2019\u0131n \u00f6nc\u00fcl\u00fck etti\u011fi yeni anayasa s\u00f6ylemi, her ne kadar sivil anayasa vaadiyle pazarlansa da uygulamada bu giri\u015fim, \u201cdaha fazla iktidar yo\u011funla\u015ft\u0131rmas\u0131\u201d riskini beraberinde getiriyor. Meclis zay\u0131flat\u0131lm\u0131\u015fken, denge-denetleme mekanizmalar\u0131 neredeyse i\u015flevsiz h\u00e2le gelmi\u015fken yeni bir anayasa s\u00fcrecinin tek sesli ilerlemesi, bu \u00fclkeye hukuk de\u011fil, tahakk\u00fcm getirir. Toplumsal mutabakat yok. Muhalefet masada de\u011fil. Sivil toplum s\u00fcrece dahil edilmiyor. Oysa anayasa, herkesin s\u00f6z hakk\u0131 oldu\u011fu bir masan\u0131n \u00fcr\u00fcn\u00fcd\u00fcr. E\u011fer bu masa tek bir g\u00f6r\u00fc\u015f\u00fcn iradesiyle kuruluyorsa, o metin anayasa de\u011fil, bir grubun manifestosudur. Bir di\u011fer \u00f6nemli kayg\u0131 ise temel haklar alan\u0131nda ya\u015fan\u0131yor. Laiklik ilkesi, kad\u0131n haklar\u0131, ifade \u00f6zg\u00fcrl\u00fc\u011f\u00fc gibi k\u0131rm\u0131z\u0131 \u00e7izgiler konusunda yap\u0131lan belirsiz a\u00e7\u0131klamalar, anayasal g\u00fcvencelerin ortadan kalkabilece\u011fine dair ciddi endi\u015felere yol a\u00e7\u0131yor. T\u00fcrkiye\u2019nin temel kazan\u0131mlar\u0131 budanarak de\u011fil, korunarak gelece\u011fe ta\u015f\u0131nabilir. Yeni bir anayasa m\u00fcmk\u00fcnd\u00fcr, ama bu; yaln\u0131zca iktidar\u0131n de\u011fil, toplumun tamam\u0131n\u0131n anayasas\u0131 olursa bir anlam ta\u015f\u0131r. Aksi h\u00e2lde bu \u00e7aba, sadece bir anayasa de\u011fi\u015fikli\u011fi de\u011fil, bir \u201crejim tescili\u201d &hellip;\" \/>\n<meta property=\"og:url\" content=\"https:\/\/denizcankizil.tr\/de\/haberler\/gundem\/anayasa-degisikligi-mi-rejim-muhendisligi-mi\/\" \/>\n<meta property=\"og:site_name\" content=\"Av. Deniz Can K\u0131z\u0131l\" \/>\n<meta property=\"article:published_time\" content=\"2025-05-26T07:41:19+00:00\" \/>\n<meta name=\"author\" content=\"Antalya K\u00f6rfez\" \/>\n<meta name=\"twitter:card\" content=\"summary_large_image\" \/>\n<meta name=\"twitter:label1\" content=\"Verfasst von\" \/>\n\t<meta name=\"twitter:data1\" content=\"Antalya K\u00f6rfez\" \/>\n\t<meta name=\"twitter:label2\" content=\"Gesch\u00e4tzte Lesezeit\" \/>\n\t<meta name=\"twitter:data2\" content=\"3\u00a0Minuten\" \/>\n<script type=\"application\/ld+json\" class=\"yoast-schema-graph\">{\"@context\":\"https:\/\/schema.org\",\"@graph\":[{\"@type\":\"Article\",\"@id\":\"https:\/\/denizcankizil.tr\/ru\/haberler\/gundem\/anayasa-degisikligi-mi-rejim-muhendisligi-mi\/#article\",\"isPartOf\":{\"@id\":\"https:\/\/denizcankizil.tr\/ru\/haberler\/gundem\/anayasa-degisikligi-mi-rejim-muhendisligi-mi\/\"},\"author\":{\"name\":\"Antalya K\u00f6rfez\",\"@id\":\"https:\/\/denizcankizil.tr\/de\/#\/schema\/person\/e1eb71bb4dd684d46563f0af307e1234\"},\"headline\":\"Anayasa De\u011fi\u015fikli\u011fi mi, Rejim M\u00fchendisli\u011fi mi?\u201d\",\"datePublished\":\"2025-05-26T07:41:19+00:00\",\"mainEntityOfPage\":{\"@id\":\"https:\/\/denizcankizil.tr\/ru\/haberler\/gundem\/anayasa-degisikligi-mi-rejim-muhendisligi-mi\/\"},\"wordCount\":627,\"publisher\":{\"@id\":\"https:\/\/denizcankizil.tr\/de\/#organization\"},\"articleSection\":[\"G\u00fcndem\"],\"inLanguage\":\"de\"},{\"@type\":\"WebPage\",\"@id\":\"https:\/\/denizcankizil.tr\/ru\/haberler\/gundem\/anayasa-degisikligi-mi-rejim-muhendisligi-mi\/\",\"url\":\"https:\/\/denizcankizil.tr\/ru\/haberler\/gundem\/anayasa-degisikligi-mi-rejim-muhendisligi-mi\/\",\"name\":\"Anayasa De\u011fi\u015fikli\u011fi mi, Rejim M\u00fchendisli\u011fi mi?\u201d - Av. Deniz Can K\u0131z\u0131l\",\"isPartOf\":{\"@id\":\"https:\/\/denizcankizil.tr\/de\/#website\"},\"datePublished\":\"2025-05-26T07:41:19+00:00\",\"breadcrumb\":{\"@id\":\"https:\/\/denizcankizil.tr\/ru\/haberler\/gundem\/anayasa-degisikligi-mi-rejim-muhendisligi-mi\/#breadcrumb\"},\"inLanguage\":\"de\",\"potentialAction\":[{\"@type\":\"ReadAction\",\"target\":[\"https:\/\/denizcankizil.tr\/ru\/haberler\/gundem\/anayasa-degisikligi-mi-rejim-muhendisligi-mi\/\"]}]},{\"@type\":\"BreadcrumbList\",\"@id\":\"https:\/\/denizcankizil.tr\/ru\/haberler\/gundem\/anayasa-degisikligi-mi-rejim-muhendisligi-mi\/#breadcrumb\",\"itemListElement\":[{\"@type\":\"ListItem\",\"position\":1,\"name\":\"Home\",\"item\":\"https:\/\/denizcankizil.tr\/de\/\"},{\"@type\":\"ListItem\",\"position\":2,\"name\":\"Anayasa De\u011fi\u015fikli\u011fi mi, Rejim M\u00fchendisli\u011fi mi?\u201d\"}]},{\"@type\":\"WebSite\",\"@id\":\"https:\/\/denizcankizil.tr\/de\/#website\",\"url\":\"https:\/\/denizcankizil.tr\/de\/\",\"name\":\"Av. Deniz Can K\u0131z\u0131l\",\"description\":\"Avukat Deniz Can K\u0131z\u0131l Antalya Barosu\",\"publisher\":{\"@id\":\"https:\/\/denizcankizil.tr\/de\/#organization\"},\"potentialAction\":[{\"@type\":\"SearchAction\",\"target\":{\"@type\":\"EntryPoint\",\"urlTemplate\":\"https:\/\/denizcankizil.tr\/de\/?s={search_term_string}\"},\"query-input\":{\"@type\":\"PropertyValueSpecification\",\"valueRequired\":true,\"valueName\":\"search_term_string\"}}],\"inLanguage\":\"de\"},{\"@type\":\"Organization\",\"@id\":\"https:\/\/denizcankizil.tr\/de\/#organization\",\"name\":\"Av. Deniz Can K\u0131z\u0131l\",\"url\":\"https:\/\/denizcankizil.tr\/de\/\",\"logo\":{\"@type\":\"ImageObject\",\"inLanguage\":\"de\",\"@id\":\"https:\/\/denizcankizil.tr\/de\/#\/schema\/logo\/image\/\",\"url\":\"http:\/\/denizcankizil.tr\/wp-content\/uploads\/2024\/10\/siyah-logo-svg.svg\",\"contentUrl\":\"http:\/\/denizcankizil.tr\/wp-content\/uploads\/2024\/10\/siyah-logo-svg.svg\",\"width\":1080,\"height\":1080,\"caption\":\"Av. Deniz Can K\u0131z\u0131l\"},\"image\":{\"@id\":\"https:\/\/denizcankizil.tr\/de\/#\/schema\/logo\/image\/\"}},{\"@type\":\"Person\",\"@id\":\"https:\/\/denizcankizil.tr\/de\/#\/schema\/person\/e1eb71bb4dd684d46563f0af307e1234\",\"name\":\"Antalya K\u00f6rfez\",\"image\":{\"@type\":\"ImageObject\",\"inLanguage\":\"de\",\"@id\":\"https:\/\/denizcankizil.tr\/de\/#\/schema\/person\/image\/\",\"url\":\"https:\/\/secure.gravatar.com\/avatar\/42b01982558a48a0b501fdcab6a408d3717ea5919095ee2e67b0e521799c5905?s=96&d=mm&r=g\",\"contentUrl\":\"https:\/\/secure.gravatar.com\/avatar\/42b01982558a48a0b501fdcab6a408d3717ea5919095ee2e67b0e521799c5905?s=96&d=mm&r=g\",\"caption\":\"Antalya K\u00f6rfez\"},\"sameAs\":[\"http:\/\/www.antalyakorfez.com\"],\"url\":\"https:\/\/www.antalyakorfez.com\/anayasa-degisikligi-mi-rejim-muhendisligi-mi\"}]}<\/script>\n<!-- \/ Yoast SEO Premium plugin. -->","yoast_head_json":{"title":"Anayasa De\u011fi\u015fikli\u011fi mi, Rejim M\u00fchendisli\u011fi mi?\u201d - Av. Deniz Can K\u0131z\u0131l","robots":{"index":"index","follow":"follow","max-snippet":"max-snippet:-1","max-image-preview":"max-image-preview:large","max-video-preview":"max-video-preview:-1"},"canonical":"https:\/\/denizcankizil.tr\/de\/haberler\/gundem\/anayasa-degisikligi-mi-rejim-muhendisligi-mi\/","og_locale":"de_DE","og_type":"article","og_title":"Anayasa De\u011fi\u015fikli\u011fi mi, Rejim M\u00fchendisli\u011fi mi?\u201d","og_description":"T\u00fcrkiye, uzun y\u0131llard\u0131r \u201cyeni anayasa\u201d s\u00f6ylemiyle uyand\u0131 her sabaha. 1982 Anayasas\u0131\u2019n\u0131n darbe g\u00f6lgesinde yaz\u0131ld\u0131\u011f\u0131, \u00e7a\u011f\u0131n gereklerine cevap veremedi\u011fi ve sivil bir anayasan\u0131n zorunlulu\u011fu konusunda neredeyse toplumun t\u00fcm kesimleri hemfikir. Ancak mesele bir anayasa metni yazmaktan \u00e7ok daha \u00f6te: Bu bir rejim tart\u0131\u015fmas\u0131d\u0131r. Bir toplum m\u00fchendisli\u011fi de\u011fil, rejim m\u00fchendisli\u011fidir art\u0131k konu\u015fulan. Cumhurba\u015fkan\u0131 Recep Tayyip Erdo\u011fan\u2019\u0131n \u00f6nc\u00fcl\u00fck etti\u011fi yeni anayasa s\u00f6ylemi, her ne kadar sivil anayasa vaadiyle pazarlansa da uygulamada bu giri\u015fim, \u201cdaha fazla iktidar yo\u011funla\u015ft\u0131rmas\u0131\u201d riskini beraberinde getiriyor. Meclis zay\u0131flat\u0131lm\u0131\u015fken, denge-denetleme mekanizmalar\u0131 neredeyse i\u015flevsiz h\u00e2le gelmi\u015fken yeni bir anayasa s\u00fcrecinin tek sesli ilerlemesi, bu \u00fclkeye hukuk de\u011fil, tahakk\u00fcm getirir. Toplumsal mutabakat yok. Muhalefet masada de\u011fil. Sivil toplum s\u00fcrece dahil edilmiyor. Oysa anayasa, herkesin s\u00f6z hakk\u0131 oldu\u011fu bir masan\u0131n \u00fcr\u00fcn\u00fcd\u00fcr. E\u011fer bu masa tek bir g\u00f6r\u00fc\u015f\u00fcn iradesiyle kuruluyorsa, o metin anayasa de\u011fil, bir grubun manifestosudur. Bir di\u011fer \u00f6nemli kayg\u0131 ise temel haklar alan\u0131nda ya\u015fan\u0131yor. Laiklik ilkesi, kad\u0131n haklar\u0131, ifade \u00f6zg\u00fcrl\u00fc\u011f\u00fc gibi k\u0131rm\u0131z\u0131 \u00e7izgiler konusunda yap\u0131lan belirsiz a\u00e7\u0131klamalar, anayasal g\u00fcvencelerin ortadan kalkabilece\u011fine dair ciddi endi\u015felere yol a\u00e7\u0131yor. T\u00fcrkiye\u2019nin temel kazan\u0131mlar\u0131 budanarak de\u011fil, korunarak gelece\u011fe ta\u015f\u0131nabilir. Yeni bir anayasa m\u00fcmk\u00fcnd\u00fcr, ama bu; yaln\u0131zca iktidar\u0131n de\u011fil, toplumun tamam\u0131n\u0131n anayasas\u0131 olursa bir anlam ta\u015f\u0131r. Aksi h\u00e2lde bu \u00e7aba, sadece bir anayasa de\u011fi\u015fikli\u011fi de\u011fil, bir \u201crejim tescili\u201d &hellip;","og_url":"https:\/\/denizcankizil.tr\/de\/haberler\/gundem\/anayasa-degisikligi-mi-rejim-muhendisligi-mi\/","og_site_name":"Av. Deniz Can K\u0131z\u0131l","article_published_time":"2025-05-26T07:41:19+00:00","author":"Antalya K\u00f6rfez","twitter_card":"summary_large_image","twitter_misc":{"Verfasst von":"Antalya K\u00f6rfez","Gesch\u00e4tzte Lesezeit":"3\u00a0Minuten"},"schema":{"@context":"https:\/\/schema.org","@graph":[{"@type":"Article","@id":"https:\/\/denizcankizil.tr\/ru\/haberler\/gundem\/anayasa-degisikligi-mi-rejim-muhendisligi-mi\/#article","isPartOf":{"@id":"https:\/\/denizcankizil.tr\/ru\/haberler\/gundem\/anayasa-degisikligi-mi-rejim-muhendisligi-mi\/"},"author":{"name":"Antalya K\u00f6rfez","@id":"https:\/\/denizcankizil.tr\/de\/#\/schema\/person\/e1eb71bb4dd684d46563f0af307e1234"},"headline":"Anayasa De\u011fi\u015fikli\u011fi mi, Rejim M\u00fchendisli\u011fi mi?\u201d","datePublished":"2025-05-26T07:41:19+00:00","mainEntityOfPage":{"@id":"https:\/\/denizcankizil.tr\/ru\/haberler\/gundem\/anayasa-degisikligi-mi-rejim-muhendisligi-mi\/"},"wordCount":627,"publisher":{"@id":"https:\/\/denizcankizil.tr\/de\/#organization"},"articleSection":["G\u00fcndem"],"inLanguage":"de"},{"@type":"WebPage","@id":"https:\/\/denizcankizil.tr\/ru\/haberler\/gundem\/anayasa-degisikligi-mi-rejim-muhendisligi-mi\/","url":"https:\/\/denizcankizil.tr\/ru\/haberler\/gundem\/anayasa-degisikligi-mi-rejim-muhendisligi-mi\/","name":"Anayasa De\u011fi\u015fikli\u011fi mi, Rejim M\u00fchendisli\u011fi mi?\u201d - Av. Deniz Can K\u0131z\u0131l","isPartOf":{"@id":"https:\/\/denizcankizil.tr\/de\/#website"},"datePublished":"2025-05-26T07:41:19+00:00","breadcrumb":{"@id":"https:\/\/denizcankizil.tr\/ru\/haberler\/gundem\/anayasa-degisikligi-mi-rejim-muhendisligi-mi\/#breadcrumb"},"inLanguage":"de","potentialAction":[{"@type":"ReadAction","target":["https:\/\/denizcankizil.tr\/ru\/haberler\/gundem\/anayasa-degisikligi-mi-rejim-muhendisligi-mi\/"]}]},{"@type":"BreadcrumbList","@id":"https:\/\/denizcankizil.tr\/ru\/haberler\/gundem\/anayasa-degisikligi-mi-rejim-muhendisligi-mi\/#breadcrumb","itemListElement":[{"@type":"ListItem","position":1,"name":"Home","item":"https:\/\/denizcankizil.tr\/de\/"},{"@type":"ListItem","position":2,"name":"Anayasa De\u011fi\u015fikli\u011fi mi, Rejim M\u00fchendisli\u011fi mi?\u201d"}]},{"@type":"WebSite","@id":"https:\/\/denizcankizil.tr\/de\/#website","url":"https:\/\/denizcankizil.tr\/de\/","name":"Av. Deniz Can K\u0131z\u0131l","description":"Avukat Deniz Can K\u0131z\u0131l Antalya Barosu","publisher":{"@id":"https:\/\/denizcankizil.tr\/de\/#organization"},"potentialAction":[{"@type":"SearchAction","target":{"@type":"EntryPoint","urlTemplate":"https:\/\/denizcankizil.tr\/de\/?s={search_term_string}"},"query-input":{"@type":"PropertyValueSpecification","valueRequired":true,"valueName":"search_term_string"}}],"inLanguage":"de"},{"@type":"Organization","@id":"https:\/\/denizcankizil.tr\/de\/#organization","name":"Av. Deniz Can K\u0131z\u0131l","url":"https:\/\/denizcankizil.tr\/de\/","logo":{"@type":"ImageObject","inLanguage":"de","@id":"https:\/\/denizcankizil.tr\/de\/#\/schema\/logo\/image\/","url":"http:\/\/denizcankizil.tr\/wp-content\/uploads\/2024\/10\/siyah-logo-svg.svg","contentUrl":"http:\/\/denizcankizil.tr\/wp-content\/uploads\/2024\/10\/siyah-logo-svg.svg","width":1080,"height":1080,"caption":"Av. Deniz Can K\u0131z\u0131l"},"image":{"@id":"https:\/\/denizcankizil.tr\/de\/#\/schema\/logo\/image\/"}},{"@type":"Person","@id":"https:\/\/denizcankizil.tr\/de\/#\/schema\/person\/e1eb71bb4dd684d46563f0af307e1234","name":"Antalya K\u00f6rfez","image":{"@type":"ImageObject","inLanguage":"de","@id":"https:\/\/denizcankizil.tr\/de\/#\/schema\/person\/image\/","url":"https:\/\/secure.gravatar.com\/avatar\/42b01982558a48a0b501fdcab6a408d3717ea5919095ee2e67b0e521799c5905?s=96&d=mm&r=g","contentUrl":"https:\/\/secure.gravatar.com\/avatar\/42b01982558a48a0b501fdcab6a408d3717ea5919095ee2e67b0e521799c5905?s=96&d=mm&r=g","caption":"Antalya K\u00f6rfez"},"sameAs":["http:\/\/www.antalyakorfez.com"],"url":"https:\/\/www.antalyakorfez.com\/anayasa-degisikligi-mi-rejim-muhendisligi-mi"}]}},"_links":{"self":[{"href":"http:\/\/denizcankizil.tr\/de\/wp-json\/wp\/v2\/posts\/97100","targetHints":{"allow":["GET"]}}],"collection":[{"href":"http:\/\/denizcankizil.tr\/de\/wp-json\/wp\/v2\/posts"}],"about":[{"href":"http:\/\/denizcankizil.tr\/de\/wp-json\/wp\/v2\/types\/post"}],"author":[{"embeddable":true,"href":"http:\/\/denizcankizil.tr\/de\/wp-json\/wp\/v2\/users\/5"}],"replies":[{"embeddable":true,"href":"http:\/\/denizcankizil.tr\/de\/wp-json\/wp\/v2\/comments?post=97100"}],"version-history":[{"count":0,"href":"http:\/\/denizcankizil.tr\/de\/wp-json\/wp\/v2\/posts\/97100\/revisions"}],"wp:attachment":[{"href":"http:\/\/denizcankizil.tr\/de\/wp-json\/wp\/v2\/media?parent=97100"}],"wp:term":[{"taxonomy":"category","embeddable":true,"href":"http:\/\/denizcankizil.tr\/de\/wp-json\/wp\/v2\/categories?post=97100"},{"taxonomy":"post_tag","embeddable":true,"href":"http:\/\/denizcankizil.tr\/de\/wp-json\/wp\/v2\/tags?post=97100"}],"curies":[{"name":"wp","href":"https:\/\/api.w.org\/{rel}","templated":true}]}}