{"id":96472,"date":"2025-05-25T17:42:24","date_gmt":"2025-05-25T14:42:24","guid":{"rendered":"https:\/\/denizcankizil.tr\/uncategorized-tr\/filistin-gazze-kardeslik-hayir-kermesi\/"},"modified":"2025-05-25T17:42:24","modified_gmt":"2025-05-25T14:42:24","slug":"filistin-gazze-kardeslik-hayir-kermesi","status":"publish","type":"post","link":"http:\/\/denizcankizil.tr\/de\/haberler\/gundem\/filistin-gazze-kardeslik-hayir-kermesi\/","title":{"rendered":"Filistin- Gazze karde\u015flik hay\u0131r kermesi"},"content":{"rendered":"<p>Reyhanl\u0131 \u0130l\u00e7esi\u2019nde, \u0130mam Hatip Ortaokulu \u00f6\u011frenci velileri ve \u00f6\u011fretmenlerin katk\u0131s\u0131 ile Filistin-Gazze karde\u015flik hay\u0131r kermesi d\u00fczenlendi, elde edilecek gelir Gazze halk\u0131na g\u00f6nderilecek.<br \/>\nTamam\u0131 \u00f6\u011frenci velileri ile okul \u00f6\u011fretmen ve idarecileri taraf\u0131ndan haz\u0131rlanan y\u00f6resel ve \u00e7e\u015fitli yemekler ile pastalar kurulan stantlara konuldu. Davet edilen protokol \u00fcyeleri ile \u00f6\u011frenci velileri ve di\u011fer davetliler taraf\u0131ndan b\u00fcy\u00fc bir be\u011feni ile sat\u0131n al\u0131nan yiyeceklerden elde edilecek gelirin Gazze halk\u0131n\u0131n ihtiya\u00e7lar\u0131nda kullan\u0131lmak \u00fczere ula\u015ft\u0131r\u0131laca\u011f\u0131 belirtildi.<\/p>\n<p>\u200bReyhanl\u0131 \u0130l\u00e7esi\u2019nde, \u0130mam Hatip Ortaokulu \u00f6\u011frenci velileri ve \u00f6\u011fretmenlerin katk\u0131s\u0131 ile Filistin-Gazze karde\u015flik hay\u0131r kermesi d\u00fczenlendi, elde edilecek gelir Gazze halk\u0131na g\u00f6nderilecek.<br \/>\nTamam\u0131 \u00f6\u011frenci velileri ile okul \u00f6\u011fretmen ve idarecileri taraf\u0131ndan haz\u0131rlanan y\u00f6resel ve \u00e7e\u015fitli yemekler ile pastalar kurulan stantlara konuldu. Davet edilen protokol \u00fcyeleri ile \u00f6\u011frenci velileri ve di\u011fer davetliler taraf\u0131ndan b\u00fcy\u00fc bir be\u011feni ile sat\u0131n al\u0131nan yiyeceklerden elde edilecek gelirin Gazze halk\u0131n\u0131n ihtiya\u00e7lar\u0131nda kullan\u0131lmak \u00fczere ula\u015ft\u0131r\u0131laca\u011f\u0131 belirtildi.\u00a0<\/p>\n<p>\u200bHaberin Al\u0131nt\u0131land\u0131\u011f\u0131 Kaynak: www.iskenderun.org<\/p>","protected":false},"excerpt":{"rendered":"<p>Reyhanl\u0131 \u0130l\u00e7esi\u2019nde, \u0130mam Hatip Ortaokulu \u00f6\u011frenci velileri ve \u00f6\u011fretmenlerin katk\u0131s\u0131 ile Filistin-Gazze karde\u015flik hay\u0131r kermesi d\u00fczenlendi, elde edilecek gelir Gazze halk\u0131na g\u00f6nderilecek. Tamam\u0131 \u00f6\u011frenci velileri ile okul \u00f6\u011fretmen ve idarecileri taraf\u0131ndan haz\u0131rlanan y\u00f6resel ve \u00e7e\u015fitli yemekler ile pastalar kurulan stantlara konuldu. Davet edilen protokol \u00fcyeleri ile \u00f6\u011frenci velileri ve di\u011fer davetliler taraf\u0131ndan b\u00fcy\u00fc bir be\u011feni ile sat\u0131n al\u0131nan yiyeceklerden elde edilecek gelirin Gazze halk\u0131n\u0131n ihtiya\u00e7lar\u0131nda kullan\u0131lmak \u00fczere ula\u015ft\u0131r\u0131laca\u011f\u0131 belirtildi. \u200bReyhanl\u0131 \u0130l\u00e7esi\u2019nde, \u0130mam Hatip Ortaokulu \u00f6\u011frenci velileri ve \u00f6\u011fretmenlerin katk\u0131s\u0131 ile Filistin-Gazze karde\u015flik hay\u0131r kermesi d\u00fczenlendi, elde edilecek gelir Gazze halk\u0131na g\u00f6nderilecek. Tamam\u0131 \u00f6\u011frenci velileri ile okul \u00f6\u011fretmen ve idarecileri taraf\u0131ndan haz\u0131rlanan y\u00f6resel ve \u00e7e\u015fitli yemekler ile pastalar kurulan stantlara konuldu. Davet edilen protokol \u00fcyeleri ile \u00f6\u011frenci velileri ve di\u011fer davetliler taraf\u0131ndan b\u00fcy\u00fc bir be\u011feni ile sat\u0131n al\u0131nan yiyeceklerden elde edilecek gelirin Gazze halk\u0131n\u0131n ihtiya\u00e7lar\u0131nda kullan\u0131lmak \u00fczere ula\u015ft\u0131r\u0131laca\u011f\u0131 belirtildi.\u00a0 \u200bHaberin Al\u0131nt\u0131land\u0131\u011f\u0131 Kaynak: www.iskenderun.org<\/p>","protected":false},"author":1,"featured_media":0,"comment_status":"","ping_status":"open","sticky":false,"template":"","format":"standard","meta":{"_acf_changed":false,"footnotes":""},"categories":[24],"tags":[],"class_list":["post-96472","post","type-post","status-publish","format-standard","has-post-thumbnail","hentry","category-gundem"],"acf":[],"yoast_head":"<!-- This site is optimized with the Yoast SEO Premium plugin v26.6 (Yoast SEO v27.1.1) - https:\/\/yoast.com\/product\/yoast-seo-premium-wordpress\/ -->\n<title>Filistin- Gazze karde\u015flik hay\u0131r kermesi - Av. Deniz Can K\u0131z\u0131l<\/title>\n<meta name=\"robots\" content=\"index, follow, max-snippet:-1, max-image-preview:large, max-video-preview:-1\" \/>\n<link rel=\"canonical\" href=\"http:\/\/denizcankizil.tr\/de\/haberler\/gundem\/filistin-gazze-kardeslik-hayir-kermesi\/\" \/>\n<meta property=\"og:locale\" content=\"de_DE\" \/>\n<meta property=\"og:type\" content=\"article\" \/>\n<meta property=\"og:title\" content=\"Filistin- Gazze karde\u015flik hay\u0131r kermesi\" \/>\n<meta property=\"og:description\" content=\"Reyhanl\u0131 \u0130l\u00e7esi\u2019nde, \u0130mam Hatip Ortaokulu \u00f6\u011frenci velileri ve \u00f6\u011fretmenlerin katk\u0131s\u0131 ile Filistin-Gazze karde\u015flik hay\u0131r kermesi d\u00fczenlendi, elde edilecek gelir Gazze halk\u0131na g\u00f6nderilecek. Tamam\u0131 \u00f6\u011frenci velileri ile okul \u00f6\u011fretmen ve idarecileri taraf\u0131ndan haz\u0131rlanan y\u00f6resel ve \u00e7e\u015fitli yemekler ile pastalar kurulan stantlara konuldu. Davet edilen protokol \u00fcyeleri ile \u00f6\u011frenci velileri ve di\u011fer davetliler taraf\u0131ndan b\u00fcy\u00fc bir be\u011feni ile sat\u0131n al\u0131nan yiyeceklerden elde edilecek gelirin Gazze halk\u0131n\u0131n ihtiya\u00e7lar\u0131nda kullan\u0131lmak \u00fczere ula\u015ft\u0131r\u0131laca\u011f\u0131 belirtildi. \u200bReyhanl\u0131 \u0130l\u00e7esi\u2019nde, \u0130mam Hatip Ortaokulu \u00f6\u011frenci velileri ve \u00f6\u011fretmenlerin katk\u0131s\u0131 ile Filistin-Gazze karde\u015flik hay\u0131r kermesi d\u00fczenlendi, elde edilecek gelir Gazze halk\u0131na g\u00f6nderilecek. Tamam\u0131 \u00f6\u011frenci velileri ile okul \u00f6\u011fretmen ve idarecileri taraf\u0131ndan haz\u0131rlanan y\u00f6resel ve \u00e7e\u015fitli yemekler ile pastalar kurulan stantlara konuldu. Davet edilen protokol \u00fcyeleri ile \u00f6\u011frenci velileri ve di\u011fer davetliler taraf\u0131ndan b\u00fcy\u00fc bir be\u011feni ile sat\u0131n al\u0131nan yiyeceklerden elde edilecek gelirin Gazze halk\u0131n\u0131n ihtiya\u00e7lar\u0131nda kullan\u0131lmak \u00fczere ula\u015ft\u0131r\u0131laca\u011f\u0131 belirtildi.\u00a0 \u200bHaberin Al\u0131nt\u0131land\u0131\u011f\u0131 Kaynak: www.iskenderun.org\" \/>\n<meta property=\"og:url\" content=\"http:\/\/denizcankizil.tr\/de\/haberler\/gundem\/filistin-gazze-kardeslik-hayir-kermesi\/\" \/>\n<meta property=\"og:site_name\" content=\"Av. Deniz Can K\u0131z\u0131l\" \/>\n<meta property=\"article:published_time\" content=\"2025-05-25T14:42:24+00:00\" \/>\n<meta name=\"author\" content=\"admin\" \/>\n<meta name=\"twitter:card\" content=\"summary_large_image\" \/>\n<meta name=\"twitter:label1\" content=\"Verfasst von\" \/>\n\t<meta name=\"twitter:data1\" content=\"admin\" \/>\n\t<meta name=\"twitter:label2\" content=\"Gesch\u00e4tzte Lesezeit\" \/>\n\t<meta name=\"twitter:data2\" content=\"1\u00a0Minute\" \/>\n<script type=\"application\/ld+json\" class=\"yoast-schema-graph\">{\"@context\":\"https:\/\/schema.org\",\"@graph\":[{\"@type\":\"Article\",\"@id\":\"http:\/\/denizcankizil.tr\/uk\/haberler\/gundem\/filistin-gazze-kardeslik-hayir-kermesi\/#article\",\"isPartOf\":{\"@id\":\"http:\/\/denizcankizil.tr\/uk\/haberler\/gundem\/filistin-gazze-kardeslik-hayir-kermesi\/\"},\"author\":{\"name\":\"admin\",\"@id\":\"https:\/\/denizcankizil.tr\/de\/#\/schema\/person\/be3c05fe6a12686905512445d8185489\"},\"headline\":\"Filistin- Gazze karde\u015flik hay\u0131r kermesi\",\"datePublished\":\"2025-05-25T14:42:24+00:00\",\"mainEntityOfPage\":{\"@id\":\"http:\/\/denizcankizil.tr\/uk\/haberler\/gundem\/filistin-gazze-kardeslik-hayir-kermesi\/\"},\"wordCount\":205,\"publisher\":{\"@id\":\"https:\/\/denizcankizil.tr\/de\/#organization\"},\"articleSection\":[\"G\u00fcndem\"],\"inLanguage\":\"de\"},{\"@type\":\"WebPage\",\"@id\":\"http:\/\/denizcankizil.tr\/uk\/haberler\/gundem\/filistin-gazze-kardeslik-hayir-kermesi\/\",\"url\":\"http:\/\/denizcankizil.tr\/uk\/haberler\/gundem\/filistin-gazze-kardeslik-hayir-kermesi\/\",\"name\":\"Filistin- Gazze karde\u015flik hay\u0131r kermesi - Av. Deniz Can K\u0131z\u0131l\",\"isPartOf\":{\"@id\":\"https:\/\/denizcankizil.tr\/de\/#website\"},\"datePublished\":\"2025-05-25T14:42:24+00:00\",\"breadcrumb\":{\"@id\":\"http:\/\/denizcankizil.tr\/uk\/haberler\/gundem\/filistin-gazze-kardeslik-hayir-kermesi\/#breadcrumb\"},\"inLanguage\":\"de\",\"potentialAction\":[{\"@type\":\"ReadAction\",\"target\":[\"http:\/\/denizcankizil.tr\/uk\/haberler\/gundem\/filistin-gazze-kardeslik-hayir-kermesi\/\"]}]},{\"@type\":\"BreadcrumbList\",\"@id\":\"http:\/\/denizcankizil.tr\/uk\/haberler\/gundem\/filistin-gazze-kardeslik-hayir-kermesi\/#breadcrumb\",\"itemListElement\":[{\"@type\":\"ListItem\",\"position\":1,\"name\":\"Home\",\"item\":\"https:\/\/denizcankizil.tr\/de\/\"},{\"@type\":\"ListItem\",\"position\":2,\"name\":\"Filistin- Gazze karde\u015flik hay\u0131r kermesi\"}]},{\"@type\":\"WebSite\",\"@id\":\"https:\/\/denizcankizil.tr\/de\/#website\",\"url\":\"https:\/\/denizcankizil.tr\/de\/\",\"name\":\"Av. Deniz Can K\u0131z\u0131l\",\"description\":\"Avukat Deniz Can K\u0131z\u0131l Antalya Barosu\",\"publisher\":{\"@id\":\"https:\/\/denizcankizil.tr\/de\/#organization\"},\"potentialAction\":[{\"@type\":\"SearchAction\",\"target\":{\"@type\":\"EntryPoint\",\"urlTemplate\":\"https:\/\/denizcankizil.tr\/de\/?s={search_term_string}\"},\"query-input\":{\"@type\":\"PropertyValueSpecification\",\"valueRequired\":true,\"valueName\":\"search_term_string\"}}],\"inLanguage\":\"de\"},{\"@type\":\"Organization\",\"@id\":\"https:\/\/denizcankizil.tr\/de\/#organization\",\"name\":\"Av. Deniz Can K\u0131z\u0131l\",\"url\":\"https:\/\/denizcankizil.tr\/de\/\",\"logo\":{\"@type\":\"ImageObject\",\"inLanguage\":\"de\",\"@id\":\"https:\/\/denizcankizil.tr\/de\/#\/schema\/logo\/image\/\",\"url\":\"http:\/\/denizcankizil.tr\/wp-content\/uploads\/2024\/10\/siyah-logo-svg.svg\",\"contentUrl\":\"http:\/\/denizcankizil.tr\/wp-content\/uploads\/2024\/10\/siyah-logo-svg.svg\",\"width\":1080,\"height\":1080,\"caption\":\"Av. Deniz Can K\u0131z\u0131l\"},\"image\":{\"@id\":\"https:\/\/denizcankizil.tr\/de\/#\/schema\/logo\/image\/\"}},{\"@type\":\"Person\",\"@id\":\"https:\/\/denizcankizil.tr\/de\/#\/schema\/person\/be3c05fe6a12686905512445d8185489\",\"name\":\"admin\",\"image\":{\"@type\":\"ImageObject\",\"inLanguage\":\"de\",\"@id\":\"https:\/\/denizcankizil.tr\/de\/#\/schema\/person\/image\/\",\"url\":\"https:\/\/secure.gravatar.com\/avatar\/c1fce94c830dc79107e174f890d7210541c4a63e8e5d816341794a2151c9d58c?s=96&d=mm&r=g\",\"contentUrl\":\"https:\/\/secure.gravatar.com\/avatar\/c1fce94c830dc79107e174f890d7210541c4a63e8e5d816341794a2151c9d58c?s=96&d=mm&r=g\",\"caption\":\"admin\"},\"sameAs\":[\"http:\/\/denizcankizil.tr\"],\"url\":\"https:\/\/www.iskenderun.org\/filistin-gazze-kardeslik-hayir-kermesi\"}]}<\/script>\n<!-- \/ Yoast SEO Premium plugin. -->","yoast_head_json":{"title":"Filistin- Gazze karde\u015flik hay\u0131r kermesi - Av. Deniz Can K\u0131z\u0131l","robots":{"index":"index","follow":"follow","max-snippet":"max-snippet:-1","max-image-preview":"max-image-preview:large","max-video-preview":"max-video-preview:-1"},"canonical":"http:\/\/denizcankizil.tr\/de\/haberler\/gundem\/filistin-gazze-kardeslik-hayir-kermesi\/","og_locale":"de_DE","og_type":"article","og_title":"Filistin- Gazze karde\u015flik hay\u0131r kermesi","og_description":"Reyhanl\u0131 \u0130l\u00e7esi\u2019nde, \u0130mam Hatip Ortaokulu \u00f6\u011frenci velileri ve \u00f6\u011fretmenlerin katk\u0131s\u0131 ile Filistin-Gazze karde\u015flik hay\u0131r kermesi d\u00fczenlendi, elde edilecek gelir Gazze halk\u0131na g\u00f6nderilecek. Tamam\u0131 \u00f6\u011frenci velileri ile okul \u00f6\u011fretmen ve idarecileri taraf\u0131ndan haz\u0131rlanan y\u00f6resel ve \u00e7e\u015fitli yemekler ile pastalar kurulan stantlara konuldu. Davet edilen protokol \u00fcyeleri ile \u00f6\u011frenci velileri ve di\u011fer davetliler taraf\u0131ndan b\u00fcy\u00fc bir be\u011feni ile sat\u0131n al\u0131nan yiyeceklerden elde edilecek gelirin Gazze halk\u0131n\u0131n ihtiya\u00e7lar\u0131nda kullan\u0131lmak \u00fczere ula\u015ft\u0131r\u0131laca\u011f\u0131 belirtildi. \u200bReyhanl\u0131 \u0130l\u00e7esi\u2019nde, \u0130mam Hatip Ortaokulu \u00f6\u011frenci velileri ve \u00f6\u011fretmenlerin katk\u0131s\u0131 ile Filistin-Gazze karde\u015flik hay\u0131r kermesi d\u00fczenlendi, elde edilecek gelir Gazze halk\u0131na g\u00f6nderilecek. Tamam\u0131 \u00f6\u011frenci velileri ile okul \u00f6\u011fretmen ve idarecileri taraf\u0131ndan haz\u0131rlanan y\u00f6resel ve \u00e7e\u015fitli yemekler ile pastalar kurulan stantlara konuldu. Davet edilen protokol \u00fcyeleri ile \u00f6\u011frenci velileri ve di\u011fer davetliler taraf\u0131ndan b\u00fcy\u00fc bir be\u011feni ile sat\u0131n al\u0131nan yiyeceklerden elde edilecek gelirin Gazze halk\u0131n\u0131n ihtiya\u00e7lar\u0131nda kullan\u0131lmak \u00fczere ula\u015ft\u0131r\u0131laca\u011f\u0131 belirtildi.\u00a0 \u200bHaberin Al\u0131nt\u0131land\u0131\u011f\u0131 Kaynak: www.iskenderun.org","og_url":"http:\/\/denizcankizil.tr\/de\/haberler\/gundem\/filistin-gazze-kardeslik-hayir-kermesi\/","og_site_name":"Av. Deniz Can K\u0131z\u0131l","article_published_time":"2025-05-25T14:42:24+00:00","author":"admin","twitter_card":"summary_large_image","twitter_misc":{"Verfasst von":"admin","Gesch\u00e4tzte Lesezeit":"1\u00a0Minute"},"schema":{"@context":"https:\/\/schema.org","@graph":[{"@type":"Article","@id":"http:\/\/denizcankizil.tr\/uk\/haberler\/gundem\/filistin-gazze-kardeslik-hayir-kermesi\/#article","isPartOf":{"@id":"http:\/\/denizcankizil.tr\/uk\/haberler\/gundem\/filistin-gazze-kardeslik-hayir-kermesi\/"},"author":{"name":"admin","@id":"https:\/\/denizcankizil.tr\/de\/#\/schema\/person\/be3c05fe6a12686905512445d8185489"},"headline":"Filistin- Gazze karde\u015flik hay\u0131r kermesi","datePublished":"2025-05-25T14:42:24+00:00","mainEntityOfPage":{"@id":"http:\/\/denizcankizil.tr\/uk\/haberler\/gundem\/filistin-gazze-kardeslik-hayir-kermesi\/"},"wordCount":205,"publisher":{"@id":"https:\/\/denizcankizil.tr\/de\/#organization"},"articleSection":["G\u00fcndem"],"inLanguage":"de"},{"@type":"WebPage","@id":"http:\/\/denizcankizil.tr\/uk\/haberler\/gundem\/filistin-gazze-kardeslik-hayir-kermesi\/","url":"http:\/\/denizcankizil.tr\/uk\/haberler\/gundem\/filistin-gazze-kardeslik-hayir-kermesi\/","name":"Filistin- Gazze karde\u015flik hay\u0131r kermesi - Av. Deniz Can K\u0131z\u0131l","isPartOf":{"@id":"https:\/\/denizcankizil.tr\/de\/#website"},"datePublished":"2025-05-25T14:42:24+00:00","breadcrumb":{"@id":"http:\/\/denizcankizil.tr\/uk\/haberler\/gundem\/filistin-gazze-kardeslik-hayir-kermesi\/#breadcrumb"},"inLanguage":"de","potentialAction":[{"@type":"ReadAction","target":["http:\/\/denizcankizil.tr\/uk\/haberler\/gundem\/filistin-gazze-kardeslik-hayir-kermesi\/"]}]},{"@type":"BreadcrumbList","@id":"http:\/\/denizcankizil.tr\/uk\/haberler\/gundem\/filistin-gazze-kardeslik-hayir-kermesi\/#breadcrumb","itemListElement":[{"@type":"ListItem","position":1,"name":"Home","item":"https:\/\/denizcankizil.tr\/de\/"},{"@type":"ListItem","position":2,"name":"Filistin- Gazze karde\u015flik hay\u0131r kermesi"}]},{"@type":"WebSite","@id":"https:\/\/denizcankizil.tr\/de\/#website","url":"https:\/\/denizcankizil.tr\/de\/","name":"Av. Deniz Can K\u0131z\u0131l","description":"Avukat Deniz Can K\u0131z\u0131l Antalya Barosu","publisher":{"@id":"https:\/\/denizcankizil.tr\/de\/#organization"},"potentialAction":[{"@type":"SearchAction","target":{"@type":"EntryPoint","urlTemplate":"https:\/\/denizcankizil.tr\/de\/?s={search_term_string}"},"query-input":{"@type":"PropertyValueSpecification","valueRequired":true,"valueName":"search_term_string"}}],"inLanguage":"de"},{"@type":"Organization","@id":"https:\/\/denizcankizil.tr\/de\/#organization","name":"Av. Deniz Can K\u0131z\u0131l","url":"https:\/\/denizcankizil.tr\/de\/","logo":{"@type":"ImageObject","inLanguage":"de","@id":"https:\/\/denizcankizil.tr\/de\/#\/schema\/logo\/image\/","url":"http:\/\/denizcankizil.tr\/wp-content\/uploads\/2024\/10\/siyah-logo-svg.svg","contentUrl":"http:\/\/denizcankizil.tr\/wp-content\/uploads\/2024\/10\/siyah-logo-svg.svg","width":1080,"height":1080,"caption":"Av. Deniz Can K\u0131z\u0131l"},"image":{"@id":"https:\/\/denizcankizil.tr\/de\/#\/schema\/logo\/image\/"}},{"@type":"Person","@id":"https:\/\/denizcankizil.tr\/de\/#\/schema\/person\/be3c05fe6a12686905512445d8185489","name":"Administrator","image":{"@type":"ImageObject","inLanguage":"de","@id":"https:\/\/denizcankizil.tr\/de\/#\/schema\/person\/image\/","url":"https:\/\/secure.gravatar.com\/avatar\/c1fce94c830dc79107e174f890d7210541c4a63e8e5d816341794a2151c9d58c?s=96&d=mm&r=g","contentUrl":"https:\/\/secure.gravatar.com\/avatar\/c1fce94c830dc79107e174f890d7210541c4a63e8e5d816341794a2151c9d58c?s=96&d=mm&r=g","caption":"admin"},"sameAs":["http:\/\/denizcankizil.tr"],"url":"https:\/\/www.iskenderun.org\/filistin-gazze-kardeslik-hayir-kermesi"}]}},"_links":{"self":[{"href":"http:\/\/denizcankizil.tr\/de\/wp-json\/wp\/v2\/posts\/96472","targetHints":{"allow":["GET"]}}],"collection":[{"href":"http:\/\/denizcankizil.tr\/de\/wp-json\/wp\/v2\/posts"}],"about":[{"href":"http:\/\/denizcankizil.tr\/de\/wp-json\/wp\/v2\/types\/post"}],"author":[{"embeddable":true,"href":"http:\/\/denizcankizil.tr\/de\/wp-json\/wp\/v2\/users\/1"}],"replies":[{"embeddable":true,"href":"http:\/\/denizcankizil.tr\/de\/wp-json\/wp\/v2\/comments?post=96472"}],"version-history":[{"count":0,"href":"http:\/\/denizcankizil.tr\/de\/wp-json\/wp\/v2\/posts\/96472\/revisions"}],"wp:attachment":[{"href":"http:\/\/denizcankizil.tr\/de\/wp-json\/wp\/v2\/media?parent=96472"}],"wp:term":[{"taxonomy":"category","embeddable":true,"href":"http:\/\/denizcankizil.tr\/de\/wp-json\/wp\/v2\/categories?post=96472"},{"taxonomy":"post_tag","embeddable":true,"href":"http:\/\/denizcankizil.tr\/de\/wp-json\/wp\/v2\/tags?post=96472"}],"curies":[{"name":"wp","href":"https:\/\/api.w.org\/{rel}","templated":true}]}}