{"id":96249,"date":"2025-05-25T12:41:18","date_gmt":"2025-05-25T09:41:18","guid":{"rendered":"https:\/\/denizcankizil.tr\/uncategorized-tr\/kepezde-kurban-pazari-ve-kesim-yerleri\/"},"modified":"2025-05-25T12:41:18","modified_gmt":"2025-05-25T09:41:18","slug":"kepezde-kurban-pazari-ve-kesim-yerleri","status":"publish","type":"post","link":"http:\/\/denizcankizil.tr\/de\/haberler\/gundem\/kepezde-kurban-pazari-ve-kesim-yerleri\/","title":{"rendered":"Kepez&#8217;de kurban pazar\u0131 ve kesim yerleri"},"content":{"rendered":"<p>Kurban Bayram\u0131\u2019na say\u0131l\u0131 g\u00fcnler kala Kepez Belediyesi\u2019nin il\u00e7ede iki noktada kurdu\u011fu canl\u0131 hayvan pazar\u0131 Antalyal\u0131lara hizmet veriyor. Kepez Belediyesi, kurbanl\u0131k al\u0131\u015fveri\u015flerinin d\u00fczenli ve kontroll\u00fc \u015fekilde yap\u0131labilmesi amac\u0131yla \u00c7aml\u0131ca Mahallesi K\u00f6seler Caddesi\u2019nde b\u00fcy\u00fckba\u015f, Fevzi \u00c7akmak Mahallesi\u2019nde ise k\u00fc\u00e7\u00fckba\u015f hayvanlar i\u00e7in sat\u0131\u015f alanlar\u0131 olu\u015fturdu. Her iki pazar, hem al\u0131c\u0131lar\u0131n hem de besicilerin ihtiya\u00e7lar\u0131n\u0131 kar\u015f\u0131layacak \u015fekilde modern donan\u0131mlarla desteklendi. Vatanda\u015flar\u0131n bayram \u00f6ncesinde sa\u011fl\u0131kl\u0131 ve g\u00fcvenli bir ortamda kurbanl\u0131k al\u0131\u015fveri\u015fi yapabilmesi i\u00e7in t\u00fcm detaylar\u0131 g\u00f6z \u00f6n\u00fcnde bulundurarak haz\u0131rl\u0131k yapan Kepez Belediyesi, pazar alanlar\u0131nda besiciler i\u00e7in de her t\u00fcrl\u00fc altyap\u0131y\u0131 sa\u011flad\u0131.<\/p>\n<p>H\u0130JYEN \u00d6N PLANDA TUTULDU <\/p>\n<p>Kurban sat\u0131\u015f alanlar\u0131nda zab\u0131ta noktalar\u0131, mescit, market, lokanta, banyo ve dinlenme alanlar\u0131 gibi temel ihtiya\u00e7lara y\u00f6nelik yap\u0131lar kuruldu. Ayr\u0131ca, her iki pazarda da geni\u015f otoparklar ve \u00e7e\u015fitli noktalara yerle\u015ftirilmi\u015f tuvaletlerle vatanda\u015flar\u0131n konforu \u00f6n planda tutuldu. Hijyen ve g\u00fcvenli\u011fe \u00f6zel \u00f6nem veren belediye ekipleri, pazar alanlar\u0131nda d\u00fczenli temizlik ve dezenfeksiyon \u00e7al\u0131\u015fmalar\u0131 y\u00fcr\u00fct\u00fcyor. Zab\u0131ta ekipleri ise g\u00fcn boyu denetim yaparak olas\u0131 sorunlara an\u0131nda m\u00fcdahale ediyor.<\/p>\n<p>KES\u0130M ALANLARI <\/p>\n<p>Bayram\u0131n ilk g\u00fcn\u00fcnden itibaren hizmete girecek 9 kesim noktas\u0131, Kepez\u2019in farkl\u0131 mahallelerinde konumland\u0131r\u0131larak vatanda\u015flar\u0131n ula\u015f\u0131m\u0131n\u0131 kolayla\u015ft\u0131racak \u015fekilde planland\u0131. Belediye ekipleri kesim i\u015flemlerinin d\u00fczenli bir \u015fekilde ger\u00e7ekle\u015fmesi i\u00e7in sahada olacak.<\/p>\n<p>KEPEZ KURBAN KES\u0130M YERLER\u0130 <\/p>\n<p> Zafer Mahallesi Cumartesi Pazar\u0131<\/p>\n<p> Yenido\u011fan Mahallesi Kapal\u0131 Pazartesi Pazar\u0131<\/p>\n<p> Varsak Kar\u015f\u0131yaka Mahallesi Kapal\u0131 Sal\u0131 Pazar\u0131<\/p>\n<p> Teomanpa\u015fa Mahallesi Kapal\u0131 Cuma Pazar\u0131<\/p>\n<p> Varsak Ayano\u011flu Kapal\u0131 Per\u015fembe Pazar\u0131<\/p>\n<p> Yeni Mahalle kapal\u0131 Pazar Pazar\u0131<\/p>\n<p> \u015eafak Mahallesi Kapal\u0131 Sal\u0131 Pazar\u0131<\/p>\n<p> \u00c7aml\u0131bel Kapal\u0131 Pazar Pazar\u0131<\/p>\n<p> Gazi Mahallesi Toki \u00c7ar\u015famba Pazar\u0131 yan\u0131<\/p>\n<p>\u200bKepez Belediyesi, Kurban Bayram\u0131 \u00f6ncesinde \u00c7aml\u0131ca ve Fevzi \u00c7akmak mahallelerinde kurban pazar\u0131 kuruldu; 9 ayr\u0131 mahallede kesim alan\u0131 olu\u015fturuldu. \u0130\u015fte pazar ve kesim yeri bilgileri&#8230;\u00a0<\/p>\n<p>\u200bHaberin Al\u0131nt\u0131land\u0131\u011f\u0131 Kaynak: www.antalyakorfez.com<\/p>","protected":false},"excerpt":{"rendered":"<p>Kurban Bayram\u0131\u2019na say\u0131l\u0131 g\u00fcnler kala Kepez Belediyesi\u2019nin il\u00e7ede iki noktada kurdu\u011fu canl\u0131 hayvan pazar\u0131 Antalyal\u0131lara hizmet veriyor. Kepez Belediyesi, kurbanl\u0131k al\u0131\u015fveri\u015flerinin d\u00fczenli ve kontroll\u00fc \u015fekilde yap\u0131labilmesi amac\u0131yla \u00c7aml\u0131ca Mahallesi K\u00f6seler Caddesi\u2019nde b\u00fcy\u00fckba\u015f, Fevzi \u00c7akmak Mahallesi\u2019nde ise k\u00fc\u00e7\u00fckba\u015f hayvanlar i\u00e7in sat\u0131\u015f alanlar\u0131 olu\u015fturdu. Her iki pazar, hem al\u0131c\u0131lar\u0131n hem de besicilerin ihtiya\u00e7lar\u0131n\u0131 kar\u015f\u0131layacak \u015fekilde modern donan\u0131mlarla desteklendi. Vatanda\u015flar\u0131n bayram \u00f6ncesinde sa\u011fl\u0131kl\u0131 ve g\u00fcvenli bir ortamda kurbanl\u0131k al\u0131\u015fveri\u015fi yapabilmesi i\u00e7in t\u00fcm detaylar\u0131 g\u00f6z \u00f6n\u00fcnde bulundurarak haz\u0131rl\u0131k yapan Kepez Belediyesi, pazar alanlar\u0131nda besiciler i\u00e7in de her t\u00fcrl\u00fc altyap\u0131y\u0131 sa\u011flad\u0131. H\u0130JYEN \u00d6N PLANDA TUTULDU Kurban sat\u0131\u015f alanlar\u0131nda zab\u0131ta noktalar\u0131, mescit, market, lokanta, banyo ve dinlenme alanlar\u0131 gibi temel ihtiya\u00e7lara y\u00f6nelik yap\u0131lar kuruldu. Ayr\u0131ca, her iki pazarda da geni\u015f otoparklar ve \u00e7e\u015fitli noktalara yerle\u015ftirilmi\u015f tuvaletlerle vatanda\u015flar\u0131n konforu \u00f6n planda tutuldu. Hijyen ve g\u00fcvenli\u011fe \u00f6zel \u00f6nem veren belediye ekipleri, pazar alanlar\u0131nda d\u00fczenli temizlik ve dezenfeksiyon \u00e7al\u0131\u015fmalar\u0131 y\u00fcr\u00fct\u00fcyor. Zab\u0131ta ekipleri ise g\u00fcn boyu denetim yaparak olas\u0131 sorunlara an\u0131nda m\u00fcdahale ediyor. KES\u0130M ALANLARI Bayram\u0131n ilk g\u00fcn\u00fcnden itibaren hizmete girecek 9 kesim noktas\u0131, Kepez\u2019in farkl\u0131 mahallelerinde konumland\u0131r\u0131larak vatanda\u015flar\u0131n ula\u015f\u0131m\u0131n\u0131 kolayla\u015ft\u0131racak \u015fekilde planland\u0131. Belediye ekipleri kesim i\u015flemlerinin d\u00fczenli bir \u015fekilde ger\u00e7ekle\u015fmesi i\u00e7in sahada olacak. KEPEZ KURBAN KES\u0130M YERLER\u0130 Zafer Mahallesi Cumartesi Pazar\u0131 Yenido\u011fan Mahallesi Kapal\u0131 Pazartesi Pazar\u0131 Varsak Kar\u015f\u0131yaka Mahallesi &hellip;<\/p>","protected":false},"author":5,"featured_media":0,"comment_status":"","ping_status":"open","sticky":false,"template":"","format":"standard","meta":{"_acf_changed":false,"footnotes":""},"categories":[24],"tags":[],"class_list":["post-96249","post","type-post","status-publish","format-standard","has-post-thumbnail","hentry","category-gundem"],"acf":[],"yoast_head":"<!-- This site is optimized with the Yoast SEO Premium plugin v26.6 (Yoast SEO v27.1.1) - https:\/\/yoast.com\/product\/yoast-seo-premium-wordpress\/ -->\n<title>Kepez&#039;de kurban pazar\u0131 ve kesim yerleri - Av. Deniz Can K\u0131z\u0131l<\/title>\n<meta name=\"robots\" content=\"index, follow, max-snippet:-1, max-image-preview:large, max-video-preview:-1\" \/>\n<link rel=\"canonical\" href=\"http:\/\/denizcankizil.tr\/de\/haberler\/gundem\/kepezde-kurban-pazari-ve-kesim-yerleri\/\" \/>\n<meta property=\"og:locale\" content=\"de_DE\" \/>\n<meta property=\"og:type\" content=\"article\" \/>\n<meta property=\"og:title\" content=\"Kepez&#039;de kurban pazar\u0131 ve kesim yerleri\" \/>\n<meta property=\"og:description\" content=\"Kurban Bayram\u0131\u2019na say\u0131l\u0131 g\u00fcnler kala Kepez Belediyesi\u2019nin il\u00e7ede iki noktada kurdu\u011fu canl\u0131 hayvan pazar\u0131 Antalyal\u0131lara hizmet veriyor. Kepez Belediyesi, kurbanl\u0131k al\u0131\u015fveri\u015flerinin d\u00fczenli ve kontroll\u00fc \u015fekilde yap\u0131labilmesi amac\u0131yla \u00c7aml\u0131ca Mahallesi K\u00f6seler Caddesi\u2019nde b\u00fcy\u00fckba\u015f, Fevzi \u00c7akmak Mahallesi\u2019nde ise k\u00fc\u00e7\u00fckba\u015f hayvanlar i\u00e7in sat\u0131\u015f alanlar\u0131 olu\u015fturdu. Her iki pazar, hem al\u0131c\u0131lar\u0131n hem de besicilerin ihtiya\u00e7lar\u0131n\u0131 kar\u015f\u0131layacak \u015fekilde modern donan\u0131mlarla desteklendi. Vatanda\u015flar\u0131n bayram \u00f6ncesinde sa\u011fl\u0131kl\u0131 ve g\u00fcvenli bir ortamda kurbanl\u0131k al\u0131\u015fveri\u015fi yapabilmesi i\u00e7in t\u00fcm detaylar\u0131 g\u00f6z \u00f6n\u00fcnde bulundurarak haz\u0131rl\u0131k yapan Kepez Belediyesi, pazar alanlar\u0131nda besiciler i\u00e7in de her t\u00fcrl\u00fc altyap\u0131y\u0131 sa\u011flad\u0131. H\u0130JYEN \u00d6N PLANDA TUTULDU Kurban sat\u0131\u015f alanlar\u0131nda zab\u0131ta noktalar\u0131, mescit, market, lokanta, banyo ve dinlenme alanlar\u0131 gibi temel ihtiya\u00e7lara y\u00f6nelik yap\u0131lar kuruldu. Ayr\u0131ca, her iki pazarda da geni\u015f otoparklar ve \u00e7e\u015fitli noktalara yerle\u015ftirilmi\u015f tuvaletlerle vatanda\u015flar\u0131n konforu \u00f6n planda tutuldu. Hijyen ve g\u00fcvenli\u011fe \u00f6zel \u00f6nem veren belediye ekipleri, pazar alanlar\u0131nda d\u00fczenli temizlik ve dezenfeksiyon \u00e7al\u0131\u015fmalar\u0131 y\u00fcr\u00fct\u00fcyor. Zab\u0131ta ekipleri ise g\u00fcn boyu denetim yaparak olas\u0131 sorunlara an\u0131nda m\u00fcdahale ediyor. KES\u0130M ALANLARI Bayram\u0131n ilk g\u00fcn\u00fcnden itibaren hizmete girecek 9 kesim noktas\u0131, Kepez\u2019in farkl\u0131 mahallelerinde konumland\u0131r\u0131larak vatanda\u015flar\u0131n ula\u015f\u0131m\u0131n\u0131 kolayla\u015ft\u0131racak \u015fekilde planland\u0131. Belediye ekipleri kesim i\u015flemlerinin d\u00fczenli bir \u015fekilde ger\u00e7ekle\u015fmesi i\u00e7in sahada olacak. KEPEZ KURBAN KES\u0130M YERLER\u0130 Zafer Mahallesi Cumartesi Pazar\u0131 Yenido\u011fan Mahallesi Kapal\u0131 Pazartesi Pazar\u0131 Varsak Kar\u015f\u0131yaka Mahallesi &hellip;\" \/>\n<meta property=\"og:url\" content=\"http:\/\/denizcankizil.tr\/de\/haberler\/gundem\/kepezde-kurban-pazari-ve-kesim-yerleri\/\" \/>\n<meta property=\"og:site_name\" content=\"Av. Deniz Can K\u0131z\u0131l\" \/>\n<meta property=\"article:published_time\" content=\"2025-05-25T09:41:18+00:00\" \/>\n<meta name=\"author\" content=\"Antalya K\u00f6rfez\" \/>\n<meta name=\"twitter:card\" content=\"summary_large_image\" \/>\n<meta name=\"twitter:label1\" content=\"Verfasst von\" \/>\n\t<meta name=\"twitter:data1\" content=\"Antalya K\u00f6rfez\" \/>\n\t<meta name=\"twitter:label2\" content=\"Gesch\u00e4tzte Lesezeit\" \/>\n\t<meta name=\"twitter:data2\" content=\"2\u00a0Minuten\" \/>\n<script type=\"application\/ld+json\" class=\"yoast-schema-graph\">{\"@context\":\"https:\/\/schema.org\",\"@graph\":[{\"@type\":\"Article\",\"@id\":\"http:\/\/denizcankizil.tr\/de\/haberler\/gundem\/kepezde-kurban-pazari-ve-kesim-yerleri\/#article\",\"isPartOf\":{\"@id\":\"http:\/\/denizcankizil.tr\/de\/haberler\/gundem\/kepezde-kurban-pazari-ve-kesim-yerleri\/\"},\"author\":{\"name\":\"Antalya K\u00f6rfez\",\"@id\":\"https:\/\/denizcankizil.tr\/de\/#\/schema\/person\/e1eb71bb4dd684d46563f0af307e1234\"},\"headline\":\"Kepez&#8217;de kurban pazar\u0131 ve kesim yerleri\",\"datePublished\":\"2025-05-25T09:41:18+00:00\",\"mainEntityOfPage\":{\"@id\":\"http:\/\/denizcankizil.tr\/de\/haberler\/gundem\/kepezde-kurban-pazari-ve-kesim-yerleri\/\"},\"wordCount\":370,\"publisher\":{\"@id\":\"https:\/\/denizcankizil.tr\/de\/#organization\"},\"articleSection\":[\"G\u00fcndem\"],\"inLanguage\":\"de\"},{\"@type\":\"WebPage\",\"@id\":\"http:\/\/denizcankizil.tr\/de\/haberler\/gundem\/kepezde-kurban-pazari-ve-kesim-yerleri\/\",\"url\":\"http:\/\/denizcankizil.tr\/de\/haberler\/gundem\/kepezde-kurban-pazari-ve-kesim-yerleri\/\",\"name\":\"Kepez'de kurban pazar\u0131 ve kesim yerleri - Av. Deniz Can K\u0131z\u0131l\",\"isPartOf\":{\"@id\":\"https:\/\/denizcankizil.tr\/de\/#website\"},\"datePublished\":\"2025-05-25T09:41:18+00:00\",\"breadcrumb\":{\"@id\":\"http:\/\/denizcankizil.tr\/de\/haberler\/gundem\/kepezde-kurban-pazari-ve-kesim-yerleri\/#breadcrumb\"},\"inLanguage\":\"de\",\"potentialAction\":[{\"@type\":\"ReadAction\",\"target\":[\"http:\/\/denizcankizil.tr\/de\/haberler\/gundem\/kepezde-kurban-pazari-ve-kesim-yerleri\/\"]}]},{\"@type\":\"BreadcrumbList\",\"@id\":\"http:\/\/denizcankizil.tr\/de\/haberler\/gundem\/kepezde-kurban-pazari-ve-kesim-yerleri\/#breadcrumb\",\"itemListElement\":[{\"@type\":\"ListItem\",\"position\":1,\"name\":\"Home\",\"item\":\"https:\/\/denizcankizil.tr\/de\/\"},{\"@type\":\"ListItem\",\"position\":2,\"name\":\"Kepez&#8217;de kurban pazar\u0131 ve kesim yerleri\"}]},{\"@type\":\"WebSite\",\"@id\":\"https:\/\/denizcankizil.tr\/de\/#website\",\"url\":\"https:\/\/denizcankizil.tr\/de\/\",\"name\":\"Av. Deniz Can K\u0131z\u0131l\",\"description\":\"Avukat Deniz Can K\u0131z\u0131l Antalya Barosu\",\"publisher\":{\"@id\":\"https:\/\/denizcankizil.tr\/de\/#organization\"},\"potentialAction\":[{\"@type\":\"SearchAction\",\"target\":{\"@type\":\"EntryPoint\",\"urlTemplate\":\"https:\/\/denizcankizil.tr\/de\/?s={search_term_string}\"},\"query-input\":{\"@type\":\"PropertyValueSpecification\",\"valueRequired\":true,\"valueName\":\"search_term_string\"}}],\"inLanguage\":\"de\"},{\"@type\":\"Organization\",\"@id\":\"https:\/\/denizcankizil.tr\/de\/#organization\",\"name\":\"Av. Deniz Can K\u0131z\u0131l\",\"url\":\"https:\/\/denizcankizil.tr\/de\/\",\"logo\":{\"@type\":\"ImageObject\",\"inLanguage\":\"de\",\"@id\":\"https:\/\/denizcankizil.tr\/de\/#\/schema\/logo\/image\/\",\"url\":\"http:\/\/denizcankizil.tr\/wp-content\/uploads\/2024\/10\/siyah-logo-svg.svg\",\"contentUrl\":\"http:\/\/denizcankizil.tr\/wp-content\/uploads\/2024\/10\/siyah-logo-svg.svg\",\"width\":1080,\"height\":1080,\"caption\":\"Av. Deniz Can K\u0131z\u0131l\"},\"image\":{\"@id\":\"https:\/\/denizcankizil.tr\/de\/#\/schema\/logo\/image\/\"}},{\"@type\":\"Person\",\"@id\":\"https:\/\/denizcankizil.tr\/de\/#\/schema\/person\/e1eb71bb4dd684d46563f0af307e1234\",\"name\":\"Antalya K\u00f6rfez\",\"image\":{\"@type\":\"ImageObject\",\"inLanguage\":\"de\",\"@id\":\"https:\/\/denizcankizil.tr\/de\/#\/schema\/person\/image\/\",\"url\":\"https:\/\/secure.gravatar.com\/avatar\/42b01982558a48a0b501fdcab6a408d3717ea5919095ee2e67b0e521799c5905?s=96&d=mm&r=g\",\"contentUrl\":\"https:\/\/secure.gravatar.com\/avatar\/42b01982558a48a0b501fdcab6a408d3717ea5919095ee2e67b0e521799c5905?s=96&d=mm&r=g\",\"caption\":\"Antalya K\u00f6rfez\"},\"sameAs\":[\"http:\/\/www.antalyakorfez.com\"],\"url\":\"https:\/\/www.antalyakorfez.com\/kepezde-kurban-pazari-ve-kesim-yerleri\"}]}<\/script>\n<!-- \/ Yoast SEO Premium plugin. -->","yoast_head_json":{"title":"Kepez'de kurban pazar\u0131 ve kesim yerleri - Av. Deniz Can K\u0131z\u0131l","robots":{"index":"index","follow":"follow","max-snippet":"max-snippet:-1","max-image-preview":"max-image-preview:large","max-video-preview":"max-video-preview:-1"},"canonical":"http:\/\/denizcankizil.tr\/de\/haberler\/gundem\/kepezde-kurban-pazari-ve-kesim-yerleri\/","og_locale":"de_DE","og_type":"article","og_title":"Kepez'de kurban pazar\u0131 ve kesim yerleri","og_description":"Kurban Bayram\u0131\u2019na say\u0131l\u0131 g\u00fcnler kala Kepez Belediyesi\u2019nin il\u00e7ede iki noktada kurdu\u011fu canl\u0131 hayvan pazar\u0131 Antalyal\u0131lara hizmet veriyor. Kepez Belediyesi, kurbanl\u0131k al\u0131\u015fveri\u015flerinin d\u00fczenli ve kontroll\u00fc \u015fekilde yap\u0131labilmesi amac\u0131yla \u00c7aml\u0131ca Mahallesi K\u00f6seler Caddesi\u2019nde b\u00fcy\u00fckba\u015f, Fevzi \u00c7akmak Mahallesi\u2019nde ise k\u00fc\u00e7\u00fckba\u015f hayvanlar i\u00e7in sat\u0131\u015f alanlar\u0131 olu\u015fturdu. Her iki pazar, hem al\u0131c\u0131lar\u0131n hem de besicilerin ihtiya\u00e7lar\u0131n\u0131 kar\u015f\u0131layacak \u015fekilde modern donan\u0131mlarla desteklendi. Vatanda\u015flar\u0131n bayram \u00f6ncesinde sa\u011fl\u0131kl\u0131 ve g\u00fcvenli bir ortamda kurbanl\u0131k al\u0131\u015fveri\u015fi yapabilmesi i\u00e7in t\u00fcm detaylar\u0131 g\u00f6z \u00f6n\u00fcnde bulundurarak haz\u0131rl\u0131k yapan Kepez Belediyesi, pazar alanlar\u0131nda besiciler i\u00e7in de her t\u00fcrl\u00fc altyap\u0131y\u0131 sa\u011flad\u0131. H\u0130JYEN \u00d6N PLANDA TUTULDU Kurban sat\u0131\u015f alanlar\u0131nda zab\u0131ta noktalar\u0131, mescit, market, lokanta, banyo ve dinlenme alanlar\u0131 gibi temel ihtiya\u00e7lara y\u00f6nelik yap\u0131lar kuruldu. Ayr\u0131ca, her iki pazarda da geni\u015f otoparklar ve \u00e7e\u015fitli noktalara yerle\u015ftirilmi\u015f tuvaletlerle vatanda\u015flar\u0131n konforu \u00f6n planda tutuldu. Hijyen ve g\u00fcvenli\u011fe \u00f6zel \u00f6nem veren belediye ekipleri, pazar alanlar\u0131nda d\u00fczenli temizlik ve dezenfeksiyon \u00e7al\u0131\u015fmalar\u0131 y\u00fcr\u00fct\u00fcyor. Zab\u0131ta ekipleri ise g\u00fcn boyu denetim yaparak olas\u0131 sorunlara an\u0131nda m\u00fcdahale ediyor. KES\u0130M ALANLARI Bayram\u0131n ilk g\u00fcn\u00fcnden itibaren hizmete girecek 9 kesim noktas\u0131, Kepez\u2019in farkl\u0131 mahallelerinde konumland\u0131r\u0131larak vatanda\u015flar\u0131n ula\u015f\u0131m\u0131n\u0131 kolayla\u015ft\u0131racak \u015fekilde planland\u0131. Belediye ekipleri kesim i\u015flemlerinin d\u00fczenli bir \u015fekilde ger\u00e7ekle\u015fmesi i\u00e7in sahada olacak. KEPEZ KURBAN KES\u0130M YERLER\u0130 Zafer Mahallesi Cumartesi Pazar\u0131 Yenido\u011fan Mahallesi Kapal\u0131 Pazartesi Pazar\u0131 Varsak Kar\u015f\u0131yaka Mahallesi &hellip;","og_url":"http:\/\/denizcankizil.tr\/de\/haberler\/gundem\/kepezde-kurban-pazari-ve-kesim-yerleri\/","og_site_name":"Av. Deniz Can K\u0131z\u0131l","article_published_time":"2025-05-25T09:41:18+00:00","author":"Antalya K\u00f6rfez","twitter_card":"summary_large_image","twitter_misc":{"Verfasst von":"Antalya K\u00f6rfez","Gesch\u00e4tzte Lesezeit":"2\u00a0Minuten"},"schema":{"@context":"https:\/\/schema.org","@graph":[{"@type":"Article","@id":"http:\/\/denizcankizil.tr\/de\/haberler\/gundem\/kepezde-kurban-pazari-ve-kesim-yerleri\/#article","isPartOf":{"@id":"http:\/\/denizcankizil.tr\/de\/haberler\/gundem\/kepezde-kurban-pazari-ve-kesim-yerleri\/"},"author":{"name":"Antalya K\u00f6rfez","@id":"https:\/\/denizcankizil.tr\/de\/#\/schema\/person\/e1eb71bb4dd684d46563f0af307e1234"},"headline":"Kepez&#8217;de kurban pazar\u0131 ve kesim yerleri","datePublished":"2025-05-25T09:41:18+00:00","mainEntityOfPage":{"@id":"http:\/\/denizcankizil.tr\/de\/haberler\/gundem\/kepezde-kurban-pazari-ve-kesim-yerleri\/"},"wordCount":370,"publisher":{"@id":"https:\/\/denizcankizil.tr\/de\/#organization"},"articleSection":["G\u00fcndem"],"inLanguage":"de"},{"@type":"WebPage","@id":"http:\/\/denizcankizil.tr\/de\/haberler\/gundem\/kepezde-kurban-pazari-ve-kesim-yerleri\/","url":"http:\/\/denizcankizil.tr\/de\/haberler\/gundem\/kepezde-kurban-pazari-ve-kesim-yerleri\/","name":"Kepez'de kurban pazar\u0131 ve kesim yerleri - Av. Deniz Can K\u0131z\u0131l","isPartOf":{"@id":"https:\/\/denizcankizil.tr\/de\/#website"},"datePublished":"2025-05-25T09:41:18+00:00","breadcrumb":{"@id":"http:\/\/denizcankizil.tr\/de\/haberler\/gundem\/kepezde-kurban-pazari-ve-kesim-yerleri\/#breadcrumb"},"inLanguage":"de","potentialAction":[{"@type":"ReadAction","target":["http:\/\/denizcankizil.tr\/de\/haberler\/gundem\/kepezde-kurban-pazari-ve-kesim-yerleri\/"]}]},{"@type":"BreadcrumbList","@id":"http:\/\/denizcankizil.tr\/de\/haberler\/gundem\/kepezde-kurban-pazari-ve-kesim-yerleri\/#breadcrumb","itemListElement":[{"@type":"ListItem","position":1,"name":"Home","item":"https:\/\/denizcankizil.tr\/de\/"},{"@type":"ListItem","position":2,"name":"Kepez&#8217;de kurban pazar\u0131 ve kesim yerleri"}]},{"@type":"WebSite","@id":"https:\/\/denizcankizil.tr\/de\/#website","url":"https:\/\/denizcankizil.tr\/de\/","name":"Av. Deniz Can K\u0131z\u0131l","description":"Avukat Deniz Can K\u0131z\u0131l Antalya Barosu","publisher":{"@id":"https:\/\/denizcankizil.tr\/de\/#organization"},"potentialAction":[{"@type":"SearchAction","target":{"@type":"EntryPoint","urlTemplate":"https:\/\/denizcankizil.tr\/de\/?s={search_term_string}"},"query-input":{"@type":"PropertyValueSpecification","valueRequired":true,"valueName":"search_term_string"}}],"inLanguage":"de"},{"@type":"Organization","@id":"https:\/\/denizcankizil.tr\/de\/#organization","name":"Av. Deniz Can K\u0131z\u0131l","url":"https:\/\/denizcankizil.tr\/de\/","logo":{"@type":"ImageObject","inLanguage":"de","@id":"https:\/\/denizcankizil.tr\/de\/#\/schema\/logo\/image\/","url":"http:\/\/denizcankizil.tr\/wp-content\/uploads\/2024\/10\/siyah-logo-svg.svg","contentUrl":"http:\/\/denizcankizil.tr\/wp-content\/uploads\/2024\/10\/siyah-logo-svg.svg","width":1080,"height":1080,"caption":"Av. Deniz Can K\u0131z\u0131l"},"image":{"@id":"https:\/\/denizcankizil.tr\/de\/#\/schema\/logo\/image\/"}},{"@type":"Person","@id":"https:\/\/denizcankizil.tr\/de\/#\/schema\/person\/e1eb71bb4dd684d46563f0af307e1234","name":"Antalya K\u00f6rfez","image":{"@type":"ImageObject","inLanguage":"de","@id":"https:\/\/denizcankizil.tr\/de\/#\/schema\/person\/image\/","url":"https:\/\/secure.gravatar.com\/avatar\/42b01982558a48a0b501fdcab6a408d3717ea5919095ee2e67b0e521799c5905?s=96&d=mm&r=g","contentUrl":"https:\/\/secure.gravatar.com\/avatar\/42b01982558a48a0b501fdcab6a408d3717ea5919095ee2e67b0e521799c5905?s=96&d=mm&r=g","caption":"Antalya K\u00f6rfez"},"sameAs":["http:\/\/www.antalyakorfez.com"],"url":"https:\/\/www.antalyakorfez.com\/kepezde-kurban-pazari-ve-kesim-yerleri"}]}},"_links":{"self":[{"href":"http:\/\/denizcankizil.tr\/de\/wp-json\/wp\/v2\/posts\/96249","targetHints":{"allow":["GET"]}}],"collection":[{"href":"http:\/\/denizcankizil.tr\/de\/wp-json\/wp\/v2\/posts"}],"about":[{"href":"http:\/\/denizcankizil.tr\/de\/wp-json\/wp\/v2\/types\/post"}],"author":[{"embeddable":true,"href":"http:\/\/denizcankizil.tr\/de\/wp-json\/wp\/v2\/users\/5"}],"replies":[{"embeddable":true,"href":"http:\/\/denizcankizil.tr\/de\/wp-json\/wp\/v2\/comments?post=96249"}],"version-history":[{"count":0,"href":"http:\/\/denizcankizil.tr\/de\/wp-json\/wp\/v2\/posts\/96249\/revisions"}],"wp:attachment":[{"href":"http:\/\/denizcankizil.tr\/de\/wp-json\/wp\/v2\/media?parent=96249"}],"wp:term":[{"taxonomy":"category","embeddable":true,"href":"http:\/\/denizcankizil.tr\/de\/wp-json\/wp\/v2\/categories?post=96249"},{"taxonomy":"post_tag","embeddable":true,"href":"http:\/\/denizcankizil.tr\/de\/wp-json\/wp\/v2\/tags?post=96249"}],"curies":[{"name":"wp","href":"https:\/\/api.w.org\/{rel}","templated":true}]}}