{"id":9528,"date":"2024-10-28T17:42:13","date_gmt":"2024-10-28T14:42:13","guid":{"rendered":"https:\/\/denizcankizil.tr\/uncategorized-tr\/muratpasada-deniz-sezonu-sona-erdi-plajlar-tek-tek-kapatiliyor\/"},"modified":"2024-10-28T17:42:13","modified_gmt":"2024-10-28T14:42:13","slug":"muratpasada-deniz-sezonu-sona-erdi-plajlar-tek-tek-kapatiliyor","status":"publish","type":"post","link":"http:\/\/denizcankizil.tr\/de\/haberler\/gundem\/muratpasada-deniz-sezonu-sona-erdi-plajlar-tek-tek-kapatiliyor\/","title":{"rendered":"Muratpa\u015fa\u2019da deniz sezonu sona erdi! Plajlar tek tek kapat\u0131l\u0131yor"},"content":{"rendered":"<p>Antalya Muratpa\u015fa Belediyesi sosyal medya \u00fczerinden bir duyuru yay\u0131nlad\u0131. Yay\u0131nlanan bu duyuruda Muratpa\u015fa Belediyesi\u2019ne ait plajlar\u0131n 30 Ekim tarihinde itibaren kapat\u0131laca\u011f\u0131n\u0131 a\u00e7\u0131klad\u0131. 30 Ekim tarihinden sonra Erenku\u015f plaj\u0131, Konserve Koyu plaj\u0131 ve bu y\u0131l yeni a\u00e7\u0131lan Bambus plaj\u0131 kapal\u0131 olacak. \u0130nciralt\u0131 plaj\u0131 ise bir s\u00fcre daha vatanda\u015flara hizmet vermeye devam edecek.\u00a0<\/p>\n<p>DEN\u0130Z SEZONU SONA ER\u0130YOR\u00a0<\/p>\n<p>Meteoroloji Genel M\u00fcd\u00fcrl\u00fc\u011f\u00fc\u2019n\u00fcn a\u00e7\u0131klad\u0131\u011f\u0131 verilere g\u00f6re Antalya\u2019da bu hafta s\u0131cakl\u0131klar mevsim normallerinde seyredecek. Yer yer past\u0131rma s\u0131caklar\u0131 kentte etkisi g\u00f6sterse de \u00f6zellikle kas\u0131m ay\u0131na girilmesi ile ya\u011f\u0131\u015flar\u0131n ba\u015flayaca\u011f\u0131 tahmin ediliyor. 3 kas\u0131m Pazar g\u00fcn\u00fc tarihinde ise Antalya\u2019n\u0131n \u00e7evre il\u00e7elerinde ya\u011f\u0131\u015f g\u00f6r\u00fclebilece\u011fi \u00f6ng\u00f6r\u00fcl\u00fcyor. Kas\u0131m ay\u0131n\u0131n gelmesiyle beraber hava s\u0131cakl\u0131klar\u0131 kademeli olarak azal\u0131rken deniz sezonu ise art\u0131k sona erecek.\u00a0<\/p>\n<p>\u00a0<\/p>\n<p>\u200bAntalya Muratpa\u015fa Belediyesi sosyal medya \u00fczerinden yay\u0131nlad\u0131\u011f\u0131 bir duyuru ile 30 Ekim tarihinden itibaren Muratpa\u015fa Belediyesi taraf\u0131ndan i\u015fletilen b\u00fct\u00fcn plajlar\u0131n kapat\u0131laca\u011f\u0131n\u0131 sadece \u0130nciralt\u0131 plaj\u0131n\u0131n bir s\u00fcre daha hizmet verece\u011fini a\u00e7\u0131klad\u0131\u00a0<\/p>\n<p>\u200bHaberin Al\u0131nt\u0131land\u0131\u011f\u0131 Kaynak: www.antalyakorfez.com<\/p>","protected":false},"excerpt":{"rendered":"<p>Antalya Muratpa\u015fa Belediyesi sosyal medya \u00fczerinden bir duyuru yay\u0131nlad\u0131. Yay\u0131nlanan bu duyuruda Muratpa\u015fa Belediyesi\u2019ne ait plajlar\u0131n 30 Ekim tarihinde itibaren kapat\u0131laca\u011f\u0131n\u0131 a\u00e7\u0131klad\u0131. 30 Ekim tarihinden sonra Erenku\u015f plaj\u0131, Konserve Koyu plaj\u0131 ve bu y\u0131l yeni a\u00e7\u0131lan Bambus plaj\u0131 kapal\u0131 olacak. \u0130nciralt\u0131 plaj\u0131 ise bir s\u00fcre daha vatanda\u015flara hizmet vermeye devam edecek.\u00a0 DEN\u0130Z SEZONU SONA ER\u0130YOR\u00a0 Meteoroloji Genel M\u00fcd\u00fcrl\u00fc\u011f\u00fc\u2019n\u00fcn a\u00e7\u0131klad\u0131\u011f\u0131 verilere g\u00f6re Antalya\u2019da bu hafta s\u0131cakl\u0131klar mevsim normallerinde seyredecek. Yer yer past\u0131rma s\u0131caklar\u0131 kentte etkisi g\u00f6sterse de \u00f6zellikle kas\u0131m ay\u0131na girilmesi ile ya\u011f\u0131\u015flar\u0131n ba\u015flayaca\u011f\u0131 tahmin ediliyor. 3 kas\u0131m Pazar g\u00fcn\u00fc tarihinde ise Antalya\u2019n\u0131n \u00e7evre il\u00e7elerinde ya\u011f\u0131\u015f g\u00f6r\u00fclebilece\u011fi \u00f6ng\u00f6r\u00fcl\u00fcyor. Kas\u0131m ay\u0131n\u0131n gelmesiyle beraber hava s\u0131cakl\u0131klar\u0131 kademeli olarak azal\u0131rken deniz sezonu ise art\u0131k sona erecek.\u00a0 \u00a0 \u200bAntalya Muratpa\u015fa Belediyesi sosyal medya \u00fczerinden yay\u0131nlad\u0131\u011f\u0131 bir duyuru ile 30 Ekim tarihinden itibaren Muratpa\u015fa Belediyesi taraf\u0131ndan i\u015fletilen b\u00fct\u00fcn plajlar\u0131n kapat\u0131laca\u011f\u0131n\u0131 sadece \u0130nciralt\u0131 plaj\u0131n\u0131n bir s\u00fcre daha hizmet verece\u011fini a\u00e7\u0131klad\u0131\u00a0 \u200bHaberin Al\u0131nt\u0131land\u0131\u011f\u0131 Kaynak: www.antalyakorfez.com<\/p>","protected":false},"author":0,"featured_media":0,"comment_status":"open","ping_status":"open","sticky":false,"template":"","format":"standard","meta":{"_acf_changed":false,"footnotes":""},"categories":[24,535],"tags":[],"class_list":["post-9528","post","type-post","status-publish","format-standard","has-post-thumbnail","hentry","category-gundem","category-uncategorized-tr"],"acf":[],"yoast_head":"<!-- This site is optimized with the Yoast SEO Premium plugin v26.6 (Yoast SEO v27.1.1) - https:\/\/yoast.com\/product\/yoast-seo-premium-wordpress\/ -->\n<title>Muratpa\u015fa\u2019da deniz sezonu sona erdi! Plajlar tek tek kapat\u0131l\u0131yor - Av. Deniz Can K\u0131z\u0131l<\/title>\n<meta name=\"robots\" content=\"index, follow, max-snippet:-1, max-image-preview:large, max-video-preview:-1\" \/>\n<link rel=\"canonical\" href=\"http:\/\/denizcankizil.tr\/de\/haberler\/gundem\/muratpasada-deniz-sezonu-sona-erdi-plajlar-tek-tek-kapatiliyor\/\" \/>\n<meta property=\"og:locale\" content=\"de_DE\" \/>\n<meta property=\"og:type\" content=\"article\" \/>\n<meta property=\"og:title\" content=\"Muratpa\u015fa\u2019da deniz sezonu sona erdi! Plajlar tek tek kapat\u0131l\u0131yor\" \/>\n<meta property=\"og:description\" content=\"Antalya Muratpa\u015fa Belediyesi sosyal medya \u00fczerinden bir duyuru yay\u0131nlad\u0131. Yay\u0131nlanan bu duyuruda Muratpa\u015fa Belediyesi\u2019ne ait plajlar\u0131n 30 Ekim tarihinde itibaren kapat\u0131laca\u011f\u0131n\u0131 a\u00e7\u0131klad\u0131. 30 Ekim tarihinden sonra Erenku\u015f plaj\u0131, Konserve Koyu plaj\u0131 ve bu y\u0131l yeni a\u00e7\u0131lan Bambus plaj\u0131 kapal\u0131 olacak. \u0130nciralt\u0131 plaj\u0131 ise bir s\u00fcre daha vatanda\u015flara hizmet vermeye devam edecek.\u00a0 DEN\u0130Z SEZONU SONA ER\u0130YOR\u00a0 Meteoroloji Genel M\u00fcd\u00fcrl\u00fc\u011f\u00fc\u2019n\u00fcn a\u00e7\u0131klad\u0131\u011f\u0131 verilere g\u00f6re Antalya\u2019da bu hafta s\u0131cakl\u0131klar mevsim normallerinde seyredecek. Yer yer past\u0131rma s\u0131caklar\u0131 kentte etkisi g\u00f6sterse de \u00f6zellikle kas\u0131m ay\u0131na girilmesi ile ya\u011f\u0131\u015flar\u0131n ba\u015flayaca\u011f\u0131 tahmin ediliyor. 3 kas\u0131m Pazar g\u00fcn\u00fc tarihinde ise Antalya\u2019n\u0131n \u00e7evre il\u00e7elerinde ya\u011f\u0131\u015f g\u00f6r\u00fclebilece\u011fi \u00f6ng\u00f6r\u00fcl\u00fcyor. Kas\u0131m ay\u0131n\u0131n gelmesiyle beraber hava s\u0131cakl\u0131klar\u0131 kademeli olarak azal\u0131rken deniz sezonu ise art\u0131k sona erecek.\u00a0 \u00a0 \u200bAntalya Muratpa\u015fa Belediyesi sosyal medya \u00fczerinden yay\u0131nlad\u0131\u011f\u0131 bir duyuru ile 30 Ekim tarihinden itibaren Muratpa\u015fa Belediyesi taraf\u0131ndan i\u015fletilen b\u00fct\u00fcn plajlar\u0131n kapat\u0131laca\u011f\u0131n\u0131 sadece \u0130nciralt\u0131 plaj\u0131n\u0131n bir s\u00fcre daha hizmet verece\u011fini a\u00e7\u0131klad\u0131\u00a0 \u200bHaberin Al\u0131nt\u0131land\u0131\u011f\u0131 Kaynak: www.antalyakorfez.com\" \/>\n<meta property=\"og:url\" content=\"http:\/\/denizcankizil.tr\/de\/haberler\/gundem\/muratpasada-deniz-sezonu-sona-erdi-plajlar-tek-tek-kapatiliyor\/\" \/>\n<meta property=\"og:site_name\" content=\"Av. Deniz Can K\u0131z\u0131l\" \/>\n<meta property=\"article:published_time\" content=\"2024-10-28T14:42:13+00:00\" \/>\n<meta name=\"twitter:card\" content=\"summary_large_image\" \/>\n<meta name=\"twitter:label1\" content=\"Gesch\u00e4tzte Lesezeit\" \/>\n\t<meta name=\"twitter:data1\" content=\"1\u00a0Minute\" \/>\n<script type=\"application\/ld+json\" class=\"yoast-schema-graph\">{\"@context\":\"https:\/\/schema.org\",\"@graph\":[{\"@type\":\"Article\",\"@id\":\"http:\/\/denizcankizil.tr\/de\/haberler\/gundem\/muratpasada-deniz-sezonu-sona-erdi-plajlar-tek-tek-kapatiliyor\/#article\",\"isPartOf\":{\"@id\":\"http:\/\/denizcankizil.tr\/de\/haberler\/gundem\/muratpasada-deniz-sezonu-sona-erdi-plajlar-tek-tek-kapatiliyor\/\"},\"author\":{\"name\":\"\",\"@id\":\"\"},\"headline\":\"Muratpa\u015fa\u2019da deniz sezonu sona erdi! Plajlar tek tek kapat\u0131l\u0131yor\",\"datePublished\":\"2024-10-28T14:42:13+00:00\",\"mainEntityOfPage\":{\"@id\":\"http:\/\/denizcankizil.tr\/de\/haberler\/gundem\/muratpasada-deniz-sezonu-sona-erdi-plajlar-tek-tek-kapatiliyor\/\"},\"wordCount\":224,\"commentCount\":0,\"publisher\":{\"@id\":\"https:\/\/denizcankizil.tr\/de\/#organization\"},\"articleSection\":[\"G\u00fcndem\",\"Uncategorized\"],\"inLanguage\":\"de\",\"potentialAction\":[{\"@type\":\"CommentAction\",\"name\":\"Comment\",\"target\":[\"http:\/\/denizcankizil.tr\/de\/haberler\/gundem\/muratpasada-deniz-sezonu-sona-erdi-plajlar-tek-tek-kapatiliyor\/#respond\"]}]},{\"@type\":\"WebPage\",\"@id\":\"http:\/\/denizcankizil.tr\/de\/haberler\/gundem\/muratpasada-deniz-sezonu-sona-erdi-plajlar-tek-tek-kapatiliyor\/\",\"url\":\"http:\/\/denizcankizil.tr\/de\/haberler\/gundem\/muratpasada-deniz-sezonu-sona-erdi-plajlar-tek-tek-kapatiliyor\/\",\"name\":\"Muratpa\u015fa\u2019da deniz sezonu sona erdi! Plajlar tek tek kapat\u0131l\u0131yor - Av. Deniz Can K\u0131z\u0131l\",\"isPartOf\":{\"@id\":\"https:\/\/denizcankizil.tr\/de\/#website\"},\"datePublished\":\"2024-10-28T14:42:13+00:00\",\"breadcrumb\":{\"@id\":\"http:\/\/denizcankizil.tr\/de\/haberler\/gundem\/muratpasada-deniz-sezonu-sona-erdi-plajlar-tek-tek-kapatiliyor\/#breadcrumb\"},\"inLanguage\":\"de\",\"potentialAction\":[{\"@type\":\"ReadAction\",\"target\":[\"http:\/\/denizcankizil.tr\/de\/haberler\/gundem\/muratpasada-deniz-sezonu-sona-erdi-plajlar-tek-tek-kapatiliyor\/\"]}]},{\"@type\":\"BreadcrumbList\",\"@id\":\"http:\/\/denizcankizil.tr\/de\/haberler\/gundem\/muratpasada-deniz-sezonu-sona-erdi-plajlar-tek-tek-kapatiliyor\/#breadcrumb\",\"itemListElement\":[{\"@type\":\"ListItem\",\"position\":1,\"name\":\"Home\",\"item\":\"https:\/\/denizcankizil.tr\/de\/\"},{\"@type\":\"ListItem\",\"position\":2,\"name\":\"Muratpa\u015fa\u2019da deniz sezonu sona erdi! Plajlar tek tek kapat\u0131l\u0131yor\"}]},{\"@type\":\"WebSite\",\"@id\":\"https:\/\/denizcankizil.tr\/de\/#website\",\"url\":\"https:\/\/denizcankizil.tr\/de\/\",\"name\":\"Av. Deniz Can K\u0131z\u0131l\",\"description\":\"Avukat Deniz Can K\u0131z\u0131l Antalya Barosu\",\"publisher\":{\"@id\":\"https:\/\/denizcankizil.tr\/de\/#organization\"},\"potentialAction\":[{\"@type\":\"SearchAction\",\"target\":{\"@type\":\"EntryPoint\",\"urlTemplate\":\"https:\/\/denizcankizil.tr\/de\/?s={search_term_string}\"},\"query-input\":{\"@type\":\"PropertyValueSpecification\",\"valueRequired\":true,\"valueName\":\"search_term_string\"}}],\"inLanguage\":\"de\"},{\"@type\":\"Organization\",\"@id\":\"https:\/\/denizcankizil.tr\/de\/#organization\",\"name\":\"Av. Deniz Can K\u0131z\u0131l\",\"url\":\"https:\/\/denizcankizil.tr\/de\/\",\"logo\":{\"@type\":\"ImageObject\",\"inLanguage\":\"de\",\"@id\":\"https:\/\/denizcankizil.tr\/de\/#\/schema\/logo\/image\/\",\"url\":\"http:\/\/denizcankizil.tr\/wp-content\/uploads\/2024\/10\/siyah-logo-svg.svg\",\"contentUrl\":\"http:\/\/denizcankizil.tr\/wp-content\/uploads\/2024\/10\/siyah-logo-svg.svg\",\"width\":1080,\"height\":1080,\"caption\":\"Av. Deniz Can K\u0131z\u0131l\"},\"image\":{\"@id\":\"https:\/\/denizcankizil.tr\/de\/#\/schema\/logo\/image\/\"}}]}<\/script>\n<!-- \/ Yoast SEO Premium plugin. -->","yoast_head_json":{"title":"Muratpa\u015fa\u2019da deniz sezonu sona erdi! Plajlar tek tek kapat\u0131l\u0131yor - Av. Deniz Can K\u0131z\u0131l","robots":{"index":"index","follow":"follow","max-snippet":"max-snippet:-1","max-image-preview":"max-image-preview:large","max-video-preview":"max-video-preview:-1"},"canonical":"http:\/\/denizcankizil.tr\/de\/haberler\/gundem\/muratpasada-deniz-sezonu-sona-erdi-plajlar-tek-tek-kapatiliyor\/","og_locale":"de_DE","og_type":"article","og_title":"Muratpa\u015fa\u2019da deniz sezonu sona erdi! Plajlar tek tek kapat\u0131l\u0131yor","og_description":"Antalya Muratpa\u015fa Belediyesi sosyal medya \u00fczerinden bir duyuru yay\u0131nlad\u0131. Yay\u0131nlanan bu duyuruda Muratpa\u015fa Belediyesi\u2019ne ait plajlar\u0131n 30 Ekim tarihinde itibaren kapat\u0131laca\u011f\u0131n\u0131 a\u00e7\u0131klad\u0131. 30 Ekim tarihinden sonra Erenku\u015f plaj\u0131, Konserve Koyu plaj\u0131 ve bu y\u0131l yeni a\u00e7\u0131lan Bambus plaj\u0131 kapal\u0131 olacak. \u0130nciralt\u0131 plaj\u0131 ise bir s\u00fcre daha vatanda\u015flara hizmet vermeye devam edecek.\u00a0 DEN\u0130Z SEZONU SONA ER\u0130YOR\u00a0 Meteoroloji Genel M\u00fcd\u00fcrl\u00fc\u011f\u00fc\u2019n\u00fcn a\u00e7\u0131klad\u0131\u011f\u0131 verilere g\u00f6re Antalya\u2019da bu hafta s\u0131cakl\u0131klar mevsim normallerinde seyredecek. Yer yer past\u0131rma s\u0131caklar\u0131 kentte etkisi g\u00f6sterse de \u00f6zellikle kas\u0131m ay\u0131na girilmesi ile ya\u011f\u0131\u015flar\u0131n ba\u015flayaca\u011f\u0131 tahmin ediliyor. 3 kas\u0131m Pazar g\u00fcn\u00fc tarihinde ise Antalya\u2019n\u0131n \u00e7evre il\u00e7elerinde ya\u011f\u0131\u015f g\u00f6r\u00fclebilece\u011fi \u00f6ng\u00f6r\u00fcl\u00fcyor. Kas\u0131m ay\u0131n\u0131n gelmesiyle beraber hava s\u0131cakl\u0131klar\u0131 kademeli olarak azal\u0131rken deniz sezonu ise art\u0131k sona erecek.\u00a0 \u00a0 \u200bAntalya Muratpa\u015fa Belediyesi sosyal medya \u00fczerinden yay\u0131nlad\u0131\u011f\u0131 bir duyuru ile 30 Ekim tarihinden itibaren Muratpa\u015fa Belediyesi taraf\u0131ndan i\u015fletilen b\u00fct\u00fcn plajlar\u0131n kapat\u0131laca\u011f\u0131n\u0131 sadece \u0130nciralt\u0131 plaj\u0131n\u0131n bir s\u00fcre daha hizmet verece\u011fini a\u00e7\u0131klad\u0131\u00a0 \u200bHaberin Al\u0131nt\u0131land\u0131\u011f\u0131 Kaynak: www.antalyakorfez.com","og_url":"http:\/\/denizcankizil.tr\/de\/haberler\/gundem\/muratpasada-deniz-sezonu-sona-erdi-plajlar-tek-tek-kapatiliyor\/","og_site_name":"Av. Deniz Can K\u0131z\u0131l","article_published_time":"2024-10-28T14:42:13+00:00","twitter_card":"summary_large_image","twitter_misc":{"Gesch\u00e4tzte Lesezeit":"1\u00a0Minute"},"schema":{"@context":"https:\/\/schema.org","@graph":[{"@type":"Article","@id":"http:\/\/denizcankizil.tr\/de\/haberler\/gundem\/muratpasada-deniz-sezonu-sona-erdi-plajlar-tek-tek-kapatiliyor\/#article","isPartOf":{"@id":"http:\/\/denizcankizil.tr\/de\/haberler\/gundem\/muratpasada-deniz-sezonu-sona-erdi-plajlar-tek-tek-kapatiliyor\/"},"author":{"name":"","@id":""},"headline":"Muratpa\u015fa\u2019da deniz sezonu sona erdi! Plajlar tek tek kapat\u0131l\u0131yor","datePublished":"2024-10-28T14:42:13+00:00","mainEntityOfPage":{"@id":"http:\/\/denizcankizil.tr\/de\/haberler\/gundem\/muratpasada-deniz-sezonu-sona-erdi-plajlar-tek-tek-kapatiliyor\/"},"wordCount":224,"commentCount":0,"publisher":{"@id":"https:\/\/denizcankizil.tr\/de\/#organization"},"articleSection":["G\u00fcndem","Uncategorized"],"inLanguage":"de","potentialAction":[{"@type":"CommentAction","name":"Comment","target":["http:\/\/denizcankizil.tr\/de\/haberler\/gundem\/muratpasada-deniz-sezonu-sona-erdi-plajlar-tek-tek-kapatiliyor\/#respond"]}]},{"@type":"WebPage","@id":"http:\/\/denizcankizil.tr\/de\/haberler\/gundem\/muratpasada-deniz-sezonu-sona-erdi-plajlar-tek-tek-kapatiliyor\/","url":"http:\/\/denizcankizil.tr\/de\/haberler\/gundem\/muratpasada-deniz-sezonu-sona-erdi-plajlar-tek-tek-kapatiliyor\/","name":"Muratpa\u015fa\u2019da deniz sezonu sona erdi! Plajlar tek tek kapat\u0131l\u0131yor - Av. Deniz Can K\u0131z\u0131l","isPartOf":{"@id":"https:\/\/denizcankizil.tr\/de\/#website"},"datePublished":"2024-10-28T14:42:13+00:00","breadcrumb":{"@id":"http:\/\/denizcankizil.tr\/de\/haberler\/gundem\/muratpasada-deniz-sezonu-sona-erdi-plajlar-tek-tek-kapatiliyor\/#breadcrumb"},"inLanguage":"de","potentialAction":[{"@type":"ReadAction","target":["http:\/\/denizcankizil.tr\/de\/haberler\/gundem\/muratpasada-deniz-sezonu-sona-erdi-plajlar-tek-tek-kapatiliyor\/"]}]},{"@type":"BreadcrumbList","@id":"http:\/\/denizcankizil.tr\/de\/haberler\/gundem\/muratpasada-deniz-sezonu-sona-erdi-plajlar-tek-tek-kapatiliyor\/#breadcrumb","itemListElement":[{"@type":"ListItem","position":1,"name":"Home","item":"https:\/\/denizcankizil.tr\/de\/"},{"@type":"ListItem","position":2,"name":"Muratpa\u015fa\u2019da deniz sezonu sona erdi! Plajlar tek tek kapat\u0131l\u0131yor"}]},{"@type":"WebSite","@id":"https:\/\/denizcankizil.tr\/de\/#website","url":"https:\/\/denizcankizil.tr\/de\/","name":"Av. Deniz Can K\u0131z\u0131l","description":"Avukat Deniz Can K\u0131z\u0131l Antalya Barosu","publisher":{"@id":"https:\/\/denizcankizil.tr\/de\/#organization"},"potentialAction":[{"@type":"SearchAction","target":{"@type":"EntryPoint","urlTemplate":"https:\/\/denizcankizil.tr\/de\/?s={search_term_string}"},"query-input":{"@type":"PropertyValueSpecification","valueRequired":true,"valueName":"search_term_string"}}],"inLanguage":"de"},{"@type":"Organization","@id":"https:\/\/denizcankizil.tr\/de\/#organization","name":"Av. Deniz Can K\u0131z\u0131l","url":"https:\/\/denizcankizil.tr\/de\/","logo":{"@type":"ImageObject","inLanguage":"de","@id":"https:\/\/denizcankizil.tr\/de\/#\/schema\/logo\/image\/","url":"http:\/\/denizcankizil.tr\/wp-content\/uploads\/2024\/10\/siyah-logo-svg.svg","contentUrl":"http:\/\/denizcankizil.tr\/wp-content\/uploads\/2024\/10\/siyah-logo-svg.svg","width":1080,"height":1080,"caption":"Av. Deniz Can K\u0131z\u0131l"},"image":{"@id":"https:\/\/denizcankizil.tr\/de\/#\/schema\/logo\/image\/"}}]}},"_links":{"self":[{"href":"http:\/\/denizcankizil.tr\/de\/wp-json\/wp\/v2\/posts\/9528","targetHints":{"allow":["GET"]}}],"collection":[{"href":"http:\/\/denizcankizil.tr\/de\/wp-json\/wp\/v2\/posts"}],"about":[{"href":"http:\/\/denizcankizil.tr\/de\/wp-json\/wp\/v2\/types\/post"}],"replies":[{"embeddable":true,"href":"http:\/\/denizcankizil.tr\/de\/wp-json\/wp\/v2\/comments?post=9528"}],"version-history":[{"count":0,"href":"http:\/\/denizcankizil.tr\/de\/wp-json\/wp\/v2\/posts\/9528\/revisions"}],"wp:attachment":[{"href":"http:\/\/denizcankizil.tr\/de\/wp-json\/wp\/v2\/media?parent=9528"}],"wp:term":[{"taxonomy":"category","embeddable":true,"href":"http:\/\/denizcankizil.tr\/de\/wp-json\/wp\/v2\/categories?post=9528"},{"taxonomy":"post_tag","embeddable":true,"href":"http:\/\/denizcankizil.tr\/de\/wp-json\/wp\/v2\/tags?post=9528"}],"curies":[{"name":"wp","href":"https:\/\/api.w.org\/{rel}","templated":true}]}}