{"id":94877,"date":"2025-05-23T17:42:35","date_gmt":"2025-05-23T14:42:35","guid":{"rendered":"https:\/\/denizcankizil.tr\/uncategorized-tr\/sanatseverler-istanbulun-onemli-muzeleriyle-bulustu\/"},"modified":"2025-05-23T17:42:35","modified_gmt":"2025-05-23T14:42:35","slug":"sanatseverler-istanbulun-onemli-muzeleriyle-bulustu","status":"publish","type":"post","link":"http:\/\/denizcankizil.tr\/de\/haberler\/gundem\/sanatseverler-istanbulun-onemli-muzeleriyle-bulustu\/","title":{"rendered":"Sanatseverler \u0130stanbul\u2019un \u00f6nemli m\u00fczeleriyle bulu\u015ftu"},"content":{"rendered":"<p>M\u00fczeler Haftas\u0131\u2019nda \u0130stanbul\u2019un belli ba\u015fl\u0131 m\u00fczelerinden baz\u0131lar\u0131n\u0131 gezen vatanda\u015flara, Beylikd\u00fcz\u00fc Belediyesi \u00f6zel ara\u00e7lar\u0131yla ula\u015f\u0131m ve \u00fccretsiz ziyaret hizmeti sundu.\u0130STANBUL (\u0130GFA) &#8211; \u0130stanbul Beylikd\u00fcz\u00fc Belediyesi, 18-24 May\u0131s M\u00fczeler Haftas\u0131 kapsam\u0131nda il\u00e7edeki vatanda\u015flar\u0131 \u0130stanbul\u2019un \u00f6nemli k\u00fclt\u00fcr duraklar\u0131na ula\u015ft\u0131rd\u0131. \u0130l\u00e7e belediyeleri aras\u0131nda ilk e\u011fitim tarihi m\u00fczesi olma \u00f6zelli\u011fi ta\u015f\u0131yan R\u0131fat Ilgaz E\u011fitim Tarihi M\u00fczesi\u2019nden ba\u015flayan geziler, \u0130stanbul Modern M\u00fczesi, Orhan Kemal M\u00fczesi, Art\u0130stanbul Feshane ve \u0130stanbul Tasar\u0131m M\u00fczesi\u2019yle devam etti. Belediyenin web sitesinde yay\u0131nlanan formu doldurarak etkinli\u011fe kay\u0131t yapt\u0131ran vatanda\u015flar, \u00fccretli gezilebilen baz\u0131 m\u00fczelere de Beylikd\u00fcz\u00fc Belediyesi\u2019nin sundu\u011fu imk\u00e2nlarla \u00fccretsiz olarak faydaland\u0131lar.<\/p>\n<p>AHMET G\u00dcNE\u015eTEK\u0130N\u2019\u0130N \u201cKAYIP ALFABE\u201d SERG\u0130S\u0130 GEZ\u0130LD\u0130<br \/>\nOtob\u00fcslerle ula\u015f\u0131mlar\u0131 ve ia\u015feleri sa\u011flanan vatanda\u015flara m\u00fczelerde rehberler de e\u015flik etti. \u0130stanbul Modern\u2019de Renzo Piano, Chiharu Shiota, \u00d6mer Ulu\u00e7 ve \u0130zzet Keribar\u2019a ait eserleri g\u00f6rme \u015fans\u0131n\u0131 bulan sanatseverler, Feshane\u2019de Ahmet G\u00fcne\u015ftekin\u2019in \u201cKay\u0131p Alfabe\u201d adl\u0131 toplumsal i\u00e7erikli sergisinde yer alan b\u00fcy\u00fcleyici eserleri incelediler. Vatanda\u015flar ayr\u0131ca \u0130BB Miras\u2019\u0131n restore ederek Tasar\u0131m M\u00fczesi\u2019ne d\u00f6n\u00fc\u015ft\u00fcrd\u00fc\u011f\u00fc -eski ad\u0131yla- Tarihi D\u00f6k\u00fcmc\u00fcler \u00c7ar\u015f\u0131s\u0131\u2019n\u0131 gezdiler, S\u00fcleymaniye Camii\u2019nin bo\u011faz manzaral\u0131 avlusunda solukland\u0131lar.<\/p>\n<p>\u200bM\u00fczeler Haftas\u0131\u2019nda \u0130stanbul\u2019un belli ba\u015fl\u0131 m\u00fczelerinden baz\u0131lar\u0131n\u0131 gezen vatanda\u015flara, Beylikd\u00fcz\u00fc Belediyesi \u00f6zel ara\u00e7lar\u0131yla ula\u015f\u0131m ve \u00fccretsiz ziyaret hizmeti sundu.\u0130STANBUL (\u0130GFA) &#8211; \u0130stanbul Beylikd\u00fcz\u00fc Belediyesi, 18-24 May\u0131s M\u00fczeler Haftas\u0131 kapsam\u0131nda il\u00e7edeki vatanda\u015flar\u0131 \u0130stanbul\u2019un \u00f6nemli k\u00fclt\u00fcr duraklar\u0131na ula\u015ft\u0131rd\u0131. \u0130l\u00e7e belediyeleri aras\u0131nda ilk e\u011fitim tarihi m\u00fczesi olma \u00f6zelli\u011fi ta\u015f\u0131yan R\u0131fat Ilgaz E\u011fitim Tarihi M\u00fczesi\u2019nden ba\u015flayan geziler, \u0130stanbul Modern M\u00fczesi, Orhan Kemal M\u00fczesi, Art\u0130stanbul Feshane ve \u0130stanbul Tasar\u0131m M\u00fczesi\u2019yle devam etti. Belediyenin web sitesinde yay\u0131nlanan formu doldurarak etkinli\u011fe kay\u0131t yapt\u0131ran vatanda\u015flar, \u00fccretli gezilebilen baz\u0131 m\u00fczelere de Beylikd\u00fcz\u00fc Belediyesi\u2019nin sundu\u011fu imk\u00e2nlarla \u00fccretsiz olarak faydaland\u0131lar.<\/p>\n<p>AHMET G\u00dcNE\u015eTEK\u0130N\u2019\u0130N \u201cKAYIP ALFABE\u201d SERG\u0130S\u0130 GEZ\u0130LD\u0130<br \/>\nOtob\u00fcslerle ula\u015f\u0131mlar\u0131 ve ia\u015feleri sa\u011flanan vatanda\u015flara m\u00fczelerde rehberler de e\u015flik etti. \u0130stanbul Modern\u2019de Renzo Piano, Chiharu Shiota, \u00d6mer Ulu\u00e7 ve \u0130zzet Keribar\u2019a ait eserleri g\u00f6rme \u015fans\u0131n\u0131 bulan sanatseverler, Feshane\u2019de Ahmet G\u00fcne\u015ftekin\u2019in \u201cKay\u0131p Alfabe\u201d adl\u0131 toplumsal i\u00e7erikli sergisinde yer alan b\u00fcy\u00fcleyici eserleri incelediler. Vatanda\u015flar ayr\u0131ca \u0130BB Miras\u2019\u0131n restore ederek Tasar\u0131m M\u00fczesi\u2019ne d\u00f6n\u00fc\u015ft\u00fcrd\u00fc\u011f\u00fc -eski ad\u0131yla- Tarihi D\u00f6k\u00fcmc\u00fcler \u00c7ar\u015f\u0131s\u0131\u2019n\u0131 gezdiler, S\u00fcleymaniye Camii\u2019nin bo\u011faz manzaral\u0131 avlusunda solukland\u0131lar.\u00a0<\/p>\n<p>\u200bHaberin Al\u0131nt\u0131land\u0131\u011f\u0131 Kaynak: www.iskenderun.org<\/p>","protected":false},"excerpt":{"rendered":"<p>M\u00fczeler Haftas\u0131\u2019nda \u0130stanbul\u2019un belli ba\u015fl\u0131 m\u00fczelerinden baz\u0131lar\u0131n\u0131 gezen vatanda\u015flara, Beylikd\u00fcz\u00fc Belediyesi \u00f6zel ara\u00e7lar\u0131yla ula\u015f\u0131m ve \u00fccretsiz ziyaret hizmeti sundu.\u0130STANBUL (\u0130GFA) &#8211; \u0130stanbul Beylikd\u00fcz\u00fc Belediyesi, 18-24 May\u0131s M\u00fczeler Haftas\u0131 kapsam\u0131nda il\u00e7edeki vatanda\u015flar\u0131 \u0130stanbul\u2019un \u00f6nemli k\u00fclt\u00fcr duraklar\u0131na ula\u015ft\u0131rd\u0131. \u0130l\u00e7e belediyeleri aras\u0131nda ilk e\u011fitim tarihi m\u00fczesi olma \u00f6zelli\u011fi ta\u015f\u0131yan R\u0131fat Ilgaz E\u011fitim Tarihi M\u00fczesi\u2019nden ba\u015flayan geziler, \u0130stanbul Modern M\u00fczesi, Orhan Kemal M\u00fczesi, Art\u0130stanbul Feshane ve \u0130stanbul Tasar\u0131m M\u00fczesi\u2019yle devam etti. Belediyenin web sitesinde yay\u0131nlanan formu doldurarak etkinli\u011fe kay\u0131t yapt\u0131ran vatanda\u015flar, \u00fccretli gezilebilen baz\u0131 m\u00fczelere de Beylikd\u00fcz\u00fc Belediyesi\u2019nin sundu\u011fu imk\u00e2nlarla \u00fccretsiz olarak faydaland\u0131lar. AHMET G\u00dcNE\u015eTEK\u0130N\u2019\u0130N \u201cKAYIP ALFABE\u201d SERG\u0130S\u0130 GEZ\u0130LD\u0130 Otob\u00fcslerle ula\u015f\u0131mlar\u0131 ve ia\u015feleri sa\u011flanan vatanda\u015flara m\u00fczelerde rehberler de e\u015flik etti. \u0130stanbul Modern\u2019de Renzo Piano, Chiharu Shiota, \u00d6mer Ulu\u00e7 ve \u0130zzet Keribar\u2019a ait eserleri g\u00f6rme \u015fans\u0131n\u0131 bulan sanatseverler, Feshane\u2019de Ahmet G\u00fcne\u015ftekin\u2019in \u201cKay\u0131p Alfabe\u201d adl\u0131 toplumsal i\u00e7erikli sergisinde yer alan b\u00fcy\u00fcleyici eserleri incelediler. Vatanda\u015flar ayr\u0131ca \u0130BB Miras\u2019\u0131n restore ederek Tasar\u0131m M\u00fczesi\u2019ne d\u00f6n\u00fc\u015ft\u00fcrd\u00fc\u011f\u00fc -eski ad\u0131yla- Tarihi D\u00f6k\u00fcmc\u00fcler \u00c7ar\u015f\u0131s\u0131\u2019n\u0131 gezdiler, S\u00fcleymaniye Camii\u2019nin bo\u011faz manzaral\u0131 avlusunda solukland\u0131lar. \u200bM\u00fczeler Haftas\u0131\u2019nda \u0130stanbul\u2019un belli ba\u015fl\u0131 m\u00fczelerinden baz\u0131lar\u0131n\u0131 gezen vatanda\u015flara, Beylikd\u00fcz\u00fc Belediyesi \u00f6zel ara\u00e7lar\u0131yla ula\u015f\u0131m ve \u00fccretsiz ziyaret hizmeti sundu.\u0130STANBUL (\u0130GFA) &#8211; \u0130stanbul Beylikd\u00fcz\u00fc Belediyesi, 18-24 May\u0131s M\u00fczeler Haftas\u0131 kapsam\u0131nda il\u00e7edeki vatanda\u015flar\u0131 \u0130stanbul\u2019un \u00f6nemli k\u00fclt\u00fcr duraklar\u0131na ula\u015ft\u0131rd\u0131. \u0130l\u00e7e belediyeleri aras\u0131nda ilk e\u011fitim tarihi &hellip;<\/p>","protected":false},"author":1,"featured_media":0,"comment_status":"","ping_status":"open","sticky":false,"template":"","format":"standard","meta":{"_acf_changed":false,"footnotes":""},"categories":[24],"tags":[],"class_list":["post-94877","post","type-post","status-publish","format-standard","has-post-thumbnail","hentry","category-gundem"],"acf":[],"yoast_head":"<!-- This site is optimized with the Yoast SEO Premium plugin v26.6 (Yoast SEO v27.1.1) - https:\/\/yoast.com\/product\/yoast-seo-premium-wordpress\/ -->\n<title>Sanatseverler \u0130stanbul\u2019un \u00f6nemli m\u00fczeleriyle bulu\u015ftu - Av. Deniz Can K\u0131z\u0131l<\/title>\n<meta name=\"robots\" content=\"index, follow, max-snippet:-1, max-image-preview:large, max-video-preview:-1\" \/>\n<link rel=\"canonical\" href=\"http:\/\/denizcankizil.tr\/de\/haberler\/gundem\/sanatseverler-istanbulun-onemli-muzeleriyle-bulustu\/\" \/>\n<meta property=\"og:locale\" content=\"de_DE\" \/>\n<meta property=\"og:type\" content=\"article\" \/>\n<meta property=\"og:title\" content=\"Sanatseverler \u0130stanbul\u2019un \u00f6nemli m\u00fczeleriyle bulu\u015ftu\" \/>\n<meta property=\"og:description\" content=\"M\u00fczeler Haftas\u0131\u2019nda \u0130stanbul\u2019un belli ba\u015fl\u0131 m\u00fczelerinden baz\u0131lar\u0131n\u0131 gezen vatanda\u015flara, Beylikd\u00fcz\u00fc Belediyesi \u00f6zel ara\u00e7lar\u0131yla ula\u015f\u0131m ve \u00fccretsiz ziyaret hizmeti sundu.\u0130STANBUL (\u0130GFA) &#8211; \u0130stanbul Beylikd\u00fcz\u00fc Belediyesi, 18-24 May\u0131s M\u00fczeler Haftas\u0131 kapsam\u0131nda il\u00e7edeki vatanda\u015flar\u0131 \u0130stanbul\u2019un \u00f6nemli k\u00fclt\u00fcr duraklar\u0131na ula\u015ft\u0131rd\u0131. \u0130l\u00e7e belediyeleri aras\u0131nda ilk e\u011fitim tarihi m\u00fczesi olma \u00f6zelli\u011fi ta\u015f\u0131yan R\u0131fat Ilgaz E\u011fitim Tarihi M\u00fczesi\u2019nden ba\u015flayan geziler, \u0130stanbul Modern M\u00fczesi, Orhan Kemal M\u00fczesi, Art\u0130stanbul Feshane ve \u0130stanbul Tasar\u0131m M\u00fczesi\u2019yle devam etti. Belediyenin web sitesinde yay\u0131nlanan formu doldurarak etkinli\u011fe kay\u0131t yapt\u0131ran vatanda\u015flar, \u00fccretli gezilebilen baz\u0131 m\u00fczelere de Beylikd\u00fcz\u00fc Belediyesi\u2019nin sundu\u011fu imk\u00e2nlarla \u00fccretsiz olarak faydaland\u0131lar. AHMET G\u00dcNE\u015eTEK\u0130N\u2019\u0130N \u201cKAYIP ALFABE\u201d SERG\u0130S\u0130 GEZ\u0130LD\u0130 Otob\u00fcslerle ula\u015f\u0131mlar\u0131 ve ia\u015feleri sa\u011flanan vatanda\u015flara m\u00fczelerde rehberler de e\u015flik etti. \u0130stanbul Modern\u2019de Renzo Piano, Chiharu Shiota, \u00d6mer Ulu\u00e7 ve \u0130zzet Keribar\u2019a ait eserleri g\u00f6rme \u015fans\u0131n\u0131 bulan sanatseverler, Feshane\u2019de Ahmet G\u00fcne\u015ftekin\u2019in \u201cKay\u0131p Alfabe\u201d adl\u0131 toplumsal i\u00e7erikli sergisinde yer alan b\u00fcy\u00fcleyici eserleri incelediler. Vatanda\u015flar ayr\u0131ca \u0130BB Miras\u2019\u0131n restore ederek Tasar\u0131m M\u00fczesi\u2019ne d\u00f6n\u00fc\u015ft\u00fcrd\u00fc\u011f\u00fc -eski ad\u0131yla- Tarihi D\u00f6k\u00fcmc\u00fcler \u00c7ar\u015f\u0131s\u0131\u2019n\u0131 gezdiler, S\u00fcleymaniye Camii\u2019nin bo\u011faz manzaral\u0131 avlusunda solukland\u0131lar. \u200bM\u00fczeler Haftas\u0131\u2019nda \u0130stanbul\u2019un belli ba\u015fl\u0131 m\u00fczelerinden baz\u0131lar\u0131n\u0131 gezen vatanda\u015flara, Beylikd\u00fcz\u00fc Belediyesi \u00f6zel ara\u00e7lar\u0131yla ula\u015f\u0131m ve \u00fccretsiz ziyaret hizmeti sundu.\u0130STANBUL (\u0130GFA) &#8211; \u0130stanbul Beylikd\u00fcz\u00fc Belediyesi, 18-24 May\u0131s M\u00fczeler Haftas\u0131 kapsam\u0131nda il\u00e7edeki vatanda\u015flar\u0131 \u0130stanbul\u2019un \u00f6nemli k\u00fclt\u00fcr duraklar\u0131na ula\u015ft\u0131rd\u0131. \u0130l\u00e7e belediyeleri aras\u0131nda ilk e\u011fitim tarihi &hellip;\" \/>\n<meta property=\"og:url\" content=\"http:\/\/denizcankizil.tr\/de\/haberler\/gundem\/sanatseverler-istanbulun-onemli-muzeleriyle-bulustu\/\" \/>\n<meta property=\"og:site_name\" content=\"Av. Deniz Can K\u0131z\u0131l\" \/>\n<meta property=\"article:published_time\" content=\"2025-05-23T14:42:35+00:00\" \/>\n<meta name=\"author\" content=\"admin\" \/>\n<meta name=\"twitter:card\" content=\"summary_large_image\" \/>\n<meta name=\"twitter:label1\" content=\"Verfasst von\" \/>\n\t<meta name=\"twitter:data1\" content=\"admin\" \/>\n\t<meta name=\"twitter:label2\" content=\"Gesch\u00e4tzte Lesezeit\" \/>\n\t<meta name=\"twitter:data2\" content=\"3\u00a0Minuten\" \/>\n<script type=\"application\/ld+json\" class=\"yoast-schema-graph\">{\"@context\":\"https:\/\/schema.org\",\"@graph\":[{\"@type\":\"Article\",\"@id\":\"http:\/\/denizcankizil.tr\/ru\/haberler\/gundem\/sanatseverler-istanbulun-onemli-muzeleriyle-bulustu\/#article\",\"isPartOf\":{\"@id\":\"http:\/\/denizcankizil.tr\/ru\/haberler\/gundem\/sanatseverler-istanbulun-onemli-muzeleriyle-bulustu\/\"},\"author\":{\"name\":\"admin\",\"@id\":\"https:\/\/denizcankizil.tr\/de\/#\/schema\/person\/be3c05fe6a12686905512445d8185489\"},\"headline\":\"Sanatseverler \u0130stanbul\u2019un \u00f6nemli m\u00fczeleriyle bulu\u015ftu\",\"datePublished\":\"2025-05-23T14:42:35+00:00\",\"mainEntityOfPage\":{\"@id\":\"http:\/\/denizcankizil.tr\/ru\/haberler\/gundem\/sanatseverler-istanbulun-onemli-muzeleriyle-bulustu\/\"},\"wordCount\":526,\"publisher\":{\"@id\":\"https:\/\/denizcankizil.tr\/de\/#organization\"},\"articleSection\":[\"G\u00fcndem\"],\"inLanguage\":\"de\"},{\"@type\":\"WebPage\",\"@id\":\"http:\/\/denizcankizil.tr\/ru\/haberler\/gundem\/sanatseverler-istanbulun-onemli-muzeleriyle-bulustu\/\",\"url\":\"http:\/\/denizcankizil.tr\/ru\/haberler\/gundem\/sanatseverler-istanbulun-onemli-muzeleriyle-bulustu\/\",\"name\":\"Sanatseverler \u0130stanbul\u2019un \u00f6nemli m\u00fczeleriyle bulu\u015ftu - Av. Deniz Can K\u0131z\u0131l\",\"isPartOf\":{\"@id\":\"https:\/\/denizcankizil.tr\/de\/#website\"},\"datePublished\":\"2025-05-23T14:42:35+00:00\",\"breadcrumb\":{\"@id\":\"http:\/\/denizcankizil.tr\/ru\/haberler\/gundem\/sanatseverler-istanbulun-onemli-muzeleriyle-bulustu\/#breadcrumb\"},\"inLanguage\":\"de\",\"potentialAction\":[{\"@type\":\"ReadAction\",\"target\":[\"http:\/\/denizcankizil.tr\/ru\/haberler\/gundem\/sanatseverler-istanbulun-onemli-muzeleriyle-bulustu\/\"]}]},{\"@type\":\"BreadcrumbList\",\"@id\":\"http:\/\/denizcankizil.tr\/ru\/haberler\/gundem\/sanatseverler-istanbulun-onemli-muzeleriyle-bulustu\/#breadcrumb\",\"itemListElement\":[{\"@type\":\"ListItem\",\"position\":1,\"name\":\"Home\",\"item\":\"https:\/\/denizcankizil.tr\/de\/\"},{\"@type\":\"ListItem\",\"position\":2,\"name\":\"Sanatseverler \u0130stanbul\u2019un \u00f6nemli m\u00fczeleriyle bulu\u015ftu\"}]},{\"@type\":\"WebSite\",\"@id\":\"https:\/\/denizcankizil.tr\/de\/#website\",\"url\":\"https:\/\/denizcankizil.tr\/de\/\",\"name\":\"Av. Deniz Can K\u0131z\u0131l\",\"description\":\"Avukat Deniz Can K\u0131z\u0131l Antalya Barosu\",\"publisher\":{\"@id\":\"https:\/\/denizcankizil.tr\/de\/#organization\"},\"potentialAction\":[{\"@type\":\"SearchAction\",\"target\":{\"@type\":\"EntryPoint\",\"urlTemplate\":\"https:\/\/denizcankizil.tr\/de\/?s={search_term_string}\"},\"query-input\":{\"@type\":\"PropertyValueSpecification\",\"valueRequired\":true,\"valueName\":\"search_term_string\"}}],\"inLanguage\":\"de\"},{\"@type\":\"Organization\",\"@id\":\"https:\/\/denizcankizil.tr\/de\/#organization\",\"name\":\"Av. Deniz Can K\u0131z\u0131l\",\"url\":\"https:\/\/denizcankizil.tr\/de\/\",\"logo\":{\"@type\":\"ImageObject\",\"inLanguage\":\"de\",\"@id\":\"https:\/\/denizcankizil.tr\/de\/#\/schema\/logo\/image\/\",\"url\":\"http:\/\/denizcankizil.tr\/wp-content\/uploads\/2024\/10\/siyah-logo-svg.svg\",\"contentUrl\":\"http:\/\/denizcankizil.tr\/wp-content\/uploads\/2024\/10\/siyah-logo-svg.svg\",\"width\":1080,\"height\":1080,\"caption\":\"Av. Deniz Can K\u0131z\u0131l\"},\"image\":{\"@id\":\"https:\/\/denizcankizil.tr\/de\/#\/schema\/logo\/image\/\"}},{\"@type\":\"Person\",\"@id\":\"https:\/\/denizcankizil.tr\/de\/#\/schema\/person\/be3c05fe6a12686905512445d8185489\",\"name\":\"admin\",\"image\":{\"@type\":\"ImageObject\",\"inLanguage\":\"de\",\"@id\":\"https:\/\/denizcankizil.tr\/de\/#\/schema\/person\/image\/\",\"url\":\"https:\/\/secure.gravatar.com\/avatar\/c1fce94c830dc79107e174f890d7210541c4a63e8e5d816341794a2151c9d58c?s=96&d=mm&r=g\",\"contentUrl\":\"https:\/\/secure.gravatar.com\/avatar\/c1fce94c830dc79107e174f890d7210541c4a63e8e5d816341794a2151c9d58c?s=96&d=mm&r=g\",\"caption\":\"admin\"},\"sameAs\":[\"http:\/\/denizcankizil.tr\"],\"url\":\"https:\/\/www.iskenderun.org\/sanatseverler-istanbulun-onemli-muzeleriyle-bulustu\"}]}<\/script>\n<!-- \/ Yoast SEO Premium plugin. -->","yoast_head_json":{"title":"Sanatseverler \u0130stanbul\u2019un \u00f6nemli m\u00fczeleriyle bulu\u015ftu - Av. Deniz Can K\u0131z\u0131l","robots":{"index":"index","follow":"follow","max-snippet":"max-snippet:-1","max-image-preview":"max-image-preview:large","max-video-preview":"max-video-preview:-1"},"canonical":"http:\/\/denizcankizil.tr\/de\/haberler\/gundem\/sanatseverler-istanbulun-onemli-muzeleriyle-bulustu\/","og_locale":"de_DE","og_type":"article","og_title":"Sanatseverler \u0130stanbul\u2019un \u00f6nemli m\u00fczeleriyle bulu\u015ftu","og_description":"M\u00fczeler Haftas\u0131\u2019nda \u0130stanbul\u2019un belli ba\u015fl\u0131 m\u00fczelerinden baz\u0131lar\u0131n\u0131 gezen vatanda\u015flara, Beylikd\u00fcz\u00fc Belediyesi \u00f6zel ara\u00e7lar\u0131yla ula\u015f\u0131m ve \u00fccretsiz ziyaret hizmeti sundu.\u0130STANBUL (\u0130GFA) &#8211; \u0130stanbul Beylikd\u00fcz\u00fc Belediyesi, 18-24 May\u0131s M\u00fczeler Haftas\u0131 kapsam\u0131nda il\u00e7edeki vatanda\u015flar\u0131 \u0130stanbul\u2019un \u00f6nemli k\u00fclt\u00fcr duraklar\u0131na ula\u015ft\u0131rd\u0131. \u0130l\u00e7e belediyeleri aras\u0131nda ilk e\u011fitim tarihi m\u00fczesi olma \u00f6zelli\u011fi ta\u015f\u0131yan R\u0131fat Ilgaz E\u011fitim Tarihi M\u00fczesi\u2019nden ba\u015flayan geziler, \u0130stanbul Modern M\u00fczesi, Orhan Kemal M\u00fczesi, Art\u0130stanbul Feshane ve \u0130stanbul Tasar\u0131m M\u00fczesi\u2019yle devam etti. Belediyenin web sitesinde yay\u0131nlanan formu doldurarak etkinli\u011fe kay\u0131t yapt\u0131ran vatanda\u015flar, \u00fccretli gezilebilen baz\u0131 m\u00fczelere de Beylikd\u00fcz\u00fc Belediyesi\u2019nin sundu\u011fu imk\u00e2nlarla \u00fccretsiz olarak faydaland\u0131lar. AHMET G\u00dcNE\u015eTEK\u0130N\u2019\u0130N \u201cKAYIP ALFABE\u201d SERG\u0130S\u0130 GEZ\u0130LD\u0130 Otob\u00fcslerle ula\u015f\u0131mlar\u0131 ve ia\u015feleri sa\u011flanan vatanda\u015flara m\u00fczelerde rehberler de e\u015flik etti. \u0130stanbul Modern\u2019de Renzo Piano, Chiharu Shiota, \u00d6mer Ulu\u00e7 ve \u0130zzet Keribar\u2019a ait eserleri g\u00f6rme \u015fans\u0131n\u0131 bulan sanatseverler, Feshane\u2019de Ahmet G\u00fcne\u015ftekin\u2019in \u201cKay\u0131p Alfabe\u201d adl\u0131 toplumsal i\u00e7erikli sergisinde yer alan b\u00fcy\u00fcleyici eserleri incelediler. Vatanda\u015flar ayr\u0131ca \u0130BB Miras\u2019\u0131n restore ederek Tasar\u0131m M\u00fczesi\u2019ne d\u00f6n\u00fc\u015ft\u00fcrd\u00fc\u011f\u00fc -eski ad\u0131yla- Tarihi D\u00f6k\u00fcmc\u00fcler \u00c7ar\u015f\u0131s\u0131\u2019n\u0131 gezdiler, S\u00fcleymaniye Camii\u2019nin bo\u011faz manzaral\u0131 avlusunda solukland\u0131lar. \u200bM\u00fczeler Haftas\u0131\u2019nda \u0130stanbul\u2019un belli ba\u015fl\u0131 m\u00fczelerinden baz\u0131lar\u0131n\u0131 gezen vatanda\u015flara, Beylikd\u00fcz\u00fc Belediyesi \u00f6zel ara\u00e7lar\u0131yla ula\u015f\u0131m ve \u00fccretsiz ziyaret hizmeti sundu.\u0130STANBUL (\u0130GFA) &#8211; \u0130stanbul Beylikd\u00fcz\u00fc Belediyesi, 18-24 May\u0131s M\u00fczeler Haftas\u0131 kapsam\u0131nda il\u00e7edeki vatanda\u015flar\u0131 \u0130stanbul\u2019un \u00f6nemli k\u00fclt\u00fcr duraklar\u0131na ula\u015ft\u0131rd\u0131. \u0130l\u00e7e belediyeleri aras\u0131nda ilk e\u011fitim tarihi &hellip;","og_url":"http:\/\/denizcankizil.tr\/de\/haberler\/gundem\/sanatseverler-istanbulun-onemli-muzeleriyle-bulustu\/","og_site_name":"Av. Deniz Can K\u0131z\u0131l","article_published_time":"2025-05-23T14:42:35+00:00","author":"admin","twitter_card":"summary_large_image","twitter_misc":{"Verfasst von":"admin","Gesch\u00e4tzte Lesezeit":"3\u00a0Minuten"},"schema":{"@context":"https:\/\/schema.org","@graph":[{"@type":"Article","@id":"http:\/\/denizcankizil.tr\/ru\/haberler\/gundem\/sanatseverler-istanbulun-onemli-muzeleriyle-bulustu\/#article","isPartOf":{"@id":"http:\/\/denizcankizil.tr\/ru\/haberler\/gundem\/sanatseverler-istanbulun-onemli-muzeleriyle-bulustu\/"},"author":{"name":"admin","@id":"https:\/\/denizcankizil.tr\/de\/#\/schema\/person\/be3c05fe6a12686905512445d8185489"},"headline":"Sanatseverler \u0130stanbul\u2019un \u00f6nemli m\u00fczeleriyle bulu\u015ftu","datePublished":"2025-05-23T14:42:35+00:00","mainEntityOfPage":{"@id":"http:\/\/denizcankizil.tr\/ru\/haberler\/gundem\/sanatseverler-istanbulun-onemli-muzeleriyle-bulustu\/"},"wordCount":526,"publisher":{"@id":"https:\/\/denizcankizil.tr\/de\/#organization"},"articleSection":["G\u00fcndem"],"inLanguage":"de"},{"@type":"WebPage","@id":"http:\/\/denizcankizil.tr\/ru\/haberler\/gundem\/sanatseverler-istanbulun-onemli-muzeleriyle-bulustu\/","url":"http:\/\/denizcankizil.tr\/ru\/haberler\/gundem\/sanatseverler-istanbulun-onemli-muzeleriyle-bulustu\/","name":"Sanatseverler \u0130stanbul\u2019un \u00f6nemli m\u00fczeleriyle bulu\u015ftu - Av. Deniz Can K\u0131z\u0131l","isPartOf":{"@id":"https:\/\/denizcankizil.tr\/de\/#website"},"datePublished":"2025-05-23T14:42:35+00:00","breadcrumb":{"@id":"http:\/\/denizcankizil.tr\/ru\/haberler\/gundem\/sanatseverler-istanbulun-onemli-muzeleriyle-bulustu\/#breadcrumb"},"inLanguage":"de","potentialAction":[{"@type":"ReadAction","target":["http:\/\/denizcankizil.tr\/ru\/haberler\/gundem\/sanatseverler-istanbulun-onemli-muzeleriyle-bulustu\/"]}]},{"@type":"BreadcrumbList","@id":"http:\/\/denizcankizil.tr\/ru\/haberler\/gundem\/sanatseverler-istanbulun-onemli-muzeleriyle-bulustu\/#breadcrumb","itemListElement":[{"@type":"ListItem","position":1,"name":"Home","item":"https:\/\/denizcankizil.tr\/de\/"},{"@type":"ListItem","position":2,"name":"Sanatseverler \u0130stanbul\u2019un \u00f6nemli m\u00fczeleriyle bulu\u015ftu"}]},{"@type":"WebSite","@id":"https:\/\/denizcankizil.tr\/de\/#website","url":"https:\/\/denizcankizil.tr\/de\/","name":"Av. Deniz Can K\u0131z\u0131l","description":"Avukat Deniz Can K\u0131z\u0131l Antalya Barosu","publisher":{"@id":"https:\/\/denizcankizil.tr\/de\/#organization"},"potentialAction":[{"@type":"SearchAction","target":{"@type":"EntryPoint","urlTemplate":"https:\/\/denizcankizil.tr\/de\/?s={search_term_string}"},"query-input":{"@type":"PropertyValueSpecification","valueRequired":true,"valueName":"search_term_string"}}],"inLanguage":"de"},{"@type":"Organization","@id":"https:\/\/denizcankizil.tr\/de\/#organization","name":"Av. Deniz Can K\u0131z\u0131l","url":"https:\/\/denizcankizil.tr\/de\/","logo":{"@type":"ImageObject","inLanguage":"de","@id":"https:\/\/denizcankizil.tr\/de\/#\/schema\/logo\/image\/","url":"http:\/\/denizcankizil.tr\/wp-content\/uploads\/2024\/10\/siyah-logo-svg.svg","contentUrl":"http:\/\/denizcankizil.tr\/wp-content\/uploads\/2024\/10\/siyah-logo-svg.svg","width":1080,"height":1080,"caption":"Av. Deniz Can K\u0131z\u0131l"},"image":{"@id":"https:\/\/denizcankizil.tr\/de\/#\/schema\/logo\/image\/"}},{"@type":"Person","@id":"https:\/\/denizcankizil.tr\/de\/#\/schema\/person\/be3c05fe6a12686905512445d8185489","name":"Administrator","image":{"@type":"ImageObject","inLanguage":"de","@id":"https:\/\/denizcankizil.tr\/de\/#\/schema\/person\/image\/","url":"https:\/\/secure.gravatar.com\/avatar\/c1fce94c830dc79107e174f890d7210541c4a63e8e5d816341794a2151c9d58c?s=96&d=mm&r=g","contentUrl":"https:\/\/secure.gravatar.com\/avatar\/c1fce94c830dc79107e174f890d7210541c4a63e8e5d816341794a2151c9d58c?s=96&d=mm&r=g","caption":"admin"},"sameAs":["http:\/\/denizcankizil.tr"],"url":"https:\/\/www.iskenderun.org\/sanatseverler-istanbulun-onemli-muzeleriyle-bulustu"}]}},"_links":{"self":[{"href":"http:\/\/denizcankizil.tr\/de\/wp-json\/wp\/v2\/posts\/94877","targetHints":{"allow":["GET"]}}],"collection":[{"href":"http:\/\/denizcankizil.tr\/de\/wp-json\/wp\/v2\/posts"}],"about":[{"href":"http:\/\/denizcankizil.tr\/de\/wp-json\/wp\/v2\/types\/post"}],"author":[{"embeddable":true,"href":"http:\/\/denizcankizil.tr\/de\/wp-json\/wp\/v2\/users\/1"}],"replies":[{"embeddable":true,"href":"http:\/\/denizcankizil.tr\/de\/wp-json\/wp\/v2\/comments?post=94877"}],"version-history":[{"count":0,"href":"http:\/\/denizcankizil.tr\/de\/wp-json\/wp\/v2\/posts\/94877\/revisions"}],"wp:attachment":[{"href":"http:\/\/denizcankizil.tr\/de\/wp-json\/wp\/v2\/media?parent=94877"}],"wp:term":[{"taxonomy":"category","embeddable":true,"href":"http:\/\/denizcankizil.tr\/de\/wp-json\/wp\/v2\/categories?post=94877"},{"taxonomy":"post_tag","embeddable":true,"href":"http:\/\/denizcankizil.tr\/de\/wp-json\/wp\/v2\/tags?post=94877"}],"curies":[{"name":"wp","href":"https:\/\/api.w.org\/{rel}","templated":true}]}}