{"id":93507,"date":"2025-05-21T09:43:12","date_gmt":"2025-05-21T06:43:12","guid":{"rendered":"https:\/\/denizcankizil.tr\/uncategorized-tr\/isyeri-tehlike-siniflarina-yeni-ayar-kurye-faaliyetleri-tehlikeli-statuye-alindi-2\/"},"modified":"2025-05-21T09:43:12","modified_gmt":"2025-05-21T06:43:12","slug":"isyeri-tehlike-siniflarina-yeni-ayar-kurye-faaliyetleri-tehlikeli-statuye-alindi-2","status":"publish","type":"post","link":"http:\/\/denizcankizil.tr\/de\/haberler\/gundem\/isyeri-tehlike-siniflarina-yeni-ayar-kurye-faaliyetleri-tehlikeli-statuye-alindi-2\/","title":{"rendered":"\u0130\u015fyeri tehlike s\u0131n\u0131flar\u0131na yeni ayar! Kurye faaliyetleri &#8216;tehlikeli&#8217; stat\u00fcye al\u0131nd\u0131"},"content":{"rendered":"<p>\u00c7al\u0131\u015fma ve Sosyal G\u00fcvenlik Bakanl\u0131\u011f\u0131, \u0130\u015f Sa\u011fl\u0131\u011f\u0131 ve G\u00fcvenli\u011fine \u0130li\u015fkin \u0130\u015fyeri Tehlike S\u0131n\u0131flar\u0131 Tebli\u011finde de\u011fi\u015fiklik yapt\u0131. Makarna imalat\u0131, askeri hava ta\u015f\u0131tlar\u0131 ile uzay ara\u00e7lar\u0131n\u0131n bak\u0131m-onar\u0131m\u0131 ve kurye faaliyetleri \u201ctehlikeli\u201d s\u0131n\u0131f\u0131na al\u0131nd\u0131.ANKARA (\u0130GFA) &#8211; \u00c7al\u0131\u015fma ve Sosyal G\u00fcvenlik Bakanl\u0131\u011f\u0131, 26 Aral\u0131k 2012 tarihli ve 28509 say\u0131l\u0131 Resm\u00ee Gazete\u2019de yay\u0131mlanan \u0130\u015f Sa\u011fl\u0131\u011f\u0131 ve G\u00fcvenli\u011fine \u0130li\u015fkin \u0130\u015fyeri Tehlike S\u0131n\u0131flar\u0131 Tebli\u011finin ekinde g\u00fcncelleme yapt\u0131.<br \/>\nBug\u00fcnk\u00fc Resmi Gazete&#8217;de yay\u0131mlanan yeni d\u00fczenlemeyle, \u201cdoldurulmu\u015f ve dondurulmu\u015f olanlar dahil makarna, \u015fehriye, kuskus ve benzeri mamullerin imalat\u0131\u201d, \u201caskeri hava ta\u015f\u0131tlar\u0131 ve uzay ara\u00e7lar\u0131n\u0131n bak\u0131m-onar\u0131m\u0131\u201d ile kara, deniz ve hava yoluyla yap\u0131lanlar dahil \u201ckurye faaliyetleri\u201d tehlikeli s\u0131n\u0131f\u0131na dahil edildi.<br \/>\nTebli\u011fde, &#8216;tehlikeli&#8217; s\u0131n\u0131fa dahil olan kurye faaliyetlerinde evrensel hizmet y\u00fck\u00fcml\u00fcl\u00fc\u011f\u00fc alt\u0131nda postac\u0131l\u0131k ile g\u0131da da\u011f\u0131t\u0131m faaliyetleri hari\u00e7 tutuldu.<\/p>\n<p>\u200b\u00c7al\u0131\u015fma ve Sosyal G\u00fcvenlik Bakanl\u0131\u011f\u0131, \u0130\u015f Sa\u011fl\u0131\u011f\u0131 ve G\u00fcvenli\u011fine \u0130li\u015fkin \u0130\u015fyeri Tehlike S\u0131n\u0131flar\u0131 Tebli\u011finde de\u011fi\u015fiklik yapt\u0131. Makarna imalat\u0131, askeri hava ta\u015f\u0131tlar\u0131 ile uzay ara\u00e7lar\u0131n\u0131n bak\u0131m-onar\u0131m\u0131 ve kurye faaliyetleri \u201ctehlikeli\u201d s\u0131n\u0131f\u0131na al\u0131nd\u0131.ANKARA (\u0130GFA) &#8211; \u00c7al\u0131\u015fma ve Sosyal G\u00fcvenlik Bakanl\u0131\u011f\u0131, 26 Aral\u0131k 2012 tarihli ve 28509 say\u0131l\u0131 Resm\u00ee Gazete\u2019de yay\u0131mlanan \u0130\u015f Sa\u011fl\u0131\u011f\u0131 ve G\u00fcvenli\u011fine \u0130li\u015fkin \u0130\u015fyeri Tehlike S\u0131n\u0131flar\u0131 Tebli\u011finin ekinde g\u00fcncelleme yapt\u0131.<br \/>\nBug\u00fcnk\u00fc Resmi Gazete&#8217;de yay\u0131mlanan yeni d\u00fczenlemeyle, \u201cdoldurulmu\u015f ve dondurulmu\u015f olanlar dahil makarna, \u015fehriye, kuskus ve benzeri mamullerin imalat\u0131\u201d, \u201caskeri hava ta\u015f\u0131tlar\u0131 ve uzay ara\u00e7lar\u0131n\u0131n bak\u0131m-onar\u0131m\u0131\u201d ile kara, deniz ve hava yoluyla yap\u0131lanlar dahil \u201ckurye faaliyetleri\u201d tehlikeli s\u0131n\u0131f\u0131na dahil edildi.<br \/>\nTebli\u011fde, &#8216;tehlikeli&#8217; s\u0131n\u0131fa dahil olan kurye faaliyetlerinde evrensel hizmet y\u00fck\u00fcml\u00fcl\u00fc\u011f\u00fc alt\u0131nda postac\u0131l\u0131k ile g\u0131da da\u011f\u0131t\u0131m faaliyetleri hari\u00e7 tutuldu.\u00a0<\/p>\n<p>\u200bHaberin Al\u0131nt\u0131land\u0131\u011f\u0131 Kaynak: www.iskenderun.org<\/p>","protected":false},"excerpt":{"rendered":"<p>\u00c7al\u0131\u015fma ve Sosyal G\u00fcvenlik Bakanl\u0131\u011f\u0131, \u0130\u015f Sa\u011fl\u0131\u011f\u0131 ve G\u00fcvenli\u011fine \u0130li\u015fkin \u0130\u015fyeri Tehlike S\u0131n\u0131flar\u0131 Tebli\u011finde de\u011fi\u015fiklik yapt\u0131. Makarna imalat\u0131, askeri hava ta\u015f\u0131tlar\u0131 ile uzay ara\u00e7lar\u0131n\u0131n bak\u0131m-onar\u0131m\u0131 ve kurye faaliyetleri \u201ctehlikeli\u201d s\u0131n\u0131f\u0131na al\u0131nd\u0131.ANKARA (\u0130GFA) &#8211; \u00c7al\u0131\u015fma ve Sosyal G\u00fcvenlik Bakanl\u0131\u011f\u0131, 26 Aral\u0131k 2012 tarihli ve 28509 say\u0131l\u0131 Resm\u00ee Gazete\u2019de yay\u0131mlanan \u0130\u015f Sa\u011fl\u0131\u011f\u0131 ve G\u00fcvenli\u011fine \u0130li\u015fkin \u0130\u015fyeri Tehlike S\u0131n\u0131flar\u0131 Tebli\u011finin ekinde g\u00fcncelleme yapt\u0131. Bug\u00fcnk\u00fc Resmi Gazete&#8217;de yay\u0131mlanan yeni d\u00fczenlemeyle, \u201cdoldurulmu\u015f ve dondurulmu\u015f olanlar dahil makarna, \u015fehriye, kuskus ve benzeri mamullerin imalat\u0131\u201d, \u201caskeri hava ta\u015f\u0131tlar\u0131 ve uzay ara\u00e7lar\u0131n\u0131n bak\u0131m-onar\u0131m\u0131\u201d ile kara, deniz ve hava yoluyla yap\u0131lanlar dahil \u201ckurye faaliyetleri\u201d tehlikeli s\u0131n\u0131f\u0131na dahil edildi. Tebli\u011fde, &#8216;tehlikeli&#8217; s\u0131n\u0131fa dahil olan kurye faaliyetlerinde evrensel hizmet y\u00fck\u00fcml\u00fcl\u00fc\u011f\u00fc alt\u0131nda postac\u0131l\u0131k ile g\u0131da da\u011f\u0131t\u0131m faaliyetleri hari\u00e7 tutuldu. \u200b\u00c7al\u0131\u015fma ve Sosyal G\u00fcvenlik Bakanl\u0131\u011f\u0131, \u0130\u015f Sa\u011fl\u0131\u011f\u0131 ve G\u00fcvenli\u011fine \u0130li\u015fkin \u0130\u015fyeri Tehlike S\u0131n\u0131flar\u0131 Tebli\u011finde de\u011fi\u015fiklik yapt\u0131. Makarna imalat\u0131, askeri hava ta\u015f\u0131tlar\u0131 ile uzay ara\u00e7lar\u0131n\u0131n bak\u0131m-onar\u0131m\u0131 ve kurye faaliyetleri \u201ctehlikeli\u201d s\u0131n\u0131f\u0131na al\u0131nd\u0131.ANKARA (\u0130GFA) &#8211; \u00c7al\u0131\u015fma ve Sosyal G\u00fcvenlik Bakanl\u0131\u011f\u0131, 26 Aral\u0131k 2012 tarihli ve 28509 say\u0131l\u0131 Resm\u00ee Gazete\u2019de yay\u0131mlanan \u0130\u015f Sa\u011fl\u0131\u011f\u0131 ve G\u00fcvenli\u011fine \u0130li\u015fkin \u0130\u015fyeri Tehlike S\u0131n\u0131flar\u0131 Tebli\u011finin ekinde g\u00fcncelleme yapt\u0131. Bug\u00fcnk\u00fc Resmi Gazete&#8217;de yay\u0131mlanan yeni d\u00fczenlemeyle, \u201cdoldurulmu\u015f ve dondurulmu\u015f olanlar dahil makarna, \u015fehriye, kuskus ve benzeri mamullerin imalat\u0131\u201d, \u201caskeri hava ta\u015f\u0131tlar\u0131 ve uzay &hellip;<\/p>","protected":false},"author":1,"featured_media":0,"comment_status":"","ping_status":"open","sticky":false,"template":"","format":"standard","meta":{"_acf_changed":false,"footnotes":""},"categories":[24],"tags":[],"class_list":["post-93507","post","type-post","status-publish","format-standard","has-post-thumbnail","hentry","category-gundem"],"acf":[],"yoast_head":"<!-- This site is optimized with the Yoast SEO Premium plugin v26.6 (Yoast SEO v27.1.1) - https:\/\/yoast.com\/product\/yoast-seo-premium-wordpress\/ -->\n<title>\u0130\u015fyeri tehlike s\u0131n\u0131flar\u0131na yeni ayar! Kurye faaliyetleri &#039;tehlikeli&#039; stat\u00fcye al\u0131nd\u0131 - Av. Deniz Can K\u0131z\u0131l<\/title>\n<meta name=\"robots\" content=\"index, follow, max-snippet:-1, max-image-preview:large, max-video-preview:-1\" \/>\n<link rel=\"canonical\" href=\"http:\/\/denizcankizil.tr\/de\/haberler\/gundem\/isyeri-tehlike-siniflarina-yeni-ayar-kurye-faaliyetleri-tehlikeli-statuye-alindi-2\/\" \/>\n<meta property=\"og:locale\" content=\"de_DE\" \/>\n<meta property=\"og:type\" content=\"article\" \/>\n<meta property=\"og:title\" content=\"\u0130\u015fyeri tehlike s\u0131n\u0131flar\u0131na yeni ayar! Kurye faaliyetleri &#039;tehlikeli&#039; stat\u00fcye al\u0131nd\u0131\" \/>\n<meta property=\"og:description\" content=\"\u00c7al\u0131\u015fma ve Sosyal G\u00fcvenlik Bakanl\u0131\u011f\u0131, \u0130\u015f Sa\u011fl\u0131\u011f\u0131 ve G\u00fcvenli\u011fine \u0130li\u015fkin \u0130\u015fyeri Tehlike S\u0131n\u0131flar\u0131 Tebli\u011finde de\u011fi\u015fiklik yapt\u0131. Makarna imalat\u0131, askeri hava ta\u015f\u0131tlar\u0131 ile uzay ara\u00e7lar\u0131n\u0131n bak\u0131m-onar\u0131m\u0131 ve kurye faaliyetleri \u201ctehlikeli\u201d s\u0131n\u0131f\u0131na al\u0131nd\u0131.ANKARA (\u0130GFA) &#8211; \u00c7al\u0131\u015fma ve Sosyal G\u00fcvenlik Bakanl\u0131\u011f\u0131, 26 Aral\u0131k 2012 tarihli ve 28509 say\u0131l\u0131 Resm\u00ee Gazete\u2019de yay\u0131mlanan \u0130\u015f Sa\u011fl\u0131\u011f\u0131 ve G\u00fcvenli\u011fine \u0130li\u015fkin \u0130\u015fyeri Tehlike S\u0131n\u0131flar\u0131 Tebli\u011finin ekinde g\u00fcncelleme yapt\u0131. Bug\u00fcnk\u00fc Resmi Gazete&#8217;de yay\u0131mlanan yeni d\u00fczenlemeyle, \u201cdoldurulmu\u015f ve dondurulmu\u015f olanlar dahil makarna, \u015fehriye, kuskus ve benzeri mamullerin imalat\u0131\u201d, \u201caskeri hava ta\u015f\u0131tlar\u0131 ve uzay ara\u00e7lar\u0131n\u0131n bak\u0131m-onar\u0131m\u0131\u201d ile kara, deniz ve hava yoluyla yap\u0131lanlar dahil \u201ckurye faaliyetleri\u201d tehlikeli s\u0131n\u0131f\u0131na dahil edildi. Tebli\u011fde, &#8216;tehlikeli&#8217; s\u0131n\u0131fa dahil olan kurye faaliyetlerinde evrensel hizmet y\u00fck\u00fcml\u00fcl\u00fc\u011f\u00fc alt\u0131nda postac\u0131l\u0131k ile g\u0131da da\u011f\u0131t\u0131m faaliyetleri hari\u00e7 tutuldu. \u200b\u00c7al\u0131\u015fma ve Sosyal G\u00fcvenlik Bakanl\u0131\u011f\u0131, \u0130\u015f Sa\u011fl\u0131\u011f\u0131 ve G\u00fcvenli\u011fine \u0130li\u015fkin \u0130\u015fyeri Tehlike S\u0131n\u0131flar\u0131 Tebli\u011finde de\u011fi\u015fiklik yapt\u0131. Makarna imalat\u0131, askeri hava ta\u015f\u0131tlar\u0131 ile uzay ara\u00e7lar\u0131n\u0131n bak\u0131m-onar\u0131m\u0131 ve kurye faaliyetleri \u201ctehlikeli\u201d s\u0131n\u0131f\u0131na al\u0131nd\u0131.ANKARA (\u0130GFA) &#8211; \u00c7al\u0131\u015fma ve Sosyal G\u00fcvenlik Bakanl\u0131\u011f\u0131, 26 Aral\u0131k 2012 tarihli ve 28509 say\u0131l\u0131 Resm\u00ee Gazete\u2019de yay\u0131mlanan \u0130\u015f Sa\u011fl\u0131\u011f\u0131 ve G\u00fcvenli\u011fine \u0130li\u015fkin \u0130\u015fyeri Tehlike S\u0131n\u0131flar\u0131 Tebli\u011finin ekinde g\u00fcncelleme yapt\u0131. Bug\u00fcnk\u00fc Resmi Gazete&#8217;de yay\u0131mlanan yeni d\u00fczenlemeyle, \u201cdoldurulmu\u015f ve dondurulmu\u015f olanlar dahil makarna, \u015fehriye, kuskus ve benzeri mamullerin imalat\u0131\u201d, \u201caskeri hava ta\u015f\u0131tlar\u0131 ve uzay &hellip;\" \/>\n<meta property=\"og:url\" content=\"http:\/\/denizcankizil.tr\/de\/haberler\/gundem\/isyeri-tehlike-siniflarina-yeni-ayar-kurye-faaliyetleri-tehlikeli-statuye-alindi-2\/\" \/>\n<meta property=\"og:site_name\" content=\"Av. Deniz Can K\u0131z\u0131l\" \/>\n<meta property=\"article:published_time\" content=\"2025-05-21T06:43:12+00:00\" \/>\n<meta name=\"author\" content=\"admin\" \/>\n<meta name=\"twitter:card\" content=\"summary_large_image\" \/>\n<meta name=\"twitter:label1\" content=\"Verfasst von\" \/>\n\t<meta name=\"twitter:data1\" content=\"admin\" \/>\n\t<meta name=\"twitter:label2\" content=\"Gesch\u00e4tzte Lesezeit\" \/>\n\t<meta name=\"twitter:data2\" content=\"2\u00a0Minuten\" \/>\n<script type=\"application\/ld+json\" class=\"yoast-schema-graph\">{\"@context\":\"https:\/\/schema.org\",\"@graph\":[{\"@type\":\"Article\",\"@id\":\"http:\/\/denizcankizil.tr\/de\/haberler\/gundem\/isyeri-tehlike-siniflarina-yeni-ayar-kurye-faaliyetleri-tehlikeli-statuye-alindi-2\/#article\",\"isPartOf\":{\"@id\":\"http:\/\/denizcankizil.tr\/de\/haberler\/gundem\/isyeri-tehlike-siniflarina-yeni-ayar-kurye-faaliyetleri-tehlikeli-statuye-alindi-2\/\"},\"author\":{\"name\":\"admin\",\"@id\":\"https:\/\/denizcankizil.tr\/de\/#\/schema\/person\/be3c05fe6a12686905512445d8185489\"},\"headline\":\"\u0130\u015fyeri tehlike s\u0131n\u0131flar\u0131na yeni ayar! Kurye faaliyetleri &#8216;tehlikeli&#8217; stat\u00fcye al\u0131nd\u0131\",\"datePublished\":\"2025-05-21T06:43:12+00:00\",\"mainEntityOfPage\":{\"@id\":\"http:\/\/denizcankizil.tr\/de\/haberler\/gundem\/isyeri-tehlike-siniflarina-yeni-ayar-kurye-faaliyetleri-tehlikeli-statuye-alindi-2\/\"},\"wordCount\":371,\"publisher\":{\"@id\":\"https:\/\/denizcankizil.tr\/de\/#organization\"},\"articleSection\":[\"G\u00fcndem\"],\"inLanguage\":\"de\"},{\"@type\":\"WebPage\",\"@id\":\"http:\/\/denizcankizil.tr\/de\/haberler\/gundem\/isyeri-tehlike-siniflarina-yeni-ayar-kurye-faaliyetleri-tehlikeli-statuye-alindi-2\/\",\"url\":\"http:\/\/denizcankizil.tr\/de\/haberler\/gundem\/isyeri-tehlike-siniflarina-yeni-ayar-kurye-faaliyetleri-tehlikeli-statuye-alindi-2\/\",\"name\":\"\u0130\u015fyeri tehlike s\u0131n\u0131flar\u0131na yeni ayar! Kurye faaliyetleri 'tehlikeli' stat\u00fcye al\u0131nd\u0131 - Av. Deniz Can K\u0131z\u0131l\",\"isPartOf\":{\"@id\":\"https:\/\/denizcankizil.tr\/de\/#website\"},\"datePublished\":\"2025-05-21T06:43:12+00:00\",\"breadcrumb\":{\"@id\":\"http:\/\/denizcankizil.tr\/de\/haberler\/gundem\/isyeri-tehlike-siniflarina-yeni-ayar-kurye-faaliyetleri-tehlikeli-statuye-alindi-2\/#breadcrumb\"},\"inLanguage\":\"de\",\"potentialAction\":[{\"@type\":\"ReadAction\",\"target\":[\"http:\/\/denizcankizil.tr\/de\/haberler\/gundem\/isyeri-tehlike-siniflarina-yeni-ayar-kurye-faaliyetleri-tehlikeli-statuye-alindi-2\/\"]}]},{\"@type\":\"BreadcrumbList\",\"@id\":\"http:\/\/denizcankizil.tr\/de\/haberler\/gundem\/isyeri-tehlike-siniflarina-yeni-ayar-kurye-faaliyetleri-tehlikeli-statuye-alindi-2\/#breadcrumb\",\"itemListElement\":[{\"@type\":\"ListItem\",\"position\":1,\"name\":\"Home\",\"item\":\"https:\/\/denizcankizil.tr\/de\/\"},{\"@type\":\"ListItem\",\"position\":2,\"name\":\"\u0130\u015fyeri tehlike s\u0131n\u0131flar\u0131na yeni ayar! Kurye faaliyetleri &#8216;tehlikeli&#8217; stat\u00fcye al\u0131nd\u0131\"}]},{\"@type\":\"WebSite\",\"@id\":\"https:\/\/denizcankizil.tr\/de\/#website\",\"url\":\"https:\/\/denizcankizil.tr\/de\/\",\"name\":\"Av. Deniz Can K\u0131z\u0131l\",\"description\":\"Avukat Deniz Can K\u0131z\u0131l Antalya Barosu\",\"publisher\":{\"@id\":\"https:\/\/denizcankizil.tr\/de\/#organization\"},\"potentialAction\":[{\"@type\":\"SearchAction\",\"target\":{\"@type\":\"EntryPoint\",\"urlTemplate\":\"https:\/\/denizcankizil.tr\/de\/?s={search_term_string}\"},\"query-input\":{\"@type\":\"PropertyValueSpecification\",\"valueRequired\":true,\"valueName\":\"search_term_string\"}}],\"inLanguage\":\"de\"},{\"@type\":\"Organization\",\"@id\":\"https:\/\/denizcankizil.tr\/de\/#organization\",\"name\":\"Av. Deniz Can K\u0131z\u0131l\",\"url\":\"https:\/\/denizcankizil.tr\/de\/\",\"logo\":{\"@type\":\"ImageObject\",\"inLanguage\":\"de\",\"@id\":\"https:\/\/denizcankizil.tr\/de\/#\/schema\/logo\/image\/\",\"url\":\"http:\/\/denizcankizil.tr\/wp-content\/uploads\/2024\/10\/siyah-logo-svg.svg\",\"contentUrl\":\"http:\/\/denizcankizil.tr\/wp-content\/uploads\/2024\/10\/siyah-logo-svg.svg\",\"width\":1080,\"height\":1080,\"caption\":\"Av. Deniz Can K\u0131z\u0131l\"},\"image\":{\"@id\":\"https:\/\/denizcankizil.tr\/de\/#\/schema\/logo\/image\/\"}},{\"@type\":\"Person\",\"@id\":\"https:\/\/denizcankizil.tr\/de\/#\/schema\/person\/be3c05fe6a12686905512445d8185489\",\"name\":\"admin\",\"image\":{\"@type\":\"ImageObject\",\"inLanguage\":\"de\",\"@id\":\"https:\/\/denizcankizil.tr\/de\/#\/schema\/person\/image\/\",\"url\":\"https:\/\/secure.gravatar.com\/avatar\/c1fce94c830dc79107e174f890d7210541c4a63e8e5d816341794a2151c9d58c?s=96&d=mm&r=g\",\"contentUrl\":\"https:\/\/secure.gravatar.com\/avatar\/c1fce94c830dc79107e174f890d7210541c4a63e8e5d816341794a2151c9d58c?s=96&d=mm&r=g\",\"caption\":\"admin\"},\"sameAs\":[\"http:\/\/denizcankizil.tr\"],\"url\":\"https:\/\/www.iskenderun.org\/isyeri-tehlike-siniflarina-yeni-ayar-kurye-faaliyetleri-tehlikeli-statuye-alindi\"}]}<\/script>\n<!-- \/ Yoast SEO Premium plugin. -->","yoast_head_json":{"title":"\u0130\u015fyeri tehlike s\u0131n\u0131flar\u0131na yeni ayar! Kurye faaliyetleri 'tehlikeli' stat\u00fcye al\u0131nd\u0131 - Av. Deniz Can K\u0131z\u0131l","robots":{"index":"index","follow":"follow","max-snippet":"max-snippet:-1","max-image-preview":"max-image-preview:large","max-video-preview":"max-video-preview:-1"},"canonical":"http:\/\/denizcankizil.tr\/de\/haberler\/gundem\/isyeri-tehlike-siniflarina-yeni-ayar-kurye-faaliyetleri-tehlikeli-statuye-alindi-2\/","og_locale":"de_DE","og_type":"article","og_title":"\u0130\u015fyeri tehlike s\u0131n\u0131flar\u0131na yeni ayar! Kurye faaliyetleri 'tehlikeli' stat\u00fcye al\u0131nd\u0131","og_description":"\u00c7al\u0131\u015fma ve Sosyal G\u00fcvenlik Bakanl\u0131\u011f\u0131, \u0130\u015f Sa\u011fl\u0131\u011f\u0131 ve G\u00fcvenli\u011fine \u0130li\u015fkin \u0130\u015fyeri Tehlike S\u0131n\u0131flar\u0131 Tebli\u011finde de\u011fi\u015fiklik yapt\u0131. Makarna imalat\u0131, askeri hava ta\u015f\u0131tlar\u0131 ile uzay ara\u00e7lar\u0131n\u0131n bak\u0131m-onar\u0131m\u0131 ve kurye faaliyetleri \u201ctehlikeli\u201d s\u0131n\u0131f\u0131na al\u0131nd\u0131.ANKARA (\u0130GFA) &#8211; \u00c7al\u0131\u015fma ve Sosyal G\u00fcvenlik Bakanl\u0131\u011f\u0131, 26 Aral\u0131k 2012 tarihli ve 28509 say\u0131l\u0131 Resm\u00ee Gazete\u2019de yay\u0131mlanan \u0130\u015f Sa\u011fl\u0131\u011f\u0131 ve G\u00fcvenli\u011fine \u0130li\u015fkin \u0130\u015fyeri Tehlike S\u0131n\u0131flar\u0131 Tebli\u011finin ekinde g\u00fcncelleme yapt\u0131. Bug\u00fcnk\u00fc Resmi Gazete&#8217;de yay\u0131mlanan yeni d\u00fczenlemeyle, \u201cdoldurulmu\u015f ve dondurulmu\u015f olanlar dahil makarna, \u015fehriye, kuskus ve benzeri mamullerin imalat\u0131\u201d, \u201caskeri hava ta\u015f\u0131tlar\u0131 ve uzay ara\u00e7lar\u0131n\u0131n bak\u0131m-onar\u0131m\u0131\u201d ile kara, deniz ve hava yoluyla yap\u0131lanlar dahil \u201ckurye faaliyetleri\u201d tehlikeli s\u0131n\u0131f\u0131na dahil edildi. Tebli\u011fde, &#8216;tehlikeli&#8217; s\u0131n\u0131fa dahil olan kurye faaliyetlerinde evrensel hizmet y\u00fck\u00fcml\u00fcl\u00fc\u011f\u00fc alt\u0131nda postac\u0131l\u0131k ile g\u0131da da\u011f\u0131t\u0131m faaliyetleri hari\u00e7 tutuldu. \u200b\u00c7al\u0131\u015fma ve Sosyal G\u00fcvenlik Bakanl\u0131\u011f\u0131, \u0130\u015f Sa\u011fl\u0131\u011f\u0131 ve G\u00fcvenli\u011fine \u0130li\u015fkin \u0130\u015fyeri Tehlike S\u0131n\u0131flar\u0131 Tebli\u011finde de\u011fi\u015fiklik yapt\u0131. Makarna imalat\u0131, askeri hava ta\u015f\u0131tlar\u0131 ile uzay ara\u00e7lar\u0131n\u0131n bak\u0131m-onar\u0131m\u0131 ve kurye faaliyetleri \u201ctehlikeli\u201d s\u0131n\u0131f\u0131na al\u0131nd\u0131.ANKARA (\u0130GFA) &#8211; \u00c7al\u0131\u015fma ve Sosyal G\u00fcvenlik Bakanl\u0131\u011f\u0131, 26 Aral\u0131k 2012 tarihli ve 28509 say\u0131l\u0131 Resm\u00ee Gazete\u2019de yay\u0131mlanan \u0130\u015f Sa\u011fl\u0131\u011f\u0131 ve G\u00fcvenli\u011fine \u0130li\u015fkin \u0130\u015fyeri Tehlike S\u0131n\u0131flar\u0131 Tebli\u011finin ekinde g\u00fcncelleme yapt\u0131. Bug\u00fcnk\u00fc Resmi Gazete&#8217;de yay\u0131mlanan yeni d\u00fczenlemeyle, \u201cdoldurulmu\u015f ve dondurulmu\u015f olanlar dahil makarna, \u015fehriye, kuskus ve benzeri mamullerin imalat\u0131\u201d, \u201caskeri hava ta\u015f\u0131tlar\u0131 ve uzay &hellip;","og_url":"http:\/\/denizcankizil.tr\/de\/haberler\/gundem\/isyeri-tehlike-siniflarina-yeni-ayar-kurye-faaliyetleri-tehlikeli-statuye-alindi-2\/","og_site_name":"Av. Deniz Can K\u0131z\u0131l","article_published_time":"2025-05-21T06:43:12+00:00","author":"admin","twitter_card":"summary_large_image","twitter_misc":{"Verfasst von":"admin","Gesch\u00e4tzte Lesezeit":"2\u00a0Minuten"},"schema":{"@context":"https:\/\/schema.org","@graph":[{"@type":"Article","@id":"http:\/\/denizcankizil.tr\/de\/haberler\/gundem\/isyeri-tehlike-siniflarina-yeni-ayar-kurye-faaliyetleri-tehlikeli-statuye-alindi-2\/#article","isPartOf":{"@id":"http:\/\/denizcankizil.tr\/de\/haberler\/gundem\/isyeri-tehlike-siniflarina-yeni-ayar-kurye-faaliyetleri-tehlikeli-statuye-alindi-2\/"},"author":{"name":"admin","@id":"https:\/\/denizcankizil.tr\/de\/#\/schema\/person\/be3c05fe6a12686905512445d8185489"},"headline":"\u0130\u015fyeri tehlike s\u0131n\u0131flar\u0131na yeni ayar! Kurye faaliyetleri &#8216;tehlikeli&#8217; stat\u00fcye al\u0131nd\u0131","datePublished":"2025-05-21T06:43:12+00:00","mainEntityOfPage":{"@id":"http:\/\/denizcankizil.tr\/de\/haberler\/gundem\/isyeri-tehlike-siniflarina-yeni-ayar-kurye-faaliyetleri-tehlikeli-statuye-alindi-2\/"},"wordCount":371,"publisher":{"@id":"https:\/\/denizcankizil.tr\/de\/#organization"},"articleSection":["G\u00fcndem"],"inLanguage":"de"},{"@type":"WebPage","@id":"http:\/\/denizcankizil.tr\/de\/haberler\/gundem\/isyeri-tehlike-siniflarina-yeni-ayar-kurye-faaliyetleri-tehlikeli-statuye-alindi-2\/","url":"http:\/\/denizcankizil.tr\/de\/haberler\/gundem\/isyeri-tehlike-siniflarina-yeni-ayar-kurye-faaliyetleri-tehlikeli-statuye-alindi-2\/","name":"\u0130\u015fyeri tehlike s\u0131n\u0131flar\u0131na yeni ayar! Kurye faaliyetleri 'tehlikeli' stat\u00fcye al\u0131nd\u0131 - Av. Deniz Can K\u0131z\u0131l","isPartOf":{"@id":"https:\/\/denizcankizil.tr\/de\/#website"},"datePublished":"2025-05-21T06:43:12+00:00","breadcrumb":{"@id":"http:\/\/denizcankizil.tr\/de\/haberler\/gundem\/isyeri-tehlike-siniflarina-yeni-ayar-kurye-faaliyetleri-tehlikeli-statuye-alindi-2\/#breadcrumb"},"inLanguage":"de","potentialAction":[{"@type":"ReadAction","target":["http:\/\/denizcankizil.tr\/de\/haberler\/gundem\/isyeri-tehlike-siniflarina-yeni-ayar-kurye-faaliyetleri-tehlikeli-statuye-alindi-2\/"]}]},{"@type":"BreadcrumbList","@id":"http:\/\/denizcankizil.tr\/de\/haberler\/gundem\/isyeri-tehlike-siniflarina-yeni-ayar-kurye-faaliyetleri-tehlikeli-statuye-alindi-2\/#breadcrumb","itemListElement":[{"@type":"ListItem","position":1,"name":"Home","item":"https:\/\/denizcankizil.tr\/de\/"},{"@type":"ListItem","position":2,"name":"\u0130\u015fyeri tehlike s\u0131n\u0131flar\u0131na yeni ayar! Kurye faaliyetleri &#8216;tehlikeli&#8217; stat\u00fcye al\u0131nd\u0131"}]},{"@type":"WebSite","@id":"https:\/\/denizcankizil.tr\/de\/#website","url":"https:\/\/denizcankizil.tr\/de\/","name":"Av. Deniz Can K\u0131z\u0131l","description":"Avukat Deniz Can K\u0131z\u0131l Antalya Barosu","publisher":{"@id":"https:\/\/denizcankizil.tr\/de\/#organization"},"potentialAction":[{"@type":"SearchAction","target":{"@type":"EntryPoint","urlTemplate":"https:\/\/denizcankizil.tr\/de\/?s={search_term_string}"},"query-input":{"@type":"PropertyValueSpecification","valueRequired":true,"valueName":"search_term_string"}}],"inLanguage":"de"},{"@type":"Organization","@id":"https:\/\/denizcankizil.tr\/de\/#organization","name":"Av. Deniz Can K\u0131z\u0131l","url":"https:\/\/denizcankizil.tr\/de\/","logo":{"@type":"ImageObject","inLanguage":"de","@id":"https:\/\/denizcankizil.tr\/de\/#\/schema\/logo\/image\/","url":"http:\/\/denizcankizil.tr\/wp-content\/uploads\/2024\/10\/siyah-logo-svg.svg","contentUrl":"http:\/\/denizcankizil.tr\/wp-content\/uploads\/2024\/10\/siyah-logo-svg.svg","width":1080,"height":1080,"caption":"Av. Deniz Can K\u0131z\u0131l"},"image":{"@id":"https:\/\/denizcankizil.tr\/de\/#\/schema\/logo\/image\/"}},{"@type":"Person","@id":"https:\/\/denizcankizil.tr\/de\/#\/schema\/person\/be3c05fe6a12686905512445d8185489","name":"Administrator","image":{"@type":"ImageObject","inLanguage":"de","@id":"https:\/\/denizcankizil.tr\/de\/#\/schema\/person\/image\/","url":"https:\/\/secure.gravatar.com\/avatar\/c1fce94c830dc79107e174f890d7210541c4a63e8e5d816341794a2151c9d58c?s=96&d=mm&r=g","contentUrl":"https:\/\/secure.gravatar.com\/avatar\/c1fce94c830dc79107e174f890d7210541c4a63e8e5d816341794a2151c9d58c?s=96&d=mm&r=g","caption":"admin"},"sameAs":["http:\/\/denizcankizil.tr"],"url":"https:\/\/www.iskenderun.org\/isyeri-tehlike-siniflarina-yeni-ayar-kurye-faaliyetleri-tehlikeli-statuye-alindi"}]}},"_links":{"self":[{"href":"http:\/\/denizcankizil.tr\/de\/wp-json\/wp\/v2\/posts\/93507","targetHints":{"allow":["GET"]}}],"collection":[{"href":"http:\/\/denizcankizil.tr\/de\/wp-json\/wp\/v2\/posts"}],"about":[{"href":"http:\/\/denizcankizil.tr\/de\/wp-json\/wp\/v2\/types\/post"}],"author":[{"embeddable":true,"href":"http:\/\/denizcankizil.tr\/de\/wp-json\/wp\/v2\/users\/1"}],"replies":[{"embeddable":true,"href":"http:\/\/denizcankizil.tr\/de\/wp-json\/wp\/v2\/comments?post=93507"}],"version-history":[{"count":0,"href":"http:\/\/denizcankizil.tr\/de\/wp-json\/wp\/v2\/posts\/93507\/revisions"}],"wp:attachment":[{"href":"http:\/\/denizcankizil.tr\/de\/wp-json\/wp\/v2\/media?parent=93507"}],"wp:term":[{"taxonomy":"category","embeddable":true,"href":"http:\/\/denizcankizil.tr\/de\/wp-json\/wp\/v2\/categories?post=93507"},{"taxonomy":"post_tag","embeddable":true,"href":"http:\/\/denizcankizil.tr\/de\/wp-json\/wp\/v2\/tags?post=93507"}],"curies":[{"name":"wp","href":"https:\/\/api.w.org\/{rel}","templated":true}]}}