{"id":92565,"date":"2025-05-20T11:41:49","date_gmt":"2025-05-20T08:41:49","guid":{"rendered":"https:\/\/denizcankizil.tr\/uncategorized-tr\/antalyada-fener-alayi-ile-baslayan-19-mayis-coskusu-ceza-ile-son-buldu\/"},"modified":"2025-05-20T11:41:49","modified_gmt":"2025-05-20T08:41:49","slug":"antalyada-fener-alayi-ile-baslayan-19-mayis-coskusu-ceza-ile-son-buldu","status":"publish","type":"post","link":"http:\/\/denizcankizil.tr\/de\/haberler\/gundem\/antalyada-fener-alayi-ile-baslayan-19-mayis-coskusu-ceza-ile-son-buldu\/","title":{"rendered":"Antalya\u2019da Fener Alay\u0131 \u00a0ile ba\u015flayan 19 May\u0131s co\u015fkusu Ceza ile son buldu"},"content":{"rendered":"<p>19 May\u0131s Atat\u00fcrk&#8217;\u00fc Anma, Gen\u00e7lik ve Spor Bayram\u0131 kutlamalar\u0131 kapsam\u0131nda Antalya B\u00fcy\u00fck\u015fehir Belediyesi ve Cumhuriyet \u0130\u00e7in Antalya El Ele Platformu taraf\u0131ndan d\u00fczenlenen Fener Alay\u0131na binlerce vatanda\u015f kat\u0131ld\u0131. Konyaalt\u0131 Varyant\u2019tan ba\u015flayan y\u00fcr\u00fcy\u00fc\u015fe ellerinde T\u00fcrk bayraklar\u0131 ve me\u015falelerle kat\u0131lan vatanda\u015flar co\u015fkuyla y\u00fcr\u00fcd\u00fc. Fener alay\u0131na kat\u0131lan Antalyal\u0131lar, 400 metrelik dev T\u00fcrk bayra\u011f\u0131 ve Atat\u00fcrk posteri ta\u015f\u0131y\u0131p Antalya B\u00fcy\u00fck\u015fehir Belediyesi Bando ve Orkestras\u0131\u2019n\u0131n \u00e7ald\u0131\u011f\u0131 mar\u015flar e\u015fli\u011finde y\u00fcr\u00fcd\u00fc. Fener Alay\u0131\u2019na g\u00fczergah boyunca yol kenar\u0131nda bulunan vatanda\u015flar da alk\u0131\u015flar\u0131yla ve bayraklar\u0131yla destek verdi. Evlerinin balkonlar\u0131ndan Fener Alay\u0131\u2019n\u0131 selamlayan vatanda\u015flar renkli g\u00f6r\u00fcnt\u00fcler olu\u015fturdu.<\/p>\n<p>CUMHUR\u0130YET MEYDANI DOLDU TA\u015eTI <\/p>\n<p>Fener Alay\u0131\u2019na; Antalya Valisi Hulusi \u015eahin, Antalya B\u00fcy\u00fck\u015fehir Belediye Ba\u015fkan\u0131 Muhittin B\u00f6cek, CHP \u0130l Ba\u015fkan\u0131 Nail Kamac\u0131, milletvekilleri, Cumhuriyet i\u00e7in Antalya El Ele Platformu \u00dcyeleri ve binlerce Antalyal\u0131 kat\u0131ld\u0131. 19 May\u0131s Atat\u00fcrk\u2019\u00fc Anma, Gen\u00e7lik ve Spor Bayram\u0131\u2019n\u0131 co\u015fkuyla kutlamak i\u00e7in Fener Alay\u0131 ile birlikte Cumhuriyet Meydan\u0131\u2019na y\u00fcr\u00fcyen co\u015fkulu kalabal\u0131\u011fa T\u00fcrk Hava Kurumu\u2019na ait T\u00fcrk bayra\u011f\u0131 ta\u015f\u0131yan paramotorlu g\u00f6steri ekibi de g\u00fczergah boyunca havadan e\u015flik etti. Konyaalt\u0131 Varyan\u2019tan ba\u015flayan ve co\u015fkuyla s\u00fcren Fener Alay\u0131 Cumhuriyet Meydan\u0131\u2019nda son buldu. Saatler \u00f6ncesinden Cumhuriyet Meydan\u0131\u2019n\u0131 dolduran binlerce Antalyal\u0131, fener alay\u0131na kat\u0131lan vatanda\u015flar\u0131 ve protokol\u00fc alk\u0131\u015flarla kar\u015f\u0131lad\u0131. Cumhuriyet Meydan\u0131\u2019n\u0131 dolduran ve \u00e7o\u011funlu\u011fu gen\u00e7lerden olu\u015fan co\u015fkulu kalabal\u0131k DJ performans\u0131 ile e\u011flendi. Sayg\u0131 duru\u015fu ve \u0130stiklal Mar\u015f\u0131\u2019n\u0131n okunmas\u0131n\u0131n ard\u0131ndan sahneye \u00e7\u0131kan Antalya B\u00fcy\u00fck\u015fehir Belediye Ba\u015fkan\u0131 Muhittin B\u00f6cek, elinde T\u00fcrk bayra\u011f\u0131 ile alan\u0131 dolduran Antalyal\u0131lar\u0131 selamlad\u0131.<\/p>\n<p>\u201c\u00d6NLER\u0130NDE SAYGIYLA E\u011e\u0130L\u0130YORUM\u201d<\/p>\n<p>Cumhuriyet Meydan\u0131\u2019n\u0131 dolduran Antalyal\u0131lara seslenen Ba\u015fkan Muhittin B\u00f6cek, \u201cCumhuriyetimizin kurucusu Gazi Mustafa Kemal Atat\u00fcrk\u2019\u00fcn 19 May\u0131s 1919\u2019da Samsun\u2019a \u00e7\u0131karak yakt\u0131\u011f\u0131 ba\u011f\u0131ms\u0131zl\u0131k ve \u00f6zg\u00fcrl\u00fck me\u015falesi, 106 y\u0131ld\u0131r yolumuzu ayd\u0131nlatmaya devam ediyor. Kurtulu\u015f m\u00fccadelemizi ba\u015flatan, Cumhuriyetimizin kurucusu Gazi Mustafa Kemal Atat\u00fcrk\u2019\u00fc, kahraman gazilerimizi ve t\u00fcm \u015fehitlerimizi, rahmet, minnet ve \u00f6zlemle an\u0131yor, \u00f6nlerinde sayg\u0131yla e\u011filiyorum\u201d s\u00f6zleriyle konu\u015fmas\u0131na ba\u015flad\u0131. Antalya B\u00fcy\u00fck\u015fehir Belediye Ba\u015fkan\u0131 Muhittin B\u00f6cek, alan\u0131 dolduran binlerce Antalyal\u0131n\u0131n bayram\u0131n\u0131 kutlad\u0131.<\/p>\n<p>MUH\u0130TT\u0130N B\u00d6CEK\u2019TEN GEN\u00c7LERE MESAJ <\/p>\n<p>\u201c19 May\u0131s, yaln\u0131zca bir tarih de\u011fil; bir milletin k\u00fcllerinden do\u011fu\u015fu, dirili\u015fidir. 19 May\u0131s, kurtulu\u015fa olan inanc\u0131n, ba\u011f\u0131ms\u0131zl\u0131\u011f\u0131n ve \u00f6zg\u00fcrl\u00fc\u011f\u00fcn g\u00fcn\u00fcd\u00fcr 19 May\u0131s, pes etmeyenlerin, vazge\u00e7meyenlerin g\u00fcn\u00fcd\u00fcr\u201d diyen Ba\u015fkan Muhittin B\u00f6cek gen\u00e7lere \u015f\u00f6yle seslendi: \u201cBiliyorum ki hedeflerinizi, hayallerinizi ger\u00e7ekle\u015ftirmeniz i\u00e7in ko\u015fullar bazen sizler i\u00e7in zor olabilir. Yeri gelir haks\u0131zl\u0131\u011fa u\u011frars\u0131n\u0131z, yeri gelir \u00f6n\u00fcn\u00fcze engeller \u00e7\u0131kar. Zaman zaman \u00fcz\u00fcl\u00fcrs\u00fcn\u00fcz, isyan edersiniz. Ama \u015fartlar ne olursa olsun \u00fclkemiz i\u00e7in asla umutsuzlu\u011fa kap\u0131lmay\u0131n. Atam\u0131z\u0131n \u201cumutsuz durum yoktur, umutsuz insan vard\u0131r. Ben hi\u00e7bir zaman umudumu yitirmedim\u201d s\u00f6z\u00fcn\u00fc hi\u00e7bir zaman unutmay\u0131n. Sizlerle birlikte, Atam\u0131z\u0131n izinde, bar\u0131\u015f\u0131n, karde\u015fli\u011fin, \u00f6zg\u00fcrl\u00fc\u011f\u00fcn ve demokrasinin h\u00fck\u00fcm s\u00fcrece\u011fi, adaletin er ya da ge\u00e7 tecelli edece\u011fine inanarak; Her \u015feyin \u00e7ok g\u00fczel olaca\u011f\u0131 bir \u00fclke i\u00e7in durmadan, yorulmadan, azimle gururla y\u00fcr\u00fcmeye devam edece\u011fiz. G\u00fcne\u015fli g\u00fczel g\u00fcnler \u00e7ok yak\u0131nd\u0131r. Sana s\u00f6z Atam, Kurdu\u011fun Cumhuriyeti, b\u0131rakt\u0131\u011f\u0131n emaneti gen\u00e7lerimizle birlikte sonsuza kadar ya\u015fataca\u011f\u0131z. \u00c7\u00fcnk\u00fc muhta\u00e7 oldu\u011fumuz kudret damarlar\u0131m\u0131zdaki asil kanda mevcuttur.\u201d<\/p>\n<p>CEZA \u015eARKILARIYLA RENK KATTI<\/p>\n<p>Ba\u015fkan Muhittin B\u00f6cek\u2019in konu\u015fmas\u0131n\u0131n ard\u0131ndan CHP \u0130l Ba\u015fkan\u0131 Nail Kamac\u0131, milletvekilleri, Cumhuriyet \u0130\u00e7in Antalya El Ele Platformu \u00dcyeleri, Atat\u00fcrk\u00e7\u00fc D\u00fc\u015f\u00fcnce Derne\u011fi Antalya \u015eube Ba\u015fkan\u0131 \u0130brahim Da\u015f, T\u00fcrk bayraklar\u0131yla sahneye \u00e7\u0131karak Antalyal\u0131lar\u0131 co\u015fkuyla selamlad\u0131. Co\u015fkulu gece Ceza konseri ile devam etti. Ceza, en g\u00fczel \u015fark\u0131lar\u0131n\u0131 Antalyal\u0131lar ve gen\u00e7ler i\u00e7in seslendirdi. Antalya\u2019da olmaktan duydu\u011fu memnuniyeti dile getiren Ceza, \u201c\u015eu anda d\u00fcnyan\u0131n en g\u00fczel deniz manzaras\u0131na bak\u0131yorum. Buradan muhte\u015fem g\u00f6r\u00fcn\u00fcyorsunuz. Bug\u00fcn hepimiz i\u00e7in \u00e7ok \u00f6nemli bir g\u00fcn. Ata\u2019m\u0131z\u0131n milli m\u00fccadeleyi ba\u015flatt\u0131\u011f\u0131, her \u015feyin ba\u015flad\u0131\u011f\u0131 \u00f6zel ve \u00f6nemli bir g\u00fcn. B\u00f6yle \u00f6zel bir g\u00fcnde beni sizlerle bulu\u015fturan ba\u015fta Ba\u015fkan\u0131m\u0131z Muhittin B\u00f6cek olmak \u00fczere t\u00fcm eme\u011fi ge\u00e7enlere sonsuz te\u015fekk\u00fcrler. Ata\u2019m\u0131z\u0131 ve silah arkada\u015flar\u0131n\u0131 minnetle ve sayg\u0131yla an\u0131yoruz. Bayram\u0131\u2019m\u0131z kutlu olsun\u201d dedi. Antalya B\u00fcy\u00fck\u015fehir Belediyesi Gen\u00e7lik Meclisi Ba\u015fkan\u0131 Mine Nur Demirk\u0131ran ve Gen\u00e7 Antalya G\u00f6n\u00fcll\u00fcleri Lideri Sinem Da\u011ftekin ile birlikte sahneye \u00e7\u0131kan Ba\u015fkan Muhittin B\u00f6cek de Ceza\u2019ya ay y\u0131ld\u0131zl\u0131 plaket ve \u00e7i\u00e7ek takdim etti. 19 May\u0131s kutlamalar\u0131 gece boyu \u00fcnl\u00fc rap sanat\u00e7\u0131s\u0131 Ceza\u2019n\u0131n seslendirdi\u011fi \u015fark\u0131larla devam etti. Ceza\u2019n\u0131n \u015fark\u0131lar\u0131na hep bir a\u011f\u0131zdan e\u015flik eden Antalyal\u0131lar co\u015fku dolu bir bayram ya\u015fad\u0131.<\/p>\n<p>\u200bAntalya&#8217;da 19 May\u0131s Atat\u00fcrk\u2019\u00fc Anma, Gen\u00e7lik ve Spor Bayram\u0131, Antalya B\u00fcy\u00fck\u015fehir Belediyesi\u2019nin d\u00fczenledi\u011fi etkinliklerle kutland\u0131. Ellerinde T\u00fcrk Bayraklar\u0131 ve me\u015faleler ile Fener Alay\u0131na kat\u0131lan binlerce Antalyal\u0131, Varyant\u2019tan Cumhuriyet Meydan\u0131\u2019na kadar y\u00fcr\u00fcd\u00fc. Kutlamalar \u00fcnl\u00fc rap sanat\u00e7\u0131s\u0131 Ceza\u2019n\u0131n sahne almas\u0131 ile sona erdi.\u00a0<\/p>\n<p>\u200bHaberin Al\u0131nt\u0131land\u0131\u011f\u0131 Kaynak: www.antalyakorfez.com<\/p>","protected":false},"excerpt":{"rendered":"<p>19 May\u0131s Atat\u00fcrk&#8217;\u00fc Anma, Gen\u00e7lik ve Spor Bayram\u0131 kutlamalar\u0131 kapsam\u0131nda Antalya B\u00fcy\u00fck\u015fehir Belediyesi ve Cumhuriyet \u0130\u00e7in Antalya El Ele Platformu taraf\u0131ndan d\u00fczenlenen Fener Alay\u0131na binlerce vatanda\u015f kat\u0131ld\u0131. Konyaalt\u0131 Varyant\u2019tan ba\u015flayan y\u00fcr\u00fcy\u00fc\u015fe ellerinde T\u00fcrk bayraklar\u0131 ve me\u015falelerle kat\u0131lan vatanda\u015flar co\u015fkuyla y\u00fcr\u00fcd\u00fc. Fener alay\u0131na kat\u0131lan Antalyal\u0131lar, 400 metrelik dev T\u00fcrk bayra\u011f\u0131 ve Atat\u00fcrk posteri ta\u015f\u0131y\u0131p Antalya B\u00fcy\u00fck\u015fehir Belediyesi Bando ve Orkestras\u0131\u2019n\u0131n \u00e7ald\u0131\u011f\u0131 mar\u015flar e\u015fli\u011finde y\u00fcr\u00fcd\u00fc. Fener Alay\u0131\u2019na g\u00fczergah boyunca yol kenar\u0131nda bulunan vatanda\u015flar da alk\u0131\u015flar\u0131yla ve bayraklar\u0131yla destek verdi. Evlerinin balkonlar\u0131ndan Fener Alay\u0131\u2019n\u0131 selamlayan vatanda\u015flar renkli g\u00f6r\u00fcnt\u00fcler olu\u015fturdu. CUMHUR\u0130YET MEYDANI DOLDU TA\u015eTI Fener Alay\u0131\u2019na; Antalya Valisi Hulusi \u015eahin, Antalya B\u00fcy\u00fck\u015fehir Belediye Ba\u015fkan\u0131 Muhittin B\u00f6cek, CHP \u0130l Ba\u015fkan\u0131 Nail Kamac\u0131, milletvekilleri, Cumhuriyet i\u00e7in Antalya El Ele Platformu \u00dcyeleri ve binlerce Antalyal\u0131 kat\u0131ld\u0131. 19 May\u0131s Atat\u00fcrk\u2019\u00fc Anma, Gen\u00e7lik ve Spor Bayram\u0131\u2019n\u0131 co\u015fkuyla kutlamak i\u00e7in Fener Alay\u0131 ile birlikte Cumhuriyet Meydan\u0131\u2019na y\u00fcr\u00fcyen co\u015fkulu kalabal\u0131\u011fa T\u00fcrk Hava Kurumu\u2019na ait T\u00fcrk bayra\u011f\u0131 ta\u015f\u0131yan paramotorlu g\u00f6steri ekibi de g\u00fczergah boyunca havadan e\u015flik etti. Konyaalt\u0131 Varyan\u2019tan ba\u015flayan ve co\u015fkuyla s\u00fcren Fener Alay\u0131 Cumhuriyet Meydan\u0131\u2019nda son buldu. Saatler \u00f6ncesinden Cumhuriyet Meydan\u0131\u2019n\u0131 dolduran binlerce Antalyal\u0131, fener alay\u0131na kat\u0131lan vatanda\u015flar\u0131 ve protokol\u00fc alk\u0131\u015flarla kar\u015f\u0131lad\u0131. Cumhuriyet Meydan\u0131\u2019n\u0131 dolduran ve \u00e7o\u011funlu\u011fu gen\u00e7lerden olu\u015fan co\u015fkulu kalabal\u0131k DJ performans\u0131 ile e\u011flendi. Sayg\u0131 duru\u015fu ve \u0130stiklal Mar\u015f\u0131\u2019n\u0131n &hellip;<\/p>","protected":false},"author":5,"featured_media":0,"comment_status":"","ping_status":"open","sticky":false,"template":"","format":"standard","meta":{"_acf_changed":false,"footnotes":""},"categories":[24],"tags":[],"class_list":["post-92565","post","type-post","status-publish","format-standard","has-post-thumbnail","hentry","category-gundem"],"acf":[],"yoast_head":"<!-- This site is optimized with the Yoast SEO Premium plugin v26.6 (Yoast SEO v27.1.1) - https:\/\/yoast.com\/product\/yoast-seo-premium-wordpress\/ -->\n<title>Antalya\u2019da Fener Alay\u0131 \u00a0ile ba\u015flayan 19 May\u0131s co\u015fkusu Ceza ile son buldu - Av. Deniz Can K\u0131z\u0131l<\/title>\n<meta name=\"robots\" content=\"index, follow, max-snippet:-1, max-image-preview:large, max-video-preview:-1\" \/>\n<link rel=\"canonical\" href=\"http:\/\/denizcankizil.tr\/de\/haberler\/gundem\/antalyada-fener-alayi-ile-baslayan-19-mayis-coskusu-ceza-ile-son-buldu\/\" \/>\n<meta property=\"og:locale\" content=\"de_DE\" \/>\n<meta property=\"og:type\" content=\"article\" \/>\n<meta property=\"og:title\" content=\"Antalya\u2019da Fener Alay\u0131 \u00a0ile ba\u015flayan 19 May\u0131s co\u015fkusu Ceza ile son buldu\" \/>\n<meta property=\"og:description\" content=\"19 May\u0131s Atat\u00fcrk&#8217;\u00fc Anma, Gen\u00e7lik ve Spor Bayram\u0131 kutlamalar\u0131 kapsam\u0131nda Antalya B\u00fcy\u00fck\u015fehir Belediyesi ve Cumhuriyet \u0130\u00e7in Antalya El Ele Platformu taraf\u0131ndan d\u00fczenlenen Fener Alay\u0131na binlerce vatanda\u015f kat\u0131ld\u0131. Konyaalt\u0131 Varyant\u2019tan ba\u015flayan y\u00fcr\u00fcy\u00fc\u015fe ellerinde T\u00fcrk bayraklar\u0131 ve me\u015falelerle kat\u0131lan vatanda\u015flar co\u015fkuyla y\u00fcr\u00fcd\u00fc. Fener alay\u0131na kat\u0131lan Antalyal\u0131lar, 400 metrelik dev T\u00fcrk bayra\u011f\u0131 ve Atat\u00fcrk posteri ta\u015f\u0131y\u0131p Antalya B\u00fcy\u00fck\u015fehir Belediyesi Bando ve Orkestras\u0131\u2019n\u0131n \u00e7ald\u0131\u011f\u0131 mar\u015flar e\u015fli\u011finde y\u00fcr\u00fcd\u00fc. Fener Alay\u0131\u2019na g\u00fczergah boyunca yol kenar\u0131nda bulunan vatanda\u015flar da alk\u0131\u015flar\u0131yla ve bayraklar\u0131yla destek verdi. Evlerinin balkonlar\u0131ndan Fener Alay\u0131\u2019n\u0131 selamlayan vatanda\u015flar renkli g\u00f6r\u00fcnt\u00fcler olu\u015fturdu. CUMHUR\u0130YET MEYDANI DOLDU TA\u015eTI Fener Alay\u0131\u2019na; Antalya Valisi Hulusi \u015eahin, Antalya B\u00fcy\u00fck\u015fehir Belediye Ba\u015fkan\u0131 Muhittin B\u00f6cek, CHP \u0130l Ba\u015fkan\u0131 Nail Kamac\u0131, milletvekilleri, Cumhuriyet i\u00e7in Antalya El Ele Platformu \u00dcyeleri ve binlerce Antalyal\u0131 kat\u0131ld\u0131. 19 May\u0131s Atat\u00fcrk\u2019\u00fc Anma, Gen\u00e7lik ve Spor Bayram\u0131\u2019n\u0131 co\u015fkuyla kutlamak i\u00e7in Fener Alay\u0131 ile birlikte Cumhuriyet Meydan\u0131\u2019na y\u00fcr\u00fcyen co\u015fkulu kalabal\u0131\u011fa T\u00fcrk Hava Kurumu\u2019na ait T\u00fcrk bayra\u011f\u0131 ta\u015f\u0131yan paramotorlu g\u00f6steri ekibi de g\u00fczergah boyunca havadan e\u015flik etti. Konyaalt\u0131 Varyan\u2019tan ba\u015flayan ve co\u015fkuyla s\u00fcren Fener Alay\u0131 Cumhuriyet Meydan\u0131\u2019nda son buldu. Saatler \u00f6ncesinden Cumhuriyet Meydan\u0131\u2019n\u0131 dolduran binlerce Antalyal\u0131, fener alay\u0131na kat\u0131lan vatanda\u015flar\u0131 ve protokol\u00fc alk\u0131\u015flarla kar\u015f\u0131lad\u0131. Cumhuriyet Meydan\u0131\u2019n\u0131 dolduran ve \u00e7o\u011funlu\u011fu gen\u00e7lerden olu\u015fan co\u015fkulu kalabal\u0131k DJ performans\u0131 ile e\u011flendi. Sayg\u0131 duru\u015fu ve \u0130stiklal Mar\u015f\u0131\u2019n\u0131n &hellip;\" \/>\n<meta property=\"og:url\" content=\"http:\/\/denizcankizil.tr\/de\/haberler\/gundem\/antalyada-fener-alayi-ile-baslayan-19-mayis-coskusu-ceza-ile-son-buldu\/\" \/>\n<meta property=\"og:site_name\" content=\"Av. Deniz Can K\u0131z\u0131l\" \/>\n<meta property=\"article:published_time\" content=\"2025-05-20T08:41:49+00:00\" \/>\n<meta name=\"author\" content=\"Antalya K\u00f6rfez\" \/>\n<meta name=\"twitter:card\" content=\"summary_large_image\" \/>\n<meta name=\"twitter:label1\" content=\"Verfasst von\" \/>\n\t<meta name=\"twitter:data1\" content=\"Antalya K\u00f6rfez\" \/>\n\t<meta name=\"twitter:label2\" content=\"Gesch\u00e4tzte Lesezeit\" \/>\n\t<meta name=\"twitter:data2\" content=\"5\u00a0Minuten\" \/>\n<script type=\"application\/ld+json\" class=\"yoast-schema-graph\">{\"@context\":\"https:\/\/schema.org\",\"@graph\":[{\"@type\":\"Article\",\"@id\":\"http:\/\/denizcankizil.tr\/de\/haberler\/gundem\/antalyada-fener-alayi-ile-baslayan-19-mayis-coskusu-ceza-ile-son-buldu\/#article\",\"isPartOf\":{\"@id\":\"http:\/\/denizcankizil.tr\/de\/haberler\/gundem\/antalyada-fener-alayi-ile-baslayan-19-mayis-coskusu-ceza-ile-son-buldu\/\"},\"author\":{\"name\":\"Antalya K\u00f6rfez\",\"@id\":\"https:\/\/denizcankizil.tr\/de\/#\/schema\/person\/e1eb71bb4dd684d46563f0af307e1234\"},\"headline\":\"Antalya\u2019da Fener Alay\u0131 \u00a0ile ba\u015flayan 19 May\u0131s co\u015fkusu Ceza ile son buldu\",\"datePublished\":\"2025-05-20T08:41:49+00:00\",\"mainEntityOfPage\":{\"@id\":\"http:\/\/denizcankizil.tr\/de\/haberler\/gundem\/antalyada-fener-alayi-ile-baslayan-19-mayis-coskusu-ceza-ile-son-buldu\/\"},\"wordCount\":1031,\"publisher\":{\"@id\":\"https:\/\/denizcankizil.tr\/de\/#organization\"},\"articleSection\":[\"G\u00fcndem\"],\"inLanguage\":\"de\"},{\"@type\":\"WebPage\",\"@id\":\"http:\/\/denizcankizil.tr\/de\/haberler\/gundem\/antalyada-fener-alayi-ile-baslayan-19-mayis-coskusu-ceza-ile-son-buldu\/\",\"url\":\"http:\/\/denizcankizil.tr\/de\/haberler\/gundem\/antalyada-fener-alayi-ile-baslayan-19-mayis-coskusu-ceza-ile-son-buldu\/\",\"name\":\"Antalya\u2019da Fener Alay\u0131 \u00a0ile ba\u015flayan 19 May\u0131s co\u015fkusu Ceza ile son buldu - Av. Deniz Can K\u0131z\u0131l\",\"isPartOf\":{\"@id\":\"https:\/\/denizcankizil.tr\/de\/#website\"},\"datePublished\":\"2025-05-20T08:41:49+00:00\",\"breadcrumb\":{\"@id\":\"http:\/\/denizcankizil.tr\/de\/haberler\/gundem\/antalyada-fener-alayi-ile-baslayan-19-mayis-coskusu-ceza-ile-son-buldu\/#breadcrumb\"},\"inLanguage\":\"de\",\"potentialAction\":[{\"@type\":\"ReadAction\",\"target\":[\"http:\/\/denizcankizil.tr\/de\/haberler\/gundem\/antalyada-fener-alayi-ile-baslayan-19-mayis-coskusu-ceza-ile-son-buldu\/\"]}]},{\"@type\":\"BreadcrumbList\",\"@id\":\"http:\/\/denizcankizil.tr\/de\/haberler\/gundem\/antalyada-fener-alayi-ile-baslayan-19-mayis-coskusu-ceza-ile-son-buldu\/#breadcrumb\",\"itemListElement\":[{\"@type\":\"ListItem\",\"position\":1,\"name\":\"Home\",\"item\":\"https:\/\/denizcankizil.tr\/de\/\"},{\"@type\":\"ListItem\",\"position\":2,\"name\":\"Antalya\u2019da Fener Alay\u0131 \u00a0ile ba\u015flayan 19 May\u0131s co\u015fkusu Ceza ile son buldu\"}]},{\"@type\":\"WebSite\",\"@id\":\"https:\/\/denizcankizil.tr\/de\/#website\",\"url\":\"https:\/\/denizcankizil.tr\/de\/\",\"name\":\"Av. Deniz Can K\u0131z\u0131l\",\"description\":\"Avukat Deniz Can K\u0131z\u0131l Antalya Barosu\",\"publisher\":{\"@id\":\"https:\/\/denizcankizil.tr\/de\/#organization\"},\"potentialAction\":[{\"@type\":\"SearchAction\",\"target\":{\"@type\":\"EntryPoint\",\"urlTemplate\":\"https:\/\/denizcankizil.tr\/de\/?s={search_term_string}\"},\"query-input\":{\"@type\":\"PropertyValueSpecification\",\"valueRequired\":true,\"valueName\":\"search_term_string\"}}],\"inLanguage\":\"de\"},{\"@type\":\"Organization\",\"@id\":\"https:\/\/denizcankizil.tr\/de\/#organization\",\"name\":\"Av. Deniz Can K\u0131z\u0131l\",\"url\":\"https:\/\/denizcankizil.tr\/de\/\",\"logo\":{\"@type\":\"ImageObject\",\"inLanguage\":\"de\",\"@id\":\"https:\/\/denizcankizil.tr\/de\/#\/schema\/logo\/image\/\",\"url\":\"http:\/\/denizcankizil.tr\/wp-content\/uploads\/2024\/10\/siyah-logo-svg.svg\",\"contentUrl\":\"http:\/\/denizcankizil.tr\/wp-content\/uploads\/2024\/10\/siyah-logo-svg.svg\",\"width\":1080,\"height\":1080,\"caption\":\"Av. Deniz Can K\u0131z\u0131l\"},\"image\":{\"@id\":\"https:\/\/denizcankizil.tr\/de\/#\/schema\/logo\/image\/\"}},{\"@type\":\"Person\",\"@id\":\"https:\/\/denizcankizil.tr\/de\/#\/schema\/person\/e1eb71bb4dd684d46563f0af307e1234\",\"name\":\"Antalya K\u00f6rfez\",\"image\":{\"@type\":\"ImageObject\",\"inLanguage\":\"de\",\"@id\":\"https:\/\/denizcankizil.tr\/de\/#\/schema\/person\/image\/\",\"url\":\"https:\/\/secure.gravatar.com\/avatar\/42b01982558a48a0b501fdcab6a408d3717ea5919095ee2e67b0e521799c5905?s=96&d=mm&r=g\",\"contentUrl\":\"https:\/\/secure.gravatar.com\/avatar\/42b01982558a48a0b501fdcab6a408d3717ea5919095ee2e67b0e521799c5905?s=96&d=mm&r=g\",\"caption\":\"Antalya K\u00f6rfez\"},\"sameAs\":[\"http:\/\/www.antalyakorfez.com\"],\"url\":\"https:\/\/www.antalyakorfez.com\/antalyada-fener-alayi-ile-baslayan-19-mayis-coskusu-ceza-ile-son-buldu\"}]}<\/script>\n<!-- \/ Yoast SEO Premium plugin. -->","yoast_head_json":{"title":"Antalya\u2019da Fener Alay\u0131 \u00a0ile ba\u015flayan 19 May\u0131s co\u015fkusu Ceza ile son buldu - Av. Deniz Can K\u0131z\u0131l","robots":{"index":"index","follow":"follow","max-snippet":"max-snippet:-1","max-image-preview":"max-image-preview:large","max-video-preview":"max-video-preview:-1"},"canonical":"http:\/\/denizcankizil.tr\/de\/haberler\/gundem\/antalyada-fener-alayi-ile-baslayan-19-mayis-coskusu-ceza-ile-son-buldu\/","og_locale":"de_DE","og_type":"article","og_title":"Antalya\u2019da Fener Alay\u0131 \u00a0ile ba\u015flayan 19 May\u0131s co\u015fkusu Ceza ile son buldu","og_description":"19 May\u0131s Atat\u00fcrk&#8217;\u00fc Anma, Gen\u00e7lik ve Spor Bayram\u0131 kutlamalar\u0131 kapsam\u0131nda Antalya B\u00fcy\u00fck\u015fehir Belediyesi ve Cumhuriyet \u0130\u00e7in Antalya El Ele Platformu taraf\u0131ndan d\u00fczenlenen Fener Alay\u0131na binlerce vatanda\u015f kat\u0131ld\u0131. Konyaalt\u0131 Varyant\u2019tan ba\u015flayan y\u00fcr\u00fcy\u00fc\u015fe ellerinde T\u00fcrk bayraklar\u0131 ve me\u015falelerle kat\u0131lan vatanda\u015flar co\u015fkuyla y\u00fcr\u00fcd\u00fc. Fener alay\u0131na kat\u0131lan Antalyal\u0131lar, 400 metrelik dev T\u00fcrk bayra\u011f\u0131 ve Atat\u00fcrk posteri ta\u015f\u0131y\u0131p Antalya B\u00fcy\u00fck\u015fehir Belediyesi Bando ve Orkestras\u0131\u2019n\u0131n \u00e7ald\u0131\u011f\u0131 mar\u015flar e\u015fli\u011finde y\u00fcr\u00fcd\u00fc. Fener Alay\u0131\u2019na g\u00fczergah boyunca yol kenar\u0131nda bulunan vatanda\u015flar da alk\u0131\u015flar\u0131yla ve bayraklar\u0131yla destek verdi. Evlerinin balkonlar\u0131ndan Fener Alay\u0131\u2019n\u0131 selamlayan vatanda\u015flar renkli g\u00f6r\u00fcnt\u00fcler olu\u015fturdu. CUMHUR\u0130YET MEYDANI DOLDU TA\u015eTI Fener Alay\u0131\u2019na; Antalya Valisi Hulusi \u015eahin, Antalya B\u00fcy\u00fck\u015fehir Belediye Ba\u015fkan\u0131 Muhittin B\u00f6cek, CHP \u0130l Ba\u015fkan\u0131 Nail Kamac\u0131, milletvekilleri, Cumhuriyet i\u00e7in Antalya El Ele Platformu \u00dcyeleri ve binlerce Antalyal\u0131 kat\u0131ld\u0131. 19 May\u0131s Atat\u00fcrk\u2019\u00fc Anma, Gen\u00e7lik ve Spor Bayram\u0131\u2019n\u0131 co\u015fkuyla kutlamak i\u00e7in Fener Alay\u0131 ile birlikte Cumhuriyet Meydan\u0131\u2019na y\u00fcr\u00fcyen co\u015fkulu kalabal\u0131\u011fa T\u00fcrk Hava Kurumu\u2019na ait T\u00fcrk bayra\u011f\u0131 ta\u015f\u0131yan paramotorlu g\u00f6steri ekibi de g\u00fczergah boyunca havadan e\u015flik etti. Konyaalt\u0131 Varyan\u2019tan ba\u015flayan ve co\u015fkuyla s\u00fcren Fener Alay\u0131 Cumhuriyet Meydan\u0131\u2019nda son buldu. Saatler \u00f6ncesinden Cumhuriyet Meydan\u0131\u2019n\u0131 dolduran binlerce Antalyal\u0131, fener alay\u0131na kat\u0131lan vatanda\u015flar\u0131 ve protokol\u00fc alk\u0131\u015flarla kar\u015f\u0131lad\u0131. Cumhuriyet Meydan\u0131\u2019n\u0131 dolduran ve \u00e7o\u011funlu\u011fu gen\u00e7lerden olu\u015fan co\u015fkulu kalabal\u0131k DJ performans\u0131 ile e\u011flendi. Sayg\u0131 duru\u015fu ve \u0130stiklal Mar\u015f\u0131\u2019n\u0131n &hellip;","og_url":"http:\/\/denizcankizil.tr\/de\/haberler\/gundem\/antalyada-fener-alayi-ile-baslayan-19-mayis-coskusu-ceza-ile-son-buldu\/","og_site_name":"Av. Deniz Can K\u0131z\u0131l","article_published_time":"2025-05-20T08:41:49+00:00","author":"Antalya K\u00f6rfez","twitter_card":"summary_large_image","twitter_misc":{"Verfasst von":"Antalya K\u00f6rfez","Gesch\u00e4tzte Lesezeit":"5\u00a0Minuten"},"schema":{"@context":"https:\/\/schema.org","@graph":[{"@type":"Article","@id":"http:\/\/denizcankizil.tr\/de\/haberler\/gundem\/antalyada-fener-alayi-ile-baslayan-19-mayis-coskusu-ceza-ile-son-buldu\/#article","isPartOf":{"@id":"http:\/\/denizcankizil.tr\/de\/haberler\/gundem\/antalyada-fener-alayi-ile-baslayan-19-mayis-coskusu-ceza-ile-son-buldu\/"},"author":{"name":"Antalya K\u00f6rfez","@id":"https:\/\/denizcankizil.tr\/de\/#\/schema\/person\/e1eb71bb4dd684d46563f0af307e1234"},"headline":"Antalya\u2019da Fener Alay\u0131 \u00a0ile ba\u015flayan 19 May\u0131s co\u015fkusu Ceza ile son buldu","datePublished":"2025-05-20T08:41:49+00:00","mainEntityOfPage":{"@id":"http:\/\/denizcankizil.tr\/de\/haberler\/gundem\/antalyada-fener-alayi-ile-baslayan-19-mayis-coskusu-ceza-ile-son-buldu\/"},"wordCount":1031,"publisher":{"@id":"https:\/\/denizcankizil.tr\/de\/#organization"},"articleSection":["G\u00fcndem"],"inLanguage":"de"},{"@type":"WebPage","@id":"http:\/\/denizcankizil.tr\/de\/haberler\/gundem\/antalyada-fener-alayi-ile-baslayan-19-mayis-coskusu-ceza-ile-son-buldu\/","url":"http:\/\/denizcankizil.tr\/de\/haberler\/gundem\/antalyada-fener-alayi-ile-baslayan-19-mayis-coskusu-ceza-ile-son-buldu\/","name":"Antalya\u2019da Fener Alay\u0131 \u00a0ile ba\u015flayan 19 May\u0131s co\u015fkusu Ceza ile son buldu - Av. Deniz Can K\u0131z\u0131l","isPartOf":{"@id":"https:\/\/denizcankizil.tr\/de\/#website"},"datePublished":"2025-05-20T08:41:49+00:00","breadcrumb":{"@id":"http:\/\/denizcankizil.tr\/de\/haberler\/gundem\/antalyada-fener-alayi-ile-baslayan-19-mayis-coskusu-ceza-ile-son-buldu\/#breadcrumb"},"inLanguage":"de","potentialAction":[{"@type":"ReadAction","target":["http:\/\/denizcankizil.tr\/de\/haberler\/gundem\/antalyada-fener-alayi-ile-baslayan-19-mayis-coskusu-ceza-ile-son-buldu\/"]}]},{"@type":"BreadcrumbList","@id":"http:\/\/denizcankizil.tr\/de\/haberler\/gundem\/antalyada-fener-alayi-ile-baslayan-19-mayis-coskusu-ceza-ile-son-buldu\/#breadcrumb","itemListElement":[{"@type":"ListItem","position":1,"name":"Home","item":"https:\/\/denizcankizil.tr\/de\/"},{"@type":"ListItem","position":2,"name":"Antalya\u2019da Fener Alay\u0131 \u00a0ile ba\u015flayan 19 May\u0131s co\u015fkusu Ceza ile son buldu"}]},{"@type":"WebSite","@id":"https:\/\/denizcankizil.tr\/de\/#website","url":"https:\/\/denizcankizil.tr\/de\/","name":"Av. Deniz Can K\u0131z\u0131l","description":"Avukat Deniz Can K\u0131z\u0131l Antalya Barosu","publisher":{"@id":"https:\/\/denizcankizil.tr\/de\/#organization"},"potentialAction":[{"@type":"SearchAction","target":{"@type":"EntryPoint","urlTemplate":"https:\/\/denizcankizil.tr\/de\/?s={search_term_string}"},"query-input":{"@type":"PropertyValueSpecification","valueRequired":true,"valueName":"search_term_string"}}],"inLanguage":"de"},{"@type":"Organization","@id":"https:\/\/denizcankizil.tr\/de\/#organization","name":"Av. Deniz Can K\u0131z\u0131l","url":"https:\/\/denizcankizil.tr\/de\/","logo":{"@type":"ImageObject","inLanguage":"de","@id":"https:\/\/denizcankizil.tr\/de\/#\/schema\/logo\/image\/","url":"http:\/\/denizcankizil.tr\/wp-content\/uploads\/2024\/10\/siyah-logo-svg.svg","contentUrl":"http:\/\/denizcankizil.tr\/wp-content\/uploads\/2024\/10\/siyah-logo-svg.svg","width":1080,"height":1080,"caption":"Av. Deniz Can K\u0131z\u0131l"},"image":{"@id":"https:\/\/denizcankizil.tr\/de\/#\/schema\/logo\/image\/"}},{"@type":"Person","@id":"https:\/\/denizcankizil.tr\/de\/#\/schema\/person\/e1eb71bb4dd684d46563f0af307e1234","name":"Antalya K\u00f6rfez","image":{"@type":"ImageObject","inLanguage":"de","@id":"https:\/\/denizcankizil.tr\/de\/#\/schema\/person\/image\/","url":"https:\/\/secure.gravatar.com\/avatar\/42b01982558a48a0b501fdcab6a408d3717ea5919095ee2e67b0e521799c5905?s=96&d=mm&r=g","contentUrl":"https:\/\/secure.gravatar.com\/avatar\/42b01982558a48a0b501fdcab6a408d3717ea5919095ee2e67b0e521799c5905?s=96&d=mm&r=g","caption":"Antalya K\u00f6rfez"},"sameAs":["http:\/\/www.antalyakorfez.com"],"url":"https:\/\/www.antalyakorfez.com\/antalyada-fener-alayi-ile-baslayan-19-mayis-coskusu-ceza-ile-son-buldu"}]}},"_links":{"self":[{"href":"http:\/\/denizcankizil.tr\/de\/wp-json\/wp\/v2\/posts\/92565","targetHints":{"allow":["GET"]}}],"collection":[{"href":"http:\/\/denizcankizil.tr\/de\/wp-json\/wp\/v2\/posts"}],"about":[{"href":"http:\/\/denizcankizil.tr\/de\/wp-json\/wp\/v2\/types\/post"}],"author":[{"embeddable":true,"href":"http:\/\/denizcankizil.tr\/de\/wp-json\/wp\/v2\/users\/5"}],"replies":[{"embeddable":true,"href":"http:\/\/denizcankizil.tr\/de\/wp-json\/wp\/v2\/comments?post=92565"}],"version-history":[{"count":0,"href":"http:\/\/denizcankizil.tr\/de\/wp-json\/wp\/v2\/posts\/92565\/revisions"}],"wp:attachment":[{"href":"http:\/\/denizcankizil.tr\/de\/wp-json\/wp\/v2\/media?parent=92565"}],"wp:term":[{"taxonomy":"category","embeddable":true,"href":"http:\/\/denizcankizil.tr\/de\/wp-json\/wp\/v2\/categories?post=92565"},{"taxonomy":"post_tag","embeddable":true,"href":"http:\/\/denizcankizil.tr\/de\/wp-json\/wp\/v2\/tags?post=92565"}],"curies":[{"name":"wp","href":"https:\/\/api.w.org\/{rel}","templated":true}]}}