{"id":90419,"date":"2025-05-18T11:41:17","date_gmt":"2025-05-18T08:41:17","guid":{"rendered":"https:\/\/denizcankizil.tr\/uncategorized-tr\/hizla-buyuyen-antalya-alarm-veriyor-kentin-gelecegi-tehlike-atlinda\/"},"modified":"2025-05-18T11:41:17","modified_gmt":"2025-05-18T08:41:17","slug":"hizla-buyuyen-antalya-alarm-veriyor-kentin-gelecegi-tehlike-atlinda","status":"publish","type":"post","link":"http:\/\/denizcankizil.tr\/de\/haberler\/gundem\/hizla-buyuyen-antalya-alarm-veriyor-kentin-gelecegi-tehlike-atlinda\/","title":{"rendered":"H\u0131zla b\u00fcy\u00fcyen Antalya alarm veriyor: Kentin gelece\u011fi tehlike atl\u0131nda!"},"content":{"rendered":"<p>Antalya Kent Konseyi taraf\u0131ndan d\u00fczenlenen 21. Y\u00fczy\u0131lda Antalya \u00c7al\u0131\u015ftay\u0131, kentsel \u00e7evre sorunlar\u0131 ve ya\u015fam kalitesi \u00fczerine \u00f6nemli tart\u0131\u015fmalara sahne oldu. TMMOB \u015eehir Planc\u0131lar\u0131 Odas\u0131 (\u015ePO) Antalya \u015eube Ba\u015fkan\u0131 Funda Y\u00f6r\u00fck, \u201c\u0130mar Plan\u0131 Kararlar\u0131 Kaynakl\u0131 Sorunlar\u201d ba\u015fl\u0131kl\u0131 bir sunum ger\u00e7ekle\u015ftirdi. Y\u00f6r\u00fck, sunumunda Antalya\u2019n\u0131n gelece\u011fine dair kritik uyar\u0131larda bulundu. Y\u00f6r\u00fck, imar planlar\u0131n\u0131n yaln\u0131zca altyap\u0131 ve yap\u0131la\u015fmadan ibaret olmad\u0131\u011f\u0131n\u0131, \u015fehrin i\u015flevselli\u011fi ve ula\u015f\u0131m verimlili\u011fi \u00fczerinde de derin etkiler yaratt\u0131\u011f\u0131na dikkat \u00e7ekti.<\/p>\n<p>SWOT ANAL\u0130Z\u0130N\u0130 \u00c7IKARDI<\/p>\n<p>Y\u00f6r\u00fck, imar planlar\u0131n\u0131n yaln\u0131zca altyap\u0131 ve yap\u0131la\u015fmay\u0131 d\u00fczenleyen belgeler olmad\u0131\u011f\u0131n\u0131, ayn\u0131 zamanda bir \u015fehrin i\u015flevselli\u011fini, ula\u015f\u0131m verimlili\u011fini ve ya\u015fam kalitesini do\u011frudan etkileyen ara\u00e7lar oldu\u011funu vurgulad\u0131. Sunumunda Antalya\u2019n\u0131n mevcut durumu SWOT (g\u00fc\u00e7l\u00fc y\u00f6nler, zay\u0131f y\u00f6nler, f\u0131rsatlar, tehditler) analizi \u00e7er\u00e7evesinde de\u011ferlendiren Y\u00f6r\u00fck, do\u011fru planlama ile zay\u0131f y\u00f6nlerin giderilerek \u015fehrin potansiyelinin a\u00e7\u0131\u011fa \u00e7\u0131kar\u0131labilece\u011fini belirtti.<\/p>\n<p>EKONOM\u0130K VE SOSYAL A\u00c7IDAN KR\u0130T\u0130K<\/p>\n<p>Kentsel alanlar\u0131n i\u015flevsel da\u011f\u0131l\u0131m\u0131n\u0131n \u00f6nemine dikkat \u00e7eken Y\u00f6r\u00fck, ticari b\u00f6lgelerin, konut alanlar\u0131n\u0131n, ye\u015fil ve kamusal alanlar\u0131n dengeli yerle\u015ftirilmesinin hem ekonomik hem de sosyal a\u00e7\u0131dan kritik oldu\u011funu kaydetti. Ula\u015f\u0131mda ise yol hiyerar\u015fisinin eksikli\u011fi ve otopark alanlar\u0131n\u0131n yetersizli\u011finin trafik s\u0131k\u0131\u015f\u0131kl\u0131\u011f\u0131n\u0131 art\u0131rd\u0131\u011f\u0131n\u0131 ve bu durumun \u015fehir i\u00e7i hareketlili\u011fi ciddi \u015fekilde olumsuz etkiledi\u011fini dile getirdi.<\/p>\n<p>\u015eEHR\u0130N GELECE\u011e\u0130 TEHT\u0130T ALTINDA<\/p>\n<p>Antalya K\u00f6rfez Gazetesi muhabiri Ertu\u011frul G\u00fcn&#8217;\u00fcn haberine g\u00f6re; Y\u00f6r\u00fck, artan n\u00fcfus bask\u0131s\u0131, \u00e7arp\u0131k kentle\u015fme ve imar aff\u0131 uygulamalar\u0131n\u0131n, \u015fehir planlamas\u0131n\u0131 tehdit etti\u011fini s\u00f6yledi. Bu s\u00fcre\u00e7lerin, \u00f6zellikle su kaynaklar\u0131 ba\u015fta olmak \u00fczere do\u011fal kaynaklar\u0131n s\u00fcrd\u00fcr\u00fclebilirli\u011fini riske att\u0131\u011f\u0131n\u0131 belirtti. Ayr\u0131ca Antalya\u2019n\u0131n birinci derece deprem b\u00f6lgesi olmamas\u0131na ra\u011fmen, yap\u0131 stokunun incelenmedi\u011fini ve bu durumun kentsel diren\u00e7lilik a\u00e7\u0131s\u0131ndan zafiyet olu\u015fturdu\u011funu ifade etti.<\/p>\n<p>ANTALYA ALARM VER\u0130YOR<\/p>\n<p>Sunumunda \u00e7\u00f6z\u00fcm \u00f6nerilerine de geni\u015f yer veren Y\u00f6r\u00fck, ak\u0131ll\u0131 kent projeleri, dijital altyap\u0131, yenilenebilir enerji sistemleri ve s\u00fcrd\u00fcr\u00fclebilir turizm modellerinin, Antalya\u2019n\u0131n gelece\u011fi i\u00e7in hayati \u00f6nem ta\u015f\u0131d\u0131\u011f\u0131n\u0131 s\u00f6yledi. Ka\u00e7ak yap\u0131la\u015fmalara kar\u015f\u0131 planlama disiplininin savunulmas\u0131 gerekti\u011fini vurgulad\u0131. Y\u00f6r\u00fck aksi durumda kentin gelece\u011finin alarm verdi\u011fini s\u00f6zlerine ekledi.<\/p>\n<p>RAYLI S\u0130STEM R\u0130NGLER\u0130NE YATIRIM<\/p>\n<p>Y\u00f6r\u00fck, ula\u015f\u0131m politikalar\u0131n\u0131n \u00e7evreci bir anlay\u0131\u015fla yeniden \u015fekillendirilmesi gerekti\u011fini belirterek, \u00f6zel ara\u00e7 kullan\u0131m\u0131n\u0131 te\u015fvik eden uygulamalardan ka\u00e7\u0131n\u0131lmas\u0131, rayl\u0131 sistemlerin geli\u015ftirilmesi, bisiklet ve yaya yollar\u0131n\u0131n art\u0131r\u0131lmas\u0131 gerekti\u011fini savundu. Lara-Konyaalt\u0131 hatt\u0131 gibi yo\u011fun akslarda rayl\u0131 sistem ringlerinin olu\u015fturulmas\u0131n\u0131n ve toplu ta\u015f\u0131ma ara\u00e7lar\u0131 ile entegrasyonun sa\u011flanmas\u0131n\u0131n \u00f6nemini dile getirdi.<\/p>\n<p>AKILLI S\u0130STEMLER ZORUNLU<\/p>\n<p>Ayr\u0131ca otopark planlamas\u0131nda modern, ak\u0131ll\u0131 sistemlere ge\u00e7ilmesinin zorunlu oldu\u011funu s\u00f6yleyen Y\u00f6r\u00fck, \u00f6zel sekt\u00f6r\u00fcn bu alana dahil edilmesiyle finansal kaynaklar\u0131n daha etkin kullan\u0131labilece\u011fini belirtti. Yapay zek\u00e2 destekli trafik y\u00f6netimi ve veri tabanl\u0131 karar mekanizmalar\u0131n\u0131n \u015fehir planlamas\u0131nda yeni bir vizyon yaratabilece\u011fini ifade etti.<\/p>\n<p>G\u00d6R\u00dc\u015eLER ALINSIN<\/p>\n<p>Y\u00f6r\u00fck, \u201c\u0130mar plan\u0131 revizyonlar\u0131nda veya de\u011fi\u015fikliklerinde fizibilite raporu ile birlikte UKOME g\u00f6r\u00fc\u015f\u00fcn\u00fcn al\u0131nmas\u0131 zorunlu olmal\u0131. Kentte tarafs\u0131z, Plan \u0130zleme \u00dcst Kurulu olu\u015fturulmal\u0131 ve bu kuruldan mutlaka g\u00f6r\u00fc\u015f al\u0131nmal\u0131. Kurul i\u00e7erisinde de farkl\u0131 birimlerde \u00e7al\u0131\u015fan \u015fehir planc\u0131lar\u0131 (\u015eehir Planc\u0131lar\u0131 Odas\u0131, Belediye Temsilcisi, \u00c7evre, \u015eehircilik ve \u0130klim De\u011fi\u015fikli\u011fi Bakanl\u0131\u011f\u0131 Temsilcisi, alan\u0131nda ihtisasla\u015fm\u0131\u015f \u015fehir planc\u0131s\u0131 vb.) yer almal\u0131. Belirtilen t\u00fcm kararlarda yer alan belediyelerde ve di\u011fer ilgili t\u00fcm kurumlarda \u015fehir planc\u0131s\u0131 istihdam\u0131 art\u0131r\u0131lmal\u0131d\u0131r.\u201d diyerek sunumunu tamamlad\u0131.<\/p>\n<p>\u200bAntalya\u2019n\u0131n SWOT analizini \u00e7\u0131karan TMMOB \u015eehir Planc\u0131lar\u0131 Odas\u0131 (\u015ePO) Antalya \u015eube Ba\u015fkan\u0131 Funda Y\u00f6r\u00fck, kentin bir\u00e7ok noktada alarm verdi\u011fini ve gelece\u011finin tehlike alt\u0131nda oldu\u011funu vurgulad\u0131. Y\u00f6r\u00fck, kentin gelece\u011fini kurtarmak i\u00e7in neler yap\u0131labilece\u011fini anlatt\u0131.\u00a0<\/p>\n<p>\u200bHaberin Al\u0131nt\u0131land\u0131\u011f\u0131 Kaynak: www.antalyakorfez.com<\/p>","protected":false},"excerpt":{"rendered":"<p>Antalya Kent Konseyi taraf\u0131ndan d\u00fczenlenen 21. Y\u00fczy\u0131lda Antalya \u00c7al\u0131\u015ftay\u0131, kentsel \u00e7evre sorunlar\u0131 ve ya\u015fam kalitesi \u00fczerine \u00f6nemli tart\u0131\u015fmalara sahne oldu. TMMOB \u015eehir Planc\u0131lar\u0131 Odas\u0131 (\u015ePO) Antalya \u015eube Ba\u015fkan\u0131 Funda Y\u00f6r\u00fck, \u201c\u0130mar Plan\u0131 Kararlar\u0131 Kaynakl\u0131 Sorunlar\u201d ba\u015fl\u0131kl\u0131 bir sunum ger\u00e7ekle\u015ftirdi. Y\u00f6r\u00fck, sunumunda Antalya\u2019n\u0131n gelece\u011fine dair kritik uyar\u0131larda bulundu. Y\u00f6r\u00fck, imar planlar\u0131n\u0131n yaln\u0131zca altyap\u0131 ve yap\u0131la\u015fmadan ibaret olmad\u0131\u011f\u0131n\u0131, \u015fehrin i\u015flevselli\u011fi ve ula\u015f\u0131m verimlili\u011fi \u00fczerinde de derin etkiler yaratt\u0131\u011f\u0131na dikkat \u00e7ekti. SWOT ANAL\u0130Z\u0130N\u0130 \u00c7IKARDI Y\u00f6r\u00fck, imar planlar\u0131n\u0131n yaln\u0131zca altyap\u0131 ve yap\u0131la\u015fmay\u0131 d\u00fczenleyen belgeler olmad\u0131\u011f\u0131n\u0131, ayn\u0131 zamanda bir \u015fehrin i\u015flevselli\u011fini, ula\u015f\u0131m verimlili\u011fini ve ya\u015fam kalitesini do\u011frudan etkileyen ara\u00e7lar oldu\u011funu vurgulad\u0131. Sunumunda Antalya\u2019n\u0131n mevcut durumu SWOT (g\u00fc\u00e7l\u00fc y\u00f6nler, zay\u0131f y\u00f6nler, f\u0131rsatlar, tehditler) analizi \u00e7er\u00e7evesinde de\u011ferlendiren Y\u00f6r\u00fck, do\u011fru planlama ile zay\u0131f y\u00f6nlerin giderilerek \u015fehrin potansiyelinin a\u00e7\u0131\u011fa \u00e7\u0131kar\u0131labilece\u011fini belirtti. EKONOM\u0130K VE SOSYAL A\u00c7IDAN KR\u0130T\u0130K Kentsel alanlar\u0131n i\u015flevsel da\u011f\u0131l\u0131m\u0131n\u0131n \u00f6nemine dikkat \u00e7eken Y\u00f6r\u00fck, ticari b\u00f6lgelerin, konut alanlar\u0131n\u0131n, ye\u015fil ve kamusal alanlar\u0131n dengeli yerle\u015ftirilmesinin hem ekonomik hem de sosyal a\u00e7\u0131dan kritik oldu\u011funu kaydetti. Ula\u015f\u0131mda ise yol hiyerar\u015fisinin eksikli\u011fi ve otopark alanlar\u0131n\u0131n yetersizli\u011finin trafik s\u0131k\u0131\u015f\u0131kl\u0131\u011f\u0131n\u0131 art\u0131rd\u0131\u011f\u0131n\u0131 ve bu durumun \u015fehir i\u00e7i hareketlili\u011fi ciddi \u015fekilde olumsuz etkiledi\u011fini dile getirdi. \u015eEHR\u0130N GELECE\u011e\u0130 TEHT\u0130T ALTINDA Antalya K\u00f6rfez Gazetesi muhabiri Ertu\u011frul G\u00fcn&#8217;\u00fcn haberine g\u00f6re; Y\u00f6r\u00fck, artan n\u00fcfus bask\u0131s\u0131, \u00e7arp\u0131k kentle\u015fme ve imar aff\u0131 uygulamalar\u0131n\u0131n, &hellip;<\/p>","protected":false},"author":5,"featured_media":0,"comment_status":"","ping_status":"open","sticky":false,"template":"","format":"standard","meta":{"_acf_changed":false,"footnotes":""},"categories":[24],"tags":[],"class_list":["post-90419","post","type-post","status-publish","format-standard","has-post-thumbnail","hentry","category-gundem"],"acf":[],"yoast_head":"<!-- This site is optimized with the Yoast SEO Premium plugin v26.6 (Yoast SEO v27.1.1) - https:\/\/yoast.com\/product\/yoast-seo-premium-wordpress\/ -->\n<title>H\u0131zla b\u00fcy\u00fcyen Antalya alarm veriyor: Kentin gelece\u011fi tehlike atl\u0131nda! - Av. Deniz Can K\u0131z\u0131l<\/title>\n<meta name=\"robots\" content=\"index, follow, max-snippet:-1, max-image-preview:large, max-video-preview:-1\" \/>\n<link rel=\"canonical\" href=\"http:\/\/denizcankizil.tr\/de\/haberler\/gundem\/hizla-buyuyen-antalya-alarm-veriyor-kentin-gelecegi-tehlike-atlinda\/\" \/>\n<meta property=\"og:locale\" content=\"de_DE\" \/>\n<meta property=\"og:type\" content=\"article\" \/>\n<meta property=\"og:title\" content=\"H\u0131zla b\u00fcy\u00fcyen Antalya alarm veriyor: Kentin gelece\u011fi tehlike atl\u0131nda!\" \/>\n<meta property=\"og:description\" content=\"Antalya Kent Konseyi taraf\u0131ndan d\u00fczenlenen 21. Y\u00fczy\u0131lda Antalya \u00c7al\u0131\u015ftay\u0131, kentsel \u00e7evre sorunlar\u0131 ve ya\u015fam kalitesi \u00fczerine \u00f6nemli tart\u0131\u015fmalara sahne oldu. TMMOB \u015eehir Planc\u0131lar\u0131 Odas\u0131 (\u015ePO) Antalya \u015eube Ba\u015fkan\u0131 Funda Y\u00f6r\u00fck, \u201c\u0130mar Plan\u0131 Kararlar\u0131 Kaynakl\u0131 Sorunlar\u201d ba\u015fl\u0131kl\u0131 bir sunum ger\u00e7ekle\u015ftirdi. Y\u00f6r\u00fck, sunumunda Antalya\u2019n\u0131n gelece\u011fine dair kritik uyar\u0131larda bulundu. Y\u00f6r\u00fck, imar planlar\u0131n\u0131n yaln\u0131zca altyap\u0131 ve yap\u0131la\u015fmadan ibaret olmad\u0131\u011f\u0131n\u0131, \u015fehrin i\u015flevselli\u011fi ve ula\u015f\u0131m verimlili\u011fi \u00fczerinde de derin etkiler yaratt\u0131\u011f\u0131na dikkat \u00e7ekti. SWOT ANAL\u0130Z\u0130N\u0130 \u00c7IKARDI Y\u00f6r\u00fck, imar planlar\u0131n\u0131n yaln\u0131zca altyap\u0131 ve yap\u0131la\u015fmay\u0131 d\u00fczenleyen belgeler olmad\u0131\u011f\u0131n\u0131, ayn\u0131 zamanda bir \u015fehrin i\u015flevselli\u011fini, ula\u015f\u0131m verimlili\u011fini ve ya\u015fam kalitesini do\u011frudan etkileyen ara\u00e7lar oldu\u011funu vurgulad\u0131. Sunumunda Antalya\u2019n\u0131n mevcut durumu SWOT (g\u00fc\u00e7l\u00fc y\u00f6nler, zay\u0131f y\u00f6nler, f\u0131rsatlar, tehditler) analizi \u00e7er\u00e7evesinde de\u011ferlendiren Y\u00f6r\u00fck, do\u011fru planlama ile zay\u0131f y\u00f6nlerin giderilerek \u015fehrin potansiyelinin a\u00e7\u0131\u011fa \u00e7\u0131kar\u0131labilece\u011fini belirtti. EKONOM\u0130K VE SOSYAL A\u00c7IDAN KR\u0130T\u0130K Kentsel alanlar\u0131n i\u015flevsel da\u011f\u0131l\u0131m\u0131n\u0131n \u00f6nemine dikkat \u00e7eken Y\u00f6r\u00fck, ticari b\u00f6lgelerin, konut alanlar\u0131n\u0131n, ye\u015fil ve kamusal alanlar\u0131n dengeli yerle\u015ftirilmesinin hem ekonomik hem de sosyal a\u00e7\u0131dan kritik oldu\u011funu kaydetti. Ula\u015f\u0131mda ise yol hiyerar\u015fisinin eksikli\u011fi ve otopark alanlar\u0131n\u0131n yetersizli\u011finin trafik s\u0131k\u0131\u015f\u0131kl\u0131\u011f\u0131n\u0131 art\u0131rd\u0131\u011f\u0131n\u0131 ve bu durumun \u015fehir i\u00e7i hareketlili\u011fi ciddi \u015fekilde olumsuz etkiledi\u011fini dile getirdi. \u015eEHR\u0130N GELECE\u011e\u0130 TEHT\u0130T ALTINDA Antalya K\u00f6rfez Gazetesi muhabiri Ertu\u011frul G\u00fcn&#8217;\u00fcn haberine g\u00f6re; Y\u00f6r\u00fck, artan n\u00fcfus bask\u0131s\u0131, \u00e7arp\u0131k kentle\u015fme ve imar aff\u0131 uygulamalar\u0131n\u0131n, &hellip;\" \/>\n<meta property=\"og:url\" content=\"http:\/\/denizcankizil.tr\/de\/haberler\/gundem\/hizla-buyuyen-antalya-alarm-veriyor-kentin-gelecegi-tehlike-atlinda\/\" \/>\n<meta property=\"og:site_name\" content=\"Av. Deniz Can K\u0131z\u0131l\" \/>\n<meta property=\"article:published_time\" content=\"2025-05-18T08:41:17+00:00\" \/>\n<meta name=\"author\" content=\"Antalya K\u00f6rfez\" \/>\n<meta name=\"twitter:card\" content=\"summary_large_image\" \/>\n<meta name=\"twitter:label1\" content=\"Verfasst von\" \/>\n\t<meta name=\"twitter:data1\" content=\"Antalya K\u00f6rfez\" \/>\n\t<meta name=\"twitter:label2\" content=\"Gesch\u00e4tzte Lesezeit\" \/>\n\t<meta name=\"twitter:data2\" content=\"4\u00a0Minuten\" \/>\n<script type=\"application\/ld+json\" class=\"yoast-schema-graph\">{\"@context\":\"https:\/\/schema.org\",\"@graph\":[{\"@type\":\"Article\",\"@id\":\"http:\/\/denizcankizil.tr\/de\/haberler\/gundem\/hizla-buyuyen-antalya-alarm-veriyor-kentin-gelecegi-tehlike-atlinda\/#article\",\"isPartOf\":{\"@id\":\"http:\/\/denizcankizil.tr\/de\/haberler\/gundem\/hizla-buyuyen-antalya-alarm-veriyor-kentin-gelecegi-tehlike-atlinda\/\"},\"author\":{\"name\":\"Antalya K\u00f6rfez\",\"@id\":\"https:\/\/denizcankizil.tr\/de\/#\/schema\/person\/e1eb71bb4dd684d46563f0af307e1234\"},\"headline\":\"H\u0131zla b\u00fcy\u00fcyen Antalya alarm veriyor: Kentin gelece\u011fi tehlike atl\u0131nda!\",\"datePublished\":\"2025-05-18T08:41:17+00:00\",\"mainEntityOfPage\":{\"@id\":\"http:\/\/denizcankizil.tr\/de\/haberler\/gundem\/hizla-buyuyen-antalya-alarm-veriyor-kentin-gelecegi-tehlike-atlinda\/\"},\"wordCount\":777,\"publisher\":{\"@id\":\"https:\/\/denizcankizil.tr\/de\/#organization\"},\"articleSection\":[\"G\u00fcndem\"],\"inLanguage\":\"de\"},{\"@type\":\"WebPage\",\"@id\":\"http:\/\/denizcankizil.tr\/de\/haberler\/gundem\/hizla-buyuyen-antalya-alarm-veriyor-kentin-gelecegi-tehlike-atlinda\/\",\"url\":\"http:\/\/denizcankizil.tr\/de\/haberler\/gundem\/hizla-buyuyen-antalya-alarm-veriyor-kentin-gelecegi-tehlike-atlinda\/\",\"name\":\"H\u0131zla b\u00fcy\u00fcyen Antalya alarm veriyor: Kentin gelece\u011fi tehlike atl\u0131nda! - Av. Deniz Can K\u0131z\u0131l\",\"isPartOf\":{\"@id\":\"https:\/\/denizcankizil.tr\/de\/#website\"},\"datePublished\":\"2025-05-18T08:41:17+00:00\",\"breadcrumb\":{\"@id\":\"http:\/\/denizcankizil.tr\/de\/haberler\/gundem\/hizla-buyuyen-antalya-alarm-veriyor-kentin-gelecegi-tehlike-atlinda\/#breadcrumb\"},\"inLanguage\":\"de\",\"potentialAction\":[{\"@type\":\"ReadAction\",\"target\":[\"http:\/\/denizcankizil.tr\/de\/haberler\/gundem\/hizla-buyuyen-antalya-alarm-veriyor-kentin-gelecegi-tehlike-atlinda\/\"]}]},{\"@type\":\"BreadcrumbList\",\"@id\":\"http:\/\/denizcankizil.tr\/de\/haberler\/gundem\/hizla-buyuyen-antalya-alarm-veriyor-kentin-gelecegi-tehlike-atlinda\/#breadcrumb\",\"itemListElement\":[{\"@type\":\"ListItem\",\"position\":1,\"name\":\"Home\",\"item\":\"https:\/\/denizcankizil.tr\/de\/\"},{\"@type\":\"ListItem\",\"position\":2,\"name\":\"H\u0131zla b\u00fcy\u00fcyen Antalya alarm veriyor: Kentin gelece\u011fi tehlike atl\u0131nda!\"}]},{\"@type\":\"WebSite\",\"@id\":\"https:\/\/denizcankizil.tr\/de\/#website\",\"url\":\"https:\/\/denizcankizil.tr\/de\/\",\"name\":\"Av. Deniz Can K\u0131z\u0131l\",\"description\":\"Avukat Deniz Can K\u0131z\u0131l Antalya Barosu\",\"publisher\":{\"@id\":\"https:\/\/denizcankizil.tr\/de\/#organization\"},\"potentialAction\":[{\"@type\":\"SearchAction\",\"target\":{\"@type\":\"EntryPoint\",\"urlTemplate\":\"https:\/\/denizcankizil.tr\/de\/?s={search_term_string}\"},\"query-input\":{\"@type\":\"PropertyValueSpecification\",\"valueRequired\":true,\"valueName\":\"search_term_string\"}}],\"inLanguage\":\"de\"},{\"@type\":\"Organization\",\"@id\":\"https:\/\/denizcankizil.tr\/de\/#organization\",\"name\":\"Av. Deniz Can K\u0131z\u0131l\",\"url\":\"https:\/\/denizcankizil.tr\/de\/\",\"logo\":{\"@type\":\"ImageObject\",\"inLanguage\":\"de\",\"@id\":\"https:\/\/denizcankizil.tr\/de\/#\/schema\/logo\/image\/\",\"url\":\"http:\/\/denizcankizil.tr\/wp-content\/uploads\/2024\/10\/siyah-logo-svg.svg\",\"contentUrl\":\"http:\/\/denizcankizil.tr\/wp-content\/uploads\/2024\/10\/siyah-logo-svg.svg\",\"width\":1080,\"height\":1080,\"caption\":\"Av. Deniz Can K\u0131z\u0131l\"},\"image\":{\"@id\":\"https:\/\/denizcankizil.tr\/de\/#\/schema\/logo\/image\/\"}},{\"@type\":\"Person\",\"@id\":\"https:\/\/denizcankizil.tr\/de\/#\/schema\/person\/e1eb71bb4dd684d46563f0af307e1234\",\"name\":\"Antalya K\u00f6rfez\",\"image\":{\"@type\":\"ImageObject\",\"inLanguage\":\"de\",\"@id\":\"https:\/\/denizcankizil.tr\/de\/#\/schema\/person\/image\/\",\"url\":\"https:\/\/secure.gravatar.com\/avatar\/42b01982558a48a0b501fdcab6a408d3717ea5919095ee2e67b0e521799c5905?s=96&d=mm&r=g\",\"contentUrl\":\"https:\/\/secure.gravatar.com\/avatar\/42b01982558a48a0b501fdcab6a408d3717ea5919095ee2e67b0e521799c5905?s=96&d=mm&r=g\",\"caption\":\"Antalya K\u00f6rfez\"},\"sameAs\":[\"http:\/\/www.antalyakorfez.com\"],\"url\":\"https:\/\/www.antalyakorfez.com\/hizla-buyuyen-antalya-alarm-veriyor-kentin-gelecegi-tehlike-atlinda\"}]}<\/script>\n<!-- \/ Yoast SEO Premium plugin. -->","yoast_head_json":{"title":"H\u0131zla b\u00fcy\u00fcyen Antalya alarm veriyor: Kentin gelece\u011fi tehlike atl\u0131nda! - Av. Deniz Can K\u0131z\u0131l","robots":{"index":"index","follow":"follow","max-snippet":"max-snippet:-1","max-image-preview":"max-image-preview:large","max-video-preview":"max-video-preview:-1"},"canonical":"http:\/\/denizcankizil.tr\/de\/haberler\/gundem\/hizla-buyuyen-antalya-alarm-veriyor-kentin-gelecegi-tehlike-atlinda\/","og_locale":"de_DE","og_type":"article","og_title":"H\u0131zla b\u00fcy\u00fcyen Antalya alarm veriyor: Kentin gelece\u011fi tehlike atl\u0131nda!","og_description":"Antalya Kent Konseyi taraf\u0131ndan d\u00fczenlenen 21. Y\u00fczy\u0131lda Antalya \u00c7al\u0131\u015ftay\u0131, kentsel \u00e7evre sorunlar\u0131 ve ya\u015fam kalitesi \u00fczerine \u00f6nemli tart\u0131\u015fmalara sahne oldu. TMMOB \u015eehir Planc\u0131lar\u0131 Odas\u0131 (\u015ePO) Antalya \u015eube Ba\u015fkan\u0131 Funda Y\u00f6r\u00fck, \u201c\u0130mar Plan\u0131 Kararlar\u0131 Kaynakl\u0131 Sorunlar\u201d ba\u015fl\u0131kl\u0131 bir sunum ger\u00e7ekle\u015ftirdi. Y\u00f6r\u00fck, sunumunda Antalya\u2019n\u0131n gelece\u011fine dair kritik uyar\u0131larda bulundu. Y\u00f6r\u00fck, imar planlar\u0131n\u0131n yaln\u0131zca altyap\u0131 ve yap\u0131la\u015fmadan ibaret olmad\u0131\u011f\u0131n\u0131, \u015fehrin i\u015flevselli\u011fi ve ula\u015f\u0131m verimlili\u011fi \u00fczerinde de derin etkiler yaratt\u0131\u011f\u0131na dikkat \u00e7ekti. SWOT ANAL\u0130Z\u0130N\u0130 \u00c7IKARDI Y\u00f6r\u00fck, imar planlar\u0131n\u0131n yaln\u0131zca altyap\u0131 ve yap\u0131la\u015fmay\u0131 d\u00fczenleyen belgeler olmad\u0131\u011f\u0131n\u0131, ayn\u0131 zamanda bir \u015fehrin i\u015flevselli\u011fini, ula\u015f\u0131m verimlili\u011fini ve ya\u015fam kalitesini do\u011frudan etkileyen ara\u00e7lar oldu\u011funu vurgulad\u0131. Sunumunda Antalya\u2019n\u0131n mevcut durumu SWOT (g\u00fc\u00e7l\u00fc y\u00f6nler, zay\u0131f y\u00f6nler, f\u0131rsatlar, tehditler) analizi \u00e7er\u00e7evesinde de\u011ferlendiren Y\u00f6r\u00fck, do\u011fru planlama ile zay\u0131f y\u00f6nlerin giderilerek \u015fehrin potansiyelinin a\u00e7\u0131\u011fa \u00e7\u0131kar\u0131labilece\u011fini belirtti. EKONOM\u0130K VE SOSYAL A\u00c7IDAN KR\u0130T\u0130K Kentsel alanlar\u0131n i\u015flevsel da\u011f\u0131l\u0131m\u0131n\u0131n \u00f6nemine dikkat \u00e7eken Y\u00f6r\u00fck, ticari b\u00f6lgelerin, konut alanlar\u0131n\u0131n, ye\u015fil ve kamusal alanlar\u0131n dengeli yerle\u015ftirilmesinin hem ekonomik hem de sosyal a\u00e7\u0131dan kritik oldu\u011funu kaydetti. Ula\u015f\u0131mda ise yol hiyerar\u015fisinin eksikli\u011fi ve otopark alanlar\u0131n\u0131n yetersizli\u011finin trafik s\u0131k\u0131\u015f\u0131kl\u0131\u011f\u0131n\u0131 art\u0131rd\u0131\u011f\u0131n\u0131 ve bu durumun \u015fehir i\u00e7i hareketlili\u011fi ciddi \u015fekilde olumsuz etkiledi\u011fini dile getirdi. \u015eEHR\u0130N GELECE\u011e\u0130 TEHT\u0130T ALTINDA Antalya K\u00f6rfez Gazetesi muhabiri Ertu\u011frul G\u00fcn&#8217;\u00fcn haberine g\u00f6re; Y\u00f6r\u00fck, artan n\u00fcfus bask\u0131s\u0131, \u00e7arp\u0131k kentle\u015fme ve imar aff\u0131 uygulamalar\u0131n\u0131n, &hellip;","og_url":"http:\/\/denizcankizil.tr\/de\/haberler\/gundem\/hizla-buyuyen-antalya-alarm-veriyor-kentin-gelecegi-tehlike-atlinda\/","og_site_name":"Av. Deniz Can K\u0131z\u0131l","article_published_time":"2025-05-18T08:41:17+00:00","author":"Antalya K\u00f6rfez","twitter_card":"summary_large_image","twitter_misc":{"Verfasst von":"Antalya K\u00f6rfez","Gesch\u00e4tzte Lesezeit":"4\u00a0Minuten"},"schema":{"@context":"https:\/\/schema.org","@graph":[{"@type":"Article","@id":"http:\/\/denizcankizil.tr\/de\/haberler\/gundem\/hizla-buyuyen-antalya-alarm-veriyor-kentin-gelecegi-tehlike-atlinda\/#article","isPartOf":{"@id":"http:\/\/denizcankizil.tr\/de\/haberler\/gundem\/hizla-buyuyen-antalya-alarm-veriyor-kentin-gelecegi-tehlike-atlinda\/"},"author":{"name":"Antalya K\u00f6rfez","@id":"https:\/\/denizcankizil.tr\/de\/#\/schema\/person\/e1eb71bb4dd684d46563f0af307e1234"},"headline":"H\u0131zla b\u00fcy\u00fcyen Antalya alarm veriyor: Kentin gelece\u011fi tehlike atl\u0131nda!","datePublished":"2025-05-18T08:41:17+00:00","mainEntityOfPage":{"@id":"http:\/\/denizcankizil.tr\/de\/haberler\/gundem\/hizla-buyuyen-antalya-alarm-veriyor-kentin-gelecegi-tehlike-atlinda\/"},"wordCount":777,"publisher":{"@id":"https:\/\/denizcankizil.tr\/de\/#organization"},"articleSection":["G\u00fcndem"],"inLanguage":"de"},{"@type":"WebPage","@id":"http:\/\/denizcankizil.tr\/de\/haberler\/gundem\/hizla-buyuyen-antalya-alarm-veriyor-kentin-gelecegi-tehlike-atlinda\/","url":"http:\/\/denizcankizil.tr\/de\/haberler\/gundem\/hizla-buyuyen-antalya-alarm-veriyor-kentin-gelecegi-tehlike-atlinda\/","name":"H\u0131zla b\u00fcy\u00fcyen Antalya alarm veriyor: Kentin gelece\u011fi tehlike atl\u0131nda! - Av. Deniz Can K\u0131z\u0131l","isPartOf":{"@id":"https:\/\/denizcankizil.tr\/de\/#website"},"datePublished":"2025-05-18T08:41:17+00:00","breadcrumb":{"@id":"http:\/\/denizcankizil.tr\/de\/haberler\/gundem\/hizla-buyuyen-antalya-alarm-veriyor-kentin-gelecegi-tehlike-atlinda\/#breadcrumb"},"inLanguage":"de","potentialAction":[{"@type":"ReadAction","target":["http:\/\/denizcankizil.tr\/de\/haberler\/gundem\/hizla-buyuyen-antalya-alarm-veriyor-kentin-gelecegi-tehlike-atlinda\/"]}]},{"@type":"BreadcrumbList","@id":"http:\/\/denizcankizil.tr\/de\/haberler\/gundem\/hizla-buyuyen-antalya-alarm-veriyor-kentin-gelecegi-tehlike-atlinda\/#breadcrumb","itemListElement":[{"@type":"ListItem","position":1,"name":"Home","item":"https:\/\/denizcankizil.tr\/de\/"},{"@type":"ListItem","position":2,"name":"H\u0131zla b\u00fcy\u00fcyen Antalya alarm veriyor: Kentin gelece\u011fi tehlike atl\u0131nda!"}]},{"@type":"WebSite","@id":"https:\/\/denizcankizil.tr\/de\/#website","url":"https:\/\/denizcankizil.tr\/de\/","name":"Av. Deniz Can K\u0131z\u0131l","description":"Avukat Deniz Can K\u0131z\u0131l Antalya Barosu","publisher":{"@id":"https:\/\/denizcankizil.tr\/de\/#organization"},"potentialAction":[{"@type":"SearchAction","target":{"@type":"EntryPoint","urlTemplate":"https:\/\/denizcankizil.tr\/de\/?s={search_term_string}"},"query-input":{"@type":"PropertyValueSpecification","valueRequired":true,"valueName":"search_term_string"}}],"inLanguage":"de"},{"@type":"Organization","@id":"https:\/\/denizcankizil.tr\/de\/#organization","name":"Av. Deniz Can K\u0131z\u0131l","url":"https:\/\/denizcankizil.tr\/de\/","logo":{"@type":"ImageObject","inLanguage":"de","@id":"https:\/\/denizcankizil.tr\/de\/#\/schema\/logo\/image\/","url":"http:\/\/denizcankizil.tr\/wp-content\/uploads\/2024\/10\/siyah-logo-svg.svg","contentUrl":"http:\/\/denizcankizil.tr\/wp-content\/uploads\/2024\/10\/siyah-logo-svg.svg","width":1080,"height":1080,"caption":"Av. Deniz Can K\u0131z\u0131l"},"image":{"@id":"https:\/\/denizcankizil.tr\/de\/#\/schema\/logo\/image\/"}},{"@type":"Person","@id":"https:\/\/denizcankizil.tr\/de\/#\/schema\/person\/e1eb71bb4dd684d46563f0af307e1234","name":"Antalya K\u00f6rfez","image":{"@type":"ImageObject","inLanguage":"de","@id":"https:\/\/denizcankizil.tr\/de\/#\/schema\/person\/image\/","url":"https:\/\/secure.gravatar.com\/avatar\/42b01982558a48a0b501fdcab6a408d3717ea5919095ee2e67b0e521799c5905?s=96&d=mm&r=g","contentUrl":"https:\/\/secure.gravatar.com\/avatar\/42b01982558a48a0b501fdcab6a408d3717ea5919095ee2e67b0e521799c5905?s=96&d=mm&r=g","caption":"Antalya K\u00f6rfez"},"sameAs":["http:\/\/www.antalyakorfez.com"],"url":"https:\/\/www.antalyakorfez.com\/hizla-buyuyen-antalya-alarm-veriyor-kentin-gelecegi-tehlike-atlinda"}]}},"_links":{"self":[{"href":"http:\/\/denizcankizil.tr\/de\/wp-json\/wp\/v2\/posts\/90419","targetHints":{"allow":["GET"]}}],"collection":[{"href":"http:\/\/denizcankizil.tr\/de\/wp-json\/wp\/v2\/posts"}],"about":[{"href":"http:\/\/denizcankizil.tr\/de\/wp-json\/wp\/v2\/types\/post"}],"author":[{"embeddable":true,"href":"http:\/\/denizcankizil.tr\/de\/wp-json\/wp\/v2\/users\/5"}],"replies":[{"embeddable":true,"href":"http:\/\/denizcankizil.tr\/de\/wp-json\/wp\/v2\/comments?post=90419"}],"version-history":[{"count":0,"href":"http:\/\/denizcankizil.tr\/de\/wp-json\/wp\/v2\/posts\/90419\/revisions"}],"wp:attachment":[{"href":"http:\/\/denizcankizil.tr\/de\/wp-json\/wp\/v2\/media?parent=90419"}],"wp:term":[{"taxonomy":"category","embeddable":true,"href":"http:\/\/denizcankizil.tr\/de\/wp-json\/wp\/v2\/categories?post=90419"},{"taxonomy":"post_tag","embeddable":true,"href":"http:\/\/denizcankizil.tr\/de\/wp-json\/wp\/v2\/tags?post=90419"}],"curies":[{"name":"wp","href":"https:\/\/api.w.org\/{rel}","templated":true}]}}