{"id":9036,"date":"2024-10-27T18:42:08","date_gmt":"2024-10-27T15:42:08","guid":{"rendered":"https:\/\/denizcankizil.tr\/uncategorized-tr\/denizliye-helikopter-gorevlendirildi-milli-savunmadan-denizliye-destek\/"},"modified":"2024-10-27T18:42:08","modified_gmt":"2024-10-27T15:42:08","slug":"denizliye-helikopter-gorevlendirildi-milli-savunmadan-denizliye-destek","status":"publish","type":"post","link":"http:\/\/denizcankizil.tr\/de\/haberler\/gundem\/denizliye-helikopter-gorevlendirildi-milli-savunmadan-denizliye-destek\/","title":{"rendered":"Denizli&#8217;ye helikopter g\u00f6revlendirildi&#8230; Milli Savunma&#8217;dan Denizli&#8217;ye destek"},"content":{"rendered":"<p>Milli Savunma Bakanl\u0131\u011f\u0131, Denizli&#8217;deki orman yang\u0131n\u0131na m\u00fcdahale i\u00e7in helikopter g\u00f6revlendirdi.ANKARA (\u0130GFA) &#8211; Denizli&#8217;nin Tavas il\u00e7esinde \u00fc\u00e7 g\u00fcn \u00f6nce meydana gelen ve s\u00f6nd\u00fcrme \u00e7al\u0131\u015fmalar\u0131 s\u00fcren orman yang\u0131n\u0131n oldu\u011fu b\u00f6lgeye destek noktas\u0131nda Milli Savunma Bakanl\u0131\u011f\u0131, bir helikopter g\u00f6revlendirdi.<br \/>\nBakanl\u0131ktan yap\u0131lan a\u00e7\u0131klamada,\u00a0 &#8220;Denizli ili Tavas il\u00e7esinde 25 Ekim 2024&#8217;te meydana gelen ve devam eden orman yang\u0131n\u0131n\u0131 s\u00f6nd\u00fcrme \u00e7al\u0131\u015fmalar\u0131na destek i\u00e7in Kara Kuvvetlerimize ait bir adet CH-47 tipi helikopter g\u00f6revlendirildi.&#8221; ifadeleri yer ald\u0131.<\/p>\n<p><blockquote class=\"twitter-tweet\" data-width=\"550\" data-dnt=\"true\"><p lang=\"tr\" dir=\"ltr\">Denizli ili Tavas il\u00e7esinde 25 Ekim 2024 tarihinde meydana gelen ve devam eden orman yang\u0131n\u0131n\u0131 s\u00f6nd\u00fcrme \u00e7al\u0131\u015fmalar\u0131na destek i\u00e7in Kara Kuvvetlerimize ait bir adet CH-47 tipi helikopter g\u00f6revlendirildi.<a href=\"https:\/\/twitter.com\/hashtag\/Mill%C3%AESavunmaBakanl%C4%B1%C4%9F%C4%B1?src=hash&amp;ref_src=twsrc%5Etfw\">#Mill\u00eeSavunmaBakanl\u0131\u011f\u0131<\/a> <a href=\"https:\/\/t.co\/3937aQ7R7t\">pic.twitter.com\/3937aQ7R7t<\/a><\/p>&mdash; T.C. Mill\u00ee Savunma Bakanl\u0131\u011f\u0131 (@tcsavunma) <a href=\"https:\/\/twitter.com\/tcsavunma\/status\/1850514002012500146?ref_src=twsrc%5Etfw\">October 27, 2024<\/a><\/blockquote><script async src=\"https:\/\/platform.twitter.com\/widgets.js\" charset=\"utf-8\"><\/script><\/p>\n<p>\u200bMilli Savunma Bakanl\u0131\u011f\u0131, Denizli&#8217;deki orman yang\u0131n\u0131na m\u00fcdahale i\u00e7in helikopter g\u00f6revlendirdi\u00a0<\/p>\n<p>\u200bHaberin Al\u0131nt\u0131land\u0131\u011f\u0131 Kaynak: www.iskenderun.org<\/p>","protected":false},"excerpt":{"rendered":"<p>Milli Savunma Bakanl\u0131\u011f\u0131, Denizli&#8217;deki orman yang\u0131n\u0131na m\u00fcdahale i\u00e7in helikopter g\u00f6revlendirdi.ANKARA (\u0130GFA) &#8211; Denizli&#8217;nin Tavas il\u00e7esinde \u00fc\u00e7 g\u00fcn \u00f6nce meydana gelen ve s\u00f6nd\u00fcrme \u00e7al\u0131\u015fmalar\u0131 s\u00fcren orman yang\u0131n\u0131n oldu\u011fu b\u00f6lgeye destek noktas\u0131nda Milli Savunma Bakanl\u0131\u011f\u0131, bir helikopter g\u00f6revlendirdi. Bakanl\u0131ktan yap\u0131lan a\u00e7\u0131klamada,\u00a0 &#8220;Denizli ili Tavas il\u00e7esinde 25 Ekim 2024&#8217;te meydana gelen ve devam eden orman yang\u0131n\u0131n\u0131 s\u00f6nd\u00fcrme \u00e7al\u0131\u015fmalar\u0131na destek i\u00e7in Kara Kuvvetlerimize ait bir adet CH-47 tipi helikopter g\u00f6revlendirildi.&#8221; ifadeleri yer ald\u0131. Denizli ili Tavas il\u00e7esinde 25 Ekim 2024 tarihinde meydana gelen ve devam eden orman yang\u0131n\u0131n\u0131 s\u00f6nd\u00fcrme \u00e7al\u0131\u015fmalar\u0131na destek i\u00e7in Kara Kuvvetlerimize ait bir adet CH-47 tipi helikopter g\u00f6revlendirildi.#Mill\u00eeSavunmaBakanl\u0131\u011f\u0131 pic.twitter.com\/3937aQ7R7t &mdash; T.C. Mill\u00ee Savunma Bakanl\u0131\u011f\u0131 (@tcsavunma) October 27, 2024 \u200bMilli Savunma Bakanl\u0131\u011f\u0131, Denizli&#8217;deki orman yang\u0131n\u0131na m\u00fcdahale i\u00e7in helikopter g\u00f6revlendirdi\u00a0 \u200bHaberin Al\u0131nt\u0131land\u0131\u011f\u0131 Kaynak: www.iskenderun.org<\/p>","protected":false},"author":0,"featured_media":0,"comment_status":"open","ping_status":"open","sticky":false,"template":"","format":"standard","meta":{"_acf_changed":false,"footnotes":""},"categories":[24,535],"tags":[],"class_list":["post-9036","post","type-post","status-publish","format-standard","has-post-thumbnail","hentry","category-gundem","category-uncategorized-tr"],"acf":[],"yoast_head":"<!-- This site is optimized with the Yoast SEO Premium plugin v26.6 (Yoast SEO v27.1.1) - https:\/\/yoast.com\/product\/yoast-seo-premium-wordpress\/ -->\n<title>Denizli&#039;ye helikopter g\u00f6revlendirildi... Milli Savunma&#039;dan Denizli&#039;ye destek - Av. Deniz Can K\u0131z\u0131l<\/title>\n<meta name=\"robots\" content=\"index, follow, max-snippet:-1, max-image-preview:large, max-video-preview:-1\" \/>\n<link rel=\"canonical\" href=\"https:\/\/denizcankizil.tr\/de\/haberler\/gundem\/denizliye-helikopter-gorevlendirildi-milli-savunmadan-denizliye-destek\/\" \/>\n<meta property=\"og:locale\" content=\"de_DE\" \/>\n<meta property=\"og:type\" content=\"article\" \/>\n<meta property=\"og:title\" content=\"Denizli&#039;ye helikopter g\u00f6revlendirildi... Milli Savunma&#039;dan Denizli&#039;ye destek\" \/>\n<meta property=\"og:description\" content=\"Milli Savunma Bakanl\u0131\u011f\u0131, Denizli&#8217;deki orman yang\u0131n\u0131na m\u00fcdahale i\u00e7in helikopter g\u00f6revlendirdi.ANKARA (\u0130GFA) &#8211; Denizli&#8217;nin Tavas il\u00e7esinde \u00fc\u00e7 g\u00fcn \u00f6nce meydana gelen ve s\u00f6nd\u00fcrme \u00e7al\u0131\u015fmalar\u0131 s\u00fcren orman yang\u0131n\u0131n oldu\u011fu b\u00f6lgeye destek noktas\u0131nda Milli Savunma Bakanl\u0131\u011f\u0131, bir helikopter g\u00f6revlendirdi. Bakanl\u0131ktan yap\u0131lan a\u00e7\u0131klamada,\u00a0 &#8220;Denizli ili Tavas il\u00e7esinde 25 Ekim 2024&#8217;te meydana gelen ve devam eden orman yang\u0131n\u0131n\u0131 s\u00f6nd\u00fcrme \u00e7al\u0131\u015fmalar\u0131na destek i\u00e7in Kara Kuvvetlerimize ait bir adet CH-47 tipi helikopter g\u00f6revlendirildi.&#8221; ifadeleri yer ald\u0131. Denizli ili Tavas il\u00e7esinde 25 Ekim 2024 tarihinde meydana gelen ve devam eden orman yang\u0131n\u0131n\u0131 s\u00f6nd\u00fcrme \u00e7al\u0131\u015fmalar\u0131na destek i\u00e7in Kara Kuvvetlerimize ait bir adet CH-47 tipi helikopter g\u00f6revlendirildi.#Mill\u00eeSavunmaBakanl\u0131\u011f\u0131 pic.twitter.com\/3937aQ7R7t &mdash; T.C. Mill\u00ee Savunma Bakanl\u0131\u011f\u0131 (@tcsavunma) October 27, 2024 \u200bMilli Savunma Bakanl\u0131\u011f\u0131, Denizli&#8217;deki orman yang\u0131n\u0131na m\u00fcdahale i\u00e7in helikopter g\u00f6revlendirdi\u00a0 \u200bHaberin Al\u0131nt\u0131land\u0131\u011f\u0131 Kaynak: www.iskenderun.org\" \/>\n<meta property=\"og:url\" content=\"https:\/\/denizcankizil.tr\/de\/haberler\/gundem\/denizliye-helikopter-gorevlendirildi-milli-savunmadan-denizliye-destek\/\" \/>\n<meta property=\"og:site_name\" content=\"Av. Deniz Can K\u0131z\u0131l\" \/>\n<meta property=\"article:published_time\" content=\"2024-10-27T15:42:08+00:00\" \/>\n<meta name=\"twitter:card\" content=\"summary_large_image\" \/>\n<meta name=\"twitter:label1\" content=\"Gesch\u00e4tzte Lesezeit\" \/>\n\t<meta name=\"twitter:data1\" content=\"1\u00a0Minute\" \/>\n<script type=\"application\/ld+json\" class=\"yoast-schema-graph\">{\"@context\":\"https:\/\/schema.org\",\"@graph\":[{\"@type\":\"Article\",\"@id\":\"https:\/\/denizcankizil.tr\/uk\/haberler\/gundem\/denizliye-helikopter-gorevlendirildi-milli-savunmadan-denizliye-destek\/#article\",\"isPartOf\":{\"@id\":\"https:\/\/denizcankizil.tr\/uk\/haberler\/gundem\/denizliye-helikopter-gorevlendirildi-milli-savunmadan-denizliye-destek\/\"},\"author\":{\"name\":\"\",\"@id\":\"\"},\"headline\":\"Denizli&#8217;ye helikopter g\u00f6revlendirildi&#8230; Milli Savunma&#8217;dan Denizli&#8217;ye destek\",\"datePublished\":\"2024-10-27T15:42:08+00:00\",\"mainEntityOfPage\":{\"@id\":\"https:\/\/denizcankizil.tr\/uk\/haberler\/gundem\/denizliye-helikopter-gorevlendirildi-milli-savunmadan-denizliye-destek\/\"},\"wordCount\":139,\"commentCount\":0,\"publisher\":{\"@id\":\"https:\/\/denizcankizil.tr\/de\/#organization\"},\"articleSection\":[\"G\u00fcndem\",\"Uncategorized\"],\"inLanguage\":\"de\",\"potentialAction\":[{\"@type\":\"CommentAction\",\"name\":\"Comment\",\"target\":[\"https:\/\/denizcankizil.tr\/uk\/haberler\/gundem\/denizliye-helikopter-gorevlendirildi-milli-savunmadan-denizliye-destek\/#respond\"]}]},{\"@type\":\"WebPage\",\"@id\":\"https:\/\/denizcankizil.tr\/uk\/haberler\/gundem\/denizliye-helikopter-gorevlendirildi-milli-savunmadan-denizliye-destek\/\",\"url\":\"https:\/\/denizcankizil.tr\/uk\/haberler\/gundem\/denizliye-helikopter-gorevlendirildi-milli-savunmadan-denizliye-destek\/\",\"name\":\"Denizli'ye helikopter g\u00f6revlendirildi... Milli Savunma'dan Denizli'ye destek - Av. Deniz Can K\u0131z\u0131l\",\"isPartOf\":{\"@id\":\"https:\/\/denizcankizil.tr\/de\/#website\"},\"datePublished\":\"2024-10-27T15:42:08+00:00\",\"breadcrumb\":{\"@id\":\"https:\/\/denizcankizil.tr\/uk\/haberler\/gundem\/denizliye-helikopter-gorevlendirildi-milli-savunmadan-denizliye-destek\/#breadcrumb\"},\"inLanguage\":\"de\",\"potentialAction\":[{\"@type\":\"ReadAction\",\"target\":[\"https:\/\/denizcankizil.tr\/uk\/haberler\/gundem\/denizliye-helikopter-gorevlendirildi-milli-savunmadan-denizliye-destek\/\"]}]},{\"@type\":\"BreadcrumbList\",\"@id\":\"https:\/\/denizcankizil.tr\/uk\/haberler\/gundem\/denizliye-helikopter-gorevlendirildi-milli-savunmadan-denizliye-destek\/#breadcrumb\",\"itemListElement\":[{\"@type\":\"ListItem\",\"position\":1,\"name\":\"Home\",\"item\":\"https:\/\/denizcankizil.tr\/de\/\"},{\"@type\":\"ListItem\",\"position\":2,\"name\":\"Denizli&#8217;ye helikopter g\u00f6revlendirildi&#8230; Milli Savunma&#8217;dan Denizli&#8217;ye destek\"}]},{\"@type\":\"WebSite\",\"@id\":\"https:\/\/denizcankizil.tr\/de\/#website\",\"url\":\"https:\/\/denizcankizil.tr\/de\/\",\"name\":\"Av. Deniz Can K\u0131z\u0131l\",\"description\":\"Avukat Deniz Can K\u0131z\u0131l Antalya Barosu\",\"publisher\":{\"@id\":\"https:\/\/denizcankizil.tr\/de\/#organization\"},\"potentialAction\":[{\"@type\":\"SearchAction\",\"target\":{\"@type\":\"EntryPoint\",\"urlTemplate\":\"https:\/\/denizcankizil.tr\/de\/?s={search_term_string}\"},\"query-input\":{\"@type\":\"PropertyValueSpecification\",\"valueRequired\":true,\"valueName\":\"search_term_string\"}}],\"inLanguage\":\"de\"},{\"@type\":\"Organization\",\"@id\":\"https:\/\/denizcankizil.tr\/de\/#organization\",\"name\":\"Av. Deniz Can K\u0131z\u0131l\",\"url\":\"https:\/\/denizcankizil.tr\/de\/\",\"logo\":{\"@type\":\"ImageObject\",\"inLanguage\":\"de\",\"@id\":\"https:\/\/denizcankizil.tr\/de\/#\/schema\/logo\/image\/\",\"url\":\"http:\/\/denizcankizil.tr\/wp-content\/uploads\/2024\/10\/siyah-logo-svg.svg\",\"contentUrl\":\"http:\/\/denizcankizil.tr\/wp-content\/uploads\/2024\/10\/siyah-logo-svg.svg\",\"width\":1080,\"height\":1080,\"caption\":\"Av. Deniz Can K\u0131z\u0131l\"},\"image\":{\"@id\":\"https:\/\/denizcankizil.tr\/de\/#\/schema\/logo\/image\/\"}}]}<\/script>\n<!-- \/ Yoast SEO Premium plugin. -->","yoast_head_json":{"title":"Denizli'ye helikopter g\u00f6revlendirildi... Milli Savunma'dan Denizli'ye destek - Av. Deniz Can K\u0131z\u0131l","robots":{"index":"index","follow":"follow","max-snippet":"max-snippet:-1","max-image-preview":"max-image-preview:large","max-video-preview":"max-video-preview:-1"},"canonical":"https:\/\/denizcankizil.tr\/de\/haberler\/gundem\/denizliye-helikopter-gorevlendirildi-milli-savunmadan-denizliye-destek\/","og_locale":"de_DE","og_type":"article","og_title":"Denizli'ye helikopter g\u00f6revlendirildi... Milli Savunma'dan Denizli'ye destek","og_description":"Milli Savunma Bakanl\u0131\u011f\u0131, Denizli&#8217;deki orman yang\u0131n\u0131na m\u00fcdahale i\u00e7in helikopter g\u00f6revlendirdi.ANKARA (\u0130GFA) &#8211; Denizli&#8217;nin Tavas il\u00e7esinde \u00fc\u00e7 g\u00fcn \u00f6nce meydana gelen ve s\u00f6nd\u00fcrme \u00e7al\u0131\u015fmalar\u0131 s\u00fcren orman yang\u0131n\u0131n oldu\u011fu b\u00f6lgeye destek noktas\u0131nda Milli Savunma Bakanl\u0131\u011f\u0131, bir helikopter g\u00f6revlendirdi. Bakanl\u0131ktan yap\u0131lan a\u00e7\u0131klamada,\u00a0 &#8220;Denizli ili Tavas il\u00e7esinde 25 Ekim 2024&#8217;te meydana gelen ve devam eden orman yang\u0131n\u0131n\u0131 s\u00f6nd\u00fcrme \u00e7al\u0131\u015fmalar\u0131na destek i\u00e7in Kara Kuvvetlerimize ait bir adet CH-47 tipi helikopter g\u00f6revlendirildi.&#8221; ifadeleri yer ald\u0131. Denizli ili Tavas il\u00e7esinde 25 Ekim 2024 tarihinde meydana gelen ve devam eden orman yang\u0131n\u0131n\u0131 s\u00f6nd\u00fcrme \u00e7al\u0131\u015fmalar\u0131na destek i\u00e7in Kara Kuvvetlerimize ait bir adet CH-47 tipi helikopter g\u00f6revlendirildi.#Mill\u00eeSavunmaBakanl\u0131\u011f\u0131 pic.twitter.com\/3937aQ7R7t &mdash; T.C. Mill\u00ee Savunma Bakanl\u0131\u011f\u0131 (@tcsavunma) October 27, 2024 \u200bMilli Savunma Bakanl\u0131\u011f\u0131, Denizli&#8217;deki orman yang\u0131n\u0131na m\u00fcdahale i\u00e7in helikopter g\u00f6revlendirdi\u00a0 \u200bHaberin Al\u0131nt\u0131land\u0131\u011f\u0131 Kaynak: www.iskenderun.org","og_url":"https:\/\/denizcankizil.tr\/de\/haberler\/gundem\/denizliye-helikopter-gorevlendirildi-milli-savunmadan-denizliye-destek\/","og_site_name":"Av. Deniz Can K\u0131z\u0131l","article_published_time":"2024-10-27T15:42:08+00:00","twitter_card":"summary_large_image","twitter_misc":{"Gesch\u00e4tzte Lesezeit":"1\u00a0Minute"},"schema":{"@context":"https:\/\/schema.org","@graph":[{"@type":"Article","@id":"https:\/\/denizcankizil.tr\/uk\/haberler\/gundem\/denizliye-helikopter-gorevlendirildi-milli-savunmadan-denizliye-destek\/#article","isPartOf":{"@id":"https:\/\/denizcankizil.tr\/uk\/haberler\/gundem\/denizliye-helikopter-gorevlendirildi-milli-savunmadan-denizliye-destek\/"},"author":{"name":"","@id":""},"headline":"Denizli&#8217;ye helikopter g\u00f6revlendirildi&#8230; Milli Savunma&#8217;dan Denizli&#8217;ye destek","datePublished":"2024-10-27T15:42:08+00:00","mainEntityOfPage":{"@id":"https:\/\/denizcankizil.tr\/uk\/haberler\/gundem\/denizliye-helikopter-gorevlendirildi-milli-savunmadan-denizliye-destek\/"},"wordCount":139,"commentCount":0,"publisher":{"@id":"https:\/\/denizcankizil.tr\/de\/#organization"},"articleSection":["G\u00fcndem","Uncategorized"],"inLanguage":"de","potentialAction":[{"@type":"CommentAction","name":"Comment","target":["https:\/\/denizcankizil.tr\/uk\/haberler\/gundem\/denizliye-helikopter-gorevlendirildi-milli-savunmadan-denizliye-destek\/#respond"]}]},{"@type":"WebPage","@id":"https:\/\/denizcankizil.tr\/uk\/haberler\/gundem\/denizliye-helikopter-gorevlendirildi-milli-savunmadan-denizliye-destek\/","url":"https:\/\/denizcankizil.tr\/uk\/haberler\/gundem\/denizliye-helikopter-gorevlendirildi-milli-savunmadan-denizliye-destek\/","name":"Denizli'ye helikopter g\u00f6revlendirildi... Milli Savunma'dan Denizli'ye destek - Av. Deniz Can K\u0131z\u0131l","isPartOf":{"@id":"https:\/\/denizcankizil.tr\/de\/#website"},"datePublished":"2024-10-27T15:42:08+00:00","breadcrumb":{"@id":"https:\/\/denizcankizil.tr\/uk\/haberler\/gundem\/denizliye-helikopter-gorevlendirildi-milli-savunmadan-denizliye-destek\/#breadcrumb"},"inLanguage":"de","potentialAction":[{"@type":"ReadAction","target":["https:\/\/denizcankizil.tr\/uk\/haberler\/gundem\/denizliye-helikopter-gorevlendirildi-milli-savunmadan-denizliye-destek\/"]}]},{"@type":"BreadcrumbList","@id":"https:\/\/denizcankizil.tr\/uk\/haberler\/gundem\/denizliye-helikopter-gorevlendirildi-milli-savunmadan-denizliye-destek\/#breadcrumb","itemListElement":[{"@type":"ListItem","position":1,"name":"Home","item":"https:\/\/denizcankizil.tr\/de\/"},{"@type":"ListItem","position":2,"name":"Denizli&#8217;ye helikopter g\u00f6revlendirildi&#8230; Milli Savunma&#8217;dan Denizli&#8217;ye destek"}]},{"@type":"WebSite","@id":"https:\/\/denizcankizil.tr\/de\/#website","url":"https:\/\/denizcankizil.tr\/de\/","name":"Av. Deniz Can K\u0131z\u0131l","description":"Avukat Deniz Can K\u0131z\u0131l Antalya Barosu","publisher":{"@id":"https:\/\/denizcankizil.tr\/de\/#organization"},"potentialAction":[{"@type":"SearchAction","target":{"@type":"EntryPoint","urlTemplate":"https:\/\/denizcankizil.tr\/de\/?s={search_term_string}"},"query-input":{"@type":"PropertyValueSpecification","valueRequired":true,"valueName":"search_term_string"}}],"inLanguage":"de"},{"@type":"Organization","@id":"https:\/\/denizcankizil.tr\/de\/#organization","name":"Av. Deniz Can K\u0131z\u0131l","url":"https:\/\/denizcankizil.tr\/de\/","logo":{"@type":"ImageObject","inLanguage":"de","@id":"https:\/\/denizcankizil.tr\/de\/#\/schema\/logo\/image\/","url":"http:\/\/denizcankizil.tr\/wp-content\/uploads\/2024\/10\/siyah-logo-svg.svg","contentUrl":"http:\/\/denizcankizil.tr\/wp-content\/uploads\/2024\/10\/siyah-logo-svg.svg","width":1080,"height":1080,"caption":"Av. Deniz Can K\u0131z\u0131l"},"image":{"@id":"https:\/\/denizcankizil.tr\/de\/#\/schema\/logo\/image\/"}}]}},"_links":{"self":[{"href":"http:\/\/denizcankizil.tr\/de\/wp-json\/wp\/v2\/posts\/9036","targetHints":{"allow":["GET"]}}],"collection":[{"href":"http:\/\/denizcankizil.tr\/de\/wp-json\/wp\/v2\/posts"}],"about":[{"href":"http:\/\/denizcankizil.tr\/de\/wp-json\/wp\/v2\/types\/post"}],"replies":[{"embeddable":true,"href":"http:\/\/denizcankizil.tr\/de\/wp-json\/wp\/v2\/comments?post=9036"}],"version-history":[{"count":0,"href":"http:\/\/denizcankizil.tr\/de\/wp-json\/wp\/v2\/posts\/9036\/revisions"}],"wp:attachment":[{"href":"http:\/\/denizcankizil.tr\/de\/wp-json\/wp\/v2\/media?parent=9036"}],"wp:term":[{"taxonomy":"category","embeddable":true,"href":"http:\/\/denizcankizil.tr\/de\/wp-json\/wp\/v2\/categories?post=9036"},{"taxonomy":"post_tag","embeddable":true,"href":"http:\/\/denizcankizil.tr\/de\/wp-json\/wp\/v2\/tags?post=9036"}],"curies":[{"name":"wp","href":"https:\/\/api.w.org\/{rel}","templated":true}]}}