{"id":9006,"date":"2024-10-27T17:43:10","date_gmt":"2024-10-27T14:43:10","guid":{"rendered":"https:\/\/denizcankizil.tr\/uncategorized-tr\/yurtta-bugun-hava-nasil-olacak\/"},"modified":"2024-10-27T17:43:10","modified_gmt":"2024-10-27T14:43:10","slug":"yurtta-bugun-hava-nasil-olacak","status":"publish","type":"post","link":"http:\/\/denizcankizil.tr\/de\/haberler\/gundem\/yurtta-bugun-hava-nasil-olacak\/","title":{"rendered":"Yurtta bug\u00fcn hava nas\u0131l olacak?"},"content":{"rendered":"<p>Meteoroloji, T\u00fcrkiye&#8217;nin kuzey ve do\u011fu kesimlerinin par\u00e7al\u0131 bulutlu, di\u011fer yerlerin az bulutlu ve a\u00e7\u0131k ge\u00e7ece\u011fi tahmin etti. Marmara ile yurdun i\u00e7 kesimlerinde yer yer sis ve pus bekleniyor.ANKARA (\u0130GFA) &#8211; Meteoroloji Genel M\u00fcd\u00fcrl\u00fc\u011f\u00fc, 27 Ekim Pazar g\u00fcn\u00fcne ili\u015fkin g\u00fcnl\u00fck hava tahmin raporunu yay\u0131mlad\u0131.<br \/>\nYap\u0131lan son tahminlere g\u00f6re yurt genelinde bug\u00fcn ya\u011f\u0131\u015f beklenmiyor.<\/p>\n<p>T\u00fcrkiye&#8217;nin kuzey ve do\u011fu kesimlerinin par\u00e7al\u0131 bulutlu, di\u011fer yerlerin az bulutlu ve a\u00e7\u0131k ge\u00e7ece\u011fi tahmin edilirken, Marmara ile yurdun i\u00e7 kesimlerinde yer yer sis ve pus bekleniyor.<\/p>\n<p>Hava s\u0131cakl\u0131\u011f\u0131nda \u00f6nemli bir de\u011fi\u015fiklik beklenmedi\u011fi T\u00fcrkiye&#8217;de bat\u0131 b\u00f6lgelerde mevsim normallerinin biraz \u00fczerinde, di\u011fer yerlerde mevsim normalleri civar\u0131nda seyredece\u011fi tahmin ediliyor.<\/p>\n<p>R\u00fczgar\u0131n ise genellikle kuzeyli y\u00f6nlerden hafif, ara s\u0131ra orta kuvvette esmesi bekleniyor.<\/p>\n<p>\u200bMeteoroloji, T\u00fcrkiye&#8217;nin kuzey ve do\u011fu kesimlerinin par\u00e7al\u0131 bulutlu, di\u011fer yerlerin az bulutlu ve a\u00e7\u0131k ge\u00e7ece\u011fi tahmin etti  Marmara ile yurdun i\u00e7 kesimlerinde yer yer sis ve pus bekleniyor\u00a0<\/p>\n<p>\u200bHaberin Al\u0131nt\u0131land\u0131\u011f\u0131 Kaynak: www.iskenderun.org<\/p>","protected":false},"excerpt":{"rendered":"<p>Meteoroloji, T\u00fcrkiye&#8217;nin kuzey ve do\u011fu kesimlerinin par\u00e7al\u0131 bulutlu, di\u011fer yerlerin az bulutlu ve a\u00e7\u0131k ge\u00e7ece\u011fi tahmin etti. Marmara ile yurdun i\u00e7 kesimlerinde yer yer sis ve pus bekleniyor.ANKARA (\u0130GFA) &#8211; Meteoroloji Genel M\u00fcd\u00fcrl\u00fc\u011f\u00fc, 27 Ekim Pazar g\u00fcn\u00fcne ili\u015fkin g\u00fcnl\u00fck hava tahmin raporunu yay\u0131mlad\u0131. Yap\u0131lan son tahminlere g\u00f6re yurt genelinde bug\u00fcn ya\u011f\u0131\u015f beklenmiyor. T\u00fcrkiye&#8217;nin kuzey ve do\u011fu kesimlerinin par\u00e7al\u0131 bulutlu, di\u011fer yerlerin az bulutlu ve a\u00e7\u0131k ge\u00e7ece\u011fi tahmin edilirken, Marmara ile yurdun i\u00e7 kesimlerinde yer yer sis ve pus bekleniyor. Hava s\u0131cakl\u0131\u011f\u0131nda \u00f6nemli bir de\u011fi\u015fiklik beklenmedi\u011fi T\u00fcrkiye&#8217;de bat\u0131 b\u00f6lgelerde mevsim normallerinin biraz \u00fczerinde, di\u011fer yerlerde mevsim normalleri civar\u0131nda seyredece\u011fi tahmin ediliyor. R\u00fczgar\u0131n ise genellikle kuzeyli y\u00f6nlerden hafif, ara s\u0131ra orta kuvvette esmesi bekleniyor. \u200bMeteoroloji, T\u00fcrkiye&#8217;nin kuzey ve do\u011fu kesimlerinin par\u00e7al\u0131 bulutlu, di\u011fer yerlerin az bulutlu ve a\u00e7\u0131k ge\u00e7ece\u011fi tahmin etti Marmara ile yurdun i\u00e7 kesimlerinde yer yer sis ve pus bekleniyor\u00a0 \u200bHaberin Al\u0131nt\u0131land\u0131\u011f\u0131 Kaynak: www.iskenderun.org<\/p>","protected":false},"author":0,"featured_media":0,"comment_status":"open","ping_status":"open","sticky":false,"template":"","format":"standard","meta":{"_acf_changed":false,"footnotes":""},"categories":[24,535],"tags":[],"class_list":["post-9006","post","type-post","status-publish","format-standard","has-post-thumbnail","hentry","category-gundem","category-uncategorized-tr"],"acf":[],"yoast_head":"<!-- This site is optimized with the Yoast SEO Premium plugin v26.6 (Yoast SEO v27.1.1) - https:\/\/yoast.com\/product\/yoast-seo-premium-wordpress\/ -->\n<title>Yurtta bug\u00fcn hava nas\u0131l olacak? - Av. Deniz Can K\u0131z\u0131l<\/title>\n<meta name=\"robots\" content=\"index, follow, max-snippet:-1, max-image-preview:large, max-video-preview:-1\" \/>\n<link rel=\"canonical\" href=\"http:\/\/denizcankizil.tr\/de\/haberler\/gundem\/yurtta-bugun-hava-nasil-olacak\/\" \/>\n<meta property=\"og:locale\" content=\"de_DE\" \/>\n<meta property=\"og:type\" content=\"article\" \/>\n<meta property=\"og:title\" content=\"Yurtta bug\u00fcn hava nas\u0131l olacak?\" \/>\n<meta property=\"og:description\" content=\"Meteoroloji, T\u00fcrkiye&#8217;nin kuzey ve do\u011fu kesimlerinin par\u00e7al\u0131 bulutlu, di\u011fer yerlerin az bulutlu ve a\u00e7\u0131k ge\u00e7ece\u011fi tahmin etti. Marmara ile yurdun i\u00e7 kesimlerinde yer yer sis ve pus bekleniyor.ANKARA (\u0130GFA) &#8211; Meteoroloji Genel M\u00fcd\u00fcrl\u00fc\u011f\u00fc, 27 Ekim Pazar g\u00fcn\u00fcne ili\u015fkin g\u00fcnl\u00fck hava tahmin raporunu yay\u0131mlad\u0131. Yap\u0131lan son tahminlere g\u00f6re yurt genelinde bug\u00fcn ya\u011f\u0131\u015f beklenmiyor. T\u00fcrkiye&#8217;nin kuzey ve do\u011fu kesimlerinin par\u00e7al\u0131 bulutlu, di\u011fer yerlerin az bulutlu ve a\u00e7\u0131k ge\u00e7ece\u011fi tahmin edilirken, Marmara ile yurdun i\u00e7 kesimlerinde yer yer sis ve pus bekleniyor. Hava s\u0131cakl\u0131\u011f\u0131nda \u00f6nemli bir de\u011fi\u015fiklik beklenmedi\u011fi T\u00fcrkiye&#8217;de bat\u0131 b\u00f6lgelerde mevsim normallerinin biraz \u00fczerinde, di\u011fer yerlerde mevsim normalleri civar\u0131nda seyredece\u011fi tahmin ediliyor. R\u00fczgar\u0131n ise genellikle kuzeyli y\u00f6nlerden hafif, ara s\u0131ra orta kuvvette esmesi bekleniyor. \u200bMeteoroloji, T\u00fcrkiye&#8217;nin kuzey ve do\u011fu kesimlerinin par\u00e7al\u0131 bulutlu, di\u011fer yerlerin az bulutlu ve a\u00e7\u0131k ge\u00e7ece\u011fi tahmin etti Marmara ile yurdun i\u00e7 kesimlerinde yer yer sis ve pus bekleniyor\u00a0 \u200bHaberin Al\u0131nt\u0131land\u0131\u011f\u0131 Kaynak: www.iskenderun.org\" \/>\n<meta property=\"og:url\" content=\"http:\/\/denizcankizil.tr\/de\/haberler\/gundem\/yurtta-bugun-hava-nasil-olacak\/\" \/>\n<meta property=\"og:site_name\" content=\"Av. Deniz Can K\u0131z\u0131l\" \/>\n<meta property=\"article:published_time\" content=\"2024-10-27T14:43:10+00:00\" \/>\n<meta name=\"twitter:card\" content=\"summary_large_image\" \/>\n<meta name=\"twitter:label1\" content=\"Gesch\u00e4tzte Lesezeit\" \/>\n\t<meta name=\"twitter:data1\" content=\"1\u00a0Minute\" \/>\n<script type=\"application\/ld+json\" class=\"yoast-schema-graph\">{\"@context\":\"https:\/\/schema.org\",\"@graph\":[{\"@type\":\"Article\",\"@id\":\"http:\/\/denizcankizil.tr\/de\/haberler\/gundem\/yurtta-bugun-hava-nasil-olacak\/#article\",\"isPartOf\":{\"@id\":\"http:\/\/denizcankizil.tr\/de\/haberler\/gundem\/yurtta-bugun-hava-nasil-olacak\/\"},\"author\":{\"name\":\"\",\"@id\":\"\"},\"headline\":\"Yurtta bug\u00fcn hava nas\u0131l olacak?\",\"datePublished\":\"2024-10-27T14:43:10+00:00\",\"mainEntityOfPage\":{\"@id\":\"http:\/\/denizcankizil.tr\/de\/haberler\/gundem\/yurtta-bugun-hava-nasil-olacak\/\"},\"wordCount\":205,\"commentCount\":0,\"publisher\":{\"@id\":\"https:\/\/denizcankizil.tr\/de\/#organization\"},\"articleSection\":[\"G\u00fcndem\",\"Uncategorized\"],\"inLanguage\":\"de\",\"potentialAction\":[{\"@type\":\"CommentAction\",\"name\":\"Comment\",\"target\":[\"http:\/\/denizcankizil.tr\/de\/haberler\/gundem\/yurtta-bugun-hava-nasil-olacak\/#respond\"]}]},{\"@type\":\"WebPage\",\"@id\":\"http:\/\/denizcankizil.tr\/de\/haberler\/gundem\/yurtta-bugun-hava-nasil-olacak\/\",\"url\":\"http:\/\/denizcankizil.tr\/de\/haberler\/gundem\/yurtta-bugun-hava-nasil-olacak\/\",\"name\":\"Yurtta bug\u00fcn hava nas\u0131l olacak? - Av. Deniz Can K\u0131z\u0131l\",\"isPartOf\":{\"@id\":\"https:\/\/denizcankizil.tr\/de\/#website\"},\"datePublished\":\"2024-10-27T14:43:10+00:00\",\"breadcrumb\":{\"@id\":\"http:\/\/denizcankizil.tr\/de\/haberler\/gundem\/yurtta-bugun-hava-nasil-olacak\/#breadcrumb\"},\"inLanguage\":\"de\",\"potentialAction\":[{\"@type\":\"ReadAction\",\"target\":[\"http:\/\/denizcankizil.tr\/de\/haberler\/gundem\/yurtta-bugun-hava-nasil-olacak\/\"]}]},{\"@type\":\"BreadcrumbList\",\"@id\":\"http:\/\/denizcankizil.tr\/de\/haberler\/gundem\/yurtta-bugun-hava-nasil-olacak\/#breadcrumb\",\"itemListElement\":[{\"@type\":\"ListItem\",\"position\":1,\"name\":\"Home\",\"item\":\"https:\/\/denizcankizil.tr\/de\/\"},{\"@type\":\"ListItem\",\"position\":2,\"name\":\"Yurtta bug\u00fcn hava nas\u0131l olacak?\"}]},{\"@type\":\"WebSite\",\"@id\":\"https:\/\/denizcankizil.tr\/de\/#website\",\"url\":\"https:\/\/denizcankizil.tr\/de\/\",\"name\":\"Av. Deniz Can K\u0131z\u0131l\",\"description\":\"Avukat Deniz Can K\u0131z\u0131l Antalya Barosu\",\"publisher\":{\"@id\":\"https:\/\/denizcankizil.tr\/de\/#organization\"},\"potentialAction\":[{\"@type\":\"SearchAction\",\"target\":{\"@type\":\"EntryPoint\",\"urlTemplate\":\"https:\/\/denizcankizil.tr\/de\/?s={search_term_string}\"},\"query-input\":{\"@type\":\"PropertyValueSpecification\",\"valueRequired\":true,\"valueName\":\"search_term_string\"}}],\"inLanguage\":\"de\"},{\"@type\":\"Organization\",\"@id\":\"https:\/\/denizcankizil.tr\/de\/#organization\",\"name\":\"Av. Deniz Can K\u0131z\u0131l\",\"url\":\"https:\/\/denizcankizil.tr\/de\/\",\"logo\":{\"@type\":\"ImageObject\",\"inLanguage\":\"de\",\"@id\":\"https:\/\/denizcankizil.tr\/de\/#\/schema\/logo\/image\/\",\"url\":\"http:\/\/denizcankizil.tr\/wp-content\/uploads\/2024\/10\/siyah-logo-svg.svg\",\"contentUrl\":\"http:\/\/denizcankizil.tr\/wp-content\/uploads\/2024\/10\/siyah-logo-svg.svg\",\"width\":1080,\"height\":1080,\"caption\":\"Av. Deniz Can K\u0131z\u0131l\"},\"image\":{\"@id\":\"https:\/\/denizcankizil.tr\/de\/#\/schema\/logo\/image\/\"}}]}<\/script>\n<!-- \/ Yoast SEO Premium plugin. -->","yoast_head_json":{"title":"Yurtta bug\u00fcn hava nas\u0131l olacak? - Av. Deniz Can K\u0131z\u0131l","robots":{"index":"index","follow":"follow","max-snippet":"max-snippet:-1","max-image-preview":"max-image-preview:large","max-video-preview":"max-video-preview:-1"},"canonical":"http:\/\/denizcankizil.tr\/de\/haberler\/gundem\/yurtta-bugun-hava-nasil-olacak\/","og_locale":"de_DE","og_type":"article","og_title":"Yurtta bug\u00fcn hava nas\u0131l olacak?","og_description":"Meteoroloji, T\u00fcrkiye&#8217;nin kuzey ve do\u011fu kesimlerinin par\u00e7al\u0131 bulutlu, di\u011fer yerlerin az bulutlu ve a\u00e7\u0131k ge\u00e7ece\u011fi tahmin etti. Marmara ile yurdun i\u00e7 kesimlerinde yer yer sis ve pus bekleniyor.ANKARA (\u0130GFA) &#8211; Meteoroloji Genel M\u00fcd\u00fcrl\u00fc\u011f\u00fc, 27 Ekim Pazar g\u00fcn\u00fcne ili\u015fkin g\u00fcnl\u00fck hava tahmin raporunu yay\u0131mlad\u0131. Yap\u0131lan son tahminlere g\u00f6re yurt genelinde bug\u00fcn ya\u011f\u0131\u015f beklenmiyor. T\u00fcrkiye&#8217;nin kuzey ve do\u011fu kesimlerinin par\u00e7al\u0131 bulutlu, di\u011fer yerlerin az bulutlu ve a\u00e7\u0131k ge\u00e7ece\u011fi tahmin edilirken, Marmara ile yurdun i\u00e7 kesimlerinde yer yer sis ve pus bekleniyor. Hava s\u0131cakl\u0131\u011f\u0131nda \u00f6nemli bir de\u011fi\u015fiklik beklenmedi\u011fi T\u00fcrkiye&#8217;de bat\u0131 b\u00f6lgelerde mevsim normallerinin biraz \u00fczerinde, di\u011fer yerlerde mevsim normalleri civar\u0131nda seyredece\u011fi tahmin ediliyor. R\u00fczgar\u0131n ise genellikle kuzeyli y\u00f6nlerden hafif, ara s\u0131ra orta kuvvette esmesi bekleniyor. \u200bMeteoroloji, T\u00fcrkiye&#8217;nin kuzey ve do\u011fu kesimlerinin par\u00e7al\u0131 bulutlu, di\u011fer yerlerin az bulutlu ve a\u00e7\u0131k ge\u00e7ece\u011fi tahmin etti Marmara ile yurdun i\u00e7 kesimlerinde yer yer sis ve pus bekleniyor\u00a0 \u200bHaberin Al\u0131nt\u0131land\u0131\u011f\u0131 Kaynak: www.iskenderun.org","og_url":"http:\/\/denizcankizil.tr\/de\/haberler\/gundem\/yurtta-bugun-hava-nasil-olacak\/","og_site_name":"Av. Deniz Can K\u0131z\u0131l","article_published_time":"2024-10-27T14:43:10+00:00","twitter_card":"summary_large_image","twitter_misc":{"Gesch\u00e4tzte Lesezeit":"1\u00a0Minute"},"schema":{"@context":"https:\/\/schema.org","@graph":[{"@type":"Article","@id":"http:\/\/denizcankizil.tr\/de\/haberler\/gundem\/yurtta-bugun-hava-nasil-olacak\/#article","isPartOf":{"@id":"http:\/\/denizcankizil.tr\/de\/haberler\/gundem\/yurtta-bugun-hava-nasil-olacak\/"},"author":{"name":"","@id":""},"headline":"Yurtta bug\u00fcn hava nas\u0131l olacak?","datePublished":"2024-10-27T14:43:10+00:00","mainEntityOfPage":{"@id":"http:\/\/denizcankizil.tr\/de\/haberler\/gundem\/yurtta-bugun-hava-nasil-olacak\/"},"wordCount":205,"commentCount":0,"publisher":{"@id":"https:\/\/denizcankizil.tr\/de\/#organization"},"articleSection":["G\u00fcndem","Uncategorized"],"inLanguage":"de","potentialAction":[{"@type":"CommentAction","name":"Comment","target":["http:\/\/denizcankizil.tr\/de\/haberler\/gundem\/yurtta-bugun-hava-nasil-olacak\/#respond"]}]},{"@type":"WebPage","@id":"http:\/\/denizcankizil.tr\/de\/haberler\/gundem\/yurtta-bugun-hava-nasil-olacak\/","url":"http:\/\/denizcankizil.tr\/de\/haberler\/gundem\/yurtta-bugun-hava-nasil-olacak\/","name":"Yurtta bug\u00fcn hava nas\u0131l olacak? - Av. Deniz Can K\u0131z\u0131l","isPartOf":{"@id":"https:\/\/denizcankizil.tr\/de\/#website"},"datePublished":"2024-10-27T14:43:10+00:00","breadcrumb":{"@id":"http:\/\/denizcankizil.tr\/de\/haberler\/gundem\/yurtta-bugun-hava-nasil-olacak\/#breadcrumb"},"inLanguage":"de","potentialAction":[{"@type":"ReadAction","target":["http:\/\/denizcankizil.tr\/de\/haberler\/gundem\/yurtta-bugun-hava-nasil-olacak\/"]}]},{"@type":"BreadcrumbList","@id":"http:\/\/denizcankizil.tr\/de\/haberler\/gundem\/yurtta-bugun-hava-nasil-olacak\/#breadcrumb","itemListElement":[{"@type":"ListItem","position":1,"name":"Home","item":"https:\/\/denizcankizil.tr\/de\/"},{"@type":"ListItem","position":2,"name":"Yurtta bug\u00fcn hava nas\u0131l olacak?"}]},{"@type":"WebSite","@id":"https:\/\/denizcankizil.tr\/de\/#website","url":"https:\/\/denizcankizil.tr\/de\/","name":"Av. Deniz Can K\u0131z\u0131l","description":"Avukat Deniz Can K\u0131z\u0131l Antalya Barosu","publisher":{"@id":"https:\/\/denizcankizil.tr\/de\/#organization"},"potentialAction":[{"@type":"SearchAction","target":{"@type":"EntryPoint","urlTemplate":"https:\/\/denizcankizil.tr\/de\/?s={search_term_string}"},"query-input":{"@type":"PropertyValueSpecification","valueRequired":true,"valueName":"search_term_string"}}],"inLanguage":"de"},{"@type":"Organization","@id":"https:\/\/denizcankizil.tr\/de\/#organization","name":"Av. Deniz Can K\u0131z\u0131l","url":"https:\/\/denizcankizil.tr\/de\/","logo":{"@type":"ImageObject","inLanguage":"de","@id":"https:\/\/denizcankizil.tr\/de\/#\/schema\/logo\/image\/","url":"http:\/\/denizcankizil.tr\/wp-content\/uploads\/2024\/10\/siyah-logo-svg.svg","contentUrl":"http:\/\/denizcankizil.tr\/wp-content\/uploads\/2024\/10\/siyah-logo-svg.svg","width":1080,"height":1080,"caption":"Av. Deniz Can K\u0131z\u0131l"},"image":{"@id":"https:\/\/denizcankizil.tr\/de\/#\/schema\/logo\/image\/"}}]}},"_links":{"self":[{"href":"http:\/\/denizcankizil.tr\/de\/wp-json\/wp\/v2\/posts\/9006","targetHints":{"allow":["GET"]}}],"collection":[{"href":"http:\/\/denizcankizil.tr\/de\/wp-json\/wp\/v2\/posts"}],"about":[{"href":"http:\/\/denizcankizil.tr\/de\/wp-json\/wp\/v2\/types\/post"}],"replies":[{"embeddable":true,"href":"http:\/\/denizcankizil.tr\/de\/wp-json\/wp\/v2\/comments?post=9006"}],"version-history":[{"count":0,"href":"http:\/\/denizcankizil.tr\/de\/wp-json\/wp\/v2\/posts\/9006\/revisions"}],"wp:attachment":[{"href":"http:\/\/denizcankizil.tr\/de\/wp-json\/wp\/v2\/media?parent=9006"}],"wp:term":[{"taxonomy":"category","embeddable":true,"href":"http:\/\/denizcankizil.tr\/de\/wp-json\/wp\/v2\/categories?post=9006"},{"taxonomy":"post_tag","embeddable":true,"href":"http:\/\/denizcankizil.tr\/de\/wp-json\/wp\/v2\/tags?post=9006"}],"curies":[{"name":"wp","href":"https:\/\/api.w.org\/{rel}","templated":true}]}}