{"id":88471,"date":"2025-05-16T14:42:31","date_gmt":"2025-05-16T11:42:31","guid":{"rendered":"https:\/\/denizcankizil.tr\/uncategorized-tr\/bursada-bir-kitap-bir-yazar-bulusmalari-suruyor\/"},"modified":"2025-05-16T14:42:31","modified_gmt":"2025-05-16T11:42:31","slug":"bursada-bir-kitap-bir-yazar-bulusmalari-suruyor","status":"publish","type":"post","link":"http:\/\/denizcankizil.tr\/de\/haberler\/gundem\/bursada-bir-kitap-bir-yazar-bulusmalari-suruyor\/","title":{"rendered":"Bursa\u2019da \u201cBir Kitap Bir Yazar\u201d bulu\u015fmalar\u0131 s\u00fcr\u00fcyor"},"content":{"rendered":"<p>29 Ekim Kad\u0131nlar\u0131 Derne\u011fi Bursa Yeni\u015fehir \u015eubesi Kitap Okuma Grubu\u2019nun bu ayki konu\u011fu Gazeteci-Yazar G\u00fcrhan Adana oldu.\u00a0G\u00fcrhan ADANA \/ BURSA (\u0130GFA) &#8211; 29 Ekim Kad\u0131nlar\u0131 Yeni\u015fehir \u015eubesi \u00fcyeleri aras\u0131ndan bir okuma grubu olu\u015fturdu. Okuma grubu \u00fcyeleri her ay okudu\u011fu bir kitab\u0131 bir araya gelerek de\u011ferlendiriyor. Okuma grubunun bu ayki konu\u011fu Gazeteci Yazar G\u00fcrhan Adana oldu. Okuma grubunun \u00fcyeleri Adana\u2019n\u0131n \u201cYa\u011fmur Mele\u011fi\u201d adl\u0131 roman\u0131n\u0131 yazar\u0131yla de\u011ferlendirdi. Kitab\u0131n yaz\u0131m s\u00fcrecine ili\u015fkin sorular\u0131n yan\u0131 s\u0131ra sormak istedikleri sorular\u0131 sorma f\u0131rsat\u0131 bulan okuma grubu \u00fcyeleri, \u00f6zellikle g\u00fcn\u00fcm\u00fczdeki evliliklerle kad\u0131n erkek ili\u015fkilerinde ya\u015fanan sorunlar\u0131n kitapta ak\u0131c\u0131 bir dille anlat\u0131ld\u0131\u011f\u0131n\u0131 ifade ettiler.<br \/>\n8 y\u0131lda yaz\u0131m\u0131n\u0131 tamamlad\u0131\u011f\u0131 kitab\u0131n\u0131n g\u00f6rd\u00fc\u011f\u00fc ilgiden memnun oldu\u011funu s\u00f6yleyen Adana, bug\u00fcnlerde ger\u00e7ekle\u015fen toplumsal de\u011fi\u015fimlerin kad\u0131n erkek ili\u015fkilerini de do\u011frudan etkiledi\u011fini vurgulad\u0131. Kad\u0131n\u0131n da erke\u011fin de ilgi ve de\u011fer g\u00f6rmedi\u011fine y\u00f6nelikortak \u015fik\u00e2yetlerine dikkat \u00e7eken Adana, \u201cK\u00fc\u00e7\u00fck bir s\u00f6z ya da bir davran\u0131\u015fla \u00fcstesinden gelinebilecek bir s\u0131k\u0131nt\u0131, zamanla b\u00fcy\u00fcy\u00fcp \u00f6n\u00fc al\u0131namaz bir duruma geliyor. Bunun temel nedeni e\u015fler aras\u0131ndaki ileti\u015fim eksikli\u011fidir. Sorunlar\u0131n \u00e7\u00f6z\u00fcms\u00fcz b\u0131rak\u0131lmas\u0131n\u0131n bedelinin \u00e7ok a\u011f\u0131r oldu\u011funun fark\u0131na var\u0131lmal\u0131d\u0131r\u201d dedi.Adana, son y\u0131llarda kurulan okuma gruplar\u0131n\u0131n kitaba ve okumaya olan ilgi ve iste\u011fi artt\u0131rd\u0131\u011f\u0131n\u0131 s\u00f6zlerine ekledi. <\/p>\n<p>29 Ekim Kad\u0131nlar\u0131 Derne\u011fi Yeni\u015fehir \u015eube Ba\u015fkan\u0131 Serpil Kayar da her ay 1 ya da 2 kitap okuyup bir araya gelerek de\u011ferlendirme yapt\u0131klar\u0131n\u0131 ifade etti. Yazar Adana\u2019n\u0131n konuk olmas\u0131ndan \u00f6t\u00fcr\u00fc memnun olduklar\u0131n\u0131 belirten Kayar, \u201c\u00c7ok memnun kald\u0131k. Kitab\u0131 be\u011fendik. Konusu \u00e7ok g\u00fczel. Ayr\u0131nt\u0131 zenginli\u011fi dikkat \u00e7ekiyor. Toplumsal sorunumuz bu. G\u00fcncel bir mesele. Evlilikteki ileti\u015fimsizli\u011fin tehlikeli ili\u015fkilere kap\u0131 aralad\u0131\u011f\u0131n\u0131, aileleri sarst\u0131\u011f\u0131n\u0131, insanlar\u0131 mutsuzlu\u011fa s\u00fcr\u00fckledi\u011fini g\u00f6r\u00fcyoruz\u201d diye konu\u015ftu.<\/p>\n<p>\u200b29 Ekim Kad\u0131nlar\u0131 Derne\u011fi Bursa Yeni\u015fehir \u015eubesi Kitap Okuma Grubu\u2019nun bu ayki konu\u011fu Gazeteci-Yazar G\u00fcrhan Adana oldu.\u00a0G\u00fcrhan ADANA \/ BURSA (\u0130GFA) &#8211; 29 Ekim Kad\u0131nlar\u0131 Yeni\u015fehir \u015eubesi \u00fcyeleri aras\u0131ndan bir okuma grubu olu\u015fturdu. Okuma grubu \u00fcyeleri her ay okudu\u011fu bir kitab\u0131 bir araya gelerek de\u011ferlendiriyor. Okuma grubunun bu ayki konu\u011fu Gazeteci Yazar G\u00fcrhan Adana oldu. Okuma grubunun \u00fcyeleri Adana\u2019n\u0131n \u201cYa\u011fmur Mele\u011fi\u201d adl\u0131 roman\u0131n\u0131 yazar\u0131yla de\u011ferlendirdi. Kitab\u0131n yaz\u0131m s\u00fcrecine ili\u015fkin sorular\u0131n yan\u0131 s\u0131ra sormak istedikleri sorular\u0131 sorma f\u0131rsat\u0131 bulan okuma grubu \u00fcyeleri, \u00f6zellikle g\u00fcn\u00fcm\u00fczdeki evliliklerle kad\u0131n erkek ili\u015fkilerinde ya\u015fanan sorunlar\u0131n kitapta ak\u0131c\u0131 bir dille anlat\u0131ld\u0131\u011f\u0131n\u0131 ifade ettiler.<br \/>\n8 y\u0131lda yaz\u0131m\u0131n\u0131 tamamlad\u0131\u011f\u0131 kitab\u0131n\u0131n g\u00f6rd\u00fc\u011f\u00fc ilgiden memnun oldu\u011funu s\u00f6yleyen Adana, bug\u00fcnlerde ger\u00e7ekle\u015fen toplumsal de\u011fi\u015fimlerin kad\u0131n erkek ili\u015fkilerini de do\u011frudan etkiledi\u011fini vurgulad\u0131. Kad\u0131n\u0131n da erke\u011fin de ilgi ve de\u011fer g\u00f6rmedi\u011fine y\u00f6nelikortak \u015fik\u00e2yetlerine dikkat \u00e7eken Adana, \u201cK\u00fc\u00e7\u00fck bir s\u00f6z ya da bir davran\u0131\u015fla \u00fcstesinden gelinebilecek bir s\u0131k\u0131nt\u0131, zamanla b\u00fcy\u00fcy\u00fcp \u00f6n\u00fc al\u0131namaz bir duruma geliyor. Bunun temel nedeni e\u015fler aras\u0131ndaki ileti\u015fim eksikli\u011fidir. Sorunlar\u0131n \u00e7\u00f6z\u00fcms\u00fcz b\u0131rak\u0131lmas\u0131n\u0131n bedelinin \u00e7ok a\u011f\u0131r oldu\u011funun fark\u0131na var\u0131lmal\u0131d\u0131r\u201d dedi.Adana, son y\u0131llarda kurulan okuma gruplar\u0131n\u0131n kitaba ve okumaya olan ilgi ve iste\u011fi artt\u0131rd\u0131\u011f\u0131n\u0131 s\u00f6zlerine ekledi. <\/p>\n<p>29 Ekim Kad\u0131nlar\u0131 Derne\u011fi Yeni\u015fehir \u015eube Ba\u015fkan\u0131 Serpil Kayar da her ay 1 ya da 2 kitap okuyup bir araya gelerek de\u011ferlendirme yapt\u0131klar\u0131n\u0131 ifade etti. Yazar Adana\u2019n\u0131n konuk olmas\u0131ndan \u00f6t\u00fcr\u00fc memnun olduklar\u0131n\u0131 belirten Kayar, \u201c\u00c7ok memnun kald\u0131k. Kitab\u0131 be\u011fendik. Konusu \u00e7ok g\u00fczel. Ayr\u0131nt\u0131 zenginli\u011fi dikkat \u00e7ekiyor. Toplumsal sorunumuz bu. G\u00fcncel bir mesele. Evlilikteki ileti\u015fimsizli\u011fin tehlikeli ili\u015fkilere kap\u0131 aralad\u0131\u011f\u0131n\u0131, aileleri sarst\u0131\u011f\u0131n\u0131, insanlar\u0131 mutsuzlu\u011fa s\u00fcr\u00fckledi\u011fini g\u00f6r\u00fcyoruz\u201d diye konu\u015ftu.\u00a0<\/p>\n<p>\u200bHaberin Al\u0131nt\u0131land\u0131\u011f\u0131 Kaynak: www.iskenderun.org<\/p>","protected":false},"excerpt":{"rendered":"<p>29 Ekim Kad\u0131nlar\u0131 Derne\u011fi Bursa Yeni\u015fehir \u015eubesi Kitap Okuma Grubu\u2019nun bu ayki konu\u011fu Gazeteci-Yazar G\u00fcrhan Adana oldu.\u00a0G\u00fcrhan ADANA \/ BURSA (\u0130GFA) &#8211; 29 Ekim Kad\u0131nlar\u0131 Yeni\u015fehir \u015eubesi \u00fcyeleri aras\u0131ndan bir okuma grubu olu\u015fturdu. Okuma grubu \u00fcyeleri her ay okudu\u011fu bir kitab\u0131 bir araya gelerek de\u011ferlendiriyor. Okuma grubunun bu ayki konu\u011fu Gazeteci Yazar G\u00fcrhan Adana oldu. Okuma grubunun \u00fcyeleri Adana\u2019n\u0131n \u201cYa\u011fmur Mele\u011fi\u201d adl\u0131 roman\u0131n\u0131 yazar\u0131yla de\u011ferlendirdi. Kitab\u0131n yaz\u0131m s\u00fcrecine ili\u015fkin sorular\u0131n yan\u0131 s\u0131ra sormak istedikleri sorular\u0131 sorma f\u0131rsat\u0131 bulan okuma grubu \u00fcyeleri, \u00f6zellikle g\u00fcn\u00fcm\u00fczdeki evliliklerle kad\u0131n erkek ili\u015fkilerinde ya\u015fanan sorunlar\u0131n kitapta ak\u0131c\u0131 bir dille anlat\u0131ld\u0131\u011f\u0131n\u0131 ifade ettiler. 8 y\u0131lda yaz\u0131m\u0131n\u0131 tamamlad\u0131\u011f\u0131 kitab\u0131n\u0131n g\u00f6rd\u00fc\u011f\u00fc ilgiden memnun oldu\u011funu s\u00f6yleyen Adana, bug\u00fcnlerde ger\u00e7ekle\u015fen toplumsal de\u011fi\u015fimlerin kad\u0131n erkek ili\u015fkilerini de do\u011frudan etkiledi\u011fini vurgulad\u0131. Kad\u0131n\u0131n da erke\u011fin de ilgi ve de\u011fer g\u00f6rmedi\u011fine y\u00f6nelikortak \u015fik\u00e2yetlerine dikkat \u00e7eken Adana, \u201cK\u00fc\u00e7\u00fck bir s\u00f6z ya da bir davran\u0131\u015fla \u00fcstesinden gelinebilecek bir s\u0131k\u0131nt\u0131, zamanla b\u00fcy\u00fcy\u00fcp \u00f6n\u00fc al\u0131namaz bir duruma geliyor. Bunun temel nedeni e\u015fler aras\u0131ndaki ileti\u015fim eksikli\u011fidir. Sorunlar\u0131n \u00e7\u00f6z\u00fcms\u00fcz b\u0131rak\u0131lmas\u0131n\u0131n bedelinin \u00e7ok a\u011f\u0131r oldu\u011funun fark\u0131na var\u0131lmal\u0131d\u0131r\u201d dedi.Adana, son y\u0131llarda kurulan okuma gruplar\u0131n\u0131n kitaba ve okumaya olan ilgi ve iste\u011fi artt\u0131rd\u0131\u011f\u0131n\u0131 s\u00f6zlerine ekledi. 29 Ekim Kad\u0131nlar\u0131 Derne\u011fi Yeni\u015fehir \u015eube Ba\u015fkan\u0131 Serpil Kayar da her ay 1 ya da 2 kitap okuyup bir &hellip;<\/p>","protected":false},"author":1,"featured_media":0,"comment_status":"","ping_status":"open","sticky":false,"template":"","format":"standard","meta":{"_acf_changed":false,"footnotes":""},"categories":[24],"tags":[],"class_list":["post-88471","post","type-post","status-publish","format-standard","has-post-thumbnail","hentry","category-gundem"],"acf":[],"yoast_head":"<!-- This site is optimized with the Yoast SEO Premium plugin v26.6 (Yoast SEO v27.1.1) - https:\/\/yoast.com\/product\/yoast-seo-premium-wordpress\/ -->\n<title>Bursa\u2019da \u201cBir Kitap Bir Yazar\u201d bulu\u015fmalar\u0131 s\u00fcr\u00fcyor - Av. Deniz Can K\u0131z\u0131l<\/title>\n<meta name=\"robots\" content=\"index, follow, max-snippet:-1, max-image-preview:large, max-video-preview:-1\" \/>\n<link rel=\"canonical\" href=\"http:\/\/denizcankizil.tr\/de\/haberler\/gundem\/bursada-bir-kitap-bir-yazar-bulusmalari-suruyor\/\" \/>\n<meta property=\"og:locale\" content=\"de_DE\" \/>\n<meta property=\"og:type\" content=\"article\" \/>\n<meta property=\"og:title\" content=\"Bursa\u2019da \u201cBir Kitap Bir Yazar\u201d bulu\u015fmalar\u0131 s\u00fcr\u00fcyor\" \/>\n<meta property=\"og:description\" content=\"29 Ekim Kad\u0131nlar\u0131 Derne\u011fi Bursa Yeni\u015fehir \u015eubesi Kitap Okuma Grubu\u2019nun bu ayki konu\u011fu Gazeteci-Yazar G\u00fcrhan Adana oldu.\u00a0G\u00fcrhan ADANA \/ BURSA (\u0130GFA) &#8211; 29 Ekim Kad\u0131nlar\u0131 Yeni\u015fehir \u015eubesi \u00fcyeleri aras\u0131ndan bir okuma grubu olu\u015fturdu. Okuma grubu \u00fcyeleri her ay okudu\u011fu bir kitab\u0131 bir araya gelerek de\u011ferlendiriyor. Okuma grubunun bu ayki konu\u011fu Gazeteci Yazar G\u00fcrhan Adana oldu. Okuma grubunun \u00fcyeleri Adana\u2019n\u0131n \u201cYa\u011fmur Mele\u011fi\u201d adl\u0131 roman\u0131n\u0131 yazar\u0131yla de\u011ferlendirdi. Kitab\u0131n yaz\u0131m s\u00fcrecine ili\u015fkin sorular\u0131n yan\u0131 s\u0131ra sormak istedikleri sorular\u0131 sorma f\u0131rsat\u0131 bulan okuma grubu \u00fcyeleri, \u00f6zellikle g\u00fcn\u00fcm\u00fczdeki evliliklerle kad\u0131n erkek ili\u015fkilerinde ya\u015fanan sorunlar\u0131n kitapta ak\u0131c\u0131 bir dille anlat\u0131ld\u0131\u011f\u0131n\u0131 ifade ettiler. 8 y\u0131lda yaz\u0131m\u0131n\u0131 tamamlad\u0131\u011f\u0131 kitab\u0131n\u0131n g\u00f6rd\u00fc\u011f\u00fc ilgiden memnun oldu\u011funu s\u00f6yleyen Adana, bug\u00fcnlerde ger\u00e7ekle\u015fen toplumsal de\u011fi\u015fimlerin kad\u0131n erkek ili\u015fkilerini de do\u011frudan etkiledi\u011fini vurgulad\u0131. Kad\u0131n\u0131n da erke\u011fin de ilgi ve de\u011fer g\u00f6rmedi\u011fine y\u00f6nelikortak \u015fik\u00e2yetlerine dikkat \u00e7eken Adana, \u201cK\u00fc\u00e7\u00fck bir s\u00f6z ya da bir davran\u0131\u015fla \u00fcstesinden gelinebilecek bir s\u0131k\u0131nt\u0131, zamanla b\u00fcy\u00fcy\u00fcp \u00f6n\u00fc al\u0131namaz bir duruma geliyor. Bunun temel nedeni e\u015fler aras\u0131ndaki ileti\u015fim eksikli\u011fidir. Sorunlar\u0131n \u00e7\u00f6z\u00fcms\u00fcz b\u0131rak\u0131lmas\u0131n\u0131n bedelinin \u00e7ok a\u011f\u0131r oldu\u011funun fark\u0131na var\u0131lmal\u0131d\u0131r\u201d dedi.Adana, son y\u0131llarda kurulan okuma gruplar\u0131n\u0131n kitaba ve okumaya olan ilgi ve iste\u011fi artt\u0131rd\u0131\u011f\u0131n\u0131 s\u00f6zlerine ekledi. 29 Ekim Kad\u0131nlar\u0131 Derne\u011fi Yeni\u015fehir \u015eube Ba\u015fkan\u0131 Serpil Kayar da her ay 1 ya da 2 kitap okuyup bir &hellip;\" \/>\n<meta property=\"og:url\" content=\"http:\/\/denizcankizil.tr\/de\/haberler\/gundem\/bursada-bir-kitap-bir-yazar-bulusmalari-suruyor\/\" \/>\n<meta property=\"og:site_name\" content=\"Av. Deniz Can K\u0131z\u0131l\" \/>\n<meta property=\"article:published_time\" content=\"2025-05-16T11:42:31+00:00\" \/>\n<meta name=\"author\" content=\"admin\" \/>\n<meta name=\"twitter:card\" content=\"summary_large_image\" \/>\n<meta name=\"twitter:label1\" content=\"Verfasst von\" \/>\n\t<meta name=\"twitter:data1\" content=\"admin\" \/>\n\t<meta name=\"twitter:label2\" content=\"Gesch\u00e4tzte Lesezeit\" \/>\n\t<meta name=\"twitter:data2\" content=\"4\u00a0Minuten\" \/>\n<script type=\"application\/ld+json\" class=\"yoast-schema-graph\">{\"@context\":\"https:\/\/schema.org\",\"@graph\":[{\"@type\":\"Article\",\"@id\":\"http:\/\/denizcankizil.tr\/de\/haberler\/gundem\/bursada-bir-kitap-bir-yazar-bulusmalari-suruyor\/#article\",\"isPartOf\":{\"@id\":\"http:\/\/denizcankizil.tr\/de\/haberler\/gundem\/bursada-bir-kitap-bir-yazar-bulusmalari-suruyor\/\"},\"author\":{\"name\":\"admin\",\"@id\":\"https:\/\/denizcankizil.tr\/de\/#\/schema\/person\/be3c05fe6a12686905512445d8185489\"},\"headline\":\"Bursa\u2019da \u201cBir Kitap Bir Yazar\u201d bulu\u015fmalar\u0131 s\u00fcr\u00fcyor\",\"datePublished\":\"2025-05-16T11:42:31+00:00\",\"mainEntityOfPage\":{\"@id\":\"http:\/\/denizcankizil.tr\/de\/haberler\/gundem\/bursada-bir-kitap-bir-yazar-bulusmalari-suruyor\/\"},\"wordCount\":757,\"publisher\":{\"@id\":\"https:\/\/denizcankizil.tr\/de\/#organization\"},\"articleSection\":[\"G\u00fcndem\"],\"inLanguage\":\"de\"},{\"@type\":\"WebPage\",\"@id\":\"http:\/\/denizcankizil.tr\/de\/haberler\/gundem\/bursada-bir-kitap-bir-yazar-bulusmalari-suruyor\/\",\"url\":\"http:\/\/denizcankizil.tr\/de\/haberler\/gundem\/bursada-bir-kitap-bir-yazar-bulusmalari-suruyor\/\",\"name\":\"Bursa\u2019da \u201cBir Kitap Bir Yazar\u201d bulu\u015fmalar\u0131 s\u00fcr\u00fcyor - Av. Deniz Can K\u0131z\u0131l\",\"isPartOf\":{\"@id\":\"https:\/\/denizcankizil.tr\/de\/#website\"},\"datePublished\":\"2025-05-16T11:42:31+00:00\",\"breadcrumb\":{\"@id\":\"http:\/\/denizcankizil.tr\/de\/haberler\/gundem\/bursada-bir-kitap-bir-yazar-bulusmalari-suruyor\/#breadcrumb\"},\"inLanguage\":\"de\",\"potentialAction\":[{\"@type\":\"ReadAction\",\"target\":[\"http:\/\/denizcankizil.tr\/de\/haberler\/gundem\/bursada-bir-kitap-bir-yazar-bulusmalari-suruyor\/\"]}]},{\"@type\":\"BreadcrumbList\",\"@id\":\"http:\/\/denizcankizil.tr\/de\/haberler\/gundem\/bursada-bir-kitap-bir-yazar-bulusmalari-suruyor\/#breadcrumb\",\"itemListElement\":[{\"@type\":\"ListItem\",\"position\":1,\"name\":\"Home\",\"item\":\"https:\/\/denizcankizil.tr\/de\/\"},{\"@type\":\"ListItem\",\"position\":2,\"name\":\"Bursa\u2019da \u201cBir Kitap Bir Yazar\u201d bulu\u015fmalar\u0131 s\u00fcr\u00fcyor\"}]},{\"@type\":\"WebSite\",\"@id\":\"https:\/\/denizcankizil.tr\/de\/#website\",\"url\":\"https:\/\/denizcankizil.tr\/de\/\",\"name\":\"Av. Deniz Can K\u0131z\u0131l\",\"description\":\"Avukat Deniz Can K\u0131z\u0131l Antalya Barosu\",\"publisher\":{\"@id\":\"https:\/\/denizcankizil.tr\/de\/#organization\"},\"potentialAction\":[{\"@type\":\"SearchAction\",\"target\":{\"@type\":\"EntryPoint\",\"urlTemplate\":\"https:\/\/denizcankizil.tr\/de\/?s={search_term_string}\"},\"query-input\":{\"@type\":\"PropertyValueSpecification\",\"valueRequired\":true,\"valueName\":\"search_term_string\"}}],\"inLanguage\":\"de\"},{\"@type\":\"Organization\",\"@id\":\"https:\/\/denizcankizil.tr\/de\/#organization\",\"name\":\"Av. Deniz Can K\u0131z\u0131l\",\"url\":\"https:\/\/denizcankizil.tr\/de\/\",\"logo\":{\"@type\":\"ImageObject\",\"inLanguage\":\"de\",\"@id\":\"https:\/\/denizcankizil.tr\/de\/#\/schema\/logo\/image\/\",\"url\":\"http:\/\/denizcankizil.tr\/wp-content\/uploads\/2024\/10\/siyah-logo-svg.svg\",\"contentUrl\":\"http:\/\/denizcankizil.tr\/wp-content\/uploads\/2024\/10\/siyah-logo-svg.svg\",\"width\":1080,\"height\":1080,\"caption\":\"Av. Deniz Can K\u0131z\u0131l\"},\"image\":{\"@id\":\"https:\/\/denizcankizil.tr\/de\/#\/schema\/logo\/image\/\"}},{\"@type\":\"Person\",\"@id\":\"https:\/\/denizcankizil.tr\/de\/#\/schema\/person\/be3c05fe6a12686905512445d8185489\",\"name\":\"admin\",\"image\":{\"@type\":\"ImageObject\",\"inLanguage\":\"de\",\"@id\":\"https:\/\/denizcankizil.tr\/de\/#\/schema\/person\/image\/\",\"url\":\"https:\/\/secure.gravatar.com\/avatar\/c1fce94c830dc79107e174f890d7210541c4a63e8e5d816341794a2151c9d58c?s=96&d=mm&r=g\",\"contentUrl\":\"https:\/\/secure.gravatar.com\/avatar\/c1fce94c830dc79107e174f890d7210541c4a63e8e5d816341794a2151c9d58c?s=96&d=mm&r=g\",\"caption\":\"admin\"},\"sameAs\":[\"http:\/\/denizcankizil.tr\"],\"url\":\"https:\/\/www.iskenderun.org\/bursada-bir-kitap-bir-yazar-bulusmalari-suruyor\"}]}<\/script>\n<!-- \/ Yoast SEO Premium plugin. -->","yoast_head_json":{"title":"Bursa\u2019da \u201cBir Kitap Bir Yazar\u201d bulu\u015fmalar\u0131 s\u00fcr\u00fcyor - Av. Deniz Can K\u0131z\u0131l","robots":{"index":"index","follow":"follow","max-snippet":"max-snippet:-1","max-image-preview":"max-image-preview:large","max-video-preview":"max-video-preview:-1"},"canonical":"http:\/\/denizcankizil.tr\/de\/haberler\/gundem\/bursada-bir-kitap-bir-yazar-bulusmalari-suruyor\/","og_locale":"de_DE","og_type":"article","og_title":"Bursa\u2019da \u201cBir Kitap Bir Yazar\u201d bulu\u015fmalar\u0131 s\u00fcr\u00fcyor","og_description":"29 Ekim Kad\u0131nlar\u0131 Derne\u011fi Bursa Yeni\u015fehir \u015eubesi Kitap Okuma Grubu\u2019nun bu ayki konu\u011fu Gazeteci-Yazar G\u00fcrhan Adana oldu.\u00a0G\u00fcrhan ADANA \/ BURSA (\u0130GFA) &#8211; 29 Ekim Kad\u0131nlar\u0131 Yeni\u015fehir \u015eubesi \u00fcyeleri aras\u0131ndan bir okuma grubu olu\u015fturdu. Okuma grubu \u00fcyeleri her ay okudu\u011fu bir kitab\u0131 bir araya gelerek de\u011ferlendiriyor. Okuma grubunun bu ayki konu\u011fu Gazeteci Yazar G\u00fcrhan Adana oldu. Okuma grubunun \u00fcyeleri Adana\u2019n\u0131n \u201cYa\u011fmur Mele\u011fi\u201d adl\u0131 roman\u0131n\u0131 yazar\u0131yla de\u011ferlendirdi. Kitab\u0131n yaz\u0131m s\u00fcrecine ili\u015fkin sorular\u0131n yan\u0131 s\u0131ra sormak istedikleri sorular\u0131 sorma f\u0131rsat\u0131 bulan okuma grubu \u00fcyeleri, \u00f6zellikle g\u00fcn\u00fcm\u00fczdeki evliliklerle kad\u0131n erkek ili\u015fkilerinde ya\u015fanan sorunlar\u0131n kitapta ak\u0131c\u0131 bir dille anlat\u0131ld\u0131\u011f\u0131n\u0131 ifade ettiler. 8 y\u0131lda yaz\u0131m\u0131n\u0131 tamamlad\u0131\u011f\u0131 kitab\u0131n\u0131n g\u00f6rd\u00fc\u011f\u00fc ilgiden memnun oldu\u011funu s\u00f6yleyen Adana, bug\u00fcnlerde ger\u00e7ekle\u015fen toplumsal de\u011fi\u015fimlerin kad\u0131n erkek ili\u015fkilerini de do\u011frudan etkiledi\u011fini vurgulad\u0131. Kad\u0131n\u0131n da erke\u011fin de ilgi ve de\u011fer g\u00f6rmedi\u011fine y\u00f6nelikortak \u015fik\u00e2yetlerine dikkat \u00e7eken Adana, \u201cK\u00fc\u00e7\u00fck bir s\u00f6z ya da bir davran\u0131\u015fla \u00fcstesinden gelinebilecek bir s\u0131k\u0131nt\u0131, zamanla b\u00fcy\u00fcy\u00fcp \u00f6n\u00fc al\u0131namaz bir duruma geliyor. Bunun temel nedeni e\u015fler aras\u0131ndaki ileti\u015fim eksikli\u011fidir. Sorunlar\u0131n \u00e7\u00f6z\u00fcms\u00fcz b\u0131rak\u0131lmas\u0131n\u0131n bedelinin \u00e7ok a\u011f\u0131r oldu\u011funun fark\u0131na var\u0131lmal\u0131d\u0131r\u201d dedi.Adana, son y\u0131llarda kurulan okuma gruplar\u0131n\u0131n kitaba ve okumaya olan ilgi ve iste\u011fi artt\u0131rd\u0131\u011f\u0131n\u0131 s\u00f6zlerine ekledi. 29 Ekim Kad\u0131nlar\u0131 Derne\u011fi Yeni\u015fehir \u015eube Ba\u015fkan\u0131 Serpil Kayar da her ay 1 ya da 2 kitap okuyup bir &hellip;","og_url":"http:\/\/denizcankizil.tr\/de\/haberler\/gundem\/bursada-bir-kitap-bir-yazar-bulusmalari-suruyor\/","og_site_name":"Av. Deniz Can K\u0131z\u0131l","article_published_time":"2025-05-16T11:42:31+00:00","author":"admin","twitter_card":"summary_large_image","twitter_misc":{"Verfasst von":"admin","Gesch\u00e4tzte Lesezeit":"4\u00a0Minuten"},"schema":{"@context":"https:\/\/schema.org","@graph":[{"@type":"Article","@id":"http:\/\/denizcankizil.tr\/de\/haberler\/gundem\/bursada-bir-kitap-bir-yazar-bulusmalari-suruyor\/#article","isPartOf":{"@id":"http:\/\/denizcankizil.tr\/de\/haberler\/gundem\/bursada-bir-kitap-bir-yazar-bulusmalari-suruyor\/"},"author":{"name":"admin","@id":"https:\/\/denizcankizil.tr\/de\/#\/schema\/person\/be3c05fe6a12686905512445d8185489"},"headline":"Bursa\u2019da \u201cBir Kitap Bir Yazar\u201d bulu\u015fmalar\u0131 s\u00fcr\u00fcyor","datePublished":"2025-05-16T11:42:31+00:00","mainEntityOfPage":{"@id":"http:\/\/denizcankizil.tr\/de\/haberler\/gundem\/bursada-bir-kitap-bir-yazar-bulusmalari-suruyor\/"},"wordCount":757,"publisher":{"@id":"https:\/\/denizcankizil.tr\/de\/#organization"},"articleSection":["G\u00fcndem"],"inLanguage":"de"},{"@type":"WebPage","@id":"http:\/\/denizcankizil.tr\/de\/haberler\/gundem\/bursada-bir-kitap-bir-yazar-bulusmalari-suruyor\/","url":"http:\/\/denizcankizil.tr\/de\/haberler\/gundem\/bursada-bir-kitap-bir-yazar-bulusmalari-suruyor\/","name":"Bursa\u2019da \u201cBir Kitap Bir Yazar\u201d bulu\u015fmalar\u0131 s\u00fcr\u00fcyor - Av. Deniz Can K\u0131z\u0131l","isPartOf":{"@id":"https:\/\/denizcankizil.tr\/de\/#website"},"datePublished":"2025-05-16T11:42:31+00:00","breadcrumb":{"@id":"http:\/\/denizcankizil.tr\/de\/haberler\/gundem\/bursada-bir-kitap-bir-yazar-bulusmalari-suruyor\/#breadcrumb"},"inLanguage":"de","potentialAction":[{"@type":"ReadAction","target":["http:\/\/denizcankizil.tr\/de\/haberler\/gundem\/bursada-bir-kitap-bir-yazar-bulusmalari-suruyor\/"]}]},{"@type":"BreadcrumbList","@id":"http:\/\/denizcankizil.tr\/de\/haberler\/gundem\/bursada-bir-kitap-bir-yazar-bulusmalari-suruyor\/#breadcrumb","itemListElement":[{"@type":"ListItem","position":1,"name":"Home","item":"https:\/\/denizcankizil.tr\/de\/"},{"@type":"ListItem","position":2,"name":"Bursa\u2019da \u201cBir Kitap Bir Yazar\u201d bulu\u015fmalar\u0131 s\u00fcr\u00fcyor"}]},{"@type":"WebSite","@id":"https:\/\/denizcankizil.tr\/de\/#website","url":"https:\/\/denizcankizil.tr\/de\/","name":"Av. Deniz Can K\u0131z\u0131l","description":"Avukat Deniz Can K\u0131z\u0131l Antalya Barosu","publisher":{"@id":"https:\/\/denizcankizil.tr\/de\/#organization"},"potentialAction":[{"@type":"SearchAction","target":{"@type":"EntryPoint","urlTemplate":"https:\/\/denizcankizil.tr\/de\/?s={search_term_string}"},"query-input":{"@type":"PropertyValueSpecification","valueRequired":true,"valueName":"search_term_string"}}],"inLanguage":"de"},{"@type":"Organization","@id":"https:\/\/denizcankizil.tr\/de\/#organization","name":"Av. Deniz Can K\u0131z\u0131l","url":"https:\/\/denizcankizil.tr\/de\/","logo":{"@type":"ImageObject","inLanguage":"de","@id":"https:\/\/denizcankizil.tr\/de\/#\/schema\/logo\/image\/","url":"http:\/\/denizcankizil.tr\/wp-content\/uploads\/2024\/10\/siyah-logo-svg.svg","contentUrl":"http:\/\/denizcankizil.tr\/wp-content\/uploads\/2024\/10\/siyah-logo-svg.svg","width":1080,"height":1080,"caption":"Av. Deniz Can K\u0131z\u0131l"},"image":{"@id":"https:\/\/denizcankizil.tr\/de\/#\/schema\/logo\/image\/"}},{"@type":"Person","@id":"https:\/\/denizcankizil.tr\/de\/#\/schema\/person\/be3c05fe6a12686905512445d8185489","name":"Administrator","image":{"@type":"ImageObject","inLanguage":"de","@id":"https:\/\/denizcankizil.tr\/de\/#\/schema\/person\/image\/","url":"https:\/\/secure.gravatar.com\/avatar\/c1fce94c830dc79107e174f890d7210541c4a63e8e5d816341794a2151c9d58c?s=96&d=mm&r=g","contentUrl":"https:\/\/secure.gravatar.com\/avatar\/c1fce94c830dc79107e174f890d7210541c4a63e8e5d816341794a2151c9d58c?s=96&d=mm&r=g","caption":"admin"},"sameAs":["http:\/\/denizcankizil.tr"],"url":"https:\/\/www.iskenderun.org\/bursada-bir-kitap-bir-yazar-bulusmalari-suruyor"}]}},"_links":{"self":[{"href":"http:\/\/denizcankizil.tr\/de\/wp-json\/wp\/v2\/posts\/88471","targetHints":{"allow":["GET"]}}],"collection":[{"href":"http:\/\/denizcankizil.tr\/de\/wp-json\/wp\/v2\/posts"}],"about":[{"href":"http:\/\/denizcankizil.tr\/de\/wp-json\/wp\/v2\/types\/post"}],"author":[{"embeddable":true,"href":"http:\/\/denizcankizil.tr\/de\/wp-json\/wp\/v2\/users\/1"}],"replies":[{"embeddable":true,"href":"http:\/\/denizcankizil.tr\/de\/wp-json\/wp\/v2\/comments?post=88471"}],"version-history":[{"count":0,"href":"http:\/\/denizcankizil.tr\/de\/wp-json\/wp\/v2\/posts\/88471\/revisions"}],"wp:attachment":[{"href":"http:\/\/denizcankizil.tr\/de\/wp-json\/wp\/v2\/media?parent=88471"}],"wp:term":[{"taxonomy":"category","embeddable":true,"href":"http:\/\/denizcankizil.tr\/de\/wp-json\/wp\/v2\/categories?post=88471"},{"taxonomy":"post_tag","embeddable":true,"href":"http:\/\/denizcankizil.tr\/de\/wp-json\/wp\/v2\/tags?post=88471"}],"curies":[{"name":"wp","href":"https:\/\/api.w.org\/{rel}","templated":true}]}}