{"id":88282,"date":"2025-05-16T11:41:13","date_gmt":"2025-05-16T08:41:13","guid":{"rendered":"https:\/\/denizcankizil.tr\/uncategorized-tr\/motosikletli-saglik-calisani-genc-hayatini-kaybetti\/"},"modified":"2025-05-16T11:41:13","modified_gmt":"2025-05-16T08:41:13","slug":"motosikletli-saglik-calisani-genc-hayatini-kaybetti","status":"publish","type":"post","link":"http:\/\/denizcankizil.tr\/de\/haberler\/antalya\/motosikletli-saglik-calisani-genc-hayatini-kaybetti\/","title":{"rendered":"Motosikletli sa\u011fl\u0131k \u00e7al\u0131\u015fan\u0131 gen\u00e7, hayat\u0131n\u0131 kaybetti"},"content":{"rendered":"<p>Kaza, saat 07.45 s\u0131ralar\u0131nda Kepez il\u00e7esi Fevzi \u00c7akmak Mahallesi Alparslan T\u00fcrke\u015f Bulvar\u0131 \u00fczerinde meydana geldi. Edinilen bilgiye g\u00f6re, Antalya A\u011f\u0131z ve Di\u015f Sa\u011fl\u0131\u011f\u0131 Hastanesi&#8217;nde hasta koordinat\u00f6r\u00fc olarak g\u00f6rev yapan G\u00f6khan Tunca (27), i\u015f yerine gitmek \u00fczere 07 BDP 218 plakal\u0131 motosikleti ile evden ayr\u0131ld\u0131. Tunca, Alparslan T\u00fcrke\u015f Bulvar\u0131 \u00fczerine geldi\u011finde virajda motosikletin kontrol\u00fcn\u00fc kaybederek s\u00fcr\u00fcklenmeye ba\u015flad\u0131. Motosikleti ile birlikte \u00f6nce yol ortas\u0131ndaki ref\u00fcje, ard\u0131ndan da zeytin a\u011fac\u0131na \u00e7arpan gen\u00e7 s\u00fcr\u00fcc\u00fcn\u00fcn yard\u0131m\u0131na di\u011fer s\u00fcr\u00fcc\u00fcler ko\u015ftu. \u0130hbar \u00fczerine b\u00f6lgeye sa\u011fl\u0131k ve polis ekipleri sevk edildi. 112 Acil Servis ekipleri, gen\u00e7 s\u00fcr\u00fcc\u00fcn\u00fcn olay yerinde hayat\u0131n\u0131 kaybetti\u011fini belirledi.<\/p>\n<p>Arkada\u015f\u0131 olay\u0131n \u015fokunu uzun s\u00fcre atlatamad\u0131<br \/>\nKazay\u0131 haber alarak olay yerine gelen Tunca&#8217;n\u0131n arkada\u015f\u0131, gen\u00e7 motosikletlinin hayat\u0131n\u0131 kaybetti\u011fine inanmakta g\u00fc\u00e7l\u00fck \u00e7ekti. Olay\u0131n \u015fokunu \u00fczerinden atamayan ve uzun s\u00fcre 10 y\u0131ll\u0131k arkada\u015f\u0131n\u0131n cans\u0131z bedenine bakan gencin bir hayli \u00fczg\u00fcn oldu\u011fu g\u00f6r\u00fcld\u00fc. Polis ve savc\u0131l\u0131k incelemesinin ard\u0131ndan G\u00f6khan Tunca&#8217;n\u0131n cans\u0131z bedeni Antalya Adli T\u0131p Kurumu morguna kald\u0131r\u0131ld\u0131.<br \/>\nKazada hayat\u0131n\u0131 kaybeden talihsiz gencin annesinin y\u0131llar \u00f6nce hayat\u0131n\u0131 kaybetti\u011fi, babas\u0131n\u0131 ise hi\u00e7 tan\u0131mad\u0131\u011f\u0131 \u00f6\u011frenildi.<\/p>\n<p>Kaynak: www.kanalv.com.tr Haber Sitesinden Al\u0131nm\u0131\u015ft\u0131r.<\/p>","protected":false},"excerpt":{"rendered":"<p>Kaza, saat 07.45 s\u0131ralar\u0131nda Kepez il\u00e7esi Fevzi \u00c7akmak Mahallesi Alparslan T\u00fcrke\u015f Bulvar\u0131 \u00fczerinde meydana geldi. Edinilen bilgiye g\u00f6re, Antalya A\u011f\u0131z ve Di\u015f Sa\u011fl\u0131\u011f\u0131 Hastanesi&#8217;nde hasta koordinat\u00f6r\u00fc olarak g\u00f6rev yapan G\u00f6khan Tunca (27), i\u015f yerine gitmek \u00fczere 07 BDP 218 plakal\u0131 motosikleti ile evden ayr\u0131ld\u0131. Tunca, Alparslan T\u00fcrke\u015f Bulvar\u0131 \u00fczerine geldi\u011finde virajda motosikletin kontrol\u00fcn\u00fc kaybederek s\u00fcr\u00fcklenmeye ba\u015flad\u0131. Motosikleti ile birlikte \u00f6nce yol ortas\u0131ndaki ref\u00fcje, ard\u0131ndan da zeytin a\u011fac\u0131na \u00e7arpan gen\u00e7 s\u00fcr\u00fcc\u00fcn\u00fcn yard\u0131m\u0131na di\u011fer s\u00fcr\u00fcc\u00fcler ko\u015ftu. \u0130hbar \u00fczerine b\u00f6lgeye sa\u011fl\u0131k ve polis ekipleri sevk edildi. 112 Acil Servis ekipleri, gen\u00e7 s\u00fcr\u00fcc\u00fcn\u00fcn olay yerinde hayat\u0131n\u0131 kaybetti\u011fini belirledi. Arkada\u015f\u0131 olay\u0131n \u015fokunu uzun s\u00fcre atlatamad\u0131 Kazay\u0131 haber alarak olay yerine gelen Tunca&#8217;n\u0131n arkada\u015f\u0131, gen\u00e7 motosikletlinin hayat\u0131n\u0131 kaybetti\u011fine inanmakta g\u00fc\u00e7l\u00fck \u00e7ekti. Olay\u0131n \u015fokunu \u00fczerinden atamayan ve uzun s\u00fcre 10 y\u0131ll\u0131k arkada\u015f\u0131n\u0131n cans\u0131z bedenine bakan gencin bir hayli \u00fczg\u00fcn oldu\u011fu g\u00f6r\u00fcld\u00fc. Polis ve savc\u0131l\u0131k incelemesinin ard\u0131ndan G\u00f6khan Tunca&#8217;n\u0131n cans\u0131z bedeni Antalya Adli T\u0131p Kurumu morguna kald\u0131r\u0131ld\u0131. Kazada hayat\u0131n\u0131 kaybeden talihsiz gencin annesinin y\u0131llar \u00f6nce hayat\u0131n\u0131 kaybetti\u011fi, babas\u0131n\u0131 ise hi\u00e7 tan\u0131mad\u0131\u011f\u0131 \u00f6\u011frenildi. Kaynak: www.kanalv.com.tr Haber Sitesinden Al\u0131nm\u0131\u015ft\u0131r.<\/p>","protected":false},"author":4,"featured_media":88283,"comment_status":"","ping_status":"open","sticky":false,"template":"","format":"standard","meta":{"_acf_changed":false,"footnotes":""},"categories":[26],"tags":[],"class_list":["post-88282","post","type-post","status-publish","format-standard","has-post-thumbnail","hentry","category-antalya"],"acf":[],"yoast_head":"<!-- This site is optimized with the Yoast SEO Premium plugin v26.6 (Yoast SEO v27.1.1) - https:\/\/yoast.com\/product\/yoast-seo-premium-wordpress\/ -->\n<title>Motosikletli sa\u011fl\u0131k \u00e7al\u0131\u015fan\u0131 gen\u00e7, hayat\u0131n\u0131 kaybetti - Av. Deniz Can K\u0131z\u0131l<\/title>\n<meta name=\"robots\" content=\"index, follow, max-snippet:-1, max-image-preview:large, max-video-preview:-1\" \/>\n<link rel=\"canonical\" href=\"http:\/\/denizcankizil.tr\/de\/haberler\/antalya\/motosikletli-saglik-calisani-genc-hayatini-kaybetti\/\" \/>\n<meta property=\"og:locale\" content=\"de_DE\" \/>\n<meta property=\"og:type\" content=\"article\" \/>\n<meta property=\"og:title\" content=\"Motosikletli sa\u011fl\u0131k \u00e7al\u0131\u015fan\u0131 gen\u00e7, hayat\u0131n\u0131 kaybetti\" \/>\n<meta property=\"og:description\" content=\"Kaza, saat 07.45 s\u0131ralar\u0131nda Kepez il\u00e7esi Fevzi \u00c7akmak Mahallesi Alparslan T\u00fcrke\u015f Bulvar\u0131 \u00fczerinde meydana geldi. Edinilen bilgiye g\u00f6re, Antalya A\u011f\u0131z ve Di\u015f Sa\u011fl\u0131\u011f\u0131 Hastanesi&#8217;nde hasta koordinat\u00f6r\u00fc olarak g\u00f6rev yapan G\u00f6khan Tunca (27), i\u015f yerine gitmek \u00fczere 07 BDP 218 plakal\u0131 motosikleti ile evden ayr\u0131ld\u0131. Tunca, Alparslan T\u00fcrke\u015f Bulvar\u0131 \u00fczerine geldi\u011finde virajda motosikletin kontrol\u00fcn\u00fc kaybederek s\u00fcr\u00fcklenmeye ba\u015flad\u0131. Motosikleti ile birlikte \u00f6nce yol ortas\u0131ndaki ref\u00fcje, ard\u0131ndan da zeytin a\u011fac\u0131na \u00e7arpan gen\u00e7 s\u00fcr\u00fcc\u00fcn\u00fcn yard\u0131m\u0131na di\u011fer s\u00fcr\u00fcc\u00fcler ko\u015ftu. \u0130hbar \u00fczerine b\u00f6lgeye sa\u011fl\u0131k ve polis ekipleri sevk edildi. 112 Acil Servis ekipleri, gen\u00e7 s\u00fcr\u00fcc\u00fcn\u00fcn olay yerinde hayat\u0131n\u0131 kaybetti\u011fini belirledi. Arkada\u015f\u0131 olay\u0131n \u015fokunu uzun s\u00fcre atlatamad\u0131 Kazay\u0131 haber alarak olay yerine gelen Tunca&#8217;n\u0131n arkada\u015f\u0131, gen\u00e7 motosikletlinin hayat\u0131n\u0131 kaybetti\u011fine inanmakta g\u00fc\u00e7l\u00fck \u00e7ekti. Olay\u0131n \u015fokunu \u00fczerinden atamayan ve uzun s\u00fcre 10 y\u0131ll\u0131k arkada\u015f\u0131n\u0131n cans\u0131z bedenine bakan gencin bir hayli \u00fczg\u00fcn oldu\u011fu g\u00f6r\u00fcld\u00fc. Polis ve savc\u0131l\u0131k incelemesinin ard\u0131ndan G\u00f6khan Tunca&#8217;n\u0131n cans\u0131z bedeni Antalya Adli T\u0131p Kurumu morguna kald\u0131r\u0131ld\u0131. Kazada hayat\u0131n\u0131 kaybeden talihsiz gencin annesinin y\u0131llar \u00f6nce hayat\u0131n\u0131 kaybetti\u011fi, babas\u0131n\u0131 ise hi\u00e7 tan\u0131mad\u0131\u011f\u0131 \u00f6\u011frenildi. Kaynak: www.kanalv.com.tr Haber Sitesinden Al\u0131nm\u0131\u015ft\u0131r.\" \/>\n<meta property=\"og:url\" content=\"http:\/\/denizcankizil.tr\/de\/haberler\/antalya\/motosikletli-saglik-calisani-genc-hayatini-kaybetti\/\" \/>\n<meta property=\"og:site_name\" content=\"Av. Deniz Can K\u0131z\u0131l\" \/>\n<meta property=\"article:published_time\" content=\"2025-05-16T08:41:13+00:00\" \/>\n<meta property=\"og:image\" content=\"http:\/\/denizcankizil.tr\/wp-content\/uploads\/2025\/05\/6368-01-dvsD6V.jpg\" \/>\n\t<meta property=\"og:image:width\" content=\"1280\" \/>\n\t<meta property=\"og:image:height\" content=\"720\" \/>\n\t<meta property=\"og:image:type\" content=\"image\/jpeg\" \/>\n<meta name=\"author\" content=\"Av. Deniz Can K\u0131z\u0131l\" \/>\n<meta name=\"twitter:card\" content=\"summary_large_image\" \/>\n<meta name=\"twitter:label1\" content=\"Verfasst von\" \/>\n\t<meta name=\"twitter:data1\" content=\"Av. Deniz Can K\u0131z\u0131l\" \/>\n\t<meta name=\"twitter:label2\" content=\"Gesch\u00e4tzte Lesezeit\" \/>\n\t<meta name=\"twitter:data2\" content=\"1\u00a0Minute\" \/>\n<script type=\"application\/ld+json\" class=\"yoast-schema-graph\">{\"@context\":\"https:\/\/schema.org\",\"@graph\":[{\"@type\":\"Article\",\"@id\":\"http:\/\/denizcankizil.tr\/de\/haberler\/antalya\/motosikletli-saglik-calisani-genc-hayatini-kaybetti\/#article\",\"isPartOf\":{\"@id\":\"http:\/\/denizcankizil.tr\/de\/haberler\/antalya\/motosikletli-saglik-calisani-genc-hayatini-kaybetti\/\"},\"author\":{\"name\":\"Av. Deniz Can K\u0131z\u0131l\",\"@id\":\"https:\/\/denizcankizil.tr\/de\/#\/schema\/person\/5dc1b22991bd7ac833867c10afc9b0ff\"},\"headline\":\"Motosikletli sa\u011fl\u0131k \u00e7al\u0131\u015fan\u0131 gen\u00e7, hayat\u0131n\u0131 kaybetti\",\"datePublished\":\"2025-05-16T08:41:13+00:00\",\"mainEntityOfPage\":{\"@id\":\"http:\/\/denizcankizil.tr\/de\/haberler\/antalya\/motosikletli-saglik-calisani-genc-hayatini-kaybetti\/\"},\"wordCount\":257,\"publisher\":{\"@id\":\"https:\/\/denizcankizil.tr\/de\/#organization\"},\"image\":{\"@id\":\"http:\/\/denizcankizil.tr\/de\/haberler\/antalya\/motosikletli-saglik-calisani-genc-hayatini-kaybetti\/#primaryimage\"},\"thumbnailUrl\":\"http:\/\/denizcankizil.tr\/wp-content\/uploads\/2025\/05\/6368-01-dvsD6V.jpg\",\"articleSection\":[\"Antalya\"],\"inLanguage\":\"de\"},{\"@type\":\"WebPage\",\"@id\":\"http:\/\/denizcankizil.tr\/de\/haberler\/antalya\/motosikletli-saglik-calisani-genc-hayatini-kaybetti\/\",\"url\":\"http:\/\/denizcankizil.tr\/de\/haberler\/antalya\/motosikletli-saglik-calisani-genc-hayatini-kaybetti\/\",\"name\":\"Motosikletli sa\u011fl\u0131k \u00e7al\u0131\u015fan\u0131 gen\u00e7, hayat\u0131n\u0131 kaybetti - Av. Deniz Can K\u0131z\u0131l\",\"isPartOf\":{\"@id\":\"https:\/\/denizcankizil.tr\/de\/#website\"},\"primaryImageOfPage\":{\"@id\":\"http:\/\/denizcankizil.tr\/de\/haberler\/antalya\/motosikletli-saglik-calisani-genc-hayatini-kaybetti\/#primaryimage\"},\"image\":{\"@id\":\"http:\/\/denizcankizil.tr\/de\/haberler\/antalya\/motosikletli-saglik-calisani-genc-hayatini-kaybetti\/#primaryimage\"},\"thumbnailUrl\":\"http:\/\/denizcankizil.tr\/wp-content\/uploads\/2025\/05\/6368-01-dvsD6V.jpg\",\"datePublished\":\"2025-05-16T08:41:13+00:00\",\"breadcrumb\":{\"@id\":\"http:\/\/denizcankizil.tr\/de\/haberler\/antalya\/motosikletli-saglik-calisani-genc-hayatini-kaybetti\/#breadcrumb\"},\"inLanguage\":\"de\",\"potentialAction\":[{\"@type\":\"ReadAction\",\"target\":[\"http:\/\/denizcankizil.tr\/de\/haberler\/antalya\/motosikletli-saglik-calisani-genc-hayatini-kaybetti\/\"]}]},{\"@type\":\"ImageObject\",\"inLanguage\":\"de\",\"@id\":\"http:\/\/denizcankizil.tr\/de\/haberler\/antalya\/motosikletli-saglik-calisani-genc-hayatini-kaybetti\/#primaryimage\",\"url\":\"http:\/\/denizcankizil.tr\/wp-content\/uploads\/2025\/05\/6368-01-dvsD6V.jpg\",\"contentUrl\":\"http:\/\/denizcankizil.tr\/wp-content\/uploads\/2025\/05\/6368-01-dvsD6V.jpg\",\"width\":1280,\"height\":720},{\"@type\":\"BreadcrumbList\",\"@id\":\"http:\/\/denizcankizil.tr\/de\/haberler\/antalya\/motosikletli-saglik-calisani-genc-hayatini-kaybetti\/#breadcrumb\",\"itemListElement\":[{\"@type\":\"ListItem\",\"position\":1,\"name\":\"Home\",\"item\":\"https:\/\/denizcankizil.tr\/de\/\"},{\"@type\":\"ListItem\",\"position\":2,\"name\":\"Motosikletli sa\u011fl\u0131k \u00e7al\u0131\u015fan\u0131 gen\u00e7, hayat\u0131n\u0131 kaybetti\"}]},{\"@type\":\"WebSite\",\"@id\":\"https:\/\/denizcankizil.tr\/de\/#website\",\"url\":\"https:\/\/denizcankizil.tr\/de\/\",\"name\":\"Av. Deniz Can K\u0131z\u0131l\",\"description\":\"Avukat Deniz Can K\u0131z\u0131l Antalya Barosu\",\"publisher\":{\"@id\":\"https:\/\/denizcankizil.tr\/de\/#organization\"},\"potentialAction\":[{\"@type\":\"SearchAction\",\"target\":{\"@type\":\"EntryPoint\",\"urlTemplate\":\"https:\/\/denizcankizil.tr\/de\/?s={search_term_string}\"},\"query-input\":{\"@type\":\"PropertyValueSpecification\",\"valueRequired\":true,\"valueName\":\"search_term_string\"}}],\"inLanguage\":\"de\"},{\"@type\":\"Organization\",\"@id\":\"https:\/\/denizcankizil.tr\/de\/#organization\",\"name\":\"Av. Deniz Can K\u0131z\u0131l\",\"url\":\"https:\/\/denizcankizil.tr\/de\/\",\"logo\":{\"@type\":\"ImageObject\",\"inLanguage\":\"de\",\"@id\":\"https:\/\/denizcankizil.tr\/de\/#\/schema\/logo\/image\/\",\"url\":\"http:\/\/denizcankizil.tr\/wp-content\/uploads\/2024\/10\/siyah-logo-svg.svg\",\"contentUrl\":\"http:\/\/denizcankizil.tr\/wp-content\/uploads\/2024\/10\/siyah-logo-svg.svg\",\"width\":1080,\"height\":1080,\"caption\":\"Av. Deniz Can K\u0131z\u0131l\"},\"image\":{\"@id\":\"https:\/\/denizcankizil.tr\/de\/#\/schema\/logo\/image\/\"}},{\"@type\":\"Person\",\"@id\":\"https:\/\/denizcankizil.tr\/de\/#\/schema\/person\/5dc1b22991bd7ac833867c10afc9b0ff\",\"name\":\"Av. Deniz Can K\u0131z\u0131l\",\"image\":{\"@type\":\"ImageObject\",\"inLanguage\":\"de\",\"@id\":\"https:\/\/denizcankizil.tr\/de\/#\/schema\/person\/image\/\",\"url\":\"https:\/\/secure.gravatar.com\/avatar\/a0b128fb9855c79efc976d5640eedb31dc35ec297594d6016d2cf7c60e975bb6?s=96&d=mm&r=g\",\"contentUrl\":\"https:\/\/secure.gravatar.com\/avatar\/a0b128fb9855c79efc976d5640eedb31dc35ec297594d6016d2cf7c60e975bb6?s=96&d=mm&r=g\",\"caption\":\"Av. Deniz Can K\u0131z\u0131l\"},\"sameAs\":[\"http:\/\/www.denizcankizil.tr\"],\"url\":\"http:\/\/denizcankizil.tr\/de\/author\/denizcankizil\/\"}]}<\/script>\n<!-- \/ Yoast SEO Premium plugin. -->","yoast_head_json":{"title":"Motosikletli sa\u011fl\u0131k \u00e7al\u0131\u015fan\u0131 gen\u00e7, hayat\u0131n\u0131 kaybetti - Av. Deniz Can K\u0131z\u0131l","robots":{"index":"index","follow":"follow","max-snippet":"max-snippet:-1","max-image-preview":"max-image-preview:large","max-video-preview":"max-video-preview:-1"},"canonical":"http:\/\/denizcankizil.tr\/de\/haberler\/antalya\/motosikletli-saglik-calisani-genc-hayatini-kaybetti\/","og_locale":"de_DE","og_type":"article","og_title":"Motosikletli sa\u011fl\u0131k \u00e7al\u0131\u015fan\u0131 gen\u00e7, hayat\u0131n\u0131 kaybetti","og_description":"Kaza, saat 07.45 s\u0131ralar\u0131nda Kepez il\u00e7esi Fevzi \u00c7akmak Mahallesi Alparslan T\u00fcrke\u015f Bulvar\u0131 \u00fczerinde meydana geldi. Edinilen bilgiye g\u00f6re, Antalya A\u011f\u0131z ve Di\u015f Sa\u011fl\u0131\u011f\u0131 Hastanesi&#8217;nde hasta koordinat\u00f6r\u00fc olarak g\u00f6rev yapan G\u00f6khan Tunca (27), i\u015f yerine gitmek \u00fczere 07 BDP 218 plakal\u0131 motosikleti ile evden ayr\u0131ld\u0131. Tunca, Alparslan T\u00fcrke\u015f Bulvar\u0131 \u00fczerine geldi\u011finde virajda motosikletin kontrol\u00fcn\u00fc kaybederek s\u00fcr\u00fcklenmeye ba\u015flad\u0131. Motosikleti ile birlikte \u00f6nce yol ortas\u0131ndaki ref\u00fcje, ard\u0131ndan da zeytin a\u011fac\u0131na \u00e7arpan gen\u00e7 s\u00fcr\u00fcc\u00fcn\u00fcn yard\u0131m\u0131na di\u011fer s\u00fcr\u00fcc\u00fcler ko\u015ftu. \u0130hbar \u00fczerine b\u00f6lgeye sa\u011fl\u0131k ve polis ekipleri sevk edildi. 112 Acil Servis ekipleri, gen\u00e7 s\u00fcr\u00fcc\u00fcn\u00fcn olay yerinde hayat\u0131n\u0131 kaybetti\u011fini belirledi. Arkada\u015f\u0131 olay\u0131n \u015fokunu uzun s\u00fcre atlatamad\u0131 Kazay\u0131 haber alarak olay yerine gelen Tunca&#8217;n\u0131n arkada\u015f\u0131, gen\u00e7 motosikletlinin hayat\u0131n\u0131 kaybetti\u011fine inanmakta g\u00fc\u00e7l\u00fck \u00e7ekti. Olay\u0131n \u015fokunu \u00fczerinden atamayan ve uzun s\u00fcre 10 y\u0131ll\u0131k arkada\u015f\u0131n\u0131n cans\u0131z bedenine bakan gencin bir hayli \u00fczg\u00fcn oldu\u011fu g\u00f6r\u00fcld\u00fc. Polis ve savc\u0131l\u0131k incelemesinin ard\u0131ndan G\u00f6khan Tunca&#8217;n\u0131n cans\u0131z bedeni Antalya Adli T\u0131p Kurumu morguna kald\u0131r\u0131ld\u0131. Kazada hayat\u0131n\u0131 kaybeden talihsiz gencin annesinin y\u0131llar \u00f6nce hayat\u0131n\u0131 kaybetti\u011fi, babas\u0131n\u0131 ise hi\u00e7 tan\u0131mad\u0131\u011f\u0131 \u00f6\u011frenildi. Kaynak: www.kanalv.com.tr Haber Sitesinden Al\u0131nm\u0131\u015ft\u0131r.","og_url":"http:\/\/denizcankizil.tr\/de\/haberler\/antalya\/motosikletli-saglik-calisani-genc-hayatini-kaybetti\/","og_site_name":"Av. Deniz Can K\u0131z\u0131l","article_published_time":"2025-05-16T08:41:13+00:00","og_image":[{"width":1280,"height":720,"url":"http:\/\/denizcankizil.tr\/wp-content\/uploads\/2025\/05\/6368-01-dvsD6V.jpg","type":"image\/jpeg"}],"author":"Av. Deniz Can K\u0131z\u0131l","twitter_card":"summary_large_image","twitter_misc":{"Verfasst von":"Av. Deniz Can K\u0131z\u0131l","Gesch\u00e4tzte Lesezeit":"1\u00a0Minute"},"schema":{"@context":"https:\/\/schema.org","@graph":[{"@type":"Article","@id":"http:\/\/denizcankizil.tr\/de\/haberler\/antalya\/motosikletli-saglik-calisani-genc-hayatini-kaybetti\/#article","isPartOf":{"@id":"http:\/\/denizcankizil.tr\/de\/haberler\/antalya\/motosikletli-saglik-calisani-genc-hayatini-kaybetti\/"},"author":{"name":"Av. Deniz Can K\u0131z\u0131l","@id":"https:\/\/denizcankizil.tr\/de\/#\/schema\/person\/5dc1b22991bd7ac833867c10afc9b0ff"},"headline":"Motosikletli sa\u011fl\u0131k \u00e7al\u0131\u015fan\u0131 gen\u00e7, hayat\u0131n\u0131 kaybetti","datePublished":"2025-05-16T08:41:13+00:00","mainEntityOfPage":{"@id":"http:\/\/denizcankizil.tr\/de\/haberler\/antalya\/motosikletli-saglik-calisani-genc-hayatini-kaybetti\/"},"wordCount":257,"publisher":{"@id":"https:\/\/denizcankizil.tr\/de\/#organization"},"image":{"@id":"http:\/\/denizcankizil.tr\/de\/haberler\/antalya\/motosikletli-saglik-calisani-genc-hayatini-kaybetti\/#primaryimage"},"thumbnailUrl":"http:\/\/denizcankizil.tr\/wp-content\/uploads\/2025\/05\/6368-01-dvsD6V.jpg","articleSection":["Antalya"],"inLanguage":"de"},{"@type":"WebPage","@id":"http:\/\/denizcankizil.tr\/de\/haberler\/antalya\/motosikletli-saglik-calisani-genc-hayatini-kaybetti\/","url":"http:\/\/denizcankizil.tr\/de\/haberler\/antalya\/motosikletli-saglik-calisani-genc-hayatini-kaybetti\/","name":"Motosikletli sa\u011fl\u0131k \u00e7al\u0131\u015fan\u0131 gen\u00e7, hayat\u0131n\u0131 kaybetti - Av. Deniz Can K\u0131z\u0131l","isPartOf":{"@id":"https:\/\/denizcankizil.tr\/de\/#website"},"primaryImageOfPage":{"@id":"http:\/\/denizcankizil.tr\/de\/haberler\/antalya\/motosikletli-saglik-calisani-genc-hayatini-kaybetti\/#primaryimage"},"image":{"@id":"http:\/\/denizcankizil.tr\/de\/haberler\/antalya\/motosikletli-saglik-calisani-genc-hayatini-kaybetti\/#primaryimage"},"thumbnailUrl":"http:\/\/denizcankizil.tr\/wp-content\/uploads\/2025\/05\/6368-01-dvsD6V.jpg","datePublished":"2025-05-16T08:41:13+00:00","breadcrumb":{"@id":"http:\/\/denizcankizil.tr\/de\/haberler\/antalya\/motosikletli-saglik-calisani-genc-hayatini-kaybetti\/#breadcrumb"},"inLanguage":"de","potentialAction":[{"@type":"ReadAction","target":["http:\/\/denizcankizil.tr\/de\/haberler\/antalya\/motosikletli-saglik-calisani-genc-hayatini-kaybetti\/"]}]},{"@type":"ImageObject","inLanguage":"de","@id":"http:\/\/denizcankizil.tr\/de\/haberler\/antalya\/motosikletli-saglik-calisani-genc-hayatini-kaybetti\/#primaryimage","url":"http:\/\/denizcankizil.tr\/wp-content\/uploads\/2025\/05\/6368-01-dvsD6V.jpg","contentUrl":"http:\/\/denizcankizil.tr\/wp-content\/uploads\/2025\/05\/6368-01-dvsD6V.jpg","width":1280,"height":720},{"@type":"BreadcrumbList","@id":"http:\/\/denizcankizil.tr\/de\/haberler\/antalya\/motosikletli-saglik-calisani-genc-hayatini-kaybetti\/#breadcrumb","itemListElement":[{"@type":"ListItem","position":1,"name":"Home","item":"https:\/\/denizcankizil.tr\/de\/"},{"@type":"ListItem","position":2,"name":"Motosikletli sa\u011fl\u0131k \u00e7al\u0131\u015fan\u0131 gen\u00e7, hayat\u0131n\u0131 kaybetti"}]},{"@type":"WebSite","@id":"https:\/\/denizcankizil.tr\/de\/#website","url":"https:\/\/denizcankizil.tr\/de\/","name":"Av. Deniz Can K\u0131z\u0131l","description":"Avukat Deniz Can K\u0131z\u0131l Antalya Barosu","publisher":{"@id":"https:\/\/denizcankizil.tr\/de\/#organization"},"potentialAction":[{"@type":"SearchAction","target":{"@type":"EntryPoint","urlTemplate":"https:\/\/denizcankizil.tr\/de\/?s={search_term_string}"},"query-input":{"@type":"PropertyValueSpecification","valueRequired":true,"valueName":"search_term_string"}}],"inLanguage":"de"},{"@type":"Organization","@id":"https:\/\/denizcankizil.tr\/de\/#organization","name":"Av. Deniz Can K\u0131z\u0131l","url":"https:\/\/denizcankizil.tr\/de\/","logo":{"@type":"ImageObject","inLanguage":"de","@id":"https:\/\/denizcankizil.tr\/de\/#\/schema\/logo\/image\/","url":"http:\/\/denizcankizil.tr\/wp-content\/uploads\/2024\/10\/siyah-logo-svg.svg","contentUrl":"http:\/\/denizcankizil.tr\/wp-content\/uploads\/2024\/10\/siyah-logo-svg.svg","width":1080,"height":1080,"caption":"Av. Deniz Can K\u0131z\u0131l"},"image":{"@id":"https:\/\/denizcankizil.tr\/de\/#\/schema\/logo\/image\/"}},{"@type":"Person","@id":"https:\/\/denizcankizil.tr\/de\/#\/schema\/person\/5dc1b22991bd7ac833867c10afc9b0ff","name":"Av. Deniz Can K\u0131z\u0131l","image":{"@type":"ImageObject","inLanguage":"de","@id":"https:\/\/denizcankizil.tr\/de\/#\/schema\/person\/image\/","url":"https:\/\/secure.gravatar.com\/avatar\/a0b128fb9855c79efc976d5640eedb31dc35ec297594d6016d2cf7c60e975bb6?s=96&d=mm&r=g","contentUrl":"https:\/\/secure.gravatar.com\/avatar\/a0b128fb9855c79efc976d5640eedb31dc35ec297594d6016d2cf7c60e975bb6?s=96&d=mm&r=g","caption":"Av. Deniz Can K\u0131z\u0131l"},"sameAs":["http:\/\/www.denizcankizil.tr"],"url":"http:\/\/denizcankizil.tr\/de\/author\/denizcankizil\/"}]}},"_links":{"self":[{"href":"http:\/\/denizcankizil.tr\/de\/wp-json\/wp\/v2\/posts\/88282","targetHints":{"allow":["GET"]}}],"collection":[{"href":"http:\/\/denizcankizil.tr\/de\/wp-json\/wp\/v2\/posts"}],"about":[{"href":"http:\/\/denizcankizil.tr\/de\/wp-json\/wp\/v2\/types\/post"}],"author":[{"embeddable":true,"href":"http:\/\/denizcankizil.tr\/de\/wp-json\/wp\/v2\/users\/4"}],"replies":[{"embeddable":true,"href":"http:\/\/denizcankizil.tr\/de\/wp-json\/wp\/v2\/comments?post=88282"}],"version-history":[{"count":0,"href":"http:\/\/denizcankizil.tr\/de\/wp-json\/wp\/v2\/posts\/88282\/revisions"}],"wp:featuredmedia":[{"embeddable":true,"href":"http:\/\/denizcankizil.tr\/de\/wp-json\/wp\/v2\/media\/88283"}],"wp:attachment":[{"href":"http:\/\/denizcankizil.tr\/de\/wp-json\/wp\/v2\/media?parent=88282"}],"wp:term":[{"taxonomy":"category","embeddable":true,"href":"http:\/\/denizcankizil.tr\/de\/wp-json\/wp\/v2\/categories?post=88282"},{"taxonomy":"post_tag","embeddable":true,"href":"http:\/\/denizcankizil.tr\/de\/wp-json\/wp\/v2\/tags?post=88282"}],"curies":[{"name":"wp","href":"https:\/\/api.w.org\/{rel}","templated":true}]}}