{"id":87733,"date":"2025-05-15T22:42:09","date_gmt":"2025-05-15T19:42:09","guid":{"rendered":"https:\/\/denizcankizil.tr\/uncategorized-tr\/bilecik-pazaryerinde-yangin-dehseti\/"},"modified":"2025-05-15T22:42:09","modified_gmt":"2025-05-15T19:42:09","slug":"bilecik-pazaryerinde-yangin-dehseti","status":"publish","type":"post","link":"http:\/\/denizcankizil.tr\/de\/haberler\/gundem\/bilecik-pazaryerinde-yangin-dehseti\/","title":{"rendered":"Bilecik Pazaryeri&#8217;nde yang\u0131n deh\u015feti"},"content":{"rendered":"<p>Bilecik\u2019in Pazaryeri il\u00e7esine ba\u011fl\u0131 Karak\u00f6y k\u00f6y\u00fcnde \u00e7\u0131kan yang\u0131n, k\u00f6y halk\u0131na korku dolu anlar ya\u015fatt\u0131. \u00dc.A.&#8217;ya ait kerpi\u00e7 ev, hen\u00fcz bilinmeyen bir nedenle \u00e7\u0131kan yang\u0131nda tamamen k\u00fcl oldu.Pazaryeri G\u00fcndem \/ B\u0130LEC\u0130K (\u0130GFA) &#8211; Al\u0131nan bilgilere g\u00f6re, Pazaryeri&#8217;nde \u00f6\u011fle saatlerinde bir anda y\u00fckselen alevler k\u0131sa s\u00fcrede t\u00fcm evi sard\u0131.<br \/>\nKerpi\u00e7 yap\u0131 olmas\u0131 nedeniyle yang\u0131n h\u0131zla b\u00fcy\u00fcrken, k\u00f6yde b\u00fcy\u00fck panik ya\u015fand\u0131. Olay\u0131n hemen ard\u0131ndan \u00e7evredekilerin ihbar\u0131 \u00fczerine Pazaryeri Belediyesi \u0130tfaiye ekipleri h\u0131zla b\u00f6lgeye sevk edildi.<\/p>\n<p>\u0130tfaiye ekipleri, uzun u\u011fra\u015flar sonucu yang\u0131n\u0131 kontrol alt\u0131na almay\u0131 ba\u015far\u0131rken, yang\u0131n\u0131n \u00e7evredeki di\u011fer evlere s\u0131\u00e7ramas\u0131 son anda \u00f6nlendi. B\u00f6lgeye ayr\u0131ca Jandarma ve 112 Acil Servis ekipleri de y\u00f6nlendirildi. Yang\u0131nda can kayb\u0131 ya\u015fanmazken, ev tamamen kullan\u0131lamaz hale geldi.<br \/>\nJandarma olayla ilgili geni\u015f \u00e7apl\u0131 tahkikat ba\u015flatt\u0131.<\/p>\n<p>\u200bBilecik\u2019in Pazaryeri il\u00e7esine ba\u011fl\u0131 Karak\u00f6y k\u00f6y\u00fcnde \u00e7\u0131kan yang\u0131n, k\u00f6y halk\u0131na korku dolu anlar ya\u015fatt\u0131. \u00dc.A.&#8217;ya ait kerpi\u00e7 ev, hen\u00fcz bilinmeyen bir nedenle \u00e7\u0131kan yang\u0131nda tamamen k\u00fcl oldu.Pazaryeri G\u00fcndem \/ B\u0130LEC\u0130K (\u0130GFA) &#8211; Al\u0131nan bilgilere g\u00f6re, Pazaryeri&#8217;nde \u00f6\u011fle saatlerinde bir anda y\u00fckselen alevler k\u0131sa s\u00fcrede t\u00fcm evi sard\u0131.<br \/>\nKerpi\u00e7 yap\u0131 olmas\u0131 nedeniyle yang\u0131n h\u0131zla b\u00fcy\u00fcrken, k\u00f6yde b\u00fcy\u00fck panik ya\u015fand\u0131. Olay\u0131n hemen ard\u0131ndan \u00e7evredekilerin ihbar\u0131 \u00fczerine Pazaryeri Belediyesi \u0130tfaiye ekipleri h\u0131zla b\u00f6lgeye sevk edildi.<\/p>\n<p>\u0130tfaiye ekipleri, uzun u\u011fra\u015flar sonucu yang\u0131n\u0131 kontrol alt\u0131na almay\u0131 ba\u015far\u0131rken, yang\u0131n\u0131n \u00e7evredeki di\u011fer evlere s\u0131\u00e7ramas\u0131 son anda \u00f6nlendi. B\u00f6lgeye ayr\u0131ca Jandarma ve 112 Acil Servis ekipleri de y\u00f6nlendirildi. Yang\u0131nda can kayb\u0131 ya\u015fanmazken, ev tamamen kullan\u0131lamaz hale geldi.<br \/>\nJandarma olayla ilgili geni\u015f \u00e7apl\u0131 tahkikat ba\u015flatt\u0131.\u00a0<\/p>\n<p>\u200bHaberin Al\u0131nt\u0131land\u0131\u011f\u0131 Kaynak: www.iskenderun.org<\/p>","protected":false},"excerpt":{"rendered":"<p>Bilecik\u2019in Pazaryeri il\u00e7esine ba\u011fl\u0131 Karak\u00f6y k\u00f6y\u00fcnde \u00e7\u0131kan yang\u0131n, k\u00f6y halk\u0131na korku dolu anlar ya\u015fatt\u0131. \u00dc.A.&#8217;ya ait kerpi\u00e7 ev, hen\u00fcz bilinmeyen bir nedenle \u00e7\u0131kan yang\u0131nda tamamen k\u00fcl oldu.Pazaryeri G\u00fcndem \/ B\u0130LEC\u0130K (\u0130GFA) &#8211; Al\u0131nan bilgilere g\u00f6re, Pazaryeri&#8217;nde \u00f6\u011fle saatlerinde bir anda y\u00fckselen alevler k\u0131sa s\u00fcrede t\u00fcm evi sard\u0131. Kerpi\u00e7 yap\u0131 olmas\u0131 nedeniyle yang\u0131n h\u0131zla b\u00fcy\u00fcrken, k\u00f6yde b\u00fcy\u00fck panik ya\u015fand\u0131. Olay\u0131n hemen ard\u0131ndan \u00e7evredekilerin ihbar\u0131 \u00fczerine Pazaryeri Belediyesi \u0130tfaiye ekipleri h\u0131zla b\u00f6lgeye sevk edildi. \u0130tfaiye ekipleri, uzun u\u011fra\u015flar sonucu yang\u0131n\u0131 kontrol alt\u0131na almay\u0131 ba\u015far\u0131rken, yang\u0131n\u0131n \u00e7evredeki di\u011fer evlere s\u0131\u00e7ramas\u0131 son anda \u00f6nlendi. B\u00f6lgeye ayr\u0131ca Jandarma ve 112 Acil Servis ekipleri de y\u00f6nlendirildi. Yang\u0131nda can kayb\u0131 ya\u015fanmazken, ev tamamen kullan\u0131lamaz hale geldi. Jandarma olayla ilgili geni\u015f \u00e7apl\u0131 tahkikat ba\u015flatt\u0131. \u200bBilecik\u2019in Pazaryeri il\u00e7esine ba\u011fl\u0131 Karak\u00f6y k\u00f6y\u00fcnde \u00e7\u0131kan yang\u0131n, k\u00f6y halk\u0131na korku dolu anlar ya\u015fatt\u0131. \u00dc.A.&#8217;ya ait kerpi\u00e7 ev, hen\u00fcz bilinmeyen bir nedenle \u00e7\u0131kan yang\u0131nda tamamen k\u00fcl oldu.Pazaryeri G\u00fcndem \/ B\u0130LEC\u0130K (\u0130GFA) &#8211; Al\u0131nan bilgilere g\u00f6re, Pazaryeri&#8217;nde \u00f6\u011fle saatlerinde bir anda y\u00fckselen alevler k\u0131sa s\u00fcrede t\u00fcm evi sard\u0131. Kerpi\u00e7 yap\u0131 olmas\u0131 nedeniyle yang\u0131n h\u0131zla b\u00fcy\u00fcrken, k\u00f6yde b\u00fcy\u00fck panik ya\u015fand\u0131. Olay\u0131n hemen ard\u0131ndan \u00e7evredekilerin ihbar\u0131 \u00fczerine Pazaryeri Belediyesi \u0130tfaiye ekipleri h\u0131zla b\u00f6lgeye sevk edildi. \u0130tfaiye ekipleri, uzun u\u011fra\u015flar sonucu yang\u0131n\u0131 kontrol alt\u0131na almay\u0131 ba\u015far\u0131rken, yang\u0131n\u0131n \u00e7evredeki &hellip;<\/p>","protected":false},"author":1,"featured_media":0,"comment_status":"","ping_status":"open","sticky":false,"template":"","format":"standard","meta":{"_acf_changed":false,"footnotes":""},"categories":[24],"tags":[],"class_list":["post-87733","post","type-post","status-publish","format-standard","has-post-thumbnail","hentry","category-gundem"],"acf":[],"yoast_head":"<!-- This site is optimized with the Yoast SEO Premium plugin v26.6 (Yoast SEO v27.1.1) - https:\/\/yoast.com\/product\/yoast-seo-premium-wordpress\/ -->\n<title>Bilecik Pazaryeri&#039;nde yang\u0131n deh\u015feti - Av. Deniz Can K\u0131z\u0131l<\/title>\n<meta name=\"robots\" content=\"index, follow, max-snippet:-1, max-image-preview:large, max-video-preview:-1\" \/>\n<link rel=\"canonical\" href=\"http:\/\/denizcankizil.tr\/de\/haberler\/gundem\/bilecik-pazaryerinde-yangin-dehseti\/\" \/>\n<meta property=\"og:locale\" content=\"de_DE\" \/>\n<meta property=\"og:type\" content=\"article\" \/>\n<meta property=\"og:title\" content=\"Bilecik Pazaryeri&#039;nde yang\u0131n deh\u015feti\" \/>\n<meta property=\"og:description\" content=\"Bilecik\u2019in Pazaryeri il\u00e7esine ba\u011fl\u0131 Karak\u00f6y k\u00f6y\u00fcnde \u00e7\u0131kan yang\u0131n, k\u00f6y halk\u0131na korku dolu anlar ya\u015fatt\u0131. \u00dc.A.&#8217;ya ait kerpi\u00e7 ev, hen\u00fcz bilinmeyen bir nedenle \u00e7\u0131kan yang\u0131nda tamamen k\u00fcl oldu.Pazaryeri G\u00fcndem \/ B\u0130LEC\u0130K (\u0130GFA) &#8211; Al\u0131nan bilgilere g\u00f6re, Pazaryeri&#8217;nde \u00f6\u011fle saatlerinde bir anda y\u00fckselen alevler k\u0131sa s\u00fcrede t\u00fcm evi sard\u0131. Kerpi\u00e7 yap\u0131 olmas\u0131 nedeniyle yang\u0131n h\u0131zla b\u00fcy\u00fcrken, k\u00f6yde b\u00fcy\u00fck panik ya\u015fand\u0131. Olay\u0131n hemen ard\u0131ndan \u00e7evredekilerin ihbar\u0131 \u00fczerine Pazaryeri Belediyesi \u0130tfaiye ekipleri h\u0131zla b\u00f6lgeye sevk edildi. \u0130tfaiye ekipleri, uzun u\u011fra\u015flar sonucu yang\u0131n\u0131 kontrol alt\u0131na almay\u0131 ba\u015far\u0131rken, yang\u0131n\u0131n \u00e7evredeki di\u011fer evlere s\u0131\u00e7ramas\u0131 son anda \u00f6nlendi. B\u00f6lgeye ayr\u0131ca Jandarma ve 112 Acil Servis ekipleri de y\u00f6nlendirildi. Yang\u0131nda can kayb\u0131 ya\u015fanmazken, ev tamamen kullan\u0131lamaz hale geldi. Jandarma olayla ilgili geni\u015f \u00e7apl\u0131 tahkikat ba\u015flatt\u0131. \u200bBilecik\u2019in Pazaryeri il\u00e7esine ba\u011fl\u0131 Karak\u00f6y k\u00f6y\u00fcnde \u00e7\u0131kan yang\u0131n, k\u00f6y halk\u0131na korku dolu anlar ya\u015fatt\u0131. \u00dc.A.&#8217;ya ait kerpi\u00e7 ev, hen\u00fcz bilinmeyen bir nedenle \u00e7\u0131kan yang\u0131nda tamamen k\u00fcl oldu.Pazaryeri G\u00fcndem \/ B\u0130LEC\u0130K (\u0130GFA) &#8211; Al\u0131nan bilgilere g\u00f6re, Pazaryeri&#8217;nde \u00f6\u011fle saatlerinde bir anda y\u00fckselen alevler k\u0131sa s\u00fcrede t\u00fcm evi sard\u0131. Kerpi\u00e7 yap\u0131 olmas\u0131 nedeniyle yang\u0131n h\u0131zla b\u00fcy\u00fcrken, k\u00f6yde b\u00fcy\u00fck panik ya\u015fand\u0131. Olay\u0131n hemen ard\u0131ndan \u00e7evredekilerin ihbar\u0131 \u00fczerine Pazaryeri Belediyesi \u0130tfaiye ekipleri h\u0131zla b\u00f6lgeye sevk edildi. \u0130tfaiye ekipleri, uzun u\u011fra\u015flar sonucu yang\u0131n\u0131 kontrol alt\u0131na almay\u0131 ba\u015far\u0131rken, yang\u0131n\u0131n \u00e7evredeki &hellip;\" \/>\n<meta property=\"og:url\" content=\"http:\/\/denizcankizil.tr\/de\/haberler\/gundem\/bilecik-pazaryerinde-yangin-dehseti\/\" \/>\n<meta property=\"og:site_name\" content=\"Av. Deniz Can K\u0131z\u0131l\" \/>\n<meta property=\"article:published_time\" content=\"2025-05-15T19:42:09+00:00\" \/>\n<meta name=\"author\" content=\"admin\" \/>\n<meta name=\"twitter:card\" content=\"summary_large_image\" \/>\n<meta name=\"twitter:label1\" content=\"Verfasst von\" \/>\n\t<meta name=\"twitter:data1\" content=\"admin\" \/>\n\t<meta name=\"twitter:label2\" content=\"Gesch\u00e4tzte Lesezeit\" \/>\n\t<meta name=\"twitter:data2\" content=\"2\u00a0Minuten\" \/>\n<script type=\"application\/ld+json\" class=\"yoast-schema-graph\">{\"@context\":\"https:\/\/schema.org\",\"@graph\":[{\"@type\":\"Article\",\"@id\":\"http:\/\/denizcankizil.tr\/de\/haberler\/gundem\/bilecik-pazaryerinde-yangin-dehseti\/#article\",\"isPartOf\":{\"@id\":\"http:\/\/denizcankizil.tr\/de\/haberler\/gundem\/bilecik-pazaryerinde-yangin-dehseti\/\"},\"author\":{\"name\":\"admin\",\"@id\":\"https:\/\/denizcankizil.tr\/de\/#\/schema\/person\/be3c05fe6a12686905512445d8185489\"},\"headline\":\"Bilecik Pazaryeri&#8217;nde yang\u0131n deh\u015feti\",\"datePublished\":\"2025-05-15T19:42:09+00:00\",\"mainEntityOfPage\":{\"@id\":\"http:\/\/denizcankizil.tr\/de\/haberler\/gundem\/bilecik-pazaryerinde-yangin-dehseti\/\"},\"wordCount\":351,\"publisher\":{\"@id\":\"https:\/\/denizcankizil.tr\/de\/#organization\"},\"articleSection\":[\"G\u00fcndem\"],\"inLanguage\":\"de\"},{\"@type\":\"WebPage\",\"@id\":\"http:\/\/denizcankizil.tr\/de\/haberler\/gundem\/bilecik-pazaryerinde-yangin-dehseti\/\",\"url\":\"http:\/\/denizcankizil.tr\/de\/haberler\/gundem\/bilecik-pazaryerinde-yangin-dehseti\/\",\"name\":\"Bilecik Pazaryeri'nde yang\u0131n deh\u015feti - Av. Deniz Can K\u0131z\u0131l\",\"isPartOf\":{\"@id\":\"https:\/\/denizcankizil.tr\/de\/#website\"},\"datePublished\":\"2025-05-15T19:42:09+00:00\",\"breadcrumb\":{\"@id\":\"http:\/\/denizcankizil.tr\/de\/haberler\/gundem\/bilecik-pazaryerinde-yangin-dehseti\/#breadcrumb\"},\"inLanguage\":\"de\",\"potentialAction\":[{\"@type\":\"ReadAction\",\"target\":[\"http:\/\/denizcankizil.tr\/de\/haberler\/gundem\/bilecik-pazaryerinde-yangin-dehseti\/\"]}]},{\"@type\":\"BreadcrumbList\",\"@id\":\"http:\/\/denizcankizil.tr\/de\/haberler\/gundem\/bilecik-pazaryerinde-yangin-dehseti\/#breadcrumb\",\"itemListElement\":[{\"@type\":\"ListItem\",\"position\":1,\"name\":\"Home\",\"item\":\"https:\/\/denizcankizil.tr\/de\/\"},{\"@type\":\"ListItem\",\"position\":2,\"name\":\"Bilecik Pazaryeri&#8217;nde yang\u0131n deh\u015feti\"}]},{\"@type\":\"WebSite\",\"@id\":\"https:\/\/denizcankizil.tr\/de\/#website\",\"url\":\"https:\/\/denizcankizil.tr\/de\/\",\"name\":\"Av. Deniz Can K\u0131z\u0131l\",\"description\":\"Avukat Deniz Can K\u0131z\u0131l Antalya Barosu\",\"publisher\":{\"@id\":\"https:\/\/denizcankizil.tr\/de\/#organization\"},\"potentialAction\":[{\"@type\":\"SearchAction\",\"target\":{\"@type\":\"EntryPoint\",\"urlTemplate\":\"https:\/\/denizcankizil.tr\/de\/?s={search_term_string}\"},\"query-input\":{\"@type\":\"PropertyValueSpecification\",\"valueRequired\":true,\"valueName\":\"search_term_string\"}}],\"inLanguage\":\"de\"},{\"@type\":\"Organization\",\"@id\":\"https:\/\/denizcankizil.tr\/de\/#organization\",\"name\":\"Av. Deniz Can K\u0131z\u0131l\",\"url\":\"https:\/\/denizcankizil.tr\/de\/\",\"logo\":{\"@type\":\"ImageObject\",\"inLanguage\":\"de\",\"@id\":\"https:\/\/denizcankizil.tr\/de\/#\/schema\/logo\/image\/\",\"url\":\"http:\/\/denizcankizil.tr\/wp-content\/uploads\/2024\/10\/siyah-logo-svg.svg\",\"contentUrl\":\"http:\/\/denizcankizil.tr\/wp-content\/uploads\/2024\/10\/siyah-logo-svg.svg\",\"width\":1080,\"height\":1080,\"caption\":\"Av. Deniz Can K\u0131z\u0131l\"},\"image\":{\"@id\":\"https:\/\/denizcankizil.tr\/de\/#\/schema\/logo\/image\/\"}},{\"@type\":\"Person\",\"@id\":\"https:\/\/denizcankizil.tr\/de\/#\/schema\/person\/be3c05fe6a12686905512445d8185489\",\"name\":\"admin\",\"image\":{\"@type\":\"ImageObject\",\"inLanguage\":\"de\",\"@id\":\"https:\/\/denizcankizil.tr\/de\/#\/schema\/person\/image\/\",\"url\":\"https:\/\/secure.gravatar.com\/avatar\/c1fce94c830dc79107e174f890d7210541c4a63e8e5d816341794a2151c9d58c?s=96&d=mm&r=g\",\"contentUrl\":\"https:\/\/secure.gravatar.com\/avatar\/c1fce94c830dc79107e174f890d7210541c4a63e8e5d816341794a2151c9d58c?s=96&d=mm&r=g\",\"caption\":\"admin\"},\"sameAs\":[\"http:\/\/denizcankizil.tr\"],\"url\":\"https:\/\/www.iskenderun.org\/bilecik-pazaryerinde-yangin-dehseti\"}]}<\/script>\n<!-- \/ Yoast SEO Premium plugin. -->","yoast_head_json":{"title":"Bilecik Pazaryeri'nde yang\u0131n deh\u015feti - Av. Deniz Can K\u0131z\u0131l","robots":{"index":"index","follow":"follow","max-snippet":"max-snippet:-1","max-image-preview":"max-image-preview:large","max-video-preview":"max-video-preview:-1"},"canonical":"http:\/\/denizcankizil.tr\/de\/haberler\/gundem\/bilecik-pazaryerinde-yangin-dehseti\/","og_locale":"de_DE","og_type":"article","og_title":"Bilecik Pazaryeri'nde yang\u0131n deh\u015feti","og_description":"Bilecik\u2019in Pazaryeri il\u00e7esine ba\u011fl\u0131 Karak\u00f6y k\u00f6y\u00fcnde \u00e7\u0131kan yang\u0131n, k\u00f6y halk\u0131na korku dolu anlar ya\u015fatt\u0131. \u00dc.A.&#8217;ya ait kerpi\u00e7 ev, hen\u00fcz bilinmeyen bir nedenle \u00e7\u0131kan yang\u0131nda tamamen k\u00fcl oldu.Pazaryeri G\u00fcndem \/ B\u0130LEC\u0130K (\u0130GFA) &#8211; Al\u0131nan bilgilere g\u00f6re, Pazaryeri&#8217;nde \u00f6\u011fle saatlerinde bir anda y\u00fckselen alevler k\u0131sa s\u00fcrede t\u00fcm evi sard\u0131. Kerpi\u00e7 yap\u0131 olmas\u0131 nedeniyle yang\u0131n h\u0131zla b\u00fcy\u00fcrken, k\u00f6yde b\u00fcy\u00fck panik ya\u015fand\u0131. Olay\u0131n hemen ard\u0131ndan \u00e7evredekilerin ihbar\u0131 \u00fczerine Pazaryeri Belediyesi \u0130tfaiye ekipleri h\u0131zla b\u00f6lgeye sevk edildi. \u0130tfaiye ekipleri, uzun u\u011fra\u015flar sonucu yang\u0131n\u0131 kontrol alt\u0131na almay\u0131 ba\u015far\u0131rken, yang\u0131n\u0131n \u00e7evredeki di\u011fer evlere s\u0131\u00e7ramas\u0131 son anda \u00f6nlendi. B\u00f6lgeye ayr\u0131ca Jandarma ve 112 Acil Servis ekipleri de y\u00f6nlendirildi. Yang\u0131nda can kayb\u0131 ya\u015fanmazken, ev tamamen kullan\u0131lamaz hale geldi. Jandarma olayla ilgili geni\u015f \u00e7apl\u0131 tahkikat ba\u015flatt\u0131. \u200bBilecik\u2019in Pazaryeri il\u00e7esine ba\u011fl\u0131 Karak\u00f6y k\u00f6y\u00fcnde \u00e7\u0131kan yang\u0131n, k\u00f6y halk\u0131na korku dolu anlar ya\u015fatt\u0131. \u00dc.A.&#8217;ya ait kerpi\u00e7 ev, hen\u00fcz bilinmeyen bir nedenle \u00e7\u0131kan yang\u0131nda tamamen k\u00fcl oldu.Pazaryeri G\u00fcndem \/ B\u0130LEC\u0130K (\u0130GFA) &#8211; Al\u0131nan bilgilere g\u00f6re, Pazaryeri&#8217;nde \u00f6\u011fle saatlerinde bir anda y\u00fckselen alevler k\u0131sa s\u00fcrede t\u00fcm evi sard\u0131. Kerpi\u00e7 yap\u0131 olmas\u0131 nedeniyle yang\u0131n h\u0131zla b\u00fcy\u00fcrken, k\u00f6yde b\u00fcy\u00fck panik ya\u015fand\u0131. Olay\u0131n hemen ard\u0131ndan \u00e7evredekilerin ihbar\u0131 \u00fczerine Pazaryeri Belediyesi \u0130tfaiye ekipleri h\u0131zla b\u00f6lgeye sevk edildi. \u0130tfaiye ekipleri, uzun u\u011fra\u015flar sonucu yang\u0131n\u0131 kontrol alt\u0131na almay\u0131 ba\u015far\u0131rken, yang\u0131n\u0131n \u00e7evredeki &hellip;","og_url":"http:\/\/denizcankizil.tr\/de\/haberler\/gundem\/bilecik-pazaryerinde-yangin-dehseti\/","og_site_name":"Av. Deniz Can K\u0131z\u0131l","article_published_time":"2025-05-15T19:42:09+00:00","author":"admin","twitter_card":"summary_large_image","twitter_misc":{"Verfasst von":"admin","Gesch\u00e4tzte Lesezeit":"2\u00a0Minuten"},"schema":{"@context":"https:\/\/schema.org","@graph":[{"@type":"Article","@id":"http:\/\/denizcankizil.tr\/de\/haberler\/gundem\/bilecik-pazaryerinde-yangin-dehseti\/#article","isPartOf":{"@id":"http:\/\/denizcankizil.tr\/de\/haberler\/gundem\/bilecik-pazaryerinde-yangin-dehseti\/"},"author":{"name":"admin","@id":"https:\/\/denizcankizil.tr\/de\/#\/schema\/person\/be3c05fe6a12686905512445d8185489"},"headline":"Bilecik Pazaryeri&#8217;nde yang\u0131n deh\u015feti","datePublished":"2025-05-15T19:42:09+00:00","mainEntityOfPage":{"@id":"http:\/\/denizcankizil.tr\/de\/haberler\/gundem\/bilecik-pazaryerinde-yangin-dehseti\/"},"wordCount":351,"publisher":{"@id":"https:\/\/denizcankizil.tr\/de\/#organization"},"articleSection":["G\u00fcndem"],"inLanguage":"de"},{"@type":"WebPage","@id":"http:\/\/denizcankizil.tr\/de\/haberler\/gundem\/bilecik-pazaryerinde-yangin-dehseti\/","url":"http:\/\/denizcankizil.tr\/de\/haberler\/gundem\/bilecik-pazaryerinde-yangin-dehseti\/","name":"Bilecik Pazaryeri'nde yang\u0131n deh\u015feti - Av. Deniz Can K\u0131z\u0131l","isPartOf":{"@id":"https:\/\/denizcankizil.tr\/de\/#website"},"datePublished":"2025-05-15T19:42:09+00:00","breadcrumb":{"@id":"http:\/\/denizcankizil.tr\/de\/haberler\/gundem\/bilecik-pazaryerinde-yangin-dehseti\/#breadcrumb"},"inLanguage":"de","potentialAction":[{"@type":"ReadAction","target":["http:\/\/denizcankizil.tr\/de\/haberler\/gundem\/bilecik-pazaryerinde-yangin-dehseti\/"]}]},{"@type":"BreadcrumbList","@id":"http:\/\/denizcankizil.tr\/de\/haberler\/gundem\/bilecik-pazaryerinde-yangin-dehseti\/#breadcrumb","itemListElement":[{"@type":"ListItem","position":1,"name":"Home","item":"https:\/\/denizcankizil.tr\/de\/"},{"@type":"ListItem","position":2,"name":"Bilecik Pazaryeri&#8217;nde yang\u0131n deh\u015feti"}]},{"@type":"WebSite","@id":"https:\/\/denizcankizil.tr\/de\/#website","url":"https:\/\/denizcankizil.tr\/de\/","name":"Av. Deniz Can K\u0131z\u0131l","description":"Avukat Deniz Can K\u0131z\u0131l Antalya Barosu","publisher":{"@id":"https:\/\/denizcankizil.tr\/de\/#organization"},"potentialAction":[{"@type":"SearchAction","target":{"@type":"EntryPoint","urlTemplate":"https:\/\/denizcankizil.tr\/de\/?s={search_term_string}"},"query-input":{"@type":"PropertyValueSpecification","valueRequired":true,"valueName":"search_term_string"}}],"inLanguage":"de"},{"@type":"Organization","@id":"https:\/\/denizcankizil.tr\/de\/#organization","name":"Av. Deniz Can K\u0131z\u0131l","url":"https:\/\/denizcankizil.tr\/de\/","logo":{"@type":"ImageObject","inLanguage":"de","@id":"https:\/\/denizcankizil.tr\/de\/#\/schema\/logo\/image\/","url":"http:\/\/denizcankizil.tr\/wp-content\/uploads\/2024\/10\/siyah-logo-svg.svg","contentUrl":"http:\/\/denizcankizil.tr\/wp-content\/uploads\/2024\/10\/siyah-logo-svg.svg","width":1080,"height":1080,"caption":"Av. Deniz Can K\u0131z\u0131l"},"image":{"@id":"https:\/\/denizcankizil.tr\/de\/#\/schema\/logo\/image\/"}},{"@type":"Person","@id":"https:\/\/denizcankizil.tr\/de\/#\/schema\/person\/be3c05fe6a12686905512445d8185489","name":"Administrator","image":{"@type":"ImageObject","inLanguage":"de","@id":"https:\/\/denizcankizil.tr\/de\/#\/schema\/person\/image\/","url":"https:\/\/secure.gravatar.com\/avatar\/c1fce94c830dc79107e174f890d7210541c4a63e8e5d816341794a2151c9d58c?s=96&d=mm&r=g","contentUrl":"https:\/\/secure.gravatar.com\/avatar\/c1fce94c830dc79107e174f890d7210541c4a63e8e5d816341794a2151c9d58c?s=96&d=mm&r=g","caption":"admin"},"sameAs":["http:\/\/denizcankizil.tr"],"url":"https:\/\/www.iskenderun.org\/bilecik-pazaryerinde-yangin-dehseti"}]}},"_links":{"self":[{"href":"http:\/\/denizcankizil.tr\/de\/wp-json\/wp\/v2\/posts\/87733","targetHints":{"allow":["GET"]}}],"collection":[{"href":"http:\/\/denizcankizil.tr\/de\/wp-json\/wp\/v2\/posts"}],"about":[{"href":"http:\/\/denizcankizil.tr\/de\/wp-json\/wp\/v2\/types\/post"}],"author":[{"embeddable":true,"href":"http:\/\/denizcankizil.tr\/de\/wp-json\/wp\/v2\/users\/1"}],"replies":[{"embeddable":true,"href":"http:\/\/denizcankizil.tr\/de\/wp-json\/wp\/v2\/comments?post=87733"}],"version-history":[{"count":0,"href":"http:\/\/denizcankizil.tr\/de\/wp-json\/wp\/v2\/posts\/87733\/revisions"}],"wp:attachment":[{"href":"http:\/\/denizcankizil.tr\/de\/wp-json\/wp\/v2\/media?parent=87733"}],"wp:term":[{"taxonomy":"category","embeddable":true,"href":"http:\/\/denizcankizil.tr\/de\/wp-json\/wp\/v2\/categories?post=87733"},{"taxonomy":"post_tag","embeddable":true,"href":"http:\/\/denizcankizil.tr\/de\/wp-json\/wp\/v2\/tags?post=87733"}],"curies":[{"name":"wp","href":"https:\/\/api.w.org\/{rel}","templated":true}]}}