{"id":86445,"date":"2025-05-14T17:41:28","date_gmt":"2025-05-14T14:41:28","guid":{"rendered":"https:\/\/denizcankizil.tr\/uncategorized-tr\/alanya-il-olacak-mi-erdogandan-aciklama-geldi\/"},"modified":"2025-05-14T17:41:28","modified_gmt":"2025-05-14T14:41:28","slug":"alanya-il-olacak-mi-erdogandan-aciklama-geldi","status":"publish","type":"post","link":"http:\/\/denizcankizil.tr\/de\/haberler\/gundem\/alanya-il-olacak-mi-erdogandan-aciklama-geldi\/","title":{"rendered":"Alanya il olacak m\u0131? Erdo\u011fan&#8217;dan a\u00e7\u0131klama geldi!"},"content":{"rendered":"<p>Cumhurba\u015fkan\u0131 ve AK Parti Genel Ba\u015fkan\u0131 Recep Tayyip Erdo\u011fan, TBMM&#8217;deki grup toplant\u0131s\u0131nda yerel y\u00f6netimlerde ya\u015fanan sorunlara dikkat \u00e7ekti. \u00d6zellikle b\u00fcy\u00fck\u015fehir belediyelerinde merkeze uzak il\u00e7elerin kar\u015f\u0131la\u015ft\u0131\u011f\u0131 zorluklara de\u011finen Erdo\u011fan, bu durumun yeni bir d\u00fczenlemeyi zorunlu k\u0131ld\u0131\u011f\u0131n\u0131 ifade etti.<\/p>\n<p>&#8220;YETK\u0130 PAYLA\u015eIMI G\u00d6ZDEN GE\u00c7\u0130R\u0130LMEL\u0130&#8221;<\/p>\n<p>Erdo\u011fan, b\u00fcy\u00fck\u015fehir belediyelerinde, \u00f6zellikle Ankara, \u0130stanbul ve Kocaeli d\u0131\u015f\u0131ndaki \u015fehirlerde, merkeze uzak il\u00e7elerin hizmet koordinasyonunda ya\u015fanan s\u0131k\u0131nt\u0131lar\u0131 dile getirdi. &#8220;Merkeze y\u00fczlerce kilometre uzaktaki bir il\u00e7enin mezarl\u0131\u011f\u0131ndan park\u0131na, suyundan temizli\u011fine kadar mahallinden y\u00fcr\u00fct\u00fclmesi gereken hizmetlerini koordine etmek elbette kolay de\u011fildir&#8221; diyen Erdo\u011fan, b\u00fcy\u00fck\u015fehir ve il\u00e7e belediyeleri aras\u0131ndaki yetki payla\u015f\u0131m\u0131n\u0131n g\u00f6zden ge\u00e7irilmesi gerekti\u011fini vurgulad\u0131.<\/p>\n<p>G\u00d6STERGELER ALANYA&#8217;YA MI \u0130\u015eARET ED\u0130YOR?<\/p>\n<p>Bu ba\u011flamda, Antalya&#8217;n\u0131n merkeze uzak ve il olma potansiyeli ta\u015f\u0131yan il\u00e7elerinden biri olan Alanya&#8217;n\u0131n durumu da g\u00fcndeme geldi. Erdo\u011fan&#8217;\u0131n a\u00e7\u0131klamalar\u0131, 359 bin 891 n\u00fcfusu bulunan Alanya&#8217;n\u0131n il olma ihtimalini g\u00fc\u00e7lendirdi. \u00d6zellikle b\u00fcy\u00fck\u015fehir ve il\u00e7e belediyeleri aras\u0131ndaki yetki karma\u015fas\u0131n\u0131n, bazen \u00e7at\u0131\u015fma noktas\u0131na kadar varabildi\u011fine dikkat \u00e7eken Erdo\u011fan, bu t\u00fcr rahats\u0131z edici g\u00f6r\u00fcnt\u00fclerin \u00f6n\u00fcne ge\u00e7mek i\u00e7in yetkilerin daha kesin bir \u015fekilde tan\u0131mlanmas\u0131n\u0131n \u00f6nemine i\u015faret etti.<\/p>\n<p>B\u00dcY\u00dcK\u015eEH\u0130R OLMAYAN \u015eEH\u0130RLER <\/p>\n<p>Kentsel d\u00f6n\u00fc\u015f\u00fcm \u00e7al\u0131\u015fmalar\u0131, mahalle stat\u00fcs\u00fcne d\u00f6n\u00fc\u015fen k\u00f6ylerdeki tar\u0131m ve hayvanc\u0131l\u0131k faaliyetleri gibi konularda da yetki karma\u015fas\u0131n\u0131n ya\u015fand\u0131\u011f\u0131n\u0131 belirten Erdo\u011fan, bu alanlarda da d\u00fczenlemelere gidilece\u011fini s\u00f6yledi. B\u00fcy\u00fck\u015fehir olmayan \u015fehirlerin mevcut y\u00f6netim yap\u0131lar\u0131n\u0131n da sorunlar\u0131n \u00e7\u00f6z\u00fcm\u00fcn\u00fc zorla\u015ft\u0131rd\u0131\u011f\u0131n\u0131 ifade eden Erdo\u011fan, bu \u015fehirler i\u00e7in yeni bir belediye y\u00f6netimi stat\u00fcs\u00fcne ihtiya\u00e7 oldu\u011funu belirtti.<\/p>\n<p>&#8220;YETK\u0130S\u0130 VAR SORUMLULU\u011eU YOK&#8221;<\/p>\n<p>Erdo\u011fan, ayr\u0131ca il \u00f6zel idaresi yap\u0131lanmas\u0131n\u0131n g\u00f6zden ge\u00e7irilmesi gerekti\u011fini ve vali ve kaymakamlar\u0131n koordinasyon g\u00f6revlerinin daha aktif hale getirilmesi gerekti\u011fini kaydetti. &#8220;Yetki sahibi ama \u015fehrine kar\u015f\u0131 sorumlulu\u011fu olmayan b\u00fcrokrat anlay\u0131\u015f\u0131na kar\u015f\u0131y\u0131z&#8221; diyen Erdo\u011fan, yerel y\u00f6netimlerde daha etkin ve verimli bir yap\u0131 olu\u015fturulmas\u0131 i\u00e7in \u00e7al\u0131\u015fmalar\u0131n devam edece\u011fini s\u00f6zlerine ekledi.<\/p>\n<p>\u0130L OLMA KR\u0130TERLER\u0130 NELERD\u0130R? <\/p>\n<p>T\u00fcrkiye \u0130statistik Kurumu (T\u00dc\u0130K) taraf\u0131ndan belirlenen il olma kriterleri aras\u0131nda, en az 100 bin n\u00fcfusa sahip olmak ve il merkezine en az 30 kilometre uzakl\u0131kta bulunmak ilk s\u0131rada yer al\u0131yor. Ancak sadece bu iki ko\u015ful yeterli de\u011fil.<\/p>\n<p>\u0130l\u00e7e adaylar\u0131n\u0131n ayr\u0131ca \u015fu ba\u015fl\u0131klarda da belirli standartlar\u0131 kar\u015f\u0131lamas\u0131 gerekiyor:<\/p>\n<p> Ekonomik faaliyet ve canl\u0131l\u0131k d\u00fczeyi<\/p>\n<p> Altyap\u0131 olanaklar\u0131 ve ula\u015f\u0131m a\u011flar\u0131na eri\u015fim<\/p>\n<p> Stratejik konum ve b\u00f6lgesel kalk\u0131nma potansiyeli<\/p>\n<p> Sosyal ve k\u00fclt\u00fcrel geli\u015fmi\u015flik g\u00f6stergeleri<\/p>\n<p>\u200bCumhurba\u015fkan\u0131 Erdo\u011fan\u2019dan uzun zamand\u0131r il olmay\u0131 bekleyen Antalya\u2019n\u0131n Alanya il\u00e7esini ilgilendiren a\u00e7\u0131klama geldi. Erdo\u011fan, b\u00fcy\u00fck\u015fehirlerde \u015fehir merkezine uzak il\u00e7elere y\u00f6nelik \u00e7al\u0131\u015fma yap\u0131lmas\u0131n\u0131n \u015fart oldu\u011funu s\u00f6yledi. \u0130\u015fte ayr\u0131nt\u0131lar&#8230;\u00a0<\/p>\n<p>\u200bHaberin Al\u0131nt\u0131land\u0131\u011f\u0131 Kaynak: www.antalyakorfez.com<\/p>","protected":false},"excerpt":{"rendered":"<p>Cumhurba\u015fkan\u0131 ve AK Parti Genel Ba\u015fkan\u0131 Recep Tayyip Erdo\u011fan, TBMM&#8217;deki grup toplant\u0131s\u0131nda yerel y\u00f6netimlerde ya\u015fanan sorunlara dikkat \u00e7ekti. \u00d6zellikle b\u00fcy\u00fck\u015fehir belediyelerinde merkeze uzak il\u00e7elerin kar\u015f\u0131la\u015ft\u0131\u011f\u0131 zorluklara de\u011finen Erdo\u011fan, bu durumun yeni bir d\u00fczenlemeyi zorunlu k\u0131ld\u0131\u011f\u0131n\u0131 ifade etti. &#8220;YETK\u0130 PAYLA\u015eIMI G\u00d6ZDEN GE\u00c7\u0130R\u0130LMEL\u0130&#8221; Erdo\u011fan, b\u00fcy\u00fck\u015fehir belediyelerinde, \u00f6zellikle Ankara, \u0130stanbul ve Kocaeli d\u0131\u015f\u0131ndaki \u015fehirlerde, merkeze uzak il\u00e7elerin hizmet koordinasyonunda ya\u015fanan s\u0131k\u0131nt\u0131lar\u0131 dile getirdi. &#8220;Merkeze y\u00fczlerce kilometre uzaktaki bir il\u00e7enin mezarl\u0131\u011f\u0131ndan park\u0131na, suyundan temizli\u011fine kadar mahallinden y\u00fcr\u00fct\u00fclmesi gereken hizmetlerini koordine etmek elbette kolay de\u011fildir&#8221; diyen Erdo\u011fan, b\u00fcy\u00fck\u015fehir ve il\u00e7e belediyeleri aras\u0131ndaki yetki payla\u015f\u0131m\u0131n\u0131n g\u00f6zden ge\u00e7irilmesi gerekti\u011fini vurgulad\u0131. G\u00d6STERGELER ALANYA&#8217;YA MI \u0130\u015eARET ED\u0130YOR? Bu ba\u011flamda, Antalya&#8217;n\u0131n merkeze uzak ve il olma potansiyeli ta\u015f\u0131yan il\u00e7elerinden biri olan Alanya&#8217;n\u0131n durumu da g\u00fcndeme geldi. Erdo\u011fan&#8217;\u0131n a\u00e7\u0131klamalar\u0131, 359 bin 891 n\u00fcfusu bulunan Alanya&#8217;n\u0131n il olma ihtimalini g\u00fc\u00e7lendirdi. \u00d6zellikle b\u00fcy\u00fck\u015fehir ve il\u00e7e belediyeleri aras\u0131ndaki yetki karma\u015fas\u0131n\u0131n, bazen \u00e7at\u0131\u015fma noktas\u0131na kadar varabildi\u011fine dikkat \u00e7eken Erdo\u011fan, bu t\u00fcr rahats\u0131z edici g\u00f6r\u00fcnt\u00fclerin \u00f6n\u00fcne ge\u00e7mek i\u00e7in yetkilerin daha kesin bir \u015fekilde tan\u0131mlanmas\u0131n\u0131n \u00f6nemine i\u015faret etti. B\u00dcY\u00dcK\u015eEH\u0130R OLMAYAN \u015eEH\u0130RLER Kentsel d\u00f6n\u00fc\u015f\u00fcm \u00e7al\u0131\u015fmalar\u0131, mahalle stat\u00fcs\u00fcne d\u00f6n\u00fc\u015fen k\u00f6ylerdeki tar\u0131m ve hayvanc\u0131l\u0131k faaliyetleri gibi konularda da yetki karma\u015fas\u0131n\u0131n ya\u015fand\u0131\u011f\u0131n\u0131 belirten Erdo\u011fan, bu alanlarda da d\u00fczenlemelere gidilece\u011fini s\u00f6yledi. B\u00fcy\u00fck\u015fehir olmayan \u015fehirlerin mevcut y\u00f6netim yap\u0131lar\u0131n\u0131n da sorunlar\u0131n \u00e7\u00f6z\u00fcm\u00fcn\u00fc zorla\u015ft\u0131rd\u0131\u011f\u0131n\u0131 ifade &hellip;<\/p>","protected":false},"author":5,"featured_media":0,"comment_status":"","ping_status":"open","sticky":false,"template":"","format":"standard","meta":{"_acf_changed":false,"footnotes":""},"categories":[24],"tags":[],"class_list":["post-86445","post","type-post","status-publish","format-standard","has-post-thumbnail","hentry","category-gundem"],"acf":[],"yoast_head":"<!-- This site is optimized with the Yoast SEO Premium plugin v26.6 (Yoast SEO v27.1.1) - https:\/\/yoast.com\/product\/yoast-seo-premium-wordpress\/ -->\n<title>Alanya il olacak m\u0131? Erdo\u011fan&#039;dan a\u00e7\u0131klama geldi! - Av. Deniz Can K\u0131z\u0131l<\/title>\n<meta name=\"robots\" content=\"index, follow, max-snippet:-1, max-image-preview:large, max-video-preview:-1\" \/>\n<link rel=\"canonical\" href=\"http:\/\/denizcankizil.tr\/de\/haberler\/gundem\/alanya-il-olacak-mi-erdogandan-aciklama-geldi\/\" \/>\n<meta property=\"og:locale\" content=\"de_DE\" \/>\n<meta property=\"og:type\" content=\"article\" \/>\n<meta property=\"og:title\" content=\"Alanya il olacak m\u0131? Erdo\u011fan&#039;dan a\u00e7\u0131klama geldi!\" \/>\n<meta property=\"og:description\" content=\"Cumhurba\u015fkan\u0131 ve AK Parti Genel Ba\u015fkan\u0131 Recep Tayyip Erdo\u011fan, TBMM&#8217;deki grup toplant\u0131s\u0131nda yerel y\u00f6netimlerde ya\u015fanan sorunlara dikkat \u00e7ekti. \u00d6zellikle b\u00fcy\u00fck\u015fehir belediyelerinde merkeze uzak il\u00e7elerin kar\u015f\u0131la\u015ft\u0131\u011f\u0131 zorluklara de\u011finen Erdo\u011fan, bu durumun yeni bir d\u00fczenlemeyi zorunlu k\u0131ld\u0131\u011f\u0131n\u0131 ifade etti. &#8220;YETK\u0130 PAYLA\u015eIMI G\u00d6ZDEN GE\u00c7\u0130R\u0130LMEL\u0130&#8221; Erdo\u011fan, b\u00fcy\u00fck\u015fehir belediyelerinde, \u00f6zellikle Ankara, \u0130stanbul ve Kocaeli d\u0131\u015f\u0131ndaki \u015fehirlerde, merkeze uzak il\u00e7elerin hizmet koordinasyonunda ya\u015fanan s\u0131k\u0131nt\u0131lar\u0131 dile getirdi. &#8220;Merkeze y\u00fczlerce kilometre uzaktaki bir il\u00e7enin mezarl\u0131\u011f\u0131ndan park\u0131na, suyundan temizli\u011fine kadar mahallinden y\u00fcr\u00fct\u00fclmesi gereken hizmetlerini koordine etmek elbette kolay de\u011fildir&#8221; diyen Erdo\u011fan, b\u00fcy\u00fck\u015fehir ve il\u00e7e belediyeleri aras\u0131ndaki yetki payla\u015f\u0131m\u0131n\u0131n g\u00f6zden ge\u00e7irilmesi gerekti\u011fini vurgulad\u0131. G\u00d6STERGELER ALANYA&#8217;YA MI \u0130\u015eARET ED\u0130YOR? Bu ba\u011flamda, Antalya&#8217;n\u0131n merkeze uzak ve il olma potansiyeli ta\u015f\u0131yan il\u00e7elerinden biri olan Alanya&#8217;n\u0131n durumu da g\u00fcndeme geldi. Erdo\u011fan&#8217;\u0131n a\u00e7\u0131klamalar\u0131, 359 bin 891 n\u00fcfusu bulunan Alanya&#8217;n\u0131n il olma ihtimalini g\u00fc\u00e7lendirdi. \u00d6zellikle b\u00fcy\u00fck\u015fehir ve il\u00e7e belediyeleri aras\u0131ndaki yetki karma\u015fas\u0131n\u0131n, bazen \u00e7at\u0131\u015fma noktas\u0131na kadar varabildi\u011fine dikkat \u00e7eken Erdo\u011fan, bu t\u00fcr rahats\u0131z edici g\u00f6r\u00fcnt\u00fclerin \u00f6n\u00fcne ge\u00e7mek i\u00e7in yetkilerin daha kesin bir \u015fekilde tan\u0131mlanmas\u0131n\u0131n \u00f6nemine i\u015faret etti. B\u00dcY\u00dcK\u015eEH\u0130R OLMAYAN \u015eEH\u0130RLER Kentsel d\u00f6n\u00fc\u015f\u00fcm \u00e7al\u0131\u015fmalar\u0131, mahalle stat\u00fcs\u00fcne d\u00f6n\u00fc\u015fen k\u00f6ylerdeki tar\u0131m ve hayvanc\u0131l\u0131k faaliyetleri gibi konularda da yetki karma\u015fas\u0131n\u0131n ya\u015fand\u0131\u011f\u0131n\u0131 belirten Erdo\u011fan, bu alanlarda da d\u00fczenlemelere gidilece\u011fini s\u00f6yledi. B\u00fcy\u00fck\u015fehir olmayan \u015fehirlerin mevcut y\u00f6netim yap\u0131lar\u0131n\u0131n da sorunlar\u0131n \u00e7\u00f6z\u00fcm\u00fcn\u00fc zorla\u015ft\u0131rd\u0131\u011f\u0131n\u0131 ifade &hellip;\" \/>\n<meta property=\"og:url\" content=\"http:\/\/denizcankizil.tr\/de\/haberler\/gundem\/alanya-il-olacak-mi-erdogandan-aciklama-geldi\/\" \/>\n<meta property=\"og:site_name\" content=\"Av. Deniz Can K\u0131z\u0131l\" \/>\n<meta property=\"article:published_time\" content=\"2025-05-14T14:41:28+00:00\" \/>\n<meta name=\"author\" content=\"Antalya K\u00f6rfez\" \/>\n<meta name=\"twitter:card\" content=\"summary_large_image\" \/>\n<meta name=\"twitter:label1\" content=\"Verfasst von\" \/>\n\t<meta name=\"twitter:data1\" content=\"Antalya K\u00f6rfez\" \/>\n\t<meta name=\"twitter:label2\" content=\"Gesch\u00e4tzte Lesezeit\" \/>\n\t<meta name=\"twitter:data2\" content=\"3\u00a0Minuten\" \/>\n<script type=\"application\/ld+json\" class=\"yoast-schema-graph\">{\"@context\":\"https:\/\/schema.org\",\"@graph\":[{\"@type\":\"Article\",\"@id\":\"http:\/\/denizcankizil.tr\/de\/haberler\/gundem\/alanya-il-olacak-mi-erdogandan-aciklama-geldi\/#article\",\"isPartOf\":{\"@id\":\"http:\/\/denizcankizil.tr\/de\/haberler\/gundem\/alanya-il-olacak-mi-erdogandan-aciklama-geldi\/\"},\"author\":{\"name\":\"Antalya K\u00f6rfez\",\"@id\":\"https:\/\/denizcankizil.tr\/#\/schema\/person\/e1eb71bb4dd684d46563f0af307e1234\"},\"headline\":\"Alanya il olacak m\u0131? Erdo\u011fan&#8217;dan a\u00e7\u0131klama geldi!\",\"datePublished\":\"2025-05-14T14:41:28+00:00\",\"mainEntityOfPage\":{\"@id\":\"http:\/\/denizcankizil.tr\/de\/haberler\/gundem\/alanya-il-olacak-mi-erdogandan-aciklama-geldi\/\"},\"wordCount\":600,\"publisher\":{\"@id\":\"https:\/\/denizcankizil.tr\/#organization\"},\"articleSection\":[\"G\u00fcndem\"],\"inLanguage\":\"de\"},{\"@type\":\"WebPage\",\"@id\":\"http:\/\/denizcankizil.tr\/de\/haberler\/gundem\/alanya-il-olacak-mi-erdogandan-aciklama-geldi\/\",\"url\":\"http:\/\/denizcankizil.tr\/de\/haberler\/gundem\/alanya-il-olacak-mi-erdogandan-aciklama-geldi\/\",\"name\":\"Alanya il olacak m\u0131? Erdo\u011fan'dan a\u00e7\u0131klama geldi! - Av. Deniz Can K\u0131z\u0131l\",\"isPartOf\":{\"@id\":\"https:\/\/denizcankizil.tr\/#website\"},\"datePublished\":\"2025-05-14T14:41:28+00:00\",\"breadcrumb\":{\"@id\":\"http:\/\/denizcankizil.tr\/de\/haberler\/gundem\/alanya-il-olacak-mi-erdogandan-aciklama-geldi\/#breadcrumb\"},\"inLanguage\":\"de\",\"potentialAction\":[{\"@type\":\"ReadAction\",\"target\":[\"http:\/\/denizcankizil.tr\/de\/haberler\/gundem\/alanya-il-olacak-mi-erdogandan-aciklama-geldi\/\"]}]},{\"@type\":\"BreadcrumbList\",\"@id\":\"http:\/\/denizcankizil.tr\/de\/haberler\/gundem\/alanya-il-olacak-mi-erdogandan-aciklama-geldi\/#breadcrumb\",\"itemListElement\":[{\"@type\":\"ListItem\",\"position\":1,\"name\":\"Home\",\"item\":\"https:\/\/denizcankizil.tr\/de\/\"},{\"@type\":\"ListItem\",\"position\":2,\"name\":\"Alanya il olacak m\u0131? Erdo\u011fan&#8217;dan a\u00e7\u0131klama geldi!\"}]},{\"@type\":\"WebSite\",\"@id\":\"https:\/\/denizcankizil.tr\/#website\",\"url\":\"https:\/\/denizcankizil.tr\/\",\"name\":\"Av. Deniz Can K\u0131z\u0131l\",\"description\":\"Avukat Deniz Can K\u0131z\u0131l Antalya Barosu\",\"publisher\":{\"@id\":\"https:\/\/denizcankizil.tr\/#organization\"},\"potentialAction\":[{\"@type\":\"SearchAction\",\"target\":{\"@type\":\"EntryPoint\",\"urlTemplate\":\"https:\/\/denizcankizil.tr\/?s={search_term_string}\"},\"query-input\":{\"@type\":\"PropertyValueSpecification\",\"valueRequired\":true,\"valueName\":\"search_term_string\"}}],\"inLanguage\":\"de\"},{\"@type\":\"Organization\",\"@id\":\"https:\/\/denizcankizil.tr\/#organization\",\"name\":\"Av. Deniz Can K\u0131z\u0131l\",\"url\":\"https:\/\/denizcankizil.tr\/\",\"logo\":{\"@type\":\"ImageObject\",\"inLanguage\":\"de\",\"@id\":\"https:\/\/denizcankizil.tr\/#\/schema\/logo\/image\/\",\"url\":\"http:\/\/denizcankizil.tr\/wp-content\/uploads\/2024\/10\/siyah-logo-svg.svg\",\"contentUrl\":\"http:\/\/denizcankizil.tr\/wp-content\/uploads\/2024\/10\/siyah-logo-svg.svg\",\"width\":1080,\"height\":1080,\"caption\":\"Av. Deniz Can K\u0131z\u0131l\"},\"image\":{\"@id\":\"https:\/\/denizcankizil.tr\/#\/schema\/logo\/image\/\"}},{\"@type\":\"Person\",\"@id\":\"https:\/\/denizcankizil.tr\/#\/schema\/person\/e1eb71bb4dd684d46563f0af307e1234\",\"name\":\"Antalya K\u00f6rfez\",\"image\":{\"@type\":\"ImageObject\",\"inLanguage\":\"de\",\"@id\":\"https:\/\/denizcankizil.tr\/#\/schema\/person\/image\/\",\"url\":\"https:\/\/secure.gravatar.com\/avatar\/42b01982558a48a0b501fdcab6a408d3717ea5919095ee2e67b0e521799c5905?s=96&d=mm&r=g\",\"contentUrl\":\"https:\/\/secure.gravatar.com\/avatar\/42b01982558a48a0b501fdcab6a408d3717ea5919095ee2e67b0e521799c5905?s=96&d=mm&r=g\",\"caption\":\"Antalya K\u00f6rfez\"},\"sameAs\":[\"http:\/\/www.antalyakorfez.com\"],\"url\":\"https:\/\/www.antalyakorfez.com\/alanya-il-olacak-mi-erdogandan-aciklama-geldi\"}]}<\/script>\n<!-- \/ Yoast SEO Premium plugin. -->","yoast_head_json":{"title":"Alanya il olacak m\u0131? Erdo\u011fan'dan a\u00e7\u0131klama geldi! - Av. Deniz Can K\u0131z\u0131l","robots":{"index":"index","follow":"follow","max-snippet":"max-snippet:-1","max-image-preview":"max-image-preview:large","max-video-preview":"max-video-preview:-1"},"canonical":"http:\/\/denizcankizil.tr\/de\/haberler\/gundem\/alanya-il-olacak-mi-erdogandan-aciklama-geldi\/","og_locale":"de_DE","og_type":"article","og_title":"Alanya il olacak m\u0131? Erdo\u011fan'dan a\u00e7\u0131klama geldi!","og_description":"Cumhurba\u015fkan\u0131 ve AK Parti Genel Ba\u015fkan\u0131 Recep Tayyip Erdo\u011fan, TBMM&#8217;deki grup toplant\u0131s\u0131nda yerel y\u00f6netimlerde ya\u015fanan sorunlara dikkat \u00e7ekti. \u00d6zellikle b\u00fcy\u00fck\u015fehir belediyelerinde merkeze uzak il\u00e7elerin kar\u015f\u0131la\u015ft\u0131\u011f\u0131 zorluklara de\u011finen Erdo\u011fan, bu durumun yeni bir d\u00fczenlemeyi zorunlu k\u0131ld\u0131\u011f\u0131n\u0131 ifade etti. &#8220;YETK\u0130 PAYLA\u015eIMI G\u00d6ZDEN GE\u00c7\u0130R\u0130LMEL\u0130&#8221; Erdo\u011fan, b\u00fcy\u00fck\u015fehir belediyelerinde, \u00f6zellikle Ankara, \u0130stanbul ve Kocaeli d\u0131\u015f\u0131ndaki \u015fehirlerde, merkeze uzak il\u00e7elerin hizmet koordinasyonunda ya\u015fanan s\u0131k\u0131nt\u0131lar\u0131 dile getirdi. &#8220;Merkeze y\u00fczlerce kilometre uzaktaki bir il\u00e7enin mezarl\u0131\u011f\u0131ndan park\u0131na, suyundan temizli\u011fine kadar mahallinden y\u00fcr\u00fct\u00fclmesi gereken hizmetlerini koordine etmek elbette kolay de\u011fildir&#8221; diyen Erdo\u011fan, b\u00fcy\u00fck\u015fehir ve il\u00e7e belediyeleri aras\u0131ndaki yetki payla\u015f\u0131m\u0131n\u0131n g\u00f6zden ge\u00e7irilmesi gerekti\u011fini vurgulad\u0131. G\u00d6STERGELER ALANYA&#8217;YA MI \u0130\u015eARET ED\u0130YOR? Bu ba\u011flamda, Antalya&#8217;n\u0131n merkeze uzak ve il olma potansiyeli ta\u015f\u0131yan il\u00e7elerinden biri olan Alanya&#8217;n\u0131n durumu da g\u00fcndeme geldi. Erdo\u011fan&#8217;\u0131n a\u00e7\u0131klamalar\u0131, 359 bin 891 n\u00fcfusu bulunan Alanya&#8217;n\u0131n il olma ihtimalini g\u00fc\u00e7lendirdi. \u00d6zellikle b\u00fcy\u00fck\u015fehir ve il\u00e7e belediyeleri aras\u0131ndaki yetki karma\u015fas\u0131n\u0131n, bazen \u00e7at\u0131\u015fma noktas\u0131na kadar varabildi\u011fine dikkat \u00e7eken Erdo\u011fan, bu t\u00fcr rahats\u0131z edici g\u00f6r\u00fcnt\u00fclerin \u00f6n\u00fcne ge\u00e7mek i\u00e7in yetkilerin daha kesin bir \u015fekilde tan\u0131mlanmas\u0131n\u0131n \u00f6nemine i\u015faret etti. B\u00dcY\u00dcK\u015eEH\u0130R OLMAYAN \u015eEH\u0130RLER Kentsel d\u00f6n\u00fc\u015f\u00fcm \u00e7al\u0131\u015fmalar\u0131, mahalle stat\u00fcs\u00fcne d\u00f6n\u00fc\u015fen k\u00f6ylerdeki tar\u0131m ve hayvanc\u0131l\u0131k faaliyetleri gibi konularda da yetki karma\u015fas\u0131n\u0131n ya\u015fand\u0131\u011f\u0131n\u0131 belirten Erdo\u011fan, bu alanlarda da d\u00fczenlemelere gidilece\u011fini s\u00f6yledi. B\u00fcy\u00fck\u015fehir olmayan \u015fehirlerin mevcut y\u00f6netim yap\u0131lar\u0131n\u0131n da sorunlar\u0131n \u00e7\u00f6z\u00fcm\u00fcn\u00fc zorla\u015ft\u0131rd\u0131\u011f\u0131n\u0131 ifade &hellip;","og_url":"http:\/\/denizcankizil.tr\/de\/haberler\/gundem\/alanya-il-olacak-mi-erdogandan-aciklama-geldi\/","og_site_name":"Av. Deniz Can K\u0131z\u0131l","article_published_time":"2025-05-14T14:41:28+00:00","author":"Antalya K\u00f6rfez","twitter_card":"summary_large_image","twitter_misc":{"Verfasst von":"Antalya K\u00f6rfez","Gesch\u00e4tzte Lesezeit":"3\u00a0Minuten"},"schema":{"@context":"https:\/\/schema.org","@graph":[{"@type":"Article","@id":"http:\/\/denizcankizil.tr\/de\/haberler\/gundem\/alanya-il-olacak-mi-erdogandan-aciklama-geldi\/#article","isPartOf":{"@id":"http:\/\/denizcankizil.tr\/de\/haberler\/gundem\/alanya-il-olacak-mi-erdogandan-aciklama-geldi\/"},"author":{"name":"Antalya K\u00f6rfez","@id":"https:\/\/denizcankizil.tr\/#\/schema\/person\/e1eb71bb4dd684d46563f0af307e1234"},"headline":"Alanya il olacak m\u0131? Erdo\u011fan&#8217;dan a\u00e7\u0131klama geldi!","datePublished":"2025-05-14T14:41:28+00:00","mainEntityOfPage":{"@id":"http:\/\/denizcankizil.tr\/de\/haberler\/gundem\/alanya-il-olacak-mi-erdogandan-aciklama-geldi\/"},"wordCount":600,"publisher":{"@id":"https:\/\/denizcankizil.tr\/#organization"},"articleSection":["G\u00fcndem"],"inLanguage":"de"},{"@type":"WebPage","@id":"http:\/\/denizcankizil.tr\/de\/haberler\/gundem\/alanya-il-olacak-mi-erdogandan-aciklama-geldi\/","url":"http:\/\/denizcankizil.tr\/de\/haberler\/gundem\/alanya-il-olacak-mi-erdogandan-aciklama-geldi\/","name":"Alanya il olacak m\u0131? Erdo\u011fan'dan a\u00e7\u0131klama geldi! - Av. Deniz Can K\u0131z\u0131l","isPartOf":{"@id":"https:\/\/denizcankizil.tr\/#website"},"datePublished":"2025-05-14T14:41:28+00:00","breadcrumb":{"@id":"http:\/\/denizcankizil.tr\/de\/haberler\/gundem\/alanya-il-olacak-mi-erdogandan-aciklama-geldi\/#breadcrumb"},"inLanguage":"de","potentialAction":[{"@type":"ReadAction","target":["http:\/\/denizcankizil.tr\/de\/haberler\/gundem\/alanya-il-olacak-mi-erdogandan-aciklama-geldi\/"]}]},{"@type":"BreadcrumbList","@id":"http:\/\/denizcankizil.tr\/de\/haberler\/gundem\/alanya-il-olacak-mi-erdogandan-aciklama-geldi\/#breadcrumb","itemListElement":[{"@type":"ListItem","position":1,"name":"Home","item":"https:\/\/denizcankizil.tr\/de\/"},{"@type":"ListItem","position":2,"name":"Alanya il olacak m\u0131? Erdo\u011fan&#8217;dan a\u00e7\u0131klama geldi!"}]},{"@type":"WebSite","@id":"https:\/\/denizcankizil.tr\/#website","url":"https:\/\/denizcankizil.tr\/","name":"Av. Deniz Can K\u0131z\u0131l","description":"Avukat Deniz Can K\u0131z\u0131l Antalya Barosu","publisher":{"@id":"https:\/\/denizcankizil.tr\/#organization"},"potentialAction":[{"@type":"SearchAction","target":{"@type":"EntryPoint","urlTemplate":"https:\/\/denizcankizil.tr\/?s={search_term_string}"},"query-input":{"@type":"PropertyValueSpecification","valueRequired":true,"valueName":"search_term_string"}}],"inLanguage":"de"},{"@type":"Organization","@id":"https:\/\/denizcankizil.tr\/#organization","name":"Av. Deniz Can K\u0131z\u0131l","url":"https:\/\/denizcankizil.tr\/","logo":{"@type":"ImageObject","inLanguage":"de","@id":"https:\/\/denizcankizil.tr\/#\/schema\/logo\/image\/","url":"http:\/\/denizcankizil.tr\/wp-content\/uploads\/2024\/10\/siyah-logo-svg.svg","contentUrl":"http:\/\/denizcankizil.tr\/wp-content\/uploads\/2024\/10\/siyah-logo-svg.svg","width":1080,"height":1080,"caption":"Av. Deniz Can K\u0131z\u0131l"},"image":{"@id":"https:\/\/denizcankizil.tr\/#\/schema\/logo\/image\/"}},{"@type":"Person","@id":"https:\/\/denizcankizil.tr\/#\/schema\/person\/e1eb71bb4dd684d46563f0af307e1234","name":"Antalya K\u00f6rfez","image":{"@type":"ImageObject","inLanguage":"de","@id":"https:\/\/denizcankizil.tr\/#\/schema\/person\/image\/","url":"https:\/\/secure.gravatar.com\/avatar\/42b01982558a48a0b501fdcab6a408d3717ea5919095ee2e67b0e521799c5905?s=96&d=mm&r=g","contentUrl":"https:\/\/secure.gravatar.com\/avatar\/42b01982558a48a0b501fdcab6a408d3717ea5919095ee2e67b0e521799c5905?s=96&d=mm&r=g","caption":"Antalya K\u00f6rfez"},"sameAs":["http:\/\/www.antalyakorfez.com"],"url":"https:\/\/www.antalyakorfez.com\/alanya-il-olacak-mi-erdogandan-aciklama-geldi"}]}},"_links":{"self":[{"href":"http:\/\/denizcankizil.tr\/de\/wp-json\/wp\/v2\/posts\/86445","targetHints":{"allow":["GET"]}}],"collection":[{"href":"http:\/\/denizcankizil.tr\/de\/wp-json\/wp\/v2\/posts"}],"about":[{"href":"http:\/\/denizcankizil.tr\/de\/wp-json\/wp\/v2\/types\/post"}],"author":[{"embeddable":true,"href":"http:\/\/denizcankizil.tr\/de\/wp-json\/wp\/v2\/users\/5"}],"replies":[{"embeddable":true,"href":"http:\/\/denizcankizil.tr\/de\/wp-json\/wp\/v2\/comments?post=86445"}],"version-history":[{"count":0,"href":"http:\/\/denizcankizil.tr\/de\/wp-json\/wp\/v2\/posts\/86445\/revisions"}],"wp:attachment":[{"href":"http:\/\/denizcankizil.tr\/de\/wp-json\/wp\/v2\/media?parent=86445"}],"wp:term":[{"taxonomy":"category","embeddable":true,"href":"http:\/\/denizcankizil.tr\/de\/wp-json\/wp\/v2\/categories?post=86445"},{"taxonomy":"post_tag","embeddable":true,"href":"http:\/\/denizcankizil.tr\/de\/wp-json\/wp\/v2\/tags?post=86445"}],"curies":[{"name":"wp","href":"https:\/\/api.w.org\/{rel}","templated":true}]}}