{"id":86435,"date":"2025-05-14T16:42:58","date_gmt":"2025-05-14T13:42:58","guid":{"rendered":"https:\/\/denizcankizil.tr\/uncategorized-tr\/bursa-yildirimda-afet-egitimi-engel-tanimiyor\/"},"modified":"2025-05-14T16:42:58","modified_gmt":"2025-05-14T13:42:58","slug":"bursa-yildirimda-afet-egitimi-engel-tanimiyor","status":"publish","type":"post","link":"http:\/\/denizcankizil.tr\/de\/haberler\/gundem\/bursa-yildirimda-afet-egitimi-engel-tanimiyor\/","title":{"rendered":"Bursa Y\u0131ld\u0131r\u0131m\u2019da afet e\u011fitimi \u2018engel\u2019 tan\u0131m\u0131yor"},"content":{"rendered":"<p>Bursa Y\u0131ld\u0131r\u0131m Belediyesi Afet \u0130\u015fleri M\u00fcd\u00fcrl\u00fc\u011f\u00fc ekipleri, il\u00e7e genelindeki dezavantajl\u0131 bireyleri evlerinde ziyaret ederek, \u2018afet fark\u0131ndal\u0131k e\u011fitimi\u2019 veriyor.BURSA (\u0130GFA) &#8211; Bursa Y\u0131ld\u0131r\u0131m Belediyesi, afetler ve afetlere haz\u0131rl\u0131k alanlar\u0131nda fark\u0131ndal\u0131k olu\u015fturacak \u00e7al\u0131\u015fmalar\u0131n\u0131 s\u00fcrd\u00fcr\u00fcyor. \u00d6\u011frencilerden kad\u0131nlara, gen\u00e7lerden \u00e7al\u0131\u015fanlara toplumun t\u00fcm kesimlerine y\u00f6nelik afetfark\u0131ndal\u0131k e\u011fitimleri d\u00fczenleyen Y\u0131ld\u0131r\u0131m Belediyesi, geli\u015ftirdi\u011fi yeni proje kapsam\u0131nda il\u00e7e genelindeki engelli bireyleri evlerinde ziyaret ederek, olas\u0131 deprem \u00f6ncesinde al\u0131nabilecek \u00f6nlemler ve deprem sonras\u0131nda yap\u0131lacaklaray\u00f6nelik afet bilin\u00e7lendirme e\u011fitimi veriyor.  <\/p>\n<p>E\u011fitimlerde, dezavantajl\u0131 bireylere ev i\u00e7i g\u00fcvenli\u011fi art\u0131rmak amac\u0131yla mobilya sabitleme, acil \u00e7\u0131k\u0131\u015f d\u00fczenlemeleri, afet \u00e7antas\u0131 haz\u0131rl\u0131\u011f\u0131 ve \u2018\u00e7\u00f6k-kapan-tutun\u2019 gibi hayati \u00f6neme sahip davran\u0131\u015f modelleri uygulamal\u0131 olarak anlat\u0131l\u0131yor.  <\/p>\n<p>Ayr\u0131ca, e\u011fitim verilen bireylere konutlar\u0131n daha g\u00fcvenli hale getirilmesi ad\u0131na ev e\u015fyalar\u0131n\u0131n sabitlenmesi i\u00e7in Deprem sabitleme kitleri hediye ediliyor. Dezavantajl\u0131 bireylerin hayatlar\u0131n\u0131 kolayla\u015ft\u0131rmak i\u00e7in projeler geli\u015ftirdiklerini kaydeden Y\u0131ld\u0131r\u0131m Belediye Ba\u015fkan\u0131 Oktay Y\u0131lmaz, \u201c\u00d6zellikle olas\u0131 afetlere haz\u0131rl\u0131k, afet s\u00fcrecinde ve sonras\u0131nda yap\u0131lacaklarla ilgili bilgiler hayati \u00f6neme sahip olabiliyor. Bundan dolay\u0131 bu karde\u015flerimizin daha bilin\u00e7li hareket etmesi i\u00e7in e\u011fitimlerimize devam ediyoruz\u201d dedi.<\/p>\n<p>\u200bBursa Y\u0131ld\u0131r\u0131m Belediyesi Afet \u0130\u015fleri M\u00fcd\u00fcrl\u00fc\u011f\u00fc ekipleri, il\u00e7e genelindeki dezavantajl\u0131 bireyleri evlerinde ziyaret ederek, \u2018afet fark\u0131ndal\u0131k e\u011fitimi\u2019 veriyor.BURSA (\u0130GFA) &#8211; Bursa Y\u0131ld\u0131r\u0131m Belediyesi, afetler ve afetlere haz\u0131rl\u0131k alanlar\u0131nda fark\u0131ndal\u0131k olu\u015fturacak \u00e7al\u0131\u015fmalar\u0131n\u0131 s\u00fcrd\u00fcr\u00fcyor. \u00d6\u011frencilerden kad\u0131nlara, gen\u00e7lerden \u00e7al\u0131\u015fanlara toplumun t\u00fcm kesimlerine y\u00f6nelik afetfark\u0131ndal\u0131k e\u011fitimleri d\u00fczenleyen Y\u0131ld\u0131r\u0131m Belediyesi, geli\u015ftirdi\u011fi yeni proje kapsam\u0131nda il\u00e7e genelindeki engelli bireyleri evlerinde ziyaret ederek, olas\u0131 deprem \u00f6ncesinde al\u0131nabilecek \u00f6nlemler ve deprem sonras\u0131nda yap\u0131lacaklaray\u00f6nelik afet bilin\u00e7lendirme e\u011fitimi veriyor.  <\/p>\n<p>E\u011fitimlerde, dezavantajl\u0131 bireylere ev i\u00e7i g\u00fcvenli\u011fi art\u0131rmak amac\u0131yla mobilya sabitleme, acil \u00e7\u0131k\u0131\u015f d\u00fczenlemeleri, afet \u00e7antas\u0131 haz\u0131rl\u0131\u011f\u0131 ve \u2018\u00e7\u00f6k-kapan-tutun\u2019 gibi hayati \u00f6neme sahip davran\u0131\u015f modelleri uygulamal\u0131 olarak anlat\u0131l\u0131yor.  <\/p>\n<p>Ayr\u0131ca, e\u011fitim verilen bireylere konutlar\u0131n daha g\u00fcvenli hale getirilmesi ad\u0131na ev e\u015fyalar\u0131n\u0131n sabitlenmesi i\u00e7in Deprem sabitleme kitleri hediye ediliyor. Dezavantajl\u0131 bireylerin hayatlar\u0131n\u0131 kolayla\u015ft\u0131rmak i\u00e7in projeler geli\u015ftirdiklerini kaydeden Y\u0131ld\u0131r\u0131m Belediye Ba\u015fkan\u0131 Oktay Y\u0131lmaz, \u201c\u00d6zellikle olas\u0131 afetlere haz\u0131rl\u0131k, afet s\u00fcrecinde ve sonras\u0131nda yap\u0131lacaklarla ilgili bilgiler hayati \u00f6neme sahip olabiliyor. Bundan dolay\u0131 bu karde\u015flerimizin daha bilin\u00e7li hareket etmesi i\u00e7in e\u011fitimlerimize devam ediyoruz\u201d dedi.\u00a0<\/p>\n<p>\u200bHaberin Al\u0131nt\u0131land\u0131\u011f\u0131 Kaynak: www.iskenderun.org<\/p>","protected":false},"excerpt":{"rendered":"<p>Bursa Y\u0131ld\u0131r\u0131m Belediyesi Afet \u0130\u015fleri M\u00fcd\u00fcrl\u00fc\u011f\u00fc ekipleri, il\u00e7e genelindeki dezavantajl\u0131 bireyleri evlerinde ziyaret ederek, \u2018afet fark\u0131ndal\u0131k e\u011fitimi\u2019 veriyor.BURSA (\u0130GFA) &#8211; Bursa Y\u0131ld\u0131r\u0131m Belediyesi, afetler ve afetlere haz\u0131rl\u0131k alanlar\u0131nda fark\u0131ndal\u0131k olu\u015fturacak \u00e7al\u0131\u015fmalar\u0131n\u0131 s\u00fcrd\u00fcr\u00fcyor. \u00d6\u011frencilerden kad\u0131nlara, gen\u00e7lerden \u00e7al\u0131\u015fanlara toplumun t\u00fcm kesimlerine y\u00f6nelik afetfark\u0131ndal\u0131k e\u011fitimleri d\u00fczenleyen Y\u0131ld\u0131r\u0131m Belediyesi, geli\u015ftirdi\u011fi yeni proje kapsam\u0131nda il\u00e7e genelindeki engelli bireyleri evlerinde ziyaret ederek, olas\u0131 deprem \u00f6ncesinde al\u0131nabilecek \u00f6nlemler ve deprem sonras\u0131nda yap\u0131lacaklaray\u00f6nelik afet bilin\u00e7lendirme e\u011fitimi veriyor. E\u011fitimlerde, dezavantajl\u0131 bireylere ev i\u00e7i g\u00fcvenli\u011fi art\u0131rmak amac\u0131yla mobilya sabitleme, acil \u00e7\u0131k\u0131\u015f d\u00fczenlemeleri, afet \u00e7antas\u0131 haz\u0131rl\u0131\u011f\u0131 ve \u2018\u00e7\u00f6k-kapan-tutun\u2019 gibi hayati \u00f6neme sahip davran\u0131\u015f modelleri uygulamal\u0131 olarak anlat\u0131l\u0131yor. Ayr\u0131ca, e\u011fitim verilen bireylere konutlar\u0131n daha g\u00fcvenli hale getirilmesi ad\u0131na ev e\u015fyalar\u0131n\u0131n sabitlenmesi i\u00e7in Deprem sabitleme kitleri hediye ediliyor. Dezavantajl\u0131 bireylerin hayatlar\u0131n\u0131 kolayla\u015ft\u0131rmak i\u00e7in projeler geli\u015ftirdiklerini kaydeden Y\u0131ld\u0131r\u0131m Belediye Ba\u015fkan\u0131 Oktay Y\u0131lmaz, \u201c\u00d6zellikle olas\u0131 afetlere haz\u0131rl\u0131k, afet s\u00fcrecinde ve sonras\u0131nda yap\u0131lacaklarla ilgili bilgiler hayati \u00f6neme sahip olabiliyor. Bundan dolay\u0131 bu karde\u015flerimizin daha bilin\u00e7li hareket etmesi i\u00e7in e\u011fitimlerimize devam ediyoruz\u201d dedi. \u200bBursa Y\u0131ld\u0131r\u0131m Belediyesi Afet \u0130\u015fleri M\u00fcd\u00fcrl\u00fc\u011f\u00fc ekipleri, il\u00e7e genelindeki dezavantajl\u0131 bireyleri evlerinde ziyaret ederek, \u2018afet fark\u0131ndal\u0131k e\u011fitimi\u2019 veriyor.BURSA (\u0130GFA) &#8211; Bursa Y\u0131ld\u0131r\u0131m Belediyesi, afetler ve afetlere haz\u0131rl\u0131k alanlar\u0131nda fark\u0131ndal\u0131k olu\u015fturacak \u00e7al\u0131\u015fmalar\u0131n\u0131 s\u00fcrd\u00fcr\u00fcyor. \u00d6\u011frencilerden kad\u0131nlara, gen\u00e7lerden \u00e7al\u0131\u015fanlara toplumun t\u00fcm kesimlerine y\u00f6nelik afetfark\u0131ndal\u0131k e\u011fitimleri d\u00fczenleyen Y\u0131ld\u0131r\u0131m &hellip;<\/p>","protected":false},"author":1,"featured_media":0,"comment_status":"","ping_status":"open","sticky":false,"template":"","format":"standard","meta":{"_acf_changed":false,"footnotes":""},"categories":[24],"tags":[],"class_list":["post-86435","post","type-post","status-publish","format-standard","has-post-thumbnail","hentry","category-gundem"],"acf":[],"yoast_head":"<!-- This site is optimized with the Yoast SEO Premium plugin v26.6 (Yoast SEO v27.1.1) - https:\/\/yoast.com\/product\/yoast-seo-premium-wordpress\/ -->\n<title>Bursa Y\u0131ld\u0131r\u0131m\u2019da afet e\u011fitimi \u2018engel\u2019 tan\u0131m\u0131yor - Av. Deniz Can K\u0131z\u0131l<\/title>\n<meta name=\"robots\" content=\"index, follow, max-snippet:-1, max-image-preview:large, max-video-preview:-1\" \/>\n<link rel=\"canonical\" href=\"http:\/\/denizcankizil.tr\/de\/haberler\/gundem\/bursa-yildirimda-afet-egitimi-engel-tanimiyor\/\" \/>\n<meta property=\"og:locale\" content=\"de_DE\" \/>\n<meta property=\"og:type\" content=\"article\" \/>\n<meta property=\"og:title\" content=\"Bursa Y\u0131ld\u0131r\u0131m\u2019da afet e\u011fitimi \u2018engel\u2019 tan\u0131m\u0131yor\" \/>\n<meta property=\"og:description\" content=\"Bursa Y\u0131ld\u0131r\u0131m Belediyesi Afet \u0130\u015fleri M\u00fcd\u00fcrl\u00fc\u011f\u00fc ekipleri, il\u00e7e genelindeki dezavantajl\u0131 bireyleri evlerinde ziyaret ederek, \u2018afet fark\u0131ndal\u0131k e\u011fitimi\u2019 veriyor.BURSA (\u0130GFA) &#8211; Bursa Y\u0131ld\u0131r\u0131m Belediyesi, afetler ve afetlere haz\u0131rl\u0131k alanlar\u0131nda fark\u0131ndal\u0131k olu\u015fturacak \u00e7al\u0131\u015fmalar\u0131n\u0131 s\u00fcrd\u00fcr\u00fcyor. \u00d6\u011frencilerden kad\u0131nlara, gen\u00e7lerden \u00e7al\u0131\u015fanlara toplumun t\u00fcm kesimlerine y\u00f6nelik afetfark\u0131ndal\u0131k e\u011fitimleri d\u00fczenleyen Y\u0131ld\u0131r\u0131m Belediyesi, geli\u015ftirdi\u011fi yeni proje kapsam\u0131nda il\u00e7e genelindeki engelli bireyleri evlerinde ziyaret ederek, olas\u0131 deprem \u00f6ncesinde al\u0131nabilecek \u00f6nlemler ve deprem sonras\u0131nda yap\u0131lacaklaray\u00f6nelik afet bilin\u00e7lendirme e\u011fitimi veriyor. E\u011fitimlerde, dezavantajl\u0131 bireylere ev i\u00e7i g\u00fcvenli\u011fi art\u0131rmak amac\u0131yla mobilya sabitleme, acil \u00e7\u0131k\u0131\u015f d\u00fczenlemeleri, afet \u00e7antas\u0131 haz\u0131rl\u0131\u011f\u0131 ve \u2018\u00e7\u00f6k-kapan-tutun\u2019 gibi hayati \u00f6neme sahip davran\u0131\u015f modelleri uygulamal\u0131 olarak anlat\u0131l\u0131yor. Ayr\u0131ca, e\u011fitim verilen bireylere konutlar\u0131n daha g\u00fcvenli hale getirilmesi ad\u0131na ev e\u015fyalar\u0131n\u0131n sabitlenmesi i\u00e7in Deprem sabitleme kitleri hediye ediliyor. Dezavantajl\u0131 bireylerin hayatlar\u0131n\u0131 kolayla\u015ft\u0131rmak i\u00e7in projeler geli\u015ftirdiklerini kaydeden Y\u0131ld\u0131r\u0131m Belediye Ba\u015fkan\u0131 Oktay Y\u0131lmaz, \u201c\u00d6zellikle olas\u0131 afetlere haz\u0131rl\u0131k, afet s\u00fcrecinde ve sonras\u0131nda yap\u0131lacaklarla ilgili bilgiler hayati \u00f6neme sahip olabiliyor. Bundan dolay\u0131 bu karde\u015flerimizin daha bilin\u00e7li hareket etmesi i\u00e7in e\u011fitimlerimize devam ediyoruz\u201d dedi. \u200bBursa Y\u0131ld\u0131r\u0131m Belediyesi Afet \u0130\u015fleri M\u00fcd\u00fcrl\u00fc\u011f\u00fc ekipleri, il\u00e7e genelindeki dezavantajl\u0131 bireyleri evlerinde ziyaret ederek, \u2018afet fark\u0131ndal\u0131k e\u011fitimi\u2019 veriyor.BURSA (\u0130GFA) &#8211; Bursa Y\u0131ld\u0131r\u0131m Belediyesi, afetler ve afetlere haz\u0131rl\u0131k alanlar\u0131nda fark\u0131ndal\u0131k olu\u015fturacak \u00e7al\u0131\u015fmalar\u0131n\u0131 s\u00fcrd\u00fcr\u00fcyor. \u00d6\u011frencilerden kad\u0131nlara, gen\u00e7lerden \u00e7al\u0131\u015fanlara toplumun t\u00fcm kesimlerine y\u00f6nelik afetfark\u0131ndal\u0131k e\u011fitimleri d\u00fczenleyen Y\u0131ld\u0131r\u0131m &hellip;\" \/>\n<meta property=\"og:url\" content=\"http:\/\/denizcankizil.tr\/de\/haberler\/gundem\/bursa-yildirimda-afet-egitimi-engel-tanimiyor\/\" \/>\n<meta property=\"og:site_name\" content=\"Av. Deniz Can K\u0131z\u0131l\" \/>\n<meta property=\"article:published_time\" content=\"2025-05-14T13:42:58+00:00\" \/>\n<meta name=\"author\" content=\"admin\" \/>\n<meta name=\"twitter:card\" content=\"summary_large_image\" \/>\n<meta name=\"twitter:label1\" content=\"Verfasst von\" \/>\n\t<meta name=\"twitter:data1\" content=\"admin\" \/>\n\t<meta name=\"twitter:label2\" content=\"Gesch\u00e4tzte Lesezeit\" \/>\n\t<meta name=\"twitter:data2\" content=\"2\u00a0Minuten\" \/>\n<script type=\"application\/ld+json\" class=\"yoast-schema-graph\">{\"@context\":\"https:\/\/schema.org\",\"@graph\":[{\"@type\":\"Article\",\"@id\":\"http:\/\/denizcankizil.tr\/de\/haberler\/gundem\/bursa-yildirimda-afet-egitimi-engel-tanimiyor\/#article\",\"isPartOf\":{\"@id\":\"http:\/\/denizcankizil.tr\/de\/haberler\/gundem\/bursa-yildirimda-afet-egitimi-engel-tanimiyor\/\"},\"author\":{\"name\":\"admin\",\"@id\":\"https:\/\/denizcankizil.tr\/#\/schema\/person\/be3c05fe6a12686905512445d8185489\"},\"headline\":\"Bursa Y\u0131ld\u0131r\u0131m\u2019da afet e\u011fitimi \u2018engel\u2019 tan\u0131m\u0131yor\",\"datePublished\":\"2025-05-14T13:42:58+00:00\",\"mainEntityOfPage\":{\"@id\":\"http:\/\/denizcankizil.tr\/de\/haberler\/gundem\/bursa-yildirimda-afet-egitimi-engel-tanimiyor\/\"},\"wordCount\":501,\"publisher\":{\"@id\":\"https:\/\/denizcankizil.tr\/#organization\"},\"articleSection\":[\"G\u00fcndem\"],\"inLanguage\":\"de\"},{\"@type\":\"WebPage\",\"@id\":\"http:\/\/denizcankizil.tr\/de\/haberler\/gundem\/bursa-yildirimda-afet-egitimi-engel-tanimiyor\/\",\"url\":\"http:\/\/denizcankizil.tr\/de\/haberler\/gundem\/bursa-yildirimda-afet-egitimi-engel-tanimiyor\/\",\"name\":\"Bursa Y\u0131ld\u0131r\u0131m\u2019da afet e\u011fitimi \u2018engel\u2019 tan\u0131m\u0131yor - Av. Deniz Can K\u0131z\u0131l\",\"isPartOf\":{\"@id\":\"https:\/\/denizcankizil.tr\/#website\"},\"datePublished\":\"2025-05-14T13:42:58+00:00\",\"breadcrumb\":{\"@id\":\"http:\/\/denizcankizil.tr\/de\/haberler\/gundem\/bursa-yildirimda-afet-egitimi-engel-tanimiyor\/#breadcrumb\"},\"inLanguage\":\"de\",\"potentialAction\":[{\"@type\":\"ReadAction\",\"target\":[\"http:\/\/denizcankizil.tr\/de\/haberler\/gundem\/bursa-yildirimda-afet-egitimi-engel-tanimiyor\/\"]}]},{\"@type\":\"BreadcrumbList\",\"@id\":\"http:\/\/denizcankizil.tr\/de\/haberler\/gundem\/bursa-yildirimda-afet-egitimi-engel-tanimiyor\/#breadcrumb\",\"itemListElement\":[{\"@type\":\"ListItem\",\"position\":1,\"name\":\"Home\",\"item\":\"https:\/\/denizcankizil.tr\/de\/\"},{\"@type\":\"ListItem\",\"position\":2,\"name\":\"Bursa Y\u0131ld\u0131r\u0131m\u2019da afet e\u011fitimi \u2018engel\u2019 tan\u0131m\u0131yor\"}]},{\"@type\":\"WebSite\",\"@id\":\"https:\/\/denizcankizil.tr\/#website\",\"url\":\"https:\/\/denizcankizil.tr\/\",\"name\":\"Av. Deniz Can K\u0131z\u0131l\",\"description\":\"Avukat Deniz Can K\u0131z\u0131l Antalya Barosu\",\"publisher\":{\"@id\":\"https:\/\/denizcankizil.tr\/#organization\"},\"potentialAction\":[{\"@type\":\"SearchAction\",\"target\":{\"@type\":\"EntryPoint\",\"urlTemplate\":\"https:\/\/denizcankizil.tr\/?s={search_term_string}\"},\"query-input\":{\"@type\":\"PropertyValueSpecification\",\"valueRequired\":true,\"valueName\":\"search_term_string\"}}],\"inLanguage\":\"de\"},{\"@type\":\"Organization\",\"@id\":\"https:\/\/denizcankizil.tr\/#organization\",\"name\":\"Av. Deniz Can K\u0131z\u0131l\",\"url\":\"https:\/\/denizcankizil.tr\/\",\"logo\":{\"@type\":\"ImageObject\",\"inLanguage\":\"de\",\"@id\":\"https:\/\/denizcankizil.tr\/#\/schema\/logo\/image\/\",\"url\":\"http:\/\/denizcankizil.tr\/wp-content\/uploads\/2024\/10\/siyah-logo-svg.svg\",\"contentUrl\":\"http:\/\/denizcankizil.tr\/wp-content\/uploads\/2024\/10\/siyah-logo-svg.svg\",\"width\":1080,\"height\":1080,\"caption\":\"Av. Deniz Can K\u0131z\u0131l\"},\"image\":{\"@id\":\"https:\/\/denizcankizil.tr\/#\/schema\/logo\/image\/\"}},{\"@type\":\"Person\",\"@id\":\"https:\/\/denizcankizil.tr\/#\/schema\/person\/be3c05fe6a12686905512445d8185489\",\"name\":\"admin\",\"image\":{\"@type\":\"ImageObject\",\"inLanguage\":\"de\",\"@id\":\"https:\/\/denizcankizil.tr\/#\/schema\/person\/image\/\",\"url\":\"https:\/\/secure.gravatar.com\/avatar\/c1fce94c830dc79107e174f890d7210541c4a63e8e5d816341794a2151c9d58c?s=96&d=mm&r=g\",\"contentUrl\":\"https:\/\/secure.gravatar.com\/avatar\/c1fce94c830dc79107e174f890d7210541c4a63e8e5d816341794a2151c9d58c?s=96&d=mm&r=g\",\"caption\":\"admin\"},\"sameAs\":[\"http:\/\/denizcankizil.tr\"],\"url\":\"https:\/\/www.iskenderun.org\/bursa-yildirimda-afet-egitimi-engel-tanimiyor\"}]}<\/script>\n<!-- \/ Yoast SEO Premium plugin. -->","yoast_head_json":{"title":"Bursa Y\u0131ld\u0131r\u0131m\u2019da afet e\u011fitimi \u2018engel\u2019 tan\u0131m\u0131yor - Av. Deniz Can K\u0131z\u0131l","robots":{"index":"index","follow":"follow","max-snippet":"max-snippet:-1","max-image-preview":"max-image-preview:large","max-video-preview":"max-video-preview:-1"},"canonical":"http:\/\/denizcankizil.tr\/de\/haberler\/gundem\/bursa-yildirimda-afet-egitimi-engel-tanimiyor\/","og_locale":"de_DE","og_type":"article","og_title":"Bursa Y\u0131ld\u0131r\u0131m\u2019da afet e\u011fitimi \u2018engel\u2019 tan\u0131m\u0131yor","og_description":"Bursa Y\u0131ld\u0131r\u0131m Belediyesi Afet \u0130\u015fleri M\u00fcd\u00fcrl\u00fc\u011f\u00fc ekipleri, il\u00e7e genelindeki dezavantajl\u0131 bireyleri evlerinde ziyaret ederek, \u2018afet fark\u0131ndal\u0131k e\u011fitimi\u2019 veriyor.BURSA (\u0130GFA) &#8211; Bursa Y\u0131ld\u0131r\u0131m Belediyesi, afetler ve afetlere haz\u0131rl\u0131k alanlar\u0131nda fark\u0131ndal\u0131k olu\u015fturacak \u00e7al\u0131\u015fmalar\u0131n\u0131 s\u00fcrd\u00fcr\u00fcyor. \u00d6\u011frencilerden kad\u0131nlara, gen\u00e7lerden \u00e7al\u0131\u015fanlara toplumun t\u00fcm kesimlerine y\u00f6nelik afetfark\u0131ndal\u0131k e\u011fitimleri d\u00fczenleyen Y\u0131ld\u0131r\u0131m Belediyesi, geli\u015ftirdi\u011fi yeni proje kapsam\u0131nda il\u00e7e genelindeki engelli bireyleri evlerinde ziyaret ederek, olas\u0131 deprem \u00f6ncesinde al\u0131nabilecek \u00f6nlemler ve deprem sonras\u0131nda yap\u0131lacaklaray\u00f6nelik afet bilin\u00e7lendirme e\u011fitimi veriyor. E\u011fitimlerde, dezavantajl\u0131 bireylere ev i\u00e7i g\u00fcvenli\u011fi art\u0131rmak amac\u0131yla mobilya sabitleme, acil \u00e7\u0131k\u0131\u015f d\u00fczenlemeleri, afet \u00e7antas\u0131 haz\u0131rl\u0131\u011f\u0131 ve \u2018\u00e7\u00f6k-kapan-tutun\u2019 gibi hayati \u00f6neme sahip davran\u0131\u015f modelleri uygulamal\u0131 olarak anlat\u0131l\u0131yor. Ayr\u0131ca, e\u011fitim verilen bireylere konutlar\u0131n daha g\u00fcvenli hale getirilmesi ad\u0131na ev e\u015fyalar\u0131n\u0131n sabitlenmesi i\u00e7in Deprem sabitleme kitleri hediye ediliyor. Dezavantajl\u0131 bireylerin hayatlar\u0131n\u0131 kolayla\u015ft\u0131rmak i\u00e7in projeler geli\u015ftirdiklerini kaydeden Y\u0131ld\u0131r\u0131m Belediye Ba\u015fkan\u0131 Oktay Y\u0131lmaz, \u201c\u00d6zellikle olas\u0131 afetlere haz\u0131rl\u0131k, afet s\u00fcrecinde ve sonras\u0131nda yap\u0131lacaklarla ilgili bilgiler hayati \u00f6neme sahip olabiliyor. Bundan dolay\u0131 bu karde\u015flerimizin daha bilin\u00e7li hareket etmesi i\u00e7in e\u011fitimlerimize devam ediyoruz\u201d dedi. \u200bBursa Y\u0131ld\u0131r\u0131m Belediyesi Afet \u0130\u015fleri M\u00fcd\u00fcrl\u00fc\u011f\u00fc ekipleri, il\u00e7e genelindeki dezavantajl\u0131 bireyleri evlerinde ziyaret ederek, \u2018afet fark\u0131ndal\u0131k e\u011fitimi\u2019 veriyor.BURSA (\u0130GFA) &#8211; Bursa Y\u0131ld\u0131r\u0131m Belediyesi, afetler ve afetlere haz\u0131rl\u0131k alanlar\u0131nda fark\u0131ndal\u0131k olu\u015fturacak \u00e7al\u0131\u015fmalar\u0131n\u0131 s\u00fcrd\u00fcr\u00fcyor. \u00d6\u011frencilerden kad\u0131nlara, gen\u00e7lerden \u00e7al\u0131\u015fanlara toplumun t\u00fcm kesimlerine y\u00f6nelik afetfark\u0131ndal\u0131k e\u011fitimleri d\u00fczenleyen Y\u0131ld\u0131r\u0131m &hellip;","og_url":"http:\/\/denizcankizil.tr\/de\/haberler\/gundem\/bursa-yildirimda-afet-egitimi-engel-tanimiyor\/","og_site_name":"Av. Deniz Can K\u0131z\u0131l","article_published_time":"2025-05-14T13:42:58+00:00","author":"admin","twitter_card":"summary_large_image","twitter_misc":{"Verfasst von":"admin","Gesch\u00e4tzte Lesezeit":"2\u00a0Minuten"},"schema":{"@context":"https:\/\/schema.org","@graph":[{"@type":"Article","@id":"http:\/\/denizcankizil.tr\/de\/haberler\/gundem\/bursa-yildirimda-afet-egitimi-engel-tanimiyor\/#article","isPartOf":{"@id":"http:\/\/denizcankizil.tr\/de\/haberler\/gundem\/bursa-yildirimda-afet-egitimi-engel-tanimiyor\/"},"author":{"name":"admin","@id":"https:\/\/denizcankizil.tr\/#\/schema\/person\/be3c05fe6a12686905512445d8185489"},"headline":"Bursa Y\u0131ld\u0131r\u0131m\u2019da afet e\u011fitimi \u2018engel\u2019 tan\u0131m\u0131yor","datePublished":"2025-05-14T13:42:58+00:00","mainEntityOfPage":{"@id":"http:\/\/denizcankizil.tr\/de\/haberler\/gundem\/bursa-yildirimda-afet-egitimi-engel-tanimiyor\/"},"wordCount":501,"publisher":{"@id":"https:\/\/denizcankizil.tr\/#organization"},"articleSection":["G\u00fcndem"],"inLanguage":"de"},{"@type":"WebPage","@id":"http:\/\/denizcankizil.tr\/de\/haberler\/gundem\/bursa-yildirimda-afet-egitimi-engel-tanimiyor\/","url":"http:\/\/denizcankizil.tr\/de\/haberler\/gundem\/bursa-yildirimda-afet-egitimi-engel-tanimiyor\/","name":"Bursa Y\u0131ld\u0131r\u0131m\u2019da afet e\u011fitimi \u2018engel\u2019 tan\u0131m\u0131yor - Av. Deniz Can K\u0131z\u0131l","isPartOf":{"@id":"https:\/\/denizcankizil.tr\/#website"},"datePublished":"2025-05-14T13:42:58+00:00","breadcrumb":{"@id":"http:\/\/denizcankizil.tr\/de\/haberler\/gundem\/bursa-yildirimda-afet-egitimi-engel-tanimiyor\/#breadcrumb"},"inLanguage":"de","potentialAction":[{"@type":"ReadAction","target":["http:\/\/denizcankizil.tr\/de\/haberler\/gundem\/bursa-yildirimda-afet-egitimi-engel-tanimiyor\/"]}]},{"@type":"BreadcrumbList","@id":"http:\/\/denizcankizil.tr\/de\/haberler\/gundem\/bursa-yildirimda-afet-egitimi-engel-tanimiyor\/#breadcrumb","itemListElement":[{"@type":"ListItem","position":1,"name":"Home","item":"https:\/\/denizcankizil.tr\/de\/"},{"@type":"ListItem","position":2,"name":"Bursa Y\u0131ld\u0131r\u0131m\u2019da afet e\u011fitimi \u2018engel\u2019 tan\u0131m\u0131yor"}]},{"@type":"WebSite","@id":"https:\/\/denizcankizil.tr\/#website","url":"https:\/\/denizcankizil.tr\/","name":"Av. Deniz Can K\u0131z\u0131l","description":"Avukat Deniz Can K\u0131z\u0131l Antalya Barosu","publisher":{"@id":"https:\/\/denizcankizil.tr\/#organization"},"potentialAction":[{"@type":"SearchAction","target":{"@type":"EntryPoint","urlTemplate":"https:\/\/denizcankizil.tr\/?s={search_term_string}"},"query-input":{"@type":"PropertyValueSpecification","valueRequired":true,"valueName":"search_term_string"}}],"inLanguage":"de"},{"@type":"Organization","@id":"https:\/\/denizcankizil.tr\/#organization","name":"Av. Deniz Can K\u0131z\u0131l","url":"https:\/\/denizcankizil.tr\/","logo":{"@type":"ImageObject","inLanguage":"de","@id":"https:\/\/denizcankizil.tr\/#\/schema\/logo\/image\/","url":"http:\/\/denizcankizil.tr\/wp-content\/uploads\/2024\/10\/siyah-logo-svg.svg","contentUrl":"http:\/\/denizcankizil.tr\/wp-content\/uploads\/2024\/10\/siyah-logo-svg.svg","width":1080,"height":1080,"caption":"Av. Deniz Can K\u0131z\u0131l"},"image":{"@id":"https:\/\/denizcankizil.tr\/#\/schema\/logo\/image\/"}},{"@type":"Person","@id":"https:\/\/denizcankizil.tr\/#\/schema\/person\/be3c05fe6a12686905512445d8185489","name":"Administrator","image":{"@type":"ImageObject","inLanguage":"de","@id":"https:\/\/denizcankizil.tr\/#\/schema\/person\/image\/","url":"https:\/\/secure.gravatar.com\/avatar\/c1fce94c830dc79107e174f890d7210541c4a63e8e5d816341794a2151c9d58c?s=96&d=mm&r=g","contentUrl":"https:\/\/secure.gravatar.com\/avatar\/c1fce94c830dc79107e174f890d7210541c4a63e8e5d816341794a2151c9d58c?s=96&d=mm&r=g","caption":"admin"},"sameAs":["http:\/\/denizcankizil.tr"],"url":"https:\/\/www.iskenderun.org\/bursa-yildirimda-afet-egitimi-engel-tanimiyor"}]}},"_links":{"self":[{"href":"http:\/\/denizcankizil.tr\/de\/wp-json\/wp\/v2\/posts\/86435","targetHints":{"allow":["GET"]}}],"collection":[{"href":"http:\/\/denizcankizil.tr\/de\/wp-json\/wp\/v2\/posts"}],"about":[{"href":"http:\/\/denizcankizil.tr\/de\/wp-json\/wp\/v2\/types\/post"}],"author":[{"embeddable":true,"href":"http:\/\/denizcankizil.tr\/de\/wp-json\/wp\/v2\/users\/1"}],"replies":[{"embeddable":true,"href":"http:\/\/denizcankizil.tr\/de\/wp-json\/wp\/v2\/comments?post=86435"}],"version-history":[{"count":0,"href":"http:\/\/denizcankizil.tr\/de\/wp-json\/wp\/v2\/posts\/86435\/revisions"}],"wp:attachment":[{"href":"http:\/\/denizcankizil.tr\/de\/wp-json\/wp\/v2\/media?parent=86435"}],"wp:term":[{"taxonomy":"category","embeddable":true,"href":"http:\/\/denizcankizil.tr\/de\/wp-json\/wp\/v2\/categories?post=86435"},{"taxonomy":"post_tag","embeddable":true,"href":"http:\/\/denizcankizil.tr\/de\/wp-json\/wp\/v2\/tags?post=86435"}],"curies":[{"name":"wp","href":"https:\/\/api.w.org\/{rel}","templated":true}]}}