{"id":86340,"date":"2025-05-14T15:42:06","date_gmt":"2025-05-14T12:42:06","guid":{"rendered":"https:\/\/denizcankizil.tr\/uncategorized-tr\/don-kisot-tekrar-sahnede\/"},"modified":"2025-05-14T15:42:06","modified_gmt":"2025-05-14T12:42:06","slug":"don-kisot-tekrar-sahnede","status":"publish","type":"post","link":"http:\/\/denizcankizil.tr\/de\/haberler\/antalya\/don-kisot-tekrar-sahnede\/","title":{"rendered":"Don Ki\u015fot tekrar sahnede"},"content":{"rendered":"<p>Antalya Devlet Opera ve Balesi, 2024-2025 sanat sezonunun son bale temsillerinden &#8216;Don Ki\u015fot&#8217; bale eserini d\u00fcn ak\u015fam tekrar sahneledi. Miguel de Cervantes&#8217;in d\u00fcnya edebiyat\u0131na arma\u011fan etti\u011fi eserden esinlenen &#8216;Don Ki\u015fot&#8217; balesi, Marius Petipa&#8217;n\u0131n koreografisiyle 15-31 May\u0131s tarihlerinde saat 20.00&#8217;de Ha\u015fim \u0130\u015fcan K\u00fclt\u00fcr Merkezi Opera Sahnesi&#8217;nde tekrar sahnelenecek.<\/p>\n<p>M\u00fczikleri Ludwig Minkus taraf\u0131ndan bestelenen, orijinal koreografisi Marius Petipa&#8217;ya ait olan eser; Arma\u011fan Davran ve Ay\u015fe Fidanl\u0131k taraf\u0131ndan sahneye konuyor. Dekor tasar\u0131m\u0131 \u00d6zg\u00fcr Usta, kost\u00fcm tasar\u0131m\u0131 Serdar Ba\u015fbu\u011f, \u0131\u015f\u0131k tasar\u0131m\u0131 ise Mustafa Eski imzas\u0131 ta\u015f\u0131yor. Antalya Devlet Opera ve Balesi Orkestras\u0131&#8217;n\u0131 \u015eef Hakan Kalkan y\u00f6netirken, eserin ba\u015fkemanc\u0131s\u0131 Sibel Ayd\u0131n oldu.<\/p>\n<p>15 May\u0131s Per\u015fembe ak\u015fam\u0131 tekrar sahnelenecek eserin ba\u015frollerinde; Don Ki\u015fot rol\u00fcnde Cenk T. \u015eahinalp, Sancho Panza rol\u00fcnde \u0130. Bo\u011fa\u00e7 \u00d6zbak\u0131r, Kitri rol\u00fcnde d\u00f6n\u00fc\u015f\u00fcml\u00fc olarak Riine Sasaki, Basilio rol\u00fcnde ise Ryuhei Ito, Gamache rol\u00fcnde Evren \u0130skender, Lorenzo rol\u00fcnde Umut \u00c7altekin, Mercedes rol\u00fcnde Sayaka Matsushita, Espada rol\u00fcnde Burak \u00d6zbek g\u00f6rev alacak.<\/p>\n<p>&#8216;FUAYE SOHBETLER\u0130&#8217;<\/p>\n<p>Ha\u015fim \u0130\u015fcan K\u00fclt\u00fcr Merkezi&#8217;nde ger\u00e7ekle\u015ftirilen temsil \u00f6ncesi etkinliklerden biri olan &#8216;Fuaye Sohbetleri&#8217;, bu kez bale sanat\u00e7\u0131lar\u0131 Meray Kartal ve Melda \u00d6zkan&#8217;\u0131 a\u011f\u0131rlad\u0131. Moderat\u00f6rl\u00fc\u011f\u00fcn\u00fc Ezgi Ba\u011flan&#8217;\u0131n \u00fcstlendi\u011fi s\u00f6yle\u015fide, sanat\u00e7\u0131lar &#8216;Don Ki\u015fot&#8217; bale eseri \u00fczerine a\u00e7\u0131klamalarda bulundu. Seyircilerin yo\u011fun ilgisiyle kar\u015f\u0131lanan etkinlikte, bale sanat\u0131n\u0131n perde arkas\u0131na dair merak edilen detaylar, sanat\u00e7\u0131lar taraf\u0131ndan payla\u015f\u0131ld\u0131. &#8216;Don Ki\u015fot&#8217; eserinin sahnelemesine dair verilen k\u00fc\u00e7\u00fck ipu\u00e7lar\u0131 ise dinleyicilerin dikkatini \u00e7ekip, temsil \u00f6ncesinde farkl\u0131 bir bak\u0131\u015f a\u00e7\u0131s\u0131 kazand\u0131rd\u0131.<\/p>\n<p>Kaynak: www.kanalv.com.tr Haber Sitesinden Al\u0131nm\u0131\u015ft\u0131r.<\/p>","protected":false},"excerpt":{"rendered":"<p>Antalya Devlet Opera ve Balesi, 2024-2025 sanat sezonunun son bale temsillerinden &#8216;Don Ki\u015fot&#8217; bale eserini d\u00fcn ak\u015fam tekrar sahneledi. Miguel de Cervantes&#8217;in d\u00fcnya edebiyat\u0131na arma\u011fan etti\u011fi eserden esinlenen &#8216;Don Ki\u015fot&#8217; balesi, Marius Petipa&#8217;n\u0131n koreografisiyle 15-31 May\u0131s tarihlerinde saat 20.00&#8217;de Ha\u015fim \u0130\u015fcan K\u00fclt\u00fcr Merkezi Opera Sahnesi&#8217;nde tekrar sahnelenecek. M\u00fczikleri Ludwig Minkus taraf\u0131ndan bestelenen, orijinal koreografisi Marius Petipa&#8217;ya ait olan eser; Arma\u011fan Davran ve Ay\u015fe Fidanl\u0131k taraf\u0131ndan sahneye konuyor. Dekor tasar\u0131m\u0131 \u00d6zg\u00fcr Usta, kost\u00fcm tasar\u0131m\u0131 Serdar Ba\u015fbu\u011f, \u0131\u015f\u0131k tasar\u0131m\u0131 ise Mustafa Eski imzas\u0131 ta\u015f\u0131yor. Antalya Devlet Opera ve Balesi Orkestras\u0131&#8217;n\u0131 \u015eef Hakan Kalkan y\u00f6netirken, eserin ba\u015fkemanc\u0131s\u0131 Sibel Ayd\u0131n oldu. 15 May\u0131s Per\u015fembe ak\u015fam\u0131 tekrar sahnelenecek eserin ba\u015frollerinde; Don Ki\u015fot rol\u00fcnde Cenk T. \u015eahinalp, Sancho Panza rol\u00fcnde \u0130. Bo\u011fa\u00e7 \u00d6zbak\u0131r, Kitri rol\u00fcnde d\u00f6n\u00fc\u015f\u00fcml\u00fc olarak Riine Sasaki, Basilio rol\u00fcnde ise Ryuhei Ito, Gamache rol\u00fcnde Evren \u0130skender, Lorenzo rol\u00fcnde Umut \u00c7altekin, Mercedes rol\u00fcnde Sayaka Matsushita, Espada rol\u00fcnde Burak \u00d6zbek g\u00f6rev alacak. &#8216;FUAYE SOHBETLER\u0130&#8217; Ha\u015fim \u0130\u015fcan K\u00fclt\u00fcr Merkezi&#8217;nde ger\u00e7ekle\u015ftirilen temsil \u00f6ncesi etkinliklerden biri olan &#8216;Fuaye Sohbetleri&#8217;, bu kez bale sanat\u00e7\u0131lar\u0131 Meray Kartal ve Melda \u00d6zkan&#8217;\u0131 a\u011f\u0131rlad\u0131. Moderat\u00f6rl\u00fc\u011f\u00fcn\u00fc Ezgi Ba\u011flan&#8217;\u0131n \u00fcstlendi\u011fi s\u00f6yle\u015fide, sanat\u00e7\u0131lar &#8216;Don Ki\u015fot&#8217; bale eseri \u00fczerine a\u00e7\u0131klamalarda bulundu. Seyircilerin yo\u011fun ilgisiyle kar\u015f\u0131lanan etkinlikte, bale sanat\u0131n\u0131n perde arkas\u0131na dair merak edilen detaylar, sanat\u00e7\u0131lar taraf\u0131ndan payla\u015f\u0131ld\u0131. &#8216;Don &hellip;<\/p>","protected":false},"author":4,"featured_media":86341,"comment_status":"","ping_status":"open","sticky":false,"template":"","format":"standard","meta":{"_acf_changed":false,"footnotes":""},"categories":[26],"tags":[],"class_list":["post-86340","post","type-post","status-publish","format-standard","has-post-thumbnail","hentry","category-antalya"],"acf":[],"yoast_head":"<!-- This site is optimized with the Yoast SEO Premium plugin v26.6 (Yoast SEO v27.1.1) - https:\/\/yoast.com\/product\/yoast-seo-premium-wordpress\/ -->\n<title>Don Ki\u015fot tekrar sahnede - Av. Deniz Can K\u0131z\u0131l<\/title>\n<meta name=\"robots\" content=\"index, follow, max-snippet:-1, max-image-preview:large, max-video-preview:-1\" \/>\n<link rel=\"canonical\" href=\"http:\/\/denizcankizil.tr\/de\/haberler\/antalya\/don-kisot-tekrar-sahnede\/\" \/>\n<meta property=\"og:locale\" content=\"de_DE\" \/>\n<meta property=\"og:type\" content=\"article\" \/>\n<meta property=\"og:title\" content=\"Don Ki\u015fot tekrar sahnede\" \/>\n<meta property=\"og:description\" content=\"Antalya Devlet Opera ve Balesi, 2024-2025 sanat sezonunun son bale temsillerinden &#8216;Don Ki\u015fot&#8217; bale eserini d\u00fcn ak\u015fam tekrar sahneledi. Miguel de Cervantes&#8217;in d\u00fcnya edebiyat\u0131na arma\u011fan etti\u011fi eserden esinlenen &#8216;Don Ki\u015fot&#8217; balesi, Marius Petipa&#8217;n\u0131n koreografisiyle 15-31 May\u0131s tarihlerinde saat 20.00&#8217;de Ha\u015fim \u0130\u015fcan K\u00fclt\u00fcr Merkezi Opera Sahnesi&#8217;nde tekrar sahnelenecek. M\u00fczikleri Ludwig Minkus taraf\u0131ndan bestelenen, orijinal koreografisi Marius Petipa&#8217;ya ait olan eser; Arma\u011fan Davran ve Ay\u015fe Fidanl\u0131k taraf\u0131ndan sahneye konuyor. Dekor tasar\u0131m\u0131 \u00d6zg\u00fcr Usta, kost\u00fcm tasar\u0131m\u0131 Serdar Ba\u015fbu\u011f, \u0131\u015f\u0131k tasar\u0131m\u0131 ise Mustafa Eski imzas\u0131 ta\u015f\u0131yor. Antalya Devlet Opera ve Balesi Orkestras\u0131&#8217;n\u0131 \u015eef Hakan Kalkan y\u00f6netirken, eserin ba\u015fkemanc\u0131s\u0131 Sibel Ayd\u0131n oldu. 15 May\u0131s Per\u015fembe ak\u015fam\u0131 tekrar sahnelenecek eserin ba\u015frollerinde; Don Ki\u015fot rol\u00fcnde Cenk T. \u015eahinalp, Sancho Panza rol\u00fcnde \u0130. Bo\u011fa\u00e7 \u00d6zbak\u0131r, Kitri rol\u00fcnde d\u00f6n\u00fc\u015f\u00fcml\u00fc olarak Riine Sasaki, Basilio rol\u00fcnde ise Ryuhei Ito, Gamache rol\u00fcnde Evren \u0130skender, Lorenzo rol\u00fcnde Umut \u00c7altekin, Mercedes rol\u00fcnde Sayaka Matsushita, Espada rol\u00fcnde Burak \u00d6zbek g\u00f6rev alacak. &#8216;FUAYE SOHBETLER\u0130&#8217; Ha\u015fim \u0130\u015fcan K\u00fclt\u00fcr Merkezi&#8217;nde ger\u00e7ekle\u015ftirilen temsil \u00f6ncesi etkinliklerden biri olan &#8216;Fuaye Sohbetleri&#8217;, bu kez bale sanat\u00e7\u0131lar\u0131 Meray Kartal ve Melda \u00d6zkan&#8217;\u0131 a\u011f\u0131rlad\u0131. Moderat\u00f6rl\u00fc\u011f\u00fcn\u00fc Ezgi Ba\u011flan&#8217;\u0131n \u00fcstlendi\u011fi s\u00f6yle\u015fide, sanat\u00e7\u0131lar &#8216;Don Ki\u015fot&#8217; bale eseri \u00fczerine a\u00e7\u0131klamalarda bulundu. Seyircilerin yo\u011fun ilgisiyle kar\u015f\u0131lanan etkinlikte, bale sanat\u0131n\u0131n perde arkas\u0131na dair merak edilen detaylar, sanat\u00e7\u0131lar taraf\u0131ndan payla\u015f\u0131ld\u0131. &#8216;Don &hellip;\" \/>\n<meta property=\"og:url\" content=\"http:\/\/denizcankizil.tr\/de\/haberler\/antalya\/don-kisot-tekrar-sahnede\/\" \/>\n<meta property=\"og:site_name\" content=\"Av. Deniz Can K\u0131z\u0131l\" \/>\n<meta property=\"article:published_time\" content=\"2025-05-14T12:42:06+00:00\" \/>\n<meta property=\"og:image\" content=\"http:\/\/denizcankizil.tr\/wp-content\/uploads\/2025\/05\/6325-01-hJgroV.jpg\" \/>\n\t<meta property=\"og:image:width\" content=\"1280\" \/>\n\t<meta property=\"og:image:height\" content=\"720\" \/>\n\t<meta property=\"og:image:type\" content=\"image\/jpeg\" \/>\n<meta name=\"author\" content=\"Av. Deniz Can K\u0131z\u0131l\" \/>\n<meta name=\"twitter:card\" content=\"summary_large_image\" \/>\n<meta name=\"twitter:label1\" content=\"Verfasst von\" \/>\n\t<meta name=\"twitter:data1\" content=\"Av. Deniz Can K\u0131z\u0131l\" \/>\n\t<meta name=\"twitter:label2\" content=\"Gesch\u00e4tzte Lesezeit\" \/>\n\t<meta name=\"twitter:data2\" content=\"2\u00a0Minuten\" \/>\n<script type=\"application\/ld+json\" class=\"yoast-schema-graph\">{\"@context\":\"https:\/\/schema.org\",\"@graph\":[{\"@type\":\"Article\",\"@id\":\"http:\/\/denizcankizil.tr\/de\/haberler\/antalya\/don-kisot-tekrar-sahnede\/#article\",\"isPartOf\":{\"@id\":\"http:\/\/denizcankizil.tr\/de\/haberler\/antalya\/don-kisot-tekrar-sahnede\/\"},\"author\":{\"name\":\"Av. Deniz Can K\u0131z\u0131l\",\"@id\":\"https:\/\/denizcankizil.tr\/#\/schema\/person\/5dc1b22991bd7ac833867c10afc9b0ff\"},\"headline\":\"Don Ki\u015fot tekrar sahnede\",\"datePublished\":\"2025-05-14T12:42:06+00:00\",\"mainEntityOfPage\":{\"@id\":\"http:\/\/denizcankizil.tr\/de\/haberler\/antalya\/don-kisot-tekrar-sahnede\/\"},\"wordCount\":316,\"publisher\":{\"@id\":\"https:\/\/denizcankizil.tr\/#organization\"},\"image\":{\"@id\":\"http:\/\/denizcankizil.tr\/de\/haberler\/antalya\/don-kisot-tekrar-sahnede\/#primaryimage\"},\"thumbnailUrl\":\"http:\/\/denizcankizil.tr\/wp-content\/uploads\/2025\/05\/6325-01-hJgroV.jpg\",\"articleSection\":[\"Antalya\"],\"inLanguage\":\"de\"},{\"@type\":\"WebPage\",\"@id\":\"http:\/\/denizcankizil.tr\/de\/haberler\/antalya\/don-kisot-tekrar-sahnede\/\",\"url\":\"http:\/\/denizcankizil.tr\/de\/haberler\/antalya\/don-kisot-tekrar-sahnede\/\",\"name\":\"Don Ki\u015fot tekrar sahnede - Av. Deniz Can K\u0131z\u0131l\",\"isPartOf\":{\"@id\":\"https:\/\/denizcankizil.tr\/#website\"},\"primaryImageOfPage\":{\"@id\":\"http:\/\/denizcankizil.tr\/de\/haberler\/antalya\/don-kisot-tekrar-sahnede\/#primaryimage\"},\"image\":{\"@id\":\"http:\/\/denizcankizil.tr\/de\/haberler\/antalya\/don-kisot-tekrar-sahnede\/#primaryimage\"},\"thumbnailUrl\":\"http:\/\/denizcankizil.tr\/wp-content\/uploads\/2025\/05\/6325-01-hJgroV.jpg\",\"datePublished\":\"2025-05-14T12:42:06+00:00\",\"breadcrumb\":{\"@id\":\"http:\/\/denizcankizil.tr\/de\/haberler\/antalya\/don-kisot-tekrar-sahnede\/#breadcrumb\"},\"inLanguage\":\"de\",\"potentialAction\":[{\"@type\":\"ReadAction\",\"target\":[\"http:\/\/denizcankizil.tr\/de\/haberler\/antalya\/don-kisot-tekrar-sahnede\/\"]}]},{\"@type\":\"ImageObject\",\"inLanguage\":\"de\",\"@id\":\"http:\/\/denizcankizil.tr\/de\/haberler\/antalya\/don-kisot-tekrar-sahnede\/#primaryimage\",\"url\":\"http:\/\/denizcankizil.tr\/wp-content\/uploads\/2025\/05\/6325-01-hJgroV.jpg\",\"contentUrl\":\"http:\/\/denizcankizil.tr\/wp-content\/uploads\/2025\/05\/6325-01-hJgroV.jpg\",\"width\":1280,\"height\":720},{\"@type\":\"BreadcrumbList\",\"@id\":\"http:\/\/denizcankizil.tr\/de\/haberler\/antalya\/don-kisot-tekrar-sahnede\/#breadcrumb\",\"itemListElement\":[{\"@type\":\"ListItem\",\"position\":1,\"name\":\"Home\",\"item\":\"https:\/\/denizcankizil.tr\/de\/\"},{\"@type\":\"ListItem\",\"position\":2,\"name\":\"Don Ki\u015fot tekrar sahnede\"}]},{\"@type\":\"WebSite\",\"@id\":\"https:\/\/denizcankizil.tr\/#website\",\"url\":\"https:\/\/denizcankizil.tr\/\",\"name\":\"Av. Deniz Can K\u0131z\u0131l\",\"description\":\"Avukat Deniz Can K\u0131z\u0131l Antalya Barosu\",\"publisher\":{\"@id\":\"https:\/\/denizcankizil.tr\/#organization\"},\"potentialAction\":[{\"@type\":\"SearchAction\",\"target\":{\"@type\":\"EntryPoint\",\"urlTemplate\":\"https:\/\/denizcankizil.tr\/?s={search_term_string}\"},\"query-input\":{\"@type\":\"PropertyValueSpecification\",\"valueRequired\":true,\"valueName\":\"search_term_string\"}}],\"inLanguage\":\"de\"},{\"@type\":\"Organization\",\"@id\":\"https:\/\/denizcankizil.tr\/#organization\",\"name\":\"Av. Deniz Can K\u0131z\u0131l\",\"url\":\"https:\/\/denizcankizil.tr\/\",\"logo\":{\"@type\":\"ImageObject\",\"inLanguage\":\"de\",\"@id\":\"https:\/\/denizcankizil.tr\/#\/schema\/logo\/image\/\",\"url\":\"http:\/\/denizcankizil.tr\/wp-content\/uploads\/2024\/10\/siyah-logo-svg.svg\",\"contentUrl\":\"http:\/\/denizcankizil.tr\/wp-content\/uploads\/2024\/10\/siyah-logo-svg.svg\",\"width\":1080,\"height\":1080,\"caption\":\"Av. Deniz Can K\u0131z\u0131l\"},\"image\":{\"@id\":\"https:\/\/denizcankizil.tr\/#\/schema\/logo\/image\/\"}},{\"@type\":\"Person\",\"@id\":\"https:\/\/denizcankizil.tr\/#\/schema\/person\/5dc1b22991bd7ac833867c10afc9b0ff\",\"name\":\"Av. Deniz Can K\u0131z\u0131l\",\"image\":{\"@type\":\"ImageObject\",\"inLanguage\":\"de\",\"@id\":\"https:\/\/denizcankizil.tr\/#\/schema\/person\/image\/\",\"url\":\"https:\/\/secure.gravatar.com\/avatar\/a0b128fb9855c79efc976d5640eedb31dc35ec297594d6016d2cf7c60e975bb6?s=96&d=mm&r=g\",\"contentUrl\":\"https:\/\/secure.gravatar.com\/avatar\/a0b128fb9855c79efc976d5640eedb31dc35ec297594d6016d2cf7c60e975bb6?s=96&d=mm&r=g\",\"caption\":\"Av. Deniz Can K\u0131z\u0131l\"},\"sameAs\":[\"http:\/\/www.denizcankizil.tr\"],\"url\":\"http:\/\/denizcankizil.tr\/de\/author\/denizcankizil\/\"}]}<\/script>\n<!-- \/ Yoast SEO Premium plugin. -->","yoast_head_json":{"title":"Don Ki\u015fot tekrar sahnede - Av. Deniz Can K\u0131z\u0131l","robots":{"index":"index","follow":"follow","max-snippet":"max-snippet:-1","max-image-preview":"max-image-preview:large","max-video-preview":"max-video-preview:-1"},"canonical":"http:\/\/denizcankizil.tr\/de\/haberler\/antalya\/don-kisot-tekrar-sahnede\/","og_locale":"de_DE","og_type":"article","og_title":"Don Ki\u015fot tekrar sahnede","og_description":"Antalya Devlet Opera ve Balesi, 2024-2025 sanat sezonunun son bale temsillerinden &#8216;Don Ki\u015fot&#8217; bale eserini d\u00fcn ak\u015fam tekrar sahneledi. Miguel de Cervantes&#8217;in d\u00fcnya edebiyat\u0131na arma\u011fan etti\u011fi eserden esinlenen &#8216;Don Ki\u015fot&#8217; balesi, Marius Petipa&#8217;n\u0131n koreografisiyle 15-31 May\u0131s tarihlerinde saat 20.00&#8217;de Ha\u015fim \u0130\u015fcan K\u00fclt\u00fcr Merkezi Opera Sahnesi&#8217;nde tekrar sahnelenecek. M\u00fczikleri Ludwig Minkus taraf\u0131ndan bestelenen, orijinal koreografisi Marius Petipa&#8217;ya ait olan eser; Arma\u011fan Davran ve Ay\u015fe Fidanl\u0131k taraf\u0131ndan sahneye konuyor. Dekor tasar\u0131m\u0131 \u00d6zg\u00fcr Usta, kost\u00fcm tasar\u0131m\u0131 Serdar Ba\u015fbu\u011f, \u0131\u015f\u0131k tasar\u0131m\u0131 ise Mustafa Eski imzas\u0131 ta\u015f\u0131yor. Antalya Devlet Opera ve Balesi Orkestras\u0131&#8217;n\u0131 \u015eef Hakan Kalkan y\u00f6netirken, eserin ba\u015fkemanc\u0131s\u0131 Sibel Ayd\u0131n oldu. 15 May\u0131s Per\u015fembe ak\u015fam\u0131 tekrar sahnelenecek eserin ba\u015frollerinde; Don Ki\u015fot rol\u00fcnde Cenk T. \u015eahinalp, Sancho Panza rol\u00fcnde \u0130. Bo\u011fa\u00e7 \u00d6zbak\u0131r, Kitri rol\u00fcnde d\u00f6n\u00fc\u015f\u00fcml\u00fc olarak Riine Sasaki, Basilio rol\u00fcnde ise Ryuhei Ito, Gamache rol\u00fcnde Evren \u0130skender, Lorenzo rol\u00fcnde Umut \u00c7altekin, Mercedes rol\u00fcnde Sayaka Matsushita, Espada rol\u00fcnde Burak \u00d6zbek g\u00f6rev alacak. &#8216;FUAYE SOHBETLER\u0130&#8217; Ha\u015fim \u0130\u015fcan K\u00fclt\u00fcr Merkezi&#8217;nde ger\u00e7ekle\u015ftirilen temsil \u00f6ncesi etkinliklerden biri olan &#8216;Fuaye Sohbetleri&#8217;, bu kez bale sanat\u00e7\u0131lar\u0131 Meray Kartal ve Melda \u00d6zkan&#8217;\u0131 a\u011f\u0131rlad\u0131. Moderat\u00f6rl\u00fc\u011f\u00fcn\u00fc Ezgi Ba\u011flan&#8217;\u0131n \u00fcstlendi\u011fi s\u00f6yle\u015fide, sanat\u00e7\u0131lar &#8216;Don Ki\u015fot&#8217; bale eseri \u00fczerine a\u00e7\u0131klamalarda bulundu. Seyircilerin yo\u011fun ilgisiyle kar\u015f\u0131lanan etkinlikte, bale sanat\u0131n\u0131n perde arkas\u0131na dair merak edilen detaylar, sanat\u00e7\u0131lar taraf\u0131ndan payla\u015f\u0131ld\u0131. &#8216;Don &hellip;","og_url":"http:\/\/denizcankizil.tr\/de\/haberler\/antalya\/don-kisot-tekrar-sahnede\/","og_site_name":"Av. Deniz Can K\u0131z\u0131l","article_published_time":"2025-05-14T12:42:06+00:00","og_image":[{"width":1280,"height":720,"url":"http:\/\/denizcankizil.tr\/wp-content\/uploads\/2025\/05\/6325-01-hJgroV.jpg","type":"image\/jpeg"}],"author":"Av. Deniz Can K\u0131z\u0131l","twitter_card":"summary_large_image","twitter_misc":{"Verfasst von":"Av. Deniz Can K\u0131z\u0131l","Gesch\u00e4tzte Lesezeit":"2\u00a0Minuten"},"schema":{"@context":"https:\/\/schema.org","@graph":[{"@type":"Article","@id":"http:\/\/denizcankizil.tr\/de\/haberler\/antalya\/don-kisot-tekrar-sahnede\/#article","isPartOf":{"@id":"http:\/\/denizcankizil.tr\/de\/haberler\/antalya\/don-kisot-tekrar-sahnede\/"},"author":{"name":"Av. Deniz Can K\u0131z\u0131l","@id":"https:\/\/denizcankizil.tr\/#\/schema\/person\/5dc1b22991bd7ac833867c10afc9b0ff"},"headline":"Don Ki\u015fot tekrar sahnede","datePublished":"2025-05-14T12:42:06+00:00","mainEntityOfPage":{"@id":"http:\/\/denizcankizil.tr\/de\/haberler\/antalya\/don-kisot-tekrar-sahnede\/"},"wordCount":316,"publisher":{"@id":"https:\/\/denizcankizil.tr\/#organization"},"image":{"@id":"http:\/\/denizcankizil.tr\/de\/haberler\/antalya\/don-kisot-tekrar-sahnede\/#primaryimage"},"thumbnailUrl":"http:\/\/denizcankizil.tr\/wp-content\/uploads\/2025\/05\/6325-01-hJgroV.jpg","articleSection":["Antalya"],"inLanguage":"de"},{"@type":"WebPage","@id":"http:\/\/denizcankizil.tr\/de\/haberler\/antalya\/don-kisot-tekrar-sahnede\/","url":"http:\/\/denizcankizil.tr\/de\/haberler\/antalya\/don-kisot-tekrar-sahnede\/","name":"Don Ki\u015fot tekrar sahnede - Av. Deniz Can K\u0131z\u0131l","isPartOf":{"@id":"https:\/\/denizcankizil.tr\/#website"},"primaryImageOfPage":{"@id":"http:\/\/denizcankizil.tr\/de\/haberler\/antalya\/don-kisot-tekrar-sahnede\/#primaryimage"},"image":{"@id":"http:\/\/denizcankizil.tr\/de\/haberler\/antalya\/don-kisot-tekrar-sahnede\/#primaryimage"},"thumbnailUrl":"http:\/\/denizcankizil.tr\/wp-content\/uploads\/2025\/05\/6325-01-hJgroV.jpg","datePublished":"2025-05-14T12:42:06+00:00","breadcrumb":{"@id":"http:\/\/denizcankizil.tr\/de\/haberler\/antalya\/don-kisot-tekrar-sahnede\/#breadcrumb"},"inLanguage":"de","potentialAction":[{"@type":"ReadAction","target":["http:\/\/denizcankizil.tr\/de\/haberler\/antalya\/don-kisot-tekrar-sahnede\/"]}]},{"@type":"ImageObject","inLanguage":"de","@id":"http:\/\/denizcankizil.tr\/de\/haberler\/antalya\/don-kisot-tekrar-sahnede\/#primaryimage","url":"http:\/\/denizcankizil.tr\/wp-content\/uploads\/2025\/05\/6325-01-hJgroV.jpg","contentUrl":"http:\/\/denizcankizil.tr\/wp-content\/uploads\/2025\/05\/6325-01-hJgroV.jpg","width":1280,"height":720},{"@type":"BreadcrumbList","@id":"http:\/\/denizcankizil.tr\/de\/haberler\/antalya\/don-kisot-tekrar-sahnede\/#breadcrumb","itemListElement":[{"@type":"ListItem","position":1,"name":"Home","item":"https:\/\/denizcankizil.tr\/de\/"},{"@type":"ListItem","position":2,"name":"Don Ki\u015fot tekrar sahnede"}]},{"@type":"WebSite","@id":"https:\/\/denizcankizil.tr\/#website","url":"https:\/\/denizcankizil.tr\/","name":"Av. Deniz Can K\u0131z\u0131l","description":"Avukat Deniz Can K\u0131z\u0131l Antalya Barosu","publisher":{"@id":"https:\/\/denizcankizil.tr\/#organization"},"potentialAction":[{"@type":"SearchAction","target":{"@type":"EntryPoint","urlTemplate":"https:\/\/denizcankizil.tr\/?s={search_term_string}"},"query-input":{"@type":"PropertyValueSpecification","valueRequired":true,"valueName":"search_term_string"}}],"inLanguage":"de"},{"@type":"Organization","@id":"https:\/\/denizcankizil.tr\/#organization","name":"Av. Deniz Can K\u0131z\u0131l","url":"https:\/\/denizcankizil.tr\/","logo":{"@type":"ImageObject","inLanguage":"de","@id":"https:\/\/denizcankizil.tr\/#\/schema\/logo\/image\/","url":"http:\/\/denizcankizil.tr\/wp-content\/uploads\/2024\/10\/siyah-logo-svg.svg","contentUrl":"http:\/\/denizcankizil.tr\/wp-content\/uploads\/2024\/10\/siyah-logo-svg.svg","width":1080,"height":1080,"caption":"Av. Deniz Can K\u0131z\u0131l"},"image":{"@id":"https:\/\/denizcankizil.tr\/#\/schema\/logo\/image\/"}},{"@type":"Person","@id":"https:\/\/denizcankizil.tr\/#\/schema\/person\/5dc1b22991bd7ac833867c10afc9b0ff","name":"Av. Deniz Can K\u0131z\u0131l","image":{"@type":"ImageObject","inLanguage":"de","@id":"https:\/\/denizcankizil.tr\/#\/schema\/person\/image\/","url":"https:\/\/secure.gravatar.com\/avatar\/a0b128fb9855c79efc976d5640eedb31dc35ec297594d6016d2cf7c60e975bb6?s=96&d=mm&r=g","contentUrl":"https:\/\/secure.gravatar.com\/avatar\/a0b128fb9855c79efc976d5640eedb31dc35ec297594d6016d2cf7c60e975bb6?s=96&d=mm&r=g","caption":"Av. Deniz Can K\u0131z\u0131l"},"sameAs":["http:\/\/www.denizcankizil.tr"],"url":"http:\/\/denizcankizil.tr\/de\/author\/denizcankizil\/"}]}},"_links":{"self":[{"href":"http:\/\/denizcankizil.tr\/de\/wp-json\/wp\/v2\/posts\/86340","targetHints":{"allow":["GET"]}}],"collection":[{"href":"http:\/\/denizcankizil.tr\/de\/wp-json\/wp\/v2\/posts"}],"about":[{"href":"http:\/\/denizcankizil.tr\/de\/wp-json\/wp\/v2\/types\/post"}],"author":[{"embeddable":true,"href":"http:\/\/denizcankizil.tr\/de\/wp-json\/wp\/v2\/users\/4"}],"replies":[{"embeddable":true,"href":"http:\/\/denizcankizil.tr\/de\/wp-json\/wp\/v2\/comments?post=86340"}],"version-history":[{"count":0,"href":"http:\/\/denizcankizil.tr\/de\/wp-json\/wp\/v2\/posts\/86340\/revisions"}],"wp:featuredmedia":[{"embeddable":true,"href":"http:\/\/denizcankizil.tr\/de\/wp-json\/wp\/v2\/media\/86341"}],"wp:attachment":[{"href":"http:\/\/denizcankizil.tr\/de\/wp-json\/wp\/v2\/media?parent=86340"}],"wp:term":[{"taxonomy":"category","embeddable":true,"href":"http:\/\/denizcankizil.tr\/de\/wp-json\/wp\/v2\/categories?post=86340"},{"taxonomy":"post_tag","embeddable":true,"href":"http:\/\/denizcankizil.tr\/de\/wp-json\/wp\/v2\/tags?post=86340"}],"curies":[{"name":"wp","href":"https:\/\/api.w.org\/{rel}","templated":true}]}}